{"id":10112,"date":"2021-09-12T00:22:46","date_gmt":"2021-09-11T23:22:46","guid":{"rendered":"https:\/\/elcotarro.com\/?p=10112"},"modified":"2021-09-12T00:32:36","modified_gmt":"2021-09-11T23:32:36","slug":"el-cotarro-no366-del-domingo-12-09-2021","status":"publish","type":"post","link":"https:\/\/elcotarro.com\/?p=10112","title":{"rendered":"\u00abEL COTARRO\u00bb N\u00ba366, DEL DOMINGO, 12\/09\/2021"},"content":{"rendered":"<blockquote><p><span style=\"color: #ff0000\"><strong>\u201cEL COTARRO\u201d N\u00ba366 DEL 12 DE SEPTIEMBRE DE 2021<\/strong><\/span><\/p><\/blockquote>\n<p>&nbsp;<\/p>\n<p><em>Por <strong>Jos\u00e9 Carlos Marrero *<\/strong><\/em><\/p>\n<p>&nbsp;<\/p>\n<p><span style=\"color: #0000ff\"><strong>EL CURSO POL\u00cdTICO SE ABRE DESPU\u00c9S DEL CRISTO<\/strong><\/span><\/p>\n<ul>\n<li>Todo el mundo sabe que, por estos andurriales canarios el nuevo \u201ccurso pol\u00edtico\u201d 2021-2022 comenzar\u00e1 \u201crealmente\u201d despu\u00e9s de la fiesta del <strong>Sant\u00edsimo Cristo de La Laguna<\/strong>, que celebraremos pasado ma\u00f1ana, 14 de septiembre. Se dice que el \u201cenrame\u201d se hace en Gran Canaria, cada 8 de septiembre, durante la fiesta de la <strong>Virgen del Pino<\/strong>, donde este a\u00f1o el presidente canario <strong>\u00c1ngel V\u00edctor Torres<\/strong> ostent\u00f3 la representaci\u00f3n de <strong>M. El Rey Felipe VI<\/strong>. Pero ser\u00e1 este pr\u00f3ximo martes, en La Laguna, donde se d\u00e9 el verdadero \u201cpistoletazo de salida\u201d tras los actos en los que, en este caso, ser\u00e1 el teniente general <strong>Carlos Palacios Zaforteza<\/strong>, jefe del Mando de Canarias, ostente la representaci\u00f3n de la Casa Real, con unos honores excesivamente restringidos por, creo yo, una mezquina visi\u00f3n de las medidas anti COVID por parte de los responsables del ayuntamiento lagunero que lidera <strong>Luis Yeray Guti\u00e9rrez<\/strong> como alcalde. En esos actos es donde empiezan los corrillos y los dimes y diretes.<\/li>\n<\/ul>\n<p><a href=\"https:\/\/elcotarro.com\/wp-content\/uploads\/2021\/09\/FOTO-1.-OFRENDA-AL-CRISTO.jpeg\"><img loading=\"lazy\" decoding=\"async\" class=\"size-full wp-image-10113 aligncenter\" src=\"https:\/\/elcotarro.com\/wp-content\/uploads\/2021\/09\/FOTO-1.-OFRENDA-AL-CRISTO.jpeg\" alt=\"\" width=\"2048\" height=\"1536\" srcset=\"https:\/\/elcotarro.com\/wp-content\/uploads\/2021\/09\/FOTO-1.-OFRENDA-AL-CRISTO.jpeg 2048w, https:\/\/elcotarro.com\/wp-content\/uploads\/2021\/09\/FOTO-1.-OFRENDA-AL-CRISTO-300x225.jpeg 300w, https:\/\/elcotarro.com\/wp-content\/uploads\/2021\/09\/FOTO-1.-OFRENDA-AL-CRISTO-1024x768.jpeg 1024w, https:\/\/elcotarro.com\/wp-content\/uploads\/2021\/09\/FOTO-1.-OFRENDA-AL-CRISTO-768x576.jpeg 768w, https:\/\/elcotarro.com\/wp-content\/uploads\/2021\/09\/FOTO-1.-OFRENDA-AL-CRISTO-1536x1152.jpeg 1536w\" sizes=\"auto, (max-width: 2048px) 100vw, 2048px\" \/><\/a><\/p>\n<p style=\"text-align: center\"><em>Foto 1.- El C.B. Canarias s\u00ed respet\u00f3 la tradici\u00f3n y los capitanes hicieron su ofrenda anual ante el Cristo de La laguna al comenzar la temporada.<\/em><\/p>\n<p>&nbsp;<\/p>\n<p><span style=\"color: #0000ff\"><strong>ENCUESTAS RODANDO DESDE EL 1 DE SEPTIEMBRE<\/strong><\/span><\/p>\n<ul>\n<li>Pero desde el d\u00eda 1 de septiembre vienen rodando varias encuestas o sondeos de opini\u00f3n, en los que, seg\u00fan quien sea el que te hable de ellos, se vislumbran distintos escenarios de futuro, alguno de ellos bastante sombr\u00edo, para seg\u00fan que formaci\u00f3n pol\u00edtica. Con ellos, el propio <strong>\u00c1ngel V\u00edctor Torres<\/strong> (PSOE), <strong>Fernando Clavijo<\/strong> (CC), <strong>Mar\u00eda Australia Navarro<\/strong> (PP), <strong>Rom\u00e1n Rodr\u00edguez<\/strong> (NC), <strong>Laura Fuentes<\/strong> (Podemos) o <strong>Casimiro Curbelo<\/strong> (SGG) ya est\u00e1n realizando un nuevo curso de \u201caritm\u00e9tica b\u00e1sica\u201d para prevenir posibles debacles, tropicales tormentas pol\u00edticas y trompetazos varios, de cara a las pr\u00f3ximas elecciones generales, auton\u00f3micas y locales. Algunas de las cuales, por cierto, podr\u00edan adelantarse al pr\u00f3ximo 2022\u2026 Y ten piedad. Un veterano y reconocido restaurante de cocina canaria en la capital tinerfe\u00f1a, ya fue testigo de una de estas reuniones de an\u00e1lisis, reflexi\u00f3n y debate.<\/li>\n<\/ul>\n<p><a href=\"https:\/\/elcotarro.com\/wp-content\/uploads\/2021\/09\/FOTO-2.-JUNTOS-Y-REVUELTOS.jpg\"><img loading=\"lazy\" decoding=\"async\" class=\"size-full wp-image-10114 aligncenter\" src=\"https:\/\/elcotarro.com\/wp-content\/uploads\/2021\/09\/FOTO-2.-JUNTOS-Y-REVUELTOS.jpg\" alt=\"\" width=\"660\" height=\"340\" srcset=\"https:\/\/elcotarro.com\/wp-content\/uploads\/2021\/09\/FOTO-2.-JUNTOS-Y-REVUELTOS.jpg 660w, https:\/\/elcotarro.com\/wp-content\/uploads\/2021\/09\/FOTO-2.-JUNTOS-Y-REVUELTOS-300x155.jpg 300w\" sizes=\"auto, (max-width: 660px) 100vw, 660px\" \/><\/a><\/p>\n<p style=\"text-align: center\"><em>Foto 2.- Delante, de izquierda a derecha: Rom\u00e1n Rodr\u00edguez, \u00c1ngel V\u00edctor Torres y Australia Navarro. Los distintos partidos tendr\u00e1n que entenderse.<\/em><\/p>\n<p>&nbsp;<\/p>\n<p><span style=\"color: #0000ff\"><strong>REILUSIONAR A UN FRUSTRADO Y HARTO VOTANTE<\/strong><\/span><\/p>\n<ul>\n<li>En el \u201cenrame\u201d de Teror ya se estuvieron barajando datos de una encuesta o estudio que, por lo que se ve, est\u00e1 haciendo que m\u00e1s de un pol\u00edtico (nacionalista, en este caso) vea la necesidad real de hacer autocr\u00edtica, de \u201cbajarse del burro\u201d y de dejar a un lado sus humanas vanidades y sus soberbias pol\u00edticas. Y es que <strong>Fernando Clavijo, Rom\u00e1n Rodr\u00edguez<\/strong> o <strong>Casimiro Curbelo<\/strong>, por ejemplo, ya se est\u00e1n dando cuenta de que el 2023 est\u00e1 a la vuelta de la esquina y que despu\u00e9s de ese a\u00f1o, en principio, hay m\u00e1s vida. Claro que la vida en el Gobierno es m\u00e1s c\u00e1lida y agradable, que la triste y fr\u00eda vida de la Oposici\u00f3n. Y se est\u00e1n dando cuenta (porque les llegan mensajes y peticiones por muchos lados) de que hay que reaccionar y que, la reacci\u00f3n, no puede producirse a tres meses de una confrontaci\u00f3n electoral. Hace falta m\u00e1s tiempo para llegar, convencer y reilusionar a un cansado y frustrado electorado.<\/li>\n<\/ul>\n<p><a href=\"https:\/\/elcotarro.com\/wp-content\/uploads\/2021\/09\/FOTO-3.-ROMAN-Y-FERNANDO.jpg\"><img loading=\"lazy\" decoding=\"async\" class=\"size-full wp-image-10115 aligncenter\" src=\"https:\/\/elcotarro.com\/wp-content\/uploads\/2021\/09\/FOTO-3.-ROMAN-Y-FERNANDO.jpg\" alt=\"\" width=\"980\" height=\"597\" srcset=\"https:\/\/elcotarro.com\/wp-content\/uploads\/2021\/09\/FOTO-3.-ROMAN-Y-FERNANDO.jpg 980w, https:\/\/elcotarro.com\/wp-content\/uploads\/2021\/09\/FOTO-3.-ROMAN-Y-FERNANDO-300x183.jpg 300w, https:\/\/elcotarro.com\/wp-content\/uploads\/2021\/09\/FOTO-3.-ROMAN-Y-FERNANDO-768x468.jpg 768w\" sizes=\"auto, (max-width: 980px) 100vw, 980px\" \/><\/a><\/p>\n<p style=\"text-align: center\"><em>Foto 3.- Fernando Clavijo y Rom\u00e1n Rodr\u00edguez. Si antes se entend\u00edan, \u00bfpor qu\u00e9 no ahora?<\/em><\/p>\n<p>&nbsp;<\/p>\n<p><span style=\"color: #0000ff\"><strong>TRES DATOS PARA UN POSIBLE ACERCAMIENTO<\/strong><\/span><\/p>\n<ul>\n<li>Tres datos, tres, son los que, al parecer, est\u00e1n removiendo las cabezas (y conciencias) de los susodichos. Por un lado, est\u00e1 el claro desgaste del presidente <strong>Pedro S\u00e1nchez<\/strong> en La Moncloa, con la factura de electricidad por las nubes, la inmigraci\u00f3n (especialmente en Canarias) y lo que te rondar\u00e9 morena, que afectar\u00eda al PSOE en Canarias, con <strong>\u00c1ngel V\u00edctor<\/strong> <strong>Torres<\/strong> al frente. Por otro lado, estar\u00eda la llamada \u201cola del PP\u201d que apunta a que, si no entrenan m\u00e1s para seguir metiendo la pata, podr\u00edan alcanzar una importante subida, que tambi\u00e9n se reflejar\u00eda en Canarias. Y por un tercer lado, una previsible bajada de Podemos junto con la desaparici\u00f3n de Ciudadanos y un posible ascenso de VOX en Canarias (ya se habla de un diputado por la provincia de Santa Cruz de Tenerife y otro por la de Las Palmas, por lo menos) llevar\u00edan a que las sumas de posibles nuevas mayor\u00edas, ser\u00edan tantas como curiosas y divertidas. Estos datos ya estar\u00edan acercando a personas y partidos.<\/li>\n<\/ul>\n<p><a href=\"https:\/\/elcotarro.com\/wp-content\/uploads\/2021\/09\/FOTO-4.-PACTO-DE-LAS-FLORES.jpg\"><img loading=\"lazy\" decoding=\"async\" class=\"size-full wp-image-10116 aligncenter\" src=\"https:\/\/elcotarro.com\/wp-content\/uploads\/2021\/09\/FOTO-4.-PACTO-DE-LAS-FLORES.jpg\" alt=\"\" width=\"505\" height=\"337\" srcset=\"https:\/\/elcotarro.com\/wp-content\/uploads\/2021\/09\/FOTO-4.-PACTO-DE-LAS-FLORES.jpg 505w, https:\/\/elcotarro.com\/wp-content\/uploads\/2021\/09\/FOTO-4.-PACTO-DE-LAS-FLORES-300x200.jpg 300w\" sizes=\"auto, (max-width: 505px) 100vw, 505px\" \/><\/a><\/p>\n<p style=\"text-align: center\"><em>Foto 4.- De izquierda a derecha: Noem\u00ed Santana, \u00c1ngel V\u00edctor Torres, Rom\u00e1n Rodr\u00edguez y Casimiro Curbelo, tras la firma del <\/em><em>\u201cPacto de las flores\u201d cuya reedici\u00f3n el a\u00f1o 2023 no estar\u00eda nada clara.<\/em><\/p>\n<p>&nbsp;<\/p>\n<p><span style=\"color: #0000ff\"><strong>HUMILDAD, GENEROSIDAD Y SENTIDO COM\u00daN<\/strong><\/span><\/p>\n<ul>\n<li>Lo que falta ahora, sin duda, es dejar las vanidades, soberbias y piques personales a un lado. Es imperiosamente necesario, ahora m\u00e1s que nunca, poner sobre la mesa del di\u00e1logo una \u201cvisi\u00f3n de estado\u201d con la realidad y las necesidades de Canarias por bandera, con humildad, generosidad y sentido com\u00fan. Pero bien es verdad que <strong>Benjamin Franklin<\/strong> ya dijo que <em>\u201cel sentido com\u00fan es algo que todo el mundo necesita, pocos tienen y ninguno piensa que le falta\u201d<\/em>. Y el fil\u00f3sofo japon\u00e9s <strong>Yorimoto Tashi<\/strong>, uno de los mayores estadistas que ha tenido Jap\u00f3n, dijo que <em>\u201cel sentido com\u00fan es el arte de resolver los problemas, no de plantearlos o mantenerlos\u201d<\/em>. A ver si algunos de nuestros pol\u00edticos canarios dejan a un lado la \u201cfalta de ignorancia\u201d y cogen recortes de estas dos sabias sentencias. Am\u00e9n.<\/li>\n<\/ul>\n<p><a href=\"https:\/\/elcotarro.com\/wp-content\/uploads\/2021\/09\/FOTO-5.-FRANKLIN.jpg\"><img loading=\"lazy\" decoding=\"async\" class=\"size-full wp-image-10117 aligncenter\" src=\"https:\/\/elcotarro.com\/wp-content\/uploads\/2021\/09\/FOTO-5.-FRANKLIN.jpg\" alt=\"\" width=\"1024\" height=\"576\" srcset=\"https:\/\/elcotarro.com\/wp-content\/uploads\/2021\/09\/FOTO-5.-FRANKLIN.jpg 1024w, https:\/\/elcotarro.com\/wp-content\/uploads\/2021\/09\/FOTO-5.-FRANKLIN-300x169.jpg 300w, https:\/\/elcotarro.com\/wp-content\/uploads\/2021\/09\/FOTO-5.-FRANKLIN-768x432.jpg 768w\" sizes=\"auto, (max-width: 1024px) 100vw, 1024px\" \/><\/a><\/p>\n<p style=\"text-align: center\"><em>Foto 5.- Benjamin Franklin, uno de los \u201cPadres Fundadores\u201d de los Estados Unidos<\/em><\/p>\n<p>&nbsp;<\/p>\n<p><span style=\"color: #0000ff\"><strong>LA CARTA \u2018\u00cdNTEGRA\u201d DEL REY AL ESCLAVO MAYOR<\/strong><\/span><\/p>\n<ul>\n<li>Hablando de las personalidades canarias que han tenido el honor de representar a <strong>M. El Rey Felipe VI<\/strong>, debo reconocer que, por un despiste m\u00edo, olvid\u00e9 publicar en la pasada edici\u00f3n de <strong><em>El Cotarro<\/em><\/strong> la carta \u00edntegra que, el pasado 6 de julio y desde la Casa Real, <strong>Felipe VI<\/strong> dirigi\u00f3 al Esclavo Mayor de la Esclavitud del Stmo. Cristo de La Laguna, <strong>Francisco Jos\u00e9 Doblas Gonz\u00e1lez de Aledo<\/strong>, comunic\u00e1ndole que designaba al teniente general <strong>Carlos Palacios Zaforteza<\/strong>, jefe del Mando de Canarias, como su representante en la celebraci\u00f3n del 14 de septiembre en La Laguna, D\u00eda Grande de las Fiestas del Cristo. Dicha carta, como dije el pasado domingo, permitieron que fuera vergonzosamente \u201cmutilada\u201d en el programa\/libro de las Fiestas del Cristo 2021. Pero es de justicia que se publique y se conozca \u00edntegramente y, por ello, aqu\u00ed la incluyo, orgulloso de la misma. Si se fijan, en la misma se recuerda el centenario de la participaci\u00f3n de la Bater\u00eda de Monta\u00f1a del Regimiento de Artiller\u00eda de Tenerife en la Guerra de \u00c1frica.<\/li>\n<\/ul>\n<p><a href=\"https:\/\/elcotarro.com\/wp-content\/uploads\/2021\/09\/FOTO-6.-CARTA-REAL.jpeg\"><img loading=\"lazy\" decoding=\"async\" class=\"size-full wp-image-10118 aligncenter\" src=\"https:\/\/elcotarro.com\/wp-content\/uploads\/2021\/09\/FOTO-6.-CARTA-REAL.jpeg\" alt=\"\" width=\"1121\" height=\"1600\" srcset=\"https:\/\/elcotarro.com\/wp-content\/uploads\/2021\/09\/FOTO-6.-CARTA-REAL.jpeg 1121w, https:\/\/elcotarro.com\/wp-content\/uploads\/2021\/09\/FOTO-6.-CARTA-REAL-210x300.jpeg 210w, https:\/\/elcotarro.com\/wp-content\/uploads\/2021\/09\/FOTO-6.-CARTA-REAL-717x1024.jpeg 717w, https:\/\/elcotarro.com\/wp-content\/uploads\/2021\/09\/FOTO-6.-CARTA-REAL-768x1096.jpeg 768w, https:\/\/elcotarro.com\/wp-content\/uploads\/2021\/09\/FOTO-6.-CARTA-REAL-1076x1536.jpeg 1076w\" sizes=\"auto, (max-width: 1121px) 100vw, 1121px\" \/><\/a><\/p>\n<p style=\"text-align: center\"><em>Foto 6.- La carta \u00edntegra de la Casa Real S.M. El Rey al Esclavo Mayor.<\/em><\/p>\n<p>&nbsp;<\/p>\n<p><span style=\"color: #0000ff\"><strong>UN TEMA DE RAY INVITA A IR AL LORO PARQUE<\/strong><\/span><\/p>\n<ul>\n<li>Cambio de tercio para seguir reconociendo y valorando p\u00fablicamente el empe\u00f1o de la compa\u00f1\u00eda Loro Parque de seguir adelante, a\u00fan en estos complicados tiempos de pandemia, en pro de potenciar y revitalizar el sector de Turismo en el Puerto de la Cruz, la isla de Tenerife y toda Canarias. Y es que, el pasado viernes, Loro Parque present\u00f3, su <em>single<\/em> \u201cVen a Loro Parque\u201d, una canci\u00f3n dirigida a los m\u00e1s peque\u00f1os de la casa. Con este proyecto, hecho realidad de la mano del conocido <em>disc jockey<\/em>, productor y locutor canario <strong>Ray Castellano<\/strong>, junto con la productora Clapso, Loro Parque pretende conectar con el p\u00fablico m\u00e1s joven coincidiendo con la vuelta al cole. En el acto estuvieron presentes <strong>Christoph Kiessling<\/strong>, vicepresidente de la Compa\u00f1\u00eda Loro Parque, <strong>Marco Antonio Gonz\u00e1lez<\/strong>, alcalde de Puerto de la Cruz, y el propio <strong>Ray Castellano<\/strong>, as\u00ed como <strong>Cybell Kiessling<\/strong>, nieta del <strong>Wolfgang Kiessling, <\/strong>fundador y presidente de la Compa\u00f1\u00eda<\/li>\n<\/ul>\n<p><a href=\"https:\/\/elcotarro.com\/wp-content\/uploads\/2021\/09\/FOTO-7.-LORO-PARQUE.jpeg\"><img loading=\"lazy\" decoding=\"async\" class=\"size-full wp-image-10119 aligncenter\" src=\"https:\/\/elcotarro.com\/wp-content\/uploads\/2021\/09\/FOTO-7.-LORO-PARQUE.jpeg\" alt=\"\" width=\"2048\" height=\"1536\" srcset=\"https:\/\/elcotarro.com\/wp-content\/uploads\/2021\/09\/FOTO-7.-LORO-PARQUE.jpeg 2048w, https:\/\/elcotarro.com\/wp-content\/uploads\/2021\/09\/FOTO-7.-LORO-PARQUE-300x225.jpeg 300w, https:\/\/elcotarro.com\/wp-content\/uploads\/2021\/09\/FOTO-7.-LORO-PARQUE-1024x768.jpeg 1024w, https:\/\/elcotarro.com\/wp-content\/uploads\/2021\/09\/FOTO-7.-LORO-PARQUE-768x576.jpeg 768w, https:\/\/elcotarro.com\/wp-content\/uploads\/2021\/09\/FOTO-7.-LORO-PARQUE-1536x1152.jpeg 1536w\" sizes=\"auto, (max-width: 2048px) 100vw, 2048px\" \/><\/a><\/p>\n<p style=\"text-align: center\"><em>Foto 7.- De izquierda a derecha: Marco Gonz\u00e1lez, Ray Castellano, Christoph Kiessling y Cybell Kiessling.<\/em><\/p>\n<p>&nbsp;<\/p>\n<p><span style=\"color: #0000ff\"><strong>UN \u201cVEN A LORO PARQUE\u201d INSPIRADO POR CAMILA<\/strong><\/span><\/p>\n<ul>\n<li>Visiblemente emocionado y satisfecho, <strong>Ray Castellano<\/strong> manifest\u00f3 que <em>\u201ccrear este himno ha sido todo un reto, no solo por lo que significa hacer una canci\u00f3n para el mejor zoo del mundo, sino tambi\u00e9n por hacerla para toda la familia\u201d<\/em>. De hecho, <strong>Ray Castellano<\/strong> cont\u00f3 que la verdadera autora o inspiradora de la pieza es su hija <strong>Camila Castellano P\u00e9rez<\/strong>, de tan solo tres a\u00f1itos de edad, quien, en pleno confinamiento, le ped\u00eda a su padre y a <strong>Cristina P\u00e9rez<\/strong>, su madre, visitar Loro Parque. Adem\u00e1s, <strong>Ray<\/strong> quiso destacar la importancia de los valores de conservaci\u00f3n y protecci\u00f3n de la naturaleza que, desde Loro Parque, se quiere inculcar a los j\u00f3venes. En esa misma l\u00ednea, <strong>Christoph Kiessling<\/strong> quiso incidir en la necesidad de combinar contenido educativo y de entretenimiento para llegar a las nuevas generaciones, que son el futuro, e inculcarles el respeto al medioambiente y a los animales.<\/li>\n<\/ul>\n<p><a href=\"https:\/\/elcotarro.com\/wp-content\/uploads\/2021\/09\/FOTO-8.-VIDEOCLIP.png\"><img loading=\"lazy\" decoding=\"async\" class=\"size-full wp-image-10120 aligncenter\" src=\"https:\/\/elcotarro.com\/wp-content\/uploads\/2021\/09\/FOTO-8.-VIDEOCLIP.png\" alt=\"\" width=\"640\" height=\"360\" srcset=\"https:\/\/elcotarro.com\/wp-content\/uploads\/2021\/09\/FOTO-8.-VIDEOCLIP.png 640w, https:\/\/elcotarro.com\/wp-content\/uploads\/2021\/09\/FOTO-8.-VIDEOCLIP-300x169.png 300w\" sizes=\"auto, (max-width: 640px) 100vw, 640px\" \/><\/a><\/p>\n<p style=\"text-align: center\"><em>Foto 8.- Imagen de la car\u00e1tula de presentaci\u00f3n del videoclip y la canci\u00f3n.<\/em><\/p>\n<p>&nbsp;<\/p>\n<p><span style=\"color: #0000ff\"><strong>TODOS DISFRUTANDO COMO AUT\u00c9NTICOS NI\u00d1OS<\/strong><\/span><\/p>\n<ul>\n<li>Un muy satisfecho <strong>Christoph Kiessling<\/strong>, quien por cierto es tambi\u00e9n un \u201cpadrazo\u201d con su hijita, de poco m\u00e1s de un a\u00f1o, manifest\u00f3 que la canci\u00f3n de <strong>Ray Castellano<\/strong> \u201c<em>es un producto perfecto porque, hoy en d\u00eda, los j\u00f3venes graban continuamente sus bailes e interpretaciones y los comparten en redes sociales\u201d, ha explicado, \u201cy desde que la escuch\u00e9 la primera vez he cre\u00eddo que ten\u00edamos entre manos algo muy grande y muy bonito\u201d<\/em>. Por su parte, el alcalde portuense, <strong>Marco Antonio Gonz\u00e1lez<\/strong>, puso en valor la apuesta de la Compa\u00f1\u00eda Loro Parque por la cultura y por el talento canario, manifestando que \u201c<em>estoy seguro de que esta iniciativa cubrir\u00e1 con creces cualquier expectativa\u201d. <\/em>Los tres presentadores del animado videoclip, <strong>Christoph Kiessling<\/strong>, el alcalde <strong>Marco Antonio Gonz\u00e1lez <\/strong>y el autor, <strong>Ray Castellano<\/strong>, disfrutaron del estreno como ni\u00f1os<\/li>\n<\/ul>\n<p><a href=\"https:\/\/elcotarro.com\/wp-content\/uploads\/2021\/09\/FOTO-9.-PRESENTACION.jpeg\"><img loading=\"lazy\" decoding=\"async\" class=\"size-full wp-image-10121 aligncenter\" src=\"https:\/\/elcotarro.com\/wp-content\/uploads\/2021\/09\/FOTO-9.-PRESENTACION.jpeg\" alt=\"\" width=\"2048\" height=\"1536\" srcset=\"https:\/\/elcotarro.com\/wp-content\/uploads\/2021\/09\/FOTO-9.-PRESENTACION.jpeg 2048w, https:\/\/elcotarro.com\/wp-content\/uploads\/2021\/09\/FOTO-9.-PRESENTACION-300x225.jpeg 300w, https:\/\/elcotarro.com\/wp-content\/uploads\/2021\/09\/FOTO-9.-PRESENTACION-1024x768.jpeg 1024w, https:\/\/elcotarro.com\/wp-content\/uploads\/2021\/09\/FOTO-9.-PRESENTACION-768x576.jpeg 768w, https:\/\/elcotarro.com\/wp-content\/uploads\/2021\/09\/FOTO-9.-PRESENTACION-1536x1152.jpeg 1536w\" sizes=\"auto, (max-width: 2048px) 100vw, 2048px\" \/><\/a><\/p>\n<p style=\"text-align: center\"><em>Foto 9.- Marco Gonz\u00e1lez (i) Christoph Kiessling (c) y Ray Castellano<\/em><\/p>\n<p>&nbsp;<\/p>\n<p><span style=\"color: #0000ff\"><strong>PEGADIZA CANCI\u00d3N GRABADA EN TRES IDIOMAS<\/strong><\/span><\/p>\n<ul>\n<li>El videoclip cuenta con espectaculares im\u00e1genes de esta aut\u00e9ntica embajada animal, con innumerables especies salvajes y vegetaci\u00f3n exuberante. En \u00e9l, un avatar animado de <strong>Ray Castellano<\/strong> y un grupo de ni\u00f1os disfrutan de una aut\u00e9ntica fiesta y bailan al ritmo de la m\u00fasica una coreograf\u00eda que promete convertirse en la pr\u00f3xima tendencia en redes sociales. Los fines de semana del 17 al 19 y del 24 al 26 de septiembre, Loro Parque organizar\u00e1 acciones conjuntas con la colaboraci\u00f3n de las marcas canarias <em>Kalise<\/em> y <em>Clipper<\/em> a trav\u00e9s de las que dar\u00e1 a conocer el <em>single<\/em> a todos los visitantes. Adem\u00e1s, <strong>Castellano<\/strong> ha confirmado que, m\u00e1s adelante, lanzar\u00e1 versiones <em>dance<\/em> que se bailar\u00e1n en todas las discotecas. Por lo pronto, \u201cVen a Loro Parque\u201d est\u00e1 ya disponible en todas las plataformas digitales en tres idiomas (espa\u00f1ol, ingl\u00e9s y alem\u00e1n) Pueden acceder al videoclip pinchando aqu\u00ed: <a href=\"https:\/\/youtube.com\/watch?v=NfJ_eWLqwu8\">https:\/\/youtube.com\/watch?v=NfJ_eWLqwu8<\/a><\/li>\n<\/ul>\n<p><a href=\"https:\/\/elcotarro.com\/wp-content\/uploads\/2021\/09\/FOTO-10.-VISIONADO.jpg\"><img loading=\"lazy\" decoding=\"async\" class=\"size-full wp-image-10122 aligncenter\" src=\"https:\/\/elcotarro.com\/wp-content\/uploads\/2021\/09\/FOTO-10.-VISIONADO.jpg\" alt=\"\" width=\"1599\" height=\"828\" srcset=\"https:\/\/elcotarro.com\/wp-content\/uploads\/2021\/09\/FOTO-10.-VISIONADO.jpg 1599w, https:\/\/elcotarro.com\/wp-content\/uploads\/2021\/09\/FOTO-10.-VISIONADO-300x155.jpg 300w, https:\/\/elcotarro.com\/wp-content\/uploads\/2021\/09\/FOTO-10.-VISIONADO-1024x530.jpg 1024w, https:\/\/elcotarro.com\/wp-content\/uploads\/2021\/09\/FOTO-10.-VISIONADO-768x398.jpg 768w, https:\/\/elcotarro.com\/wp-content\/uploads\/2021\/09\/FOTO-10.-VISIONADO-1536x795.jpg 1536w\" sizes=\"auto, (max-width: 1599px) 100vw, 1599px\" \/><\/a><\/p>\n<p style=\"text-align: center\"><em>Foto 10.- Marco (i) Christoph (c) y Ray, de espaldas disfrutando de la proyecci\u00f3n del videoclip, donde se ve a Ray y su hija Camila bailando (Foto: Mois\u00e9s P\u00e9rez)<\/em><\/p>\n<p>&nbsp;<\/p>\n<p><span style=\"color: #0000ff\"><strong>* Jos\u00e9 Carlos MARRERO GONZ\u00c1LEZ<\/strong><\/span><\/p>\n<p>Periodista y analista de la actualidad.<\/p>\n<p>Director de <strong><em>El Cotarro<\/em><\/strong> (www.elcotarro.com)<\/p>\n<p>Director de <strong><em>Canarias en Positivo<\/em><\/strong> (www.canariasenpositivo.com)<\/p>\n<p>Director de <strong><em>GastroCanarias<\/em><\/strong> (www.gastrocanarias.com)<\/p>\n<p><em> <a href=\"https:\/\/elcotarro.com\/wp-content\/uploads\/2021\/09\/FOTO-11.-BANNER-CARECA-INSULA.jpg\"><img loading=\"lazy\" decoding=\"async\" class=\"size-full wp-image-10123 aligncenter\" src=\"https:\/\/elcotarro.com\/wp-content\/uploads\/2021\/09\/FOTO-11.-BANNER-CARECA-INSULA.jpg\" alt=\"\" width=\"750\" height=\"153\" srcset=\"https:\/\/elcotarro.com\/wp-content\/uploads\/2021\/09\/FOTO-11.-BANNER-CARECA-INSULA.jpg 750w, https:\/\/elcotarro.com\/wp-content\/uploads\/2021\/09\/FOTO-11.-BANNER-CARECA-INSULA-300x61.jpg 300w\" sizes=\"auto, (max-width: 750px) 100vw, 750px\" \/><\/a><\/em><\/p>\n<p><a href=\"https:\/\/elcotarro.com\/wp-content\/uploads\/2021\/09\/FOTO-12.-RECLAMO-LORO-PARQUE.jpg\"><img loading=\"lazy\" decoding=\"async\" class=\"size-full wp-image-10124 aligncenter\" src=\"https:\/\/elcotarro.com\/wp-content\/uploads\/2021\/09\/FOTO-12.-RECLAMO-LORO-PARQUE.jpg\" alt=\"\" width=\"849\" height=\"590\" srcset=\"https:\/\/elcotarro.com\/wp-content\/uploads\/2021\/09\/FOTO-12.-RECLAMO-LORO-PARQUE.jpg 849w, https:\/\/elcotarro.com\/wp-content\/uploads\/2021\/09\/FOTO-12.-RECLAMO-LORO-PARQUE-300x208.jpg 300w, https:\/\/elcotarro.com\/wp-content\/uploads\/2021\/09\/FOTO-12.-RECLAMO-LORO-PARQUE-768x534.jpg 768w\" sizes=\"auto, (max-width: 849px) 100vw, 849px\" \/><\/a><\/p>\n<p>&nbsp;<\/p>\n<p>&nbsp;<\/p>\n<p>&nbsp;<\/p>\n<p>&nbsp;<\/p>\n<p><strong>\u00a0<\/strong><\/p>\n","protected":false},"excerpt":{"rendered":"<p>\u201cEL COTARRO\u201d N\u00ba366 DEL 12 DE SEPTIEMBRE DE 2021 &nbsp; Por Jos\u00e9 Carlos Marrero * &nbsp; EL CURSO POL\u00cdTICO SE ABRE DESPU\u00c9S DEL CRISTO Todo el mundo sabe que, por estos andurriales canarios el nuevo \u201ccurso pol\u00edtico\u201d 2021-2022 comenzar\u00e1 \u201crealmente\u201d despu\u00e9s de la fiesta del Sant\u00edsimo Cristo de La Laguna, que celebraremos pasado ma\u00f1ana, 14 &#8230; <a class=\"read-more\" href=\"https:\/\/elcotarro.com\/?p=10112\">Read more<\/a><\/p>\n","protected":false},"author":2,"featured_media":0,"comment_status":"open","ping_status":"open","sticky":false,"template":"","format":"standard","meta":{"_jetpack_memberships_contains_paid_content":false,"footnotes":""},"categories":[4],"tags":[],"class_list":["post-10112","post","type-post","status-publish","format-standard","hentry","category-el-cotarro"],"yoast_head":"<!-- This site is optimized with the Yoast SEO plugin v27.0 - https:\/\/yoast.com\/product\/yoast-seo-wordpress\/ -->\n<title>&quot;EL COTARRO&quot; N\u00ba366, DEL DOMINGO, 12\/09\/2021 - El Cotarro<\/title>\n<meta name=\"robots\" content=\"index, follow, max-snippet:-1, max-image-preview:large, max-video-preview:-1\" \/>\n<link rel=\"canonical\" href=\"https:\/\/elcotarro.com\/?p=10112\" \/>\n<meta property=\"og:locale\" content=\"es_ES\" \/>\n<meta property=\"og:type\" content=\"article\" \/>\n<meta property=\"og:title\" content=\"&quot;EL COTARRO&quot; N\u00ba366, DEL DOMINGO, 12\/09\/2021 - El Cotarro\" \/>\n<meta property=\"og:description\" content=\"\u201cEL COTARRO\u201d N\u00ba366 DEL 12 DE SEPTIEMBRE DE 2021 &nbsp; Por Jos\u00e9 Carlos Marrero * &nbsp; EL CURSO POL\u00cdTICO SE ABRE DESPU\u00c9S DEL CRISTO Todo el mundo sabe que, por estos andurriales canarios el nuevo \u201ccurso pol\u00edtico\u201d 2021-2022 comenzar\u00e1 \u201crealmente\u201d despu\u00e9s de la fiesta del Sant\u00edsimo Cristo de La Laguna, que celebraremos pasado ma\u00f1ana, 14 ... Read more\" \/>\n<meta property=\"og:url\" content=\"https:\/\/elcotarro.com\/?p=10112\" \/>\n<meta property=\"og:site_name\" content=\"El Cotarro\" \/>\n<meta property=\"article:publisher\" content=\"https:\/\/www.facebook.com\/ElCotarro.Tenerife\" \/>\n<meta property=\"article:published_time\" content=\"2021-09-11T23:22:46+00:00\" \/>\n<meta property=\"article:modified_time\" content=\"2021-09-11T23:32:36+00:00\" \/>\n<meta property=\"og:image\" content=\"https:\/\/elcotarro.com\/wp-content\/uploads\/2021\/09\/FOTO-1.-OFRENDA-AL-CRISTO.jpeg\" \/>\n<meta name=\"author\" content=\"Jos\u00e9 Carlos Marrero Gonz\u00e1lez\" \/>\n<meta name=\"twitter:label1\" content=\"Escrito por\" \/>\n\t<meta name=\"twitter:data1\" content=\"Jos\u00e9 Carlos Marrero Gonz\u00e1lez\" \/>\n\t<meta name=\"twitter:label2\" content=\"Tiempo de lectura\" \/>\n\t<meta name=\"twitter:data2\" content=\"11 minutos\" \/>\n<script type=\"application\/ld+json\" class=\"yoast-schema-graph\">{\"@context\":\"https:\/\/schema.org\",\"@graph\":[{\"@type\":\"Article\",\"@id\":\"https:\/\/elcotarro.com\/?p=10112#article\",\"isPartOf\":{\"@id\":\"https:\/\/elcotarro.com\/?p=10112\"},\"author\":{\"name\":\"Jos\u00e9 Carlos Marrero Gonz\u00e1lez\",\"@id\":\"https:\/\/elcotarro.com\/#\/schema\/person\/af537ee7d60d15984c7e0affcd8a918b\"},\"headline\":\"\u00abEL COTARRO\u00bb N\u00ba366, DEL DOMINGO, 12\/09\/2021\",\"datePublished\":\"2021-09-11T23:22:46+00:00\",\"dateModified\":\"2021-09-11T23:32:36+00:00\",\"mainEntityOfPage\":{\"@id\":\"https:\/\/elcotarro.com\/?p=10112\"},\"wordCount\":2004,\"commentCount\":0,\"publisher\":{\"@id\":\"https:\/\/elcotarro.com\/#organization\"},\"image\":{\"@id\":\"https:\/\/elcotarro.com\/?p=10112#primaryimage\"},\"thumbnailUrl\":\"https:\/\/elcotarro.com\/wp-content\/uploads\/2021\/09\/FOTO-1.-OFRENDA-AL-CRISTO.jpeg\",\"articleSection\":[\"El Cotarro\"],\"inLanguage\":\"es\",\"potentialAction\":[{\"@type\":\"CommentAction\",\"name\":\"Comment\",\"target\":[\"https:\/\/elcotarro.com\/?p=10112#respond\"]}]},{\"@type\":\"WebPage\",\"@id\":\"https:\/\/elcotarro.com\/?p=10112\",\"url\":\"https:\/\/elcotarro.com\/?p=10112\",\"name\":\"\\\"EL COTARRO\\\" N\u00ba366, DEL DOMINGO, 12\/09\/2021 - El Cotarro\",\"isPartOf\":{\"@id\":\"https:\/\/elcotarro.com\/#website\"},\"primaryImageOfPage\":{\"@id\":\"https:\/\/elcotarro.com\/?p=10112#primaryimage\"},\"image\":{\"@id\":\"https:\/\/elcotarro.com\/?p=10112#primaryimage\"},\"thumbnailUrl\":\"https:\/\/elcotarro.com\/wp-content\/uploads\/2021\/09\/FOTO-1.-OFRENDA-AL-CRISTO.jpeg\",\"datePublished\":\"2021-09-11T23:22:46+00:00\",\"dateModified\":\"2021-09-11T23:32:36+00:00\",\"breadcrumb\":{\"@id\":\"https:\/\/elcotarro.com\/?p=10112#breadcrumb\"},\"inLanguage\":\"es\",\"potentialAction\":[{\"@type\":\"ReadAction\",\"target\":[\"https:\/\/elcotarro.com\/?p=10112\"]}]},{\"@type\":\"ImageObject\",\"inLanguage\":\"es\",\"@id\":\"https:\/\/elcotarro.com\/?p=10112#primaryimage\",\"url\":\"https:\/\/elcotarro.com\/wp-content\/uploads\/2021\/09\/FOTO-1.-OFRENDA-AL-CRISTO.jpeg\",\"contentUrl\":\"https:\/\/elcotarro.com\/wp-content\/uploads\/2021\/09\/FOTO-1.-OFRENDA-AL-CRISTO.jpeg\",\"width\":2048,\"height\":1536},{\"@type\":\"BreadcrumbList\",\"@id\":\"https:\/\/elcotarro.com\/?p=10112#breadcrumb\",\"itemListElement\":[{\"@type\":\"ListItem\",\"position\":1,\"name\":\"Portada\",\"item\":\"https:\/\/elcotarro.com\/\"},{\"@type\":\"ListItem\",\"position\":2,\"name\":\"\u00abEL COTARRO\u00bb N\u00ba366, DEL DOMINGO, 12\/09\/2021\"}]},{\"@type\":\"WebSite\",\"@id\":\"https:\/\/elcotarro.com\/#website\",\"url\":\"https:\/\/elcotarro.com\/\",\"name\":\"El Cotarro\",\"description\":\"Peri\u00f3dico Digital Independiente dirigido por Jos\u00e9 Carlos Marrero\",\"publisher\":{\"@id\":\"https:\/\/elcotarro.com\/#organization\"},\"potentialAction\":[{\"@type\":\"SearchAction\",\"target\":{\"@type\":\"EntryPoint\",\"urlTemplate\":\"https:\/\/elcotarro.com\/?s={search_term_string}\"},\"query-input\":{\"@type\":\"PropertyValueSpecification\",\"valueRequired\":true,\"valueName\":\"search_term_string\"}}],\"inLanguage\":\"es\"},{\"@type\":\"Organization\",\"@id\":\"https:\/\/elcotarro.com\/#organization\",\"name\":\"El Cotarro\",\"url\":\"https:\/\/elcotarro.com\/\",\"logo\":{\"@type\":\"ImageObject\",\"inLanguage\":\"es\",\"@id\":\"https:\/\/elcotarro.com\/#\/schema\/logo\/image\/\",\"url\":\"https:\/\/elcotarro.com\/wp-content\/uploads\/2014\/09\/Cabecera_El_Cotarro_v2.jpg\",\"contentUrl\":\"https:\/\/elcotarro.com\/wp-content\/uploads\/2014\/09\/Cabecera_El_Cotarro_v2.jpg\",\"width\":3540,\"height\":441,\"caption\":\"El Cotarro\"},\"image\":{\"@id\":\"https:\/\/elcotarro.com\/#\/schema\/logo\/image\/\"},\"sameAs\":[\"https:\/\/www.facebook.com\/ElCotarro.Tenerife\"]},{\"@type\":\"Person\",\"@id\":\"https:\/\/elcotarro.com\/#\/schema\/person\/af537ee7d60d15984c7e0affcd8a918b\",\"name\":\"Jos\u00e9 Carlos Marrero Gonz\u00e1lez\",\"image\":{\"@type\":\"ImageObject\",\"inLanguage\":\"es\",\"@id\":\"https:\/\/elcotarro.com\/#\/schema\/person\/image\/\",\"url\":\"https:\/\/secure.gravatar.com\/avatar\/def4da036efb5d32c74d49c351f6dccc064dd69ad9f3aadc295c5a9a5391ca01?s=96&d=mm&r=g\",\"contentUrl\":\"https:\/\/secure.gravatar.com\/avatar\/def4da036efb5d32c74d49c351f6dccc064dd69ad9f3aadc295c5a9a5391ca01?s=96&d=mm&r=g\",\"caption\":\"Jos\u00e9 Carlos Marrero Gonz\u00e1lez\"},\"sameAs\":[\"https:\/\/elcotarro.com\"],\"url\":\"https:\/\/elcotarro.com\/?author=2\"}]}<\/script>\n<!-- \/ Yoast SEO plugin. -->","yoast_head_json":{"title":"\"EL COTARRO\" N\u00ba366, DEL DOMINGO, 12\/09\/2021 - El Cotarro","robots":{"index":"index","follow":"follow","max-snippet":"max-snippet:-1","max-image-preview":"max-image-preview:large","max-video-preview":"max-video-preview:-1"},"canonical":"https:\/\/elcotarro.com\/?p=10112","og_locale":"es_ES","og_type":"article","og_title":"\"EL COTARRO\" N\u00ba366, DEL DOMINGO, 12\/09\/2021 - El Cotarro","og_description":"\u201cEL COTARRO\u201d N\u00ba366 DEL 12 DE SEPTIEMBRE DE 2021 &nbsp; Por Jos\u00e9 Carlos Marrero * &nbsp; EL CURSO POL\u00cdTICO SE ABRE DESPU\u00c9S DEL CRISTO Todo el mundo sabe que, por estos andurriales canarios el nuevo \u201ccurso pol\u00edtico\u201d 2021-2022 comenzar\u00e1 \u201crealmente\u201d despu\u00e9s de la fiesta del Sant\u00edsimo Cristo de La Laguna, que celebraremos pasado ma\u00f1ana, 14 ... Read more","og_url":"https:\/\/elcotarro.com\/?p=10112","og_site_name":"El Cotarro","article_publisher":"https:\/\/www.facebook.com\/ElCotarro.Tenerife","article_published_time":"2021-09-11T23:22:46+00:00","article_modified_time":"2021-09-11T23:32:36+00:00","og_image":[{"url":"https:\/\/elcotarro.com\/wp-content\/uploads\/2021\/09\/FOTO-1.-OFRENDA-AL-CRISTO.jpeg","type":"","width":"","height":""}],"author":"Jos\u00e9 Carlos Marrero Gonz\u00e1lez","twitter_misc":{"Escrito por":"Jos\u00e9 Carlos Marrero Gonz\u00e1lez","Tiempo de lectura":"11 minutos"},"schema":{"@context":"https:\/\/schema.org","@graph":[{"@type":"Article","@id":"https:\/\/elcotarro.com\/?p=10112#article","isPartOf":{"@id":"https:\/\/elcotarro.com\/?p=10112"},"author":{"name":"Jos\u00e9 Carlos Marrero Gonz\u00e1lez","@id":"https:\/\/elcotarro.com\/#\/schema\/person\/af537ee7d60d15984c7e0affcd8a918b"},"headline":"\u00abEL COTARRO\u00bb N\u00ba366, DEL DOMINGO, 12\/09\/2021","datePublished":"2021-09-11T23:22:46+00:00","dateModified":"2021-09-11T23:32:36+00:00","mainEntityOfPage":{"@id":"https:\/\/elcotarro.com\/?p=10112"},"wordCount":2004,"commentCount":0,"publisher":{"@id":"https:\/\/elcotarro.com\/#organization"},"image":{"@id":"https:\/\/elcotarro.com\/?p=10112#primaryimage"},"thumbnailUrl":"https:\/\/elcotarro.com\/wp-content\/uploads\/2021\/09\/FOTO-1.-OFRENDA-AL-CRISTO.jpeg","articleSection":["El Cotarro"],"inLanguage":"es","potentialAction":[{"@type":"CommentAction","name":"Comment","target":["https:\/\/elcotarro.com\/?p=10112#respond"]}]},{"@type":"WebPage","@id":"https:\/\/elcotarro.com\/?p=10112","url":"https:\/\/elcotarro.com\/?p=10112","name":"\"EL COTARRO\" N\u00ba366, DEL DOMINGO, 12\/09\/2021 - El Cotarro","isPartOf":{"@id":"https:\/\/elcotarro.com\/#website"},"primaryImageOfPage":{"@id":"https:\/\/elcotarro.com\/?p=10112#primaryimage"},"image":{"@id":"https:\/\/elcotarro.com\/?p=10112#primaryimage"},"thumbnailUrl":"https:\/\/elcotarro.com\/wp-content\/uploads\/2021\/09\/FOTO-1.-OFRENDA-AL-CRISTO.jpeg","datePublished":"2021-09-11T23:22:46+00:00","dateModified":"2021-09-11T23:32:36+00:00","breadcrumb":{"@id":"https:\/\/elcotarro.com\/?p=10112#breadcrumb"},"inLanguage":"es","potentialAction":[{"@type":"ReadAction","target":["https:\/\/elcotarro.com\/?p=10112"]}]},{"@type":"ImageObject","inLanguage":"es","@id":"https:\/\/elcotarro.com\/?p=10112#primaryimage","url":"https:\/\/elcotarro.com\/wp-content\/uploads\/2021\/09\/FOTO-1.-OFRENDA-AL-CRISTO.jpeg","contentUrl":"https:\/\/elcotarro.com\/wp-content\/uploads\/2021\/09\/FOTO-1.-OFRENDA-AL-CRISTO.jpeg","width":2048,"height":1536},{"@type":"BreadcrumbList","@id":"https:\/\/elcotarro.com\/?p=10112#breadcrumb","itemListElement":[{"@type":"ListItem","position":1,"name":"Portada","item":"https:\/\/elcotarro.com\/"},{"@type":"ListItem","position":2,"name":"\u00abEL COTARRO\u00bb N\u00ba366, DEL DOMINGO, 12\/09\/2021"}]},{"@type":"WebSite","@id":"https:\/\/elcotarro.com\/#website","url":"https:\/\/elcotarro.com\/","name":"El Cotarro","description":"Peri\u00f3dico Digital Independiente dirigido por Jos\u00e9 Carlos Marrero","publisher":{"@id":"https:\/\/elcotarro.com\/#organization"},"potentialAction":[{"@type":"SearchAction","target":{"@type":"EntryPoint","urlTemplate":"https:\/\/elcotarro.com\/?s={search_term_string}"},"query-input":{"@type":"PropertyValueSpecification","valueRequired":true,"valueName":"search_term_string"}}],"inLanguage":"es"},{"@type":"Organization","@id":"https:\/\/elcotarro.com\/#organization","name":"El Cotarro","url":"https:\/\/elcotarro.com\/","logo":{"@type":"ImageObject","inLanguage":"es","@id":"https:\/\/elcotarro.com\/#\/schema\/logo\/image\/","url":"https:\/\/elcotarro.com\/wp-content\/uploads\/2014\/09\/Cabecera_El_Cotarro_v2.jpg","contentUrl":"https:\/\/elcotarro.com\/wp-content\/uploads\/2014\/09\/Cabecera_El_Cotarro_v2.jpg","width":3540,"height":441,"caption":"El Cotarro"},"image":{"@id":"https:\/\/elcotarro.com\/#\/schema\/logo\/image\/"},"sameAs":["https:\/\/www.facebook.com\/ElCotarro.Tenerife"]},{"@type":"Person","@id":"https:\/\/elcotarro.com\/#\/schema\/person\/af537ee7d60d15984c7e0affcd8a918b","name":"Jos\u00e9 Carlos Marrero Gonz\u00e1lez","image":{"@type":"ImageObject","inLanguage":"es","@id":"https:\/\/elcotarro.com\/#\/schema\/person\/image\/","url":"https:\/\/secure.gravatar.com\/avatar\/def4da036efb5d32c74d49c351f6dccc064dd69ad9f3aadc295c5a9a5391ca01?s=96&d=mm&r=g","contentUrl":"https:\/\/secure.gravatar.com\/avatar\/def4da036efb5d32c74d49c351f6dccc064dd69ad9f3aadc295c5a9a5391ca01?s=96&d=mm&r=g","caption":"Jos\u00e9 Carlos Marrero Gonz\u00e1lez"},"sameAs":["https:\/\/elcotarro.com"],"url":"https:\/\/elcotarro.com\/?author=2"}]}},"jetpack_featured_media_url":"","jetpack_sharing_enabled":true,"_links":{"self":[{"href":"https:\/\/elcotarro.com\/index.php?rest_route=\/wp\/v2\/posts\/10112","targetHints":{"allow":["GET"]}}],"collection":[{"href":"https:\/\/elcotarro.com\/index.php?rest_route=\/wp\/v2\/posts"}],"about":[{"href":"https:\/\/elcotarro.com\/index.php?rest_route=\/wp\/v2\/types\/post"}],"author":[{"embeddable":true,"href":"https:\/\/elcotarro.com\/index.php?rest_route=\/wp\/v2\/users\/2"}],"replies":[{"embeddable":true,"href":"https:\/\/elcotarro.com\/index.php?rest_route=%2Fwp%2Fv2%2Fcomments&post=10112"}],"version-history":[{"count":3,"href":"https:\/\/elcotarro.com\/index.php?rest_route=\/wp\/v2\/posts\/10112\/revisions"}],"predecessor-version":[{"id":10128,"href":"https:\/\/elcotarro.com\/index.php?rest_route=\/wp\/v2\/posts\/10112\/revisions\/10128"}],"wp:attachment":[{"href":"https:\/\/elcotarro.com\/index.php?rest_route=%2Fwp%2Fv2%2Fmedia&parent=10112"}],"wp:term":[{"taxonomy":"category","embeddable":true,"href":"https:\/\/elcotarro.com\/index.php?rest_route=%2Fwp%2Fv2%2Fcategories&post=10112"},{"taxonomy":"post_tag","embeddable":true,"href":"https:\/\/elcotarro.com\/index.php?rest_route=%2Fwp%2Fv2%2Ftags&post=10112"}],"curies":[{"name":"wp","href":"https:\/\/api.w.org\/{rel}","templated":true}]}}