{"id":10216,"date":"2021-10-24T00:53:48","date_gmt":"2021-10-23T23:53:48","guid":{"rendered":"https:\/\/elcotarro.com\/?p=10216"},"modified":"2021-10-22T11:58:35","modified_gmt":"2021-10-22T10:58:35","slug":"el-cotarro-no372-del-domingo-24-de-octubre-de-2021","status":"publish","type":"post","link":"https:\/\/elcotarro.com\/?p=10216","title":{"rendered":"EL COTARRO N\u00ba372 DEL DOMINGO 24\/10\/2021"},"content":{"rendered":"<blockquote><p><span style=\"color: #ff0000\"><strong>\u201cEL COTARRO\u201d N\u00ba372 DEL 24 DE OCTUBRE DE 2021<\/strong><\/span><\/p><\/blockquote>\n<p><strong>\u00a0<\/strong><\/p>\n<p><span style=\"color: #0000ff\"><strong>FELICIDAD, CONVIVENCIA, MOLESTIA, RUIDO Y CAOS<\/strong><\/span><\/p>\n<ul>\n<li>Creo que no me equivoco si les digo que, para ser feliz o para tener algo de felicidad, tiene mucho que ver el poder disfrutar de una convivencia en paz. Para que esa convivencia sea verdaderamente en paz, es necesario desterrar la palabra molestia. Y, mientras pertenec\u00ed a la comisi\u00f3n ciudadana que colabor\u00f3 en la elaboraci\u00f3n de la Ordenanza de Convivencia de La Laguna, me enter\u00e9 que no hay nada que m\u00e1s moleste a la ciudadan\u00eda que el ruido. Tal y como promet\u00ed la pasada semana, este domingo voy a dedicar <strong><em>El Cotarro<\/em><\/strong> al peligroso y alarmante fen\u00f3meno de los \u201cbotellones\u201d, el ruido que generan (entre otros efectos muy preocupantes) y su directa relaci\u00f3n con el deterioro de la convivencia ciudadana. Vean y lean lo que, en una vi\u00f1eta del genial, respetado y recordado <strong>Quino<\/strong>, le dec\u00eda <strong><em>Miguelito<\/em><\/strong> a <strong><em>Mafalda<\/em><\/strong>:<\/li>\n<\/ul>\n<p><a href=\"https:\/\/elcotarro.com\/wp-content\/uploads\/2021\/10\/1.-MAFALDA.jpg\"><img loading=\"lazy\" decoding=\"async\" class=\"size-full wp-image-10217 aligncenter\" src=\"https:\/\/elcotarro.com\/wp-content\/uploads\/2021\/10\/1.-MAFALDA.jpg\" alt=\"\" width=\"720\" height=\"596\" srcset=\"https:\/\/elcotarro.com\/wp-content\/uploads\/2021\/10\/1.-MAFALDA.jpg 720w, https:\/\/elcotarro.com\/wp-content\/uploads\/2021\/10\/1.-MAFALDA-300x248.jpg 300w\" sizes=\"auto, (max-width: 720px) 100vw, 720px\" \/><\/a><\/p>\n<p style=\"text-align: center\"><em>Vi\u00f1eta de la irrepetible Mafalda con su amigo Miguelito, ambos obra de Quino.<\/em><\/p>\n<p>&nbsp;<\/p>\n<p><strong><span style=\"color: #0000ff\">EL BOTELL\u00d3N EST\u00c1 AMENAZANDO LA CONVIVENCIA<\/span> <\/strong><\/p>\n<ul>\n<li>Como dije la pasada semana, el casco de La Laguna y muchos puntos del municipio lagunero, est\u00e1n sufriendo el azote de estos \u201cbotellones\u201d que, si no se atajan y solucionan de inmediato, amenazan con graves consecuencias. El peligroso y problem\u00e1tico fen\u00f3meno de los \u201cbotellones\u201d de los j\u00f3venes y no tan j\u00f3venes, ahora tambi\u00e9n, est\u00e1 siendo protagonizado por muchos menores de edad. Lo del \u201ccuadril\u00e1tero\u201d de La Laguna y las im\u00e1genes que est\u00e1n difundi\u00e9ndose, no auguran nada bueno, si el tema no se corta de ra\u00edz. Tan cruda est\u00e1 la situaci\u00f3n que asociaciones de vecinos como las del Casco Hist\u00f3rico, presidida por <strong>Pablo Reyes N\u00fa\u00f1ez<\/strong>, y muchas comunicades de vecinos est\u00e1n uni\u00e9ndose para exigir soluci\u00f3n inmediata. Y la Polic\u00eda Local teme que, en el momento m\u00e1s inoportuno, y m\u00e1s inesperado, haya una desgracia.<\/li>\n<\/ul>\n<p><a href=\"https:\/\/elcotarro.com\/wp-content\/uploads\/2021\/10\/2.-PABLO-REYES.jpg\"><img loading=\"lazy\" decoding=\"async\" class=\"size-full wp-image-10218 aligncenter\" src=\"https:\/\/elcotarro.com\/wp-content\/uploads\/2021\/10\/2.-PABLO-REYES.jpg\" alt=\"\" width=\"718\" height=\"458\" srcset=\"https:\/\/elcotarro.com\/wp-content\/uploads\/2021\/10\/2.-PABLO-REYES.jpg 718w, https:\/\/elcotarro.com\/wp-content\/uploads\/2021\/10\/2.-PABLO-REYES-300x191.jpg 300w\" sizes=\"auto, (max-width: 718px) 100vw, 718px\" \/><\/a><\/p>\n<p style=\"text-align: center\"><em>Pablo Reyes N\u00fa\u00f1ez, presidente de la Asociaci\u00f3n de Vecinos del Casco<\/em><\/p>\n<p>&nbsp;<\/p>\n<p><span style=\"color: #0000ff\"><strong>ENFERMOS, ANCIANOS, NI\u00d1OS, TRABAJADORES\u2026<\/strong><\/span><\/p>\n<ul>\n<li>Metida en el \u201cbotell\u00f3n\u201d, muy poca gente se da cuenta de la tremenda molestia que sus ruidos producen en medio de la noche. En una de las reuniones de la primera Comisi\u00f3n Ciudadana de Convivencia, el veterano jefe de la Polic\u00eda Local lagunera, <strong>Juan Jos\u00e9 D\u00edaz S\u00e1nchez<\/strong>, aport\u00f3 su veterana experiencia y nos cont\u00f3 lo que se padec\u00eda y c\u00f3mo la ciudadan\u00eda se quejaba y ped\u00eda una soluci\u00f3n ante tales molestias. Quien fastidia con el \u201cbotell\u00f3n\u201d olvida que, en la casa o el piso de enfrente, puede haber un beb\u00e9 durmiendo; un ni\u00f1o que al d\u00eda siguiente (si es jueves) tiene que ir a clase; una persona mayor a la que mantienen sin quererlo en vela; una persona enferma que necesita reposo y tranquilidad; un profesional que quiz\u00e1 debe levantarse temprano para ir a trabajar y necesita descanso; una sencilla persona cualquiera que, simple y llanamente, quiere descansar y tiene el sagrado derecho a tener descanso y dormir en paz. Un derecho que protege y ampara la Ley, \u00a1cuidado con eso!<\/li>\n<\/ul>\n<p><a href=\"https:\/\/elcotarro.com\/wp-content\/uploads\/2021\/10\/2-BIS.-MOLESTIA.jpg\"><img loading=\"lazy\" decoding=\"async\" class=\"size-full wp-image-10219 aligncenter\" src=\"https:\/\/elcotarro.com\/wp-content\/uploads\/2021\/10\/2-BIS.-MOLESTIA.jpg\" alt=\"\" width=\"1000\" height=\"662\" srcset=\"https:\/\/elcotarro.com\/wp-content\/uploads\/2021\/10\/2-BIS.-MOLESTIA.jpg 1000w, https:\/\/elcotarro.com\/wp-content\/uploads\/2021\/10\/2-BIS.-MOLESTIA-300x199.jpg 300w, https:\/\/elcotarro.com\/wp-content\/uploads\/2021\/10\/2-BIS.-MOLESTIA-768x508.jpg 768w\" sizes=\"auto, (max-width: 1000px) 100vw, 1000px\" \/><\/a><\/p>\n<p style=\"text-align: center\"><em>Pocos en el \u201cbotell\u00f3n\u201d se dan cuenta de la molestia y el da\u00f1o que producen.<\/em><\/p>\n<p>&nbsp;<\/p>\n<p><span style=\"color: #0000ff\"><strong>LA IMAGEN DE PAZ DE LA LAGUNA, CUESTIONADA<\/strong><\/span><\/p>\n<ul>\n<li>Creo que nadie duda (el alcalde <strong>Luis Yeray Guti\u00e9rrez<\/strong> el primero) que esta problem\u00e1tica y las situaciones de tensi\u00f3n que se derivan de ella, est\u00e1n logrando que la tradicional imagen de paz, di\u00e1logo y concordia de La Laguna, se est\u00e9 viendo muy cuestionada y claramente afectada. Coincid\u00ed en un acto con el subdelegado del Gobierno en Santa Cruz de Tenerife, <strong>Jes\u00fas Javier Plata Vera<\/strong> y me manifest\u00f3 su honda preocupaci\u00f3n. \u00c9l representa el mando pol\u00edtico del Cuerpo Nacional de Polic\u00eda en nuestra provincia, y est\u00e1 decididamente dispuesto a que la Polic\u00eda Nacional colabore coordinadamente con la Polic\u00eda Local de La Laguna para frenar los \u201cbotellones\u201d. Ser\u00eda una \u201cpata\u201d clave. Pero, para ello, <strong>Luis Yeray Guti\u00e9rrez<\/strong> y su concejal de Seguridad Ciudadana, <strong>Alejandro Marrero<\/strong>, deben acabar de forma inmediata y real con el conflicto larvado de la Polic\u00eda lagunera, con una huelga encubierta que dura ya meses.<\/li>\n<\/ul>\n<p><a href=\"https:\/\/elcotarro.com\/wp-content\/uploads\/2021\/10\/3.-LUIS-YERAY-ALEJANDRO-Y-ELENA.jpg\"><img loading=\"lazy\" decoding=\"async\" class=\"size-full wp-image-10220 aligncenter\" src=\"https:\/\/elcotarro.com\/wp-content\/uploads\/2021\/10\/3.-LUIS-YERAY-ALEJANDRO-Y-ELENA.jpg\" alt=\"\" width=\"1200\" height=\"675\" srcset=\"https:\/\/elcotarro.com\/wp-content\/uploads\/2021\/10\/3.-LUIS-YERAY-ALEJANDRO-Y-ELENA.jpg 1200w, https:\/\/elcotarro.com\/wp-content\/uploads\/2021\/10\/3.-LUIS-YERAY-ALEJANDRO-Y-ELENA-300x169.jpg 300w, https:\/\/elcotarro.com\/wp-content\/uploads\/2021\/10\/3.-LUIS-YERAY-ALEJANDRO-Y-ELENA-1024x576.jpg 1024w, https:\/\/elcotarro.com\/wp-content\/uploads\/2021\/10\/3.-LUIS-YERAY-ALEJANDRO-Y-ELENA-768x432.jpg 768w\" sizes=\"auto, (max-width: 1200px) 100vw, 1200px\" \/><\/a><\/p>\n<p style=\"text-align: center\"><em>Alejandro Marrero (i) Elena Delgado (jefa de la Polic\u00eda) y Luis Yeray Guti\u00e9rrez.<\/em><\/p>\n<p>&nbsp;<\/p>\n<p><span style=\"color: #0000ff\"><strong>LA ORDENANZA DE CONVIVENCIA Y SU COMISI\u00d3N<\/strong><\/span><\/p>\n<ul>\n<li>La otra \u201cpata\u201d para intentar solucionar la problem\u00e1tica, creo que est\u00e1 en la correcta y eficaz, pero inmediata y contundente, aplicaci\u00f3n de la Ordenanza Municipal de Convivencia de La Laguna. Esta norma, basada en el principio del di\u00e1logo, arbitraje y conciliaci\u00f3n, tiene en la llamada Comisi\u00f3n Ciudadana de Convivencia la \u201cherramienta\u201d clave para su aplicaci\u00f3n. Pero dicha comisi\u00f3n, que preside el concejal de Coalici\u00f3n Canaria <strong>Francisco Jos\u00e9 Hern\u00e1ndez Rodr\u00edguez<\/strong>, no termina de funcionar en tiempo y forma. No s\u00e9 (o s\u00ed s\u00e9) cu\u00e1les son las razones. No s\u00e9 si <strong>Fran Hern\u00e1ndez<\/strong> ha hecho mucho o poco, no s\u00e9 si se ha puesto en su sitio, y no s\u00e9 si, por parte de <strong>Luis Yeray<\/strong> o <strong>Alejandro Marrero<\/strong> se le han puesto zancadillas o piedras en el camino. Pero lo cierto es que la Comisi\u00f3n no termina de funcionar y la ordenanza no termina de aplicarse. Si yo \u00a0fuera <strong>Fran Hern\u00e1ndez<\/strong> (que no lo soy) exigir\u00eda respeto y atenci\u00f3n, o dimitir\u00eda.<\/li>\n<\/ul>\n<p><a href=\"https:\/\/elcotarro.com\/wp-content\/uploads\/2021\/10\/4.-FRAN-HERNANDEZ.jpeg\"><img loading=\"lazy\" decoding=\"async\" class=\"size-full wp-image-10221 aligncenter\" src=\"https:\/\/elcotarro.com\/wp-content\/uploads\/2021\/10\/4.-FRAN-HERNANDEZ.jpeg\" alt=\"\" width=\"1024\" height=\"682\" srcset=\"https:\/\/elcotarro.com\/wp-content\/uploads\/2021\/10\/4.-FRAN-HERNANDEZ.jpeg 1024w, https:\/\/elcotarro.com\/wp-content\/uploads\/2021\/10\/4.-FRAN-HERNANDEZ-300x200.jpeg 300w, https:\/\/elcotarro.com\/wp-content\/uploads\/2021\/10\/4.-FRAN-HERNANDEZ-768x512.jpeg 768w\" sizes=\"auto, (max-width: 1024px) 100vw, 1024px\" \/><\/a><\/p>\n<p style=\"text-align: center\"><em>Fran Hern\u00e1ndez, concejal de CC y presidente de la Comisi\u00f3n de Convivencia.<\/em><\/p>\n<p>&nbsp;<\/p>\n<p><span style=\"color: #0000ff\"><strong>LA CONVIVENCIA, \u201cASUNTO DE ESTADO\u201d MUNICIPAL<\/strong><\/span><\/p>\n<ul>\n<li>En este punto creo procede recordar que la Convivencia Ciudadana (con may\u00fasculas) es y debe ser un \u201casunto de estado\u201d aunque, en este caso, sea en el \u00e1mbito de un municipio como el de La Laguna. Sin duda alguna, los partidos que forman el Grupo de Gobierno son y ser\u00e1n los m\u00e1ximos responsables de lo que pase, con sus respectivos l\u00edderes al frente: <strong>Luis Yeray Guti\u00e9rrez<\/strong> (PSOE), <strong>Rubens Ascanio<\/strong> (Unidas Se Puede) y <strong>Santiago P\u00e9rez<\/strong> (Avante). Pero, de igual modo, digo que tambi\u00e9n lo ser\u00e1n Coalici\u00f3n Canaria, con <strong>Jonathan Dom\u00ednguez<\/strong> (portavoz municipal de CC), <strong>Manuel G\u00f3mez<\/strong> (PP) y <strong>Juan Antonio Molina<\/strong> (C\u2019s) y hasta <strong>Alfredo \u00c1lvarez<\/strong> (ex de C\u2019s y ahora no adscrito). Lo ser\u00e1n en proporci\u00f3n a su realidad y representatividad en la Corporaci\u00f3n lagunera. Son part\u00edcipes de la problem\u00e1tica y ser\u00e1n corresponsables de su soluci\u00f3n. Y, en caso de que (ojal\u00e1 que no ocurra) haya una desgracia, tambi\u00e9n ser\u00e1n todos c\u00f3mplices (por acci\u00f3n, dejaci\u00f3n u omisi\u00f3n) de lo que pueda pasar.<\/li>\n<\/ul>\n<p><a href=\"https:\/\/elcotarro.com\/wp-content\/uploads\/2021\/10\/5.-OPOSICION-LAGUNERA.jpg\"><img loading=\"lazy\" decoding=\"async\" class=\"size-full wp-image-10222 aligncenter\" src=\"https:\/\/elcotarro.com\/wp-content\/uploads\/2021\/10\/5.-OPOSICION-LAGUNERA.jpg\" alt=\"\" width=\"1585\" height=\"400\" srcset=\"https:\/\/elcotarro.com\/wp-content\/uploads\/2021\/10\/5.-OPOSICION-LAGUNERA.jpg 1585w, https:\/\/elcotarro.com\/wp-content\/uploads\/2021\/10\/5.-OPOSICION-LAGUNERA-300x76.jpg 300w, https:\/\/elcotarro.com\/wp-content\/uploads\/2021\/10\/5.-OPOSICION-LAGUNERA-1024x258.jpg 1024w, https:\/\/elcotarro.com\/wp-content\/uploads\/2021\/10\/5.-OPOSICION-LAGUNERA-768x194.jpg 768w, https:\/\/elcotarro.com\/wp-content\/uploads\/2021\/10\/5.-OPOSICION-LAGUNERA-1536x388.jpg 1536w\" sizes=\"auto, (max-width: 1585px) 100vw, 1585px\" \/><\/a><\/p>\n<p style=\"text-align: center\"><em>De izquierda a derecha: Alfredo G\u00f3mez \u00c1lvarez (ex-C\u2019s y ahora no adscrito), Jonathan Dom\u00ednguez (CC), Manuel G\u00f3mez (PP) y Juan Antonio Molina (C\u2019s)<\/em><\/p>\n<p><strong>\u00a0<\/strong><\/p>\n<p><span style=\"color: #0000ff\"><strong>\u00a1OJO!&#8230; LA CONVIVENCIA DA Y QUITA ALCALD\u00cdAS<\/strong><\/span><\/p>\n<ul>\n<li>Aunque ya les contar\u00e9 de forma monogr\u00e1fica la historia de la Ordenanza de Convivencia de La Laguna, y de la hoy inexistente Comisi\u00f3n Ciudadana de Convivencia, s\u00ed les recuerdo que el 27 de julio de 2012 (festividad de San Crist\u00f3bal, copatrono de La Laguna) se aprob\u00f3 la \u201cDeclaraci\u00f3n de La Laguna por la Convivencia\u201d, que firm\u00f3 siendo alcalde <strong>Fernando Clavijo Batlle<\/strong>. Fue fruto del altruista trabajo de colaboraci\u00f3n y siempre por consenso, de la original y primigenia Comisi\u00f3n Ciudadana para la Convivencia. Fue tambi\u00e9n el germen de la Ordenanza aprobada el a\u00f1o 2016 y que, lamentablemente, no termina de aplicarse en toda su extensi\u00f3n. De esta \u201cherramienta\u201d y su aplicaci\u00f3n, depende en parte acabar con el \u201cbotell\u00f3n\u201d \u2026 Y tambi\u00e9n depender\u00e1 que la Convivencia en La Laguna sea la que todos queremos. Y una cosa m\u00e1s: recuerden que la Convivencia (con may\u00fascula) da y quita mayor\u00edas de Gobierno y alcald\u00edas.<\/li>\n<\/ul>\n<p><a href=\"https:\/\/elcotarro.com\/wp-content\/uploads\/2021\/10\/6.-LUIS-YERAY-Y-JOSE-ALBERTO.jpg\"><img loading=\"lazy\" decoding=\"async\" class=\"size-full wp-image-10223 aligncenter\" src=\"https:\/\/elcotarro.com\/wp-content\/uploads\/2021\/10\/6.-LUIS-YERAY-Y-JOSE-ALBERTO.jpg\" alt=\"\" width=\"990\" height=\"575\" srcset=\"https:\/\/elcotarro.com\/wp-content\/uploads\/2021\/10\/6.-LUIS-YERAY-Y-JOSE-ALBERTO.jpg 990w, https:\/\/elcotarro.com\/wp-content\/uploads\/2021\/10\/6.-LUIS-YERAY-Y-JOSE-ALBERTO-300x174.jpg 300w, https:\/\/elcotarro.com\/wp-content\/uploads\/2021\/10\/6.-LUIS-YERAY-Y-JOSE-ALBERTO-768x446.jpg 768w\" sizes=\"auto, (max-width: 990px) 100vw, 990px\" \/><\/a><\/p>\n<p style=\"text-align: center\"><em>Luis Yeray Guti\u00e9rrez (PSOE) hoy alcalde (i) y Jos\u00e9 Alberto D\u00edaz (CC) exalcalde<\/em><\/p>\n<p><strong>\u00a0<\/strong><\/p>\n<p><span style=\"color: #0000ff\"><strong>LO QUE RODEA A LA POLIC\u00cdA ES INSOSTENIBLE<\/strong><\/span><\/p>\n<ul>\n<li>En el \u00faltimo mes he tenido la oportunidad de hablar con varios miembros de la Polic\u00eda Local lagunera. En alg\u00fan caso me han llamado desde la propia Polic\u00eda y en otros he llamado yo. He hablado con representantes de ASIPAL, el sindicato mayoritario con representaci\u00f3n en el cuerpo, tambi\u00e9n con miembros del CSIF, y, por supuesto con algunos de los mandos. Todos me transmiten su profesionalidad y afecto por la Polic\u00eda. Pero tambi\u00e9n todos me transmiten su cansancio, su desgaste, su hartazgo, su rabia. No pueden manifestarse en p\u00fablico por miedo a represalias, pero todos se sienten desasistidos y abandonados por el grupo de Gobierno. El concejal de Seguridad, <strong>Alejandro Marrero<\/strong>, es el primero (y no s\u00e9 si el \u00fanico) que ha retirado y no tiene despacho propio dentro del cuartel de la Polic\u00eda. El distanciamiento y la falta de comunicaci\u00f3n y sinton\u00eda, est\u00e1 clara, aunque no se manifieste y no se note.<\/li>\n<\/ul>\n<p><a href=\"https:\/\/elcotarro.com\/wp-content\/uploads\/2021\/10\/7.-ALEJANDRO-MARRERO.jpg\"><img loading=\"lazy\" decoding=\"async\" class=\"size-full wp-image-10224 aligncenter\" src=\"https:\/\/elcotarro.com\/wp-content\/uploads\/2021\/10\/7.-ALEJANDRO-MARRERO.jpg\" alt=\"\" width=\"275\" height=\"183\" \/><\/a><\/p>\n<p style=\"text-align: center\"><em>Alejandro Marrero Cabrera, concejal de Seguridad Ciudadana en La Laguna.<\/em><\/p>\n<p>&nbsp;<\/p>\n<p><span style=\"color: #0000ff\"><strong>TRISTES CONDICIONES DE UN CUERPO NECESARIO<\/strong><\/span><\/p>\n<ul>\n<li>La realidad y las necesidades del d\u00eda a d\u00eda en la Polic\u00eda Local de La Laguna se merecen (y tendr\u00e1n) un espacio monogr\u00e1fico en la plataforma Canarias en Positivo. Hoy me limitar\u00e9 que la subcomisaria, <strong>Mar\u00eda Elena Delgado Hern\u00e1ndez,<\/strong> actualmente la jefa del cuerpo, hace lo que puede y capea el temporal con los medios humanos y t\u00e9cnicos que tiene. En un avance y solo en n\u00fameros redondos, la Polic\u00eda lagunera deber\u00eda contar, seg\u00fan la ratio de la Uni\u00f3n Europea, entre 261 y 327 agentes, pero, en realidad, solo tiene actualmente 185. El concurso-oposici\u00f3n que se convoc\u00f3 el a\u00f1o 2018, sigue empantanado. El Cuerpo, por su importancia y dimensi\u00f3n, deber\u00eda contar con un Comisario (que no tiene), con 2 subcomisarios (solo tiene 1), 6 inspectores (no tiene ni uno), 18 subinspectores (tiene solo 8), 23 oficiales (tiene 20) pero no han sabido convocar las plazas ni los concursos de ascensos.<\/li>\n<\/ul>\n<p><a href=\"https:\/\/elcotarro.com\/wp-content\/uploads\/2021\/10\/8.-ELENA-DELGADO.jpg\"><img loading=\"lazy\" decoding=\"async\" class=\"size-full wp-image-10225 aligncenter\" src=\"https:\/\/elcotarro.com\/wp-content\/uploads\/2021\/10\/8.-ELENA-DELGADO.jpg\" alt=\"\" width=\"880\" height=\"495\" srcset=\"https:\/\/elcotarro.com\/wp-content\/uploads\/2021\/10\/8.-ELENA-DELGADO.jpg 880w, https:\/\/elcotarro.com\/wp-content\/uploads\/2021\/10\/8.-ELENA-DELGADO-300x169.jpg 300w, https:\/\/elcotarro.com\/wp-content\/uploads\/2021\/10\/8.-ELENA-DELGADO-768x432.jpg 768w\" sizes=\"auto, (max-width: 880px) 100vw, 880px\" \/><\/a><\/p>\n<p style=\"text-align: center\"><em>M\u00aa Elena Delgado necesita, cuartel nuevo y m\u00e1s recursos humanos y t\u00e9cnicos<\/em><\/p>\n<p>&nbsp;<\/p>\n<p><span style=\"color: #0000ff\"><strong>CUARTEL TERCERMUNDISTA, OBSOLETO Y TRISTE<\/strong><\/span><\/p>\n<ul>\n<li>El cuartel de la Polic\u00eda Local lagunera est\u00e1 obsoleto y verlo da verg\u00fcenza, pena y sentimiento. La actual jefa, <strong>Mar\u00eda Elena Delgado<\/strong> (como antes lo hiciera su predecesor en el mando, el inspector, <strong>Jos\u00e9 Antonio P\u00e9rez<\/strong> <strong>Siverio<\/strong> y mucho antes <strong>Juan Jos\u00e9 S\u00e1nchez<\/strong>) han hecho llegar a los distintos alcaldes en tiempo y forma, las necesidades y carencias del Cuerpo. Por ello, las conoce muy bien el alcalde <strong>Luis Yeray Guti\u00e9rrez<\/strong> (PSOE), como tambi\u00e9n las conoc\u00eda antes <strong>Jos\u00e9 Alberto D\u00edaz<\/strong> (CC) y <strong>Fernando Clavijo<\/strong> (CC). Pero se lleva hablando de un \u201cnuevo cuartel\u201d desde principios de siglo, y ya estamos en el a\u00f1o 2021. Por si fuera poco, la trasera del Ayuntamiento (lo que llamaban La Alh\u00f3ndiga), que era un aparcamiento de servicio para el propio ayuntamiento, se ha convertido en el dep\u00f3sito de coches que retira la gr\u00faa (cuando no est\u00e1 colmatado) y casi se parece m\u00e1s a una chatarra, con coches \u201cescacharrados\u201d, o con las ruedas \u201cpinchadas\u201d, cuando no directamente abandonados. \u00a1Triste!<\/li>\n<\/ul>\n<p><a href=\"https:\/\/elcotarro.com\/wp-content\/uploads\/2021\/10\/9.-DEPOSITO-DE-VEHICULOS.jpeg\"><img loading=\"lazy\" decoding=\"async\" class=\"size-full wp-image-10226 aligncenter\" src=\"https:\/\/elcotarro.com\/wp-content\/uploads\/2021\/10\/9.-DEPOSITO-DE-VEHICULOS.jpeg\" alt=\"\" width=\"2048\" height=\"1536\" srcset=\"https:\/\/elcotarro.com\/wp-content\/uploads\/2021\/10\/9.-DEPOSITO-DE-VEHICULOS.jpeg 2048w, https:\/\/elcotarro.com\/wp-content\/uploads\/2021\/10\/9.-DEPOSITO-DE-VEHICULOS-300x225.jpeg 300w, https:\/\/elcotarro.com\/wp-content\/uploads\/2021\/10\/9.-DEPOSITO-DE-VEHICULOS-1024x768.jpeg 1024w, https:\/\/elcotarro.com\/wp-content\/uploads\/2021\/10\/9.-DEPOSITO-DE-VEHICULOS-768x576.jpeg 768w, https:\/\/elcotarro.com\/wp-content\/uploads\/2021\/10\/9.-DEPOSITO-DE-VEHICULOS-1536x1152.jpeg 1536w\" sizes=\"auto, (max-width: 2048px) 100vw, 2048px\" \/><\/a><\/p>\n<p style=\"text-align: center\"><em>El aparcamiento convertido en dep\u00f3sito de veh\u00edculos y casi una chatarra.<\/em><\/p>\n<p>&nbsp;<\/p>\n<p><span style=\"color: #0000ff\"><strong>TEMOR POR LO QUE <\/strong><strong>PUEDA<\/strong><strong> PASAR EN \u2018HALLOWEEN\u2019<\/strong><\/span><\/p>\n<ul>\n<li>Y pasan los a\u00f1os, y a peor la mejor\u00eda. Con este real y vergonzoso panorama, \u00bfQu\u00e9 se puede pedir a unos profesionales, tan \u201cquemados\u201d como desilusionados? Lo peor es que, por lo que se vislumbra, la cosa tardar\u00e1 mucho en mejorarse. Un ejemplo: Las plazas vacantes que se convocaran hoy en un concurso, terminar\u00edan inyectando nuevos polic\u00edas, de forma efectiva en la calle, en no menos de un a\u00f1o y medio. Y para contar con un nuevo cuartel, moderno y en condiciones, \u00e9chenle no menos de tres a\u00f1os. Mientras tanto, la jefa <strong>Mar\u00eda Elena Delgado<\/strong>, el presidente de la Asociaci\u00f3n de Vecinos del Caso, <strong>Pablo Reyes<\/strong>, las distintas comunidades de la zona de \u201cEl Cuadril\u00e1tero\u201d, la ciudadan\u00eda lagunera en general y no s\u00e9 si el concejal de Seguridad Ciudadana, <strong>Alejandro Marrero<\/strong>, miran y esperan, con mucho temor (cuando no p\u00e1nico) a ver que pueda suceder el fin de semana del dichoso y pu\u00f1etero Halloween. Tienen una semana para montar un espectacular y efectivo dispositivo. Am\u00e9n.<\/li>\n<\/ul>\n<p><a href=\"https:\/\/elcotarro.com\/wp-content\/uploads\/2021\/10\/10.-BOTELLON-CUADRILATERO.jpg\"><img loading=\"lazy\" decoding=\"async\" class=\"size-full wp-image-10228 aligncenter\" src=\"https:\/\/elcotarro.com\/wp-content\/uploads\/2021\/10\/10.-BOTELLON-CUADRILATERO.jpg\" alt=\"\" width=\"880\" height=\"495\" srcset=\"https:\/\/elcotarro.com\/wp-content\/uploads\/2021\/10\/10.-BOTELLON-CUADRILATERO.jpg 880w, https:\/\/elcotarro.com\/wp-content\/uploads\/2021\/10\/10.-BOTELLON-CUADRILATERO-300x169.jpg 300w, https:\/\/elcotarro.com\/wp-content\/uploads\/2021\/10\/10.-BOTELLON-CUADRILATERO-768x432.jpg 768w\" sizes=\"auto, (max-width: 880px) 100vw, 880px\" \/><\/a><\/p>\n<p style=\"text-align: center\"><em>Macro botell\u00f3n ruidoso en la problem\u00e1tica zona lagunera de \u201cEl Cuadril\u00e1tero\u201d <\/em><\/p>\n<p>&nbsp;<\/p>\n<p><span style=\"color: #0000ff\"><strong>CASI NOS SALE M\u00c1S BARATO DAR 5\u20ac A CADA JOVEN<\/strong><\/span><\/p>\n<ul>\n<li>Una an\u00e9cdota (que no es tan an\u00e9cdota) para rematar <strong><em>El Cotarro<\/em><\/strong> de hoy. Dicen algunas de las personas que protagonizan los \u201cbotellones\u201d que lo hacen obligados \u201cpor lo caro que est\u00e1n las bebidas en los locales de ocio\u201d. Durante el proceso de elaboraci\u00f3n de la Ordenanza de Convivencia, en la Comisi\u00f3n Ciudadana hicimos un estudio (no muy riguroso, claro) para ver lo que supon\u00eda cada noche de \u201cbotell\u00f3n\u201d para La Laguna. Se puso sobre la mesa que hab\u00eda que pagar horas extras a la Polic\u00eda Local, a los operarios de limpieza y a los jardineros: Aparte, afrontar el coste de reposici\u00f3n de plantas en jardines y de sistemas de riego, de arreglo de destrozos en el mobiliario urbano, de arreglo de fachadas (a pagar por sus propietarios, pero que se tienen que arreglar y pagar) \u2026 En fin, que hicimos un prorrateo y llegamos a la conclusi\u00f3n de que, bien mirado, igual saldr\u00eda a cuenta dar a cada joven (mayor de edad) 5 euritos a cada uno, y que se los gastaran en los locales de ocio legalmente abiertos.<\/li>\n<\/ul>\n<p><a href=\"https:\/\/elcotarro.com\/wp-content\/uploads\/2021\/10\/11.-RESTOS-DE-BOTELLON.jpeg\"><img loading=\"lazy\" decoding=\"async\" class=\"size-full wp-image-10229 aligncenter\" src=\"https:\/\/elcotarro.com\/wp-content\/uploads\/2021\/10\/11.-RESTOS-DE-BOTELLON.jpeg\" alt=\"\" width=\"2048\" height=\"1536\" srcset=\"https:\/\/elcotarro.com\/wp-content\/uploads\/2021\/10\/11.-RESTOS-DE-BOTELLON.jpeg 2048w, https:\/\/elcotarro.com\/wp-content\/uploads\/2021\/10\/11.-RESTOS-DE-BOTELLON-300x225.jpeg 300w, https:\/\/elcotarro.com\/wp-content\/uploads\/2021\/10\/11.-RESTOS-DE-BOTELLON-1024x768.jpeg 1024w, https:\/\/elcotarro.com\/wp-content\/uploads\/2021\/10\/11.-RESTOS-DE-BOTELLON-768x576.jpeg 768w, https:\/\/elcotarro.com\/wp-content\/uploads\/2021\/10\/11.-RESTOS-DE-BOTELLON-1536x1152.jpeg 1536w\" sizes=\"auto, (max-width: 2048px) 100vw, 2048px\" \/><\/a><\/p>\n<p style=\"text-align: center\"><em>Basura que dejan tirada, sin verg\u00fcenza alguna, en todas las zonas de \u201cbotell\u00f3n\u201d<\/em><\/p>\n<p>&nbsp;<\/p>\n<p><span style=\"color: #0000ff\"><strong>ALARMA EN LAS ASOCIACIONES Y COMUNIDADES<\/strong><\/span><\/p>\n<ul>\n<li>Dicho todo lo anterior, y para que no digan que soy yo solo el que siempre escribe y opina en <strong><em>El Cotarro<\/em><\/strong>, a continuaci\u00f3n cedo y dejo encantado el restante espacio de la edici\u00f3n de hoy, a la Asociaci\u00f3n de Vecinos del Casco Hist\u00f3rico de La Laguna, a otras asociaciones y comunidades de vecinos, sobre todo de la zona de \u201cEl Cuadril\u00e1tero\u201d lagunero y otros vecinas de La Laguna que, hace unos d\u00edas, han manifestado su tremendo malestar y profunda preocupaci\u00f3n por la problem\u00e1tica del \u201cbotell\u00f3n\u201d por medio de un contundente comunicado. El comunicado lo firma <strong>Pablo Reyes N\u00fa\u00f1ez<\/strong>, el presidente de la mencionada Asociaci\u00f3n de Vecinos Casco Hist\u00f3rico de La Laguna, y, para quienes lo quieran leer libre y voluntariamente, se lo reproduzco \u00edntegramente. Sin duda, la alarma en asociaciones y la ciudadan\u00eda queda clara y manifiesta.<\/li>\n<\/ul>\n<p><a href=\"https:\/\/elcotarro.com\/wp-content\/uploads\/2021\/10\/12.-PABLO-REYES-NUNEZ.jpg\"><img loading=\"lazy\" decoding=\"async\" class=\"size-full wp-image-10230 aligncenter\" src=\"https:\/\/elcotarro.com\/wp-content\/uploads\/2021\/10\/12.-PABLO-REYES-NUNEZ.jpg\" alt=\"\" width=\"322\" height=\"229\" srcset=\"https:\/\/elcotarro.com\/wp-content\/uploads\/2021\/10\/12.-PABLO-REYES-NUNEZ.jpg 322w, https:\/\/elcotarro.com\/wp-content\/uploads\/2021\/10\/12.-PABLO-REYES-NUNEZ-300x213.jpg 300w\" sizes=\"auto, (max-width: 322px) 100vw, 322px\" \/><\/a><\/p>\n<p style=\"text-align: center\"><em>Pablo Reyes N\u00fa\u00f1ez, firmante del comunicado que reproducimos \u00edntegramente<\/em><\/p>\n<p>&nbsp;<\/p>\n<p style=\"text-align: center\"><span style=\"color: #ff0000\"><strong>ESDICI\u00d3N ESPECIAL <\/strong><\/span><\/p>\n<p style=\"text-align: center\"><span style=\"color: #ff0000\"><strong>TEXTO \u00cdNTEGRO DEL COMUNICADO DE LA ASOCIACI\u00d3N<\/strong> <strong>DE VECINOS<\/strong><strong> DEL CASCO DE LA LAGUNA<\/strong><\/span><\/p>\n<p>&nbsp;<\/p>\n<p><span style=\"color: #0000ff\"><strong>COMUNICADO DE ASOCIACIONES Y COMUNIDADES<\/strong><\/span><\/p>\n<ul>\n<li>El comunicado firmado por <strong>Pablo Reyes N\u00fa\u00f1ez<\/strong> y que les reproduzco \u00edntegramente, para quien deseen leerlo. Comienza manifestando lo siguiente: <em>\u201cSorprendidos y alarmados por la aparici\u00f3n de una desproporcionada cantidad de personas, muchos de ellos menores de edad, el pasado \u201cpuente del Pilar\u201d haciendo \u201cbotell\u00f3n\u201d en la plaza <\/em><strong><em>V\u00edctor Zurita Soler<\/em><\/strong><em>, coraz\u00f3n del denominado \u201ccuadril\u00e1tero lagunero\u201d, la asociaci\u00f3n de vecinos \u201cCasco Hist\u00f3rico de La Laguna\u201d y alrededor de 25 presidentes de comunidades de propietarios de edificios -la mayor\u00eda de la zona del cuadril\u00e1tero- mantuvieron una reuni\u00f3n el 13 de octubre de 2021, para adoptar acciones conjuntas ante un fen\u00f3meno que est\u00e1 generando una notable tensi\u00f3n entre los vecinos afectados\u201d.<\/em><\/li>\n<\/ul>\n<p><span style=\"color: #0000ff\"><strong>MENORES DE EDAD EN LA MADRUGADA LAGUNERA<\/strong><\/span><\/p>\n<ul>\n<li>El contundente comunicado que firma <strong>Pablo Reyes<\/strong> contin\u00faa describiendo la problem\u00e1tica con m\u00e1s y m\u00e1s ejemplos de actitudes y realidades inaguantables: <em>\u201cSe nota entre otros aspectos lo siguiente: Elevada presencia de menores de edad en horas de madrugada; puntos de venta ilegal de bebidas alcoh\u00f3licas a los mismos; consumo generalizado de alcohol en espacios p\u00fablicos; alto volumen de ruido hasta la madrugada que impide el descanso de los vecinos; menudeo en la venta de drogas atestiguados por los residentes que lo ven desde sus viviendas; vandalismo y da\u00f1os a la propiedad privada visible en coches, portales, fachadas, (pintadas o roturas de cristales); as\u00ed como da\u00f1os al mobiliario urbano de propiedad p\u00fablica; posibles convocatorias ilegales para concentraciones en el espacio mencionado p\u00fablico; notoria presencia de personas en la calzada y v\u00edas de entrada, que impiden el normal acceso de los veh\u00edculos de los residentes a sus garajes\u201d<\/em><\/li>\n<\/ul>\n<p><span style=\"color: #0000ff\"><strong>INCUMPLIMIENTO DE ORDENANZA DE CONVIVENCIA<\/strong><\/span><\/p>\n<ul>\n<li>El comunicado remata su relaci\u00f3n de hechos manifestando lo siguiente: <em>\u201cIncumplimiento de varios art\u00edculos de la ordenanza municipal de Convivencia Ciudadana; incremento notable de la ansiedad de los residentes ante las m\u00faltiples situaciones de tensi\u00f3n generadas; suciedad e insalubridad al d\u00eda siguiente en forma de orines en cualquier esquina, v\u00f3mitos a consecuencia de m\u00e1s de una borrachera, o basura derivada de los restos de botellas vac\u00edas, bolsas pl\u00e1sticas, etc.; inacci\u00f3n por parte de los insuficientes agentes de la polic\u00eda local y nacional presentes, permisividad de los responsables pol\u00edticos que no han anticipado una respuesta a un fen\u00f3meno que se viene repitiendo en otras ciudades del pa\u00eds; fueron algunos de los principales testimonios aportados por los representantes de las comunidades presentes en la reuni\u00f3n\u201d<\/em>. Casi nada lo que, de forma tan clara y rotunda, como lamentable y peligrosa describe el comunicado firmado por <strong>Pablo Reyes<\/strong> <strong>N\u00fa\u00f1ez<\/strong> y que termina con un interesante mensaje que es, al mismo tiempo, un \u201caviso a navegantes\u201d \u2026<\/li>\n<\/ul>\n<p><span style=\"color: #0000ff\"><strong>AVISO DE POSIBLE PASO A PROBLEMAS MAYORES<\/strong><\/span><\/p>\n<ul>\n<li><em>\u201cA partir de este an\u00e1lisis compartido entre la asociaci\u00f3n de vecinos (AV) y representantes de las comunidades de propietarios, el colectivo vecinal se ha comprometido a trasladar estas manifestaciones al concejal de Seguridad Ciudadana, <\/em><strong><em>Alejandro Marrero<\/em><\/strong><em>, en una pr\u00f3xima reuni\u00f3n, a efectos de que se proceda a una decidida toma de decisiones del grupo de Gobierno que aplique medidas que den soluci\u00f3n a un fen\u00f3meno que amenaza con repetirse todos los fines de semana o que se puede trasladar a otras zonas del municipio. Esta fue la conclusi\u00f3n al t\u00e9rmino de una intensa y c\u00edvica reuni\u00f3n que constituye el primer paso en la serie de actuaciones que pretende llevar a cabo la AV conjuntamente con las comunidades de propietarios, ante una muy preocupante situaci\u00f3n que est\u00e1 alterando la convivencia ciudadana y haciendo disminuir aceleradamente la calidad de vida que se disfrutaba en la zona durante el periodo en el que han durado medidas restrictivas debido al COVID. Que las pocas mejoras habidas a lo largo de la situaci\u00f3n pand\u00e9mica no desaparezcan ante el resurgir del fen\u00f3meno del \u201cbotell\u00f3n\u201d que, de no estar encauzado, puede traer muchos perjuicios a los vecinos y al municipio\u201d. <\/em>Hasta aqu\u00ed el comunicado firmado que firma <strong>Pablo Reyes N\u00fa\u00f1ez<\/strong>. \u00a1\u00a1Ojal\u00e1 tome nota quien proceda y, sobre todo, tome cartas en el asunto y ponga soluciones, ya!!<\/li>\n<\/ul>\n<p>&nbsp;<\/p>\n<p><span style=\"color: #0000ff\"><strong>* Jos\u00e9 Carlos MARRERO GONZ\u00c1LEZ<\/strong><\/span><\/p>\n<p>Periodista y analista de la actualidad.<\/p>\n<p>Director de <strong><em>El Cotarro<\/em><\/strong> (www.elcotarro.com)<\/p>\n<p>Director de <strong><em>Canarias en Positivo<\/em><\/strong> (www.canariasenpositivo.com)<\/p>\n<p>Director de <strong><em>GastroCanarias<\/em><\/strong> (www.gastrocanarias.com)<\/p>\n<p><em>\u00a0<\/em><\/p>\n<p>&nbsp;<\/p>\n<p>&nbsp;<\/p>\n<p>&nbsp;<\/p>\n<p>&nbsp;<\/p>\n<p>&nbsp;<\/p>\n<p>&nbsp;<\/p>\n","protected":false},"excerpt":{"rendered":"<p>\u201cEL COTARRO\u201d N\u00ba372 DEL 24 DE OCTUBRE DE 2021 \u00a0 FELICIDAD, CONVIVENCIA, MOLESTIA, RUIDO Y CAOS Creo que no me equivoco si les digo que, para ser feliz o para tener algo de felicidad, tiene mucho que ver el poder disfrutar de una convivencia en paz. Para que esa convivencia sea verdaderamente en paz, es &#8230; <a class=\"read-more\" href=\"https:\/\/elcotarro.com\/?p=10216\">Read more<\/a><\/p>\n","protected":false},"author":2,"featured_media":0,"comment_status":"open","ping_status":"open","sticky":false,"template":"","format":"standard","meta":{"_jetpack_memberships_contains_paid_content":false,"footnotes":""},"categories":[4],"tags":[],"class_list":["post-10216","post","type-post","status-publish","format-standard","hentry","category-el-cotarro"],"yoast_head":"<!-- This site is optimized with the Yoast SEO plugin v27.0 - https:\/\/yoast.com\/product\/yoast-seo-wordpress\/ -->\n<title>EL COTARRO N\u00ba372 DEL DOMINGO 24\/10\/2021 - El Cotarro<\/title>\n<meta name=\"robots\" content=\"index, follow, max-snippet:-1, max-image-preview:large, max-video-preview:-1\" \/>\n<link rel=\"canonical\" href=\"https:\/\/elcotarro.com\/?p=10216\" \/>\n<meta property=\"og:locale\" content=\"es_ES\" \/>\n<meta property=\"og:type\" content=\"article\" \/>\n<meta property=\"og:title\" content=\"EL COTARRO N\u00ba372 DEL DOMINGO 24\/10\/2021 - El Cotarro\" \/>\n<meta property=\"og:description\" content=\"\u201cEL COTARRO\u201d N\u00ba372 DEL 24 DE OCTUBRE DE 2021 \u00a0 FELICIDAD, CONVIVENCIA, MOLESTIA, RUIDO Y CAOS Creo que no me equivoco si les digo que, para ser feliz o para tener algo de felicidad, tiene mucho que ver el poder disfrutar de una convivencia en paz. Para que esa convivencia sea verdaderamente en paz, es ... Read more\" \/>\n<meta property=\"og:url\" content=\"https:\/\/elcotarro.com\/?p=10216\" \/>\n<meta property=\"og:site_name\" content=\"El Cotarro\" \/>\n<meta property=\"article:publisher\" content=\"https:\/\/www.facebook.com\/ElCotarro.Tenerife\" \/>\n<meta property=\"article:published_time\" content=\"2021-10-23T23:53:48+00:00\" \/>\n<meta property=\"og:image\" content=\"https:\/\/elcotarro.com\/wp-content\/uploads\/2021\/10\/1.-MAFALDA.jpg\" \/>\n<meta name=\"author\" content=\"Jos\u00e9 Carlos Marrero Gonz\u00e1lez\" \/>\n<meta name=\"twitter:label1\" content=\"Escrito por\" \/>\n\t<meta name=\"twitter:data1\" content=\"Jos\u00e9 Carlos Marrero Gonz\u00e1lez\" \/>\n\t<meta name=\"twitter:label2\" content=\"Tiempo de lectura\" \/>\n\t<meta name=\"twitter:data2\" content=\"16 minutos\" \/>\n<script type=\"application\/ld+json\" class=\"yoast-schema-graph\">{\"@context\":\"https:\/\/schema.org\",\"@graph\":[{\"@type\":\"Article\",\"@id\":\"https:\/\/elcotarro.com\/?p=10216#article\",\"isPartOf\":{\"@id\":\"https:\/\/elcotarro.com\/?p=10216\"},\"author\":{\"name\":\"Jos\u00e9 Carlos Marrero Gonz\u00e1lez\",\"@id\":\"https:\/\/elcotarro.com\/#\/schema\/person\/af537ee7d60d15984c7e0affcd8a918b\"},\"headline\":\"EL COTARRO N\u00ba372 DEL DOMINGO 24\/10\/2021\",\"datePublished\":\"2021-10-23T23:53:48+00:00\",\"mainEntityOfPage\":{\"@id\":\"https:\/\/elcotarro.com\/?p=10216\"},\"wordCount\":3266,\"commentCount\":0,\"publisher\":{\"@id\":\"https:\/\/elcotarro.com\/#organization\"},\"image\":{\"@id\":\"https:\/\/elcotarro.com\/?p=10216#primaryimage\"},\"thumbnailUrl\":\"https:\/\/elcotarro.com\/wp-content\/uploads\/2021\/10\/1.-MAFALDA.jpg\",\"articleSection\":[\"El Cotarro\"],\"inLanguage\":\"es\",\"potentialAction\":[{\"@type\":\"CommentAction\",\"name\":\"Comment\",\"target\":[\"https:\/\/elcotarro.com\/?p=10216#respond\"]}]},{\"@type\":\"WebPage\",\"@id\":\"https:\/\/elcotarro.com\/?p=10216\",\"url\":\"https:\/\/elcotarro.com\/?p=10216\",\"name\":\"EL COTARRO N\u00ba372 DEL DOMINGO 24\/10\/2021 - El Cotarro\",\"isPartOf\":{\"@id\":\"https:\/\/elcotarro.com\/#website\"},\"primaryImageOfPage\":{\"@id\":\"https:\/\/elcotarro.com\/?p=10216#primaryimage\"},\"image\":{\"@id\":\"https:\/\/elcotarro.com\/?p=10216#primaryimage\"},\"thumbnailUrl\":\"https:\/\/elcotarro.com\/wp-content\/uploads\/2021\/10\/1.-MAFALDA.jpg\",\"datePublished\":\"2021-10-23T23:53:48+00:00\",\"breadcrumb\":{\"@id\":\"https:\/\/elcotarro.com\/?p=10216#breadcrumb\"},\"inLanguage\":\"es\",\"potentialAction\":[{\"@type\":\"ReadAction\",\"target\":[\"https:\/\/elcotarro.com\/?p=10216\"]}]},{\"@type\":\"ImageObject\",\"inLanguage\":\"es\",\"@id\":\"https:\/\/elcotarro.com\/?p=10216#primaryimage\",\"url\":\"https:\/\/elcotarro.com\/wp-content\/uploads\/2021\/10\/1.-MAFALDA.jpg\",\"contentUrl\":\"https:\/\/elcotarro.com\/wp-content\/uploads\/2021\/10\/1.-MAFALDA.jpg\",\"width\":720,\"height\":596},{\"@type\":\"BreadcrumbList\",\"@id\":\"https:\/\/elcotarro.com\/?p=10216#breadcrumb\",\"itemListElement\":[{\"@type\":\"ListItem\",\"position\":1,\"name\":\"Portada\",\"item\":\"https:\/\/elcotarro.com\/\"},{\"@type\":\"ListItem\",\"position\":2,\"name\":\"EL COTARRO N\u00ba372 DEL DOMINGO 24\/10\/2021\"}]},{\"@type\":\"WebSite\",\"@id\":\"https:\/\/elcotarro.com\/#website\",\"url\":\"https:\/\/elcotarro.com\/\",\"name\":\"El Cotarro\",\"description\":\"Peri\u00f3dico Digital Independiente dirigido por Jos\u00e9 Carlos Marrero\",\"publisher\":{\"@id\":\"https:\/\/elcotarro.com\/#organization\"},\"potentialAction\":[{\"@type\":\"SearchAction\",\"target\":{\"@type\":\"EntryPoint\",\"urlTemplate\":\"https:\/\/elcotarro.com\/?s={search_term_string}\"},\"query-input\":{\"@type\":\"PropertyValueSpecification\",\"valueRequired\":true,\"valueName\":\"search_term_string\"}}],\"inLanguage\":\"es\"},{\"@type\":\"Organization\",\"@id\":\"https:\/\/elcotarro.com\/#organization\",\"name\":\"El Cotarro\",\"url\":\"https:\/\/elcotarro.com\/\",\"logo\":{\"@type\":\"ImageObject\",\"inLanguage\":\"es\",\"@id\":\"https:\/\/elcotarro.com\/#\/schema\/logo\/image\/\",\"url\":\"https:\/\/elcotarro.com\/wp-content\/uploads\/2014\/09\/Cabecera_El_Cotarro_v2.jpg\",\"contentUrl\":\"https:\/\/elcotarro.com\/wp-content\/uploads\/2014\/09\/Cabecera_El_Cotarro_v2.jpg\",\"width\":3540,\"height\":441,\"caption\":\"El Cotarro\"},\"image\":{\"@id\":\"https:\/\/elcotarro.com\/#\/schema\/logo\/image\/\"},\"sameAs\":[\"https:\/\/www.facebook.com\/ElCotarro.Tenerife\"]},{\"@type\":\"Person\",\"@id\":\"https:\/\/elcotarro.com\/#\/schema\/person\/af537ee7d60d15984c7e0affcd8a918b\",\"name\":\"Jos\u00e9 Carlos Marrero Gonz\u00e1lez\",\"image\":{\"@type\":\"ImageObject\",\"inLanguage\":\"es\",\"@id\":\"https:\/\/elcotarro.com\/#\/schema\/person\/image\/\",\"url\":\"https:\/\/secure.gravatar.com\/avatar\/def4da036efb5d32c74d49c351f6dccc064dd69ad9f3aadc295c5a9a5391ca01?s=96&d=mm&r=g\",\"contentUrl\":\"https:\/\/secure.gravatar.com\/avatar\/def4da036efb5d32c74d49c351f6dccc064dd69ad9f3aadc295c5a9a5391ca01?s=96&d=mm&r=g\",\"caption\":\"Jos\u00e9 Carlos Marrero Gonz\u00e1lez\"},\"sameAs\":[\"https:\/\/elcotarro.com\"],\"url\":\"https:\/\/elcotarro.com\/?author=2\"}]}<\/script>\n<!-- \/ Yoast SEO plugin. -->","yoast_head_json":{"title":"EL COTARRO N\u00ba372 DEL DOMINGO 24\/10\/2021 - El Cotarro","robots":{"index":"index","follow":"follow","max-snippet":"max-snippet:-1","max-image-preview":"max-image-preview:large","max-video-preview":"max-video-preview:-1"},"canonical":"https:\/\/elcotarro.com\/?p=10216","og_locale":"es_ES","og_type":"article","og_title":"EL COTARRO N\u00ba372 DEL DOMINGO 24\/10\/2021 - El Cotarro","og_description":"\u201cEL COTARRO\u201d N\u00ba372 DEL 24 DE OCTUBRE DE 2021 \u00a0 FELICIDAD, CONVIVENCIA, MOLESTIA, RUIDO Y CAOS Creo que no me equivoco si les digo que, para ser feliz o para tener algo de felicidad, tiene mucho que ver el poder disfrutar de una convivencia en paz. Para que esa convivencia sea verdaderamente en paz, es ... Read more","og_url":"https:\/\/elcotarro.com\/?p=10216","og_site_name":"El Cotarro","article_publisher":"https:\/\/www.facebook.com\/ElCotarro.Tenerife","article_published_time":"2021-10-23T23:53:48+00:00","og_image":[{"url":"https:\/\/elcotarro.com\/wp-content\/uploads\/2021\/10\/1.-MAFALDA.jpg","type":"","width":"","height":""}],"author":"Jos\u00e9 Carlos Marrero Gonz\u00e1lez","twitter_misc":{"Escrito por":"Jos\u00e9 Carlos Marrero Gonz\u00e1lez","Tiempo de lectura":"16 minutos"},"schema":{"@context":"https:\/\/schema.org","@graph":[{"@type":"Article","@id":"https:\/\/elcotarro.com\/?p=10216#article","isPartOf":{"@id":"https:\/\/elcotarro.com\/?p=10216"},"author":{"name":"Jos\u00e9 Carlos Marrero Gonz\u00e1lez","@id":"https:\/\/elcotarro.com\/#\/schema\/person\/af537ee7d60d15984c7e0affcd8a918b"},"headline":"EL COTARRO N\u00ba372 DEL DOMINGO 24\/10\/2021","datePublished":"2021-10-23T23:53:48+00:00","mainEntityOfPage":{"@id":"https:\/\/elcotarro.com\/?p=10216"},"wordCount":3266,"commentCount":0,"publisher":{"@id":"https:\/\/elcotarro.com\/#organization"},"image":{"@id":"https:\/\/elcotarro.com\/?p=10216#primaryimage"},"thumbnailUrl":"https:\/\/elcotarro.com\/wp-content\/uploads\/2021\/10\/1.-MAFALDA.jpg","articleSection":["El Cotarro"],"inLanguage":"es","potentialAction":[{"@type":"CommentAction","name":"Comment","target":["https:\/\/elcotarro.com\/?p=10216#respond"]}]},{"@type":"WebPage","@id":"https:\/\/elcotarro.com\/?p=10216","url":"https:\/\/elcotarro.com\/?p=10216","name":"EL COTARRO N\u00ba372 DEL DOMINGO 24\/10\/2021 - El Cotarro","isPartOf":{"@id":"https:\/\/elcotarro.com\/#website"},"primaryImageOfPage":{"@id":"https:\/\/elcotarro.com\/?p=10216#primaryimage"},"image":{"@id":"https:\/\/elcotarro.com\/?p=10216#primaryimage"},"thumbnailUrl":"https:\/\/elcotarro.com\/wp-content\/uploads\/2021\/10\/1.-MAFALDA.jpg","datePublished":"2021-10-23T23:53:48+00:00","breadcrumb":{"@id":"https:\/\/elcotarro.com\/?p=10216#breadcrumb"},"inLanguage":"es","potentialAction":[{"@type":"ReadAction","target":["https:\/\/elcotarro.com\/?p=10216"]}]},{"@type":"ImageObject","inLanguage":"es","@id":"https:\/\/elcotarro.com\/?p=10216#primaryimage","url":"https:\/\/elcotarro.com\/wp-content\/uploads\/2021\/10\/1.-MAFALDA.jpg","contentUrl":"https:\/\/elcotarro.com\/wp-content\/uploads\/2021\/10\/1.-MAFALDA.jpg","width":720,"height":596},{"@type":"BreadcrumbList","@id":"https:\/\/elcotarro.com\/?p=10216#breadcrumb","itemListElement":[{"@type":"ListItem","position":1,"name":"Portada","item":"https:\/\/elcotarro.com\/"},{"@type":"ListItem","position":2,"name":"EL COTARRO N\u00ba372 DEL DOMINGO 24\/10\/2021"}]},{"@type":"WebSite","@id":"https:\/\/elcotarro.com\/#website","url":"https:\/\/elcotarro.com\/","name":"El Cotarro","description":"Peri\u00f3dico Digital Independiente dirigido por Jos\u00e9 Carlos Marrero","publisher":{"@id":"https:\/\/elcotarro.com\/#organization"},"potentialAction":[{"@type":"SearchAction","target":{"@type":"EntryPoint","urlTemplate":"https:\/\/elcotarro.com\/?s={search_term_string}"},"query-input":{"@type":"PropertyValueSpecification","valueRequired":true,"valueName":"search_term_string"}}],"inLanguage":"es"},{"@type":"Organization","@id":"https:\/\/elcotarro.com\/#organization","name":"El Cotarro","url":"https:\/\/elcotarro.com\/","logo":{"@type":"ImageObject","inLanguage":"es","@id":"https:\/\/elcotarro.com\/#\/schema\/logo\/image\/","url":"https:\/\/elcotarro.com\/wp-content\/uploads\/2014\/09\/Cabecera_El_Cotarro_v2.jpg","contentUrl":"https:\/\/elcotarro.com\/wp-content\/uploads\/2014\/09\/Cabecera_El_Cotarro_v2.jpg","width":3540,"height":441,"caption":"El Cotarro"},"image":{"@id":"https:\/\/elcotarro.com\/#\/schema\/logo\/image\/"},"sameAs":["https:\/\/www.facebook.com\/ElCotarro.Tenerife"]},{"@type":"Person","@id":"https:\/\/elcotarro.com\/#\/schema\/person\/af537ee7d60d15984c7e0affcd8a918b","name":"Jos\u00e9 Carlos Marrero Gonz\u00e1lez","image":{"@type":"ImageObject","inLanguage":"es","@id":"https:\/\/elcotarro.com\/#\/schema\/person\/image\/","url":"https:\/\/secure.gravatar.com\/avatar\/def4da036efb5d32c74d49c351f6dccc064dd69ad9f3aadc295c5a9a5391ca01?s=96&d=mm&r=g","contentUrl":"https:\/\/secure.gravatar.com\/avatar\/def4da036efb5d32c74d49c351f6dccc064dd69ad9f3aadc295c5a9a5391ca01?s=96&d=mm&r=g","caption":"Jos\u00e9 Carlos Marrero Gonz\u00e1lez"},"sameAs":["https:\/\/elcotarro.com"],"url":"https:\/\/elcotarro.com\/?author=2"}]}},"jetpack_featured_media_url":"","jetpack_sharing_enabled":true,"_links":{"self":[{"href":"https:\/\/elcotarro.com\/index.php?rest_route=\/wp\/v2\/posts\/10216","targetHints":{"allow":["GET"]}}],"collection":[{"href":"https:\/\/elcotarro.com\/index.php?rest_route=\/wp\/v2\/posts"}],"about":[{"href":"https:\/\/elcotarro.com\/index.php?rest_route=\/wp\/v2\/types\/post"}],"author":[{"embeddable":true,"href":"https:\/\/elcotarro.com\/index.php?rest_route=\/wp\/v2\/users\/2"}],"replies":[{"embeddable":true,"href":"https:\/\/elcotarro.com\/index.php?rest_route=%2Fwp%2Fv2%2Fcomments&post=10216"}],"version-history":[{"count":5,"href":"https:\/\/elcotarro.com\/index.php?rest_route=\/wp\/v2\/posts\/10216\/revisions"}],"predecessor-version":[{"id":10235,"href":"https:\/\/elcotarro.com\/index.php?rest_route=\/wp\/v2\/posts\/10216\/revisions\/10235"}],"wp:attachment":[{"href":"https:\/\/elcotarro.com\/index.php?rest_route=%2Fwp%2Fv2%2Fmedia&parent=10216"}],"wp:term":[{"taxonomy":"category","embeddable":true,"href":"https:\/\/elcotarro.com\/index.php?rest_route=%2Fwp%2Fv2%2Fcategories&post=10216"},{"taxonomy":"post_tag","embeddable":true,"href":"https:\/\/elcotarro.com\/index.php?rest_route=%2Fwp%2Fv2%2Ftags&post=10216"}],"curies":[{"name":"wp","href":"https:\/\/api.w.org\/{rel}","templated":true}]}}