{"id":10236,"date":"2021-10-31T10:42:24","date_gmt":"2021-10-31T10:42:24","guid":{"rendered":"https:\/\/elcotarro.com\/?p=10236"},"modified":"2021-11-02T23:06:32","modified_gmt":"2021-11-02T23:06:32","slug":"el-cotarro-no373-del-domingo-31-10-2021","status":"publish","type":"post","link":"https:\/\/elcotarro.com\/?p=10236","title":{"rendered":"EL COTARRO N\u00ba373 DEL DOMINGO 31\/10\/2021"},"content":{"rendered":"<blockquote><p><span style=\"color: #ff0000\"><strong>\u201cEL COTARRO\u201d N\u00ba373 DEL 31 DE OCTUBRE DE 2021<\/strong><\/span><\/p>\n<p>&nbsp;<\/p>\n<p><em style=\"font-size: 16px\">Por <strong>Jos\u00e9 Carlos Marrero *<\/strong><\/em><\/p><\/blockquote>\n<p><strong> \u00a0 \u00a0 \u00a0 \u00a0 \u00a0 \u00a0 \u00a0 \u00a0 \u00a0 \u00a0 \u00a0 \u00a0 \u00a0 \u00a0 \u00a0 \u00a0 \u00a0 \u00a0 \u00a0 \u00a0 \u00a0 \u00a0 \u00a0 \u00a0 \u00a0 \u00a0 \u00a0\u00a0<\/strong><\/p>\n<p><span style=\"color: #0000ff\"><strong>ALEJANDRO ESC\u00c1MEZ, NUEVO CAPIT\u00c1N GENERAL<\/strong><\/span><\/p>\n<ul>\n<li>El pasado viernes el Palacio de Capitan\u00eda General de Canarias, en la santacrucera Plaza de Weyler, volvi\u00f3 a vestirse de gala. En un solemne acto presidido por el Jefe del Estado Mayor del Ej\u00e9rcito de Tierra, el general de ej\u00e9rcito <strong>Amador Ense\u00f1at y Berea<\/strong>, tomaba posesi\u00f3n de su nuevo destino el hoy general de divisi\u00f3n <strong>Alejandro Esc\u00e1mez Fern\u00e1ndez<\/strong>, que, a partir de ahora, ostentar\u00e1 el cargo de Jefe del Mando de Canarias (que abarca, adem\u00e1s, a Baleares, Ceuta y Melilla). Como primera curiosidad, rese\u00f1ar que entre las unidades del Ej\u00e9rcito de Tierra que rindieron honores, se encontraba una secci\u00f3n del Regimiento de Infanter\u00eda \u201cTenerife 49\u201d, primera unidad en la que el hoy general <strong>Alejandro<\/strong> <strong>Esc\u00e1mez Fern\u00e1ndez<\/strong> sirvi\u00f3 como teniente, tras acabar sus estudios en la 40\u00aa Promoci\u00f3n de la Academia General Militar. El general <strong>Esc\u00e1mez Fern\u00e1ndez<\/strong> est\u00e1 casado, tiene dos hijas y habla ingl\u00e9s y franc\u00e9s.<\/li>\n<\/ul>\n<p><a href=\"https:\/\/elcotarro.com\/wp-content\/uploads\/2021\/10\/1.-ALEJANDRO-ESCAMEZ.jpg\"><img loading=\"lazy\" decoding=\"async\" class=\"size-full wp-image-10237 aligncenter\" src=\"https:\/\/elcotarro.com\/wp-content\/uploads\/2021\/10\/1.-ALEJANDRO-ESCAMEZ.jpg\" alt=\"\" width=\"797\" height=\"880\" srcset=\"https:\/\/elcotarro.com\/wp-content\/uploads\/2021\/10\/1.-ALEJANDRO-ESCAMEZ.jpg 797w, https:\/\/elcotarro.com\/wp-content\/uploads\/2021\/10\/1.-ALEJANDRO-ESCAMEZ-272x300.jpg 272w, https:\/\/elcotarro.com\/wp-content\/uploads\/2021\/10\/1.-ALEJANDRO-ESCAMEZ-768x848.jpg 768w\" sizes=\"auto, (max-width: 797px) 100vw, 797px\" \/><\/a><\/p>\n<p style=\"text-align: center\"><em>El general Alejandro Esc\u00e1mez Fern\u00e1ndez, nuevo Jefe del Mando de Canarias.<\/em><\/p>\n<p>&nbsp;<\/p>\n<p><span style=\"color: #0000ff\"><strong>PRESENTES LA PALMA Y EL GENERAL PALACIOS<\/strong><\/span><\/p>\n<ul>\n<li>Tras la tradicional parada militar junto a la Plaza de Weyler, se celebr\u00f3 en el emblem\u00e1tico Sal\u00f3n del Trono del Palacio de Capitan\u00eda el protocolario acto, propiamente dicho, de Toma de Posesi\u00f3n y Juramento del Cargo. Tras la lectura del Real Decreto de nombramiento como Jefe del Mando de Canarias, el general <strong>Alejandro Esc\u00e1mez Fern\u00e1ndez<\/strong> jur\u00f3 su cargo y dirigi\u00f3 unas palabras a los presentes, donde tras agradecer al General de Ej\u00e9rcito JEME, <strong>Amador Ense\u00f1at<\/strong>, su confianza al designarle para este exigente puesto, tuvo unas primeras palabras de recuerdo y total solidaridad con la isla de La Palma y su ciudadan\u00eda, ofreci\u00e9ndose desde el primer momento para ayudar en todo lo que precise y sea de su competencia. De igual modo, seguidamente, tuvo unas sentidas palabras de reconocimiento y elogio para su antecesor en la jefatura del Mando de Canarias, el Teniente General <strong>Carlos Palacios Zaforteza<\/strong>, hoy 2\u00ba JEME y desplazado especialmente para estar presente en el acto.<\/li>\n<\/ul>\n<p><a href=\"https:\/\/elcotarro.com\/wp-content\/uploads\/2021\/10\/2.-DISCURSO-scaled.jpg\"><img loading=\"lazy\" decoding=\"async\" class=\"size-full wp-image-10238 aligncenter\" src=\"https:\/\/elcotarro.com\/wp-content\/uploads\/2021\/10\/2.-DISCURSO-scaled.jpg\" alt=\"\" width=\"2560\" height=\"1707\" srcset=\"https:\/\/elcotarro.com\/wp-content\/uploads\/2021\/10\/2.-DISCURSO-scaled.jpg 2560w, https:\/\/elcotarro.com\/wp-content\/uploads\/2021\/10\/2.-DISCURSO-300x200.jpg 300w, https:\/\/elcotarro.com\/wp-content\/uploads\/2021\/10\/2.-DISCURSO-1024x683.jpg 1024w, https:\/\/elcotarro.com\/wp-content\/uploads\/2021\/10\/2.-DISCURSO-768x512.jpg 768w, https:\/\/elcotarro.com\/wp-content\/uploads\/2021\/10\/2.-DISCURSO-1536x1024.jpg 1536w, https:\/\/elcotarro.com\/wp-content\/uploads\/2021\/10\/2.-DISCURSO-2048x1365.jpg 2048w\" sizes=\"auto, (max-width: 2560px) 100vw, 2560px\" \/><\/a><\/p>\n<p style=\"text-align: center\"><em>El general Alejandro Esc\u00e1mez Fern\u00e1ndez pronunciando su discurso. En la tarima el JEME, Amador Ense\u00f1at y a la izquierda el 2\u00ba JEME, Carlos Palacios.<\/em><\/p>\n<p>&nbsp;<\/p>\n<p><span style=\"color: #0000ff\"><strong>EL <\/strong><strong>GENERAL ESC\u00c1MEZ MANDAR\u00c1 A 15.000 MILITARES<\/strong><\/span><\/p>\n<ul>\n<li>Hay que rese\u00f1ar que, en su larga y brillante carrera militar, el general <strong>Alejandro Esc\u00e1mez<\/strong> ha participado en misiones internacionales en Bosnia Herzegovina (1993) y dos veces en Afganist\u00e1n (2006 y 2010). En la nueva estructura del Ej\u00e9rcito de Tierra, el Mando de Canarias aglutina a la Brigada Canarias XVI, las comandancias generales de Baleares, Ceuta y Melilla, el Regimiento de Transmisiones N\u00ba22, el Regimiento de Guerra Electr\u00f3nica, N\u00ba32, el Regimiento de Artiller\u00eda Antia\u00e9rea N\u00ba34 y el Batall\u00f3n de Helic\u00f3pteros de Maniobra VI. En total la fuerza que desde ahora ya manda el general <strong>Alejandro Esc\u00e1mez Fern\u00e1ndez<\/strong> cuenta actualmente con unos 15.000 militares distribuidos por toda la geograf\u00eda espa\u00f1ola. Desde aqu\u00ed, haci\u00e9ndome eco de muchos canarios y canarias, as\u00ed como embajador de Marca Ej\u00e9rcito en Tenerife, no puedo por menos que felicitar sinceramente al general <strong>Esc\u00e1mez Fern\u00e1ndez<\/strong> y desearle toda la suerte del mundo y total \u00e9xito en su nuevo cargo.<\/li>\n<\/ul>\n<p><a href=\"https:\/\/elcotarro.com\/wp-content\/uploads\/2021\/10\/3.-FIRMA-DEL-RELEVO-scaled.jpg\"><img loading=\"lazy\" decoding=\"async\" class=\"size-full wp-image-10239 aligncenter\" src=\"https:\/\/elcotarro.com\/wp-content\/uploads\/2021\/10\/3.-FIRMA-DEL-RELEVO-scaled.jpg\" alt=\"\" width=\"2560\" height=\"1707\" srcset=\"https:\/\/elcotarro.com\/wp-content\/uploads\/2021\/10\/3.-FIRMA-DEL-RELEVO-scaled.jpg 2560w, https:\/\/elcotarro.com\/wp-content\/uploads\/2021\/10\/3.-FIRMA-DEL-RELEVO-300x200.jpg 300w, https:\/\/elcotarro.com\/wp-content\/uploads\/2021\/10\/3.-FIRMA-DEL-RELEVO-1024x683.jpg 1024w, https:\/\/elcotarro.com\/wp-content\/uploads\/2021\/10\/3.-FIRMA-DEL-RELEVO-768x512.jpg 768w, https:\/\/elcotarro.com\/wp-content\/uploads\/2021\/10\/3.-FIRMA-DEL-RELEVO-1536x1024.jpg 1536w, https:\/\/elcotarro.com\/wp-content\/uploads\/2021\/10\/3.-FIRMA-DEL-RELEVO-2048x1365.jpg 2048w\" sizes=\"auto, (max-width: 2560px) 100vw, 2560px\" \/><\/a><\/p>\n<p style=\"text-align: center\"><em>El nuevo Jefe del Mando de Canarias, Alejandro Esc\u00e1mez (i), el JEME, Amador Ense\u00f1at (c) y Jos\u00e9 Miguel De los Santos (comandante general de Melilla) \u00a0<\/em><\/p>\n<p>&nbsp;<\/p>\n<p><span style=\"color: #0000ff\"><strong>DETALLES QUE UNEN AL EJ\u00c9RCITO Y LA SOCIEDAD<\/strong><\/span><\/p>\n<ul>\n<li>A las grandes personas y a los mejores profesionales se les reconoce y valora muchas veces por los sencillos gestos y detalles que protagonizan en determinados momentos claves de su vida. En ese sentido, adem\u00e1s del solidario gesto de acordarse de La Palma y su pueblo en sus primeras palabras, nuestro nuevo Capit\u00e1n General, <strong>Alejandro Esc\u00e1mez Fern\u00e1ndez<\/strong> termin\u00f3 sus palabras encomend\u00e1ndose a Nuestra Se\u00f1ora, la <strong>Virgen de la Candelaria<\/strong>, Patrona General de Canarias. Al margen de creencias y \u201cpracticancias\u201d es, sin duda, un detalle de afecto y respeto que le honra y da cuenta del talante personal del <strong>General Esc\u00e1mez<\/strong>. Adem\u00e1s, destacar en lo que ser\u00e1 otro gran y merecido gesto, que el nuevo Jefe del Mando de Canarias, ha decidido y anunciado que la primera isla a visitar en su mandato, el pr\u00f3ximo mi\u00e9rcoles, ser\u00e1 La Palma y a los militares que prestan su servicio en ella.<\/li>\n<\/ul>\n<p><a href=\"https:\/\/elcotarro.com\/wp-content\/uploads\/2021\/10\/4.-JURAMENTO-scaled.jpg\"><img loading=\"lazy\" decoding=\"async\" class=\"size-full wp-image-10240 aligncenter\" src=\"https:\/\/elcotarro.com\/wp-content\/uploads\/2021\/10\/4.-JURAMENTO-scaled.jpg\" alt=\"\" width=\"2560\" height=\"1707\" srcset=\"https:\/\/elcotarro.com\/wp-content\/uploads\/2021\/10\/4.-JURAMENTO-scaled.jpg 2560w, https:\/\/elcotarro.com\/wp-content\/uploads\/2021\/10\/4.-JURAMENTO-300x200.jpg 300w, https:\/\/elcotarro.com\/wp-content\/uploads\/2021\/10\/4.-JURAMENTO-1024x683.jpg 1024w, https:\/\/elcotarro.com\/wp-content\/uploads\/2021\/10\/4.-JURAMENTO-768x512.jpg 768w, https:\/\/elcotarro.com\/wp-content\/uploads\/2021\/10\/4.-JURAMENTO-1536x1024.jpg 1536w, https:\/\/elcotarro.com\/wp-content\/uploads\/2021\/10\/4.-JURAMENTO-2048x1365.jpg 2048w\" sizes=\"auto, (max-width: 2560px) 100vw, 2560px\" \/><\/a><\/p>\n<p style=\"text-align: center\"><em>El general Alejandro Esc\u00e1mez Fern\u00e1ndez, en el momento de la jura de su nuevo cargo como Jefe del Mando de Canarias.<\/em><\/p>\n<p>&nbsp;<\/p>\n<p><span style=\"color: #0000ff\"><strong>Y EL JEME SE \u201cGAN\u00d3\u201d AL PUEBLO CHICHARRERO<\/strong><\/span><\/p>\n<ul>\n<li>Remato esta peque\u00f1a cr\u00f3nica del relevo del mando al frente de nuestra Zona Militar de Canarias, resaltando un \u00faltimo detalle y campechano gesto del Jefe del Estado Mayor del Ej\u00e9rcito de Tierra, el general de ej\u00e9rcito <strong>Amador Ense\u00f1at y Berea<\/strong> que, justo antes de dar por terminada la parada militar en el exterior del Palacio de Capitan\u00eda, se acerc\u00f3 a pocos cent\u00edmetros del p\u00fablico que se dio cita en la santacrucera Plaza de Weyler, para, hablando personalmente y en tono coloquial, agradecer su presencia en el acto y las muestras de cari\u00f1o y afecto al Ej\u00e9rcito de Tierra y a las Fuerzas Armadas en general. Fue impresionante y muy estimulante ver la reacci\u00f3n del pueblo chicharrero, que rompi\u00f3 en una espont\u00e1nea y calurosa ovaci\u00f3n al JEME. El general <strong>Amador Ense\u00f1at<\/strong>, sumamente agradecido, no dud\u00f3 en comentar el hecho en la recepci\u00f3n celebrada al finalizar el acto de toma de posesi\u00f3n.<\/li>\n<\/ul>\n<p><a href=\"https:\/\/elcotarro.com\/wp-content\/uploads\/2021\/10\/5.-JEME-Y-PUBLICO-scaled.jpg\"><img loading=\"lazy\" decoding=\"async\" class=\"size-full wp-image-10241 aligncenter\" src=\"https:\/\/elcotarro.com\/wp-content\/uploads\/2021\/10\/5.-JEME-Y-PUBLICO-scaled.jpg\" alt=\"\" width=\"2560\" height=\"1707\" srcset=\"https:\/\/elcotarro.com\/wp-content\/uploads\/2021\/10\/5.-JEME-Y-PUBLICO-scaled.jpg 2560w, https:\/\/elcotarro.com\/wp-content\/uploads\/2021\/10\/5.-JEME-Y-PUBLICO-300x200.jpg 300w, https:\/\/elcotarro.com\/wp-content\/uploads\/2021\/10\/5.-JEME-Y-PUBLICO-1024x683.jpg 1024w, https:\/\/elcotarro.com\/wp-content\/uploads\/2021\/10\/5.-JEME-Y-PUBLICO-768x512.jpg 768w, https:\/\/elcotarro.com\/wp-content\/uploads\/2021\/10\/5.-JEME-Y-PUBLICO-1536x1024.jpg 1536w, https:\/\/elcotarro.com\/wp-content\/uploads\/2021\/10\/5.-JEME-Y-PUBLICO-2048x1365.jpg 2048w\" sizes=\"auto, (max-width: 2560px) 100vw, 2560px\" \/><\/a><\/p>\n<p style=\"text-align: center\"><em>El JEME, Amador Ense\u00f1at, agradeciendo al pueblo chicharrero su presencia<\/em><\/p>\n<p>&nbsp;<\/p>\n<p><span style=\"color: #0000ff\"><strong>UNA GOLFISTA TINERFE\u00d1A QUE TRIUNFA EN EE.UU.<\/strong><\/span><\/p>\n<ul>\n<li>Cambio de tercio para contarles que, hace ahora 20 a\u00f1os, durante un fin de semana por un hotel del sur, me encontr\u00e9 a unos buenos amigos a los que les estaba cayendo la baba al ver a su peque\u00f1aja nieta dar los primeros pasos de su vida. El viernes la criaturita estaba gateando y el domingo caminaba en solitario como un rehilete. La peque\u00f1aja se llamaba <strong>Teresa D\u00edez Dorta<\/strong>, era hija de Mayte Dorta y Rafael D\u00edez y, por tanto (por parte de madre) la nieta de nuestro amigo, el incombustible de <strong>Lorenzo Dorta Garc\u00eda<\/strong> (exalcalde de Garachico y en aquel momento consejero insular en el Cabildo de Tenerife) y su esposa <strong>Bienvenida Paniagua<\/strong>. En la actualidad, <strong>Teresa D\u00edez Dorta<\/strong> es una joven que triunfa en \u201clas am\u00e9ricas\u201d tanto en sus estudios de la carrera de Econ\u00f3micas, como en su pasi\u00f3n deportiva, que es el Golf. Esta rese\u00f1a se la deb\u00eda desde hace unas semanas al amigo <strong>Lorenzo Dorta<\/strong> que, junto con su esposa <strong>Bienve<\/strong>, pueden y deben sentirse m\u00e1s que orgullosos de su gran nieta.<\/li>\n<\/ul>\n<p><a href=\"https:\/\/elcotarro.com\/wp-content\/uploads\/2021\/10\/6.-TERESA-DIEZ-DORTA.jpg\"><img loading=\"lazy\" decoding=\"async\" class=\"size-full wp-image-10242 aligncenter\" src=\"https:\/\/elcotarro.com\/wp-content\/uploads\/2021\/10\/6.-TERESA-DIEZ-DORTA.jpg\" alt=\"\" width=\"169\" height=\"224\" \/><\/a><\/p>\n<p style=\"text-align: center\"><em>Teresa D\u00edez Dorta, la joven golfista tinerfe\u00f1a que ya triunfa en Estados Unidos<\/em><\/p>\n<p>&nbsp;<\/p>\n<p><span style=\"color: #0000ff\"><strong>TERESA D\u00cdEZ DORTA, TRAS LOS PASOS DE RAHM<\/strong><\/span><\/p>\n<ul>\n<li>Seleccionada actualmente en su Universidad de Alabama, <strong>Teresa Diez Dorta<\/strong> jug\u00f3 hace una semana en su Conferencia (como lo denominan all\u00ed) en el Estado de Carolina del Norte, ya en la categor\u00eda de Primera Divisi\u00f3n, donde particip\u00f3 en tres sesiones y gan\u00f3 en dos de sus tres encuentros. Su equipo de la Universidad de Alabama, se encuentra actualmente en cabeza de la clasificaci\u00f3n. Todos los fines de semana se seguir\u00e1 celebrando el campeonato nacional entre las distintas Conferencias cuyos encuentros paralizar\u00e1n en diciembre, por las vacaciones, y se reanudar\u00e1n en marzo de 2022. Tras dos a\u00f1os sin venir por la pandemia, <strong>Teresa D\u00edez Dorta<\/strong> aprovechar\u00e1 para venir y pasar las navidades en Tenerife. <strong>Teresa<\/strong> fue becada inicialmente por la Universidad de Iowa y originariamente pertenece al tinerfe\u00f1o Real Club de Golf de El Pe\u00f1\u00f3n, de Tacoronte, que hoy preside <strong>Gaspar C\u00f3logan<\/strong>. Ojal\u00e1 que <strong>Teresa<\/strong> triunfe todo lo que se merece y llegue a la cima del golf mundial, como ya lo hace nuestro compatriota <strong>Jon Rahm<\/strong>\u2026 \u00a1Tiembla, <strong>Jon<\/strong>, que llega <strong>Teresa<\/strong>!<\/li>\n<\/ul>\n<p><a href=\"https:\/\/elcotarro.com\/wp-content\/uploads\/2021\/10\/7.-TERESA-Y-GASPAR.jpg\"><img loading=\"lazy\" decoding=\"async\" class=\"size-full wp-image-10243 aligncenter\" src=\"https:\/\/elcotarro.com\/wp-content\/uploads\/2021\/10\/7.-TERESA-Y-GASPAR.jpg\" alt=\"\" width=\"719\" height=\"572\" srcset=\"https:\/\/elcotarro.com\/wp-content\/uploads\/2021\/10\/7.-TERESA-Y-GASPAR.jpg 719w, https:\/\/elcotarro.com\/wp-content\/uploads\/2021\/10\/7.-TERESA-Y-GASPAR-300x239.jpg 300w\" sizes=\"auto, (max-width: 719px) 100vw, 719px\" \/><\/a><\/p>\n<p style=\"text-align: center\"><em>Teresa D\u00edez Dorta, con Gaspar C\u00f3logan Soriano, presidente del Real Club de Golf El Pe\u00f1\u00f3n, de Tenerife, fundado en 1932 (el a\u00f1o que viene, 90 a\u00f1os)<\/em><\/p>\n<p>&nbsp;<\/p>\n<p><span style=\"color: #0000ff\"><strong>REACTIVACI\u00d3N GASTRON\u00d3MICA EN SANTA CRUZ<\/strong><\/span><\/p>\n<ul>\n<li>Remato <strong><em>El Cotarro<\/em><\/strong> de hoy dando cuenta de la \u201csabrosa reactivaci\u00f3n\u201d del sector de la gastronom\u00eda, la hosteler\u00eda y la restauraci\u00f3n en Santa Cruz de Tenerife. En menos de un mes han abierto tres restaurantes a los que hay que desearles toda la suerte del mundo. En la subida a Ifara (calle Rubens Marichal, N\u00ba10) ya est\u00e1 abierto <strong>La For\u00eat<\/strong>, con amplia terraza con vistas a Santa Cruz. En la calle Aguere N\u00ba4 (en la margen del Barranco de Santos y junto a las Torres de Cristal) acaba de abrir el restaurante tem\u00e1tico <strong>Mar DeNorte<\/strong>, especializado en la cocina de pescado y marisco. Y, por \u00faltimo, la gran noticia de la reapertura del emblem\u00e1tico restaurante-cafeter\u00eda <strong>Atl\u00e1ntico<\/strong>, en los bajos del Real Casino de Tenerife, en la santacrucera Plaza de Espa\u00f1a, donde se ha ejecutado una impresionante obra de rehabilitaci\u00f3n. Lo dicho: \u00a1suerte a todos!<\/li>\n<\/ul>\n<p><a href=\"https:\/\/elcotarro.com\/wp-content\/uploads\/2021\/10\/8.-ATLANTICO.jpg\"><img loading=\"lazy\" decoding=\"async\" class=\"size-full wp-image-10244 aligncenter\" src=\"https:\/\/elcotarro.com\/wp-content\/uploads\/2021\/10\/8.-ATLANTICO.jpg\" alt=\"\" width=\"2000\" height=\"1333\" srcset=\"https:\/\/elcotarro.com\/wp-content\/uploads\/2021\/10\/8.-ATLANTICO.jpg 2000w, https:\/\/elcotarro.com\/wp-content\/uploads\/2021\/10\/8.-ATLANTICO-300x200.jpg 300w, https:\/\/elcotarro.com\/wp-content\/uploads\/2021\/10\/8.-ATLANTICO-1024x682.jpg 1024w, https:\/\/elcotarro.com\/wp-content\/uploads\/2021\/10\/8.-ATLANTICO-768x512.jpg 768w, https:\/\/elcotarro.com\/wp-content\/uploads\/2021\/10\/8.-ATLANTICO-1536x1024.jpg 1536w\" sizes=\"auto, (max-width: 2000px) 100vw, 2000px\" \/><\/a><\/p>\n<p style=\"text-align: center\"><em>Panor\u00e1mica del renovado restaurante-cafeter\u00eda Atl\u00e1ntico (Foto de Carsten W. Lauritsen \/ peri\u00f3dico EL D\u00cdA, cedida por el Real Casino de Tenerife)<\/em><\/p>\n<p>&nbsp;<\/p>\n<p><strong>\u2018SIRENAS\u2019 DEL UDG EN EL NUEVO \u2018MAR DENORTE\u2019<\/strong><\/p>\n<ul>\n<li>Precisamente en la presentaci\u00f3n del nuevo restaurante tem\u00e1tico Mar DeNorte, que dirige <strong>Sissi Odiaga<\/strong>, se dio cita una representaci\u00f3n del equipo de f\u00fatbol femenino Uni\u00f3n Deportiva Granadilla Tenerife, que muy bien preside el incombustible y <em>desinquieto<\/em> <strong>Sergio Batista D\u00edaz<\/strong>. Apoyando la apertura de Mar DeNorte estuvieron las cuatro capitanas del equipo. <strong>Patri Gavira, Pisco, Ana Gonz\u00e1lez<\/strong> y <strong>Marijose<\/strong>, junto a su entrenador <strong>Francis D\u00edaz<\/strong> (sobrino del recordado <strong>Juanito \u201cEl Vieja\u201d<\/strong>) Hay que reconocer que la labor de relaciones p\u00fablicas del UD Granadilla Egatesa, y su entronque con la sociedad tinerfe\u00f1a, es digna de elogio. <strong>Sergio Batista<\/strong> como presidente y <strong>Julio Luis P\u00e9rez Alonso<\/strong> como vicepresidente, junto con el resto de la Directiva y todo el equipo deportivo y t\u00e9cnico, siempre est\u00e1n disponibles para colaborar con una buena causa. Un ejemplo para reconocer y felicitar, junto al restaurante Mar DeNorte<\/li>\n<\/ul>\n<p><a href=\"https:\/\/elcotarro.com\/wp-content\/uploads\/2021\/10\/9.-UDG-EN-MAR-DENORTE.jpg\"><img loading=\"lazy\" decoding=\"async\" class=\"size-full wp-image-10245 aligncenter\" src=\"https:\/\/elcotarro.com\/wp-content\/uploads\/2021\/10\/9.-UDG-EN-MAR-DENORTE.jpg\" alt=\"\" width=\"1262\" height=\"857\" srcset=\"https:\/\/elcotarro.com\/wp-content\/uploads\/2021\/10\/9.-UDG-EN-MAR-DENORTE.jpg 1262w, https:\/\/elcotarro.com\/wp-content\/uploads\/2021\/10\/9.-UDG-EN-MAR-DENORTE-300x204.jpg 300w, https:\/\/elcotarro.com\/wp-content\/uploads\/2021\/10\/9.-UDG-EN-MAR-DENORTE-1024x695.jpg 1024w, https:\/\/elcotarro.com\/wp-content\/uploads\/2021\/10\/9.-UDG-EN-MAR-DENORTE-768x522.jpg 768w\" sizes=\"auto, (max-width: 1262px) 100vw, 1262px\" \/><\/a><\/p>\n<p style=\"text-align: center\"><em>De izquierda a derecha: Patri Gavira (centrocampista), Pisco (lateral izquierdo), Marijose (Extremo), Sergio Batista (presidente) y Francis D\u00edaz (entrenador) <\/em><\/p>\n<p>&nbsp;<\/p>\n<p><span style=\"color: #0000ff\"><strong>* Jos\u00e9 Carlos MARRERO GONZ\u00c1LEZ<\/strong><\/span><\/p>\n<p>Periodista y analista de la actualidad.<\/p>\n<p>Director de <strong><em>El Cotarro<\/em><\/strong> (www.elcotarro.com)<\/p>\n<p>Director de <strong><em>Canarias en Positivo<\/em><\/strong> (www.canariasenpositivo.com)<\/p>\n<p>Director de <strong><em>GastroCanarias<\/em><\/strong> (www.gastrocanarias.com)<\/p>\n<p><em> <a href=\"https:\/\/elcotarro.com\/wp-content\/uploads\/2021\/10\/10.-BANNER-CARECA-INSULA.jpg\"><img loading=\"lazy\" decoding=\"async\" class=\"size-full wp-image-10246 aligncenter\" src=\"https:\/\/elcotarro.com\/wp-content\/uploads\/2021\/10\/10.-BANNER-CARECA-INSULA.jpg\" alt=\"\" width=\"750\" height=\"153\" srcset=\"https:\/\/elcotarro.com\/wp-content\/uploads\/2021\/10\/10.-BANNER-CARECA-INSULA.jpg 750w, https:\/\/elcotarro.com\/wp-content\/uploads\/2021\/10\/10.-BANNER-CARECA-INSULA-300x61.jpg 300w\" sizes=\"auto, (max-width: 750px) 100vw, 750px\" \/><\/a><\/em><\/p>\n<p>&nbsp;<\/p>\n<p>&nbsp;<\/p>\n","protected":false},"excerpt":{"rendered":"<p>\u201cEL COTARRO\u201d N\u00ba373 DEL 31 DE OCTUBRE DE 2021 &nbsp; Por Jos\u00e9 Carlos Marrero * \u00a0 \u00a0 \u00a0 \u00a0 \u00a0 \u00a0 \u00a0 \u00a0 \u00a0 \u00a0 \u00a0 \u00a0 \u00a0 \u00a0 \u00a0 \u00a0 \u00a0 \u00a0 \u00a0 \u00a0 \u00a0 \u00a0 \u00a0 \u00a0 \u00a0 \u00a0 \u00a0\u00a0 ALEJANDRO ESC\u00c1MEZ, NUEVO CAPIT\u00c1N GENERAL El pasado viernes el Palacio de Capitan\u00eda General &#8230; <a class=\"read-more\" href=\"https:\/\/elcotarro.com\/?p=10236\">Read more<\/a><\/p>\n","protected":false},"author":2,"featured_media":0,"comment_status":"open","ping_status":"open","sticky":false,"template":"","format":"standard","meta":{"_jetpack_memberships_contains_paid_content":false,"footnotes":""},"categories":[4],"tags":[],"class_list":["post-10236","post","type-post","status-publish","format-standard","hentry","category-el-cotarro"],"yoast_head":"<!-- This site is optimized with the Yoast SEO plugin v27.0 - https:\/\/yoast.com\/product\/yoast-seo-wordpress\/ -->\n<title>EL COTARRO N\u00ba373 DEL DOMINGO 31\/10\/2021 - El Cotarro<\/title>\n<meta name=\"robots\" content=\"index, follow, max-snippet:-1, max-image-preview:large, max-video-preview:-1\" \/>\n<link rel=\"canonical\" href=\"https:\/\/elcotarro.com\/?p=10236\" \/>\n<meta property=\"og:locale\" content=\"es_ES\" \/>\n<meta property=\"og:type\" content=\"article\" \/>\n<meta property=\"og:title\" content=\"EL COTARRO N\u00ba373 DEL DOMINGO 31\/10\/2021 - El Cotarro\" \/>\n<meta property=\"og:description\" content=\"\u201cEL COTARRO\u201d N\u00ba373 DEL 31 DE OCTUBRE DE 2021 &nbsp; Por Jos\u00e9 Carlos Marrero * \u00a0 \u00a0 \u00a0 \u00a0 \u00a0 \u00a0 \u00a0 \u00a0 \u00a0 \u00a0 \u00a0 \u00a0 \u00a0 \u00a0 \u00a0 \u00a0 \u00a0 \u00a0 \u00a0 \u00a0 \u00a0 \u00a0 \u00a0 \u00a0 \u00a0 \u00a0 \u00a0\u00a0 ALEJANDRO ESC\u00c1MEZ, NUEVO CAPIT\u00c1N GENERAL El pasado viernes el Palacio de Capitan\u00eda General ... Read more\" \/>\n<meta property=\"og:url\" content=\"https:\/\/elcotarro.com\/?p=10236\" \/>\n<meta property=\"og:site_name\" content=\"El Cotarro\" \/>\n<meta property=\"article:publisher\" content=\"https:\/\/www.facebook.com\/ElCotarro.Tenerife\" \/>\n<meta property=\"article:published_time\" content=\"2021-10-31T10:42:24+00:00\" \/>\n<meta property=\"article:modified_time\" content=\"2021-11-02T23:06:32+00:00\" \/>\n<meta property=\"og:image\" content=\"https:\/\/elcotarro.com\/wp-content\/uploads\/2021\/10\/1.-ALEJANDRO-ESCAMEZ.jpg\" \/>\n<meta name=\"author\" content=\"Jos\u00e9 Carlos Marrero Gonz\u00e1lez\" \/>\n<meta name=\"twitter:label1\" content=\"Escrito por\" \/>\n\t<meta name=\"twitter:data1\" content=\"Jos\u00e9 Carlos Marrero Gonz\u00e1lez\" \/>\n\t<meta name=\"twitter:label2\" content=\"Tiempo de lectura\" \/>\n\t<meta name=\"twitter:data2\" content=\"10 minutos\" \/>\n<script type=\"application\/ld+json\" class=\"yoast-schema-graph\">{\"@context\":\"https:\/\/schema.org\",\"@graph\":[{\"@type\":\"Article\",\"@id\":\"https:\/\/elcotarro.com\/?p=10236#article\",\"isPartOf\":{\"@id\":\"https:\/\/elcotarro.com\/?p=10236\"},\"author\":{\"name\":\"Jos\u00e9 Carlos Marrero Gonz\u00e1lez\",\"@id\":\"https:\/\/elcotarro.com\/#\/schema\/person\/af537ee7d60d15984c7e0affcd8a918b\"},\"headline\":\"EL COTARRO N\u00ba373 DEL DOMINGO 31\/10\/2021\",\"datePublished\":\"2021-10-31T10:42:24+00:00\",\"dateModified\":\"2021-11-02T23:06:32+00:00\",\"mainEntityOfPage\":{\"@id\":\"https:\/\/elcotarro.com\/?p=10236\"},\"wordCount\":1814,\"commentCount\":0,\"publisher\":{\"@id\":\"https:\/\/elcotarro.com\/#organization\"},\"image\":{\"@id\":\"https:\/\/elcotarro.com\/?p=10236#primaryimage\"},\"thumbnailUrl\":\"https:\/\/elcotarro.com\/wp-content\/uploads\/2021\/10\/1.-ALEJANDRO-ESCAMEZ.jpg\",\"articleSection\":[\"El Cotarro\"],\"inLanguage\":\"es\",\"potentialAction\":[{\"@type\":\"CommentAction\",\"name\":\"Comment\",\"target\":[\"https:\/\/elcotarro.com\/?p=10236#respond\"]}]},{\"@type\":\"WebPage\",\"@id\":\"https:\/\/elcotarro.com\/?p=10236\",\"url\":\"https:\/\/elcotarro.com\/?p=10236\",\"name\":\"EL COTARRO N\u00ba373 DEL DOMINGO 31\/10\/2021 - El Cotarro\",\"isPartOf\":{\"@id\":\"https:\/\/elcotarro.com\/#website\"},\"primaryImageOfPage\":{\"@id\":\"https:\/\/elcotarro.com\/?p=10236#primaryimage\"},\"image\":{\"@id\":\"https:\/\/elcotarro.com\/?p=10236#primaryimage\"},\"thumbnailUrl\":\"https:\/\/elcotarro.com\/wp-content\/uploads\/2021\/10\/1.-ALEJANDRO-ESCAMEZ.jpg\",\"datePublished\":\"2021-10-31T10:42:24+00:00\",\"dateModified\":\"2021-11-02T23:06:32+00:00\",\"breadcrumb\":{\"@id\":\"https:\/\/elcotarro.com\/?p=10236#breadcrumb\"},\"inLanguage\":\"es\",\"potentialAction\":[{\"@type\":\"ReadAction\",\"target\":[\"https:\/\/elcotarro.com\/?p=10236\"]}]},{\"@type\":\"ImageObject\",\"inLanguage\":\"es\",\"@id\":\"https:\/\/elcotarro.com\/?p=10236#primaryimage\",\"url\":\"https:\/\/elcotarro.com\/wp-content\/uploads\/2021\/10\/1.-ALEJANDRO-ESCAMEZ.jpg\",\"contentUrl\":\"https:\/\/elcotarro.com\/wp-content\/uploads\/2021\/10\/1.-ALEJANDRO-ESCAMEZ.jpg\",\"width\":797,\"height\":880},{\"@type\":\"BreadcrumbList\",\"@id\":\"https:\/\/elcotarro.com\/?p=10236#breadcrumb\",\"itemListElement\":[{\"@type\":\"ListItem\",\"position\":1,\"name\":\"Portada\",\"item\":\"https:\/\/elcotarro.com\/\"},{\"@type\":\"ListItem\",\"position\":2,\"name\":\"EL COTARRO N\u00ba373 DEL DOMINGO 31\/10\/2021\"}]},{\"@type\":\"WebSite\",\"@id\":\"https:\/\/elcotarro.com\/#website\",\"url\":\"https:\/\/elcotarro.com\/\",\"name\":\"El Cotarro\",\"description\":\"Peri\u00f3dico Digital Independiente dirigido por Jos\u00e9 Carlos Marrero\",\"publisher\":{\"@id\":\"https:\/\/elcotarro.com\/#organization\"},\"potentialAction\":[{\"@type\":\"SearchAction\",\"target\":{\"@type\":\"EntryPoint\",\"urlTemplate\":\"https:\/\/elcotarro.com\/?s={search_term_string}\"},\"query-input\":{\"@type\":\"PropertyValueSpecification\",\"valueRequired\":true,\"valueName\":\"search_term_string\"}}],\"inLanguage\":\"es\"},{\"@type\":\"Organization\",\"@id\":\"https:\/\/elcotarro.com\/#organization\",\"name\":\"El Cotarro\",\"url\":\"https:\/\/elcotarro.com\/\",\"logo\":{\"@type\":\"ImageObject\",\"inLanguage\":\"es\",\"@id\":\"https:\/\/elcotarro.com\/#\/schema\/logo\/image\/\",\"url\":\"https:\/\/elcotarro.com\/wp-content\/uploads\/2014\/09\/Cabecera_El_Cotarro_v2.jpg\",\"contentUrl\":\"https:\/\/elcotarro.com\/wp-content\/uploads\/2014\/09\/Cabecera_El_Cotarro_v2.jpg\",\"width\":3540,\"height\":441,\"caption\":\"El Cotarro\"},\"image\":{\"@id\":\"https:\/\/elcotarro.com\/#\/schema\/logo\/image\/\"},\"sameAs\":[\"https:\/\/www.facebook.com\/ElCotarro.Tenerife\"]},{\"@type\":\"Person\",\"@id\":\"https:\/\/elcotarro.com\/#\/schema\/person\/af537ee7d60d15984c7e0affcd8a918b\",\"name\":\"Jos\u00e9 Carlos Marrero Gonz\u00e1lez\",\"image\":{\"@type\":\"ImageObject\",\"inLanguage\":\"es\",\"@id\":\"https:\/\/elcotarro.com\/#\/schema\/person\/image\/\",\"url\":\"https:\/\/secure.gravatar.com\/avatar\/def4da036efb5d32c74d49c351f6dccc064dd69ad9f3aadc295c5a9a5391ca01?s=96&d=mm&r=g\",\"contentUrl\":\"https:\/\/secure.gravatar.com\/avatar\/def4da036efb5d32c74d49c351f6dccc064dd69ad9f3aadc295c5a9a5391ca01?s=96&d=mm&r=g\",\"caption\":\"Jos\u00e9 Carlos Marrero Gonz\u00e1lez\"},\"sameAs\":[\"https:\/\/elcotarro.com\"],\"url\":\"https:\/\/elcotarro.com\/?author=2\"}]}<\/script>\n<!-- \/ Yoast SEO plugin. -->","yoast_head_json":{"title":"EL COTARRO N\u00ba373 DEL DOMINGO 31\/10\/2021 - El Cotarro","robots":{"index":"index","follow":"follow","max-snippet":"max-snippet:-1","max-image-preview":"max-image-preview:large","max-video-preview":"max-video-preview:-1"},"canonical":"https:\/\/elcotarro.com\/?p=10236","og_locale":"es_ES","og_type":"article","og_title":"EL COTARRO N\u00ba373 DEL DOMINGO 31\/10\/2021 - El Cotarro","og_description":"\u201cEL COTARRO\u201d N\u00ba373 DEL 31 DE OCTUBRE DE 2021 &nbsp; Por Jos\u00e9 Carlos Marrero * \u00a0 \u00a0 \u00a0 \u00a0 \u00a0 \u00a0 \u00a0 \u00a0 \u00a0 \u00a0 \u00a0 \u00a0 \u00a0 \u00a0 \u00a0 \u00a0 \u00a0 \u00a0 \u00a0 \u00a0 \u00a0 \u00a0 \u00a0 \u00a0 \u00a0 \u00a0 \u00a0\u00a0 ALEJANDRO ESC\u00c1MEZ, NUEVO CAPIT\u00c1N GENERAL El pasado viernes el Palacio de Capitan\u00eda General ... Read more","og_url":"https:\/\/elcotarro.com\/?p=10236","og_site_name":"El Cotarro","article_publisher":"https:\/\/www.facebook.com\/ElCotarro.Tenerife","article_published_time":"2021-10-31T10:42:24+00:00","article_modified_time":"2021-11-02T23:06:32+00:00","og_image":[{"url":"https:\/\/elcotarro.com\/wp-content\/uploads\/2021\/10\/1.-ALEJANDRO-ESCAMEZ.jpg","type":"","width":"","height":""}],"author":"Jos\u00e9 Carlos Marrero Gonz\u00e1lez","twitter_misc":{"Escrito por":"Jos\u00e9 Carlos Marrero Gonz\u00e1lez","Tiempo de lectura":"10 minutos"},"schema":{"@context":"https:\/\/schema.org","@graph":[{"@type":"Article","@id":"https:\/\/elcotarro.com\/?p=10236#article","isPartOf":{"@id":"https:\/\/elcotarro.com\/?p=10236"},"author":{"name":"Jos\u00e9 Carlos Marrero Gonz\u00e1lez","@id":"https:\/\/elcotarro.com\/#\/schema\/person\/af537ee7d60d15984c7e0affcd8a918b"},"headline":"EL COTARRO N\u00ba373 DEL DOMINGO 31\/10\/2021","datePublished":"2021-10-31T10:42:24+00:00","dateModified":"2021-11-02T23:06:32+00:00","mainEntityOfPage":{"@id":"https:\/\/elcotarro.com\/?p=10236"},"wordCount":1814,"commentCount":0,"publisher":{"@id":"https:\/\/elcotarro.com\/#organization"},"image":{"@id":"https:\/\/elcotarro.com\/?p=10236#primaryimage"},"thumbnailUrl":"https:\/\/elcotarro.com\/wp-content\/uploads\/2021\/10\/1.-ALEJANDRO-ESCAMEZ.jpg","articleSection":["El Cotarro"],"inLanguage":"es","potentialAction":[{"@type":"CommentAction","name":"Comment","target":["https:\/\/elcotarro.com\/?p=10236#respond"]}]},{"@type":"WebPage","@id":"https:\/\/elcotarro.com\/?p=10236","url":"https:\/\/elcotarro.com\/?p=10236","name":"EL COTARRO N\u00ba373 DEL DOMINGO 31\/10\/2021 - El Cotarro","isPartOf":{"@id":"https:\/\/elcotarro.com\/#website"},"primaryImageOfPage":{"@id":"https:\/\/elcotarro.com\/?p=10236#primaryimage"},"image":{"@id":"https:\/\/elcotarro.com\/?p=10236#primaryimage"},"thumbnailUrl":"https:\/\/elcotarro.com\/wp-content\/uploads\/2021\/10\/1.-ALEJANDRO-ESCAMEZ.jpg","datePublished":"2021-10-31T10:42:24+00:00","dateModified":"2021-11-02T23:06:32+00:00","breadcrumb":{"@id":"https:\/\/elcotarro.com\/?p=10236#breadcrumb"},"inLanguage":"es","potentialAction":[{"@type":"ReadAction","target":["https:\/\/elcotarro.com\/?p=10236"]}]},{"@type":"ImageObject","inLanguage":"es","@id":"https:\/\/elcotarro.com\/?p=10236#primaryimage","url":"https:\/\/elcotarro.com\/wp-content\/uploads\/2021\/10\/1.-ALEJANDRO-ESCAMEZ.jpg","contentUrl":"https:\/\/elcotarro.com\/wp-content\/uploads\/2021\/10\/1.-ALEJANDRO-ESCAMEZ.jpg","width":797,"height":880},{"@type":"BreadcrumbList","@id":"https:\/\/elcotarro.com\/?p=10236#breadcrumb","itemListElement":[{"@type":"ListItem","position":1,"name":"Portada","item":"https:\/\/elcotarro.com\/"},{"@type":"ListItem","position":2,"name":"EL COTARRO N\u00ba373 DEL DOMINGO 31\/10\/2021"}]},{"@type":"WebSite","@id":"https:\/\/elcotarro.com\/#website","url":"https:\/\/elcotarro.com\/","name":"El Cotarro","description":"Peri\u00f3dico Digital Independiente dirigido por Jos\u00e9 Carlos Marrero","publisher":{"@id":"https:\/\/elcotarro.com\/#organization"},"potentialAction":[{"@type":"SearchAction","target":{"@type":"EntryPoint","urlTemplate":"https:\/\/elcotarro.com\/?s={search_term_string}"},"query-input":{"@type":"PropertyValueSpecification","valueRequired":true,"valueName":"search_term_string"}}],"inLanguage":"es"},{"@type":"Organization","@id":"https:\/\/elcotarro.com\/#organization","name":"El Cotarro","url":"https:\/\/elcotarro.com\/","logo":{"@type":"ImageObject","inLanguage":"es","@id":"https:\/\/elcotarro.com\/#\/schema\/logo\/image\/","url":"https:\/\/elcotarro.com\/wp-content\/uploads\/2014\/09\/Cabecera_El_Cotarro_v2.jpg","contentUrl":"https:\/\/elcotarro.com\/wp-content\/uploads\/2014\/09\/Cabecera_El_Cotarro_v2.jpg","width":3540,"height":441,"caption":"El Cotarro"},"image":{"@id":"https:\/\/elcotarro.com\/#\/schema\/logo\/image\/"},"sameAs":["https:\/\/www.facebook.com\/ElCotarro.Tenerife"]},{"@type":"Person","@id":"https:\/\/elcotarro.com\/#\/schema\/person\/af537ee7d60d15984c7e0affcd8a918b","name":"Jos\u00e9 Carlos Marrero Gonz\u00e1lez","image":{"@type":"ImageObject","inLanguage":"es","@id":"https:\/\/elcotarro.com\/#\/schema\/person\/image\/","url":"https:\/\/secure.gravatar.com\/avatar\/def4da036efb5d32c74d49c351f6dccc064dd69ad9f3aadc295c5a9a5391ca01?s=96&d=mm&r=g","contentUrl":"https:\/\/secure.gravatar.com\/avatar\/def4da036efb5d32c74d49c351f6dccc064dd69ad9f3aadc295c5a9a5391ca01?s=96&d=mm&r=g","caption":"Jos\u00e9 Carlos Marrero Gonz\u00e1lez"},"sameAs":["https:\/\/elcotarro.com"],"url":"https:\/\/elcotarro.com\/?author=2"}]}},"jetpack_featured_media_url":"","jetpack_sharing_enabled":true,"_links":{"self":[{"href":"https:\/\/elcotarro.com\/index.php?rest_route=\/wp\/v2\/posts\/10236","targetHints":{"allow":["GET"]}}],"collection":[{"href":"https:\/\/elcotarro.com\/index.php?rest_route=\/wp\/v2\/posts"}],"about":[{"href":"https:\/\/elcotarro.com\/index.php?rest_route=\/wp\/v2\/types\/post"}],"author":[{"embeddable":true,"href":"https:\/\/elcotarro.com\/index.php?rest_route=\/wp\/v2\/users\/2"}],"replies":[{"embeddable":true,"href":"https:\/\/elcotarro.com\/index.php?rest_route=%2Fwp%2Fv2%2Fcomments&post=10236"}],"version-history":[{"count":3,"href":"https:\/\/elcotarro.com\/index.php?rest_route=\/wp\/v2\/posts\/10236\/revisions"}],"predecessor-version":[{"id":10249,"href":"https:\/\/elcotarro.com\/index.php?rest_route=\/wp\/v2\/posts\/10236\/revisions\/10249"}],"wp:attachment":[{"href":"https:\/\/elcotarro.com\/index.php?rest_route=%2Fwp%2Fv2%2Fmedia&parent=10236"}],"wp:term":[{"taxonomy":"category","embeddable":true,"href":"https:\/\/elcotarro.com\/index.php?rest_route=%2Fwp%2Fv2%2Fcategories&post=10236"},{"taxonomy":"post_tag","embeddable":true,"href":"https:\/\/elcotarro.com\/index.php?rest_route=%2Fwp%2Fv2%2Ftags&post=10236"}],"curies":[{"name":"wp","href":"https:\/\/api.w.org\/{rel}","templated":true}]}}