{"id":10251,"date":"2021-11-07T10:20:21","date_gmt":"2021-11-07T10:20:21","guid":{"rendered":"https:\/\/elcotarro.com\/?p=10251"},"modified":"2021-11-07T10:20:21","modified_gmt":"2021-11-07T10:20:21","slug":"el-cotarro-no374-del-domingo-07-11-2021","status":"publish","type":"post","link":"https:\/\/elcotarro.com\/?p=10251","title":{"rendered":"EL COTARRO N\u00ba374, DEL DOMINGO, 07\/11\/2021"},"content":{"rendered":"<p><em>Por<strong> Jos\u00e9 Carlos Marrero *<\/strong><\/em><\/p>\n<p>&nbsp;<\/p>\n<p><span style=\"color: #0000ff\"><strong>DESDE LA LIBERTAD, EL QUE AVISA NO ES TRAIDOR<\/strong><\/span><\/p>\n<ul>\n<li>Si me lo permiten (y con perd\u00f3n) voy a comenzar <strong><em>El Cotarro<\/em><\/strong> de hoy presumiendo de que, en lo que al periodismo se refiere, si algo controlo, m\u00e1s o menos, es la informaci\u00f3n sobre los avatares, miserias, presiones y condicionantes que actualmente afectan a los medios de comunicaci\u00f3n (y a los periodistas) de Canarias; la informaci\u00f3n que tiene que ver con la compleja realidad que vive nuestro querido Hospital Universitario de Canarias; y, por \u00faltimo, la informaci\u00f3n que rodea a mi querida ciudad de La Laguna. Y eso teniendo siempre en la mente al querido y recordado, <strong>Juan R\u00edos Tejera<\/strong>, nuestro popular y respetado <strong><em>\u201cJuanito Cabeza\u201d<\/em><\/strong> cuando dec\u00eda aquello de \u201cno me busquen problemas donde no los hay\u201d\u2026 Hoy manifestar\u00e9 un par de verdades (al menos \u201cmis\u201d verdades) con la esperanza de que cada quien las encaje, acepte y digiera de la mejor manera posible, con humildad y sin acritud. Tienen que ver con la relaci\u00f3n: realidad\/tiempo, que a veces da verg\u00fcenza.<\/li>\n<\/ul>\n<p><img loading=\"lazy\" decoding=\"async\" class=\"size-full wp-image-3244 aligncenter\" src=\"https:\/\/canariasenpositivo.com\/wp-content\/uploads\/2021\/11\/1.-ANTIGUA-RECOVA.jpg\" alt=\"\" width=\"900\" height=\"600\" \/><\/p>\n<p style=\"text-align: center\"><em>El edificio del antiguo mercado, desalojado el a\u00f1o 2007 y derribado en 2011.<\/em><\/p>\n<p>&nbsp;<\/p>\n<p><span style=\"color: #0000ff\"><strong>MERCADONA, 14 MESES; LA RECOVA NI EN 14 A\u00d1OS<\/strong><\/span><\/p>\n<ul>\n<li>Ma\u00f1ana lunes, 8 de noviembre, comenzar\u00e1 su andadura en el centro y casco hist\u00f3rico de La Laguna, el nuevo gran supermercado que la firma Mercadona ha venido construyendo desde hace solo 14 meses en la lagunera calle Marqu\u00e9s de Celada, en el tremendo solar donde, durante mucho tiempo, estuvieron las cocheras de Transportes de Tenerife, S.L. para aparcar y mantener a las que los laguneros llamaban \u201clas guaguas de los Oramas\u201d. A partir de ma\u00f1ana, un tremendo espacio albergar\u00e1 al que llamar\u00e1n Mercadona La Cochera. Todo se ha construido y equipado en tan solo 14 meses. Mientras tanto, en la Plaza del Cristo, est\u00e1 la popular \u201cRecova\u201d de La Laguna de forma \u201cprovisional\u201d bajo una carpa que ya da pena. Se traslad\u00f3 el a\u00f1o 2007, tras el cierre de la antigua, siendo alcaldesa <strong>Ani Oramas<\/strong>. Mercadona La Cochera se habr\u00e1 hecho realidad en solo 14 meses; la nueva Recova\u2026 \u00a1ni en 14 a\u00f1os!<\/li>\n<\/ul>\n<p><img loading=\"lazy\" decoding=\"async\" class=\"size-large wp-image-3245 aligncenter\" src=\"https:\/\/canariasenpositivo.com\/wp-content\/uploads\/2021\/11\/2.-MERCADONA-1024x768.jpeg\" alt=\"\" width=\"660\" height=\"495\" \/><\/p>\n<p style=\"text-align: center\"><em>Para abrir ma\u00f1ana el nuevo Mercadona La Cochera, han trabajado incluso s\u00e1bados y domingos, y creo que hasta por la noche m\u00e1s de un d\u00eda. Es lo que hay, teniendo las cosas claras.<\/em><\/p>\n<p>&nbsp;<\/p>\n<p><span style=\"color: #0000ff\"><strong>CUATRO ALCALDES, CASI 10 CONCEJALES\u2026 Y NADA<\/strong><\/span><\/p>\n<ul>\n<li>Cinco personas han ocupado la alcald\u00eda lagunera desde octubre de 2007 hasta este a\u00f1o 2021: <strong>Ani Oramas, Fernando Clavijo<\/strong> y<strong> Jos\u00e9 Alberto D\u00edaz<\/strong>, por parte de Coalici\u00f3n Canaria; y <strong>Luis Yeray Guti\u00e9rrez<\/strong> por el PSOE, quien ya ha pasado el ecuador de su mandato. Detr\u00e1s de ellos y como concejales de Mercado y m\u00e1ximos responsables de La Recova, han pasado, si mal no recuerdo, unos 10 ediles. Por parte de Coalici\u00f3n Canaria: <strong>Carmen Rosa Marrero, Domingo Galv\u00e1n, Agust\u00edn Hern\u00e1ndez<\/strong> y <strong>Miguel \u00c1ngel Gonz\u00e1lez <\/strong>(Qepd). Por parte del PSOE: <strong>Mar\u00eda Jos\u00e9 Casta\u00f1eda, Zebensu\u00ed Gonz\u00e1lez, Javier Abreu, Andr\u00e9s Raya<\/strong> y <strong>Carla Texeira<\/strong>, actual responsable. Todos (ellos y ellas) cuentan su versi\u00f3n de la historia y todos exponen sus argumentos y razones para justificar que, tras 14 a\u00f1os, La Recova siga estando \u201cprovisional\u201d en la Plaza del Cristo. Quiz\u00e1, a lo mejor o a lo peor, todos tengan razones cre\u00edbles. Pero, sinceramente, a m\u00ed me parece incre\u00edble, injustificable, impresentable que el tema de nueva La Recova siga as\u00ed\u2026 y a peor la mejor\u00eda.<\/li>\n<\/ul>\n<p><img loading=\"lazy\" decoding=\"async\" class=\"size-full wp-image-3246 aligncenter\" src=\"https:\/\/canariasenpositivo.com\/wp-content\/uploads\/2021\/11\/3.-MIGUEL-\u00c1NGEL-Y-SONIA.jpg\" alt=\"\" width=\"615\" height=\"364\" \/><\/p>\n<p style=\"text-align: center\"><em>Miguel \u00c1ngel Gonz\u00e1lez (Qepd), uno de los mejores concejales que ha tenido el Mercado lagunero, junto a Sonia Reyes, la primera presidenta de Asocomel.<\/em><\/p>\n<p>&nbsp;<\/p>\n<p><span style=\"color: #0000ff\"><strong>LA TRISTE REALIDAD ACTUAL DE NUESTRA RECOVA<\/strong><\/span><\/p>\n<ul>\n<li>La realidad actual de la Recova de La Laguna tiene mucho que ver con estos \u00faltimos 14 a\u00f1os en situaci\u00f3n de \u201cprovisionalidad\u201d, en una carpa que se ha ido deteriorando y que, adem\u00e1s de las inclemencias del tiempo, ha aguantado una brutal crisis econ\u00f3mica y, sobre todo, una profunda crisis interna de gesti\u00f3n, donde hasta <strong>Paco<\/strong>, el ex-administrador del mercado, casi \u201cpasaba de todo\u201d (y se le permit\u00edan). En estos \u00faltimos tiempos hay puestos que llevan varios a\u00f1os cerrados (como el de la pescader\u00eda Hermanos Sosa P\u00e9rez) sin que nadie haga algo. Y algunos han sido cerrados recientemente, por culpa de la normativa y rigurosas inspecciones de Sanidad. La llegada de una nueva administradora, <strong>Bego\u00f1a Darias D\u00edaz<\/strong>, ha sido como un bal\u00f3n de ox\u00edgeno. Es profesional y muy trabajadora, pero necesita la ayuda de todos (Ayuntamiento y comerciantes) y, sobre todo, una definici\u00f3n clara de lo que se quiere hacer con el Mercado de La Laguna y su pr\u00f3ximo futuro.<\/li>\n<\/ul>\n<p><img loading=\"lazy\" decoding=\"async\" class=\"size-large wp-image-3247 aligncenter\" src=\"https:\/\/canariasenpositivo.com\/wp-content\/uploads\/2021\/11\/4.-CARPA-MERCADO-1024x576.jpg\" alt=\"\" width=\"660\" height=\"371\" \/><\/p>\n<p style=\"text-align: center\"><em>La carpa-mercado no aguanta m\u00e1s, pero menos aguanta La Recova sin un claro modelo de gesti\u00f3n<\/em><\/p>\n<p>&nbsp;<\/p>\n<p><span style=\"color: #0000ff\"><strong>LOS PRIMEROS CULPABLES, \u00a1LOS COMERCIANTES!<\/strong><\/span><\/p>\n<ul>\n<li>Voy casi todas las semanas a comprar a La Recova. El a\u00f1o pasado tuve la oportunidad de organizar la Expo-Recova 2020, un recorrido fotogr\u00e1fico por casi 200 a\u00f1os de La Recova lagunera, que, probablemente, sea la tercera m\u00e1s antigua de Espa\u00f1a. Creo que me llevo muy bien con todos los propietarios y empleados de los distintos puestos. Y con todos los que han presidido la Asociaci\u00f3n de Comerciantes del Mercado (ASOCOMEL) que, por cierto, parece que ya ni existe. He hablado con todos ellos: <strong>Sonia Reyes, Benito D\u00edaz<\/strong> (Qepd), <strong>Venancio D\u00edaz, Adri\u00e1n D\u00edaz<\/strong>\u2026 Siempre les he hablado y les sigo hablando a todos con sinceridad. Desde el afecto y el absoluto respeto, pero con rigor y con la verdad por delante y siempre a la cara. Por ello, desde mi cari\u00f1o a La Recova y el respeto a todos ellos, pero tambi\u00e9n desde mi libertad y mi responsabilidad, creo que debo decir p\u00fablicamente que, los primeros responsables y principales \u201cculpables\u201d de que el Mercado siga estando como est\u00e1, 14 a\u00f1os despu\u00e9s, son ellos. Y que de ellos, sobre todo, depende el futuro.<\/li>\n<\/ul>\n<p><img loading=\"lazy\" decoding=\"async\" class=\"size-full wp-image-3249 aligncenter\" src=\"https:\/\/canariasenpositivo.com\/wp-content\/uploads\/2021\/11\/5.-BENITO-D\u00cdAZ-1.jpg\" alt=\"\" width=\"800\" height=\"533\" \/><\/p>\n<p style=\"text-align: center\"><em>El querido y recordado Benito D\u00edaz (Qepd), de los presidentes de Asocomel que m\u00e1s ha luchado por el Mercado de La Laguna.<\/em><\/p>\n<p>&nbsp;<\/p>\n<p><span style=\"color: #0000ff\"><strong>EN SUS MANOS EST\u00c1 EL FUTURO DE LA RECOVA<\/strong><\/span><\/p>\n<ul>\n<li>Entiendo y acepto que muchos ya son mayores y lo que quieren es llegar a los 65 y jubilarse; entiendo que, tal como est\u00e1 la cosa, sus descendientes no vean futuro en el Mercado; Entiendo su desencanto, su \u201cqueme\u201d, su desilusi\u00f3n\u2026 Pero no entiendo ni acepto su permanente y lamentable desuni\u00f3n, sus diferencias, sus piques, sus rencores, sus rencillas, su apat\u00eda, su pasotismo, su \u201capoltronamiento\u201d, su poca visi\u00f3n de futuro y que muchos hayan \u201ctirado la toalla\u201d \u2026\u00a0 Ellos saben la situaci\u00f3n en la que se encuentran, pero tambi\u00e9n saben perfectamente las condiciones de su concesi\u00f3n y lo que est\u00e1n pagando (o no pagando) desde hace 14 a\u00f1os. Y tambi\u00e9n saben que el Gobierno municipal y la Oposici\u00f3n han sido c\u00f3mplices (por acci\u00f3n o por omisi\u00f3n) de todo lo que ha pasado y lo que sigue pasando.<\/li>\n<\/ul>\n<p><img loading=\"lazy\" decoding=\"async\" class=\"size-large wp-image-3250 aligncenter\" src=\"https:\/\/canariasenpositivo.com\/wp-content\/uploads\/2021\/11\/6.-COMERCIANTES-1024x614.jpg\" alt=\"\" width=\"660\" height=\"396\" \/><\/p>\n<p style=\"text-align: center\"><em>Foto de familia de parte de los comerciantes del Mercado de La Laguna, en una imagen del a\u00f1o 2000, en el \u201cPatio de las Flores\u201d de la antigua Recova.<\/em><\/p>\n<p>&nbsp;<\/p>\n<p><span style=\"color: #0000ff\"><strong>EL MEJOR Y M\u00c1S BONITO MERCADO DE CANARIAS<\/strong><\/span><\/p>\n<ul>\n<li>Y que nadie debe \u201cescupir para arriba\u201d \u2026 Ni los unos ni los otros; ni los pol\u00edticos ni los comerciantes. Y todos saben (y si no se los digo yo) que el Mercado de La Laguna, nuestra popular Recova de La Laguna fue el mejor y m\u00e1s bonito mercado de Canarias. Y que, si todos ellos quieren, podemos lograr entre todos que muy pronto vuelva a serlo. La actual administradora, <strong>Bego\u00f1a<\/strong> es una gran profesional y est\u00e1 haciendo lo que puede y m\u00e1s. Pero ella sola no tiene la soluci\u00f3n. Si los comerciantes estuvieran todos unidos, no hay Gobierno (ni el del socialista <strong>Luis Yeray Guti\u00e9rrez,<\/strong> ni ninguno) ni hay Oposici\u00f3n (ni la del nacionalista <strong>Jonathan Dom\u00ednguez<\/strong>, ni la del PP) que se les resista. Pero tambi\u00e9n es verdad que, tras la uni\u00f3n, lo primero y lo m\u00e1s importante, antes de plantear nuevos proyectos y edificios, es que Ayuntamiento y comerciantes se aclaren de una vez y definan qu\u00e9 modelo de gesti\u00f3n quieren para el mercado.<\/li>\n<\/ul>\n<p><img loading=\"lazy\" decoding=\"async\" class=\"size-large wp-image-3251 aligncenter\" src=\"https:\/\/canariasenpositivo.com\/wp-content\/uploads\/2021\/11\/7.-SOLAR-RECOVA-1024x768.jpg\" alt=\"\" width=\"660\" height=\"495\" \/><\/p>\n<p style=\"text-align: center\"><em>Estos solares (deseo y espero que con el aparcamiento incluido) esperan, desde hace ahora 14 a\u00f1os, la construcci\u00f3n de la nueva Recova de La Laguna.<\/em><\/p>\n<p>&nbsp;<\/p>\n<p><span style=\"color: #0000ff\"><strong>LA CLAVE EST\u00c1 EN ELEGIR EL MODELO DE GESTI\u00d3N<\/strong><\/span><\/p>\n<ul>\n<li>No hay tu t\u00eda, hay que pensar, estudiar, elegir y decidir: \u00bfmercado autogestionado por los propios comerciantes (para mi la mejor opci\u00f3n) como lo est\u00e1 en r\u00e9gimen de cooperativa el de Santa Cruz, con una presidencia elegida por todos, como la que hoy ocupa <strong>Estefan\u00eda Hern\u00e1ndez<\/strong> en la Recova santacrucera?&#8230; \u00bfGesti\u00f3n exclusivamente p\u00fablica y municipal (como la de ahora) y que siga dependiendo siempre del Ayuntamiento y de la mejor o peor gesti\u00f3n del pol\u00edtico de turno, sea del partido que sea, y poco menos que el resto, todos a callarse?&#8230; \u00bfO una gesti\u00f3n mixta entre Ayuntamiento y comerciantes (para mi la peor opci\u00f3n) sin una idea clara de quien ordena y manda?&#8230; Tanto el alcalde <strong>Luis Yeray Guti\u00e9rrez<\/strong> (PSOE), como el ahora l\u00edder de la oposici\u00f3n, <strong>Jonathan Dom\u00ednguez <\/strong>(CC) y todos los comerciantes del actual mercado, saben que esto es as\u00ed y que la \u201cclave\u201d est\u00e1 ah\u00ed. La decisi\u00f3n y el futuro est\u00e1 en sus manos. Sobre todo, en la de los comerciantes. Dicho queda<\/li>\n<\/ul>\n<p><img loading=\"lazy\" decoding=\"async\" class=\"size-large wp-image-3252 aligncenter\" src=\"https:\/\/canariasenpositivo.com\/wp-content\/uploads\/2021\/11\/8.-EXPO-RECOVA-1024x342.jpeg\" alt=\"\" width=\"660\" height=\"220\" \/><\/p>\n<p style=\"text-align: center\"><em>El a\u00f1o pasado se mont\u00f3 una exitosa exposici\u00f3n fotogr\u00e1fica en torno a los casi 200 a\u00f1os de historia de la Recova de La Laguna, que se podr\u00eda volver a montar.<\/em><\/p>\n<p>&nbsp;<\/p>\n<p><span style=\"color: #0000ff\"><strong>SAN AGUST\u00cdN LLEVA 57 A\u00d1OS Y SIGUE ESPERANDO<\/strong><\/span><\/p>\n<ul>\n<li>Lo de dejar las cosas empantanadas durante a\u00f1os y a\u00f1os, parece que es casi propio de La Laguna. La Santa Iglesia Catedral se cerr\u00f3 para su rehabilitaci\u00f3n el a\u00f1o 2002, pero dicha rehabilitaci\u00f3n no comenz\u00f3 hasta 2009. Se pretend\u00eda abrir el a\u00f1o 2013, coincidiendo con la celebraci\u00f3n del centenario de su construcci\u00f3n, pero, finalmente, no se abri\u00f3 hasta enero de 2014, casi trece a\u00f1os despu\u00e9s de su cierre. El querido y recordado sacerdote Pedro Juan Garc\u00eda, can\u00f3nigo de la misma, no pudo ver su reapertura. Pero la iglesia de San Agust\u00edn se quem\u00f3 el a\u00f1o 1964 sigue en ruinas y como si nada. Siendo monse\u00f1or <strong>Luis Franco Casc\u00f3n<\/strong> obispo de la Di\u00f3cesis Nivariense, se realiz\u00f3 una colecta popular para reconstruirla, d\u00edas despu\u00e9s del incendio. Pero ah\u00ed sigue sin que nadie haya hecho realidad su rehabilitaci\u00f3n 57 a\u00f1os despu\u00e9s. De nuevo, es lo que hay es una realidad que La Laguna debe cambiar de cara al futuro.<\/li>\n<\/ul>\n<p><img loading=\"lazy\" decoding=\"async\" class=\"size-large wp-image-3253 aligncenter\" src=\"https:\/\/canariasenpositivo.com\/wp-content\/uploads\/2021\/11\/9.-SAN-AGUST\u00cdN-1024x576.jpg\" alt=\"\" width=\"660\" height=\"371\" \/><\/p>\n<p style=\"text-align: center\"><em>La iglesia de San Agust\u00edn sigue esperando su rehabilitaci\u00f3n\u2026 57 a\u00f1os despu\u00e9s<\/em><\/p>\n<p>&nbsp;<\/p>\n<p><span style=\"color: #0000ff\"><strong>CONCEPCI\u00d3N SALAZAR: 431 M. Y M\u00c1S DE 14 MESES<\/strong><\/span><\/p>\n<ul>\n<li>La lagunera calle <strong>Concepci\u00f3n Salazar<\/strong> es una peque\u00f1a v\u00eda de tan solo 431 metros de largo, que va desde el campo de la Manzanilla hasta la avenida de la Rep\u00fablica Argentina (vamos, la carretera de Tejina) y que tambi\u00e9n va camino (si no los ha sobrepasado ya) de los 14 meses en obras. Comenzaron cortando sus \u00e1rboles y le han puesto una casi rid\u00edcula acera por la banda izquierda, y tremenda acera por la derecha. Los vecinos est\u00e1n que trinan y muchos expertos no entienden como, a estas alturas, se vuelve a construir una calle con aceras. Actualmente prima el urbanismo inclusivo y las aceras brillan cada vez m\u00e1s por su ausencia. La v\u00eda se distingue de las \u201caceras\u201d por bolardos y l\u00edneas de se\u00f1alizaci\u00f3n diurna y nocturna, de tal manera que las personas mayores, madres y padres con carritos y personas discapacitadas, mayores o con movilidad reducida, puedan cruzar sin tener que ir a las esquinas. La calle <strong>Concepci\u00f3n Salazar<\/strong> es otro lamentable ejemplo de desorganizaci\u00f3n y desidia. Y la Oposici\u00f3n y la Asociaci\u00f3n de Vecinos, en Bel\u00e9n con los pastores.<\/li>\n<\/ul>\n<p><img loading=\"lazy\" decoding=\"async\" class=\"size-large wp-image-3254 aligncenter\" src=\"https:\/\/canariasenpositivo.com\/wp-content\/uploads\/2021\/11\/10.-CALLE-INACABADA-1024x768.jpeg\" alt=\"\" width=\"660\" height=\"495\" \/><\/p>\n<p style=\"text-align: center\"><em>La calle Concepci\u00f3n Salazar. 14 meses de obras para solo 431 metros, a\u00fan sin terminar y con unas aceras descompensadas y hoy en d\u00eda ya sin sentido.<\/em><\/p>\n<p>&nbsp;<\/p>\n<p><span style=\"color: #0000ff\"><strong>CORREOS: 14 MESES Y SIN BA\u00d1OS PARA USUARIOS<\/strong><\/span><\/p>\n<ul>\n<li>Siguiendo con los curiosos 14 meses de obras, remato mi relato con una cr\u00edtica \u201cen positivo\u201d a la nueva oficina principal de Correos en la lagunera plaza de Santo Domingo. Se han pegado alrededor de 14 meses de obras, con las consiguientes molestias para los usuarios y, cuando abren las nuevas, remodeladas y (supuestamente) modernas instalaciones, descubrimos que \u00e9stas (aun siendo unas instalaciones de un organismo p\u00fablico) no cuentan con unos m\u00ednimos ba\u00f1os que los usuarios puedan utilizar en caso de necesidad. No s\u00e9 si legal y obligatoriamente deben tener unos aseos y\/o servicios higi\u00e9nicos al servicio de sus usuarios, pero, sinceramente, les digo que me parece impresentable que no los tengan. A cualquier simple bar o cafeter\u00eda le exigen lo divino y lo humano, pero parece que no a un servicio p\u00fablico nacional, como es Correos de Espa\u00f1a en La Laguna. Cu\u00eddense de que no les d\u00e9 un apret\u00f3n all\u00ed.<\/li>\n<\/ul>\n<p><img loading=\"lazy\" decoding=\"async\" class=\"size-large wp-image-3255 aligncenter\" src=\"https:\/\/canariasenpositivo.com\/wp-content\/uploads\/2021\/11\/11.-CORREOS-1024x768.jpeg\" alt=\"\" width=\"660\" height=\"495\" \/><\/p>\n<p style=\"text-align: center\"><em>Tremenda nueva oficina de Correos en La Laguna, sin servicios higi\u00e9nicos para sus usuarios.<\/em><\/p>\n<p>&nbsp;<\/p>\n<p><span style=\"color: #0000ff\"><strong>NUNCA, NUNCA SE DEBE ESCUPIR PARA ARRIBA<\/strong><\/span><\/p>\n<ul>\n<li>Remato <strong><em>El Cotarro<\/em><\/strong> de hoy haci\u00e9ndome eco de la noticia referente al segundo carpetazo al llamado \u201cCaso Gr\u00faas\u201d en el que la magistrada del Juzgado de Instrucci\u00f3n n\u00famero 2 de La Laguna,\u00a0<strong>Mar\u00eda Celia Blanco<\/strong>, ha decretado (una vez m\u00e1s) el\u00a0<strong>sobreseimiento provisional\u00a0<\/strong>del procedimiento que se segu\u00eda contra el exalcalde de Coalici\u00f3n Canaria,\u00a0<strong>Jos\u00e9 Alberto D\u00edaz<\/strong>, as\u00ed como contra el edil de la misma formaci\u00f3n nacionalista,\u00a0<strong>Antonio Miguel P\u00e9rez Godi\u00f1o<\/strong>, y la t\u00e9cnico de Seguridad, <strong>Rosario Hern\u00e1ndez<\/strong>. La jueza considera que no existi\u00f3 prevaricaci\u00f3n por parte del exalcalde <strong>Jos\u00e9 Alberto D\u00edaz<\/strong> ni al edil <strong>\u201cTito\u201d<\/strong> <strong>P\u00e9rez Godi\u00f1o<\/strong> ni a la t\u00e9cnico <strong>Rosy Hern\u00e1ndez<\/strong>. Una vez m\u00e1s est\u00e1 claro que la Justicia es lenta (quiz\u00e1 excesivamente lenta) pero segura. Y a muchos que hablan, \u201csentencian\u201d y \u201ccrucifican\u201d antes de tiempo, habr\u00eda que recordarles que no se debe escupir para arriba. Me alegro por <strong>Jos\u00e9 Alberto, Tito<\/strong> y <strong>Rosi<\/strong>.<\/li>\n<\/ul>\n<p><img loading=\"lazy\" decoding=\"async\" class=\"size-large wp-image-3256 aligncenter\" src=\"https:\/\/canariasenpositivo.com\/wp-content\/uploads\/2021\/11\/12.-JOS\u00c9-ALBERTO-Y-TITO-1024x597.jpg\" alt=\"\" width=\"660\" height=\"385\" \/><\/p>\n<p style=\"text-align: center\"><em>El exconcejal Antonio \u201cTito\u201d P\u00e9rez Godi\u00f1o (i) y el exalcalde Jos\u00e9 Alberto D\u00edaz.<\/em><\/p>\n<p>&nbsp;<\/p>\n<p><span style=\"color: #0000ff\"><strong>* Jos\u00e9 Carlos MARRERO GONZ\u00c1LEZ<\/strong><\/span><\/p>\n<p>Periodista y analista de la actualidad.<\/p>\n<p>Director de <strong><em>El Cotarro<\/em><\/strong> (www.elcotarro.com)<\/p>\n<p>Director de <strong><em>Canarias en Positivo<\/em><\/strong> (www.canariasenpositivo.com)<\/p>\n<p>Director de <strong><em>GastroCanarias<\/em><\/strong> (www.gastrocanarias.com)<\/p>\n<p>&nbsp;<\/p>\n<p><a href=\"https:\/\/elcotarro.com\/wp-content\/uploads\/2021\/10\/10.-BANNER-CARECA-INSULA.jpg\"><img loading=\"lazy\" decoding=\"async\" class=\"size-full wp-image-10246 aligncenter\" src=\"https:\/\/elcotarro.com\/wp-content\/uploads\/2021\/10\/10.-BANNER-CARECA-INSULA.jpg\" alt=\"\" width=\"750\" height=\"153\" srcset=\"https:\/\/elcotarro.com\/wp-content\/uploads\/2021\/10\/10.-BANNER-CARECA-INSULA.jpg 750w, https:\/\/elcotarro.com\/wp-content\/uploads\/2021\/10\/10.-BANNER-CARECA-INSULA-300x61.jpg 300w\" sizes=\"auto, (max-width: 750px) 100vw, 750px\" \/><\/a><\/p>\n","protected":false},"excerpt":{"rendered":"<p>Por Jos\u00e9 Carlos Marrero * &nbsp; DESDE LA LIBERTAD, EL QUE AVISA NO ES TRAIDOR Si me lo permiten (y con perd\u00f3n) voy a comenzar El Cotarro de hoy presumiendo de que, en lo que al periodismo se refiere, si algo controlo, m\u00e1s o menos, es la informaci\u00f3n sobre los avatares, miserias, presiones y condicionantes &#8230; <a class=\"read-more\" href=\"https:\/\/elcotarro.com\/?p=10251\">Read more<\/a><\/p>\n","protected":false},"author":2,"featured_media":0,"comment_status":"open","ping_status":"open","sticky":false,"template":"","format":"standard","meta":{"_jetpack_memberships_contains_paid_content":false,"footnotes":""},"categories":[4],"tags":[],"class_list":["post-10251","post","type-post","status-publish","format-standard","hentry","category-el-cotarro"],"yoast_head":"<!-- This site is optimized with the Yoast SEO plugin v27.0 - https:\/\/yoast.com\/product\/yoast-seo-wordpress\/ -->\n<title>EL COTARRO N\u00ba374, DEL DOMINGO, 07\/11\/2021 - El Cotarro<\/title>\n<meta name=\"robots\" content=\"index, follow, max-snippet:-1, max-image-preview:large, max-video-preview:-1\" \/>\n<link rel=\"canonical\" href=\"https:\/\/elcotarro.com\/?p=10251\" \/>\n<meta property=\"og:locale\" content=\"es_ES\" \/>\n<meta property=\"og:type\" content=\"article\" \/>\n<meta property=\"og:title\" content=\"EL COTARRO N\u00ba374, DEL DOMINGO, 07\/11\/2021 - El Cotarro\" \/>\n<meta property=\"og:description\" content=\"Por Jos\u00e9 Carlos Marrero * &nbsp; DESDE LA LIBERTAD, EL QUE AVISA NO ES TRAIDOR Si me lo permiten (y con perd\u00f3n) voy a comenzar El Cotarro de hoy presumiendo de que, en lo que al periodismo se refiere, si algo controlo, m\u00e1s o menos, es la informaci\u00f3n sobre los avatares, miserias, presiones y condicionantes ... Read more\" \/>\n<meta property=\"og:url\" content=\"https:\/\/elcotarro.com\/?p=10251\" \/>\n<meta property=\"og:site_name\" content=\"El Cotarro\" \/>\n<meta property=\"article:publisher\" content=\"https:\/\/www.facebook.com\/ElCotarro.Tenerife\" \/>\n<meta property=\"article:published_time\" content=\"2021-11-07T10:20:21+00:00\" \/>\n<meta property=\"og:image\" content=\"https:\/\/canariasenpositivo.com\/wp-content\/uploads\/2021\/11\/1.-ANTIGUA-RECOVA.jpg\" \/>\n<meta name=\"author\" content=\"Jos\u00e9 Carlos Marrero Gonz\u00e1lez\" \/>\n<meta name=\"twitter:label1\" content=\"Escrito por\" \/>\n\t<meta name=\"twitter:data1\" content=\"Jos\u00e9 Carlos Marrero Gonz\u00e1lez\" \/>\n\t<meta name=\"twitter:label2\" content=\"Tiempo de lectura\" \/>\n\t<meta name=\"twitter:data2\" content=\"13 minutos\" \/>\n<script type=\"application\/ld+json\" class=\"yoast-schema-graph\">{\"@context\":\"https:\/\/schema.org\",\"@graph\":[{\"@type\":\"Article\",\"@id\":\"https:\/\/elcotarro.com\/?p=10251#article\",\"isPartOf\":{\"@id\":\"https:\/\/elcotarro.com\/?p=10251\"},\"author\":{\"name\":\"Jos\u00e9 Carlos Marrero Gonz\u00e1lez\",\"@id\":\"https:\/\/elcotarro.com\/#\/schema\/person\/af537ee7d60d15984c7e0affcd8a918b\"},\"headline\":\"EL COTARRO N\u00ba374, DEL DOMINGO, 07\/11\/2021\",\"datePublished\":\"2021-11-07T10:20:21+00:00\",\"mainEntityOfPage\":{\"@id\":\"https:\/\/elcotarro.com\/?p=10251\"},\"wordCount\":2519,\"commentCount\":0,\"publisher\":{\"@id\":\"https:\/\/elcotarro.com\/#organization\"},\"image\":{\"@id\":\"https:\/\/elcotarro.com\/?p=10251#primaryimage\"},\"thumbnailUrl\":\"https:\/\/canariasenpositivo.com\/wp-content\/uploads\/2021\/11\/1.-ANTIGUA-RECOVA.jpg\",\"articleSection\":[\"El Cotarro\"],\"inLanguage\":\"es\",\"potentialAction\":[{\"@type\":\"CommentAction\",\"name\":\"Comment\",\"target\":[\"https:\/\/elcotarro.com\/?p=10251#respond\"]}]},{\"@type\":\"WebPage\",\"@id\":\"https:\/\/elcotarro.com\/?p=10251\",\"url\":\"https:\/\/elcotarro.com\/?p=10251\",\"name\":\"EL COTARRO N\u00ba374, DEL DOMINGO, 07\/11\/2021 - El Cotarro\",\"isPartOf\":{\"@id\":\"https:\/\/elcotarro.com\/#website\"},\"primaryImageOfPage\":{\"@id\":\"https:\/\/elcotarro.com\/?p=10251#primaryimage\"},\"image\":{\"@id\":\"https:\/\/elcotarro.com\/?p=10251#primaryimage\"},\"thumbnailUrl\":\"https:\/\/canariasenpositivo.com\/wp-content\/uploads\/2021\/11\/1.-ANTIGUA-RECOVA.jpg\",\"datePublished\":\"2021-11-07T10:20:21+00:00\",\"breadcrumb\":{\"@id\":\"https:\/\/elcotarro.com\/?p=10251#breadcrumb\"},\"inLanguage\":\"es\",\"potentialAction\":[{\"@type\":\"ReadAction\",\"target\":[\"https:\/\/elcotarro.com\/?p=10251\"]}]},{\"@type\":\"ImageObject\",\"inLanguage\":\"es\",\"@id\":\"https:\/\/elcotarro.com\/?p=10251#primaryimage\",\"url\":\"https:\/\/canariasenpositivo.com\/wp-content\/uploads\/2021\/11\/1.-ANTIGUA-RECOVA.jpg\",\"contentUrl\":\"https:\/\/canariasenpositivo.com\/wp-content\/uploads\/2021\/11\/1.-ANTIGUA-RECOVA.jpg\"},{\"@type\":\"BreadcrumbList\",\"@id\":\"https:\/\/elcotarro.com\/?p=10251#breadcrumb\",\"itemListElement\":[{\"@type\":\"ListItem\",\"position\":1,\"name\":\"Portada\",\"item\":\"https:\/\/elcotarro.com\/\"},{\"@type\":\"ListItem\",\"position\":2,\"name\":\"EL COTARRO N\u00ba374, DEL DOMINGO, 07\/11\/2021\"}]},{\"@type\":\"WebSite\",\"@id\":\"https:\/\/elcotarro.com\/#website\",\"url\":\"https:\/\/elcotarro.com\/\",\"name\":\"El Cotarro\",\"description\":\"Peri\u00f3dico Digital Independiente dirigido por Jos\u00e9 Carlos Marrero\",\"publisher\":{\"@id\":\"https:\/\/elcotarro.com\/#organization\"},\"potentialAction\":[{\"@type\":\"SearchAction\",\"target\":{\"@type\":\"EntryPoint\",\"urlTemplate\":\"https:\/\/elcotarro.com\/?s={search_term_string}\"},\"query-input\":{\"@type\":\"PropertyValueSpecification\",\"valueRequired\":true,\"valueName\":\"search_term_string\"}}],\"inLanguage\":\"es\"},{\"@type\":\"Organization\",\"@id\":\"https:\/\/elcotarro.com\/#organization\",\"name\":\"El Cotarro\",\"url\":\"https:\/\/elcotarro.com\/\",\"logo\":{\"@type\":\"ImageObject\",\"inLanguage\":\"es\",\"@id\":\"https:\/\/elcotarro.com\/#\/schema\/logo\/image\/\",\"url\":\"https:\/\/elcotarro.com\/wp-content\/uploads\/2014\/09\/Cabecera_El_Cotarro_v2.jpg\",\"contentUrl\":\"https:\/\/elcotarro.com\/wp-content\/uploads\/2014\/09\/Cabecera_El_Cotarro_v2.jpg\",\"width\":3540,\"height\":441,\"caption\":\"El Cotarro\"},\"image\":{\"@id\":\"https:\/\/elcotarro.com\/#\/schema\/logo\/image\/\"},\"sameAs\":[\"https:\/\/www.facebook.com\/ElCotarro.Tenerife\"]},{\"@type\":\"Person\",\"@id\":\"https:\/\/elcotarro.com\/#\/schema\/person\/af537ee7d60d15984c7e0affcd8a918b\",\"name\":\"Jos\u00e9 Carlos Marrero Gonz\u00e1lez\",\"image\":{\"@type\":\"ImageObject\",\"inLanguage\":\"es\",\"@id\":\"https:\/\/elcotarro.com\/#\/schema\/person\/image\/\",\"url\":\"https:\/\/secure.gravatar.com\/avatar\/def4da036efb5d32c74d49c351f6dccc064dd69ad9f3aadc295c5a9a5391ca01?s=96&d=mm&r=g\",\"contentUrl\":\"https:\/\/secure.gravatar.com\/avatar\/def4da036efb5d32c74d49c351f6dccc064dd69ad9f3aadc295c5a9a5391ca01?s=96&d=mm&r=g\",\"caption\":\"Jos\u00e9 Carlos Marrero Gonz\u00e1lez\"},\"sameAs\":[\"https:\/\/elcotarro.com\"],\"url\":\"https:\/\/elcotarro.com\/?author=2\"}]}<\/script>\n<!-- \/ Yoast SEO plugin. -->","yoast_head_json":{"title":"EL COTARRO N\u00ba374, DEL DOMINGO, 07\/11\/2021 - El Cotarro","robots":{"index":"index","follow":"follow","max-snippet":"max-snippet:-1","max-image-preview":"max-image-preview:large","max-video-preview":"max-video-preview:-1"},"canonical":"https:\/\/elcotarro.com\/?p=10251","og_locale":"es_ES","og_type":"article","og_title":"EL COTARRO N\u00ba374, DEL DOMINGO, 07\/11\/2021 - El Cotarro","og_description":"Por Jos\u00e9 Carlos Marrero * &nbsp; DESDE LA LIBERTAD, EL QUE AVISA NO ES TRAIDOR Si me lo permiten (y con perd\u00f3n) voy a comenzar El Cotarro de hoy presumiendo de que, en lo que al periodismo se refiere, si algo controlo, m\u00e1s o menos, es la informaci\u00f3n sobre los avatares, miserias, presiones y condicionantes ... Read more","og_url":"https:\/\/elcotarro.com\/?p=10251","og_site_name":"El Cotarro","article_publisher":"https:\/\/www.facebook.com\/ElCotarro.Tenerife","article_published_time":"2021-11-07T10:20:21+00:00","og_image":[{"url":"https:\/\/canariasenpositivo.com\/wp-content\/uploads\/2021\/11\/1.-ANTIGUA-RECOVA.jpg","type":"","width":"","height":""}],"author":"Jos\u00e9 Carlos Marrero Gonz\u00e1lez","twitter_misc":{"Escrito por":"Jos\u00e9 Carlos Marrero Gonz\u00e1lez","Tiempo de lectura":"13 minutos"},"schema":{"@context":"https:\/\/schema.org","@graph":[{"@type":"Article","@id":"https:\/\/elcotarro.com\/?p=10251#article","isPartOf":{"@id":"https:\/\/elcotarro.com\/?p=10251"},"author":{"name":"Jos\u00e9 Carlos Marrero Gonz\u00e1lez","@id":"https:\/\/elcotarro.com\/#\/schema\/person\/af537ee7d60d15984c7e0affcd8a918b"},"headline":"EL COTARRO N\u00ba374, DEL DOMINGO, 07\/11\/2021","datePublished":"2021-11-07T10:20:21+00:00","mainEntityOfPage":{"@id":"https:\/\/elcotarro.com\/?p=10251"},"wordCount":2519,"commentCount":0,"publisher":{"@id":"https:\/\/elcotarro.com\/#organization"},"image":{"@id":"https:\/\/elcotarro.com\/?p=10251#primaryimage"},"thumbnailUrl":"https:\/\/canariasenpositivo.com\/wp-content\/uploads\/2021\/11\/1.-ANTIGUA-RECOVA.jpg","articleSection":["El Cotarro"],"inLanguage":"es","potentialAction":[{"@type":"CommentAction","name":"Comment","target":["https:\/\/elcotarro.com\/?p=10251#respond"]}]},{"@type":"WebPage","@id":"https:\/\/elcotarro.com\/?p=10251","url":"https:\/\/elcotarro.com\/?p=10251","name":"EL COTARRO N\u00ba374, DEL DOMINGO, 07\/11\/2021 - El Cotarro","isPartOf":{"@id":"https:\/\/elcotarro.com\/#website"},"primaryImageOfPage":{"@id":"https:\/\/elcotarro.com\/?p=10251#primaryimage"},"image":{"@id":"https:\/\/elcotarro.com\/?p=10251#primaryimage"},"thumbnailUrl":"https:\/\/canariasenpositivo.com\/wp-content\/uploads\/2021\/11\/1.-ANTIGUA-RECOVA.jpg","datePublished":"2021-11-07T10:20:21+00:00","breadcrumb":{"@id":"https:\/\/elcotarro.com\/?p=10251#breadcrumb"},"inLanguage":"es","potentialAction":[{"@type":"ReadAction","target":["https:\/\/elcotarro.com\/?p=10251"]}]},{"@type":"ImageObject","inLanguage":"es","@id":"https:\/\/elcotarro.com\/?p=10251#primaryimage","url":"https:\/\/canariasenpositivo.com\/wp-content\/uploads\/2021\/11\/1.-ANTIGUA-RECOVA.jpg","contentUrl":"https:\/\/canariasenpositivo.com\/wp-content\/uploads\/2021\/11\/1.-ANTIGUA-RECOVA.jpg"},{"@type":"BreadcrumbList","@id":"https:\/\/elcotarro.com\/?p=10251#breadcrumb","itemListElement":[{"@type":"ListItem","position":1,"name":"Portada","item":"https:\/\/elcotarro.com\/"},{"@type":"ListItem","position":2,"name":"EL COTARRO N\u00ba374, DEL DOMINGO, 07\/11\/2021"}]},{"@type":"WebSite","@id":"https:\/\/elcotarro.com\/#website","url":"https:\/\/elcotarro.com\/","name":"El Cotarro","description":"Peri\u00f3dico Digital Independiente dirigido por Jos\u00e9 Carlos Marrero","publisher":{"@id":"https:\/\/elcotarro.com\/#organization"},"potentialAction":[{"@type":"SearchAction","target":{"@type":"EntryPoint","urlTemplate":"https:\/\/elcotarro.com\/?s={search_term_string}"},"query-input":{"@type":"PropertyValueSpecification","valueRequired":true,"valueName":"search_term_string"}}],"inLanguage":"es"},{"@type":"Organization","@id":"https:\/\/elcotarro.com\/#organization","name":"El Cotarro","url":"https:\/\/elcotarro.com\/","logo":{"@type":"ImageObject","inLanguage":"es","@id":"https:\/\/elcotarro.com\/#\/schema\/logo\/image\/","url":"https:\/\/elcotarro.com\/wp-content\/uploads\/2014\/09\/Cabecera_El_Cotarro_v2.jpg","contentUrl":"https:\/\/elcotarro.com\/wp-content\/uploads\/2014\/09\/Cabecera_El_Cotarro_v2.jpg","width":3540,"height":441,"caption":"El Cotarro"},"image":{"@id":"https:\/\/elcotarro.com\/#\/schema\/logo\/image\/"},"sameAs":["https:\/\/www.facebook.com\/ElCotarro.Tenerife"]},{"@type":"Person","@id":"https:\/\/elcotarro.com\/#\/schema\/person\/af537ee7d60d15984c7e0affcd8a918b","name":"Jos\u00e9 Carlos Marrero Gonz\u00e1lez","image":{"@type":"ImageObject","inLanguage":"es","@id":"https:\/\/elcotarro.com\/#\/schema\/person\/image\/","url":"https:\/\/secure.gravatar.com\/avatar\/def4da036efb5d32c74d49c351f6dccc064dd69ad9f3aadc295c5a9a5391ca01?s=96&d=mm&r=g","contentUrl":"https:\/\/secure.gravatar.com\/avatar\/def4da036efb5d32c74d49c351f6dccc064dd69ad9f3aadc295c5a9a5391ca01?s=96&d=mm&r=g","caption":"Jos\u00e9 Carlos Marrero Gonz\u00e1lez"},"sameAs":["https:\/\/elcotarro.com"],"url":"https:\/\/elcotarro.com\/?author=2"}]}},"jetpack_featured_media_url":"","jetpack_sharing_enabled":true,"_links":{"self":[{"href":"https:\/\/elcotarro.com\/index.php?rest_route=\/wp\/v2\/posts\/10251","targetHints":{"allow":["GET"]}}],"collection":[{"href":"https:\/\/elcotarro.com\/index.php?rest_route=\/wp\/v2\/posts"}],"about":[{"href":"https:\/\/elcotarro.com\/index.php?rest_route=\/wp\/v2\/types\/post"}],"author":[{"embeddable":true,"href":"https:\/\/elcotarro.com\/index.php?rest_route=\/wp\/v2\/users\/2"}],"replies":[{"embeddable":true,"href":"https:\/\/elcotarro.com\/index.php?rest_route=%2Fwp%2Fv2%2Fcomments&post=10251"}],"version-history":[{"count":1,"href":"https:\/\/elcotarro.com\/index.php?rest_route=\/wp\/v2\/posts\/10251\/revisions"}],"predecessor-version":[{"id":10252,"href":"https:\/\/elcotarro.com\/index.php?rest_route=\/wp\/v2\/posts\/10251\/revisions\/10252"}],"wp:attachment":[{"href":"https:\/\/elcotarro.com\/index.php?rest_route=%2Fwp%2Fv2%2Fmedia&parent=10251"}],"wp:term":[{"taxonomy":"category","embeddable":true,"href":"https:\/\/elcotarro.com\/index.php?rest_route=%2Fwp%2Fv2%2Fcategories&post=10251"},{"taxonomy":"post_tag","embeddable":true,"href":"https:\/\/elcotarro.com\/index.php?rest_route=%2Fwp%2Fv2%2Ftags&post=10251"}],"curies":[{"name":"wp","href":"https:\/\/api.w.org\/{rel}","templated":true}]}}