{"id":10257,"date":"2021-11-21T00:36:50","date_gmt":"2021-11-21T00:36:50","guid":{"rendered":"https:\/\/elcotarro.com\/?p=10257"},"modified":"2021-11-21T11:12:32","modified_gmt":"2021-11-21T11:12:32","slug":"el-cotarro-no376-del-domingo-21-11-2021","status":"publish","type":"post","link":"https:\/\/elcotarro.com\/?p=10257","title":{"rendered":"EL COTARRO N\u00ba376, DEL DOMINGO, 21\/11\/2021"},"content":{"rendered":"<blockquote><p><span style=\"color: #ff0000\"><strong>\u201cEL COTARRO\u201d N\u00ba376 DEL 21 DE NOVIEMBRE DE 2021<\/strong><\/span><\/p><\/blockquote>\n<p><strong>\u00a0\u00a0\u00a0\u00a0\u00a0\u00a0\u00a0\u00a0\u00a0\u00a0\u00a0\u00a0\u00a0\u00a0\u00a0\u00a0\u00a0\u00a0\u00a0\u00a0\u00a0\u00a0\u00a0<\/strong><\/p>\n<p><strong>\u00a0\u00a0\u00a0\u00a0<\/strong><em>Por<strong> Jos\u00e9 Carlos Marrero *<\/strong><\/em><\/p>\n<p><strong>\u00a0 \u00a0 \u00a0 \u00a0 \u00a0 \u00a0 \u00a0 \u00a0 \u00a0 \u00a0 \u00a0 \u00a0 \u00a0 \u00a0 \u00a0 \u00a0 \u00a0 \u00a0 \u00a0 \u00a0 \u00a0 \u00a0 \u00a0 \u00a0 \u00a0 \u00a0 \u00a0 \u00a0 \u00a0 \u00a0 \u00a0 \u00a0 \u00a0<\/strong><\/p>\n<p><span style=\"color: #0000ff\"><strong>MERCEDES COELLO Y <\/strong><strong>LOS SANITARIOS<\/strong><strong> PALMEROS <\/strong><\/span><\/p>\n<ul>\n<li>Esta edici\u00f3n de <strong><em>El Cotarro<\/em><\/strong> la comienzo con un nuevo recuerdo a La Palma y, en este caso, de la mano de todos los buenos profesionales de la Sanidad en la Isla Bonita. Y lo hago al hilo de unas declaraciones de la doctora <strong>Mercedes Coello Fern\u00e1ndez-Trujillo<\/strong>, gerente del Hospital General Nuestra Se\u00f1ora de Las Nieves y de todos los servicios de Atenci\u00f3n Primaria en La Palma en el programa ma\u00f1anero \u201cEspejo P\u00fablico\u201d de Antena 3 Televisi\u00f3n, que dirige y presenta <strong>Susanna Griso<\/strong> a nivel nacional y con liderazgo de audiencia. Con una serenidad, claridad y sentido positivo de la situaci\u00f3n, dej\u00f3 claramente de manifiesto la profesionalidad y entrega de los trabajadores de la Sanidad canaria en La Palma. <strong>Mercedes Coello<\/strong> es, desde hace muchos a\u00f1os, m\u00e9dico especialista en Urgencias y miembro de la Sociedad Espa\u00f1ola de Medicina de Urgencias y Emergencias \u2013 SEMES.<\/li>\n<\/ul>\n<p><img loading=\"lazy\" decoding=\"async\" class=\"size-full wp-image-3314 aligncenter\" src=\"https:\/\/canariasenpositivo.com\/wp-content\/uploads\/2021\/11\/1.-MERCEDES-COELLO.jpg\" alt=\"\" width=\"999\" height=\"645\" \/><\/p>\n<p style=\"text-align: center\"><em>La doctora Mercedes Coello, directora del Hospital de Las Nieves, en La Palma<\/em><\/p>\n<p>&nbsp;<\/p>\n<p><span style=\"color: #0000ff\"><strong>CUANDO NO SE MEZCLA PROFESI\u00d3N Y POL\u00cdTICA<\/strong><\/span><\/p>\n<ul>\n<li>Es importante rese\u00f1ar lo siguiente para que, las personas que se den por aludidas, cojan recortes y reconsideren sus actitudes. La incansable<strong> Mercedes Coello<\/strong> siempre ha ejercido como m\u00e9dico de Urgencias, cuando no ha estado en la pol\u00edtica activa ocupando altos cargos de responsabilidad de la mano del PSOE (fue durante a\u00f1os diputada en el Congreso por nuestra provincia y consejera del Cabildo Insular de La Palma). Pero eso no quita para que siempre haya sabido trabajar poniendo su profesionalidad y principios como m\u00e9dico por encima de ideolog\u00edas, colores pol\u00edticos y partidismos. De hecho, <strong>Mercedes Coello<\/strong> se coordina perfectamente con <strong>Kilian S\u00e1nchez<\/strong>, nombrado director del \u00c1rea de Salud de La Palma por el PSOE, pero no le duelen prendas reconocer que, tanto en la pandemia como en la crisis del volc\u00e1n, ha trabajado coordinadamente y sin problema con el presidente del Cabildo palmero, <strong>Mariano Hern\u00e1ndez Zapata<\/strong>, que es del PP. Sin duda, un ejemplo.<\/li>\n<\/ul>\n<p><img loading=\"lazy\" decoding=\"async\" class=\"size-full wp-image-3315 aligncenter\" src=\"https:\/\/canariasenpositivo.com\/wp-content\/uploads\/2021\/11\/2.-LA-PALMA-UNIDA.jpg\" alt=\"\" width=\"680\" height=\"480\" \/><\/p>\n<p style=\"text-align: center\"><em>De Izda. a Dcha.: Kilian S\u00e1nchez, Nieves Hern\u00e1ndez (consejera de Acci\u00f3n Social del Cabildo de La Palma, Mariano Hern\u00e1ndez Zapata y Mercedes Coello<\/em><\/p>\n<p>&nbsp;<\/p>\n<p><span style=\"color: #0000ff\"><strong>EJEMPLO DE PROFESIONALIDAD Y BUENA ACTITUD<\/strong><\/span><\/p>\n<ul>\n<li>Me cuentan que, desde que comenz\u00f3 la pandemia, en medio de la crisis de la inmigraci\u00f3n y ahora con lo de la erupci\u00f3n del volc\u00e1n, ha estado permanentemente en la Isla Bonita, casi sin vacaciones y ejerciendo el liderazgo de un colectivo, como el sanitario, que se est\u00e1 dejando la piel. El ejemplo de <strong>Mercedes Coello<\/strong>, el magn\u00edfico clima de trabajo en el Hospital de Las Nieves y en los centros de atenci\u00f3n primaria palmeros, la responsabilidad de todos los equipos y su total entrega en la adversidad, es un tremendo ejemplo de profesionalidad y buen hacer, que para s\u00ed quisieran muchos. En la persona de <strong>Mercedes Coello<\/strong> (porque ser\u00eda imposible nombrarles a todos) vaya mi reconocimiento y p\u00fablica felicitaci\u00f3n a todas esas personas que, profesionalmente, est\u00e1n dejando muy alto a la Sanidad canaria en La Palma.<\/li>\n<\/ul>\n<p><img loading=\"lazy\" decoding=\"async\" class=\"size-large wp-image-3316 aligncenter\" src=\"https:\/\/canariasenpositivo.com\/wp-content\/uploads\/2021\/11\/3.-MERCEDES-EN-NORAY-1024x576.jpg\" alt=\"\" width=\"660\" height=\"371\" \/><\/p>\n<p style=\"text-align: center\"><em>Mercedes Coello sentada sobre un noray despu\u00e9s de atender a un grupo de inmigrantes en un puerto de La Palma. Directora pero trabajadora a pie de calle<\/em><\/p>\n<p>&nbsp;<\/p>\n<p><span style=\"color: #0000ff\"><strong>PEDRITO GUTI\u00c9RREZ, LUCHADOR Y VITICULTOR<\/strong><\/span><\/p>\n<ul>\n<li>Precisamente desde La Palma y gracias al incombustible <strong>Efra\u00edn Medina Hern\u00e1ndez,<\/strong> me llega una noticia en la que se une nuestro vern\u00e1culo deporte de la Lucha Canaria con la viticultura y el buen vino de nuestra tierra. El incansable <strong>Efra\u00edn Medina<\/strong> (que compatibiliza su trabajo en el Ayuntamiento de Candelaria con su cargo de consejero insular en el Cabildo de Tenerife y su faceta de artista y cantante, con la gira de su espect\u00e1culo musical \u201cMucho + Amor\u201d) me ha contado una an\u00e9cdota bodeguera que tiene como protagonista a <strong>Pedro Guti\u00e9rrez P\u00e9rez<\/strong>, popularmente conocido como <strong>Pedrito Guti\u00e9rrez<\/strong>, luchador destacado del Tazacorte Club de Lucha, de La Palma. Un joven, pero ya gran luchador tinerfe\u00f1o que, antes de aprender a luchar y junto a su abuelo <strong>Manuel Guti\u00e9rrez \u201cLa Viejita\u201d<\/strong>, conoci\u00f3 el apasionante mundo del vino. Ahora, su nombre y su mejor ma\u00f1a, protagonizan un gran vino tinto y su etiqueta.<\/li>\n<\/ul>\n<p><img loading=\"lazy\" decoding=\"async\" class=\"size-full wp-image-3317 aligncenter\" src=\"https:\/\/canariasenpositivo.com\/wp-content\/uploads\/2021\/11\/4.-PEDRO-GUTI\u00c9RREZ.jpg\" alt=\"\" width=\"952\" height=\"762\" \/><\/p>\n<p style=\"text-align: center\"><em>Pedro Guti\u00e9rrez da nombre al vino y su ma\u00f1a el \u201cganchillo\u201d ilustra la etiqueta.<\/em><\/p>\n<p><strong>\u00a0<\/strong><\/p>\n<p><span style=\"color: #0000ff\"><strong>LA LUCHA CANARIA Y EL \u2018GANCHILLO\u2019 EN UN VINO<\/strong><\/span><\/p>\n<ul>\n<li>A un inteligente y avispado viticultor y bodeguero tinerfe\u00f1o de la Cruz Santa, <strong>Jos\u00e9 Jaime Hern\u00e1ndez Hern\u00e1ndez<\/strong>, se le ocurri\u00f3 la feliz idea de unir a la lucha canaria con el vino, y habl\u00f3 con <strong>Pedrito Guti\u00e9rrez<\/strong> a quien la idea le encant\u00f3. En una primera \u201cluchada\u201d la idea se ha transformado en un gran vino tinto a base de uva listan negro, que, elaborado y embotellado por <strong>Jos\u00e9 Jaime Hern\u00e1ndez<\/strong> y bajo la Denominaci\u00f3n de Origen \u201cValle de La Orotava\u201d, ya se puede comprar y degustar con el nombre de \u201c<strong>Pedro Guti\u00e9rrez<\/strong>\u201d y una curiosa etiqueta que refleja la ma\u00f1a del \u201cganchillo\u201d que viene a ser la m\u00e1s que le gusta a <strong>Pedrito Guti\u00e9rrez<\/strong> y de las que mejor se le da. <strong>Pedro<\/strong>, por cierto, ha sido uno de los puntales que ha hecho posible una luchada solidaria en favor de los damnificados por la erupci\u00f3n de La Palma. Y para rematar, ya adelanto que la pr\u00f3xima \u201cluchada\u201d ser\u00e1 en forma de vino blanco afrutado, que llevar\u00e1 en su etiqueta la imagen de la ma\u00f1a \u201cTraspi\u00e9s\u201d, le segunda que m\u00e1s le va a <strong>Pedrito<\/strong>.<\/li>\n<\/ul>\n<p><img loading=\"lazy\" decoding=\"async\" class=\"size-large wp-image-3318 aligncenter\" src=\"https:\/\/canariasenpositivo.com\/wp-content\/uploads\/2021\/11\/5.-ETIQUETA-GANCHILLO-540x1024.jpeg\" alt=\"\" width=\"540\" height=\"1024\" \/><\/p>\n<p style=\"text-align: center\"><em>Etiqueta del \u201cganchillo\u201d de Pedro Guti\u00e9rrez, DOP Valle de La Orotava<\/em><\/p>\n<p>&nbsp;<\/p>\n<p><span style=\"color: #0000ff\"><strong>\u2018HACIENDA DE ABAJO\u2019, RECOGI\u00d3 SU GALARD\u00d3N<\/strong><\/span><\/p>\n<p>Termino mi recuerdo semanal a la querida isla de La Palma rematando la feliz noticia que les ofrec\u00ed la pasada semana en <strong><em>El Cotarro<\/em><\/strong>. Como les adelant\u00e9, el hotel Hacienda de Abajo, en Tazacorte, fue galardonado con el premio al \u201cMejor Hotel Hist\u00f3rico de Europa\u201d 2021 por la empresa americana Business Wire. Hoy les ofrezco una imagen (casi en exclusiva) en la que podemos ver a <strong>Enrique Luis Larroque Del Castillo-Olivares<\/strong>, administrador Solidario de Hacienda de Abajo, S.L., empresa propietaria del emblem\u00e1tico hotel palmero, recogiendo su merecido galard\u00f3n el pasado d\u00eda 18 en Illinois (Estados Unidos), De izquierda a derecha pueden ver al propio <strong>Enrique Luis Larroque<\/strong> seguido de <strong>Lindsey Ueberroth<\/strong> (CEO Preferred Hotels &amp; Resorts) <strong>Gonzalo Ocejo<\/strong> (Vice President, Development, Historic Hotels of America and Historic Hotels Worldwide) y <strong>Lawrence P. Horwitz<\/strong> (Executive Vice President, Historic Hotels of America and Historic Hotels Worldwide). \u00a1Enhorabuena de nuevo a la propiedad y a todo el equipo de profesionales&#8230; y a seguir siendo ejemplo y referencia!!<\/p>\n<p style=\"text-align: center\"><strong><br \/>\n<img loading=\"lazy\" decoding=\"async\" class=\"size-full wp-image-3319 aligncenter\" src=\"https:\/\/canariasenpositivo.com\/wp-content\/uploads\/2021\/11\/6.-HACIENDA-DE-ABAJO.jpg\" alt=\"\" width=\"978\" height=\"788\" \/><\/strong><em>De izquierda a derecha: Enrique Luis Larroque (ya con la placa del galard\u00f3n en sus manos), Lindsey Ueberroth, Gonzalo Ocejo y Lawrence P. Horwitz.<\/em><\/p>\n<p><strong>\u00a0<\/strong><\/p>\n<p><span style=\"color: #0000ff\"><strong>COMPRANDO LA LOTER\u00cdA DE NAVIDAD EN PENEDO<\/strong><\/span><\/p>\n<ul>\n<li>Hace unos d\u00edas fui a la lagunera calle Alcalde <strong>Alonso Su\u00e1rez Meli\u00e1n<\/strong> (antes Capit\u00e1n Brotons) para cumplir con la sana tradici\u00f3n de comprar un d\u00e9cimo para el Sorteo Extraordinario de Navidad de la Loter\u00eda Nacional en la veterana administraci\u00f3n de Casa Penedo, la Administraci\u00f3n N\u00ba1 de La Laguna, m\u00e1s popularmente conocida como <strong><em>\u201cEl Cristo de La Laguna\u201d<\/em><\/strong>, fundada en 1942, que regentara durante m\u00e1s de 40 a\u00f1os el recordado don <strong>Francisco Penedo P\u00e9rez<\/strong> y que, desde mucho antes de su fallecimiento, pasara a regentarla su hija, <strong>Beatriz Penedo<\/strong>, con su hermana <strong>Carmen Rosa<\/strong> a su lado. Desde hace no s\u00e9 cu\u00e1ntos a\u00f1os me llevo un d\u00e9cimo del n\u00famero 52.960, que siempre le compraba con el querido amigo y recordado periodista <strong>Manuel Iglesias<\/strong>, pensando en invertir cada a\u00f1o en buenas comidas lo mucho o poco que pudi\u00e9ramos ganar. Este a\u00f1o, para llegar hasta el tradicional d\u00e9cimo, tuve que sortear una \u201cloter\u00eda\u201d de obras, que casi son de aut\u00e9ntico cuento.<\/li>\n<\/ul>\n<p><img loading=\"lazy\" decoding=\"async\" class=\"size-full wp-image-3320 aligncenter\" src=\"https:\/\/canariasenpositivo.com\/wp-content\/uploads\/2021\/11\/7.-BEATRIZ-PENEDO.jpg\" alt=\"\" width=\"1000\" height=\"667\" \/><\/p>\n<p style=\"text-align: center\"><em>Beatriz Penedo en su administraci\u00f3n \u201cEl Cristo de La Laguna\u201d que, ojal\u00e1, d\u00e9 este a\u00f1o el premio \u201cGordo\u201d del sorteo de Navidad, o alguno de los \u201cgrandes\u201d <\/em><\/p>\n<p>&nbsp;<\/p>\n<p><span style=\"color: #0000ff\"><strong>M\u00c1S INDIGNACI\u00d3N POR LA LENTITUD EN LAS OBRAS<\/strong><\/span><\/p>\n<ul>\n<li>Viene a cuento el comentario porque, en el corto tramo que va desde la plaza de La Concepci\u00f3n a la puerta de Casa <strong>Penedo<\/strong>, me pararon cuatro indignados empresarios de La Laguna, hartitos de la lentitud de las obras para la peatonalizaci\u00f3n de la calle Alcalde <strong>Alonso Su\u00e1rez Meli\u00e1n<\/strong>, que lleva meses patas arriba y lo que te rondar\u00e9 morena. <strong>Antonio<\/strong>, uno de los empresarios que sufre y padece el \u201cv\u00eda crucis\u201d (nunca mejor dicho) detecta que, entre que llegan a las 8:00 de la ma\u00f1ana, el trabajo de verdad no \u201cpega\u201d hasta las 8:30. Luego a las 10:00 se para la actividad para el desayunito, hasta las 10:30 y lo que cuelga. Posteriormente, a las 13:00, nuevo par\u00f3n para el almuerzo y la siestecita. Y a las 16:30 se para todo para recoger las herramientas y salir escopetados a las 17:00. Y los viernes, creo que solo hasta las 14:00. Con esta secuencia, de lunes a viernes, ni para Semana Santa acabar\u00e1 el \u201ccalvario\u201d.<\/li>\n<\/ul>\n<p><img loading=\"lazy\" decoding=\"async\" class=\"size-large wp-image-3321 aligncenter\" src=\"https:\/\/canariasenpositivo.com\/wp-content\/uploads\/2021\/11\/8.-CALLE-EN-OBRAS-1024x768.jpeg\" alt=\"\" width=\"660\" height=\"495\" \/><\/p>\n<p style=\"text-align: center\"><em>Obras en la lagunera calle Alcalde Alonso Su\u00e1rez, antes Capit\u00e1n Brotons<\/em><\/p>\n<p>&nbsp;<\/p>\n<p><span style=\"color: #0000ff\"><strong>COGER \u201cRECORTES\u201d PARA SER M\u00c1S EFICIENTES<\/strong><\/span><\/p>\n<ul>\n<li>En otros andurriales, m\u00e1s inteligentes, eficaces y efectivos que aqu\u00ed, se prioriza la organizaci\u00f3n, programaci\u00f3n y control de obras (asignatura que, en la carrera de Aparejador, me dio el irrepetible, respetado y recordado profesor, don <strong>Juan Pomares Mart\u00ednez<\/strong>) sobre todo cuando se habla de obras p\u00fablicas que afecten al d\u00eda a d\u00eda de la ciudadan\u00eda y, en este caso, sobre todo, al empresariado de la zona. En estos casos se ampl\u00edan o doblan los turnos de trabajo y, si hace falta, hasta se trabaja los s\u00e1bados. Y, si no saben c\u00f3mo se hace eso, que consulten con Mercadona. Creo sinceramente que el bueno de <strong>Jos\u00e9 Manuel \u201cJosimar\u201d Hern\u00e1ndez<\/strong>, concejal de Servicios Municipales y Obras e Infraestructuras, tiene \u201cherramientas\u201d para exigir a la contrata (o quien corresponda) mucha m\u00e1s velocidad en la ejecuci\u00f3n de la obra. Pero temo que los comerciantes tendr\u00e1n que aguantar la campa\u00f1a de Navidad con la calle patas arriba, aunque deseo y espero que esta rese\u00f1a sirva para algo. Am\u00e9n.<\/li>\n<\/ul>\n<p><img loading=\"lazy\" decoding=\"async\" class=\"size-full wp-image-3322 aligncenter\" src=\"https:\/\/canariasenpositivo.com\/wp-content\/uploads\/2021\/11\/9.-JOSIMAR.jpg\" alt=\"\" width=\"533\" height=\"400\" \/><\/p>\n<p style=\"text-align: center\"><em>Josimar Hern\u00e1ndez es un buen concejal que, creo, puede agilizar estas obras.<\/em><\/p>\n<p>&nbsp;<\/p>\n<p><span style=\"color: #0000ff\"><strong>LA POLIC\u00cdA LOCAL DE LA LAGUNA CON PELUCHES<\/strong><\/span><\/p>\n<ul>\n<li>El Ayuntamiento de La Laguna ha comunicado que <em>\u201c<\/em><em>La Polic\u00eda Local utilizar\u00e1 peluches para mitigar el impacto emocional de los menores en situaciones traum\u00e1ticas\u201d<\/em>. Ha informado, textualmente, que \u201c<em>el cuerpo policial dispondr\u00e1 de m\u00e1s de una veintena de juguetes de este tipo, en los veh\u00edculos patrulla y servicios de atestados, para incidencias como siniestros viales o violencia familiar\u201d.<\/em> El concejal de Seguridad Ciudadana, <strong>Alejandro Marrero<\/strong>, destaca que \u201c<em>propuestas como esta reflejan la calidad humana de nuestra plantilla\u201d<\/em>. El edil resalta que, con <em>\u201cesta acci\u00f3n tan sencilla, se lograr\u00e1 humanizar a\u00fan m\u00e1s la atenci\u00f3n del cuerpo policial en situaciones cr\u00edticas que podr\u00edan marcar a los peque\u00f1os, creando un ambiente mucho m\u00e1s amable y cercano\u201d.<\/em> Lo ha dicho el concejal <strong>Alejandro Marrero<\/strong>, que ni se ha inmutado al contarlo a la prensa y se ha quedado tan campante.<\/li>\n<\/ul>\n<p><img loading=\"lazy\" decoding=\"async\" class=\"size-large wp-image-3323 aligncenter\" src=\"https:\/\/canariasenpositivo.com\/wp-content\/uploads\/2021\/11\/10.-POLIC\u00cdA-LOCAL-1024x654.jpg\" alt=\"\" width=\"660\" height=\"422\" \/><\/p>\n<p style=\"text-align: center\"><em>Los coches-patrulla de la Polic\u00eda Local de La Laguna incorporar\u00e1n peluches.<\/em><\/p>\n<p>&nbsp;<\/p>\n<p><span style=\"color: #0000ff\"><strong>UNA \u2018VIEJA\u2019 IDEA, ALMACENADA DESDE EL A\u00d1O 2018<\/strong><\/span><\/p>\n<ul>\n<li>No ser\u00e9 yo el que critique la idea y su implantaci\u00f3n, pero creo que hay que contar la historia en toda su extensi\u00f3n. Debe saber el concejal <strong>Alejandro Marrero<\/strong> que, seg\u00fan me han informado desde fuentes solventes de la propia Polic\u00eda Local y dignas de todo cr\u00e9dito, esta idea es bastante vieja y viene del a\u00f1o 2017, cuando un polic\u00eda local lagunero la vio implantada en el extranjero (creo que en el condado de Kent, en Inglaterra). Lo dijo por aqu\u00ed y se lo coment\u00f3 a un trabajador o directvo de una empresa sueca radicada en Tenerife, a la que le gust\u00f3 la iniciativa y le regal\u00f3 29 peluches que, al parecer, llevan guardados en una caja desde 2018. Ahora la caja ha salido del cuarto donde estaba medio abandonada y han vuelto a aparecer los 29 peluches. La iniciativa, repito, puede ser buena; pero, en las circunstancias actuales, hay otras priordades. Y en su caso, esto se implanta calladita la boca, hombre.<\/li>\n<\/ul>\n<p><img loading=\"lazy\" decoding=\"async\" class=\"size-large wp-image-3324 aligncenter\" src=\"https:\/\/canariasenpositivo.com\/wp-content\/uploads\/2021\/11\/11.-ALEJANDRO-MARRERO-1024x683.jpg\" alt=\"\" width=\"660\" height=\"440\" \/><\/p>\n<p style=\"text-align: center\"><em>Alejandro Marrero deber\u00eda estar m\u00e1s presente, priorizar m\u00e1s y actuar mejor.<\/em><\/p>\n<p>&nbsp;<\/p>\n<p><strong><span style=\"color: #0000ff\">INDIGNACI\u00d3N, \u2018MOSQUEO\u2019 Y VERG\u00dcENZA AJENA<\/span> <\/strong><\/p>\n<ul>\n<li>Lo que no sabe el concejal <strong>Alejandro Marrero<\/strong> es la indignaci\u00f3n,el \u201cmosqueo\u201d, el bochorno y la reacci\u00f3n de verg\u00fcenza ajena, que ha generado la noticia de los peluches (que muchos han conocido por la Prensa) en el seno del cuerpo de la Polic\u00eda Local lagunera, que lidera como jefa la subcomisaria <strong>Mar\u00eda Elena Delgado Hern\u00e1ndez<\/strong>. Un cuerpo que se sabe falto de otras muchas cosas, quiz\u00e1 m\u00e1s prioritarias que la \u201cvieja\u201d iniciativa de los peluches. La Polic\u00eda lagunera viene demandando desde hace a\u00f1os otras cosas m\u00e1s urgentes. Y es que, por ejemplo, NO tienen agentes para acercarse a la ratio media de un municipio como el lagunero (hoy cuentan con 188 agentes, cuando deber\u00edan contar con 326) NO tienen un cuartel preparado para las necesidades de una polic\u00eda local moderna (muchas dependencias no son accesibles a personas discapacitadas o con movilidad reducida)\u2026 NO cuentan son\u00f3metros disponibles para medir el ruido en eventos, conflictos vecinales y\/o botellones&#8230; En fin, no tienen resueltas muchas cosas m\u00e1s urgentes, pero a partir de ahora contar\u00e1n con 29 peluches. Es verdad que menos da una piedra.<\/li>\n<\/ul>\n<p><img loading=\"lazy\" decoding=\"async\" class=\"size-full wp-image-3325 aligncenter\" src=\"https:\/\/canariasenpositivo.com\/wp-content\/uploads\/2021\/11\/12.-GUINDILLA-PELUCHE.jpg\" alt=\"\" width=\"750\" height=\"750\" \/><\/p>\n<p style=\"text-align: center\"><em>Peluche no s\u00e9 si igual o similar a los que tendr\u00e1 desde ahora la Polic\u00eda Local lagunera.<\/em><\/p>\n<p>&nbsp;<\/p>\n<p>&nbsp;<\/p>\n<p><span style=\"color: #0000ff\"><strong>* Jos\u00e9 Carlos MARRERO GONZ\u00c1LEZ<\/strong><\/span><\/p>\n<p>Periodista y analista de la actualidad.<\/p>\n<p>Director de <strong><em>El Cotarro<\/em><\/strong> (www.elcotarro.com)<\/p>\n<p>Director de <strong><em>Canarias en Positivo<\/em><\/strong> (www.canariasenpositivo.com)<\/p>\n<p>Director de <strong><em>GastroCanarias<\/em><\/strong> (www.gastrocanarias.com)<\/p>\n<p><em>\u00a0<\/em><\/p>\n<p>La Laguna (Tenerife) 21 de noviembre de 2021.<\/p>\n<p>&nbsp;<\/p>\n<p><a href=\"https:\/\/elcotarro.com\/wp-content\/uploads\/2021\/10\/10.-BANNER-CARECA-INSULA.jpg\"><img loading=\"lazy\" decoding=\"async\" class=\"size-full wp-image-10246 aligncenter\" src=\"https:\/\/elcotarro.com\/wp-content\/uploads\/2021\/10\/10.-BANNER-CARECA-INSULA.jpg\" alt=\"\" width=\"750\" height=\"153\" srcset=\"https:\/\/elcotarro.com\/wp-content\/uploads\/2021\/10\/10.-BANNER-CARECA-INSULA.jpg 750w, https:\/\/elcotarro.com\/wp-content\/uploads\/2021\/10\/10.-BANNER-CARECA-INSULA-300x61.jpg 300w\" sizes=\"auto, (max-width: 750px) 100vw, 750px\" \/><\/a><\/p>\n","protected":false},"excerpt":{"rendered":"<p>\u201cEL COTARRO\u201d N\u00ba376 DEL 21 DE NOVIEMBRE DE 2021 \u00a0\u00a0\u00a0\u00a0\u00a0\u00a0\u00a0\u00a0\u00a0\u00a0\u00a0\u00a0\u00a0\u00a0\u00a0\u00a0\u00a0\u00a0\u00a0\u00a0\u00a0\u00a0\u00a0 \u00a0\u00a0\u00a0\u00a0Por Jos\u00e9 Carlos Marrero * \u00a0 \u00a0 \u00a0 \u00a0 \u00a0 \u00a0 \u00a0 \u00a0 \u00a0 \u00a0 \u00a0 \u00a0 \u00a0 \u00a0 \u00a0 \u00a0 \u00a0 \u00a0 \u00a0 \u00a0 \u00a0 \u00a0 \u00a0 \u00a0 \u00a0 \u00a0 \u00a0 \u00a0 \u00a0 \u00a0 \u00a0 \u00a0 \u00a0 MERCEDES COELLO Y LOS SANITARIOS PALMEROS Esta &#8230; <a class=\"read-more\" href=\"https:\/\/elcotarro.com\/?p=10257\">Read more<\/a><\/p>\n","protected":false},"author":2,"featured_media":0,"comment_status":"open","ping_status":"open","sticky":false,"template":"","format":"standard","meta":{"_jetpack_memberships_contains_paid_content":false,"footnotes":""},"categories":[4],"tags":[],"class_list":["post-10257","post","type-post","status-publish","format-standard","hentry","category-el-cotarro"],"yoast_head":"<!-- This site is optimized with the Yoast SEO plugin v27.0 - https:\/\/yoast.com\/product\/yoast-seo-wordpress\/ -->\n<title>EL COTARRO N\u00ba376, DEL DOMINGO, 21\/11\/2021 - El Cotarro<\/title>\n<meta name=\"robots\" content=\"index, follow, max-snippet:-1, max-image-preview:large, max-video-preview:-1\" \/>\n<link rel=\"canonical\" href=\"https:\/\/elcotarro.com\/?p=10257\" \/>\n<meta property=\"og:locale\" content=\"es_ES\" \/>\n<meta property=\"og:type\" content=\"article\" \/>\n<meta property=\"og:title\" content=\"EL COTARRO N\u00ba376, DEL DOMINGO, 21\/11\/2021 - El Cotarro\" \/>\n<meta property=\"og:description\" content=\"\u201cEL COTARRO\u201d N\u00ba376 DEL 21 DE NOVIEMBRE DE 2021 \u00a0\u00a0\u00a0\u00a0\u00a0\u00a0\u00a0\u00a0\u00a0\u00a0\u00a0\u00a0\u00a0\u00a0\u00a0\u00a0\u00a0\u00a0\u00a0\u00a0\u00a0\u00a0\u00a0 \u00a0\u00a0\u00a0\u00a0Por Jos\u00e9 Carlos Marrero * \u00a0 \u00a0 \u00a0 \u00a0 \u00a0 \u00a0 \u00a0 \u00a0 \u00a0 \u00a0 \u00a0 \u00a0 \u00a0 \u00a0 \u00a0 \u00a0 \u00a0 \u00a0 \u00a0 \u00a0 \u00a0 \u00a0 \u00a0 \u00a0 \u00a0 \u00a0 \u00a0 \u00a0 \u00a0 \u00a0 \u00a0 \u00a0 \u00a0 MERCEDES COELLO Y LOS SANITARIOS PALMEROS Esta ... Read more\" \/>\n<meta property=\"og:url\" content=\"https:\/\/elcotarro.com\/?p=10257\" \/>\n<meta property=\"og:site_name\" content=\"El Cotarro\" \/>\n<meta property=\"article:publisher\" content=\"https:\/\/www.facebook.com\/ElCotarro.Tenerife\" \/>\n<meta property=\"article:published_time\" content=\"2021-11-21T00:36:50+00:00\" \/>\n<meta property=\"article:modified_time\" content=\"2021-11-21T11:12:32+00:00\" \/>\n<meta property=\"og:image\" content=\"https:\/\/canariasenpositivo.com\/wp-content\/uploads\/2021\/11\/1.-MERCEDES-COELLO.jpg\" \/>\n<meta name=\"author\" content=\"Jos\u00e9 Carlos Marrero Gonz\u00e1lez\" \/>\n<meta name=\"twitter:label1\" content=\"Escrito por\" \/>\n\t<meta name=\"twitter:data1\" content=\"Jos\u00e9 Carlos Marrero Gonz\u00e1lez\" \/>\n\t<meta name=\"twitter:label2\" content=\"Tiempo de lectura\" \/>\n\t<meta name=\"twitter:data2\" content=\"13 minutos\" \/>\n<script type=\"application\/ld+json\" class=\"yoast-schema-graph\">{\"@context\":\"https:\/\/schema.org\",\"@graph\":[{\"@type\":\"Article\",\"@id\":\"https:\/\/elcotarro.com\/?p=10257#article\",\"isPartOf\":{\"@id\":\"https:\/\/elcotarro.com\/?p=10257\"},\"author\":{\"name\":\"Jos\u00e9 Carlos Marrero Gonz\u00e1lez\",\"@id\":\"https:\/\/elcotarro.com\/#\/schema\/person\/af537ee7d60d15984c7e0affcd8a918b\"},\"headline\":\"EL COTARRO N\u00ba376, DEL DOMINGO, 21\/11\/2021\",\"datePublished\":\"2021-11-21T00:36:50+00:00\",\"dateModified\":\"2021-11-21T11:12:32+00:00\",\"mainEntityOfPage\":{\"@id\":\"https:\/\/elcotarro.com\/?p=10257\"},\"wordCount\":2402,\"commentCount\":0,\"publisher\":{\"@id\":\"https:\/\/elcotarro.com\/#organization\"},\"image\":{\"@id\":\"https:\/\/elcotarro.com\/?p=10257#primaryimage\"},\"thumbnailUrl\":\"https:\/\/canariasenpositivo.com\/wp-content\/uploads\/2021\/11\/1.-MERCEDES-COELLO.jpg\",\"articleSection\":[\"El Cotarro\"],\"inLanguage\":\"es\",\"potentialAction\":[{\"@type\":\"CommentAction\",\"name\":\"Comment\",\"target\":[\"https:\/\/elcotarro.com\/?p=10257#respond\"]}]},{\"@type\":\"WebPage\",\"@id\":\"https:\/\/elcotarro.com\/?p=10257\",\"url\":\"https:\/\/elcotarro.com\/?p=10257\",\"name\":\"EL COTARRO N\u00ba376, DEL DOMINGO, 21\/11\/2021 - El Cotarro\",\"isPartOf\":{\"@id\":\"https:\/\/elcotarro.com\/#website\"},\"primaryImageOfPage\":{\"@id\":\"https:\/\/elcotarro.com\/?p=10257#primaryimage\"},\"image\":{\"@id\":\"https:\/\/elcotarro.com\/?p=10257#primaryimage\"},\"thumbnailUrl\":\"https:\/\/canariasenpositivo.com\/wp-content\/uploads\/2021\/11\/1.-MERCEDES-COELLO.jpg\",\"datePublished\":\"2021-11-21T00:36:50+00:00\",\"dateModified\":\"2021-11-21T11:12:32+00:00\",\"breadcrumb\":{\"@id\":\"https:\/\/elcotarro.com\/?p=10257#breadcrumb\"},\"inLanguage\":\"es\",\"potentialAction\":[{\"@type\":\"ReadAction\",\"target\":[\"https:\/\/elcotarro.com\/?p=10257\"]}]},{\"@type\":\"ImageObject\",\"inLanguage\":\"es\",\"@id\":\"https:\/\/elcotarro.com\/?p=10257#primaryimage\",\"url\":\"https:\/\/canariasenpositivo.com\/wp-content\/uploads\/2021\/11\/1.-MERCEDES-COELLO.jpg\",\"contentUrl\":\"https:\/\/canariasenpositivo.com\/wp-content\/uploads\/2021\/11\/1.-MERCEDES-COELLO.jpg\"},{\"@type\":\"BreadcrumbList\",\"@id\":\"https:\/\/elcotarro.com\/?p=10257#breadcrumb\",\"itemListElement\":[{\"@type\":\"ListItem\",\"position\":1,\"name\":\"Portada\",\"item\":\"https:\/\/elcotarro.com\/\"},{\"@type\":\"ListItem\",\"position\":2,\"name\":\"EL COTARRO N\u00ba376, DEL DOMINGO, 21\/11\/2021\"}]},{\"@type\":\"WebSite\",\"@id\":\"https:\/\/elcotarro.com\/#website\",\"url\":\"https:\/\/elcotarro.com\/\",\"name\":\"El Cotarro\",\"description\":\"Peri\u00f3dico Digital Independiente dirigido por Jos\u00e9 Carlos Marrero\",\"publisher\":{\"@id\":\"https:\/\/elcotarro.com\/#organization\"},\"potentialAction\":[{\"@type\":\"SearchAction\",\"target\":{\"@type\":\"EntryPoint\",\"urlTemplate\":\"https:\/\/elcotarro.com\/?s={search_term_string}\"},\"query-input\":{\"@type\":\"PropertyValueSpecification\",\"valueRequired\":true,\"valueName\":\"search_term_string\"}}],\"inLanguage\":\"es\"},{\"@type\":\"Organization\",\"@id\":\"https:\/\/elcotarro.com\/#organization\",\"name\":\"El Cotarro\",\"url\":\"https:\/\/elcotarro.com\/\",\"logo\":{\"@type\":\"ImageObject\",\"inLanguage\":\"es\",\"@id\":\"https:\/\/elcotarro.com\/#\/schema\/logo\/image\/\",\"url\":\"https:\/\/elcotarro.com\/wp-content\/uploads\/2014\/09\/Cabecera_El_Cotarro_v2.jpg\",\"contentUrl\":\"https:\/\/elcotarro.com\/wp-content\/uploads\/2014\/09\/Cabecera_El_Cotarro_v2.jpg\",\"width\":3540,\"height\":441,\"caption\":\"El Cotarro\"},\"image\":{\"@id\":\"https:\/\/elcotarro.com\/#\/schema\/logo\/image\/\"},\"sameAs\":[\"https:\/\/www.facebook.com\/ElCotarro.Tenerife\"]},{\"@type\":\"Person\",\"@id\":\"https:\/\/elcotarro.com\/#\/schema\/person\/af537ee7d60d15984c7e0affcd8a918b\",\"name\":\"Jos\u00e9 Carlos Marrero Gonz\u00e1lez\",\"image\":{\"@type\":\"ImageObject\",\"inLanguage\":\"es\",\"@id\":\"https:\/\/elcotarro.com\/#\/schema\/person\/image\/\",\"url\":\"https:\/\/secure.gravatar.com\/avatar\/def4da036efb5d32c74d49c351f6dccc064dd69ad9f3aadc295c5a9a5391ca01?s=96&d=mm&r=g\",\"contentUrl\":\"https:\/\/secure.gravatar.com\/avatar\/def4da036efb5d32c74d49c351f6dccc064dd69ad9f3aadc295c5a9a5391ca01?s=96&d=mm&r=g\",\"caption\":\"Jos\u00e9 Carlos Marrero Gonz\u00e1lez\"},\"sameAs\":[\"https:\/\/elcotarro.com\"],\"url\":\"https:\/\/elcotarro.com\/?author=2\"}]}<\/script>\n<!-- \/ Yoast SEO plugin. -->","yoast_head_json":{"title":"EL COTARRO N\u00ba376, DEL DOMINGO, 21\/11\/2021 - El Cotarro","robots":{"index":"index","follow":"follow","max-snippet":"max-snippet:-1","max-image-preview":"max-image-preview:large","max-video-preview":"max-video-preview:-1"},"canonical":"https:\/\/elcotarro.com\/?p=10257","og_locale":"es_ES","og_type":"article","og_title":"EL COTARRO N\u00ba376, DEL DOMINGO, 21\/11\/2021 - El Cotarro","og_description":"\u201cEL COTARRO\u201d N\u00ba376 DEL 21 DE NOVIEMBRE DE 2021 \u00a0\u00a0\u00a0\u00a0\u00a0\u00a0\u00a0\u00a0\u00a0\u00a0\u00a0\u00a0\u00a0\u00a0\u00a0\u00a0\u00a0\u00a0\u00a0\u00a0\u00a0\u00a0\u00a0 \u00a0\u00a0\u00a0\u00a0Por Jos\u00e9 Carlos Marrero * \u00a0 \u00a0 \u00a0 \u00a0 \u00a0 \u00a0 \u00a0 \u00a0 \u00a0 \u00a0 \u00a0 \u00a0 \u00a0 \u00a0 \u00a0 \u00a0 \u00a0 \u00a0 \u00a0 \u00a0 \u00a0 \u00a0 \u00a0 \u00a0 \u00a0 \u00a0 \u00a0 \u00a0 \u00a0 \u00a0 \u00a0 \u00a0 \u00a0 MERCEDES COELLO Y LOS SANITARIOS PALMEROS Esta ... Read more","og_url":"https:\/\/elcotarro.com\/?p=10257","og_site_name":"El Cotarro","article_publisher":"https:\/\/www.facebook.com\/ElCotarro.Tenerife","article_published_time":"2021-11-21T00:36:50+00:00","article_modified_time":"2021-11-21T11:12:32+00:00","og_image":[{"url":"https:\/\/canariasenpositivo.com\/wp-content\/uploads\/2021\/11\/1.-MERCEDES-COELLO.jpg","type":"","width":"","height":""}],"author":"Jos\u00e9 Carlos Marrero Gonz\u00e1lez","twitter_misc":{"Escrito por":"Jos\u00e9 Carlos Marrero Gonz\u00e1lez","Tiempo de lectura":"13 minutos"},"schema":{"@context":"https:\/\/schema.org","@graph":[{"@type":"Article","@id":"https:\/\/elcotarro.com\/?p=10257#article","isPartOf":{"@id":"https:\/\/elcotarro.com\/?p=10257"},"author":{"name":"Jos\u00e9 Carlos Marrero Gonz\u00e1lez","@id":"https:\/\/elcotarro.com\/#\/schema\/person\/af537ee7d60d15984c7e0affcd8a918b"},"headline":"EL COTARRO N\u00ba376, DEL DOMINGO, 21\/11\/2021","datePublished":"2021-11-21T00:36:50+00:00","dateModified":"2021-11-21T11:12:32+00:00","mainEntityOfPage":{"@id":"https:\/\/elcotarro.com\/?p=10257"},"wordCount":2402,"commentCount":0,"publisher":{"@id":"https:\/\/elcotarro.com\/#organization"},"image":{"@id":"https:\/\/elcotarro.com\/?p=10257#primaryimage"},"thumbnailUrl":"https:\/\/canariasenpositivo.com\/wp-content\/uploads\/2021\/11\/1.-MERCEDES-COELLO.jpg","articleSection":["El Cotarro"],"inLanguage":"es","potentialAction":[{"@type":"CommentAction","name":"Comment","target":["https:\/\/elcotarro.com\/?p=10257#respond"]}]},{"@type":"WebPage","@id":"https:\/\/elcotarro.com\/?p=10257","url":"https:\/\/elcotarro.com\/?p=10257","name":"EL COTARRO N\u00ba376, DEL DOMINGO, 21\/11\/2021 - El Cotarro","isPartOf":{"@id":"https:\/\/elcotarro.com\/#website"},"primaryImageOfPage":{"@id":"https:\/\/elcotarro.com\/?p=10257#primaryimage"},"image":{"@id":"https:\/\/elcotarro.com\/?p=10257#primaryimage"},"thumbnailUrl":"https:\/\/canariasenpositivo.com\/wp-content\/uploads\/2021\/11\/1.-MERCEDES-COELLO.jpg","datePublished":"2021-11-21T00:36:50+00:00","dateModified":"2021-11-21T11:12:32+00:00","breadcrumb":{"@id":"https:\/\/elcotarro.com\/?p=10257#breadcrumb"},"inLanguage":"es","potentialAction":[{"@type":"ReadAction","target":["https:\/\/elcotarro.com\/?p=10257"]}]},{"@type":"ImageObject","inLanguage":"es","@id":"https:\/\/elcotarro.com\/?p=10257#primaryimage","url":"https:\/\/canariasenpositivo.com\/wp-content\/uploads\/2021\/11\/1.-MERCEDES-COELLO.jpg","contentUrl":"https:\/\/canariasenpositivo.com\/wp-content\/uploads\/2021\/11\/1.-MERCEDES-COELLO.jpg"},{"@type":"BreadcrumbList","@id":"https:\/\/elcotarro.com\/?p=10257#breadcrumb","itemListElement":[{"@type":"ListItem","position":1,"name":"Portada","item":"https:\/\/elcotarro.com\/"},{"@type":"ListItem","position":2,"name":"EL COTARRO N\u00ba376, DEL DOMINGO, 21\/11\/2021"}]},{"@type":"WebSite","@id":"https:\/\/elcotarro.com\/#website","url":"https:\/\/elcotarro.com\/","name":"El Cotarro","description":"Peri\u00f3dico Digital Independiente dirigido por Jos\u00e9 Carlos Marrero","publisher":{"@id":"https:\/\/elcotarro.com\/#organization"},"potentialAction":[{"@type":"SearchAction","target":{"@type":"EntryPoint","urlTemplate":"https:\/\/elcotarro.com\/?s={search_term_string}"},"query-input":{"@type":"PropertyValueSpecification","valueRequired":true,"valueName":"search_term_string"}}],"inLanguage":"es"},{"@type":"Organization","@id":"https:\/\/elcotarro.com\/#organization","name":"El Cotarro","url":"https:\/\/elcotarro.com\/","logo":{"@type":"ImageObject","inLanguage":"es","@id":"https:\/\/elcotarro.com\/#\/schema\/logo\/image\/","url":"https:\/\/elcotarro.com\/wp-content\/uploads\/2014\/09\/Cabecera_El_Cotarro_v2.jpg","contentUrl":"https:\/\/elcotarro.com\/wp-content\/uploads\/2014\/09\/Cabecera_El_Cotarro_v2.jpg","width":3540,"height":441,"caption":"El Cotarro"},"image":{"@id":"https:\/\/elcotarro.com\/#\/schema\/logo\/image\/"},"sameAs":["https:\/\/www.facebook.com\/ElCotarro.Tenerife"]},{"@type":"Person","@id":"https:\/\/elcotarro.com\/#\/schema\/person\/af537ee7d60d15984c7e0affcd8a918b","name":"Jos\u00e9 Carlos Marrero Gonz\u00e1lez","image":{"@type":"ImageObject","inLanguage":"es","@id":"https:\/\/elcotarro.com\/#\/schema\/person\/image\/","url":"https:\/\/secure.gravatar.com\/avatar\/def4da036efb5d32c74d49c351f6dccc064dd69ad9f3aadc295c5a9a5391ca01?s=96&d=mm&r=g","contentUrl":"https:\/\/secure.gravatar.com\/avatar\/def4da036efb5d32c74d49c351f6dccc064dd69ad9f3aadc295c5a9a5391ca01?s=96&d=mm&r=g","caption":"Jos\u00e9 Carlos Marrero Gonz\u00e1lez"},"sameAs":["https:\/\/elcotarro.com"],"url":"https:\/\/elcotarro.com\/?author=2"}]}},"jetpack_featured_media_url":"","jetpack_sharing_enabled":true,"_links":{"self":[{"href":"https:\/\/elcotarro.com\/index.php?rest_route=\/wp\/v2\/posts\/10257","targetHints":{"allow":["GET"]}}],"collection":[{"href":"https:\/\/elcotarro.com\/index.php?rest_route=\/wp\/v2\/posts"}],"about":[{"href":"https:\/\/elcotarro.com\/index.php?rest_route=\/wp\/v2\/types\/post"}],"author":[{"embeddable":true,"href":"https:\/\/elcotarro.com\/index.php?rest_route=\/wp\/v2\/users\/2"}],"replies":[{"embeddable":true,"href":"https:\/\/elcotarro.com\/index.php?rest_route=%2Fwp%2Fv2%2Fcomments&post=10257"}],"version-history":[{"count":4,"href":"https:\/\/elcotarro.com\/index.php?rest_route=\/wp\/v2\/posts\/10257\/revisions"}],"predecessor-version":[{"id":10261,"href":"https:\/\/elcotarro.com\/index.php?rest_route=\/wp\/v2\/posts\/10257\/revisions\/10261"}],"wp:attachment":[{"href":"https:\/\/elcotarro.com\/index.php?rest_route=%2Fwp%2Fv2%2Fmedia&parent=10257"}],"wp:term":[{"taxonomy":"category","embeddable":true,"href":"https:\/\/elcotarro.com\/index.php?rest_route=%2Fwp%2Fv2%2Fcategories&post=10257"},{"taxonomy":"post_tag","embeddable":true,"href":"https:\/\/elcotarro.com\/index.php?rest_route=%2Fwp%2Fv2%2Ftags&post=10257"}],"curies":[{"name":"wp","href":"https:\/\/api.w.org\/{rel}","templated":true}]}}