{"id":10263,"date":"2021-11-28T10:34:47","date_gmt":"2021-11-28T10:34:47","guid":{"rendered":"https:\/\/elcotarro.com\/?p=10263"},"modified":"2021-11-28T10:36:03","modified_gmt":"2021-11-28T10:36:03","slug":"el-cotarro-no377-del-domingo-28-11-2021","status":"publish","type":"post","link":"https:\/\/elcotarro.com\/?p=10263","title":{"rendered":"EL COTARRO N\u00ba377, DEL DOMINGO, 28\/11\/2021"},"content":{"rendered":"<blockquote><p><span style=\"color: #ff0000\"><em><strong>EL COTARRO N\u00ba377, DEL DOMINGO, 28\/11\/2021<\/strong><\/em><\/span><\/p><\/blockquote>\n<p>&nbsp;<\/p>\n<p><em>Por <strong>Jos\u00e9 Carlos Marrero *<\/strong><\/em><\/p>\n<p>&nbsp;<\/p>\n<p><span style=\"color: #0000ff\"><strong>ESCRIV\u00c1 Y SAAVEDRA, TRAVES\u00cdA HACIA LA PALMA<\/strong><\/span><\/p>\n<ul>\n<li>Como no podr\u00eda ser de otra manera, vuelvo a comenzar <strong><em>El Cotarro<\/em><\/strong> de este domingo con un nuevo recuerdo a nuestra querida isla de La Palma. Mi gran amigo palmero <strong>Juan Francisco Capote<\/strong> (amigos, aunque \u00e9l es del Tenisca y yo del mensajero) me ha hecho llegar una curiosa fotograf\u00eda que \u00e9l mismo ha sacado (o quitado, como dicen en La Palma) en plena traves\u00eda mar\u00edtima entre Tenerife y la Isla Bonita. En ella puede verse a un exministro canario y expresidente de nuestro Gobierno de Canarias, <strong>Jer\u00f3nimo Saavedra Acevedo<\/strong>, junto a <strong>Jos\u00e9 Luis Escriv\u00e1 Belmonte<\/strong>, actual ministro de Inclusi\u00f3n, Seguridad Social y Migraciones. No s\u00e9 de lo que habr\u00e1n hablado durante la traves\u00eda, pero estoy seguro de que, si es listo, <strong>Jos\u00e9 Luis<\/strong> <strong>Escriv\u00e1<\/strong> habr\u00e1 sabido aprovechar el tiempo para seguir aprendiendo de <strong>Saavedra<\/strong>, que sigue estando al tanto de todo, incluso de lo que se cuece en Canarias y en el PSOE canario.<\/li>\n<\/ul>\n<p><img loading=\"lazy\" decoding=\"async\" class=\"size-large wp-image-3349 aligncenter\" src=\"https:\/\/canariasenpositivo.com\/wp-content\/uploads\/2021\/11\/1.-SAAVEDRA-Y-ESCRIV\u00c1--1024x768.jpeg\" alt=\"\" width=\"660\" height=\"495\" \/><\/p>\n<p style=\"text-align: center\"><em>Jos\u00e9 Luis Escriv\u00e1 (i) junto a Jer\u00f3nimo Saavedra, en plena traves\u00eda.<\/em><\/p>\n<p>&nbsp;<\/p>\n<p><strong><span style=\"color: #0000ff\">JER\u00d3NIMO SAAVEDRA, EJEMPLO Y REFERENCIA<\/span> <\/strong><\/p>\n<ul>\n<li>Con sus 85 a\u00f1os cumplidos (naci\u00f3 en 1936) <strong>Jer\u00f3nimo Saavedra<\/strong> es de los mejores presidentes que ha tenido nuestra Comunidad Aut\u00f3noma y una de las mentes m\u00e1s preclaras de nuestra tierra. Ojal\u00e1 muchos de los actuales pol\u00edticos de Canarias, tomaran ejemplo de la preparaci\u00f3n, la tolerancia, la capacidad de di\u00e1logo y b\u00fasqueda de consensos que <strong>Jer\u00f3nimo Saavedra<\/strong> ha desarrollado en todos los cargos que ha ocupado. Una de las muchas de citas para recordar a <strong>Jer\u00f3nimo Saavedra<\/strong>, siempre vinculado a la masoner\u00eda espa\u00f1ola, es la cita en la que manifest\u00f3: <em>\u201clos masones somos caballeros de Dios. Nada que ver con la corrupci\u00f3n de los pol\u00edticos\u201d.<\/em> Creo que el puntal <strong>Juan Francisco Capote<\/strong> es uno de los grandes amigos con los que cuenta <strong>Jer\u00f3nimo Saavedra<\/strong> y estoy seguro que ambos de retroalimentan de cultura, actitud y buen hacer. Cu\u00eddese mucho, amigo <strong>Jer\u00f3nimo<\/strong> y larga vida con salud.<\/li>\n<\/ul>\n<p><img loading=\"lazy\" decoding=\"async\" class=\"size-full wp-image-3350 aligncenter\" src=\"https:\/\/canariasenpositivo.com\/wp-content\/uploads\/2021\/11\/2.-CAPOTE-Y-SAAVEDRA.jpeg\" alt=\"\" width=\"768\" height=\"1024\" \/><\/p>\n<p style=\"text-align: center\"><em>Jer\u00f3nimo Saavedra (sentado) con Juan Francisco Capote, dos canarios de pro.<\/em><\/p>\n<p><strong>\u00a0<\/strong><\/p>\n<p><span style=\"color: #0000ff\"><strong>MODA DE TENERIFE EN CANTABRIA POR LA PALMA<\/strong><\/span><\/p>\n<ul>\n<li>La erupci\u00f3n del volc\u00e1n de Cumbre Vieja y sus devastadores efectos, est\u00e1 produciendo un aluvi\u00f3n de acciones de solidaridad en toda Espa\u00f1a. Anoche mismo, en el Hotel Real de Santander, se desarroll\u00f3 la Gran Gala Solidaria de la Moda \u2018Cantabria Con La Palma\u2019,\u00a0un evento de participaci\u00f3n ciudadana para la sensibilizaci\u00f3n y concienciaci\u00f3n social con la situaci\u00f3n de los afectados por la cat\u00e1strofe humana y material producida por la erupci\u00f3n del volc\u00e1n. La gala tuvo como gran protagonista al dise\u00f1ador y modisto tinerfe\u00f1o <strong>Juan Carlos Armas<\/strong>, alguno de cuyos espectaculares trajes hab\u00eda lucido de maravilla durante la semana en reportajes promocionales del evento la reconocida modelo <strong>Cande Rodr\u00edguez Pacheco<\/strong>, paisana del Puerto de la Cruz.<\/li>\n<\/ul>\n<p><img loading=\"lazy\" decoding=\"async\" class=\"size-large wp-image-3351 aligncenter\" src=\"https:\/\/canariasenpositivo.com\/wp-content\/uploads\/2021\/11\/3.-CANDE-Y-JUAN-CARLOS-1024x682.jpeg\" alt=\"\" width=\"660\" height=\"440\" \/><\/p>\n<p style=\"text-align: center\"><em>Juan Carlos Armas y Cande Rodr\u00edguez, en uno de los salones del Hotel Real\u00a0 (Foto: Paloma Mat\u00edas)<\/em><\/p>\n<p>&nbsp;<\/p>\n<p><span style=\"color: #0000ff\"><strong>JUAN CARLOS ARMAS Y #CANTABRIAPORLAPALMA<\/strong><\/span><\/p>\n<ul>\n<li>El evento fue organizado por la Asociaci\u00f3n de Creadores de Cantabria, con la colaboraci\u00f3n del Gobierno de Cantabria que preside <strong>Miguel \u00c1ngel Revilla<\/strong>. En el acto, tambi\u00e9n colaboran los colegios de Enfermer\u00eda y Medicina, los clubes rotarios y la asociaci\u00f3n de empresarios y comerciantes de Cantabria. Por su parte, la Casa de Cantabria en Tenerife, sirvi\u00f3 como puente de este gesto de confraternizaci\u00f3n de la sociedad c\u00e1ntabra con los palmeros que lo han perdido todo y se enfrentan a un futuro incierto, resaltando tambi\u00e9n la participaci\u00f3n de la comunidad de c\u00e1ntabros en el exterior. Por su especial vinculaci\u00f3n con el mundo de la moda y atendiendo a la amable invitaci\u00f3n por parte de la organizaci\u00f3n del certamen, all\u00ed estuvo el omnipresente <strong>Efra\u00edn Medina<\/strong>, consejero del Cabildo Insular de Tenerife y amigo personal de <strong>Juan Carlos Armas<\/strong>, a quien <strong>Efra\u00edn<\/strong> (como a todos los dise\u00f1adores de Tenerife) ha venido respaldado durante muchos a\u00f1os.<\/li>\n<\/ul>\n<p><img loading=\"lazy\" decoding=\"async\" class=\"size-large wp-image-3352 aligncenter\" src=\"https:\/\/canariasenpositivo.com\/wp-content\/uploads\/2021\/11\/4.-JUAN-CARLOS-Y-CANDE-1024x682.jpeg\" alt=\"\" width=\"660\" height=\"440\" \/><\/p>\n<p style=\"text-align: center\"><em>Juan Carlos Armas y Cande Rodr\u00edguez, la gran escalera del Hotel Real.\u00a0 (Foto: Paloma Mat\u00edas)<\/em><\/p>\n<p>&nbsp;<\/p>\n<p><span style=\"color: #0000ff\"><strong>ESTRECHA VINCULACI\u00d3N CON LA FAMILIA PEREDA<\/strong><\/span><\/p>\n<ul>\n<li>El evento respaldado por @CantabriaDeModa estuvo planteado bajo el formato de una gala solidaria, liderada por artistas y creadores c\u00e1ntabros pertenecientes a la familia <strong>Pereda<\/strong>, estrechamente vinculada con La Palma, a trav\u00e9s del escultor santanderino afincado en la isla <strong>Manuel Pereda De Castro<\/strong>, Hijo Predilecto de La Palma. En este sentido, la involucraci\u00f3n en el acto por parte de la Casa de Cantabria en Tenerife subray\u00f3 la participaci\u00f3n de la comunidad de c\u00e1ntabros en el exterior. El dise\u00f1ador <strong>Juan Carlos Armas<\/strong>, fue invitado por la organizaci\u00f3n que presid\u00eda <strong>Jos\u00e9 Luis Callejo<\/strong>, para poner broche de oro a esta gala ben\u00e9fica con su \u00faltima colecci\u00f3n denominada \u201cHesp\u00e9rides\u201d y donde se inspira precisamente en nuestras Islas Canarias y su mitolog\u00eda, presentando una colecci\u00f3n innovadora, colorida y con escogidos tejidos.<\/li>\n<\/ul>\n<p><img loading=\"lazy\" decoding=\"async\" class=\"size-large wp-image-3353 aligncenter\" src=\"https:\/\/canariasenpositivo.com\/wp-content\/uploads\/2021\/11\/5.-EQUIPO-DE-LA-GALA-1024x870.jpeg\" alt=\"\" width=\"660\" height=\"561\" \/><\/p>\n<p style=\"text-align: center\"><em>De izquierda a derecha: Sergio S\u00e1inz, Jos\u00e9 Luis Callejo, Cande Rodr\u00edguez, Juan Carlos Armas y Efra\u00edn Medina, en la escalera del Hotel Real.\u00a0 (Foto: Paloma Mat\u00edas)<\/em><\/p>\n<p>&nbsp;<\/p>\n<p><span style=\"color: #0000ff\"><strong>MODELO TINERFE\u00d1A AFINCADA EN SANTANDER<\/strong><\/span><\/p>\n<ul>\n<li>La guap\u00edsima <strong>Cande Rodr\u00edguez Pacheco<\/strong>, que actualmente reside y trabaja profesionalmente en la capital c\u00e1ntabra, fue reina del Carnaval de Santa Cruz de Tenerife 1994 y fue Miss Tenerife 1995, as\u00ed como Primera Dama de Honor en el certamen de Miss Espa\u00f1a, que se celebr\u00f3 aquel a\u00f1o en el tinerfe\u00f1o Gran Hotel Bah\u00eda del Duque. <strong>Cande Rodr\u00edguez<\/strong> colabor\u00f3 durante toda la semana con acciones promocionales de la gala solidaria, realizando varios reportajes fotogr\u00e1ficos para la prensa local y nacional vistiendo espl\u00e9ndidos dise\u00f1os de <strong>Juan Carlos Armas<\/strong> y luciendo joyas del orfebre tinerfe\u00f1o y joyero artesano <strong>Juan Gil<\/strong>. Espectaculares im\u00e1genes de la fot\u00f3grafa <strong>Paloma Mat\u00edas<\/strong> se pudieron ver en el reportaje realizado por el periodista <strong>Sergio S\u00e1inz<\/strong> para el peri\u00f3dico El Diario Monta\u00f1\u00e9s, de Cantabria y Santander. Felicidades a <strong>Juan Carlos, Cande Rodr\u00edguez, Efra\u00edn Medina<\/strong>, y mucho \u00e1nimo a La Palma.<\/li>\n<\/ul>\n<p><img loading=\"lazy\" decoding=\"async\" class=\"size-large wp-image-3354 aligncenter\" src=\"https:\/\/canariasenpositivo.com\/wp-content\/uploads\/2021\/11\/6.-EQUIPO-CORTO-993x1024.jpeg\" alt=\"\" width=\"660\" height=\"681\" \/><\/p>\n<p style=\"text-align: center\"><em>Efra\u00edn Medina, Sergio S\u00e1inz, Cande Rodr\u00edguez y Juan Carlos Armas.\u00a0 (Foto: Paloma Mat\u00edas)<\/em><\/p>\n<p>&nbsp;<\/p>\n<p><span style=\"color: #0000ff\"><strong>BESAY P\u00c9REZ YA ES \u2018LA VOZ\u2019 DE \u2018LOS DIRECTOS\u2019<\/strong><\/span><\/p>\n<ul>\n<li>Otro de \u201clos nuestros\u201d que ya triunfa a nivel nacional es el paisano <strong>Besay P\u00e9rez<\/strong>, inmenso cantante solista del grupo <em>Los Sabande\u00f1os<\/em>, as\u00ed como de la rondalla <em>Uni\u00f3n Art\u00edstica El Cabo<\/em> y carnavalero miembro de la murga <em>Zeta-Zetas<\/em>. El bueno de <strong>Besay<\/strong>, a sus casi 30 a\u00f1itos (naci\u00f3 el 13 de junio de 1992) esta pasada noche, durante \u201clos directos\u201d del popular concurso \u201cLa Voz\u201d que se emite los s\u00e1bados en Antena 3 Televisi\u00f3n, se meti\u00f3 en las semifinales del <em>Talent-Show<\/em> teniendo como \u2018coach\u2019 a la tambi\u00e9n cantante <strong>Mal\u00fa<\/strong>. Sus compa\u00f1eros de <em>Los Sabande\u00f1os<\/em> grabaron un emotivo mensaje en el que el gran <strong>Elfidio Alonso<\/strong>, fundador del grupo, manifestaba: \u201c<em>Desde nuestra Casa Museo, en La Laguna, Los Sabande\u00f1os quieren enviarle a su compa\u00f1ero <strong>Besay P\u00e9rez<\/strong> todo su afecto y desearle toda la suerte del mundo en esta jornada del programa La Voz, de Antena 3, que se va a celebrar ya en su fase final este s\u00e1bado. \u00a1Arriba, <strong>Besay<\/strong>, deja bien alto como t\u00fa sabes el pabell\u00f3n canario de la m\u00fasica!\u201d<\/em><\/li>\n<\/ul>\n<p><img loading=\"lazy\" decoding=\"async\" class=\"size-large wp-image-3355 aligncenter\" src=\"https:\/\/canariasenpositivo.com\/wp-content\/uploads\/2021\/11\/7.-ALFIDIO-ALONSO-1024x564.jpeg\" alt=\"\" width=\"660\" height=\"364\" \/><\/p>\n<p style=\"text-align: center\"><em>El veterano Elfidio Alonso (86 a\u00f1itos) enviando un mensaje de \u00e1nimo a Besay P\u00e9rez.<\/em><\/p>\n<p>&nbsp;<\/p>\n<p><span style=\"color: #0000ff\"><strong>MENSAJE DE BESAY A POCAS HORAS DE ACTUAR<\/strong><\/span><\/p>\n<ul>\n<li>Un emocionado (y no s\u00e9 si nervioso) <strong>Besay P\u00e9rez<\/strong> escrib\u00eda y publicaba ayer en su perfil de Facebook (a pocas horas de su actuaci\u00f3n en directo) lo siguiente que les pongo textualmente: <em>\u201cLleg\u00f3 en gran d\u00eda. Hoy prometo disfrutar, emocionarme y seguir creciendo, abarcando un g\u00e9nero que jam\u00e1s he cantado, de eso se trata la vida, de mejorar, de avanzar y de sentir orgullo por lo que haces. Mi querido carnaval porque crec\u00ed contigo, desfilando en el pabell\u00f3n, subiendo las escaleras del C\u00edrculo de Amistad XII de Enero, emocion\u00e1ndome en la Plaza de Espa\u00f1a, llorando en el auditorio cuando gan\u00e9 mi primer premio con la Uni\u00f3n Art\u00edstica El Cabo, temblando por recoger mi primer \u201c<strong>Carlos Mungu\u00eda<\/strong>\u201d en la Plaza del Pr\u00edncipe de manos de Los Fregolinos y sembrando amigos all\u00e1 por donde iba\u201d.<\/em><\/li>\n<\/ul>\n<p><img loading=\"lazy\" decoding=\"async\" class=\"size-full wp-image-3356 aligncenter\" src=\"https:\/\/canariasenpositivo.com\/wp-content\/uploads\/2021\/11\/8.-BESAY-P\u00c9REZ.jpg\" alt=\"\" width=\"1024\" height=\"681\" \/><\/p>\n<p style=\"text-align: center\"><em>Besay P\u00e9rez en uno de los escenarios del programa \u201cLa Voz\u201d de Antena 3 TV.<\/em><\/p>\n<p>&nbsp;<\/p>\n<p><span style=\"color: #0000ff\"><strong>EL MENSAJE DE BESAY LLENO DE CANARIEDAD<\/strong><\/span><\/p>\n<ul>\n<li>El bueno de <strong>Besay P\u00e9rez<\/strong> rematando su mensaje diciendo: <em>\u201cMi querido folclore, aprend\u00ed a cantar contigo, abuela, metidos en una cocina en la Pe\u00f1a del Lunes, aprend\u00ed a pintar en los concursos de dibujo de las Fiestas de Mayo mientras ol\u00eda a flores de quien hac\u00eda una cruz, me curt\u00ed a base de fol\u00edas en un baile de magos, aprend\u00ed de vestimenta cantando La Luchada en el Grupo Folcl\u00f3rico Los Majuelos y aprend\u00ed el sentido de la canariedad con una manta campesina al hombro con Los Sabande\u00f1os y oyendo a mi querido <strong>Elfidio Alonso\u201d<\/strong><\/em>. Yo desde esta edici\u00f3n de <strong><em>El Cotarro<\/em><\/strong> le felicito y doy la enhorabuena por esa gran actuaci\u00f3n de anoche con la canci\u00f3n <strong><em>Mar\u00eda<\/em><\/strong> del musical <em>West Side Story<\/em>, y no puedo por menos que desearle tambi\u00e9n toda la suerte del mundo en la semifinal del concurso y esperar que, con otra magistral actuaci\u00f3n llegue a la final y que gane, demostrando que \u201cLa Voz\u201d es, precisamente, su voz.<\/li>\n<\/ul>\n<p><img loading=\"lazy\" decoding=\"async\" class=\"size-large wp-image-3357 aligncenter\" src=\"https:\/\/canariasenpositivo.com\/wp-content\/uploads\/2021\/11\/9.-SABANDE\u00d1OS-1024x683.jpg\" alt=\"\" width=\"660\" height=\"440\" \/><\/p>\n<p style=\"text-align: center\"><em>Besay P\u00e9rez (en el centro) en plena actuaci\u00f3n con Los Sabande\u00f1os<\/em><\/p>\n<p>&nbsp;<\/p>\n<p>ALARC\u00d3 REELEGIDO VICEPRESIDENTE MUNDIAL<\/p>\n<ul>\n<li>Durante el 42\u00ba Congreso Mundial celebrado en Tailandia el pasado 17 de noviembre, ha sido reelegido vicepresidente del Colegio Internacional de Cirujanos, por votaci\u00f3n un\u00e1nime del Comit\u00e9 de Nominaciones, nuestro paisano el doctor <strong>Antonio Alarc\u00f3<\/strong> <strong>Hern\u00e1ndez<\/strong>, catedr\u00e1tico de Medicina y Cirug\u00eda de la Universidad de La Laguna, responsable del Programa de Trasplantes de P\u00e1ncreas, as\u00ed como director de la C\u00e1tedra de Telemedicina, Rob\u00f3tica y Telecirug\u00eda. <strong>Antonio Alarc\u00f3<\/strong>, adem\u00e1s, es doctor en Ciencias de la Informaci\u00f3n y Sociolog\u00eda, sin olvidar que, en el apartado de la pol\u00edtica, es Senador y portavoz de Ciencias en el Senado. Como bien se\u00f1ala el propio <strong>Antonio Alarc\u00f3, <\/strong>que adem\u00e1s es el gobernador en Espa\u00f1a del Colegio Internacional de Cirujanos desde 1992, esta reelecci\u00f3n es un nuevo reconocimiento a la cirug\u00eda canaria y espa\u00f1ola a nivel internacional.<\/li>\n<\/ul>\n<p><img loading=\"lazy\" decoding=\"async\" class=\"size-full wp-image-3358 aligncenter\" src=\"https:\/\/canariasenpositivo.com\/wp-content\/uploads\/2021\/11\/10.-ALARC\u00d3-SENADOR.jpg\" alt=\"\" width=\"900\" height=\"582\" \/><\/p>\n<p style=\"text-align: center\"><em>Antonio Alarc\u00f3 en una de sus intervenciones desde la tribuna del Senado.<\/em><\/p>\n<p>&nbsp;<\/p>\n<p><span style=\"color: #0000ff\"><strong>EL COLEGIO INTERNACIONAL DE CIRUJANOS<\/strong><\/span><\/p>\n<ul>\n<li>El Colegio Internacional de Cirujanos (ICS), entidad de la que es vicepresidente mundial <strong>Antonio Alarc\u00f3<\/strong>, es una organizaci\u00f3n mundial dedicada a reunir a cirujanos y especialistas quir\u00fargicos de todas las naciones, razas y credos, que tiene como objetivo prioritario el promover la excelencia quir\u00fargica en beneficio de toda la humanidad, adem\u00e1s de fomentar el compa\u00f1erismo y buenas pr\u00e1cticas entre los profesionales de todo el mundo, aunando a m\u00e1s de 40.000 miembros de 117 naciones. El ICS, las siglas en ingl\u00e9s de International College of Surgeons, fue fundado en Ginebra (Suiza) en 1935 por el doctor <strong>Max Thorek<\/strong>, y tiene su sede en Chicago en la hist\u00f3rica mansi\u00f3n ET Blair a orillas del lago Michigan, y es la organizaci\u00f3n m\u00e1s longeva y decana de medicina del mundo. Amante de su profesi\u00f3n y de la investigaci\u00f3n este nombramiento es un nuevo espaldarazo a sus m\u00e1s de 40 a\u00f1os de dedicaci\u00f3n.<\/li>\n<\/ul>\n<p><img loading=\"lazy\" decoding=\"async\" class=\"size-full wp-image-3359 aligncenter\" src=\"https:\/\/canariasenpositivo.com\/wp-content\/uploads\/2021\/11\/11.-ALARC\u00d3-CIRUJANO.jpg\" alt=\"\" width=\"719\" height=\"461\" \/><\/p>\n<p style=\"text-align: center\"><em>Alarc\u00f3 en una foto sacada en el quir\u00f3fano del HUC donde realiza trasplantes.<\/em><\/p>\n<p>&nbsp;<\/p>\n<p><strong><span style=\"color: #0000ff\">LARGA TRAYECTORIA Y CAPACIDAD DE TRABAJO<\/span> <\/strong><\/p>\n<ul>\n<li>Claramente agradecido, <strong>Antonio Alarc\u00f3<\/strong> ha manifestado que <em>\u201ces un orgullo ocupar la vicepresidencia mundial de una organizaci\u00f3n que persigue la excelencia en pro de los ciudadanos de todo el mundo, algo que comulga con mi vocaci\u00f3n de servicio p\u00fablico<\/em>\u201d y ha comentado que <em>\u201cEs un nombramiento que me llena de orgullo y de enorme responsabilidad. A pesar de compaginar nuestro trabajo de cirujano con el de la pol\u00edtica, es algo que no podr\u00eda abandonar jam\u00e1s\u201d<\/em> <strong>Alarc\u00f3<\/strong> remata sus manifestaciones diciendo: <em>\u201cYo hago pol\u00edtica, como opero, seriamente. A veces bien, regular, pero nunca negligente. Este reconocimiento es una magn\u00edfica oportunidad para tener comunicaci\u00f3n directa con cirujanos de otros pa\u00edses que, sin duda, beneficiar\u00e1 a la comunidad quir\u00fargica en general y a nuestros pacientes\u201d. <\/em>Mi larga relaci\u00f3n profesional y de amistad con <strong>Antonio Alarc\u00f3<\/strong> ha sido de amor y desamor durante a\u00f1os, pero hay que reconocer que pocos tienen la formaci\u00f3n, experiencia, capacidad de trabajo y trayectoria como la de <strong>Antonio Alarc\u00f3<\/strong>, al que felicito p\u00fablicamente.<\/li>\n<\/ul>\n<p><em> <img loading=\"lazy\" decoding=\"async\" class=\"size-full wp-image-3360 aligncenter\" src=\"https:\/\/canariasenpositivo.com\/wp-content\/uploads\/2021\/11\/12.-ALARC\u00d3-PROFESOR.jpg\" alt=\"\" width=\"940\" height=\"580\" \/><\/em><\/p>\n<p style=\"text-align: center\"><em>\u00a0Antonio Alarc\u00f3 entre \u201csu\u201d Hospital Universitario y \u201csu\u201d Facultad de Medicina<\/em><\/p>\n<p>&nbsp;<\/p>\n<p><span style=\"color: #0000ff\"><strong>CAJASIETE UNIENDO CANARIAS DESDE LANZAROTE<\/strong><\/span><\/p>\n<ul>\n<li>Cada vez m\u00e1s nuestro futuro depende de la unidad entre todas las Islas Canarias, las relaciones interinsulares y la mayor comprensi\u00f3n y solidaridad entre la ciudadan\u00eda de las ocho islas. Creo que con ese esp\u00edritu flotando en el ambiente y desde los James del Agua, en Lanzarote, se celebr\u00f3 el segundo Foro Cajasiete de la temporada, coordinado por <strong>Jos\u00e9 Manuel Garrido<\/strong>, director de Relaciones Institucionales de la entidad financiera canaria. Una revista de contenido econ\u00f3mico, promovida por Cajasiete, en la que tienen cabida opiniones pol\u00edticas, empresariales, comerciales y sociales, y que pasa cada mes por cada una de las ocho islas del Archipi\u00e9lago. En esta entrega no se perdi\u00f3 de vista, ni mucho menos, ese v\u00ednculo diab\u00f3lico entre vulcanismo y econom\u00eda, entre cat\u00e1strofe y recuperaci\u00f3n, porque, precisamente Lanzarote, es un ejemplo mundial de c\u00f3mo revertir una tragedia en una gran oportunidad y, es m\u00e1s, un modo de vida y una forma de afrontar con robustez su futuro.<\/li>\n<\/ul>\n<p><img loading=\"lazy\" decoding=\"async\" class=\"size-large wp-image-3361 aligncenter\" src=\"https:\/\/canariasenpositivo.com\/wp-content\/uploads\/2021\/11\/13.-FORO-CAJASIETE-2-1024x576.jpg\" alt=\"\" width=\"660\" height=\"371\" \/><\/p>\n<p style=\"text-align: center\"><em>Jos\u00e9 Manuel Garrido, Laura Betancort, Dolores Corujo y Miguel Guedes<\/em><\/p>\n<p>&nbsp;<\/p>\n<p><span style=\"color: #0000ff\"><strong>DE TIMANFAYA A CUMBRE VIEJA CON CAJASIETE<\/strong><\/span><\/p>\n<ul>\n<li>Hace casi 300 a\u00f1os, el 1 de septiembre de 1730, la erupci\u00f3n de Timanfaya afect\u00f3 a media isla de Lanzarote, con decenas de bocas expulsando lava durante nada menos que seis a\u00f1os enteros. Aquel desastre provoc\u00f3 el \u00e9xodo de miles de conejeros y la ruina econ\u00f3mica. Pero los que se quedaron supieron aprovechar la ceniza y los espacios que dej\u00f3 la lava para rehacerse, para reinventarse. En esta edici\u00f3n del Foro se ha hablado de esta experiencia lanzarote\u00f1a mirando a La Palma con esperanza porque de todo se sale, y de lo malo tambi\u00e9n.\u00a0Se cont\u00f3 con la participaci\u00f3n de<strong> Benjam\u00edn Perdomo<\/strong>, consejero delegado de los Centros de Arte, Cultura y Turismo de Lanzarote que expuso lo que signific\u00f3 la erupci\u00f3n de Timanfaya para la econom\u00eda de Lanzarote; el peso que tienen los centros en el PIB de la Isla; los centros tur\u00edsticos que mejor funcionan para acabar trasladando un mensaje de esperanza a La Palma para convertir esta desgracia en una oportunidad.<\/li>\n<\/ul>\n<p><img loading=\"lazy\" decoding=\"async\" class=\"size-large wp-image-3362 aligncenter\" src=\"https:\/\/canariasenpositivo.com\/wp-content\/uploads\/2021\/11\/14.-FORO-CAJASIETE-3-1024x768.jpg\" alt=\"\" width=\"660\" height=\"495\" \/><\/p>\n<p style=\"text-align: center\"><em>Laura Betancort, Miguel Guedes, Jos\u00e9 Manuel Garrido y Dolores Corujo.<\/em><\/p>\n<p>&nbsp;<\/p>\n<p><span style=\"color: #0000ff\"><strong>PARA QUE LA PALMA RENAZCA DE LAS CENIZAS<\/strong><\/span><\/p>\n<ul>\n<li>En el foro se ha escuchado lo que significan los centros tur\u00edsticos que nacieron del calor de Timanfaya en el PIB de Lanzarote, hemos conocido con detalle la historia de la erupci\u00f3n, de la mano del arque\u00f3logo <strong>Jos\u00e9 de Le\u00f3n<\/strong>, posiblemente la persona que m\u00e1s sabe de la erupci\u00f3n de Timanfaya; se debati\u00f3 sobre el \u00e9xito agr\u00edcola de La Geria y la tierra volc\u00e1nica y se comparti\u00f3 toda la actualidad de la isla con la presidenta del Cabildo Insular de Lanzarote <strong>Dolores Corujo<\/strong>, que aprovech\u00f3 para trasladar su solidaridad con La Palma y alent\u00f3 a sus habitantes a resistir y a sus pol\u00edticos a planificar el futuro. Tambi\u00e9n estuvieron en la mesa de debate <strong>Laura Betancor<\/strong>, plenaria de la C\u00e1mara de Comercio y directora del Centro de Formaci\u00f3n Canario-CFC y <strong>Jos\u00e9 Manuel Garrido<\/strong>, director de Relaciones Institucionales de Cajasiete. Un puntazo para Cajasiete y que nunca las ma\u00f1as pierda.<\/li>\n<\/ul>\n<p><img loading=\"lazy\" decoding=\"async\" class=\"size-large wp-image-3363 aligncenter\" src=\"https:\/\/canariasenpositivo.com\/wp-content\/uploads\/2021\/11\/15.-FORO-CAJASIETE-1-1024x768.jpg\" alt=\"\" width=\"660\" height=\"495\" \/><\/p>\n<p style=\"text-align: center\"><em>An\u00edbal \u00c1lvarez (director zona de Cajasiete en La Palma) y Jos\u00e9 Manuel Garrido<\/em><\/p>\n<p>&nbsp;<\/p>\n<p><span style=\"color: #0000ff\"><strong>* Jos\u00e9 Carlos MARRERO GONZ\u00c1LEZ<\/strong><\/span><\/p>\n<p>Periodista y analista de la actualidad.<\/p>\n<p>Director de <strong><em>El Cotarro<\/em><\/strong> (www.elcotarro.com)<\/p>\n<p>Director de <strong><em>Canarias en Positivo<\/em><\/strong> (www.canariasenpositivo.com)<\/p>\n<p>Director de <strong><em>GastroCanarias<\/em><\/strong> (www.gastrocanarias.com)<\/p>\n<p><em>\u00a0<\/em><\/p>\n<p>Islas Canarias, 28 de noviembre de 2021.<\/p>\n<p>&nbsp;<\/p>\n<p><a href=\"https:\/\/elcotarro.com\/wp-content\/uploads\/2021\/10\/10.-BANNER-CARECA-INSULA.jpg\"><img loading=\"lazy\" decoding=\"async\" class=\"size-full wp-image-10246 aligncenter\" src=\"https:\/\/elcotarro.com\/wp-content\/uploads\/2021\/10\/10.-BANNER-CARECA-INSULA.jpg\" alt=\"\" width=\"750\" height=\"153\" srcset=\"https:\/\/elcotarro.com\/wp-content\/uploads\/2021\/10\/10.-BANNER-CARECA-INSULA.jpg 750w, https:\/\/elcotarro.com\/wp-content\/uploads\/2021\/10\/10.-BANNER-CARECA-INSULA-300x61.jpg 300w\" sizes=\"auto, (max-width: 750px) 100vw, 750px\" \/><\/a><\/p>\n","protected":false},"excerpt":{"rendered":"<p>EL COTARRO N\u00ba377, DEL DOMINGO, 28\/11\/2021 &nbsp; Por Jos\u00e9 Carlos Marrero * &nbsp; ESCRIV\u00c1 Y SAAVEDRA, TRAVES\u00cdA HACIA LA PALMA Como no podr\u00eda ser de otra manera, vuelvo a comenzar El Cotarro de este domingo con un nuevo recuerdo a nuestra querida isla de La Palma. Mi gran amigo palmero Juan Francisco Capote (amigos, aunque &#8230; <a class=\"read-more\" href=\"https:\/\/elcotarro.com\/?p=10263\">Read more<\/a><\/p>\n","protected":false},"author":2,"featured_media":0,"comment_status":"open","ping_status":"open","sticky":false,"template":"","format":"standard","meta":{"_jetpack_memberships_contains_paid_content":false,"footnotes":""},"categories":[4],"tags":[],"class_list":["post-10263","post","type-post","status-publish","format-standard","hentry","category-el-cotarro"],"yoast_head":"<!-- This site is optimized with the Yoast SEO plugin v27.0 - https:\/\/yoast.com\/product\/yoast-seo-wordpress\/ -->\n<title>EL COTARRO N\u00ba377, DEL DOMINGO, 28\/11\/2021 - El Cotarro<\/title>\n<meta name=\"robots\" content=\"index, follow, max-snippet:-1, max-image-preview:large, max-video-preview:-1\" \/>\n<link rel=\"canonical\" href=\"https:\/\/elcotarro.com\/?p=10263\" \/>\n<meta property=\"og:locale\" content=\"es_ES\" \/>\n<meta property=\"og:type\" content=\"article\" \/>\n<meta property=\"og:title\" content=\"EL COTARRO N\u00ba377, DEL DOMINGO, 28\/11\/2021 - El Cotarro\" \/>\n<meta property=\"og:description\" content=\"EL COTARRO N\u00ba377, DEL DOMINGO, 28\/11\/2021 &nbsp; Por Jos\u00e9 Carlos Marrero * &nbsp; ESCRIV\u00c1 Y SAAVEDRA, TRAVES\u00cdA HACIA LA PALMA Como no podr\u00eda ser de otra manera, vuelvo a comenzar El Cotarro de este domingo con un nuevo recuerdo a nuestra querida isla de La Palma. Mi gran amigo palmero Juan Francisco Capote (amigos, aunque ... Read more\" \/>\n<meta property=\"og:url\" content=\"https:\/\/elcotarro.com\/?p=10263\" \/>\n<meta property=\"og:site_name\" content=\"El Cotarro\" \/>\n<meta property=\"article:publisher\" content=\"https:\/\/www.facebook.com\/ElCotarro.Tenerife\" \/>\n<meta property=\"article:published_time\" content=\"2021-11-28T10:34:47+00:00\" \/>\n<meta property=\"article:modified_time\" content=\"2021-11-28T10:36:03+00:00\" \/>\n<meta property=\"og:image\" content=\"https:\/\/canariasenpositivo.com\/wp-content\/uploads\/2021\/11\/2.-CAPOTE-Y-SAAVEDRA.jpeg\" \/>\n<meta name=\"author\" content=\"Jos\u00e9 Carlos Marrero Gonz\u00e1lez\" \/>\n<meta name=\"twitter:label1\" content=\"Escrito por\" \/>\n\t<meta name=\"twitter:data1\" content=\"Jos\u00e9 Carlos Marrero Gonz\u00e1lez\" \/>\n\t<meta name=\"twitter:label2\" content=\"Tiempo de lectura\" \/>\n\t<meta name=\"twitter:data2\" content=\"15 minutos\" \/>\n<script type=\"application\/ld+json\" class=\"yoast-schema-graph\">{\"@context\":\"https:\/\/schema.org\",\"@graph\":[{\"@type\":\"Article\",\"@id\":\"https:\/\/elcotarro.com\/?p=10263#article\",\"isPartOf\":{\"@id\":\"https:\/\/elcotarro.com\/?p=10263\"},\"author\":{\"name\":\"Jos\u00e9 Carlos Marrero Gonz\u00e1lez\",\"@id\":\"https:\/\/elcotarro.com\/#\/schema\/person\/af537ee7d60d15984c7e0affcd8a918b\"},\"headline\":\"EL COTARRO N\u00ba377, DEL DOMINGO, 28\/11\/2021\",\"datePublished\":\"2021-11-28T10:34:47+00:00\",\"dateModified\":\"2021-11-28T10:36:03+00:00\",\"mainEntityOfPage\":{\"@id\":\"https:\/\/elcotarro.com\/?p=10263\"},\"wordCount\":2808,\"commentCount\":1,\"publisher\":{\"@id\":\"https:\/\/elcotarro.com\/#organization\"},\"image\":{\"@id\":\"https:\/\/elcotarro.com\/?p=10263#primaryimage\"},\"thumbnailUrl\":\"https:\/\/canariasenpositivo.com\/wp-content\/uploads\/2021\/11\/2.-CAPOTE-Y-SAAVEDRA.jpeg\",\"articleSection\":[\"El Cotarro\"],\"inLanguage\":\"es\",\"potentialAction\":[{\"@type\":\"CommentAction\",\"name\":\"Comment\",\"target\":[\"https:\/\/elcotarro.com\/?p=10263#respond\"]}]},{\"@type\":\"WebPage\",\"@id\":\"https:\/\/elcotarro.com\/?p=10263\",\"url\":\"https:\/\/elcotarro.com\/?p=10263\",\"name\":\"EL COTARRO N\u00ba377, DEL DOMINGO, 28\/11\/2021 - El Cotarro\",\"isPartOf\":{\"@id\":\"https:\/\/elcotarro.com\/#website\"},\"primaryImageOfPage\":{\"@id\":\"https:\/\/elcotarro.com\/?p=10263#primaryimage\"},\"image\":{\"@id\":\"https:\/\/elcotarro.com\/?p=10263#primaryimage\"},\"thumbnailUrl\":\"https:\/\/canariasenpositivo.com\/wp-content\/uploads\/2021\/11\/2.-CAPOTE-Y-SAAVEDRA.jpeg\",\"datePublished\":\"2021-11-28T10:34:47+00:00\",\"dateModified\":\"2021-11-28T10:36:03+00:00\",\"breadcrumb\":{\"@id\":\"https:\/\/elcotarro.com\/?p=10263#breadcrumb\"},\"inLanguage\":\"es\",\"potentialAction\":[{\"@type\":\"ReadAction\",\"target\":[\"https:\/\/elcotarro.com\/?p=10263\"]}]},{\"@type\":\"ImageObject\",\"inLanguage\":\"es\",\"@id\":\"https:\/\/elcotarro.com\/?p=10263#primaryimage\",\"url\":\"https:\/\/canariasenpositivo.com\/wp-content\/uploads\/2021\/11\/2.-CAPOTE-Y-SAAVEDRA.jpeg\",\"contentUrl\":\"https:\/\/canariasenpositivo.com\/wp-content\/uploads\/2021\/11\/2.-CAPOTE-Y-SAAVEDRA.jpeg\"},{\"@type\":\"BreadcrumbList\",\"@id\":\"https:\/\/elcotarro.com\/?p=10263#breadcrumb\",\"itemListElement\":[{\"@type\":\"ListItem\",\"position\":1,\"name\":\"Portada\",\"item\":\"https:\/\/elcotarro.com\/\"},{\"@type\":\"ListItem\",\"position\":2,\"name\":\"EL COTARRO N\u00ba377, DEL DOMINGO, 28\/11\/2021\"}]},{\"@type\":\"WebSite\",\"@id\":\"https:\/\/elcotarro.com\/#website\",\"url\":\"https:\/\/elcotarro.com\/\",\"name\":\"El Cotarro\",\"description\":\"Peri\u00f3dico Digital Independiente dirigido por Jos\u00e9 Carlos Marrero\",\"publisher\":{\"@id\":\"https:\/\/elcotarro.com\/#organization\"},\"potentialAction\":[{\"@type\":\"SearchAction\",\"target\":{\"@type\":\"EntryPoint\",\"urlTemplate\":\"https:\/\/elcotarro.com\/?s={search_term_string}\"},\"query-input\":{\"@type\":\"PropertyValueSpecification\",\"valueRequired\":true,\"valueName\":\"search_term_string\"}}],\"inLanguage\":\"es\"},{\"@type\":\"Organization\",\"@id\":\"https:\/\/elcotarro.com\/#organization\",\"name\":\"El Cotarro\",\"url\":\"https:\/\/elcotarro.com\/\",\"logo\":{\"@type\":\"ImageObject\",\"inLanguage\":\"es\",\"@id\":\"https:\/\/elcotarro.com\/#\/schema\/logo\/image\/\",\"url\":\"https:\/\/elcotarro.com\/wp-content\/uploads\/2014\/09\/Cabecera_El_Cotarro_v2.jpg\",\"contentUrl\":\"https:\/\/elcotarro.com\/wp-content\/uploads\/2014\/09\/Cabecera_El_Cotarro_v2.jpg\",\"width\":3540,\"height\":441,\"caption\":\"El Cotarro\"},\"image\":{\"@id\":\"https:\/\/elcotarro.com\/#\/schema\/logo\/image\/\"},\"sameAs\":[\"https:\/\/www.facebook.com\/ElCotarro.Tenerife\"]},{\"@type\":\"Person\",\"@id\":\"https:\/\/elcotarro.com\/#\/schema\/person\/af537ee7d60d15984c7e0affcd8a918b\",\"name\":\"Jos\u00e9 Carlos Marrero Gonz\u00e1lez\",\"image\":{\"@type\":\"ImageObject\",\"inLanguage\":\"es\",\"@id\":\"https:\/\/elcotarro.com\/#\/schema\/person\/image\/\",\"url\":\"https:\/\/secure.gravatar.com\/avatar\/def4da036efb5d32c74d49c351f6dccc064dd69ad9f3aadc295c5a9a5391ca01?s=96&d=mm&r=g\",\"contentUrl\":\"https:\/\/secure.gravatar.com\/avatar\/def4da036efb5d32c74d49c351f6dccc064dd69ad9f3aadc295c5a9a5391ca01?s=96&d=mm&r=g\",\"caption\":\"Jos\u00e9 Carlos Marrero Gonz\u00e1lez\"},\"sameAs\":[\"https:\/\/elcotarro.com\"],\"url\":\"https:\/\/elcotarro.com\/?author=2\"}]}<\/script>\n<!-- \/ Yoast SEO plugin. -->","yoast_head_json":{"title":"EL COTARRO N\u00ba377, DEL DOMINGO, 28\/11\/2021 - El Cotarro","robots":{"index":"index","follow":"follow","max-snippet":"max-snippet:-1","max-image-preview":"max-image-preview:large","max-video-preview":"max-video-preview:-1"},"canonical":"https:\/\/elcotarro.com\/?p=10263","og_locale":"es_ES","og_type":"article","og_title":"EL COTARRO N\u00ba377, DEL DOMINGO, 28\/11\/2021 - El Cotarro","og_description":"EL COTARRO N\u00ba377, DEL DOMINGO, 28\/11\/2021 &nbsp; Por Jos\u00e9 Carlos Marrero * &nbsp; ESCRIV\u00c1 Y SAAVEDRA, TRAVES\u00cdA HACIA LA PALMA Como no podr\u00eda ser de otra manera, vuelvo a comenzar El Cotarro de este domingo con un nuevo recuerdo a nuestra querida isla de La Palma. Mi gran amigo palmero Juan Francisco Capote (amigos, aunque ... Read more","og_url":"https:\/\/elcotarro.com\/?p=10263","og_site_name":"El Cotarro","article_publisher":"https:\/\/www.facebook.com\/ElCotarro.Tenerife","article_published_time":"2021-11-28T10:34:47+00:00","article_modified_time":"2021-11-28T10:36:03+00:00","og_image":[{"url":"https:\/\/canariasenpositivo.com\/wp-content\/uploads\/2021\/11\/2.-CAPOTE-Y-SAAVEDRA.jpeg","type":"","width":"","height":""}],"author":"Jos\u00e9 Carlos Marrero Gonz\u00e1lez","twitter_misc":{"Escrito por":"Jos\u00e9 Carlos Marrero Gonz\u00e1lez","Tiempo de lectura":"15 minutos"},"schema":{"@context":"https:\/\/schema.org","@graph":[{"@type":"Article","@id":"https:\/\/elcotarro.com\/?p=10263#article","isPartOf":{"@id":"https:\/\/elcotarro.com\/?p=10263"},"author":{"name":"Jos\u00e9 Carlos Marrero Gonz\u00e1lez","@id":"https:\/\/elcotarro.com\/#\/schema\/person\/af537ee7d60d15984c7e0affcd8a918b"},"headline":"EL COTARRO N\u00ba377, DEL DOMINGO, 28\/11\/2021","datePublished":"2021-11-28T10:34:47+00:00","dateModified":"2021-11-28T10:36:03+00:00","mainEntityOfPage":{"@id":"https:\/\/elcotarro.com\/?p=10263"},"wordCount":2808,"commentCount":1,"publisher":{"@id":"https:\/\/elcotarro.com\/#organization"},"image":{"@id":"https:\/\/elcotarro.com\/?p=10263#primaryimage"},"thumbnailUrl":"https:\/\/canariasenpositivo.com\/wp-content\/uploads\/2021\/11\/2.-CAPOTE-Y-SAAVEDRA.jpeg","articleSection":["El Cotarro"],"inLanguage":"es","potentialAction":[{"@type":"CommentAction","name":"Comment","target":["https:\/\/elcotarro.com\/?p=10263#respond"]}]},{"@type":"WebPage","@id":"https:\/\/elcotarro.com\/?p=10263","url":"https:\/\/elcotarro.com\/?p=10263","name":"EL COTARRO N\u00ba377, DEL DOMINGO, 28\/11\/2021 - El Cotarro","isPartOf":{"@id":"https:\/\/elcotarro.com\/#website"},"primaryImageOfPage":{"@id":"https:\/\/elcotarro.com\/?p=10263#primaryimage"},"image":{"@id":"https:\/\/elcotarro.com\/?p=10263#primaryimage"},"thumbnailUrl":"https:\/\/canariasenpositivo.com\/wp-content\/uploads\/2021\/11\/2.-CAPOTE-Y-SAAVEDRA.jpeg","datePublished":"2021-11-28T10:34:47+00:00","dateModified":"2021-11-28T10:36:03+00:00","breadcrumb":{"@id":"https:\/\/elcotarro.com\/?p=10263#breadcrumb"},"inLanguage":"es","potentialAction":[{"@type":"ReadAction","target":["https:\/\/elcotarro.com\/?p=10263"]}]},{"@type":"ImageObject","inLanguage":"es","@id":"https:\/\/elcotarro.com\/?p=10263#primaryimage","url":"https:\/\/canariasenpositivo.com\/wp-content\/uploads\/2021\/11\/2.-CAPOTE-Y-SAAVEDRA.jpeg","contentUrl":"https:\/\/canariasenpositivo.com\/wp-content\/uploads\/2021\/11\/2.-CAPOTE-Y-SAAVEDRA.jpeg"},{"@type":"BreadcrumbList","@id":"https:\/\/elcotarro.com\/?p=10263#breadcrumb","itemListElement":[{"@type":"ListItem","position":1,"name":"Portada","item":"https:\/\/elcotarro.com\/"},{"@type":"ListItem","position":2,"name":"EL COTARRO N\u00ba377, DEL DOMINGO, 28\/11\/2021"}]},{"@type":"WebSite","@id":"https:\/\/elcotarro.com\/#website","url":"https:\/\/elcotarro.com\/","name":"El Cotarro","description":"Peri\u00f3dico Digital Independiente dirigido por Jos\u00e9 Carlos Marrero","publisher":{"@id":"https:\/\/elcotarro.com\/#organization"},"potentialAction":[{"@type":"SearchAction","target":{"@type":"EntryPoint","urlTemplate":"https:\/\/elcotarro.com\/?s={search_term_string}"},"query-input":{"@type":"PropertyValueSpecification","valueRequired":true,"valueName":"search_term_string"}}],"inLanguage":"es"},{"@type":"Organization","@id":"https:\/\/elcotarro.com\/#organization","name":"El Cotarro","url":"https:\/\/elcotarro.com\/","logo":{"@type":"ImageObject","inLanguage":"es","@id":"https:\/\/elcotarro.com\/#\/schema\/logo\/image\/","url":"https:\/\/elcotarro.com\/wp-content\/uploads\/2014\/09\/Cabecera_El_Cotarro_v2.jpg","contentUrl":"https:\/\/elcotarro.com\/wp-content\/uploads\/2014\/09\/Cabecera_El_Cotarro_v2.jpg","width":3540,"height":441,"caption":"El Cotarro"},"image":{"@id":"https:\/\/elcotarro.com\/#\/schema\/logo\/image\/"},"sameAs":["https:\/\/www.facebook.com\/ElCotarro.Tenerife"]},{"@type":"Person","@id":"https:\/\/elcotarro.com\/#\/schema\/person\/af537ee7d60d15984c7e0affcd8a918b","name":"Jos\u00e9 Carlos Marrero Gonz\u00e1lez","image":{"@type":"ImageObject","inLanguage":"es","@id":"https:\/\/elcotarro.com\/#\/schema\/person\/image\/","url":"https:\/\/secure.gravatar.com\/avatar\/def4da036efb5d32c74d49c351f6dccc064dd69ad9f3aadc295c5a9a5391ca01?s=96&d=mm&r=g","contentUrl":"https:\/\/secure.gravatar.com\/avatar\/def4da036efb5d32c74d49c351f6dccc064dd69ad9f3aadc295c5a9a5391ca01?s=96&d=mm&r=g","caption":"Jos\u00e9 Carlos Marrero Gonz\u00e1lez"},"sameAs":["https:\/\/elcotarro.com"],"url":"https:\/\/elcotarro.com\/?author=2"}]}},"jetpack_featured_media_url":"","jetpack_sharing_enabled":true,"_links":{"self":[{"href":"https:\/\/elcotarro.com\/index.php?rest_route=\/wp\/v2\/posts\/10263","targetHints":{"allow":["GET"]}}],"collection":[{"href":"https:\/\/elcotarro.com\/index.php?rest_route=\/wp\/v2\/posts"}],"about":[{"href":"https:\/\/elcotarro.com\/index.php?rest_route=\/wp\/v2\/types\/post"}],"author":[{"embeddable":true,"href":"https:\/\/elcotarro.com\/index.php?rest_route=\/wp\/v2\/users\/2"}],"replies":[{"embeddable":true,"href":"https:\/\/elcotarro.com\/index.php?rest_route=%2Fwp%2Fv2%2Fcomments&post=10263"}],"version-history":[{"count":2,"href":"https:\/\/elcotarro.com\/index.php?rest_route=\/wp\/v2\/posts\/10263\/revisions"}],"predecessor-version":[{"id":10265,"href":"https:\/\/elcotarro.com\/index.php?rest_route=\/wp\/v2\/posts\/10263\/revisions\/10265"}],"wp:attachment":[{"href":"https:\/\/elcotarro.com\/index.php?rest_route=%2Fwp%2Fv2%2Fmedia&parent=10263"}],"wp:term":[{"taxonomy":"category","embeddable":true,"href":"https:\/\/elcotarro.com\/index.php?rest_route=%2Fwp%2Fv2%2Fcategories&post=10263"},{"taxonomy":"post_tag","embeddable":true,"href":"https:\/\/elcotarro.com\/index.php?rest_route=%2Fwp%2Fv2%2Ftags&post=10263"}],"curies":[{"name":"wp","href":"https:\/\/api.w.org\/{rel}","templated":true}]}}