{"id":10272,"date":"2021-12-12T02:48:36","date_gmt":"2021-12-12T02:48:36","guid":{"rendered":"https:\/\/elcotarro.com\/?p=10272"},"modified":"2021-12-12T11:02:26","modified_gmt":"2021-12-12T11:02:26","slug":"el-cotarro-no379-del-domingo-12-12-2021","status":"publish","type":"post","link":"https:\/\/elcotarro.com\/?p=10272","title":{"rendered":"EL COTARRO N\u00ba379, DEL DOMINGO, 12\/12\/2021"},"content":{"rendered":"<blockquote><p><span style=\"color: #ff0000\"><em><strong>\u201cEL COTARRO\u201d N\u00ba379 DEL 12 DE DICIEMBRE DE 2021<\/strong><\/em><\/span><\/p><\/blockquote>\n<p><strong>\u00a0<\/strong><\/p>\n<p>&nbsp;<\/p>\n<p><em>P<\/em><em>or J<strong>os\u00e9 Carlos Marrero *<\/strong><\/em><\/p>\n<p>&nbsp;<\/p>\n<p>&nbsp;<\/p>\n<p><span style=\"color: #0000ff\"><strong>PENSAR EN POSITIVO EN EL HORIZONTE DE UN A\u00d1O<\/strong><\/span><\/p>\n<ul>\n<li>Comienzo <strong><em>El Cotarro<\/em><\/strong> de este domingo con un nuevo recuerdo para La Palma, junto con un mensaje positivo para nuestra Isla Bonita. En esta ocasi\u00f3n lo hago apoy\u00e1ndome en una reuni\u00f3n que tiene que ver, una vez m\u00e1s, con esa resiliencia de la ciudadan\u00eda palmera y la inmensa capacidad de los palmeros para reinventarse y crear nuevos y apasionantes retos. Esos retos han sido el \u201chilo conductor\u201d de la importante reuni\u00f3n sostenida el pasado viernes en la capital palmera, donde el Comit\u00e9 Ejecutivo de la Asociaci\u00f3n Hotelera y Extra hotelera de Tenerife, La Palma, La Gomera y El Hierro (Ashotel), que preside <strong>Jorge Marichal<\/strong>, con el presidente del Cabildo de La Palma, <strong>Mariano Hern\u00e1ndez Zapata<\/strong> y su consejero de Turismo, <strong>Ra\u00fal Camacho<\/strong>. Una reuni\u00f3n en la que, por lo comentado (y yo me alegro) se ha mirado m\u00e1s hacia el futuro que al pasado (incluso que al presente) con una mentalidad y actitud que hay que valorar, reconocer, felicitarles a todos y, sobre todo, apoyar a La Palma ya.<\/li>\n<\/ul>\n<p><img loading=\"lazy\" decoding=\"async\" class=\"size-full wp-image-3471 aligncenter\" src=\"https:\/\/canariasenpositivo.com\/wp-content\/uploads\/2021\/12\/1.-MARIANO-HERN\u00c1NDEZ.jpg\" alt=\"\" width=\"976\" height=\"651\" \/><\/p>\n<p style=\"text-align: center\"><em>Mariano Hern\u00e1ndez Zapata, presidente del Cabildo Insular de La Palma.<\/em><\/p>\n<p>&nbsp;<\/p>\n<p><strong><span style=\"color: #0000ff\">UN GRAN GALLO QUE SIEMPRE EST\u00c1 AL QUITE<\/span> <\/strong><\/p>\n<ul>\n<li>Tengo que reconocer que he descubierto en Mariano Hern\u00e1ndez Zapata un presidente del Cabildo sencillo y cercano, que, siendo del Partido Popular y por encima de ideolog\u00edas y signos pol\u00edticos, ha sabido aglutinar voluntades y fomentado la unidad y el consenso ante la crisis propiciada por la evoluci\u00f3n del volc\u00e1n. Pero, simult\u00e1neamente, perm\u00edtanme decirles que hay que valorar y reconocer la labor que, paralelamente, ya est\u00e1 haciendo el consejero de Turismo, <strong>Francisco Ra\u00fal Camacho Sosa<\/strong>, en el sentido de ir dise\u00f1ando ideas, planificando proyectos y preparando acciones, para reactivar el turismo de calidad hacia la isla de La Palma desde el d\u00eda despu\u00e9s de que se apague el volc\u00e1n. Conozco a <strong>Ra\u00fal Camacho<\/strong> desde peque\u00f1ito y no me equivoco si les digo que es un gran \u201cgallo\u201d de Los Llanos de Aridane, que conoce muy bien las necesidades del sector de la gastronom\u00eda, la hosteler\u00eda y la restauraci\u00f3n. Al bueno de <strong>Ra\u00fal Camacho<\/strong> solo hay que dejarle hacer. A \u00e9l y a su buen equipo.<\/li>\n<\/ul>\n<p><img loading=\"lazy\" decoding=\"async\" class=\"size-full wp-image-3472 aligncenter\" src=\"https:\/\/canariasenpositivo.com\/wp-content\/uploads\/2021\/12\/2.-RA\u00daL-CAMACHO.jpg\" alt=\"\" width=\"900\" height=\"600\" \/><\/p>\n<p style=\"text-align: center\"><em>Ra\u00fal Camacho Sosa, consejero insular de Turismo del Cabildo de La Palma.<\/em><\/p>\n<p>&nbsp;<\/p>\n<p><span style=\"color: #0000ff\"><strong>LAS COLAS DE LAS TF5 DESQUICIAN AL PERSONAL<\/strong><\/span><\/p>\n<ul>\n<li>Mi buen amigo <strong>Arturo<\/strong> (palmero de pro y gran m\u00e9dico, para m\u00e1s se\u00f1as) me ha venido haciendo llegar desde hace meses copia de algunas de las pegatinas que, poco a poco, van inundando los cristales traseros de los coches en Tenerife. La cuesti\u00f3n tan clara y sencilla, como compleja y costosa su soluci\u00f3n. Estamos hablando de las pu\u00f1eteras colas en la autopista TF5, de Santa Cruz de Tenerife a Los Realejos, cuya presencia ya es pr\u00e1cticamente a todas horas del d\u00eda. La v\u00eda TF5 es un aut\u00e9ntico \u201cv\u00eda crucis\u201d que viene afectando a la ciudadan\u00eda tinerfe\u00f1a (y a los visitantes a nuestra isla) desde hace, f\u00e1cilmente, 30 a\u00f1os. Ya en 1992, siendo <strong>Ad\u00e1n Mart\u00edn<\/strong> (Qepd) presidente del Cabildo, la cosa se empezaba a poner complicada. Tanto que Ad\u00e1n Mart\u00edn plante\u00f3 (y logr\u00f3 que se redactara y aprobara en 1994) el Plan Estrat\u00e9gico de Tenerife. Desde aquellos a\u00f1os (si no antes) La TF5 est\u00e1 d\u00e1ndonos problemas, quebraderos de cabeza, muchos nervios y ya casi nos est\u00e1 desquiciando.<\/li>\n<\/ul>\n<p><img loading=\"lazy\" decoding=\"async\" class=\"size-large wp-image-3473 aligncenter\" src=\"https:\/\/canariasenpositivo.com\/wp-content\/uploads\/2021\/12\/3.-NO-M\u00c1S-COLAS-EN-TF5-1024x327.jpg\" alt=\"\" width=\"660\" height=\"211\" \/><\/p>\n<p style=\"text-align: center\"><em>Algunas de las pegatinas con el reclamo de \u201c#NoColasEnLaTF5<\/em><\/p>\n<p>&nbsp;<\/p>\n<p><span style=\"color: #0000ff\"><strong>TENERIFE PIENSA, PIENSA\u2026, Y SIGUE PENSANDO<\/strong><\/span><\/p>\n<ul>\n<li>En un c\u00edrculo peque\u00f1o de amigos al bueno de <strong>Ad\u00e1n Mart\u00edn<\/strong> le llamaban \u201cNube Gris\u201d porque ten\u00eda grandes ideas, magn\u00edficos proyectos, pero se pasaba d\u00edas, meses, a\u00f1os pensando y pensando si estaban bien o c\u00f3mo mejorarlos, y cuando, se ven\u00eda a dar cuenta, el tiempo hab\u00eda pasado y poco o nada se hab\u00eda hecho realidad. A Tenerife y al pueblo tinerfe\u00f1o, perece que le pasa algo similar. Nos pasamos a\u00f1os y a\u00f1os pensando, debatiendo, poniendo pegas, creando problemas (muchas veces donde no los hay) y, mientras tanto, otras islas, (los canariones, por ejemplo) quiz\u00e1 m\u00e1s unidos, quiz\u00e1 con menos prejuicios, quiz\u00e1 m\u00e1s alegremente, quiz\u00e1 m\u00e1s osadamente, van desarrollando proyecto y haciendo realidad obras e infraestructuras que nos dejan (a los chichas) desconcertados, indignados y cabreados. Por la presidencia del Cabildo tinerfe\u00f1o pas\u00f3 <strong>Ad\u00e1n Mart\u00edn<\/strong>, luego <strong>Ricardo Melchior<\/strong>, seguidamente <strong>Carlos Alonso<\/strong> y ahora est\u00e1 <strong>Pedro Mart\u00edn<\/strong>\u2026 Y Tenerife sigue\u2026 pensando.<\/li>\n<\/ul>\n<p><img loading=\"lazy\" decoding=\"async\" class=\"size-full wp-image-3474 aligncenter\" src=\"https:\/\/canariasenpositivo.com\/wp-content\/uploads\/2021\/12\/4.-COLAS-EN-TF5.jpg\" alt=\"\" width=\"740\" height=\"355\" \/><\/p>\n<p style=\"text-align: center\"><em>Colas a primeras horas de la ma\u00f1ana en la TF5 a la altura de Los Rodeos.<\/em><\/p>\n<p>&nbsp;<\/p>\n<p><span style=\"color: #0000ff\"><strong>NI PUENTES, NI V\u00cdAS, NI TRENES\u2026 NI CASI NADA<\/strong><\/span><\/p>\n<ul>\n<li>\u00a0El inacabado puente que cruza la TF5 junto al hospital Nuestra Se\u00f1ora de La Candelaria (al lado de donde estaba el cine Fraga), cuya estructura base se termin\u00f3 en 1997 (siendo <strong>Ad\u00e1n Martin<\/strong> presidente del Cabildo), hoy sigue sin terminarse y la v\u00eda por la que continuaba la avenida Pr\u00edncipes de Espa\u00f1a para seguir por la zona de Hoya Fr\u00eda hasta enlazar con la v\u00eda Las Chumberas-Santa Mar\u00eda del Mar, permanece parada y muerta de risa, para mayor indignaci\u00f3n de todo el mundo. La tercera fase de la lagunera V\u00eda de Ronda, que unir\u00eda la que hoy es su rotonda final, con la del aeropuerto de Los Rodeos (pensada en tiempo de <strong>Ricardo Melchior<\/strong>) tambi\u00e9n brilla por su ausencia. La pol\u00e9mica V\u00eda Exterior que unir\u00eda la rotonda de Guamasa (junto al la cafeter\u00eda El B\u00fanker) y Santa Mar\u00eda del Mar, tres cuartos de lo mismo. Y los trenes del norte y el sur (prometidos en \u00e9poca de <strong>Carlos Alonso<\/strong>) ya ustedes me dir\u00e1n\u2026 Y no les digo nada, de la red el\u00e9ctrica en la isla. Lo dicho: Tenerife piensa y sigue pensando.<\/li>\n<\/ul>\n<p><img loading=\"lazy\" decoding=\"async\" class=\"size-full wp-image-3475 aligncenter\" src=\"https:\/\/canariasenpositivo.com\/wp-content\/uploads\/2021\/12\/5.-PUENTE-MORADITAS.jpg\" alt=\"\" width=\"610\" height=\"380\" \/><\/p>\n<p style=\"text-align: center\"><em>El \u201cPuente de Las Moraditas\u201d (junto al La Candelaria) inacabado desde 1997.<\/em><\/p>\n<p>&nbsp;<\/p>\n<p><span style=\"color: #0000ff\"><strong>OBRAS Y ACCIONES QUE NO SEAN PUROS PARCHES<\/strong><\/span><\/p>\n<ul>\n<li>Muchas veces, adem\u00e1s, el desarrollo de los proyectos y sus obras se retrasan tanto, que al final lo que queda est\u00e1 desfasado o es una pena, por no decir una aut\u00e9ntica verg\u00fcenza. Miren el tendido el\u00e9ctrico en el sur con las torretas pintadas de rojo y blando junto a la TF1, a la altura de Las Chafiras. Recuerden la tan necesaria como demandada segunda pista y la renovaci\u00f3n de la terminal del Aeropuerto Intercontinental y Transoce\u00e1nico Reina Sof\u00eda-Tenerife Sur (ese es su completo y exacto nombre oficial) que siguen dejados de la mano de Dios. Miren (si es que pueden) el puerto industrial de Granadilla (cuyo proyecto elaborado por la empresa SENER data de 1998) y contemplen su \u201cfren\u00e9tica\u201d actividad portuaria y de mercanc\u00edas. Del puerto de Fonsal\u00eda ni les cuento. Igual mis nietos (si alg\u00fan d\u00eda los tengo) quiz\u00e1 puedan verlo hecho realidad. Aunque, sinceramente, lo dudo mucho. Y Tenerife, sigue pensando.<\/li>\n<\/ul>\n<p><img loading=\"lazy\" decoding=\"async\" class=\"size-full wp-image-3476 aligncenter\" src=\"https:\/\/canariasenpositivo.com\/wp-content\/uploads\/2021\/12\/6.-PUERTO-DE-GRANADILLA.jpg\" alt=\"\" width=\"1024\" height=\"648\" \/><\/p>\n<p style=\"text-align: center\"><em>Panor\u00e1mica del Puerto de Granadilla con una visible falta de barcos.<\/em><\/p>\n<p>&nbsp;<\/p>\n<p><strong><span style=\"color: #0000ff\">NUEVO AVISO DE LA LOCURA DEL PADRE ANCHIETA\u00a0<\/span> <\/strong><\/p>\n<ul>\n<li>Menci\u00f3n especial y aparte merece el controvertido proyecto (por muy galardonado que haya sido por su est\u00e9tica) de la pasarela peatonal a\u00e9rea en la rotonda del Padre Anchieta. Me consta que hay grabaciones en las que actuales responsables (pol\u00edticos y t\u00e9cnicos) del Cabildo de Tenerife, hablan, se manifiestan y sostienen (de forma privada, entre amigos y siempre <em>off the record,<\/em> por el momento) que el mencionado proyecto <em>\u201ces aut\u00e9ntica una locura\u201d<\/em> o que <em>\u201cser\u00e1 muy bonito pero poco o nada funcional\u201d<\/em> cuando no dicen directamente que <em>\u201chay que ejecutar de una vez por todas la demandada, prevista y hasta casi proyectada obra de deprimir la TF5 desde el puente de La Laboral hasta la rotonda de acceso a Los Rodeos\u201d<\/em>. Unos no terminan de manifestarse en contra, como el expresidente <strong>Carlos Alonso<\/strong> (CC) porque la idea de tal peatonal \u201cmamotreto\u201d fue de ellos.<\/li>\n<\/ul>\n<p><img loading=\"lazy\" decoding=\"async\" class=\"size-full wp-image-3477 aligncenter\" src=\"https:\/\/canariasenpositivo.com\/wp-content\/uploads\/2021\/12\/7.-PASARELA-PEATONAL.jpg\" alt=\"\" width=\"1000\" height=\"655\" \/><\/p>\n<p style=\"text-align: center\"><em>Infograf\u00eda de la pasarela peatonal a\u00e9rea en la rotonda del Padre Anchieta.<\/em><\/p>\n<p>&nbsp;<\/p>\n<p><span style=\"color: #0000ff\"><strong>UN DILEMA Y UNA ENCRUCIJADA PARA LA HISTORIA<\/strong><\/span><\/p>\n<ul>\n<li>Y otros est\u00e1n en un grave dilema y la encrucijada actuar a corto plazo o pensar en un mejor futuro a largo plazo. Me refiero al actual presidente del Cabildo de Tenerife, <strong>Pedro Mart\u00edn<\/strong> (PSOE) y de su vicepresidente <strong>Enrique Arriaga<\/strong> (C\u2019s). La decisi\u00f3n final (todav\u00eda todo es posible) est\u00e1 en manos de ellos, pero tambi\u00e9n es verdad que, por lo que parece, ellos tampoco van a hacer nada al respecto, porque saben que Coalici\u00f3n Canaria poco o nada se va a oponer ahora a este proyecto y a esta \u201clocura\u201d porque fue parida por ellos. LO bueno de todo esto es que, tarde o temprano, la historia pasa factura. Puede ser que ya muchos de ellos puedan no estar en cargos pol\u00edticos de responsabilidad o incluso fuera de la Pol\u00edtica, pero su conciencia (si la tienen) les remorder\u00e1 y la ciudadan\u00eda les pondr\u00e1 debidamente en el puesto que le corresponda dentro de la historia de Tenerife.<\/li>\n<\/ul>\n<p><img loading=\"lazy\" decoding=\"async\" class=\"size-large wp-image-3479 aligncenter\" src=\"https:\/\/canariasenpositivo.com\/wp-content\/uploads\/2021\/12\/9.-MART\u00cdN-Y-ARRIAGA-1024x576.jpeg\" alt=\"\" width=\"660\" height=\"371\" \/><\/p>\n<p style=\"text-align: center\"><em>Pedro Mart\u00edn y Enrique Arriaga tienen en sus manos cambiar la historia en la rotonda del Padre Anchieta y propiciar la demandada depresi\u00f3n de la TF5.<\/em><\/p>\n<p>&nbsp;<\/p>\n<p><strong><span style=\"color: #0000ff\">LA CIUDADAN\u00cdA EXIGE UNI\u00d3N, CONSENSOS, ACCI\u00d3N<\/span> <\/strong><\/p>\n<ul>\n<li>Escritos como \u00e9ste (dicho sea, con toda humildad) sirven y creo que servir\u00e1n para recordar en un pr\u00f3ximo futuro si el proyecto fue o no una locura. La \u00fanica intenci\u00f3n de quien lo escribe (si se me permite) es dejar por escrito lo que piensa mucha gente (no solo <strong>Jos\u00e9 Carlos Marrero<\/strong>) y lo que, incluso, repito, no dudan en manifestar (aunque todav\u00eda sea por lo bajini y <em>Off the record<\/em>) algunos de los m\u00e1ximos responsables actuales del Cabildo de Tenerife. Termino esta rese\u00f1a manifestando que, por lo que puedo o\u00edr, ver y sentir, la ciudadan\u00eda de La Laguna y de todo Tenerife, lo que desean, reclaman y hasta exigen a sus pol\u00edticos: <strong>\u00c1ngel V\u00edctor, Pedro, Jos\u00e9 Manuel, Luis Yeray, Carlos <\/strong>(a todos por encima de ideolog\u00edas y partidos) es uni\u00f3n para afrontar iniciativas y proyectos para Tenerife, consensos para desarrollarlos de la mejor manera, acci\u00f3n para hacerlos realidad lo antes posible. NO creo que sea mucho pedir.<\/li>\n<\/ul>\n<p><img loading=\"lazy\" decoding=\"async\" class=\"size-large wp-image-3480 aligncenter\" src=\"https:\/\/canariasenpositivo.com\/wp-content\/uploads\/2021\/12\/10.-PEDRO-MART\u00cdN-1024x683.jpg\" alt=\"\" width=\"660\" height=\"440\" \/><\/p>\n<p style=\"text-align: center\"><em>Las c\u00e1maras grabar\u00e1n las decisiones de Pedro Mart\u00edn y todos los pol\u00edticos (por encima de ideolog\u00edas y partidos\u2026 Y la ciudadan\u00eda y la historia las juzgar\u00e1.<\/em><\/p>\n<p><strong>\u00a0<\/strong><\/p>\n<p><span style=\"color: #0000ff\"><strong>EFRA\u00cdN Y \u2018MUCHO + AMOR\u2019 TRIUNFAN EN EL SAUZAL<\/strong><\/span><\/p>\n<ul>\n<li>Como no todo va ser problem\u00e1tica pol\u00edtica, d\u00e9jenme terminar coment\u00e1ndoles que me hab\u00edan llegado muchos comentarios sobre el espect\u00e1culo musical \u201cMucho + Amos\u201d protagonizado por el incansable <strong>Efra\u00edn Medina<\/strong>, que actualmente ha vuelto a trabajar como funcionario en el ayuntamiento de Candelaria, pero que sigue siendo consejero insular del Cabildo de Tenerife por CC, ahora en la oposici\u00f3n. Me hab\u00edan llegado muchas cr\u00edticas (por cierto, todas positivas, es verdad) y, a partir de ellas, hab\u00eda escrito y publicado algunas rese\u00f1as. Pero debo confesarles que no hab\u00eda asistido de forma presencial a ninguno de sus conciertos hasta este pasado viernes en el teatro de El Sauzal. Ahora me mojo y les digo que, un <strong>Efra\u00edn Medina<\/strong> en estado puro y sin cortarse un pelo, llena el escenario y se gana al p\u00fablico junto a una gran banda, interpretando durante casi dos horas canciones de toda la vida.<\/li>\n<\/ul>\n<p><img loading=\"lazy\" decoding=\"async\" class=\"size-large wp-image-3481 aligncenter\" src=\"https:\/\/canariasenpositivo.com\/wp-content\/uploads\/2021\/12\/11.-EFRA\u00cdN-MEDINA-768x1024.jpeg\" alt=\"\" width=\"660\" height=\"880\" \/><\/p>\n<p style=\"text-align: center\"><em>Efra\u00edn Medina en plena actuaci\u00f3n durante su espect\u00e1culo \u201cMucho + Amor\u201d<\/em><\/p>\n<p>&nbsp;<\/p>\n<p><span style=\"color: #0000ff\"><strong>EL TOUR \u2018MUCHO + AMOR\u2019 CONTINUAR\u00c1 EN GU\u00cdA<\/strong><\/span><\/p>\n<ul>\n<li>El espect\u00e1culo \u201cMucho + Amor\u201d se estren\u00f3 el pasado mes de julio en La Esperanza, con presencia entre el p\u00fablico de <strong>Escol\u00e1stico Gil<\/strong> (alcalde de El Rosario) y <strong>Rom\u00e1n Rodr\u00edguez<\/strong> (vicepresidente del Gobierno Canario). Luego la gira, o lo que yo llamo Tour \u201cMucho + Amor\u201d, sigui\u00f3 por Candelaria (donde creo que estuvo su alcaldesa <strong>Mary Brito<\/strong>) y en \u00e9sta \u00faltima parada en El Sauzal se dieron cita, entre otros, el propio alcalde del lugar <strong>Mariano Hern\u00e1ndez<\/strong> y su colega <strong>Paco Linares<\/strong>, alcalde de La Orotava, adem\u00e1s de un mont\u00f3n de personalidades y un p\u00fablico que llen\u00f3 el aforo permitido del teatro y lo pas\u00f3 en grande. El gran <strong>Efra\u00edn Medina<\/strong> lo da todo en un concierto que tiene como director musical al maestro <strong>Sergio Nieves<\/strong>, la magia de las im\u00e1genes y efectos especiales de <strong>Fabio Higuera,<\/strong> as\u00ed como el vestuario de <strong>Juan Carlos Armas<\/strong>. El pr\u00f3ximo viernes la gira \u201cMucho + Amor\u201d parar\u00e1 en Gu\u00eda de Isora (igual se apunta la alcaldesa <strong>Josefa Mesa<\/strong> y hasta el \u2018ex\u2019 de all\u00ed y hoy presi del Cabildo, <strong>Pedro Mart\u00edn<\/strong>). Y, adem\u00e1s, he sabido que ya tienen m\u00e1s fechas reservadas y lugares comprometidos. <strong>Efra\u00edn Medina<\/strong>, sin duda alguna, es mucho.<\/li>\n<\/ul>\n<p><img loading=\"lazy\" decoding=\"async\" class=\"size-large wp-image-3482 aligncenter\" src=\"https:\/\/canariasenpositivo.com\/wp-content\/uploads\/2021\/12\/12.-SERGIO-NIEVES-Y-EFRA\u00cdN-768x1024.jpeg\" alt=\"\" width=\"660\" height=\"880\" \/><\/p>\n<p style=\"text-align: center\"><em>El maestro Sergio Nieves (i) con Efra\u00edn Medina, el viernes en El Sauzal<\/em><\/p>\n<p>&nbsp;<\/p>\n<p><span style=\"color: #0000ff\"><strong>* Jos\u00e9 Carlos MARRERO GONZ\u00c1LEZ<\/strong><\/span><\/p>\n<p>Periodista y analista de la actualidad.<\/p>\n<p>Director de <strong><em>El Cotarro<\/em><\/strong> (www.elcotarro.com)<\/p>\n<p>Director de <strong><em>Canarias en Positivo<\/em><\/strong> (www.canariasenpositivo.com)<\/p>\n<p>Director de <strong><em>GastroCanarias<\/em><\/strong> (www.gastrocanarias.com)<\/p>\n<p><em>\u00a0<\/em><\/p>\n<p>Islas Canarias, 12 de diciembre de 2021.<\/p>\n<p><img loading=\"lazy\" decoding=\"async\" class=\"size-full wp-image-3483 aligncenter\" src=\"https:\/\/canariasenpositivo.com\/wp-content\/uploads\/2021\/12\/14.-BANNER-CARECA-INSULA-1.jpg\" alt=\"\" width=\"750\" height=\"153\" \/><\/p>\n<p>&nbsp;<\/p>\n","protected":false},"excerpt":{"rendered":"<p>\u201cEL COTARRO\u201d N\u00ba379 DEL 12 DE DICIEMBRE DE 2021 \u00a0 &nbsp; Por Jos\u00e9 Carlos Marrero * &nbsp; &nbsp; PENSAR EN POSITIVO EN EL HORIZONTE DE UN A\u00d1O Comienzo El Cotarro de este domingo con un nuevo recuerdo para La Palma, junto con un mensaje positivo para nuestra Isla Bonita. En esta ocasi\u00f3n lo hago apoy\u00e1ndome &#8230; <a class=\"read-more\" href=\"https:\/\/elcotarro.com\/?p=10272\">Read more<\/a><\/p>\n","protected":false},"author":2,"featured_media":0,"comment_status":"open","ping_status":"open","sticky":false,"template":"","format":"standard","meta":{"_jetpack_memberships_contains_paid_content":false,"footnotes":""},"categories":[4],"tags":[],"class_list":["post-10272","post","type-post","status-publish","format-standard","hentry","category-el-cotarro"],"yoast_head":"<!-- This site is optimized with the Yoast SEO plugin v27.0 - https:\/\/yoast.com\/product\/yoast-seo-wordpress\/ -->\n<title>EL COTARRO N\u00ba379, DEL DOMINGO, 12\/12\/2021 - El Cotarro<\/title>\n<meta name=\"robots\" content=\"index, follow, max-snippet:-1, max-image-preview:large, max-video-preview:-1\" \/>\n<link rel=\"canonical\" href=\"https:\/\/elcotarro.com\/?p=10272\" \/>\n<meta property=\"og:locale\" content=\"es_ES\" \/>\n<meta property=\"og:type\" content=\"article\" \/>\n<meta property=\"og:title\" content=\"EL COTARRO N\u00ba379, DEL DOMINGO, 12\/12\/2021 - El Cotarro\" \/>\n<meta property=\"og:description\" content=\"\u201cEL COTARRO\u201d N\u00ba379 DEL 12 DE DICIEMBRE DE 2021 \u00a0 &nbsp; Por Jos\u00e9 Carlos Marrero * &nbsp; &nbsp; PENSAR EN POSITIVO EN EL HORIZONTE DE UN A\u00d1O Comienzo El Cotarro de este domingo con un nuevo recuerdo para La Palma, junto con un mensaje positivo para nuestra Isla Bonita. En esta ocasi\u00f3n lo hago apoy\u00e1ndome ... Read more\" \/>\n<meta property=\"og:url\" content=\"https:\/\/elcotarro.com\/?p=10272\" \/>\n<meta property=\"og:site_name\" content=\"El Cotarro\" \/>\n<meta property=\"article:publisher\" content=\"https:\/\/www.facebook.com\/ElCotarro.Tenerife\" \/>\n<meta property=\"article:published_time\" content=\"2021-12-12T02:48:36+00:00\" \/>\n<meta property=\"article:modified_time\" content=\"2021-12-12T11:02:26+00:00\" \/>\n<meta property=\"og:image\" content=\"https:\/\/canariasenpositivo.com\/wp-content\/uploads\/2021\/12\/4.-COLAS-EN-TF5.jpg\" \/>\n<meta name=\"author\" content=\"Jos\u00e9 Carlos Marrero Gonz\u00e1lez\" \/>\n<meta name=\"twitter:label1\" content=\"Escrito por\" \/>\n\t<meta name=\"twitter:data1\" content=\"Jos\u00e9 Carlos Marrero Gonz\u00e1lez\" \/>\n\t<meta name=\"twitter:label2\" content=\"Tiempo de lectura\" \/>\n\t<meta name=\"twitter:data2\" content=\"12 minutos\" \/>\n<script type=\"application\/ld+json\" class=\"yoast-schema-graph\">{\"@context\":\"https:\/\/schema.org\",\"@graph\":[{\"@type\":\"Article\",\"@id\":\"https:\/\/elcotarro.com\/?p=10272#article\",\"isPartOf\":{\"@id\":\"https:\/\/elcotarro.com\/?p=10272\"},\"author\":{\"name\":\"Jos\u00e9 Carlos Marrero Gonz\u00e1lez\",\"@id\":\"https:\/\/elcotarro.com\/#\/schema\/person\/af537ee7d60d15984c7e0affcd8a918b\"},\"headline\":\"EL COTARRO N\u00ba379, DEL DOMINGO, 12\/12\/2021\",\"datePublished\":\"2021-12-12T02:48:36+00:00\",\"dateModified\":\"2021-12-12T11:02:26+00:00\",\"mainEntityOfPage\":{\"@id\":\"https:\/\/elcotarro.com\/?p=10272\"},\"wordCount\":2277,\"commentCount\":0,\"publisher\":{\"@id\":\"https:\/\/elcotarro.com\/#organization\"},\"image\":{\"@id\":\"https:\/\/elcotarro.com\/?p=10272#primaryimage\"},\"thumbnailUrl\":\"https:\/\/canariasenpositivo.com\/wp-content\/uploads\/2021\/12\/4.-COLAS-EN-TF5.jpg\",\"articleSection\":[\"El Cotarro\"],\"inLanguage\":\"es\",\"potentialAction\":[{\"@type\":\"CommentAction\",\"name\":\"Comment\",\"target\":[\"https:\/\/elcotarro.com\/?p=10272#respond\"]}]},{\"@type\":\"WebPage\",\"@id\":\"https:\/\/elcotarro.com\/?p=10272\",\"url\":\"https:\/\/elcotarro.com\/?p=10272\",\"name\":\"EL COTARRO N\u00ba379, DEL DOMINGO, 12\/12\/2021 - El Cotarro\",\"isPartOf\":{\"@id\":\"https:\/\/elcotarro.com\/#website\"},\"primaryImageOfPage\":{\"@id\":\"https:\/\/elcotarro.com\/?p=10272#primaryimage\"},\"image\":{\"@id\":\"https:\/\/elcotarro.com\/?p=10272#primaryimage\"},\"thumbnailUrl\":\"https:\/\/canariasenpositivo.com\/wp-content\/uploads\/2021\/12\/4.-COLAS-EN-TF5.jpg\",\"datePublished\":\"2021-12-12T02:48:36+00:00\",\"dateModified\":\"2021-12-12T11:02:26+00:00\",\"breadcrumb\":{\"@id\":\"https:\/\/elcotarro.com\/?p=10272#breadcrumb\"},\"inLanguage\":\"es\",\"potentialAction\":[{\"@type\":\"ReadAction\",\"target\":[\"https:\/\/elcotarro.com\/?p=10272\"]}]},{\"@type\":\"ImageObject\",\"inLanguage\":\"es\",\"@id\":\"https:\/\/elcotarro.com\/?p=10272#primaryimage\",\"url\":\"https:\/\/canariasenpositivo.com\/wp-content\/uploads\/2021\/12\/4.-COLAS-EN-TF5.jpg\",\"contentUrl\":\"https:\/\/canariasenpositivo.com\/wp-content\/uploads\/2021\/12\/4.-COLAS-EN-TF5.jpg\"},{\"@type\":\"BreadcrumbList\",\"@id\":\"https:\/\/elcotarro.com\/?p=10272#breadcrumb\",\"itemListElement\":[{\"@type\":\"ListItem\",\"position\":1,\"name\":\"Portada\",\"item\":\"https:\/\/elcotarro.com\/\"},{\"@type\":\"ListItem\",\"position\":2,\"name\":\"EL COTARRO N\u00ba379, DEL DOMINGO, 12\/12\/2021\"}]},{\"@type\":\"WebSite\",\"@id\":\"https:\/\/elcotarro.com\/#website\",\"url\":\"https:\/\/elcotarro.com\/\",\"name\":\"El Cotarro\",\"description\":\"Peri\u00f3dico Digital Independiente dirigido por Jos\u00e9 Carlos Marrero\",\"publisher\":{\"@id\":\"https:\/\/elcotarro.com\/#organization\"},\"potentialAction\":[{\"@type\":\"SearchAction\",\"target\":{\"@type\":\"EntryPoint\",\"urlTemplate\":\"https:\/\/elcotarro.com\/?s={search_term_string}\"},\"query-input\":{\"@type\":\"PropertyValueSpecification\",\"valueRequired\":true,\"valueName\":\"search_term_string\"}}],\"inLanguage\":\"es\"},{\"@type\":\"Organization\",\"@id\":\"https:\/\/elcotarro.com\/#organization\",\"name\":\"El Cotarro\",\"url\":\"https:\/\/elcotarro.com\/\",\"logo\":{\"@type\":\"ImageObject\",\"inLanguage\":\"es\",\"@id\":\"https:\/\/elcotarro.com\/#\/schema\/logo\/image\/\",\"url\":\"https:\/\/elcotarro.com\/wp-content\/uploads\/2014\/09\/Cabecera_El_Cotarro_v2.jpg\",\"contentUrl\":\"https:\/\/elcotarro.com\/wp-content\/uploads\/2014\/09\/Cabecera_El_Cotarro_v2.jpg\",\"width\":3540,\"height\":441,\"caption\":\"El Cotarro\"},\"image\":{\"@id\":\"https:\/\/elcotarro.com\/#\/schema\/logo\/image\/\"},\"sameAs\":[\"https:\/\/www.facebook.com\/ElCotarro.Tenerife\"]},{\"@type\":\"Person\",\"@id\":\"https:\/\/elcotarro.com\/#\/schema\/person\/af537ee7d60d15984c7e0affcd8a918b\",\"name\":\"Jos\u00e9 Carlos Marrero Gonz\u00e1lez\",\"image\":{\"@type\":\"ImageObject\",\"inLanguage\":\"es\",\"@id\":\"https:\/\/elcotarro.com\/#\/schema\/person\/image\/\",\"url\":\"https:\/\/secure.gravatar.com\/avatar\/def4da036efb5d32c74d49c351f6dccc064dd69ad9f3aadc295c5a9a5391ca01?s=96&d=mm&r=g\",\"contentUrl\":\"https:\/\/secure.gravatar.com\/avatar\/def4da036efb5d32c74d49c351f6dccc064dd69ad9f3aadc295c5a9a5391ca01?s=96&d=mm&r=g\",\"caption\":\"Jos\u00e9 Carlos Marrero Gonz\u00e1lez\"},\"sameAs\":[\"https:\/\/elcotarro.com\"],\"url\":\"https:\/\/elcotarro.com\/?author=2\"}]}<\/script>\n<!-- \/ Yoast SEO plugin. -->","yoast_head_json":{"title":"EL COTARRO N\u00ba379, DEL DOMINGO, 12\/12\/2021 - El Cotarro","robots":{"index":"index","follow":"follow","max-snippet":"max-snippet:-1","max-image-preview":"max-image-preview:large","max-video-preview":"max-video-preview:-1"},"canonical":"https:\/\/elcotarro.com\/?p=10272","og_locale":"es_ES","og_type":"article","og_title":"EL COTARRO N\u00ba379, DEL DOMINGO, 12\/12\/2021 - El Cotarro","og_description":"\u201cEL COTARRO\u201d N\u00ba379 DEL 12 DE DICIEMBRE DE 2021 \u00a0 &nbsp; Por Jos\u00e9 Carlos Marrero * &nbsp; &nbsp; PENSAR EN POSITIVO EN EL HORIZONTE DE UN A\u00d1O Comienzo El Cotarro de este domingo con un nuevo recuerdo para La Palma, junto con un mensaje positivo para nuestra Isla Bonita. En esta ocasi\u00f3n lo hago apoy\u00e1ndome ... Read more","og_url":"https:\/\/elcotarro.com\/?p=10272","og_site_name":"El Cotarro","article_publisher":"https:\/\/www.facebook.com\/ElCotarro.Tenerife","article_published_time":"2021-12-12T02:48:36+00:00","article_modified_time":"2021-12-12T11:02:26+00:00","og_image":[{"url":"https:\/\/canariasenpositivo.com\/wp-content\/uploads\/2021\/12\/4.-COLAS-EN-TF5.jpg","type":"","width":"","height":""}],"author":"Jos\u00e9 Carlos Marrero Gonz\u00e1lez","twitter_misc":{"Escrito por":"Jos\u00e9 Carlos Marrero Gonz\u00e1lez","Tiempo de lectura":"12 minutos"},"schema":{"@context":"https:\/\/schema.org","@graph":[{"@type":"Article","@id":"https:\/\/elcotarro.com\/?p=10272#article","isPartOf":{"@id":"https:\/\/elcotarro.com\/?p=10272"},"author":{"name":"Jos\u00e9 Carlos Marrero Gonz\u00e1lez","@id":"https:\/\/elcotarro.com\/#\/schema\/person\/af537ee7d60d15984c7e0affcd8a918b"},"headline":"EL COTARRO N\u00ba379, DEL DOMINGO, 12\/12\/2021","datePublished":"2021-12-12T02:48:36+00:00","dateModified":"2021-12-12T11:02:26+00:00","mainEntityOfPage":{"@id":"https:\/\/elcotarro.com\/?p=10272"},"wordCount":2277,"commentCount":0,"publisher":{"@id":"https:\/\/elcotarro.com\/#organization"},"image":{"@id":"https:\/\/elcotarro.com\/?p=10272#primaryimage"},"thumbnailUrl":"https:\/\/canariasenpositivo.com\/wp-content\/uploads\/2021\/12\/4.-COLAS-EN-TF5.jpg","articleSection":["El Cotarro"],"inLanguage":"es","potentialAction":[{"@type":"CommentAction","name":"Comment","target":["https:\/\/elcotarro.com\/?p=10272#respond"]}]},{"@type":"WebPage","@id":"https:\/\/elcotarro.com\/?p=10272","url":"https:\/\/elcotarro.com\/?p=10272","name":"EL COTARRO N\u00ba379, DEL DOMINGO, 12\/12\/2021 - El Cotarro","isPartOf":{"@id":"https:\/\/elcotarro.com\/#website"},"primaryImageOfPage":{"@id":"https:\/\/elcotarro.com\/?p=10272#primaryimage"},"image":{"@id":"https:\/\/elcotarro.com\/?p=10272#primaryimage"},"thumbnailUrl":"https:\/\/canariasenpositivo.com\/wp-content\/uploads\/2021\/12\/4.-COLAS-EN-TF5.jpg","datePublished":"2021-12-12T02:48:36+00:00","dateModified":"2021-12-12T11:02:26+00:00","breadcrumb":{"@id":"https:\/\/elcotarro.com\/?p=10272#breadcrumb"},"inLanguage":"es","potentialAction":[{"@type":"ReadAction","target":["https:\/\/elcotarro.com\/?p=10272"]}]},{"@type":"ImageObject","inLanguage":"es","@id":"https:\/\/elcotarro.com\/?p=10272#primaryimage","url":"https:\/\/canariasenpositivo.com\/wp-content\/uploads\/2021\/12\/4.-COLAS-EN-TF5.jpg","contentUrl":"https:\/\/canariasenpositivo.com\/wp-content\/uploads\/2021\/12\/4.-COLAS-EN-TF5.jpg"},{"@type":"BreadcrumbList","@id":"https:\/\/elcotarro.com\/?p=10272#breadcrumb","itemListElement":[{"@type":"ListItem","position":1,"name":"Portada","item":"https:\/\/elcotarro.com\/"},{"@type":"ListItem","position":2,"name":"EL COTARRO N\u00ba379, DEL DOMINGO, 12\/12\/2021"}]},{"@type":"WebSite","@id":"https:\/\/elcotarro.com\/#website","url":"https:\/\/elcotarro.com\/","name":"El Cotarro","description":"Peri\u00f3dico Digital Independiente dirigido por Jos\u00e9 Carlos Marrero","publisher":{"@id":"https:\/\/elcotarro.com\/#organization"},"potentialAction":[{"@type":"SearchAction","target":{"@type":"EntryPoint","urlTemplate":"https:\/\/elcotarro.com\/?s={search_term_string}"},"query-input":{"@type":"PropertyValueSpecification","valueRequired":true,"valueName":"search_term_string"}}],"inLanguage":"es"},{"@type":"Organization","@id":"https:\/\/elcotarro.com\/#organization","name":"El Cotarro","url":"https:\/\/elcotarro.com\/","logo":{"@type":"ImageObject","inLanguage":"es","@id":"https:\/\/elcotarro.com\/#\/schema\/logo\/image\/","url":"https:\/\/elcotarro.com\/wp-content\/uploads\/2014\/09\/Cabecera_El_Cotarro_v2.jpg","contentUrl":"https:\/\/elcotarro.com\/wp-content\/uploads\/2014\/09\/Cabecera_El_Cotarro_v2.jpg","width":3540,"height":441,"caption":"El Cotarro"},"image":{"@id":"https:\/\/elcotarro.com\/#\/schema\/logo\/image\/"},"sameAs":["https:\/\/www.facebook.com\/ElCotarro.Tenerife"]},{"@type":"Person","@id":"https:\/\/elcotarro.com\/#\/schema\/person\/af537ee7d60d15984c7e0affcd8a918b","name":"Jos\u00e9 Carlos Marrero Gonz\u00e1lez","image":{"@type":"ImageObject","inLanguage":"es","@id":"https:\/\/elcotarro.com\/#\/schema\/person\/image\/","url":"https:\/\/secure.gravatar.com\/avatar\/def4da036efb5d32c74d49c351f6dccc064dd69ad9f3aadc295c5a9a5391ca01?s=96&d=mm&r=g","contentUrl":"https:\/\/secure.gravatar.com\/avatar\/def4da036efb5d32c74d49c351f6dccc064dd69ad9f3aadc295c5a9a5391ca01?s=96&d=mm&r=g","caption":"Jos\u00e9 Carlos Marrero Gonz\u00e1lez"},"sameAs":["https:\/\/elcotarro.com"],"url":"https:\/\/elcotarro.com\/?author=2"}]}},"jetpack_featured_media_url":"","jetpack_sharing_enabled":true,"_links":{"self":[{"href":"https:\/\/elcotarro.com\/index.php?rest_route=\/wp\/v2\/posts\/10272","targetHints":{"allow":["GET"]}}],"collection":[{"href":"https:\/\/elcotarro.com\/index.php?rest_route=\/wp\/v2\/posts"}],"about":[{"href":"https:\/\/elcotarro.com\/index.php?rest_route=\/wp\/v2\/types\/post"}],"author":[{"embeddable":true,"href":"https:\/\/elcotarro.com\/index.php?rest_route=\/wp\/v2\/users\/2"}],"replies":[{"embeddable":true,"href":"https:\/\/elcotarro.com\/index.php?rest_route=%2Fwp%2Fv2%2Fcomments&post=10272"}],"version-history":[{"count":4,"href":"https:\/\/elcotarro.com\/index.php?rest_route=\/wp\/v2\/posts\/10272\/revisions"}],"predecessor-version":[{"id":10276,"href":"https:\/\/elcotarro.com\/index.php?rest_route=\/wp\/v2\/posts\/10272\/revisions\/10276"}],"wp:attachment":[{"href":"https:\/\/elcotarro.com\/index.php?rest_route=%2Fwp%2Fv2%2Fmedia&parent=10272"}],"wp:term":[{"taxonomy":"category","embeddable":true,"href":"https:\/\/elcotarro.com\/index.php?rest_route=%2Fwp%2Fv2%2Fcategories&post=10272"},{"taxonomy":"post_tag","embeddable":true,"href":"https:\/\/elcotarro.com\/index.php?rest_route=%2Fwp%2Fv2%2Ftags&post=10272"}],"curies":[{"name":"wp","href":"https:\/\/api.w.org\/{rel}","templated":true}]}}