{"id":10277,"date":"2021-12-19T02:35:08","date_gmt":"2021-12-19T02:35:08","guid":{"rendered":"https:\/\/elcotarro.com\/?p=10277"},"modified":"2021-12-19T02:35:08","modified_gmt":"2021-12-19T02:35:08","slug":"el-cotarro-no380-del-domingo-19-12-2021","status":"publish","type":"post","link":"https:\/\/elcotarro.com\/?p=10277","title":{"rendered":"EL COTARRO N\u00ba380, DEL DOMINGO, 19\/12\/2021"},"content":{"rendered":"<blockquote><p><span style=\"color: #ff0000\"><strong>\u201cEL COTARRO\u201d N\u00ba380 DEL 19 DE DICIEMBRE DE 2021<\/strong><\/span><\/p><\/blockquote>\n<p>&nbsp;<\/p>\n<p><em>Por <strong>Jos\u00e9 Carlos Marrero *\u00a0<\/strong><\/em><\/p>\n<p>&nbsp;<\/p>\n<p><span style=\"color: #0000ff\"><strong>MISTERIOS DE LA NAVIDAD, SIEMPRE EN POSITIVO<\/strong><\/span><\/p>\n<ul>\n<li>Con la cautela que un fen\u00f3meno de la naturaleza requiere, pero con la esperanza que este tiempo de la Navidad nos rodea, comienzo <strong><em>El Cotarro<\/em><\/strong> de este domingo con un nuevo y esperanzado recuerdo para La Palma, con el deseo de que, definitivamente, el volc\u00e1n se apague y \u201cduerma\u201d durante, por lo menos, 50 a\u00f1os. El querido y recordado obispo de nuestra Di\u00f3cesis Nivariense, don <strong>Domingo P\u00e9rez C\u00e1ceres<\/strong>, dijo a unos orfeonistas laguneros que quer\u00edan hacer por primera vez un \u00e1rbol de Navidad en el centro de La Laguna, que no se opon\u00eda a esa tradici\u00f3n del norte de Europa, que <strong>San Bonifacio<\/strong> \u201cconvirti\u00f3\u201d al cristianismo, pero que, si no ten\u00edan inconveniente, pusieran debajo del mismo un portal de Bel\u00e9n recordando el \u201cmisterio de la Navidad\u201d. Hoy, sin terminar a\u00fan de entender del todo los misterios de la madre tierra y de la naturaleza humana, miramos al mejor futuro para todos desde nuestra Isla Bonita.<\/li>\n<\/ul>\n<p><img loading=\"lazy\" decoding=\"async\" class=\"size-full wp-image-3499 aligncenter\" src=\"https:\/\/canariasenpositivo.com\/wp-content\/uploads\/2021\/12\/1.-DOMINGO-P\u00c9REZ-C\u00c1CERES.jpg\" alt=\"\" width=\"291\" height=\"350\" \/><\/p>\n<p style=\"text-align: center\"><em>Retrato del muy querido y recordado obispo, Don Domingo P\u00e9rez C\u00e1ceres<\/em><\/p>\n<p>&nbsp;<\/p>\n<p><span style=\"color: #0000ff\"><strong>CURIOSOS MISTERIOS EN LA NAVIDAD LAGUNERA<\/strong><\/span><\/p>\n<ul>\n<li>Me permitir\u00e1n que, distendidamente y para empezar, les hable hoy de tres curiosos \u201cmisterios\u201d que han sido o est\u00e1n siendo protagonistas en la ciudad de La Laguna y que, directa o indirectamente, tienen que ver con la Navidad. El primero de ellos tiene que ver con la figura del ya nombrado <strong>Domingo P\u00e9rez C\u00e1ceres<\/strong> (G\u00fc\u00edmar,1892 \u2013 La Laguna, 1961) un gran tinerfe\u00f1o que, por su calidad humana y buen hacer, est\u00e1 considerado (lean la Wikipedia) <em>\u201cu<\/em><em>no de los obispos m\u00e1s destacados de la historia de las Islas Canarias, siendo bien conocido por sus ayudas a la gente pobre de Canarias (era conocido como el \u00abobispo de los pobres\u00bb), a los cuales donaba dinero\u201d<\/em>. Una misteriosa persona (concejal, t\u00e9cnico o simplemente ignorante de la vida y de la historia) permiti\u00f3 que el busto que recuerda a <strong>don Domingo<\/strong> en la lagunera Plaza de la Catedral, fuera tapado y menospreciado de mala manera por un puesto de papas asadas<\/li>\n<\/ul>\n<p><img loading=\"lazy\" decoding=\"async\" class=\"size-full wp-image-3500 aligncenter\" src=\"https:\/\/canariasenpositivo.com\/wp-content\/uploads\/2021\/12\/2.-BUSTO-TAPADO.jpeg\" alt=\"\" width=\"768\" height=\"1024\" \/><\/p>\n<p style=\"text-align: center\"><em>El busto de Don Domingo P\u00e9rez C\u00e1ceres tapado por un asador de papas.<\/em><\/p>\n<p>&nbsp;<\/p>\n<p><span style=\"color: #0000ff\"><strong>INDIGNACI\u00d3N POR UNA OFENSA A DON DOMINGO<\/strong><\/span><\/p>\n<ul>\n<li>\u00a0Las redes sociales se pusieron a hervir a partir de que alguien plante\u00f3 la siguiente pregunta y su consiguiente solicitud: <em>\u201c\u00bfQui\u00e9n permite en La Laguna esta inmensa falta de respeto a la historia y a una gran persona que, por encima de su condici\u00f3n y cargo, se gan\u00f3 por m\u00e9ritos propios el afecto y respeto de la inmensa ciudadan\u00eda de Tenerife?&#8230; \u00bfEsta acci\u00f3n concuerda con los principios de una Ciudad declarada Bien Cultural Patrimonio de la Humanidad?&#8230; \u00a1Por favor: rueden ese puesto a otro sitio y dejen a la vista de todos el busto del querido y respetado don <strong>Domingo P\u00e9rez C\u00e1ceres<\/strong>!\u201d<\/em> El WhatsApp echaba chispas y la pregunta lleg\u00f3 a varios concejales laguneros, incluyendo el propio alcalde <strong>Luis Yeray Guti\u00e9rrez<\/strong> (PSOE). Alg\u00fan concejal de la oposici\u00f3n plante\u00f3 presentar una moci\u00f3n (que seguramente se debatir\u00eda en el pleno, despu\u00e9s de Reyes) y la gente, claro, se indign\u00f3 a\u00fan mucho m\u00e1s.<\/li>\n<\/ul>\n<p><img loading=\"lazy\" decoding=\"async\" class=\"size-large wp-image-3501 aligncenter\" src=\"https:\/\/canariasenpositivo.com\/wp-content\/uploads\/2021\/12\/3.-EL-PUESTO-DE-NOCHE-1024x768.jpg\" alt=\"\" width=\"660\" height=\"495\" \/><\/p>\n<p style=\"text-align: center\"><em>La Plaza de la Catedral (en realidad se llama de Los Remedios) con Don Domingo tapado.<\/em><\/p>\n<p>&nbsp;<\/p>\n<p><span style=\"color: #0000ff\"><strong>RECTIFICAR ES DE SABIOS Y EL ASADOR SE CAMBI\u00d3<\/strong><\/span><\/p>\n<ul>\n<li>Sin duda alguna, alguien con poca memoria hist\u00f3rica, a\u00fan menor inteligencia, nulo sentido com\u00fan y ninguna sensibilidad, ha tenido que estar de esta impresentable acci\u00f3n. Hab\u00eda que recordar que, en tiempos de <strong>Francisco Franco<\/strong>, fue precisamente <strong>Don Domingo P\u00e9rez C\u00e1ceres<\/strong> quien se puso del lado de la ciudadan\u00eda tinerfe\u00f1a y defendi\u00f3 nuestra sana fiesta del Carnaval, logrando que <strong>Franco<\/strong> hiciera la \u201cvista gorda\u201d por el simple hecho de llamarles \u201cFiestas de Invierno\u201d. Cualquiera que conozca m\u00ednimamente la figura, el car\u00e1cter, la historia, los hechos de <strong>Don Domingo P\u00e9rez<\/strong> entender\u00e1 por qu\u00e9 ha indignado tanto la innecesaria \u201cmetedura de pata\u201d que supuso la afrenta al busto que recuerda a este gran tinerfe\u00f1o. Rectificar es de sabios y hay que reconocer que, en 72 horas, \u201cla pata hab\u00eda sido sacada\u201d y el dichoso puesto se fue a asar sus sabrosas papas a otro lado, sin ofender a <strong>Don Domingo<\/strong>.<\/li>\n<\/ul>\n<p><img loading=\"lazy\" decoding=\"async\" class=\"size-large wp-image-3502 aligncenter\" src=\"https:\/\/canariasenpositivo.com\/wp-content\/uploads\/2021\/12\/4.-BUSTO-DE-D.-DOMINGO-768x1024.jpeg\" alt=\"\" width=\"660\" height=\"880\" \/><\/p>\n<p style=\"text-align: center\"><em>El busto de Don Domingo P\u00e9rez C\u00e1ceres, libre de innecesarias ofensas.<\/em><\/p>\n<p>&nbsp;<\/p>\n<p><span style=\"color: #0000ff\"><strong>UN POCO DE HISTORIA Y UN LAMENTABLE OLVIDO<\/strong><\/span><\/p>\n<ul>\n<li>Para entender los siguientes p\u00e1rrafos de <strong>El Cotarro<\/strong> de hoy, hay que hacer un poco de historia (tambi\u00e9n lagunera, perdonen ustedes) y recordar que un grupo de socios del Orfe\u00f3n \u201cLa Paz\u201d (que hoy preside <strong>Juli\u00e1n Brito Serrador<\/strong>) adornaba cada a\u00f1o la araucaria de la Plaza de la Concepci\u00f3n, frente a la casona canaria que fue su sede social durante a\u00f1os, con regalos, campanas, estrellas, grandes bolas de cristal y rosarios de luces de colores. \u00a0En el tronco de ella se colocaba un <strong>Pap\u00e1 No\u00ebl<\/strong>, al que se le que encend\u00edan los ojos cuando una moneda, dejada como donativo, llegaba al fondo de su alcanc\u00eda. Tambi\u00e9n se colocaba (siguiendo la sugerencia de <strong>Don Domingo P\u00e9rez C\u00e1ceres<\/strong>) un peque\u00f1o portal de Bel\u00e9n o nacimiento, con las figuras del \u201cMisterio\u201d, que llenaba de ilusi\u00f3n la cara de los ni\u00f1os y ni\u00f1as. Todo lo recaudado con los voluntarios donativos, se usaba para comprar regalos de cara al <strong>D\u00eda de Reyes<\/strong> para la infancia lagunera necesitada.<\/li>\n<\/ul>\n<p><img loading=\"lazy\" decoding=\"async\" class=\"size-full wp-image-3503 aligncenter\" src=\"https:\/\/canariasenpositivo.com\/wp-content\/uploads\/2021\/12\/5.-\u00c1RBOL-DEL-ORFE\u00d3N.jpg\" alt=\"\" width=\"720\" height=\"960\" \/><\/p>\n<p style=\"text-align: center\"><em>Antiguo \u00e1rbol de Navidad del Orfe\u00f3n \u201cLa Paz\u201d con el Bel\u00e9n y Pap\u00e1 N\u00f6el debajo<\/em><\/p>\n<p>&nbsp;<\/p>\n<p><span style=\"color: #0000ff\"><strong>EL \u2018MISTERIO\u2019 DEL <\/strong><strong>\u00c1RBOL BRILLA<\/strong><strong> POR SU AUSENCIA<\/strong><\/span><\/p>\n<ul>\n<li>La fotograf\u00eda anterior, quiere ser un homenaje de reconocimiento a grandes y recordados laguneros como <strong>Domingo Reyes Su\u00e1rez<\/strong> \u201cEl Practicante\u201d, <strong>Antonio Ram\u00edrez<\/strong> \u201cEl Ca\u00f1izo\u201d, <strong>Chacho<\/strong> \u201cEl Latonero\u201d, <strong>Isaac Santana<\/strong> \u201cEl Carpintero\u201d, <strong>Lorenzo Gonz\u00e1lez<\/strong> \u201cEl Manecas\u201d, <strong>Evelio<\/strong> <strong>De la Rosa<\/strong> \u201cEl Conserje\u201d y tantos otros que, a\u00f1o tras a\u00f1o, adornaron la araucaria de la Plaza de la Concepci\u00f3n, transform\u00e1ndola en \u201cEl \u00c1rbol de Navidad del Orfe\u00f3n La Paz\u201d, que por cierto y seg\u00fan se dec\u00eda, pas\u00f3 por ser el \u00e1rbol natural y vivo m\u00e1s alto, que se adornaba cada a\u00f1o por Navidad en toda Europa, siempre con el Nacimiento debajo. Pero precisamente este 2021 parece que se va a romper una tradici\u00f3n de hace m\u00e1s de 50 a\u00f1os. El portal, el Bel\u00e9n, el Nacimiento, el \u201cMisterio\u201d brilla por su ausencia. S\u00e9 que han puesto algo similar a los pies de la torre de la parroquia de La Concepci\u00f3n, pero no es lo mismo y no tiene nada que ver. Todav\u00eda hay tiempo de enmendar el fallo, antes de la Nochebuena.<\/li>\n<\/ul>\n<p><img loading=\"lazy\" decoding=\"async\" class=\"size-large wp-image-3504 aligncenter\" src=\"https:\/\/canariasenpositivo.com\/wp-content\/uploads\/2021\/12\/6.-CARTEL-JUNTO-AL-\u00c1RBOL-1024x768.jpeg\" alt=\"\" width=\"660\" height=\"495\" \/><\/p>\n<p style=\"text-align: center\"><em>Donde siempre ha estado un \u201cnacimiento\u201d, hoy un cartel de \u201cFelices Fiestas\u201d<\/em><\/p>\n<p>&nbsp;<\/p>\n<p><span style=\"color: #0000ff\"><strong>EL CURIOSO MISTERIO DEL CONTENEDOR NEGRO<\/strong><\/span><\/p>\n<ul>\n<li>Para terminar por hoy con los curiosos \u201cmisterios\u201d laguneros, les hago part\u00edcipes de otro enigm\u00e1tico asunto al que ya los laguneros est\u00e1n denominando \u201cel misterioso contenedor negro\u201d. Se trata de un sorprendente container de los grandes y un tenebroso color negro, que fue depositado hace unos d\u00edas, durante la madrugada, en uno de los costados de la Plaza del Cristo. Algunos vecinos fueron testigos de su colocaci\u00f3n (\u201cde amanecida\u201d) pero nadie sabe por qu\u00e9 est\u00e1 puesto, ni para qu\u00e9. He preguntado a mucha gente (incluso a <strong>Vicente<\/strong>, el puntal que vende la loter\u00eda junto al p\u00f3rtico del Santuario del Cristo y que conoce todo lo que pasa por all\u00ed) pero nadie sabe nada. A cualquier empresario que pone algo en la fachada o delante de su negocio en La laguna le falta tiempo para que venga un propio a llamarle la atenci\u00f3n porque no se puede poner, por ser incompatible con una ciudad declarada Patrimonio de la Humanidad. Pero el contenedor all\u00ed sigue tan campante.<\/li>\n<\/ul>\n<p><img loading=\"lazy\" decoding=\"async\" class=\"size-large wp-image-3505 aligncenter\" src=\"https:\/\/canariasenpositivo.com\/wp-content\/uploads\/2021\/12\/7.-CONTENEDOR-NEGRO-1024x768.jpeg\" alt=\"\" width=\"660\" height=\"495\" \/><\/p>\n<p style=\"text-align: center\"><em>El misterioso contenedor negro dentro de la plaza y fastidiando su panor\u00e1mica<\/em><\/p>\n<p>&nbsp;<\/p>\n<p><span style=\"color: #0000ff\"><strong>EN UNA CIUDAD PATRIMONIO DE LA HUMANIDAD<\/strong><\/span><\/p>\n<ul>\n<li>Adem\u00e1s, y para m\u00e1s <em>inri<\/em>, el \u201cinteligente\u201d que lo puso all\u00ed se luci\u00f3 bien lucido, porque \u201cel misterioso contenedor negro\u201d est\u00e1 justito frente al espacio donde aparcan las guaguas de Turismo, que es el punto desde el que la mayor\u00eda de los turistas sacan la foto panor\u00e1mica de la plaza. Pero, es m\u00e1s: para rematar la faena, a cinco metros del dichoso container y junto a las escaleras de bajada al parking p\u00fablico de la plaza, han colocado una bater\u00eda de viejos, muy deteriorados y sucios ba\u00f1os qu\u00edmicos que, sencillamente, dan asco y verg\u00fcenza. No s\u00e9 si ambas cosas est\u00e1n bajo la \u00f3rbita y responsabilidad de la concejal\u00eda de Ordenaci\u00f3n del Territorio, que regenta <strong>Santiago P\u00e9rez<\/strong>, o de la de Servicios Municipales, Obras e Infraestructuras, de la que es responsable <strong>Jos\u00e9 Manuel \u201cJosimar\u201d Hern\u00e1ndez D\u00edaz<\/strong>, pero, sinceramente (y lo digo en positivo) el contenedor y aquellos aseos, deber\u00edan desaparecer de all\u00ed. Am\u00e9n.<\/li>\n<\/ul>\n<p><img loading=\"lazy\" decoding=\"async\" class=\"size-large wp-image-3506 aligncenter\" src=\"https:\/\/canariasenpositivo.com\/wp-content\/uploads\/2021\/12\/8.-CONTENEDOR-Y-ASEOS-1024x768.jpeg\" alt=\"\" width=\"660\" height=\"495\" \/><\/p>\n<p style=\"text-align: center\"><em>Si la foto se saca de un lado, sale al fondo la Plaza del Cristo y la Recova. Si se saca de este punto, los aseos, el contenedor y, al fondo, el Real Santuario.<\/em><\/p>\n<p>&nbsp;<\/p>\n<p><span style=\"color: #0000ff\"><strong>CUENTA ATR\u00c1S PARA 50 A\u00d1OS DE LORO PARQUE<\/strong><\/span><\/p>\n<ul>\n<li>\u00a0\u00a0El pasado viernes fue 17 de diciembre. Dicho d\u00eda es un d\u00eda \u201cfetiche\u201d, m\u00e1gico, especial (y no me pregunten por qu\u00e9) para el empresario Wolfang Kiessling, presidente de la Compa\u00f1\u00eda Loro Parque, y, por extensi\u00f3n, para toda la Familia Kiessling. Precisamente, el lluvioso d\u00eda 17 de diciembre de 1972, hace ahora 49 a\u00f1os, se inaugur\u00f3 en el Puerto de la Cruz un, por aquel entonces peque\u00f1o zool\u00f3gico, que, con el paso de los a\u00f1os, se ha convertido en el germen de una gran compa\u00f1\u00eda que conforman el propio Loro Parque, el Hotel Bot\u00e1nico y el restaurante Brunelli\u2019s Steakhouse, los tres en el Puerto de la Cruz; el Siam Park, en Adeje; el Aquarium Poema del Mar, en Las Palmas de Gran Canaria y, ojal\u00e1 que pr\u00f3ximamente, el Siam Park 2, en el sur de Gran Canaria. Este 17 de diciembre no iba a ser menos especial y <strong>Wolfgang Kiessling<\/strong> no quiso que la fecha pasara desapercibida.<\/li>\n<\/ul>\n<p><img loading=\"lazy\" decoding=\"async\" class=\"size-large wp-image-3507 aligncenter\" src=\"https:\/\/canariasenpositivo.com\/wp-content\/uploads\/2021\/12\/9.-WOLFGANG-KIESSLING-1024x768.jpeg\" alt=\"\" width=\"660\" height=\"495\" \/><\/p>\n<p style=\"text-align: center\">Wolfgang Kiessling habla a los presentes en el acto del 17 de diciembre.<\/p>\n<p>&nbsp;<\/p>\n<p><span style=\"color: #0000ff\"><strong>NUEVO <\/strong><strong>SHOW \u2018IMAGINE\u2019<\/strong><strong> Y CASA PARA LOS L\u00c9MURES<\/strong><\/span><\/p>\n<ul>\n<li>Para celebrar el 49 aniversario de Loro Parque y dar el pistoletazo de salida a la celebraci\u00f3n de sus \u201cBodas de Oro\u201d el pr\u00f3ximo 2022, <strong>Wolfgang Kiessling<\/strong> junto con su hijo <strong>Christoph Kiessling<\/strong> (vicepresidente de la Compa\u00f1\u00eda) y su nieta <strong>Cybell Kiessling<\/strong> (directora de Administraci\u00f3n) a toda su familia quiso inaugurar (con bendici\u00f3n incluida por parte de <strong>Bernardo \u00c1lvarez<\/strong>, obispo de Tenerife) una nueva y magn\u00edfica instalaci\u00f3n para los l\u00e9mures de cola anillada, y, adem\u00e1s, ofrecer a los asistentes la nueva presentaci\u00f3n educativa de delfines, el show \u201cImagine\u201d, todo en un m\u00e1gico ambiente festivo justo a las puertas de la Navidad. El evento cont\u00f3 con la presencia de <strong>Marco Gonz\u00e1lez<\/strong>, alcalde de Puerto de la Cruz; <strong>Carolina Rodr\u00edguez<\/strong>, su concejala de Desarrollo Tur\u00edstico de Puerto de la Cruz; <strong>David P\u00e9rez<\/strong>, consejero delegado de Turismo de Tenerife, aparte de muchos empresarios y amigos de la <strong>Familia Kiessling.<\/strong><\/li>\n<\/ul>\n<p><img loading=\"lazy\" decoding=\"async\" class=\"size-large wp-image-3508 aligncenter\" src=\"https:\/\/canariasenpositivo.com\/wp-content\/uploads\/2021\/12\/10.-BENDICI\u00d3N-DEL-OBISPO-1024x684.jpeg\" alt=\"\" width=\"660\" height=\"441\" \/><\/p>\n<p style=\"text-align: center\">El obispo Bernardo \u00c1lvarez, bendice la nueva instalaci\u00f3n para los l\u00e9mures<\/p>\n<p>&nbsp;<\/p>\n<p><span style=\"color: #0000ff\"><strong>A POR LAS \u201cBODAS DE ORO\u201d Y CON MAYOR ILUSI\u00d3N<\/strong><\/span><\/p>\n<ul>\n<li>Como les cuento, el evento coincidi\u00f3 con el 49 aniversario de la inauguraci\u00f3n de Loro Parque, que <strong>Wolfgang Kiessling<\/strong> abri\u00f3 sus puertas en 1972 con tan solo 25 personas, 150 loros y un espacio de 13.000 metros cuadrados. Desde ese entonces hasta hoy, y tras una trayectoria de muchos retos, el Loro Parque (con m\u00e1s de 40.000 animales, uniendo a los que viven en Poema del Mar) se ha convertido, en una de las instituciones zool\u00f3gicas m\u00e1s respetadas del mundo, tanto por su belleza, como por la excelencia de sus instalaciones y el respeto absoluto a la naturaleza. Hoy en d\u00eda, <strong>Wolfang Kiessling<\/strong> y su esposa <strong>Brigitte<\/strong>, junto a toda su familia, pueden sentirse orgullosos de la feliz realidad que actualmente es la Compa\u00f1\u00eda Loro Parque que, sumando todos sus establecimientos y negocios, crea riqueza para el Puerto de la Cruz y toda Canarias, dando alrededor de 2.000 puestos de trabajos directos y ni se sabe cu\u00e1ntos indirectos. \u00a1\u00a1A por esos 50 a\u00f1os!!<\/li>\n<\/ul>\n<p><img loading=\"lazy\" decoding=\"async\" class=\"size-large wp-image-3509 aligncenter\" src=\"https:\/\/canariasenpositivo.com\/wp-content\/uploads\/2021\/12\/11.-FOTO-DE-FAMILIA-1024x682.jpg\" alt=\"\" width=\"660\" height=\"440\" \/><\/p>\n<p style=\"text-align: center\"><em>Foto de la Familia Kiessling con las primeras autoridades presentes en el acto.<\/em><\/p>\n<p>&nbsp;<\/p>\n<p><span style=\"color: #0000ff\"><strong>6 MESES PONIENDO ACENTO CANARIO EN L\u00cdBANO<\/strong><\/span><\/p>\n<ul>\n<li>Remato El Cotarro de hoy haci\u00e9ndome eco y destacando de que, por segunda vez desde que en 2006 comenzara la misi\u00f3n de Naciones Unidas en L\u00edbano, denominada Fuerza Interina de Naciones Unidas para L\u00edbano (UNIFIL), el Mando de Canarias asume dicha misi\u00f3n, siendo la Brigada \u201cCanarias\u201d XVI (BRICAN XVI) la base generadora del contingente espa\u00f1ol BRILIB XXXVI, comandado por el general <strong>Ram\u00f3n Armada V\u00e1zquez<\/strong>, jefe de la BRICAN XVI, bajo control operativo del Mando de Operaciones (MOPS). Se lo merecen y es de justicia nombrar a estas unidades canarias desplegadas en L\u00edbano, conformadas por el Grupo T\u00e1ctico Ligero Protegido (del Batall\u00f3n Albuera Regimiento Tenerife 49), la Unidad de Ingenieros (Compa\u00f1\u00eda del Batall\u00f3n de Zapadores XVI), Unidad Log\u00edstica (del Grupo Log\u00edstico XVI y de la Agrupaci\u00f3n de Apoyo Log\u00edstico 81), Unidad de Cuartel General (Batall\u00f3n de la Brigada \u201cCanarias\u201d XVI), la Unidad C\u00edvico Militar (UCIMIC del Regimiento de Artiller\u00eda de Campa\u00f1a 93) y el Cuartel General de la BRILIB XXXVI.<\/li>\n<\/ul>\n<p><img loading=\"lazy\" decoding=\"async\" class=\"size-large wp-image-3510 aligncenter\" src=\"https:\/\/canariasenpositivo.com\/wp-content\/uploads\/2021\/12\/12.-SOLDADO-VIGILANDO-1024x683.jpg\" alt=\"\" width=\"660\" height=\"440\" \/><\/p>\n<p style=\"text-align: center\"><em>Ojos canarios en plena vigilancia para preservar nuestra paz lejos de Canarias<\/em><\/p>\n<p>&nbsp;<\/p>\n<p><span style=\"color: #0000ff\"><strong>LA DEFENSA DE ESPA\u00d1A DESDE LA CANARIEDAD<\/strong><\/span><\/p>\n<ul>\n<li>Estas Unidades \u201cCanarias\u201d a pesar de llevar poco tiempo desplegadas en zona, se encuentran plenamente integradas en la operaci\u00f3n de UNIFIL, cumpliendo eficazmente la misi\u00f3n proporcionando la necesaria estabilidad en la regi\u00f3n. As\u00ed, por ejemplo, el Grupo T\u00e1ctico Ligero Protegido ha realizado patrullas por itinerarios tanto sobre veh\u00edculos como a pie, han patrullado junto a unidades de las Fuerzas Armadas Libanesas (LAF) y han montado observatorios y <em>Check Points <\/em>como formas de realizar vigilancia y controles en la zona. La unidad de zapadores ha realizado trabajos de nivelaci\u00f3n y empleo de maquinaria de ingenieros adem\u00e1s de obras de protecci\u00f3n de la Fuerza en cada una de las posiciones espa\u00f1olas. La Unidad C\u00edvico Militar ha realizado numerosos enlaces con personalidades del Sector, siendo estas reuniones de vital importancia para las posteriores visitas del general <strong>Ram\u00f3n<\/strong> <strong>Armada<\/strong>.<\/li>\n<\/ul>\n<p><img loading=\"lazy\" decoding=\"async\" class=\"size-large wp-image-3511 aligncenter\" src=\"https:\/\/canariasenpositivo.com\/wp-content\/uploads\/2021\/12\/13.-SOLDADO-CANARIO-1024x683.jpg\" alt=\"\" width=\"660\" height=\"440\" \/><\/p>\n<p style=\"text-align: center\"><em>El cabo Cabello, un canario del Ej\u00e9rcito de Espa\u00f1a con la boina de la UNIFIL<\/em><\/p>\n<p>&nbsp;<\/p>\n<p><span style=\"color: #0000ff\"><strong>UNA NAVIDAD CANARIA EN TERROTORIO LIBAN\u00c9S<\/strong><\/span><\/p>\n<ul>\n<li>Adem\u00e1s, la Unidad C\u00edvico Militar ha sido la encargada de planificar y organizar una serie de programas dirigidos a la poblaci\u00f3n libanesa como son el Programa <strong>Cervantes<\/strong>, <strong>Sancho Panza<\/strong> o el programa Almazara entre otros. En la foto, el teniente coronel <strong>Gonz\u00e1lez<\/strong> empatiza con escolares de la escuela de Kleyaa. Con esta interacci\u00f3n en el entorno civil, se contribuye tanto al desarrollo, estabilidad y progreso de la zona, como a la mejora de la percepci\u00f3n de la sociedad hacia la labor de nuestras Fuerzas Armadas. La Unidad Log\u00edstica es la que lleva a cabo todas las acciones para el sostenimiento de la misi\u00f3n, que van desde el abastecimiento de v\u00edveres, materiales y equipos, acciones correctivas y de mantenimiento sobre veh\u00edculos y maquinaria adem\u00e1s de la realizaci\u00f3n de todos los transportes que sean necesarios. Los militares canarios pasar\u00e1n la Navidad y partir\u00e1n el A\u00f1o Nuevo a seis mil kil\u00f3metros de nuestras islas, en una misi\u00f3n con una duraci\u00f3n de unos seis meses, que tiene prevista finalizar a lo largo del pr\u00f3ximo mes de mayo. Enhorabuena por su gran trabajo y que Dios les ayude para regresar todos sanos y salvos.<\/li>\n<\/ul>\n<p><img loading=\"lazy\" decoding=\"async\" class=\"size-large wp-image-3512 aligncenter\" src=\"https:\/\/canariasenpositivo.com\/wp-content\/uploads\/2021\/12\/14.-COLEGIO-KLEYAA-CON-OFICIAL-1024x655.jpg\" alt=\"\" width=\"660\" height=\"422\" \/><\/p>\n<p style=\"text-align: center\"><em>El teniente coronel Gonz\u00e1lez con el alumnado de la escuela de Kleyaa, en L\u00edbano<\/em><\/p>\n<p>&nbsp;<\/p>\n<p><span style=\"color: #0000ff\"><strong>* Jos\u00e9 Carlos MARRERO GONZ\u00c1LEZ<\/strong><\/span><\/p>\n<p>Periodista y analista de la actualidad.<\/p>\n<p>Director de <strong><em>El Cotarro<\/em><\/strong> (www.elcotarro.com)<\/p>\n<p>Director de <strong><em>Canarias en Positivo<\/em><\/strong> (www.canariasenpositivo.com)<\/p>\n<p>Director de <strong><em>GastroCanarias<\/em><\/strong> (www.gastrocanarias.com)<\/p>\n<p><em> <img loading=\"lazy\" decoding=\"async\" class=\"size-full wp-image-3483 aligncenter\" src=\"https:\/\/canariasenpositivo.com\/wp-content\/uploads\/2021\/12\/14.-BANNER-CARECA-INSULA-1.jpg\" alt=\"\" width=\"750\" height=\"153\" \/><\/em><\/p>\n<p>&nbsp;<\/p>\n","protected":false},"excerpt":{"rendered":"<p>\u201cEL COTARRO\u201d N\u00ba380 DEL 19 DE DICIEMBRE DE 2021 &nbsp; Por Jos\u00e9 Carlos Marrero *\u00a0 &nbsp; MISTERIOS DE LA NAVIDAD, SIEMPRE EN POSITIVO Con la cautela que un fen\u00f3meno de la naturaleza requiere, pero con la esperanza que este tiempo de la Navidad nos rodea, comienzo El Cotarro de este domingo con un nuevo y &#8230; <a class=\"read-more\" href=\"https:\/\/elcotarro.com\/?p=10277\">Read more<\/a><\/p>\n","protected":false},"author":2,"featured_media":0,"comment_status":"open","ping_status":"open","sticky":false,"template":"","format":"standard","meta":{"_jetpack_memberships_contains_paid_content":false,"footnotes":""},"categories":[4],"tags":[],"class_list":["post-10277","post","type-post","status-publish","format-standard","hentry","category-el-cotarro"],"yoast_head":"<!-- This site is optimized with the Yoast SEO plugin v27.0 - https:\/\/yoast.com\/product\/yoast-seo-wordpress\/ -->\n<title>EL COTARRO N\u00ba380, DEL DOMINGO, 19\/12\/2021 - El Cotarro<\/title>\n<meta name=\"robots\" content=\"index, follow, max-snippet:-1, max-image-preview:large, max-video-preview:-1\" \/>\n<link rel=\"canonical\" href=\"https:\/\/elcotarro.com\/?p=10277\" \/>\n<meta property=\"og:locale\" content=\"es_ES\" \/>\n<meta property=\"og:type\" content=\"article\" \/>\n<meta property=\"og:title\" content=\"EL COTARRO N\u00ba380, DEL DOMINGO, 19\/12\/2021 - El Cotarro\" \/>\n<meta property=\"og:description\" content=\"\u201cEL COTARRO\u201d N\u00ba380 DEL 19 DE DICIEMBRE DE 2021 &nbsp; Por Jos\u00e9 Carlos Marrero *\u00a0 &nbsp; MISTERIOS DE LA NAVIDAD, SIEMPRE EN POSITIVO Con la cautela que un fen\u00f3meno de la naturaleza requiere, pero con la esperanza que este tiempo de la Navidad nos rodea, comienzo El Cotarro de este domingo con un nuevo y ... Read more\" \/>\n<meta property=\"og:url\" content=\"https:\/\/elcotarro.com\/?p=10277\" \/>\n<meta property=\"og:site_name\" content=\"El Cotarro\" \/>\n<meta property=\"article:publisher\" content=\"https:\/\/www.facebook.com\/ElCotarro.Tenerife\" \/>\n<meta property=\"article:published_time\" content=\"2021-12-19T02:35:08+00:00\" \/>\n<meta property=\"og:image\" content=\"https:\/\/canariasenpositivo.com\/wp-content\/uploads\/2021\/12\/2.-BUSTO-TAPADO.jpeg\" \/>\n<meta name=\"author\" content=\"Jos\u00e9 Carlos Marrero Gonz\u00e1lez\" \/>\n<meta name=\"twitter:label1\" content=\"Escrito por\" \/>\n\t<meta name=\"twitter:data1\" content=\"Jos\u00e9 Carlos Marrero Gonz\u00e1lez\" \/>\n\t<meta name=\"twitter:label2\" content=\"Tiempo de lectura\" \/>\n\t<meta name=\"twitter:data2\" content=\"15 minutos\" \/>\n<script type=\"application\/ld+json\" class=\"yoast-schema-graph\">{\"@context\":\"https:\/\/schema.org\",\"@graph\":[{\"@type\":\"Article\",\"@id\":\"https:\/\/elcotarro.com\/?p=10277#article\",\"isPartOf\":{\"@id\":\"https:\/\/elcotarro.com\/?p=10277\"},\"author\":{\"name\":\"Jos\u00e9 Carlos Marrero Gonz\u00e1lez\",\"@id\":\"https:\/\/elcotarro.com\/#\/schema\/person\/af537ee7d60d15984c7e0affcd8a918b\"},\"headline\":\"EL COTARRO N\u00ba380, DEL DOMINGO, 19\/12\/2021\",\"datePublished\":\"2021-12-19T02:35:08+00:00\",\"mainEntityOfPage\":{\"@id\":\"https:\/\/elcotarro.com\/?p=10277\"},\"wordCount\":2774,\"commentCount\":0,\"publisher\":{\"@id\":\"https:\/\/elcotarro.com\/#organization\"},\"image\":{\"@id\":\"https:\/\/elcotarro.com\/?p=10277#primaryimage\"},\"thumbnailUrl\":\"https:\/\/canariasenpositivo.com\/wp-content\/uploads\/2021\/12\/2.-BUSTO-TAPADO.jpeg\",\"articleSection\":[\"El Cotarro\"],\"inLanguage\":\"es\",\"potentialAction\":[{\"@type\":\"CommentAction\",\"name\":\"Comment\",\"target\":[\"https:\/\/elcotarro.com\/?p=10277#respond\"]}]},{\"@type\":\"WebPage\",\"@id\":\"https:\/\/elcotarro.com\/?p=10277\",\"url\":\"https:\/\/elcotarro.com\/?p=10277\",\"name\":\"EL COTARRO N\u00ba380, DEL DOMINGO, 19\/12\/2021 - El Cotarro\",\"isPartOf\":{\"@id\":\"https:\/\/elcotarro.com\/#website\"},\"primaryImageOfPage\":{\"@id\":\"https:\/\/elcotarro.com\/?p=10277#primaryimage\"},\"image\":{\"@id\":\"https:\/\/elcotarro.com\/?p=10277#primaryimage\"},\"thumbnailUrl\":\"https:\/\/canariasenpositivo.com\/wp-content\/uploads\/2021\/12\/2.-BUSTO-TAPADO.jpeg\",\"datePublished\":\"2021-12-19T02:35:08+00:00\",\"breadcrumb\":{\"@id\":\"https:\/\/elcotarro.com\/?p=10277#breadcrumb\"},\"inLanguage\":\"es\",\"potentialAction\":[{\"@type\":\"ReadAction\",\"target\":[\"https:\/\/elcotarro.com\/?p=10277\"]}]},{\"@type\":\"ImageObject\",\"inLanguage\":\"es\",\"@id\":\"https:\/\/elcotarro.com\/?p=10277#primaryimage\",\"url\":\"https:\/\/canariasenpositivo.com\/wp-content\/uploads\/2021\/12\/2.-BUSTO-TAPADO.jpeg\",\"contentUrl\":\"https:\/\/canariasenpositivo.com\/wp-content\/uploads\/2021\/12\/2.-BUSTO-TAPADO.jpeg\"},{\"@type\":\"BreadcrumbList\",\"@id\":\"https:\/\/elcotarro.com\/?p=10277#breadcrumb\",\"itemListElement\":[{\"@type\":\"ListItem\",\"position\":1,\"name\":\"Portada\",\"item\":\"https:\/\/elcotarro.com\/\"},{\"@type\":\"ListItem\",\"position\":2,\"name\":\"EL COTARRO N\u00ba380, DEL DOMINGO, 19\/12\/2021\"}]},{\"@type\":\"WebSite\",\"@id\":\"https:\/\/elcotarro.com\/#website\",\"url\":\"https:\/\/elcotarro.com\/\",\"name\":\"El Cotarro\",\"description\":\"Peri\u00f3dico Digital Independiente dirigido por Jos\u00e9 Carlos Marrero\",\"publisher\":{\"@id\":\"https:\/\/elcotarro.com\/#organization\"},\"potentialAction\":[{\"@type\":\"SearchAction\",\"target\":{\"@type\":\"EntryPoint\",\"urlTemplate\":\"https:\/\/elcotarro.com\/?s={search_term_string}\"},\"query-input\":{\"@type\":\"PropertyValueSpecification\",\"valueRequired\":true,\"valueName\":\"search_term_string\"}}],\"inLanguage\":\"es\"},{\"@type\":\"Organization\",\"@id\":\"https:\/\/elcotarro.com\/#organization\",\"name\":\"El Cotarro\",\"url\":\"https:\/\/elcotarro.com\/\",\"logo\":{\"@type\":\"ImageObject\",\"inLanguage\":\"es\",\"@id\":\"https:\/\/elcotarro.com\/#\/schema\/logo\/image\/\",\"url\":\"https:\/\/elcotarro.com\/wp-content\/uploads\/2014\/09\/Cabecera_El_Cotarro_v2.jpg\",\"contentUrl\":\"https:\/\/elcotarro.com\/wp-content\/uploads\/2014\/09\/Cabecera_El_Cotarro_v2.jpg\",\"width\":3540,\"height\":441,\"caption\":\"El Cotarro\"},\"image\":{\"@id\":\"https:\/\/elcotarro.com\/#\/schema\/logo\/image\/\"},\"sameAs\":[\"https:\/\/www.facebook.com\/ElCotarro.Tenerife\"]},{\"@type\":\"Person\",\"@id\":\"https:\/\/elcotarro.com\/#\/schema\/person\/af537ee7d60d15984c7e0affcd8a918b\",\"name\":\"Jos\u00e9 Carlos Marrero Gonz\u00e1lez\",\"image\":{\"@type\":\"ImageObject\",\"inLanguage\":\"es\",\"@id\":\"https:\/\/elcotarro.com\/#\/schema\/person\/image\/\",\"url\":\"https:\/\/secure.gravatar.com\/avatar\/def4da036efb5d32c74d49c351f6dccc064dd69ad9f3aadc295c5a9a5391ca01?s=96&d=mm&r=g\",\"contentUrl\":\"https:\/\/secure.gravatar.com\/avatar\/def4da036efb5d32c74d49c351f6dccc064dd69ad9f3aadc295c5a9a5391ca01?s=96&d=mm&r=g\",\"caption\":\"Jos\u00e9 Carlos Marrero Gonz\u00e1lez\"},\"sameAs\":[\"https:\/\/elcotarro.com\"],\"url\":\"https:\/\/elcotarro.com\/?author=2\"}]}<\/script>\n<!-- \/ Yoast SEO plugin. -->","yoast_head_json":{"title":"EL COTARRO N\u00ba380, DEL DOMINGO, 19\/12\/2021 - El Cotarro","robots":{"index":"index","follow":"follow","max-snippet":"max-snippet:-1","max-image-preview":"max-image-preview:large","max-video-preview":"max-video-preview:-1"},"canonical":"https:\/\/elcotarro.com\/?p=10277","og_locale":"es_ES","og_type":"article","og_title":"EL COTARRO N\u00ba380, DEL DOMINGO, 19\/12\/2021 - El Cotarro","og_description":"\u201cEL COTARRO\u201d N\u00ba380 DEL 19 DE DICIEMBRE DE 2021 &nbsp; Por Jos\u00e9 Carlos Marrero *\u00a0 &nbsp; MISTERIOS DE LA NAVIDAD, SIEMPRE EN POSITIVO Con la cautela que un fen\u00f3meno de la naturaleza requiere, pero con la esperanza que este tiempo de la Navidad nos rodea, comienzo El Cotarro de este domingo con un nuevo y ... Read more","og_url":"https:\/\/elcotarro.com\/?p=10277","og_site_name":"El Cotarro","article_publisher":"https:\/\/www.facebook.com\/ElCotarro.Tenerife","article_published_time":"2021-12-19T02:35:08+00:00","og_image":[{"url":"https:\/\/canariasenpositivo.com\/wp-content\/uploads\/2021\/12\/2.-BUSTO-TAPADO.jpeg","type":"","width":"","height":""}],"author":"Jos\u00e9 Carlos Marrero Gonz\u00e1lez","twitter_misc":{"Escrito por":"Jos\u00e9 Carlos Marrero Gonz\u00e1lez","Tiempo de lectura":"15 minutos"},"schema":{"@context":"https:\/\/schema.org","@graph":[{"@type":"Article","@id":"https:\/\/elcotarro.com\/?p=10277#article","isPartOf":{"@id":"https:\/\/elcotarro.com\/?p=10277"},"author":{"name":"Jos\u00e9 Carlos Marrero Gonz\u00e1lez","@id":"https:\/\/elcotarro.com\/#\/schema\/person\/af537ee7d60d15984c7e0affcd8a918b"},"headline":"EL COTARRO N\u00ba380, DEL DOMINGO, 19\/12\/2021","datePublished":"2021-12-19T02:35:08+00:00","mainEntityOfPage":{"@id":"https:\/\/elcotarro.com\/?p=10277"},"wordCount":2774,"commentCount":0,"publisher":{"@id":"https:\/\/elcotarro.com\/#organization"},"image":{"@id":"https:\/\/elcotarro.com\/?p=10277#primaryimage"},"thumbnailUrl":"https:\/\/canariasenpositivo.com\/wp-content\/uploads\/2021\/12\/2.-BUSTO-TAPADO.jpeg","articleSection":["El Cotarro"],"inLanguage":"es","potentialAction":[{"@type":"CommentAction","name":"Comment","target":["https:\/\/elcotarro.com\/?p=10277#respond"]}]},{"@type":"WebPage","@id":"https:\/\/elcotarro.com\/?p=10277","url":"https:\/\/elcotarro.com\/?p=10277","name":"EL COTARRO N\u00ba380, DEL DOMINGO, 19\/12\/2021 - El Cotarro","isPartOf":{"@id":"https:\/\/elcotarro.com\/#website"},"primaryImageOfPage":{"@id":"https:\/\/elcotarro.com\/?p=10277#primaryimage"},"image":{"@id":"https:\/\/elcotarro.com\/?p=10277#primaryimage"},"thumbnailUrl":"https:\/\/canariasenpositivo.com\/wp-content\/uploads\/2021\/12\/2.-BUSTO-TAPADO.jpeg","datePublished":"2021-12-19T02:35:08+00:00","breadcrumb":{"@id":"https:\/\/elcotarro.com\/?p=10277#breadcrumb"},"inLanguage":"es","potentialAction":[{"@type":"ReadAction","target":["https:\/\/elcotarro.com\/?p=10277"]}]},{"@type":"ImageObject","inLanguage":"es","@id":"https:\/\/elcotarro.com\/?p=10277#primaryimage","url":"https:\/\/canariasenpositivo.com\/wp-content\/uploads\/2021\/12\/2.-BUSTO-TAPADO.jpeg","contentUrl":"https:\/\/canariasenpositivo.com\/wp-content\/uploads\/2021\/12\/2.-BUSTO-TAPADO.jpeg"},{"@type":"BreadcrumbList","@id":"https:\/\/elcotarro.com\/?p=10277#breadcrumb","itemListElement":[{"@type":"ListItem","position":1,"name":"Portada","item":"https:\/\/elcotarro.com\/"},{"@type":"ListItem","position":2,"name":"EL COTARRO N\u00ba380, DEL DOMINGO, 19\/12\/2021"}]},{"@type":"WebSite","@id":"https:\/\/elcotarro.com\/#website","url":"https:\/\/elcotarro.com\/","name":"El Cotarro","description":"Peri\u00f3dico Digital Independiente dirigido por Jos\u00e9 Carlos Marrero","publisher":{"@id":"https:\/\/elcotarro.com\/#organization"},"potentialAction":[{"@type":"SearchAction","target":{"@type":"EntryPoint","urlTemplate":"https:\/\/elcotarro.com\/?s={search_term_string}"},"query-input":{"@type":"PropertyValueSpecification","valueRequired":true,"valueName":"search_term_string"}}],"inLanguage":"es"},{"@type":"Organization","@id":"https:\/\/elcotarro.com\/#organization","name":"El Cotarro","url":"https:\/\/elcotarro.com\/","logo":{"@type":"ImageObject","inLanguage":"es","@id":"https:\/\/elcotarro.com\/#\/schema\/logo\/image\/","url":"https:\/\/elcotarro.com\/wp-content\/uploads\/2014\/09\/Cabecera_El_Cotarro_v2.jpg","contentUrl":"https:\/\/elcotarro.com\/wp-content\/uploads\/2014\/09\/Cabecera_El_Cotarro_v2.jpg","width":3540,"height":441,"caption":"El Cotarro"},"image":{"@id":"https:\/\/elcotarro.com\/#\/schema\/logo\/image\/"},"sameAs":["https:\/\/www.facebook.com\/ElCotarro.Tenerife"]},{"@type":"Person","@id":"https:\/\/elcotarro.com\/#\/schema\/person\/af537ee7d60d15984c7e0affcd8a918b","name":"Jos\u00e9 Carlos Marrero Gonz\u00e1lez","image":{"@type":"ImageObject","inLanguage":"es","@id":"https:\/\/elcotarro.com\/#\/schema\/person\/image\/","url":"https:\/\/secure.gravatar.com\/avatar\/def4da036efb5d32c74d49c351f6dccc064dd69ad9f3aadc295c5a9a5391ca01?s=96&d=mm&r=g","contentUrl":"https:\/\/secure.gravatar.com\/avatar\/def4da036efb5d32c74d49c351f6dccc064dd69ad9f3aadc295c5a9a5391ca01?s=96&d=mm&r=g","caption":"Jos\u00e9 Carlos Marrero Gonz\u00e1lez"},"sameAs":["https:\/\/elcotarro.com"],"url":"https:\/\/elcotarro.com\/?author=2"}]}},"jetpack_featured_media_url":"","jetpack_sharing_enabled":true,"_links":{"self":[{"href":"https:\/\/elcotarro.com\/index.php?rest_route=\/wp\/v2\/posts\/10277","targetHints":{"allow":["GET"]}}],"collection":[{"href":"https:\/\/elcotarro.com\/index.php?rest_route=\/wp\/v2\/posts"}],"about":[{"href":"https:\/\/elcotarro.com\/index.php?rest_route=\/wp\/v2\/types\/post"}],"author":[{"embeddable":true,"href":"https:\/\/elcotarro.com\/index.php?rest_route=\/wp\/v2\/users\/2"}],"replies":[{"embeddable":true,"href":"https:\/\/elcotarro.com\/index.php?rest_route=%2Fwp%2Fv2%2Fcomments&post=10277"}],"version-history":[{"count":1,"href":"https:\/\/elcotarro.com\/index.php?rest_route=\/wp\/v2\/posts\/10277\/revisions"}],"predecessor-version":[{"id":10278,"href":"https:\/\/elcotarro.com\/index.php?rest_route=\/wp\/v2\/posts\/10277\/revisions\/10278"}],"wp:attachment":[{"href":"https:\/\/elcotarro.com\/index.php?rest_route=%2Fwp%2Fv2%2Fmedia&parent=10277"}],"wp:term":[{"taxonomy":"category","embeddable":true,"href":"https:\/\/elcotarro.com\/index.php?rest_route=%2Fwp%2Fv2%2Fcategories&post=10277"},{"taxonomy":"post_tag","embeddable":true,"href":"https:\/\/elcotarro.com\/index.php?rest_route=%2Fwp%2Fv2%2Ftags&post=10277"}],"curies":[{"name":"wp","href":"https:\/\/api.w.org\/{rel}","templated":true}]}}