{"id":10303,"date":"2022-01-30T00:11:30","date_gmt":"2022-01-30T00:11:30","guid":{"rendered":"https:\/\/elcotarro.com\/?p=10303"},"modified":"2022-01-30T00:11:30","modified_gmt":"2022-01-30T00:11:30","slug":"el-cotarro-no386-del-domingo-30-01-2022","status":"publish","type":"post","link":"https:\/\/elcotarro.com\/?p=10303","title":{"rendered":"EL COTARRO N\u00ba386, DEL DOMINGO, 30\/01\/2022"},"content":{"rendered":"<blockquote><p><span style=\"color: #ff0000\"><strong>EL COTARRO N\u00ba386 DEL 30 DE ENERO DE 2022<\/strong><\/span><\/p><\/blockquote>\n<p>&nbsp;<\/p>\n<p>&nbsp;<\/p>\n<p><em>Por <strong>Jos\u00e9 Carlos Marrero *<\/strong><\/em><\/p>\n<p>&nbsp;<\/p>\n<p>&nbsp;<\/p>\n<p><span style=\"color: #0000ff\"><strong>ESTO ES DE LOCOS&#8230; O ES UNA AUT\u00c9NTICA LOCURA<\/strong><\/span><\/p>\n<ul>\n<li>Aunque en <strong><em>El Cotarro<\/em><\/strong> de hoy les vaya a hablar de cosas que pueden parecerles una aut\u00e9ntica locura, o cosas de locos y descerebrados, no me estoy refiriendo al conflicto entre Rusia y Ucrania, que tiene en vilo a todo el mundo, ni much\u00edsimo menos, v\u00e1lgame Dios. Aunque, ya puestos, parece que eso tambi\u00e9n es una locura, o es cosa de verdaderos locos. Y que me perdone el presidente ruso, <strong>Vlad\u00edmir Putin<\/strong>, y el de Ucrania, <strong>Volod\u00edmir Zelenski<\/strong>, sin olvidarme al americano, <strong>Joe Biden<\/strong>, y todos los dem\u00e1s, que parece que juegan y bailan (con perd\u00f3n) al son que tocan los unos o los otros, con nuestro futuro y el de nuestro planeta por medio. De lo que voy a hablarles, es de temas canarios que tambi\u00e9n pueden parecer locuras y que (m\u00e1s de uno de ellos) tiene que ver con las pr\u00f3ximas elecciones locales (y\/o generales) que est\u00e1n en el cercano horizonte y que tienen ya en un sin vivir a m\u00e1s de uno.<\/li>\n<\/ul>\n<p><img loading=\"lazy\" decoding=\"async\" class=\"size-large wp-image-3711 aligncenter\" src=\"https:\/\/canariasenpositivo.com\/wp-content\/uploads\/2022\/01\/1.-PUTIN-Y-BIDEN-1024x710.jpg\" alt=\"\" width=\"660\" height=\"458\" \/><\/p>\n<p style=\"text-align: center\"><em>Joe Biden (i) y Vlad\u00edmir Putin: dos presidentes en torno a una peligrosa locura<\/em><\/p>\n<p>&nbsp;<\/p>\n<p><span style=\"color: #0000ff\"><strong>BUSCANDO ENEMIGOS\u2026, O BIEN FUTUROS AMIGOS<\/strong><\/span><\/p>\n<ul>\n<li>Si se fijan un poquito, si leen entre l\u00edneas, si analizan determinadas opiniones, si se quedan con algunos comentarios o, simplemente, est\u00e1n \u201cal loro\u201d de alguno de los recientes acontecimientos, aparentemente espont\u00e1neos o buscados con alguna intenci\u00f3n, parece que ya los \u201cgallos\u201d de los distintos partidos est\u00e1n afilando sus \u201cespuelas\u201d, o bien los partidos de los diferentes \u201cgallos\u201d est\u00e1n calentando el \u201cgallinero\u201d pol\u00edtico canario. Los principales \u201cgallos\u201d auton\u00f3micos: <strong>\u00c1ngel V\u00edctor Torres<\/strong> (PSOE), <strong>Fernando Clavijo<\/strong> (CC), el reci\u00e9n estrenado como l\u00edder de su formaci\u00f3n a nivel regional <strong>Manuel Dom\u00ednguez<\/strong> (PP), <strong>Rom\u00e1n Rodr\u00edguez<\/strong> (NC), <strong>Laura Fuentes<\/strong> (PC) y alg\u00fan que otro qu\u00edquere o qu\u00edcara regionales, est\u00e1n ya metiendo baza, directa o indirectamente, en la forma y en el fondo, de muchas y determinadas noticias, acciones, debates y pol\u00e9micas. Y en todos los movimientos est\u00e1n pensando en las encuestas de cada mes, en las listas de ma\u00f1ana y en las elecciones de pasado ma\u00f1ana.<\/li>\n<\/ul>\n<p><img loading=\"lazy\" decoding=\"async\" class=\"size-large wp-image-3712 aligncenter\" src=\"https:\/\/canariasenpositivo.com\/wp-content\/uploads\/2022\/01\/2.-ANGEL-Y-FERNANDO-1024x683.jpg\" alt=\"\" width=\"660\" height=\"440\" \/><\/p>\n<p style=\"text-align: center\"><em>\u00c1ngel V\u00edctor Torres y Fernando Clavijo: amigos o enemigos y viceversa.<\/em><\/p>\n<p>&nbsp;<\/p>\n<p><span style=\"color: #0000ff\"><strong>EL CLIMA EN LA GALAXIA DE COALICI\u00d3N CANARIA<\/strong><\/span><\/p>\n<ul>\n<li>En la galaxia de Coalici\u00f3n Canaria, <strong>Carlos Alonso<\/strong> (CC) dice de boca para fuera que no quiere volverse a presentar para reconquistar la presidencia del Cabildo de Tenerife, pero, de boca para dentro igual lo est\u00e1 pensando y hasta deseando. Otros piensan que debe presentarse porque entienden que es el mejor candidato y m\u00e1s preparado. Otros dicen que, de hacerlo, pondr\u00e1 como condici\u00f3n hacer doblete, yendo a la vez a la lista del Senado, para estar aforado por si los nubarrones jur\u00eddicos pasan a tormentas. Por su parte, <strong>Jos\u00e9 Manuel Berm\u00fadez<\/strong> no oculta que, m\u00e1s que seguir de alcalde (aunque le gusta) preferir\u00eda mucho m\u00e1s ser presidente del Cabildo. Pero, por si acaso le volviera a pasar como la \u00faltima vez, que encabez\u00f3 la lista m\u00e1s votada, pero <strong>Patricia Hern\u00e1ndez<\/strong> (PSOE) pact\u00f3 con los otros, le arrebataron la alcald\u00eda y se qued\u00f3 a dos velas, <strong>Berm\u00fadez<\/strong> esta vez, vaya a donde vaya, tambi\u00e9n exigir\u00eda poder hacer doblete para ir, al mismo tiempo, en la lista al Parlamento de Canarias o tambi\u00e9n al Senado. De otras personas hablar\u00e9 en pr\u00f3ximas ediciones.<\/li>\n<\/ul>\n<p><img loading=\"lazy\" decoding=\"async\" class=\"size-large wp-image-3713 aligncenter\" src=\"https:\/\/canariasenpositivo.com\/wp-content\/uploads\/2022\/01\/3.-FAMOSO-G4-1024x768.jpg\" alt=\"\" width=\"660\" height=\"495\" \/><\/p>\n<p style=\"text-align: center\"><em>El \u201cG-4\u201d sigue funcionando. De Izda. a Dcha.: Carlos Alonso, Jos\u00e9 Alberto D\u00edaz (aunque no p\u00fablicamente), Jos\u00e9 Manuel Berm\u00fadez y Fernando Clavijo<\/em><\/p>\n<p>&nbsp;<\/p>\n<p><span style=\"color: #0000ff\"><strong>LA CLIMATOLOG\u00cdA EN LA \u2018GALAXIA SOCIALISTA\u2019<\/strong><\/span><\/p>\n<ul>\n<li>En esta galaxia del PSOE, el tema que ocupa y preocupa tiene que ver con La Laguna y el asunto que ha publicado el digital <em>Tiempo de Canarias<\/em>, que dirige el periodista <strong>Pedro Guerra<\/strong> y que tiene que ver con la decisi\u00f3n de la se\u00f1ora <strong>Mar\u00eda Celia Blanco Redondo<\/strong>, jueza titular del Juzgado de Instrucci\u00f3n N\u00ba2 de La Laguna, que ha ordenado abrir de nuevo las diligencias del llamado \u201ccaso Laykas\u201d, que inicialmente hab\u00edan sido sobrese\u00eddas. Este es el caso que denunci\u00f3 y aire\u00f3 a trav\u00e9s de unos videos, que se hicieron virales por las redes sociales, el concejal lagunero <strong>Alfredo G\u00f3mez \u00c1lvarez<\/strong>, cuando era presidente de la Comisi\u00f3n de Transparencia, Informaci\u00f3n P\u00fablica y Buen Gobierno del Ayuntamiento de La Laguna, y de la que fue fulminantemente cesado. En aquel momento <strong>Alfredo G\u00f3mez<\/strong> estaba en Ciudadanos y ahora sigue de concejal, pero en el limbo de los concejales \u201cno adscritos\u201d. La cosa pinta chunga.<\/li>\n<\/ul>\n<p><img loading=\"lazy\" decoding=\"async\" class=\"size-large wp-image-3714 aligncenter\" src=\"https:\/\/canariasenpositivo.com\/wp-content\/uploads\/2022\/01\/4.-ALFREDO-G\u00d3MEZ-1024x576.jpg\" alt=\"\" width=\"660\" height=\"371\" \/><\/p>\n<p style=\"text-align: center\"><em>Alfredo G\u00f3mez \u00c1lvarez, el concejal ahora \u201cno adscrito\u201d que denunci\u00f3 el \u00abcaso Laykas\u00bb.<\/em><\/p>\n<p>&nbsp;<\/p>\n<p><span style=\"color: #0000ff\"><strong>LA CLIMATOLOG\u00cdA EN LA \u2018GALAXIA SOCIALISTA\u2019<\/strong><\/span><\/p>\n<ul>\n<li>Seg\u00fan escribe <strong>Pablo Garc\u00eda<\/strong> en <em>Tiempo de Canarias<\/em>, en los pr\u00f3ximos d\u00edas la se\u00f1ora jueza, <strong>Mar\u00eda Celia Blanco<\/strong>, podr\u00eda citar a las personas contra las que se dirig\u00eda la denuncia y entre las que estar\u00edan el propio alcalde, <strong>Luis Yeray Guti\u00e9rrez<\/strong>; su pareja y concejala de Cultura, <strong>Yaiza L\u00f3pez<\/strong>; el concejal de Hacienda, <strong>Alejandro Marrero<\/strong>; la hoy concejala de Presidencia (antes de Fiestas),<strong> Carla Cabrera<\/strong>; y el hoy concejal de Fiestas (antes responsable de Cultura en el Organismo Aut\u00f3nomo) <strong>Badel Albelo<\/strong>. Parece que a todos ellos se les atribuyen presuntos delitos de prevaricaci\u00f3n, malversaci\u00f3n de caudales p\u00fablico, gesti\u00f3n interesada, cohecho y falsificaci\u00f3n documental. Esto debe pasar ahora por el largo y sinuoso camino que lleva una denuncia de este tipo y el tiempo que tarda en recorrerlo. Presumiendo la inocencia de todos los denunciados, procede pedir y esperar que la Jueza, <strong>Mar\u00eda Celia Blanco<\/strong>, sea r\u00e1pida y que salga lo que en Justicia proceda\u2026, pero no dentro de 10 a\u00f1os.<\/li>\n<\/ul>\n<p><img loading=\"lazy\" decoding=\"async\" class=\"size-large wp-image-3715 aligncenter\" src=\"https:\/\/canariasenpositivo.com\/wp-content\/uploads\/2022\/01\/5.-ALFREDO-Y-LUIS-YERAY-1024x576.jpg\" alt=\"\" width=\"660\" height=\"371\" \/><\/p>\n<p style=\"text-align: center\"><em>El alcalde, Luis Yeray Guti\u00e9rrez (d) con el concejal Alfredo G\u00f3mez, cuando \u00e9ste presid\u00eda la Comisi\u00f3n Municipal de Transparencia, Informaci\u00f3n y Buen Gobierno.<\/em><\/p>\n<p>&nbsp;<\/p>\n<p><span style=\"color: #0000ff\"><strong>ESTADO <\/strong><strong>CLIMATOL\u00d3GICO<\/strong><strong> EN LA \u2018POPULAR GALAXIA\u2019<\/strong><\/span><\/p>\n<ul>\n<li>He coincidido y hablado personalmente en las \u00faltimas semanas, con varios altos responsables del Partido Popular en Canarias\u2026 <strong>Manuel Dom\u00ednguez<\/strong> (hoy presidente regional del PP en Canarias), <strong>Guillermo D\u00edaz Guerra<\/strong> (vicealcalde de Santa Cruz de Tenerife), <strong>Asier Antona<\/strong> (diputado nacional), <strong>Jacob Afonso<\/strong> (secretario de la agrupaci\u00f3n local del PP en La Laguna) y algunas otras personalidades del PP o de su entorno en La Laguna. Si me preguntan cu\u00e1l es la sensaci\u00f3n clim\u00e1tica que percibo, les puedo decir (porque me lo han afirmado) que est\u00e1n bastante descontentos con la \u201cl\u00ednea editorial\u201d que el concejal <strong>Manolo G\u00f3mez<\/strong>, \u00faltimo cabeza de lista del PP al ayuntamiento lagunero, portavoz municipal en la corporaci\u00f3n concejal y, te\u00f3ricamente, puntal de la oposici\u00f3n, est\u00e1 llevando en la corporaci\u00f3n lagunera. Cree m\u00e1s de uno (y as\u00ed me lo manifiesta) que <strong>Manolo G\u00f3mez<\/strong> est\u00e1 entregado, sometido y\/o feliz de la vida con el actual grupo que gobierna en La Laguna.<\/li>\n<\/ul>\n<p><img loading=\"lazy\" decoding=\"async\" class=\"size-full wp-image-3716 aligncenter\" src=\"https:\/\/canariasenpositivo.com\/wp-content\/uploads\/2022\/01\/6.-PARTIDO-POPULAR.jpg\" alt=\"\" width=\"709\" height=\"667\" \/><\/p>\n<p style=\"text-align: center\"><em>Asier Antona (i), Manolo G\u00f3mez (c) y Manuel Dom\u00ednguez, tres puntales del PP<\/em><\/p>\n<p>&nbsp;<\/p>\n<p><span style=\"color: #0000ff\"><strong>CLARO MALESTAR EN EL SENO DEL PP LAGUNERO<\/strong><\/span><\/p>\n<ul>\n<li>No hace falta \u201cescarbar\u201d mucho, ni muy inteligente. Simplemente hablando un rato con alguno de los responsables del Partido Popular en Tenerife, con militantes, simpatizantes y votantes laguneros del PP, uno se da cuenta del malestar, el \u201cmal rollo\u201d, el desconcierto y los piques que est\u00e1n a flor de piel. Como en otros temas y otros partidos, esto te lo dicen sin el \u201coff the record\u201d, pero nunca ante un micr\u00f3fono y menos delante de una c\u00e1mara. Pero la verdad es que, por mucho que digan por delante lo contrario, no est\u00e1n a gusto ni satisfechos con lo que est\u00e1 haciendo <strong>Manolo G\u00f3mez<\/strong>. El resumen, en una expresi\u00f3n de uno de los mencionados responsables fue: <em>\u201cs\u00e9 que los laguneros est\u00e1n viendo que el PP en La Laguna ni est\u00e1, ni se le espera\u201d<\/em>. El problema a\u00f1adido es que, quien est\u00e1 frito por ser nominado cabeza de lista, tampoco termina de gustar. El PP lagunero sigue buscando contra reloj, pero no termina de encontrar porque, cada d\u00eda, quiere menos gente entrar en \u201cesta\u201d pol\u00edtica y en este modelo de \u201chacer\u201d pol\u00edtica\u2026 Y los seguidores de Vox, encantados.<\/li>\n<\/ul>\n<p><img loading=\"lazy\" decoding=\"async\" class=\"size-full wp-image-3717 aligncenter\" src=\"https:\/\/canariasenpositivo.com\/wp-content\/uploads\/2022\/01\/7.-MANOLO-G\u00d3MEZ.jpg\" alt=\"\" width=\"1000\" height=\"665\" \/><\/p>\n<p style=\"text-align: center\"><em>Manolo G\u00f3mez Padilla, muy buena persona, pero que no termina de gustar al PP.<\/em><\/p>\n<p>&nbsp;<\/p>\n<p><span style=\"color: #0000ff\"><strong>PACTOS INCUMPLIDOS, PERO\u2026 PELILLOS A LA MAR<\/strong><\/span><\/p>\n<ul>\n<li>Lo que les digo de \u201cesta clase de hacer pol\u00edtica\u201d est\u00e1 \u201cespantando\u201d a posibles buenos candidatos potenciales, alejando de la pol\u00edtica activa a muchos j\u00f3venes y desafectando a gran parte de la ciudadan\u00eda a la que cada d\u00eda le cuesta m\u00e1s acercarse a una urna. Y es que, en las pasadas elecciones, por ejemplo, en La Laguna se hab\u00eda cerrado un acuerdo de pacto entre el PSOE y Coalici\u00f3n Canaria, por el que ser\u00eda alcalde el cabeza de la lista m\u00e1s votada. Quienes lo pactaron y dieron su palabra, lo saben. La lista m\u00e1s votada fue la de CC, pero alguien no cumpli\u00f3 y <strong>Luis Yeray Guti\u00e9rrez<\/strong> se convirti\u00f3 en alcalde. Lo curioso es que, a d\u00eda de hoy y de acuerdo con las encuestas que corren, dicen que CC y PSOE estar\u00edan dispuestos a renovar dicho pacto, aun sabiendo que, esta vez, posiblemente la lista m\u00e1s votada ser\u00eda la del PSOE. Y de nuevo <strong>Luis Yeray <\/strong>(PSOE) ser\u00eda alcalde, con <strong>Jonathan Dom\u00ednguez<\/strong> (CC) su vicealcalde. Porque, hoy por hoy, las encuestas dicen que la suma de concejales de CC y el PP no llegar\u00eda a los 14 necesarios. Eso es lo que dicen que hay. Y ah\u00ed lo dejo.<\/li>\n<\/ul>\n<p><img loading=\"lazy\" decoding=\"async\" class=\"size-full wp-image-3718 aligncenter\" src=\"https:\/\/canariasenpositivo.com\/wp-content\/uploads\/2022\/01\/8.-JONATHAN.jpg\" alt=\"\" width=\"400\" height=\"401\" \/><\/p>\n<p style=\"text-align: center\"><em>\u00bfJonathan Dom\u00ednguez podr\u00eda ser el primer teniente de alcalde de Luis Yeray?<\/em><\/p>\n<p>&nbsp;<\/p>\n<p><span style=\"color: #0000ff\"><strong>DE LA PALMA PARA AUSTRALIA\u2026 Y VICEVERSA<\/strong><\/span><\/p>\n<ul>\n<li>Cambio de tercio para contarles que mi gran amigo (aunque es del Tenisca) <strong>Juan Francisco Capote \u00c1lvarez<\/strong>, palmero de pro, veterinario, investigador del Instituto Canario de Investigaciones Agrarias (IC\u00cdA) y uno de los m\u00e1s importantes expertos mundiales en temas de cabras, no en balde ha sido presidente de la Asociaci\u00f3n Mundial del Caprino (International Goat Association \u2013 IGA) me ha hecho llegar un interesant\u00edsimo reportaje escrito por <strong>Alicia Uribe<\/strong> y publicado The Wall Street Journal, el prestigioso diario americano. En el art\u00edculo <strong>Alicia<\/strong> <strong>Uribe<\/strong> informa de que, despu\u00e9s de los mortales incendios forestales de hace a\u00f1os, las autoridades australianas est\u00e1n intentando algo nuevo de la mano de las cabras. Manifiesta <strong>Alicia<\/strong> que se han dado cuenta de que las cabras son muy buenas para comer yesca (hojarasca y dem\u00e1s materia muy seca, que cualquier chispa prende en ella) cosa muy buena para prevenir incendios forestales. Lo de Australia no es nada nuevo\u2026 Ya alguien en La Palma, y tambi\u00e9n en Tenerife, lo hab\u00edan dicho y propuesto.<\/li>\n<\/ul>\n<p><img loading=\"lazy\" decoding=\"async\" class=\"size-full wp-image-3719 aligncenter\" src=\"https:\/\/canariasenpositivo.com\/wp-content\/uploads\/2022\/01\/9.-JUAN-CAPOTE.jpg\" alt=\"\" width=\"450\" height=\"336\" \/><\/p>\n<p style=\"text-align: center\"><em>El gran Juan Capote, rodeado de cabras\u2026 No s\u00e9 si palmeras, tinerfe\u00f1as o majoreras.<\/em><\/p>\n<p>&nbsp;<\/p>\n<p><span style=\"color: #0000ff\"><strong>CABRAS ACTUANDO DE \u201cBRIGADAS FORESTALES\u201d<\/strong><\/span><\/p>\n<ul>\n<li>Ya en nuestra tierra, esto lo hab\u00edan avanzado el propio <strong>Juan Capote<\/strong> y el recordado <strong>Pedro Molina Ramos<\/strong> (Q.e.p.d.) l\u00edder por siempre del sector ganadero de Canarias. Pero es verdad, de igual modo, seg\u00fan le han dicho a <strong>Alicia Uribe<\/strong>, que las cabras no siempre siguen las \u00f3rdenes. Parece que en Australia ya ha utilizado sensores, tecnolog\u00eda satelital, helic\u00f3pteros con c\u00e1maras infrarrojas y camiones de bomberos con terminales de datos m\u00f3viles para combatir incendios forestales mortales, pero lo siguiente son las cabras. La idea, seg\u00fan manifiesta el experto <strong>Troy Gersback<\/strong>, es enviar a estos \u201ctrabajadores de cuatro patas\u201d durante los a\u00f1os calurosos y secos, a trav\u00e9s de la maleza y la hojarasca, que pueden actuar como yesca. Estima <strong>Gersback<\/strong> que 40 cabras pueden masticar m\u00e1s de medio acre (unos 2.000 metros cuadrados) de vegetaci\u00f3n densa en dos semanas y vegetaci\u00f3n de densidad media en una semana, seg\u00fan las autoridades de Nueva Gales del Sur.<\/li>\n<\/ul>\n<p><img loading=\"lazy\" decoding=\"async\" class=\"size-large wp-image-3720 aligncenter\" src=\"https:\/\/canariasenpositivo.com\/wp-content\/uploads\/2022\/01\/10.-BOMBEROS-Y-CABRAS-1024x598.jpg\" alt=\"\" width=\"660\" height=\"385\" \/><\/p>\n<p style=\"text-align: center\"><em>Bomberos voluntarios con sus cabras \u201cayudantes\u201d en Hillburn, una localidad en el estado americano de Nueva York.<\/em><\/p>\n<p>&nbsp;<\/p>\n<p><span style=\"color: #0000ff\"><strong>EXPERIENCIA DE 40 CABRAS \u201cBOMBERAS\u201d EN LUE<\/strong><\/span><\/p>\n<ul>\n<li>Por su parte, otro experto en la materia, <strong>Billie Johnstone<\/strong>, cuenta que, a finales del pasado mes de octubre de 2021, alrededor de 40 de los animales fueron enviados para una prueba en un corredor ferroviario no utilizado, junto a la escuela p\u00fablica Lue, a m\u00e1s de 100 millas al noroeste de S\u00eddney. Por cierto: cuenta encantada la directora de la escuela de Lue, <strong>Kelly Blanco<\/strong>, que el autob\u00fas escolar se detiene y las cabras se dan la vuelta para echar un vistazo y ver qui\u00e9n sale del autob\u00fas. Las autoridades quieren ver, seg\u00fan dice <strong>Billie Johnstone<\/strong> qu\u00e9 tan bien el ganado caprino puede reducir la vegetaci\u00f3n propensa a incendios cerca de bosques, carreteras y pueblos. Debido a que el cambio clim\u00e1tico y la sequ\u00eda han hecho que los incendios forestales sean m\u00e1s frecuentes y dif\u00edciles de controlar, la gente se pregunta cu\u00e1l es la manera de administrar los recursos de extinci\u00f3n de incendios y qu\u00e9 m\u00e1s se puede hacer.<\/li>\n<\/ul>\n<p><img loading=\"lazy\" decoding=\"async\" class=\"size-full wp-image-3721 aligncenter\" src=\"https:\/\/canariasenpositivo.com\/wp-content\/uploads\/2022\/01\/11.-CABRA-RANGER.jpg\" alt=\"\" width=\"986\" height=\"554\" \/><\/p>\n<p style=\"text-align: center\"><em>Un ejemplar de \u201cRussells Ranger\u201d (Guardabosques de Russell) para la prevenci\u00f3n de incendios forestales (Wildfire prevention) en Russell (California)<\/em><\/p>\n<p>&nbsp;<\/p>\n<p><span style=\"color: #0000ff\"><strong>NO SON LO M\u00c1S TECNOL\u00d3GICO, PERO FUNCIONAN<\/strong><\/span><\/p>\n<ul>\n<li>Por su parte, <strong>Peter McKechnie<\/strong>, miembro del Servicio de Bomberos Rurales de Nueva Gales del Sur, dijo que <em>\u201clas cabras no son lo m\u00e1s tecnol\u00f3gico\u201d<\/em> pero hacen un trabajo ligero en terrenos rocosos y ondulados, que, de otro modo, ser\u00edan dif\u00edciles de abordar. Las cabras tienen la reputaci\u00f3n de comer cosas que otros animales, incluidas las vacas y las ovejas, no comen. Tambi\u00e9n les encanta escalar, y pueden alcanzar m\u00e1s de 6 pies (casi dos metros) de altura levant\u00e1ndose sobre sus patas traseras, para comer sabrosas hojas de \u00e1rboles o incluso arrancar matorrales j\u00f3venes enteros. Incluso se ha dicho que podr\u00edan comerse los brotes del pu\u00f1etero \u201cRabo de gato\u201d, la maldita especie invasora que ya est\u00e1 presente y apoder\u00e1ndose de todas nuestras islas. Sin duda, <strong>Juan Capote<\/strong> me hace llegar este interesante y curioso reportaje, convencido de que nuestras cabras tambi\u00e9n pueden ser \u201cbomberas forestales\u201d para ayudar a prevenir los incendios en nuestras islas.<\/li>\n<\/ul>\n<p><img loading=\"lazy\" decoding=\"async\" class=\"size-large wp-image-3722 aligncenter\" src=\"https:\/\/canariasenpositivo.com\/wp-content\/uploads\/2022\/01\/12.-RABO-DE-GATO-1024x537.jpg\" alt=\"\" width=\"660\" height=\"346\" \/><\/p>\n<p style=\"text-align: center\"><em>Ejemplares de la invasora \u201cRabo de gato\u201d junto a una carretera de Tenerife.<\/em><\/p>\n<p><em>\u00a0<\/em><\/p>\n<p><span style=\"color: #0000ff\"><strong>CABRAS DE JUAN Y MULAS DE RICARDO MELCHIOR<\/strong><\/span><\/p>\n<ul>\n<li>Remato la faena dici\u00e9ndoles que esto no es nada nuevo y no es la primera vez que se hable de ello por estos andurriales. Ya por parte de <strong>Ricardo Melchior<\/strong>, siendo presidente del Cabildo de Tenerife, se habl\u00f3 de la posible creaci\u00f3n de un \u201cregimiento de mulas\u201d o bien \u201cbatall\u00f3n de ac\u00e9milas\u201d, que pudieran cargar material contra incendio de apoyo a las brigadas forestales. Aseguraba <strong>Ricardo Melchior<\/strong> (y el bueno de <strong>Pedro Molina<\/strong> lo confirmaba) que, seg\u00fan todas las informaciones, las mulas o ac\u00e9milas, son unos animales muy duros a la hora de cargar peso y moverse por caminos, veredas y barrancos por los que dif\u00edcilmente entrar\u00eda un todoterreno o veh\u00edculo de motor, la obra de la pasarela peatonal en la rotonda Me temo que, aqu\u00ed, ser\u00e1 \u201cde retroceso\u201d. Con las cabras propuestas por <strong>Juan Capote<\/strong> para prevenci\u00f3n de posibles incendios y las mulas propuestas por <strong>Ricardo Melchior<\/strong> para ayudar a apagarlos, igual protegemos m\u00e1s y mejore a nuestros montes. Y mulas, mulos, cabras y cabritos (por no decir&#8230;)\u2026 tenemos de sobra en estas islas\u2026 La broma que no falte, siempre con respeto.<\/li>\n<\/ul>\n<p><em> <img loading=\"lazy\" decoding=\"async\" class=\"size-full wp-image-3723 aligncenter\" src=\"https:\/\/canariasenpositivo.com\/wp-content\/uploads\/2022\/01\/13.-MULAS-O-AC\u00c9MILAS.jpg\" alt=\"\" width=\"880\" height=\"660\" \/><\/em><\/p>\n<p style=\"text-align: center\"><em>Un reba\u00f1o de mulas, que podr\u00edan ayudar a combatir incendios forestales.<\/em><\/p>\n<p><em>\u00a0<\/em><\/p>\n<p><span style=\"color: #0000ff\"><strong>* Jos\u00e9 Carlos MARRERO GONZ\u00c1LEZ<\/strong><\/span><\/p>\n<p>Periodista y analista de la actualidad.<\/p>\n<p>Director de <strong><em>El Cotarro<\/em><\/strong> (www.elcotarro.com)<\/p>\n<p>Director de <strong><em>Canarias en Positivo<\/em><\/strong> (www.canariasenpositivo.com)<\/p>\n<p>Director de <strong><em>GastroCanarias<\/em><\/strong> (www.gastrocanarias.com)<\/p>\n<p>&nbsp;<\/p>\n<p>Islas Canarias, 30 de enero de 2022.<\/p>\n<p>&nbsp;<\/p>\n<p><em><img loading=\"lazy\" decoding=\"async\" class=\"size-full wp-image-3483 aligncenter\" src=\"https:\/\/canariasenpositivo.com\/wp-content\/uploads\/2021\/12\/14.-BANNER-CARECA-INSULA-1.jpg\" alt=\"\" width=\"750\" height=\"153\" \/><\/em><\/p>\n<p>&nbsp;<\/p>\n","protected":false},"excerpt":{"rendered":"<p>EL COTARRO N\u00ba386 DEL 30 DE ENERO DE 2022 &nbsp; &nbsp; Por Jos\u00e9 Carlos Marrero * &nbsp; &nbsp; ESTO ES DE LOCOS&#8230; O ES UNA AUT\u00c9NTICA LOCURA Aunque en El Cotarro de hoy les vaya a hablar de cosas que pueden parecerles una aut\u00e9ntica locura, o cosas de locos y descerebrados, no me estoy refiriendo &#8230; <a class=\"read-more\" href=\"https:\/\/elcotarro.com\/?p=10303\">Read more<\/a><\/p>\n","protected":false},"author":2,"featured_media":0,"comment_status":"open","ping_status":"open","sticky":false,"template":"","format":"standard","meta":{"_jetpack_memberships_contains_paid_content":false,"footnotes":""},"categories":[4],"tags":[],"class_list":["post-10303","post","type-post","status-publish","format-standard","hentry","category-el-cotarro"],"yoast_head":"<!-- This site is optimized with the Yoast SEO plugin v27.0 - https:\/\/yoast.com\/product\/yoast-seo-wordpress\/ -->\n<title>EL COTARRO N\u00ba386, DEL DOMINGO, 30\/01\/2022 - El Cotarro<\/title>\n<meta name=\"robots\" content=\"index, follow, max-snippet:-1, max-image-preview:large, max-video-preview:-1\" \/>\n<link rel=\"canonical\" href=\"https:\/\/elcotarro.com\/?p=10303\" \/>\n<meta property=\"og:locale\" content=\"es_ES\" \/>\n<meta property=\"og:type\" content=\"article\" \/>\n<meta property=\"og:title\" content=\"EL COTARRO N\u00ba386, DEL DOMINGO, 30\/01\/2022 - El Cotarro\" \/>\n<meta property=\"og:description\" content=\"EL COTARRO N\u00ba386 DEL 30 DE ENERO DE 2022 &nbsp; &nbsp; Por Jos\u00e9 Carlos Marrero * &nbsp; &nbsp; ESTO ES DE LOCOS&#8230; O ES UNA AUT\u00c9NTICA LOCURA Aunque en El Cotarro de hoy les vaya a hablar de cosas que pueden parecerles una aut\u00e9ntica locura, o cosas de locos y descerebrados, no me estoy refiriendo ... Read more\" \/>\n<meta property=\"og:url\" content=\"https:\/\/elcotarro.com\/?p=10303\" \/>\n<meta property=\"og:site_name\" content=\"El Cotarro\" \/>\n<meta property=\"article:publisher\" content=\"https:\/\/www.facebook.com\/ElCotarro.Tenerife\" \/>\n<meta property=\"article:published_time\" content=\"2022-01-30T00:11:30+00:00\" \/>\n<meta property=\"og:image\" content=\"https:\/\/canariasenpositivo.com\/wp-content\/uploads\/2022\/01\/1.-PUTIN-Y-BIDEN-1024x710.jpg\" \/>\n<meta name=\"author\" content=\"Jos\u00e9 Carlos Marrero Gonz\u00e1lez\" \/>\n<meta name=\"twitter:label1\" content=\"Escrito por\" \/>\n\t<meta name=\"twitter:data1\" content=\"Jos\u00e9 Carlos Marrero Gonz\u00e1lez\" \/>\n\t<meta name=\"twitter:label2\" content=\"Tiempo de lectura\" \/>\n\t<meta name=\"twitter:data2\" content=\"14 minutos\" \/>\n<script type=\"application\/ld+json\" class=\"yoast-schema-graph\">{\"@context\":\"https:\/\/schema.org\",\"@graph\":[{\"@type\":\"Article\",\"@id\":\"https:\/\/elcotarro.com\/?p=10303#article\",\"isPartOf\":{\"@id\":\"https:\/\/elcotarro.com\/?p=10303\"},\"author\":{\"name\":\"Jos\u00e9 Carlos Marrero Gonz\u00e1lez\",\"@id\":\"https:\/\/elcotarro.com\/#\/schema\/person\/af537ee7d60d15984c7e0affcd8a918b\"},\"headline\":\"EL COTARRO N\u00ba386, DEL DOMINGO, 30\/01\/2022\",\"datePublished\":\"2022-01-30T00:11:30+00:00\",\"mainEntityOfPage\":{\"@id\":\"https:\/\/elcotarro.com\/?p=10303\"},\"wordCount\":2737,\"commentCount\":0,\"publisher\":{\"@id\":\"https:\/\/elcotarro.com\/#organization\"},\"image\":{\"@id\":\"https:\/\/elcotarro.com\/?p=10303#primaryimage\"},\"thumbnailUrl\":\"https:\/\/canariasenpositivo.com\/wp-content\/uploads\/2022\/01\/1.-PUTIN-Y-BIDEN-1024x710.jpg\",\"articleSection\":[\"El Cotarro\"],\"inLanguage\":\"es\",\"potentialAction\":[{\"@type\":\"CommentAction\",\"name\":\"Comment\",\"target\":[\"https:\/\/elcotarro.com\/?p=10303#respond\"]}]},{\"@type\":\"WebPage\",\"@id\":\"https:\/\/elcotarro.com\/?p=10303\",\"url\":\"https:\/\/elcotarro.com\/?p=10303\",\"name\":\"EL COTARRO N\u00ba386, DEL DOMINGO, 30\/01\/2022 - El Cotarro\",\"isPartOf\":{\"@id\":\"https:\/\/elcotarro.com\/#website\"},\"primaryImageOfPage\":{\"@id\":\"https:\/\/elcotarro.com\/?p=10303#primaryimage\"},\"image\":{\"@id\":\"https:\/\/elcotarro.com\/?p=10303#primaryimage\"},\"thumbnailUrl\":\"https:\/\/canariasenpositivo.com\/wp-content\/uploads\/2022\/01\/1.-PUTIN-Y-BIDEN-1024x710.jpg\",\"datePublished\":\"2022-01-30T00:11:30+00:00\",\"breadcrumb\":{\"@id\":\"https:\/\/elcotarro.com\/?p=10303#breadcrumb\"},\"inLanguage\":\"es\",\"potentialAction\":[{\"@type\":\"ReadAction\",\"target\":[\"https:\/\/elcotarro.com\/?p=10303\"]}]},{\"@type\":\"ImageObject\",\"inLanguage\":\"es\",\"@id\":\"https:\/\/elcotarro.com\/?p=10303#primaryimage\",\"url\":\"https:\/\/canariasenpositivo.com\/wp-content\/uploads\/2022\/01\/1.-PUTIN-Y-BIDEN-1024x710.jpg\",\"contentUrl\":\"https:\/\/canariasenpositivo.com\/wp-content\/uploads\/2022\/01\/1.-PUTIN-Y-BIDEN-1024x710.jpg\"},{\"@type\":\"BreadcrumbList\",\"@id\":\"https:\/\/elcotarro.com\/?p=10303#breadcrumb\",\"itemListElement\":[{\"@type\":\"ListItem\",\"position\":1,\"name\":\"Portada\",\"item\":\"https:\/\/elcotarro.com\/\"},{\"@type\":\"ListItem\",\"position\":2,\"name\":\"EL COTARRO N\u00ba386, DEL DOMINGO, 30\/01\/2022\"}]},{\"@type\":\"WebSite\",\"@id\":\"https:\/\/elcotarro.com\/#website\",\"url\":\"https:\/\/elcotarro.com\/\",\"name\":\"El Cotarro\",\"description\":\"Peri\u00f3dico Digital Independiente dirigido por Jos\u00e9 Carlos Marrero\",\"publisher\":{\"@id\":\"https:\/\/elcotarro.com\/#organization\"},\"potentialAction\":[{\"@type\":\"SearchAction\",\"target\":{\"@type\":\"EntryPoint\",\"urlTemplate\":\"https:\/\/elcotarro.com\/?s={search_term_string}\"},\"query-input\":{\"@type\":\"PropertyValueSpecification\",\"valueRequired\":true,\"valueName\":\"search_term_string\"}}],\"inLanguage\":\"es\"},{\"@type\":\"Organization\",\"@id\":\"https:\/\/elcotarro.com\/#organization\",\"name\":\"El Cotarro\",\"url\":\"https:\/\/elcotarro.com\/\",\"logo\":{\"@type\":\"ImageObject\",\"inLanguage\":\"es\",\"@id\":\"https:\/\/elcotarro.com\/#\/schema\/logo\/image\/\",\"url\":\"https:\/\/elcotarro.com\/wp-content\/uploads\/2014\/09\/Cabecera_El_Cotarro_v2.jpg\",\"contentUrl\":\"https:\/\/elcotarro.com\/wp-content\/uploads\/2014\/09\/Cabecera_El_Cotarro_v2.jpg\",\"width\":3540,\"height\":441,\"caption\":\"El Cotarro\"},\"image\":{\"@id\":\"https:\/\/elcotarro.com\/#\/schema\/logo\/image\/\"},\"sameAs\":[\"https:\/\/www.facebook.com\/ElCotarro.Tenerife\"]},{\"@type\":\"Person\",\"@id\":\"https:\/\/elcotarro.com\/#\/schema\/person\/af537ee7d60d15984c7e0affcd8a918b\",\"name\":\"Jos\u00e9 Carlos Marrero Gonz\u00e1lez\",\"image\":{\"@type\":\"ImageObject\",\"inLanguage\":\"es\",\"@id\":\"https:\/\/elcotarro.com\/#\/schema\/person\/image\/\",\"url\":\"https:\/\/secure.gravatar.com\/avatar\/def4da036efb5d32c74d49c351f6dccc064dd69ad9f3aadc295c5a9a5391ca01?s=96&d=mm&r=g\",\"contentUrl\":\"https:\/\/secure.gravatar.com\/avatar\/def4da036efb5d32c74d49c351f6dccc064dd69ad9f3aadc295c5a9a5391ca01?s=96&d=mm&r=g\",\"caption\":\"Jos\u00e9 Carlos Marrero Gonz\u00e1lez\"},\"sameAs\":[\"https:\/\/elcotarro.com\"],\"url\":\"https:\/\/elcotarro.com\/?author=2\"}]}<\/script>\n<!-- \/ Yoast SEO plugin. -->","yoast_head_json":{"title":"EL COTARRO N\u00ba386, DEL DOMINGO, 30\/01\/2022 - El Cotarro","robots":{"index":"index","follow":"follow","max-snippet":"max-snippet:-1","max-image-preview":"max-image-preview:large","max-video-preview":"max-video-preview:-1"},"canonical":"https:\/\/elcotarro.com\/?p=10303","og_locale":"es_ES","og_type":"article","og_title":"EL COTARRO N\u00ba386, DEL DOMINGO, 30\/01\/2022 - El Cotarro","og_description":"EL COTARRO N\u00ba386 DEL 30 DE ENERO DE 2022 &nbsp; &nbsp; Por Jos\u00e9 Carlos Marrero * &nbsp; &nbsp; ESTO ES DE LOCOS&#8230; O ES UNA AUT\u00c9NTICA LOCURA Aunque en El Cotarro de hoy les vaya a hablar de cosas que pueden parecerles una aut\u00e9ntica locura, o cosas de locos y descerebrados, no me estoy refiriendo ... Read more","og_url":"https:\/\/elcotarro.com\/?p=10303","og_site_name":"El Cotarro","article_publisher":"https:\/\/www.facebook.com\/ElCotarro.Tenerife","article_published_time":"2022-01-30T00:11:30+00:00","og_image":[{"url":"https:\/\/canariasenpositivo.com\/wp-content\/uploads\/2022\/01\/1.-PUTIN-Y-BIDEN-1024x710.jpg","type":"","width":"","height":""}],"author":"Jos\u00e9 Carlos Marrero Gonz\u00e1lez","twitter_misc":{"Escrito por":"Jos\u00e9 Carlos Marrero Gonz\u00e1lez","Tiempo de lectura":"14 minutos"},"schema":{"@context":"https:\/\/schema.org","@graph":[{"@type":"Article","@id":"https:\/\/elcotarro.com\/?p=10303#article","isPartOf":{"@id":"https:\/\/elcotarro.com\/?p=10303"},"author":{"name":"Jos\u00e9 Carlos Marrero Gonz\u00e1lez","@id":"https:\/\/elcotarro.com\/#\/schema\/person\/af537ee7d60d15984c7e0affcd8a918b"},"headline":"EL COTARRO N\u00ba386, DEL DOMINGO, 30\/01\/2022","datePublished":"2022-01-30T00:11:30+00:00","mainEntityOfPage":{"@id":"https:\/\/elcotarro.com\/?p=10303"},"wordCount":2737,"commentCount":0,"publisher":{"@id":"https:\/\/elcotarro.com\/#organization"},"image":{"@id":"https:\/\/elcotarro.com\/?p=10303#primaryimage"},"thumbnailUrl":"https:\/\/canariasenpositivo.com\/wp-content\/uploads\/2022\/01\/1.-PUTIN-Y-BIDEN-1024x710.jpg","articleSection":["El Cotarro"],"inLanguage":"es","potentialAction":[{"@type":"CommentAction","name":"Comment","target":["https:\/\/elcotarro.com\/?p=10303#respond"]}]},{"@type":"WebPage","@id":"https:\/\/elcotarro.com\/?p=10303","url":"https:\/\/elcotarro.com\/?p=10303","name":"EL COTARRO N\u00ba386, DEL DOMINGO, 30\/01\/2022 - El Cotarro","isPartOf":{"@id":"https:\/\/elcotarro.com\/#website"},"primaryImageOfPage":{"@id":"https:\/\/elcotarro.com\/?p=10303#primaryimage"},"image":{"@id":"https:\/\/elcotarro.com\/?p=10303#primaryimage"},"thumbnailUrl":"https:\/\/canariasenpositivo.com\/wp-content\/uploads\/2022\/01\/1.-PUTIN-Y-BIDEN-1024x710.jpg","datePublished":"2022-01-30T00:11:30+00:00","breadcrumb":{"@id":"https:\/\/elcotarro.com\/?p=10303#breadcrumb"},"inLanguage":"es","potentialAction":[{"@type":"ReadAction","target":["https:\/\/elcotarro.com\/?p=10303"]}]},{"@type":"ImageObject","inLanguage":"es","@id":"https:\/\/elcotarro.com\/?p=10303#primaryimage","url":"https:\/\/canariasenpositivo.com\/wp-content\/uploads\/2022\/01\/1.-PUTIN-Y-BIDEN-1024x710.jpg","contentUrl":"https:\/\/canariasenpositivo.com\/wp-content\/uploads\/2022\/01\/1.-PUTIN-Y-BIDEN-1024x710.jpg"},{"@type":"BreadcrumbList","@id":"https:\/\/elcotarro.com\/?p=10303#breadcrumb","itemListElement":[{"@type":"ListItem","position":1,"name":"Portada","item":"https:\/\/elcotarro.com\/"},{"@type":"ListItem","position":2,"name":"EL COTARRO N\u00ba386, DEL DOMINGO, 30\/01\/2022"}]},{"@type":"WebSite","@id":"https:\/\/elcotarro.com\/#website","url":"https:\/\/elcotarro.com\/","name":"El Cotarro","description":"Peri\u00f3dico Digital Independiente dirigido por Jos\u00e9 Carlos Marrero","publisher":{"@id":"https:\/\/elcotarro.com\/#organization"},"potentialAction":[{"@type":"SearchAction","target":{"@type":"EntryPoint","urlTemplate":"https:\/\/elcotarro.com\/?s={search_term_string}"},"query-input":{"@type":"PropertyValueSpecification","valueRequired":true,"valueName":"search_term_string"}}],"inLanguage":"es"},{"@type":"Organization","@id":"https:\/\/elcotarro.com\/#organization","name":"El Cotarro","url":"https:\/\/elcotarro.com\/","logo":{"@type":"ImageObject","inLanguage":"es","@id":"https:\/\/elcotarro.com\/#\/schema\/logo\/image\/","url":"https:\/\/elcotarro.com\/wp-content\/uploads\/2014\/09\/Cabecera_El_Cotarro_v2.jpg","contentUrl":"https:\/\/elcotarro.com\/wp-content\/uploads\/2014\/09\/Cabecera_El_Cotarro_v2.jpg","width":3540,"height":441,"caption":"El Cotarro"},"image":{"@id":"https:\/\/elcotarro.com\/#\/schema\/logo\/image\/"},"sameAs":["https:\/\/www.facebook.com\/ElCotarro.Tenerife"]},{"@type":"Person","@id":"https:\/\/elcotarro.com\/#\/schema\/person\/af537ee7d60d15984c7e0affcd8a918b","name":"Jos\u00e9 Carlos Marrero Gonz\u00e1lez","image":{"@type":"ImageObject","inLanguage":"es","@id":"https:\/\/elcotarro.com\/#\/schema\/person\/image\/","url":"https:\/\/secure.gravatar.com\/avatar\/def4da036efb5d32c74d49c351f6dccc064dd69ad9f3aadc295c5a9a5391ca01?s=96&d=mm&r=g","contentUrl":"https:\/\/secure.gravatar.com\/avatar\/def4da036efb5d32c74d49c351f6dccc064dd69ad9f3aadc295c5a9a5391ca01?s=96&d=mm&r=g","caption":"Jos\u00e9 Carlos Marrero Gonz\u00e1lez"},"sameAs":["https:\/\/elcotarro.com"],"url":"https:\/\/elcotarro.com\/?author=2"}]}},"jetpack_featured_media_url":"","jetpack_sharing_enabled":true,"_links":{"self":[{"href":"https:\/\/elcotarro.com\/index.php?rest_route=\/wp\/v2\/posts\/10303","targetHints":{"allow":["GET"]}}],"collection":[{"href":"https:\/\/elcotarro.com\/index.php?rest_route=\/wp\/v2\/posts"}],"about":[{"href":"https:\/\/elcotarro.com\/index.php?rest_route=\/wp\/v2\/types\/post"}],"author":[{"embeddable":true,"href":"https:\/\/elcotarro.com\/index.php?rest_route=\/wp\/v2\/users\/2"}],"replies":[{"embeddable":true,"href":"https:\/\/elcotarro.com\/index.php?rest_route=%2Fwp%2Fv2%2Fcomments&post=10303"}],"version-history":[{"count":1,"href":"https:\/\/elcotarro.com\/index.php?rest_route=\/wp\/v2\/posts\/10303\/revisions"}],"predecessor-version":[{"id":10304,"href":"https:\/\/elcotarro.com\/index.php?rest_route=\/wp\/v2\/posts\/10303\/revisions\/10304"}],"wp:attachment":[{"href":"https:\/\/elcotarro.com\/index.php?rest_route=%2Fwp%2Fv2%2Fmedia&parent=10303"}],"wp:term":[{"taxonomy":"category","embeddable":true,"href":"https:\/\/elcotarro.com\/index.php?rest_route=%2Fwp%2Fv2%2Fcategories&post=10303"},{"taxonomy":"post_tag","embeddable":true,"href":"https:\/\/elcotarro.com\/index.php?rest_route=%2Fwp%2Fv2%2Ftags&post=10303"}],"curies":[{"name":"wp","href":"https:\/\/api.w.org\/{rel}","templated":true}]}}