{"id":10322,"date":"2022-03-13T01:31:51","date_gmt":"2022-03-13T01:31:51","guid":{"rendered":"https:\/\/elcotarro.com\/?p=10322"},"modified":"2022-03-13T01:31:51","modified_gmt":"2022-03-13T01:31:51","slug":"el-cotarro-no392-del-domingo-13-03-2022","status":"publish","type":"post","link":"https:\/\/elcotarro.com\/?p=10322","title":{"rendered":"EL COTARRO N\u00ba392, DEL DOMINGO, 13\/03\/2022"},"content":{"rendered":"<blockquote><p><span style=\"color: #ff0000\"><strong>\u201cEL COTARRO\u201d N\u00ba392 DEL13 DE MARZO DE 2022<\/strong><\/span><\/p><\/blockquote>\n<p>&nbsp;<\/p>\n<p><em>Por <strong>Jos\u00e9 Carlos Marrero *<\/strong><\/em><\/p>\n<p>&nbsp;<\/p>\n<p>&nbsp;<\/p>\n<p><span style=\"color: #0000ff\"><strong>LA EJEMPLARIDAD DE TODA LA ISLA DE LA PALMA<\/strong><\/span><\/p>\n<ul>\n<li>Este domingo toca comenzar con el cumplimiento de la promesa que hice en <strong><em>El Cotarro<\/em><\/strong> N\u00ba369 del 3 de octubre de 2021, cuando el volc\u00e1n de La Palma estaba a\u00fan en plena erupci\u00f3n. En aquella edici\u00f3n promet\u00ed recordar todos los meses a la Isla Bonita y record\u00e9 las palabras con la que la Reina <strong>Do\u00f1a Letizia<\/strong> resum\u00eda las peticiones de los palmeros y palmeras a los reyes y a todas las autoridades: <em><strong>\u201cPor favor, no olviden a La Palma y su gente\u201d<\/strong><\/em>. Ayer, <strong>Don Felipe<\/strong> y <strong>Do\u00f1a Leticia<\/strong> volvieron a La Palma para homenajear al pueblo palmero por su ejemplaridad ante la cat\u00e1strofe sufrida. Junto a ellos estaba el presidente del Gobierno de Espa\u00f1a, <strong>Pedro S\u00e1nchez<\/strong>, que hoy mismo preside all\u00ed la Conferencia de Presidentes Auton\u00f3micos, con la presencia, en principio, de los titulares de las 17 autonom\u00edas y ciudades aut\u00f3nomas de nuestro, con el nuestro, <strong>\u00c1ngel V\u00edctor Torres,<\/strong> como anfitri\u00f3n. Solo deseo y espero que todos sigan recordando la petici\u00f3n de los palmeros y palmeras: <em><strong>\u201cPor favor, no olviden a La Palma y su gente\u201d<\/strong><\/em>. Y digo yo, que el recuerdo siga traduci\u00e9ndose en ayudas reales.<\/li>\n<\/ul>\n<p><img loading=\"lazy\" decoding=\"async\" class=\"size-large wp-image-3919 aligncenter\" src=\"https:\/\/canariasenpositivo.com\/wp-content\/uploads\/2022\/03\/1.-REYES-EN-LA-PALMA-1024x576.jpg\" alt=\"\" width=\"660\" height=\"371\" \/><\/p>\n<p style=\"text-align: center\"><em>Los Reyes, en el centro, durante el homenaje de ayer al pueblo de La Palma.<\/em><\/p>\n<p>&nbsp;<\/p>\n<p><span style=\"color: #0000ff\"><strong>SOLIDARIDAD CON UCRANIA Y NO A LA GUERRA<\/strong><\/span><\/p>\n<ul>\n<li>No quiero hacer comparaciones, porque, sencillamente, no se puede comparar una cat\u00e1strofe natural como la de La Palma, con otra motivada por la mente humana y, en el caso de Ucrania, por la desviaci\u00f3n de la mente humana (creo yo) en s\u00e1trapa descerebrado como es <strong>Vlad\u00edmir Putin<\/strong>, el a\u00fan presidente de Rusia. Sin duda, no podemos olvidar las necesidades que tiene y las ayudas que sigue necesitando La Palma y el pueblo palmero, pero, diciendo antes de nada un rotundo \u201c\u00a1no a la guerra!\u201d tampoco podemos olvidar las necesidades del pueblo ucraniano, que sigue liderando <strong>Volod\u00edmir Zelenski<\/strong>. La hist\u00f3rica, ejemplar solidaridad del pueblo canario, est\u00e1 y debe seguir estando presente en la medida de nuestras posibilidades. Estos d\u00edas me he acordado del querido amigo <strong>Pedro Molina Ramos<\/strong>, l\u00edder por siempre del sector ganadero canario, que en todo momento recordaba la necesidad de tener un m\u00ednimo de autoabastecimiento, para situaciones como las que, triste y lamentablemente, actualmente ya estamos padeciendo.<\/li>\n<\/ul>\n<p><img loading=\"lazy\" decoding=\"async\" class=\"size-large wp-image-3920 aligncenter\" src=\"https:\/\/canariasenpositivo.com\/wp-content\/uploads\/2022\/03\/2.-RETALES-MONTEAGUDO-1024x768.jpeg\" alt=\"\" width=\"660\" height=\"495\" \/><\/p>\n<p style=\"text-align: center\"><em>Gran detalle solidario. Bandera de Ucrania formada con telas en la entrada de la tienda Retales Monteagudo, ubicada en la lagunera calle La Higuera, N\u00ba31.<\/em><\/p>\n<p>&nbsp;<\/p>\n<p><span style=\"color: #0000ff\"><strong>M\u00cdNIMO DE AUTOABASTECIMIENTO, POR SI ACASO<\/strong><\/span><\/p>\n<ul>\n<li>El recordado <strong>Pedro Molina<\/strong> defendi\u00f3 siempre la necesidad y conveniencia de que nuestra agricultura, ganader\u00eda y pesca recibieran un tratamiento especial con ayudas estructurales para que una parte de nuestra juventud canaria pudiera atender el imprescindible Sector Primario de Canarias y poder garantizar para nuestra Comunidad Aut\u00f3noma un m\u00ednimo de autoabastecimiento de productos agroalimentarios. Aunque <strong>Pedro Molina<\/strong> luch\u00f3 (y yo dir\u00eda que hasta muri\u00f3 por ello) durante a\u00f1os, esta realidad no se ha tomado debidamente en cuenta por parte de los distintos gobiernos de Canarias (ni los de CC, ni los del PSOE). Por ello, tenemos un mont\u00f3n de terrenos bald\u00edos y sin aprovechar, a la vez que la caba\u00f1a ganadera sigue bajando a\u00f1o tras a\u00f1o, porque, en uno y otro caso, no es rentable para nadie (y menos para la juventud) dedicarse a la agricultura, la ganader\u00eda o la pesca, como profesi\u00f3n. Gobierno y cabildos tienen otra oportunidad, yo dir\u00eda que \u00fanica<\/li>\n<\/ul>\n<p><img loading=\"lazy\" decoding=\"async\" class=\"size-full wp-image-3921 aligncenter\" src=\"https:\/\/canariasenpositivo.com\/wp-content\/uploads\/2022\/03\/3.-PEDRO-MOLINA.jpeg\" alt=\"\" width=\"600\" height=\"400\" \/><\/p>\n<p style=\"text-align: center\"><em>Ahora nos lamentamos de no seguir las recomendaciones de Pedro Molina.<\/em><\/p>\n<p><strong>\u00a0<\/strong><\/p>\n<p><span style=\"color: #0000ff\"><strong>ENCUESTA QUE ESTA DANDO MUCHO QUE HABLAR<\/strong><\/span><\/p>\n<ul>\n<li>Cambio de tercio para cumplir la promesa que formul\u00e9 en <strong><em>El Cotarro<\/em><\/strong> el pasado domingo y que ha tenido en vilo esta semana a m\u00e1s de uno y de una. Me refiero a la promesa de hablarles de una encuesta realizada en La Laguna, al parecer a finales del pasado mes de enero, pero que, aunque anda rodando desde febrero, es ahora, en marzo, cuando est\u00e1 dando mucho que habar. Ser trata de un sondeo sobre la intenci\u00f3n de voto en La Laguna, de cara a las elecciones locales previstas para el pr\u00f3ximo a\u00f1o 2023. Obviamente, claro est\u00e1, la encuestita de marras, intenta ver c\u00f3mo va el caminar de la perrita en el ayuntamiento cuya alcald\u00eda, ocupa actualmente <strong>Luis Yeray Guti\u00e9rrez P\u00e9rez<\/strong> (PSOE) tras perderla <strong>Jos\u00e9 Alberto D\u00edaz Dom\u00ednguez<\/strong> (CC) en virtud de la suma de concejales. En el consistorio lagunero se eligen 27 concejales y la mayor\u00eda que pone alcalde est\u00e1 en los 14. Precisamente, los que consigui\u00f3 <strong>Luis Yeray. <\/strong>Vamos a analizar datos y hechos, para intuir lo que podr\u00eda pasar el a\u00f1o 2023.<\/li>\n<\/ul>\n<p><img loading=\"lazy\" decoding=\"async\" class=\"size-large wp-image-3922 aligncenter\" src=\"https:\/\/canariasenpositivo.com\/wp-content\/uploads\/2022\/03\/4.-AYUNTAMIENTO-LAGUNERO-1024x683.jpg\" alt=\"\" width=\"660\" height=\"440\" \/><\/p>\n<p style=\"text-align: center\"><em>La composici\u00f3n de la pr\u00f3xima corporaci\u00f3n del ayuntamiento lagunero, habr\u00eda sido el objeto de la encuesta cuyos resultados podr\u00edan ser los que comentamos.<\/em><\/p>\n<p><em>\u00a0<\/em><\/p>\n<p><span style=\"color: #0000ff\"><strong>RECORDEMOS EL PASADO, PARA MIRAR AL FUTURO<\/strong><\/span><\/p>\n<ul>\n<li>Recordemos que, en 2019, la de CC fue la lista m\u00e1s votada, sacando 9 concejales, liderados por <strong>Jos\u00e9 Alberto D\u00edaz<\/strong>; sigui\u00f3 la del PSOE, con 7 concejales encabezados por <strong>Luis Yeray Guti\u00e9rrez<\/strong>; luego Unidas Se Puede (USP) con 5 concejales con <strong>Rubens Ascanio <\/strong>al frente; Avante La Laguna con 2 y <strong>Santiago P\u00e9rez<\/strong> a la cabeza; el Partido Popular (PP) con otros 2, y <strong>Manuel G\u00f3mez<\/strong> al frente; y Ciudadanos (C\u2019s) los 2 \u00faltimos, encabezados por <strong>Juan Antonio Molina<\/strong>. Aunque es sabido que hab\u00eda un pacto previo cerrado entre CC y el PSOE para repetir el mismo grupo de gobierno que ven\u00eda de atr\u00e1s, acordando que ocupar\u00eda la alcald\u00eda el cabeza de la lista m\u00e1s votada, ese pacto de caballeros no se cumpli\u00f3 y los 7 concejales del PSOE, m\u00e1s los 5 de USP y los 2 de Avante, desalojaron a <strong>Jos\u00e9 Alberto D\u00edaz<\/strong> (CC) de la alcald\u00eda, accediendo a la misma <strong>Luis Yeray Guti\u00e9rrez<\/strong> (PSOE). Muchos se alegraron, pero otros muchos dijeron: <em>\u201cen la bajadita te espero\u201d.<\/em><\/li>\n<\/ul>\n<p><em> <img loading=\"lazy\" decoding=\"async\" class=\"size-full wp-image-3923 aligncenter\" src=\"https:\/\/canariasenpositivo.com\/wp-content\/uploads\/2022\/03\/5.-LUIS-YERAY-Y-JOS\u00c9-ALBERTO.jpg\" alt=\"\" width=\"990\" height=\"575\" \/><\/em><\/p>\n<p style=\"text-align: center\"><em>Luis Yeray Guti\u00e9rrez (i) habla con Jos\u00e9 Alberto D\u00edaz, despu\u00e9s de tomar el primero la alcald\u00eda de La Laguna, tras romperse el pacto de caballeros.<\/em><\/p>\n<p>&nbsp;<\/p>\n<p><span style=\"color: #0000ff\"><strong>GRAN ALEGR\u00cdA, MUCHA SORPRESA Y PRECUPACI\u00d3N<\/strong><\/span><\/p>\n<ul>\n<li>A decir verdad y, seg\u00fan me han comentado a lo largo de esta pasada semana dos personas dignas de todo cr\u00e9dito, inicialmente se hizo una primera encuesta el pasado mes de noviembre de 2021 y, como al parecer sorprendieron mucho los resultados que arrojaba, decidieron repetirla dos o tres meses despu\u00e9s. Al parecer, se volvi\u00f3 a realizar de nuevo a finales de enero, arrojando, curiosamente, los mismos resultados. En las dos ocasiones, la encuesta ha sido elaborada por un prestigioso profesor de la Universidad de La Laguna, muy acreditado ya en estas lides y que tiene la fama de \u201cclavar\u201d los resultados de las mismas. De nuevo el objetivo era, en este caso, saber a d\u00eda de hoy por d\u00f3nde \u201cvan los tiros\u201d de cara a los posibles pactos con el objetivo de renovar la alcald\u00eda por parte del PSOE, con <strong>Luis Yeray Guti\u00e9rrez<\/strong> (PSOE) o bien, reconquistarla Coalici\u00f3n Canaria con, en principio, <strong>Jonathan Dom\u00ednguez Roger<\/strong> como cabeza de lista de CC.<\/li>\n<\/ul>\n<p><em> <img loading=\"lazy\" decoding=\"async\" class=\"size-full wp-image-3924 aligncenter\" src=\"https:\/\/canariasenpositivo.com\/wp-content\/uploads\/2022\/03\/6.-LUIS-YERAY-Y-JONATHAN.jpg\" alt=\"\" width=\"376\" height=\"248\" \/><\/em><\/p>\n<p style=\"text-align: center\"><em>Luis Yeray Guti\u00e9rrez (i), candidato seguro por el PSOE y Jonathan Dom\u00ednguez, potencial candidato por CC, podr\u00edan disputarse la alcald\u00eda.<\/em><\/p>\n<p>&nbsp;<\/p>\n<p><span style=\"color: #0000ff\"><strong>SUBEN PSOE Y CC, SE VA CIUDADANOS, ENTRA VOX<\/strong><\/span><\/p>\n<ul>\n<li>La primera alegr\u00eda ser\u00eda la de <strong>Luis Yeray Guti\u00e9rrez<\/strong> y el PSOE, porque subir\u00edan tres concejales y pasar\u00edan de 7 a 10. La siguiente alegr\u00eda, por partida doble, ser\u00eda la se Coalici\u00f3n Canaria y en su caso <strong>Jonathan Dom\u00ednguez<\/strong> porque, en vez de bajar (como parece que lo estaba haciendo hasta hace poco) seg\u00fan la encuesta tambi\u00e9n podr\u00eda subir un concejal y pasar de 9 a 10. Aqu\u00ed empezar\u00eda la preocupaci\u00f3n, tanto del PSOE como de CC, porque estar\u00edan empatados a 10 concejales. Seg\u00fan el sondeo en cuesti\u00f3n, el PP subir\u00eda de 2 a 4 concejales, mientras que Unidas Se Puede perder\u00eda 3 concejales, pasando de 5 a 2. La formaci\u00f3n de <strong>Santiago P\u00e9rez<\/strong>, Avante La Laguna, perder\u00eda sus dos concejales, al igual que Ciudadanos, desapareciendo ambas de la corporaci\u00f3n lagunera. Y la preocupaci\u00f3n de casi todos es que, por primera vez en la historia, Vox entrar\u00eda con un concejal en el ayuntamiento lagunero. Hemos elaborado un cuadro muy simple en el que pueden ver estos datos de una manera sencilla y clara.<\/li>\n<\/ul>\n<p><img loading=\"lazy\" decoding=\"async\" class=\"size-large wp-image-3925 aligncenter\" src=\"https:\/\/canariasenpositivo.com\/wp-content\/uploads\/2022\/03\/7.-TABLA-ENCUESTA-775-1024x436.jpg\" alt=\"\" width=\"660\" height=\"281\" \/><\/p>\n<p style=\"text-align: center\"><em>Los que tienen un asterisco * son candidatos pendientes de nombrar o ratificar.<\/em><\/p>\n<p>&nbsp;<\/p>\n<p><span style=\"color: #0000ff\"><strong>VARIAS MANERAS DE SUMAR LOS 14 NECESARIOS<\/strong><\/span><\/p>\n<ul>\n<li>La clave del asunto, tras los sondeos, las votaciones y los resultados reales, estar\u00eda en ver qui\u00e9nes y c\u00f3mo van a sumar 14 de 27 concejales, que dar\u00edan la alcald\u00eda lagunera al que los consiguiera. Lo m\u00e1s sencillo ser\u00eda que PSOE y PP llegaran a un acuerdo de gobierno, en el que ser\u00eda alcalde el cabeza de la lista m\u00e1s votada (o sea, lo que estaba previamente pactado entre caballeros en 2019). En ese supuesto caso sumar\u00edan 20 concejales y habr\u00eda dos opciones: o bien <strong>Jonathan Dom\u00ednguez<\/strong> (CC) tendr\u00eda que aceptar ser el primer teniente de alcalde de <strong>Luis Yeray<\/strong>, si el PSOE ganase en votos, o bien, como dice el mago, a la viceversa. La siguiente posibilidad ser\u00eda que el PSOE y el PP sumaran sus concejales, en ese caso 14 seg\u00fan la encuesta, para seguir siendo alcalde <strong>Luis Yeray<\/strong>. La tercera posibilidad ser\u00eda al rev\u00e9s, que fuera CC la que sumara sus 10 concejales con los 4 del PP, para hacer alcalde a <strong>Jonathan Dom\u00ednguez<\/strong>. En los tres supuestos, Unidas Se Puede y Vox quedar\u00edan fuera del gobierno municipal lagunero.<\/li>\n<\/ul>\n<p><em> <img loading=\"lazy\" decoding=\"async\" class=\"size-full wp-image-3926 aligncenter\" src=\"https:\/\/canariasenpositivo.com\/wp-content\/uploads\/2022\/03\/8.-SAL\u00d3N-DE-PLENOS.jpg\" alt=\"\" width=\"750\" height=\"500\" \/><\/em><\/p>\n<p style=\"text-align: center\"><em>27 concejales componen la corporaci\u00f3n lagunera y la suma de 14 da la alcald\u00eda<\/em><\/p>\n<p><em>\u00a0<\/em><\/p>\n<p><span style=\"color: #0000ff\"><strong>LA BAZA DE <\/strong><strong>SANTIAGO P\u00c9REZ<\/strong><strong> Y AVANTE LA LAGUNA<\/strong><\/span><\/p>\n<ul>\n<li>\u00a0Para el supuesto caso de que los resultados de la rumoreada encuesta fueran ciertos, se est\u00e1 hablando de un par de alternativas, que, en principio, tendr\u00edan que pasar por que se aclarase si <strong>Santiago P\u00e9rez<\/strong> est\u00e1 ya de nuevo dentro del PSOE, o sigue estando en \u201csu\u201d partido, Avante La Laguna. Si estuviera dentro del PSOE (como as\u00ed parece en algunos momentos) podr\u00eda ser (o no) cabeza de lista para la Alcald\u00eda lagunera, pasando por la desaparici\u00f3n de Avante y en detrimento de <strong>Luis Yeray<\/strong> (cosa esta segunda poco probable, a no ser que la Justicia y los juzgados llevaran a otros escenarios. Pero, si <strong>Santiago P\u00e9rez<\/strong> sigue en Avante La Laguna (como as\u00ed tambi\u00e9n parece en otros momentos, sobre todo en los plenos) hay quien dice que, present\u00e1ndose otra vez con Avante de forma independiente del PSOE, podr\u00eda volver a conseguir al menos uno o dos concejales que, sumados a los dos que supuestamente aguantar\u00eda Unidas Se Puede, podr\u00edan dar la suma de 14, siempre y cuando, el PSOE conservara sus 10.<\/li>\n<\/ul>\n<p><em> <img loading=\"lazy\" decoding=\"async\" class=\"size-full wp-image-3927 aligncenter\" src=\"https:\/\/canariasenpositivo.com\/wp-content\/uploads\/2022\/03\/9.-GOBIERNO-LAGUNERO.jpeg\" alt=\"\" width=\"1024\" height=\"683\" \/><\/em><\/p>\n<p style=\"text-align: center\"><em>Si los resultados de la rumoreada encuesta fueran ciertos, muchas sumas deber\u00edan cuadrar para volver a ver esta foto en la toma de la alcald\u00eda lagunera.<\/em><\/p>\n<p><em>\u00a0<\/em><\/p>\n<p><span style=\"color: #0000ff\"><strong>CONCLUSIONES Y MOVIMIENTOS PRELIMINARES<\/strong><\/span><\/p>\n<ul>\n<li>La rumoreada encuesta (de la que muchos presumen tener copias) al parecer ah\u00ed est\u00e1. Y habr\u00e1 que ver qu\u00e9 tanto de acierto tiene o no. Para ello habr\u00e1 que esperar hasta a\u00f1o que viene. Las reflexiones y conjeturas que he compartido con ustedes, est\u00e1n siendo objeto de debate, con especial preocupaci\u00f3n ante la casi segura irrupci\u00f3n de Vox en la corporaci\u00f3n lagunera, a\u00fan sin tener un claro candidato con nombre y apellidos. Lo reconocen todos y, m\u00e1s concretamente, el PP sabe que se la juega en La Laguna. Lo sabe el presidente insular del PP en Tenerife, <strong>Emilio Navarro<\/strong>, y lo sabe muy bien su nuevo coordinador general en nuestra isla, <strong>Lope Domingo Afonso<\/strong>, exalcalde del Puerto de la Cruz quien, tras haber sido acosado judicialmente, condenado en primera instancia y anulada su condena por la Audiencia Provincial, ha pensado mucho y ha aceptado regresar a la pol\u00edtica activa. Creo que <strong>Lope Afonso<\/strong> es un gran valor del PP que todav\u00eda puede hacer mucho y llegar muy lejos. <strong>Lope<\/strong> en el PP, como otros en CC ya se est\u00e1n moviendo de cara al 2023.<\/li>\n<\/ul>\n<p><img loading=\"lazy\" decoding=\"async\" class=\"size-full wp-image-3928 aligncenter\" src=\"https:\/\/canariasenpositivo.com\/wp-content\/uploads\/2022\/03\/10.-LOPE-AFONSO.jpg\" alt=\"\" width=\"610\" height=\"380\" \/><\/p>\n<p style=\"text-align: center\"><em>Lope Afonso vuelve a ser un valioso puntal activo del PP en Tenerife.<\/em><\/p>\n<p><em>\u00a0<\/em><\/p>\n<p><span style=\"color: #0000ff\"><strong>EL MERECIDO ASCENSO DE UNO DE LOS NUESTROS<\/strong><\/span><\/p>\n<ul>\n<li>Cambio de tercio para contarles que, con total merecimiento, uno de \u201clos nuestros\u201d, puntal de <em>El Corte Ingl\u00e9s<\/em> en Canarias desde hace m\u00e1s de 20 a\u00f1os, acaba de ascender a un relevante puesto a nivel regional. Me refiero al bueno de <strong>Alfredo Medina Moreno<\/strong>, quien, tras muchos a\u00f1os de trabajo en Tenerife, el paso de varios a\u00f1os dirigiendo el centro de <em>El Corte Ingl\u00e9s<\/em> de Siete Palmas, en Las Palmas de Gran Canaria (con una plantilla de 800 personas) y \u00faltimamente varios a\u00f1os como director de Relaciones Institucionales y Comunicaci\u00f3n de la firma en Tenerife, ha pasado a ocupar, desde el pasado 1 de marzo, el cargo de director de Comunicaci\u00f3n, Sostenibilidad y Relaciones Institucionales de <em>El Corte Ingl\u00e9s<\/em> en Canarias. Como dice el propio <strong>Alfredo Medina<\/strong> (gran amigo y mejor persona, por cierto) <em>\u201cm\u00e1s responsabilidades en un nuevo y apasionante reto\u201d.<\/em> Un gran reto que (me atrevo a asegurarlo conociendo a la persona y al profesional) acabar\u00e1 en \u00e9xito rotundo. <em>El Corte Ingl\u00e9s,<\/em> una vez m\u00e1s, no se equivoca, porque <strong>Alfredo Medina<\/strong> tiene mucha val\u00eda y porque se lo merece<\/li>\n<\/ul>\n<p><img loading=\"lazy\" decoding=\"async\" class=\"size-full wp-image-3929 aligncenter\" src=\"https:\/\/canariasenpositivo.com\/wp-content\/uploads\/2022\/03\/11.-ALFREDO-MEDINA.jpg\" alt=\"\" width=\"707\" height=\"574\" \/><\/p>\n<p style=\"text-align: center\"><em>Alfredo Medina Moreno, nuevo director de Comunicaci\u00f3n, Sostenibilidad y Relaciones Institucionales de El Corte Ingl\u00e9s en Canarias.<\/em><\/p>\n<p>&nbsp;<\/p>\n<p><span style=\"color: #0000ff\"><strong>ALFREDO MEDINA, UN PUNTAL DE EL CORTE INGL\u00c9S<\/strong><\/span><\/p>\n<ul>\n<li>Apasionado del mundo del motor, <strong>Alfredo<\/strong> ha sido, cronometrador, reportero para prensa y radio, y compiti\u00f3 muchas veces como copiloto de grandes como <strong>Jos\u00e9 Luis Rivero Fernando \u201cCopi\u201d Capdevila<\/strong> y creo que hasta con <strong>Carlos Hafner<\/strong>). Es un exquisito gourmet, con debilidad por lo dulce, tanto que lidera un \u201cmovimiento\u201d denominado <em>\u201cGolosos sin fronteras\u201d<\/em>. El <em>desinquieto<\/em> <strong>Alfredo Medina<\/strong> est\u00e1 titulado en Ciencias Empresariales y posee una amplia trayectoria vinculada al \u00e1mbito de la Comunicaci\u00f3n Social y Corporativa en Canarias. Vinculado con <em>El Corte Ingl\u00e9s<\/em> desde su inauguraci\u00f3n en Santa Cruz de Tenerife, el a\u00f1o 2021, <strong>Alfredo Medina<\/strong> es responsable de Relaciones Institucionales y sus derivaciones hacia la portavoc\u00eda empresarial, relaciones p\u00fablicas, relaciones externas, marketing local y gerente de asuntos p\u00fablicos (Public Affairs Manager). Adem\u00e1s, por si fuera poco, <strong>Alfredo Medina<\/strong> es actualmente el secretario general de ASODISCAN (Asociaci\u00f3n de Medianas y Grandes Empresas de Distribuci\u00f3n Comercial en Canarias). Enhorabuena a <strong>Alfredo Medina<\/strong> y nuestros mejores deseos de salud, fuerza, suerte y \u00e9xitos.<\/li>\n<\/ul>\n<p><img loading=\"lazy\" decoding=\"async\" class=\"size-large wp-image-3930 aligncenter\" src=\"https:\/\/canariasenpositivo.com\/wp-content\/uploads\/2022\/03\/12.-ALFREDO-Y-COPI-1024x768.jpg\" alt=\"\" width=\"660\" height=\"495\" \/><\/p>\n<p style=\"text-align: center\"><em>Alfredo Medina (en primer plano) disfrutando en un rato libre de su otra pasi\u00f3n, el automovilismo, aqu\u00ed como copiloto de \u201cCopi\u201d Capdevila (al fondo en la foto)<\/em><\/p>\n<p><em>\u00a0<\/em><\/p>\n<p><span style=\"color: #0000ff\"><strong>ESTRENO DE LA MARCHA \u201cMANDO DE CANARIAS\u201d<\/strong><\/span><\/p>\n<ul>\n<li>Vuelvo a cambiar de tercio para hacer referencia (porque se lo merecen, a\u00fan m\u00e1s en estos momentos) a nuestras Fuerzas Armadas de Espa\u00f1a en Canarias, que esta pasada semana han recordado y celebrado el 433 aniversario de la creaci\u00f3n de la Capitan\u00eda General de Canarias. En primer lugar, destaca el estreno de la marcha militar <em>\u201cMando de Canarias\u201d<\/em>, compuesta por el teniente m\u00fasico <strong>Manuel Castrej\u00f3n Navarro<\/strong>, que tuvo lugar el pasado lunes en el acuartelamiento de Almeyda en Santa Cruz de Tenerife, durante el concierto que fue presidido por el teniente general <strong>Alejandro Esc\u00e1mez<\/strong>, actual Jefe del Mando de Canarias. <strong>Manuel Castrej\u00f3n<\/strong> es titulado superior de Tromb\u00f3n y Direcci\u00f3n por los conservatorios superiores de Castillo y Le\u00f3n y Madrid, respectivamente. Ingres\u00f3 en las Fuerzas Armadas en 2011 como suboficial instrumentista, tiene varios premios de composici\u00f3n a nivel nacional e internacional y, tras varios destinos en Sevilla y Madrid, en 2020 aprob\u00f3 las oposiciones a la Escala de Oficiales, teniendo como primer destino la Unidad de M\u00fasica del Mando de Canarias, la cual ahora dirige.<\/li>\n<\/ul>\n<p><img loading=\"lazy\" decoding=\"async\" class=\"size-full wp-image-3931 aligncenter\" src=\"https:\/\/canariasenpositivo.com\/wp-content\/uploads\/2022\/03\/13.-TENIENTE-M\u00daSICO.jpg\" alt=\"\" width=\"828\" height=\"652\" \/><\/p>\n<p style=\"text-align: center\"><em>El teniente general Alejandro Esc\u00e1mez (d), Jefe del Mando de Canarias, junto al teniente, Manuel Castrej\u00f3n (i) director de la Unidad de M\u00fasica del Mando.<\/em><\/p>\n<p>&nbsp;<\/p>\n<p><span style=\"color: #0000ff\"><strong>COHESIONAR ESPA\u00d1A A TRAV\u00c9S DE LA M\u00daSICA<\/strong><\/span><\/p>\n<ul>\n<li>El teniente <strong>Manuel Castrej\u00f3n<\/strong> merece una triple felicitaci\u00f3n: la primera, por la propia composici\u00f3n de la magn\u00edfica marcha <em>\u201cMando de Canarias\u201d<\/em>; la segunda, por dedicar dicha obra al propio Mando de Canarias, en ocasi\u00f3n del aniversario de su Capitan\u00eda General; y la tercera porque, a trav\u00e9s de ella, se ha propuesto ayudar a la cohesi\u00f3n de Espa\u00f1a y sus Fuerzas Armadas a trav\u00e9s de la m\u00fasica. Como saben, el \u00e1mbito de actuaci\u00f3n del actual Mando de Canarias abarca los territorios de Canarias, Baleares, las ciudades aut\u00f3nomas de Ceuta y Melilla. La marcha compuesta por <strong>Manuel Castrej\u00f3n <\/strong>esta\u0301 dedicada al mando cuyo t\u00edtulo hace referencia y en ella se incluyen varios motivos o temas musicales, tanto militares como populares, que hacen referencia a cada una de las mencionadas regiones que se engloban bajo este mando, y entre los que destacan toques militares legionarios, del himno de Regulares, <em>La Balanguera<\/em> (himno oficial de Mallorca) o del pasodoble <em>Islas Canarias<\/em>. Todo ello pretende unificar musicalmente el significado y el sentido que tiene el actual Mando de Canarias en la estructura del Ej\u00e9rcito de Tierra. \u00a1Hay que o\u00edrla y disfrutarla!<\/li>\n<\/ul>\n<p><img loading=\"lazy\" decoding=\"async\" class=\"size-large wp-image-3932 aligncenter\" src=\"https:\/\/canariasenpositivo.com\/wp-content\/uploads\/2022\/03\/14.-CAPIT\u00c1N-GENERAL-1024x796.jpg\" alt=\"\" width=\"660\" height=\"513\" \/><\/p>\n<p style=\"text-align: center\"><em>Al finalizar la interpretaci\u00f3n del estreno de la marcha militar \u201cMando de Canarias\u201d, el teniente Manuel Castrej\u00f3n (a la izquierda) entreg\u00f3 la partitura original de la misma al teniente general Alejandro Esc\u00e1mez. <\/em><\/p>\n<p>&nbsp;<\/p>\n<p><span style=\"color: #0000ff\"><strong>CORBATA \u201cOPERACI\u00d3N BALMIS\u201d PARA EL GUI\u00d3N<\/strong><\/span><\/p>\n<ul>\n<li>Voy terminando <strong><em>El Cotarro<\/em><\/strong> de hoy haci\u00e9ndome eco y resaltando, como embajador de la Marca Ej\u00e9rcito y como periodista, tres hitos que han servido para celebrar el 433 aniversario de nuestra Capitan\u00eda General, que tiene su origen en el a\u00f1o 1589, cuando el <strong>Rey Felipe II<\/strong> cre\u00f3 el cargo de Capit\u00e1n General de las Islas Canarias, para que las gobernase y defendiese. En primer lugar, el izado especial de nuestra bandera celebrado el lunes en la c\u00e9ntrica Plaza del Weyler y presidido por el General Jefe del MCANA, <strong>Alejandro Esc\u00e1mez<\/strong>, con especial protagonismo para el personal de la Hermandad de Veteranos de las Fuerzas Armadas. En segundo lugar, el acto en el que se entregaron diferentes condecoraciones y donde destac\u00f3 la imposici\u00f3n de la corbata conmemorativa \u201cOperaci\u00f3n Balmis\u201d al guion del Mando de Canarias del Ej\u00e9rcito de Tierra.<\/li>\n<\/ul>\n<p><img loading=\"lazy\" decoding=\"async\" class=\"size-large wp-image-3933 aligncenter\" src=\"https:\/\/canariasenpositivo.com\/wp-content\/uploads\/2022\/03\/15.-IMPOSICI\u00d3N-CORBATA-1024x768.jpg\" alt=\"\" width=\"660\" height=\"495\" \/><\/p>\n<p style=\"text-align: center\"><em>Momento en el que el teniente general Alejandro Esc\u00e1mez (i), coloca la corbata \u201cOperaci\u00f3n Balmis\u201d en el guion del Mando de Canarias<\/em><\/p>\n<p>&nbsp;<\/p>\n<p><span style=\"color: #0000ff\"><strong>CURIOSA EXPOSICI\u00d3N PARA VISITAR Y DISFRUTAR<\/strong><\/span><\/p>\n<ul>\n<li>Y para rematar, en tercer lugar, las condecoraciones impuestas al personal militar y civil, destacando la imposici\u00f3n la Cruz del M\u00e9rito Militar con distintivo blanco impuesta al magistrado <strong>Antonio Doreste Armas<\/strong>, alf\u00e9rez reservista, quien fuera presidente del Tribunal Supremo de Justicia de Canarias, as\u00ed como el diploma entregado al camar\u00f3grafo <strong>Rosendo Del Toro Garc\u00eda<\/strong> y al tambi\u00e9n civil <strong>Ricardo Garc\u00eda de Viedma<\/strong>. Por \u00faltimo, hacerles part\u00edcipes y animarles a visitar la exposici\u00f3n que inaugur\u00f3 el teniente general <strong>Alejandro Esc\u00e1mez<\/strong> junto con el exmagistrado y ex fiscal general del Estado, <strong>Eligio Hern\u00e1ndez Guti\u00e9rrez<\/strong>, tambi\u00e9n embajador de la Marca Ej\u00e9rcito, muestra fotogr\u00e1fica alusiva a las Efem\u00e9rides del Ej\u00e9rcito de Tierra para este 2022, que son el \u201c150 Aniversario del fallecimiento de Francisco Villamart\u00edn\u201d (tratadista militar espa\u00f1ol) y el \u201cCentenario de las Unidades Acorazadas\u201d. Esta exposici\u00f3n, instalada en el patio interior del Palacio, y el Sal\u00f3n del Trono podr\u00e1n ser visitados del 10 al 20 de marzo de 17:00 a 19:00 horas los d\u00edas laborables, de 11:00 a 14:00 horas y de 17:00 a 19:00 horas los fines de semana y festivos.<\/li>\n<\/ul>\n<p><img loading=\"lazy\" decoding=\"async\" class=\"size-large wp-image-3934 aligncenter\" src=\"https:\/\/canariasenpositivo.com\/wp-content\/uploads\/2022\/03\/16.-ANTONIO-DORESTE-1024x683.jpg\" alt=\"\" width=\"660\" height=\"440\" \/><\/p>\n<p style=\"text-align: center\"><em>El magistrado y alf\u00e9rez reservista, Antonio Doreste Armas, quien fuera presidente del Tribunal Supremo de Justicia de Canarias recibe la Cruz al M\u00e9rito Militar, que le impone el teniente general Alejandro Esc\u00e1mez.<\/em><\/p>\n<p><img loading=\"lazy\" decoding=\"async\" class=\"size-large wp-image-3935 aligncenter\" src=\"https:\/\/canariasenpositivo.com\/wp-content\/uploads\/2022\/03\/17.-INAUGURACI\u00d3N-1024x802.jpg\" alt=\"\" width=\"660\" height=\"517\" \/><\/p>\n<p style=\"text-align: center\"><em>El general Esc\u00e1mez (i) junto Eligio Hern\u00e1ndez, embajador de la Marca Ej\u00e9rcito, cortan la cinta con la bandera de Espa\u00f1a, para dejar inaugurada la exposici\u00f3n, siendo testigos los otros dos embajadores de la Marca Ej\u00e9rcito en Tenerife, los periodistas Eva Cervera y un servidor.<\/em><\/p>\n<p>&nbsp;<\/p>\n<p><span style=\"color: #0000ff\"><strong>* Jos\u00e9 Carlos MARRERO GONZ\u00c1LEZ<\/strong><\/span><\/p>\n<p>Periodista y analista de la actualidad.<\/p>\n<p>Director de <strong><em>El Cotarro<\/em><\/strong> (www.elcotarro.com)<\/p>\n<p>Director de <strong><em>Canarias en Positivo<\/em><\/strong> (www.canariasenpositivo.com)<\/p>\n<p>Director de <strong><em>GastroCanarias<\/em><\/strong> (www.gastrocanarias.com)<\/p>\n<p><em>\u00a0<\/em><\/p>\n<p>Islas Canarias, 13 de marzo de 2022.<\/p>\n<p><img loading=\"lazy\" decoding=\"async\" class=\"size-full wp-image-3483 aligncenter\" src=\"https:\/\/canariasenpositivo.com\/wp-content\/uploads\/2021\/12\/14.-BANNER-CARECA-INSULA-1.jpg\" alt=\"\" width=\"750\" height=\"153\" \/><\/p>\n<p><em>\u00a0<\/em><\/p>\n<p><em>\u00a0<\/em><\/p>\n","protected":false},"excerpt":{"rendered":"<p>\u201cEL COTARRO\u201d N\u00ba392 DEL13 DE MARZO DE 2022 &nbsp; Por Jos\u00e9 Carlos Marrero * &nbsp; &nbsp; LA EJEMPLARIDAD DE TODA LA ISLA DE LA PALMA Este domingo toca comenzar con el cumplimiento de la promesa que hice en El Cotarro N\u00ba369 del 3 de octubre de 2021, cuando el volc\u00e1n de La Palma estaba a\u00fan &#8230; <a class=\"read-more\" href=\"https:\/\/elcotarro.com\/?p=10322\">Read more<\/a><\/p>\n","protected":false},"author":2,"featured_media":0,"comment_status":"open","ping_status":"open","sticky":false,"template":"","format":"standard","meta":{"_jetpack_memberships_contains_paid_content":false,"footnotes":""},"categories":[4],"tags":[],"class_list":["post-10322","post","type-post","status-publish","format-standard","hentry","category-el-cotarro"],"yoast_head":"<!-- This site is optimized with the Yoast SEO plugin v27.0 - https:\/\/yoast.com\/product\/yoast-seo-wordpress\/ -->\n<title>EL COTARRO N\u00ba392, DEL DOMINGO, 13\/03\/2022 - El Cotarro<\/title>\n<meta name=\"robots\" content=\"index, follow, max-snippet:-1, max-image-preview:large, max-video-preview:-1\" \/>\n<link rel=\"canonical\" href=\"https:\/\/elcotarro.com\/?p=10322\" \/>\n<meta property=\"og:locale\" content=\"es_ES\" \/>\n<meta property=\"og:type\" content=\"article\" \/>\n<meta property=\"og:title\" content=\"EL COTARRO N\u00ba392, DEL DOMINGO, 13\/03\/2022 - El Cotarro\" \/>\n<meta property=\"og:description\" content=\"\u201cEL COTARRO\u201d N\u00ba392 DEL13 DE MARZO DE 2022 &nbsp; Por Jos\u00e9 Carlos Marrero * &nbsp; &nbsp; LA EJEMPLARIDAD DE TODA LA ISLA DE LA PALMA Este domingo toca comenzar con el cumplimiento de la promesa que hice en El Cotarro N\u00ba369 del 3 de octubre de 2021, cuando el volc\u00e1n de La Palma estaba a\u00fan ... Read more\" \/>\n<meta property=\"og:url\" content=\"https:\/\/elcotarro.com\/?p=10322\" \/>\n<meta property=\"og:site_name\" content=\"El Cotarro\" \/>\n<meta property=\"article:publisher\" content=\"https:\/\/www.facebook.com\/ElCotarro.Tenerife\" \/>\n<meta property=\"article:published_time\" content=\"2022-03-13T01:31:51+00:00\" \/>\n<meta property=\"og:image\" content=\"https:\/\/canariasenpositivo.com\/wp-content\/uploads\/2022\/03\/1.-REYES-EN-LA-PALMA-1024x576.jpg\" \/>\n<meta name=\"author\" content=\"Jos\u00e9 Carlos Marrero Gonz\u00e1lez\" \/>\n<meta name=\"twitter:label1\" content=\"Escrito por\" \/>\n\t<meta name=\"twitter:data1\" content=\"Jos\u00e9 Carlos Marrero Gonz\u00e1lez\" \/>\n\t<meta name=\"twitter:label2\" content=\"Tiempo de lectura\" \/>\n\t<meta name=\"twitter:data2\" content=\"18 minutos\" \/>\n<script type=\"application\/ld+json\" class=\"yoast-schema-graph\">{\"@context\":\"https:\/\/schema.org\",\"@graph\":[{\"@type\":\"Article\",\"@id\":\"https:\/\/elcotarro.com\/?p=10322#article\",\"isPartOf\":{\"@id\":\"https:\/\/elcotarro.com\/?p=10322\"},\"author\":{\"name\":\"Jos\u00e9 Carlos Marrero Gonz\u00e1lez\",\"@id\":\"https:\/\/elcotarro.com\/#\/schema\/person\/af537ee7d60d15984c7e0affcd8a918b\"},\"headline\":\"EL COTARRO N\u00ba392, DEL DOMINGO, 13\/03\/2022\",\"datePublished\":\"2022-03-13T01:31:51+00:00\",\"mainEntityOfPage\":{\"@id\":\"https:\/\/elcotarro.com\/?p=10322\"},\"wordCount\":3519,\"commentCount\":0,\"publisher\":{\"@id\":\"https:\/\/elcotarro.com\/#organization\"},\"image\":{\"@id\":\"https:\/\/elcotarro.com\/?p=10322#primaryimage\"},\"thumbnailUrl\":\"https:\/\/canariasenpositivo.com\/wp-content\/uploads\/2022\/03\/1.-REYES-EN-LA-PALMA-1024x576.jpg\",\"articleSection\":[\"El Cotarro\"],\"inLanguage\":\"es\",\"potentialAction\":[{\"@type\":\"CommentAction\",\"name\":\"Comment\",\"target\":[\"https:\/\/elcotarro.com\/?p=10322#respond\"]}]},{\"@type\":\"WebPage\",\"@id\":\"https:\/\/elcotarro.com\/?p=10322\",\"url\":\"https:\/\/elcotarro.com\/?p=10322\",\"name\":\"EL COTARRO N\u00ba392, DEL DOMINGO, 13\/03\/2022 - El Cotarro\",\"isPartOf\":{\"@id\":\"https:\/\/elcotarro.com\/#website\"},\"primaryImageOfPage\":{\"@id\":\"https:\/\/elcotarro.com\/?p=10322#primaryimage\"},\"image\":{\"@id\":\"https:\/\/elcotarro.com\/?p=10322#primaryimage\"},\"thumbnailUrl\":\"https:\/\/canariasenpositivo.com\/wp-content\/uploads\/2022\/03\/1.-REYES-EN-LA-PALMA-1024x576.jpg\",\"datePublished\":\"2022-03-13T01:31:51+00:00\",\"breadcrumb\":{\"@id\":\"https:\/\/elcotarro.com\/?p=10322#breadcrumb\"},\"inLanguage\":\"es\",\"potentialAction\":[{\"@type\":\"ReadAction\",\"target\":[\"https:\/\/elcotarro.com\/?p=10322\"]}]},{\"@type\":\"ImageObject\",\"inLanguage\":\"es\",\"@id\":\"https:\/\/elcotarro.com\/?p=10322#primaryimage\",\"url\":\"https:\/\/canariasenpositivo.com\/wp-content\/uploads\/2022\/03\/1.-REYES-EN-LA-PALMA-1024x576.jpg\",\"contentUrl\":\"https:\/\/canariasenpositivo.com\/wp-content\/uploads\/2022\/03\/1.-REYES-EN-LA-PALMA-1024x576.jpg\"},{\"@type\":\"BreadcrumbList\",\"@id\":\"https:\/\/elcotarro.com\/?p=10322#breadcrumb\",\"itemListElement\":[{\"@type\":\"ListItem\",\"position\":1,\"name\":\"Portada\",\"item\":\"https:\/\/elcotarro.com\/\"},{\"@type\":\"ListItem\",\"position\":2,\"name\":\"EL COTARRO N\u00ba392, DEL DOMINGO, 13\/03\/2022\"}]},{\"@type\":\"WebSite\",\"@id\":\"https:\/\/elcotarro.com\/#website\",\"url\":\"https:\/\/elcotarro.com\/\",\"name\":\"El Cotarro\",\"description\":\"Peri\u00f3dico Digital Independiente dirigido por Jos\u00e9 Carlos Marrero\",\"publisher\":{\"@id\":\"https:\/\/elcotarro.com\/#organization\"},\"potentialAction\":[{\"@type\":\"SearchAction\",\"target\":{\"@type\":\"EntryPoint\",\"urlTemplate\":\"https:\/\/elcotarro.com\/?s={search_term_string}\"},\"query-input\":{\"@type\":\"PropertyValueSpecification\",\"valueRequired\":true,\"valueName\":\"search_term_string\"}}],\"inLanguage\":\"es\"},{\"@type\":\"Organization\",\"@id\":\"https:\/\/elcotarro.com\/#organization\",\"name\":\"El Cotarro\",\"url\":\"https:\/\/elcotarro.com\/\",\"logo\":{\"@type\":\"ImageObject\",\"inLanguage\":\"es\",\"@id\":\"https:\/\/elcotarro.com\/#\/schema\/logo\/image\/\",\"url\":\"https:\/\/elcotarro.com\/wp-content\/uploads\/2014\/09\/Cabecera_El_Cotarro_v2.jpg\",\"contentUrl\":\"https:\/\/elcotarro.com\/wp-content\/uploads\/2014\/09\/Cabecera_El_Cotarro_v2.jpg\",\"width\":3540,\"height\":441,\"caption\":\"El Cotarro\"},\"image\":{\"@id\":\"https:\/\/elcotarro.com\/#\/schema\/logo\/image\/\"},\"sameAs\":[\"https:\/\/www.facebook.com\/ElCotarro.Tenerife\"]},{\"@type\":\"Person\",\"@id\":\"https:\/\/elcotarro.com\/#\/schema\/person\/af537ee7d60d15984c7e0affcd8a918b\",\"name\":\"Jos\u00e9 Carlos Marrero Gonz\u00e1lez\",\"image\":{\"@type\":\"ImageObject\",\"inLanguage\":\"es\",\"@id\":\"https:\/\/elcotarro.com\/#\/schema\/person\/image\/\",\"url\":\"https:\/\/secure.gravatar.com\/avatar\/def4da036efb5d32c74d49c351f6dccc064dd69ad9f3aadc295c5a9a5391ca01?s=96&d=mm&r=g\",\"contentUrl\":\"https:\/\/secure.gravatar.com\/avatar\/def4da036efb5d32c74d49c351f6dccc064dd69ad9f3aadc295c5a9a5391ca01?s=96&d=mm&r=g\",\"caption\":\"Jos\u00e9 Carlos Marrero Gonz\u00e1lez\"},\"sameAs\":[\"https:\/\/elcotarro.com\"],\"url\":\"https:\/\/elcotarro.com\/?author=2\"}]}<\/script>\n<!-- \/ Yoast SEO plugin. -->","yoast_head_json":{"title":"EL COTARRO N\u00ba392, DEL DOMINGO, 13\/03\/2022 - El Cotarro","robots":{"index":"index","follow":"follow","max-snippet":"max-snippet:-1","max-image-preview":"max-image-preview:large","max-video-preview":"max-video-preview:-1"},"canonical":"https:\/\/elcotarro.com\/?p=10322","og_locale":"es_ES","og_type":"article","og_title":"EL COTARRO N\u00ba392, DEL DOMINGO, 13\/03\/2022 - El Cotarro","og_description":"\u201cEL COTARRO\u201d N\u00ba392 DEL13 DE MARZO DE 2022 &nbsp; Por Jos\u00e9 Carlos Marrero * &nbsp; &nbsp; LA EJEMPLARIDAD DE TODA LA ISLA DE LA PALMA Este domingo toca comenzar con el cumplimiento de la promesa que hice en El Cotarro N\u00ba369 del 3 de octubre de 2021, cuando el volc\u00e1n de La Palma estaba a\u00fan ... Read more","og_url":"https:\/\/elcotarro.com\/?p=10322","og_site_name":"El Cotarro","article_publisher":"https:\/\/www.facebook.com\/ElCotarro.Tenerife","article_published_time":"2022-03-13T01:31:51+00:00","og_image":[{"url":"https:\/\/canariasenpositivo.com\/wp-content\/uploads\/2022\/03\/1.-REYES-EN-LA-PALMA-1024x576.jpg","type":"","width":"","height":""}],"author":"Jos\u00e9 Carlos Marrero Gonz\u00e1lez","twitter_misc":{"Escrito por":"Jos\u00e9 Carlos Marrero Gonz\u00e1lez","Tiempo de lectura":"18 minutos"},"schema":{"@context":"https:\/\/schema.org","@graph":[{"@type":"Article","@id":"https:\/\/elcotarro.com\/?p=10322#article","isPartOf":{"@id":"https:\/\/elcotarro.com\/?p=10322"},"author":{"name":"Jos\u00e9 Carlos Marrero Gonz\u00e1lez","@id":"https:\/\/elcotarro.com\/#\/schema\/person\/af537ee7d60d15984c7e0affcd8a918b"},"headline":"EL COTARRO N\u00ba392, DEL DOMINGO, 13\/03\/2022","datePublished":"2022-03-13T01:31:51+00:00","mainEntityOfPage":{"@id":"https:\/\/elcotarro.com\/?p=10322"},"wordCount":3519,"commentCount":0,"publisher":{"@id":"https:\/\/elcotarro.com\/#organization"},"image":{"@id":"https:\/\/elcotarro.com\/?p=10322#primaryimage"},"thumbnailUrl":"https:\/\/canariasenpositivo.com\/wp-content\/uploads\/2022\/03\/1.-REYES-EN-LA-PALMA-1024x576.jpg","articleSection":["El Cotarro"],"inLanguage":"es","potentialAction":[{"@type":"CommentAction","name":"Comment","target":["https:\/\/elcotarro.com\/?p=10322#respond"]}]},{"@type":"WebPage","@id":"https:\/\/elcotarro.com\/?p=10322","url":"https:\/\/elcotarro.com\/?p=10322","name":"EL COTARRO N\u00ba392, DEL DOMINGO, 13\/03\/2022 - El Cotarro","isPartOf":{"@id":"https:\/\/elcotarro.com\/#website"},"primaryImageOfPage":{"@id":"https:\/\/elcotarro.com\/?p=10322#primaryimage"},"image":{"@id":"https:\/\/elcotarro.com\/?p=10322#primaryimage"},"thumbnailUrl":"https:\/\/canariasenpositivo.com\/wp-content\/uploads\/2022\/03\/1.-REYES-EN-LA-PALMA-1024x576.jpg","datePublished":"2022-03-13T01:31:51+00:00","breadcrumb":{"@id":"https:\/\/elcotarro.com\/?p=10322#breadcrumb"},"inLanguage":"es","potentialAction":[{"@type":"ReadAction","target":["https:\/\/elcotarro.com\/?p=10322"]}]},{"@type":"ImageObject","inLanguage":"es","@id":"https:\/\/elcotarro.com\/?p=10322#primaryimage","url":"https:\/\/canariasenpositivo.com\/wp-content\/uploads\/2022\/03\/1.-REYES-EN-LA-PALMA-1024x576.jpg","contentUrl":"https:\/\/canariasenpositivo.com\/wp-content\/uploads\/2022\/03\/1.-REYES-EN-LA-PALMA-1024x576.jpg"},{"@type":"BreadcrumbList","@id":"https:\/\/elcotarro.com\/?p=10322#breadcrumb","itemListElement":[{"@type":"ListItem","position":1,"name":"Portada","item":"https:\/\/elcotarro.com\/"},{"@type":"ListItem","position":2,"name":"EL COTARRO N\u00ba392, DEL DOMINGO, 13\/03\/2022"}]},{"@type":"WebSite","@id":"https:\/\/elcotarro.com\/#website","url":"https:\/\/elcotarro.com\/","name":"El Cotarro","description":"Peri\u00f3dico Digital Independiente dirigido por Jos\u00e9 Carlos Marrero","publisher":{"@id":"https:\/\/elcotarro.com\/#organization"},"potentialAction":[{"@type":"SearchAction","target":{"@type":"EntryPoint","urlTemplate":"https:\/\/elcotarro.com\/?s={search_term_string}"},"query-input":{"@type":"PropertyValueSpecification","valueRequired":true,"valueName":"search_term_string"}}],"inLanguage":"es"},{"@type":"Organization","@id":"https:\/\/elcotarro.com\/#organization","name":"El Cotarro","url":"https:\/\/elcotarro.com\/","logo":{"@type":"ImageObject","inLanguage":"es","@id":"https:\/\/elcotarro.com\/#\/schema\/logo\/image\/","url":"https:\/\/elcotarro.com\/wp-content\/uploads\/2014\/09\/Cabecera_El_Cotarro_v2.jpg","contentUrl":"https:\/\/elcotarro.com\/wp-content\/uploads\/2014\/09\/Cabecera_El_Cotarro_v2.jpg","width":3540,"height":441,"caption":"El Cotarro"},"image":{"@id":"https:\/\/elcotarro.com\/#\/schema\/logo\/image\/"},"sameAs":["https:\/\/www.facebook.com\/ElCotarro.Tenerife"]},{"@type":"Person","@id":"https:\/\/elcotarro.com\/#\/schema\/person\/af537ee7d60d15984c7e0affcd8a918b","name":"Jos\u00e9 Carlos Marrero Gonz\u00e1lez","image":{"@type":"ImageObject","inLanguage":"es","@id":"https:\/\/elcotarro.com\/#\/schema\/person\/image\/","url":"https:\/\/secure.gravatar.com\/avatar\/def4da036efb5d32c74d49c351f6dccc064dd69ad9f3aadc295c5a9a5391ca01?s=96&d=mm&r=g","contentUrl":"https:\/\/secure.gravatar.com\/avatar\/def4da036efb5d32c74d49c351f6dccc064dd69ad9f3aadc295c5a9a5391ca01?s=96&d=mm&r=g","caption":"Jos\u00e9 Carlos Marrero Gonz\u00e1lez"},"sameAs":["https:\/\/elcotarro.com"],"url":"https:\/\/elcotarro.com\/?author=2"}]}},"jetpack_featured_media_url":"","jetpack_sharing_enabled":true,"_links":{"self":[{"href":"https:\/\/elcotarro.com\/index.php?rest_route=\/wp\/v2\/posts\/10322","targetHints":{"allow":["GET"]}}],"collection":[{"href":"https:\/\/elcotarro.com\/index.php?rest_route=\/wp\/v2\/posts"}],"about":[{"href":"https:\/\/elcotarro.com\/index.php?rest_route=\/wp\/v2\/types\/post"}],"author":[{"embeddable":true,"href":"https:\/\/elcotarro.com\/index.php?rest_route=\/wp\/v2\/users\/2"}],"replies":[{"embeddable":true,"href":"https:\/\/elcotarro.com\/index.php?rest_route=%2Fwp%2Fv2%2Fcomments&post=10322"}],"version-history":[{"count":1,"href":"https:\/\/elcotarro.com\/index.php?rest_route=\/wp\/v2\/posts\/10322\/revisions"}],"predecessor-version":[{"id":10323,"href":"https:\/\/elcotarro.com\/index.php?rest_route=\/wp\/v2\/posts\/10322\/revisions\/10323"}],"wp:attachment":[{"href":"https:\/\/elcotarro.com\/index.php?rest_route=%2Fwp%2Fv2%2Fmedia&parent=10322"}],"wp:term":[{"taxonomy":"category","embeddable":true,"href":"https:\/\/elcotarro.com\/index.php?rest_route=%2Fwp%2Fv2%2Fcategories&post=10322"},{"taxonomy":"post_tag","embeddable":true,"href":"https:\/\/elcotarro.com\/index.php?rest_route=%2Fwp%2Fv2%2Ftags&post=10322"}],"curies":[{"name":"wp","href":"https:\/\/api.w.org\/{rel}","templated":true}]}}