{"id":10373,"date":"2022-06-12T10:40:21","date_gmt":"2022-06-12T09:40:21","guid":{"rendered":"https:\/\/elcotarro.com\/?p=10373"},"modified":"2022-06-12T10:40:50","modified_gmt":"2022-06-12T09:40:50","slug":"el-cotarro-405-del-domingo-12-06-2022","status":"publish","type":"post","link":"https:\/\/elcotarro.com\/?p=10373","title":{"rendered":"EL COTARRO \/ 405, DEL DOMINGO, 12\/06\/2022"},"content":{"rendered":"<blockquote><p><span style=\"color: #ff0000\"><em><strong>\u201cEL COTARRO\u201d N\u00ba405 DEL 12 DE JUNIO DE 2022<\/strong><\/em><\/span><\/p><\/blockquote>\n<p>&nbsp;<\/p>\n<p>&nbsp;<\/p>\n<p><em>Por<strong> Jos\u00e9 Carlos Marrero *<\/strong><\/em><\/p>\n<p>&nbsp;<\/p>\n<p>&nbsp;<\/p>\n<p><span style=\"color: #0000ff\"><strong>ENCARRILADITOS HACIA LA PRIMERA DIVISI\u00d3N<\/strong><\/span><\/p>\n<ul>\n<li>Comencemos distendidamente felicitando a nuestro Club Deportivo Tenerife por, al menos, no dejarse encajar un golito, ayer frente al Girona en el estadio de Montilivi. Ahora solo falta ser muy inteligentes, encomendarse al <strong>Cristo de La Laguna<\/strong> y a la <strong>Virgen de Candelaria<\/strong> darlo todo en el partido de vuelta, y subir el pr\u00f3ximo domingo en el Heliodoro. El equipo que preside <strong>Miguel Concepci\u00f3n C\u00e1ceres<\/strong>, nuestro querido \u201cTete\u201d, merece rematar la celebraci\u00f3n de su primer centenario con el ansiado ascenso a la Primera Divisi\u00f3n del f\u00fatbol nacional. Con todo respeto al Girona F.C. y a Catalu\u00f1a, est\u00e1 claro que, en estos delicados momentos para la econom\u00eda, el que nuestro C.D. Tenerife suba a Primera Divisi\u00f3n, supondr\u00eda un espaldarazo a la imagen de nuestra isla (y de toda la regi\u00f3n) como destinos tur\u00edsticos \u201cde primera\u201d y un bal\u00f3n de ox\u00edgeno para la nuestra asfixiada econom\u00eda. \u00a1Ojal\u00e1 que subamos!<\/li>\n<\/ul>\n<p><img loading=\"lazy\" decoding=\"async\" class=\"size-full wp-image-4406 aligncenter\" src=\"https:\/\/canariasenpositivo.com\/wp-content\/uploads\/2022\/06\/1.-C.D.-TENERIFE.jpg\" alt=\"\" width=\"544\" height=\"193\" \/><\/p>\n<p style=\"text-align: center\"><em>Foto oficial de la plantilla del C.D. Tenerife en esta temporada 2021-2022<\/em><\/p>\n<p>&nbsp;<\/p>\n<p><strong><span style=\"color: #0000ff\">LA GALA DE RUTH GONZ\u00c1LEZ\u2026 Y EL \u201cCHANELAZO\u201d<\/span> <\/strong><\/p>\n<ul>\n<li>Desde el pasado viernes, ya Santa Cruz de Tenerife tiene nueva reina de su Carnaval 2022, extra\u00f1o y casi veraniego, debido al traslado de fechas por culpa de la pandemia del SARS-CoV2. La guapa <strong>Ruth Gonz\u00e1lez Mart\u00edn,<\/strong> con la fantas\u00eda \u00ab\u00a1\u00a1M\u00edrame!!\u00bb dise\u00f1ada por <strong>Santi Castro<\/strong> y representando al Centro Comercial A\u00f1aza Carrefour se alz\u00f3 con el t\u00edtulo en una gala que dirigi\u00f3 <strong>Enrique Camacho<\/strong> y que tuvo uno de sus puntos m\u00e1s \u00e1lgidos en la actuaci\u00f3n de la cantante <strong>Chanel Terrero<\/strong> y su eurovisivo tema <em>\u201cSloMo\u201d<\/em> con el que se coloc\u00f3 en el tercer puesto del pasado festival de Eurovisi\u00f3n. El ya popular \u201cchanelazo\u201d (un puntazo para el alcalde <strong>Jos\u00e9 Manuel Berm\u00fadez<\/strong> y su segundo, <strong>Alfonso Cabello<\/strong>) encant\u00f3 a un entregado p\u00fablico puesto en pie y que tambi\u00e9n ovacion\u00f3 a su nueva reina, <strong>Ruth Gonz\u00e1lez<\/strong> que consigui\u00f3 la mayor\u00eda de los votos de los miembros del jurado y tambi\u00e9n, entre los que estaban <strong>Agatha Ru\u00edz de la Prada, Carlos Santos, Patricia Hodgson, Mar\u00eda Izaguirre, Sof\u00eda Nieto<\/strong> y <strong>Arantxa Rodr\u00edguez<\/strong>, as\u00ed como la votaci\u00f3n del p\u00fablico con el voto telem\u00e1tico.<\/li>\n<\/ul>\n<p><img loading=\"lazy\" decoding=\"async\" class=\"size-full wp-image-4407 aligncenter\" src=\"https:\/\/canariasenpositivo.com\/wp-content\/uploads\/2022\/06\/2.-CHANELAZO.jpg\" alt=\"\" width=\"620\" height=\"347\" \/><\/p>\n<p style=\"text-align: center\"><em>Espectacular Chanel en su actuaci\u00f3n de la Gala de la Reina del Carnaval 2022<\/em><\/p>\n<p><strong>\u00a0<\/strong><\/p>\n<p><span style=\"color: #0000ff\"><strong>MAL ROLLITO EN LA GRADA DE LAS AUTORIDADES<\/strong><\/span><\/p>\n<ul>\n<li>De lo que quiz\u00e1 no se han enterado ustedes es del \u201cmal rollito\u201d que hubo en la grada de las autoridades y, m\u00e1s concretamente, el malestar del alcalde chicharrero <strong>Jos\u00e9 Manuel Berm\u00fadez<\/strong> con su hom\u00f3logo lagunero, <strong>Luis Yeray Guti\u00e9rrez<\/strong>. Me he enterado de que, tanto desde La Laguna, como desde el del ayuntamiento del Puerto de La Cruz, se llam\u00f3 al de la capital, para solicitar entradas para sus respectivos alcaldes. Como no podr\u00eda ser de otra manera, desde el ayuntamiento santacrucero se envi\u00f3 invitaciones para el lagunero <strong>Luis Yeray Guti\u00e9rrez<\/strong> y para el alcalde portuense <strong>Marco Gonz\u00e1lez<\/strong>. Es m\u00e1s, <strong>Jos\u00e9 Manuel Berm\u00fadez<\/strong>, a trav\u00e9s de su profesional jefa de Protocolo, la diligente y siempre sonriente <strong>Vicky Fari\u00f1a<\/strong>, tuvo el detalle de ubicarles en la tribuna de autoridades. Lo que no esperaba <strong>Jos\u00e9 Manuel<\/strong> <strong>Berm\u00fadez<\/strong> ni su concejal de Fiestas, <strong>Alfonso Cabello<\/strong> era un talante tan distinto entre los dos invitados alcaldes socialistas. Uno para bien y otro para mal. Muy mal rollito.<\/li>\n<\/ul>\n<p><img loading=\"lazy\" decoding=\"async\" class=\"size-full wp-image-4408 aligncenter\" src=\"https:\/\/canariasenpositivo.com\/wp-content\/uploads\/2022\/06\/3.-BERMUDEZ-Y-CHANEL.jpeg\" alt=\"\" width=\"1024\" height=\"683\" \/><\/p>\n<p style=\"text-align: center\"><em>Mirada c\u00f3mplice de la cantante Chanel (i) al alcalde Jos\u00e9 Manuel Berm\u00fadez en la rueda de prensa de presentaci\u00f3n de la Gala de la Reina<\/em><\/p>\n<p>&nbsp;<\/p>\n<p><span style=\"color: #0000ff\"><strong>PATRICIA <\/strong><strong>ALCALDESA, <\/strong><strong>DEC\u00cdA<\/strong> <strong>Y REPET\u00cdA LUIS YERAY<\/strong><\/span><\/p>\n<ul>\n<li>Con varias personas como testigos directos, el alcalde lagunero, <strong>Luis<\/strong> <strong>Yeray Guti\u00e9rrez<\/strong>, nada m\u00e1s llegar, se dirigi\u00f3 a su compa\u00f1era socialista, exalcaldesa chicharrera y hoy concejal, <strong>Patricia Hern\u00e1ndez<\/strong>, habl\u00e1ndole en alto y repitiendo <em>\u00a1\u00a1<\/em><em>Alcaldesa, alcaldesa!! <\/em>en un tono que, hasta en la distancia, lo oy\u00f3 el propio <strong>Jos\u00e9 Manuel Berm\u00fadez<\/strong> y m\u00e1s de uno entendi\u00f3 como innecesaria provocaci\u00f3n. M\u00e1s tarde, en un tono de voz no precisamente susurrante, <strong>Luis Yeray<\/strong> no se cort\u00f3 en hacer comentarios de que la Gala era un aburrimiento, opini\u00f3n que pudieron o\u00edr claramente algunas de las personas de su alrededor. En otro momento se pon\u00eda en pie para mirar a la grada del p\u00fablico, como buscando a gente y saludando a m\u00e1s de uno. En un momento al alcalde del Puerto de la Cruz, <strong>Marco Antonio Gonz\u00e1lez<\/strong>, al ver de pie a <strong>Luis Yeray<\/strong> le dijo algo as\u00ed como <em>\u201c\u00bfse van ya?&#8230; falta Chanel y m\u00e1s candidatas\u201d<\/em> \u2026 a lo que el alcalde lagunero respondi\u00f3 algo as\u00ed como: <em>\u201cMira t\u00fa la Gala esta\u2026, para ver esto me quedo en mi casa\u2026, solo falta Chiquilicuatre\u201d<\/em>. Algunos miembros del equipo de Gobierno del Ayuntamiento de Santa Cruz estuvieron a punto de llamarle la atenci\u00f3n<\/li>\n<\/ul>\n<p><img loading=\"lazy\" decoding=\"async\" class=\"size-large wp-image-4409 aligncenter\" src=\"https:\/\/canariasenpositivo.com\/wp-content\/uploads\/2022\/06\/4.-REINA-CARNAVAL-2022-1024x768.jpeg\" alt=\"\" width=\"660\" height=\"495\" \/><\/p>\n<p style=\"text-align: center\"><em>Jos\u00e9 Manuel Berm\u00fadez acompa\u00f1ado por la Reina del pasado carnaval, tras entregar el cetro de Reina del Carnaval 2022 a Ruth Gonz\u00e1lez.<\/em><\/p>\n<p>&nbsp;<\/p>\n<p><span style=\"color: #0000ff\"><strong>EL SABER ESTAR DE MARCO ANTONIO GONZ\u00c1LEZ<\/strong><\/span><\/p>\n<ul>\n<li>Nada que ver, por cierto, con la educaci\u00f3n, la elegancia y el saber estar del alcalde del Puerto de La Cruz, <strong>Marco Antonio Gonz\u00e1lez Mesa<\/strong>, todo un caballero que se implic\u00f3 en la Gala, aplaudi\u00f3 en todo momento, se qued\u00f3 encantado con ella y al final felicit\u00f3 a <strong>Berm\u00fadez<\/strong> y le agradeci\u00f3 la invitaci\u00f3n. Est\u00e1 claro que, en la Gala del Carnaval (y cualquier otro acto popular al que uno est\u00e1 como invitado) se debe transcender de ideolog\u00edas y partidismos pol\u00edticos y actuar con educaci\u00f3n y con respeto institucional, como el protocolo contempla. En un gesto de caballero que le honra, el alcalde portuense, <strong>Marco Antonio Gonz\u00e1lez<\/strong> fue a saludar a <strong>Jos\u00e9 Manuel Berm\u00fadez<\/strong>, le agradeci\u00f3 la invitaci\u00f3n y le felicit\u00f3 por la Gala. Est\u00e1 claro que cuando vas a un acto de otro ayuntamiento, lo m\u00ednimo es ir a saludar al alcalde anfitri\u00f3n, y <strong>Berm\u00fadez<\/strong> est\u00e1 todav\u00eda esperando el saludo de <strong>Luis Yeray<\/strong>. Todo esto fue visto por muchos testigos que comentaron la desagradable actitud al final de la Gala. Seg\u00fan me dicen, el Ayuntamiento de Santa Cruz de Tenerife est\u00e1 pensando y plante\u00e1ndose no volver a invitar a <strong>Luis Yeray Guti\u00e9rrez<\/strong> a nada.<\/li>\n<\/ul>\n<p><img loading=\"lazy\" decoding=\"async\" class=\"size-full wp-image-4410 aligncenter\" src=\"https:\/\/canariasenpositivo.com\/wp-content\/uploads\/2022\/06\/5.-JOSE-BERMUDEZ.jpg\" alt=\"\" width=\"1000\" height=\"667\" \/><\/p>\n<p style=\"text-align: center\"><em>El alcalde Jos\u00e9 Manuel Berm\u00fadez qued\u00f3 encantado con el portuense Marco Gonz\u00e1lez y \u201cno muy contento\u201d con el lagunero Luis Yeray Guti\u00e9rrez.<\/em><\/p>\n<p><strong>\u00a0<\/strong><\/p>\n<p><span style=\"color: #0000ff\"><strong>EL GRAN PROYECTO: \u201cLA PALMA, PUNTO Y APARTE\u201d<\/strong><\/span><\/p>\n<ul>\n<li>Les coment\u00e9 en <strong><em>El Cotarro<\/em><\/strong> de la v\u00edspera del pasado D\u00eda de Canarias que somos muy de celebrar nuestra canariedad o canarismo el 30 de mayo, pero que ya al d\u00eda siguiente, el 31 de mayo el canarismo se nos diluye como azucarillo en las manos. Cada d\u00eda hay m\u00e1s pruebas de ello y, como muestra, un bot\u00f3n. Les pongo hoy un triste y lamentable ejemplo de ello. Sepan que, desde hace a\u00f1os, un palmero y canario de pro, <strong>Justo Roberto P\u00e9rez Cruz<\/strong>, est\u00e1 coordinando y haciendo realidad un proyecto que se denomina <em>\u201cLa Palma. Punto y Aparte\u201d<\/em>. El puntal <strong>Justo P\u00e9rez Cruz<\/strong> es doctor en Matem\u00e1ticas y catedr\u00e1tico de F\u00edsica aplicada de la Universidad de La Laguna, pero dos de sus grandes pasiones son tocar el timple y, sobre todo, escribir d\u00e9cimas canarias, afici\u00f3n \u00e9sta en la que <strong>Justo P\u00e9rez<\/strong> es un maestro. En este \u00e1mbito, el mayor deseo y el reto de <strong>Justo P\u00e9rez Cruz<\/strong> y de muchos decimistas que est\u00e1n con \u00e9l, es que los libros que conforman la colecci\u00f3n <em>\u201cLa Palma, Punto y aparte\u201d<\/em> est\u00e9n en todas las 173 bibliotecas p\u00fablicas de nuestra Comunidad Aut\u00f3noma.<\/li>\n<\/ul>\n<p><img loading=\"lazy\" decoding=\"async\" class=\"size-full wp-image-4411 aligncenter\" src=\"https:\/\/canariasenpositivo.com\/wp-content\/uploads\/2022\/06\/6.-JUSTO-ROBERTO-PEREZ.jpg\" alt=\"\" width=\"518\" height=\"431\" \/><\/p>\n<p style=\"text-align: center\"><em>El profesor, catedr\u00e1tico de F\u00edsica y decimista palmero Justo R. P\u00e9rez Cruz<\/em><\/p>\n<p>&nbsp;<\/p>\n<p><span style=\"color: #0000ff\"><strong>D\u00c9CIMAS CANARIAS EN TODAS LAS BIBLIOTECAS<\/strong><\/span><\/p>\n<ul>\n<li>Para que el proyecto sea viable, <strong>Justo P\u00e9rez Cruz<\/strong> y los dem\u00e1s puntales que est\u00e1n detr\u00e1s de <em>\u201cLa Palma Punto y Aparte<\/em>\u201d han hecho un c\u00e1lculo y han llegado a la conclusi\u00f3n de que deben vender 150 ejemplares de cada libro. O sea, que si al menos 150 bibliotecas canarias de las 173 que han en nuestra Comunidad compraran un ejemplar, el proyecto seguir\u00eda hacia adelante, pudiendo poner ejemplares a disposici\u00f3n de la ciudadan\u00eda en algunas librer\u00edas de las islas. Est\u00e1 claro que, en esta ocasi\u00f3n, la pelota est\u00e1 en el lado de <strong>Manuela De Armas Rodr\u00edguez<\/strong>, la consejera de Educaci\u00f3n, Universidades, Cultura y Deportes del Gobierno de Canarias, as\u00ed como de los responsables de educaci\u00f3n y cultura de los siete cabildos insulares y de los 88 municipios de nuestras islas. Acaba de salir el \u00faltimo libro del proyecto y ya est\u00e1 a disposici\u00f3n de las librer\u00edas y de las lectoras y lectores que lo deseen el libro <em>\u201cD\u00e9cimas y Poemas de <strong>Jos\u00e9 Antonio Clemente<\/strong>\u201d<\/em> coleccionando la obra del decimista palmero <strong>Jos\u00e9 Antonio Clemente P\u00e9rez<\/strong> (Villa de Mazo 1946).<\/li>\n<\/ul>\n<p><img loading=\"lazy\" decoding=\"async\" class=\"size-full wp-image-4412 aligncenter\" src=\"https:\/\/canariasenpositivo.com\/wp-content\/uploads\/2022\/06\/7.-DECIMAS-1-A-3.jpg\" alt=\"\" width=\"899\" height=\"425\" \/><\/p>\n<p style=\"text-align: center\"><em>Portadas de los vol\u00famenes 1, 2 y 3 de la colecci\u00f3n \u201cLa Palma. Punto y Aparte\u201d<\/em><\/p>\n<p>&nbsp;<\/p>\n<p><span style=\"color: #0000ff\"><strong>20 ANIVERSARIO Y ACABA DE SALIR EL VOLUMEN 12<\/strong><\/span><\/p>\n<ul>\n<li>La obra contiene vivencias, relatos, dedicados muchos de ellos a familiares o personas de su entorno o a circunstancias acaecidas en viajes o actividades desarrolladas formando parte de su actividad profesional o cultural y es un ejemplo t\u00edpico de lo que representa nuestra poes\u00eda popular. Este libro constituye el volumen 12 de la mencionada colecci\u00f3n \u201cLa Palma. Punto y Aparte\u201d que, en peque\u00f1os pasos ha ido dando a conocer lo m\u00e1s granado de la tradici\u00f3n decimista palmera. El proyecto cumpli\u00f3 su 20 aniversario durante la pasada pandemia una circunstancia que no pudieron celebrar con las habituales cantur\u00edas y reuniones t\u00edpicas de la tradici\u00f3n verseadora, pero que\u00a0 <strong>Justo P\u00e9rez<\/strong> y dem\u00e1s decimistas han celebrado \u2018a su manera\u2019 poniendo libre en internet a disposici\u00f3n de los lectores las obras\u00a0 <em>\u201cLas d\u00e9cimas al Volc\u00e1n de San Juan\u201d<\/em>, <em>\u201cLas d\u00e9cimas de <strong>Abraham Rocha<\/strong> y <strong>Pedro Barreto<\/strong>\u201d, \u201cLas d\u00e9cimas del temporal de 1957\u201d<\/em> y <em>\u201cLas d\u00e9cimas desde el Manch\u00f3n\u201d,<\/em> esta \u00faltima por deseo expreso de su autora la entra\u00f1able <strong>Mar\u00eda Nieves Clemente<\/strong> solo unos meses antes de su triste fallecimiento.<\/li>\n<\/ul>\n<p><img loading=\"lazy\" decoding=\"async\" class=\"size-full wp-image-4413 aligncenter\" src=\"https:\/\/canariasenpositivo.com\/wp-content\/uploads\/2022\/06\/8.-DECIMAS-4-A-6.jpg\" alt=\"\" width=\"908\" height=\"422\" \/><\/p>\n<p style=\"text-align: center\"><em>Portadas de los vol\u00famenes 4, 5 y 6 de la colecci\u00f3n \u201cLa Palma. Punto y Aparte\u201d<\/em><\/p>\n<p>&nbsp;<\/p>\n<p><span style=\"color: #0000ff\"><strong>12 LIBROS PARA TODAS NUESTRAS BIBLIOTECAS<\/strong><\/span><\/p>\n<ul>\n<li>Esos 12 libros que deben estar en todas las bibliotecas de Canarias son: 1.- <em>Las d\u00e9cimas de la Garrafona<\/em>. <strong>Mar\u00eda Nieves Clemente<\/strong> (2001) 2.- <em>Las d\u00e9cimas de Ram\u00f3n Marichal<\/em>. <strong>Ram\u00f3n Marichal Negr\u00edn<\/strong> (2002) 3.- <em>Las d\u00e9cimas de Pedro Barreto y Abraham Rocha<\/em>. <strong>Pedro Barreto S\u00e1nchez y Abraham Rocha Rodr\u00edguez <\/strong>(2004) 4.- <em>D\u00e9cimas del Temporal de 1957<\/em>. <strong>Justo R. P\u00e9rez Cruz<\/strong> (recopilaci\u00f3n) (2005) 5<em>.- Las d\u00e9cimas de Melo P\u00e9rez D\u00edaz y la historia de los pinilleros<\/em>. <strong>Melo P\u00e9rez D\u00edaz<\/strong> (2006) 6.- <em>D\u00e9cimas y Romances de Enedina P\u00e9rez<\/em>. <strong>Enedina P\u00e9rez D\u00edaz<\/strong> (2014) 7.- <em>D\u00e9cimas desde el Manch\u00f3n<\/em>. <strong>Mar\u00eda Nieves Clemente P\u00e9rez<\/strong> (2016) 8.- <em>D\u00e9cimas al Volc\u00e1n de San Juan<\/em>. <strong>Justo R. P\u00e9rez Cruz<\/strong> (rec.) (2019) 9.- <em>Las d\u00e9cimas de Mercedes Abreu<\/em>. <strong>Mercedes Abreu Exp\u00f3sito<\/strong> (2019) 10.- <em>Notas sobre la d\u00e9cima en la isla de La Palma a lo largo del siglo XX<\/em>. <strong>Justo R. P\u00e9rez Cruz<\/strong> (2018) 11.- <em>D\u00e9cimas e historias desde la Piedra de Flores<\/em>. <strong>Melo P\u00e9rez D\u00edaz<\/strong> (2018) 12.- <em>D\u00e9cimas y Poemas de Jos\u00e9 Antonio Clemente<\/em>. <strong>Jos\u00e9 Antonio Clemente P\u00e9rez<\/strong> (1946). \u00a1A comprarlos!<\/li>\n<\/ul>\n<p><img loading=\"lazy\" decoding=\"async\" class=\"size-full wp-image-4414 aligncenter\" src=\"https:\/\/canariasenpositivo.com\/wp-content\/uploads\/2022\/06\/9.-DECIMAS-7-A-9.jpg\" alt=\"\" width=\"906\" height=\"434\" \/><\/p>\n<p style=\"text-align: center\"><em>Portadas de los vol\u00famenes 7, 8 y 9 de la colecci\u00f3n \u201cLa Palma. Punto y Aparte\u201d<\/em><\/p>\n<p>&nbsp;<\/p>\n<p><span style=\"color: #0000ff\"><strong>UN RETO QUE PODEMOS CUMPLIR ENTRE TODOS<\/strong><\/span><\/p>\n<ul>\n<li><strong>Justo P\u00e9rez Cruz<\/strong> y la \u201cfamilia decimista palmera\u201d se han marcado el reto de que todas las bibliotecas p\u00fablicas de Canarias dispongan de las obras escritas sobre la d\u00e9cima y nuestra cultura popular y que los lectores de todas las islas puedan tener a su alcance este valioso apartado de nuestro patrimonio cultural. En el caso de que las personas o entidades responsables de dichas bibliotecas tengan a bien sumarse a este reto pueden llevarlo a cabo realizando el oportuno pedido a trav\u00e9s de la web de la Librer\u00eda El \u00c1guila, de La Laguna en: <a href=\"https:\/\/www.libreriaelaguila.es\/busqueda\/listaLibros.php?tipoBus=full&amp;palabrasBusqueda=decimas&amp;boton=Buscar\">https:\/\/www.libreriaelaguila.es\/busqueda\/listaLibros.php?tipoBus=full&amp;palabrasBusqueda=decimas&amp;boton=Buscar<\/a> <strong>Justo Roberto P\u00e9rez<\/strong> se ha puesto manos a la obra y ha enviado 173 cartas todas y cada una de las 173 librer\u00edas p\u00fablicas de canarias, adjuntando como anexo una rigurosa relaci\u00f3n de los libros del proyecto que se refleja la situaci\u00f3n actual de la distribuci\u00f3n de las obras en las bibliotecas canarias seg\u00fan el cat\u00e1logo de la red BICA (Red de Bibliotecas Canarias). Felicidades a <strong>Justo P\u00e9rez<\/strong>, mucho \u00e1nimo y recordar a todos que est\u00e1 en nuestras manos alcanzar y cumplir el reto antes de fin de a\u00f1o. Am\u00e9n.<\/li>\n<\/ul>\n<p><img loading=\"lazy\" decoding=\"async\" class=\"size-full wp-image-4415 aligncenter\" src=\"https:\/\/canariasenpositivo.com\/wp-content\/uploads\/2022\/06\/10.-DECIMAS-10-A-12.jpg\" alt=\"\" width=\"907\" height=\"440\" \/><\/p>\n<p style=\"text-align: center\"><em>Portadas de los vol\u00famenes 10, 11 y 12 de la colecci\u00f3n \u201cLa Palma. Punto y Aparte\u201d<\/em><\/p>\n<p>&nbsp;<\/p>\n<p><span style=\"color: #0000ff\"><strong>7\u00ba SAL\u00d3N GASTRON\u00d3MICO \u2013 GASTROCANARIAS 2022<\/strong><\/span><\/p>\n<ul>\n<li>Como una moto va la organizaci\u00f3n del <strong><em>7\u00ba Sal\u00f3n Gastron\u00f3mico de Canarias \u2013 GastroCanarias 2022<\/em><\/strong>. Se celebrar\u00e1, Dios mediante, del 27 al 29 de septiembre en el Recinto Ferial de Tenerife. Quedan exactamente 107 d\u00edas para esa gastron\u00f3mica fecha, pero el equipo organizativo ya trabaja a velocidad de crucero. El mes de abril se celebr\u00f3 la rueda de prensa de presentaci\u00f3n oficial en Tenerife, que presidi\u00f3 la consejera de Agricultura del Gobierno de Canarias, <strong>Alicia Vanoostende<\/strong>, flanqueada por <strong>Pedro Mart\u00edn<\/strong>, presidente del Cabildo de Tenerife y por <strong>Mariano Hern\u00e1ndez Zapata<\/strong>, presidente del Cabildo de La Palma, as\u00ed como el alcalde de Santa Cruz de Tenerife, <strong>Jos\u00e9 Manuel Berm\u00fadez<\/strong>. Tambi\u00e9n se celebr\u00f3 la presentaci\u00f3n el La Palma, en la que <strong>Pedro Mart\u00edn<\/strong> le devolvi\u00f3 su visita <strong>Mariano Hern\u00e1ndez<\/strong>. En estos momentos est\u00e1 hirviendo el plazo de inscripci\u00f3n de concursantes en todos los campeonatos de cocina y de bebidas con los que contar\u00e1 el programa de actividades de <strong><em>GastroCanarias 2022<\/em><\/strong>.<\/li>\n<\/ul>\n<p><img loading=\"lazy\" decoding=\"async\" class=\"size-large wp-image-4416 aligncenter\" src=\"https:\/\/canariasenpositivo.com\/wp-content\/uploads\/2022\/06\/11.-PRESENTACION-LA-PALMA-1024x683.jpg\" alt=\"\" width=\"660\" height=\"440\" \/><\/p>\n<p style=\"text-align: center\"><em>De izquierda a derecha: Pedro Mart\u00edn Dom\u00ednguez, Mariano Hern\u00e1ndez Zapata y Jos\u00e9 Carlos Marrero (co-director del Sal\u00f3n Gastron\u00f3mico de Canarias) durante la presentaci\u00f3n en La Palma.<\/em><\/p>\n<p>&nbsp;<\/p>\n<p><span style=\"color: #0000ff\"><strong>PLAZO ABIERTO PARA TODOS LOS CAMPEONATOS<\/strong><\/span><\/p>\n<ul>\n<li>Perm\u00edtanme que hoy llame la atenci\u00f3n (en el mejor sentido de la expresi\u00f3n) a todas las cocineras y cocineros de Canarias, record\u00e1ndoles que este pr\u00f3ximo mi\u00e9rcoles, d\u00eda 15 de junio, se cierra el plazo de inscripci\u00f3n para los distintos campeonatos que se van a desarrollar dentro del <strong>7\u00ba Sal\u00f3n Gastron\u00f3mico de Canarias \u2013 GastroCanarias 2022<\/strong>, certamen que se celebrar\u00e1 del 27 al 29 de septiembre, dentro de exactamente, 107 d\u00edas. Entre ellos estar\u00e1 como el m\u00e1s veterano, el 16\u00ba Campeonato de Canarias Absoluto de Cocina- Gran Premio Cabildo de Tenerife, que, en la \u00faltima edici\u00f3n, celebrada en 2019, gan\u00f3 el \u201cconejero\u201d <strong>Gonzalo Calzadilla Garc\u00eda<\/strong>. Todos los a\u00f1os tengo que repetir que las canarias y canarios en general (y las cocineras y cocineros en particular) muchas veces nos subestimamos y nos \u201cachicamos\u201d sin raz\u00f3n alguna o, como dec\u00eda el mago, \u201csin necesidad ninguna\u201d &#8230;<\/li>\n<\/ul>\n<p><img loading=\"lazy\" decoding=\"async\" class=\"size-large wp-image-4417 aligncenter\" src=\"https:\/\/canariasenpositivo.com\/wp-content\/uploads\/2022\/06\/12.-PODIO-ABSOLUTO-2019-1024x682.jpg\" alt=\"\" width=\"660\" height=\"440\" \/><\/p>\n<p style=\"text-align: center\"><em>Podio del 15\u00ba Campeonato de Canarias de Cocina, celebrado dentro del 6\u00ba Sal\u00f3n \u2013 GastroCanarias 2019. De izquierda a derecha: \u00a0el tercer clasificado: Iv\u00e1n Pulido Rodr\u00edguez (Gran Canaria), el campe\u00f3n: Gonzalo Calzadilla Garc\u00eda (Lanzarote), la subcampeona: Eliana Real Cabrera (Tenerife) y el mejor Ayudante de Cocina: Ruym\u00e1n Gonz\u00e1lez Artiles (Tenerife) <\/em><\/p>\n<p><em>\u00a0<\/em><\/p>\n<p><span style=\"color: #0000ff\"><strong>NI SUBESTIMARSE, NI RID\u00cdCULO, NI MIEDO ESC\u00c9NICO<\/strong><\/span><\/p>\n<ul>\n<li>Parece que tenemos nuestra autoestima por los suelos, un patol\u00f3gico sentido del rid\u00edculo y un absurdo miedo esc\u00e9nico a concursar en p\u00fablico&#8230; La inscripci\u00f3n es gratuita y a los finalistas que sean de otra isla se les trae gratuitamente y se les aloja tambi\u00e9n gratis con la colaboraci\u00f3n de Iberostar y Binter&#8230; Quien que se inscribe y no sale seleccionado como finalista, no pierde nada, porque nadie se entera&#8230; Y los que salen finalistas, s\u00f3lo por el hecho de serlo, ya han ganado un tremendo valor para apuntarlo y publicarlo en su curr\u00edculum profesional&#8230; Si encima tienen la suerte de subir al podio de uno de los campeonatos, como subieron en la pasada edici\u00f3n del certamen <strong>Gonzalo Calzadilla Garc\u00eda<\/strong> (ganador del campeonato absoluto) o el palmero <strong>Daniel Tejera P\u00e9rez Dorta<\/strong> (ganador del campeonato de j\u00f3venes cocineros\/as), ya ser\u00eda la repera&#8230; O sea que, a apuntarse, que este sabroso tranv\u00eda no pasa todos los d\u00edas&#8230; El plazo de inscripci\u00f3n terminar\u00e1 el 15 de junio (mi\u00e9rcoles) y toda la informaci\u00f3n, bases y los formularios de inscripci\u00f3n los pueden encontrar en: <strong><em>gastrocanarias.com<\/em><\/strong> o bien en <strong><em>www.salongastronomicodecanarias.com<\/em><\/strong><\/li>\n<\/ul>\n<p><img loading=\"lazy\" decoding=\"async\" class=\"size-large wp-image-4418 aligncenter\" src=\"https:\/\/canariasenpositivo.com\/wp-content\/uploads\/2022\/06\/13.-PODIO-JOVENES-2019-1024x682.jpg\" alt=\"\" width=\"660\" height=\"440\" \/><\/p>\n<p style=\"text-align: center\"><em>Podio del 6\u00ba Campeonato de J\u00f3venes Cocineras y Cocineros de Canarias, celebrado en el 6\u00ba Sal\u00f3n \u2013 GastroCanarias 2019. De izquierda a derecha:\u00a0 el mejor ayudante de cocina: Eduardo Jes\u00fas Gonz\u00e1lez (Tenerife), el campe\u00f3n: Daniel Tejera (La Palma), el subcampe\u00f3n: Miguel \u00c1ngel Cruz (Tenerife) y el tercero: Samuel D\u00edaz (Tenerife)<\/em><\/p>\n<p style=\"text-align: center\"><em>\u00a0<\/em><\/p>\n<p><span style=\"color: #0000ff\"><strong>* Jos\u00e9 Carlos MARRERO GONZ\u00c1LEZ<\/strong><\/span><\/p>\n<p>Periodista y analista de la actualidad.<\/p>\n<p>Director de <strong><em>El Cotarro<\/em><\/strong> (www.elcotarro.com)<\/p>\n<p>Director de <strong><em>Canarias en Positivo<\/em><\/strong> (www.canariasenpositivo.com)<\/p>\n<p>Director de <strong><em>GastroCanarias<\/em><\/strong> (www.gastrocanarias.com)<\/p>\n<p><em>\u00a0<\/em><\/p>\n<p>Islas Canarias, 12 de junio de 2022.<\/p>\n<p><img loading=\"lazy\" decoding=\"async\" class=\"alignnone size-full wp-image-3870\" src=\"https:\/\/canariasenpositivo.com\/wp-content\/uploads\/2022\/02\/15.-CARECA-\u00cdNSULA.jpg\" alt=\"\" width=\"750\" height=\"153\" \/><\/p>\n","protected":false},"excerpt":{"rendered":"<p>\u201cEL COTARRO\u201d N\u00ba405 DEL 12 DE JUNIO DE 2022 &nbsp; &nbsp; Por Jos\u00e9 Carlos Marrero * &nbsp; &nbsp; ENCARRILADITOS HACIA LA PRIMERA DIVISI\u00d3N Comencemos distendidamente felicitando a nuestro Club Deportivo Tenerife por, al menos, no dejarse encajar un golito, ayer frente al Girona en el estadio de Montilivi. Ahora solo falta ser muy inteligentes, encomendarse &#8230; <a class=\"read-more\" href=\"https:\/\/elcotarro.com\/?p=10373\">Read more<\/a><\/p>\n","protected":false},"author":2,"featured_media":0,"comment_status":"open","ping_status":"open","sticky":false,"template":"","format":"standard","meta":{"_jetpack_memberships_contains_paid_content":false,"footnotes":""},"categories":[4],"tags":[],"class_list":["post-10373","post","type-post","status-publish","format-standard","hentry","category-el-cotarro"],"yoast_head":"<!-- This site is optimized with the Yoast SEO plugin v27.0 - https:\/\/yoast.com\/product\/yoast-seo-wordpress\/ -->\n<title>EL COTARRO \/ 405, DEL DOMINGO, 12\/06\/2022 - El Cotarro<\/title>\n<meta name=\"robots\" content=\"index, follow, max-snippet:-1, max-image-preview:large, max-video-preview:-1\" \/>\n<link rel=\"canonical\" href=\"https:\/\/elcotarro.com\/?p=10373\" \/>\n<meta property=\"og:locale\" content=\"es_ES\" \/>\n<meta property=\"og:type\" content=\"article\" \/>\n<meta property=\"og:title\" content=\"EL COTARRO \/ 405, DEL DOMINGO, 12\/06\/2022 - El Cotarro\" \/>\n<meta property=\"og:description\" content=\"\u201cEL COTARRO\u201d N\u00ba405 DEL 12 DE JUNIO DE 2022 &nbsp; &nbsp; Por Jos\u00e9 Carlos Marrero * &nbsp; &nbsp; ENCARRILADITOS HACIA LA PRIMERA DIVISI\u00d3N Comencemos distendidamente felicitando a nuestro Club Deportivo Tenerife por, al menos, no dejarse encajar un golito, ayer frente al Girona en el estadio de Montilivi. Ahora solo falta ser muy inteligentes, encomendarse ... Read more\" \/>\n<meta property=\"og:url\" content=\"https:\/\/elcotarro.com\/?p=10373\" \/>\n<meta property=\"og:site_name\" content=\"El Cotarro\" \/>\n<meta property=\"article:publisher\" content=\"https:\/\/www.facebook.com\/ElCotarro.Tenerife\" \/>\n<meta property=\"article:published_time\" content=\"2022-06-12T09:40:21+00:00\" \/>\n<meta property=\"article:modified_time\" content=\"2022-06-12T09:40:50+00:00\" \/>\n<meta property=\"og:image\" content=\"https:\/\/canariasenpositivo.com\/wp-content\/uploads\/2022\/06\/1.-C.D.-TENERIFE.jpg\" \/>\n<meta name=\"author\" content=\"Jos\u00e9 Carlos Marrero Gonz\u00e1lez\" \/>\n<meta name=\"twitter:label1\" content=\"Escrito por\" \/>\n\t<meta name=\"twitter:data1\" content=\"Jos\u00e9 Carlos Marrero Gonz\u00e1lez\" \/>\n\t<meta name=\"twitter:label2\" content=\"Tiempo de lectura\" \/>\n\t<meta name=\"twitter:data2\" content=\"16 minutos\" \/>\n<script type=\"application\/ld+json\" class=\"yoast-schema-graph\">{\"@context\":\"https:\/\/schema.org\",\"@graph\":[{\"@type\":\"Article\",\"@id\":\"https:\/\/elcotarro.com\/?p=10373#article\",\"isPartOf\":{\"@id\":\"https:\/\/elcotarro.com\/?p=10373\"},\"author\":{\"name\":\"Jos\u00e9 Carlos Marrero Gonz\u00e1lez\",\"@id\":\"https:\/\/elcotarro.com\/#\/schema\/person\/af537ee7d60d15984c7e0affcd8a918b\"},\"headline\":\"EL COTARRO \/ 405, DEL DOMINGO, 12\/06\/2022\",\"datePublished\":\"2022-06-12T09:40:21+00:00\",\"dateModified\":\"2022-06-12T09:40:50+00:00\",\"mainEntityOfPage\":{\"@id\":\"https:\/\/elcotarro.com\/?p=10373\"},\"wordCount\":2964,\"commentCount\":1,\"publisher\":{\"@id\":\"https:\/\/elcotarro.com\/#organization\"},\"image\":{\"@id\":\"https:\/\/elcotarro.com\/?p=10373#primaryimage\"},\"thumbnailUrl\":\"https:\/\/canariasenpositivo.com\/wp-content\/uploads\/2022\/06\/1.-C.D.-TENERIFE.jpg\",\"articleSection\":[\"El Cotarro\"],\"inLanguage\":\"es\",\"potentialAction\":[{\"@type\":\"CommentAction\",\"name\":\"Comment\",\"target\":[\"https:\/\/elcotarro.com\/?p=10373#respond\"]}]},{\"@type\":\"WebPage\",\"@id\":\"https:\/\/elcotarro.com\/?p=10373\",\"url\":\"https:\/\/elcotarro.com\/?p=10373\",\"name\":\"EL COTARRO \/ 405, DEL DOMINGO, 12\/06\/2022 - El Cotarro\",\"isPartOf\":{\"@id\":\"https:\/\/elcotarro.com\/#website\"},\"primaryImageOfPage\":{\"@id\":\"https:\/\/elcotarro.com\/?p=10373#primaryimage\"},\"image\":{\"@id\":\"https:\/\/elcotarro.com\/?p=10373#primaryimage\"},\"thumbnailUrl\":\"https:\/\/canariasenpositivo.com\/wp-content\/uploads\/2022\/06\/1.-C.D.-TENERIFE.jpg\",\"datePublished\":\"2022-06-12T09:40:21+00:00\",\"dateModified\":\"2022-06-12T09:40:50+00:00\",\"breadcrumb\":{\"@id\":\"https:\/\/elcotarro.com\/?p=10373#breadcrumb\"},\"inLanguage\":\"es\",\"potentialAction\":[{\"@type\":\"ReadAction\",\"target\":[\"https:\/\/elcotarro.com\/?p=10373\"]}]},{\"@type\":\"ImageObject\",\"inLanguage\":\"es\",\"@id\":\"https:\/\/elcotarro.com\/?p=10373#primaryimage\",\"url\":\"https:\/\/canariasenpositivo.com\/wp-content\/uploads\/2022\/06\/1.-C.D.-TENERIFE.jpg\",\"contentUrl\":\"https:\/\/canariasenpositivo.com\/wp-content\/uploads\/2022\/06\/1.-C.D.-TENERIFE.jpg\"},{\"@type\":\"BreadcrumbList\",\"@id\":\"https:\/\/elcotarro.com\/?p=10373#breadcrumb\",\"itemListElement\":[{\"@type\":\"ListItem\",\"position\":1,\"name\":\"Portada\",\"item\":\"https:\/\/elcotarro.com\/\"},{\"@type\":\"ListItem\",\"position\":2,\"name\":\"EL COTARRO \/ 405, DEL DOMINGO, 12\/06\/2022\"}]},{\"@type\":\"WebSite\",\"@id\":\"https:\/\/elcotarro.com\/#website\",\"url\":\"https:\/\/elcotarro.com\/\",\"name\":\"El Cotarro\",\"description\":\"Peri\u00f3dico Digital Independiente dirigido por Jos\u00e9 Carlos Marrero\",\"publisher\":{\"@id\":\"https:\/\/elcotarro.com\/#organization\"},\"potentialAction\":[{\"@type\":\"SearchAction\",\"target\":{\"@type\":\"EntryPoint\",\"urlTemplate\":\"https:\/\/elcotarro.com\/?s={search_term_string}\"},\"query-input\":{\"@type\":\"PropertyValueSpecification\",\"valueRequired\":true,\"valueName\":\"search_term_string\"}}],\"inLanguage\":\"es\"},{\"@type\":\"Organization\",\"@id\":\"https:\/\/elcotarro.com\/#organization\",\"name\":\"El Cotarro\",\"url\":\"https:\/\/elcotarro.com\/\",\"logo\":{\"@type\":\"ImageObject\",\"inLanguage\":\"es\",\"@id\":\"https:\/\/elcotarro.com\/#\/schema\/logo\/image\/\",\"url\":\"https:\/\/elcotarro.com\/wp-content\/uploads\/2014\/09\/Cabecera_El_Cotarro_v2.jpg\",\"contentUrl\":\"https:\/\/elcotarro.com\/wp-content\/uploads\/2014\/09\/Cabecera_El_Cotarro_v2.jpg\",\"width\":3540,\"height\":441,\"caption\":\"El Cotarro\"},\"image\":{\"@id\":\"https:\/\/elcotarro.com\/#\/schema\/logo\/image\/\"},\"sameAs\":[\"https:\/\/www.facebook.com\/ElCotarro.Tenerife\"]},{\"@type\":\"Person\",\"@id\":\"https:\/\/elcotarro.com\/#\/schema\/person\/af537ee7d60d15984c7e0affcd8a918b\",\"name\":\"Jos\u00e9 Carlos Marrero Gonz\u00e1lez\",\"image\":{\"@type\":\"ImageObject\",\"inLanguage\":\"es\",\"@id\":\"https:\/\/elcotarro.com\/#\/schema\/person\/image\/\",\"url\":\"https:\/\/secure.gravatar.com\/avatar\/def4da036efb5d32c74d49c351f6dccc064dd69ad9f3aadc295c5a9a5391ca01?s=96&d=mm&r=g\",\"contentUrl\":\"https:\/\/secure.gravatar.com\/avatar\/def4da036efb5d32c74d49c351f6dccc064dd69ad9f3aadc295c5a9a5391ca01?s=96&d=mm&r=g\",\"caption\":\"Jos\u00e9 Carlos Marrero Gonz\u00e1lez\"},\"sameAs\":[\"https:\/\/elcotarro.com\"],\"url\":\"https:\/\/elcotarro.com\/?author=2\"}]}<\/script>\n<!-- \/ Yoast SEO plugin. -->","yoast_head_json":{"title":"EL COTARRO \/ 405, DEL DOMINGO, 12\/06\/2022 - El Cotarro","robots":{"index":"index","follow":"follow","max-snippet":"max-snippet:-1","max-image-preview":"max-image-preview:large","max-video-preview":"max-video-preview:-1"},"canonical":"https:\/\/elcotarro.com\/?p=10373","og_locale":"es_ES","og_type":"article","og_title":"EL COTARRO \/ 405, DEL DOMINGO, 12\/06\/2022 - El Cotarro","og_description":"\u201cEL COTARRO\u201d N\u00ba405 DEL 12 DE JUNIO DE 2022 &nbsp; &nbsp; Por Jos\u00e9 Carlos Marrero * &nbsp; &nbsp; ENCARRILADITOS HACIA LA PRIMERA DIVISI\u00d3N Comencemos distendidamente felicitando a nuestro Club Deportivo Tenerife por, al menos, no dejarse encajar un golito, ayer frente al Girona en el estadio de Montilivi. Ahora solo falta ser muy inteligentes, encomendarse ... Read more","og_url":"https:\/\/elcotarro.com\/?p=10373","og_site_name":"El Cotarro","article_publisher":"https:\/\/www.facebook.com\/ElCotarro.Tenerife","article_published_time":"2022-06-12T09:40:21+00:00","article_modified_time":"2022-06-12T09:40:50+00:00","og_image":[{"url":"https:\/\/canariasenpositivo.com\/wp-content\/uploads\/2022\/06\/1.-C.D.-TENERIFE.jpg","type":"","width":"","height":""}],"author":"Jos\u00e9 Carlos Marrero Gonz\u00e1lez","twitter_misc":{"Escrito por":"Jos\u00e9 Carlos Marrero Gonz\u00e1lez","Tiempo de lectura":"16 minutos"},"schema":{"@context":"https:\/\/schema.org","@graph":[{"@type":"Article","@id":"https:\/\/elcotarro.com\/?p=10373#article","isPartOf":{"@id":"https:\/\/elcotarro.com\/?p=10373"},"author":{"name":"Jos\u00e9 Carlos Marrero Gonz\u00e1lez","@id":"https:\/\/elcotarro.com\/#\/schema\/person\/af537ee7d60d15984c7e0affcd8a918b"},"headline":"EL COTARRO \/ 405, DEL DOMINGO, 12\/06\/2022","datePublished":"2022-06-12T09:40:21+00:00","dateModified":"2022-06-12T09:40:50+00:00","mainEntityOfPage":{"@id":"https:\/\/elcotarro.com\/?p=10373"},"wordCount":2964,"commentCount":1,"publisher":{"@id":"https:\/\/elcotarro.com\/#organization"},"image":{"@id":"https:\/\/elcotarro.com\/?p=10373#primaryimage"},"thumbnailUrl":"https:\/\/canariasenpositivo.com\/wp-content\/uploads\/2022\/06\/1.-C.D.-TENERIFE.jpg","articleSection":["El Cotarro"],"inLanguage":"es","potentialAction":[{"@type":"CommentAction","name":"Comment","target":["https:\/\/elcotarro.com\/?p=10373#respond"]}]},{"@type":"WebPage","@id":"https:\/\/elcotarro.com\/?p=10373","url":"https:\/\/elcotarro.com\/?p=10373","name":"EL COTARRO \/ 405, DEL DOMINGO, 12\/06\/2022 - El Cotarro","isPartOf":{"@id":"https:\/\/elcotarro.com\/#website"},"primaryImageOfPage":{"@id":"https:\/\/elcotarro.com\/?p=10373#primaryimage"},"image":{"@id":"https:\/\/elcotarro.com\/?p=10373#primaryimage"},"thumbnailUrl":"https:\/\/canariasenpositivo.com\/wp-content\/uploads\/2022\/06\/1.-C.D.-TENERIFE.jpg","datePublished":"2022-06-12T09:40:21+00:00","dateModified":"2022-06-12T09:40:50+00:00","breadcrumb":{"@id":"https:\/\/elcotarro.com\/?p=10373#breadcrumb"},"inLanguage":"es","potentialAction":[{"@type":"ReadAction","target":["https:\/\/elcotarro.com\/?p=10373"]}]},{"@type":"ImageObject","inLanguage":"es","@id":"https:\/\/elcotarro.com\/?p=10373#primaryimage","url":"https:\/\/canariasenpositivo.com\/wp-content\/uploads\/2022\/06\/1.-C.D.-TENERIFE.jpg","contentUrl":"https:\/\/canariasenpositivo.com\/wp-content\/uploads\/2022\/06\/1.-C.D.-TENERIFE.jpg"},{"@type":"BreadcrumbList","@id":"https:\/\/elcotarro.com\/?p=10373#breadcrumb","itemListElement":[{"@type":"ListItem","position":1,"name":"Portada","item":"https:\/\/elcotarro.com\/"},{"@type":"ListItem","position":2,"name":"EL COTARRO \/ 405, DEL DOMINGO, 12\/06\/2022"}]},{"@type":"WebSite","@id":"https:\/\/elcotarro.com\/#website","url":"https:\/\/elcotarro.com\/","name":"El Cotarro","description":"Peri\u00f3dico Digital Independiente dirigido por Jos\u00e9 Carlos Marrero","publisher":{"@id":"https:\/\/elcotarro.com\/#organization"},"potentialAction":[{"@type":"SearchAction","target":{"@type":"EntryPoint","urlTemplate":"https:\/\/elcotarro.com\/?s={search_term_string}"},"query-input":{"@type":"PropertyValueSpecification","valueRequired":true,"valueName":"search_term_string"}}],"inLanguage":"es"},{"@type":"Organization","@id":"https:\/\/elcotarro.com\/#organization","name":"El Cotarro","url":"https:\/\/elcotarro.com\/","logo":{"@type":"ImageObject","inLanguage":"es","@id":"https:\/\/elcotarro.com\/#\/schema\/logo\/image\/","url":"https:\/\/elcotarro.com\/wp-content\/uploads\/2014\/09\/Cabecera_El_Cotarro_v2.jpg","contentUrl":"https:\/\/elcotarro.com\/wp-content\/uploads\/2014\/09\/Cabecera_El_Cotarro_v2.jpg","width":3540,"height":441,"caption":"El Cotarro"},"image":{"@id":"https:\/\/elcotarro.com\/#\/schema\/logo\/image\/"},"sameAs":["https:\/\/www.facebook.com\/ElCotarro.Tenerife"]},{"@type":"Person","@id":"https:\/\/elcotarro.com\/#\/schema\/person\/af537ee7d60d15984c7e0affcd8a918b","name":"Jos\u00e9 Carlos Marrero Gonz\u00e1lez","image":{"@type":"ImageObject","inLanguage":"es","@id":"https:\/\/elcotarro.com\/#\/schema\/person\/image\/","url":"https:\/\/secure.gravatar.com\/avatar\/def4da036efb5d32c74d49c351f6dccc064dd69ad9f3aadc295c5a9a5391ca01?s=96&d=mm&r=g","contentUrl":"https:\/\/secure.gravatar.com\/avatar\/def4da036efb5d32c74d49c351f6dccc064dd69ad9f3aadc295c5a9a5391ca01?s=96&d=mm&r=g","caption":"Jos\u00e9 Carlos Marrero Gonz\u00e1lez"},"sameAs":["https:\/\/elcotarro.com"],"url":"https:\/\/elcotarro.com\/?author=2"}]}},"jetpack_featured_media_url":"","jetpack_sharing_enabled":true,"_links":{"self":[{"href":"https:\/\/elcotarro.com\/index.php?rest_route=\/wp\/v2\/posts\/10373","targetHints":{"allow":["GET"]}}],"collection":[{"href":"https:\/\/elcotarro.com\/index.php?rest_route=\/wp\/v2\/posts"}],"about":[{"href":"https:\/\/elcotarro.com\/index.php?rest_route=\/wp\/v2\/types\/post"}],"author":[{"embeddable":true,"href":"https:\/\/elcotarro.com\/index.php?rest_route=\/wp\/v2\/users\/2"}],"replies":[{"embeddable":true,"href":"https:\/\/elcotarro.com\/index.php?rest_route=%2Fwp%2Fv2%2Fcomments&post=10373"}],"version-history":[{"count":2,"href":"https:\/\/elcotarro.com\/index.php?rest_route=\/wp\/v2\/posts\/10373\/revisions"}],"predecessor-version":[{"id":10375,"href":"https:\/\/elcotarro.com\/index.php?rest_route=\/wp\/v2\/posts\/10373\/revisions\/10375"}],"wp:attachment":[{"href":"https:\/\/elcotarro.com\/index.php?rest_route=%2Fwp%2Fv2%2Fmedia&parent=10373"}],"wp:term":[{"taxonomy":"category","embeddable":true,"href":"https:\/\/elcotarro.com\/index.php?rest_route=%2Fwp%2Fv2%2Fcategories&post=10373"},{"taxonomy":"post_tag","embeddable":true,"href":"https:\/\/elcotarro.com\/index.php?rest_route=%2Fwp%2Fv2%2Ftags&post=10373"}],"curies":[{"name":"wp","href":"https:\/\/api.w.org\/{rel}","templated":true}]}}