{"id":10396,"date":"2022-08-07T00:22:52","date_gmt":"2022-08-06T23:22:52","guid":{"rendered":"https:\/\/elcotarro.com\/?p=10396"},"modified":"2022-08-06T11:23:26","modified_gmt":"2022-08-06T10:23:26","slug":"el-cotarro-413-del-domingo-07-08-2022","status":"publish","type":"post","link":"https:\/\/elcotarro.com\/?p=10396","title":{"rendered":"EL COTARRO \/ 413, DEL DOMINGO, 07\/08\/2022"},"content":{"rendered":"<blockquote><p><span style=\"color: #ff0000\"><strong><em>\u201cEL COTARRO\u201d N\u00ba413 DEL 7 DE AGOSTO DE 2022<\/em><\/strong><\/span><\/p><\/blockquote>\n<p>&nbsp;<\/p>\n<p>&nbsp;<\/p>\n<p><em>Por <strong>Jos\u00e9 Carlos Marrero *<\/strong><\/em><\/p>\n<p>&nbsp;<\/p>\n<p>&nbsp;<\/p>\n<p><span style=\"color: #0000ff\"><strong>EL PROBLEMA DE QUE CASI NADIE QUIERE ENTRAR<\/strong><\/span><\/p>\n<ul>\n<li>Estamos en pleno mes de agosto y, aunque gran parte del personal (pol\u00edtico) dice que est\u00e1 de vacaciones, lo cierto y verdad es que, el que m\u00e1s y el que menos, est\u00e1 inmerso en el intento de conseguir el mejor candidato o candidata para la lista de su propio partido, de cara a las pr\u00f3ximas elecciones locales del 28 de mayo de 2023, para las que solo faltan, exactamente, 293 d\u00edas. En ellas elegiremos a nuestros pr\u00f3ximos representantes en los 88 ayuntamientos de Canarias, en nuestros 7 cabildos insulares y a las personas que conformen el pr\u00f3ximo Parlamento de Canarias, del que, posteriormente, saldr\u00e1 el nuevo presidente o presidenta de Canarias. En el caso de Coalici\u00f3n Canaria en el Cabildo de Tenerife, parece que ya est\u00e1 casi seguro que, definitivamente, el ex-presidente <strong>Carlos Alonso Rodr\u00edguez<\/strong> no se presentar\u00e1. Pero el problema que se est\u00e1 generalizando es que, cada d\u00eda m\u00e1s, la gente buena, honesta y preparada, se resiste a entrar en pol\u00edtica y, sobre todo, a una pol\u00edtica \u201cde gallinero\u201d, con cada d\u00eda menos nivel y cada vez m\u00e1s choteada y desprestigiada.<\/li>\n<\/ul>\n<p><em> <img loading=\"lazy\" decoding=\"async\" class=\"size-large wp-image-4672 aligncenter\" src=\"https:\/\/canariasenpositivo.com\/wp-content\/uploads\/2022\/08\/1.-CARLOS-ALONSO-1024x683.jpg\" alt=\"\" width=\"660\" height=\"440\" \/><\/em><\/p>\n<p style=\"text-align: center\"><em>Parece que Carlos Alonso no encabezar\u00e1 la lista de CC al Cabildo de Tenerife.<\/em><\/p>\n<p><em>\u00a0<\/em><\/p>\n<p><span style=\"color: #0000ff\"><strong>LOS DILEMAS DE CC EN EL CABILDO DE TENERIFE<\/strong><\/span><\/p>\n<ul>\n<li>Como ya coment\u00e9 hace un par de semanas, parece que en Coalici\u00f3n Canaria el alcalde chicharrero, <strong>Jos\u00e9 Manuel Berm\u00fadez Esparza<\/strong> \u201ctira la toalla\u201d en la contienda de la lista de CC al cabildo tinerfe\u00f1o y se resigna a quedarse encabezando la del Ayuntamiento santacrucero, seguido de su puntal <strong>Alfonso Cabello<\/strong> <strong>Mesa<\/strong>. De igual modo, parece que la diputada <strong>Ana Oramas Gonz\u00e1lez-Moro<\/strong> no est\u00e1 por la labor de volver a las miserias y mezquindades del ya mencionado \u201cgallinero\u201d de la pol\u00edtica insular. Tambi\u00e9n retirado el alcalde orotavense, <strong>Francisco Linares Garc\u00eda<\/strong> de sus iniciales apetencias de encabezar la dicha lista insular, parece que todos los astros se conjuran para que la encabece la hoy diputada regional <strong>Rosa D\u00e1vila Mamely<\/strong> que se lo est\u00e1 currando en las agrupaciones locales de Coalici\u00f3n y que cuenta con el incondicional apoyo del presidente de CC, <strong>Fernando Clavijo Batlle<\/strong>. Ahora solo falta cerrar los flecos de la tremenda cantidad de peticiones y exigencias de hacer \u201cdoblete\u201d por parte de muchos de los aqu\u00ed nombrados y algunos m\u00e1s. Los denostados \u201cdobletes\u201d.<\/li>\n<\/ul>\n<p><img loading=\"lazy\" decoding=\"async\" class=\"size-large wp-image-4673 aligncenter\" src=\"https:\/\/canariasenpositivo.com\/wp-content\/uploads\/2022\/08\/2.-ROSA-DAVILA-1024x683.jpg\" alt=\"\" width=\"660\" height=\"440\" \/><\/p>\n<p style=\"text-align: center\"><em>Rosa D\u00e1vila se posiciona como cabeza de lista de CC al Cabildo de Tenerife. Ya hay voces que anuncian la ampliaci\u00f3n del G4 a G5.<\/em><\/p>\n<p><strong>\u00a0<\/strong><\/p>\n<p><span style=\"color: #0000ff\"><strong>HACER \u2018DOBLETE\u2019 CONDICI\u00d3N QUE PONEN MUCHOS<\/strong><\/span><\/p>\n<ul>\n<li>Lo de hacer \u201cdoblete\u201d, me supera, me indigna, me cabrea. Aunque intenten explicarlo con razones que se podr\u00edan entender. Es cierto que puedes encabezar una lista, ganar las elecciones y luego, por culpa de las matem\u00e1ticas y las mayor\u00edas necesarias o suficientes, quedarte compuesto y sin cargo (alcald\u00eda o presidencia de cabildo). Esto le sucedi\u00f3 a <strong>Jos\u00e9 Manuel Berm\u00fadez Esparza <\/strong>en las pasadas elecciones del 201, que las gan\u00f3 claramente. Pero luego se aglutinaron otros \u201csumandos\u201d y dieron la alcald\u00eda santacrucera a la socialista <strong>Patricia Hern\u00e1ndez Guti\u00e9rrez<\/strong> hasta la moci\u00f3n de censura que se present\u00f3 el a\u00f1o 2020 y devolvi\u00f3 la alcald\u00eda a <strong>Berm\u00fadez<\/strong>. Pero es cierto que, durante m\u00e1s de un a\u00f1o, <strong>Jos\u00e9 Manuel<\/strong> estuvo compuesto y sin sueldo, m\u00e1s all\u00e1 de las dietas por asistencia a plenos. Por ello, ahora todo el que no tiene su elecci\u00f3n asegurada y el cargo posterior garantizado, exige a su partido hacer \u201cdoblete\u201d (normalmente al Parlamento de Canarias) para asegurarse los garbanzos durante 4 a\u00f1os. Para solventar eso, tomen ejemplo del Partido Nacionalista Vasco. El propio PNV que garantiza un sueldo al que pierde el cargo<\/li>\n<\/ul>\n<p><img loading=\"lazy\" decoding=\"async\" class=\"size-large wp-image-4674 aligncenter\" src=\"https:\/\/canariasenpositivo.com\/wp-content\/uploads\/2022\/08\/3.-BERMUDEZ-Y-PATRICIA-1024x683.jpeg\" alt=\"\" width=\"660\" height=\"440\" \/><\/p>\n<p style=\"text-align: center\"><em>Patricia Hern\u00e1ndez prometiendo su cargo como alcaldesa chicharrera, mientras Berm\u00fadez, cabizbajo y triste, mira hacia abajo qued\u00e1ndose sin el cargo&#8230; y el sueldo correspondiente.<\/em><\/p>\n<p>&nbsp;<\/p>\n<p><span style=\"color: #0000ff\"><strong>EL PP BUSCA LA CANDIDATURA IDEAL LAGUNERA<\/strong><\/span><\/p>\n<ul>\n<li>No se crean que solo es Coalici\u00f3n quien tiene problemas para encontrar personas v\u00e1lidas que puedan (y lo m\u00e1s importante: que quieran y acepten) encabezar una lista electoral. El Partido Popular, por ejemplo, no termina de decidir el N\u00ba1 para su lista municipal en La Laguna. Hay quien ha propuesto volv\u00e9rselo a pedir al senador, tridoctor y profesor <strong>Antonio Alarc\u00f3 Hern\u00e1ndez<\/strong>, quien, inteligentemente y con mucha l\u00f3gica, entiende que ese momento ya pas\u00f3 y que prefiere seguir en el Senado. Me dicen y me consta que, dada la importancia de La Laguna de cara a posibles pactos posteriores, hasta <strong>Alberto N\u00fa\u00f1ez Feij\u00f3o<\/strong> quiere estar informado. Y quien de verdad manda en el PP tinerfe\u00f1o y canario sabe lo que tiene, lo que no tiene y lo que se juega en La Laguna. Suenan nombres como <strong>Manolo, Elsa, Jacob, Iv\u00e1n<\/strong> y <strong>Juan Antonio<\/strong>, pero este es el d\u00eda en que nadie pone la mano en el popular fuego lagunero.<\/li>\n<\/ul>\n<p><img loading=\"lazy\" decoding=\"async\" class=\"size-large wp-image-4675 aligncenter\" src=\"https:\/\/canariasenpositivo.com\/wp-content\/uploads\/2022\/08\/4.-JUAN-ANTONIO-MOLINA-1024x562.jpg\" alt=\"\" width=\"660\" height=\"362\" \/><\/p>\n<p style=\"text-align: center\"><em>Juan Antonio Molina Cruz (todav\u00eda concejal lagunero de Ciudadanos) podr\u00eda ser un buen concejal del PP. Pero, que yo sepa, todav\u00eda no ha \u201cfichado\u201d.<\/em><\/p>\n<p>&nbsp;<\/p>\n<p><span style=\"color: #0000ff\"><strong>LA CARGA DE LLEVAR 8 A\u00d1OS CON UNA GESTORA<\/strong><\/span><\/p>\n<ul>\n<li>Termino el \u201cmomento pol\u00edtica\u201d recordando la \u201ccruz\u201d que arrastra el Partido Popular en La Laguna y que se lo van a echar en cara una y otra vez, a\u00fan m\u00e1s en campa\u00f1a. Desde el a\u00f1o 2013, la democracia interna brilla por su ausencia en el PP lagunero. Hace caso 9 a\u00f1os que est\u00e1 llevado por una \u201ccomisi\u00f3n gestora\u201d siempre muy criticada. Ahora la preside <strong>Manuel Dom\u00ednguez<\/strong>, pero sigue siendo una \u201cgestora\u201d y la inmensa mayor\u00eda de la militancia activa del PP en La Laguna (y tambi\u00e9n simpatizantes y votantes) necesita, demanda y espera que haya un congreso local, siempre antes de fin de a\u00f1o, de donde salga democr\u00e1ticamente elegida una persona que presida el partido y que, por cierto, no necesariamente tendr\u00eda que ser la persona que encabece la lista electoral al ayuntamiento. Me atrevo a decir que, quiz\u00e1, para ese puesto en la presidencia, suena mucho el nombre de la hoy concejala <strong>Elsa \u00c1vila Garc\u00eda<\/strong>, veterana militante y mujer de consenso, que no levanta ampollas y aglutina voluntades. <strong>Manuel Dom\u00ednguez, Emilio Navarro<\/strong> y, sobre todo, <strong>Lope Afonso<\/strong>, saben lo que se juegan.<\/li>\n<\/ul>\n<p><img loading=\"lazy\" decoding=\"async\" class=\"size-full wp-image-4676 aligncenter\" src=\"https:\/\/canariasenpositivo.com\/wp-content\/uploads\/2022\/08\/5.-ELSA-AVILA.jpg\" alt=\"\" width=\"631\" height=\"422\" \/><\/p>\n<p style=\"text-align: center\"><em>Elsa \u00c1vila, popular mujer de consenso que podr\u00eda presidir el PP en La Laguna<\/em><\/p>\n<p>&nbsp;<\/p>\n<p><span style=\"color: #0000ff\"><strong>\u00a1ATENCI\u00d3N!: ESTA MA\u00d1ANA EN VILLA DE MAZO<\/strong><\/span><\/p>\n<ul>\n<li>Como estamos en pleno de mes agosto, cambio el comienzo de <strong><em>El Cotarro<\/em><\/strong> de hoy record\u00e1ndoles (sobre todo a la buena gente de La Palma) que esta misma ma\u00f1ana, a las 11:30, en el Centro Cultural de Montes de Luna, en la palmera Villa de Mazo, va a tener lugar el esperado acto de presentaci\u00f3n del \u00faltimo libro maestro y amigo, <strong>Justo Roberto P\u00e9rez Cruz<\/strong>, titulado, <em>\u201cEl Punto cubano tradicional de la Isla de La Palma: punteos, tonadas y t\u00e9cnicas de improvisaci\u00f3n\u201d<\/em>, obra enmarcada dentro del proyecto <em>\u201cLa Palma. Punto y aparte\u201d<\/em>, que lidera el propio <strong>Justo P\u00e9rez<\/strong>. Aparte de ser el lugar de nacimiento del autor, Villa de Mazo es uno de los lugares con mayor tradici\u00f3n decimista de la isla de La Palma. La presentaci\u00f3n estar\u00e1 presidida por la alcaldesa, <strong>Goretti P\u00e9rez Corujo<\/strong>, y la llevar\u00e1 a cabo el concejal de Cultura, <strong>Omar Fumero<\/strong>. Y ya les digo que en ella habr\u00e1 gratas sorpresas, de las que hablar\u00e9 aqu\u00ed el pr\u00f3ximo domingo. Ah\u2026, me comenta el propio <strong>Justo P\u00e9rez<\/strong> que la presentaci\u00f3n de esta ma\u00f1ana estar\u00e1 hidratada con vinos de Hoyo de Mazo. Se dijo. Y punto.<\/li>\n<\/ul>\n<p><img loading=\"lazy\" decoding=\"async\" class=\"size-full wp-image-4677 aligncenter\" src=\"https:\/\/canariasenpositivo.com\/wp-content\/uploads\/2022\/08\/6.-JUSTO-PEREZ-CRUZ.jpg\" alt=\"\" width=\"512\" height=\"512\" \/><\/p>\n<p style=\"text-align: center\"><em>El palmero Justo Roberto P\u00e9rez Cruz, catedr\u00e1tico de f\u00edsica aplicada de la Universidad de La Laguna, experto donde los haya en d\u00e9cimas canarias.<\/em><\/p>\n<p>&nbsp;<\/p>\n<p><span style=\"color: #0000ff\"><strong>Y MA\u00d1ANA, EN TEJINA, EL DE PEPE \u2018EL TORNERO\u2019<\/strong><\/span><\/p>\n<ul>\n<li>En la edici\u00f3n N\u00ba382 de <strong><em>El Cotarro<\/em><\/strong>, del 2 de enero de este a\u00f1o, me hac\u00eda eco del fallecimiento del gran <strong>Jos\u00e9 Guillermo Herrera Hern\u00e1ndez<\/strong>, el 28 de diciembre de 2021. Como escrib\u00ed en aquella ocasi\u00f3n, confieso hoy de nuevo que, a <strong>Jos\u00e9 Herrera<\/strong>, el querido <strong>Pepe el Tornero<\/strong>, tuve el privilegio de conocerle y tratarle durante mucho tiempo, unidos siempre por un aprecio y una amistad que perduran a su partida. <strong>Pepe el Tornero<\/strong> fue y seguir\u00e1 siendo, una persona ejemplar y un tejinero de pro. La personalidad arrolladora de <strong>Pepe el Tornero<\/strong>, su trayectoria vital y profesional es imposible resumir en una ni en cien p\u00e1ginas de <strong><em>El Cotarro<\/em><\/strong>. Son miles los amigos que <strong>Pepe<\/strong> tiene en Tejina, en Segovia, en media Espa\u00f1a y Dios sabr\u00e1 en cuantos sitios m\u00e1s de nuestro planeta. Son miles las an\u00e9cdotas protagonizadas por <strong>Pepe<\/strong>, que muchos recordaban durante la celebraci\u00f3n de su capilla ardiente.<\/li>\n<\/ul>\n<p><img loading=\"lazy\" decoding=\"async\" class=\"size-full wp-image-4678 aligncenter\" src=\"https:\/\/canariasenpositivo.com\/wp-content\/uploads\/2022\/08\/7.-PEPE-EL-TORNERO.jpg\" alt=\"\" width=\"917\" height=\"874\" \/><\/p>\n<p style=\"text-align: center\"><em>Jos\u00e9 Guillermo Herrera Hern\u00e1ndez, el gran tejinero, Pepe el Tornero.<\/em><\/p>\n<p>&nbsp;<\/p>\n<p><span style=\"color: #0000ff\"><strong>PROPUESTAS RESPALDADAS POR LA CIUDADAN\u00cdA<\/strong><\/span><\/p>\n<ul>\n<li>En aquella edici\u00f3n de <strong><em>El Cotarro<\/em><\/strong> me atrev\u00ed a lanzar el reto de que alguien ten\u00eda que encargarse de recopilar toda la historia y an\u00e9cdotas de <strong>Pepe<\/strong> para que no se perdieran, incluyendo las miles de fotos que hay de \u00e9l y sus andanzas. A\u00f1ad\u00eda, adem\u00e1s, que se merec\u00eda que una calle de Tejina llevara su nombre. Hace poco tiempo, aun estando en vida <strong>Jos\u00e9 Herrera<\/strong>, se hizo un v\u00eddeo homenaje a <strong>Pepe el Tornero<\/strong> y en el mismo, otro tejinero de pro, <strong>Pedro Gonz\u00e1lez Molina<\/strong>, <strong><em>\u201cPerico\u201d,<\/em><\/strong> dec\u00eda textualmente: <em>\u201c<strong>Pepe el Tornero<\/strong>, ese hombre tan grande con ese vozarr\u00f3n enorme, es como un peque\u00f1ito frasco de cristal donde guardamos los mejores perfumes. <strong>Pepe<\/strong> es esencia, <strong>Pepe el Tornero<\/strong> es la esencia del tejinero, del tejinero puro. <strong>Pepe<\/strong> es timple, es parranda. <strong>Pepe<\/strong> es carnaval, carnaval del bueno. <strong>Pepe<\/strong> es fiesta de Tejina, <strong>Pepe<\/strong> es Corazones de Tejina. <strong>Pepe<\/strong> es Calle Arriba puro. <strong>Pepe<\/strong> es Navidad, <strong>Pepe<\/strong> es Reyes Magos de Tejina, es el eterno Rey Herodes\u201d.<\/em><\/li>\n<\/ul>\n<p><em> <img loading=\"lazy\" decoding=\"async\" class=\"size-large wp-image-4679 aligncenter\" src=\"https:\/\/canariasenpositivo.com\/wp-content\/uploads\/2022\/08\/8.-LIBRO-DE-PEPE-696x1024.jpg\" alt=\"\" width=\"660\" height=\"971\" \/><\/em><\/p>\n<p style=\"text-align: center\"><em>Fotograf\u00eda de Pepe El Tornero trabajando, de la que el pintor Marcos Benigno D\u00edaz Ramos se ha inspirado para realizar el cuadro \u201cPepe en su entorno\u201d<\/em><\/p>\n<p><em>\u00a0<\/em><\/p>\n<p><span style=\"color: #0000ff\"><strong>EL RETO DEL LIBRO Y LA CALLE SE HACE REALIDAD<\/strong><\/span><\/p>\n<ul>\n<li>Me alegro de haber aportado un granito de arena para que ese doble reto haga realidad. Gracias a la iniciativa y empe\u00f1o de una tejinera plataforma ciudadana, el libro ver\u00e1 la luz ma\u00f1ana y, previamente, una calle de Tejina se rotular\u00e1 y llevar\u00e1 el nombre de <strong>Pepe <em>el Tornero<\/em><\/strong>. Lo de la calle ha sido gracias a un acuerdo plenario del Ayuntamiento de La Laguna, cuya Corporaci\u00f3n, presidida actualmente por el alcalde <strong>Luis Yeray Guti\u00e9rrez<\/strong>, lo aprob\u00f3 por consenso total, en un gesto que les honra, por encima de ideolog\u00edas y partidos pol\u00edticos. Por su parte, los puntales de la plataforma ciudadana han sido Pedro \u201c<strong>Perico\u201d Gonz\u00e1lez Molina<\/strong>, junto con <strong>Miguel L\u00f3pez, Juan Vicente Rivero, Jos\u00e9 Aurelio Vargas<\/strong> y alguno m\u00e1s que la han promovido. El \u201calma pater\u201d del libro, como coordinador del mismo, ha sido mi profesor y amigo <strong>Luis Balbuena Castellano<\/strong>, quien, encima, me ha invitado y enganchado para, humildemente, aportar el pr\u00f3logo.<\/li>\n<\/ul>\n<p><img loading=\"lazy\" decoding=\"async\" class=\"size-full wp-image-4680 aligncenter\" src=\"https:\/\/canariasenpositivo.com\/wp-content\/uploads\/2022\/08\/9.-LUIS-BALBUENA.jpg\" alt=\"\" width=\"400\" height=\"300\" \/><\/p>\n<p style=\"text-align: center\"><em>El profesor Luis Balbuena Castellano, coordinador del libro \u201cJos\u00e9 Guillermo Herrera Hern\u00e1ndez, Pepe el Tornero \u2013 Un hombre que dej\u00f3 huella\u201d <\/em><\/p>\n<p style=\"text-align: center\"><em>\u00a0<\/em><\/p>\n<p><strong><span style=\"color: #0000ff\">MA\u00d1ANA A LAS 19:00 Y A LAS 20:00 EN TEJIINA<\/span> <\/strong><\/p>\n<ul>\n<li>En un mundo lleno de problemas de todo tipo, de guerras y pandemias, de piques y enfrentamientos, <strong><em>Pepe el Tornero<\/em><\/strong> sigue reuni\u00e9ndonos como personaje positivo, llam\u00e1ndonos a la reconciliaci\u00f3n, a llevarnos bien y a gozar de la vida como solo \u00e9l supo hacer. Ma\u00f1ana, Dios mediante, a las 19:00 horas, nos encontraremos en Tejina, en la que hasta ahora se ha llamado calle Venezia, y que, a partir de este lunes, pasar\u00e1 a llamarse <strong>Pepe el Tornero<\/strong>. Una hora m\u00e1s tarde, en el teatro Uni\u00f3n Tejina, tendr\u00e1 lugar la presentaci\u00f3n oficial del libro, en la que estar\u00e1 el alcalde, <strong>Luis Yeray Guti\u00e9rrez<\/strong>, pero en la que, por consenso de todos, presidir\u00e1 la mesa <strong>Milagros \u201cMili\u201d Abad\u00eda<\/strong>, la viuda de <strong>Pepe<\/strong>. Junto a ella estar\u00e1n sus hijas: <strong>Tasmania<\/strong>, <strong>Chaxiraxi<\/strong> (compa\u00f1era en la TV canaria) y <strong>Achmayex<\/strong>, su hijo <strong>Rucad\u00e9n Herrera Abad\u00eda<\/strong> y, con toda seguridad, m\u00e1s miembros de su familia, muchos amigos y muchos tejineras y tejineros. La entrada es libre y gratuita\u2026 Y, si quieren, all\u00ed nos veremos.<\/li>\n<\/ul>\n<p><img loading=\"lazy\" decoding=\"async\" class=\"size-full wp-image-4681 aligncenter\" src=\"https:\/\/canariasenpositivo.com\/wp-content\/uploads\/2022\/08\/10.-PEPE-CON-MILI-rotated.jpg\" alt=\"\" width=\"865\" height=\"588\" \/><\/p>\n<p style=\"text-align: center\"><em>Pepe el Tornero junto con su inseparable Mili, disfrutando en un baile de magos<\/em><\/p>\n<p>&nbsp;<\/p>\n<p><em>\u00a0<\/em><span style=\"color: #0000ff\"><strong>* Jos\u00e9 Carlos MARRERO GONZ\u00c1LEZ<\/strong><\/span><\/p>\n<p>Periodista y analista de la actualidad.<\/p>\n<p>Director de <strong><em>El Cotarro<\/em><\/strong> (www.elcotarro.com)<\/p>\n<p>Director de <strong><em>Canarias en Positivo<\/em><\/strong> (www.canariasenpositivo.com)<\/p>\n<p>Director de <strong><em>GastroCanarias<\/em><\/strong> (www.gastrocanarias.com)<\/p>\n<p><em> <img loading=\"lazy\" decoding=\"async\" class=\"size-full wp-image-4451 aligncenter\" src=\"https:\/\/canariasenpositivo.com\/wp-content\/uploads\/2022\/06\/14.-CARECA-INSULA.jpg\" alt=\"\" width=\"750\" height=\"153\" \/><\/em><\/p>\n<p><em>\u00a0Islas Canarias, 7 de agosto de 2022.<\/em><\/p>\n<p>&nbsp;<\/p>\n","protected":false},"excerpt":{"rendered":"<p>\u201cEL COTARRO\u201d N\u00ba413 DEL 7 DE AGOSTO DE 2022 &nbsp; &nbsp; Por Jos\u00e9 Carlos Marrero * &nbsp; &nbsp; EL PROBLEMA DE QUE CASI NADIE QUIERE ENTRAR Estamos en pleno mes de agosto y, aunque gran parte del personal (pol\u00edtico) dice que est\u00e1 de vacaciones, lo cierto y verdad es que, el que m\u00e1s y el &#8230; <a class=\"read-more\" href=\"https:\/\/elcotarro.com\/?p=10396\">Read more<\/a><\/p>\n","protected":false},"author":2,"featured_media":0,"comment_status":"open","ping_status":"open","sticky":false,"template":"","format":"standard","meta":{"_jetpack_memberships_contains_paid_content":false,"footnotes":""},"categories":[4],"tags":[],"class_list":["post-10396","post","type-post","status-publish","format-standard","hentry","category-el-cotarro"],"yoast_head":"<!-- This site is optimized with the Yoast SEO plugin v27.0 - https:\/\/yoast.com\/product\/yoast-seo-wordpress\/ -->\n<title>EL COTARRO \/ 413, DEL DOMINGO, 07\/08\/2022 - El Cotarro<\/title>\n<meta name=\"robots\" content=\"index, follow, max-snippet:-1, max-image-preview:large, max-video-preview:-1\" \/>\n<link rel=\"canonical\" href=\"https:\/\/elcotarro.com\/?p=10396\" \/>\n<meta property=\"og:locale\" content=\"es_ES\" \/>\n<meta property=\"og:type\" content=\"article\" \/>\n<meta property=\"og:title\" content=\"EL COTARRO \/ 413, DEL DOMINGO, 07\/08\/2022 - El Cotarro\" \/>\n<meta property=\"og:description\" content=\"\u201cEL COTARRO\u201d N\u00ba413 DEL 7 DE AGOSTO DE 2022 &nbsp; &nbsp; Por Jos\u00e9 Carlos Marrero * &nbsp; &nbsp; EL PROBLEMA DE QUE CASI NADIE QUIERE ENTRAR Estamos en pleno mes de agosto y, aunque gran parte del personal (pol\u00edtico) dice que est\u00e1 de vacaciones, lo cierto y verdad es que, el que m\u00e1s y el ... Read more\" \/>\n<meta property=\"og:url\" content=\"https:\/\/elcotarro.com\/?p=10396\" \/>\n<meta property=\"og:site_name\" content=\"El Cotarro\" \/>\n<meta property=\"article:publisher\" content=\"https:\/\/www.facebook.com\/ElCotarro.Tenerife\" \/>\n<meta property=\"article:published_time\" content=\"2022-08-06T23:22:52+00:00\" \/>\n<meta property=\"og:image\" content=\"https:\/\/canariasenpositivo.com\/wp-content\/uploads\/2022\/08\/1.-CARLOS-ALONSO-1024x683.jpg\" \/>\n<meta name=\"author\" content=\"Jos\u00e9 Carlos Marrero Gonz\u00e1lez\" \/>\n<meta name=\"twitter:label1\" content=\"Escrito por\" \/>\n\t<meta name=\"twitter:data1\" content=\"Jos\u00e9 Carlos Marrero Gonz\u00e1lez\" \/>\n\t<meta name=\"twitter:label2\" content=\"Tiempo de lectura\" \/>\n\t<meta name=\"twitter:data2\" content=\"12 minutos\" \/>\n<script type=\"application\/ld+json\" class=\"yoast-schema-graph\">{\"@context\":\"https:\/\/schema.org\",\"@graph\":[{\"@type\":\"Article\",\"@id\":\"https:\/\/elcotarro.com\/?p=10396#article\",\"isPartOf\":{\"@id\":\"https:\/\/elcotarro.com\/?p=10396\"},\"author\":{\"name\":\"Jos\u00e9 Carlos Marrero Gonz\u00e1lez\",\"@id\":\"https:\/\/elcotarro.com\/#\/schema\/person\/af537ee7d60d15984c7e0affcd8a918b\"},\"headline\":\"EL COTARRO \/ 413, DEL DOMINGO, 07\/08\/2022\",\"datePublished\":\"2022-08-06T23:22:52+00:00\",\"mainEntityOfPage\":{\"@id\":\"https:\/\/elcotarro.com\/?p=10396\"},\"wordCount\":2180,\"commentCount\":0,\"publisher\":{\"@id\":\"https:\/\/elcotarro.com\/#organization\"},\"image\":{\"@id\":\"https:\/\/elcotarro.com\/?p=10396#primaryimage\"},\"thumbnailUrl\":\"https:\/\/canariasenpositivo.com\/wp-content\/uploads\/2022\/08\/1.-CARLOS-ALONSO-1024x683.jpg\",\"articleSection\":[\"El Cotarro\"],\"inLanguage\":\"es\",\"potentialAction\":[{\"@type\":\"CommentAction\",\"name\":\"Comment\",\"target\":[\"https:\/\/elcotarro.com\/?p=10396#respond\"]}]},{\"@type\":\"WebPage\",\"@id\":\"https:\/\/elcotarro.com\/?p=10396\",\"url\":\"https:\/\/elcotarro.com\/?p=10396\",\"name\":\"EL COTARRO \/ 413, DEL DOMINGO, 07\/08\/2022 - El Cotarro\",\"isPartOf\":{\"@id\":\"https:\/\/elcotarro.com\/#website\"},\"primaryImageOfPage\":{\"@id\":\"https:\/\/elcotarro.com\/?p=10396#primaryimage\"},\"image\":{\"@id\":\"https:\/\/elcotarro.com\/?p=10396#primaryimage\"},\"thumbnailUrl\":\"https:\/\/canariasenpositivo.com\/wp-content\/uploads\/2022\/08\/1.-CARLOS-ALONSO-1024x683.jpg\",\"datePublished\":\"2022-08-06T23:22:52+00:00\",\"breadcrumb\":{\"@id\":\"https:\/\/elcotarro.com\/?p=10396#breadcrumb\"},\"inLanguage\":\"es\",\"potentialAction\":[{\"@type\":\"ReadAction\",\"target\":[\"https:\/\/elcotarro.com\/?p=10396\"]}]},{\"@type\":\"ImageObject\",\"inLanguage\":\"es\",\"@id\":\"https:\/\/elcotarro.com\/?p=10396#primaryimage\",\"url\":\"https:\/\/canariasenpositivo.com\/wp-content\/uploads\/2022\/08\/1.-CARLOS-ALONSO-1024x683.jpg\",\"contentUrl\":\"https:\/\/canariasenpositivo.com\/wp-content\/uploads\/2022\/08\/1.-CARLOS-ALONSO-1024x683.jpg\"},{\"@type\":\"BreadcrumbList\",\"@id\":\"https:\/\/elcotarro.com\/?p=10396#breadcrumb\",\"itemListElement\":[{\"@type\":\"ListItem\",\"position\":1,\"name\":\"Portada\",\"item\":\"https:\/\/elcotarro.com\/\"},{\"@type\":\"ListItem\",\"position\":2,\"name\":\"EL COTARRO \/ 413, DEL DOMINGO, 07\/08\/2022\"}]},{\"@type\":\"WebSite\",\"@id\":\"https:\/\/elcotarro.com\/#website\",\"url\":\"https:\/\/elcotarro.com\/\",\"name\":\"El Cotarro\",\"description\":\"Peri\u00f3dico Digital Independiente dirigido por Jos\u00e9 Carlos Marrero\",\"publisher\":{\"@id\":\"https:\/\/elcotarro.com\/#organization\"},\"potentialAction\":[{\"@type\":\"SearchAction\",\"target\":{\"@type\":\"EntryPoint\",\"urlTemplate\":\"https:\/\/elcotarro.com\/?s={search_term_string}\"},\"query-input\":{\"@type\":\"PropertyValueSpecification\",\"valueRequired\":true,\"valueName\":\"search_term_string\"}}],\"inLanguage\":\"es\"},{\"@type\":\"Organization\",\"@id\":\"https:\/\/elcotarro.com\/#organization\",\"name\":\"El Cotarro\",\"url\":\"https:\/\/elcotarro.com\/\",\"logo\":{\"@type\":\"ImageObject\",\"inLanguage\":\"es\",\"@id\":\"https:\/\/elcotarro.com\/#\/schema\/logo\/image\/\",\"url\":\"https:\/\/elcotarro.com\/wp-content\/uploads\/2014\/09\/Cabecera_El_Cotarro_v2.jpg\",\"contentUrl\":\"https:\/\/elcotarro.com\/wp-content\/uploads\/2014\/09\/Cabecera_El_Cotarro_v2.jpg\",\"width\":3540,\"height\":441,\"caption\":\"El Cotarro\"},\"image\":{\"@id\":\"https:\/\/elcotarro.com\/#\/schema\/logo\/image\/\"},\"sameAs\":[\"https:\/\/www.facebook.com\/ElCotarro.Tenerife\"]},{\"@type\":\"Person\",\"@id\":\"https:\/\/elcotarro.com\/#\/schema\/person\/af537ee7d60d15984c7e0affcd8a918b\",\"name\":\"Jos\u00e9 Carlos Marrero Gonz\u00e1lez\",\"image\":{\"@type\":\"ImageObject\",\"inLanguage\":\"es\",\"@id\":\"https:\/\/elcotarro.com\/#\/schema\/person\/image\/\",\"url\":\"https:\/\/secure.gravatar.com\/avatar\/def4da036efb5d32c74d49c351f6dccc064dd69ad9f3aadc295c5a9a5391ca01?s=96&d=mm&r=g\",\"contentUrl\":\"https:\/\/secure.gravatar.com\/avatar\/def4da036efb5d32c74d49c351f6dccc064dd69ad9f3aadc295c5a9a5391ca01?s=96&d=mm&r=g\",\"caption\":\"Jos\u00e9 Carlos Marrero Gonz\u00e1lez\"},\"sameAs\":[\"https:\/\/elcotarro.com\"],\"url\":\"https:\/\/elcotarro.com\/?author=2\"}]}<\/script>\n<!-- \/ Yoast SEO plugin. -->","yoast_head_json":{"title":"EL COTARRO \/ 413, DEL DOMINGO, 07\/08\/2022 - El Cotarro","robots":{"index":"index","follow":"follow","max-snippet":"max-snippet:-1","max-image-preview":"max-image-preview:large","max-video-preview":"max-video-preview:-1"},"canonical":"https:\/\/elcotarro.com\/?p=10396","og_locale":"es_ES","og_type":"article","og_title":"EL COTARRO \/ 413, DEL DOMINGO, 07\/08\/2022 - El Cotarro","og_description":"\u201cEL COTARRO\u201d N\u00ba413 DEL 7 DE AGOSTO DE 2022 &nbsp; &nbsp; Por Jos\u00e9 Carlos Marrero * &nbsp; &nbsp; EL PROBLEMA DE QUE CASI NADIE QUIERE ENTRAR Estamos en pleno mes de agosto y, aunque gran parte del personal (pol\u00edtico) dice que est\u00e1 de vacaciones, lo cierto y verdad es que, el que m\u00e1s y el ... Read more","og_url":"https:\/\/elcotarro.com\/?p=10396","og_site_name":"El Cotarro","article_publisher":"https:\/\/www.facebook.com\/ElCotarro.Tenerife","article_published_time":"2022-08-06T23:22:52+00:00","og_image":[{"url":"https:\/\/canariasenpositivo.com\/wp-content\/uploads\/2022\/08\/1.-CARLOS-ALONSO-1024x683.jpg","type":"","width":"","height":""}],"author":"Jos\u00e9 Carlos Marrero Gonz\u00e1lez","twitter_misc":{"Escrito por":"Jos\u00e9 Carlos Marrero Gonz\u00e1lez","Tiempo de lectura":"12 minutos"},"schema":{"@context":"https:\/\/schema.org","@graph":[{"@type":"Article","@id":"https:\/\/elcotarro.com\/?p=10396#article","isPartOf":{"@id":"https:\/\/elcotarro.com\/?p=10396"},"author":{"name":"Jos\u00e9 Carlos Marrero Gonz\u00e1lez","@id":"https:\/\/elcotarro.com\/#\/schema\/person\/af537ee7d60d15984c7e0affcd8a918b"},"headline":"EL COTARRO \/ 413, DEL DOMINGO, 07\/08\/2022","datePublished":"2022-08-06T23:22:52+00:00","mainEntityOfPage":{"@id":"https:\/\/elcotarro.com\/?p=10396"},"wordCount":2180,"commentCount":0,"publisher":{"@id":"https:\/\/elcotarro.com\/#organization"},"image":{"@id":"https:\/\/elcotarro.com\/?p=10396#primaryimage"},"thumbnailUrl":"https:\/\/canariasenpositivo.com\/wp-content\/uploads\/2022\/08\/1.-CARLOS-ALONSO-1024x683.jpg","articleSection":["El Cotarro"],"inLanguage":"es","potentialAction":[{"@type":"CommentAction","name":"Comment","target":["https:\/\/elcotarro.com\/?p=10396#respond"]}]},{"@type":"WebPage","@id":"https:\/\/elcotarro.com\/?p=10396","url":"https:\/\/elcotarro.com\/?p=10396","name":"EL COTARRO \/ 413, DEL DOMINGO, 07\/08\/2022 - El Cotarro","isPartOf":{"@id":"https:\/\/elcotarro.com\/#website"},"primaryImageOfPage":{"@id":"https:\/\/elcotarro.com\/?p=10396#primaryimage"},"image":{"@id":"https:\/\/elcotarro.com\/?p=10396#primaryimage"},"thumbnailUrl":"https:\/\/canariasenpositivo.com\/wp-content\/uploads\/2022\/08\/1.-CARLOS-ALONSO-1024x683.jpg","datePublished":"2022-08-06T23:22:52+00:00","breadcrumb":{"@id":"https:\/\/elcotarro.com\/?p=10396#breadcrumb"},"inLanguage":"es","potentialAction":[{"@type":"ReadAction","target":["https:\/\/elcotarro.com\/?p=10396"]}]},{"@type":"ImageObject","inLanguage":"es","@id":"https:\/\/elcotarro.com\/?p=10396#primaryimage","url":"https:\/\/canariasenpositivo.com\/wp-content\/uploads\/2022\/08\/1.-CARLOS-ALONSO-1024x683.jpg","contentUrl":"https:\/\/canariasenpositivo.com\/wp-content\/uploads\/2022\/08\/1.-CARLOS-ALONSO-1024x683.jpg"},{"@type":"BreadcrumbList","@id":"https:\/\/elcotarro.com\/?p=10396#breadcrumb","itemListElement":[{"@type":"ListItem","position":1,"name":"Portada","item":"https:\/\/elcotarro.com\/"},{"@type":"ListItem","position":2,"name":"EL COTARRO \/ 413, DEL DOMINGO, 07\/08\/2022"}]},{"@type":"WebSite","@id":"https:\/\/elcotarro.com\/#website","url":"https:\/\/elcotarro.com\/","name":"El Cotarro","description":"Peri\u00f3dico Digital Independiente dirigido por Jos\u00e9 Carlos Marrero","publisher":{"@id":"https:\/\/elcotarro.com\/#organization"},"potentialAction":[{"@type":"SearchAction","target":{"@type":"EntryPoint","urlTemplate":"https:\/\/elcotarro.com\/?s={search_term_string}"},"query-input":{"@type":"PropertyValueSpecification","valueRequired":true,"valueName":"search_term_string"}}],"inLanguage":"es"},{"@type":"Organization","@id":"https:\/\/elcotarro.com\/#organization","name":"El Cotarro","url":"https:\/\/elcotarro.com\/","logo":{"@type":"ImageObject","inLanguage":"es","@id":"https:\/\/elcotarro.com\/#\/schema\/logo\/image\/","url":"https:\/\/elcotarro.com\/wp-content\/uploads\/2014\/09\/Cabecera_El_Cotarro_v2.jpg","contentUrl":"https:\/\/elcotarro.com\/wp-content\/uploads\/2014\/09\/Cabecera_El_Cotarro_v2.jpg","width":3540,"height":441,"caption":"El Cotarro"},"image":{"@id":"https:\/\/elcotarro.com\/#\/schema\/logo\/image\/"},"sameAs":["https:\/\/www.facebook.com\/ElCotarro.Tenerife"]},{"@type":"Person","@id":"https:\/\/elcotarro.com\/#\/schema\/person\/af537ee7d60d15984c7e0affcd8a918b","name":"Jos\u00e9 Carlos Marrero Gonz\u00e1lez","image":{"@type":"ImageObject","inLanguage":"es","@id":"https:\/\/elcotarro.com\/#\/schema\/person\/image\/","url":"https:\/\/secure.gravatar.com\/avatar\/def4da036efb5d32c74d49c351f6dccc064dd69ad9f3aadc295c5a9a5391ca01?s=96&d=mm&r=g","contentUrl":"https:\/\/secure.gravatar.com\/avatar\/def4da036efb5d32c74d49c351f6dccc064dd69ad9f3aadc295c5a9a5391ca01?s=96&d=mm&r=g","caption":"Jos\u00e9 Carlos Marrero Gonz\u00e1lez"},"sameAs":["https:\/\/elcotarro.com"],"url":"https:\/\/elcotarro.com\/?author=2"}]}},"jetpack_featured_media_url":"","jetpack_sharing_enabled":true,"_links":{"self":[{"href":"https:\/\/elcotarro.com\/index.php?rest_route=\/wp\/v2\/posts\/10396","targetHints":{"allow":["GET"]}}],"collection":[{"href":"https:\/\/elcotarro.com\/index.php?rest_route=\/wp\/v2\/posts"}],"about":[{"href":"https:\/\/elcotarro.com\/index.php?rest_route=\/wp\/v2\/types\/post"}],"author":[{"embeddable":true,"href":"https:\/\/elcotarro.com\/index.php?rest_route=\/wp\/v2\/users\/2"}],"replies":[{"embeddable":true,"href":"https:\/\/elcotarro.com\/index.php?rest_route=%2Fwp%2Fv2%2Fcomments&post=10396"}],"version-history":[{"count":1,"href":"https:\/\/elcotarro.com\/index.php?rest_route=\/wp\/v2\/posts\/10396\/revisions"}],"predecessor-version":[{"id":10397,"href":"https:\/\/elcotarro.com\/index.php?rest_route=\/wp\/v2\/posts\/10396\/revisions\/10397"}],"wp:attachment":[{"href":"https:\/\/elcotarro.com\/index.php?rest_route=%2Fwp%2Fv2%2Fmedia&parent=10396"}],"wp:term":[{"taxonomy":"category","embeddable":true,"href":"https:\/\/elcotarro.com\/index.php?rest_route=%2Fwp%2Fv2%2Fcategories&post=10396"},{"taxonomy":"post_tag","embeddable":true,"href":"https:\/\/elcotarro.com\/index.php?rest_route=%2Fwp%2Fv2%2Ftags&post=10396"}],"curies":[{"name":"wp","href":"https:\/\/api.w.org\/{rel}","templated":true}]}}