{"id":10442,"date":"2022-10-16T00:11:04","date_gmt":"2022-10-15T23:11:04","guid":{"rendered":"https:\/\/elcotarro.com\/?p=10442"},"modified":"2022-10-16T08:54:42","modified_gmt":"2022-10-16T07:54:42","slug":"el-cotarro-423-del-domingo-16-10-2022","status":"publish","type":"post","link":"https:\/\/elcotarro.com\/?p=10442","title":{"rendered":"EL COTARRO \/ 423, DEL DOMINGO, 16\/10\/2022"},"content":{"rendered":"<blockquote><p><span style=\"color: #ff0000\"><em><strong>EL COTARRO \/ 423, DEL 16 DE OCTUBRE DE 2022<\/strong><\/em><\/span><\/p><\/blockquote>\n<p>&nbsp;<\/p>\n<p>&nbsp;<\/p>\n<p><span style=\"color: #0000ff\"><em>Por <strong>Jos\u00e9 Carlos Marrero *<\/strong><\/em><\/span><\/p>\n<p>&nbsp;<\/p>\n<p>&nbsp;<\/p>\n<p><span style=\"color: #0000ff\"><strong>UN FICHAJE DE LUJO PARA EL PP CHICHARRERO<\/strong><\/span><\/p>\n<ul>\n<li>Comienzo <strong><em>El Cotarro<\/em><\/strong> de este domingo compartiendo con ustedes un insistente pero restringido (cada vez menos) rumor chicharrero, seg\u00fan el cual el Partido Popular en Santa Cruz de Tenerife estar\u00eda a punto de cerrar el \u201cfichaje\u201d de todo un peso pesado, lo que ser\u00eda, sin duda alguna, \u201cun fichaje de lujo\u201d. No se ha publicado nada oficialmente, y no se ha presentado al protagonista del mismo, porque parece que a\u00fan no est\u00e1 del todo cerrado. Mi fuente es de la m\u00e1xima y absoluta credibilidad, y les puedo asegurar que ha habido conversaciones durante, al menos, las tres \u00faltimas semanas. Les puedo contar que en ellas ha participado el m\u00e1ximo responsable del Partido Popular en las islas, o sea, <strong>Manuel Dom\u00ednguez<\/strong> (presidente del PP en Canarias y ex alcalde de Los Realejos) Y creo que no me equivoco si les digo que tambi\u00e9n han sido participes de ellas <strong>Emilio Navarro Castanedo <\/strong>(presidente del PP en Tenerife y alcalde de Santiago del Teide) y hasta Lope Afonso (candidato del PP a la presidencia del Cabildo tinerfe\u00f1o y exalcalde del Puerto de la Cruz)<\/li>\n<\/ul>\n<p><strong> <img loading=\"lazy\" decoding=\"async\" class=\"size-full wp-image-4977 aligncenter\" src=\"https:\/\/canariasenpositivo.com\/wp-content\/uploads\/2022\/10\/1.-VICENTE-ALVAREZ.jpg\" alt=\"\" width=\"300\" height=\"252\" \/><\/strong><\/p>\n<p style=\"text-align: center\"><em>Vicente \u00c1lvarez Gil, encabezar\u00eda la lista del PP al Ayuntamiento capitalino.<\/em><\/p>\n<p>&nbsp;<\/p>\n<p><span style=\"color: #0000ff\"><strong>VICENTE \u00c1LVAREZ, CANDIDATO A LA ALCALD\u00cdA<\/strong><\/span><\/p>\n<ul>\n<li>El protagonista del rumor, que (si no se tuercen las negociaciones) ser\u00e1 noticia en menos de tres semanas, no es otro que el prestigioso abogado <strong>Vicente \u00c1lvarez Gil<\/strong>, socio propietario del acreditado bufete \u2018\u00c1lvarez Pedreira\u2019 fundado en el a\u00f1o 1970 por su padre, <strong>Vicente \u00c1lvarez Pedreira<\/strong> y su colega <strong>Jos\u00e9 Luis Refojo<\/strong>. Hay que recordar que el respetado <strong>Vicente \u00c1lvarez Pedreira<\/strong> fue tambi\u00e9n un ilustre pol\u00edtico que lleg\u00f3 a ser senador por Uni\u00f3n de Centro Democr\u00e1tico (UCD) y presidente de la Junta de Canarias entre 1980 y 1981. En la actualidad, <strong>Vicente \u00c1lvarez Gil<\/strong> (que ejerce como abogado desde 1985) es el director ejecutivo del reconocido bufete AP Consultores Legales, que fundara su padre, y en el que trabaja junto con su hermano <strong>Gonzalo \u00c1lvarez<\/strong> y un amplio equipo de profesionales de la abogac\u00eda y la asesor\u00eda. Adem\u00e1s, Desde hace casi dos a\u00f1os, <strong>Vicente \u00c1lvarez Gil<\/strong> ostenta el cargo de honorable c\u00f3nsul honorario de Portugal en Santa Cruz de Tenerife. Por si fuera poco, <strong>Vicente<\/strong> es miembro y compa\u00f1ero-presidente de la influyente tertulia pol\u00edtica y gastron\u00f3mica <strong>\u201cLa Pinza\u201d<\/strong> que fundar\u00e1n, entre otros, los recordados doctores <strong>Rafael Cobiella Su\u00e1rez<\/strong> y <strong>Andr\u00e9s Hern\u00e1ndez S\u00e1nchez<\/strong> (Q.e.p.d.) El prestigio la solvencia y la profesionalidad de <strong>Vicente \u00c1lvarez<\/strong> est\u00e1 fuera de duda.<\/li>\n<\/ul>\n<p><strong> <img loading=\"lazy\" decoding=\"async\" class=\"size-large wp-image-4978 aligncenter\" src=\"https:\/\/canariasenpositivo.com\/wp-content\/uploads\/2022\/10\/2.-PLACA-EN-CALLE-1024x679.jpg\" alt=\"\" width=\"660\" height=\"438\" \/><\/strong><\/p>\n<p style=\"text-align: center\"><em>Tras los pasos de su padre (un recordado y respetado pol\u00edtico que ya tiene calle con su nombre en Santa Cruz) su hijo, otro pol\u00edtico de raza, volver\u00eda a la pol\u00edtica activa si se confirma el rumor.<\/em><\/p>\n<p>&nbsp;<\/p>\n<p><span style=\"color: #0000ff\"><strong>POL\u00cdTICO DE ADN QUE VUELVE A LA POL\u00cdTICA ACTIVA<\/strong><\/span><\/p>\n<ul>\n<li>Si finalmente cuajan las negociaciones, <strong>Vicente \u00c1lvarez Gil<\/strong> (que lleva la pol\u00edtica en su ADN) se presentar\u00eda como \u201cindependiente\u201d (dato muy importante) encabezando la lista del Partido Popular a la alcald\u00eda del ayuntamiento de Santa Cruz de Tenerife. Pero esto de la pol\u00edtica no es nuevo para <strong>Vicente<\/strong>, porque ya ha estado varios a\u00f1os muy metido en la pol\u00edtica activa, habiendo sido consejero insular del Cabildo de Tenerife entre 1995 y 1999, ostentando el cargo de vicepresidente de la primera corporaci\u00f3n insular, siendo presidente de la misma el recordado <strong>Ad\u00e1n Mart\u00edn Menis<\/strong>. De igual modo, <strong>Vicente \u00c1lvarez<\/strong> ha sido jefe del Gabinete del presidente del Gobierno de Canarias entre 1987 y 1990, cuando era presidente del mismo <strong>Fernando Fern\u00e1ndez Mart\u00edn<\/strong>. Est\u00e1 claro que la pol\u00edtica est\u00e1 en el ADN de <strong>Vicente \u00c1lvarez<\/strong> y que su vocaci\u00f3n pol\u00edtica le viene de viejo por su propia familia. La preparaci\u00f3n y la experiencia le avalan y, en estos tiempos que corren, hace falta m\u00e1s que nunca que buenas personas, serias y profesionales, se presenten para servir a su sociedad desde la Pol\u00edtica. Y es de agradecer que lo hagan. O sea que, suerte, valor y al toro.<\/li>\n<\/ul>\n<p><img loading=\"lazy\" decoding=\"async\" class=\"size-full wp-image-4979 aligncenter\" src=\"https:\/\/canariasenpositivo.com\/wp-content\/uploads\/2022\/10\/3.-VICENTE-ALVAREZ-GIL.jpg\" alt=\"\" width=\"799\" height=\"820\" \/><\/p>\n<p style=\"text-align: center\"><em>Vicente \u00c1lvarez ya tiene una acreditada trayectoria pol\u00edtica y vendr\u00eda de nuevo a sumar.<\/em><\/p>\n<p>&nbsp;<\/p>\n<p><span style=\"color: #0000ff\"><strong>SANA PUGNA ELECTORAL ENTRE DOS AMIGOS<\/strong><\/span><\/p>\n<ul>\n<li>Como les digo, si definitivamente las conversaciones que se est\u00e1n produciendo terminan de cuajar y <strong>Vicente \u00c1lvarez Gil<\/strong> se convierte en candidato a la alcald\u00eda de Santa Cruz de Tenerife por el PP, tendr\u00eda que entrar en pugna con su viejo y muy buen amigo, <strong>Jos\u00e9 Manuel Berm\u00fadez Esparza<\/strong>, el actual alcalde santacrucero que repetir\u00e1 como cabeza de lista (en este caso por Coalici\u00f3n Canaria) a la alcald\u00eda chicharrera. En ese caso ver\u00edamos una pugna entre dos caballeros, <strong>Vicente<\/strong> y <strong>Jos\u00e9 Manuel<\/strong>, que, siendo amigos, defender\u00edan sus respectivos programas electorales de la mejor manera y siempre en beneficio de Santa Cruz. Ya han coincidido trabajando juntos en pol\u00edtica, en las mismas fechas y en la misma corporaci\u00f3n. <strong>Vicente<\/strong> fue vicepresidente del Cabildo, <strong>Jos\u00e9 Manuel Berm\u00fadez<\/strong> dirig\u00eda, en la misma corporaci\u00f3n, la consejer\u00eda insular de Acci\u00f3n Social, Deportes y Empleo. Y si las encuestas aciertan (parece que la suma de CC y PP dar\u00edan una mayor\u00eda segura de m\u00e1s de 14 concejales) uno ser\u00e1 alcalde y, el otro, su primer teniente de alcalde, sin problema alguno. Pero, es m\u00e1s, doy por sentado que, tras las elecciones y sea cual sea el resultado, seguir\u00edan siendo buenos amigos.<\/li>\n<\/ul>\n<p><img loading=\"lazy\" decoding=\"async\" class=\"size-large wp-image-4980 aligncenter\" src=\"https:\/\/canariasenpositivo.com\/wp-content\/uploads\/2022\/10\/4.-VICENTE-Y-JOSE-MANUEL-1024x683.jpg\" alt=\"\" width=\"660\" height=\"440\" \/><\/p>\n<p style=\"text-align: center\"><em>Vicente \u00c1lvarez (i) y Jos\u00e9 Manuel Berm\u00fadez pugnar\u00edan por la misma alcald\u00eda. Foto del a\u00f1o 2021, cuando Vicente fue a presentarse a Jos\u00e9 Manuel Berm\u00fadez como nuevo c\u00f3nsul de Portugal.<\/em><\/p>\n<p><em>\u00a0<\/em><\/p>\n<p><span style=\"color: #0000ff\"><strong>CARLOS TARIFE DEJAR\u00cdA DE ENCABEZAR LA LISTA<\/strong><\/span><\/p>\n<ul>\n<li>Siempre que hay movimientos (sobre todo en pol\u00edtica) como los que parece que va a haber en breve, hay que echar mano de una habilidad que es la de \u201cpilotar los Cambios\u201d y que suele ser poco habitual y a veces complicada. En el caso que nos ocupa, el Partido Popular de Santa Cruz (o el estamento interno del PP que deba tomar las oportunas decisiones) tendr\u00e1 que explicarlo a <strong>Carlos Enrique Tarife Hern\u00e1ndez<\/strong>, actual concejal chicharrero y 4\u00ba teniente de alcalde, quien ya se ve\u00eda como cabeza de lista del PP al ayuntamiento santacrucero y que ahora tendr\u00eda que pasar al n\u00famero dos de la lista (o incluso al tres, si hubiera que poner a una mujer en el segundo puesto). <strong>Carlos Tarife<\/strong> ver\u00eda desvanecerse su sue\u00f1o de llegar a ser alcalde de Santa Cruz. Est\u00e1 claro que <strong>Carlos Tarife<\/strong> necesitar\u00eda tener el est\u00f3mago (pol\u00edtico) suficiente para entender y encajar el cambio, y dar paso a Vicente \u00c1lvarez, acept\u00e1ndole y si\u00e9ndole leal. En pocas semanas veremos hasta donde llega la inteligencia, la capacidad estrat\u00e9gica y la visi\u00f3n de futuro de todos los actores de este rumor que creo, humildemente, ser\u00e1 muy pronto una noticia confirmada.<\/li>\n<\/ul>\n<p><img loading=\"lazy\" decoding=\"async\" class=\"size-full wp-image-4981 aligncenter\" src=\"https:\/\/canariasenpositivo.com\/wp-content\/uploads\/2022\/10\/5.-CARLOS-TARIFE.jpeg\" alt=\"\" width=\"469\" height=\"327\" \/><\/p>\n<p style=\"text-align: center\"><em>Si al final cuaja todo, Carlos Tarife tendr\u00e1 que bajar la cabeza, mirar hacia abajo y aceptar los posibles cambios con visi\u00f3n, inteligencia y lealtad.<\/em><\/p>\n<p>&nbsp;<\/p>\n<p><span style=\"color: #0000ff\"><strong>LA ASIGNATURA \u2018PP\u2019ENDIENTE A\u00daN EN LA LAGUNA<\/strong><\/span><\/p>\n<ul>\n<li>Mientras el rumor de Santa Cruz de Tenerife va camino de consumarse y transformarse en noticia de alcance, el Partido Popular de Tenerife sigue teniendo una asignatura pendiente o \u201cPPendiente\u201d en territorio lagunero. Conozco hasta tres encuestas en las que el PP no termina de subir de los tres concejales en las pr\u00f3ximas municipales. O sea, solo uno m\u00e1s de los dos ediles con los que cuenta hoy en d\u00eda: <strong>Manuel G\u00f3mez<\/strong> y <strong>Elsa \u00c1vila<\/strong>. Me consta que, en el PP de aqu\u00ed, de all\u00e1 y de m\u00e1s all\u00e1 eso se sabe, son conscientes de lo que supondr\u00eda y preocupa y mucho. Y es que falta por encontrar y terminar de decidir qui\u00e9n ser\u00e1 finalmente la persona que encabece la lista del PP a la alcald\u00eda de La Laguna. Muchos ya me aseguran que no ser\u00e1 <strong>Manuel G\u00f3mez<\/strong>, pero no me lo termino de creer. Lo que s\u00ed s\u00e9, es que los resultados electorales laguneros influir\u00e1n en el gobierno de La Laguna y m\u00e1s all\u00e1. Y que quien tire de La Laguna ganar\u00e1 votos m\u00e1s all\u00e1 de la corporaci\u00f3n y el territorio lagunero. Lo que tenga que ser, deber\u00e1 decidirse, sin duda, antes del pr\u00f3ximo fin de a\u00f1o.<\/li>\n<\/ul>\n<p><img loading=\"lazy\" decoding=\"async\" class=\"size-full wp-image-4982 aligncenter\" src=\"https:\/\/canariasenpositivo.com\/wp-content\/uploads\/2022\/10\/6.-DOMINGUEZ-FEIJOO-Y-NAVARRO.jpg\" alt=\"\" width=\"480\" height=\"265\" \/><\/p>\n<p style=\"text-align: center\"><em>En manos de estas personas: Manuel Dom\u00ednguez (i) Alberto N\u00fa\u00f1ez Feij\u00f3o (c) y Emilio Navarro, est\u00e1 el acertar (o no) con La Laguna\u2026 y lo que cuelga de ella.<\/em><\/p>\n<p>&nbsp;<\/p>\n<p><span style=\"color: #0000ff\"><strong>LLEGA A TENERIFE EL MEJOR MARIACHI DEL MUNDO<\/strong><\/span><\/p>\n<ul>\n<li>Remato musicalmente <strong><em>El Cotarro<\/em><\/strong> de este domingo record\u00e1ndoles lo que ya les anunci\u00e9 el pasado mes de julio. Este pr\u00f3ximo viernes (d\u00eda 21) llega a Tenerife, al pabell\u00f3n polideportivo insular de Tenerife \u2018<strong>Santiago Mart\u00edn\u2019<\/strong>, en La Laguna, nada m\u00e1s y nada menos que el <strong>Mariachi Vargas de Tecalitl\u00e1n<\/strong>, autodenominado y no solo considerado como \u201cel mejor de M\u00e9xico\u201d, sino \u201cel mejor mariachi del mundo\u201d. Vienen con su gira mundial \u201c125 Aniversario\u201d y su periplo por Espa\u00f1a se present\u00f3 en el Instituto Cultural de M\u00e9xico en Espa\u00f1a (Embajada de M\u00e9xico) donde se anunci\u00f3 que la formaci\u00f3n tendr\u00eda actuaciones en Madrid, Zaragoza, San Sebasti\u00e1n, Pamplona, Barcelona, Bilbao y, por supuesto Tenerife.\u00a0 Estoy seguro de que esta escala de Tenerife ha tenido mucho que ver con los deseos y el buen hacer de la honorable <strong>Mar\u00eda \u00c1ngeles Baca Herrej\u00f3n<\/strong>, c\u00f3nsul honoraria de M\u00e9xico en Canarias. Me consta que la incansable y siempre activa <strong>\u00c1ngela Baca<\/strong>, ha convencido al muy honorable <strong>Andr\u00e9s Manuel L\u00f3pez Obrador<\/strong>, embajador de M\u00e9xico en Espa\u00f1a, de que dentro de la gira ten\u00eda que estar, s\u00ed o s\u00ed, Tenerife. La gran <strong>\u00c1ngela Baca<\/strong> suele conseguir lo que se propone y est\u00e1 claro que, de nuevo, lo ha logrado. \u00a1Felicidades y muchas gracias por ello!<\/li>\n<\/ul>\n<p><img loading=\"lazy\" decoding=\"async\" class=\"size-large wp-image-4983 aligncenter\" src=\"https:\/\/canariasenpositivo.com\/wp-content\/uploads\/2022\/10\/7.-MARIACHI-EN-ESCENA-1024x682.jpeg\" alt=\"\" width=\"660\" height=\"440\" \/><\/p>\n<p style=\"text-align: center\"><em>Mariachi Vargas actuando el pasado mi\u00e9rcoles en el WiZink Center de Madrid<\/em><\/p>\n<p>&nbsp;<\/p>\n<p><strong><span style=\"color: #0000ff\">EL \u2018MARIACHI VARGAS\u2019 ESTE VIERNES EN LA LAGUNA<\/span> <\/strong><\/p>\n<ul>\n<li>Con 125 a\u00f1os de historia, el prestigioso e internacionalmente conocido y galardonado <strong>Mariachi Vargas de Tecalitl\u00e1n <\/strong>es una de las formaciones musicales m\u00e1s importantes de la m\u00fasica folcl\u00f3rica y tradicional de M\u00e9xico. Considerado como el mejor mariachi del mundo, fue creado el a\u00f1o 1897 por el maestro <strong>Gaspar Vargas L\u00f3pez<\/strong> (1880-1969). Actualmente se encuentra bajo la direcci\u00f3n musical del maestro <strong>Carlos Mart\u00ednez<\/strong>, tras el triste fallecimiento hace unos meses del maestro <strong>Rub\u00e9n Fuentes<\/strong>, quien fuera gran impulsor de la carrera del Mariachi Vargas. Hay que recordar que el mariachi\u00a0tiene su origen m\u00e1s remoto en la m\u00fasica europea que los frailes franciscanos ense\u00f1aron a los ind\u00edgenas de Cocula\u00a0poco despu\u00e9s de la conquista de M\u00e9xico. Estos frailes notaron que los habitantes del lugar contaban ya con una cultura musical propia y parec\u00edan disfrutar mucho de \u00e9sta, as\u00ed que utilizaron la ense\u00f1anza de la m\u00fasica europea como una manera de acercarse a la poblaci\u00f3n. Ahora es el <strong>Mariachi Vargas <\/strong>quien se acerca a nosotros. Recuerden, el <strong>Mariachi Vargas de Tecalitl\u00e1n<\/strong> lleva desde hace 125 a\u00f1os el alma musical de M\u00e9xico por el mundo, y este pr\u00f3ximo viernes (d\u00eda 21) llega a Tenerife, a las 21:00 horas, en el Pabell\u00f3n Insular <strong>Santiago Mart\u00edn,<\/strong> de La Laguna.<\/li>\n<\/ul>\n<p><img loading=\"lazy\" decoding=\"async\" class=\"size-large wp-image-4984 aligncenter\" src=\"https:\/\/canariasenpositivo.com\/wp-content\/uploads\/2022\/10\/8.-MARIACHI-SALUDANDO-1024x682.jpeg\" alt=\"\" width=\"660\" height=\"440\" \/><\/p>\n<p style=\"text-align: center\"><em>Momento del concierto del pasado mi\u00e9rcoles en el WiZink Center de Madrid<\/em><\/p>\n<p>\u00a0\u200b<\/p>\n<p><span style=\"color: #0000ff\"><strong>CONCIERTO DE SU GIRA MUNDIAL \u2018125 ANIVERSARIO\u2019<\/strong><\/span><\/p>\n<ul>\n<li>Estoy convencido de que ser\u00e1 un hist\u00f3rico concierto para disfrutar y recordar, gracias al talento y las voces de sus componentes, los maestros: <strong>V\u00edctor<\/strong> <strong>\u00c1lvarez Contreras<\/strong>(arpa),\u00a0<strong>Arturo Vargas Basulto y Jonathan Palomar Villagr\u00e1n<\/strong>\u00a0(guitarras),\u00a0<strong>Enrique de Santiago (guitarr\u00f3n) Gustavo Alvarado<\/strong>,\u00a0<strong>Luis Fernando Vel\u00e1zquez y Agust\u00edn Sandoval Quintero (trompetas) Gilberto Aguirre (vihuela), Daniel Mart\u00ednez, Andr\u00e9s Gonz\u00e1lez, Carlos Efr\u00e9n Mart\u00ednez<\/strong>,\u00a0<strong>\u00d3scar Ortega<\/strong>,\u00a0<strong>Roberto L\u00f3pez y \u00c1ngel L\u00f3pez (violines)<\/strong><strong>\u00a0<\/strong>Quien asista tendr\u00e1 la oportunidad o\u00edr y deleitarse con las canciones mexicanas de hoy y de siempre. Adem\u00e1s,\u00a0interpretar\u00e1n el \u00faltimo sencillo\u00a0<em>\u2018Mi mejor error\u2019<strong>\u00a0<\/strong><\/em>junto con temas legendarios como\u00a0<em>\u2018Viva el Mariachi as\u00ed somos en jalisco\u2019, \u2018Malague\u00f1a\u2019, \u2018\u2018B\u00e9same mucho\u2019, \u2018M\u00e9xico lindo y querido\u2019, \u2018El Mariachi de mi tierra\u2019, \u2018Sin ti\u2019, \u2018Guadalajara\u2019, \u2018Por amor\u2019, \u2018Rancheras de Anta\u00f1o\u2019<\/em>, y otras canciones de su repertorio universal. El concierto llega a Tenerife de la mano de la productora Latitud Canarias, que dirige <strong>Fernando Imaz<\/strong> y VivaMusic Group. Las entradas se pueden comprar por internet en: <a href=\"http:\/\/www.entrees.es\">entrees.es<\/a>, \u00a0<a href=\"http:\/\/www.pabellonsantiagomartin.net\">www.pabellonsantiagomartin.net<\/a> y el mismo d\u00eda del concierto en las taquillas del propio pabell\u00f3n <strong>Santiago Mart\u00edn<\/strong>. Ser\u00e1 cosa de no perd\u00e9rselo, \u00bfverdad?&#8230; Pues, quien se lo pierda\u2026 ya sabe.<\/li>\n<\/ul>\n<p><img loading=\"lazy\" decoding=\"async\" class=\"size-large wp-image-4985 aligncenter\" src=\"https:\/\/canariasenpositivo.com\/wp-content\/uploads\/2022\/10\/9.-CARTEL-GIRA-125-ANOS-1024x580.jpg\" alt=\"\" width=\"660\" height=\"374\" \/><\/p>\n<p style=\"text-align: center\"><em>Cartel de la gira mundial \u201c125 Aniversario\u201d que este pr\u00f3ximo viernes llegar\u00e1 a La Laguna.<\/em><\/p>\n<p>&nbsp;<\/p>\n<p><span style=\"color: #0000ff\"><strong>NO OLVIDEN EL IZADO DE BANDERA, JURA Y DESFILE<\/strong><\/span><\/p>\n<ul>\n<li>Perd\u00f3n, perd\u00f3n, perd\u00f3n, que me olvidaba\u2026 Si usted ha tenido la oportunidad de leer <strong><em>El Cotarro<\/em><\/strong> de hoy antes de las 10:30 de la ma\u00f1ana y est\u00e1 por el \u00e1rea metropolitana de Tenerife, recuerde que, a las 12:00 del mediod\u00eda, en los alrededores de la santacrucera Plaza de Espa\u00f1a, frente a la estaci\u00f3n mar\u00edtima de Fred. Olsen, para ser m\u00e1s exactos, se desarrollar\u00e1 el acto oficial de celebraci\u00f3n del D\u00eda de la Fiesta Nacional en nuestra isla. Constar\u00e1 del solemne izado de nuestra Bandera, el siempre emotivo homenaje a quienes a lo largo de la historia han dado su vida por Espa\u00f1a, adem\u00e1s, en esta ocasi\u00f3n de forma especial, la Jura de Bandera del personal civil que lo ha querido y solicitado y, finalmente, el desfile de las tropas que hayan participado. Todo el acto estar\u00e1 presidido por nuestro Capit\u00e1n General, el teniente general <strong>Alejandro Esc\u00e1mez Fern\u00e1ndez<\/strong>, jefe del Mando de Canarias. No solamente pueden asistir todas las personas que libre y voluntariamente lo deseen, sino que todas est\u00e1n especialmente invitadas y nuestras Fuerzas Armadas lo desean, les esperan y estar\u00e1n sumamente agradecidas por su asistencia.<\/li>\n<\/ul>\n<p><img loading=\"lazy\" decoding=\"async\" class=\"size-full wp-image-4986 aligncenter\" src=\"https:\/\/canariasenpositivo.com\/wp-content\/uploads\/2022\/10\/10.-CIVIL-JURA-BANDERA.jpg\" alt=\"\" width=\"1024\" height=\"683\" \/><\/p>\n<p style=\"text-align: center\"><em>Momento en el que un participante besa nuestra Bandera durante la Jura de Bandera, especial para personal civil, celebrada el a\u00f1o 2018 en La Laguna.<\/em><\/p>\n<p>&nbsp;<\/p>\n<p><strong>* Jos\u00e9 Carlos MARRERO GONZ\u00c1LEZ<\/strong><\/p>\n<p>Periodista y analista de la actualidad.<\/p>\n<p>Director de <strong><em>El Cotarro<\/em><\/strong> (www.elcotarro.com)<\/p>\n<p>Director de <strong><em>Canarias en Positivo<\/em><\/strong> (www.canariasenpositivo.com)<\/p>\n<p>Director de <strong><em>GastroCanarias<\/em><\/strong> (www.gastrocanarias.com)<\/p>\n<p>&nbsp;<\/p>\n<p>Islas Canarias, 16 de octubre de 2022<\/p>\n<p>&nbsp;<\/p>\n<p><img loading=\"lazy\" decoding=\"async\" class=\"size-full wp-image-4451 aligncenter\" src=\"https:\/\/canariasenpositivo.com\/wp-content\/uploads\/2022\/06\/14.-CARECA-INSULA.jpg\" alt=\"\" width=\"750\" height=\"153\" \/><\/p>\n<p>&nbsp;<\/p>\n<p>&nbsp;<\/p>\n","protected":false},"excerpt":{"rendered":"<p>EL COTARRO \/ 423, DEL 16 DE OCTUBRE DE 2022 &nbsp; &nbsp; Por Jos\u00e9 Carlos Marrero * &nbsp; &nbsp; UN FICHAJE DE LUJO PARA EL PP CHICHARRERO Comienzo El Cotarro de este domingo compartiendo con ustedes un insistente pero restringido (cada vez menos) rumor chicharrero, seg\u00fan el cual el Partido Popular en Santa Cruz de &#8230; <a class=\"read-more\" href=\"https:\/\/elcotarro.com\/?p=10442\">Read more<\/a><\/p>\n","protected":false},"author":2,"featured_media":0,"comment_status":"open","ping_status":"open","sticky":false,"template":"","format":"standard","meta":{"_jetpack_memberships_contains_paid_content":false,"footnotes":""},"categories":[4],"tags":[],"class_list":["post-10442","post","type-post","status-publish","format-standard","hentry","category-el-cotarro"],"yoast_head":"<!-- This site is optimized with the Yoast SEO plugin v27.0 - https:\/\/yoast.com\/product\/yoast-seo-wordpress\/ -->\n<title>EL COTARRO \/ 423, DEL DOMINGO, 16\/10\/2022 - El Cotarro<\/title>\n<meta name=\"robots\" content=\"index, follow, max-snippet:-1, max-image-preview:large, max-video-preview:-1\" \/>\n<link rel=\"canonical\" href=\"https:\/\/elcotarro.com\/?p=10442\" \/>\n<meta property=\"og:locale\" content=\"es_ES\" \/>\n<meta property=\"og:type\" content=\"article\" \/>\n<meta property=\"og:title\" content=\"EL COTARRO \/ 423, DEL DOMINGO, 16\/10\/2022 - El Cotarro\" \/>\n<meta property=\"og:description\" content=\"EL COTARRO \/ 423, DEL 16 DE OCTUBRE DE 2022 &nbsp; &nbsp; Por Jos\u00e9 Carlos Marrero * &nbsp; &nbsp; UN FICHAJE DE LUJO PARA EL PP CHICHARRERO Comienzo El Cotarro de este domingo compartiendo con ustedes un insistente pero restringido (cada vez menos) rumor chicharrero, seg\u00fan el cual el Partido Popular en Santa Cruz de ... Read more\" \/>\n<meta property=\"og:url\" content=\"https:\/\/elcotarro.com\/?p=10442\" \/>\n<meta property=\"og:site_name\" content=\"El Cotarro\" \/>\n<meta property=\"article:publisher\" content=\"https:\/\/www.facebook.com\/ElCotarro.Tenerife\" \/>\n<meta property=\"article:published_time\" content=\"2022-10-15T23:11:04+00:00\" \/>\n<meta property=\"article:modified_time\" content=\"2022-10-16T07:54:42+00:00\" \/>\n<meta property=\"og:image\" content=\"https:\/\/canariasenpositivo.com\/wp-content\/uploads\/2022\/10\/1.-VICENTE-ALVAREZ.jpg\" \/>\n<meta name=\"author\" content=\"Jos\u00e9 Carlos Marrero Gonz\u00e1lez\" \/>\n<meta name=\"twitter:label1\" content=\"Escrito por\" \/>\n\t<meta name=\"twitter:data1\" content=\"Jos\u00e9 Carlos Marrero Gonz\u00e1lez\" \/>\n\t<meta name=\"twitter:label2\" content=\"Tiempo de lectura\" \/>\n\t<meta name=\"twitter:data2\" content=\"13 minutos\" \/>\n<script type=\"application\/ld+json\" class=\"yoast-schema-graph\">{\"@context\":\"https:\/\/schema.org\",\"@graph\":[{\"@type\":\"Article\",\"@id\":\"https:\/\/elcotarro.com\/?p=10442#article\",\"isPartOf\":{\"@id\":\"https:\/\/elcotarro.com\/?p=10442\"},\"author\":{\"name\":\"Jos\u00e9 Carlos Marrero Gonz\u00e1lez\",\"@id\":\"https:\/\/elcotarro.com\/#\/schema\/person\/af537ee7d60d15984c7e0affcd8a918b\"},\"headline\":\"EL COTARRO \/ 423, DEL DOMINGO, 16\/10\/2022\",\"datePublished\":\"2022-10-15T23:11:04+00:00\",\"dateModified\":\"2022-10-16T07:54:42+00:00\",\"mainEntityOfPage\":{\"@id\":\"https:\/\/elcotarro.com\/?p=10442\"},\"wordCount\":2503,\"commentCount\":0,\"publisher\":{\"@id\":\"https:\/\/elcotarro.com\/#organization\"},\"image\":{\"@id\":\"https:\/\/elcotarro.com\/?p=10442#primaryimage\"},\"thumbnailUrl\":\"https:\/\/canariasenpositivo.com\/wp-content\/uploads\/2022\/10\/1.-VICENTE-ALVAREZ.jpg\",\"articleSection\":[\"El Cotarro\"],\"inLanguage\":\"es\",\"potentialAction\":[{\"@type\":\"CommentAction\",\"name\":\"Comment\",\"target\":[\"https:\/\/elcotarro.com\/?p=10442#respond\"]}]},{\"@type\":\"WebPage\",\"@id\":\"https:\/\/elcotarro.com\/?p=10442\",\"url\":\"https:\/\/elcotarro.com\/?p=10442\",\"name\":\"EL COTARRO \/ 423, DEL DOMINGO, 16\/10\/2022 - El Cotarro\",\"isPartOf\":{\"@id\":\"https:\/\/elcotarro.com\/#website\"},\"primaryImageOfPage\":{\"@id\":\"https:\/\/elcotarro.com\/?p=10442#primaryimage\"},\"image\":{\"@id\":\"https:\/\/elcotarro.com\/?p=10442#primaryimage\"},\"thumbnailUrl\":\"https:\/\/canariasenpositivo.com\/wp-content\/uploads\/2022\/10\/1.-VICENTE-ALVAREZ.jpg\",\"datePublished\":\"2022-10-15T23:11:04+00:00\",\"dateModified\":\"2022-10-16T07:54:42+00:00\",\"breadcrumb\":{\"@id\":\"https:\/\/elcotarro.com\/?p=10442#breadcrumb\"},\"inLanguage\":\"es\",\"potentialAction\":[{\"@type\":\"ReadAction\",\"target\":[\"https:\/\/elcotarro.com\/?p=10442\"]}]},{\"@type\":\"ImageObject\",\"inLanguage\":\"es\",\"@id\":\"https:\/\/elcotarro.com\/?p=10442#primaryimage\",\"url\":\"https:\/\/canariasenpositivo.com\/wp-content\/uploads\/2022\/10\/1.-VICENTE-ALVAREZ.jpg\",\"contentUrl\":\"https:\/\/canariasenpositivo.com\/wp-content\/uploads\/2022\/10\/1.-VICENTE-ALVAREZ.jpg\"},{\"@type\":\"BreadcrumbList\",\"@id\":\"https:\/\/elcotarro.com\/?p=10442#breadcrumb\",\"itemListElement\":[{\"@type\":\"ListItem\",\"position\":1,\"name\":\"Portada\",\"item\":\"https:\/\/elcotarro.com\/\"},{\"@type\":\"ListItem\",\"position\":2,\"name\":\"EL COTARRO \/ 423, DEL DOMINGO, 16\/10\/2022\"}]},{\"@type\":\"WebSite\",\"@id\":\"https:\/\/elcotarro.com\/#website\",\"url\":\"https:\/\/elcotarro.com\/\",\"name\":\"El Cotarro\",\"description\":\"Peri\u00f3dico Digital Independiente dirigido por Jos\u00e9 Carlos Marrero\",\"publisher\":{\"@id\":\"https:\/\/elcotarro.com\/#organization\"},\"potentialAction\":[{\"@type\":\"SearchAction\",\"target\":{\"@type\":\"EntryPoint\",\"urlTemplate\":\"https:\/\/elcotarro.com\/?s={search_term_string}\"},\"query-input\":{\"@type\":\"PropertyValueSpecification\",\"valueRequired\":true,\"valueName\":\"search_term_string\"}}],\"inLanguage\":\"es\"},{\"@type\":\"Organization\",\"@id\":\"https:\/\/elcotarro.com\/#organization\",\"name\":\"El Cotarro\",\"url\":\"https:\/\/elcotarro.com\/\",\"logo\":{\"@type\":\"ImageObject\",\"inLanguage\":\"es\",\"@id\":\"https:\/\/elcotarro.com\/#\/schema\/logo\/image\/\",\"url\":\"https:\/\/elcotarro.com\/wp-content\/uploads\/2014\/09\/Cabecera_El_Cotarro_v2.jpg\",\"contentUrl\":\"https:\/\/elcotarro.com\/wp-content\/uploads\/2014\/09\/Cabecera_El_Cotarro_v2.jpg\",\"width\":3540,\"height\":441,\"caption\":\"El Cotarro\"},\"image\":{\"@id\":\"https:\/\/elcotarro.com\/#\/schema\/logo\/image\/\"},\"sameAs\":[\"https:\/\/www.facebook.com\/ElCotarro.Tenerife\"]},{\"@type\":\"Person\",\"@id\":\"https:\/\/elcotarro.com\/#\/schema\/person\/af537ee7d60d15984c7e0affcd8a918b\",\"name\":\"Jos\u00e9 Carlos Marrero Gonz\u00e1lez\",\"image\":{\"@type\":\"ImageObject\",\"inLanguage\":\"es\",\"@id\":\"https:\/\/elcotarro.com\/#\/schema\/person\/image\/\",\"url\":\"https:\/\/secure.gravatar.com\/avatar\/def4da036efb5d32c74d49c351f6dccc064dd69ad9f3aadc295c5a9a5391ca01?s=96&d=mm&r=g\",\"contentUrl\":\"https:\/\/secure.gravatar.com\/avatar\/def4da036efb5d32c74d49c351f6dccc064dd69ad9f3aadc295c5a9a5391ca01?s=96&d=mm&r=g\",\"caption\":\"Jos\u00e9 Carlos Marrero Gonz\u00e1lez\"},\"sameAs\":[\"https:\/\/elcotarro.com\"],\"url\":\"https:\/\/elcotarro.com\/?author=2\"}]}<\/script>\n<!-- \/ Yoast SEO plugin. -->","yoast_head_json":{"title":"EL COTARRO \/ 423, DEL DOMINGO, 16\/10\/2022 - El Cotarro","robots":{"index":"index","follow":"follow","max-snippet":"max-snippet:-1","max-image-preview":"max-image-preview:large","max-video-preview":"max-video-preview:-1"},"canonical":"https:\/\/elcotarro.com\/?p=10442","og_locale":"es_ES","og_type":"article","og_title":"EL COTARRO \/ 423, DEL DOMINGO, 16\/10\/2022 - El Cotarro","og_description":"EL COTARRO \/ 423, DEL 16 DE OCTUBRE DE 2022 &nbsp; &nbsp; Por Jos\u00e9 Carlos Marrero * &nbsp; &nbsp; UN FICHAJE DE LUJO PARA EL PP CHICHARRERO Comienzo El Cotarro de este domingo compartiendo con ustedes un insistente pero restringido (cada vez menos) rumor chicharrero, seg\u00fan el cual el Partido Popular en Santa Cruz de ... Read more","og_url":"https:\/\/elcotarro.com\/?p=10442","og_site_name":"El Cotarro","article_publisher":"https:\/\/www.facebook.com\/ElCotarro.Tenerife","article_published_time":"2022-10-15T23:11:04+00:00","article_modified_time":"2022-10-16T07:54:42+00:00","og_image":[{"url":"https:\/\/canariasenpositivo.com\/wp-content\/uploads\/2022\/10\/1.-VICENTE-ALVAREZ.jpg","type":"","width":"","height":""}],"author":"Jos\u00e9 Carlos Marrero Gonz\u00e1lez","twitter_misc":{"Escrito por":"Jos\u00e9 Carlos Marrero Gonz\u00e1lez","Tiempo de lectura":"13 minutos"},"schema":{"@context":"https:\/\/schema.org","@graph":[{"@type":"Article","@id":"https:\/\/elcotarro.com\/?p=10442#article","isPartOf":{"@id":"https:\/\/elcotarro.com\/?p=10442"},"author":{"name":"Jos\u00e9 Carlos Marrero Gonz\u00e1lez","@id":"https:\/\/elcotarro.com\/#\/schema\/person\/af537ee7d60d15984c7e0affcd8a918b"},"headline":"EL COTARRO \/ 423, DEL DOMINGO, 16\/10\/2022","datePublished":"2022-10-15T23:11:04+00:00","dateModified":"2022-10-16T07:54:42+00:00","mainEntityOfPage":{"@id":"https:\/\/elcotarro.com\/?p=10442"},"wordCount":2503,"commentCount":0,"publisher":{"@id":"https:\/\/elcotarro.com\/#organization"},"image":{"@id":"https:\/\/elcotarro.com\/?p=10442#primaryimage"},"thumbnailUrl":"https:\/\/canariasenpositivo.com\/wp-content\/uploads\/2022\/10\/1.-VICENTE-ALVAREZ.jpg","articleSection":["El Cotarro"],"inLanguage":"es","potentialAction":[{"@type":"CommentAction","name":"Comment","target":["https:\/\/elcotarro.com\/?p=10442#respond"]}]},{"@type":"WebPage","@id":"https:\/\/elcotarro.com\/?p=10442","url":"https:\/\/elcotarro.com\/?p=10442","name":"EL COTARRO \/ 423, DEL DOMINGO, 16\/10\/2022 - El Cotarro","isPartOf":{"@id":"https:\/\/elcotarro.com\/#website"},"primaryImageOfPage":{"@id":"https:\/\/elcotarro.com\/?p=10442#primaryimage"},"image":{"@id":"https:\/\/elcotarro.com\/?p=10442#primaryimage"},"thumbnailUrl":"https:\/\/canariasenpositivo.com\/wp-content\/uploads\/2022\/10\/1.-VICENTE-ALVAREZ.jpg","datePublished":"2022-10-15T23:11:04+00:00","dateModified":"2022-10-16T07:54:42+00:00","breadcrumb":{"@id":"https:\/\/elcotarro.com\/?p=10442#breadcrumb"},"inLanguage":"es","potentialAction":[{"@type":"ReadAction","target":["https:\/\/elcotarro.com\/?p=10442"]}]},{"@type":"ImageObject","inLanguage":"es","@id":"https:\/\/elcotarro.com\/?p=10442#primaryimage","url":"https:\/\/canariasenpositivo.com\/wp-content\/uploads\/2022\/10\/1.-VICENTE-ALVAREZ.jpg","contentUrl":"https:\/\/canariasenpositivo.com\/wp-content\/uploads\/2022\/10\/1.-VICENTE-ALVAREZ.jpg"},{"@type":"BreadcrumbList","@id":"https:\/\/elcotarro.com\/?p=10442#breadcrumb","itemListElement":[{"@type":"ListItem","position":1,"name":"Portada","item":"https:\/\/elcotarro.com\/"},{"@type":"ListItem","position":2,"name":"EL COTARRO \/ 423, DEL DOMINGO, 16\/10\/2022"}]},{"@type":"WebSite","@id":"https:\/\/elcotarro.com\/#website","url":"https:\/\/elcotarro.com\/","name":"El Cotarro","description":"Peri\u00f3dico Digital Independiente dirigido por Jos\u00e9 Carlos Marrero","publisher":{"@id":"https:\/\/elcotarro.com\/#organization"},"potentialAction":[{"@type":"SearchAction","target":{"@type":"EntryPoint","urlTemplate":"https:\/\/elcotarro.com\/?s={search_term_string}"},"query-input":{"@type":"PropertyValueSpecification","valueRequired":true,"valueName":"search_term_string"}}],"inLanguage":"es"},{"@type":"Organization","@id":"https:\/\/elcotarro.com\/#organization","name":"El Cotarro","url":"https:\/\/elcotarro.com\/","logo":{"@type":"ImageObject","inLanguage":"es","@id":"https:\/\/elcotarro.com\/#\/schema\/logo\/image\/","url":"https:\/\/elcotarro.com\/wp-content\/uploads\/2014\/09\/Cabecera_El_Cotarro_v2.jpg","contentUrl":"https:\/\/elcotarro.com\/wp-content\/uploads\/2014\/09\/Cabecera_El_Cotarro_v2.jpg","width":3540,"height":441,"caption":"El Cotarro"},"image":{"@id":"https:\/\/elcotarro.com\/#\/schema\/logo\/image\/"},"sameAs":["https:\/\/www.facebook.com\/ElCotarro.Tenerife"]},{"@type":"Person","@id":"https:\/\/elcotarro.com\/#\/schema\/person\/af537ee7d60d15984c7e0affcd8a918b","name":"Jos\u00e9 Carlos Marrero Gonz\u00e1lez","image":{"@type":"ImageObject","inLanguage":"es","@id":"https:\/\/elcotarro.com\/#\/schema\/person\/image\/","url":"https:\/\/secure.gravatar.com\/avatar\/def4da036efb5d32c74d49c351f6dccc064dd69ad9f3aadc295c5a9a5391ca01?s=96&d=mm&r=g","contentUrl":"https:\/\/secure.gravatar.com\/avatar\/def4da036efb5d32c74d49c351f6dccc064dd69ad9f3aadc295c5a9a5391ca01?s=96&d=mm&r=g","caption":"Jos\u00e9 Carlos Marrero Gonz\u00e1lez"},"sameAs":["https:\/\/elcotarro.com"],"url":"https:\/\/elcotarro.com\/?author=2"}]}},"jetpack_featured_media_url":"","jetpack_sharing_enabled":true,"_links":{"self":[{"href":"https:\/\/elcotarro.com\/index.php?rest_route=\/wp\/v2\/posts\/10442","targetHints":{"allow":["GET"]}}],"collection":[{"href":"https:\/\/elcotarro.com\/index.php?rest_route=\/wp\/v2\/posts"}],"about":[{"href":"https:\/\/elcotarro.com\/index.php?rest_route=\/wp\/v2\/types\/post"}],"author":[{"embeddable":true,"href":"https:\/\/elcotarro.com\/index.php?rest_route=\/wp\/v2\/users\/2"}],"replies":[{"embeddable":true,"href":"https:\/\/elcotarro.com\/index.php?rest_route=%2Fwp%2Fv2%2Fcomments&post=10442"}],"version-history":[{"count":4,"href":"https:\/\/elcotarro.com\/index.php?rest_route=\/wp\/v2\/posts\/10442\/revisions"}],"predecessor-version":[{"id":10446,"href":"https:\/\/elcotarro.com\/index.php?rest_route=\/wp\/v2\/posts\/10442\/revisions\/10446"}],"wp:attachment":[{"href":"https:\/\/elcotarro.com\/index.php?rest_route=%2Fwp%2Fv2%2Fmedia&parent=10442"}],"wp:term":[{"taxonomy":"category","embeddable":true,"href":"https:\/\/elcotarro.com\/index.php?rest_route=%2Fwp%2Fv2%2Fcategories&post=10442"},{"taxonomy":"post_tag","embeddable":true,"href":"https:\/\/elcotarro.com\/index.php?rest_route=%2Fwp%2Fv2%2Ftags&post=10442"}],"curies":[{"name":"wp","href":"https:\/\/api.w.org\/{rel}","templated":true}]}}