{"id":10454,"date":"2022-11-06T00:33:53","date_gmt":"2022-11-06T00:33:53","guid":{"rendered":"https:\/\/elcotarro.com\/?p=10454"},"modified":"2022-11-06T00:33:53","modified_gmt":"2022-11-06T00:33:53","slug":"el-cotarro-426-del-domingo-06-11-2022","status":"publish","type":"post","link":"https:\/\/elcotarro.com\/?p=10454","title":{"rendered":"EL COTARRO \/ 426, DEL DOMINGO, 06\/11\/2022"},"content":{"rendered":"<blockquote><p><span style=\"color: #ff0000\"><em><strong>\u2018EL COTARRO\u2019 DIGITAL 426 DEL 6 DE NOVIEMBRE DE 2022<\/strong><\/em><\/span><\/p><\/blockquote>\n<p>&nbsp;<\/p>\n<p>&nbsp;<\/p>\n<p><span style=\"color: #0000ff\"><em>Por <strong>Jos\u00e9 Carlos Marrero *\u00a0<\/strong><\/em><\/span><\/p>\n<p>&nbsp;<\/p>\n<p>&nbsp;<\/p>\n<p><span style=\"color: #0000ff\"><strong>CENTROS SOCIO-SANITARIOS DE FORMA URGENTE<\/strong><\/span><\/p>\n<ul>\n<li>No puedo comenzar <strong><em>El Cotarro<\/em><\/strong> sin dar las gracias a ustedes por la aceptaci\u00f3n y enorme repercusi\u00f3n de la pasada edici\u00f3n. Las inmerecidas felicitaciones, junto con la gran cantidad de mensajes recibidos, demuestran la importancia del tema y el inter\u00e9s de la ciudadan\u00eda por la problem\u00e1tica de la dependencia, de los centros socio-sanitarios y porque se solucione de forma urgente y efectiva. Estoy convencido de que un Gobierno de Canarias fuerte y decidido, sea del color pol\u00edtico que sea, con un presidente como <strong>\u00c1ngel V\u00edctor Torres<\/strong> o cualquier otro con un par de \u2018timbales\u2019, podr\u00eda poner en marcha el necesario y demandado plan de centros socio sanitarios. Siempre he dicho que mis tres pilares fundamentales son la Salud, la Vivienda y la Educaci\u00f3n. Esto que demandamos tiene que ver con la Salud y con una atenci\u00f3n m\u00e9dica, hospitalaria y socio-sanitaria como la que nuestras islas necesitan, reclaman, y se merecen. Todo lo dem\u00e1s viene despu\u00e9s. Y pronto, las elecciones. Las pr\u00f3ximas y primeras, las municipales, auton\u00f3micas y a cabildos ya est\u00e1n a la vuelta de la esquina. A fecha de hoy, solo faltan, exactamente, 203 d\u00edas.<\/li>\n<\/ul>\n<p><img loading=\"lazy\" decoding=\"async\" class=\"size-full wp-image-5083 aligncenter\" src=\"https:\/\/canariasenpositivo.com\/wp-content\/uploads\/2022\/11\/1.-CENTRO-SANTA-CRUZ.jpg\" alt=\"\" width=\"960\" height=\"353\" \/><\/p>\n<p style=\"text-align: center\"><em>Centro Socio-Sanitario de Santa Cruz de Tenerife (antiguo Hospital Militar)<\/em><\/p>\n<p>&nbsp;<\/p>\n<p><span style=\"color: #0000ff\"><strong>HA LLEGADO (O NO) EL MOMENTO DE LA BATALLA<\/strong><\/span><\/p>\n<ul>\n<li>Y los partidos y coaliciones est\u00e1n, unos afinando, otros en b\u00fasqueda de candidatos, otros perdidos en la niebla y otros en Bel\u00e9n con los pastores. Alguno de ellos con mosqueos internos porque alg\u00fan que otro dirigente se empe\u00f1a en seguir con la cantinela y la consigna de que \u201chay que estar tranquilos\u201d con el mensaje de que \u201ctodav\u00eda no toca comenzar a dar le\u00f1a al adversario\u201d en la seguridad de que a\u00fan hay tiempo para denunciar temas p\u00fablicamente o bien en la fiscal\u00eda. Y en otros, como Coalici\u00f3n Canaria, fritos porque <strong>Ana Mar\u00eda Oramas<\/strong> aterrice ya en Tenerife para comenzar a \u201ccantar las cuarenta\u201d a m\u00e1s de uno en su popular y efectivo todo del Congreso de los Diputados. Pero tambi\u00e9n es verdad que, al parecer, seg\u00fan la ley, puede seguir en Madrid \u201cdando le\u00f1a\u201d y siendo claramente y como \u201csolista\u201d la casi \u00fanica \u201cvoz de Canarias\u201d. Pero aqu\u00ed ven un oscuro futuro y m\u00e1s de uno, como el alcalde chicharrero, <strong>Jos\u00e9 Manuel Berm\u00fadez<\/strong>, cree, demanda y espera que venga pronto y m\u00e1s a menudo. No queda mucho tiempo para reilusionar al personal.<\/li>\n<\/ul>\n<p><em> <img loading=\"lazy\" decoding=\"async\" class=\"size-full wp-image-5084 aligncenter\" src=\"https:\/\/canariasenpositivo.com\/wp-content\/uploads\/2022\/11\/2.-ORAMAS-Y-BERMUDEZ.jpg\" alt=\"\" width=\"1024\" height=\"576\" \/><\/em><\/p>\n<p style=\"text-align: center\"><em>Ana Oramas vuelve a las islas y Jos\u00e9 Manuel Berm\u00fadez pide que vuelva pronto<\/em><\/p>\n<p><em>\u00a0<\/em><\/p>\n<p><span style=\"color: #0000ff\"><strong>CABEZA DE LISTA \u2018TEJINERA\u2019 DEL PP EN LA LAGUNA<\/strong><\/span><\/p>\n<ul>\n<li>El Partido Popular, por su parte, sigue buscando candidatos y candidatas que de verdad sumen y aporte. Eso est\u00e1 haciendo que muchos antiguos militantes, que llevan a\u00f1os trabajando en el seno del partido, est\u00e9n medio mosqueados porque ven peligrar su presencia en una lista o, lo m\u00e1s importante, en un \u201cpuesto de salida\u201d m\u00e1s o menos garantizado. Aparte de alguna interesante y restringida cena santacrucera de la que ya les hablar\u00e9, el \u00faltimo rumor que ahora corre por La Laguna habla de la posibilidad de que la cabeza de lista para la alcald\u00eda lagunera sea una persona de Tejina, con nombre \u2018guanche\u2019 y un pedigr\u00ed tejinero de lo m\u00e1s conocido. Insisten en comentar y asegurar (por lo bajini) que el actual l\u00edder, <strong>Manuel G\u00f3mez,<\/strong> no encabezar\u00e1 la lista (yo no me lo termino de creer) La \u00faltima encuesta lagunera a la que he tenido acceso, insiste en que el PP solo subir\u00eda un concejal (de 2 a 3) aunque, no terminan de poner un nombre y dos apellidos a la persona que al final terminar\u00eda encabezando la lista. Sigue sonando el propio <strong>Manuel G\u00f3mez <\/strong>y <strong>Antonio Alarc\u00f3, Elsa \u00c1vila, Jacob Afonso, Pedro Su\u00e1rez<\/strong> y, ahora, Tejina.<\/li>\n<\/ul>\n<p><em> <img loading=\"lazy\" decoding=\"async\" class=\"size-full wp-image-5085 aligncenter\" src=\"https:\/\/canariasenpositivo.com\/wp-content\/uploads\/2022\/11\/3.-ANTONIO-ALARCO.jpg\" alt=\"\" width=\"940\" height=\"380\" \/><\/em><\/p>\n<p style=\"text-align: center\"><em>Hay quien cree que Alarc\u00f3 podr\u00eda de nuevo encabezar la lista del PP a La Laguna. Pero otros (creo que incluso \u00e9l mismo) piensan que debe seguir en el Senado.<\/em><\/p>\n<p><em>\u00a0<\/em><\/p>\n<p><span style=\"color: #0000ff\"><strong>FOTOS PARA IDENTIFICAR A LA PROTAGONISTA<\/strong><\/span><\/p>\n<ul>\n<li>Lo curioso es que, desde personas cercanas a la alcald\u00eda lagunera, ya se han enviado fotograf\u00edas hasta de al menos dos personas, al WhatsApp de alg\u00fan importante dirigente pol\u00edtico, para intentar identificar a la persona que podr\u00eda ser la protagonista del lagunero rumor. Y puedo confirmarles que, hasta precisamente el d\u00eda de ayer, <strong>Emilio Navarro Castanedo<\/strong>, presidente del Partido Popular en Tenerife, no conoc\u00eda a esas dos personas de las que se rumorea podr\u00edan encabezar la lista del PP a la alcald\u00eda lagunera. Hoy, por el contrario, s\u00ed puedo garantizarles que <strong>Emilio Navarro<\/strong> conoce personalmente, al menos, a una de ellas. Se la he presentado yo ayer. Y tambi\u00e9n puedo garantizarles tres cosas m\u00e1s. Una: a d\u00eda de hoy la persona tejinera no ha recibido ninguna invitaci\u00f3n de di\u00e1logo ni ofrecimiento oficial por parte del PP. Dos: la persona me ha asegurado que, si esa oferta se produjese, al menos se lo pensar\u00eda. Tres: no creo que suene esa flauta tejinera, porque es muy inteligente. Ya les contar\u00e9 m\u00e1s detalles cuando proceda en beneficio de todos.<\/li>\n<\/ul>\n<p style=\"text-align: center\"><em><img loading=\"lazy\" decoding=\"async\" class=\"size-full wp-image-5086 aligncenter\" src=\"https:\/\/canariasenpositivo.com\/wp-content\/uploads\/2022\/11\/4.-EMILIO-Y-LOPE.jpeg\" alt=\"\" width=\"990\" height=\"575\" \/>\u00a0<\/em><em>Emilio Navarro (i) y Lope Afonso (con Manuel Dom\u00ednguez de cerca), siguen buscando candidatos para las listas de los distintos ayuntamientos de Tenerife<\/em><\/p>\n<p><em>\u00a0<\/em><\/p>\n<p><span style=\"color: #0000ff\"><strong>REBECA <\/strong><strong>PANIAGUA, LA APUESTA DE EMILIO<\/strong><strong> NAVARRO<\/strong><\/span><\/p>\n<ul>\n<li>Mientras tanto, sigue alguna divisi\u00f3n de opiniones en torno a la llegada y desembarco de la periodista <strong>Rebeca Paniagua<\/strong> para encabezar la lista del PP al Parlamento de Canarias por Tenerife (se enfrentar\u00eda directamente a <strong>Ani Oramas<\/strong>, que ser\u00e1 la candidata de CC) Me dicen que <strong>Rebeca Paniagua<\/strong> es una apuesta directa y personal de <strong>Emilio Navarro Castanedo<\/strong>, presidente insular del PP en Tenerife y actual alcalde de Santiago del Teide. Aparte de c\u00f3mo les haya sentado a los militantes, est\u00e1 la fundada opini\u00f3n de muchos sobre que, para acceder a una candidatura, deber\u00eda saberse de forma clara qu\u00e9 ideolog\u00eda, qu\u00e9 principios y cu\u00e1l es la idea de proyecto que trae y representa cada nueva persona candidata. Lo coment\u00f3 acertadamente <strong>Pepe Moreno<\/strong> en su pasado <strong><em>El Mon\u00f3logo \/134 <\/em><\/strong>en la plataforma <strong>Canarias en Positivo<\/strong>. Entiendo, respeto y comparto la opini\u00f3n de <strong>Pepe<\/strong>, pero celebro que personas j\u00f3venes, preparadas, capaces y dispuestas, como <strong>Rebeca Paniagua<\/strong>, acepten entrar en pol\u00edtica y aportar su conocimientos y experiencia. Debemos alejar a personas mediocres, arribistas y hasta ruines.<\/li>\n<\/ul>\n<p><em> <img loading=\"lazy\" decoding=\"async\" class=\"size-large wp-image-5087 aligncenter\" src=\"https:\/\/canariasenpositivo.com\/wp-content\/uploads\/2022\/11\/5.-CUATRO-DEL-PP-1024x576.jpg\" alt=\"\" width=\"660\" height=\"371\" \/><\/em><\/p>\n<p style=\"text-align: center\"><em>De izquierda a derecha: Lope Afonso, Manuel Dom\u00ednguez, Rebeca Paniagua y Emilio Navarro, tras la presentaci\u00f3n de Rebeca como cabeza de lista del PP.<\/em><\/p>\n<p><em>\u00a0<\/em><\/p>\n<p><span style=\"color: #0000ff\"><strong>EL ROSARIO, PUNTO DE CONSENSOS POL\u00cdTICOS<\/strong><\/span><\/p>\n<ul>\n<li>Hac\u00eda un par de a\u00f1os que no se celebraba por culpa del COVID, pero este pasado s\u00e1bado volvimos a disfrutar de la ya 5\u00aa edici\u00f3n de la feria \u2018Saborea El Rosario\u2019, que se celebr\u00f3 en La Esperanza. Un a\u00f1o m\u00e1s, el alcalde <strong>Escol\u00e1stico Gil Hern\u00e1ndez<\/strong> me \u201ctranc\u00f3\u201d para presentar el acto inaugural de la misma y, otro a\u00f1o m\u00e1s, pude comprobar la capacidad de convocatoria de <strong>Escol\u00e1stico<\/strong> y, m\u00e1s concretamente, de pol\u00edticos de todo pelaje. Si por algo se caracteriza el alcalde rosariero es por su capacidad de dialogar, aunar voluntades y lograr consensos en beneficio de la ciudadan\u00eda. Por lo pronto, ayer logr\u00f3 que, con su alcalde <strong>Emilio Navarro<\/strong> (PP) al frente, los mayores del municipio de Santiago del Teide fueran de excursi\u00f3n a La Esperanza, devolviendo as\u00ed otra visita que hace un tiempo hab\u00edan realizado los mayores de El Rosario al municipio sure\u00f1o. Un \u201csabroso\u201d hermanamiento que sirvi\u00f3 de marco para que pol\u00edticos de distintos partidos hablaran y quiz\u00e1, medio pactaran<\/li>\n<\/ul>\n<p><em> <img loading=\"lazy\" decoding=\"async\" class=\"size-large wp-image-5088 aligncenter\" src=\"https:\/\/canariasenpositivo.com\/wp-content\/uploads\/2022\/11\/6.-ESCOLASTICO-Y-EMILIO-1024x768.jpeg\" alt=\"\" width=\"660\" height=\"495\" \/><\/em><\/p>\n<p style=\"text-align: center\"><em>Curiosa y simp\u00e1tica foto de Escol\u00e1stico Gil (i) y Emilio Navarro en la entrada de la feria gastron\u00f3mica Saborea El Rosario 2022 y la excursi\u00f3n de mayores.<\/em><\/p>\n<p><em>\u00a0<\/em><\/p>\n<p><span style=\"color: #0000ff\"><strong>UN \u201cBUEN ROLLO\u201d QUE DEBER\u00cdA IMPERAR SIEMPRE<\/strong><\/span><\/p>\n<ul>\n<li>Hay que reconocer que el incansable <strong>Escol\u00e1stico Gil<\/strong> es un alcalde que trabaja y defiende los intereses de su municipio como nadie. Para ello habla con todos (sean del partido que sean) e intenta llegar a pactos y consensos con todos, aunque a veces no termine de \u201csintonizar\u201d con alguno, como al parecer le sucede <strong>Pedro Mart\u00edn<\/strong>, el presidente del Cabildo de Tenerife. El d\u00eda de ayer, <strong>Escol\u00e1stico<\/strong> logr\u00f3 subir al escenario a <strong>Rom\u00e1n Rodr\u00edguez<\/strong>, vicepresidente y consejero de Hacienda del Gobierno Canario y l\u00edder de Nueva Canarias, junto con <strong>Emilio Navarro<\/strong>, presidente del Partido Popular en Tenerife, adem\u00e1s de alcalde de Santiago del Teide y, entre ellos, a <strong>Carlos Alonso<\/strong>, quien fuera presidente del Cabildo tinerfe\u00f1o y hoy consejero del mismo y peso muy importante de Coalici\u00f3n Canaria. Bajo el escenario estaba tambi\u00e9n Efra\u00edn Medina (CC) tambi\u00e9n consejero del Cabildo tinerfe\u00f1o. Entre todos ellos (cada uno defendiendo los colores e intereses de sus respectivos partidos) hubo un envidiable \u201cbuen rollo\u201d que ojal\u00e1 se viera habitualmente en nuestras corporaciones locales y en las relaciones entre los distintos partidos.<\/li>\n<\/ul>\n<p><em> <img loading=\"lazy\" decoding=\"async\" class=\"size-large wp-image-5089 aligncenter\" src=\"https:\/\/canariasenpositivo.com\/wp-content\/uploads\/2022\/11\/7.-SABOREA-EL-ROSARIO-1024x682.jpeg\" alt=\"\" width=\"660\" height=\"440\" \/><\/em><\/p>\n<p style=\"text-align: center\"><em>De izquierda a derecha: Jos\u00e9 Carlos Marrero, To\u00f1o Armas (El Gusto por el Vino), Escol\u00e1stico Gil, Emilio Navarro, Carlos Alonso, Rom\u00e1n Rodr\u00edguez, Jos\u00e9 Yeray Guti\u00e9rrez (concejal de El Rosario) y Carmen Garc\u00eda (Grupo Montesano)<\/em><\/p>\n<p><em>\u00a0<\/em><\/p>\n<p><span style=\"color: #0000ff\"><strong>ANUNCIOS DE DESPEDIDA Y FALTAS DE CARI\u00d1O<\/strong><\/span><\/p>\n<ul>\n<li>Est\u00e1 claro que la gastronom\u00eda aporta a los actos un ambiente de distensi\u00f3n y ese \u201cbuen rollo\u201d del que ya he hablado, que facilita la asertividad entre las personas. En el marco de Saborea El Rosario, un agradecido y yo dir\u00eda que emotivo <strong>Carlos Alonso<\/strong> apunt\u00f3 que quiz\u00e1 ser\u00eda esta la \u00faltima vez que subiera al escenario de este acto, indicando con ello claramente que su definitiva despedida de la pol\u00edtica est\u00e1 cerca. Por su parte, not\u00e9 que el bueno de <strong>Efra\u00edn Medina<\/strong> est\u00e1 \u201cfalto de atenci\u00f3n y cari\u00f1o\u201d por parte de los dirigentes de Coalici\u00f3n Canaria. Por lo que s\u00e9, pocos se preocuparon de su lesi\u00f3n de espalda y su evoluci\u00f3n tras la delicada operaci\u00f3n de columna a la que se someti\u00f3. Me da la impresi\u00f3n de que tampoco se han preocupado de interesarse por su situaci\u00f3n como funcionario del ayuntamiento de Candelaria, que lidera como alcaldesa la gran <strong>Mar\u00eda Concepci\u00f3n \u201cMari\u201d Brito<\/strong>. Nadie puede dudar del tir\u00f3n que en unos determinados sectores del electorado tiene <strong>Efra\u00edn Medina<\/strong> y, en estos, momentos intuyo que <strong>Efra\u00edn<\/strong> est\u00e1 meditando seriamente dejar la pol\u00edtica, por no pensar m\u00e1s all\u00e1. Siempre he dicho y repito, que Coalici\u00f3n Canaria \u201cno cuida\u201d a los suyos. Pues\u2026 con la cuchara que cojan\u2026<\/li>\n<\/ul>\n<p><em> <img loading=\"lazy\" decoding=\"async\" class=\"size-large wp-image-5090 aligncenter\" src=\"https:\/\/canariasenpositivo.com\/wp-content\/uploads\/2022\/11\/8.-ROMAN-Y-EFRAIN-1024x768.jpeg\" alt=\"\" width=\"660\" height=\"495\" \/><\/em><\/p>\n<p style=\"text-align: center\"><em>Rom\u00e1n Rodr\u00edguez (i) y Efra\u00edn Medina, ayer en Saborea El Rosario.<\/em><\/p>\n<p><em>\u00a0<\/em><\/p>\n<p><span style=\"color: #0000ff\"><strong>ENRIQUE ARRIAGA PONE A TENERIFE EN MARCHA<\/strong><\/span><\/p>\n<ul>\n<li>Creo que fue <strong><em>El Cotarro<\/em><\/strong> quien coment\u00f3 en primicia que <strong>Enrique Arriaga<\/strong>, vicepresidente del Cabildo de Tenerife y secretario auton\u00f3mico de Ciudadanos en Canarias, estaba gestando la creaci\u00f3n de lo que el propio <strong>Enrique<\/strong> defin\u00eda como \u201cuna plataforma de escucha\u201d para la ciudadan\u00eda. Ayer en la Casa del Vino de Tenerife, en El Sauzal, <strong>Enrique Arriaga<\/strong> present\u00f3 oficialmente la iniciativa \u201cTenerife en Marcha\u201d en un acto que reuni\u00f3 a unas 250 personas, entre pol\u00edticos y empresarios y que cont\u00f3 con la presencia de <strong>Carlos P\u00e9rez-Nievas<\/strong>, secretario de organizaci\u00f3n de Ciudadanos a nivel nacional. Por lo que he le\u00eddo, <strong>Enrique Arriaga<\/strong> manifest\u00f3 que con esta iniciativa pretende <em>\u00abescuchar las inquietudes\u00bb de los tinerfe\u00f1os y terminar con desequilibrios en la financiaci\u00f3n\u00bb<\/em>.\u00a0Y, entre otras cosas, <strong>Enrique Arriaga<\/strong> dijo tambi\u00e9n que <em>\u201cTenerife sufre un agravio comparativo en temas de financiaci\u00f3n y ha se\u00f1alado que esta \u00abdesigualdad tiene su origen en un sistema electoral antidemocr\u00e1tico que premia m\u00e1s los votos en unas islas que en otras\u00bb<\/em>.\u00a0Habr\u00e1 que ver su evoluci\u00f3n.<\/li>\n<\/ul>\n<p><img loading=\"lazy\" decoding=\"async\" class=\"size-large wp-image-5091 aligncenter\" src=\"https:\/\/canariasenpositivo.com\/wp-content\/uploads\/2022\/11\/9.-ENRIQUE-ARRIAGA-1024x576.jpg\" alt=\"\" width=\"660\" height=\"371\" \/><\/p>\n<p style=\"text-align: center\"><em>Enrique Arriaga durante la presentaci\u00f3n de \u201cTenerife en Marcha\u201d (foto cedida)<\/em><\/p>\n<p>&nbsp;<\/p>\n<p><span style=\"color: #0000ff\"><strong>ACABA DE NACER Y YA \u201cLE PONEN ADOQUINES\u201d<\/strong><\/span><\/p>\n<ul>\n<li>Me pes\u00f3 no estar presente, pero como, me hab\u00eda comprometido con mucha antelaci\u00f3n para presentar la inauguraci\u00f3n de Saborea El Rosario, no pude ir a la presentaci\u00f3n en sociedad de \u201cTenerife en Marcha\u201d. Pero hasta El Rosario llegaron ecos de lo que hab\u00eda sucedido en El Sauzal y no eran malos, si bien alguno de los que fue no entendi\u00f3 si all\u00ed estaba naciendo un nuevo partido liderado por <strong>Enrique Arriaga<\/strong>. Me enterar\u00e9 y ya les comentar\u00e9 con m\u00e1s detalle. Pero ya les digo que m\u00e1s de uno ya vino poni\u00e9ndole \u201cpegas\u201d al acto y denunciando que, para fijar la carpa instalada en el mismo, hab\u00edan taladrado alguno de los hist\u00f3ricos adoquines de patio de la Casa del Vino, cuando toda ella est\u00e1 calificada por el propio Cabildo como \u201cBien de Inter\u00e9s Cultural\u201d (BIC). Lo cierto y verdad es que, solo acaba de nacer, y a \u201cTenerife en Marcha\u201d ya le est\u00e1n poniendo \u201cadoquines\u201d en el camino. Por mi parte les doy un voto de confianza a <strong>Enrique Arriaga<\/strong>, deseo y espero que trabajen seriamente y en positivo y que, al final, lleguen a donde la ciudadan\u00eda quiera llevarles.<\/li>\n<\/ul>\n<p><em> <img loading=\"lazy\" decoding=\"async\" class=\"size-large wp-image-5092 aligncenter\" src=\"https:\/\/canariasenpositivo.com\/wp-content\/uploads\/2022\/11\/10.-PATA-SOBRE-ADOQUIN-1024x835.jpg\" alt=\"\" width=\"660\" height=\"538\" \/><\/em><\/p>\n<p style=\"text-align: center\"><em>Una pata de la carpa instalada ayer en la Casa del Vino, anclada sobre los adoquines<\/em><\/p>\n<p><em>\u00a0<\/em><\/p>\n<p><span style=\"color: #0000ff\"><strong>CONRADO DOM\u00cdNGUEZ CAE POR \u2018LAS MASCARILLAS\u2019<\/strong><\/span><\/p>\n<ul>\n<li>Cambio de tercio haciendo referencia a la dimisi\u00f3n forzada de <strong>Conrado Dom\u00ednguez Trujillo<\/strong>, hasta hace un par de d\u00edas gerente del Servicio Canario de la Salud (SCS). Hace tiempo que, conscientemente, no hablo ni escribo sobre temas de Sanidad, sector del que me considero (con perd\u00f3n) muy conocedor y bastante bien informado. He estado y sigo esperando que pase un determinado tiempo y, sobre todo, alg\u00fan que otro tema y acontecimiento pol\u00edtico-jur\u00eddico-administrativo pendiente. Pero es verdad que la \u201cca\u00edda en desgracia\u201d de <strong>Conrado Dom\u00ednguez<\/strong> por culpa del denominado \u201cCaso Mascarillas\u201d, hace que se produzca una importante vacante en el SCS, en un momento especialmente crucial. Y lo que es peor, <strong>Conrado Dom\u00ednguez<\/strong> (y por extensi\u00f3n tambi\u00e9n el consejero de Sanidad, <strong>Blas Trujillo<\/strong> y hasta el presidente del Gobierno canario, <strong>\u00c1ngel V\u00edctor Torres<\/strong>) dejan asuntos importantes y delicados sin terminar de resolver. Esperemos que el acreditado magistrado <strong>Javier Garc\u00eda Garc\u00eda-Sotoca<\/strong>, que lleva la instrucci\u00f3n del caso con un sumario ahora declarado secreto, trabaje rigurosamente y de forma r\u00e1pida por el bien de todos. Am\u00e9n.<\/li>\n<\/ul>\n<p style=\"text-align: center\"><em><img loading=\"lazy\" decoding=\"async\" class=\"size-full wp-image-5093 aligncenter\" src=\"https:\/\/canariasenpositivo.com\/wp-content\/uploads\/2022\/11\/11.-CONRADO-DOMINGUEZ.jpg\" alt=\"\" width=\"880\" height=\"495\" \/>\u00a0<\/em><em>Conrado Dom\u00ednguez, hasta hace unos d\u00edas gerente del Servicio Canario de la Salud<\/em><\/p>\n<p>&nbsp;<\/p>\n<p><span style=\"color: #0000ff\"><strong>NUEVO JEFE DE PROTOCOLO DEL PARLAMENTO<\/strong><\/span><\/p>\n<ul>\n<li>El Parlamento de Canarias instituci\u00f3n que preside <strong>Gustavo Matos Exp\u00f3sito<\/strong>, acaba de culminar el riguroso proceso de selecci\u00f3n de quien, a partir de ahora, ocupar\u00e1 el puesto de jefe de Protocolo de nuestra C\u00e1mara Legislativa Auton\u00f3mica. Ha sido otro de \u201clos nuestros\u201d, en este caso uno de los buenos y magn\u00edficamente preparado, el ilustre lagunero <strong>Juan Luis Maury-Verdugo Garc\u00eda<\/strong>, quien acaba ganar el concurso de m\u00e9ritos para acceder a tan importante cargo en la estructura de nuestro Parlamento regional. El bueno de <strong>Juan Luis Maury-Verdugo<\/strong>, es licenciado en Derecho por la Universidad de La Laguna (ULL) y especialista universitario en Protocolo y Ceremonial de Estado e Internacional por la Universidad de Oviedo (UO) y as\u00ed como diplomado en Estudios Superiores de Protocolo y Ceremonial de Estado e Internacional por la Escuela Diplom\u00e1tica del Ministerio de Asuntos Exteriores. Adem\u00e1s, <strong>Juan Luis<\/strong> <strong>Maury-Verdugo<\/strong> es funcionario de la Escala de Administraci\u00f3n General, Subescala T\u00e9cnica de la Administraci\u00f3n Local.<\/li>\n<\/ul>\n<p><img loading=\"lazy\" decoding=\"async\" class=\"size-full wp-image-5094 aligncenter\" src=\"https:\/\/canariasenpositivo.com\/wp-content\/uploads\/2022\/11\/12.-JUAN-LUIS-MAURY.jpeg\" alt=\"\" width=\"213\" height=\"307\" \/><\/p>\n<p style=\"text-align: center\"><em>Juan Luis Maury-Verdugo, nuevo jefe de Protocolo del Parlamento de Canarias<\/em><\/p>\n<p>&nbsp;<\/p>\n<p><span style=\"color: #0000ff\"><strong>JUAN LUIS MAURY-VERDUGO, ES EL NUEVO JEFE<\/strong><\/span><\/p>\n<ul>\n<li>El nuevo jefe de Protocolo del Parlamento de Canarias, <strong>Juan Luis Maury-Verdugo <\/strong>es colegiado no ejerciente del Ilustre Colegio de Abogados de Santa Cruz de Tenerife. Asimismo, es docente habitual en masters y en cursos de formaci\u00f3n administrativa y tributaria, y ha sido ponente en diversos cursos, jornadas y conferencias sobre temas relacionados con el mundo del protocolo y el ceremonial, tanto para el sector p\u00fablico como el privado, as\u00ed como autor de diversas publicaciones. Colaborador habitual en el campo de la formaci\u00f3n, comunicaci\u00f3n y organizaci\u00f3n de actos en el \u00e1mbito empresarial, <strong>Juan Luis Maury-Verdugo<\/strong> siempre ha estado vinculado al \u00e1mbito de las hermandades y cofrad\u00edas de San Crist\u00f3bal de La Laguna, habiendo sido Esclavo Mayor de la Pontificia Real y Venerable Esclavitud del Stmo. Cristo de La Laguna y Cofrade Mayor de la Cofrad\u00eda de la Misericordia, redactor de diversos Reglamentos y miembro de comisiones revisoras de estatutos, as\u00ed como organizador de numerosos actos y pregonero de distintas celebraciones. Fue presidente de la Secci\u00f3n de Archivo, Biblioteca y Patrimonio en la Junta de Gobierno de la Real Sociedad Econ\u00f3mica de Amigos del Pa\u00eds de Tenerife y es miembro de la Sociedad Espa\u00f1ola de Vexilolog\u00eda. Desde aqu\u00ed felicitamos a <strong>Juan Luis<\/strong> por su nombramiento y le deseamos todos los \u00e9xitos del mundo en su nuevo puesto.<\/li>\n<\/ul>\n<p><img loading=\"lazy\" decoding=\"async\" class=\"size-full wp-image-5095 aligncenter\" src=\"https:\/\/canariasenpositivo.com\/wp-content\/uploads\/2022\/11\/13.-JUAN-LUIS-CON-LOS-REYES.jpg\" alt=\"\" width=\"424\" height=\"480\" \/><\/p>\n<p style=\"text-align: center\"><em>Un joven Juan Luis Maury-Verdugo (delante a la derecha) cuando, siendo Esclavo Mayor del Cristo de La Laguna, recibi\u00f3 a los Reyes de Espa\u00f1a.<\/em><\/p>\n<p><em>\u00a0<\/em><\/p>\n<p><span style=\"color: #0000ff\"><strong>LAS 100 MUJERES M\u00c1S INFLUYENTES DE ESPA\u00d1A<\/strong><\/span><\/p>\n<ul>\n<li>La prestigiosa revista <strong>Forbes<\/strong> ha publicado recientemente que <em>\u201cHay vida m\u00e1s all\u00e1 del fen\u00f3meno\u00a0<\/em><em>influencer<\/em><em>, el cual se centra en el poder que emana de las redes sociales\u201d<\/em>. La rigurosa publicaci\u00f3n prueba la existencia de otro tipo de influencia a trav\u00e9s de su esperada lista anual en la que re\u00fane a 100 mujeres influyentes en Espa\u00f1a, con o sin presencia en redes sociales. Creo que este listado agrupa a las que podemos calificar como \u201clas m\u00e1s influyentes\u201d dentro y fuera del mundo de los negocios, del deporte, la cultura o del arte, entre otras disciplinas. Dice la propia revista <strong>ForbesW<\/strong> (Forbes Woman) que <em>\u201csus nombres son sin\u00f3nimo de liderazgo, innovaci\u00f3n, futuro y reivindicaci\u00f3n\u201d<\/em>. Remarca <strong>ForbesW<\/strong> que <em>\u201cesta lista incluye perfiles de diferentes sectores, con el objetivo de que esta selecci\u00f3n sirva de fotograf\u00eda general del panorama empresarial, cultural, art\u00edstico o deportivo, entre otras ramas profesionales, vinculado a Espa\u00f1a, sea lo m\u00e1s fiel posible a la totalidad de mujeres influyentes en el pa\u00eds\u201d. <\/em>Y entre las 100 influyentes del a\u00f1o est\u00e1 \u201cuna de las nuestras\u201d, nuestra paisana <strong>Sandra Garc\u00eda-Sanju\u00e1n Machado, <\/strong>hija de nuestro recordado amigo <strong>Pedro Garc\u00eda-Sanju\u00e1n<\/strong> (Q.e.p.d.) y su esposa, la encantadora <strong>Carmencita Machado.<\/strong><\/li>\n<\/ul>\n<p><img loading=\"lazy\" decoding=\"async\" class=\"size-full wp-image-5096 aligncenter\" src=\"https:\/\/canariasenpositivo.com\/wp-content\/uploads\/2022\/11\/14.-PEDRO-GARCIA-SANJUAN-Y-SANDRA.jpg\" alt=\"\" width=\"1023\" height=\"1023\" \/><\/p>\n<p style=\"text-align: center\"><em>Sandra Garc\u00eda-Sanjuan Machado, junto a su pedro Garc\u00eda-Sanju\u00e1n (Q.e.p.d.)<\/em><\/p>\n<p>&nbsp;<\/p>\n<p><span style=\"color: #0000ff\"><strong>SANDRA <\/strong><strong>GARC\u00cdA-SANJU\u00c1N, ENTRE LAS <\/strong><strong>INFLUYENTES<\/strong><\/span><\/p>\n<ul>\n<li>Junto a nuestra querida <strong>Sandra Garc\u00eda-Sanju\u00e1n<\/strong>, empresaria de \u00e9xito, fundadora y presidenta ejecutiva de los festivales Starlite, en la lista aparecen, entre otras, <strong>Alicia Koplowitz<\/strong> y <strong>Marta Ortega<\/strong> (empresarias), <strong>Ana Peleteiro<\/strong> y <strong>Paula Badosa<\/strong> (deportistas), <strong>Ana Patricia Bot\u00edn<\/strong> (banquera), <strong>Angels Barcel\u00f3, Pepa Bueno, Ana Rosa Quintana<\/strong> y <strong>Julia Otero<\/strong> (periodistas) <strong>Carmen Ruscalleda<\/strong> (cocinera) <strong>Carmen Cervera<\/strong> (coleccionista), <strong>Rosal\u00eda <\/strong>y <strong>Chanel<\/strong> (cantantes), <strong>Nuria Roca<\/strong> y <strong>Cristina Pedroche <\/strong>(presentadoras), <strong>Isabel D\u00edaz-Ayuso<\/strong> (presidenta de comunidad) <strong>Margarita Robles<\/strong> y <strong>Nadia Calvi\u00f1o<\/strong> (ministras) <strong>Letizia Ortiz<\/strong> (reina consorte) y <strong>Meritxel Batet<\/strong> (presidenta del Congreso). Respecto de nuestra paisana <strong>Sandra Garc\u00eda-Sanju\u00e1n Machado<\/strong> la revista afirma textualmente: \u201c<em>Es la mente maestra del Festival Starlite, que este a\u00f1o cumpli\u00f3 11 de existencia, una referencia por el n\u00famero de actuaciones con personalidades nacionales y extranjeras, as\u00ed como su duraci\u00f3n, a lo largo de dos meses. Adem\u00e1s, es el \u00fanico evento con el sello Marca Espa\u00f1a\u201d. Hay que felicitar<\/em> a <strong>Sandra Garc\u00eda-Sanjuan<\/strong> y a seguir triunfando, sin olvidar a Tenerife.<\/li>\n<\/ul>\n<p><img loading=\"lazy\" decoding=\"async\" class=\"size-large wp-image-5097 aligncenter\" src=\"https:\/\/canariasenpositivo.com\/wp-content\/uploads\/2022\/11\/15.-SANDRA-FORBES-1024x1024.jpg\" alt=\"\" width=\"660\" height=\"660\" \/><\/p>\n<p style=\"text-align: center\"><em>Sandra Garc\u00eda-Sanju\u00e1n (de blanco en el centro) en la gala de la revista ForbesW para presentar a \u201cLas 100 Mujeres M\u00e1s Influyentes de Espa\u00f1a\u201d<\/em><\/p>\n<p><em>\u00a0<\/em><\/p>\n<p><em>\u00a0<\/em><\/p>\n<p><span style=\"color: #0000ff\"><strong>* Jos\u00e9 Carlos MARRERO GONZ\u00c1LEZ<\/strong><\/span><\/p>\n<p>Periodista y analista de la actualidad.<\/p>\n<p>Director de <strong><em>El Cotarro<\/em><\/strong> (www.elcotarro.com)<\/p>\n<p>Director de <strong><em>Canarias en Positivo<\/em><\/strong> (www.canariasenpositivo.com)<\/p>\n<p>Director de <strong><em>GastroCanarias<\/em><\/strong> (www.gastrocanarias.com)<\/p>\n<p>&nbsp;<\/p>\n<p>Islas Canarias, 6 de noviembre de 2022<\/p>\n<p>&nbsp;<\/p>\n<p><img loading=\"lazy\" decoding=\"async\" class=\"size-full wp-image-4451 aligncenter\" src=\"https:\/\/canariasenpositivo.com\/wp-content\/uploads\/2022\/06\/14.-CARECA-INSULA.jpg\" alt=\"\" width=\"750\" height=\"153\" \/><\/p>\n<p>&nbsp;<\/p>\n","protected":false},"excerpt":{"rendered":"<p>\u2018EL COTARRO\u2019 DIGITAL 426 DEL 6 DE NOVIEMBRE DE 2022 &nbsp; &nbsp; Por Jos\u00e9 Carlos Marrero *\u00a0 &nbsp; &nbsp; CENTROS SOCIO-SANITARIOS DE FORMA URGENTE No puedo comenzar El Cotarro sin dar las gracias a ustedes por la aceptaci\u00f3n y enorme repercusi\u00f3n de la pasada edici\u00f3n. Las inmerecidas felicitaciones, junto con la gran cantidad de mensajes &#8230; <a class=\"read-more\" href=\"https:\/\/elcotarro.com\/?p=10454\">Read more<\/a><\/p>\n","protected":false},"author":2,"featured_media":0,"comment_status":"open","ping_status":"open","sticky":false,"template":"","format":"standard","meta":{"_jetpack_memberships_contains_paid_content":false,"footnotes":""},"categories":[4],"tags":[],"class_list":["post-10454","post","type-post","status-publish","format-standard","hentry","category-el-cotarro"],"yoast_head":"<!-- This site is optimized with the Yoast SEO plugin v27.0 - https:\/\/yoast.com\/product\/yoast-seo-wordpress\/ -->\n<title>EL COTARRO \/ 426, DEL DOMINGO, 06\/11\/2022 - El Cotarro<\/title>\n<meta name=\"robots\" content=\"index, follow, max-snippet:-1, max-image-preview:large, max-video-preview:-1\" \/>\n<link rel=\"canonical\" href=\"https:\/\/elcotarro.com\/?p=10454\" \/>\n<meta property=\"og:locale\" content=\"es_ES\" \/>\n<meta property=\"og:type\" content=\"article\" \/>\n<meta property=\"og:title\" content=\"EL COTARRO \/ 426, DEL DOMINGO, 06\/11\/2022 - El Cotarro\" \/>\n<meta property=\"og:description\" content=\"\u2018EL COTARRO\u2019 DIGITAL 426 DEL 6 DE NOVIEMBRE DE 2022 &nbsp; &nbsp; Por Jos\u00e9 Carlos Marrero *\u00a0 &nbsp; &nbsp; CENTROS SOCIO-SANITARIOS DE FORMA URGENTE No puedo comenzar El Cotarro sin dar las gracias a ustedes por la aceptaci\u00f3n y enorme repercusi\u00f3n de la pasada edici\u00f3n. Las inmerecidas felicitaciones, junto con la gran cantidad de mensajes ... Read more\" \/>\n<meta property=\"og:url\" content=\"https:\/\/elcotarro.com\/?p=10454\" \/>\n<meta property=\"og:site_name\" content=\"El Cotarro\" \/>\n<meta property=\"article:publisher\" content=\"https:\/\/www.facebook.com\/ElCotarro.Tenerife\" \/>\n<meta property=\"article:published_time\" content=\"2022-11-06T00:33:53+00:00\" \/>\n<meta property=\"og:image\" content=\"https:\/\/canariasenpositivo.com\/wp-content\/uploads\/2022\/11\/1.-CENTRO-SANTA-CRUZ.jpg\" \/>\n<meta name=\"author\" content=\"Jos\u00e9 Carlos Marrero Gonz\u00e1lez\" \/>\n<meta name=\"twitter:label1\" content=\"Escrito por\" \/>\n\t<meta name=\"twitter:data1\" content=\"Jos\u00e9 Carlos Marrero Gonz\u00e1lez\" \/>\n\t<meta name=\"twitter:label2\" content=\"Tiempo de lectura\" \/>\n\t<meta name=\"twitter:data2\" content=\"18 minutos\" \/>\n<script type=\"application\/ld+json\" class=\"yoast-schema-graph\">{\"@context\":\"https:\/\/schema.org\",\"@graph\":[{\"@type\":\"Article\",\"@id\":\"https:\/\/elcotarro.com\/?p=10454#article\",\"isPartOf\":{\"@id\":\"https:\/\/elcotarro.com\/?p=10454\"},\"author\":{\"name\":\"Jos\u00e9 Carlos Marrero Gonz\u00e1lez\",\"@id\":\"https:\/\/elcotarro.com\/#\/schema\/person\/af537ee7d60d15984c7e0affcd8a918b\"},\"headline\":\"EL COTARRO \/ 426, DEL DOMINGO, 06\/11\/2022\",\"datePublished\":\"2022-11-06T00:33:53+00:00\",\"mainEntityOfPage\":{\"@id\":\"https:\/\/elcotarro.com\/?p=10454\"},\"wordCount\":3429,\"commentCount\":0,\"publisher\":{\"@id\":\"https:\/\/elcotarro.com\/#organization\"},\"image\":{\"@id\":\"https:\/\/elcotarro.com\/?p=10454#primaryimage\"},\"thumbnailUrl\":\"https:\/\/canariasenpositivo.com\/wp-content\/uploads\/2022\/11\/1.-CENTRO-SANTA-CRUZ.jpg\",\"articleSection\":[\"El Cotarro\"],\"inLanguage\":\"es\",\"potentialAction\":[{\"@type\":\"CommentAction\",\"name\":\"Comment\",\"target\":[\"https:\/\/elcotarro.com\/?p=10454#respond\"]}]},{\"@type\":\"WebPage\",\"@id\":\"https:\/\/elcotarro.com\/?p=10454\",\"url\":\"https:\/\/elcotarro.com\/?p=10454\",\"name\":\"EL COTARRO \/ 426, DEL DOMINGO, 06\/11\/2022 - El Cotarro\",\"isPartOf\":{\"@id\":\"https:\/\/elcotarro.com\/#website\"},\"primaryImageOfPage\":{\"@id\":\"https:\/\/elcotarro.com\/?p=10454#primaryimage\"},\"image\":{\"@id\":\"https:\/\/elcotarro.com\/?p=10454#primaryimage\"},\"thumbnailUrl\":\"https:\/\/canariasenpositivo.com\/wp-content\/uploads\/2022\/11\/1.-CENTRO-SANTA-CRUZ.jpg\",\"datePublished\":\"2022-11-06T00:33:53+00:00\",\"breadcrumb\":{\"@id\":\"https:\/\/elcotarro.com\/?p=10454#breadcrumb\"},\"inLanguage\":\"es\",\"potentialAction\":[{\"@type\":\"ReadAction\",\"target\":[\"https:\/\/elcotarro.com\/?p=10454\"]}]},{\"@type\":\"ImageObject\",\"inLanguage\":\"es\",\"@id\":\"https:\/\/elcotarro.com\/?p=10454#primaryimage\",\"url\":\"https:\/\/canariasenpositivo.com\/wp-content\/uploads\/2022\/11\/1.-CENTRO-SANTA-CRUZ.jpg\",\"contentUrl\":\"https:\/\/canariasenpositivo.com\/wp-content\/uploads\/2022\/11\/1.-CENTRO-SANTA-CRUZ.jpg\"},{\"@type\":\"BreadcrumbList\",\"@id\":\"https:\/\/elcotarro.com\/?p=10454#breadcrumb\",\"itemListElement\":[{\"@type\":\"ListItem\",\"position\":1,\"name\":\"Portada\",\"item\":\"https:\/\/elcotarro.com\/\"},{\"@type\":\"ListItem\",\"position\":2,\"name\":\"EL COTARRO \/ 426, DEL DOMINGO, 06\/11\/2022\"}]},{\"@type\":\"WebSite\",\"@id\":\"https:\/\/elcotarro.com\/#website\",\"url\":\"https:\/\/elcotarro.com\/\",\"name\":\"El Cotarro\",\"description\":\"Peri\u00f3dico Digital Independiente dirigido por Jos\u00e9 Carlos Marrero\",\"publisher\":{\"@id\":\"https:\/\/elcotarro.com\/#organization\"},\"potentialAction\":[{\"@type\":\"SearchAction\",\"target\":{\"@type\":\"EntryPoint\",\"urlTemplate\":\"https:\/\/elcotarro.com\/?s={search_term_string}\"},\"query-input\":{\"@type\":\"PropertyValueSpecification\",\"valueRequired\":true,\"valueName\":\"search_term_string\"}}],\"inLanguage\":\"es\"},{\"@type\":\"Organization\",\"@id\":\"https:\/\/elcotarro.com\/#organization\",\"name\":\"El Cotarro\",\"url\":\"https:\/\/elcotarro.com\/\",\"logo\":{\"@type\":\"ImageObject\",\"inLanguage\":\"es\",\"@id\":\"https:\/\/elcotarro.com\/#\/schema\/logo\/image\/\",\"url\":\"https:\/\/elcotarro.com\/wp-content\/uploads\/2014\/09\/Cabecera_El_Cotarro_v2.jpg\",\"contentUrl\":\"https:\/\/elcotarro.com\/wp-content\/uploads\/2014\/09\/Cabecera_El_Cotarro_v2.jpg\",\"width\":3540,\"height\":441,\"caption\":\"El Cotarro\"},\"image\":{\"@id\":\"https:\/\/elcotarro.com\/#\/schema\/logo\/image\/\"},\"sameAs\":[\"https:\/\/www.facebook.com\/ElCotarro.Tenerife\"]},{\"@type\":\"Person\",\"@id\":\"https:\/\/elcotarro.com\/#\/schema\/person\/af537ee7d60d15984c7e0affcd8a918b\",\"name\":\"Jos\u00e9 Carlos Marrero Gonz\u00e1lez\",\"image\":{\"@type\":\"ImageObject\",\"inLanguage\":\"es\",\"@id\":\"https:\/\/elcotarro.com\/#\/schema\/person\/image\/\",\"url\":\"https:\/\/secure.gravatar.com\/avatar\/def4da036efb5d32c74d49c351f6dccc064dd69ad9f3aadc295c5a9a5391ca01?s=96&d=mm&r=g\",\"contentUrl\":\"https:\/\/secure.gravatar.com\/avatar\/def4da036efb5d32c74d49c351f6dccc064dd69ad9f3aadc295c5a9a5391ca01?s=96&d=mm&r=g\",\"caption\":\"Jos\u00e9 Carlos Marrero Gonz\u00e1lez\"},\"sameAs\":[\"https:\/\/elcotarro.com\"],\"url\":\"https:\/\/elcotarro.com\/?author=2\"}]}<\/script>\n<!-- \/ Yoast SEO plugin. -->","yoast_head_json":{"title":"EL COTARRO \/ 426, DEL DOMINGO, 06\/11\/2022 - El Cotarro","robots":{"index":"index","follow":"follow","max-snippet":"max-snippet:-1","max-image-preview":"max-image-preview:large","max-video-preview":"max-video-preview:-1"},"canonical":"https:\/\/elcotarro.com\/?p=10454","og_locale":"es_ES","og_type":"article","og_title":"EL COTARRO \/ 426, DEL DOMINGO, 06\/11\/2022 - El Cotarro","og_description":"\u2018EL COTARRO\u2019 DIGITAL 426 DEL 6 DE NOVIEMBRE DE 2022 &nbsp; &nbsp; Por Jos\u00e9 Carlos Marrero *\u00a0 &nbsp; &nbsp; CENTROS SOCIO-SANITARIOS DE FORMA URGENTE No puedo comenzar El Cotarro sin dar las gracias a ustedes por la aceptaci\u00f3n y enorme repercusi\u00f3n de la pasada edici\u00f3n. Las inmerecidas felicitaciones, junto con la gran cantidad de mensajes ... Read more","og_url":"https:\/\/elcotarro.com\/?p=10454","og_site_name":"El Cotarro","article_publisher":"https:\/\/www.facebook.com\/ElCotarro.Tenerife","article_published_time":"2022-11-06T00:33:53+00:00","og_image":[{"url":"https:\/\/canariasenpositivo.com\/wp-content\/uploads\/2022\/11\/1.-CENTRO-SANTA-CRUZ.jpg","type":"","width":"","height":""}],"author":"Jos\u00e9 Carlos Marrero Gonz\u00e1lez","twitter_misc":{"Escrito por":"Jos\u00e9 Carlos Marrero Gonz\u00e1lez","Tiempo de lectura":"18 minutos"},"schema":{"@context":"https:\/\/schema.org","@graph":[{"@type":"Article","@id":"https:\/\/elcotarro.com\/?p=10454#article","isPartOf":{"@id":"https:\/\/elcotarro.com\/?p=10454"},"author":{"name":"Jos\u00e9 Carlos Marrero Gonz\u00e1lez","@id":"https:\/\/elcotarro.com\/#\/schema\/person\/af537ee7d60d15984c7e0affcd8a918b"},"headline":"EL COTARRO \/ 426, DEL DOMINGO, 06\/11\/2022","datePublished":"2022-11-06T00:33:53+00:00","mainEntityOfPage":{"@id":"https:\/\/elcotarro.com\/?p=10454"},"wordCount":3429,"commentCount":0,"publisher":{"@id":"https:\/\/elcotarro.com\/#organization"},"image":{"@id":"https:\/\/elcotarro.com\/?p=10454#primaryimage"},"thumbnailUrl":"https:\/\/canariasenpositivo.com\/wp-content\/uploads\/2022\/11\/1.-CENTRO-SANTA-CRUZ.jpg","articleSection":["El Cotarro"],"inLanguage":"es","potentialAction":[{"@type":"CommentAction","name":"Comment","target":["https:\/\/elcotarro.com\/?p=10454#respond"]}]},{"@type":"WebPage","@id":"https:\/\/elcotarro.com\/?p=10454","url":"https:\/\/elcotarro.com\/?p=10454","name":"EL COTARRO \/ 426, DEL DOMINGO, 06\/11\/2022 - El Cotarro","isPartOf":{"@id":"https:\/\/elcotarro.com\/#website"},"primaryImageOfPage":{"@id":"https:\/\/elcotarro.com\/?p=10454#primaryimage"},"image":{"@id":"https:\/\/elcotarro.com\/?p=10454#primaryimage"},"thumbnailUrl":"https:\/\/canariasenpositivo.com\/wp-content\/uploads\/2022\/11\/1.-CENTRO-SANTA-CRUZ.jpg","datePublished":"2022-11-06T00:33:53+00:00","breadcrumb":{"@id":"https:\/\/elcotarro.com\/?p=10454#breadcrumb"},"inLanguage":"es","potentialAction":[{"@type":"ReadAction","target":["https:\/\/elcotarro.com\/?p=10454"]}]},{"@type":"ImageObject","inLanguage":"es","@id":"https:\/\/elcotarro.com\/?p=10454#primaryimage","url":"https:\/\/canariasenpositivo.com\/wp-content\/uploads\/2022\/11\/1.-CENTRO-SANTA-CRUZ.jpg","contentUrl":"https:\/\/canariasenpositivo.com\/wp-content\/uploads\/2022\/11\/1.-CENTRO-SANTA-CRUZ.jpg"},{"@type":"BreadcrumbList","@id":"https:\/\/elcotarro.com\/?p=10454#breadcrumb","itemListElement":[{"@type":"ListItem","position":1,"name":"Portada","item":"https:\/\/elcotarro.com\/"},{"@type":"ListItem","position":2,"name":"EL COTARRO \/ 426, DEL DOMINGO, 06\/11\/2022"}]},{"@type":"WebSite","@id":"https:\/\/elcotarro.com\/#website","url":"https:\/\/elcotarro.com\/","name":"El Cotarro","description":"Peri\u00f3dico Digital Independiente dirigido por Jos\u00e9 Carlos Marrero","publisher":{"@id":"https:\/\/elcotarro.com\/#organization"},"potentialAction":[{"@type":"SearchAction","target":{"@type":"EntryPoint","urlTemplate":"https:\/\/elcotarro.com\/?s={search_term_string}"},"query-input":{"@type":"PropertyValueSpecification","valueRequired":true,"valueName":"search_term_string"}}],"inLanguage":"es"},{"@type":"Organization","@id":"https:\/\/elcotarro.com\/#organization","name":"El Cotarro","url":"https:\/\/elcotarro.com\/","logo":{"@type":"ImageObject","inLanguage":"es","@id":"https:\/\/elcotarro.com\/#\/schema\/logo\/image\/","url":"https:\/\/elcotarro.com\/wp-content\/uploads\/2014\/09\/Cabecera_El_Cotarro_v2.jpg","contentUrl":"https:\/\/elcotarro.com\/wp-content\/uploads\/2014\/09\/Cabecera_El_Cotarro_v2.jpg","width":3540,"height":441,"caption":"El Cotarro"},"image":{"@id":"https:\/\/elcotarro.com\/#\/schema\/logo\/image\/"},"sameAs":["https:\/\/www.facebook.com\/ElCotarro.Tenerife"]},{"@type":"Person","@id":"https:\/\/elcotarro.com\/#\/schema\/person\/af537ee7d60d15984c7e0affcd8a918b","name":"Jos\u00e9 Carlos Marrero Gonz\u00e1lez","image":{"@type":"ImageObject","inLanguage":"es","@id":"https:\/\/elcotarro.com\/#\/schema\/person\/image\/","url":"https:\/\/secure.gravatar.com\/avatar\/def4da036efb5d32c74d49c351f6dccc064dd69ad9f3aadc295c5a9a5391ca01?s=96&d=mm&r=g","contentUrl":"https:\/\/secure.gravatar.com\/avatar\/def4da036efb5d32c74d49c351f6dccc064dd69ad9f3aadc295c5a9a5391ca01?s=96&d=mm&r=g","caption":"Jos\u00e9 Carlos Marrero Gonz\u00e1lez"},"sameAs":["https:\/\/elcotarro.com"],"url":"https:\/\/elcotarro.com\/?author=2"}]}},"jetpack_featured_media_url":"","jetpack_sharing_enabled":true,"_links":{"self":[{"href":"https:\/\/elcotarro.com\/index.php?rest_route=\/wp\/v2\/posts\/10454","targetHints":{"allow":["GET"]}}],"collection":[{"href":"https:\/\/elcotarro.com\/index.php?rest_route=\/wp\/v2\/posts"}],"about":[{"href":"https:\/\/elcotarro.com\/index.php?rest_route=\/wp\/v2\/types\/post"}],"author":[{"embeddable":true,"href":"https:\/\/elcotarro.com\/index.php?rest_route=\/wp\/v2\/users\/2"}],"replies":[{"embeddable":true,"href":"https:\/\/elcotarro.com\/index.php?rest_route=%2Fwp%2Fv2%2Fcomments&post=10454"}],"version-history":[{"count":1,"href":"https:\/\/elcotarro.com\/index.php?rest_route=\/wp\/v2\/posts\/10454\/revisions"}],"predecessor-version":[{"id":10455,"href":"https:\/\/elcotarro.com\/index.php?rest_route=\/wp\/v2\/posts\/10454\/revisions\/10455"}],"wp:attachment":[{"href":"https:\/\/elcotarro.com\/index.php?rest_route=%2Fwp%2Fv2%2Fmedia&parent=10454"}],"wp:term":[{"taxonomy":"category","embeddable":true,"href":"https:\/\/elcotarro.com\/index.php?rest_route=%2Fwp%2Fv2%2Fcategories&post=10454"},{"taxonomy":"post_tag","embeddable":true,"href":"https:\/\/elcotarro.com\/index.php?rest_route=%2Fwp%2Fv2%2Ftags&post=10454"}],"curies":[{"name":"wp","href":"https:\/\/api.w.org\/{rel}","templated":true}]}}