{"id":10477,"date":"2022-12-18T10:06:26","date_gmt":"2022-12-18T10:06:26","guid":{"rendered":"https:\/\/elcotarro.com\/?p=10477"},"modified":"2022-12-18T10:06:26","modified_gmt":"2022-12-18T10:06:26","slug":"el-cotarro-432-del-domingo-18-12-2022","status":"publish","type":"post","link":"https:\/\/elcotarro.com\/?p=10477","title":{"rendered":"EL COTARRO \/ 432, DEL DOMINGO, 18\/12\/2022"},"content":{"rendered":"<blockquote><p><span style=\"color: #ff0000\"><em><strong>\u2018EL COTARRO\u2019 DIGITAL 432 DEL 18 DE DICIEMBRE DE 2022<\/strong><\/em><\/span><\/p><\/blockquote>\n<p>&nbsp;<\/p>\n<p>&nbsp;<\/p>\n<p><span style=\"color: #0000ff\"><em>Por <strong>Jos\u00e9 Carlos Marero *<\/strong><\/em><\/span><\/p>\n<p>&nbsp;<\/p>\n<p>&nbsp;<\/p>\n<p><span style=\"color: #0000ff\"><strong>ME QUEDO CON EL OPTIMISMO DEL \u2018LORO PARQUE\u2019<\/strong><\/span><\/p>\n<ul>\n<li>Comienzo <strong><em>El Cotarro<\/em><\/strong> de este domingo reiterando mi preocupaci\u00f3n por lo que estamos viviendo a nivel nacional, con el triste choque entre los poderes fundamentales de nuestra democracia y de nuestro Estado, como son el Legislativo y el Ejecutivo, con una peligrosa y lamentable \u201calta tensi\u00f3n\u201d en el Congresos de los Diputados entre Gobierno y Oposici\u00f3n. Pero, con el permiso de ustedes, este domingo me parece justo y necesario que apostemos por el optimismo de una empresa tinerfe\u00f1a y canaria que acaba de cumplir 50 a\u00f1os de duro trabajo y merecid\u00edsimos \u00e9xitos. Me refiero a nuestro emblem\u00e1tico Loro Parque, la \u201cjoya de la corona\u201d de la compa\u00f1\u00eda que lidera <strong>Wolfgang Kiessling<\/strong>, junto con su esposa <strong>Brigitte<\/strong> y la continuidad ya garantizada con su hijo <strong>Christopher Kiessling<\/strong> y si nieta <strong>Cybell Kiessling<\/strong>. Les animo a compartir una edici\u00f3n de <strong><em>El Cotarro<\/em><\/strong> que este domingo es (y debe ser) homenaje y agradecimiento de toda la ciudadan\u00eda de Tenerife y Canarias a un proyecto empresarial que genera miles de puestos de trabajo y riqueza para las islas.<\/li>\n<\/ul>\n<p><img loading=\"lazy\" decoding=\"async\" class=\"size-full wp-image-5299 aligncenter\" src=\"https:\/\/canariasenpositivo.com\/wp-content\/uploads\/2022\/12\/1.-TARTA-50-ANIVERSARIO.jpg\" alt=\"\" width=\"540\" height=\"671\" \/><\/p>\n<p style=\"text-align: center\"><em>Tarta de cumplea\u00f1os pata celebrar el 50 aniversario del Loro Parque<\/em><\/p>\n<p>&nbsp;<\/p>\n<p><span style=\"color: #0000ff\"><strong>50 A\u00d1OS PARA UN RECONOCIMIENTO UN\u00c1NIME<\/strong><\/span><\/p>\n<ul>\n<li>Comienzo con una sincera felicitaci\u00f3n a <strong>Wolfgang Kiessling<\/strong>, a su esposa <strong>Brigitte<\/strong>, a su hijo <strong>Christoph<\/strong>, a su nieta <strong>Cybell<\/strong> y a todos los profesionales que conforman la gran familia de Loro Parque, que precisamente ayer mismo, 17 de diciembre de 2023, cumplieron 50 a\u00f1os de feliz vida y fruct\u00edfera trayectoria profesional. El calificado por muchos como \u201cel mejor zool\u00f3gico del mundo\u201d, el reconocido popularmente como \u201cel <em>\u2018must\u2019<\/em> de Tenerife\u201d, se visti\u00f3 de gala para celebrar por todo lo alto su medio sigo de vida. Con todo el derecho del mundo, <strong>Wolfgang Kiessling<\/strong> y <strong>Brigitte<\/strong> estaban exultantes de alegr\u00eda, con todo merecimiento <strong>Christoph Kiessling<\/strong> estaba orgulloso de su padre y <strong>Cybell Kiessling<\/strong> la nieta m\u00e1s feliz. Adem\u00e1s, se notaba por todos sitios (pocas veces lo hab\u00eda notado como ayer) el \u201ctodo Tenerife\u201d sent\u00eda y reconoc\u00eda la compa\u00f1\u00eda Loro Parque como algo suyo y como algo muy grande que Tenerife tiene y que merece todo el cari\u00f1o y apoyo.<\/li>\n<\/ul>\n<p><img loading=\"lazy\" decoding=\"async\" class=\"size-large wp-image-5300 aligncenter\" src=\"https:\/\/canariasenpositivo.com\/wp-content\/uploads\/2022\/12\/2.-WOLFGANG-KIESSLING-1024x369.jpeg\" alt=\"\" width=\"660\" height=\"238\" \/><\/p>\n<p style=\"text-align: center\"><em>Wolfgang Kiessling delante de sus casi 1.700 invitados (Foto: Mois\u00e9s P\u00e9rez)<\/em><\/p>\n<p>&nbsp;<\/p>\n<p><span style=\"color: #0000ff\"><strong>EL \u201cTODO TENERIFE\u201d ARROP\u00d3 A LOS KIESSLING<\/strong><\/span><\/p>\n<ul>\n<li>No podr\u00eda ser de otra manera y as\u00ed fue. Ayer, una amplia representaci\u00f3n de la sociedad tinerfe\u00f1a y canaria (m\u00e1s de 1.700 invitados) arroparon a <strong>Wolfgang Kiessling<\/strong> y toda su familia. Han hecho falta 50 a\u00f1os para que el reconocimiento a la Familia<strong> Kiessling<\/strong> fuera un\u00e1nime y contundente, por encima de siglas de partidos pol\u00edticos. Comenzando por socialista <strong>\u00c1ngel V\u00edctor Torres<\/strong> (presidente del Gobierno Canario) y el tambi\u00e9n socialista <strong>Gustavo Matos<\/strong> (presidente del Parlamento de Canarias), pudimos ver, entre otras muchas personalidades a <strong>Manuel Dom\u00ednguez<\/strong> (presidente del Partido Popular en Canarias) y de nuevo a la diputada <strong>Ana Mar\u00eda Oramas<\/strong> (cabeza de lista de Coalici\u00f3n Canaria al Parlamento canario por Tenerife), <strong>Enrique Arriaga<\/strong> (vicepresidente del Cabildo tinerfe\u00f1o) <strong>Lope Afonso<\/strong> (candidato del PP a la presidencia del Cabildo de Tenerife), <strong>Rosa D\u00e1vila<\/strong> (candidata al mismo puesto pero por CC) y por supuesto a <strong>Marco Gonz\u00e1lez<\/strong> (alcalde de Puerto de la Cruz), adem\u00e1s de l\u00edderes empresariales y representantes de todos los sectores.<\/li>\n<\/ul>\n<p><img loading=\"lazy\" decoding=\"async\" class=\"size-large wp-image-5301 aligncenter\" src=\"https:\/\/canariasenpositivo.com\/wp-content\/uploads\/2022\/12\/3.-TRIBUNA-DE-AUTORIDADES-1024x683.jpeg\" alt=\"\" width=\"660\" height=\"440\" \/><\/p>\n<p style=\"text-align: center\"><em>Principales autoridades en la grada central del \u2018Orca Ocean\u2019. En el centro Wolfgang Kiessling junto al presidente \u00c1ngel V\u00edctor Torres (Foto: Mois\u00e9s P\u00e9rez)<\/em><\/p>\n<p>&nbsp;<\/p>\n<p><span style=\"color: #0000ff\"><strong>ACTUALIZ\u00c1NDOSE Y REINVENT\u00c1NDOSE CADA A\u00d1O<\/strong><\/span><\/p>\n<ul>\n<li>Aguantar 50 a\u00f1os tan joven como el primer d\u00eda no es nada f\u00e1cil. Los profesionales de Loro Parque, con Wolfgang Kiessling al frente, no paran de actualizarse y reinventarse permanentemente. Cada a\u00f1o, en estos 50 que han pasado desde su inauguraci\u00f3n y apertura de puertas, un lluvioso d\u00eda 17 de diciembre de 1972, Loro Parque ha presentado una nueva iniciativa y atracci\u00f3n cada a\u00f1o. Hist\u00f3rica fue la llegada de los leones marinos, los delfines, los ping\u00fcinos\u2026 Recuerdo la llegada de las orcas, con la querida <strong>Morgan<\/strong> al frente, el impresionante aquarium, los pandas rojos, el Jard\u00edn Zen y, hace tan solo dos d\u00edas, la gruta de los murci\u00e9lagos fruteros y un espectacular espacio dedicado a las aves de Ocean\u00eda. Como viene siendo habitual y en presencia de Marco Gonz\u00e1lez, alcalde del Puerto de la Cruz, <strong>Wolfgang Kiessling<\/strong> y <strong>Brigitte <\/strong>ofrecieron a <strong>Bernardo \u00c1lvarez<\/strong>, nuestro Obispo Nivariense, la bendici\u00f3n de las nuevas atracciones, as\u00ed como el descubrimiento de dos bustos de los creadores y fundadores de Loro Parque, <strong>Wolfgang<\/strong> y <strong>Brigitte<\/strong>.<\/li>\n<\/ul>\n<p><img loading=\"lazy\" decoding=\"async\" class=\"size-large wp-image-5302 aligncenter\" src=\"https:\/\/canariasenpositivo.com\/wp-content\/uploads\/2022\/12\/4.-OBISPO-WOLFGANG-Y-BRIGITTE-1024x682.jpeg\" alt=\"\" width=\"660\" height=\"440\" \/><\/p>\n<p style=\"text-align: center\"><em>Bernardo \u00c1lvarez, Wolfgang Kiessling y Brigitte, junto a los bustos que les recordar\u00e1n como creadores y fundadores de Loro Parque (Foto: Mois\u00e9s P\u00e9rez)<\/em><\/p>\n<p>&nbsp;<\/p>\n<p><span style=\"color: #0000ff\"><strong>S\u00d3LIDA COMPA\u00d1\u00cdA CON M\u00c1S DE 2.000 EMPLEOS<\/strong><\/span><\/p>\n<ul>\n<li>La segunda atracci\u00f3n m\u00e1s visitada de Tenerife desde hace a\u00f1os (la primera es el \u201cpadre\u201d Teide) encierra muchos datos a cu\u00e1l m\u00e1s relevante. La compa\u00f1\u00eda que incluye el propio Loro Parque, el Hotel Bot\u00e1nico &amp; The Oriental Spa Garden y el restaurante Brunelli\u2019s, en Puerto de la Cruz, as\u00ed como el Siam Park en Arona y el aquarium Poema del Mar, en Las Palmas genera alrededor de 3.000 puestos de trabajos directos y otros 9.000 empleos indirectos. Adem\u00e1s, <strong>Wolfgang Kiessling<\/strong> ha apostado decididamente por la sostenibilidad y actualmente, gracias a plantas fotovoltaicas propias y aerogeneradores de \u00faltima generaci\u00f3n, casi se puede afirmar que la compa\u00f1\u00eda es autosuficiente en lo que a energ\u00eda el\u00e9ctrica se refiere. De igual modo, es de destacar que la gran familia de Loro Parque, compuesta por alrededor de 40.000 animales consumen cada d\u00eda casi dos toneladas de alimentos y que la empresa tiene un stock en sus almacenes para garantizar la alimentaci\u00f3n durante tres meses. Una realidad que el presidente canario, <strong>\u00c1ngel V\u00edctor Torres<\/strong>, puso como ejemplo durante la pandemia al mism\u00edsimo <strong>Pedro S\u00e1nchez.<\/strong><\/li>\n<\/ul>\n<p><img loading=\"lazy\" decoding=\"async\" class=\"size-full wp-image-5303 aligncenter\" src=\"https:\/\/canariasenpositivo.com\/wp-content\/uploads\/2022\/12\/5.-WOLFGANG-Y-ANGEL-VICTOR.jpg\" alt=\"\" width=\"348\" height=\"228\" \/><\/p>\n<p style=\"text-align: center\"><em>Wolfgang Kiessling (i) con el presidente canario, \u00c1ngel V\u00edctor Torres<\/em><\/p>\n<p>&nbsp;<\/p>\n<p><span style=\"color: #0000ff\"><strong>BRAD F. ANDREWS, RECIBI\u00d3 EL \u2018PREMIO GORILA\u2019<\/strong><\/span><\/p>\n<ul>\n<li>El programa de actos conmemorativo del 50 aniversario de Loro Parque, se vio enriquecido con la entrega del prestigioso \u2018Premio Gorila\u201d que, en esta ocasi\u00f3n, fue entregado por <strong>Wolfgang Kiessling<\/strong> al bi\u00f3logo <strong>Brad F. Andrews<\/strong>, figura reconocida internacionalmente en el campo zool\u00f3gico, director zool\u00f3gico em\u00e9rito de SeaWorld Parks and Entertainment, miembro honorario vitalicio de la Asociaci\u00f3n de Zoos y Aquariums (WAZA), expresidente de la Asociaci\u00f3n Internacional de Medicina de Animales Acu\u00e1ticos y\u00a0en la actualidad director Global del Programa de Conservaci\u00f3n de American Humane. El galard\u00f3n \u2018Premio Gorila\u2019 reconoce a personalidades y organismos comprometidos con labores cient\u00edficas, de investigaci\u00f3n, responsabilidad ambiental, uso sostenible de recursos y protecci\u00f3n de la biodiversidad. Asimismo, es una expresi\u00f3n m\u00e1s del compromiso de Loro Parque y la Familia <strong>Kiessling<\/strong> con la conservaci\u00f3n del medioambiente.<\/li>\n<\/ul>\n<p><img loading=\"lazy\" decoding=\"async\" class=\"size-large wp-image-5304 aligncenter\" src=\"https:\/\/canariasenpositivo.com\/wp-content\/uploads\/2022\/12\/6.-ENTREGA-PREMIO-GORILA-1024x683.jpeg\" alt=\"\" width=\"660\" height=\"440\" \/><\/p>\n<p style=\"text-align: center\"><em>De izquierda a derecha: la estatua que representa el \u2018Premio Gorila\u2019, Wolfgang Kiessling, <\/em><em>Brad F. Andrews, Christoph Kiessling, Marco Gonz\u00e1lez y Gustavo Matos (Foto: Mois\u00e9s P\u00e9rez)<\/em><\/p>\n<p>&nbsp;<\/p>\n<p><span style=\"color: #0000ff\"><strong>HOTEL BOT\u00c1NICO, PREMIO \u2018TALENT SENIOR\u2019 2022<\/strong><\/span><\/p>\n<ul>\n<li>Una de las joyas de la compa\u00f1\u00eda Loro Parque es, sin duda, el emblem\u00e1tico Hotel Bot\u00e1nico &amp; The Oriental Spa Garden, en Puerto de la Cruz, que, hace unos d\u00edas ha sido el ganador de la primera edici\u00f3n del \u2018Premio Ashotel a la gesti\u00f3n del talento s\u00e9nior 50+\u2019, una convocatoria puesta en marcha este a\u00f1o por la patronal hotelera junto a la consultora especializada Talent Senior y que se present\u00f3 el pasado octubre en el marco del VI Encuentro por el Empleo Tur\u00edstico. El fallo del jurado, presidido por\u00a0<strong>Montse Pichot<\/strong>, directora de Talent Senior, se dio a conocer ayer en el transcurso del V Reconocimiento Ashotel a las personas trabajadoras del sector hotelero. El gerente de Ashotel,\u00a0<strong>Juan Pablo Gonz\u00e1lez<\/strong>, explic\u00f3 en su introducci\u00f3n que el objetivo de este premio es \u201cponer en valor las pr\u00e1cticas de aquellas empresas alojativas asociadas a Ashotel en favor de la diversidad generacional\u201d, una iniciativa que se inserta en la pol\u00edtica de responsabilidad corporativa de la organizaci\u00f3n y cuya primera edici\u00f3n recibi\u00f3 cuatro propuestas de establecimientos asociados.<\/li>\n<\/ul>\n<p><img loading=\"lazy\" decoding=\"async\" class=\"size-large wp-image-5305 aligncenter\" src=\"https:\/\/canariasenpositivo.com\/wp-content\/uploads\/2022\/12\/7.-HOTEL-BOTANICO-1024x768.jpeg\" alt=\"\" width=\"660\" height=\"495\" \/><\/p>\n<p style=\"text-align: center\"><em>Fachada del Hotel Bot\u00e1nico con la iluminaci\u00f3n navide\u00f1a que luce estos d\u00edas.<\/em><\/p>\n<p>&nbsp;<\/p>\n<p><span style=\"color: #0000ff\"><strong>UN RECONOCIMIENTO DE LA MANO DE ASHOTEL<\/strong><\/span><\/p>\n<ul>\n<li>Durante la lectura del fallo, <strong>Montse Pichot<\/strong> manifest\u00f3 ser consciente de la dificultad que tiene hablar de la gesti\u00f3n del talento de los y las profesionales a partir de los 50 a\u00f1os. <em>\u201cEs todo un reto y un territorio todav\u00eda inexplorado en la mayor\u00eda de los departamentos de Recursos Humanos\u201d,<\/em> dijo la presidenta del jurado, quien expuso que <em>\u201cpara tomar nuestra decisi\u00f3n hemos tenido en cuenta las pol\u00edticas de\u00a0gesti\u00f3n, reconocimiento y valoraci\u00f3n de la diversidad; el porcentaje de profesionales contratado con m\u00e1s de 50 a\u00f1os y el volumen de personas s\u00e9nior en las plantillas; la inclusi\u00f3n en el marketing y la\u00a0silver economy\u00a0o las pol\u00edticas existentes en cuanto a planes de igualdad, entre otras cuestiones\u201d<\/em>. El premio fue entregado por el presidente de Ashotel,\u00a0<strong>Jorge Marichal<\/strong>, al director del hotel,\u00a0<strong>Gustavo Escobar<\/strong>,\u00a0quien explic\u00f3 que en la zona norte de Tenerife siempre ha habido perfiles de profesionales m\u00e1s s\u00e9nior que en la zona sur, <em>\u201cy eso lo hemos potenciado especialmente en el Bot\u00e1nico, en el que\u00a0el 30% de las nuevas contrataciones son personas de 50 a\u00f1os o m\u00e1s\u201d.<\/em><\/li>\n<\/ul>\n<p><img loading=\"lazy\" decoding=\"async\" class=\"size-large wp-image-5306 aligncenter\" src=\"https:\/\/canariasenpositivo.com\/wp-content\/uploads\/2022\/12\/8.-PREMIO-DE-ASHOTEL-1024x768.jpg\" alt=\"\" width=\"660\" height=\"495\" \/><\/p>\n<p style=\"text-align: center\"><em>De Izda. a Dcha.: Victoria L\u00f3pez (presidenta Grupo Fedola y vicepresidenta Ashotel &#8211; Zona Sur), David P\u00e9rez (consejero delegado de Turismo de Tenerife), Jorge Marichal (presidente Ashotel y CEHAT), Gustavo Escobar (director del Hotel Bot\u00e1nico &amp; The Oriental Spa Garden), Montse Pichot (directora de Talent Senior), Marco Gonz\u00e1lez Mesa (alcalde Puerto de la Cruz) y Enrique Talg (vicepresidente Ashotel &#8211; Zona Norte)<\/em><\/p>\n<p>&nbsp;<\/p>\n<p><strong><span style=\"color: #0000ff\">JOYA DE HOTEL MIMADA POR BRIGITTE KIESSLING<\/span> <\/strong><\/p>\n<ul>\n<li>El director <strong>Gustavo Escobar<\/strong> mostr\u00f3 su satisfacci\u00f3n y sorpresa por este reconocimiento y coment\u00f3 que, en estos tiempos de crisis, el haber apostado por ese talento s\u00e9nior en el establecimiento que dirige les otorga ahora estabilidad laboral. <em>\u201cY no solo estabilidad, sino tambi\u00e9n mantener la excelencia en el servicio; al fin y al cabo, el cliente percibe c\u00f3mo est\u00e1 el empleado, si sus condiciones son buenas, si est\u00e1n bien retribuidos, si nos preocupamos, en definitiva, por ellos\u201d<\/em>. Hay que rese\u00f1ar y destacar que el Hotel Bot\u00e1nico es, adem\u00e1s, uno de los pocos hoteles-pinacotecas de Espa\u00f1a, guardando celosamente en las paredes de todas sus plantas, salones y zonas comunes una important\u00edsima colecci\u00f3n de obras de artes, tanto de artistas canarios como nacionales y extranjeros. Y tambi\u00e9n hay que rese\u00f1ar y destacar que el d\u00eda a d\u00eda del Hotel Bot\u00e1nico lo vigila y mima directamente, con suma dedicaci\u00f3n y cuidado, <strong>Brigitte Kiessling<\/strong>, la esposa de <strong>Wolfgang Kiessling<\/strong>, quien est\u00e1 al tanto de los m\u00e1s m\u00ednimos detalles \u00a1Un gran \u00e9xito logrado por la uni\u00f3n de todos!<\/li>\n<\/ul>\n<p><img loading=\"lazy\" decoding=\"async\" class=\"size-large wp-image-5307 aligncenter\" src=\"https:\/\/canariasenpositivo.com\/wp-content\/uploads\/2022\/12\/9.-WOLFGANG-Y-BRIGITTE-1024x683.jpg\" alt=\"\" width=\"660\" height=\"440\" \/><\/p>\n<p style=\"text-align: center\"><em>Wolfgang y Brigitte Kiessling, \u201cpadres\u201d de la gran realidad que es \u2018Loro Parque\u2019<\/em><\/p>\n<p>&nbsp;<\/p>\n<p><span style=\"color: #0000ff\"><strong>* Jos\u00e9 Carlos MARRERO GONZ\u00c1LEZ<\/strong><\/span><\/p>\n<p>Periodista y analista de la actualidad.<\/p>\n<p>Director de <strong><em>El Cotarro<\/em><\/strong> (www.elcotarro.com)<\/p>\n<p>Director de <strong><em>Canarias en Positivo<\/em><\/strong> (www.canariasenpositivo.com)<\/p>\n<p>Director de <strong><em>GastroCanarias<\/em><\/strong> (www.gastrocanarias.com)<\/p>\n<p>&nbsp;<\/p>\n<p>Islas Canarias, 18 de diciembre de 2022<\/p>\n<p><img loading=\"lazy\" decoding=\"async\" class=\"size-full wp-image-4451 aligncenter\" src=\"https:\/\/canariasenpositivo.com\/wp-content\/uploads\/2022\/06\/14.-CARECA-INSULA.jpg\" alt=\"\" width=\"750\" height=\"153\" \/><\/p>\n<p>&nbsp;<\/p>\n","protected":false},"excerpt":{"rendered":"<p>\u2018EL COTARRO\u2019 DIGITAL 432 DEL 18 DE DICIEMBRE DE 2022 &nbsp; &nbsp; Por Jos\u00e9 Carlos Marero * &nbsp; &nbsp; ME QUEDO CON EL OPTIMISMO DEL \u2018LORO PARQUE\u2019 Comienzo El Cotarro de este domingo reiterando mi preocupaci\u00f3n por lo que estamos viviendo a nivel nacional, con el triste choque entre los poderes fundamentales de nuestra democracia &#8230; <a class=\"read-more\" href=\"https:\/\/elcotarro.com\/?p=10477\">Read more<\/a><\/p>\n","protected":false},"author":2,"featured_media":0,"comment_status":"open","ping_status":"open","sticky":false,"template":"","format":"standard","meta":{"_jetpack_memberships_contains_paid_content":false,"footnotes":""},"categories":[4],"tags":[],"class_list":["post-10477","post","type-post","status-publish","format-standard","hentry","category-el-cotarro"],"yoast_head":"<!-- This site is optimized with the Yoast SEO plugin v27.0 - https:\/\/yoast.com\/product\/yoast-seo-wordpress\/ -->\n<title>EL COTARRO \/ 432, DEL DOMINGO, 18\/12\/2022 - El Cotarro<\/title>\n<meta name=\"robots\" content=\"index, follow, max-snippet:-1, max-image-preview:large, max-video-preview:-1\" \/>\n<link rel=\"canonical\" href=\"https:\/\/elcotarro.com\/?p=10477\" \/>\n<meta property=\"og:locale\" content=\"es_ES\" \/>\n<meta property=\"og:type\" content=\"article\" \/>\n<meta property=\"og:title\" content=\"EL COTARRO \/ 432, DEL DOMINGO, 18\/12\/2022 - El Cotarro\" \/>\n<meta property=\"og:description\" content=\"\u2018EL COTARRO\u2019 DIGITAL 432 DEL 18 DE DICIEMBRE DE 2022 &nbsp; &nbsp; Por Jos\u00e9 Carlos Marero * &nbsp; &nbsp; ME QUEDO CON EL OPTIMISMO DEL \u2018LORO PARQUE\u2019 Comienzo El Cotarro de este domingo reiterando mi preocupaci\u00f3n por lo que estamos viviendo a nivel nacional, con el triste choque entre los poderes fundamentales de nuestra democracia ... Read more\" \/>\n<meta property=\"og:url\" content=\"https:\/\/elcotarro.com\/?p=10477\" \/>\n<meta property=\"og:site_name\" content=\"El Cotarro\" \/>\n<meta property=\"article:publisher\" content=\"https:\/\/www.facebook.com\/ElCotarro.Tenerife\" \/>\n<meta property=\"article:published_time\" content=\"2022-12-18T10:06:26+00:00\" \/>\n<meta property=\"og:image\" content=\"https:\/\/canariasenpositivo.com\/wp-content\/uploads\/2022\/12\/1.-TARTA-50-ANIVERSARIO.jpg\" \/>\n<meta name=\"author\" content=\"Jos\u00e9 Carlos Marrero Gonz\u00e1lez\" \/>\n<meta name=\"twitter:label1\" content=\"Escrito por\" \/>\n\t<meta name=\"twitter:data1\" content=\"Jos\u00e9 Carlos Marrero Gonz\u00e1lez\" \/>\n\t<meta name=\"twitter:label2\" content=\"Tiempo de lectura\" \/>\n\t<meta name=\"twitter:data2\" content=\"11 minutos\" \/>\n<script type=\"application\/ld+json\" class=\"yoast-schema-graph\">{\"@context\":\"https:\/\/schema.org\",\"@graph\":[{\"@type\":\"Article\",\"@id\":\"https:\/\/elcotarro.com\/?p=10477#article\",\"isPartOf\":{\"@id\":\"https:\/\/elcotarro.com\/?p=10477\"},\"author\":{\"name\":\"Jos\u00e9 Carlos Marrero Gonz\u00e1lez\",\"@id\":\"https:\/\/elcotarro.com\/#\/schema\/person\/af537ee7d60d15984c7e0affcd8a918b\"},\"headline\":\"EL COTARRO \/ 432, DEL DOMINGO, 18\/12\/2022\",\"datePublished\":\"2022-12-18T10:06:26+00:00\",\"mainEntityOfPage\":{\"@id\":\"https:\/\/elcotarro.com\/?p=10477\"},\"wordCount\":1963,\"commentCount\":0,\"publisher\":{\"@id\":\"https:\/\/elcotarro.com\/#organization\"},\"image\":{\"@id\":\"https:\/\/elcotarro.com\/?p=10477#primaryimage\"},\"thumbnailUrl\":\"https:\/\/canariasenpositivo.com\/wp-content\/uploads\/2022\/12\/1.-TARTA-50-ANIVERSARIO.jpg\",\"articleSection\":[\"El Cotarro\"],\"inLanguage\":\"es\",\"potentialAction\":[{\"@type\":\"CommentAction\",\"name\":\"Comment\",\"target\":[\"https:\/\/elcotarro.com\/?p=10477#respond\"]}]},{\"@type\":\"WebPage\",\"@id\":\"https:\/\/elcotarro.com\/?p=10477\",\"url\":\"https:\/\/elcotarro.com\/?p=10477\",\"name\":\"EL COTARRO \/ 432, DEL DOMINGO, 18\/12\/2022 - El Cotarro\",\"isPartOf\":{\"@id\":\"https:\/\/elcotarro.com\/#website\"},\"primaryImageOfPage\":{\"@id\":\"https:\/\/elcotarro.com\/?p=10477#primaryimage\"},\"image\":{\"@id\":\"https:\/\/elcotarro.com\/?p=10477#primaryimage\"},\"thumbnailUrl\":\"https:\/\/canariasenpositivo.com\/wp-content\/uploads\/2022\/12\/1.-TARTA-50-ANIVERSARIO.jpg\",\"datePublished\":\"2022-12-18T10:06:26+00:00\",\"breadcrumb\":{\"@id\":\"https:\/\/elcotarro.com\/?p=10477#breadcrumb\"},\"inLanguage\":\"es\",\"potentialAction\":[{\"@type\":\"ReadAction\",\"target\":[\"https:\/\/elcotarro.com\/?p=10477\"]}]},{\"@type\":\"ImageObject\",\"inLanguage\":\"es\",\"@id\":\"https:\/\/elcotarro.com\/?p=10477#primaryimage\",\"url\":\"https:\/\/canariasenpositivo.com\/wp-content\/uploads\/2022\/12\/1.-TARTA-50-ANIVERSARIO.jpg\",\"contentUrl\":\"https:\/\/canariasenpositivo.com\/wp-content\/uploads\/2022\/12\/1.-TARTA-50-ANIVERSARIO.jpg\"},{\"@type\":\"BreadcrumbList\",\"@id\":\"https:\/\/elcotarro.com\/?p=10477#breadcrumb\",\"itemListElement\":[{\"@type\":\"ListItem\",\"position\":1,\"name\":\"Portada\",\"item\":\"https:\/\/elcotarro.com\/\"},{\"@type\":\"ListItem\",\"position\":2,\"name\":\"EL COTARRO \/ 432, DEL DOMINGO, 18\/12\/2022\"}]},{\"@type\":\"WebSite\",\"@id\":\"https:\/\/elcotarro.com\/#website\",\"url\":\"https:\/\/elcotarro.com\/\",\"name\":\"El Cotarro\",\"description\":\"Peri\u00f3dico Digital Independiente dirigido por Jos\u00e9 Carlos Marrero\",\"publisher\":{\"@id\":\"https:\/\/elcotarro.com\/#organization\"},\"potentialAction\":[{\"@type\":\"SearchAction\",\"target\":{\"@type\":\"EntryPoint\",\"urlTemplate\":\"https:\/\/elcotarro.com\/?s={search_term_string}\"},\"query-input\":{\"@type\":\"PropertyValueSpecification\",\"valueRequired\":true,\"valueName\":\"search_term_string\"}}],\"inLanguage\":\"es\"},{\"@type\":\"Organization\",\"@id\":\"https:\/\/elcotarro.com\/#organization\",\"name\":\"El Cotarro\",\"url\":\"https:\/\/elcotarro.com\/\",\"logo\":{\"@type\":\"ImageObject\",\"inLanguage\":\"es\",\"@id\":\"https:\/\/elcotarro.com\/#\/schema\/logo\/image\/\",\"url\":\"https:\/\/elcotarro.com\/wp-content\/uploads\/2014\/09\/Cabecera_El_Cotarro_v2.jpg\",\"contentUrl\":\"https:\/\/elcotarro.com\/wp-content\/uploads\/2014\/09\/Cabecera_El_Cotarro_v2.jpg\",\"width\":3540,\"height\":441,\"caption\":\"El Cotarro\"},\"image\":{\"@id\":\"https:\/\/elcotarro.com\/#\/schema\/logo\/image\/\"},\"sameAs\":[\"https:\/\/www.facebook.com\/ElCotarro.Tenerife\"]},{\"@type\":\"Person\",\"@id\":\"https:\/\/elcotarro.com\/#\/schema\/person\/af537ee7d60d15984c7e0affcd8a918b\",\"name\":\"Jos\u00e9 Carlos Marrero Gonz\u00e1lez\",\"image\":{\"@type\":\"ImageObject\",\"inLanguage\":\"es\",\"@id\":\"https:\/\/elcotarro.com\/#\/schema\/person\/image\/\",\"url\":\"https:\/\/secure.gravatar.com\/avatar\/def4da036efb5d32c74d49c351f6dccc064dd69ad9f3aadc295c5a9a5391ca01?s=96&d=mm&r=g\",\"contentUrl\":\"https:\/\/secure.gravatar.com\/avatar\/def4da036efb5d32c74d49c351f6dccc064dd69ad9f3aadc295c5a9a5391ca01?s=96&d=mm&r=g\",\"caption\":\"Jos\u00e9 Carlos Marrero Gonz\u00e1lez\"},\"sameAs\":[\"https:\/\/elcotarro.com\"],\"url\":\"https:\/\/elcotarro.com\/?author=2\"}]}<\/script>\n<!-- \/ Yoast SEO plugin. -->","yoast_head_json":{"title":"EL COTARRO \/ 432, DEL DOMINGO, 18\/12\/2022 - El Cotarro","robots":{"index":"index","follow":"follow","max-snippet":"max-snippet:-1","max-image-preview":"max-image-preview:large","max-video-preview":"max-video-preview:-1"},"canonical":"https:\/\/elcotarro.com\/?p=10477","og_locale":"es_ES","og_type":"article","og_title":"EL COTARRO \/ 432, DEL DOMINGO, 18\/12\/2022 - El Cotarro","og_description":"\u2018EL COTARRO\u2019 DIGITAL 432 DEL 18 DE DICIEMBRE DE 2022 &nbsp; &nbsp; Por Jos\u00e9 Carlos Marero * &nbsp; &nbsp; ME QUEDO CON EL OPTIMISMO DEL \u2018LORO PARQUE\u2019 Comienzo El Cotarro de este domingo reiterando mi preocupaci\u00f3n por lo que estamos viviendo a nivel nacional, con el triste choque entre los poderes fundamentales de nuestra democracia ... Read more","og_url":"https:\/\/elcotarro.com\/?p=10477","og_site_name":"El Cotarro","article_publisher":"https:\/\/www.facebook.com\/ElCotarro.Tenerife","article_published_time":"2022-12-18T10:06:26+00:00","og_image":[{"url":"https:\/\/canariasenpositivo.com\/wp-content\/uploads\/2022\/12\/1.-TARTA-50-ANIVERSARIO.jpg","type":"","width":"","height":""}],"author":"Jos\u00e9 Carlos Marrero Gonz\u00e1lez","twitter_misc":{"Escrito por":"Jos\u00e9 Carlos Marrero Gonz\u00e1lez","Tiempo de lectura":"11 minutos"},"schema":{"@context":"https:\/\/schema.org","@graph":[{"@type":"Article","@id":"https:\/\/elcotarro.com\/?p=10477#article","isPartOf":{"@id":"https:\/\/elcotarro.com\/?p=10477"},"author":{"name":"Jos\u00e9 Carlos Marrero Gonz\u00e1lez","@id":"https:\/\/elcotarro.com\/#\/schema\/person\/af537ee7d60d15984c7e0affcd8a918b"},"headline":"EL COTARRO \/ 432, DEL DOMINGO, 18\/12\/2022","datePublished":"2022-12-18T10:06:26+00:00","mainEntityOfPage":{"@id":"https:\/\/elcotarro.com\/?p=10477"},"wordCount":1963,"commentCount":0,"publisher":{"@id":"https:\/\/elcotarro.com\/#organization"},"image":{"@id":"https:\/\/elcotarro.com\/?p=10477#primaryimage"},"thumbnailUrl":"https:\/\/canariasenpositivo.com\/wp-content\/uploads\/2022\/12\/1.-TARTA-50-ANIVERSARIO.jpg","articleSection":["El Cotarro"],"inLanguage":"es","potentialAction":[{"@type":"CommentAction","name":"Comment","target":["https:\/\/elcotarro.com\/?p=10477#respond"]}]},{"@type":"WebPage","@id":"https:\/\/elcotarro.com\/?p=10477","url":"https:\/\/elcotarro.com\/?p=10477","name":"EL COTARRO \/ 432, DEL DOMINGO, 18\/12\/2022 - El Cotarro","isPartOf":{"@id":"https:\/\/elcotarro.com\/#website"},"primaryImageOfPage":{"@id":"https:\/\/elcotarro.com\/?p=10477#primaryimage"},"image":{"@id":"https:\/\/elcotarro.com\/?p=10477#primaryimage"},"thumbnailUrl":"https:\/\/canariasenpositivo.com\/wp-content\/uploads\/2022\/12\/1.-TARTA-50-ANIVERSARIO.jpg","datePublished":"2022-12-18T10:06:26+00:00","breadcrumb":{"@id":"https:\/\/elcotarro.com\/?p=10477#breadcrumb"},"inLanguage":"es","potentialAction":[{"@type":"ReadAction","target":["https:\/\/elcotarro.com\/?p=10477"]}]},{"@type":"ImageObject","inLanguage":"es","@id":"https:\/\/elcotarro.com\/?p=10477#primaryimage","url":"https:\/\/canariasenpositivo.com\/wp-content\/uploads\/2022\/12\/1.-TARTA-50-ANIVERSARIO.jpg","contentUrl":"https:\/\/canariasenpositivo.com\/wp-content\/uploads\/2022\/12\/1.-TARTA-50-ANIVERSARIO.jpg"},{"@type":"BreadcrumbList","@id":"https:\/\/elcotarro.com\/?p=10477#breadcrumb","itemListElement":[{"@type":"ListItem","position":1,"name":"Portada","item":"https:\/\/elcotarro.com\/"},{"@type":"ListItem","position":2,"name":"EL COTARRO \/ 432, DEL DOMINGO, 18\/12\/2022"}]},{"@type":"WebSite","@id":"https:\/\/elcotarro.com\/#website","url":"https:\/\/elcotarro.com\/","name":"El Cotarro","description":"Peri\u00f3dico Digital Independiente dirigido por Jos\u00e9 Carlos Marrero","publisher":{"@id":"https:\/\/elcotarro.com\/#organization"},"potentialAction":[{"@type":"SearchAction","target":{"@type":"EntryPoint","urlTemplate":"https:\/\/elcotarro.com\/?s={search_term_string}"},"query-input":{"@type":"PropertyValueSpecification","valueRequired":true,"valueName":"search_term_string"}}],"inLanguage":"es"},{"@type":"Organization","@id":"https:\/\/elcotarro.com\/#organization","name":"El Cotarro","url":"https:\/\/elcotarro.com\/","logo":{"@type":"ImageObject","inLanguage":"es","@id":"https:\/\/elcotarro.com\/#\/schema\/logo\/image\/","url":"https:\/\/elcotarro.com\/wp-content\/uploads\/2014\/09\/Cabecera_El_Cotarro_v2.jpg","contentUrl":"https:\/\/elcotarro.com\/wp-content\/uploads\/2014\/09\/Cabecera_El_Cotarro_v2.jpg","width":3540,"height":441,"caption":"El Cotarro"},"image":{"@id":"https:\/\/elcotarro.com\/#\/schema\/logo\/image\/"},"sameAs":["https:\/\/www.facebook.com\/ElCotarro.Tenerife"]},{"@type":"Person","@id":"https:\/\/elcotarro.com\/#\/schema\/person\/af537ee7d60d15984c7e0affcd8a918b","name":"Jos\u00e9 Carlos Marrero Gonz\u00e1lez","image":{"@type":"ImageObject","inLanguage":"es","@id":"https:\/\/elcotarro.com\/#\/schema\/person\/image\/","url":"https:\/\/secure.gravatar.com\/avatar\/def4da036efb5d32c74d49c351f6dccc064dd69ad9f3aadc295c5a9a5391ca01?s=96&d=mm&r=g","contentUrl":"https:\/\/secure.gravatar.com\/avatar\/def4da036efb5d32c74d49c351f6dccc064dd69ad9f3aadc295c5a9a5391ca01?s=96&d=mm&r=g","caption":"Jos\u00e9 Carlos Marrero Gonz\u00e1lez"},"sameAs":["https:\/\/elcotarro.com"],"url":"https:\/\/elcotarro.com\/?author=2"}]}},"jetpack_featured_media_url":"","jetpack_sharing_enabled":true,"_links":{"self":[{"href":"https:\/\/elcotarro.com\/index.php?rest_route=\/wp\/v2\/posts\/10477","targetHints":{"allow":["GET"]}}],"collection":[{"href":"https:\/\/elcotarro.com\/index.php?rest_route=\/wp\/v2\/posts"}],"about":[{"href":"https:\/\/elcotarro.com\/index.php?rest_route=\/wp\/v2\/types\/post"}],"author":[{"embeddable":true,"href":"https:\/\/elcotarro.com\/index.php?rest_route=\/wp\/v2\/users\/2"}],"replies":[{"embeddable":true,"href":"https:\/\/elcotarro.com\/index.php?rest_route=%2Fwp%2Fv2%2Fcomments&post=10477"}],"version-history":[{"count":1,"href":"https:\/\/elcotarro.com\/index.php?rest_route=\/wp\/v2\/posts\/10477\/revisions"}],"predecessor-version":[{"id":10478,"href":"https:\/\/elcotarro.com\/index.php?rest_route=\/wp\/v2\/posts\/10477\/revisions\/10478"}],"wp:attachment":[{"href":"https:\/\/elcotarro.com\/index.php?rest_route=%2Fwp%2Fv2%2Fmedia&parent=10477"}],"wp:term":[{"taxonomy":"category","embeddable":true,"href":"https:\/\/elcotarro.com\/index.php?rest_route=%2Fwp%2Fv2%2Fcategories&post=10477"},{"taxonomy":"post_tag","embeddable":true,"href":"https:\/\/elcotarro.com\/index.php?rest_route=%2Fwp%2Fv2%2Ftags&post=10477"}],"curies":[{"name":"wp","href":"https:\/\/api.w.org\/{rel}","templated":true}]}}