{"id":10479,"date":"2022-12-25T13:04:51","date_gmt":"2022-12-25T13:04:51","guid":{"rendered":"https:\/\/elcotarro.com\/?p=10479"},"modified":"2022-12-25T13:04:51","modified_gmt":"2022-12-25T13:04:51","slug":"el-cotarro-433-del-domingo-25-12-2022","status":"publish","type":"post","link":"https:\/\/elcotarro.com\/?p=10479","title":{"rendered":"EL COTARRO \/ 433, DEL DOMINGO, 25\/12\/2022"},"content":{"rendered":"<blockquote><p><span style=\"color: #ff0000\"><em><strong>\u2018EL COTARRO\u2019 DIGITAL 433 DEL 25 DE DICIEMBRE DE 2022<\/strong><\/em><\/span><\/p><\/blockquote>\n<p>&nbsp;<\/p>\n<p>&nbsp;<\/p>\n<p><span style=\"color: #0000ff\"><em>Por<strong> Jos\u00e9 Carlos Marrero *\u00a0<\/strong><\/em><\/span><\/p>\n<p>&nbsp;<\/p>\n<p>&nbsp;<\/p>\n<p><span style=\"color: #0000ff\"><strong>ENTRE EL D\u00cdA DE NAVIDAD Y EL DE LOS INOCENTES<\/strong><\/span><\/p>\n<ul>\n<li>Comienzo <strong><em>El Cotarro<\/em><\/strong> de este especial domingo, d\u00eda 25 de diciembre (Fum, fum, fum\u2026) con el sincero deseo de que, todas las personas que nos leen fielmente cada domingo, disfruten de una muy feliz Navidad, con el esperanzado deseo de Salud (con may\u00fascula) concordia y positividad. Hoy es D\u00eda de Navidad y, antes de la pr\u00f3xima edici\u00f3n de <strong><em>El Cotarro<\/em><\/strong>, celebraremos el pr\u00f3ximo d\u00eda 28 la festividad de d\u00eda los Santos Inocentes\u2026 Lo que voy a escribir a continuaci\u00f3n as\u00f3cienlo ustedes a la jornada que m\u00e1s les apetezca y, en cualquier caso, \u00e9chenle una raci\u00f3n de co\u00f1a y buen humor. Lo digo porque, en caso contrario, ser\u00eda para deprimirse y echarse a llorar por tanta mediocridad, mezquindad y \u201cfalta de ignorancia\u201d \u2026 Una vez m\u00e1s, como manifestaba siempre el querido y recordado <strong>Juan R\u00edos Tejera<\/strong>, nuestro popular lagunero <strong>Juanito Cabeza<\/strong>, <em>\u201cno me busquen problemas donde no hay\u201d<\/em> \u2026 A partir de este momento, echen la culpa de todo a la ruindad y la maldita rumorolog\u00eda\u2026 Am\u00e9n.<\/li>\n<\/ul>\n<p><img loading=\"lazy\" decoding=\"async\" class=\"size-full wp-image-5330 aligncenter\" src=\"https:\/\/canariasenpositivo.com\/wp-content\/uploads\/2022\/12\/1.-JUAN-RIOS-TEJERA.jpg\" alt=\"\" width=\"289\" height=\"225\" \/><\/p>\n<p style=\"text-align: center\"><em>Juan R\u00edos Tejera, m\u00e1s popularmente conocido como \u201cJuanito Cabeza\u201d<\/em><\/p>\n<p>&nbsp;<\/p>\n<p><span style=\"color: #0000ff\"><strong>ESTE NO ES MI PSOE, QUE ME LO HAN CAMBIADO<\/strong><\/span><\/p>\n<ul>\n<li>Recuerdo una vez m\u00e1s (por si no lo saben) que el \u00fanico partido en el que he militado, es el PSOE. Para ser exactos en Juventudes Socialistas, desde 1975 (cuando Franco era vivo) hasta 1979. Cuando entr\u00e9 en este apasionante mundo del periodismo, entend\u00ed y decid\u00ed que no deb\u00eda militar en ning\u00fan partido. A partir de aquel momento, con permiso de <strong>Pablo Iglesias Posse<\/strong> (o sea, <strong>Pablo<\/strong> <em>\u201cel bueno\u201d<\/em>) me he dedicado al noble oficio de \u201ccontar a la gente lo que le pasa a la gente\u201d (como afirmaba <strong>Eugenio Scalfari<\/strong>, fundador del diario italiano La Repubblica). Lo he hecho, creo que honesta y responsablemente, desde mi conciencia, libertad y responsabilidad. Y creo que, si sigo aqu\u00ed, despu\u00e9s de 43 a\u00f1os de servicio activo (23 de ellos como director de una emisora de radio) muy \u201ctotufo\u201d del todo no debo ser. Con esa \u201choja de servicio\u201d me considero libre para manifestar aqu\u00ed y ahora que \u201ceste no es mi PSOE, que me lo han cambiado\u201d y que la culpa es de <strong>Pedro S\u00e1nchez<\/strong> y cuantas personas permiten la actual deriva que flaco servicio hace al pa\u00eds.<\/li>\n<\/ul>\n<p><img loading=\"lazy\" decoding=\"async\" class=\"size-full wp-image-5331 aligncenter\" src=\"https:\/\/canariasenpositivo.com\/wp-content\/uploads\/2022\/12\/2.-PABLO-IGLESIAS.jpg\" alt=\"\" width=\"705\" height=\"353\" \/><\/p>\n<p style=\"text-align: center\"><em>Si Pablo Iglesias Posse (1850-1925) fundador del PSOE y de la UGT, levantara la cabeza&#8230;<\/em><\/p>\n<p>&nbsp;<\/p>\n<p><span style=\"color: #0000ff\"><strong>DUDAS ANTE LAS ENCUESTAS Y SENSACIONES<\/strong><\/span><\/p>\n<ul>\n<li>En nuestras Islas Canarias (como en todos sitios) el llamado \u201cpoder\u201d depende de las mayor\u00edas y, de forma m\u00e1s concreta y especial, de las mayor\u00edas s\u00f3lidas, solventes y permanentes en el tiempo. Dicho sea, con todo respeto, los pactos, alianzas y gobiernos de coalici\u00f3n con Podemos, parece que suelen traer incertidumbres y \u201cdolores de cabeza\u201d que van deteriorando con el paso del tiempo. El bueno de <strong>\u00c1ngel V\u00edctor Torres<\/strong>, que ya casi ha pasado las diez \u201cplagas\u201d del siglo, sabe mucho de eso. Hoy estamos, exactamente, a 153 d\u00edas de las pr\u00f3ximas elecciones locales, y las encuestas, sondeos y estudios de todo tipo est\u00e1n haciendo \u201ctemblar\u201d y reflexionar a m\u00e1s de uno, en todo el espectro pol\u00edtico del territorio canario, m\u00e1s all\u00e1 de las incoherencias de los sondeos del CIS del se\u00f1or <strong>Jos\u00e9 F\u00e9lix Tezanos<\/strong>, que por un lado dice que no tiene suficiente muestra estad\u00edstica para asignar esca\u00f1os, pero, por otro lado, s\u00ed dice que la ciudadan\u00eda canaria respalda la gesti\u00f3n de <strong>\u00c1ngel V\u00edctor Torres<\/strong> al frente del Gobierno canario. \u00bfEn qu\u00e9 quedamos, tiene muestra y datos o no?<\/li>\n<\/ul>\n<p><img loading=\"lazy\" decoding=\"async\" class=\"size-full wp-image-5332 aligncenter\" src=\"https:\/\/canariasenpositivo.com\/wp-content\/uploads\/2022\/12\/3.-ANGEL-VICTOR-Y-PEDRO.jpg\" alt=\"\" width=\"642\" height=\"427\" \/><\/p>\n<p style=\"text-align: center\"><em>\u00c1ngel V\u00edctor Torres (i) junto a Pedro S\u00e1nchez, en un congreso del PSOE<\/em><\/p>\n<p>&nbsp;<\/p>\n<p><span style=\"color: #0000ff\"><strong>ARRIAGA, EN PRINCIPIO, APUESTA POR REFUNDAR<\/strong><\/span><\/p>\n<ul>\n<li>Si tienen curiosidad (y morbo) ojeen en Twitter la cuenta de <strong>Guillermo D\u00edaz<\/strong> <strong>G\u00f3mez<\/strong> (diputado de Ciudadanos por M\u00e1laga y portavoz del partido) que pueden ver en @GuillermoDiazCs y disfruten del v\u00eddeo de Ciudadanos en el hashtag #Renacetupartido, donde podr\u00e1n apreciar el garboso paseo de nuestro paisano <strong>Enrique Arriaga<\/strong> por las calles de Madrid, junto con <strong>In\u00e9s Arrimadas<\/strong> y <strong>Bego\u00f1a Villac\u00eds<\/strong> y parte de la Ejecutiva madrile\u00f1a de Ciudadanos. Dice <strong>Guillermo D\u00edaz<\/strong> <strong>G\u00f3mez<\/strong> en su perfil del Twitter que <em>\u201cme hubiera gustado una \u00fanica lista con miembros de ambas candidaturas, todos ellos de gran bagaje y val\u00eda. Espero que salgamos a\u00fan m\u00e1s fuertes y unidos para volver a retomar esa cuota de influencia que tuvimos u tendremos. Doy mi confianza a #Renacetupartido\u201d<\/em>. Parece que <strong>Enrique Arriaga<\/strong> apuesta por la \u201crefundaci\u00f3n\u201d de C\u2019s de la mano de <strong>In\u00e9s Arrimadas<\/strong>, pero la cosa no est\u00e1 nada clara.<\/li>\n<\/ul>\n<p><img loading=\"lazy\" decoding=\"async\" class=\"size-full wp-image-5333 aligncenter\" src=\"https:\/\/canariasenpositivo.com\/wp-content\/uploads\/2022\/12\/4.-ARRIAGA-EN-MADRID.jpg\" alt=\"\" width=\"680\" height=\"453\" \/><\/p>\n<p style=\"text-align: center\"><em>Enrique Arriaga (el m\u00e1s alto de detr\u00e1s) paseando por las calles de Madrid<\/em><\/p>\n<p>&nbsp;<\/p>\n<p><span style=\"color: #0000ff\"><strong>ARRIAGA\u2026 \u00bfALCALDE DE SANTA CRUZ CON EL PP?<\/strong><\/span><\/p>\n<ul>\n<li>Esto que les voy a contar ahora, p\u00f3nganlo en el apartado de rumores y m\u00e1s bien en el entorno del D\u00eda de los Inocentes. Hace unos d\u00edas, el \u00ednclito concejal del Partido Popular en el ayuntamiento de Santa Cruz de Tenerife<strong>, Carlos Enrique Tarife Hern\u00e1ndez<\/strong>, cuarto teniente de alcalde de <strong>Jos\u00e9 Manuel Berm\u00fadez<\/strong>, manifestaba euf\u00f3rico en las redes sociales su total convencimiento de que, finalmente, ser\u00e1 \u00e9l quien encabece la lista del PP a ayuntamiento chicharrero. La verdad es que <strong>Carlos Tarife<\/strong>, con sus vanidades y fallos, se lo ha venido currando de lo lindo y en las redes casi celebra ya que va a encabezar la candidatura. Pero el pasado s\u00e1bado, durante la celebraci\u00f3n de los 50 a\u00f1os de Loro Parque, salt\u00f3 el insistente rumor de que el PP estaba pensando en ofrecer a <strong>Enrique Arriaga \u00c1lvarez<\/strong> la posibilidad de encabezar la mencionada lista a la alcald\u00eda chicharrera, en detrimento de <strong>Carlos Tarife<\/strong>. Ya pas\u00f3 lo mismo con lo que les cont\u00e9 de que la lista estuviera encabezada por el ilustre abogado <strong>Vicente \u00c1lvarez Gil<\/strong> (ha habido reuniones al m\u00e1s alto nivel aqu\u00ed y en Madrid) pero la cosa no \u201ccuaj\u00f3\u201d en tiempo y forma. El rumor de lo de <strong>Enrique Arriaga<\/strong> me suena a otro \u201cglobo sonda\u201d que no s\u00e9 si ascender\u00e1 muy alto.<\/li>\n<\/ul>\n<p>&nbsp;<\/p>\n<p><img loading=\"lazy\" decoding=\"async\" class=\"wp-image-5336 aligncenter\" src=\"https:\/\/canariasenpositivo.com\/wp-content\/uploads\/2022\/12\/5.-ENRIQUE-ARRIAGA-1024x683.jpg\" alt=\"\" width=\"549\" height=\"366\" \/><\/p>\n<p style=\"text-align: center\"><em>Arriaga sigue con su plataforma \u201cTenerife en Marcha\u201d, mientras se decide<\/em><\/p>\n<p>&nbsp;<\/p>\n<p><span style=\"color: #0000ff\"><strong>\u00bfALGO ESTAR\u00c1 CAMBIANDO EN EL SENO DEL HUC?<\/strong><\/span><\/p>\n<ul>\n<li>Llevo casi un a\u00f1o calladito en todo lo referente a los temas que tienen que ver con la Sanidad y, m\u00e1s concretamente, con nuestro querido Hospital Universitario de Canarias (HUC), cuya Gerencia sigue ostentando la Dra. <strong>Mercedes Cueto<\/strong> junto con la Dra. <strong>Sagrario Bustabad.<\/strong> en la Direcci\u00f3n M\u00e9dica. He querido mantenerme en silencio y al margen de todo, mientras varios temas siguen su marcha. Pero esta pasada semana ha pasado algo que, al menos, merece una simple rese\u00f1a, para constatar que ha pasado. Nada m\u00e1s y nada menos que desde la Federaci\u00f3n de Servicios P\u00fablicos \u2013 Sanidad Canarias del sindicato socialista Uni\u00f3n General de Trabajadores se ha solicitado el cese de la direcci\u00f3n-gerencia del HUC, debido a que, dice la UGT textualmente, \u201c<em>han actuado aplicando la ley sin soporte jur\u00eddico de la Direcci\u00f3n General de Recursos Humanos (DGRRHH) del Servicio Canario de la Salud (SCS) en la oferta de nombramientos laborales\u201d<\/em>. Solo el hecho de que, precisamente sea la UGT quien pida el cese de <strong>Cueto<\/strong> y <strong>Bustabad<\/strong>, mosquea<\/li>\n<\/ul>\n<p><img loading=\"lazy\" decoding=\"async\" class=\" wp-image-5335 aligncenter\" src=\"https:\/\/canariasenpositivo.com\/wp-content\/uploads\/2022\/12\/6.-SAGRARIO-Y-MERCEDES-1.jpg\" alt=\"\" width=\"523\" height=\"348\" \/><\/p>\n<p style=\"text-align: center\"><em>Sagrario Bustabad (directora M\u00e9dica) (i) y Mercedes Cueto (directora gerente)<\/em><\/p>\n<p>&nbsp;<\/p>\n<p><span style=\"color: #0000ff\"><strong>ENCIERRO DEL COMIT\u00c9 DE EMPRESA EN GERENCIA<\/strong><\/span><\/p>\n<ul>\n<li>Por si fuera poco lo del comunicado de UGT, tambi\u00e9n se muestra disconforme Intersindical Canaria, sindicato casi todopoderoso en el HUC. Y la guinda del cabreo la ha puesto el propio Comit\u00e9 de Empresa del HUC, que se encerr\u00f3 el pasado viernes en las dependencias de la Gerencia. Como todos sabemos (comenzando por las doctoras <strong>Cueto<\/strong> y <strong>Bustabad<\/strong>), tanto la UGT como Intersindical Canaria (y yo dir\u00eda que hasta el Comit\u00e9 de Empresa) no se \u201cgobiernan solos\u201d en el seno del HUC y, obviamente, tal cabreo y la consiguiente publicaci\u00f3n del duro comunicado responde y tiene las \u201cbendiciones\u201d y el \u201cvisto bueno\u201d de determinados personajes clave en el d\u00eda a d\u00eda del HUC y de todo lo que se mueve dentro de dicho centro hospitalario de referencia. Por lo que dice un comunicado difundido por medio de un audio que rueda por varios grupos de <em>WhatsApp<\/em>, todo ha quedado pendiente de una reuni\u00f3n a celebrar el pr\u00f3ximo martes. Aunque apuntan que ya es muy tarde. Esperemos al martes y ya veremos si esto es otro \u201cglobo sonda\u201d sanitario.<\/li>\n<\/ul>\n<p><img loading=\"lazy\" decoding=\"async\" class=\"size-full wp-image-5338 aligncenter\" src=\"https:\/\/canariasenpositivo.com\/wp-content\/uploads\/2022\/12\/7.-ENCIERRO-EN-EL-HUC.jpg\" alt=\"\" width=\"617\" height=\"367\" \/><\/p>\n<p style=\"text-align: center\"><em>Sindicalistas encerrados en la Gerencia del HUC (Foto: Intersindical Canaria)<\/em><\/p>\n<p>&nbsp;<\/p>\n<p><span style=\"color: #0000ff\"><strong>BELENES DEL MUNDO EN EL PALACIO DE CAPITAN\u00cdA<\/strong><\/span><\/p>\n<ul>\n<li>Con un sencillo acto que cont\u00f3 con la presencia del General Jefe del Mando de Canarias del Ej\u00e9rcito de Tierra, <strong>Julio Salom Herrera<\/strong>, y del obispo de la Di\u00f3cesis Nivariense, <strong>Bernardo \u00c1lvarez Afonso<\/strong>, ha quedado inaugurada la interesante exposici\u00f3n de \u201cBelenes del Mundo\u201d, que se est\u00e1 convirtiendo en un punto m\u00e1s de la capital tinerfe\u00f1a para poder disfrutar del esp\u00edritu navide\u00f1o de estos d\u00edas tan especiales. La exposici\u00f3n se encuentra ubicada en el hall de la entrada principal del Palacio de la Capitan\u00eda General de Canarias, en la santacrucera Plaza Weyler, pudiendo ser visitada hasta el pr\u00f3ximo d\u00eda 8 de enero con entrada libre seg\u00fan el siguiente horario: jornadas lectivas de 17:00 a 20:00, festivos adem\u00e1s de 11:00 a 14:00. La tradici\u00f3n del Bel\u00e9n en los cuarteles del Ej\u00e9rcito es centenaria, incluso se reproduce en aquellas Bases que ocupan los contingentes de fuerzas espa\u00f1olas en los lejanos pa\u00edses donde tratan de trasladar estabilidad y paz en el marco de las Organizaciones Internacionales de Seguridad y Defensa. Algunos de los belenes expuestos proceden de esas zonas en conflicto donde Espa\u00f1a colabora en pro de la paz.<\/li>\n<\/ul>\n<p><img loading=\"lazy\" decoding=\"async\" class=\"size-large wp-image-5339 aligncenter\" src=\"https:\/\/canariasenpositivo.com\/wp-content\/uploads\/2022\/12\/8.-BELENES-DEL-MUNDO-768x1024.jpg\" alt=\"\" width=\"660\" height=\"880\" \/><\/p>\n<p style=\"text-align: center\"><em>Cartel anunciador de la exposici\u00f3n \u201cBelenes del Mundo\u201d en Capitan\u00eda General<\/em><\/p>\n<p>&nbsp;<\/p>\n<p>&nbsp;<\/p>\n<p><span style=\"color: #0000ff\"><strong>* Jos\u00e9 Carlos MARRERO GONZ\u00c1LEZ<\/strong><\/span><\/p>\n<p>Periodista y analista de la actualidad.<\/p>\n<p>Director de <strong><em>El Cotarro<\/em><\/strong> (www.elcotarro.com)<\/p>\n<p>Director de <strong><em>Canarias en Positivo<\/em><\/strong> (www.canariasenpositivo.com)<\/p>\n<p>Director de <strong><em>GastroCanarias<\/em><\/strong> (www.gastrocanarias.com)<\/p>\n<p>&nbsp;<\/p>\n<p>Islas Canarias, 25 de diciembre de 2022<\/p>\n<p>&nbsp;<\/p>\n<p><img loading=\"lazy\" decoding=\"async\" class=\"wp-image-5340 aligncenter\" src=\"https:\/\/canariasenpositivo.com\/wp-content\/uploads\/2022\/12\/14.-CARECA-INSULA-300x61-1.jpg\" alt=\"\" width=\"556\" height=\"113\" \/><\/p>\n<p>&nbsp;<\/p>\n","protected":false},"excerpt":{"rendered":"<p>\u2018EL COTARRO\u2019 DIGITAL 433 DEL 25 DE DICIEMBRE DE 2022 &nbsp; &nbsp; Por Jos\u00e9 Carlos Marrero *\u00a0 &nbsp; &nbsp; ENTRE EL D\u00cdA DE NAVIDAD Y EL DE LOS INOCENTES Comienzo El Cotarro de este especial domingo, d\u00eda 25 de diciembre (Fum, fum, fum\u2026) con el sincero deseo de que, todas las personas que nos leen &#8230; <a class=\"read-more\" href=\"https:\/\/elcotarro.com\/?p=10479\">Read more<\/a><\/p>\n","protected":false},"author":2,"featured_media":0,"comment_status":"open","ping_status":"open","sticky":false,"template":"","format":"standard","meta":{"_jetpack_memberships_contains_paid_content":false,"footnotes":""},"categories":[4],"tags":[],"class_list":["post-10479","post","type-post","status-publish","format-standard","hentry","category-el-cotarro"],"yoast_head":"<!-- This site is optimized with the Yoast SEO plugin v27.0 - https:\/\/yoast.com\/product\/yoast-seo-wordpress\/ -->\n<title>EL COTARRO \/ 433, DEL DOMINGO, 25\/12\/2022 - El Cotarro<\/title>\n<meta name=\"robots\" content=\"index, follow, max-snippet:-1, max-image-preview:large, max-video-preview:-1\" \/>\n<link rel=\"canonical\" href=\"https:\/\/elcotarro.com\/?p=10479\" \/>\n<meta property=\"og:locale\" content=\"es_ES\" \/>\n<meta property=\"og:type\" content=\"article\" \/>\n<meta property=\"og:title\" content=\"EL COTARRO \/ 433, DEL DOMINGO, 25\/12\/2022 - El Cotarro\" \/>\n<meta property=\"og:description\" content=\"\u2018EL COTARRO\u2019 DIGITAL 433 DEL 25 DE DICIEMBRE DE 2022 &nbsp; &nbsp; Por Jos\u00e9 Carlos Marrero *\u00a0 &nbsp; &nbsp; ENTRE EL D\u00cdA DE NAVIDAD Y EL DE LOS INOCENTES Comienzo El Cotarro de este especial domingo, d\u00eda 25 de diciembre (Fum, fum, fum\u2026) con el sincero deseo de que, todas las personas que nos leen ... Read more\" \/>\n<meta property=\"og:url\" content=\"https:\/\/elcotarro.com\/?p=10479\" \/>\n<meta property=\"og:site_name\" content=\"El Cotarro\" \/>\n<meta property=\"article:publisher\" content=\"https:\/\/www.facebook.com\/ElCotarro.Tenerife\" \/>\n<meta property=\"article:published_time\" content=\"2022-12-25T13:04:51+00:00\" \/>\n<meta property=\"og:image\" content=\"https:\/\/canariasenpositivo.com\/wp-content\/uploads\/2022\/12\/1.-JUAN-RIOS-TEJERA.jpg\" \/>\n<meta name=\"author\" content=\"Jos\u00e9 Carlos Marrero Gonz\u00e1lez\" \/>\n<meta name=\"twitter:label1\" content=\"Escrito por\" \/>\n\t<meta name=\"twitter:data1\" content=\"Jos\u00e9 Carlos Marrero Gonz\u00e1lez\" \/>\n\t<meta name=\"twitter:label2\" content=\"Tiempo de lectura\" \/>\n\t<meta name=\"twitter:data2\" content=\"10 minutos\" \/>\n<script type=\"application\/ld+json\" class=\"yoast-schema-graph\">{\"@context\":\"https:\/\/schema.org\",\"@graph\":[{\"@type\":\"Article\",\"@id\":\"https:\/\/elcotarro.com\/?p=10479#article\",\"isPartOf\":{\"@id\":\"https:\/\/elcotarro.com\/?p=10479\"},\"author\":{\"name\":\"Jos\u00e9 Carlos Marrero Gonz\u00e1lez\",\"@id\":\"https:\/\/elcotarro.com\/#\/schema\/person\/af537ee7d60d15984c7e0affcd8a918b\"},\"headline\":\"EL COTARRO \/ 433, DEL DOMINGO, 25\/12\/2022\",\"datePublished\":\"2022-12-25T13:04:51+00:00\",\"mainEntityOfPage\":{\"@id\":\"https:\/\/elcotarro.com\/?p=10479\"},\"wordCount\":1756,\"commentCount\":0,\"publisher\":{\"@id\":\"https:\/\/elcotarro.com\/#organization\"},\"image\":{\"@id\":\"https:\/\/elcotarro.com\/?p=10479#primaryimage\"},\"thumbnailUrl\":\"https:\/\/canariasenpositivo.com\/wp-content\/uploads\/2022\/12\/1.-JUAN-RIOS-TEJERA.jpg\",\"articleSection\":[\"El Cotarro\"],\"inLanguage\":\"es\",\"potentialAction\":[{\"@type\":\"CommentAction\",\"name\":\"Comment\",\"target\":[\"https:\/\/elcotarro.com\/?p=10479#respond\"]}]},{\"@type\":\"WebPage\",\"@id\":\"https:\/\/elcotarro.com\/?p=10479\",\"url\":\"https:\/\/elcotarro.com\/?p=10479\",\"name\":\"EL COTARRO \/ 433, DEL DOMINGO, 25\/12\/2022 - El Cotarro\",\"isPartOf\":{\"@id\":\"https:\/\/elcotarro.com\/#website\"},\"primaryImageOfPage\":{\"@id\":\"https:\/\/elcotarro.com\/?p=10479#primaryimage\"},\"image\":{\"@id\":\"https:\/\/elcotarro.com\/?p=10479#primaryimage\"},\"thumbnailUrl\":\"https:\/\/canariasenpositivo.com\/wp-content\/uploads\/2022\/12\/1.-JUAN-RIOS-TEJERA.jpg\",\"datePublished\":\"2022-12-25T13:04:51+00:00\",\"breadcrumb\":{\"@id\":\"https:\/\/elcotarro.com\/?p=10479#breadcrumb\"},\"inLanguage\":\"es\",\"potentialAction\":[{\"@type\":\"ReadAction\",\"target\":[\"https:\/\/elcotarro.com\/?p=10479\"]}]},{\"@type\":\"ImageObject\",\"inLanguage\":\"es\",\"@id\":\"https:\/\/elcotarro.com\/?p=10479#primaryimage\",\"url\":\"https:\/\/canariasenpositivo.com\/wp-content\/uploads\/2022\/12\/1.-JUAN-RIOS-TEJERA.jpg\",\"contentUrl\":\"https:\/\/canariasenpositivo.com\/wp-content\/uploads\/2022\/12\/1.-JUAN-RIOS-TEJERA.jpg\"},{\"@type\":\"BreadcrumbList\",\"@id\":\"https:\/\/elcotarro.com\/?p=10479#breadcrumb\",\"itemListElement\":[{\"@type\":\"ListItem\",\"position\":1,\"name\":\"Portada\",\"item\":\"https:\/\/elcotarro.com\/\"},{\"@type\":\"ListItem\",\"position\":2,\"name\":\"EL COTARRO \/ 433, DEL DOMINGO, 25\/12\/2022\"}]},{\"@type\":\"WebSite\",\"@id\":\"https:\/\/elcotarro.com\/#website\",\"url\":\"https:\/\/elcotarro.com\/\",\"name\":\"El Cotarro\",\"description\":\"Peri\u00f3dico Digital Independiente dirigido por Jos\u00e9 Carlos Marrero\",\"publisher\":{\"@id\":\"https:\/\/elcotarro.com\/#organization\"},\"potentialAction\":[{\"@type\":\"SearchAction\",\"target\":{\"@type\":\"EntryPoint\",\"urlTemplate\":\"https:\/\/elcotarro.com\/?s={search_term_string}\"},\"query-input\":{\"@type\":\"PropertyValueSpecification\",\"valueRequired\":true,\"valueName\":\"search_term_string\"}}],\"inLanguage\":\"es\"},{\"@type\":\"Organization\",\"@id\":\"https:\/\/elcotarro.com\/#organization\",\"name\":\"El Cotarro\",\"url\":\"https:\/\/elcotarro.com\/\",\"logo\":{\"@type\":\"ImageObject\",\"inLanguage\":\"es\",\"@id\":\"https:\/\/elcotarro.com\/#\/schema\/logo\/image\/\",\"url\":\"https:\/\/elcotarro.com\/wp-content\/uploads\/2014\/09\/Cabecera_El_Cotarro_v2.jpg\",\"contentUrl\":\"https:\/\/elcotarro.com\/wp-content\/uploads\/2014\/09\/Cabecera_El_Cotarro_v2.jpg\",\"width\":3540,\"height\":441,\"caption\":\"El Cotarro\"},\"image\":{\"@id\":\"https:\/\/elcotarro.com\/#\/schema\/logo\/image\/\"},\"sameAs\":[\"https:\/\/www.facebook.com\/ElCotarro.Tenerife\"]},{\"@type\":\"Person\",\"@id\":\"https:\/\/elcotarro.com\/#\/schema\/person\/af537ee7d60d15984c7e0affcd8a918b\",\"name\":\"Jos\u00e9 Carlos Marrero Gonz\u00e1lez\",\"image\":{\"@type\":\"ImageObject\",\"inLanguage\":\"es\",\"@id\":\"https:\/\/elcotarro.com\/#\/schema\/person\/image\/\",\"url\":\"https:\/\/secure.gravatar.com\/avatar\/def4da036efb5d32c74d49c351f6dccc064dd69ad9f3aadc295c5a9a5391ca01?s=96&d=mm&r=g\",\"contentUrl\":\"https:\/\/secure.gravatar.com\/avatar\/def4da036efb5d32c74d49c351f6dccc064dd69ad9f3aadc295c5a9a5391ca01?s=96&d=mm&r=g\",\"caption\":\"Jos\u00e9 Carlos Marrero Gonz\u00e1lez\"},\"sameAs\":[\"https:\/\/elcotarro.com\"],\"url\":\"https:\/\/elcotarro.com\/?author=2\"}]}<\/script>\n<!-- \/ Yoast SEO plugin. -->","yoast_head_json":{"title":"EL COTARRO \/ 433, DEL DOMINGO, 25\/12\/2022 - El Cotarro","robots":{"index":"index","follow":"follow","max-snippet":"max-snippet:-1","max-image-preview":"max-image-preview:large","max-video-preview":"max-video-preview:-1"},"canonical":"https:\/\/elcotarro.com\/?p=10479","og_locale":"es_ES","og_type":"article","og_title":"EL COTARRO \/ 433, DEL DOMINGO, 25\/12\/2022 - El Cotarro","og_description":"\u2018EL COTARRO\u2019 DIGITAL 433 DEL 25 DE DICIEMBRE DE 2022 &nbsp; &nbsp; Por Jos\u00e9 Carlos Marrero *\u00a0 &nbsp; &nbsp; ENTRE EL D\u00cdA DE NAVIDAD Y EL DE LOS INOCENTES Comienzo El Cotarro de este especial domingo, d\u00eda 25 de diciembre (Fum, fum, fum\u2026) con el sincero deseo de que, todas las personas que nos leen ... Read more","og_url":"https:\/\/elcotarro.com\/?p=10479","og_site_name":"El Cotarro","article_publisher":"https:\/\/www.facebook.com\/ElCotarro.Tenerife","article_published_time":"2022-12-25T13:04:51+00:00","og_image":[{"url":"https:\/\/canariasenpositivo.com\/wp-content\/uploads\/2022\/12\/1.-JUAN-RIOS-TEJERA.jpg","type":"","width":"","height":""}],"author":"Jos\u00e9 Carlos Marrero Gonz\u00e1lez","twitter_misc":{"Escrito por":"Jos\u00e9 Carlos Marrero Gonz\u00e1lez","Tiempo de lectura":"10 minutos"},"schema":{"@context":"https:\/\/schema.org","@graph":[{"@type":"Article","@id":"https:\/\/elcotarro.com\/?p=10479#article","isPartOf":{"@id":"https:\/\/elcotarro.com\/?p=10479"},"author":{"name":"Jos\u00e9 Carlos Marrero Gonz\u00e1lez","@id":"https:\/\/elcotarro.com\/#\/schema\/person\/af537ee7d60d15984c7e0affcd8a918b"},"headline":"EL COTARRO \/ 433, DEL DOMINGO, 25\/12\/2022","datePublished":"2022-12-25T13:04:51+00:00","mainEntityOfPage":{"@id":"https:\/\/elcotarro.com\/?p=10479"},"wordCount":1756,"commentCount":0,"publisher":{"@id":"https:\/\/elcotarro.com\/#organization"},"image":{"@id":"https:\/\/elcotarro.com\/?p=10479#primaryimage"},"thumbnailUrl":"https:\/\/canariasenpositivo.com\/wp-content\/uploads\/2022\/12\/1.-JUAN-RIOS-TEJERA.jpg","articleSection":["El Cotarro"],"inLanguage":"es","potentialAction":[{"@type":"CommentAction","name":"Comment","target":["https:\/\/elcotarro.com\/?p=10479#respond"]}]},{"@type":"WebPage","@id":"https:\/\/elcotarro.com\/?p=10479","url":"https:\/\/elcotarro.com\/?p=10479","name":"EL COTARRO \/ 433, DEL DOMINGO, 25\/12\/2022 - El Cotarro","isPartOf":{"@id":"https:\/\/elcotarro.com\/#website"},"primaryImageOfPage":{"@id":"https:\/\/elcotarro.com\/?p=10479#primaryimage"},"image":{"@id":"https:\/\/elcotarro.com\/?p=10479#primaryimage"},"thumbnailUrl":"https:\/\/canariasenpositivo.com\/wp-content\/uploads\/2022\/12\/1.-JUAN-RIOS-TEJERA.jpg","datePublished":"2022-12-25T13:04:51+00:00","breadcrumb":{"@id":"https:\/\/elcotarro.com\/?p=10479#breadcrumb"},"inLanguage":"es","potentialAction":[{"@type":"ReadAction","target":["https:\/\/elcotarro.com\/?p=10479"]}]},{"@type":"ImageObject","inLanguage":"es","@id":"https:\/\/elcotarro.com\/?p=10479#primaryimage","url":"https:\/\/canariasenpositivo.com\/wp-content\/uploads\/2022\/12\/1.-JUAN-RIOS-TEJERA.jpg","contentUrl":"https:\/\/canariasenpositivo.com\/wp-content\/uploads\/2022\/12\/1.-JUAN-RIOS-TEJERA.jpg"},{"@type":"BreadcrumbList","@id":"https:\/\/elcotarro.com\/?p=10479#breadcrumb","itemListElement":[{"@type":"ListItem","position":1,"name":"Portada","item":"https:\/\/elcotarro.com\/"},{"@type":"ListItem","position":2,"name":"EL COTARRO \/ 433, DEL DOMINGO, 25\/12\/2022"}]},{"@type":"WebSite","@id":"https:\/\/elcotarro.com\/#website","url":"https:\/\/elcotarro.com\/","name":"El Cotarro","description":"Peri\u00f3dico Digital Independiente dirigido por Jos\u00e9 Carlos Marrero","publisher":{"@id":"https:\/\/elcotarro.com\/#organization"},"potentialAction":[{"@type":"SearchAction","target":{"@type":"EntryPoint","urlTemplate":"https:\/\/elcotarro.com\/?s={search_term_string}"},"query-input":{"@type":"PropertyValueSpecification","valueRequired":true,"valueName":"search_term_string"}}],"inLanguage":"es"},{"@type":"Organization","@id":"https:\/\/elcotarro.com\/#organization","name":"El Cotarro","url":"https:\/\/elcotarro.com\/","logo":{"@type":"ImageObject","inLanguage":"es","@id":"https:\/\/elcotarro.com\/#\/schema\/logo\/image\/","url":"https:\/\/elcotarro.com\/wp-content\/uploads\/2014\/09\/Cabecera_El_Cotarro_v2.jpg","contentUrl":"https:\/\/elcotarro.com\/wp-content\/uploads\/2014\/09\/Cabecera_El_Cotarro_v2.jpg","width":3540,"height":441,"caption":"El Cotarro"},"image":{"@id":"https:\/\/elcotarro.com\/#\/schema\/logo\/image\/"},"sameAs":["https:\/\/www.facebook.com\/ElCotarro.Tenerife"]},{"@type":"Person","@id":"https:\/\/elcotarro.com\/#\/schema\/person\/af537ee7d60d15984c7e0affcd8a918b","name":"Jos\u00e9 Carlos Marrero Gonz\u00e1lez","image":{"@type":"ImageObject","inLanguage":"es","@id":"https:\/\/elcotarro.com\/#\/schema\/person\/image\/","url":"https:\/\/secure.gravatar.com\/avatar\/def4da036efb5d32c74d49c351f6dccc064dd69ad9f3aadc295c5a9a5391ca01?s=96&d=mm&r=g","contentUrl":"https:\/\/secure.gravatar.com\/avatar\/def4da036efb5d32c74d49c351f6dccc064dd69ad9f3aadc295c5a9a5391ca01?s=96&d=mm&r=g","caption":"Jos\u00e9 Carlos Marrero Gonz\u00e1lez"},"sameAs":["https:\/\/elcotarro.com"],"url":"https:\/\/elcotarro.com\/?author=2"}]}},"jetpack_featured_media_url":"","jetpack_sharing_enabled":true,"_links":{"self":[{"href":"https:\/\/elcotarro.com\/index.php?rest_route=\/wp\/v2\/posts\/10479","targetHints":{"allow":["GET"]}}],"collection":[{"href":"https:\/\/elcotarro.com\/index.php?rest_route=\/wp\/v2\/posts"}],"about":[{"href":"https:\/\/elcotarro.com\/index.php?rest_route=\/wp\/v2\/types\/post"}],"author":[{"embeddable":true,"href":"https:\/\/elcotarro.com\/index.php?rest_route=\/wp\/v2\/users\/2"}],"replies":[{"embeddable":true,"href":"https:\/\/elcotarro.com\/index.php?rest_route=%2Fwp%2Fv2%2Fcomments&post=10479"}],"version-history":[{"count":1,"href":"https:\/\/elcotarro.com\/index.php?rest_route=\/wp\/v2\/posts\/10479\/revisions"}],"predecessor-version":[{"id":10480,"href":"https:\/\/elcotarro.com\/index.php?rest_route=\/wp\/v2\/posts\/10479\/revisions\/10480"}],"wp:attachment":[{"href":"https:\/\/elcotarro.com\/index.php?rest_route=%2Fwp%2Fv2%2Fmedia&parent=10479"}],"wp:term":[{"taxonomy":"category","embeddable":true,"href":"https:\/\/elcotarro.com\/index.php?rest_route=%2Fwp%2Fv2%2Fcategories&post=10479"},{"taxonomy":"post_tag","embeddable":true,"href":"https:\/\/elcotarro.com\/index.php?rest_route=%2Fwp%2Fv2%2Ftags&post=10479"}],"curies":[{"name":"wp","href":"https:\/\/api.w.org\/{rel}","templated":true}]}}