{"id":10558,"date":"2023-05-14T00:20:22","date_gmt":"2023-05-13T23:20:22","guid":{"rendered":"https:\/\/elcotarro.com\/?p=10558"},"modified":"2023-05-14T09:53:43","modified_gmt":"2023-05-14T08:53:43","slug":"el-cotarro-453-del-domingo-14-05-2023","status":"publish","type":"post","link":"https:\/\/elcotarro.com\/?p=10558","title":{"rendered":"EL COTARRO \/ 453, DEL DOMINGO, 14\/05\/2023"},"content":{"rendered":"<blockquote><p><strong><span style=\"color: #ff0000\"><em>\u2018EL COTARRO\u2019 DIGITAL 453 DEL 14 DE MAYO DE 2023<\/em><\/span><\/strong><\/p><\/blockquote>\n<p>&nbsp;<\/p>\n<p>&nbsp;<\/p>\n<p><span style=\"color: #0000ff\"><em>Por <strong>Jos\u00e9 Carlos Marrero *<\/strong><\/em><\/span><\/p>\n<p><em>\u00a0<\/em><\/p>\n<p>&nbsp;<\/p>\n<p><span style=\"color: #0000ff\"><strong>NO SE PUEDEN PUBLICAR SONDEOS, PERO S\u00cd PORRAS<\/strong><\/span><\/p>\n<ul>\n<li>Comienzo <strong><em>El Cotarro<\/em><\/strong> de este domingo recordando que, ahora s\u00ed, de verdad de la buena, estamos ya en plena campa\u00f1a electoral. Faltan exactamente 14 d\u00edas para las Elecciones Locales del pr\u00f3ximo 28M. Seg\u00fan la Ley, no se pueden publicar datos ni resultados sobre sondeos y encuestas a menos de cinco d\u00edas de la jornada electoral. Pero la Ley, que yo sepa, no dice nada sobre la publicaci\u00f3n de las tradicionales \u201cporras electorales\u201d que ya corren por ah\u00ed. Por lo tanto y para cumplir una tradici\u00f3n de m\u00e1s de 25 a\u00f1os, hoy comparto con ustedes una de ellas, en la que yo he tenido, una vez m\u00e1s, el honor recabar y apuntar los datos. Se trata de la veterana \u201cporra electoral\u201d que hace cada vez que se acerca una cita con las urnas la lagunera pe\u00f1a-tertulia \u201cPrimer Viernes\u201d, que se re\u00fane mensualmente (obviamente todos los primeros viernes) en la prestigiosa bodega <strong>\u201cSe\u00f1or\u00edo de Mach\u00edn\u201d<\/strong>, por los alrededores de La Laguna. En este caso y dada la \u201csensaci\u00f3n clim\u00e1tica\u201d de marejada a fuerte marejada, tendente a mar gruesa, la consulta a los contertulios miembros de la pe\u00f1a solo se circunscribi\u00f3 a los posibles resultados electorales para el Ayuntamiento de La Laguna, y las posibles sumas para la elecci\u00f3n de la Alcald\u00eda lagunera para los pr\u00f3ximos 4 a\u00f1os.<\/li>\n<\/ul>\n<p><img loading=\"lazy\" decoding=\"async\" class=\"size-large wp-image-6073 aligncenter\" src=\"https:\/\/canariasenpositivo.com\/wp-content\/uploads\/2023\/05\/1.-URNAS-28M-1024x577.jpg\" alt=\"\" width=\"660\" height=\"372\" \/><\/p>\n<p style=\"text-align: center\"><em>Urnas ya preparadas para las pr\u00f3ximas Elecciones Locales del 28 de mayo de 2023<\/em><\/p>\n<p>&nbsp;<\/p>\n<p><span style=\"color: #0000ff\"><strong>LA PRECEPTIVA \u201cFICHA T\u00c9CNICA\u201d DE DICHA \u201cPORRA\u201d<\/strong><\/span><\/p>\n<ul>\n<li>Como he aclarado estos a\u00f1os atr\u00e1s, cada vez que he publicado una \u201cporra\u201d elaborada por la pe\u00f1a-tertulia \u201cPrimer Viernes\u201d, no se trata de un sondeo, encuesta o estudio estad\u00edstico al uso, ni tiene rigor ni validez cient\u00edfica, ni mucho menos fiable. Pero el divertimento es lo que es, vale lo que vale, y quien me entiende, me entiende. Hay que leer entre l\u00edneas y \u201ccocinarla\u201d como hace el amigo <strong>Tezanos<\/strong> en el CIS. Como hay que poner la \u201cficha t\u00e9cnica\u201d, les dir\u00e9 que, entre los miembros de la pe\u00f1a y part\u00edcipes de la \u201cporra\u201d, hay doctores y catedr\u00e1ticos, ge\u00f3grafos, matem\u00e1ticos, m\u00e9dicos, abogados, economistas, funcionarios, empresarios, maestros, gestores, jubilados, pol\u00edticos, expol\u00edticos y alg\u00fan periodista. Como es l\u00f3gico, la identidad de preguntados queda debidamente reservada y, por ello, los nombres han sido \u201cpixelados\u201d. Solo dos de los \u201cencuestados\u201d ten\u00eda menos de 50 a\u00f1os y, en esta ocasi\u00f3n, hubo hasta un miembro que estaba fuera de Tenerife y respondi\u00f3 \u201ctelem\u00e1ticamente\u201d. La cuesti\u00f3n de fondo era sondear entre los contertulios su sensaci\u00f3n sobre si <strong>Luis Yeray Guti\u00e9rrez <\/strong>(PSOE) renovar\u00eda su cargo de alcalde La Laguna o si le arrebatar\u00eda la Alcald\u00eda <strong>Ana Zurita<\/strong> (PP) o <strong>Jonathan Dom\u00ednguez<\/strong> (CC)<\/li>\n<\/ul>\n<p><img loading=\"lazy\" decoding=\"async\" class=\"size-large wp-image-6074 aligncenter\" src=\"https:\/\/canariasenpositivo.com\/wp-content\/uploads\/2023\/05\/2.-PORRA-PRIMER-VIERNES-891x1024.jpg\" alt=\"\" width=\"660\" height=\"759\" \/><\/p>\n<p style=\"text-align: center\"><em>Tradicional \u201cporra\u201d plasmada en el \u201cLibro de Oro\u201d de la pe\u00f1a-tertulia \u201cPrimer Viernes\u201d, fundada en 1993.<\/em><\/p>\n<p>&nbsp;<\/p>\n<p><span style=\"color: #0000ff\"><strong>\u201cCOCINADO\u201d DE LA \u201cPORRA\u201d EN PLAN \u201cCIS-TEZANOS\u201d<\/strong><\/span><\/p>\n<ul>\n<li>Por lo pronto puedo comentarles que, en ning\u00fan momento, se pens\u00f3 que otra persona, m\u00e1s all\u00e1 de las tres nombradas (<strong>Luis Yeray<\/strong>, <strong>Ana<\/strong> o <strong>Jonathan<\/strong>) pudiera acceder a ocupar la alcald\u00eda lagunera. Para poder verla y entenderla mejor, he \u201ccocinado\u201d la tabla de la \u201cporra\u201d como si fuera el CIS de <strong>Jos\u00e9 F\u00e9lix Tezanos<\/strong>, pero en versi\u00f3n lagunera. En la barra vertical lateral pueden ver el n\u00famero correlativo de los participantes en la \u201cporra\u201d y, a su lado, la inicial de su respectivo nombre de pila. En la barra de arriba de la tabla est\u00e1n los partidos a votar, cada uno en una columna y, de izquierda a derecha: Partido Socialista (PSOE), Partido Popular (PP), Coalici\u00f3n Canaria (CC), Unidas Se Puede (UP), Nueva Canarias (NC), Vox (VOX), Proyecto Drago (PD), Ciudadanos (C\u2019s) y la columna en blanco para \u201cotros\u201d. Las filas que han quedado en blanco corresponden a los miembros de la tertulia que se decidieron por la \u201cabstenci\u00f3n\u201d. A partir de estos datos, que, repito, vienen de donde vienen, salen de donde salen y son lo que son, quien lo desee puede pensar, reflexionar, debatir y sacar sus propias conclusiones de cara a lo que podr\u00eda estar por venir en La Laguna.<\/li>\n<\/ul>\n<p><img loading=\"lazy\" decoding=\"async\" class=\"size-full wp-image-6075 aligncenter\" src=\"https:\/\/canariasenpositivo.com\/wp-content\/uploads\/2023\/05\/3.-TABLA-PORRA-PRIMER-VIERNES.jpg\" alt=\"\" width=\"902\" height=\"655\" \/><\/p>\n<p style=\"text-align: center\"><em>Una tabla para ponerse a pensar, debatir y sacar conclusiones en torno a La Laguna&#8230; \u00bfo no?<\/em><\/p>\n<p>&nbsp;<\/p>\n<p><span style=\"color: #0000ff\"><strong>A PARTIR DE ESOS DATOS, \u00bfQUI\u00c9N PODR\u00cdA SUMAR 14?<\/strong><\/span><\/p>\n<ul>\n<li>Ya les he contado que Corporaci\u00f3n lagunera tiene 27 ediles, con lo que, para obtener mayor\u00eda, nombrar alcalde o alcaldesa y, sobre todo, gobernar, hay que contar con la suma de 14. En las pasadas elecciones locales de 2019 gan\u00f3 la lista de CC, comandada por <strong>Jos\u00e9 Alberto D\u00edaz<\/strong> (hoy alejado de la pol\u00edtica, pero no mucho) con 9 concejales. Le sigui\u00f3 la lista del PSOE con 7 concejales y <strong>Luis Yeray Guti\u00e9rrez<\/strong> en la cabeza. El todopoderoso <strong>Pedro Ramos Negr\u00edn<\/strong>, posiblemente la persona m\u00e1s influyente y con m\u00e1s poder en el PSOE tinerfe\u00f1o y m\u00e1s all\u00e1, rompi\u00f3 el acuerdo que, seg\u00fan aseguran, ten\u00eda con <strong>Jos\u00e9 Alberto D\u00edaz<\/strong>, para, en caso de sumar juntos una mayor\u00eda holgada (como as\u00ed fue: 9+7=16 concejales) fuera alcalde el cabeza de la lista m\u00e1s votada. Pero no fue as\u00ed. Se traicion\u00f3 la palabra dada y se incumpli\u00f3 el pacto. A\u00fan distanciado del propio <strong>Pedro Ramos<\/strong> y del PSOE, <strong>Santiago P\u00e9rez<\/strong> (en aquel momento l\u00edder de Avante con 2 concejales) y <strong>Rubens Ascanio<\/strong> (de Unidas Se Puede, con 5) se ofrecieron para hacer realidad otra suma (7+5+2=14 concejales), dieron la alcald\u00eda a <strong>Luis Yeray <\/strong>(PSOE) y mandaron a <strong>Jos\u00e9 Alberto <\/strong>y CC a la dura oposici\u00f3n. Ahora habr\u00e1 que buscar otros factores para lograr sumar 14.<\/li>\n<\/ul>\n<p><img loading=\"lazy\" decoding=\"async\" class=\"size-large wp-image-6076 aligncenter\" src=\"https:\/\/canariasenpositivo.com\/wp-content\/uploads\/2023\/05\/4.-SUMA-DE-GOBIERNO-1024x683.jpg\" alt=\"\" width=\"660\" height=\"440\" \/><\/p>\n<p style=\"text-align: center\"><em>Rubens Ascanio (i), el alcalde Luis Yeray Guti\u00e9rrez (c) y Santiago P\u00e9rez, en la foto que propici\u00f3 en 2019 la suma de 14 concejales y la consumaci\u00f3n de una traici\u00f3n.<\/em><\/p>\n<p>&nbsp;<\/p>\n<p><span style=\"color: #0000ff\"><strong>PARECE QUE LUIS YERAY PODR\u00cdA RENOVAR ALCALD\u00cdA<\/strong><\/span><\/p>\n<ul>\n<li>A fecha de hoy, las encuestas (todas las publicadas y otras que conozco) dan como ganador a <strong>Luis Yeray Guti\u00e9rrez<\/strong> (PSOE) con un m\u00ednimo de 10 concejales, incluyendo los dos posibles que podr\u00eda \u201cheredar\u201d de la desaparecida Avante de <strong>Santiago P\u00e9rez.<\/strong> Incluso alguna encuesta (de las serias) apunta a que <strong>Luis Yeray<\/strong> y el PSOE podr\u00edan alcanzar la cifra r\u00e9cord de 12 concejales. Una encuesta propia de Coalici\u00f3n Canaria les pronostica a ellos mismos un retroceso de esca\u00f1os, afirmando que podr\u00edan pasar de 9 a 8 concejales. No obstante, si hablas con algunas personas de CC (los m\u00e1s optimistas, claro) manifiestan estar convencidos que, hoy por hoy, tienen asegurados hasta 11 concejales. Me da que, en estos pr\u00f3ximos 15 d\u00edas <strong>Jonathan Dom\u00ednguez<\/strong> pretende cambiar la estrategia (cosa que le hace mucha falta) y, junto con el apoyo y respaldo de <strong>Ana Oramas<\/strong> (que se volcar\u00e1 con La Laguna) intentar cambiar las agoreras predicciones que hoy les rodean. Parece que en CC est\u00e1n convencida de que, su tradicional \u201cllamada a rebato\u201d en tiempos electorales, pueda cambiar la \u201csensaci\u00f3n clim\u00e1tica\u201d que corre por La Laguna.<\/li>\n<\/ul>\n<p><img loading=\"lazy\" decoding=\"async\" class=\"size-large wp-image-6077 aligncenter\" src=\"https:\/\/canariasenpositivo.com\/wp-content\/uploads\/2023\/05\/5.-FERNANDO-ROSA-JONATHAN-Y-ANI-1024x646.jpg\" alt=\"\" width=\"660\" height=\"416\" \/><\/p>\n<p style=\"text-align: center\"><em>De izquierda a derecha: Fernando Clavijo, Rosa D\u00e1vila, Jonathan Dom\u00ednguez y Ana Oramas hace unos d\u00edas, en el acto de presentaci\u00f3n de Jonathan como candidato a la alcald\u00eda de La Laguna.<\/em><\/p>\n<p>&nbsp;<\/p>\n<p><span style=\"color: #0000ff\"><strong>EN CAMBIO, EN EL CABILDO HABLAN DE OTRAS SUMAS<\/strong><\/span><\/p>\n<ul>\n<li>En lo que se refiere al Cabildo de Tenerife, hay otras encuestas (de las serias, al parecer) seg\u00fan las cuales, el resultado de las urnas dar\u00eda al Partido Popular, con <strong>Lope Afonso<\/strong> encabezando la lista, y Coalici\u00f3n Canaria, con <strong>Rosa D\u00e1vila<\/strong> como n\u00famero uno, llegar a la necesaria mayor\u00eda, que, en este caso, est\u00e1 en 16 consejeros\/as. De ser as\u00ed, <strong>Pedro Mart\u00edn<\/strong> podr\u00eda perder la presidencia del cabildo en favor de Lope o Rosa, dependiendo que cu\u00e1l fuera la lista m\u00e1s votada, o dependiendo de los pactos extra insulares. En cualquier caso, dicho sea de paso, a nadie le ha gustado la desafortunada frase del \u00ednclito alcalde de La Orotava, <strong>Francisco Linares<\/strong> (CC) cundo se refiri\u00f3 a <em>\u201cdarle una patada en el culo a <strong>Pedro Mart\u00edn <\/strong>y mandarlo a Gu\u00eda de Isora\u201d<\/em>. Ha sido una falta de respeto a <strong>Pedro Mart\u00edn<\/strong>, pero mucho mayor al noble municipio de Gu\u00eda de Isora y su ciudadan\u00eda. De todos modos, el resultado de la votaci\u00f3n del 28M para el Cabildo, tanto de CC como del PP en el Cabildo, depender\u00e1 este a\u00f1o de manera muy especial de los resultados laguneros. Y ah\u00ed volvemos, con perd\u00f3n, al origen y principio de todo: La Laguna<\/li>\n<\/ul>\n<p><img loading=\"lazy\" decoding=\"async\" class=\"size-full wp-image-6078 aligncenter\" src=\"https:\/\/canariasenpositivo.com\/wp-content\/uploads\/2023\/05\/6.-ROSA-Y-LOPE.jpg\" alt=\"\" width=\"810\" height=\"626\" \/><\/p>\n<p style=\"text-align: center\"><em>Rosa D\u00e1vila (CC) y Lope Afonso (PP) podr\u00edan gobernar juntos el Cabildo de Tenerife<\/em><\/p>\n<p>&nbsp;<\/p>\n<p><span style=\"color: #0000ff\"><strong>Y EL GOBIERNO EN MANOS DE HERRE\u00d1OS Y GOMEROS<\/strong><\/span><\/p>\n<ul>\n<li>Ya para terminar esta corta radiograf\u00eda panor\u00e1mica del territorio canario, digamos que ahora todo el mundo se est\u00e1 preocupando por la proliferaci\u00f3n de partidos, la fragmentaci\u00f3n del electorado y la m\u00e1s que posible dispersi\u00f3n del voto. En una tertulia a la que asist\u00ed hace unos d\u00edas y en la que estaba presente el consejero de Administraciones P\u00fablicas, Justicia y Seguridad del Gobierno de Canarias, <strong>Julio P\u00e9rez Hern\u00e1ndez<\/strong> (para mi, la cabeza aglutinadora del Gobierno que preside <strong>\u00c1ngel V\u00edctor Torres<\/strong>) manifest\u00f3 que, al parecer, concurrir\u00e1n al Parlamento de Canarias hasta 19 candidaturas de distintos partidos y coaliciones. La curiosa y peculiar realidad canaria hace que, en este momento, m\u00e1s de uno est\u00e9 pensando que las formaciones que lideran <strong>Casimiro Curbelo<\/strong> (ASG) en la Gomera y en la \u201csombra\u201d <strong>Tom\u00e1s Padr\u00f3n<\/strong> (AH\u00cd) en El Hierro, puedan decidir, quitar o poner a quien ellos estimen oportuno en la Presidencia del Gobierno Canario. Y que ello, m\u00e1s all\u00e1 del inter\u00e9s general de esta Comunidad y su gente, pase por el inter\u00e9s de sus respectivas islas o, a lo peor, de ellos mismos y sus formaciones pol\u00edticas. En fin\u2026<\/li>\n<\/ul>\n<p><img loading=\"lazy\" decoding=\"async\" class=\"size-full wp-image-6079 aligncenter\" src=\"https:\/\/canariasenpositivo.com\/wp-content\/uploads\/2023\/05\/7.-TOMAS-Y-CASIMIRO.jpg\" alt=\"\" width=\"349\" height=\"256\" \/><\/p>\n<p style=\"text-align: center\"><em>Tom\u00e1s Padr\u00f3n (i) y Casimiro Curbelo, podr\u00edan otorgar o quitar la Presidencia de Canarias.<\/em><\/p>\n<p>&nbsp;<\/p>\n<p><span style=\"color: #0000ff\"><strong>APOYO DE COALICI\u00d3N A SIAM PARK EN GRAN CANARIA<\/strong><\/span><\/p>\n<ul>\n<li>Aunque estemos en plena campa\u00f1a electoral, es de justicia rese\u00f1ar que cuando hay que estar se est\u00e1 y que, cuando hay que respaldar a \u201cuno de los nuestros\u201d, en este caso una empresa tinerfe\u00f1a para ampliar sus negocios y creaci\u00f3n de empleo en Gran Canaria, pues se hace y punto. Hace unos d\u00edas, el presidente del Grupo Loro Parque, <strong>Wolfgang Kiessling<\/strong> junto con <strong>Jaime Rodr\u00edguez Cie<\/strong>, responsable jur\u00eddico del mismo grupo, se reunieron con <strong>Fernando Clavijo<\/strong>, candidato a la presidencia de Canarias, <strong>Pablo Rodr\u00edguez<\/strong>, candidato al parlamento de Canarias por la provincia de Las Palmas, <strong>Mar\u00eda Fern\u00e1ndez<\/strong> candidata al cabildo de Gran Canaria y el candidato al Ayuntamiento de San Bartolom\u00e9 de Tirajana, <strong>Alejandro Marichal<\/strong>. Los candidatos de Coalici\u00f3n Canaria mantuvieron una conversaci\u00f3n acerca del futuro del proyecto de Siam Park en San Bartolom\u00e9 de Tirajana. En la conversaci\u00f3n <strong>Wolfgang Kiessling<\/strong> record\u00f3 a los presentes las inversiones que la compa\u00f1\u00eda Loro Parque ha llevado a cabo a lo largo de los a\u00f1os, demostrando su compromiso con la comunidad tinerfe\u00f1a y grancanaria, as\u00ed como con el impulso al turismo y al desarrollo de nuestra regi\u00f3n.<\/li>\n<\/ul>\n<p><img loading=\"lazy\" decoding=\"async\" class=\"size-full wp-image-6080 aligncenter\" src=\"https:\/\/canariasenpositivo.com\/wp-content\/uploads\/2023\/05\/8.-COALICION-CON-KIESSLING.jpg\" alt=\"\" width=\"980\" height=\"654\" \/><\/p>\n<p style=\"text-align: center\"><em>De frente, de izquierda a derecha: Jaime Rodr\u00edguez Cie, Alejandro Marichal, Mar\u00eda Fern\u00e1ndez y Wolfgang Kiessling. De espaldas, Pablo Rodr\u00edguez (i) y Fernando Clavijo.<\/em><\/p>\n<p>&nbsp;<\/p>\n<p><strong><span style=\"color: #0000ff\">SIAM PARK GENERAR\u00c1 M\u00c1S DE 600 EMPLEOS DIRECTOS<\/span> <\/strong><\/p>\n<ul>\n<li>Los candidatos de Coalici\u00f3n Canaria mostraron su apoyo al proyecto de construcci\u00f3n de un Siam Park en el municipio de San Bartolom\u00e9, insistiendo en la necesidad de eliminar las barreras y obst\u00e1culos con los que se ha ido impidiendo del desarrollo de este proyecto hasta el momento. <strong>Fernando<\/strong> <strong>Clavijo<\/strong> expuso que <em>\u201cya conozco la calidad del proyecto, puesto que tenemos como muestra la calidad del Siam Park de Tenerife\u201d.<\/em> La construcci\u00f3n de Siam Park en Gran Canaria es un proyecto que ha sufrido constantes demoras y trabas administrativas que han impedido su realizaci\u00f3n. <strong>Jaime Rodr\u00edguez Cie<\/strong> explic\u00f3 que <em>\u201clos retrasos y dificultades administrativas han obedecido principalmente, a la conducta del <\/em><strong><em>Marco Aurelio<\/em><\/strong><em> en su etapa como alcalde de San Bartolom\u00e9\u201d<\/em>. El proyecto, que dar\u00eda empleo a m\u00e1s de 600 personas de forma directa (y m\u00e1s de 1.000 indirectamente), acumula siete a\u00f1os de retrasos y lleva invertidos m\u00e1s de 15 millones de euros en gastos, adem\u00e1s de 8 millones en p\u00e9rdidas de incentivos por la Reserva de Inversiones de Canarias (RIC). Ojal\u00e1 que pronto <strong>Wolfgang Kiessling<\/strong> y su familia puedan hacer realidad el Siam Park II en Gran Canaria, con el apoyo de todos.<\/li>\n<\/ul>\n<p><img loading=\"lazy\" decoding=\"async\" class=\"size-large wp-image-6081 aligncenter\" src=\"https:\/\/canariasenpositivo.com\/wp-content\/uploads\/2023\/05\/9.-SIAM-PARK-1024x632.jpg\" alt=\"\" width=\"660\" height=\"407\" \/><\/p>\n<p style=\"text-align: center\"><em>Panor\u00e1mica de Siam Park en Arona (Tenerife), el mejor parque acu\u00e1tico del mundo.<\/em><\/p>\n<p>&nbsp;<\/p>\n<p><span style=\"color: #0000ff\"><strong>MIGUEL BENITO LOZANO, YA ES DOCTOR \u201cCUM LAUDE\u201d<\/strong><\/span><\/p>\n<ul>\n<li>De nuevo en <strong><em>El Cotarro<\/em><\/strong> me hago eco, reconozco y valoro el \u00e9xito de otro de \u201clos nuestros\u201d. En este caso se trata del ya Dr. <strong>Miguel Benito Lozano<\/strong>, que acaba de leer y aprobar \u201ccum laude\u201d en nuestra Universidad de La Laguna su tesis doctoral titulada <em>\u201cInfluencia de los factores meteorol\u00f3gicos en los episodios de descompensaci\u00f3n aguda de la Insuficiencia Card\u00edaca (IC)\u201d<\/em>. <strong>Miguel Benito Lozano<\/strong>, que actualmente trabaja en el sistema de Atenci\u00f3n Primaria del Servicio Canario de la Salud, es uno de los grandes m\u00e9dicos que profesionalmente ha desarrollado su labor asistencial en el servicio de Urgencias de nuestro Hospital Universitario de Canarias (HUC) donde espero que vuelva muy pronto. La tesis doctoral de <strong>Miguel Benito<\/strong>, muy relacionada con la realidad sanitaria de Canarias, fue codirigida por los reconocidos doctores <strong>Guillermo Burillo Putze<\/strong> (de nuestro HUC) y <strong>\u00d3scar Mir\u00f3 Andreu<\/strong> (del Hospital Cl\u00ednic de Barcelona) quienes, por cierto, mantienen una fruct\u00edfera l\u00ednea de investigaci\u00f3n entre los dos hospitales universitarios. El tribunal de la misma estuvo conformado por la Dra. <strong>Mar\u00eda de los <\/strong><strong>\u00c1ngeles Arias Rodr\u00edguez<\/strong> (presidenta), el Dr. <strong>Luis Mar\u00eda Dom\u00ednguez Boada<\/strong> (secretario) y el Dr. <strong>Pablo Avanzas Fern\u00e1ndez<\/strong> (vocal) que dieron la m\u00e1xima calificaci\u00f3n a <strong>Miguel Benito.<\/strong><\/li>\n<\/ul>\n<p><img loading=\"lazy\" decoding=\"async\" class=\"size-large wp-image-6082 aligncenter\" src=\"https:\/\/canariasenpositivo.com\/wp-content\/uploads\/2023\/05\/10.-BURILLO-BENITO-Y-MIRO-1024x768.jpeg\" alt=\"\" width=\"660\" height=\"495\" \/><\/p>\n<p style=\"text-align: center\"><em>El flamante Dr. Miguel Benito Lozano (c) acompa\u00f1ado por los codirectores de su magn\u00edfica tesis doctoral: Guillermo Burillo Putze (i) y \u00d3scar Mir\u00f3 Andreu (d)<\/em><\/p>\n<p>&nbsp;<\/p>\n<p><span style=\"color: #0000ff\"><strong>CANARIAS ANTE LA INSUFICIENCIA CARD\u00cdACA AGUDA<\/strong><\/span><\/p>\n<ul>\n<li>He podido leer un resumen de la tesis del Dr. <strong>Miguel Benito Lozano<\/strong> y me ha impactado algunas informaciones, datos y detalles que comparto con ustedes. Comienza <strong>Miguel Benito<\/strong> recordando que <em>\u201cla insuficiencia card\u00edaca (IC) es un problema de salud p\u00fablica en aumento que afecta a m\u00e1s de 23 millones de personas en todo el mundo, con una prevalencia creciente en personas mayores. La insuficiencia cardiaca aguda (ICA) es uno de los principales motivos de consulta a los servicios de urgencias hospitalarios (SUH) y una de las primeras causas de hospitalizaci\u00f3n en Espa\u00f1a\u201d<\/em>. Recuerda <strong>Miguel Benito<\/strong> que \u201c<em>en 2021, la Organizaci\u00f3n Mundial de la Salud declar\u00f3 que el cambio clim\u00e1tico es la mayor amenaza para la salud que enfrenta la humanidad\u201d<\/em>. Por ello, uno de los tres objetivos que <strong>Miguel Benito<\/strong> plante\u00f3 en su tesis, fue investigar si existen diferencias cl\u00ednicas, asistenciales y evolutivas entre los episodios de insuficiencia cardiaca aguda (ICA) desarrollados en residentes en las Islas Canarias, de clima subtropical, y en los del territorio espa\u00f1ol continental. Apasionante para ayudar a prevenir las urgencias en Canarias.<\/li>\n<\/ul>\n<p><img loading=\"lazy\" decoding=\"async\" class=\"size-full wp-image-6083 aligncenter\" src=\"https:\/\/canariasenpositivo.com\/wp-content\/uploads\/2023\/05\/11.-INSUFICIENCIA-CARDIACA.png\" alt=\"\" width=\"532\" height=\"346\" \/><\/p>\n<p style=\"text-align: center\"><em>Infograf\u00eda del coraz\u00f3n en un episodio de Insuficiencia Card\u00edaca Aguda (ICA)<\/em><\/p>\n<p>&nbsp;<\/p>\n<p><strong><span style=\"color: #0000ff\">MENOR NECESIDAD DE HOSPITALIZACI\u00d3N EN CANARIAS<\/span> <\/strong><\/p>\n<ul>\n<li>El resultado final de la tesis del <strong> Miguel Benito Lozano<\/strong> se puede resumir afirmando que <em>\u201cexisten diferencias, tanto en las caracter\u00edsticas basales como en el manejo cl\u00ednico de los episodios de insuficiencia cardiaca en los residentes de una regi\u00f3n subtropical, como son las Islas Canarias, respecto a los de una zona meridional europea.<\/em> Adem\u00e1s, saco del resumen de la tesis de <strong>Miguel Benito<\/strong> que <em>\u201cestas patolog\u00edas en Canarias tienen menor necesidad de hospitalizaci\u00f3n, aunque \u00e9stas son m\u00e1s prolongadas. La temperatura y la presi\u00f3n atmosf\u00e9rica est\u00e1n independientemente asociados a la severidad de los episodios de descompensaci\u00f3n de insuficiencia card\u00edaca de los pacientes que ingresan en los servicios de urgencias, con posibles efectos diferentes sobre la necesidad de hospitalizaci\u00f3n y mortalidad intrahospitalaria. <\/em>El resultado fue, sobresaliente \u201ccum laude\u201d. Por ello y desde aqu\u00ed, vaya nuestro reconocimiento y sincera felicitaci\u00f3n a <strong>Miguel Benito<\/strong>, a su pareja, familia y amigos, as\u00ed como tambi\u00e9n, por qu\u00e9 no, a los directores de su sobresaliente tesis, los doctores <strong>Guillermo Burillo Putze<\/strong> y <strong>\u00d3scar Mir\u00f3 Andreu. <\/strong>\u00a1Enhorabuena y salud para todos!<\/li>\n<\/ul>\n<p><img loading=\"lazy\" decoding=\"async\" class=\"size-full wp-image-6084 aligncenter\" src=\"https:\/\/canariasenpositivo.com\/wp-content\/uploads\/2023\/05\/12.-MIGUEL-BENITO-LOZANO.jpg\" alt=\"\" width=\"603\" height=\"461\" \/><\/p>\n<p style=\"text-align: center\"><em>Detr\u00e1s de esa mascarilla est\u00e1 un gran profesional, el ya doctor Miguel Benito Lozano<\/em><\/p>\n<p>&nbsp;<\/p>\n<p><span style=\"color: #0000ff\"><strong>EL MARTES FALTAR\u00c1N 7 D\u00cdAS PARA GASTROCANARIAS<\/strong><\/span><\/p>\n<ul>\n<li>Remato <strong><em>El Cotarro<\/em><\/strong> de este domingo record\u00e1ndoles que este pr\u00f3ximo, d\u00eda 16 de mayo, faltar\u00e1n exactamente solo 7 d\u00edas para la celebraci\u00f3n del <strong>8\u00ba Sal\u00f3n Gastron\u00f3mico de Canarias \u2013 GastroCanarias 2023<\/strong>. Este a\u00f1o se celebrar\u00e1 los pr\u00f3ximos d\u00edas 23, 24 y 25 de mayo (martes, mi\u00e9rcoles y jueves) en la llamada \u201cGran Nave\u201d del Recinto Ferial de Tenerife, teniendo una vez m\u00e1s como co-directores a <strong>Jonay L\u00f3pez Soto<\/strong> (director de Ferias y Eventos de la Instituci\u00f3n Ferial de Tenerife y a un servidor, <strong>Jos\u00e9 Carlos Marrero<\/strong> que sigo en los \u201cfogones\u201d. Adem\u00e1s, este a\u00f1o se incorpora como fichaje de lujo la periodista, <strong>Laura Docampo Del Conte,<\/strong> como subdirectora de GastroCanarias. Adem\u00e1s de la \u201cGran Nave\u201d, el 8\u00ba Sal\u00f3n Gastron\u00f3mico de Canarias contar\u00e1 con un nuevo y atractivo espacio expositivo con lo que, en todo su conjunto, <strong>GastroCanarias 2023<\/strong> va a llegar a la cifra r\u00e9cord de unos 225 m\u00f3dulos de stands con casi 100 empresas expositoras. Con Fuerteventura como \u201cIsla Invitada Oficial\u201d, se desarrollar\u00e1n 7 campeonatos de cocina y 5 de bebidas. El 8\u00ba Sal\u00f3n, GastroCanarias 2023, espera sobrepasar la cifra de 20.000 personas visitantes, que podr\u00e1n comprar su entrada a solo 10\u20ac (con posibilidad de un bono de 20\u20ac para los tres d\u00edas) en las taquillas del Recinto Ferial. Si me lo permiten, como dije hace quince d\u00edas, le recomiendo que usted sea uno de esas personas visitantes. Tienen toda la informaci\u00f3n, relaci\u00f3n de empresas expositoras y el amplio programa de actividades en: <a href=\"http:\/\/www.salongastronomicodecanarias.com\">salongastronomicodecanarias.com<\/a><\/li>\n<\/ul>\n<p><img loading=\"lazy\" decoding=\"async\" class=\"size-large wp-image-6085 aligncenter\" src=\"https:\/\/canariasenpositivo.com\/wp-content\/uploads\/2023\/05\/13.-FALTAN-7-DIAS-1024x576.jpg\" alt=\"\" width=\"660\" height=\"371\" \/><\/p>\n<p style=\"text-align: center\"><em>Cartel oficial con la cuenta atr\u00e1s para la celebraci\u00f3n de GastroCanarias 2023<\/em><\/p>\n<p>&nbsp;<\/p>\n<p><span style=\"color: #0000ff\"><strong>* Jos\u00e9 Carlos MARRERO GONZ\u00c1LEZ<\/strong><\/span><\/p>\n<p>Periodista y analista de la actualidad.<\/p>\n<p>Director de <strong><em>El Cotarro<\/em><\/strong> (www.elcotarro.com)<\/p>\n<p>Director de <strong><em>Canarias en Positivo<\/em><\/strong> (www.canariasenpositivo.com)<\/p>\n<p>Director de <strong><em>GastroCanarias<\/em><\/strong> (www.gastrocanarias.com)<\/p>\n<p>&nbsp;<\/p>\n<p>Islas Canarias, 14 de mayo de 2023<\/p>\n<p>&nbsp;<\/p>\n<p><img loading=\"lazy\" decoding=\"async\" class=\"size-full wp-image-6010 aligncenter\" src=\"https:\/\/canariasenpositivo.com\/wp-content\/uploads\/2023\/04\/A-CARECA-INSULA.jpg\" alt=\"\" width=\"750\" height=\"153\" \/><\/p>\n","protected":false},"excerpt":{"rendered":"<p>\u2018EL COTARRO\u2019 DIGITAL 453 DEL 14 DE MAYO DE 2023 &nbsp; &nbsp; Por Jos\u00e9 Carlos Marrero * \u00a0 &nbsp; NO SE PUEDEN PUBLICAR SONDEOS, PERO S\u00cd PORRAS Comienzo El Cotarro de este domingo recordando que, ahora s\u00ed, de verdad de la buena, estamos ya en plena campa\u00f1a electoral. Faltan exactamente 14 d\u00edas para las Elecciones &#8230; <a class=\"read-more\" href=\"https:\/\/elcotarro.com\/?p=10558\">Read more<\/a><\/p>\n","protected":false},"author":2,"featured_media":0,"comment_status":"open","ping_status":"open","sticky":false,"template":"","format":"standard","meta":{"_jetpack_memberships_contains_paid_content":false,"footnotes":""},"categories":[4],"tags":[],"class_list":["post-10558","post","type-post","status-publish","format-standard","hentry","category-el-cotarro"],"yoast_head":"<!-- This site is optimized with the Yoast SEO plugin v27.0 - https:\/\/yoast.com\/product\/yoast-seo-wordpress\/ -->\n<title>EL COTARRO \/ 453, DEL DOMINGO, 14\/05\/2023 - El Cotarro<\/title>\n<meta name=\"robots\" content=\"index, follow, max-snippet:-1, max-image-preview:large, max-video-preview:-1\" \/>\n<link rel=\"canonical\" href=\"https:\/\/elcotarro.com\/?p=10558\" \/>\n<meta property=\"og:locale\" content=\"es_ES\" \/>\n<meta property=\"og:type\" content=\"article\" \/>\n<meta property=\"og:title\" content=\"EL COTARRO \/ 453, DEL DOMINGO, 14\/05\/2023 - El Cotarro\" \/>\n<meta property=\"og:description\" content=\"\u2018EL COTARRO\u2019 DIGITAL 453 DEL 14 DE MAYO DE 2023 &nbsp; &nbsp; Por Jos\u00e9 Carlos Marrero * \u00a0 &nbsp; NO SE PUEDEN PUBLICAR SONDEOS, PERO S\u00cd PORRAS Comienzo El Cotarro de este domingo recordando que, ahora s\u00ed, de verdad de la buena, estamos ya en plena campa\u00f1a electoral. Faltan exactamente 14 d\u00edas para las Elecciones ... Read more\" \/>\n<meta property=\"og:url\" content=\"https:\/\/elcotarro.com\/?p=10558\" \/>\n<meta property=\"og:site_name\" content=\"El Cotarro\" \/>\n<meta property=\"article:publisher\" content=\"https:\/\/www.facebook.com\/ElCotarro.Tenerife\" \/>\n<meta property=\"article:published_time\" content=\"2023-05-13T23:20:22+00:00\" \/>\n<meta property=\"article:modified_time\" content=\"2023-05-14T08:53:43+00:00\" \/>\n<meta property=\"og:image\" content=\"https:\/\/canariasenpositivo.com\/wp-content\/uploads\/2023\/05\/1.-URNAS-28M-1024x577.jpg\" \/>\n<meta name=\"author\" content=\"Jos\u00e9 Carlos Marrero Gonz\u00e1lez\" \/>\n<meta name=\"twitter:label1\" content=\"Escrito por\" \/>\n\t<meta name=\"twitter:data1\" content=\"Jos\u00e9 Carlos Marrero Gonz\u00e1lez\" \/>\n\t<meta name=\"twitter:label2\" content=\"Tiempo de lectura\" \/>\n\t<meta name=\"twitter:data2\" content=\"17 minutos\" \/>\n<script type=\"application\/ld+json\" class=\"yoast-schema-graph\">{\"@context\":\"https:\/\/schema.org\",\"@graph\":[{\"@type\":\"Article\",\"@id\":\"https:\/\/elcotarro.com\/?p=10558#article\",\"isPartOf\":{\"@id\":\"https:\/\/elcotarro.com\/?p=10558\"},\"author\":{\"name\":\"Jos\u00e9 Carlos Marrero Gonz\u00e1lez\",\"@id\":\"https:\/\/elcotarro.com\/#\/schema\/person\/af537ee7d60d15984c7e0affcd8a918b\"},\"headline\":\"EL COTARRO \/ 453, DEL DOMINGO, 14\/05\/2023\",\"datePublished\":\"2023-05-13T23:20:22+00:00\",\"dateModified\":\"2023-05-14T08:53:43+00:00\",\"mainEntityOfPage\":{\"@id\":\"https:\/\/elcotarro.com\/?p=10558\"},\"wordCount\":3189,\"commentCount\":2,\"publisher\":{\"@id\":\"https:\/\/elcotarro.com\/#organization\"},\"image\":{\"@id\":\"https:\/\/elcotarro.com\/?p=10558#primaryimage\"},\"thumbnailUrl\":\"https:\/\/canariasenpositivo.com\/wp-content\/uploads\/2023\/05\/1.-URNAS-28M-1024x577.jpg\",\"articleSection\":[\"El Cotarro\"],\"inLanguage\":\"es\",\"potentialAction\":[{\"@type\":\"CommentAction\",\"name\":\"Comment\",\"target\":[\"https:\/\/elcotarro.com\/?p=10558#respond\"]}]},{\"@type\":\"WebPage\",\"@id\":\"https:\/\/elcotarro.com\/?p=10558\",\"url\":\"https:\/\/elcotarro.com\/?p=10558\",\"name\":\"EL COTARRO \/ 453, DEL DOMINGO, 14\/05\/2023 - El Cotarro\",\"isPartOf\":{\"@id\":\"https:\/\/elcotarro.com\/#website\"},\"primaryImageOfPage\":{\"@id\":\"https:\/\/elcotarro.com\/?p=10558#primaryimage\"},\"image\":{\"@id\":\"https:\/\/elcotarro.com\/?p=10558#primaryimage\"},\"thumbnailUrl\":\"https:\/\/canariasenpositivo.com\/wp-content\/uploads\/2023\/05\/1.-URNAS-28M-1024x577.jpg\",\"datePublished\":\"2023-05-13T23:20:22+00:00\",\"dateModified\":\"2023-05-14T08:53:43+00:00\",\"breadcrumb\":{\"@id\":\"https:\/\/elcotarro.com\/?p=10558#breadcrumb\"},\"inLanguage\":\"es\",\"potentialAction\":[{\"@type\":\"ReadAction\",\"target\":[\"https:\/\/elcotarro.com\/?p=10558\"]}]},{\"@type\":\"ImageObject\",\"inLanguage\":\"es\",\"@id\":\"https:\/\/elcotarro.com\/?p=10558#primaryimage\",\"url\":\"https:\/\/canariasenpositivo.com\/wp-content\/uploads\/2023\/05\/1.-URNAS-28M-1024x577.jpg\",\"contentUrl\":\"https:\/\/canariasenpositivo.com\/wp-content\/uploads\/2023\/05\/1.-URNAS-28M-1024x577.jpg\"},{\"@type\":\"BreadcrumbList\",\"@id\":\"https:\/\/elcotarro.com\/?p=10558#breadcrumb\",\"itemListElement\":[{\"@type\":\"ListItem\",\"position\":1,\"name\":\"Portada\",\"item\":\"https:\/\/elcotarro.com\/\"},{\"@type\":\"ListItem\",\"position\":2,\"name\":\"EL COTARRO \/ 453, DEL DOMINGO, 14\/05\/2023\"}]},{\"@type\":\"WebSite\",\"@id\":\"https:\/\/elcotarro.com\/#website\",\"url\":\"https:\/\/elcotarro.com\/\",\"name\":\"El Cotarro\",\"description\":\"Peri\u00f3dico Digital Independiente dirigido por Jos\u00e9 Carlos Marrero\",\"publisher\":{\"@id\":\"https:\/\/elcotarro.com\/#organization\"},\"potentialAction\":[{\"@type\":\"SearchAction\",\"target\":{\"@type\":\"EntryPoint\",\"urlTemplate\":\"https:\/\/elcotarro.com\/?s={search_term_string}\"},\"query-input\":{\"@type\":\"PropertyValueSpecification\",\"valueRequired\":true,\"valueName\":\"search_term_string\"}}],\"inLanguage\":\"es\"},{\"@type\":\"Organization\",\"@id\":\"https:\/\/elcotarro.com\/#organization\",\"name\":\"El Cotarro\",\"url\":\"https:\/\/elcotarro.com\/\",\"logo\":{\"@type\":\"ImageObject\",\"inLanguage\":\"es\",\"@id\":\"https:\/\/elcotarro.com\/#\/schema\/logo\/image\/\",\"url\":\"https:\/\/elcotarro.com\/wp-content\/uploads\/2014\/09\/Cabecera_El_Cotarro_v2.jpg\",\"contentUrl\":\"https:\/\/elcotarro.com\/wp-content\/uploads\/2014\/09\/Cabecera_El_Cotarro_v2.jpg\",\"width\":3540,\"height\":441,\"caption\":\"El Cotarro\"},\"image\":{\"@id\":\"https:\/\/elcotarro.com\/#\/schema\/logo\/image\/\"},\"sameAs\":[\"https:\/\/www.facebook.com\/ElCotarro.Tenerife\"]},{\"@type\":\"Person\",\"@id\":\"https:\/\/elcotarro.com\/#\/schema\/person\/af537ee7d60d15984c7e0affcd8a918b\",\"name\":\"Jos\u00e9 Carlos Marrero Gonz\u00e1lez\",\"image\":{\"@type\":\"ImageObject\",\"inLanguage\":\"es\",\"@id\":\"https:\/\/elcotarro.com\/#\/schema\/person\/image\/\",\"url\":\"https:\/\/secure.gravatar.com\/avatar\/def4da036efb5d32c74d49c351f6dccc064dd69ad9f3aadc295c5a9a5391ca01?s=96&d=mm&r=g\",\"contentUrl\":\"https:\/\/secure.gravatar.com\/avatar\/def4da036efb5d32c74d49c351f6dccc064dd69ad9f3aadc295c5a9a5391ca01?s=96&d=mm&r=g\",\"caption\":\"Jos\u00e9 Carlos Marrero Gonz\u00e1lez\"},\"sameAs\":[\"https:\/\/elcotarro.com\"],\"url\":\"https:\/\/elcotarro.com\/?author=2\"}]}<\/script>\n<!-- \/ Yoast SEO plugin. -->","yoast_head_json":{"title":"EL COTARRO \/ 453, DEL DOMINGO, 14\/05\/2023 - El Cotarro","robots":{"index":"index","follow":"follow","max-snippet":"max-snippet:-1","max-image-preview":"max-image-preview:large","max-video-preview":"max-video-preview:-1"},"canonical":"https:\/\/elcotarro.com\/?p=10558","og_locale":"es_ES","og_type":"article","og_title":"EL COTARRO \/ 453, DEL DOMINGO, 14\/05\/2023 - El Cotarro","og_description":"\u2018EL COTARRO\u2019 DIGITAL 453 DEL 14 DE MAYO DE 2023 &nbsp; &nbsp; Por Jos\u00e9 Carlos Marrero * \u00a0 &nbsp; NO SE PUEDEN PUBLICAR SONDEOS, PERO S\u00cd PORRAS Comienzo El Cotarro de este domingo recordando que, ahora s\u00ed, de verdad de la buena, estamos ya en plena campa\u00f1a electoral. Faltan exactamente 14 d\u00edas para las Elecciones ... Read more","og_url":"https:\/\/elcotarro.com\/?p=10558","og_site_name":"El Cotarro","article_publisher":"https:\/\/www.facebook.com\/ElCotarro.Tenerife","article_published_time":"2023-05-13T23:20:22+00:00","article_modified_time":"2023-05-14T08:53:43+00:00","og_image":[{"url":"https:\/\/canariasenpositivo.com\/wp-content\/uploads\/2023\/05\/1.-URNAS-28M-1024x577.jpg","type":"","width":"","height":""}],"author":"Jos\u00e9 Carlos Marrero Gonz\u00e1lez","twitter_misc":{"Escrito por":"Jos\u00e9 Carlos Marrero Gonz\u00e1lez","Tiempo de lectura":"17 minutos"},"schema":{"@context":"https:\/\/schema.org","@graph":[{"@type":"Article","@id":"https:\/\/elcotarro.com\/?p=10558#article","isPartOf":{"@id":"https:\/\/elcotarro.com\/?p=10558"},"author":{"name":"Jos\u00e9 Carlos Marrero Gonz\u00e1lez","@id":"https:\/\/elcotarro.com\/#\/schema\/person\/af537ee7d60d15984c7e0affcd8a918b"},"headline":"EL COTARRO \/ 453, DEL DOMINGO, 14\/05\/2023","datePublished":"2023-05-13T23:20:22+00:00","dateModified":"2023-05-14T08:53:43+00:00","mainEntityOfPage":{"@id":"https:\/\/elcotarro.com\/?p=10558"},"wordCount":3189,"commentCount":2,"publisher":{"@id":"https:\/\/elcotarro.com\/#organization"},"image":{"@id":"https:\/\/elcotarro.com\/?p=10558#primaryimage"},"thumbnailUrl":"https:\/\/canariasenpositivo.com\/wp-content\/uploads\/2023\/05\/1.-URNAS-28M-1024x577.jpg","articleSection":["El Cotarro"],"inLanguage":"es","potentialAction":[{"@type":"CommentAction","name":"Comment","target":["https:\/\/elcotarro.com\/?p=10558#respond"]}]},{"@type":"WebPage","@id":"https:\/\/elcotarro.com\/?p=10558","url":"https:\/\/elcotarro.com\/?p=10558","name":"EL COTARRO \/ 453, DEL DOMINGO, 14\/05\/2023 - El Cotarro","isPartOf":{"@id":"https:\/\/elcotarro.com\/#website"},"primaryImageOfPage":{"@id":"https:\/\/elcotarro.com\/?p=10558#primaryimage"},"image":{"@id":"https:\/\/elcotarro.com\/?p=10558#primaryimage"},"thumbnailUrl":"https:\/\/canariasenpositivo.com\/wp-content\/uploads\/2023\/05\/1.-URNAS-28M-1024x577.jpg","datePublished":"2023-05-13T23:20:22+00:00","dateModified":"2023-05-14T08:53:43+00:00","breadcrumb":{"@id":"https:\/\/elcotarro.com\/?p=10558#breadcrumb"},"inLanguage":"es","potentialAction":[{"@type":"ReadAction","target":["https:\/\/elcotarro.com\/?p=10558"]}]},{"@type":"ImageObject","inLanguage":"es","@id":"https:\/\/elcotarro.com\/?p=10558#primaryimage","url":"https:\/\/canariasenpositivo.com\/wp-content\/uploads\/2023\/05\/1.-URNAS-28M-1024x577.jpg","contentUrl":"https:\/\/canariasenpositivo.com\/wp-content\/uploads\/2023\/05\/1.-URNAS-28M-1024x577.jpg"},{"@type":"BreadcrumbList","@id":"https:\/\/elcotarro.com\/?p=10558#breadcrumb","itemListElement":[{"@type":"ListItem","position":1,"name":"Portada","item":"https:\/\/elcotarro.com\/"},{"@type":"ListItem","position":2,"name":"EL COTARRO \/ 453, DEL DOMINGO, 14\/05\/2023"}]},{"@type":"WebSite","@id":"https:\/\/elcotarro.com\/#website","url":"https:\/\/elcotarro.com\/","name":"El Cotarro","description":"Peri\u00f3dico Digital Independiente dirigido por Jos\u00e9 Carlos Marrero","publisher":{"@id":"https:\/\/elcotarro.com\/#organization"},"potentialAction":[{"@type":"SearchAction","target":{"@type":"EntryPoint","urlTemplate":"https:\/\/elcotarro.com\/?s={search_term_string}"},"query-input":{"@type":"PropertyValueSpecification","valueRequired":true,"valueName":"search_term_string"}}],"inLanguage":"es"},{"@type":"Organization","@id":"https:\/\/elcotarro.com\/#organization","name":"El Cotarro","url":"https:\/\/elcotarro.com\/","logo":{"@type":"ImageObject","inLanguage":"es","@id":"https:\/\/elcotarro.com\/#\/schema\/logo\/image\/","url":"https:\/\/elcotarro.com\/wp-content\/uploads\/2014\/09\/Cabecera_El_Cotarro_v2.jpg","contentUrl":"https:\/\/elcotarro.com\/wp-content\/uploads\/2014\/09\/Cabecera_El_Cotarro_v2.jpg","width":3540,"height":441,"caption":"El Cotarro"},"image":{"@id":"https:\/\/elcotarro.com\/#\/schema\/logo\/image\/"},"sameAs":["https:\/\/www.facebook.com\/ElCotarro.Tenerife"]},{"@type":"Person","@id":"https:\/\/elcotarro.com\/#\/schema\/person\/af537ee7d60d15984c7e0affcd8a918b","name":"Jos\u00e9 Carlos Marrero Gonz\u00e1lez","image":{"@type":"ImageObject","inLanguage":"es","@id":"https:\/\/elcotarro.com\/#\/schema\/person\/image\/","url":"https:\/\/secure.gravatar.com\/avatar\/def4da036efb5d32c74d49c351f6dccc064dd69ad9f3aadc295c5a9a5391ca01?s=96&d=mm&r=g","contentUrl":"https:\/\/secure.gravatar.com\/avatar\/def4da036efb5d32c74d49c351f6dccc064dd69ad9f3aadc295c5a9a5391ca01?s=96&d=mm&r=g","caption":"Jos\u00e9 Carlos Marrero Gonz\u00e1lez"},"sameAs":["https:\/\/elcotarro.com"],"url":"https:\/\/elcotarro.com\/?author=2"}]}},"jetpack_featured_media_url":"","jetpack_sharing_enabled":true,"_links":{"self":[{"href":"https:\/\/elcotarro.com\/index.php?rest_route=\/wp\/v2\/posts\/10558","targetHints":{"allow":["GET"]}}],"collection":[{"href":"https:\/\/elcotarro.com\/index.php?rest_route=\/wp\/v2\/posts"}],"about":[{"href":"https:\/\/elcotarro.com\/index.php?rest_route=\/wp\/v2\/types\/post"}],"author":[{"embeddable":true,"href":"https:\/\/elcotarro.com\/index.php?rest_route=\/wp\/v2\/users\/2"}],"replies":[{"embeddable":true,"href":"https:\/\/elcotarro.com\/index.php?rest_route=%2Fwp%2Fv2%2Fcomments&post=10558"}],"version-history":[{"count":4,"href":"https:\/\/elcotarro.com\/index.php?rest_route=\/wp\/v2\/posts\/10558\/revisions"}],"predecessor-version":[{"id":10562,"href":"https:\/\/elcotarro.com\/index.php?rest_route=\/wp\/v2\/posts\/10558\/revisions\/10562"}],"wp:attachment":[{"href":"https:\/\/elcotarro.com\/index.php?rest_route=%2Fwp%2Fv2%2Fmedia&parent=10558"}],"wp:term":[{"taxonomy":"category","embeddable":true,"href":"https:\/\/elcotarro.com\/index.php?rest_route=%2Fwp%2Fv2%2Fcategories&post=10558"},{"taxonomy":"post_tag","embeddable":true,"href":"https:\/\/elcotarro.com\/index.php?rest_route=%2Fwp%2Fv2%2Ftags&post=10558"}],"curies":[{"name":"wp","href":"https:\/\/api.w.org\/{rel}","templated":true}]}}