{"id":10568,"date":"2023-05-28T00:22:34","date_gmt":"2023-05-27T23:22:34","guid":{"rendered":"https:\/\/elcotarro.com\/?p=10568"},"modified":"2023-12-26T11:29:56","modified_gmt":"2023-12-26T11:29:56","slug":"el-cotarro-455-del-domingo-28-05-2023","status":"publish","type":"post","link":"https:\/\/elcotarro.com\/?p=10568","title":{"rendered":"EL COTARRO \/ 455, DEL DOMINGO, 28\/05\/2023"},"content":{"rendered":"<blockquote>\n<blockquote><p><span style=\"color: #ff0000\"><em><strong>\u2018EL COTARRO\u2019 DIGITAL 455 DEL 28 DE MAYO DE 2023<\/strong><\/em><\/span><\/p><\/blockquote>\n<p>&nbsp;<\/p>\n<p>&nbsp;<\/p>\n<p><span style=\"color: #0000ff\"><em>Por <strong>Jos\u00e9 Carlos Marrero *<\/strong><\/em><\/span><\/p>\n<p><em>\u00a0<\/em><\/p>\n<p>&nbsp;<\/p>\n<p><span style=\"color: #0000ff\"><strong>SI NO VOTAS HOY, NO TE VENGAS A QUEJAR MA\u00d1ANA<\/strong><\/span><\/p>\n<ul>\n<li>Lleg\u00f3 el d\u00eda clave para que, entre todos, elijamos a las personas que honestamente creamos que nos van a gobernar mejor. Sean quienes fueren y pertenezcan al partido, coalici\u00f3n o formaci\u00f3n pol\u00edtica que sea. Una vez m\u00e1s, <strong><em>El Cotarro<\/em><\/strong> se hace presente en la ma\u00f1ana del domingo, pero, en esta ocasi\u00f3n, no es un domingo cualquiera. Hoy, los hombres y mujeres de estas ocho Islas Canarias, tienen en su conciencia, en su mano y en su voto, la oportunidad de elegir a quienes crean que son las personas m\u00e1s v\u00e1lidas, m\u00e1s capaces, m\u00e1s honestas y trabajadoras para gobernarnos. Y creo oportuno recordar otra vez la frase publicada el pasado domingo y pronunciada por el cr\u00edtico teatral norteamericano <strong>George Jean Nathan<\/strong> (1882-1958) <em>\u201clos malos gobernantes son elegidos por los buenos ciudadanos y ciudadanas que NO votan\u201d <\/em>O sea, que, por muy hasta los timbales que a veces estemos de la pol\u00edtica y de algunos pol\u00edticos, lo que procede hoy es votar a unos (con \u201cv\u201d) y quiz\u00e1, botar (con \u201cb\u201d) a otros. Pero este domingo digo, adem\u00e1s, que, si no votas hoy, no te vengas ma\u00f1ana a quejar, lament\u00e1ndote por no haberlo hecho.<\/li>\n<\/ul>\n<p><img loading=\"lazy\" decoding=\"async\" class=\"size-large wp-image-6139 aligncenter\" src=\"https:\/\/canariasenpositivo.com\/wp-content\/uploads\/2023\/05\/1.-URNAS-28M-1-1024x577.jpg\" alt=\"\" width=\"660\" height=\"372\" \/><\/p>\n<p style=\"text-align: center\"><em>En una urna similar a estas, hoy usted puede, debe y tendr\u00eda que depositar su voto. <\/em><\/p>\n<p>&nbsp;<\/p>\n<p><span style=\"color: #0000ff\"><strong>UNA CURIOSA COSTUMBRE EN EL D\u00cdA DE REFLEXI\u00d3N<\/strong><\/span><\/p>\n<ul>\n<li>Mientras llegaba el d\u00eda de hoy, los pol\u00edticos y pol\u00edticas que conforman las listas de los distintos partidos y coaliciones, emplearon el d\u00eda de ayer su tiempo en las m\u00e1s diversas y curiosas actividades. Como no podr\u00eda contar todas las que me han llegado, me quedo con una que, por lo que me han contado, se viene repitiendo sistem\u00e1ticamente desde hace ahora 12 a\u00f1os, justo cuando <strong>Jos\u00e9 Manuel Berm\u00fadez<\/strong>, el a\u00f1o 2011, se present\u00f3 por primera vez a la alcald\u00eda de Santa Cruz de Tenerife. Y es que al hombre no se le ocurri\u00f3 otra cosa el d\u00eda de la \u201cJornada de Reflexi\u00f3n\u201d que irse a reflexionar a la Cueva del <strong>Santo Hermano Pedro<\/strong>, en Granadilla de Abona, para luego, de regreso a Santa Cruz, pararse en la Villa Mariana de Candelaria, para seguir reflexionando ante la venerada imagen de Nuestra Se\u00f1ora la <strong>Virgen de Candelaria<\/strong>. Lo doblemente curioso es que, para esta peregrinaci\u00f3n reflexiva, <strong>Jos\u00e9 Manuel Berm\u00fadez <\/strong>ha ido siempre acompa\u00f1ado, en todas las elecciones habidas, por su amigo y popular cantante, <strong>Chago Meli\u00e1n<\/strong>, puntero y lagunero de pro. Veremos esta noche si la reflexi\u00f3n y rezos se transforman en buenos resultados. En cualquier caso, mucha suerte a todos y que al final sea lo que los votantes quieran.<\/li>\n<\/ul>\n<p><img loading=\"lazy\" decoding=\"async\" class=\"size-full wp-image-6140 aligncenter\" src=\"https:\/\/canariasenpositivo.com\/wp-content\/uploads\/2023\/05\/2.-CUEVA-HERMANO-PEDRO.jpg\" alt=\"\" width=\"740\" height=\"370\" \/><\/p>\n<p style=\"text-align: center\"><em>Exterior del espacio religioso Cueva del Santo Hermano Pedro, en Granadilla de Abona.<\/em><\/p>\n<p>&nbsp;<\/p>\n<p><span style=\"color: #0000ff\"><strong>EL MERECIDO \u00c9XITO DE UNA GRAN FERIA DE TENERIFE<\/strong><\/span><\/p>\n<ul>\n<li>Cambio de tercio y dejo por hoy la pol\u00edtica para no meterme en charco alguno. Quiz\u00e1 est\u00e9 mal que yo lo diga, siendo uno de los organizadores y directores del mismo, conjuntamente con mi compa\u00f1ero y amigo <strong>Jonay L\u00f3pez Soto<\/strong>, director de Ferias y Eventos de la Instituci\u00f3n de Tenerife (IFTSA) y la periodista <strong>Laura Docampo Del Conte,<\/strong> que este a\u00f1o se ha sumado al equipo como subdirectora, pero creo que podemos felicitarnos y presumir con orgullo del exitazo del <strong>8\u00ba Sal\u00f3n Gastron\u00f3mico de Canarias \u2013 GastroCanarias 2023<\/strong>, celebrado en el Recinto Ferial de Tenerife el martes, mi\u00e9rcoles y jueves de esta pasada semana. El evento, que ya part\u00eda como la mayor feria de Canarias en valor absoluto, ha roto y superado todos los r\u00e9cords que ten\u00eda hasta la fecha. A falta de un recuento exhaustivo, podemos adelantar que se ha superado la superficie ocupada por stands y el n\u00famero de empresas expositoras, el numero total de visitantes en solo tres d\u00edas y la cifra de negocio generados durante esos tres d\u00edas de celebraci\u00f3n. En las palabras que siempre me obligan a pronunciar en la apertura del acto inaugural, dije algo que hoy me gustar\u00eda compartir seguidamente con ustedes.<\/li>\n<\/ul>\n<p><em> <img loading=\"lazy\" decoding=\"async\" class=\"size-large wp-image-6141 aligncenter\" src=\"https:\/\/canariasenpositivo.com\/wp-content\/uploads\/2023\/05\/3.-PANORAMICA-8o-SALON-1024x253.jpg\" alt=\"\" width=\"660\" height=\"163\" \/><\/em><\/p>\n<p style=\"text-align: center\"><em>Fotomontaje con la panor\u00e1mica del 8\u00ba Sal\u00f3n Gastron\u00f3mico \u2013 GastroCanarias 2023<\/em><\/p>\n<p>&nbsp;<\/p>\n<p><span style=\"color: #0000ff\"><strong>GASTROCANARIAS 2023 SUPER\u00d3 TODOS LOS R\u00c9CORDS<\/strong><\/span><\/p>\n<ul>\n<li>Dije que, muchas veces, los tinerfe\u00f1os y los canarios nos subestimamos, nos da verg\u00fcenza sacar pecho por lo que hacemos, nos cuesta mostrar nuestra satisfacci\u00f3n por contar con algo de \u00e9xito y nos ruboriza presumir sanamente y con mucho orgullo de ello. Nuestro <strong>Sal\u00f3n Gastron\u00f3mico de Canarias &#8211; GastroCanarias<\/strong>, el que naci\u00f3 y tiene su sede en Tenerife, creo que se ha ganado por m\u00e9ritos propios el gran prestigio que ya tiene en nuestro Archipi\u00e9lago y, por qu\u00e9 no decirlo, tambi\u00e9n en la Pen\u00ednsula, estando ya considerado como la 5\u00aa feria gastron\u00f3mica m\u00e1s importante de Espa\u00f1a, despu\u00e9s de Alimentaria, MadridFusi\u00f3n, Gastronomika y el Sal\u00f3n de Gourmets. Por su parte, el <strong>Campeonato de Canarias Absoluto de Cocina<\/strong>, cuya 17\u00aa edici\u00f3n se celebr\u00f3 dentro del 8\u00ba Sal\u00f3n, est\u00e1 asimismo considerado como el 3\u00ba m\u00e1s importante y riguroso de Espa\u00f1a. Todos tenemos derecho, podemos y debemos sentirnos orgullosos de ello, y les animo a que lo sientan ustedes tambi\u00e9n, que saquen pecho y presuman de tener todo esto. All\u00e1 donde est\u00e9, mi gran amigo (casi hermano) <strong>Ignacio Pintado Mascare\u00f1o<\/strong> (Q.e.p.d.) exgerente de la IFTSA y gran inspirador y promotor del Sal\u00f3n Gastron\u00f3mico de Canarias, seguro que estar\u00e1 orgullo so del mismo y de quienes lo hacen realidad.<\/li>\n<\/ul>\n<p><img loading=\"lazy\" decoding=\"async\" class=\"size-large wp-image-6142 aligncenter\" src=\"https:\/\/canariasenpositivo.com\/wp-content\/uploads\/2023\/05\/4.-IGNACIO-JONAY-Y-YO-1024x683.jpg\" alt=\"\" width=\"660\" height=\"440\" \/><\/p>\n<p style=\"text-align: center\"><em>De nuevo nuestro homenaje y permanente recuerdo a Ignacio Pintado (q.e.p.d.), en el centro de la foto, junto a Jonay L\u00f3pez (d) y un servidor en el 4\u00ba Sal\u00f3n Gastron\u00f3mico &#8211; GastroCanarias 2017<\/em><\/p>\n<p><em>\u00a0<\/em><\/p>\n<p><span style=\"color: #0000ff\"><strong>LA BANDERA DEL C.B. CANARIAS EN LA TORRE EIFFEL<\/strong><\/span><\/p>\n<ul>\n<li>Les comento, por cierto, una curiosa y divertida an\u00e9cdota que se pudo vivir durante la celebraci\u00f3n del <strong>8\u00ba Sal\u00f3n Gastron\u00f3mico de Canarias &#8211; GastroCanarias 2023.<\/strong> Se produjo en uno de los stands m\u00e1s grandes y mejor montados de GastroCanarias, que fue el de la empresa expositora <strong>HOALVE Canaria<\/strong>s, probablemente la mayor y m\u00e1s importante empresa especializada en menaje y equipamiento de hoteles y restaurantes de Canarias. Los profesionales de la empresa <strong>HOALVE Canarias<\/strong>, que desde hace mucho tiempo, son forofos incondicionales y leales seguidores del Club Baloncesto Canarias, han tenido un simp\u00e1tico gesto con el lagunero equipo aurinegro al que muchas veces acompa\u00f1an en los partidos que pueden, incluso los de fuera. Una de las marcas de prestigio que representa <strong>HOALVE Canarias<\/strong> es la francesa <strong>De Buyer<\/strong>, que suele presentar sus productos en una reproducci\u00f3n de la Torre Eiffel coronada por una bandera de Francia. Los amigos de <strong>HOALVE Canarias<\/strong> no dudaron en cambiar la bandera gala por la del C.B. Canarias, que luci\u00f3 de maravilla en el punto m\u00e1s alto de la Torre Eiffel. Todo un homenaje al C.B. Canarias, que se agradece y que dice mucho de <strong>HOALVE Canarias<\/strong> y su buena gente.<\/li>\n<\/ul>\n<p><img loading=\"lazy\" decoding=\"async\" class=\"size-large wp-image-6143 aligncenter\" src=\"https:\/\/canariasenpositivo.com\/wp-content\/uploads\/2023\/05\/5.-CANARIAS-EN-LA-TORRE-EIFFEL-1024x439.jpg\" alt=\"\" width=\"660\" height=\"283\" \/><\/p>\n<p style=\"text-align: center\"><em>La \u201cTorre Eiffel\u201d coronada por el estandarte del CB Canarias en el stand de HOALVE<\/em><\/p>\n<p>&nbsp;<\/p>\n<p><span style=\"color: #0000ff\"><strong>LOS \u00abALTOS\u00bb CHEFS ABROMAITIS, RODR\u00cdGUEZ Y SASTRE<\/strong><\/span><\/p>\n<ul>\n<li>Durante los tres d\u00edas de GastroCanarias 2023, m\u00e1s de 20.000 personas se pasearon sabrosamente visitando los 249 stand de las 93 empresas que all\u00ed se dieron cita. Entre esas personas pudimos ver a varias de las jugadoras del U.D. Granadilla-Egatesa, con su presidente <strong>Sergio Batista<\/strong> al frente, en el stand de la propia firma Egatesa, donde les recibi\u00f3 el presidente y fundador de la firma, <strong>Juan Pelayo Duque<\/strong> y sus hijos, <strong>Juan Antonio<\/strong> y <strong>Alejandro Pelayo Sanzol<\/strong>. De igual modo y tambi\u00e9n en el stand de Egatesa pudimos ver a varios jugadores de C.D. Tenerife, con su presidente <strong>Paulino Rivero<\/strong> al frente. Pero lo que result\u00f3 curioso fue ver a tres \u201cl\u00e1tigos\u201d jugadores del C.B. Canarias, junto a su gran gerente <strong>Aniano Cabrera<\/strong>, en el stand de la firma 5 Oc\u00e9anos, donde el americano <strong>Tim Abromaitis <\/strong>(Ala-Pivot), y los espa\u00f1oles <strong>Sergio Rodr\u00edguez <\/strong>(Alero) y <strong>Joan Sastre <\/strong>(Escolta), se convirtieron en improvisados, pero muy talentosos cocineros. Dirigidos por el chef que comandaba el stand de 5 Oc\u00e9anos, <strong>Abromaitis<\/strong>, <strong>Rodr\u00edguez<\/strong> y <strong>Sastre<\/strong> cocinaron unos deliciosos platos cuya receta y elaboraci\u00f3n fue seguida por partes de un buen numero de visitantes del 8\u00ba Sal\u00f3n Gastron\u00f3mico. Sin duda, muy sabrosas visitas.<\/li>\n<\/ul>\n<p><img loading=\"lazy\" decoding=\"async\" class=\"size-large wp-image-6144 aligncenter\" src=\"https:\/\/canariasenpositivo.com\/wp-content\/uploads\/2023\/05\/6.-CANARIAS-COCINANDO-1024x768.jpeg\" alt=\"\" width=\"660\" height=\"495\" \/><\/p>\n<p style=\"text-align: center\"><em>Abromaitis (i), Sergio Rodr\u00edguez (c) y Joan Sastre, en la cocina de 5 Oc\u00e9anos del 8\u00ba Sal\u00f3n<\/em><\/p>\n<p>&nbsp;<\/p>\n<p><span style=\"color: #0000ff\"><strong>DOS CANARIOS SON YA CAMPEONES DEL MUNDO<\/strong><\/span><\/p>\n<ul>\n<li>Vuelvo a cambiar de tercio coment\u00e1ndoles que, gane quien gane en esta jornada electoral de hoy, dos grandes de \u201clos nuestros\u201d ya son desde la pasada semana, nada m\u00e1s y nada menos que campeones del mundo. Me refiero a la pareja deportiva formada por nuestro apreciado tinerfe\u00f1o <strong>Iv\u00e1n Delgado Dekany<\/strong> y el grancanario <strong>\u00c1lvaro Garc\u00eda Gonz\u00e1lez,<\/strong> que el pasado 20 de mayo, en la localidad italiana de Cesenatico, se proclamaron campeones del mundo Sub-18 de Tenis Playa, dentro del ITF Beach World Championship 2023. <strong>Iv\u00e1n Delgado<\/strong> y <strong>\u00c1lvaro Garc\u00eda<\/strong> fueron a Italia como bicampeones de Espa\u00f1a y se impusieron en una disputad\u00edsima pero emocionante final a la pareja italiana formada por <strong>Tristano Frattolillo<\/strong> y <strong>Alessandro Galleti. <\/strong>La dupla canaria formada por Iv\u00e1n y \u00c1lvaro perdieron el primer set por 5-7, y se recuperaron en el segundo para ganarlo por 6-4. El tercero y \u00faltimo terminaron gan\u00e1ndolo por 10-6 en el llamado \u201csupertiebreak\u201d. Es justo y necesario decir que otras tres parejas canarias tambi\u00e9n se subieron al podio.<\/li>\n<\/ul>\n<p><img loading=\"lazy\" decoding=\"async\" class=\"size-full wp-image-6145 aligncenter\" src=\"https:\/\/canariasenpositivo.com\/wp-content\/uploads\/2023\/05\/7.-CAMPEONES-DEL-MUNDO.jpg\" alt=\"\" width=\"720\" height=\"503\" \/><\/p>\n<p style=\"text-align: center\"><em>\u00c1lvaro Garc\u00eda Gonz\u00e1lez (i) con Iv\u00e1n Delgado Dekany, campeones del mundo Sub-18 de Tenis Playa<\/em><\/p>\n<p>&nbsp;<\/p>\n<p><span style=\"color: #0000ff\"><strong>CONSTANCIA Y SUPERACI\u00d3N EN UN DURO CAMINO<\/strong><\/span><\/p>\n<ul>\n<li>Lo conseguido por <strong>Iv\u00e1n Delgado Dekany<\/strong> y <strong>\u00c1lvaro Garc\u00eda<\/strong> no es una co\u00f1a. Ni much\u00edsimo menos. Hay que recordar que este deporte de Tenis Playa es todav\u00eda muy joven y las ayudas p\u00fablicas y privadas para ayudar como patrocinadores a los deportistas son m\u00e1s bien escasas. Sobre todo, en las categor\u00edas m\u00e1s j\u00f3venes como esta Sub-18, en la que <strong>Iv\u00e1n<\/strong> y <strong>\u00c1lvaro<\/strong> ya han subido a la cima del mundo. Por ello, es aqu\u00ed donde hay que destacar, reconocer, valorar y felicitar p\u00fablicamente, no solo el trabajo y la constancia de los propios deportistas, <strong>Iv\u00e1n<\/strong> y <strong>\u00c1lvaro<\/strong>, sino, de forma muy especial, el respaldo, apoyo y tremendo esfuerzo econ\u00f3mico que realizan sus familias. En el caso de nuestro paisano tinerfe\u00f1o, <strong>Iv\u00e1n Delgado Dekany<\/strong>, hay que rese\u00f1ar que su madre, <strong>Cristina Dekany Bruno<\/strong> es la que le acompa\u00f1a en casi todos sus viajes, mientras que su abuelo, el honorable <strong>Jean Dekany Weber<\/strong>, querido y respetado ex c\u00f3nsul honorario de Francia en nuestra provincia se encarga de ejercer casi como \u201cjefe de prensa\u201d de <strong>Iv\u00e1n<\/strong>, enviando todo tipo de informaci\u00f3n, rese\u00f1as, comentarios y fotos de las haza\u00f1as deportivas de su nieto. Felicidades y p\u2019alante siempre.<\/li>\n<\/ul>\n<p><img loading=\"lazy\" decoding=\"async\" class=\"size-full wp-image-6146 aligncenter\" src=\"https:\/\/canariasenpositivo.com\/wp-content\/uploads\/2023\/05\/8.-EMOCIONADO-EN-LA-ARENA.jpg\" alt=\"\" width=\"1024\" height=\"644\" \/><\/p>\n<p style=\"text-align: center\"><em>Iv\u00e1n Delgado Dekany (en primer plano) y \u00c1lvaro Garc\u00eda Gonz\u00e1lez llorando de emoci\u00f3n en la arena, tras conseguir el campeonato mundial Sub-18 de Tenis Playa.<\/em><\/p>\n<p>&nbsp;<\/p>\n<p><span style=\"color: #0000ff\"><strong>* Jos\u00e9 Carlos MARRERO GONZ\u00c1LEZ<\/strong><\/span><\/p>\n<p>Periodista y analista de la actualidad.<\/p>\n<p>Director de <strong><em>El Cotarro<\/em><\/strong> (www.elcotarro.com)<\/p>\n<p>Director de <strong><em>Canarias en Positivo<\/em><\/strong> (www.canariasenpositivo.com)<\/p>\n<p>Director de <strong><em>GastroCanarias<\/em><\/strong> (www.gastrocanarias.com)<\/p>\n<p>&nbsp;<\/p>\n<p>Islas Canarias, 28 de mayo de 2023<\/p>\n<p><img loading=\"lazy\" decoding=\"async\" class=\"size-full wp-image-6010 aligncenter\" src=\"https:\/\/canariasenpositivo.com\/wp-content\/uploads\/2023\/04\/A-CARECA-INSULA.jpg\" alt=\"\" width=\"750\" height=\"153\" \/><\/p><\/blockquote>\n","protected":false},"excerpt":{"rendered":"<p>\u2018EL COTARRO\u2019 DIGITAL 455 DEL 28 DE MAYO DE 2023 &nbsp; &nbsp; Por Jos\u00e9 Carlos Marrero * \u00a0 &nbsp; SI NO VOTAS HOY, NO TE VENGAS A QUEJAR MA\u00d1ANA Lleg\u00f3 el d\u00eda clave para que, entre todos, elijamos a las personas que honestamente creamos que nos van a gobernar mejor. Sean quienes fueren y pertenezcan &#8230; <a class=\"read-more\" href=\"https:\/\/elcotarro.com\/?p=10568\">Read more<\/a><\/p>\n","protected":false},"author":2,"featured_media":0,"comment_status":"open","ping_status":"open","sticky":false,"template":"","format":"standard","meta":{"_jetpack_memberships_contains_paid_content":false,"footnotes":""},"categories":[4],"tags":[],"class_list":["post-10568","post","type-post","status-publish","format-standard","hentry","category-el-cotarro"],"yoast_head":"<!-- This site is optimized with the Yoast SEO plugin v27.0 - https:\/\/yoast.com\/product\/yoast-seo-wordpress\/ -->\n<title>EL COTARRO \/ 455, DEL DOMINGO, 28\/05\/2023 - El Cotarro<\/title>\n<meta name=\"robots\" content=\"index, follow, max-snippet:-1, max-image-preview:large, max-video-preview:-1\" \/>\n<link rel=\"canonical\" href=\"https:\/\/elcotarro.com\/?p=10568\" \/>\n<meta property=\"og:locale\" content=\"es_ES\" \/>\n<meta property=\"og:type\" content=\"article\" \/>\n<meta property=\"og:title\" content=\"EL COTARRO \/ 455, DEL DOMINGO, 28\/05\/2023 - El Cotarro\" \/>\n<meta property=\"og:description\" content=\"\u2018EL COTARRO\u2019 DIGITAL 455 DEL 28 DE MAYO DE 2023 &nbsp; &nbsp; Por Jos\u00e9 Carlos Marrero * \u00a0 &nbsp; SI NO VOTAS HOY, NO TE VENGAS A QUEJAR MA\u00d1ANA Lleg\u00f3 el d\u00eda clave para que, entre todos, elijamos a las personas que honestamente creamos que nos van a gobernar mejor. Sean quienes fueren y pertenezcan ... Read more\" \/>\n<meta property=\"og:url\" content=\"https:\/\/elcotarro.com\/?p=10568\" \/>\n<meta property=\"og:site_name\" content=\"El Cotarro\" \/>\n<meta property=\"article:publisher\" content=\"https:\/\/www.facebook.com\/ElCotarro.Tenerife\" \/>\n<meta property=\"article:published_time\" content=\"2023-05-27T23:22:34+00:00\" \/>\n<meta property=\"article:modified_time\" content=\"2023-12-26T11:29:56+00:00\" \/>\n<meta property=\"og:image\" content=\"https:\/\/canariasenpositivo.com\/wp-content\/uploads\/2023\/05\/1.-URNAS-28M-1-1024x577.jpg\" \/>\n<meta name=\"author\" content=\"Jos\u00e9 Carlos Marrero Gonz\u00e1lez\" \/>\n<meta name=\"twitter:label1\" content=\"Escrito por\" \/>\n\t<meta name=\"twitter:data1\" content=\"Jos\u00e9 Carlos Marrero Gonz\u00e1lez\" \/>\n\t<meta name=\"twitter:label2\" content=\"Tiempo de lectura\" \/>\n\t<meta name=\"twitter:data2\" content=\"9 minutos\" \/>\n<script type=\"application\/ld+json\" class=\"yoast-schema-graph\">{\"@context\":\"https:\/\/schema.org\",\"@graph\":[{\"@type\":\"Article\",\"@id\":\"https:\/\/elcotarro.com\/?p=10568#article\",\"isPartOf\":{\"@id\":\"https:\/\/elcotarro.com\/?p=10568\"},\"author\":{\"name\":\"Jos\u00e9 Carlos Marrero Gonz\u00e1lez\",\"@id\":\"https:\/\/elcotarro.com\/#\/schema\/person\/af537ee7d60d15984c7e0affcd8a918b\"},\"headline\":\"EL COTARRO \/ 455, DEL DOMINGO, 28\/05\/2023\",\"datePublished\":\"2023-05-27T23:22:34+00:00\",\"dateModified\":\"2023-12-26T11:29:56+00:00\",\"mainEntityOfPage\":{\"@id\":\"https:\/\/elcotarro.com\/?p=10568\"},\"wordCount\":1969,\"commentCount\":0,\"publisher\":{\"@id\":\"https:\/\/elcotarro.com\/#organization\"},\"image\":{\"@id\":\"https:\/\/elcotarro.com\/?p=10568#primaryimage\"},\"thumbnailUrl\":\"https:\/\/canariasenpositivo.com\/wp-content\/uploads\/2023\/05\/1.-URNAS-28M-1-1024x577.jpg\",\"articleSection\":[\"El Cotarro\"],\"inLanguage\":\"es\",\"potentialAction\":[{\"@type\":\"CommentAction\",\"name\":\"Comment\",\"target\":[\"https:\/\/elcotarro.com\/?p=10568#respond\"]}]},{\"@type\":\"WebPage\",\"@id\":\"https:\/\/elcotarro.com\/?p=10568\",\"url\":\"https:\/\/elcotarro.com\/?p=10568\",\"name\":\"EL COTARRO \/ 455, DEL DOMINGO, 28\/05\/2023 - El Cotarro\",\"isPartOf\":{\"@id\":\"https:\/\/elcotarro.com\/#website\"},\"primaryImageOfPage\":{\"@id\":\"https:\/\/elcotarro.com\/?p=10568#primaryimage\"},\"image\":{\"@id\":\"https:\/\/elcotarro.com\/?p=10568#primaryimage\"},\"thumbnailUrl\":\"https:\/\/canariasenpositivo.com\/wp-content\/uploads\/2023\/05\/1.-URNAS-28M-1-1024x577.jpg\",\"datePublished\":\"2023-05-27T23:22:34+00:00\",\"dateModified\":\"2023-12-26T11:29:56+00:00\",\"breadcrumb\":{\"@id\":\"https:\/\/elcotarro.com\/?p=10568#breadcrumb\"},\"inLanguage\":\"es\",\"potentialAction\":[{\"@type\":\"ReadAction\",\"target\":[\"https:\/\/elcotarro.com\/?p=10568\"]}]},{\"@type\":\"ImageObject\",\"inLanguage\":\"es\",\"@id\":\"https:\/\/elcotarro.com\/?p=10568#primaryimage\",\"url\":\"https:\/\/canariasenpositivo.com\/wp-content\/uploads\/2023\/05\/1.-URNAS-28M-1-1024x577.jpg\",\"contentUrl\":\"https:\/\/canariasenpositivo.com\/wp-content\/uploads\/2023\/05\/1.-URNAS-28M-1-1024x577.jpg\"},{\"@type\":\"BreadcrumbList\",\"@id\":\"https:\/\/elcotarro.com\/?p=10568#breadcrumb\",\"itemListElement\":[{\"@type\":\"ListItem\",\"position\":1,\"name\":\"Portada\",\"item\":\"https:\/\/elcotarro.com\/\"},{\"@type\":\"ListItem\",\"position\":2,\"name\":\"EL COTARRO \/ 455, DEL DOMINGO, 28\/05\/2023\"}]},{\"@type\":\"WebSite\",\"@id\":\"https:\/\/elcotarro.com\/#website\",\"url\":\"https:\/\/elcotarro.com\/\",\"name\":\"El Cotarro\",\"description\":\"Peri\u00f3dico Digital Independiente dirigido por Jos\u00e9 Carlos Marrero\",\"publisher\":{\"@id\":\"https:\/\/elcotarro.com\/#organization\"},\"potentialAction\":[{\"@type\":\"SearchAction\",\"target\":{\"@type\":\"EntryPoint\",\"urlTemplate\":\"https:\/\/elcotarro.com\/?s={search_term_string}\"},\"query-input\":{\"@type\":\"PropertyValueSpecification\",\"valueRequired\":true,\"valueName\":\"search_term_string\"}}],\"inLanguage\":\"es\"},{\"@type\":\"Organization\",\"@id\":\"https:\/\/elcotarro.com\/#organization\",\"name\":\"El Cotarro\",\"url\":\"https:\/\/elcotarro.com\/\",\"logo\":{\"@type\":\"ImageObject\",\"inLanguage\":\"es\",\"@id\":\"https:\/\/elcotarro.com\/#\/schema\/logo\/image\/\",\"url\":\"https:\/\/elcotarro.com\/wp-content\/uploads\/2014\/09\/Cabecera_El_Cotarro_v2.jpg\",\"contentUrl\":\"https:\/\/elcotarro.com\/wp-content\/uploads\/2014\/09\/Cabecera_El_Cotarro_v2.jpg\",\"width\":3540,\"height\":441,\"caption\":\"El Cotarro\"},\"image\":{\"@id\":\"https:\/\/elcotarro.com\/#\/schema\/logo\/image\/\"},\"sameAs\":[\"https:\/\/www.facebook.com\/ElCotarro.Tenerife\"]},{\"@type\":\"Person\",\"@id\":\"https:\/\/elcotarro.com\/#\/schema\/person\/af537ee7d60d15984c7e0affcd8a918b\",\"name\":\"Jos\u00e9 Carlos Marrero Gonz\u00e1lez\",\"image\":{\"@type\":\"ImageObject\",\"inLanguage\":\"es\",\"@id\":\"https:\/\/elcotarro.com\/#\/schema\/person\/image\/\",\"url\":\"https:\/\/secure.gravatar.com\/avatar\/def4da036efb5d32c74d49c351f6dccc064dd69ad9f3aadc295c5a9a5391ca01?s=96&d=mm&r=g\",\"contentUrl\":\"https:\/\/secure.gravatar.com\/avatar\/def4da036efb5d32c74d49c351f6dccc064dd69ad9f3aadc295c5a9a5391ca01?s=96&d=mm&r=g\",\"caption\":\"Jos\u00e9 Carlos Marrero Gonz\u00e1lez\"},\"sameAs\":[\"https:\/\/elcotarro.com\"],\"url\":\"https:\/\/elcotarro.com\/?author=2\"}]}<\/script>\n<!-- \/ Yoast SEO plugin. -->","yoast_head_json":{"title":"EL COTARRO \/ 455, DEL DOMINGO, 28\/05\/2023 - El Cotarro","robots":{"index":"index","follow":"follow","max-snippet":"max-snippet:-1","max-image-preview":"max-image-preview:large","max-video-preview":"max-video-preview:-1"},"canonical":"https:\/\/elcotarro.com\/?p=10568","og_locale":"es_ES","og_type":"article","og_title":"EL COTARRO \/ 455, DEL DOMINGO, 28\/05\/2023 - El Cotarro","og_description":"\u2018EL COTARRO\u2019 DIGITAL 455 DEL 28 DE MAYO DE 2023 &nbsp; &nbsp; Por Jos\u00e9 Carlos Marrero * \u00a0 &nbsp; SI NO VOTAS HOY, NO TE VENGAS A QUEJAR MA\u00d1ANA Lleg\u00f3 el d\u00eda clave para que, entre todos, elijamos a las personas que honestamente creamos que nos van a gobernar mejor. Sean quienes fueren y pertenezcan ... Read more","og_url":"https:\/\/elcotarro.com\/?p=10568","og_site_name":"El Cotarro","article_publisher":"https:\/\/www.facebook.com\/ElCotarro.Tenerife","article_published_time":"2023-05-27T23:22:34+00:00","article_modified_time":"2023-12-26T11:29:56+00:00","og_image":[{"url":"https:\/\/canariasenpositivo.com\/wp-content\/uploads\/2023\/05\/1.-URNAS-28M-1-1024x577.jpg","type":"","width":"","height":""}],"author":"Jos\u00e9 Carlos Marrero Gonz\u00e1lez","twitter_misc":{"Escrito por":"Jos\u00e9 Carlos Marrero Gonz\u00e1lez","Tiempo de lectura":"9 minutos"},"schema":{"@context":"https:\/\/schema.org","@graph":[{"@type":"Article","@id":"https:\/\/elcotarro.com\/?p=10568#article","isPartOf":{"@id":"https:\/\/elcotarro.com\/?p=10568"},"author":{"name":"Jos\u00e9 Carlos Marrero Gonz\u00e1lez","@id":"https:\/\/elcotarro.com\/#\/schema\/person\/af537ee7d60d15984c7e0affcd8a918b"},"headline":"EL COTARRO \/ 455, DEL DOMINGO, 28\/05\/2023","datePublished":"2023-05-27T23:22:34+00:00","dateModified":"2023-12-26T11:29:56+00:00","mainEntityOfPage":{"@id":"https:\/\/elcotarro.com\/?p=10568"},"wordCount":1969,"commentCount":0,"publisher":{"@id":"https:\/\/elcotarro.com\/#organization"},"image":{"@id":"https:\/\/elcotarro.com\/?p=10568#primaryimage"},"thumbnailUrl":"https:\/\/canariasenpositivo.com\/wp-content\/uploads\/2023\/05\/1.-URNAS-28M-1-1024x577.jpg","articleSection":["El Cotarro"],"inLanguage":"es","potentialAction":[{"@type":"CommentAction","name":"Comment","target":["https:\/\/elcotarro.com\/?p=10568#respond"]}]},{"@type":"WebPage","@id":"https:\/\/elcotarro.com\/?p=10568","url":"https:\/\/elcotarro.com\/?p=10568","name":"EL COTARRO \/ 455, DEL DOMINGO, 28\/05\/2023 - El Cotarro","isPartOf":{"@id":"https:\/\/elcotarro.com\/#website"},"primaryImageOfPage":{"@id":"https:\/\/elcotarro.com\/?p=10568#primaryimage"},"image":{"@id":"https:\/\/elcotarro.com\/?p=10568#primaryimage"},"thumbnailUrl":"https:\/\/canariasenpositivo.com\/wp-content\/uploads\/2023\/05\/1.-URNAS-28M-1-1024x577.jpg","datePublished":"2023-05-27T23:22:34+00:00","dateModified":"2023-12-26T11:29:56+00:00","breadcrumb":{"@id":"https:\/\/elcotarro.com\/?p=10568#breadcrumb"},"inLanguage":"es","potentialAction":[{"@type":"ReadAction","target":["https:\/\/elcotarro.com\/?p=10568"]}]},{"@type":"ImageObject","inLanguage":"es","@id":"https:\/\/elcotarro.com\/?p=10568#primaryimage","url":"https:\/\/canariasenpositivo.com\/wp-content\/uploads\/2023\/05\/1.-URNAS-28M-1-1024x577.jpg","contentUrl":"https:\/\/canariasenpositivo.com\/wp-content\/uploads\/2023\/05\/1.-URNAS-28M-1-1024x577.jpg"},{"@type":"BreadcrumbList","@id":"https:\/\/elcotarro.com\/?p=10568#breadcrumb","itemListElement":[{"@type":"ListItem","position":1,"name":"Portada","item":"https:\/\/elcotarro.com\/"},{"@type":"ListItem","position":2,"name":"EL COTARRO \/ 455, DEL DOMINGO, 28\/05\/2023"}]},{"@type":"WebSite","@id":"https:\/\/elcotarro.com\/#website","url":"https:\/\/elcotarro.com\/","name":"El Cotarro","description":"Peri\u00f3dico Digital Independiente dirigido por Jos\u00e9 Carlos Marrero","publisher":{"@id":"https:\/\/elcotarro.com\/#organization"},"potentialAction":[{"@type":"SearchAction","target":{"@type":"EntryPoint","urlTemplate":"https:\/\/elcotarro.com\/?s={search_term_string}"},"query-input":{"@type":"PropertyValueSpecification","valueRequired":true,"valueName":"search_term_string"}}],"inLanguage":"es"},{"@type":"Organization","@id":"https:\/\/elcotarro.com\/#organization","name":"El Cotarro","url":"https:\/\/elcotarro.com\/","logo":{"@type":"ImageObject","inLanguage":"es","@id":"https:\/\/elcotarro.com\/#\/schema\/logo\/image\/","url":"https:\/\/elcotarro.com\/wp-content\/uploads\/2014\/09\/Cabecera_El_Cotarro_v2.jpg","contentUrl":"https:\/\/elcotarro.com\/wp-content\/uploads\/2014\/09\/Cabecera_El_Cotarro_v2.jpg","width":3540,"height":441,"caption":"El Cotarro"},"image":{"@id":"https:\/\/elcotarro.com\/#\/schema\/logo\/image\/"},"sameAs":["https:\/\/www.facebook.com\/ElCotarro.Tenerife"]},{"@type":"Person","@id":"https:\/\/elcotarro.com\/#\/schema\/person\/af537ee7d60d15984c7e0affcd8a918b","name":"Jos\u00e9 Carlos Marrero Gonz\u00e1lez","image":{"@type":"ImageObject","inLanguage":"es","@id":"https:\/\/elcotarro.com\/#\/schema\/person\/image\/","url":"https:\/\/secure.gravatar.com\/avatar\/def4da036efb5d32c74d49c351f6dccc064dd69ad9f3aadc295c5a9a5391ca01?s=96&d=mm&r=g","contentUrl":"https:\/\/secure.gravatar.com\/avatar\/def4da036efb5d32c74d49c351f6dccc064dd69ad9f3aadc295c5a9a5391ca01?s=96&d=mm&r=g","caption":"Jos\u00e9 Carlos Marrero Gonz\u00e1lez"},"sameAs":["https:\/\/elcotarro.com"],"url":"https:\/\/elcotarro.com\/?author=2"}]}},"jetpack_featured_media_url":"","jetpack_sharing_enabled":true,"_links":{"self":[{"href":"https:\/\/elcotarro.com\/index.php?rest_route=\/wp\/v2\/posts\/10568","targetHints":{"allow":["GET"]}}],"collection":[{"href":"https:\/\/elcotarro.com\/index.php?rest_route=\/wp\/v2\/posts"}],"about":[{"href":"https:\/\/elcotarro.com\/index.php?rest_route=\/wp\/v2\/types\/post"}],"author":[{"embeddable":true,"href":"https:\/\/elcotarro.com\/index.php?rest_route=\/wp\/v2\/users\/2"}],"replies":[{"embeddable":true,"href":"https:\/\/elcotarro.com\/index.php?rest_route=%2Fwp%2Fv2%2Fcomments&post=10568"}],"version-history":[{"count":4,"href":"https:\/\/elcotarro.com\/index.php?rest_route=\/wp\/v2\/posts\/10568\/revisions"}],"predecessor-version":[{"id":10712,"href":"https:\/\/elcotarro.com\/index.php?rest_route=\/wp\/v2\/posts\/10568\/revisions\/10712"}],"wp:attachment":[{"href":"https:\/\/elcotarro.com\/index.php?rest_route=%2Fwp%2Fv2%2Fmedia&parent=10568"}],"wp:term":[{"taxonomy":"category","embeddable":true,"href":"https:\/\/elcotarro.com\/index.php?rest_route=%2Fwp%2Fv2%2Fcategories&post=10568"},{"taxonomy":"post_tag","embeddable":true,"href":"https:\/\/elcotarro.com\/index.php?rest_route=%2Fwp%2Fv2%2Ftags&post=10568"}],"curies":[{"name":"wp","href":"https:\/\/api.w.org\/{rel}","templated":true}]}}