{"id":10574,"date":"2023-06-11T00:22:15","date_gmt":"2023-06-10T23:22:15","guid":{"rendered":"https:\/\/elcotarro.com\/?p=10574"},"modified":"2023-06-10T23:22:37","modified_gmt":"2023-06-10T22:22:37","slug":"el-cotarro-457-del-domingo-11-06-2023","status":"publish","type":"post","link":"https:\/\/elcotarro.com\/?p=10574","title":{"rendered":"EL COTARRO \/ 457, DEL DOMINGO, 11\/06\/2023"},"content":{"rendered":"<blockquote><p><span style=\"color: #ff0000\"><em><strong>\u2018EL COTARRO\u2019 DIGITAL 457 DEL 11 DE JUNIO DE 2023<\/strong><\/em><\/span><\/p><\/blockquote>\n<p>&nbsp;<\/p>\n<p>&nbsp;<\/p>\n<p><span style=\"color: #0000ff\"><em>Por <strong>Jos\u00e9 Carlos Marrero *<\/strong><\/em><\/span><\/p>\n<p><em>\u00a0<\/em><\/p>\n<p>&nbsp;<\/p>\n<p><span style=\"color: #0000ff\"><strong>LA CUESTI\u00d3N ES SABER PERDER\u2026 Y CON HUMILDAD<\/strong><\/span><\/p>\n<ul>\n<li>Comienzo <strong><em>El Cotarro<\/em><\/strong> de este domingo entendiendo que es muy dif\u00edcil, amargo y hasta triste aceptar. En las democr\u00e1ticas elecciones, es mucho m\u00e1s triste y amargo cuando, puedes haber sido la lista m\u00e1s votada, pero no tienes una mayor\u00eda absoluta, y la suma de una mayor\u00eda m\u00e1s o menos af\u00edn a tu ideolog\u00eda es imposible. Si esa realidad te lleva a perder presidencias de gobiernos, de cabildos o bastones de alcald\u00edas, pues ya ni te cuento. En cualquiera de los casos anteriores y por muy triste, dolido y cabreado que est\u00e9 uno (o una) lamentablemente hay que asumir la cruda realidad humildad y gallard\u00eda. En el caso de las pasadas elecciones locales en nuestras islas, deben (l\u00f3gicamente) estar tragando nudos y sapos, entre otros, <strong>\u00c1ngel V\u00edctor Torres<\/strong>, en el Parlamento de Canarias; <strong>Pedro Mart\u00edn Dom\u00ednguez<\/strong>, en el Cabildo de Tenerife; <strong>Patricia Hern\u00e1ndez<\/strong>, en el Ayuntamiento chicharrero, todos del PSOE, al igual que debe estar \u201ccontento\u201d <strong>Rom\u00e1n Rodr\u00edguez<\/strong> (Nueva Canarias) fuera del Parlamento canario. Pero lo que hay, es lo que hay y, de cara al futuro, como ya he dicho m\u00e1s de una vez, actuar con inteligencia, humildad y generosidad.<\/li>\n<\/ul>\n<p><img loading=\"lazy\" decoding=\"async\" class=\"size-full wp-image-6206 aligncenter\" src=\"https:\/\/canariasenpositivo.com\/wp-content\/uploads\/2023\/06\/1.-PACTO-DE-LAS-FLORES-3.jpg\" alt=\"\" width=\"880\" height=\"495\" \/><\/p>\n<p style=\"text-align: center\"><em>Las urnas han hecho imposible la reedici\u00f3n del \u201cPacto de las Flores\u201d. De izquierda derecha: Noem\u00ed Santana, \u00c1ngel V\u00edctor Torres, Rom\u00e1n Rodr\u00edguez y Casimiro Curbelo<\/em><\/p>\n<p>&nbsp;<\/p>\n<p><span style=\"color: #0000ff\"><strong>HASTA EL PR\u00d3XIMO VIERNES SE REPARTEN TRIUNFOS<\/strong><\/span><\/p>\n<ul>\n<li>Si de un envite canario se tratara, saben que la \u201cprimera mano\u201d ser\u00edan las propias elecciones; la \u201csegunda mano\u201d ser\u00edan las posibles impugnaciones; y finalmente, la \u201ctercera mano\u201d ser\u00edan los pactos de todo tipo. En algunos casos, adem\u00e1s (como en los cabildos, sobre todo) estar\u00eda el \u201ctumbo\u201d, en forma de mociones de censura. Esa realidad, tan democr\u00e1tica como las anteriores, har\u00e1 que la Presidencia del Gobierno de Canarias vuelva a <strong>Fernando Clavijo<\/strong> con Coalici\u00f3n Canaria, apoyado por el Partido Popular liderado por <strong>Manuel Dom\u00ednguez<\/strong>, que ser\u00e1 vicepresidente. Y har\u00e1 que la presidencia del Cabildo de Tenerife la asuma tambi\u00e9n CC con <strong>Rosa D\u00e1vila<\/strong> convirti\u00e9ndose en la primera mujer de la historia que ocupe tal puesto en los m\u00e1s de cien a\u00f1os de la primera corporaci\u00f3n insular tinerfe\u00f1a, apoyada tambi\u00e9n por el Partido Popular y, en este caso, <strong>Lope Afonso<\/strong>, que ser\u00e1 vicepresidente 1\u00ba. Y en el Ayuntamiento chicharrero tambi\u00e9n seguir\u00e1 CC, con <strong>Jos\u00e9 Manuel Berm\u00fadez<\/strong> en la Alcald\u00eda, apoyado asimismo por el PP con <strong>Carlos Tarife<\/strong> como primer teniente de alcalde. Pero hasta el pr\u00f3ximo viernes se \u201creparten triunfos\u201d<\/li>\n<\/ul>\n<p><img loading=\"lazy\" decoding=\"async\" class=\"size-large wp-image-6207 aligncenter\" src=\"https:\/\/canariasenpositivo.com\/wp-content\/uploads\/2023\/06\/2.-EL-NUEVO-PACTO-1024x675.jpg\" alt=\"\" width=\"660\" height=\"435\" \/><\/p>\n<p style=\"text-align: center\"><em>Firmantes del nuevo pacto que conformar\u00e1 el pr\u00f3ximo Gobierno de Canarias. De izquierda a derecha: Casimiro Curbelo, Fernando Clavijo y Manuel Dom\u00ednguez.<\/em><\/p>\n<p>&nbsp;<\/p>\n<p><span style=\"color: #0000ff\"><strong>LA LAGUNA, UNA PLAZA CLAVE DIF\u00cdCIL DE GOBERNAR<\/strong><\/span><\/p>\n<ul>\n<li>Ustedes saben que la cabra siempre tira p\u2019al monte y el lagunero para m\u00e1s arriba de Vistabella. Por eso me permitir\u00e1n que, una semana m\u00e1s, me detenga unos p\u00e1rrafos en mi patria chica. A nadie se le escapa que La Laguna es la tercera ciudad y municipio en importancia de Canarias, y que es \u201ccaja de resonancia\u201d en muchos sentidos. En el \u00e1mbito de la pol\u00edtica lo es y, a la vista de los resultados de las pasadas elecciones, parece que se intuye que el pr\u00f3ximo mandato de <strong>Luis Yeray Guti\u00e9rrez<\/strong> como alcalde no va a ser, precisamente, un camino de rosas. El PSOE consigui\u00f3 10 concejales que, sumados con los dos de Unidas Se Puede (USP) y los otros dos de Drago Verdes Canarias (DVC) obtendr\u00edan una suma de 14 concejales, lo que supone una mayor\u00eda suficiente para gobernar el Ayuntamiento. Eso es as\u00ed, pero a nadie se le escapa la poca o nula relaci\u00f3n (y adem\u00e1s. mala) entre <strong>Rubens Ascanio<\/strong> (US) y <strong>Alberto Rodr\u00edguez<\/strong> (DVC), ya m\u00e1s conocido como \u201c<em>El Largo\u201d<\/em> de La Laguna.<\/li>\n<\/ul>\n<p><img loading=\"lazy\" decoding=\"async\" class=\"size-large wp-image-6208 aligncenter\" src=\"https:\/\/canariasenpositivo.com\/wp-content\/uploads\/2023\/06\/3.-LUIS-YERAY-CON-ALAMBRADA-1024x640.jpg\" alt=\"\" width=\"660\" height=\"413\" \/><\/p>\n<p style=\"text-align: center\"><em>El alcalde Luis Yeray Guti\u00e9rrez podr\u00eda tener \u201cal otro lado de la alambrada\u201d pol\u00edtica a dos \u201cgallos\u201d que le podr\u00edan convertir su mandato en un \u201ccalvario\u201d complicado.<\/em><\/p>\n<p>&nbsp;<\/p>\n<p><span style=\"color: #0000ff\"><strong>\u201cV\u00cdA CRUCIS\u201d DE 4 A\u00d1OS PARA GOBERNAR LA LAGUNA<\/strong><\/span><\/p>\n<ul>\n<li>Durante la campa\u00f1a, <strong>Rubens Ascanio<\/strong> le dijo a <strong>Alberto<\/strong> que se fuera aprendiendo las fronteras laguneras. Y el largo <strong>Alberto Rodr\u00edguez<\/strong> le ech\u00f3 en cara a <strong>Rubens<\/strong> que, durante los cuatro a\u00f1os de mandato de <strong>Luis Yeray Guti\u00e9rrez<\/strong> junto al PSOE y <strong>Santiago P\u00e9rez<\/strong> (Avante) echara la vista para otro lado y ni rechistara, cuando se plantearon las diferentes acusaciones y denuncias contra varios miembros del Grupo de Gobierno lagunero por presuntas irregularidades o ilegalidades que, en alg\u00fan caso, est\u00e1n hoy en manos de la Justicia. As\u00ed las cosas y las ya mencionadas \u201creticencias\u201d entre <strong>Alberto<\/strong> y <strong>Rubens<\/strong>, parece que para el \u00ednclito <strong>Luis Yeray<\/strong> va a ser bastante \u201cdivertido\u201d gobernar el ayuntamiento junto con los otros dos gallos. Eso sin contar, claro est\u00e1, las apetencias del reci\u00e9n llegado <strong>Alberto<\/strong> <strong>Rodr\u00edguez<\/strong> (DVC) por querer ser \u00e9l quien sea el alcalde. Por pedir que no quede. Si es que no deja la alcald\u00eda y se va para Madrid a volver a ocupar un esca\u00f1o en el Congreso y \u201cquitarse la espinita\u201d que le clavaron sus examigos de Podemos.<\/li>\n<\/ul>\n<p><img loading=\"lazy\" decoding=\"async\" class=\"size-full wp-image-6209 aligncenter\" src=\"https:\/\/canariasenpositivo.com\/wp-content\/uploads\/2023\/06\/4.-ALBERTO-RODRIGUEZ.webp\" alt=\"\" width=\"800\" height=\"533\" \/><\/p>\n<p style=\"text-align: center\"><em>\u201cEl largo\u201d Alberto Rodr\u00edguez (DVC) quien, casi l\u00f3gicamente, quiere aspirar a todo.<\/em><\/p>\n<p>&nbsp;<\/p>\n<p><span style=\"color: #0000ff\"><strong>COMO SIEMPRE, TODO ES POSIBLE EN LA LAGUNA<\/strong><\/span><\/p>\n<ul>\n<li>Pero, ante este posible escenario de gobierno en La Laguna, parece que podr\u00edan darse otras condiciones, otras posibles mayor\u00edas, otros posibles intereses mutuos y hasta otros posibles gobiernos\u2026 Esto puede parecer raro, imposible, complicado, incre\u00edble, y hasta no gustar a m\u00e1s de uno\u2026 Pero puede ser y no ser\u00eda la primera vez en La Laguna. Si no me equivoco, el a\u00f1o 1979, <strong>Jos\u00e9 Luis Mederos Aparicio<\/strong> (UCD) sac\u00f3 13 concejales, pero gobern\u00f3 como alcalde el querido y respetado artista <strong>Pedro Gonz\u00e1lez<\/strong>, sumando los 10 concejales del PSOE, con los 5 de Uni\u00f3n del Pueblo Canario (UPC) los 2 de Asamblea Lagunera (AL) y 1 del Partido Comunista (PC). Pero, volviendo a nuestra realidad actual, parece que <strong>Luis Yeray Guti\u00e9rrez <\/strong>y el PSOE pueden estarse pensando los dif\u00edcil y complicado que se le presenta gobernar con USP y DVC, con cuatro a\u00f1os por delante. Ayer, Jonathan <strong>Dom\u00ednguez Roger<\/strong> (Coalici\u00f3n Canaria) anunci\u00f3 su posible candidatura al Senado, aunque podr\u00eda seguir al mismo tiempo como concejal en La Laguna. Los potajes en La Laguna se suelen cocer a fuego lento. Para m\u00ed que un nuevo potaje lagunero se est\u00e1 cocinando y que podremos saborearlo despu\u00e9s del 23 de junio, del 23 de julio.<\/li>\n<\/ul>\n<p><img loading=\"lazy\" decoding=\"async\" class=\"size-large wp-image-6211 aligncenter\" src=\"https:\/\/canariasenpositivo.com\/wp-content\/uploads\/2023\/06\/5.-JONATHAN-DOMINGUEZ.jpg\" alt=\"\" width=\"646\" height=\"742\" \/><\/p>\n<p style=\"text-align: center\"><em>Parece que Jonathan quiere ser senador y, al mismo tiempo, concejal en La Laguna.<\/em><\/p>\n<p>&nbsp;<\/p>\n<p><span style=\"color: #0000ff\"><strong>CHRISTOPH KIESSLING, NUEVO C\u00d3NSUL DE TAILANDIA<\/strong><\/span><\/p>\n<ul>\n<li>Cambio de tercio para, sali\u00e9ndome de la pol\u00edtica, hacerme eco del ascenso en honorabilidad de \u201cotro de los nuestros\u201d. Me refiero en este caso al vicepresidente de la compa\u00f1\u00eda Loro Parque, <strong>Christoph Kiessling<\/strong>, quien acaba se ser nombrado nuevo C\u00f3nsul Honorario de Tailandia en Canarias. El nombramiento fue realizado por el embajador de Tailandia en Espa\u00f1a, el muy honorable <strong>Vosita Vorasaph<\/strong>. En el acto estuvieron presentes el presidente de Canarias en funciones, <strong>\u00c1ngel V\u00edctor<\/strong> <strong>Torres<\/strong>, as\u00ed como otras autoridades civiles y militares, representantes del cuerpo consular de las Islas Canarias y miembros de la comunidad tailandesa en Tenerife. La admiraci\u00f3n y relaci\u00f3n de sinton\u00eda con Tailandia del ya honorable <strong>Christoph Kiessling<\/strong> queda patente en cada visita a Loro Parque, Siam Park o el Hotel Bot\u00e1nico, donde la ambientaci\u00f3n tailandesa que se ha creado de forma detallista y elegante en los tres establecimientos, ha logrado que millones de visitantes procedentes de todo el mundo experimenten el exotismo del pa\u00eds asi\u00e1tico en Tenerife.<\/li>\n<\/ul>\n<p><img loading=\"lazy\" decoding=\"async\" class=\"size-large wp-image-6212 aligncenter\" src=\"https:\/\/canariasenpositivo.com\/wp-content\/uploads\/2023\/06\/6.-CHRISTOPH-CONSUL-1024x586.jpg\" alt=\"\" width=\"660\" height=\"378\" \/><\/p>\n<p style=\"text-align: center\"><em>Vosita Vorasaph (i) entrega el t\u00edtulo de c\u00f3nsul de Tailandia a Christoph Kiessling<\/em><\/p>\n<p><em>\u00a0<\/em><\/p>\n<p><span style=\"color: #0000ff\"><strong>CONDECORACI\u00d3N REAL PARA WOLFGANG KIESSLING<\/strong><\/span><\/p>\n<ul>\n<li>Con el nombramiento de <strong>Christoph Kiessling<\/strong> como C\u00f3nsul Honorario de Tailandia se da continuidad a la labor de Loro Parque en la difusi\u00f3n del legado de la cultura y los valores del pa\u00eds El anterior C\u00f3nsul General Honorario en Canarias de Tailandia, el honorable <strong>Wolfgang Kiessling<\/strong>, ejerci\u00f3 este cargo entre 1994 y 2021. Y gracias a su excepcional trayectoria por defender potenciar la cultura tailandesa, el presidente de Loro Parque, <strong>Wolfgang Kiessling<\/strong>, ha recibido la condecoraci\u00f3n real \u201cCaballero de la Gran Cruz de la M\u00e1s Noble Orden de la Corona de Tailandia\u201d, la m\u00e1s importante que otorga el pa\u00eds asi\u00e1tico. <strong>Wolfang<\/strong> <strong>Kiessling<\/strong> (padre de <strong>Christoph<\/strong>) es uno de los pocos extranjeros que la han recibido. La ceremonia, que se celebr\u00f3 en el Loro Parque, tambi\u00e9n estuvo a cargo del embajador de Tailandia en Espa\u00f1a, <strong>Vosita Vorasaph<\/strong>, que entreg\u00f3 la distinci\u00f3n a <strong>Wolfgang Kiessling<\/strong> en nombre de su majestad <strong>Maha Vajiralongkorn,<\/strong> Rey de Tailandia. El profundo respeto que <strong>Wolfgang Kiessling<\/strong> ha mostrado al pueblo tailand\u00e9s, aportando culto y cooperando para difundir la tradici\u00f3n y la cultura de este pa\u00eds, le han hecho merecedor de numerosas distinciones.<\/li>\n<\/ul>\n<p><img loading=\"lazy\" decoding=\"async\" class=\"size-large wp-image-6213 aligncenter\" src=\"https:\/\/canariasenpositivo.com\/wp-content\/uploads\/2023\/06\/7.-ENTREGA-DEL-GALARDON-1024x683.jpg\" alt=\"\" width=\"660\" height=\"440\" \/><\/p>\n<p style=\"text-align: center\"><em>Wolfgang Kiessling (d) recibe la distinci\u00f3n de manos de Vosita Vorasaph<\/em><\/p>\n<p>&nbsp;<\/p>\n<p><span style=\"color: #0000ff\"><strong>UNA VIDA POTENCIANDO LA CULTURA TAILANDESA<\/strong><\/span><\/p>\n<ul>\n<li>Ya, en el a\u00f1o 2011, recibi\u00f3 la condecoraci\u00f3n \u201cComandante Caballero de la Muy Elevada Orden del Elefante Blanco de Tailandia\u201d en nombre del monarca tailand\u00e9s en ese momento, su majestad <strong>Bhumibol Adulyadej<\/strong>. En el a\u00f1o 1994, <strong>Wolfgang Kiessling se<\/strong> convirti\u00f3 en el c\u00f3nsul honorario de Tailandia en Canarias, teniendo la sede del consulado en el mismo Loro Parque. Esta posici\u00f3n ha permitido a Kiessling mantener un v\u00ednculo muy especial con el pa\u00eds asi\u00e1tico y su casa real. En su dilatada trayectoria como C\u00f3nsul Honorario de Tailandia<strong>, Wolfgang Kiessling<\/strong>, junto a su mujer, <strong>Brigitte Kiessling,<\/strong> y su hijo, <strong>Christoph Kiessling<\/strong>, ha promovido los valores de la cultura tailandesa en todo el mundo. Siam Park, Loro Parque y el Hotel Bot\u00e1nico &amp; Oriental Spa Garden se han establecido como l\u00edderes en sus respectivas \u00e1reas, y todos ellos tienen una clara ambientaci\u00f3n tailandesa, promoviendo la arquitectura y valores del pa\u00eds asi\u00e1tico.<\/li>\n<\/ul>\n<p><img loading=\"lazy\" decoding=\"async\" class=\"size-large wp-image-6214 aligncenter\" src=\"https:\/\/canariasenpositivo.com\/wp-content\/uploads\/2023\/06\/8.-FAMILIA-KIESSLING-1024x703.jpg\" alt=\"\" width=\"660\" height=\"453\" \/><\/p>\n<p style=\"text-align: center\"><em>Christoph Kiessling (i), Vosita Vorasaph, Wolfgang Kiessling y Brigitte Kiessling (d)<\/em><\/p>\n<p>&nbsp;<\/p>\n<p><span style=\"color: #0000ff\"><strong>LA FAMILIA REAL TAILANDESA CON EL LORO PARQUE<\/strong><\/span><\/p>\n<ul>\n<li>El v\u00ednculo de Loro Parque con Tailandia se remonta al a\u00f1o 1913, cuando el pr\u00edncipe <strong>Mahidol de Siam<\/strong>, padre del rey <strong>Bhumibol de Tailandia<\/strong>, visit\u00f3 Tenerife. Tras quedarse maravillado con su belleza, pint\u00f3 en su diario los paisajes m\u00e1s deslumbrantes de la isla. Como reconocimiento a la relaci\u00f3n especial que existe entre el monarca con Tenerife y la compa\u00f1\u00eda se instal\u00f3 un busto en su honor en la entrada del parque. Fue casi 80 a\u00f1os m\u00e1s tarde cuando su hija, la princesa <strong>Galyani Vadhana<\/strong>, admirada por la belleza de Loro Parque, inaugur\u00f3 el Pueblo Thai, que lleva su nombre. Y fue tal el entusiasmo que sinti\u00f3 en su visita a Tenerife que no dud\u00f3 en transmit\u00edrselo a la reina <strong>Sirikit<\/strong>, que visit\u00f3 el parque en 1996. En 2004, Loro Parque recibi\u00f3 de nuevo a S.A.R. la princesa <strong>Galyani Vadhana<\/strong> en 2008, a S.A.R. la princesa <strong>Maha Chakri Sirindhorn<\/strong> y, en 2009, a S.A.R. la princesa <strong>Chulabhorn Mahidol <\/strong>de Tailandia, lo que ha dejado constancia de la continua y excelente relaci\u00f3n entre Loro Parque y este ex\u00f3tico pa\u00eds asi\u00e1tico.<\/li>\n<\/ul>\n<p><img loading=\"lazy\" decoding=\"async\" class=\"size-large wp-image-6216 aligncenter\" src=\"https:\/\/canariasenpositivo.com\/wp-content\/uploads\/2023\/06\/9.-CYBELL-WOLFGANG-Y-CHRISTOPH.jpg\" alt=\"\" width=\"660\" height=\"438\" \/><\/p>\n<p style=\"text-align: center\"><em>La historia sigue: En el centro, Wolfgang Kiessling (fundador y presidente); a la derecha, Christoph Kiessling (2\u00aa generaci\u00f3n y vicepresidente) y la izquierda Cybell Kiessling (3\u00aa generaci\u00f3n, nieta de Wolfgang y directora de Administraci\u00f3n)<\/em><\/p>\n<p>&nbsp;<\/p>\n<p><span style=\"color: #0000ff\"><strong>EL TEIDE DEL ARRIADO DE LAS FAS EN LA GOMERA<\/strong><\/span><\/p>\n<ul>\n<li>Termino con una primera referencia a los brillantes actos desarrollados en Tenerife y toda Canarias en torno en torno al D\u00eda de Las Fuerzas Armadas 2023. Hoy solo les pongo una tremenda fotograf\u00eda y el aviso de que, Dios mediante, la pr\u00f3xima semana voy a contarles un par de detalles y an\u00e9cdotas de lo m\u00e1s sabrosas y, de paso, voy a darles de nuevo un \u201cvariscacillo\u201d apenas a quienes, una vez m\u00e1s (para mi, de forma vergonzosa) han brillado por su ausencia. La foto me la ha hecho llegar nuestro Capit\u00e1n General de Canarias, el teniente general <strong>Julio Salom Herrera<\/strong>, jefe del Mando de Canarias del Ej\u00e9rcito de Tierra. Siempre se ha dicho que una de las mejores vistas del \u201cpadre\u201d Teide, se puede observar desde la querida isla de La Gomera. El pasado mi\u00e9rcoles, con motivo del solemne Arriado de Bandera conmemorativo del D\u00eda de las Fuerzas Armadas 2023 y celebrado en el acuartelamiento \u201cCrist\u00f3bal Col\u00f3n\u201d de la isla colombina (simult\u00e1neamente con las otras siete Islas Canarias), se obtuvo esta bella imagen. En un atardecer de lujo y mientras la ense\u00f1a nacional era arriada se podr\u00eda ver la majestuosa figura de nuestro Teide \u201cizado\u201d en las cumbres de Tenerife. Maravillas de la naturaleza.<\/li>\n<\/ul>\n<p><img loading=\"lazy\" decoding=\"async\" class=\"size-large wp-image-6217 aligncenter\" src=\"https:\/\/canariasenpositivo.com\/wp-content\/uploads\/2023\/06\/10.-ARRIADO-EN-LA-GOMERA-1024x768.jpeg\" alt=\"\" width=\"660\" height=\"495\" \/><\/p>\n<p style=\"text-align: center\"><em>Solemne arriado de nuestra Bandera en La Gomera, con la majestuosa figura del Teide al fondo.<\/em><\/p>\n<p>&nbsp;<\/p>\n<p><span style=\"color: #0000ff\"><strong>* Jos\u00e9 Carlos MARRERO GONZ\u00c1LEZ<\/strong><\/span><\/p>\n<p>Periodista y analista de la actualidad.<\/p>\n<p>Director de <strong><em>El Cotarro<\/em><\/strong> (www.elcotarro.com)<\/p>\n<p>Director de <strong><em>Canarias en Positivo<\/em><\/strong> (www.canariasenpositivo.com)<\/p>\n<p>Director de <strong><em>GastroCanarias<\/em><\/strong> (www.gastrocanarias.com)<\/p>\n<p>&nbsp;<\/p>\n<p>Islas Canarias, 11 de junio de 2023<\/p>\n<p><img loading=\"lazy\" decoding=\"async\" class=\"size-full wp-image-6010 aligncenter\" src=\"https:\/\/canariasenpositivo.com\/wp-content\/uploads\/2023\/04\/A-CARECA-INSULA.jpg\" alt=\"\" width=\"750\" height=\"153\" \/><\/p>\n","protected":false},"excerpt":{"rendered":"<p>\u2018EL COTARRO\u2019 DIGITAL 457 DEL 11 DE JUNIO DE 2023 &nbsp; &nbsp; Por Jos\u00e9 Carlos Marrero * \u00a0 &nbsp; LA CUESTI\u00d3N ES SABER PERDER\u2026 Y CON HUMILDAD Comienzo El Cotarro de este domingo entendiendo que es muy dif\u00edcil, amargo y hasta triste aceptar. En las democr\u00e1ticas elecciones, es mucho m\u00e1s triste y amargo cuando, puedes &#8230; <a class=\"read-more\" href=\"https:\/\/elcotarro.com\/?p=10574\">Read more<\/a><\/p>\n","protected":false},"author":2,"featured_media":0,"comment_status":"open","ping_status":"open","sticky":false,"template":"","format":"standard","meta":{"_jetpack_memberships_contains_paid_content":false,"footnotes":""},"categories":[4],"tags":[],"class_list":["post-10574","post","type-post","status-publish","format-standard","hentry","category-el-cotarro"],"yoast_head":"<!-- This site is optimized with the Yoast SEO plugin v27.0 - https:\/\/yoast.com\/product\/yoast-seo-wordpress\/ -->\n<title>EL COTARRO \/ 457, DEL DOMINGO, 11\/06\/2023 - El Cotarro<\/title>\n<meta name=\"robots\" content=\"index, follow, max-snippet:-1, max-image-preview:large, max-video-preview:-1\" \/>\n<link rel=\"canonical\" href=\"https:\/\/elcotarro.com\/?p=10574\" \/>\n<meta property=\"og:locale\" content=\"es_ES\" \/>\n<meta property=\"og:type\" content=\"article\" \/>\n<meta property=\"og:title\" content=\"EL COTARRO \/ 457, DEL DOMINGO, 11\/06\/2023 - El Cotarro\" \/>\n<meta property=\"og:description\" content=\"\u2018EL COTARRO\u2019 DIGITAL 457 DEL 11 DE JUNIO DE 2023 &nbsp; &nbsp; Por Jos\u00e9 Carlos Marrero * \u00a0 &nbsp; LA CUESTI\u00d3N ES SABER PERDER\u2026 Y CON HUMILDAD Comienzo El Cotarro de este domingo entendiendo que es muy dif\u00edcil, amargo y hasta triste aceptar. En las democr\u00e1ticas elecciones, es mucho m\u00e1s triste y amargo cuando, puedes ... Read more\" \/>\n<meta property=\"og:url\" content=\"https:\/\/elcotarro.com\/?p=10574\" \/>\n<meta property=\"og:site_name\" content=\"El Cotarro\" \/>\n<meta property=\"article:publisher\" content=\"https:\/\/www.facebook.com\/ElCotarro.Tenerife\" \/>\n<meta property=\"article:published_time\" content=\"2023-06-10T23:22:15+00:00\" \/>\n<meta property=\"og:image\" content=\"https:\/\/canariasenpositivo.com\/wp-content\/uploads\/2023\/06\/1.-PACTO-DE-LAS-FLORES-3.jpg\" \/>\n<meta name=\"author\" content=\"Jos\u00e9 Carlos Marrero Gonz\u00e1lez\" \/>\n<meta name=\"twitter:label1\" content=\"Escrito por\" \/>\n\t<meta name=\"twitter:data1\" content=\"Jos\u00e9 Carlos Marrero Gonz\u00e1lez\" \/>\n\t<meta name=\"twitter:label2\" content=\"Tiempo de lectura\" \/>\n\t<meta name=\"twitter:data2\" content=\"12 minutos\" \/>\n<script type=\"application\/ld+json\" class=\"yoast-schema-graph\">{\"@context\":\"https:\/\/schema.org\",\"@graph\":[{\"@type\":\"Article\",\"@id\":\"https:\/\/elcotarro.com\/?p=10574#article\",\"isPartOf\":{\"@id\":\"https:\/\/elcotarro.com\/?p=10574\"},\"author\":{\"name\":\"Jos\u00e9 Carlos Marrero Gonz\u00e1lez\",\"@id\":\"https:\/\/elcotarro.com\/#\/schema\/person\/af537ee7d60d15984c7e0affcd8a918b\"},\"headline\":\"EL COTARRO \/ 457, DEL DOMINGO, 11\/06\/2023\",\"datePublished\":\"2023-06-10T23:22:15+00:00\",\"mainEntityOfPage\":{\"@id\":\"https:\/\/elcotarro.com\/?p=10574\"},\"wordCount\":2278,\"commentCount\":0,\"publisher\":{\"@id\":\"https:\/\/elcotarro.com\/#organization\"},\"image\":{\"@id\":\"https:\/\/elcotarro.com\/?p=10574#primaryimage\"},\"thumbnailUrl\":\"https:\/\/canariasenpositivo.com\/wp-content\/uploads\/2023\/06\/1.-PACTO-DE-LAS-FLORES-3.jpg\",\"articleSection\":[\"El Cotarro\"],\"inLanguage\":\"es\",\"potentialAction\":[{\"@type\":\"CommentAction\",\"name\":\"Comment\",\"target\":[\"https:\/\/elcotarro.com\/?p=10574#respond\"]}]},{\"@type\":\"WebPage\",\"@id\":\"https:\/\/elcotarro.com\/?p=10574\",\"url\":\"https:\/\/elcotarro.com\/?p=10574\",\"name\":\"EL COTARRO \/ 457, DEL DOMINGO, 11\/06\/2023 - El Cotarro\",\"isPartOf\":{\"@id\":\"https:\/\/elcotarro.com\/#website\"},\"primaryImageOfPage\":{\"@id\":\"https:\/\/elcotarro.com\/?p=10574#primaryimage\"},\"image\":{\"@id\":\"https:\/\/elcotarro.com\/?p=10574#primaryimage\"},\"thumbnailUrl\":\"https:\/\/canariasenpositivo.com\/wp-content\/uploads\/2023\/06\/1.-PACTO-DE-LAS-FLORES-3.jpg\",\"datePublished\":\"2023-06-10T23:22:15+00:00\",\"breadcrumb\":{\"@id\":\"https:\/\/elcotarro.com\/?p=10574#breadcrumb\"},\"inLanguage\":\"es\",\"potentialAction\":[{\"@type\":\"ReadAction\",\"target\":[\"https:\/\/elcotarro.com\/?p=10574\"]}]},{\"@type\":\"ImageObject\",\"inLanguage\":\"es\",\"@id\":\"https:\/\/elcotarro.com\/?p=10574#primaryimage\",\"url\":\"https:\/\/canariasenpositivo.com\/wp-content\/uploads\/2023\/06\/1.-PACTO-DE-LAS-FLORES-3.jpg\",\"contentUrl\":\"https:\/\/canariasenpositivo.com\/wp-content\/uploads\/2023\/06\/1.-PACTO-DE-LAS-FLORES-3.jpg\"},{\"@type\":\"BreadcrumbList\",\"@id\":\"https:\/\/elcotarro.com\/?p=10574#breadcrumb\",\"itemListElement\":[{\"@type\":\"ListItem\",\"position\":1,\"name\":\"Portada\",\"item\":\"https:\/\/elcotarro.com\/\"},{\"@type\":\"ListItem\",\"position\":2,\"name\":\"EL COTARRO \/ 457, DEL DOMINGO, 11\/06\/2023\"}]},{\"@type\":\"WebSite\",\"@id\":\"https:\/\/elcotarro.com\/#website\",\"url\":\"https:\/\/elcotarro.com\/\",\"name\":\"El Cotarro\",\"description\":\"Peri\u00f3dico Digital Independiente dirigido por Jos\u00e9 Carlos Marrero\",\"publisher\":{\"@id\":\"https:\/\/elcotarro.com\/#organization\"},\"potentialAction\":[{\"@type\":\"SearchAction\",\"target\":{\"@type\":\"EntryPoint\",\"urlTemplate\":\"https:\/\/elcotarro.com\/?s={search_term_string}\"},\"query-input\":{\"@type\":\"PropertyValueSpecification\",\"valueRequired\":true,\"valueName\":\"search_term_string\"}}],\"inLanguage\":\"es\"},{\"@type\":\"Organization\",\"@id\":\"https:\/\/elcotarro.com\/#organization\",\"name\":\"El Cotarro\",\"url\":\"https:\/\/elcotarro.com\/\",\"logo\":{\"@type\":\"ImageObject\",\"inLanguage\":\"es\",\"@id\":\"https:\/\/elcotarro.com\/#\/schema\/logo\/image\/\",\"url\":\"https:\/\/elcotarro.com\/wp-content\/uploads\/2014\/09\/Cabecera_El_Cotarro_v2.jpg\",\"contentUrl\":\"https:\/\/elcotarro.com\/wp-content\/uploads\/2014\/09\/Cabecera_El_Cotarro_v2.jpg\",\"width\":3540,\"height\":441,\"caption\":\"El Cotarro\"},\"image\":{\"@id\":\"https:\/\/elcotarro.com\/#\/schema\/logo\/image\/\"},\"sameAs\":[\"https:\/\/www.facebook.com\/ElCotarro.Tenerife\"]},{\"@type\":\"Person\",\"@id\":\"https:\/\/elcotarro.com\/#\/schema\/person\/af537ee7d60d15984c7e0affcd8a918b\",\"name\":\"Jos\u00e9 Carlos Marrero Gonz\u00e1lez\",\"image\":{\"@type\":\"ImageObject\",\"inLanguage\":\"es\",\"@id\":\"https:\/\/elcotarro.com\/#\/schema\/person\/image\/\",\"url\":\"https:\/\/secure.gravatar.com\/avatar\/def4da036efb5d32c74d49c351f6dccc064dd69ad9f3aadc295c5a9a5391ca01?s=96&d=mm&r=g\",\"contentUrl\":\"https:\/\/secure.gravatar.com\/avatar\/def4da036efb5d32c74d49c351f6dccc064dd69ad9f3aadc295c5a9a5391ca01?s=96&d=mm&r=g\",\"caption\":\"Jos\u00e9 Carlos Marrero Gonz\u00e1lez\"},\"sameAs\":[\"https:\/\/elcotarro.com\"],\"url\":\"https:\/\/elcotarro.com\/?author=2\"}]}<\/script>\n<!-- \/ Yoast SEO plugin. -->","yoast_head_json":{"title":"EL COTARRO \/ 457, DEL DOMINGO, 11\/06\/2023 - El Cotarro","robots":{"index":"index","follow":"follow","max-snippet":"max-snippet:-1","max-image-preview":"max-image-preview:large","max-video-preview":"max-video-preview:-1"},"canonical":"https:\/\/elcotarro.com\/?p=10574","og_locale":"es_ES","og_type":"article","og_title":"EL COTARRO \/ 457, DEL DOMINGO, 11\/06\/2023 - El Cotarro","og_description":"\u2018EL COTARRO\u2019 DIGITAL 457 DEL 11 DE JUNIO DE 2023 &nbsp; &nbsp; Por Jos\u00e9 Carlos Marrero * \u00a0 &nbsp; LA CUESTI\u00d3N ES SABER PERDER\u2026 Y CON HUMILDAD Comienzo El Cotarro de este domingo entendiendo que es muy dif\u00edcil, amargo y hasta triste aceptar. En las democr\u00e1ticas elecciones, es mucho m\u00e1s triste y amargo cuando, puedes ... Read more","og_url":"https:\/\/elcotarro.com\/?p=10574","og_site_name":"El Cotarro","article_publisher":"https:\/\/www.facebook.com\/ElCotarro.Tenerife","article_published_time":"2023-06-10T23:22:15+00:00","og_image":[{"url":"https:\/\/canariasenpositivo.com\/wp-content\/uploads\/2023\/06\/1.-PACTO-DE-LAS-FLORES-3.jpg","type":"","width":"","height":""}],"author":"Jos\u00e9 Carlos Marrero Gonz\u00e1lez","twitter_misc":{"Escrito por":"Jos\u00e9 Carlos Marrero Gonz\u00e1lez","Tiempo de lectura":"12 minutos"},"schema":{"@context":"https:\/\/schema.org","@graph":[{"@type":"Article","@id":"https:\/\/elcotarro.com\/?p=10574#article","isPartOf":{"@id":"https:\/\/elcotarro.com\/?p=10574"},"author":{"name":"Jos\u00e9 Carlos Marrero Gonz\u00e1lez","@id":"https:\/\/elcotarro.com\/#\/schema\/person\/af537ee7d60d15984c7e0affcd8a918b"},"headline":"EL COTARRO \/ 457, DEL DOMINGO, 11\/06\/2023","datePublished":"2023-06-10T23:22:15+00:00","mainEntityOfPage":{"@id":"https:\/\/elcotarro.com\/?p=10574"},"wordCount":2278,"commentCount":0,"publisher":{"@id":"https:\/\/elcotarro.com\/#organization"},"image":{"@id":"https:\/\/elcotarro.com\/?p=10574#primaryimage"},"thumbnailUrl":"https:\/\/canariasenpositivo.com\/wp-content\/uploads\/2023\/06\/1.-PACTO-DE-LAS-FLORES-3.jpg","articleSection":["El Cotarro"],"inLanguage":"es","potentialAction":[{"@type":"CommentAction","name":"Comment","target":["https:\/\/elcotarro.com\/?p=10574#respond"]}]},{"@type":"WebPage","@id":"https:\/\/elcotarro.com\/?p=10574","url":"https:\/\/elcotarro.com\/?p=10574","name":"EL COTARRO \/ 457, DEL DOMINGO, 11\/06\/2023 - El Cotarro","isPartOf":{"@id":"https:\/\/elcotarro.com\/#website"},"primaryImageOfPage":{"@id":"https:\/\/elcotarro.com\/?p=10574#primaryimage"},"image":{"@id":"https:\/\/elcotarro.com\/?p=10574#primaryimage"},"thumbnailUrl":"https:\/\/canariasenpositivo.com\/wp-content\/uploads\/2023\/06\/1.-PACTO-DE-LAS-FLORES-3.jpg","datePublished":"2023-06-10T23:22:15+00:00","breadcrumb":{"@id":"https:\/\/elcotarro.com\/?p=10574#breadcrumb"},"inLanguage":"es","potentialAction":[{"@type":"ReadAction","target":["https:\/\/elcotarro.com\/?p=10574"]}]},{"@type":"ImageObject","inLanguage":"es","@id":"https:\/\/elcotarro.com\/?p=10574#primaryimage","url":"https:\/\/canariasenpositivo.com\/wp-content\/uploads\/2023\/06\/1.-PACTO-DE-LAS-FLORES-3.jpg","contentUrl":"https:\/\/canariasenpositivo.com\/wp-content\/uploads\/2023\/06\/1.-PACTO-DE-LAS-FLORES-3.jpg"},{"@type":"BreadcrumbList","@id":"https:\/\/elcotarro.com\/?p=10574#breadcrumb","itemListElement":[{"@type":"ListItem","position":1,"name":"Portada","item":"https:\/\/elcotarro.com\/"},{"@type":"ListItem","position":2,"name":"EL COTARRO \/ 457, DEL DOMINGO, 11\/06\/2023"}]},{"@type":"WebSite","@id":"https:\/\/elcotarro.com\/#website","url":"https:\/\/elcotarro.com\/","name":"El Cotarro","description":"Peri\u00f3dico Digital Independiente dirigido por Jos\u00e9 Carlos Marrero","publisher":{"@id":"https:\/\/elcotarro.com\/#organization"},"potentialAction":[{"@type":"SearchAction","target":{"@type":"EntryPoint","urlTemplate":"https:\/\/elcotarro.com\/?s={search_term_string}"},"query-input":{"@type":"PropertyValueSpecification","valueRequired":true,"valueName":"search_term_string"}}],"inLanguage":"es"},{"@type":"Organization","@id":"https:\/\/elcotarro.com\/#organization","name":"El Cotarro","url":"https:\/\/elcotarro.com\/","logo":{"@type":"ImageObject","inLanguage":"es","@id":"https:\/\/elcotarro.com\/#\/schema\/logo\/image\/","url":"https:\/\/elcotarro.com\/wp-content\/uploads\/2014\/09\/Cabecera_El_Cotarro_v2.jpg","contentUrl":"https:\/\/elcotarro.com\/wp-content\/uploads\/2014\/09\/Cabecera_El_Cotarro_v2.jpg","width":3540,"height":441,"caption":"El Cotarro"},"image":{"@id":"https:\/\/elcotarro.com\/#\/schema\/logo\/image\/"},"sameAs":["https:\/\/www.facebook.com\/ElCotarro.Tenerife"]},{"@type":"Person","@id":"https:\/\/elcotarro.com\/#\/schema\/person\/af537ee7d60d15984c7e0affcd8a918b","name":"Jos\u00e9 Carlos Marrero Gonz\u00e1lez","image":{"@type":"ImageObject","inLanguage":"es","@id":"https:\/\/elcotarro.com\/#\/schema\/person\/image\/","url":"https:\/\/secure.gravatar.com\/avatar\/def4da036efb5d32c74d49c351f6dccc064dd69ad9f3aadc295c5a9a5391ca01?s=96&d=mm&r=g","contentUrl":"https:\/\/secure.gravatar.com\/avatar\/def4da036efb5d32c74d49c351f6dccc064dd69ad9f3aadc295c5a9a5391ca01?s=96&d=mm&r=g","caption":"Jos\u00e9 Carlos Marrero Gonz\u00e1lez"},"sameAs":["https:\/\/elcotarro.com"],"url":"https:\/\/elcotarro.com\/?author=2"}]}},"jetpack_featured_media_url":"","jetpack_sharing_enabled":true,"_links":{"self":[{"href":"https:\/\/elcotarro.com\/index.php?rest_route=\/wp\/v2\/posts\/10574","targetHints":{"allow":["GET"]}}],"collection":[{"href":"https:\/\/elcotarro.com\/index.php?rest_route=\/wp\/v2\/posts"}],"about":[{"href":"https:\/\/elcotarro.com\/index.php?rest_route=\/wp\/v2\/types\/post"}],"author":[{"embeddable":true,"href":"https:\/\/elcotarro.com\/index.php?rest_route=\/wp\/v2\/users\/2"}],"replies":[{"embeddable":true,"href":"https:\/\/elcotarro.com\/index.php?rest_route=%2Fwp%2Fv2%2Fcomments&post=10574"}],"version-history":[{"count":1,"href":"https:\/\/elcotarro.com\/index.php?rest_route=\/wp\/v2\/posts\/10574\/revisions"}],"predecessor-version":[{"id":10575,"href":"https:\/\/elcotarro.com\/index.php?rest_route=\/wp\/v2\/posts\/10574\/revisions\/10575"}],"wp:attachment":[{"href":"https:\/\/elcotarro.com\/index.php?rest_route=%2Fwp%2Fv2%2Fmedia&parent=10574"}],"wp:term":[{"taxonomy":"category","embeddable":true,"href":"https:\/\/elcotarro.com\/index.php?rest_route=%2Fwp%2Fv2%2Fcategories&post=10574"},{"taxonomy":"post_tag","embeddable":true,"href":"https:\/\/elcotarro.com\/index.php?rest_route=%2Fwp%2Fv2%2Ftags&post=10574"}],"curies":[{"name":"wp","href":"https:\/\/api.w.org\/{rel}","templated":true}]}}