{"id":10577,"date":"2023-06-18T00:22:06","date_gmt":"2023-06-17T23:22:06","guid":{"rendered":"https:\/\/elcotarro.com\/?p=10577"},"modified":"2023-06-18T10:07:27","modified_gmt":"2023-06-18T09:07:27","slug":"el-cotarro-458-del-domingo-18-06-2023","status":"publish","type":"post","link":"https:\/\/elcotarro.com\/?p=10577","title":{"rendered":"EL COTARRO \/ 458, DEL DOMINGO, 18\/06\/2023"},"content":{"rendered":"<blockquote><p><span style=\"color: #ff0000\"><em><strong>\u2018EL COTARRO\u2019 DIGITAL 458 DEL 18 DE JUNIO DE 2023<\/strong><\/em><\/span><\/p><\/blockquote>\n<p>&nbsp;<\/p>\n<p>&nbsp;<\/p>\n<p><span style=\"color: #0000ff\"><em>Por <strong>Jos\u00e9 Carlos Marrero *<\/strong><\/em><\/span><\/p>\n<p><em>\u00a0<\/em><\/p>\n<p>&nbsp;<\/p>\n<p><span style=\"color: #0000ff\"><strong>M\u00c1S O MENOS LO QUE SE ESPERABA\u2026 Y POCO M\u00c1S<\/strong><\/span><\/p>\n<ul>\n<li>Este domingo <strong><em>El Cotarro<\/em><\/strong> puede parecer largo y denso, pero creo que tiene informaci\u00f3n y \u201cchicha\u201d de la buena. Les sugiero que lo lean hasta el final. Comienzo avis\u00e1ndoles de que, mientras lo escribo, se est\u00e1n celebrando en los ayuntamientos canarios las sesiones plenarias en la que tomar\u00e1n sus cargos los alcaldes y alcaldesas que regir\u00e1n sus respectivos municipios los pr\u00f3ximos cuatro a\u00f1os. Hay caras nuevas y caras repetidoras. El alcalde de La Matanza de Acentejo, <strong>Ignacio Rodr\u00edguez Jorge<\/strong> reafirma su condici\u00f3n del alcalde m\u00e1s veterano (creo que de Canarias) y cuando termine esta legislatura que ayer comenz\u00f3, <strong>Ignacio Rodr\u00edguez<\/strong> podr\u00e1 presumir de haber estado la friolera de 44 a\u00f1os ininterrumpidos al frente de la alcald\u00eda matancera. Le sigue en el ranking el tambi\u00e9n incombustible alcalde de Adeje, <strong>Jos\u00e9 Miguel Rodr\u00edguez Fraga<\/strong>, quien, cuando acabe la legislatura, podr\u00e1 presumir de llevar 40 a\u00f1os ininterrumpidos al frente de la alcald\u00eda adejera. Hay veteranos que se reenganchan y alcaldes que van a serlo gracias a uniones, sumas y pactos muy dif\u00edciles de explicar y m\u00e1s dif\u00edciles de entender. Y hay \u201cmovimientos orquestales en la oscuridad\u201d que pueden no verse as\u00ed, de entrada, pero que se ir\u00e1n aclar\u00e1ndose y vi\u00e9ndose en un pr\u00f3ximo futuro.<\/li>\n<\/ul>\n<p><img loading=\"lazy\" decoding=\"async\" class=\"size-full wp-image-6248 aligncenter\" src=\"https:\/\/canariasenpositivo.com\/wp-content\/uploads\/2023\/06\/1.-IGNACIO-RODRIGUEZ-JORGE.jpg\" alt=\"\" width=\"880\" height=\"495\" \/><\/p>\n<p style=\"text-align: center\"><em>Ignacio Rodr\u00edguez, alcalde de La Matanza de Acentejo m\u00e1s de 40 a\u00f1os seguidos<\/em><\/p>\n<p>&nbsp;<\/p>\n<p><span style=\"color: #0000ff\"><strong>CLAVES PARA OCUPAR LA ALCALD\u00cdA EN 88 MUNICIPIOS<\/strong><\/span><\/p>\n<ul>\n<li>Explicar aqu\u00ed las entra\u00f1as, claves, cuitas, venganzas, debates, imposiciones, vetos, componendas y dem\u00e1s ingredientes que han intervenido para que en los 88 municipios de Canarias haya sucedido lo sucedido, y que, a d\u00eda de hoy, tengan el bast\u00f3n de las 88 alcald\u00edas quienes lo tienen desde ayer, es imposible. Imagino que, poco a poco, se ir\u00e1n conociendo crudas, curiosas y simp\u00e1ticas historias, dramas, comedias y an\u00e9cdotas. Por lo pronto, como no podr\u00eda ser menos, yo me quedo con la Alcald\u00eda de La Laguna, donde <strong>Luis Yeray Guti\u00e9rrez P\u00e9rez<\/strong>, de nuevo, ha levantado el bast\u00f3n de alcalde, pero, en este caso, en minor\u00eda. Una \u201cestrat\u00e9gica\u201d minor\u00eda.<\/li>\n<\/ul>\n<p><img loading=\"lazy\" decoding=\"async\" class=\"size-large wp-image-6249 aligncenter\" src=\"https:\/\/canariasenpositivo.com\/wp-content\/uploads\/2023\/06\/2.-LUIS-YERAY-GUTIERREZ-1024x682.jpg\" alt=\"\" width=\"660\" height=\"440\" \/><\/p>\n<p style=\"text-align: center\"><em>Luis Yeray Guti\u00e9rrez levant\u00f3 el bast\u00f3n de alcalde \u00e9l solito. Ayer no estuvieron a su lado ayud\u00e1ndole a sostenerlo ni Rubens Ascanio (USP), ni Alberto Rodr\u00edguez (DVC)<\/em><\/p>\n<p>&nbsp;<\/p>\n<p><span style=\"color: #0000ff\"><strong>LA LAGUNA, UNA PLAZA CLAVE DIF\u00cdCIL DE GOBERNAR<\/strong><\/span><\/p>\n<ul>\n<li>Reitero lo que escrib\u00ed en <strong><em>El Cotarro<\/em><\/strong> de la pasada semana. Ustedes saben que la cabra siempre tira p\u2019al monte y el lagunero para m\u00e1s arriba de Vistabella. Por eso me permitir\u00e1n que les recuerde que a nadie se le escapa que La Laguna es la tercera ciudad y municipio en importancia de Canarias, y que es \u201ccaja de resonancia\u201d en muchos sentidos. En el \u00e1mbito de la pol\u00edtica lo es y, a la vista de los resultados de las pasadas elecciones, <strong>Luis Yeray<\/strong> <strong>Guti\u00e9rrez<\/strong> (que no es tonto) intuy\u00f3 que el mandato que comenz\u00f3 ayer como alcalde no ser\u00eda, precisamente, un camino de rosas seg\u00fan con que compa\u00f1eros de viaje y de Gobierno lo hiciera. El PSOE consigui\u00f3 10 concejales que, sumados con los dos de Unidas Se Puede (USP) y los otros dos de Drago Verdes Canarias (DVC) suman los 14 concejales necesarios para gobernar. Pero, como ya dije, ni a <strong>Luis Yeray<\/strong> ni a nadie se le escapa el \u201ccalvario\u201d que supondr\u00eda gobernar con ellos, por mucho que <strong>Rubens Ascanio<\/strong> (USP) y <strong>Alberto Rodr\u00edguez<\/strong> (DVC) den a entender que el \u00fanico gobierno democr\u00e1tico, y el \u00fanico que quiere y entender\u00eda el pueblo lagunero, ser\u00eda el formado con ellos.<\/li>\n<\/ul>\n<p><img loading=\"lazy\" decoding=\"async\" class=\"size-full wp-image-6250 aligncenter\" src=\"https:\/\/canariasenpositivo.com\/wp-content\/uploads\/2023\/06\/3.-ALBERTO-RGUEZ.-Y-RUBENS-ASCANIO.jpg\" alt=\"\" width=\"948\" height=\"742\" \/><\/p>\n<p style=\"text-align: center\"><em>Rubens Ascanio (i) y Alberto Rodr\u00edguez, tras firmar su particular pacto USP-DVC<\/em><\/p>\n<p>&nbsp;<\/p>\n<p><span style=\"color: #0000ff\"><strong>VARIAS SUMAS, A CU\u00c1L M\u00c1S DEMOCR\u00c1TICA Y V\u00c1LIDA<\/strong><\/span><\/p>\n<ul>\n<li>Tanto <strong>Rubens Ascanio<\/strong> como <strong>Alberto Rodr\u00edguez<\/strong> olvidan que en democracia no hay una \u00fanica suma, y que, ya puestos, puede haber sumas mucho m\u00e1s democr\u00e1ticas que otras. Partamos previamente de una reflexi\u00f3n y unas preguntas. Aceptemos que el PSOE de <strong>Luis Yeray Guti\u00e9rrez<\/strong> es de \u201cizquierda\u201d, que el PP de <strong>Ana Zurita Exp\u00f3sito<\/strong>\u00a0es de \u201cderecha\u201d y que el partido VOX de <strong>Manuel Rodr\u00edguez<\/strong> es de \u201cultraderecha\u201d. \u00bfTenemos, entonces, que aceptar que el Unidas Se Puede (USP) de <strong>Rubens Ascanio<\/strong> es de \u201cultra izquierda\u201d, y que el Drago Verdes Canarias (DVC) de <strong>Alberto Rodr\u00edguez<\/strong> es nacionalista \u201cizquierda\u201d o de \u201cultraizquierda? Y llegados a este punto \u00bfEn d\u00f3nde ponemos a la Coalici\u00f3n Canaria de <strong>Jonathan Dom\u00ednguez<\/strong>?&#8230; \u00bfNacionalistas de derecha, de centro o de izquierda? Si en La Laguna sumamos los votos conseguidos por el PSOE (23.472) con los de USP (5.259) y los de DVC (4.457) el resultado da 33.188 votos. Si, en cambio, sumamos de nuevo los votos del PSOE (23.472) con los de CC (19.693) el resultado arroja la nada desde\u00f1able cifra de 43.165 votos. Casi 10.000 votos m\u00e1s. \u00bfQu\u00e9 resultado es el \u201cm\u00e1s democr\u00e1tico\u201d? \u00bfQu\u00e9 gobierno ser\u00eda el m\u00e1s respaldado, viendo el democr\u00e1tico voto del pueblo?<\/li>\n<\/ul>\n<p><img loading=\"lazy\" decoding=\"async\" class=\"size-large wp-image-6251 aligncenter\" src=\"https:\/\/canariasenpositivo.com\/wp-content\/uploads\/2023\/06\/4.-ANA-ZURITA-EXPOSITO-1024x683.jpg\" alt=\"\" width=\"660\" height=\"440\" \/><\/p>\n<p style=\"text-align: center\"><em>Ana Zurita, cabeza de la lista del PP, cosech\u00f3 8.830 votos y 3 concejales. Subi\u00f3 1 respecto del 2019 y se situ\u00f3 como tercer partido m\u00e1s votado, a 10.863 votos de CC.<\/em><\/p>\n<p>&nbsp;<\/p>\n<p><span style=\"color: #0000ff\"><strong>OTRA POSIBILIDAD, AUNQUE PRODUZCAN \u201cACIDECES\u201d<\/strong><\/span><\/p>\n<ul>\n<li>As\u00ed las cosas, y frente al empecinamiento de <strong>Rubens Ascanio<\/strong> y de <strong>Alberto Rodr\u00edguez<\/strong>, manifestado ayer en el pleno con pullas y medio amenazas al PSOE, est\u00e1 la otra posibilidad de gobierno, que a muchas personas puede revolverle el est\u00f3mago de entrada, y a otras mucha producirle acidez de salida. Pero es real y est\u00e1 ah\u00ed. Es la vuelta al Gobierno de coalici\u00f3n entre el PSOE y CC, que hubiera sido el mayoritario, m\u00e1s respaldado por la ciudadan\u00eda y m\u00e1s tranquilo de la anterior legislatura, si no fuera por la traici\u00f3n perpetrada contra CC y <strong>Jos\u00e9 Alberto D\u00edaz<\/strong>. Pero el tiempo pasa y nos vamos volviendo viejos (que cantara <strong>Pablo Milan\u00e9s<\/strong>)\u00a0y otros cuatro a\u00f1os de \u201cdesierto\u201d y sin recursos econ\u00f3micos pesan mucho. Y lo m\u00e1s importante: \u00bfc\u00f3mo y con qui\u00e9n estar\u00eda mejor y m\u00e1s tranquilamente gobernada La Laguna? Esta realidad y estas preguntas se estuvieron haciendo la pasada semana tanto CC como el PSOE\u2026 y, por lo que se ve decidieron que, en el pleno de ayer, cada uno votara a su candidato, que nuevamente <strong>Luis Yeray Guti\u00e9rrez<\/strong> volviera a ser elegido alcalde y que comenzara a gobernar \u201cen minor\u00eda\u201d \u2026 por el momento.<\/li>\n<\/ul>\n<p><img loading=\"lazy\" decoding=\"async\" class=\"size-full wp-image-6252 aligncenter\" src=\"https:\/\/canariasenpositivo.com\/wp-content\/uploads\/2023\/06\/5.-MANUEL-RODRIGUEZ-VOX.jpg\" alt=\"\" width=\"498\" height=\"356\" \/><\/p>\n<p style=\"text-align: center\"><em>Manuel Alejandro Rodr\u00edguez Pardo, cabeza de lista de Vox a la alcald\u00eda de La Laguna, cosech\u00f3 4.832 votos (375 votos m\u00e1s que Drago Verdes Canarias) y consigui\u00f3 2 concejales.<\/em><\/p>\n<p><em>\u00a0<\/em><\/p>\n<p><span style=\"color: #0000ff\"><strong>IMPORTANTE COMISI\u00d3N NEGOCIADORA DE CUATRO<\/strong><\/span><\/p>\n<ul>\n<li>Una \u201ccomisi\u00f3n negociadora\u201d ha estado explorando otras posibilidades. Salvo error u omisi\u00f3n (y si me equivoco entono el \u201cmea culpa\u201d y pido perd\u00f3n) se han sentado por parte del PSOE <strong>\u00d3scar Olave<\/strong> (hasta ahora jefe del gabinete de la alcald\u00eda con <strong>Luis Yeray Guti\u00e9rrez<\/strong>) y <strong>\u00c1ngel Miguel Hern\u00e1ndez<\/strong> (tercero en la lista del PSOE y <strong>Luis Yeray<\/strong>). Por parte de Coalici\u00f3n Canaria se han sentado <strong>Francisco \u201cFran\u201d Hern\u00e1ndez<\/strong> (secretario general de CC en La Laguna) y el veterano militante de CC, <strong>Juan Manuel Casta\u00f1eda Contreras<\/strong> (m\u00e1s conocido cari\u00f1osamente por <strong>\u201cCanito\u201d<\/strong>). Los cuatro, claro est\u00e1, han estado recibiendo las oportunas \u201cbendiciones\u201d de sus respectivas \u201cdivinidades\u201d en todo momento. Y los cuatro, con un elevado coeficiente de inteligencia lagunero, han hablado, pensado y decidido. Y parece que la mejor elecci\u00f3n, por el momento, es que <strong>Luis Yeray Guti\u00e9rrez <\/strong>gobierne en solitario y en minor\u00eda. Y ya, m\u00e1s adelante, se ver\u00e1\u2026 Hay por delante unas Elecciones Generales y no hay que precipitarse. Tiempo al tiempo. Si eso, ya hablamos a partir del lunes, 24 de julio\u2026 Y color\u00edn, colorado, este cuento se ha acabado. Por ahora<\/li>\n<\/ul>\n<p><img loading=\"lazy\" decoding=\"async\" class=\"size-large wp-image-6253 aligncenter\" src=\"https:\/\/canariasenpositivo.com\/wp-content\/uploads\/2023\/06\/6.-LUIS-YERAY-CAMINA-1024x682.jpg\" alt=\"\" width=\"660\" height=\"440\" \/><\/p>\n<p style=\"text-align: center\"><em>Que Luis Yeray Guti\u00e9rrez camine solo y que el PSOE gobierne en minor\u00eda, por el momento.<\/em><\/p>\n<p>&nbsp;<\/p>\n<p><span style=\"color: #0000ff\"><strong>ALFREDO G\u00d3MEZ ANUNCIA RECURSO AL CASO LAYKAS<\/strong><\/span><\/p>\n<ul>\n<li>A todas estas, no hay que olvidar que, unos d\u00edas antes de su toma de posesi\u00f3n de nuevo como alcalde, <strong>Luis Yeray Guti\u00e9rrez<\/strong> recibi\u00f3 la buena noticia de que la jueza titular del Juzgado de Instrucci\u00f3n N\u00ba2 de La Laguna, <strong>Mar\u00eda Celia Blanco<\/strong> hab\u00eda decidido archivar el llamado <em>\u201cCaso Laykas\u201d,<\/em> que le tra\u00eda medio sin dormir desde hace meses, al igual que a sus concejales <strong>Yaiza L\u00f3pez<\/strong> (su esposa), <strong>Badel Albelo<\/strong>, <strong>Carla Cabrera<\/strong> y al exconcejal <strong>Alejandro Marrero<\/strong>. Un emocionado Luis<strong> Yeray<\/strong>, agradecido con sus familiares y los amigos que le han apoyado estos meses, dijo en el pleno de ayer que esperaba que, en esta legislatura que comienza, se olvidaran los ataques personales y la judicializaci\u00f3n de la gesti\u00f3n municipal. Es una buena forma de empezar. Pero hay que tener en cuenta que, si no falta a su palabra (y no suele hacerlo) el ex concejal de Ciudadanos, <strong>Alfredo G\u00f3mez \u00c1lvarez<\/strong>, que fue (\u00e9l solito) quien denunci\u00f3 el mencionado <em>\u201cCaso Laykas\u201d<\/em> ha anunciado que el mi\u00e9rcoles presentar\u00e1 un recurso ante la Audiencia Provincial. Coalici\u00f3n se vio obligada a personarse en dicho caso (muchos meses despu\u00e9s) porque el Grupo de Gobierno no le facilitaba informaci\u00f3n sobre el mismo. Ahora el caso est\u00e1 archivado. Lo que depare el futuro judicial est\u00e1 por ver. Deseo y espero que todo termine de la mejor manera para La Laguna, sus gobernantes y toda su ciudadan\u00eda. Entre tanto, a gobernar en paz.<\/li>\n<\/ul>\n<p><img loading=\"lazy\" decoding=\"async\" class=\"size-large wp-image-6254 aligncenter\" src=\"https:\/\/canariasenpositivo.com\/wp-content\/uploads\/2023\/06\/7.-ALFREDO-GOMEZ-1024x576.jpg\" alt=\"\" width=\"660\" height=\"371\" \/><\/p>\n<p style=\"text-align: center\"><em>El abogado y exconcejal de C\u2019s, Alfredo G\u00f3mez, dice que presentar\u00e1 un recurso. Veremos si es verdad.<\/em><\/p>\n<p>&nbsp;<\/p>\n<p><span style=\"color: #0000ff\"><strong>NUEVO NOMBRE DE GMR: \u201cGRAND\u00cdSIMO MAL ROLLO\u201d<\/strong><\/span><\/p>\n<ul>\n<li>Esta pasada semana hemos tenido de la dimisi\u00f3n o cese (tanto-monta, monta-tanto) del \u00ednclito <strong>Pablo Zurita Espinosa<\/strong>, persona o personaje que, en los \u00faltimos tres a\u00f1os y pico, ha ocupado el puesto de consejero delegado en la entidad mercantil Gesti\u00f3n del Medio Rural de Canarias. M\u00e1s popularmente conocida como GMR Canarias, se trata de una empresa p\u00fablica, 100% propiedad del Gobierno de Canarias y adscrita a la consejer\u00eda de Agricultura, Ganader\u00eda y Pesca, que hasta hoy sigue liderando como consejera la palmera <strong>Alicia Vanoostende Simili<\/strong>. La gesti\u00f3n de <strong>Pablo Zurita<\/strong> al frente de GMR Canarias ha sido tan controvertida y llena de cr\u00edticas desde dentro y desde fuera, que el acr\u00f3nimo GMR podr\u00eda significar mismamente \u201cGrand\u00edsimo Mal Rollo\u201d. El tambi\u00e9n controvertido <strong>Pablo Zurita<\/strong> deja GMR en un estado tan deteriorado en muchos aspectos, que quien venga a sustituirle va a necesitar a\u00f1os para restablecer el prestigio, las cifras de negocios y la solvencia en todos los sentidos de la, por otro lado, m\u00e1s que necesaria GMR Canarias, con un respaldo claro de Gobierno y dejando trabajar a sus profesionales.<\/li>\n<\/ul>\n<p><img loading=\"lazy\" decoding=\"async\" class=\"size-full wp-image-6255 aligncenter\" src=\"https:\/\/canariasenpositivo.com\/wp-content\/uploads\/2023\/06\/8.-PABLO-ZURITA-ESPINOSA.jpg\" alt=\"\" width=\"599\" height=\"499\" \/><\/p>\n<p style=\"text-align: center\"><em>Pablo Zurita Espinosa, consejero delegado de GMR Canarias estos \u00faltimos a\u00f1os.<\/em><\/p>\n<p>&nbsp;<\/p>\n<p><span style=\"color: #0000ff\"><strong>EL GRAN EMPECINAMIENTO DE ALICIA VANOOSTENDE<\/strong><\/span><\/p>\n<ul>\n<li>A las pocas semanas de que <strong>Pablo Zurita<\/strong> Espinosa llegara al puesto de consejero delegado de GMR Canarias, ya se empez\u00f3 a ver el \u201ccaminar de la perrita\u201d y sus andares comenzaron a inquietar a mucha gente. De entrada, las formas del nuevo \u201cjefe\u201d nada ten\u00edan que ver con el trato cordial, educado y respetuoso que ten\u00eda con los grandes profesionales de la empresa el anterior consejero delegado, el tejinero <strong>Juan Antonio Alonso Barreto<\/strong>, por todos conocido con respeto y cari\u00f1osamente por \u201c<strong><em>Tototo\u201d<\/em><\/strong>. Y desde el principio, a los pocos meses de su nombramiento por parte de Alicia Vanoostende, ya la consejera comenz\u00f3 a recibir peticiones por parte de varios organismos y personas de solvencia, para que <strong>Pablo Zurita Espinosa<\/strong> fuera inmediatamente cesado. Pero nadie sabe (y nos seguimos preguntando) qu\u00e9 ten\u00eda el problem\u00e1tico <strong>Zurita<\/strong> escondido, para el empecinamiento de <strong>Vanoostende<\/strong> en mantenerlo en su puesto, a pesar de todo el mal que le estaba haciendo a ella misma como consejera y a todo su equipo.<\/li>\n<\/ul>\n<p><img loading=\"lazy\" decoding=\"async\" class=\"size-large wp-image-6256 aligncenter\" src=\"https:\/\/canariasenpositivo.com\/wp-content\/uploads\/2023\/06\/9.-ALICIA-VANOOSTENDE-1024x683.jpg\" alt=\"\" width=\"660\" height=\"440\" \/><\/p>\n<p style=\"text-align: center\"><em>En el caso de GMR y Pablo Zurita, Alicia Vanoostende ha mirado para otro lado, a pesar de todo lo que se le ha dicho y todo lo que ella misma ha aguantado.<\/em><\/p>\n<p>&nbsp;<\/p>\n<p><span style=\"color: #0000ff\"><strong>M\u00c1S DE TRES A\u00d1OS DE CUESTIONAD\u00cdSIMA GESTI\u00d3N<\/strong><\/span><\/p>\n<ul>\n<li>El peculiar y complicado <strong>Pablo Zurita Espinosa<\/strong> se granje\u00f3 una fama de soberbio, orgulloso, prepotente y d\u00e9spota, y con esa fama, a base de imposiciones y con acciones y movimientos que siguen estando muy cuestionados (alguno judicializado) logr\u00f3 sacar (de aquella manera) la pol\u00e9mica web Canarian Market para vender \u201conline\u201d productos de Canarias fuera de las islas. Una plataforma que, a todas luces y desde el principio, est\u00e1 siendo un rotundo fracaso, a pesar del pastizal de miles de euros que ha costado y que podr\u00e1 costar en el futuro. A nadie se le esconde el mal rollo de <strong>Pablo Zurita<\/strong> con los sectores productivos de Canarias, as\u00ed como el enfrentamiento con Proexca. El complicado ambiente de trabajo en el seno de GMR Canarias durante el mandato de <strong>Pablo Zurita<\/strong> como consejero delegado (con varios profesionales de baja por ansiedad y denuncias ante la Inspecci\u00f3n de Trabajo) la entidad logr\u00f3 conseguir el nefasto r\u00e9cord de ser la empresa p\u00fablica canaria con mayor cantidad de trabajadores de baja por motivos de salud laboral. Todo lo dicho es solo un peque\u00f1o resumen de lo que se sabe y cuenta del insigne <strong>Pablo Zurita Espinosa<\/strong>. Ojal\u00e1 le vaya mejor en futuros destinos y trabajos.<\/li>\n<\/ul>\n<p><img loading=\"lazy\" decoding=\"async\" class=\"size-large wp-image-6257 aligncenter\" src=\"https:\/\/canariasenpositivo.com\/wp-content\/uploads\/2023\/06\/10.-PABLO-Y-ALICIA-1024x576.webp\" alt=\"\" width=\"660\" height=\"371\" \/><\/p>\n<p style=\"text-align: center\"><em>Alicia Vanoostende y Pablo Zurita (con caras largas) durante la presentaci\u00f3n de Canarian Market.<\/em><\/p>\n<p>&nbsp;<\/p>\n<p><span style=\"color: #0000ff\"><strong>TODOS CONTRA ZURITA Y VANOOSTENDE APOY\u00c1NDOLE<\/strong><\/span><\/p>\n<ul>\n<li>Se sabe que una de las personas que m\u00e1s insistentemente solicit\u00f3 a <strong>Alicia Vanoostende<\/strong> el cese de <strong>Pablo Zurita<\/strong>, fue la presidenta de la Asociaci\u00f3n Provincial de Agricultores y Ganaderos de Tenerife (Asaga), <strong>\u00c1ngela Delgado<\/strong>, que incluso lleg\u00f3 a hablar con el presidente <strong>\u00c1ngel V\u00edctor Torres<\/strong>, para que forzara el cese. Le consta a <strong>\u00c1ngela Delgado<\/strong>, me consta a m\u00ed y le consta a mucha gente m\u00e1s, que la contestaci\u00f3n y el rechazo que <strong>Pablo Zurita<\/strong> ten\u00eda en el mismo seno de GMR Canarias y en toda la consejer\u00eda de Agricultura, Ganader\u00eda y Pesca era claro y manifiesto. Vamos, un clamor. Y si no, que se lo pregunten al bueno y dialogante palmero <strong>\u00c1lvaro De la B\u00e1rcena Argany<\/strong> (embajador del C.D. Mensajero) hasta hoy viceconsejero del Sector Primario. Tambi\u00e9n se lo pueden preguntar al tambi\u00e9n palmero <strong>Jos\u00e9 Basilio P\u00e9rez Rodr\u00edguez<\/strong>, hasta hoy muy buen director del Instituto Canario de Calidad Agroalimentaria (ICCA). La unanimidad en el cuestionamiento y hasta rechazo a la gesti\u00f3n de <strong>Pablo Zurita<\/strong> al frente de GMR Canarias ha sido tal que, una vez m\u00e1s, nadie se explica por qu\u00e9 <strong>Alicia Vanoostende<\/strong> no cort\u00f3 por lo sano hace a\u00f1os.<\/li>\n<\/ul>\n<p><img loading=\"lazy\" decoding=\"async\" class=\"size-large wp-image-6258 aligncenter\" src=\"https:\/\/canariasenpositivo.com\/wp-content\/uploads\/2023\/06\/11.-FERNANDO-ANGELA-Y-NARVAY-1024x673.jpg\" alt=\"\" width=\"660\" height=\"434\" \/><\/p>\n<p style=\"text-align: center\"><em>Fernando Clavijo Batlle (i), \u00c1ngela Delgado D\u00edaz (Medalla de Oro de Canarias) y Narvay Quintero Casta\u00f1eda. Entre los tres hay una magn\u00edfica y positiva relaci\u00f3n.<\/em><\/p>\n<p>&nbsp;<\/p>\n<p><span style=\"color: #0000ff\"><strong>FERNANDO CLAVIJO TIENE EN SU MANO EL FUTURO<\/strong><\/span><\/p>\n<ul>\n<li>Termino el tema asegur\u00e1ndoles (porque tengo informaci\u00f3n digna de todo cr\u00e9dito) que la plantilla de GMR Canarias, afectada por todo lo que han tenido que aguantar durante los \u00faltimos dos a\u00f1os por culpa de <strong>Pablo Zurita<\/strong> y dolida por la poca atenci\u00f3n recibida por parte de la consejera <strong>Alicia Vanoostende<\/strong>, necesita un bal\u00f3n de ox\u00edgeno en forma de confianza y motivaci\u00f3n. Necesita de alguien que genere de nuevo ilusi\u00f3n y entusiasmo. No s\u00e9 si finalmente caer\u00e1 la breva (nunca mejor dicho en t\u00e9rmino agr\u00edcola) pero creo que todo el mundo (sobre todo en el propio sector) desea y espera que el futuro presidente, <strong>Fernando Clavijo<\/strong>, vuelva a nombrar consejero de Agricultura, Ganader\u00eda y Pesca el herre\u00f1o <strong>Narvay Quintero Casta\u00f1eda<\/strong>, que ha sido uno de los consejeros m\u00e1s respetados y queridos por el sector, sus asociaciones y sus gentes. Y a nadie se le escapa que, de ser <strong>Narvay Quintero<\/strong> el elegido, podr\u00eda volver a ocupar el cargo de consejero delegado de GMR el recordado <strong>Juan Antonio <em>\u201cTototo\u201d<\/em> Alonso Barrero<\/strong>, de los pocos (por no decir el \u00fanico) que sabr\u00eda y podr\u00eda recuperar para GMR Canarias y su equipo, el lugar y la categor\u00eda que merecen. Am\u00e9n.<\/li>\n<\/ul>\n<p><img loading=\"lazy\" decoding=\"async\" class=\"size-full wp-image-6259 aligncenter\" src=\"https:\/\/canariasenpositivo.com\/wp-content\/uploads\/2023\/06\/Angela-Delgado-Diaz-08.webp\" alt=\"\" width=\"880\" height=\"495\" \/><\/p>\n<p style=\"text-align: center\"><em>Una positiva foto que ojal\u00e1 pueda volver a realizarse: Juan Antonio Alonso Barreto (consejero delegado de GMR) Narvay Quintero Casta\u00f1eda (consejero de Agricultura, Ganader\u00eda y Pesca), en el centro, y \u00c1ngela Delgado D\u00edaz (presidenta de Asaga)<\/em><\/p>\n<p>&nbsp;<\/p>\n<p><span style=\"color: #0000ff\">\u00a0<strong>SE ME HAN QUEDAO MUCHAS COSAS EN EL TINTERO<\/strong><\/span><\/p>\n<ul>\n<li>La actualidad manda y, por ello, hoy se me han quedado muchas cosas en el tintero que, con su permiso dejo para la pr\u00f3xima semana, aunque les puedo adelantar de que van\u2026 Exceptuando al renovado alcalde de Santa Cruz de Tenerife, <strong>Jos\u00e9 Manuel Berm\u00fadez<\/strong>, que cumpli\u00f3 puntualmente, como siempre, hablar\u00e9 de la vergonzosa ausencia institucional de las autoridades de nuestra regi\u00f3n a la pasada celebraci\u00f3n del DIFAS-2023, el D\u00eda de las Fuerzas Armadas en Tenerife. Comentar\u00e9 el \u201cdescuido\u201d del concejal lagunero <strong>Alberto Rodr\u00edguez<\/strong> (DVC) se olvid\u00f3 (aunque fuera por imperativo legal) de prometer lealtad al Jefe del Estado, que, en nuestro caso y por mucho que le fastidie a don <strong>Alberto<\/strong>, es Su Majestad <strong>El Rey Felipe VI<\/strong>. Les hablar\u00e9 del movimiento que sigue en alza para renombrar a la fuente que alberga la famosa escultura \u201cEl \u00c1ngel\u201d, obra del reconocido escultor socialista y republicano, <strong>Juan de \u00c1valos<\/strong>, con el nombre de \u201cFuente de la Concordia\u201d.<\/li>\n<\/ul>\n<p><img loading=\"lazy\" decoding=\"async\" class=\"size-large wp-image-6260 aligncenter\" src=\"https:\/\/canariasenpositivo.com\/wp-content\/uploads\/2023\/06\/12.-FUENTE-DE-LA-CONCORDIA-1024x617.jpg\" alt=\"\" width=\"660\" height=\"398\" \/><\/p>\n<p style=\"text-align: center\"><em>La santacrucera Fuente de la Concordia, con la valorada escultura \u00abEl \u00c1ngel\u00bb, de Juan de \u00c1valos, en su centro.<\/em><\/p>\n<p>&nbsp;<\/p>\n<p><span style=\"color: #0000ff\"><strong>* Jos\u00e9 Carlos MARRERO GONZ\u00c1LEZ<\/strong><\/span><\/p>\n<p>Periodista y analista de la actualidad.<\/p>\n<p>Director de <strong><em>El Cotarro<\/em><\/strong> (www.elcotarro.com)<\/p>\n<p>Director de <strong><em>Canarias en Positivo<\/em><\/strong> (www.canariasenpositivo.com)<\/p>\n<p>Director de <strong><em>GastroCanarias<\/em><\/strong> (www.gastrocanarias.com)<\/p>\n<p>&nbsp;<\/p>\n<p>Islas Canarias, 18 de junio de 2023<\/p>\n<p><img loading=\"lazy\" decoding=\"async\" class=\"size-full wp-image-6010 aligncenter\" src=\"https:\/\/canariasenpositivo.com\/wp-content\/uploads\/2023\/04\/A-CARECA-INSULA.jpg\" alt=\"\" width=\"750\" height=\"153\" \/><\/p>\n<p>&nbsp;<\/p>\n","protected":false},"excerpt":{"rendered":"<p>\u2018EL COTARRO\u2019 DIGITAL 458 DEL 18 DE JUNIO DE 2023 &nbsp; &nbsp; Por Jos\u00e9 Carlos Marrero * \u00a0 &nbsp; M\u00c1S O MENOS LO QUE SE ESPERABA\u2026 Y POCO M\u00c1S Este domingo El Cotarro puede parecer largo y denso, pero creo que tiene informaci\u00f3n y \u201cchicha\u201d de la buena. Les sugiero que lo lean hasta el &#8230; <a class=\"read-more\" href=\"https:\/\/elcotarro.com\/?p=10577\">Read more<\/a><\/p>\n","protected":false},"author":2,"featured_media":0,"comment_status":"open","ping_status":"open","sticky":false,"template":"","format":"standard","meta":{"_jetpack_memberships_contains_paid_content":false,"footnotes":""},"categories":[4],"tags":[],"class_list":["post-10577","post","type-post","status-publish","format-standard","hentry","category-el-cotarro"],"yoast_head":"<!-- This site is optimized with the Yoast SEO plugin v27.0 - https:\/\/yoast.com\/product\/yoast-seo-wordpress\/ -->\n<title>EL COTARRO \/ 458, DEL DOMINGO, 18\/06\/2023 - El Cotarro<\/title>\n<meta name=\"robots\" content=\"index, follow, max-snippet:-1, max-image-preview:large, max-video-preview:-1\" \/>\n<link rel=\"canonical\" href=\"https:\/\/elcotarro.com\/?p=10577\" \/>\n<meta property=\"og:locale\" content=\"es_ES\" \/>\n<meta property=\"og:type\" content=\"article\" \/>\n<meta property=\"og:title\" content=\"EL COTARRO \/ 458, DEL DOMINGO, 18\/06\/2023 - El Cotarro\" \/>\n<meta property=\"og:description\" content=\"\u2018EL COTARRO\u2019 DIGITAL 458 DEL 18 DE JUNIO DE 2023 &nbsp; &nbsp; Por Jos\u00e9 Carlos Marrero * \u00a0 &nbsp; M\u00c1S O MENOS LO QUE SE ESPERABA\u2026 Y POCO M\u00c1S Este domingo El Cotarro puede parecer largo y denso, pero creo que tiene informaci\u00f3n y \u201cchicha\u201d de la buena. Les sugiero que lo lean hasta el ... Read more\" \/>\n<meta property=\"og:url\" content=\"https:\/\/elcotarro.com\/?p=10577\" \/>\n<meta property=\"og:site_name\" content=\"El Cotarro\" \/>\n<meta property=\"article:publisher\" content=\"https:\/\/www.facebook.com\/ElCotarro.Tenerife\" \/>\n<meta property=\"article:published_time\" content=\"2023-06-17T23:22:06+00:00\" \/>\n<meta property=\"article:modified_time\" content=\"2023-06-18T09:07:27+00:00\" \/>\n<meta property=\"og:image\" content=\"https:\/\/canariasenpositivo.com\/wp-content\/uploads\/2023\/06\/1.-IGNACIO-RODRIGUEZ-JORGE.jpg\" \/>\n<meta name=\"author\" content=\"Jos\u00e9 Carlos Marrero Gonz\u00e1lez\" \/>\n<meta name=\"twitter:label1\" content=\"Escrito por\" \/>\n\t<meta name=\"twitter:data1\" content=\"Jos\u00e9 Carlos Marrero Gonz\u00e1lez\" \/>\n\t<meta name=\"twitter:label2\" content=\"Tiempo de lectura\" \/>\n\t<meta name=\"twitter:data2\" content=\"16 minutos\" \/>\n<script type=\"application\/ld+json\" class=\"yoast-schema-graph\">{\"@context\":\"https:\/\/schema.org\",\"@graph\":[{\"@type\":\"Article\",\"@id\":\"https:\/\/elcotarro.com\/?p=10577#article\",\"isPartOf\":{\"@id\":\"https:\/\/elcotarro.com\/?p=10577\"},\"author\":{\"name\":\"Jos\u00e9 Carlos Marrero Gonz\u00e1lez\",\"@id\":\"https:\/\/elcotarro.com\/#\/schema\/person\/af537ee7d60d15984c7e0affcd8a918b\"},\"headline\":\"EL COTARRO \/ 458, DEL DOMINGO, 18\/06\/2023\",\"datePublished\":\"2023-06-17T23:22:06+00:00\",\"dateModified\":\"2023-06-18T09:07:27+00:00\",\"mainEntityOfPage\":{\"@id\":\"https:\/\/elcotarro.com\/?p=10577\"},\"wordCount\":3061,\"commentCount\":0,\"publisher\":{\"@id\":\"https:\/\/elcotarro.com\/#organization\"},\"image\":{\"@id\":\"https:\/\/elcotarro.com\/?p=10577#primaryimage\"},\"thumbnailUrl\":\"https:\/\/canariasenpositivo.com\/wp-content\/uploads\/2023\/06\/1.-IGNACIO-RODRIGUEZ-JORGE.jpg\",\"articleSection\":[\"El Cotarro\"],\"inLanguage\":\"es\",\"potentialAction\":[{\"@type\":\"CommentAction\",\"name\":\"Comment\",\"target\":[\"https:\/\/elcotarro.com\/?p=10577#respond\"]}]},{\"@type\":\"WebPage\",\"@id\":\"https:\/\/elcotarro.com\/?p=10577\",\"url\":\"https:\/\/elcotarro.com\/?p=10577\",\"name\":\"EL COTARRO \/ 458, DEL DOMINGO, 18\/06\/2023 - El Cotarro\",\"isPartOf\":{\"@id\":\"https:\/\/elcotarro.com\/#website\"},\"primaryImageOfPage\":{\"@id\":\"https:\/\/elcotarro.com\/?p=10577#primaryimage\"},\"image\":{\"@id\":\"https:\/\/elcotarro.com\/?p=10577#primaryimage\"},\"thumbnailUrl\":\"https:\/\/canariasenpositivo.com\/wp-content\/uploads\/2023\/06\/1.-IGNACIO-RODRIGUEZ-JORGE.jpg\",\"datePublished\":\"2023-06-17T23:22:06+00:00\",\"dateModified\":\"2023-06-18T09:07:27+00:00\",\"breadcrumb\":{\"@id\":\"https:\/\/elcotarro.com\/?p=10577#breadcrumb\"},\"inLanguage\":\"es\",\"potentialAction\":[{\"@type\":\"ReadAction\",\"target\":[\"https:\/\/elcotarro.com\/?p=10577\"]}]},{\"@type\":\"ImageObject\",\"inLanguage\":\"es\",\"@id\":\"https:\/\/elcotarro.com\/?p=10577#primaryimage\",\"url\":\"https:\/\/canariasenpositivo.com\/wp-content\/uploads\/2023\/06\/1.-IGNACIO-RODRIGUEZ-JORGE.jpg\",\"contentUrl\":\"https:\/\/canariasenpositivo.com\/wp-content\/uploads\/2023\/06\/1.-IGNACIO-RODRIGUEZ-JORGE.jpg\"},{\"@type\":\"BreadcrumbList\",\"@id\":\"https:\/\/elcotarro.com\/?p=10577#breadcrumb\",\"itemListElement\":[{\"@type\":\"ListItem\",\"position\":1,\"name\":\"Portada\",\"item\":\"https:\/\/elcotarro.com\/\"},{\"@type\":\"ListItem\",\"position\":2,\"name\":\"EL COTARRO \/ 458, DEL DOMINGO, 18\/06\/2023\"}]},{\"@type\":\"WebSite\",\"@id\":\"https:\/\/elcotarro.com\/#website\",\"url\":\"https:\/\/elcotarro.com\/\",\"name\":\"El Cotarro\",\"description\":\"Peri\u00f3dico Digital Independiente dirigido por Jos\u00e9 Carlos Marrero\",\"publisher\":{\"@id\":\"https:\/\/elcotarro.com\/#organization\"},\"potentialAction\":[{\"@type\":\"SearchAction\",\"target\":{\"@type\":\"EntryPoint\",\"urlTemplate\":\"https:\/\/elcotarro.com\/?s={search_term_string}\"},\"query-input\":{\"@type\":\"PropertyValueSpecification\",\"valueRequired\":true,\"valueName\":\"search_term_string\"}}],\"inLanguage\":\"es\"},{\"@type\":\"Organization\",\"@id\":\"https:\/\/elcotarro.com\/#organization\",\"name\":\"El Cotarro\",\"url\":\"https:\/\/elcotarro.com\/\",\"logo\":{\"@type\":\"ImageObject\",\"inLanguage\":\"es\",\"@id\":\"https:\/\/elcotarro.com\/#\/schema\/logo\/image\/\",\"url\":\"https:\/\/elcotarro.com\/wp-content\/uploads\/2014\/09\/Cabecera_El_Cotarro_v2.jpg\",\"contentUrl\":\"https:\/\/elcotarro.com\/wp-content\/uploads\/2014\/09\/Cabecera_El_Cotarro_v2.jpg\",\"width\":3540,\"height\":441,\"caption\":\"El Cotarro\"},\"image\":{\"@id\":\"https:\/\/elcotarro.com\/#\/schema\/logo\/image\/\"},\"sameAs\":[\"https:\/\/www.facebook.com\/ElCotarro.Tenerife\"]},{\"@type\":\"Person\",\"@id\":\"https:\/\/elcotarro.com\/#\/schema\/person\/af537ee7d60d15984c7e0affcd8a918b\",\"name\":\"Jos\u00e9 Carlos Marrero Gonz\u00e1lez\",\"image\":{\"@type\":\"ImageObject\",\"inLanguage\":\"es\",\"@id\":\"https:\/\/elcotarro.com\/#\/schema\/person\/image\/\",\"url\":\"https:\/\/secure.gravatar.com\/avatar\/def4da036efb5d32c74d49c351f6dccc064dd69ad9f3aadc295c5a9a5391ca01?s=96&d=mm&r=g\",\"contentUrl\":\"https:\/\/secure.gravatar.com\/avatar\/def4da036efb5d32c74d49c351f6dccc064dd69ad9f3aadc295c5a9a5391ca01?s=96&d=mm&r=g\",\"caption\":\"Jos\u00e9 Carlos Marrero Gonz\u00e1lez\"},\"sameAs\":[\"https:\/\/elcotarro.com\"],\"url\":\"https:\/\/elcotarro.com\/?author=2\"}]}<\/script>\n<!-- \/ Yoast SEO plugin. -->","yoast_head_json":{"title":"EL COTARRO \/ 458, DEL DOMINGO, 18\/06\/2023 - El Cotarro","robots":{"index":"index","follow":"follow","max-snippet":"max-snippet:-1","max-image-preview":"max-image-preview:large","max-video-preview":"max-video-preview:-1"},"canonical":"https:\/\/elcotarro.com\/?p=10577","og_locale":"es_ES","og_type":"article","og_title":"EL COTARRO \/ 458, DEL DOMINGO, 18\/06\/2023 - El Cotarro","og_description":"\u2018EL COTARRO\u2019 DIGITAL 458 DEL 18 DE JUNIO DE 2023 &nbsp; &nbsp; Por Jos\u00e9 Carlos Marrero * \u00a0 &nbsp; M\u00c1S O MENOS LO QUE SE ESPERABA\u2026 Y POCO M\u00c1S Este domingo El Cotarro puede parecer largo y denso, pero creo que tiene informaci\u00f3n y \u201cchicha\u201d de la buena. Les sugiero que lo lean hasta el ... Read more","og_url":"https:\/\/elcotarro.com\/?p=10577","og_site_name":"El Cotarro","article_publisher":"https:\/\/www.facebook.com\/ElCotarro.Tenerife","article_published_time":"2023-06-17T23:22:06+00:00","article_modified_time":"2023-06-18T09:07:27+00:00","og_image":[{"url":"https:\/\/canariasenpositivo.com\/wp-content\/uploads\/2023\/06\/1.-IGNACIO-RODRIGUEZ-JORGE.jpg","type":"","width":"","height":""}],"author":"Jos\u00e9 Carlos Marrero Gonz\u00e1lez","twitter_misc":{"Escrito por":"Jos\u00e9 Carlos Marrero Gonz\u00e1lez","Tiempo de lectura":"16 minutos"},"schema":{"@context":"https:\/\/schema.org","@graph":[{"@type":"Article","@id":"https:\/\/elcotarro.com\/?p=10577#article","isPartOf":{"@id":"https:\/\/elcotarro.com\/?p=10577"},"author":{"name":"Jos\u00e9 Carlos Marrero Gonz\u00e1lez","@id":"https:\/\/elcotarro.com\/#\/schema\/person\/af537ee7d60d15984c7e0affcd8a918b"},"headline":"EL COTARRO \/ 458, DEL DOMINGO, 18\/06\/2023","datePublished":"2023-06-17T23:22:06+00:00","dateModified":"2023-06-18T09:07:27+00:00","mainEntityOfPage":{"@id":"https:\/\/elcotarro.com\/?p=10577"},"wordCount":3061,"commentCount":0,"publisher":{"@id":"https:\/\/elcotarro.com\/#organization"},"image":{"@id":"https:\/\/elcotarro.com\/?p=10577#primaryimage"},"thumbnailUrl":"https:\/\/canariasenpositivo.com\/wp-content\/uploads\/2023\/06\/1.-IGNACIO-RODRIGUEZ-JORGE.jpg","articleSection":["El Cotarro"],"inLanguage":"es","potentialAction":[{"@type":"CommentAction","name":"Comment","target":["https:\/\/elcotarro.com\/?p=10577#respond"]}]},{"@type":"WebPage","@id":"https:\/\/elcotarro.com\/?p=10577","url":"https:\/\/elcotarro.com\/?p=10577","name":"EL COTARRO \/ 458, DEL DOMINGO, 18\/06\/2023 - El Cotarro","isPartOf":{"@id":"https:\/\/elcotarro.com\/#website"},"primaryImageOfPage":{"@id":"https:\/\/elcotarro.com\/?p=10577#primaryimage"},"image":{"@id":"https:\/\/elcotarro.com\/?p=10577#primaryimage"},"thumbnailUrl":"https:\/\/canariasenpositivo.com\/wp-content\/uploads\/2023\/06\/1.-IGNACIO-RODRIGUEZ-JORGE.jpg","datePublished":"2023-06-17T23:22:06+00:00","dateModified":"2023-06-18T09:07:27+00:00","breadcrumb":{"@id":"https:\/\/elcotarro.com\/?p=10577#breadcrumb"},"inLanguage":"es","potentialAction":[{"@type":"ReadAction","target":["https:\/\/elcotarro.com\/?p=10577"]}]},{"@type":"ImageObject","inLanguage":"es","@id":"https:\/\/elcotarro.com\/?p=10577#primaryimage","url":"https:\/\/canariasenpositivo.com\/wp-content\/uploads\/2023\/06\/1.-IGNACIO-RODRIGUEZ-JORGE.jpg","contentUrl":"https:\/\/canariasenpositivo.com\/wp-content\/uploads\/2023\/06\/1.-IGNACIO-RODRIGUEZ-JORGE.jpg"},{"@type":"BreadcrumbList","@id":"https:\/\/elcotarro.com\/?p=10577#breadcrumb","itemListElement":[{"@type":"ListItem","position":1,"name":"Portada","item":"https:\/\/elcotarro.com\/"},{"@type":"ListItem","position":2,"name":"EL COTARRO \/ 458, DEL DOMINGO, 18\/06\/2023"}]},{"@type":"WebSite","@id":"https:\/\/elcotarro.com\/#website","url":"https:\/\/elcotarro.com\/","name":"El Cotarro","description":"Peri\u00f3dico Digital Independiente dirigido por Jos\u00e9 Carlos Marrero","publisher":{"@id":"https:\/\/elcotarro.com\/#organization"},"potentialAction":[{"@type":"SearchAction","target":{"@type":"EntryPoint","urlTemplate":"https:\/\/elcotarro.com\/?s={search_term_string}"},"query-input":{"@type":"PropertyValueSpecification","valueRequired":true,"valueName":"search_term_string"}}],"inLanguage":"es"},{"@type":"Organization","@id":"https:\/\/elcotarro.com\/#organization","name":"El Cotarro","url":"https:\/\/elcotarro.com\/","logo":{"@type":"ImageObject","inLanguage":"es","@id":"https:\/\/elcotarro.com\/#\/schema\/logo\/image\/","url":"https:\/\/elcotarro.com\/wp-content\/uploads\/2014\/09\/Cabecera_El_Cotarro_v2.jpg","contentUrl":"https:\/\/elcotarro.com\/wp-content\/uploads\/2014\/09\/Cabecera_El_Cotarro_v2.jpg","width":3540,"height":441,"caption":"El Cotarro"},"image":{"@id":"https:\/\/elcotarro.com\/#\/schema\/logo\/image\/"},"sameAs":["https:\/\/www.facebook.com\/ElCotarro.Tenerife"]},{"@type":"Person","@id":"https:\/\/elcotarro.com\/#\/schema\/person\/af537ee7d60d15984c7e0affcd8a918b","name":"Jos\u00e9 Carlos Marrero Gonz\u00e1lez","image":{"@type":"ImageObject","inLanguage":"es","@id":"https:\/\/elcotarro.com\/#\/schema\/person\/image\/","url":"https:\/\/secure.gravatar.com\/avatar\/def4da036efb5d32c74d49c351f6dccc064dd69ad9f3aadc295c5a9a5391ca01?s=96&d=mm&r=g","contentUrl":"https:\/\/secure.gravatar.com\/avatar\/def4da036efb5d32c74d49c351f6dccc064dd69ad9f3aadc295c5a9a5391ca01?s=96&d=mm&r=g","caption":"Jos\u00e9 Carlos Marrero Gonz\u00e1lez"},"sameAs":["https:\/\/elcotarro.com"],"url":"https:\/\/elcotarro.com\/?author=2"}]}},"jetpack_featured_media_url":"","jetpack_sharing_enabled":true,"_links":{"self":[{"href":"https:\/\/elcotarro.com\/index.php?rest_route=\/wp\/v2\/posts\/10577","targetHints":{"allow":["GET"]}}],"collection":[{"href":"https:\/\/elcotarro.com\/index.php?rest_route=\/wp\/v2\/posts"}],"about":[{"href":"https:\/\/elcotarro.com\/index.php?rest_route=\/wp\/v2\/types\/post"}],"author":[{"embeddable":true,"href":"https:\/\/elcotarro.com\/index.php?rest_route=\/wp\/v2\/users\/2"}],"replies":[{"embeddable":true,"href":"https:\/\/elcotarro.com\/index.php?rest_route=%2Fwp%2Fv2%2Fcomments&post=10577"}],"version-history":[{"count":4,"href":"https:\/\/elcotarro.com\/index.php?rest_route=\/wp\/v2\/posts\/10577\/revisions"}],"predecessor-version":[{"id":10581,"href":"https:\/\/elcotarro.com\/index.php?rest_route=\/wp\/v2\/posts\/10577\/revisions\/10581"}],"wp:attachment":[{"href":"https:\/\/elcotarro.com\/index.php?rest_route=%2Fwp%2Fv2%2Fmedia&parent=10577"}],"wp:term":[{"taxonomy":"category","embeddable":true,"href":"https:\/\/elcotarro.com\/index.php?rest_route=%2Fwp%2Fv2%2Fcategories&post=10577"},{"taxonomy":"post_tag","embeddable":true,"href":"https:\/\/elcotarro.com\/index.php?rest_route=%2Fwp%2Fv2%2Ftags&post=10577"}],"curies":[{"name":"wp","href":"https:\/\/api.w.org\/{rel}","templated":true}]}}