{"id":106,"date":"2014-09-21T00:09:53","date_gmt":"2014-09-20T23:09:53","guid":{"rendered":"https:\/\/elcotarro.com\/?p=106"},"modified":"2014-09-20T23:34:59","modified_gmt":"2014-09-20T22:34:59","slug":"lo-siento-y-enhorabuena","status":"publish","type":"post","link":"https:\/\/elcotarro.com\/?p=106","title":{"rendered":"LO SIENTO Y&#8230; ENHORABUENA"},"content":{"rendered":"<p style=\"text-align: justify;\">\u2666 Nada m\u00e1s terminar de pasar revista a las unidades del Ej\u00e9rcito que le rend\u00edan los honores de ordenanza, <strong>Paulino Rivero<\/strong> comenz\u00f3 a saludar protocolariamente a todas y cada una de las autoridades que all\u00ed se dieron cita, seguido (como es tradicional cada a\u00f1o) por el alcalde <strong>Fernando Clavijo<\/strong> y por el teniente general, Jefe del Mando de Canarias (l\u00e9ase Capit\u00e1n General de Canarias) <strong>Pedro Gal\u00e1n Garc\u00eda<\/strong>, que igualmente saludaron a todos los presentes&#8230;\u00a0 Le falt\u00f3 tiempo e ingenio a <strong>Juan Oliva-Trist\u00e1n<\/strong> para comentar: Hoy la respuesta a los saludos de los dos primeros son: <em>\u201cLo siento, enhorabuena; lo siento, enhorabuena; lo siento, enhorabuena&#8230;\u201d<\/em> Para terminar diciendo: <em>\u201cResultado final: 47 enhorabuenas y 5 lo siento\u201d<\/em>&#8230; No sabemos si la co\u00f1a de <strong>Juanito Oliva<\/strong> habr\u00e1 tenido algo que ver con la realidad de lo que efectivamente all\u00ed pas\u00f3, pero hay que reconocer que la carita de <strong>Paulino Rivero<\/strong> era de circunstancia y todo un poema&#8230; Lo fue durante todo el d\u00eda.<\/p>\n<figure id=\"attachment_107\" aria-describedby=\"caption-attachment-107\" style=\"width: 965px\" class=\"wp-caption aligncenter\"><a href=\"https:\/\/elcotarro.com\/wp-content\/uploads\/2014\/09\/Foto-01-Rivero-con-Clavijo-Apaisada.jpg\"><img loading=\"lazy\" decoding=\"async\" class=\"wp-image-107 size-full\" src=\"https:\/\/elcotarro.com\/wp-content\/uploads\/2014\/09\/Foto-01-Rivero-con-Clavijo-Apaisada.jpg\" alt=\"Fernando y Paulino desde m\u00e1s cerca\u2026 para verles las caritas\" width=\"975\" height=\"362\" srcset=\"https:\/\/elcotarro.com\/wp-content\/uploads\/2014\/09\/Foto-01-Rivero-con-Clavijo-Apaisada.jpg 975w, https:\/\/elcotarro.com\/wp-content\/uploads\/2014\/09\/Foto-01-Rivero-con-Clavijo-Apaisada-300x111.jpg 300w\" sizes=\"auto, (max-width: 975px) 100vw, 975px\" \/><\/a><figcaption id=\"caption-attachment-107\" class=\"wp-caption-text\">Fernando y Paulino desde m\u00e1s cerca\u2026 para verles las caritas<\/figcaption><\/figure>\n","protected":false},"excerpt":{"rendered":"<p>\u2666 Nada m\u00e1s terminar de pasar revista a las unidades del Ej\u00e9rcito que le rend\u00edan los honores de ordenanza, Paulino Rivero comenz\u00f3 a saludar protocolariamente a todas y cada una de las autoridades que all\u00ed se dieron cita, seguido (como es tradicional cada a\u00f1o) por el alcalde Fernando Clavijo y por el teniente general, Jefe &#8230; <a class=\"read-more\" href=\"https:\/\/elcotarro.com\/?p=106\">Read more<\/a><\/p>\n","protected":false},"author":2,"featured_media":0,"comment_status":"open","ping_status":"open","sticky":false,"template":"","format":"standard","meta":{"_jetpack_memberships_contains_paid_content":false,"footnotes":""},"categories":[7],"tags":[10,20,8,19],"class_list":["post-106","post","type-post","status-publish","format-standard","hentry","category-politica","tag-fernando-clavijo","tag-juan-oliva-tristan","tag-paulino-rivero-baute","tag-pedro-galan-garcia"],"yoast_head":"<!-- This site is optimized with the Yoast SEO plugin v27.0 - https:\/\/yoast.com\/product\/yoast-seo-wordpress\/ -->\n<title>LO SIENTO Y... ENHORABUENA - El Cotarro<\/title>\n<meta name=\"robots\" content=\"index, follow, max-snippet:-1, max-image-preview:large, max-video-preview:-1\" \/>\n<link rel=\"canonical\" href=\"https:\/\/elcotarro.com\/?p=106\" \/>\n<meta property=\"og:locale\" content=\"es_ES\" \/>\n<meta property=\"og:type\" content=\"article\" \/>\n<meta property=\"og:title\" content=\"LO SIENTO Y... ENHORABUENA - El Cotarro\" \/>\n<meta property=\"og:description\" content=\"\u2666 Nada m\u00e1s terminar de pasar revista a las unidades del Ej\u00e9rcito que le rend\u00edan los honores de ordenanza, Paulino Rivero comenz\u00f3 a saludar protocolariamente a todas y cada una de las autoridades que all\u00ed se dieron cita, seguido (como es tradicional cada a\u00f1o) por el alcalde Fernando Clavijo y por el teniente general, Jefe ... Read more\" \/>\n<meta property=\"og:url\" content=\"https:\/\/elcotarro.com\/?p=106\" \/>\n<meta property=\"og:site_name\" content=\"El Cotarro\" \/>\n<meta property=\"article:publisher\" content=\"https:\/\/www.facebook.com\/ElCotarro.Tenerife\" \/>\n<meta property=\"article:published_time\" content=\"2014-09-20T23:09:53+00:00\" \/>\n<meta property=\"og:image\" content=\"https:\/\/elcotarro.com\/wp-content\/uploads\/2014\/09\/Foto-01-Rivero-con-Clavijo-Apaisada.jpg\" \/>\n<meta name=\"author\" content=\"Jos\u00e9 Carlos Marrero Gonz\u00e1lez\" \/>\n<meta name=\"twitter:label1\" content=\"Escrito por\" \/>\n\t<meta name=\"twitter:data1\" content=\"Jos\u00e9 Carlos Marrero Gonz\u00e1lez\" \/>\n\t<meta name=\"twitter:label2\" content=\"Tiempo de lectura\" \/>\n\t<meta name=\"twitter:data2\" content=\"1 minuto\" \/>\n<script type=\"application\/ld+json\" class=\"yoast-schema-graph\">{\"@context\":\"https:\/\/schema.org\",\"@graph\":[{\"@type\":\"Article\",\"@id\":\"https:\/\/elcotarro.com\/?p=106#article\",\"isPartOf\":{\"@id\":\"https:\/\/elcotarro.com\/?p=106\"},\"author\":{\"name\":\"Jos\u00e9 Carlos Marrero Gonz\u00e1lez\",\"@id\":\"https:\/\/elcotarro.com\/#\/schema\/person\/af537ee7d60d15984c7e0affcd8a918b\"},\"headline\":\"LO SIENTO Y&#8230; ENHORABUENA\",\"datePublished\":\"2014-09-20T23:09:53+00:00\",\"mainEntityOfPage\":{\"@id\":\"https:\/\/elcotarro.com\/?p=106\"},\"wordCount\":190,\"commentCount\":0,\"publisher\":{\"@id\":\"https:\/\/elcotarro.com\/#organization\"},\"image\":{\"@id\":\"https:\/\/elcotarro.com\/?p=106#primaryimage\"},\"thumbnailUrl\":\"https:\/\/elcotarro.com\/wp-content\/uploads\/2014\/09\/Foto-01-Rivero-con-Clavijo-Apaisada.jpg\",\"keywords\":[\"Fernando Clavijo\",\"Juan Oliva-Trist\u00e1n\",\"Paulino Rivero Baute\",\"Pedro Gal\u00e1n Garc\u00eda\"],\"articleSection\":[\"Pol\u00edtica\"],\"inLanguage\":\"es\",\"potentialAction\":[{\"@type\":\"CommentAction\",\"name\":\"Comment\",\"target\":[\"https:\/\/elcotarro.com\/?p=106#respond\"]}]},{\"@type\":\"WebPage\",\"@id\":\"https:\/\/elcotarro.com\/?p=106\",\"url\":\"https:\/\/elcotarro.com\/?p=106\",\"name\":\"LO SIENTO Y... ENHORABUENA - El Cotarro\",\"isPartOf\":{\"@id\":\"https:\/\/elcotarro.com\/#website\"},\"primaryImageOfPage\":{\"@id\":\"https:\/\/elcotarro.com\/?p=106#primaryimage\"},\"image\":{\"@id\":\"https:\/\/elcotarro.com\/?p=106#primaryimage\"},\"thumbnailUrl\":\"https:\/\/elcotarro.com\/wp-content\/uploads\/2014\/09\/Foto-01-Rivero-con-Clavijo-Apaisada.jpg\",\"datePublished\":\"2014-09-20T23:09:53+00:00\",\"breadcrumb\":{\"@id\":\"https:\/\/elcotarro.com\/?p=106#breadcrumb\"},\"inLanguage\":\"es\",\"potentialAction\":[{\"@type\":\"ReadAction\",\"target\":[\"https:\/\/elcotarro.com\/?p=106\"]}]},{\"@type\":\"ImageObject\",\"inLanguage\":\"es\",\"@id\":\"https:\/\/elcotarro.com\/?p=106#primaryimage\",\"url\":\"https:\/\/elcotarro.com\/wp-content\/uploads\/2014\/09\/Foto-01-Rivero-con-Clavijo-Apaisada.jpg\",\"contentUrl\":\"https:\/\/elcotarro.com\/wp-content\/uploads\/2014\/09\/Foto-01-Rivero-con-Clavijo-Apaisada.jpg\",\"width\":975,\"height\":362,\"caption\":\"Fernando y Paulino desde m\u00e1s cerca\u2026 para verles las caritas\"},{\"@type\":\"BreadcrumbList\",\"@id\":\"https:\/\/elcotarro.com\/?p=106#breadcrumb\",\"itemListElement\":[{\"@type\":\"ListItem\",\"position\":1,\"name\":\"Portada\",\"item\":\"https:\/\/elcotarro.com\/\"},{\"@type\":\"ListItem\",\"position\":2,\"name\":\"LO SIENTO Y&#8230; ENHORABUENA\"}]},{\"@type\":\"WebSite\",\"@id\":\"https:\/\/elcotarro.com\/#website\",\"url\":\"https:\/\/elcotarro.com\/\",\"name\":\"El Cotarro\",\"description\":\"Peri\u00f3dico Digital Independiente dirigido por Jos\u00e9 Carlos Marrero\",\"publisher\":{\"@id\":\"https:\/\/elcotarro.com\/#organization\"},\"potentialAction\":[{\"@type\":\"SearchAction\",\"target\":{\"@type\":\"EntryPoint\",\"urlTemplate\":\"https:\/\/elcotarro.com\/?s={search_term_string}\"},\"query-input\":{\"@type\":\"PropertyValueSpecification\",\"valueRequired\":true,\"valueName\":\"search_term_string\"}}],\"inLanguage\":\"es\"},{\"@type\":\"Organization\",\"@id\":\"https:\/\/elcotarro.com\/#organization\",\"name\":\"El Cotarro\",\"url\":\"https:\/\/elcotarro.com\/\",\"logo\":{\"@type\":\"ImageObject\",\"inLanguage\":\"es\",\"@id\":\"https:\/\/elcotarro.com\/#\/schema\/logo\/image\/\",\"url\":\"https:\/\/elcotarro.com\/wp-content\/uploads\/2014\/09\/Cabecera_El_Cotarro_v2.jpg\",\"contentUrl\":\"https:\/\/elcotarro.com\/wp-content\/uploads\/2014\/09\/Cabecera_El_Cotarro_v2.jpg\",\"width\":3540,\"height\":441,\"caption\":\"El Cotarro\"},\"image\":{\"@id\":\"https:\/\/elcotarro.com\/#\/schema\/logo\/image\/\"},\"sameAs\":[\"https:\/\/www.facebook.com\/ElCotarro.Tenerife\"]},{\"@type\":\"Person\",\"@id\":\"https:\/\/elcotarro.com\/#\/schema\/person\/af537ee7d60d15984c7e0affcd8a918b\",\"name\":\"Jos\u00e9 Carlos Marrero Gonz\u00e1lez\",\"image\":{\"@type\":\"ImageObject\",\"inLanguage\":\"es\",\"@id\":\"https:\/\/elcotarro.com\/#\/schema\/person\/image\/\",\"url\":\"https:\/\/secure.gravatar.com\/avatar\/def4da036efb5d32c74d49c351f6dccc064dd69ad9f3aadc295c5a9a5391ca01?s=96&d=mm&r=g\",\"contentUrl\":\"https:\/\/secure.gravatar.com\/avatar\/def4da036efb5d32c74d49c351f6dccc064dd69ad9f3aadc295c5a9a5391ca01?s=96&d=mm&r=g\",\"caption\":\"Jos\u00e9 Carlos Marrero Gonz\u00e1lez\"},\"sameAs\":[\"https:\/\/elcotarro.com\"],\"url\":\"https:\/\/elcotarro.com\/?author=2\"}]}<\/script>\n<!-- \/ Yoast SEO plugin. -->","yoast_head_json":{"title":"LO SIENTO Y... ENHORABUENA - El Cotarro","robots":{"index":"index","follow":"follow","max-snippet":"max-snippet:-1","max-image-preview":"max-image-preview:large","max-video-preview":"max-video-preview:-1"},"canonical":"https:\/\/elcotarro.com\/?p=106","og_locale":"es_ES","og_type":"article","og_title":"LO SIENTO Y... ENHORABUENA - El Cotarro","og_description":"\u2666 Nada m\u00e1s terminar de pasar revista a las unidades del Ej\u00e9rcito que le rend\u00edan los honores de ordenanza, Paulino Rivero comenz\u00f3 a saludar protocolariamente a todas y cada una de las autoridades que all\u00ed se dieron cita, seguido (como es tradicional cada a\u00f1o) por el alcalde Fernando Clavijo y por el teniente general, Jefe ... Read more","og_url":"https:\/\/elcotarro.com\/?p=106","og_site_name":"El Cotarro","article_publisher":"https:\/\/www.facebook.com\/ElCotarro.Tenerife","article_published_time":"2014-09-20T23:09:53+00:00","og_image":[{"url":"https:\/\/elcotarro.com\/wp-content\/uploads\/2014\/09\/Foto-01-Rivero-con-Clavijo-Apaisada.jpg","type":"","width":"","height":""}],"author":"Jos\u00e9 Carlos Marrero Gonz\u00e1lez","twitter_misc":{"Escrito por":"Jos\u00e9 Carlos Marrero Gonz\u00e1lez","Tiempo de lectura":"1 minuto"},"schema":{"@context":"https:\/\/schema.org","@graph":[{"@type":"Article","@id":"https:\/\/elcotarro.com\/?p=106#article","isPartOf":{"@id":"https:\/\/elcotarro.com\/?p=106"},"author":{"name":"Jos\u00e9 Carlos Marrero Gonz\u00e1lez","@id":"https:\/\/elcotarro.com\/#\/schema\/person\/af537ee7d60d15984c7e0affcd8a918b"},"headline":"LO SIENTO Y&#8230; ENHORABUENA","datePublished":"2014-09-20T23:09:53+00:00","mainEntityOfPage":{"@id":"https:\/\/elcotarro.com\/?p=106"},"wordCount":190,"commentCount":0,"publisher":{"@id":"https:\/\/elcotarro.com\/#organization"},"image":{"@id":"https:\/\/elcotarro.com\/?p=106#primaryimage"},"thumbnailUrl":"https:\/\/elcotarro.com\/wp-content\/uploads\/2014\/09\/Foto-01-Rivero-con-Clavijo-Apaisada.jpg","keywords":["Fernando Clavijo","Juan Oliva-Trist\u00e1n","Paulino Rivero Baute","Pedro Gal\u00e1n Garc\u00eda"],"articleSection":["Pol\u00edtica"],"inLanguage":"es","potentialAction":[{"@type":"CommentAction","name":"Comment","target":["https:\/\/elcotarro.com\/?p=106#respond"]}]},{"@type":"WebPage","@id":"https:\/\/elcotarro.com\/?p=106","url":"https:\/\/elcotarro.com\/?p=106","name":"LO SIENTO Y... ENHORABUENA - El Cotarro","isPartOf":{"@id":"https:\/\/elcotarro.com\/#website"},"primaryImageOfPage":{"@id":"https:\/\/elcotarro.com\/?p=106#primaryimage"},"image":{"@id":"https:\/\/elcotarro.com\/?p=106#primaryimage"},"thumbnailUrl":"https:\/\/elcotarro.com\/wp-content\/uploads\/2014\/09\/Foto-01-Rivero-con-Clavijo-Apaisada.jpg","datePublished":"2014-09-20T23:09:53+00:00","breadcrumb":{"@id":"https:\/\/elcotarro.com\/?p=106#breadcrumb"},"inLanguage":"es","potentialAction":[{"@type":"ReadAction","target":["https:\/\/elcotarro.com\/?p=106"]}]},{"@type":"ImageObject","inLanguage":"es","@id":"https:\/\/elcotarro.com\/?p=106#primaryimage","url":"https:\/\/elcotarro.com\/wp-content\/uploads\/2014\/09\/Foto-01-Rivero-con-Clavijo-Apaisada.jpg","contentUrl":"https:\/\/elcotarro.com\/wp-content\/uploads\/2014\/09\/Foto-01-Rivero-con-Clavijo-Apaisada.jpg","width":975,"height":362,"caption":"Fernando y Paulino desde m\u00e1s cerca\u2026 para verles las caritas"},{"@type":"BreadcrumbList","@id":"https:\/\/elcotarro.com\/?p=106#breadcrumb","itemListElement":[{"@type":"ListItem","position":1,"name":"Portada","item":"https:\/\/elcotarro.com\/"},{"@type":"ListItem","position":2,"name":"LO SIENTO Y&#8230; ENHORABUENA"}]},{"@type":"WebSite","@id":"https:\/\/elcotarro.com\/#website","url":"https:\/\/elcotarro.com\/","name":"El Cotarro","description":"Peri\u00f3dico Digital Independiente dirigido por Jos\u00e9 Carlos Marrero","publisher":{"@id":"https:\/\/elcotarro.com\/#organization"},"potentialAction":[{"@type":"SearchAction","target":{"@type":"EntryPoint","urlTemplate":"https:\/\/elcotarro.com\/?s={search_term_string}"},"query-input":{"@type":"PropertyValueSpecification","valueRequired":true,"valueName":"search_term_string"}}],"inLanguage":"es"},{"@type":"Organization","@id":"https:\/\/elcotarro.com\/#organization","name":"El Cotarro","url":"https:\/\/elcotarro.com\/","logo":{"@type":"ImageObject","inLanguage":"es","@id":"https:\/\/elcotarro.com\/#\/schema\/logo\/image\/","url":"https:\/\/elcotarro.com\/wp-content\/uploads\/2014\/09\/Cabecera_El_Cotarro_v2.jpg","contentUrl":"https:\/\/elcotarro.com\/wp-content\/uploads\/2014\/09\/Cabecera_El_Cotarro_v2.jpg","width":3540,"height":441,"caption":"El Cotarro"},"image":{"@id":"https:\/\/elcotarro.com\/#\/schema\/logo\/image\/"},"sameAs":["https:\/\/www.facebook.com\/ElCotarro.Tenerife"]},{"@type":"Person","@id":"https:\/\/elcotarro.com\/#\/schema\/person\/af537ee7d60d15984c7e0affcd8a918b","name":"Jos\u00e9 Carlos Marrero Gonz\u00e1lez","image":{"@type":"ImageObject","inLanguage":"es","@id":"https:\/\/elcotarro.com\/#\/schema\/person\/image\/","url":"https:\/\/secure.gravatar.com\/avatar\/def4da036efb5d32c74d49c351f6dccc064dd69ad9f3aadc295c5a9a5391ca01?s=96&d=mm&r=g","contentUrl":"https:\/\/secure.gravatar.com\/avatar\/def4da036efb5d32c74d49c351f6dccc064dd69ad9f3aadc295c5a9a5391ca01?s=96&d=mm&r=g","caption":"Jos\u00e9 Carlos Marrero Gonz\u00e1lez"},"sameAs":["https:\/\/elcotarro.com"],"url":"https:\/\/elcotarro.com\/?author=2"}]}},"jetpack_featured_media_url":"","jetpack_sharing_enabled":true,"_links":{"self":[{"href":"https:\/\/elcotarro.com\/index.php?rest_route=\/wp\/v2\/posts\/106","targetHints":{"allow":["GET"]}}],"collection":[{"href":"https:\/\/elcotarro.com\/index.php?rest_route=\/wp\/v2\/posts"}],"about":[{"href":"https:\/\/elcotarro.com\/index.php?rest_route=\/wp\/v2\/types\/post"}],"author":[{"embeddable":true,"href":"https:\/\/elcotarro.com\/index.php?rest_route=\/wp\/v2\/users\/2"}],"replies":[{"embeddable":true,"href":"https:\/\/elcotarro.com\/index.php?rest_route=%2Fwp%2Fv2%2Fcomments&post=106"}],"version-history":[{"count":2,"href":"https:\/\/elcotarro.com\/index.php?rest_route=\/wp\/v2\/posts\/106\/revisions"}],"predecessor-version":[{"id":117,"href":"https:\/\/elcotarro.com\/index.php?rest_route=\/wp\/v2\/posts\/106\/revisions\/117"}],"wp:attachment":[{"href":"https:\/\/elcotarro.com\/index.php?rest_route=%2Fwp%2Fv2%2Fmedia&parent=106"}],"wp:term":[{"taxonomy":"category","embeddable":true,"href":"https:\/\/elcotarro.com\/index.php?rest_route=%2Fwp%2Fv2%2Fcategories&post=106"},{"taxonomy":"post_tag","embeddable":true,"href":"https:\/\/elcotarro.com\/index.php?rest_route=%2Fwp%2Fv2%2Ftags&post=106"}],"curies":[{"name":"wp","href":"https:\/\/api.w.org\/{rel}","templated":true}]}}