{"id":10615,"date":"2023-08-13T00:32:58","date_gmt":"2023-08-12T23:32:58","guid":{"rendered":"https:\/\/elcotarro.com\/?p=10615"},"modified":"2023-08-18T20:25:50","modified_gmt":"2023-08-18T19:25:50","slug":"el-cotarro-466-del-domingo-13-08-2023","status":"publish","type":"post","link":"https:\/\/elcotarro.com\/?p=10615","title":{"rendered":"EL COTARRO \/ 466, DEL DOMINGO, 13\/08\/2023"},"content":{"rendered":"<p><img loading=\"lazy\" decoding=\"async\" class=\"size-large wp-image-6373 aligncenter\" src=\"https:\/\/canariasenpositivo.com\/wp-content\/uploads\/2023\/07\/EL-COTARRO-CABECERA-1024x122.jpg\" alt=\"\" width=\"660\" height=\"79\" \/><\/p>\n<p style=\"text-align: center\"><span style=\"color: #ff0000\"><strong>N\u00ba466 DEL 13 DE AGOSTO DE 2023<\/strong><\/span><\/p>\n<p>&nbsp;<\/p>\n<p><em>\u00a0<\/em><\/p>\n<p><span style=\"color: #0000ff\"><em>Por <strong>Jos\u00e9 Carlos Marrero *<\/strong><\/em><\/span><\/p>\n<p><strong><em>\u00a0<\/em><\/strong><\/p>\n<p><em>\u00a0<\/em><\/p>\n<p><strong><span style=\"color: #0000ff\">AQU\u00cd NO HAY MONUMENTO AL SOLDADO DESCONOCIDO<\/span> <\/strong><\/p>\n<ul>\n<li>Comienzo esta edici\u00f3n veraniega de <strong><em>El Cotarro<\/em><\/strong>, recordando a mi querido y respetado periodista y amigo, <strong>Manuel Iglesias Garc\u00eda<\/strong>, cuando dec\u00eda aquello de <em>\u00abaqu\u00ed no hay monumento al soldado desconocido, porque nos conocemos todos\u00bb.<\/em> Una verdad como un templo porque en este \u00abpueblo chico, infierno grande\u00bb la gente es muy dada a criticarte manifestando las opiniones y comentarios m\u00e1s insospechados, ech\u00e1ndote en cara que eres amigo de la persona de quien has hablado o escrito en su favor o defensa. Para que no lo digan esas personas por lo bajini o por las esquinas, lo digo yo mismo, p\u00fablicamente y primera persona. Conozco desde hace muchos a\u00f1os al doctor <strong>Guillermo Burillo Putze<\/strong> y me considero su amigo. Nos conocimos cuando coincidimos como miembros de la Muy Ilustre, Decana, Nocturna y Andariega Tuna de Medicina de La Laguna (de la que <strong>Guillermo<\/strong> fue gran presidente, por cierto), cuando dicha tuna me otorg\u00f3 el honor de adoptarme como tuno, al haber desaparecido la de Aparejadores, cuando yo estudiaba dicha carrera. La amistad forjada en el seno de una tuna no se pierde nunca y s\u00ed, me considero, repito, amigo de <strong>Guillermo Burillo.<\/strong> El caso que voy a contar y su protagonista, se merecen este <strong><em>Cotarro<\/em><\/strong> monogr\u00e1fico<strong>.<\/strong><\/li>\n<\/ul>\n<p><img loading=\"lazy\" decoding=\"async\" class=\"size-full wp-image-6507 aligncenter\" src=\"https:\/\/canariasenpositivo.com\/wp-content\/uploads\/2023\/08\/1.-MANUEL-IGLESIAS.jpg\" alt=\"\" width=\"298\" height=\"205\" \/><\/p>\n<p style=\"text-align: center\"><em>El gran periodista Manuel Iglesias ten\u00eda claro que\u2026 \u201caqu\u00ed nos conocemos todos\u201d.<\/em><\/p>\n<p>&nbsp;<\/p>\n<p><span style=\"color: #0000ff\"><strong>UNA RESOLUCI\u00d3N DE SANIDAD DE&#8230; \u00a1SIETE P\u00c1GINAS!<\/strong><\/span><\/p>\n<ul>\n<li>Dicho lo anterior y aunque pueda parecer \u00abpol\u00edticamente incorrecto\u00bb, me permitir\u00e1n que este domingo, de forma directa, p\u00fablicamente y a las claras, rompa una lanza en favor de <strong>Guillermo Burillo Putze<\/strong>, un veterano y reconocido doctor de nuestro Hospital Universitario de Canarias (HUC) que, seg\u00fan mi modesta y humilde opini\u00f3n, parece que est\u00e1 sufriendo desde hace a\u00f1os una persecuci\u00f3n, tanto personal como profesional, en el seno de su centro de trabajo. No tengo pruebas de ello (por ahora) y, por tanto, no lo puedo asegurar, est\u00e1 claro. Pero desde mi libertad y profesionalidad, amparado en la sagrada libertad de expresi\u00f3n, me permitir\u00e1n ustedes que manifieste mi impresi\u00f3n de que eso es lo que est\u00e1 pasando. El \u00abpen\u00faltimo\u00bb cap\u00edtulo del pol\u00e9mico tema que afecta al <strong> Burillo<\/strong> tiene que ver con una impresionante resoluci\u00f3n que, firmada por la <strong>Dra. Mercedes Cueto Serrano<\/strong>, actualmente directora-gerente del HUC, publicada en el Bolet\u00edn Oficial de Canarias N\u00ba155 del pasado lunes, 7 de agosto de 2023. Una resoluci\u00f3n que ocupa, nada m\u00e1s y nada menos que \u00a1siete p\u00e1ginas! para declarar desierto un proceso de selecci\u00f3n.<\/li>\n<\/ul>\n<p><img loading=\"lazy\" decoding=\"async\" class=\"size-large wp-image-6508 aligncenter\" src=\"https:\/\/canariasenpositivo.com\/wp-content\/uploads\/2023\/08\/2.-DRA.-CUETO-SERRRANO-1024x683.jpg\" alt=\"\" width=\"660\" height=\"440\" \/><\/p>\n<p style=\"text-align: center\"><em>La Dra. Mercedes Cueto Serrano hoy todav\u00eda directora-gerente del HUC.<\/em><\/p>\n<p>&nbsp;<\/p>\n<p><span style=\"color: #0000ff\"><strong>R\u00c1PIDO RESUMEN, PARA QUE SE SITUEN EN EL TEMA<\/strong><\/span><\/p>\n<ul>\n<li>El triste y pol\u00e9mico tema, al que parece pretende dar \u00abcarpetazo\u00bb la Gerencia del HUC con la resoluci\u00f3n publicada el pasado lunes, arranca y tiene que ver con el cese hace tres a\u00f1os del <strong> Guillermo Burillo Putze<\/strong> como m\u00e9dico coordinador del Servicio de Urgencias de nuestro HUC, puesto en el que llevaba casi siete a\u00f1os. El cese fue recurrido judicialmente por parte del <strong>Dr. Burillo<\/strong> y la justicia le dio la raz\u00f3n. Es cierto que el cargo ocupado por <strong>Burillo<\/strong> era \u00abde confianza\u00bb, pero hab\u00eda sido cesado sin la debida justificaci\u00f3n, que es preceptiva. La sentencia oblig\u00f3 a la gerente, <strong>Mercedes Cueto<\/strong>, a reincorporar en su puesto y cargo a <strong>Guillermo Burillo<\/strong> y as\u00ed se hizo. Pero no debi\u00f3 gustarle mucho la mencionada sentencia porque, dos d\u00edas despu\u00e9s, el <strong>Dr. Burillo<\/strong> fue nuevamente cesado, quedando como m\u00e9dico \u00abde base\u00bb en el Servicio de Urgencias del HUC. Este segundo despido, por cierto, tambi\u00e9n fue recurrido y est\u00e1 pendiente de lo que digan los jueces. En medio de toda esta historia, <strong>Blas Trujillo<\/strong>, siendo consejero de Sanidad del Gobierno canario, se comprometi\u00f3 en sede parlamentaria a sacar a concurso cuatro jefaturas de otros tantos servicios del HUC. Las manifestaciones en defensa del <strong>Dr. Burillo<\/strong> salieron el los medios de comunicaci\u00f3n y varios profesionales de Urgencia pidieron traslado.<\/li>\n<\/ul>\n<p><img loading=\"lazy\" decoding=\"async\" class=\"size-full wp-image-6509 aligncenter\" src=\"https:\/\/canariasenpositivo.com\/wp-content\/uploads\/2023\/08\/3.-MANIFESTACION-PRO-BURILLO.webp\" alt=\"\" width=\"1020\" height=\"574\" \/><\/p>\n<p style=\"text-align: center\"><em>Manifestaci\u00f3n en solidaridad con el Sr. Burillo ante el edificio de la Gerencia del HUC<\/em><\/p>\n<p>&nbsp;<\/p>\n<p><span style=\"color: #0000ff\"><strong>UN CONCURSO DE M\u00c9RITOS CON ACTO P\u00daBLICO FINAL<\/strong><\/span><\/p>\n<ul>\n<li>Casi un a\u00f1o m\u00e1s tarde, obligada por el compromiso adquirido por Blas Trujillo y me da que, a rega\u00f1adientes, <strong>Mercedes Cueto<\/strong> y su equipo de la Gerencia, sacaron a concurso la adjudicaci\u00f3n de cuatro jefaturas prometidas, entre ellas la del Servicio de Urgencias. Se presentaron solo cuatro m\u00e9dicos, uno para cada una de las plazas convocadas. En el caso concreto del concurso para ocupar la jefatura del Servicio Urgencias, solo se present\u00f3 el <strong> Guillermo Burillo Putze<\/strong>. Presentada toda la documentaci\u00f3n requerida, incorporando en ella su amplio curr\u00edculum profesional, el <strong>Dr. Burillo<\/strong> pas\u00f3 a defender en acto p\u00fablico su preceptivo proyecto de gesti\u00f3n del Servicio de Urgencias a cuatro a\u00f1os, ante una Comisi\u00f3n de Evaluaci\u00f3n compuesta por cinco miembros (cuatro del HUC y uno externo, de La Coru\u00f1a) que presid\u00eda la <strong>Dra. Sagrario Bustabad<\/strong>, directora m\u00e9dica del HUC. Tras una (para m\u00ed) excelente defensa y la contestaci\u00f3n a las preguntas de varios miembros de la Comisi\u00f3n (que en ning\u00fan momento plantearon objeciones ni comentarios en contra del aspirante al puesto) el <strong>Dr. Burillo<\/strong> pas\u00f3 su presentaci\u00f3n y defensa siendo aplaudido por los asistentes al acto, la mayor\u00eda m\u00e9dicos y enfermeros del propio Servicio de Urgencias del HUC, que, para mi, fueron a o\u00edr y arropar al que consideran \u201csu\u201d jefe.<\/li>\n<\/ul>\n<p><img loading=\"lazy\" decoding=\"async\" class=\"size-large wp-image-6510 aligncenter\" src=\"https:\/\/canariasenpositivo.com\/wp-content\/uploads\/2023\/08\/4.-COMISION-DE-EVALUACION-1024x451.jpg\" alt=\"\" width=\"660\" height=\"291\" \/><\/p>\n<p style=\"text-align: center\"><em>La Comisi\u00f3n de Evaluaci\u00f3n durante la defensa del Dr. Burillo. De izquierda a derecha: Elvira Toste Cubas, Sagrario Bustabad (presidenta de la Comisi\u00f3n), Melchor Rodr\u00edguez, Jos\u00e9 Manuel Fandi\u00f1o Orgeira y Mar\u00eda Luisa Mora.<\/em><\/p>\n<p>&nbsp;<\/p>\n<p><span style=\"color: #0000ff\"><strong>GERENCIA HA DECLARADO EL CONCURSO&#8230;\u00bbDESIERTO\u00bb<\/strong><\/span><\/p>\n<ul>\n<li>Siempre he reconocido mis limitaciones y en este caso, burocr\u00e1tico-jur\u00eddico-administrativo, no s\u00e9 si es normal que una resoluci\u00f3n para declarar desierto un proceso de selecci\u00f3n requiera la friolera de siete p\u00e1ginas de nuestro Bolet\u00edn Oficial de Canarias (BOC). Quiz\u00e1 alguien me pueda acusar de tener una mente retorcida, pero, con perd\u00f3n, tengo otra impresi\u00f3n. Sinceramente y sin ser profesional del Derecho, al ver la resoluci\u00f3n publicada en el BOC, me da que lo que puede estar pasando es que alguien se est\u00e9 curando en salud ante posibles recursos y procesos judiciales (que me temo van a presentarse en breve) y que vayan ustedes a saber cu\u00e1ndo y c\u00f3mo acabar\u00e1n. Y es que, siete p\u00e1ginas con un farragoso texto jur\u00eddico, para terminar resolviendo que <em>\u00abse declara desierto el proceso para la provisi\u00f3n, con car\u00e1cter temporal, del puesto de Jefe\/a de Servicio de Urgencias, incluido en la plantilla org\u00e1nica del centro\u00bb<\/em> porque (textualmente) <em>\u00abel aspirante valorado no resulta id\u00f3neo para el desempe\u00f1o del puesto convocado, con base en los argumentos dados por dicha Comisi\u00f3n\u00bb<\/em> &#8230; La verdad, sinceramente, no s\u00e9 yo&#8230;<\/li>\n<\/ul>\n<p><img loading=\"lazy\" decoding=\"async\" class=\"size-large wp-image-6511 aligncenter\" src=\"https:\/\/canariasenpositivo.com\/wp-content\/uploads\/2023\/08\/5.-URGENCIAS-HUC-1024x576.jpg\" alt=\"\" width=\"660\" height=\"371\" \/><\/p>\n<p style=\"text-align: center\"><em>El Servicio de Urgencias del HUC suele estar con sus pasillos as\u00ed de colapsados, pero la Comisi\u00f3n de Evaluaci\u00f3n del proceso para darle una jefatura de servicio estable, prefiri\u00f3 declararlo desierto.<\/em><\/p>\n<p>&nbsp;<\/p>\n<p><span style=\"color: #0000ff\"><strong>PEQUE\u00d1O RESUMEN <\/strong><strong>DEL CURR\u00cdCULUM <\/strong><strong>DEL<\/strong> <strong>DR. BURILLO<\/strong><\/span><\/p>\n<ul>\n<li>Hasta donde yo s\u00e9 y resumiendo su curr\u00edculum profesional, el <strong> Guillermo Burillo Putze<\/strong> lleva trabajando en el HUC desde hace m\u00e1s de 30 a\u00f1os, desarrollando permanentemente su labor profesional en el Servicio de Urgencias. En dicho servicio el <strong>Dr. Burillo<\/strong> ha sido m\u00e9dico coordinador del mismo durante m\u00e1s de 7 a\u00f1os, hasta que lo ces\u00f3 la gerente <strong>Mercedes Cueto<\/strong>. En sus a\u00f1os de profesi\u00f3n y dentro de la especialidad de Urgencias (a\u00fan no reconocida oficialmente en Espa\u00f1a) <strong>Guillermo Burillo<\/strong> adem\u00e1s ha prestado sus servicios en los helic\u00f3pteros del Servicio de Urgencias Canario (SUC) trasladando a pacientes accidentados y en estados de urgencia entre islas durante los 10 primeros a\u00f1os del SUC. Tambi\u00e9n, ha trabajado en los servicios centrales del Servicio Canario de la Salud. El<strong> Dr. Burillo<\/strong> es, adem\u00e1s, catedr\u00e1tico de Medicina de Urgencias en la Universidad Europea de Canarias y profesor asociado en la Facultad de Ciencias de la Salud (Medicina) de la Universidad de La Laguna.<\/li>\n<\/ul>\n<p><img loading=\"lazy\" decoding=\"async\" class=\"size-full wp-image-6512 aligncenter\" src=\"https:\/\/canariasenpositivo.com\/wp-content\/uploads\/2023\/08\/6.-GUILLERMO-BURILLO.jpg\" alt=\"\" width=\"1024\" height=\"683\" \/><\/p>\n<p style=\"text-align: center\"><em>El Dr. Guillermo Burillo Putze, experto donde los haya en Medicina de Urgencias.<\/em><\/p>\n<p>&nbsp;<\/p>\n<p><span style=\"color: #0000ff\"><strong>CONOCIMIENTOS Y EXPERIENCIA QUE DAN IDONEIDAD<\/strong><\/span><\/p>\n<ul>\n<li>Asimismo, <strong>Guillermo Burillo<\/strong> ha sido durante 12 a\u00f1os miembro de la Junta Directiva Nacional de la Sociedad Espa\u00f1ola de Medicina de Urgencias y Emergencias (SEMES) y otros 8, presidente de SEMES-Canarias. El <strong> Burillo <\/strong>ha presentado ponencias en congresos, firmado publicaciones y participado en proyectos de investigaci\u00f3n tanto nacionales como internacionales y, desde hace 2 semanas ha sido acreditado a nivel nacional como Profesor Titular de universidades p\u00fablicas. Con este bagaje (que creo, no es poco) se present\u00f3 el <strong>Dr. Burillo<\/strong> para acceder a la jefatura de Urgencias. Seguramente, habr\u00e1 m\u00e1s gente buena, tanto o m\u00e1s preparada que <strong>Guillermo Burillo<\/strong> para ocupar una jefatura de servicio, como la de Urgencias del HUC. No lo dudamos. Pero lo cierto y verdad es que el \u00fanico profesional que se present\u00f3 para ocuparla fue el <strong>Dr. Guillermo Burillo Putze<\/strong>. Y su curr\u00edculum, sus conocimientos, su trayectoria profesional y sus a\u00f1os dedicados a la Medicina de Urgencias en nuestro HUC no se los quita nadie. Y estaba claro (y sigue est\u00e1ndolo) que Urgencias del HUC necesita un jefe estable de manera urgente.<\/li>\n<\/ul>\n<p><em> <img loading=\"lazy\" decoding=\"async\" class=\"size-full wp-image-6513 aligncenter\" src=\"https:\/\/canariasenpositivo.com\/wp-content\/uploads\/2023\/08\/7.-DIGNIDAD-URGENCIAS-HUC.jpg\" alt=\"\" width=\"880\" height=\"495\" \/><\/em><\/p>\n<p style=\"text-align: center\"><em>Creo que el Dr. Burillo tiene experiencia para dar al Servicio de Urgencias la dignidad que demanda<\/em><\/p>\n<p><em>\u00a0<\/em><\/p>\n<p><span style=\"color: #0000ff\"><strong>LA PRESUNTA \u00abNO IDONEIDAD\u00bb DEL DR. BURILLO PUTZE<\/strong><\/span><\/p>\n<ul>\n<li>Con todo el bagaje anteriormente expuesto y con su presentaci\u00f3n del proyecto de trabajo para los pr\u00f3ximos cuatro a\u00f1os al frente (si era elegido) del Servicio de Urgencias del HUC al que tanto tiempo y esfuerzos ha dedicado durante toda su vida y trayectoria profesional. Pero resuelve la Comisi\u00f3n de Evaluaci\u00f3n presidida por la <strong> Sagrario Bustabad<\/strong> que el aspirante <strong>Dr. Burillo<\/strong> <em>\u00abno resulta id\u00f3neo para el desempe\u00f1o del puesto convocado\u00bb<\/em> y, posteriormente, la Gerencia en la resoluci\u00f3n firmada por la \u00ednclita <strong>Dra. Mercedes Cueto Serrano<\/strong> decide <em>\u00abdeclarar desierto el proceso para la provisi\u00f3n, con car\u00e1cter temporal, del puesto de Jefe de Servicio de Urgencias del Complejo Hospitalario Universitario de Canarias\u00bb<\/em> \u00bfAlguien me lo pueden explicar?&#8230; Y claro, a todas estas, los otros tres servicios ya con sus nuevas personas en sus respectivas jefaturas menos, precisamente, el servicio de Urgencias, por el que, en gran medida, entran los pacientes usuarios de todo el norte de Tenerife. No s\u00e9 lo que opinar\u00e1 de todo esto la nueva consejera de Sanidad del Gobierno de Canarias, <strong>Esther Monz\u00f3n<\/strong>, ni su director del Servicio Canario de la Salud (SCS) <strong>Carlos Gustavo D\u00edaz<\/strong>&#8230; Me gustar\u00eda saberlo\u2026 Y que actuaran, claro.<\/li>\n<\/ul>\n<p style=\"text-align: center\"><em><img loading=\"lazy\" decoding=\"async\" class=\"size-full wp-image-6514 aligncenter\" src=\"https:\/\/canariasenpositivo.com\/wp-content\/uploads\/2023\/08\/8.-CUETO-Y-BUSTABAD.jpg\" alt=\"\" width=\"600\" height=\"400\" \/>\u00a0<\/em><em>Dra. Sagrario Bustabad (directora m\u00e9dica del HUC) y Dra. Mercedes Cueto (gerente)<\/em><\/p>\n<p><em>\u00a0<\/em><\/p>\n<p><span style=\"color: #0000ff\"><strong>VERGONZOSA SITUACI\u00d3N A RESOLVER CON &#8216;URGENCIA&#8217;<\/strong><\/span><\/p>\n<ul>\n<li>Creo que esta vergonzosa realidad, enmarcada en la ya de por s\u00ed compleja y complicada situaci\u00f3n de la Sanidad canaria en general y de los servicios de Urgencias en particular, debe ser resuelta con urgencia (y nunca mejor dicho). En el caso del Hospital Universitario de Canarias, creo que la situaci\u00f3n es a\u00fan m\u00e1s grave y urgente. Y en lo que se refiere al caso del <strong> Guillermo Burillo Putze<\/strong>, si se me permite decirlo, creo que hay que reconducirlo lo antes que se pueda y de la mejor manera posible. El HUC en general y de manera concreta su Servicio de Urgencias debe gestionarse profesionalmente desde una paz social y en un ambiente de cordialidad, camarader\u00eda, actitud positiva y complicidad. Me perdonar\u00e1n que se los diga de nuevo, pero creo que el ex consejero <strong>Blas Trujillo<\/strong> y su ex director del SCS, <strong>Conrado Dom\u00ednguez<\/strong> fueron muy lentos y d\u00e9biles en el pilotaje, con rigor, rapidez y decisi\u00f3n, de este \u201curgente\u201d caso.<\/li>\n<\/ul>\n<p><img loading=\"lazy\" decoding=\"async\" class=\"size-full wp-image-6515 aligncenter\" src=\"https:\/\/canariasenpositivo.com\/wp-content\/uploads\/2023\/08\/9.-BLAS-Y-CONRADO.jpeg\" alt=\"\" width=\"393\" height=\"244\" \/><\/p>\n<p style=\"text-align: center\"><em>Blas Trujillo (i) y Conrado Dom\u00ednguez. Para m\u00ed, no estuvieron a la altura requerida.<\/em><\/p>\n<p>&nbsp;<\/p>\n<p><span style=\"color: #0000ff\"><strong>CONFIANZA EN ESTHER MONZ\u00d3N Y CARLOS G. D\u00cdAZ<\/strong><\/span><\/p>\n<ul>\n<li>Mucha gente conf\u00eda (yo el primero) en que el reci\u00e9n llegado t\u00e1ndem formado por <strong>Esther Monz\u00f3n Rodr\u00edguez<\/strong> (consejera de Sanidad) y <strong>Carlos Gustavo D\u00edaz<\/strong> (Director del SCS) entren de inmediato (con \u00aburgencia\u00bb y con \u00abbistur\u00ed\u00bb) en la soluci\u00f3n de este inc\u00f3modo y desagradable caso, que nunca debi\u00f3 producirse. Si ellos quieren y se ponen a la obra como Dios manda, quiz\u00e1 el SCS y el HUC ahorren mucho, tiempo y dinero en temas judiciales. Hay que recordar que el caso ya nos ha costado m\u00e1s de 12.000 euros en indemnizaci\u00f3n por despido improcedente que ha habido que pagar al <strong> Burillo<\/strong> de las arcas del HUC o del SCS (que viene a ser \u201cnuestro dinero\u201d) y que no sali\u00f3 precisamente del bolsillo de la gerente <strong>Dra. Mercedes Cueto<\/strong>. Hasta aqu\u00ed <strong><em>El Cotarro<\/em><\/strong> monogr\u00e1fico que agradezco me hayan permitido escribir y publicar. Como ya saben todos mis lectores y lectoras, para mi la Salud y la Sanidad, (ambas en may\u00fasculas) es lo primero en todos los sentidos.<\/li>\n<\/ul>\n<p><img loading=\"lazy\" decoding=\"async\" class=\"size-full wp-image-6516 aligncenter\" src=\"https:\/\/canariasenpositivo.com\/wp-content\/uploads\/2023\/08\/10.-ESTHER-Y-CARLOS-GUSTAVO.jpg\" alt=\"\" width=\"761\" height=\"519\" \/><\/p>\n<p style=\"text-align: center\"><em>Esther Monz\u00f3n Trujillo y Carlos Gustavo D\u00edaz Perera, tienen ahora la soluci\u00f3n en sus manos.<\/em><\/p>\n<p>&nbsp;<\/p>\n<p><span style=\"color: #0000ff\"><strong>* Jos\u00e9 Carlos MARRERO GONZ\u00c1LEZ<\/strong><\/span><\/p>\n<p>Periodista y analista de la actualidad.<\/p>\n<p>Director de <strong><em>El Cotarro<\/em><\/strong> (www.elcotarro.com)<\/p>\n<p>Director de <strong><em>Canarias en Positivo<\/em><\/strong> (www.canariasenpositivo.com)<\/p>\n<p>Director de <strong><em>GastroCanarias<\/em><\/strong> (www.gastrocanarias.com)<\/p>\n<p>&nbsp;<\/p>\n<p>Islas Canarias, 13 de agosto de 2023<\/p>\n<p><img loading=\"lazy\" decoding=\"async\" class=\"size-full wp-image-6469 aligncenter\" src=\"https:\/\/canariasenpositivo.com\/wp-content\/uploads\/2023\/07\/A-CARECA-INSULA-3.jpg\" alt=\"\" width=\"750\" height=\"153\" \/><\/p>\n<p>&nbsp;<\/p>\n","protected":false},"excerpt":{"rendered":"<p>N\u00ba466 DEL 13 DE AGOSTO DE 2023 &nbsp; \u00a0 Por Jos\u00e9 Carlos Marrero * \u00a0 \u00a0 AQU\u00cd NO HAY MONUMENTO AL SOLDADO DESCONOCIDO Comienzo esta edici\u00f3n veraniega de El Cotarro, recordando a mi querido y respetado periodista y amigo, Manuel Iglesias Garc\u00eda, cuando dec\u00eda aquello de \u00abaqu\u00ed no hay monumento al soldado desconocido, porque nos &#8230; <a class=\"read-more\" href=\"https:\/\/elcotarro.com\/?p=10615\">Read more<\/a><\/p>\n","protected":false},"author":2,"featured_media":0,"comment_status":"open","ping_status":"open","sticky":false,"template":"","format":"standard","meta":{"_jetpack_memberships_contains_paid_content":false,"footnotes":""},"categories":[4],"tags":[],"class_list":["post-10615","post","type-post","status-publish","format-standard","hentry","category-el-cotarro"],"yoast_head":"<!-- This site is optimized with the Yoast SEO plugin v27.0 - https:\/\/yoast.com\/product\/yoast-seo-wordpress\/ -->\n<title>EL COTARRO \/ 466, DEL DOMINGO, 13\/08\/2023 - El Cotarro<\/title>\n<meta name=\"robots\" content=\"index, follow, max-snippet:-1, max-image-preview:large, max-video-preview:-1\" \/>\n<link rel=\"canonical\" href=\"https:\/\/elcotarro.com\/?p=10615\" \/>\n<meta property=\"og:locale\" content=\"es_ES\" \/>\n<meta property=\"og:type\" content=\"article\" \/>\n<meta property=\"og:title\" content=\"EL COTARRO \/ 466, DEL DOMINGO, 13\/08\/2023 - El Cotarro\" \/>\n<meta property=\"og:description\" content=\"N\u00ba466 DEL 13 DE AGOSTO DE 2023 &nbsp; \u00a0 Por Jos\u00e9 Carlos Marrero * \u00a0 \u00a0 AQU\u00cd NO HAY MONUMENTO AL SOLDADO DESCONOCIDO Comienzo esta edici\u00f3n veraniega de El Cotarro, recordando a mi querido y respetado periodista y amigo, Manuel Iglesias Garc\u00eda, cuando dec\u00eda aquello de \u00abaqu\u00ed no hay monumento al soldado desconocido, porque nos ... Read more\" \/>\n<meta property=\"og:url\" content=\"https:\/\/elcotarro.com\/?p=10615\" \/>\n<meta property=\"og:site_name\" content=\"El Cotarro\" \/>\n<meta property=\"article:publisher\" content=\"https:\/\/www.facebook.com\/ElCotarro.Tenerife\" \/>\n<meta property=\"article:published_time\" content=\"2023-08-12T23:32:58+00:00\" \/>\n<meta property=\"article:modified_time\" content=\"2023-08-18T19:25:50+00:00\" \/>\n<meta property=\"og:image\" content=\"https:\/\/canariasenpositivo.com\/wp-content\/uploads\/2023\/07\/EL-COTARRO-CABECERA-1024x122.jpg\" \/>\n<meta name=\"author\" content=\"Jos\u00e9 Carlos Marrero Gonz\u00e1lez\" \/>\n<meta name=\"twitter:label1\" content=\"Escrito por\" \/>\n\t<meta name=\"twitter:data1\" content=\"Jos\u00e9 Carlos Marrero Gonz\u00e1lez\" \/>\n\t<meta name=\"twitter:label2\" content=\"Tiempo de lectura\" \/>\n\t<meta name=\"twitter:data2\" content=\"13 minutos\" \/>\n<script type=\"application\/ld+json\" class=\"yoast-schema-graph\">{\"@context\":\"https:\/\/schema.org\",\"@graph\":[{\"@type\":\"Article\",\"@id\":\"https:\/\/elcotarro.com\/?p=10615#article\",\"isPartOf\":{\"@id\":\"https:\/\/elcotarro.com\/?p=10615\"},\"author\":{\"name\":\"Jos\u00e9 Carlos Marrero Gonz\u00e1lez\",\"@id\":\"https:\/\/elcotarro.com\/#\/schema\/person\/af537ee7d60d15984c7e0affcd8a918b\"},\"headline\":\"EL COTARRO \/ 466, DEL DOMINGO, 13\/08\/2023\",\"datePublished\":\"2023-08-12T23:32:58+00:00\",\"dateModified\":\"2023-08-18T19:25:50+00:00\",\"mainEntityOfPage\":{\"@id\":\"https:\/\/elcotarro.com\/?p=10615\"},\"wordCount\":2304,\"commentCount\":0,\"publisher\":{\"@id\":\"https:\/\/elcotarro.com\/#organization\"},\"image\":{\"@id\":\"https:\/\/elcotarro.com\/?p=10615#primaryimage\"},\"thumbnailUrl\":\"https:\/\/canariasenpositivo.com\/wp-content\/uploads\/2023\/07\/EL-COTARRO-CABECERA-1024x122.jpg\",\"articleSection\":[\"El Cotarro\"],\"inLanguage\":\"es\",\"potentialAction\":[{\"@type\":\"CommentAction\",\"name\":\"Comment\",\"target\":[\"https:\/\/elcotarro.com\/?p=10615#respond\"]}]},{\"@type\":\"WebPage\",\"@id\":\"https:\/\/elcotarro.com\/?p=10615\",\"url\":\"https:\/\/elcotarro.com\/?p=10615\",\"name\":\"EL COTARRO \/ 466, DEL DOMINGO, 13\/08\/2023 - El Cotarro\",\"isPartOf\":{\"@id\":\"https:\/\/elcotarro.com\/#website\"},\"primaryImageOfPage\":{\"@id\":\"https:\/\/elcotarro.com\/?p=10615#primaryimage\"},\"image\":{\"@id\":\"https:\/\/elcotarro.com\/?p=10615#primaryimage\"},\"thumbnailUrl\":\"https:\/\/canariasenpositivo.com\/wp-content\/uploads\/2023\/07\/EL-COTARRO-CABECERA-1024x122.jpg\",\"datePublished\":\"2023-08-12T23:32:58+00:00\",\"dateModified\":\"2023-08-18T19:25:50+00:00\",\"breadcrumb\":{\"@id\":\"https:\/\/elcotarro.com\/?p=10615#breadcrumb\"},\"inLanguage\":\"es\",\"potentialAction\":[{\"@type\":\"ReadAction\",\"target\":[\"https:\/\/elcotarro.com\/?p=10615\"]}]},{\"@type\":\"ImageObject\",\"inLanguage\":\"es\",\"@id\":\"https:\/\/elcotarro.com\/?p=10615#primaryimage\",\"url\":\"https:\/\/canariasenpositivo.com\/wp-content\/uploads\/2023\/07\/EL-COTARRO-CABECERA-1024x122.jpg\",\"contentUrl\":\"https:\/\/canariasenpositivo.com\/wp-content\/uploads\/2023\/07\/EL-COTARRO-CABECERA-1024x122.jpg\"},{\"@type\":\"BreadcrumbList\",\"@id\":\"https:\/\/elcotarro.com\/?p=10615#breadcrumb\",\"itemListElement\":[{\"@type\":\"ListItem\",\"position\":1,\"name\":\"Portada\",\"item\":\"https:\/\/elcotarro.com\/\"},{\"@type\":\"ListItem\",\"position\":2,\"name\":\"EL COTARRO \/ 466, DEL DOMINGO, 13\/08\/2023\"}]},{\"@type\":\"WebSite\",\"@id\":\"https:\/\/elcotarro.com\/#website\",\"url\":\"https:\/\/elcotarro.com\/\",\"name\":\"El Cotarro\",\"description\":\"Peri\u00f3dico Digital Independiente dirigido por Jos\u00e9 Carlos Marrero\",\"publisher\":{\"@id\":\"https:\/\/elcotarro.com\/#organization\"},\"potentialAction\":[{\"@type\":\"SearchAction\",\"target\":{\"@type\":\"EntryPoint\",\"urlTemplate\":\"https:\/\/elcotarro.com\/?s={search_term_string}\"},\"query-input\":{\"@type\":\"PropertyValueSpecification\",\"valueRequired\":true,\"valueName\":\"search_term_string\"}}],\"inLanguage\":\"es\"},{\"@type\":\"Organization\",\"@id\":\"https:\/\/elcotarro.com\/#organization\",\"name\":\"El Cotarro\",\"url\":\"https:\/\/elcotarro.com\/\",\"logo\":{\"@type\":\"ImageObject\",\"inLanguage\":\"es\",\"@id\":\"https:\/\/elcotarro.com\/#\/schema\/logo\/image\/\",\"url\":\"https:\/\/elcotarro.com\/wp-content\/uploads\/2014\/09\/Cabecera_El_Cotarro_v2.jpg\",\"contentUrl\":\"https:\/\/elcotarro.com\/wp-content\/uploads\/2014\/09\/Cabecera_El_Cotarro_v2.jpg\",\"width\":3540,\"height\":441,\"caption\":\"El Cotarro\"},\"image\":{\"@id\":\"https:\/\/elcotarro.com\/#\/schema\/logo\/image\/\"},\"sameAs\":[\"https:\/\/www.facebook.com\/ElCotarro.Tenerife\"]},{\"@type\":\"Person\",\"@id\":\"https:\/\/elcotarro.com\/#\/schema\/person\/af537ee7d60d15984c7e0affcd8a918b\",\"name\":\"Jos\u00e9 Carlos Marrero Gonz\u00e1lez\",\"image\":{\"@type\":\"ImageObject\",\"inLanguage\":\"es\",\"@id\":\"https:\/\/elcotarro.com\/#\/schema\/person\/image\/\",\"url\":\"https:\/\/secure.gravatar.com\/avatar\/def4da036efb5d32c74d49c351f6dccc064dd69ad9f3aadc295c5a9a5391ca01?s=96&d=mm&r=g\",\"contentUrl\":\"https:\/\/secure.gravatar.com\/avatar\/def4da036efb5d32c74d49c351f6dccc064dd69ad9f3aadc295c5a9a5391ca01?s=96&d=mm&r=g\",\"caption\":\"Jos\u00e9 Carlos Marrero Gonz\u00e1lez\"},\"sameAs\":[\"https:\/\/elcotarro.com\"],\"url\":\"https:\/\/elcotarro.com\/?author=2\"}]}<\/script>\n<!-- \/ Yoast SEO plugin. -->","yoast_head_json":{"title":"EL COTARRO \/ 466, DEL DOMINGO, 13\/08\/2023 - El Cotarro","robots":{"index":"index","follow":"follow","max-snippet":"max-snippet:-1","max-image-preview":"max-image-preview:large","max-video-preview":"max-video-preview:-1"},"canonical":"https:\/\/elcotarro.com\/?p=10615","og_locale":"es_ES","og_type":"article","og_title":"EL COTARRO \/ 466, DEL DOMINGO, 13\/08\/2023 - El Cotarro","og_description":"N\u00ba466 DEL 13 DE AGOSTO DE 2023 &nbsp; \u00a0 Por Jos\u00e9 Carlos Marrero * \u00a0 \u00a0 AQU\u00cd NO HAY MONUMENTO AL SOLDADO DESCONOCIDO Comienzo esta edici\u00f3n veraniega de El Cotarro, recordando a mi querido y respetado periodista y amigo, Manuel Iglesias Garc\u00eda, cuando dec\u00eda aquello de \u00abaqu\u00ed no hay monumento al soldado desconocido, porque nos ... Read more","og_url":"https:\/\/elcotarro.com\/?p=10615","og_site_name":"El Cotarro","article_publisher":"https:\/\/www.facebook.com\/ElCotarro.Tenerife","article_published_time":"2023-08-12T23:32:58+00:00","article_modified_time":"2023-08-18T19:25:50+00:00","og_image":[{"url":"https:\/\/canariasenpositivo.com\/wp-content\/uploads\/2023\/07\/EL-COTARRO-CABECERA-1024x122.jpg","type":"","width":"","height":""}],"author":"Jos\u00e9 Carlos Marrero Gonz\u00e1lez","twitter_misc":{"Escrito por":"Jos\u00e9 Carlos Marrero Gonz\u00e1lez","Tiempo de lectura":"13 minutos"},"schema":{"@context":"https:\/\/schema.org","@graph":[{"@type":"Article","@id":"https:\/\/elcotarro.com\/?p=10615#article","isPartOf":{"@id":"https:\/\/elcotarro.com\/?p=10615"},"author":{"name":"Jos\u00e9 Carlos Marrero Gonz\u00e1lez","@id":"https:\/\/elcotarro.com\/#\/schema\/person\/af537ee7d60d15984c7e0affcd8a918b"},"headline":"EL COTARRO \/ 466, DEL DOMINGO, 13\/08\/2023","datePublished":"2023-08-12T23:32:58+00:00","dateModified":"2023-08-18T19:25:50+00:00","mainEntityOfPage":{"@id":"https:\/\/elcotarro.com\/?p=10615"},"wordCount":2304,"commentCount":0,"publisher":{"@id":"https:\/\/elcotarro.com\/#organization"},"image":{"@id":"https:\/\/elcotarro.com\/?p=10615#primaryimage"},"thumbnailUrl":"https:\/\/canariasenpositivo.com\/wp-content\/uploads\/2023\/07\/EL-COTARRO-CABECERA-1024x122.jpg","articleSection":["El Cotarro"],"inLanguage":"es","potentialAction":[{"@type":"CommentAction","name":"Comment","target":["https:\/\/elcotarro.com\/?p=10615#respond"]}]},{"@type":"WebPage","@id":"https:\/\/elcotarro.com\/?p=10615","url":"https:\/\/elcotarro.com\/?p=10615","name":"EL COTARRO \/ 466, DEL DOMINGO, 13\/08\/2023 - El Cotarro","isPartOf":{"@id":"https:\/\/elcotarro.com\/#website"},"primaryImageOfPage":{"@id":"https:\/\/elcotarro.com\/?p=10615#primaryimage"},"image":{"@id":"https:\/\/elcotarro.com\/?p=10615#primaryimage"},"thumbnailUrl":"https:\/\/canariasenpositivo.com\/wp-content\/uploads\/2023\/07\/EL-COTARRO-CABECERA-1024x122.jpg","datePublished":"2023-08-12T23:32:58+00:00","dateModified":"2023-08-18T19:25:50+00:00","breadcrumb":{"@id":"https:\/\/elcotarro.com\/?p=10615#breadcrumb"},"inLanguage":"es","potentialAction":[{"@type":"ReadAction","target":["https:\/\/elcotarro.com\/?p=10615"]}]},{"@type":"ImageObject","inLanguage":"es","@id":"https:\/\/elcotarro.com\/?p=10615#primaryimage","url":"https:\/\/canariasenpositivo.com\/wp-content\/uploads\/2023\/07\/EL-COTARRO-CABECERA-1024x122.jpg","contentUrl":"https:\/\/canariasenpositivo.com\/wp-content\/uploads\/2023\/07\/EL-COTARRO-CABECERA-1024x122.jpg"},{"@type":"BreadcrumbList","@id":"https:\/\/elcotarro.com\/?p=10615#breadcrumb","itemListElement":[{"@type":"ListItem","position":1,"name":"Portada","item":"https:\/\/elcotarro.com\/"},{"@type":"ListItem","position":2,"name":"EL COTARRO \/ 466, DEL DOMINGO, 13\/08\/2023"}]},{"@type":"WebSite","@id":"https:\/\/elcotarro.com\/#website","url":"https:\/\/elcotarro.com\/","name":"El Cotarro","description":"Peri\u00f3dico Digital Independiente dirigido por Jos\u00e9 Carlos Marrero","publisher":{"@id":"https:\/\/elcotarro.com\/#organization"},"potentialAction":[{"@type":"SearchAction","target":{"@type":"EntryPoint","urlTemplate":"https:\/\/elcotarro.com\/?s={search_term_string}"},"query-input":{"@type":"PropertyValueSpecification","valueRequired":true,"valueName":"search_term_string"}}],"inLanguage":"es"},{"@type":"Organization","@id":"https:\/\/elcotarro.com\/#organization","name":"El Cotarro","url":"https:\/\/elcotarro.com\/","logo":{"@type":"ImageObject","inLanguage":"es","@id":"https:\/\/elcotarro.com\/#\/schema\/logo\/image\/","url":"https:\/\/elcotarro.com\/wp-content\/uploads\/2014\/09\/Cabecera_El_Cotarro_v2.jpg","contentUrl":"https:\/\/elcotarro.com\/wp-content\/uploads\/2014\/09\/Cabecera_El_Cotarro_v2.jpg","width":3540,"height":441,"caption":"El Cotarro"},"image":{"@id":"https:\/\/elcotarro.com\/#\/schema\/logo\/image\/"},"sameAs":["https:\/\/www.facebook.com\/ElCotarro.Tenerife"]},{"@type":"Person","@id":"https:\/\/elcotarro.com\/#\/schema\/person\/af537ee7d60d15984c7e0affcd8a918b","name":"Jos\u00e9 Carlos Marrero Gonz\u00e1lez","image":{"@type":"ImageObject","inLanguage":"es","@id":"https:\/\/elcotarro.com\/#\/schema\/person\/image\/","url":"https:\/\/secure.gravatar.com\/avatar\/def4da036efb5d32c74d49c351f6dccc064dd69ad9f3aadc295c5a9a5391ca01?s=96&d=mm&r=g","contentUrl":"https:\/\/secure.gravatar.com\/avatar\/def4da036efb5d32c74d49c351f6dccc064dd69ad9f3aadc295c5a9a5391ca01?s=96&d=mm&r=g","caption":"Jos\u00e9 Carlos Marrero Gonz\u00e1lez"},"sameAs":["https:\/\/elcotarro.com"],"url":"https:\/\/elcotarro.com\/?author=2"}]}},"jetpack_featured_media_url":"","jetpack_sharing_enabled":true,"_links":{"self":[{"href":"https:\/\/elcotarro.com\/index.php?rest_route=\/wp\/v2\/posts\/10615","targetHints":{"allow":["GET"]}}],"collection":[{"href":"https:\/\/elcotarro.com\/index.php?rest_route=\/wp\/v2\/posts"}],"about":[{"href":"https:\/\/elcotarro.com\/index.php?rest_route=\/wp\/v2\/types\/post"}],"author":[{"embeddable":true,"href":"https:\/\/elcotarro.com\/index.php?rest_route=\/wp\/v2\/users\/2"}],"replies":[{"embeddable":true,"href":"https:\/\/elcotarro.com\/index.php?rest_route=%2Fwp%2Fv2%2Fcomments&post=10615"}],"version-history":[{"count":4,"href":"https:\/\/elcotarro.com\/index.php?rest_route=\/wp\/v2\/posts\/10615\/revisions"}],"predecessor-version":[{"id":10622,"href":"https:\/\/elcotarro.com\/index.php?rest_route=\/wp\/v2\/posts\/10615\/revisions\/10622"}],"wp:attachment":[{"href":"https:\/\/elcotarro.com\/index.php?rest_route=%2Fwp%2Fv2%2Fmedia&parent=10615"}],"wp:term":[{"taxonomy":"category","embeddable":true,"href":"https:\/\/elcotarro.com\/index.php?rest_route=%2Fwp%2Fv2%2Fcategories&post=10615"},{"taxonomy":"post_tag","embeddable":true,"href":"https:\/\/elcotarro.com\/index.php?rest_route=%2Fwp%2Fv2%2Ftags&post=10615"}],"curies":[{"name":"wp","href":"https:\/\/api.w.org\/{rel}","templated":true}]}}