{"id":10620,"date":"2023-08-20T00:24:13","date_gmt":"2023-08-19T23:24:13","guid":{"rendered":"https:\/\/elcotarro.com\/?p=10620"},"modified":"2023-08-20T09:43:10","modified_gmt":"2023-08-20T08:43:10","slug":"el-cotarro-467-del-domingo-20-08-2023","status":"publish","type":"post","link":"https:\/\/elcotarro.com\/?p=10620","title":{"rendered":"EL COTARRO \/ 467, DEL DOMINGO, 20\/08\/2023"},"content":{"rendered":"<p><img loading=\"lazy\" decoding=\"async\" class=\"size-large wp-image-6542 aligncenter\" src=\"https:\/\/canariasenpositivo.com\/wp-content\/uploads\/2023\/08\/EL-COTARRO-CABECERA-1024x122.jpg\" alt=\"\" width=\"660\" height=\"79\" \/><\/p>\n<p style=\"text-align: center\"><span style=\"color: #ff0000\"><strong>N\u00ba467 DEL 20 DE AGOSTO DE 2023<\/strong><\/span><\/p>\n<p>&nbsp;<\/p>\n<p><em>\u00a0<\/em><\/p>\n<p><span style=\"color: #0000ff\"><em>Por <strong>Jos\u00e9 Carlos Marrero *<\/strong><\/em><\/span><\/p>\n<p><strong><em>\u00a0<\/em><\/strong><\/p>\n<p>&nbsp;<\/p>\n<p><span style=\"color: #0000ff\"><strong>ENTRE CRUELES LLAMAS, DESCONCIERTO Y TRISTEZA<\/strong><\/span><\/p>\n<ul>\n<li>En esta edici\u00f3n de <strong><em>El Cotarro<\/em><\/strong>, me ha pasado a mi como al compa\u00f1ero periodista y amigo <strong>Pepe Moreno<\/strong> en su edici\u00f3n de <strong><em>El Mon\u00f3logo<\/em><\/strong> de ayer en la plataforma Canarias en Positivo ( <a href=\"http:\/\/www.canariasenpositivo.com\">canariasenpositivo.com<\/a> ). Quer\u00edamos hablar de otras cosas y la \u201cincendiaria\u201d realidad nos ha hecho mirar a nuestra isla con tristeza. En su art\u00edculo, que una vez m\u00e1s recomiendo y que pueden leer en el siguiente enlace ( <a href=\"https:\/\/canariasenpositivo.com\/el-monologo-176-entre-llamas-y-politica-general\/\">https:\/\/canariasenpositivo.com\/el-monologo-176-entre-llamas-y-politica-general\/<\/a> ) <strong>Pepe Moreno<\/strong> hace un acertado repaso a lo que han sido y el debate generado por los incendios forestales en Tenerife y Canarias en los \u00faltimos a\u00f1os. Es verdad que hay mucho vivido, mucho experimentado, mucho debatido y hasta mucho \u201cpremio nobel\u201d en la historia de los incendios forestales en nuestras islas. Quiz\u00e1, seg\u00fan afirman, el que hemos vivido estos \u00faltimos es el m\u00e1s devastador de los \u00faltimos cuarenta a\u00f1os en Tenerife. Se habla mucho y m\u00e1s que se hablar\u00e1, pero, en principio, comienzo <strong><em>El Cotarro<\/em><\/strong> de hoy confiando y rezando para que el incendio quede definitivamente extinguido cuanto antes y sin v\u00edctimas.<\/li>\n<\/ul>\n<p><img loading=\"lazy\" decoding=\"async\" class=\"size-full wp-image-6543 aligncenter\" src=\"https:\/\/canariasenpositivo.com\/wp-content\/uploads\/2023\/08\/1.-ORTICOSA.jpg\" alt=\"\" width=\"997\" height=\"872\" \/><\/p>\n<p style=\"text-align: center\"><em>Imagen de c\u00f3mo ha quedado nuestra Carretera Dorsal (TF-24) en su Km.22<\/em><\/p>\n<p>&nbsp;<\/p>\n<p><span style=\"color: #0000ff\"><strong>NUNCA JAM\u00c1S LO VIVIDO EN LA GOMERA EL A\u00d1O 1984<\/strong><\/span><\/p>\n<ul>\n<li>Por lo pronto, has que darle gracias a Dios y a toda esa buena gente, profesionales y voluntarios que se han estado \u201cpartiendo el lomo\u201d luchando contra las llamas, que no haya habido desgracias personales que lamentar. Comenc\u00e9 profesionalmente en el periodismo el a\u00f1o 1979 (con <strong>Paco Padr\u00f3n<\/strong> en Radio Club Tenerife) y mi larga trayectoria en la radio (cumplo ahora 44 a\u00f1os en ella) se ha visto marcada por tres grandes y grav\u00edsimos incendios forestales. El de los altos de Icod de los Vinos (septiembre de1983) justo un a\u00f1o despu\u00e9s (yo ya estaba en la desaparecida RadioCadena Espa\u00f1ola) el devastador de La Gomera (septiembre de 1984) y ahora este del centro de Tenerife (2023). Est\u00e1 claro que hemos padecido, sufrido, aprendido y avanzado mucho en todo este tiempo. Y est\u00e1 claro que nunca podremos olvidar el mazazo que supuso la p\u00e9rdida de 20 vidas humanas en el incendio en el entorno del Roque de Agando, en La Gomera, donde falleci\u00f3 el Gobernador Civil, <strong>Francisco <em>\u201cPaco\u201d<\/em> Afonso Carrillo<\/strong>, al que confund\u00edan conmigo (por aquel entonces <strong>Paco<\/strong> y yo ten\u00edamos un parecido enorme con bigotes id\u00e9nticos). Demos gracias a Dios y sigamos rezando para que en este incendio no haya v\u00edctimas humanas.<\/li>\n<\/ul>\n<p><img loading=\"lazy\" decoding=\"async\" class=\"size-full wp-image-6544 aligncenter\" src=\"https:\/\/canariasenpositivo.com\/wp-content\/uploads\/2023\/08\/2.-FERETRO-PACO-AFONSO.jpg\" alt=\"\" width=\"683\" height=\"1024\" \/><\/p>\n<p style=\"text-align: center\"><em>Cortejo f\u00fanebre con el f\u00e9retro conteniendo el cuerpo sin vida de Francisco Afonso Carrillo pasando por delante del Gobierno Civil (donde qued\u00f3 instalada la capilla ardiente) en una recordada foto sacada por el gran fot\u00f3grafo y amigo Pablo Afonso.<\/em><\/p>\n<p>&nbsp;<\/p>\n<p><strong><span style=\"color: #0000ff\">EL INCENDIO FORESTAL MAS LUCTUOSO EN ESPA\u00d1A<\/span> <\/strong><\/p>\n<ul>\n<li>Creo que todav\u00eda sigue siendo aquel incendio forestal de La Gomera, el m\u00e1s grave en n\u00famero de v\u00edctimas en la historia de Espa\u00f1a. Como recordar\u00e1n (sirva esta rese\u00f1a como homenaje) entre los 20 fallecidos se encontraban <strong>Bartolom\u00e9 \u201cLito\u201d Alonso y Jos\u00e9 Brito Villalba <\/strong>(secretario particular y chofer del propio <strong>Paco Afonso, <\/strong>respectivamente) y, especialmente recordados para mi, unos j\u00f3venes scouts que estaban por all\u00ed de acampada y les traicion\u00f3 el incendio, <strong>Jos\u00e9 Ram\u00f3n Ascanio Escobedo<\/strong> y <strong>Fernando Jos\u00e9 Feria Gonz\u00e1lez-Palenzuela<\/strong>, sin olvidar tambi\u00e9n a <strong>Alfonso Ruiz Ben\u00edtez de Lugo<\/strong> y a <strong>Ram\u00f3n Hern\u00e1ndez-Franc\u00e9s D\u00edaz<\/strong>. Que ellos y los restantes fallecidos, hasta 20, descansen en paz. Sirva este recuerdo para valorar a\u00fan m\u00e1s si cabe, la impagable labor (muchas veces jug\u00e1ndose la vida) que han estado desarrollando todos los profesionales y voluntarios que han estado apagando el actual incendio en el coraz\u00f3n de Tenerife, con especial agradecimiento a los desplazados desde otras islas y la pen\u00ednsula. Y tambi\u00e9n (todo hay que decirlo) a los pol\u00edticos encabezados por <strong>Fernando Clavijo<\/strong> y <strong>Rosa D\u00e1vila<\/strong>, as\u00ed como los alcaldes de todos los municipios afectados.<\/li>\n<\/ul>\n<p><img loading=\"lazy\" decoding=\"async\" class=\"size-full wp-image-6545 aligncenter\" src=\"https:\/\/canariasenpositivo.com\/wp-content\/uploads\/2023\/08\/3.-RESCATE-DE-VICTIMAS.jpg\" alt=\"\" width=\"1024\" height=\"683\" \/><\/p>\n<p style=\"text-align: center\"><em>Rescate de v\u00edctimas en el incendio de La Gomera (septiembre de 1984) en otra profesional foto de Pablo Afonso, que trabajaba entonces para el peri\u00f3dico EL D\u00cdA<\/em><\/p>\n<p>&nbsp;<\/p>\n<p><span style=\"color: #0000ff\"><strong>POR LA PROFESIONALIDAD Y LOS PROFESIONALES<\/strong><\/span><\/p>\n<ul>\n<li>No me duelen prendas reconocer (porque, aunque es lo que les toca (a los pol\u00edticos, me refiero), no deja de ser duro que tengan que estar ah\u00ed, cumpliendo con su misi\u00f3n, cada uno con su nivel de responsabilidad y, en su caso, con sus habilidades comunicativas. Pero rompo una lanza por TODOS (con may\u00fasculas) los profesionales que han intervenido y siguen interviniendo en las labores de control y extinci\u00f3n. Si quisiera nombrarlos a todos, seguro que incurrir\u00eda en m\u00e1s de una injusticia, porque me olvidar\u00eda de alguien. Por ello pongo lo de TODOS y me uno al artista y yo dir\u00eda que magn\u00edfico pensador, <strong><em>An\u00f3niman,<\/em><\/strong> que siempre nos hace reflexionar con los mensajes que plasma en su ya famosa y popular valla artesanal, al pie del valle de La Orotava. Esta semana, con un especial acierto, ha puesto la palabra que pueden ver en la foto que les adjunto. Los profesionales en la extinci\u00f3n de incendios y los expertos en montes y en cat\u00e1strofes forestales, siguen d\u00eda a d\u00eda d\u00e1ndonos pautas y consejos que, lamentablemente, los pol\u00edticos que hoy act\u00faan, suelen olvidar pasada la crisis.<\/li>\n<\/ul>\n<p><img loading=\"lazy\" decoding=\"async\" class=\"size-large wp-image-6546 aligncenter\" src=\"https:\/\/canariasenpositivo.com\/wp-content\/uploads\/2023\/08\/4.-ANONIMAN-1024x655.jpg\" alt=\"\" width=\"660\" height=\"422\" \/><\/p>\n<p style=\"text-align: center\"><em>La valla de An\u00f3niman, que es todo un homenaje de agradecimiento a los bomberos.<\/em><\/p>\n<p>&nbsp;<\/p>\n<p><span style=\"color: #0000ff\"><strong>PEDRO \u00abTITO\u00bb MART\u00cdNEZ Y MONTSERRAT ROM\u00c1N<\/strong><\/span><\/p>\n<ul>\n<li>Me permitir\u00e1n que, como periodista que uno es, destaque entre todos los profesionales que est\u00e1n coordinando las labores de extinci\u00f3n, me detenga en dos personas que, por su capacidad de comunicaci\u00f3n, hablando de forma directa y clara, informan a la poblaci\u00f3n a la vez que transmiten\u00a0 tranquilidad a la ciudadan\u00eda. Me refiero al t\u00e9cnico del Cabildo de Tenerife, <strong>Pedro Mart\u00ednez<\/strong> (cari\u00f1osamente conocido por <strong>Tito<\/strong>) jefe de servicio del Cabildo de Tenerife y jefe del mando t\u00e9cnico del incendio, y de M<strong>ontserrat Rom\u00e1n Casamartina<\/strong> (cari\u00f1osamente conocida por <strong>Montse) <\/strong>Jefa del Servicio de Protecci\u00f3n Civil y Atenci\u00f3n de Emergencias del Gobierno de Canarias. Tengo por bandera una frase que a muchos desconcierta, pero que, al fin y al cabo, es cierta: 2Un gramo de imagen equivale a un kilo de rendimiento\u00bb. La informaci\u00f3n y explicaciones que nos trasladan diariamente, tanto <strong>Tito<\/strong> como <strong>Montse<\/strong>, llegan de forma clara y tranquila, convencen y relajan. Creo que ello afecta de forma positiva en la poblaci\u00f3n la recibe y redunda en la tambi\u00e9n positiva actitud y respuesta que nuestra ciudadan\u00eda est\u00e1 desarrollando ejemplarmente. Felicidades y gracias a ellos y a todos.<\/li>\n<\/ul>\n<p><img loading=\"lazy\" decoding=\"async\" class=\"size-full wp-image-6556 aligncenter\" src=\"https:\/\/canariasenpositivo.com\/wp-content\/uploads\/2023\/08\/MONTSERRAT-Y-PEDRO.jpg\" alt=\"\" width=\"943\" height=\"492\" \/><\/p>\n<p style=\"text-align: center\"><em>Montserrat Rom\u00e1n y Pedro Mart\u00ednez, dos puntales en conocimiento y comunicaci\u00f3n<\/em><\/p>\n<p>&nbsp;<\/p>\n<p><span style=\"color: #0000ff\"><strong>PARAR\u00c1 CUANDO TOQUE Y NUESTROS MONTES SE RECUPERAR\u00c1N<\/strong><\/span><\/p>\n<ul>\n<li>Con esp\u00edritu positivo y actitud de resiliencia, creo que no est\u00e1 de m\u00e1s recordar lo que siempre nos recordaba en caso de grandes incendios forestales el exdiputado canario y ex consejero del Gobierno de Canarias, <strong>Jos\u00e9 Miguel Gonz\u00e1lez Hern\u00e1ndez<\/strong>, prestigioso ingeniero de montes tinerfe\u00f1o que, el a\u00f1o 1981, fue director general a nivel nacional del Instituto para la Conservaci\u00f3n de la Naturaleza (ICONA) entidad pionera en Espa\u00f1a en el cuidado del medio ambiente y protecci\u00f3n de nuestros montes. El recordado y siempre respetado <strong>Jos\u00e9 Miguel Gonz\u00e1lez<\/strong> tranquilizaba siempre a la poblaci\u00f3n, recordando a la ciudadan\u00eda que si se salvaban las vidas humanas y las viviendas familiares, el resto deb\u00eda tratarse con inteligencia y responsabilidad. Ten\u00eda dos cosas claras: que el incendio terminar\u00eda cuando se le acabara el combustible (obvio, por otro lado), y que luego, como siempre ha sucedido as\u00ed durante millones de a\u00f1os en Canarias, la masa forestal (sobre todo la de nuestra nuestra) revive y se recupera. O sea que confiemos en Dios, en nuestra sabia naturaleza y en nuestros expertos profesionales.<\/li>\n<\/ul>\n<p><img loading=\"lazy\" decoding=\"async\" class=\"size-full wp-image-6560 aligncenter\" src=\"https:\/\/canariasenpositivo.com\/wp-content\/uploads\/2023\/08\/JOSE-MIGUEL-GONZALEZ-01.jpg\" alt=\"\" width=\"600\" height=\"399\" \/><\/p>\n<p style=\"text-align: center\"><em>Jos\u00e9 Miguel Gonz\u00e1lez Hern\u00e1ndez, ingeniero de montes, pol\u00edtico y gran persona (q.e.p.d.)<\/em><\/p>\n<p>&nbsp;<\/p>\n<p><span style=\"color: #0000ff\"><strong>ENTREVISTA DE VICENTE P\u00c9REZ A FEDERICO GRILLO<\/strong><\/span><\/p>\n<ul>\n<li>Entre esos expertos del m\u00e1ximo nivel (tinerfe\u00f1o de La Guancha, para m\u00e1s se\u00f1as) est\u00e1 el prestigioso y reconocido ingeniero forestal <strong>Federico Grillo<\/strong>, actual director de Emergencias del Cabildo insular de Gran Canaria. El pasado mes de agosto de 2022, <strong>Federico Grillo<\/strong> tuvo ocasi\u00f3n de volver a su pueblo natal, enviado por el Cabildo de Gran Canaria para ayudar en la lucha contra el fuego que quem\u00f3 m\u00e1s de 1700 hect\u00e1reas en los municipios de Los Realejos, San Juan de la Rambla, Icod de los Vinos y parte del suyo, La Guancha. Durante su estancia fue preguntado en una magn\u00edfica y muy interesante entrevista por el compa\u00f1ero periodista <strong>Vicente P\u00e9rez<\/strong> en el digital Planeta Canario. En ella, con una claridad pasmosa, <strong>Federico Grillo<\/strong> dice verdades como pu\u00f1os sobre los incendios forestales. Como recoge <strong>Vicente P\u00e9rez<\/strong>, a pesar de ser partidario de los helic\u00f3pteros frente a los hidroaviones, a juicio de <strong>Federico Grillo<\/strong> el debate no es ese, sino que hay que gestionar mejor la masa forestal debido al abandono de la agricultura y la falta de limpieza en zonas habitadas. Entren en internet, vayan a YouTube y busquen <strong>Federico Grillo<\/strong> en Planeta Canario. Podr\u00e1n ver la entrevista que tienen en este enlace: <a href=\"https:\/\/www.youtube.com\/watch?v=a0OeNaRVIWQ\">https:\/\/www.youtube.com\/watch?v=a0OeNaRVIWQ<\/a> No tiene desperdicio.<\/li>\n<\/ul>\n<p><img loading=\"lazy\" decoding=\"async\" class=\"size-full wp-image-6547 aligncenter\" src=\"https:\/\/canariasenpositivo.com\/wp-content\/uploads\/2023\/08\/5.-FEDERICO-GRILLO.jpeg\" alt=\"\" width=\"753\" height=\"494\" \/><\/p>\n<p style=\"text-align: center\"><em>Federico Grillo naci\u00f3 en La Guancha, paro ya es hijo adoptivo de Gran Canaria.<\/em><\/p>\n<p>&nbsp;<\/p>\n<p><span style=\"color: #0000ff\"><strong>DE 56.000 VACAS EN TENERIFE\u2026 A SOLO UNAS 6.000<\/strong><\/span><\/p>\n<ul>\n<li>Sin entrar m\u00e1s en detalles, porque, como muchas veces digo, aqu\u00ed hay mucho enterado, y hasta \u201cpremio nobel\u201d, sobre todo cuando sale lo de limpiar el monte y emplear la pinocha para las cuadras de las vacas y otros animales, la cosa ya no es como era hace a\u00f1os, ni mucho menos. Mi querido y recordado amigo, el gran <strong>Pedro Molina Ramos <\/strong>(q.e.p.d.) l\u00edder indiscutible del sector ganadero de Canarias, siempre me recordaba y hac\u00eda caer en la cuanta de que, el a\u00f1o que yo nac\u00ed (en 1956, para m\u00e1s se\u00f1as) en Tenerife, solo la isla de Tenerife, contaba con un censo de ganado vacuno conformado por la friolera de \u00a156.000 vacas! Cuando <strong>Pedro Molina<\/strong> falleci\u00f3, en enero de 2018, hace ya m\u00e1s de 5 a\u00f1os, Tenerife contaba con alrededor de 6.000 cabezas de ganado vacuno. En 65 a\u00f1os hemos perdido en Tenerife 50.000 vacas que, obviamente ocupaban muchas cuadras que, en su momento usaban pinocha para sus \u201ccamas\u201d \u2026 Hoy en d\u00eda, poco se usa la pinocha para las camas de animales. Vuelvo a recomendarles que vean la entrevista de <strong>Vicente P\u00e9rez<\/strong> a <strong>Federico Grillo<\/strong> en \u2018Planeta Canario\u2019 <a href=\"https:\/\/www.youtube.com\/watch?v=a0OeNaRVIWQ\">https:\/\/www.youtube.com\/watch?v=a0OeNaRVIWQ<\/a><\/li>\n<\/ul>\n<p><em> <img loading=\"lazy\" decoding=\"async\" class=\"size-full wp-image-6548 aligncenter\" src=\"https:\/\/canariasenpositivo.com\/wp-content\/uploads\/2023\/08\/6.-PEDRO-MOLINA.jpg\" alt=\"\" width=\"702\" height=\"545\" \/><\/em><\/p>\n<p style=\"text-align: center\"><em>Pedro Molina Ramos, al que deber\u00edamos haberle hecho mucho mas caso en vida.<\/em><\/p>\n<p>&nbsp;<\/p>\n<p>&nbsp;<\/p>\n<p>&nbsp;<\/p>\n<p><span style=\"color: #0000ff\"><strong>CRUZ ROJA CON LAS PERSONAS\u2026 Y SUS MASCOTAS<\/strong><\/span><\/p>\n<ul>\n<li>Hablando de animales, remato la faena de hoy con una noticia que tambi\u00e9n es bonito saberla, valorarla y reconocerla p\u00fablicamente, me gustar\u00eda destacar el resultado de un interesante y fruct\u00edfero convenio entre la Cruz Roja en Canarias, con <strong>Domingo Luis Mart\u00edn Garc\u00eda<\/strong> como director auton\u00f3mico de Log\u00edstica y Emergencias y, en este caso, el Colegio Oficial de Veterinarios de Santa Cruz de Tenerife, que tiene a <strong>Maria Luisa Fern\u00e1ndez Miguel<\/strong> como presidenta. Gracias al mencionado convenio, cada vez que hay una emergencia o crisis humanitaria como la que estamos viviendo, cada vez que Cruz Roja monta o habilita un albergue para personas desalojadas o evacuadas de sus hogares, a su lado monta otro albergue de animales para las posibles mascotas de las personas alojadas y atendidas en el primero. Estos d\u00edas, juntos a sus angustiados propietarios, <strong>Domingo Luis Mart\u00edn<\/strong> con toda la buena gente voluntaria de Cruz Roja han acogido y atendido a perros, gatos, cobayas, p\u00e1jaros y otra variada lista de animales de compa\u00f1\u00eda, a los que vigilan y controlan con diligencia y esmero los profesionales y personas voluntarias del Colegio Oficial de Veterinarios. Todo un detalle que, una vez m\u00e1s, hace aflorar la solidaridad de la ciudadan\u00eda. Enhorabuena y que pronto acabe esta tragedia para que personas y mascotas vuelvan a sus casas lo antes posible. Am\u00e9n.<\/li>\n<\/ul>\n<p><img loading=\"lazy\" decoding=\"async\" class=\"size-large wp-image-6549 aligncenter\" src=\"https:\/\/canariasenpositivo.com\/wp-content\/uploads\/2023\/08\/7.-ALBERGUE-Y-DOMINGO-1024x487.jpg\" alt=\"\" width=\"660\" height=\"314\" \/><\/p>\n<p style=\"text-align: center\"><em>Uno de los albergues de emergencia montados por Cruz Roja para mascotas y, a la derecha, Domingo Luis Mart\u00edn, director auton\u00f3mico de Log\u00edstica y Emergencias.<\/em><\/p>\n<p>&nbsp;<\/p>\n<p><span style=\"color: #0000ff\"><strong>* Jos\u00e9 Carlos MARRERO GONZ\u00c1LEZ<\/strong><\/span><\/p>\n<p>Periodista y analista de la actualidad.<\/p>\n<p>Director de <strong><em>El Cotarro<\/em><\/strong> (www.elcotarro.com)<\/p>\n<p>Director de <strong><em>Canarias en Positivo<\/em><\/strong> (www.canariasenpositivo.com)<\/p>\n<p>Director de <strong><em>GastroCanarias<\/em><\/strong> (www.gastrocanarias.com)<\/p>\n<p>&nbsp;<\/p>\n<p>Islas Canarias, 20 de agosto de 2023<\/p>\n<p><img loading=\"lazy\" decoding=\"async\" class=\"size-full wp-image-6469 aligncenter\" src=\"https:\/\/canariasenpositivo.com\/wp-content\/uploads\/2023\/07\/A-CARECA-INSULA-3.jpg\" alt=\"\" width=\"750\" height=\"153\" \/><\/p>\n","protected":false},"excerpt":{"rendered":"<p>N\u00ba467 DEL 20 DE AGOSTO DE 2023 &nbsp; \u00a0 Por Jos\u00e9 Carlos Marrero * \u00a0 &nbsp; ENTRE CRUELES LLAMAS, DESCONCIERTO Y TRISTEZA En esta edici\u00f3n de El Cotarro, me ha pasado a mi como al compa\u00f1ero periodista y amigo Pepe Moreno en su edici\u00f3n de El Mon\u00f3logo de ayer en la plataforma Canarias en Positivo &#8230; <a class=\"read-more\" href=\"https:\/\/elcotarro.com\/?p=10620\">Read more<\/a><\/p>\n","protected":false},"author":2,"featured_media":0,"comment_status":"open","ping_status":"open","sticky":false,"template":"","format":"standard","meta":{"_jetpack_memberships_contains_paid_content":false,"footnotes":""},"categories":[4],"tags":[],"class_list":["post-10620","post","type-post","status-publish","format-standard","hentry","category-el-cotarro"],"yoast_head":"<!-- This site is optimized with the Yoast SEO plugin v27.0 - https:\/\/yoast.com\/product\/yoast-seo-wordpress\/ -->\n<title>EL COTARRO \/ 467, DEL DOMINGO, 20\/08\/2023 - El Cotarro<\/title>\n<meta name=\"robots\" content=\"index, follow, max-snippet:-1, max-image-preview:large, max-video-preview:-1\" \/>\n<link rel=\"canonical\" href=\"https:\/\/elcotarro.com\/?p=10620\" \/>\n<meta property=\"og:locale\" content=\"es_ES\" \/>\n<meta property=\"og:type\" content=\"article\" \/>\n<meta property=\"og:title\" content=\"EL COTARRO \/ 467, DEL DOMINGO, 20\/08\/2023 - El Cotarro\" \/>\n<meta property=\"og:description\" content=\"N\u00ba467 DEL 20 DE AGOSTO DE 2023 &nbsp; \u00a0 Por Jos\u00e9 Carlos Marrero * \u00a0 &nbsp; ENTRE CRUELES LLAMAS, DESCONCIERTO Y TRISTEZA En esta edici\u00f3n de El Cotarro, me ha pasado a mi como al compa\u00f1ero periodista y amigo Pepe Moreno en su edici\u00f3n de El Mon\u00f3logo de ayer en la plataforma Canarias en Positivo ... Read more\" \/>\n<meta property=\"og:url\" content=\"https:\/\/elcotarro.com\/?p=10620\" \/>\n<meta property=\"og:site_name\" content=\"El Cotarro\" \/>\n<meta property=\"article:publisher\" content=\"https:\/\/www.facebook.com\/ElCotarro.Tenerife\" \/>\n<meta property=\"article:published_time\" content=\"2023-08-19T23:24:13+00:00\" \/>\n<meta property=\"article:modified_time\" content=\"2023-08-20T08:43:10+00:00\" \/>\n<meta property=\"og:image\" content=\"https:\/\/canariasenpositivo.com\/wp-content\/uploads\/2023\/08\/EL-COTARRO-CABECERA-1024x122.jpg\" \/>\n<meta name=\"author\" content=\"Jos\u00e9 Carlos Marrero Gonz\u00e1lez\" \/>\n<meta name=\"twitter:label1\" content=\"Escrito por\" \/>\n\t<meta name=\"twitter:data1\" content=\"Jos\u00e9 Carlos Marrero Gonz\u00e1lez\" \/>\n\t<meta name=\"twitter:label2\" content=\"Tiempo de lectura\" \/>\n\t<meta name=\"twitter:data2\" content=\"12 minutos\" \/>\n<script type=\"application\/ld+json\" class=\"yoast-schema-graph\">{\"@context\":\"https:\/\/schema.org\",\"@graph\":[{\"@type\":\"Article\",\"@id\":\"https:\/\/elcotarro.com\/?p=10620#article\",\"isPartOf\":{\"@id\":\"https:\/\/elcotarro.com\/?p=10620\"},\"author\":{\"name\":\"Jos\u00e9 Carlos Marrero Gonz\u00e1lez\",\"@id\":\"https:\/\/elcotarro.com\/#\/schema\/person\/af537ee7d60d15984c7e0affcd8a918b\"},\"headline\":\"EL COTARRO \/ 467, DEL DOMINGO, 20\/08\/2023\",\"datePublished\":\"2023-08-19T23:24:13+00:00\",\"dateModified\":\"2023-08-20T08:43:10+00:00\",\"mainEntityOfPage\":{\"@id\":\"https:\/\/elcotarro.com\/?p=10620\"},\"wordCount\":2179,\"commentCount\":0,\"publisher\":{\"@id\":\"https:\/\/elcotarro.com\/#organization\"},\"image\":{\"@id\":\"https:\/\/elcotarro.com\/?p=10620#primaryimage\"},\"thumbnailUrl\":\"https:\/\/canariasenpositivo.com\/wp-content\/uploads\/2023\/08\/EL-COTARRO-CABECERA-1024x122.jpg\",\"articleSection\":[\"El Cotarro\"],\"inLanguage\":\"es\",\"potentialAction\":[{\"@type\":\"CommentAction\",\"name\":\"Comment\",\"target\":[\"https:\/\/elcotarro.com\/?p=10620#respond\"]}]},{\"@type\":\"WebPage\",\"@id\":\"https:\/\/elcotarro.com\/?p=10620\",\"url\":\"https:\/\/elcotarro.com\/?p=10620\",\"name\":\"EL COTARRO \/ 467, DEL DOMINGO, 20\/08\/2023 - El Cotarro\",\"isPartOf\":{\"@id\":\"https:\/\/elcotarro.com\/#website\"},\"primaryImageOfPage\":{\"@id\":\"https:\/\/elcotarro.com\/?p=10620#primaryimage\"},\"image\":{\"@id\":\"https:\/\/elcotarro.com\/?p=10620#primaryimage\"},\"thumbnailUrl\":\"https:\/\/canariasenpositivo.com\/wp-content\/uploads\/2023\/08\/EL-COTARRO-CABECERA-1024x122.jpg\",\"datePublished\":\"2023-08-19T23:24:13+00:00\",\"dateModified\":\"2023-08-20T08:43:10+00:00\",\"breadcrumb\":{\"@id\":\"https:\/\/elcotarro.com\/?p=10620#breadcrumb\"},\"inLanguage\":\"es\",\"potentialAction\":[{\"@type\":\"ReadAction\",\"target\":[\"https:\/\/elcotarro.com\/?p=10620\"]}]},{\"@type\":\"ImageObject\",\"inLanguage\":\"es\",\"@id\":\"https:\/\/elcotarro.com\/?p=10620#primaryimage\",\"url\":\"https:\/\/canariasenpositivo.com\/wp-content\/uploads\/2023\/08\/EL-COTARRO-CABECERA-1024x122.jpg\",\"contentUrl\":\"https:\/\/canariasenpositivo.com\/wp-content\/uploads\/2023\/08\/EL-COTARRO-CABECERA-1024x122.jpg\"},{\"@type\":\"BreadcrumbList\",\"@id\":\"https:\/\/elcotarro.com\/?p=10620#breadcrumb\",\"itemListElement\":[{\"@type\":\"ListItem\",\"position\":1,\"name\":\"Portada\",\"item\":\"https:\/\/elcotarro.com\/\"},{\"@type\":\"ListItem\",\"position\":2,\"name\":\"EL COTARRO \/ 467, DEL DOMINGO, 20\/08\/2023\"}]},{\"@type\":\"WebSite\",\"@id\":\"https:\/\/elcotarro.com\/#website\",\"url\":\"https:\/\/elcotarro.com\/\",\"name\":\"El Cotarro\",\"description\":\"Peri\u00f3dico Digital Independiente dirigido por Jos\u00e9 Carlos Marrero\",\"publisher\":{\"@id\":\"https:\/\/elcotarro.com\/#organization\"},\"potentialAction\":[{\"@type\":\"SearchAction\",\"target\":{\"@type\":\"EntryPoint\",\"urlTemplate\":\"https:\/\/elcotarro.com\/?s={search_term_string}\"},\"query-input\":{\"@type\":\"PropertyValueSpecification\",\"valueRequired\":true,\"valueName\":\"search_term_string\"}}],\"inLanguage\":\"es\"},{\"@type\":\"Organization\",\"@id\":\"https:\/\/elcotarro.com\/#organization\",\"name\":\"El Cotarro\",\"url\":\"https:\/\/elcotarro.com\/\",\"logo\":{\"@type\":\"ImageObject\",\"inLanguage\":\"es\",\"@id\":\"https:\/\/elcotarro.com\/#\/schema\/logo\/image\/\",\"url\":\"https:\/\/elcotarro.com\/wp-content\/uploads\/2014\/09\/Cabecera_El_Cotarro_v2.jpg\",\"contentUrl\":\"https:\/\/elcotarro.com\/wp-content\/uploads\/2014\/09\/Cabecera_El_Cotarro_v2.jpg\",\"width\":3540,\"height\":441,\"caption\":\"El Cotarro\"},\"image\":{\"@id\":\"https:\/\/elcotarro.com\/#\/schema\/logo\/image\/\"},\"sameAs\":[\"https:\/\/www.facebook.com\/ElCotarro.Tenerife\"]},{\"@type\":\"Person\",\"@id\":\"https:\/\/elcotarro.com\/#\/schema\/person\/af537ee7d60d15984c7e0affcd8a918b\",\"name\":\"Jos\u00e9 Carlos Marrero Gonz\u00e1lez\",\"image\":{\"@type\":\"ImageObject\",\"inLanguage\":\"es\",\"@id\":\"https:\/\/elcotarro.com\/#\/schema\/person\/image\/\",\"url\":\"https:\/\/secure.gravatar.com\/avatar\/def4da036efb5d32c74d49c351f6dccc064dd69ad9f3aadc295c5a9a5391ca01?s=96&d=mm&r=g\",\"contentUrl\":\"https:\/\/secure.gravatar.com\/avatar\/def4da036efb5d32c74d49c351f6dccc064dd69ad9f3aadc295c5a9a5391ca01?s=96&d=mm&r=g\",\"caption\":\"Jos\u00e9 Carlos Marrero Gonz\u00e1lez\"},\"sameAs\":[\"https:\/\/elcotarro.com\"],\"url\":\"https:\/\/elcotarro.com\/?author=2\"}]}<\/script>\n<!-- \/ Yoast SEO plugin. -->","yoast_head_json":{"title":"EL COTARRO \/ 467, DEL DOMINGO, 20\/08\/2023 - El Cotarro","robots":{"index":"index","follow":"follow","max-snippet":"max-snippet:-1","max-image-preview":"max-image-preview:large","max-video-preview":"max-video-preview:-1"},"canonical":"https:\/\/elcotarro.com\/?p=10620","og_locale":"es_ES","og_type":"article","og_title":"EL COTARRO \/ 467, DEL DOMINGO, 20\/08\/2023 - El Cotarro","og_description":"N\u00ba467 DEL 20 DE AGOSTO DE 2023 &nbsp; \u00a0 Por Jos\u00e9 Carlos Marrero * \u00a0 &nbsp; ENTRE CRUELES LLAMAS, DESCONCIERTO Y TRISTEZA En esta edici\u00f3n de El Cotarro, me ha pasado a mi como al compa\u00f1ero periodista y amigo Pepe Moreno en su edici\u00f3n de El Mon\u00f3logo de ayer en la plataforma Canarias en Positivo ... Read more","og_url":"https:\/\/elcotarro.com\/?p=10620","og_site_name":"El Cotarro","article_publisher":"https:\/\/www.facebook.com\/ElCotarro.Tenerife","article_published_time":"2023-08-19T23:24:13+00:00","article_modified_time":"2023-08-20T08:43:10+00:00","og_image":[{"url":"https:\/\/canariasenpositivo.com\/wp-content\/uploads\/2023\/08\/EL-COTARRO-CABECERA-1024x122.jpg","type":"","width":"","height":""}],"author":"Jos\u00e9 Carlos Marrero Gonz\u00e1lez","twitter_misc":{"Escrito por":"Jos\u00e9 Carlos Marrero Gonz\u00e1lez","Tiempo de lectura":"12 minutos"},"schema":{"@context":"https:\/\/schema.org","@graph":[{"@type":"Article","@id":"https:\/\/elcotarro.com\/?p=10620#article","isPartOf":{"@id":"https:\/\/elcotarro.com\/?p=10620"},"author":{"name":"Jos\u00e9 Carlos Marrero Gonz\u00e1lez","@id":"https:\/\/elcotarro.com\/#\/schema\/person\/af537ee7d60d15984c7e0affcd8a918b"},"headline":"EL COTARRO \/ 467, DEL DOMINGO, 20\/08\/2023","datePublished":"2023-08-19T23:24:13+00:00","dateModified":"2023-08-20T08:43:10+00:00","mainEntityOfPage":{"@id":"https:\/\/elcotarro.com\/?p=10620"},"wordCount":2179,"commentCount":0,"publisher":{"@id":"https:\/\/elcotarro.com\/#organization"},"image":{"@id":"https:\/\/elcotarro.com\/?p=10620#primaryimage"},"thumbnailUrl":"https:\/\/canariasenpositivo.com\/wp-content\/uploads\/2023\/08\/EL-COTARRO-CABECERA-1024x122.jpg","articleSection":["El Cotarro"],"inLanguage":"es","potentialAction":[{"@type":"CommentAction","name":"Comment","target":["https:\/\/elcotarro.com\/?p=10620#respond"]}]},{"@type":"WebPage","@id":"https:\/\/elcotarro.com\/?p=10620","url":"https:\/\/elcotarro.com\/?p=10620","name":"EL COTARRO \/ 467, DEL DOMINGO, 20\/08\/2023 - El Cotarro","isPartOf":{"@id":"https:\/\/elcotarro.com\/#website"},"primaryImageOfPage":{"@id":"https:\/\/elcotarro.com\/?p=10620#primaryimage"},"image":{"@id":"https:\/\/elcotarro.com\/?p=10620#primaryimage"},"thumbnailUrl":"https:\/\/canariasenpositivo.com\/wp-content\/uploads\/2023\/08\/EL-COTARRO-CABECERA-1024x122.jpg","datePublished":"2023-08-19T23:24:13+00:00","dateModified":"2023-08-20T08:43:10+00:00","breadcrumb":{"@id":"https:\/\/elcotarro.com\/?p=10620#breadcrumb"},"inLanguage":"es","potentialAction":[{"@type":"ReadAction","target":["https:\/\/elcotarro.com\/?p=10620"]}]},{"@type":"ImageObject","inLanguage":"es","@id":"https:\/\/elcotarro.com\/?p=10620#primaryimage","url":"https:\/\/canariasenpositivo.com\/wp-content\/uploads\/2023\/08\/EL-COTARRO-CABECERA-1024x122.jpg","contentUrl":"https:\/\/canariasenpositivo.com\/wp-content\/uploads\/2023\/08\/EL-COTARRO-CABECERA-1024x122.jpg"},{"@type":"BreadcrumbList","@id":"https:\/\/elcotarro.com\/?p=10620#breadcrumb","itemListElement":[{"@type":"ListItem","position":1,"name":"Portada","item":"https:\/\/elcotarro.com\/"},{"@type":"ListItem","position":2,"name":"EL COTARRO \/ 467, DEL DOMINGO, 20\/08\/2023"}]},{"@type":"WebSite","@id":"https:\/\/elcotarro.com\/#website","url":"https:\/\/elcotarro.com\/","name":"El Cotarro","description":"Peri\u00f3dico Digital Independiente dirigido por Jos\u00e9 Carlos Marrero","publisher":{"@id":"https:\/\/elcotarro.com\/#organization"},"potentialAction":[{"@type":"SearchAction","target":{"@type":"EntryPoint","urlTemplate":"https:\/\/elcotarro.com\/?s={search_term_string}"},"query-input":{"@type":"PropertyValueSpecification","valueRequired":true,"valueName":"search_term_string"}}],"inLanguage":"es"},{"@type":"Organization","@id":"https:\/\/elcotarro.com\/#organization","name":"El Cotarro","url":"https:\/\/elcotarro.com\/","logo":{"@type":"ImageObject","inLanguage":"es","@id":"https:\/\/elcotarro.com\/#\/schema\/logo\/image\/","url":"https:\/\/elcotarro.com\/wp-content\/uploads\/2014\/09\/Cabecera_El_Cotarro_v2.jpg","contentUrl":"https:\/\/elcotarro.com\/wp-content\/uploads\/2014\/09\/Cabecera_El_Cotarro_v2.jpg","width":3540,"height":441,"caption":"El Cotarro"},"image":{"@id":"https:\/\/elcotarro.com\/#\/schema\/logo\/image\/"},"sameAs":["https:\/\/www.facebook.com\/ElCotarro.Tenerife"]},{"@type":"Person","@id":"https:\/\/elcotarro.com\/#\/schema\/person\/af537ee7d60d15984c7e0affcd8a918b","name":"Jos\u00e9 Carlos Marrero Gonz\u00e1lez","image":{"@type":"ImageObject","inLanguage":"es","@id":"https:\/\/elcotarro.com\/#\/schema\/person\/image\/","url":"https:\/\/secure.gravatar.com\/avatar\/def4da036efb5d32c74d49c351f6dccc064dd69ad9f3aadc295c5a9a5391ca01?s=96&d=mm&r=g","contentUrl":"https:\/\/secure.gravatar.com\/avatar\/def4da036efb5d32c74d49c351f6dccc064dd69ad9f3aadc295c5a9a5391ca01?s=96&d=mm&r=g","caption":"Jos\u00e9 Carlos Marrero Gonz\u00e1lez"},"sameAs":["https:\/\/elcotarro.com"],"url":"https:\/\/elcotarro.com\/?author=2"}]}},"jetpack_featured_media_url":"","jetpack_sharing_enabled":true,"_links":{"self":[{"href":"https:\/\/elcotarro.com\/index.php?rest_route=\/wp\/v2\/posts\/10620","targetHints":{"allow":["GET"]}}],"collection":[{"href":"https:\/\/elcotarro.com\/index.php?rest_route=\/wp\/v2\/posts"}],"about":[{"href":"https:\/\/elcotarro.com\/index.php?rest_route=\/wp\/v2\/types\/post"}],"author":[{"embeddable":true,"href":"https:\/\/elcotarro.com\/index.php?rest_route=\/wp\/v2\/users\/2"}],"replies":[{"embeddable":true,"href":"https:\/\/elcotarro.com\/index.php?rest_route=%2Fwp%2Fv2%2Fcomments&post=10620"}],"version-history":[{"count":7,"href":"https:\/\/elcotarro.com\/index.php?rest_route=\/wp\/v2\/posts\/10620\/revisions"}],"predecessor-version":[{"id":10628,"href":"https:\/\/elcotarro.com\/index.php?rest_route=\/wp\/v2\/posts\/10620\/revisions\/10628"}],"wp:attachment":[{"href":"https:\/\/elcotarro.com\/index.php?rest_route=%2Fwp%2Fv2%2Fmedia&parent=10620"}],"wp:term":[{"taxonomy":"category","embeddable":true,"href":"https:\/\/elcotarro.com\/index.php?rest_route=%2Fwp%2Fv2%2Fcategories&post=10620"},{"taxonomy":"post_tag","embeddable":true,"href":"https:\/\/elcotarro.com\/index.php?rest_route=%2Fwp%2Fv2%2Ftags&post=10620"}],"curies":[{"name":"wp","href":"https:\/\/api.w.org\/{rel}","templated":true}]}}