{"id":1063,"date":"2015-04-12T12:07:05","date_gmt":"2015-04-12T11:07:05","guid":{"rendered":"https:\/\/elcotarro.com\/?p=1063"},"modified":"2015-04-12T10:23:11","modified_gmt":"2015-04-12T09:23:11","slug":"el-platano-fue-primero","status":"publish","type":"post","link":"https:\/\/elcotarro.com\/?p=1063","title":{"rendered":"EL PL\u00c1TANO FUE PRIMERO"},"content":{"rendered":"<p>\u2666 Pero siendo absolutamente v\u00e1lida la sentencia en estos momentos para el sector del Vino, lo cierto y verdad es que dicha sentencia (o similar) ya la pronunci\u00f3 hace unos 30 a\u00f1os atr\u00e1s, <strong>Leopoldo C\u00f3logan Ponte<\/strong>, presidente de la Asociaci\u00f3n de Productores Europeos de Bananas (APEB) y l\u00edder indiscutible del sector platanero de Canarias&#8230; Ese liderazgo de <strong>Leopoldo C\u00f3logan<\/strong>, la coincidencia de criterios y de objetivos a alcanzar por parte de los productores y exportadores de nuestro popular \u201cpl\u00e1tano de Canarias\u201d, junto con el convencimiento de que \u201ca quien algo quiere, algo le cuesta\u201d, llev\u00f3 al sector a una unidad que, todav\u00eda hoy en d\u00eda, es un ejemplo vivo a seguir&#8230; Ese ejemplo y esa uni\u00f3n trascendi\u00f3 de Canarias y, tambi\u00e9n de la mano de <strong>Leopoldo C\u00f3logan<\/strong>, fue el germen de la APEB, que el a\u00f1o pasado cumpli\u00f3 25 anitos y que tambi\u00e9n sigue muy fuerte, vivita y coleando.<\/p>\n<p><a href=\"https:\/\/elcotarro.com\/wp-content\/uploads\/2015\/04\/FOTO-2.-Leopoldo-C\u00f3logan-recibe-la-Legi\u00f3n-de-Honor.jpg\"><img loading=\"lazy\" decoding=\"async\" class=\"aligncenter wp-image-1064\" src=\"https:\/\/elcotarro.com\/wp-content\/uploads\/2015\/04\/FOTO-2.-Leopoldo-C\u00f3logan-recibe-la-Legi\u00f3n-de-Honor-1024x606.jpg\" alt=\"FOTO 2.- Leopoldo C\u00f3logan recibe la Legi\u00f3n de Honor\" width=\"550\" height=\"326\" srcset=\"https:\/\/elcotarro.com\/wp-content\/uploads\/2015\/04\/FOTO-2.-Leopoldo-C\u00f3logan-recibe-la-Legi\u00f3n-de-Honor-1024x606.jpg 1024w, https:\/\/elcotarro.com\/wp-content\/uploads\/2015\/04\/FOTO-2.-Leopoldo-C\u00f3logan-recibe-la-Legi\u00f3n-de-Honor-300x178.jpg 300w, https:\/\/elcotarro.com\/wp-content\/uploads\/2015\/04\/FOTO-2.-Leopoldo-C\u00f3logan-recibe-la-Legi\u00f3n-de-Honor.jpg 1486w\" sizes=\"auto, (max-width: 550px) 100vw, 550px\" \/><\/a><\/p>\n<p class=\"comentario\" style=\"text-align: center;\">Dominique Perben imponiendo a Leopoldo C\u00f3logan la medalla de Legi\u00f3n de Honor<\/p>\n","protected":false},"excerpt":{"rendered":"<p>\u2666 Pero siendo absolutamente v\u00e1lida la sentencia en estos momentos para el sector del Vino, lo cierto y verdad es que dicha sentencia (o similar) ya la pronunci\u00f3 hace unos 30 a\u00f1os atr\u00e1s, Leopoldo C\u00f3logan Ponte, presidente de la Asociaci\u00f3n de Productores Europeos de Bananas (APEB) y l\u00edder indiscutible del sector platanero de Canarias&#8230; Ese &#8230; <a class=\"read-more\" href=\"https:\/\/elcotarro.com\/?p=1063\">Read more<\/a><\/p>\n","protected":false},"author":2,"featured_media":0,"comment_status":"open","ping_status":"open","sticky":false,"template":"","format":"standard","meta":{"_jetpack_memberships_contains_paid_content":false,"footnotes":""},"categories":[54],"tags":[375],"class_list":["post-1063","post","type-post","status-publish","format-standard","hentry","category-personajes","tag-leopoldo-cologan-ponte"],"yoast_head":"<!-- This site is optimized with the Yoast SEO plugin v27.0 - https:\/\/yoast.com\/product\/yoast-seo-wordpress\/ -->\n<title>EL PL\u00c1TANO FUE PRIMERO - El Cotarrro<\/title>\n<meta name=\"description\" content=\"Pero siendo absolutamente v\u00e1lida la sentencia en estos momentos para el sector del Vino, lo cierto y verdad es que dicha sentencia (o similar) ya la pronu\" \/>\n<meta name=\"robots\" content=\"index, follow, max-snippet:-1, max-image-preview:large, max-video-preview:-1\" \/>\n<link rel=\"canonical\" href=\"https:\/\/elcotarro.com\/?p=1063\" \/>\n<meta property=\"og:locale\" content=\"es_ES\" \/>\n<meta property=\"og:type\" content=\"article\" \/>\n<meta property=\"og:title\" content=\"EL PL\u00c1TANO FUE PRIMERO - El Cotarrro\" \/>\n<meta property=\"og:description\" content=\"Pero siendo absolutamente v\u00e1lida la sentencia en estos momentos para el sector del Vino, lo cierto y verdad es que dicha sentencia (o similar) ya la pronu\" \/>\n<meta property=\"og:url\" content=\"https:\/\/elcotarro.com\/?p=1063\" \/>\n<meta property=\"og:site_name\" content=\"El Cotarro\" \/>\n<meta property=\"article:publisher\" content=\"https:\/\/www.facebook.com\/ElCotarro.Tenerife\" \/>\n<meta property=\"article:published_time\" content=\"2015-04-12T11:07:05+00:00\" \/>\n<meta name=\"author\" content=\"Jos\u00e9 Carlos Marrero Gonz\u00e1lez\" \/>\n<meta name=\"twitter:label1\" content=\"Escrito por\" \/>\n\t<meta name=\"twitter:data1\" content=\"Jos\u00e9 Carlos Marrero Gonz\u00e1lez\" \/>\n\t<meta name=\"twitter:label2\" content=\"Tiempo de lectura\" \/>\n\t<meta name=\"twitter:data2\" content=\"1 minuto\" \/>\n<script type=\"application\/ld+json\" class=\"yoast-schema-graph\">{\"@context\":\"https:\/\/schema.org\",\"@graph\":[{\"@type\":\"Article\",\"@id\":\"https:\/\/elcotarro.com\/?p=1063#article\",\"isPartOf\":{\"@id\":\"https:\/\/elcotarro.com\/?p=1063\"},\"author\":{\"name\":\"Jos\u00e9 Carlos Marrero Gonz\u00e1lez\",\"@id\":\"https:\/\/elcotarro.com\/#\/schema\/person\/af537ee7d60d15984c7e0affcd8a918b\"},\"headline\":\"EL PL\u00c1TANO FUE PRIMERO\",\"datePublished\":\"2015-04-12T11:07:05+00:00\",\"mainEntityOfPage\":{\"@id\":\"https:\/\/elcotarro.com\/?p=1063\"},\"wordCount\":180,\"commentCount\":0,\"publisher\":{\"@id\":\"https:\/\/elcotarro.com\/#organization\"},\"keywords\":[\"Leopoldo C\u00f3logan Ponte\"],\"articleSection\":[\"Personajes\"],\"inLanguage\":\"es\",\"potentialAction\":[{\"@type\":\"CommentAction\",\"name\":\"Comment\",\"target\":[\"https:\/\/elcotarro.com\/?p=1063#respond\"]}]},{\"@type\":\"WebPage\",\"@id\":\"https:\/\/elcotarro.com\/?p=1063\",\"url\":\"https:\/\/elcotarro.com\/?p=1063\",\"name\":\"EL PL\u00c1TANO FUE PRIMERO - El Cotarrro\",\"isPartOf\":{\"@id\":\"https:\/\/elcotarro.com\/#website\"},\"datePublished\":\"2015-04-12T11:07:05+00:00\",\"description\":\"Pero siendo absolutamente v\u00e1lida la sentencia en estos momentos para el sector del Vino, lo cierto y verdad es que dicha sentencia (o similar) ya la pronu\",\"breadcrumb\":{\"@id\":\"https:\/\/elcotarro.com\/?p=1063#breadcrumb\"},\"inLanguage\":\"es\",\"potentialAction\":[{\"@type\":\"ReadAction\",\"target\":[\"https:\/\/elcotarro.com\/?p=1063\"]}]},{\"@type\":\"BreadcrumbList\",\"@id\":\"https:\/\/elcotarro.com\/?p=1063#breadcrumb\",\"itemListElement\":[{\"@type\":\"ListItem\",\"position\":1,\"name\":\"Portada\",\"item\":\"https:\/\/elcotarro.com\/\"},{\"@type\":\"ListItem\",\"position\":2,\"name\":\"EL PL\u00c1TANO FUE PRIMERO\"}]},{\"@type\":\"WebSite\",\"@id\":\"https:\/\/elcotarro.com\/#website\",\"url\":\"https:\/\/elcotarro.com\/\",\"name\":\"El Cotarro\",\"description\":\"Peri\u00f3dico Digital Independiente dirigido por Jos\u00e9 Carlos Marrero\",\"publisher\":{\"@id\":\"https:\/\/elcotarro.com\/#organization\"},\"potentialAction\":[{\"@type\":\"SearchAction\",\"target\":{\"@type\":\"EntryPoint\",\"urlTemplate\":\"https:\/\/elcotarro.com\/?s={search_term_string}\"},\"query-input\":{\"@type\":\"PropertyValueSpecification\",\"valueRequired\":true,\"valueName\":\"search_term_string\"}}],\"inLanguage\":\"es\"},{\"@type\":\"Organization\",\"@id\":\"https:\/\/elcotarro.com\/#organization\",\"name\":\"El Cotarro\",\"url\":\"https:\/\/elcotarro.com\/\",\"logo\":{\"@type\":\"ImageObject\",\"inLanguage\":\"es\",\"@id\":\"https:\/\/elcotarro.com\/#\/schema\/logo\/image\/\",\"url\":\"https:\/\/elcotarro.com\/wp-content\/uploads\/2014\/09\/Cabecera_El_Cotarro_v2.jpg\",\"contentUrl\":\"https:\/\/elcotarro.com\/wp-content\/uploads\/2014\/09\/Cabecera_El_Cotarro_v2.jpg\",\"width\":3540,\"height\":441,\"caption\":\"El Cotarro\"},\"image\":{\"@id\":\"https:\/\/elcotarro.com\/#\/schema\/logo\/image\/\"},\"sameAs\":[\"https:\/\/www.facebook.com\/ElCotarro.Tenerife\"]},{\"@type\":\"Person\",\"@id\":\"https:\/\/elcotarro.com\/#\/schema\/person\/af537ee7d60d15984c7e0affcd8a918b\",\"name\":\"Jos\u00e9 Carlos Marrero Gonz\u00e1lez\",\"image\":{\"@type\":\"ImageObject\",\"inLanguage\":\"es\",\"@id\":\"https:\/\/elcotarro.com\/#\/schema\/person\/image\/\",\"url\":\"https:\/\/secure.gravatar.com\/avatar\/def4da036efb5d32c74d49c351f6dccc064dd69ad9f3aadc295c5a9a5391ca01?s=96&d=mm&r=g\",\"contentUrl\":\"https:\/\/secure.gravatar.com\/avatar\/def4da036efb5d32c74d49c351f6dccc064dd69ad9f3aadc295c5a9a5391ca01?s=96&d=mm&r=g\",\"caption\":\"Jos\u00e9 Carlos Marrero Gonz\u00e1lez\"},\"sameAs\":[\"https:\/\/elcotarro.com\"],\"url\":\"https:\/\/elcotarro.com\/?author=2\"}]}<\/script>\n<!-- \/ Yoast SEO plugin. -->","yoast_head_json":{"title":"EL PL\u00c1TANO FUE PRIMERO - El Cotarrro","description":"Pero siendo absolutamente v\u00e1lida la sentencia en estos momentos para el sector del Vino, lo cierto y verdad es que dicha sentencia (o similar) ya la pronu","robots":{"index":"index","follow":"follow","max-snippet":"max-snippet:-1","max-image-preview":"max-image-preview:large","max-video-preview":"max-video-preview:-1"},"canonical":"https:\/\/elcotarro.com\/?p=1063","og_locale":"es_ES","og_type":"article","og_title":"EL PL\u00c1TANO FUE PRIMERO - El Cotarrro","og_description":"Pero siendo absolutamente v\u00e1lida la sentencia en estos momentos para el sector del Vino, lo cierto y verdad es que dicha sentencia (o similar) ya la pronu","og_url":"https:\/\/elcotarro.com\/?p=1063","og_site_name":"El Cotarro","article_publisher":"https:\/\/www.facebook.com\/ElCotarro.Tenerife","article_published_time":"2015-04-12T11:07:05+00:00","author":"Jos\u00e9 Carlos Marrero Gonz\u00e1lez","twitter_misc":{"Escrito por":"Jos\u00e9 Carlos Marrero Gonz\u00e1lez","Tiempo de lectura":"1 minuto"},"schema":{"@context":"https:\/\/schema.org","@graph":[{"@type":"Article","@id":"https:\/\/elcotarro.com\/?p=1063#article","isPartOf":{"@id":"https:\/\/elcotarro.com\/?p=1063"},"author":{"name":"Jos\u00e9 Carlos Marrero Gonz\u00e1lez","@id":"https:\/\/elcotarro.com\/#\/schema\/person\/af537ee7d60d15984c7e0affcd8a918b"},"headline":"EL PL\u00c1TANO FUE PRIMERO","datePublished":"2015-04-12T11:07:05+00:00","mainEntityOfPage":{"@id":"https:\/\/elcotarro.com\/?p=1063"},"wordCount":180,"commentCount":0,"publisher":{"@id":"https:\/\/elcotarro.com\/#organization"},"keywords":["Leopoldo C\u00f3logan Ponte"],"articleSection":["Personajes"],"inLanguage":"es","potentialAction":[{"@type":"CommentAction","name":"Comment","target":["https:\/\/elcotarro.com\/?p=1063#respond"]}]},{"@type":"WebPage","@id":"https:\/\/elcotarro.com\/?p=1063","url":"https:\/\/elcotarro.com\/?p=1063","name":"EL PL\u00c1TANO FUE PRIMERO - El Cotarrro","isPartOf":{"@id":"https:\/\/elcotarro.com\/#website"},"datePublished":"2015-04-12T11:07:05+00:00","description":"Pero siendo absolutamente v\u00e1lida la sentencia en estos momentos para el sector del Vino, lo cierto y verdad es que dicha sentencia (o similar) ya la pronu","breadcrumb":{"@id":"https:\/\/elcotarro.com\/?p=1063#breadcrumb"},"inLanguage":"es","potentialAction":[{"@type":"ReadAction","target":["https:\/\/elcotarro.com\/?p=1063"]}]},{"@type":"BreadcrumbList","@id":"https:\/\/elcotarro.com\/?p=1063#breadcrumb","itemListElement":[{"@type":"ListItem","position":1,"name":"Portada","item":"https:\/\/elcotarro.com\/"},{"@type":"ListItem","position":2,"name":"EL PL\u00c1TANO FUE PRIMERO"}]},{"@type":"WebSite","@id":"https:\/\/elcotarro.com\/#website","url":"https:\/\/elcotarro.com\/","name":"El Cotarro","description":"Peri\u00f3dico Digital Independiente dirigido por Jos\u00e9 Carlos Marrero","publisher":{"@id":"https:\/\/elcotarro.com\/#organization"},"potentialAction":[{"@type":"SearchAction","target":{"@type":"EntryPoint","urlTemplate":"https:\/\/elcotarro.com\/?s={search_term_string}"},"query-input":{"@type":"PropertyValueSpecification","valueRequired":true,"valueName":"search_term_string"}}],"inLanguage":"es"},{"@type":"Organization","@id":"https:\/\/elcotarro.com\/#organization","name":"El Cotarro","url":"https:\/\/elcotarro.com\/","logo":{"@type":"ImageObject","inLanguage":"es","@id":"https:\/\/elcotarro.com\/#\/schema\/logo\/image\/","url":"https:\/\/elcotarro.com\/wp-content\/uploads\/2014\/09\/Cabecera_El_Cotarro_v2.jpg","contentUrl":"https:\/\/elcotarro.com\/wp-content\/uploads\/2014\/09\/Cabecera_El_Cotarro_v2.jpg","width":3540,"height":441,"caption":"El Cotarro"},"image":{"@id":"https:\/\/elcotarro.com\/#\/schema\/logo\/image\/"},"sameAs":["https:\/\/www.facebook.com\/ElCotarro.Tenerife"]},{"@type":"Person","@id":"https:\/\/elcotarro.com\/#\/schema\/person\/af537ee7d60d15984c7e0affcd8a918b","name":"Jos\u00e9 Carlos Marrero Gonz\u00e1lez","image":{"@type":"ImageObject","inLanguage":"es","@id":"https:\/\/elcotarro.com\/#\/schema\/person\/image\/","url":"https:\/\/secure.gravatar.com\/avatar\/def4da036efb5d32c74d49c351f6dccc064dd69ad9f3aadc295c5a9a5391ca01?s=96&d=mm&r=g","contentUrl":"https:\/\/secure.gravatar.com\/avatar\/def4da036efb5d32c74d49c351f6dccc064dd69ad9f3aadc295c5a9a5391ca01?s=96&d=mm&r=g","caption":"Jos\u00e9 Carlos Marrero Gonz\u00e1lez"},"sameAs":["https:\/\/elcotarro.com"],"url":"https:\/\/elcotarro.com\/?author=2"}]}},"jetpack_featured_media_url":"","jetpack_sharing_enabled":true,"_links":{"self":[{"href":"https:\/\/elcotarro.com\/index.php?rest_route=\/wp\/v2\/posts\/1063","targetHints":{"allow":["GET"]}}],"collection":[{"href":"https:\/\/elcotarro.com\/index.php?rest_route=\/wp\/v2\/posts"}],"about":[{"href":"https:\/\/elcotarro.com\/index.php?rest_route=\/wp\/v2\/types\/post"}],"author":[{"embeddable":true,"href":"https:\/\/elcotarro.com\/index.php?rest_route=\/wp\/v2\/users\/2"}],"replies":[{"embeddable":true,"href":"https:\/\/elcotarro.com\/index.php?rest_route=%2Fwp%2Fv2%2Fcomments&post=1063"}],"version-history":[{"count":1,"href":"https:\/\/elcotarro.com\/index.php?rest_route=\/wp\/v2\/posts\/1063\/revisions"}],"predecessor-version":[{"id":1065,"href":"https:\/\/elcotarro.com\/index.php?rest_route=\/wp\/v2\/posts\/1063\/revisions\/1065"}],"wp:attachment":[{"href":"https:\/\/elcotarro.com\/index.php?rest_route=%2Fwp%2Fv2%2Fmedia&parent=1063"}],"wp:term":[{"taxonomy":"category","embeddable":true,"href":"https:\/\/elcotarro.com\/index.php?rest_route=%2Fwp%2Fv2%2Fcategories&post=1063"},{"taxonomy":"post_tag","embeddable":true,"href":"https:\/\/elcotarro.com\/index.php?rest_route=%2Fwp%2Fv2%2Ftags&post=1063"}],"curies":[{"name":"wp","href":"https:\/\/api.w.org\/{rel}","templated":true}]}}