{"id":10634,"date":"2023-09-03T00:20:57","date_gmt":"2023-09-02T23:20:57","guid":{"rendered":"https:\/\/elcotarro.com\/?p=10634"},"modified":"2023-09-03T10:57:59","modified_gmt":"2023-09-03T09:57:59","slug":"el-cotarro-469-del-domingo-03-09-2023","status":"publish","type":"post","link":"https:\/\/elcotarro.com\/?p=10634","title":{"rendered":"EL COTARRO \/ 469, DEL DOMINGO, 03\/09\/2023"},"content":{"rendered":"<p><img loading=\"lazy\" decoding=\"async\" class=\"size-large wp-image-6542 aligncenter\" src=\"https:\/\/canariasenpositivo.com\/wp-content\/uploads\/2023\/08\/EL-COTARRO-CABECERA-1024x122.jpg\" alt=\"\" width=\"660\" height=\"79\" \/><\/p>\n<p style=\"text-align: center\"><span style=\"color: #ff0000\"><strong>N\u00ba469 DEL 3 DE SEPTIEMBRE DE 2023<\/strong><\/span><\/p>\n<p>&nbsp;<\/p>\n<p><em>\u00a0<\/em><\/p>\n<p><span style=\"color: #0000ff\"><em>Por <strong>Jos\u00e9 Carlos Marrero *<\/strong><\/em><\/span><\/p>\n<p>&nbsp;<\/p>\n<p>&nbsp;<\/p>\n<p><span style=\"color: #0000ff\"><strong>ADI\u00d3S A ENRIQUE ARRIAGA, HOLA A D\u00c1MASO ARTEAGA<\/strong><\/span><\/p>\n<ul>\n<li>Comienzo hoy <strong><em>El Cotarro<\/em><\/strong> entendiendo que, a pesar de la tristeza por el incendio y sus coletazos a medio y largo plazo, la vida ha continuado y continuar\u00e1. No s\u00e9 si las fechas son exactamente esas, pero, para lo que les quiero contar, podemos quedarnos con este titulillo con el que comienzo esta edici\u00f3n de <strong><em>El Cotarro<\/em><\/strong>. Ya lo avanc\u00e9 en una de las tertulias de prensa de nuestra Televisi\u00f3n Canaria, pero la cr\u00edtica sigue estando vigente. Ya no est\u00e1 <strong>Enrique Arriaga<\/strong> al frente de la consejer\u00eda de Obras del Cabildo de Tenerife, ni est\u00e1 su mano derecha, <strong>Tom\u00e1s Garc\u00eda P\u00e9rez<\/strong> en el puesto de director Insular de Carreteras, pero el mal (o la mala praxis pol\u00edtica) lo ha heredado (aunque no es su culpa) <strong>D\u00e1maso Arteaga<\/strong>, nuevo Consejero Delegado de Carreteras, quien deber\u00e1 poner orden y concierto. Me consta que <strong>D\u00e1maso Arteaga<\/strong> es un pol\u00edtico ya experimentado y resolutivo, que va a las claras y a por resultados pr\u00e1cticos y efectivos para todos. En dos o tres puntos estrat\u00e9gicos de las carreteras tinerfe\u00f1as se ver\u00e1 en breve si tengo raz\u00f3n, o no.<\/li>\n<\/ul>\n<p><img loading=\"lazy\" decoding=\"async\" class=\"size-full wp-image-6608 aligncenter\" src=\"https:\/\/canariasenpositivo.com\/wp-content\/uploads\/2023\/09\/1.-DAMASO-ARTEAGA.jpg\" alt=\"\" width=\"800\" height=\"591\" \/><\/p>\n<p style=\"text-align: center\"><em>D\u00e1maso Arteaga tiene por delante muchas posibilidades para poner orden en las carreteras tinerfe\u00f1as y, sobre todo, en las obras que se ejecutan en ellas.<\/em><\/p>\n<p>&nbsp;<\/p>\n<p><span style=\"color: #0000ff\"><strong>ROMPER EN AGOSTO LO CONSTRUIDO ALL\u00c1 EN ENERO<\/strong><\/span><\/p>\n<ul>\n<li>No es posible que unas obras ejecutadas y supuestamente rematadas antes de las elecciones locales de 28 de mayo (supuestamente ya terminadas y presuntamente ya cobradas) est\u00e9n siendo destruidas en estos momentos para, sobre ellas, proceder con nuevas construcciones en base a proyectos cuya idoneidad sigue estando muy cuestionada. Me estoy refiriendo a dos obras \u00absolapadas\u00bb que se est\u00e1n construyendo en el entorno de la rotonda de la Glorieta del Brasil (popularmente conocida como la Rotonda del <strong>Padre Anchieta<\/strong>) en La Laguna: por un lado, la variante de acceso directo de la carretera del Teide (TF-24) hacia la autopista TF-5 en direcci\u00f3n a Santa Cruz y, por otro lado, la pasarela a\u00e9rea peatonal del <strong>Padre Anchieta<\/strong>. \u00c9sta \u00faltima obra, la de la pasarela peatonal ha estado construy\u00e9ndose a la velocidad del \u201ccaballo del malo\u201d y creo que durante los meses fuertes de las vacaciones (julio y agosto) podr\u00edan haber adelantado de lo lindo trabajando en dos turnos, como la vecindad de la zona ha pedido reiteradamente.<\/li>\n<\/ul>\n<p><img loading=\"lazy\" decoding=\"async\" class=\"size-large wp-image-6609 aligncenter\" src=\"https:\/\/canariasenpositivo.com\/wp-content\/uploads\/2023\/09\/2.-GRUA-Y-FAROLA-1024x768.jpeg\" alt=\"\" width=\"660\" height=\"495\" \/><\/p>\n<p style=\"text-align: center\"><em>Aceras rotas, farolas arrancadas, jardines destrozados, empedrados levantados\u2026 Obras hechas hasta enero han sido levantadas o removidas en menos de 6 meses.<\/em><\/p>\n<p>&nbsp;<\/p>\n<p><span style=\"color: #0000ff\"><strong>NOS INSULTAN JUGANDO CON EL DINERO DE TODOS<\/strong><\/span><\/p>\n<ul>\n<li>Repito que no se puede permitir, no nos podemos permitir que, parte de lo construido en las navidades (con los que nos cost\u00f3 en molestias, ruidos, colas infumables, quebraderos de cabeza y perritas de inversi\u00f3n p\u00fablica) se destruya siete meses despu\u00e9s para, sobre lo construido y destruido, construir de nuevo. Les hablo de varios puntos de la supuestamente concluida obra de la v\u00eda de acceso directo desde la carretera TF-24 (carretera Dorsal del Teide) a la autopista TF-5 (del norte de Tenerife) en sentido hacia Santa Cruz de Tenerife (obra no terminada del todo, por mucho que quieran hacer ver que s\u00ed). Sobre esos puntos, ahora de nuevo levantados y destruidos, se desarrollar\u00e1n partes de la obra de la (para mi, maldita) pasarela a\u00e9rea peatonal de la rotonda del Padre Anchieta y que, supuestamente, facilitar\u00e1 (para mi, dificultar\u00e1) el paso de peatones de un lado a otro de la TF-5. Como ya he dicho, el nuevo consejero <strong>D\u00e1maso Arteaga<\/strong>, tiene una oportunidad de lujo para, en la medida de lo posible, reconducir las obras y mitigar los perniciosos efectos que se ven venir a corto, medio y largo plazo. Y, si no, al tiempo.<\/li>\n<\/ul>\n<p><img loading=\"lazy\" decoding=\"async\" class=\"size-large wp-image-6610 aligncenter\" src=\"https:\/\/canariasenpositivo.com\/wp-content\/uploads\/2023\/09\/3.-OBRAS-PASARELA-1024x768.jpeg\" alt=\"\" width=\"660\" height=\"495\" \/><\/p>\n<p style=\"text-align: center\"><em>Casi tres meses preciosos (junio, julio y agosto) perdidos de mala manera, cuando la obra podr\u00eda haber sido adelantada mientras mucha gente est\u00e1 de vacaciones.<\/em><\/p>\n<p>&nbsp;<\/p>\n<p><span style=\"color: #0000ff\"><strong>EL SANO Y PROFESIONAL EJEMPLO DE MERCADONA<\/strong><\/span><\/p>\n<ul>\n<li>Pensando en las mencionadas obras y muchas otras que en estos momentos est\u00e1n ejecut\u00e1ndose, traigo a <strong><em>El Cotarro<\/em><\/strong> el feliz, sano y profesional ejemplo de la empresa Mercadona, que lidera el, para mi otra vez, ejemplar empresario <strong>Juan Roig<\/strong>. Si no estoy equivocado, la empresa cerr\u00f3 temporalmente (el s\u00e1bado 29 de julio) uno de sus c\u00e9ntricos supermercados de La Laguna, el que ocupa toda una manzana (unos 2.500 m2) dando a tres calles (Hermano Mateo, N\u00fa\u00f1ez de la Pe\u00f1a, 6 de Diciembre) y a la plaza <strong>Antonio Mederos Sosa<\/strong>. El lunes siguiente (31 de julio) en las puertas de acceso al supermercado aparecieron unos carteles que avisaban <em>\u00abCerrado por reforma &#8211; Apertura 12 de septiembre\u00bb<\/em>, mientras, obviamente, empezaban unas obras de reforma integral y actualizaci\u00f3n de las instalaciones y equipamiento del c\u00e9ntrico supermercado, La propia empresa constructora encargada de las obras (supongo que obligada por <strong>Juan Roig<\/strong> y Mercadona) pon\u00eda a unos vigilantes en la calle Hermano Mateo y la calle 6 de Diciembre para colaborar en los espacios legalmente reservados y autorizados para carga y descarga de materiales y, sobre todo, informar a los vecinos y ayudar al tr\u00e1fico de peatones y veh\u00edculos.<\/li>\n<\/ul>\n<p><img loading=\"lazy\" decoding=\"async\" class=\"size-large wp-image-6611 aligncenter\" src=\"https:\/\/canariasenpositivo.com\/wp-content\/uploads\/2023\/09\/4.-MERCADONA-1024x768.jpeg\" alt=\"\" width=\"660\" height=\"495\" \/><\/p>\n<p style=\"text-align: center\"><em>En poco m\u00e1s de un mes, una gran obra estar\u00e1 terminada, y molestando lo m\u00ednimo.<\/em><\/p>\n<p>&nbsp;<\/p>\n<p><span style=\"color: #0000ff\"><strong>R\u00c1PIDA OBRA PENSANDO Y RESPETANDO LA VECINDAD<\/strong><\/span><\/p>\n<ul>\n<li>No s\u00e9 c\u00f3mo lo hacen, aunque me lo imagino. Todo est\u00e1 perfectamente dise\u00f1ado, programado, permisos debidamente tramitados en tiempo y forma con la debida antelaci\u00f3n, contratos con la constructora y subcontratas perfectamente atados y con cl\u00e1usulas de penalizaci\u00f3n por incumplimiento de fechas de finalizaci\u00f3n de las obras., Adem\u00e1s, me consta que hay condiciones a su vez pactadas de la mejor manera con los profesionales de los distintos oficios, con sus correspondientes turnos y sus horas de trabajo y descanso. Pero eso no quita para que est\u00e9n trabajando en dos turnos de trabajo, comenzando a las 8:00 horas y terminando a las 19:00 (aunque sin hacer ruidos antes de las 9:00). Adem\u00e1s, est\u00e1n trabajando los s\u00e1bados y alg\u00fan domingo que estiman oportuno, todo enfocado a terminar las obras (con sus ruidos, polvos, y otras molestias) lo antes posible en beneficio de los vecinos, de su propia clientela y de la ciudadan\u00eda en general. Y todo como Dios y los sindicatos mandan, vamos. Puedo entender (en parte) que la administraci\u00f3n p\u00fablica sea un poco m\u00e1s lenta y hasta un poco torpe, pero&#8230; \u00bfNo podr\u00edan aprender algo de <strong>Juan Roig<\/strong> y Mercadona, siempre en beneficio de la ciudadan\u00eda? Yo creo que si&#8230;<\/li>\n<\/ul>\n<p><img loading=\"lazy\" decoding=\"async\" class=\"size-full wp-image-6612 aligncenter\" src=\"https:\/\/canariasenpositivo.com\/wp-content\/uploads\/2023\/09\/5.-JUAN-ROIG.jpeg\" alt=\"\" width=\"696\" height=\"434\" \/><\/p>\n<p style=\"text-align: center\"><em>Juan Roig, presidente de Mercadona, tiene una engrasada y casi perfecta organizaci\u00f3n a la hora de ejecutar obras en sus supermercados, molestando lo menos posible a la ciudadan\u00eda.<\/em><\/p>\n<p>&nbsp;<\/p>\n<p><span style=\"color: #0000ff\"><strong>CALLE LA ROSA Y AVENIDA MANUEL HERMOSO ROJAS<\/strong><\/span><\/p>\n<ul>\n<li>Salvando las distancias, esto de Mercadona que me permito apuntar, podr\u00eda aplicarse de forma efectiva en muchas obras cuyos plazos de ejecuci\u00f3n afectan directamente a personas, comercios y empresas de todo tipo. Pienso ahora en la necesaria modernizaci\u00f3n de la santacrucera calle La Rosa, o las obras de la depuradora de Santa Cruz que afectan a la avenida <strong>Manuel Hermoso Rojas<\/strong> y su entorno. Pero tambi\u00e9n podr\u00eda referirme al colapsado pulpo de Las Chafiras, en San Miguel de Abona. No entiendo c\u00f3mo en este tipo de obras no se trabaja en al menos dos turnos y, tambi\u00e9n al menos, de lunes a s\u00e1bado. Creo que, en la ciudad de Santa Cruz de Tenerife, su alcalde<strong>, Jos\u00e9 Manuel Berm\u00fadez<\/strong> y su vicealcalde, <strong>Carlos Tarife<\/strong>, deber\u00edan echar una pensada a esto. Y en el \u00e1mbito insular, tambi\u00e9n deber\u00edan pensarlo la nueva presidenta, <strong>Rosa D\u00e1vila<\/strong> y su consejero, <strong>D\u00e1maso Arteaga<\/strong>. Doy por sentado que esto supondr\u00eda un aumento del precio de las mencionadas obras, est\u00e1 claro que s\u00ed, pero el ahorro econ\u00f3mico en la salud de la sufrida ciudadan\u00eda y en el bolsillo de los conductores atrapados en colas y atascos interminables se compensar\u00eda con creces. Imagino que me har\u00e1n poco o ning\u00fan caso, pero al menos queda dicho y escrito.<\/li>\n<\/ul>\n<p><img loading=\"lazy\" decoding=\"async\" class=\"size-large wp-image-6613 aligncenter\" src=\"https:\/\/canariasenpositivo.com\/wp-content\/uploads\/2023\/09\/6.-OBRA-DEPURADORA-1024x768.jpeg\" alt=\"\" width=\"660\" height=\"495\" \/><\/p>\n<p style=\"text-align: center\"><em>Las obras de la depuradora en el entorno de la piscina municipal y la avenida Manuel Hermoso es otro ejemplo en el que podr\u00eda trabajar m\u00e1s horas y m\u00e1s d\u00edas.<\/em><\/p>\n<p>&nbsp;<\/p>\n<p><span style=\"color: #0000ff\"><strong>LA PRIMERA EN LA FRENTE, EMPEZANDO SEPTIEMBRE<\/strong><\/span><\/p>\n<ul>\n<li>M\u00e1s de una persona me tachar\u00e1 de incordio y de cosas peores, pero les pongo otro bot\u00f3n de muestras para que ustedes analicen y me digan si tengo o no raz\u00f3n. El pasado mes de junio terminaron las clases en la Universidad de La Laguna (m\u00e1s concretamente en las facultades de Biol\u00f3gicas, Matem\u00e1ticas y F\u00edsica) as\u00ed como de importantes colegios como el Nuryana y Mayko School of English, centros todos ubicados en el entorno de la avenida Astrof\u00edsico <strong>Francisco S\u00e1nchez<\/strong>. Pues bien: poco o nada se hizo durante los meses de julio y agosto y, cuando casi van a comenzar de nuevo las clases, se bloquea uno de los carriles de dicha avenida para las obras de la pu\u00f1etera pasarela peatonal a\u00e9rea. Veremos lo que pasa en la rotonda del Padre Anchieta los pr\u00f3ximos tres meses. La ya hoy presidenta del Cabildo tinerfe\u00f1o, <strong>Rosa D\u00e1vila<\/strong>, afirm\u00f3 en la campa\u00f1a electoral que, en los primeros 90 d\u00edas de su mandato, iba a dar un giro a la movilidad en las carreteras de nuestra isla. No s\u00e9 si alguien quiere ponerle zancadillas en su comienzo de mandato, pero palabrita que lo parece.<\/li>\n<\/ul>\n<p><img loading=\"lazy\" decoding=\"async\" class=\"size-large wp-image-6614 aligncenter\" src=\"https:\/\/canariasenpositivo.com\/wp-content\/uploads\/2023\/09\/7.-AVENIDA-ASTROFISICO-1024x768.jpeg\" alt=\"\" width=\"660\" height=\"495\" \/><\/p>\n<p style=\"text-align: center\"><em>Cortado el acceso a la Avenida Astrof\u00edsico Francisco S\u00e1nchez los \u00faltimos d\u00edas del mes de agosto, en vez de haberlo hecho a finales de julio, y la obra en agosto.<\/em><\/p>\n<p><em>\u00a0<\/em><\/p>\n<p><span style=\"color: #0000ff\"><strong>LOS COLETAZOS DE UN INCENDIO QUE A\u00daN SIGUE VIVO<\/strong><\/span><\/p>\n<ul>\n<li>Imagino que estar\u00e1n ustedes conmigo en que nunca se podr\u00e1 agradecer suficientemente y reconocer p\u00fablicamente a todas las entidades, empresas y personas que, tanto personal como profesionalmente, han colaborado en las tareas de lucha contra el pavoroso incendio que, por cierto, todav\u00eda hoy sigue por los montes de Tenerife sin extinguirse del todo. Dicho esto, comienzo <strong>El Cotarro <\/strong>de hoy haci\u00e9ndome eco de un agradecimiento rec\u00edproco que, curiosamente en este caso, ha llegado desde los profesionales que se jugaban la vida desde el aire echando agua desde los aviones del 43 Grupo del Ej\u00e9rcito del Aire, popularmente \u00abLos Corsarios\u00bb, y dirigido a nuestro pueblo. Una vez que terminaron su misi\u00f3n y pudieron gritar su lema: \u00ab\u00a1Apaga y v\u00e1monos!, se sacaron una foto de familia y la enviaron acompa\u00f1ada con el siguiente mensaje.<\/li>\n<\/ul>\n<p><img loading=\"lazy\" decoding=\"async\" class=\"size-full wp-image-6615 aligncenter\" src=\"https:\/\/canariasenpositivo.com\/wp-content\/uploads\/2023\/09\/8.-GRACIAS-DEL-43-GRUPO.jpg\" alt=\"\" width=\"825\" height=\"1024\" \/><\/p>\n<p style=\"text-align: center\"><em>Una primera foto de agradecimiento por parte de \u00abLos Corsarios\u00bb del 43 Grupo<\/em><\/p>\n<p>&nbsp;<\/p>\n<p><span style=\"color: #0000ff\"><strong>EL CARI\u00d1OSO AGRADECIMIENTO DE \u00abLOS CORSARIOS\u00bb<\/strong><\/span><\/p>\n<ul>\n<li>El sentido y cari\u00f1oso mensaje que han publicado en sus redes sociales dice textualmente lo siguiente: <em>\u00abTras 10 d\u00edas de lucha contra el fuego, en los que nuestros 56 corsarios han trabajado realizando 900 descargas (m\u00e1s de 5 millones de litros de agua) y m\u00e1s de 330 horas de vuelo, podemos gritar junto a todos ustedes nuestro lema: \u00a1APAGA Y&#8230; V\u00c1MONOS!&#8230; Misi\u00f3n cumplida gracias al esfuerzo de todos nuestros corsarios: tripulaciones, mec\u00e1nicos, personal de tierra, mantenimiento&#8230; y al apoyo y cari\u00f1o de todos ustedes, que nos lo han hecho sentir desde el primer d\u00eda en todas y cada una de esas 900 cargas en el puerto de Santa Cruz de Tenerife&#8230; Nuestro gran reconocimiento al resto de medios, terrestres y a\u00e9reos, con los que hemos compartido estos 10 d\u00edas de incansable batalla contra el fuego. \u00a1Ha sido un placer luchar juntos! Agradecemos tambi\u00e9n el esfuerzo y apoyo del Ala 46 por facilitarnos todo lo necesario para poder operar desde la base a\u00e9rea de Gando \u00a1Tenerife, eternamente agradecidos con ustedes!\u00bb<\/em> Y lo han publicado con una foto de familia acompa\u00f1ada de un emotivo cartel (creo que hecho artesanalmente por ellos mismos) en el que se puede leer <em>\u00abNuestros corazones arden de gratitud\u00bb<\/em><\/li>\n<\/ul>\n<p><img loading=\"lazy\" decoding=\"async\" class=\"size-full wp-image-6616 aligncenter\" src=\"https:\/\/canariasenpositivo.com\/wp-content\/uploads\/2023\/09\/9.-GRUPO-LOS-CORSARIOS.jpg\" alt=\"\" width=\"1024\" height=\"669\" \/><\/p>\n<p style=\"text-align: center\"><em>Foto de familia de \u00abLos Corsarios\u00bb del 43 Grupo, de nuestro Ej\u00e9rcito del Aire. En el centro emotivo su mensaje: \u00abNuestros corazones arden de gratitud\u00bb<\/em><\/p>\n<p>&nbsp;<\/p>\n<p><span style=\"color: #0000ff\"><strong>VISITA Y GESTO DE LA MINISTRA MARGARITA ROBLES<\/strong><\/span><\/p>\n<ul>\n<li>Cuando lo mayor estaba hecho, cuando \u201cLos Corsarios\u201d dijeron \u201cmisi\u00f3n cumplida\u201d y gritaron \u201capaga y v\u00e1monos\u201d, cuando tambi\u00e9n poco a poco lo estaba haciendo la Unidad Militar de Emergencias (UME) y otras unidades de nuestro Ej\u00e9rcito de Tierra, la ministra de Defensa, <strong>Margarita Robles<\/strong>, vino a visitar a todos, recorrer gran parte de la zona quemada, saludar casi personalmente a cada uno y agradecer sinceramente a todos la profesional labor realizada. La acompa\u00f1\u00f3 el general de ej\u00e9rcito <strong>Amador Ense\u00f1an y Berea<\/strong>, Jefe del Estado Mayor del Ej\u00e9rcito (JEME) y el general de divisi\u00f3n del Ej\u00e9rcito de Tierra, <strong>Francisco Javier Marcos<\/strong> <strong>Izquierdo<\/strong>, desde hace muy poco nuevo jefe de la UME. Aqu\u00ed fueron recibidos por nuestro Capit\u00e1n General, el teniente general <strong>Julio Salom Herrera<\/strong>, jefe del Mando de Canarias. El gesto de <strong>Margarita Robles<\/strong> viniendo a Tenerife (como hace unas semanas lo hizo tambi\u00e9n a La Palma) y su actitud sencilla, cercana y dialogante refuerzan el hecho de que est\u00e9 considerada la ministra mas valorada y respetada del Gobierno de Espa\u00f1a. El saludo y personal agradecimiento de <strong>Margarita Robles<\/strong> al general <strong>Julio Salom<\/strong> fue un reconocimiento para todas las unidades de Canarias.<\/li>\n<\/ul>\n<p><img loading=\"lazy\" decoding=\"async\" class=\"size-large wp-image-6617 aligncenter\" src=\"https:\/\/canariasenpositivo.com\/wp-content\/uploads\/2023\/09\/10.-MARGARITA-ROBLES-1024x683.jpg\" alt=\"\" width=\"660\" height=\"440\" \/><\/p>\n<p style=\"text-align: center\"><em>Margarita Robles (en el centro) hablando con algunos de los militares de la UME. Detr\u00e1s de ella, de izquierda a derecha: Julio Salom, Francisco Javier Marcos y Amador Ense\u00f1at.<\/em><\/p>\n<p>&nbsp;<\/p>\n<p><span style=\"color: #0000ff\"><strong>LA COCINA DE TENERIFE TAMBI\u00c9N CONTRA EL FUEGO<\/strong><\/span><\/p>\n<ul>\n<li>Hay que reconocer, por otro lado, la labor de la Asociaci\u00f3n de Cocineros y Reposteros de Canarias (ACYRE Canarias), con el chef <strong>Pablo Pastor<\/strong> como presidente y el chef <strong>Juan Carlos Clemente<\/strong>, juntos al frente de su Directiva. Han elaborado miles de raciones de comida que han elaborado junto con un nutrido grupo de cocineros voluntarios. Un operativo que qued\u00f3 muy bien reflejado en el reportaje del compa\u00f1ero y amigo, <strong>Sergio Lojendio<\/strong>, public\u00f3 el pasado 24 de agosto en el peri\u00f3dico El D\u00eda bajo el t\u00edtulo: <em>\u00abFogones contra el fuego\u00bb<\/em>. Gracias, entre otros al gran trabajo de <strong>Pablo Pastor<\/strong>, junto con <strong>Juan Carlos Clemente<\/strong> y todos sus cocineros voluntarios much\u00edsima gente, incluidas muchas personas evacuadas y damnificadas por la emergencia, pudieron (y nunca mejor dicho) comer caliente. De igual modo, muchos restaurantes como, por ejemplo, El Templete, en El M\u00e9dano (Granadilla) con <strong>Jos\u00e9 Barrera<\/strong> como propietario y jefe de sala, junto con el chef <strong>Javier Darias<\/strong> como jefe de cocina, decidieron no quedarse quietos y, en sus horas y d\u00edas libres, tambi\u00e9n elaboraron comidas&#8230; Solo en El Templete se elaboraron m\u00e1s de 1.000 bocadillos, m\u00e1s de 400 raciones de carne en salsa, otras tantas de macarrones y mucho m\u00e1s! A todos ellos \u00a1felicidades y gracias!<\/li>\n<\/ul>\n<p><img loading=\"lazy\" decoding=\"async\" class=\"size-full wp-image-6618 aligncenter\" src=\"https:\/\/canariasenpositivo.com\/wp-content\/uploads\/2023\/09\/11.-PABLO-PASTOR.jpg\" alt=\"\" width=\"921\" height=\"548\" \/><\/p>\n<p style=\"text-align: center\"><em>Pablo Pastor (d) y su equipo, preparando comidas para el incendio (Foto EL D\u00cdA)<\/em><\/p>\n<p>&nbsp;<\/p>\n<p><span style=\"color: #0000ff\"><strong>ELLAS PASAN&#8230; Y NOSOTROS NOS QUEDAMOS<\/strong><\/span><\/p>\n<ul>\n<li>Vuelvo a cambiar de tercio deteni\u00e9ndome en una de las personas m\u00e1s inteligentes y educadas que he conocido en mi vida es el gran <strong>Jos\u00e9 Arturo Navarro Ria\u00f1o<\/strong>. Ya jubilado y a punto de cumplir 86 a\u00f1os este mismo mes, <strong>Jos\u00e9 Arturo <\/strong>sigue como una puncha. Se licenci\u00f3 en Qu\u00edmicas por la Universidad de La Laguna y luego imparti\u00f3 clases en el colegio La Salle-San Ildefonso. Pero lo suyo era el Protocolo (con may\u00fascula) y se diplom\u00f3 en Her\u00e1ldica, Nobiliario y Genealog\u00eda por el Instituto Salazar y Castro, dependiente del Consejo Superior de Investigaciones Cient\u00edficas (CSIC). <strong>Jos\u00e9 Arturo Navarro<\/strong>, que es comendador de la Orden del Santo Sepulcro de Jerusal\u00e9n (cuyo prior en Espa\u00f1a fue el cardenal <strong>Carlos Amigo Vallejo<\/strong>) tambi\u00e9n es miembro de honor del Cuerpo Consular acreditado en Santa Cruz de Tenerife y fue jefe de protocolo del Ayuntamiento santacrucero, del Parlamento de Canarias y del Gobierno canario. Maestro de jefes de protocolo donde los haya, <strong>Jos\u00e9 Arturo Navarro<\/strong>, refiri\u00e9ndose a los presidentes, alcaldes, concejales y otras personalidades con las que hab\u00eda tenido que \u00ablidiar\u00bb profesionalmente desde el protocolo, siempre dec\u00eda a sus colaboradores y alumnos que&#8230; <em>\u00abellos pasan y nosotros nos quedamos\u00bb <\/em><\/li>\n<\/ul>\n<p><img loading=\"lazy\" decoding=\"async\" class=\"size-full wp-image-6619 aligncenter\" src=\"https:\/\/canariasenpositivo.com\/wp-content\/uploads\/2023\/09\/12.-JOSE-ARTURO-NAVARRO.jpg\" alt=\"\" width=\"450\" height=\"337\" \/><\/p>\n<p style=\"text-align: center\"><em>Jos\u00e9 Arturo Navarro Ria\u00f1o. De \u00e9l es la frase \u201cellos pasan y nosotros nos quedamos\u201d<\/em><\/p>\n<p>&nbsp;<\/p>\n<p><span style=\"color: #0000ff\"><strong>ELLAS PASAN&#8230; Y HAY RELEVO DE CARGOS EN EL HUC<\/strong><\/span><\/p>\n<ul>\n<li>Estoy a punto de cumplir 45 a\u00f1os de vida profesional en el periodismo y durante esos a\u00f1os han pasado por mi (si se puede decir as\u00ed) 4 obispos (de <strong>Luis Franco Casc\u00f3n<\/strong> a <strong>Bernardo \u00c1lvarez<\/strong>), 6 alcaldes chicharreros (de F\u00e9lix <strong>\u00c1lvaro Acu\u00f1a<\/strong> a <strong>Jos\u00e9 Manuel Berm\u00fadez<\/strong>) 7 alcaldes de La Laguna (de <strong>Pedro Gonz\u00e1lez<\/strong> a <strong>Luis Yeray Guti\u00e9rrez<\/strong>), 7 presidentes del cabildo tinerfe\u00f1o (de <strong>Jos\u00e9 Miguel Galv\u00e1n<\/strong> a <strong>Rosa D\u00e1vila<\/strong>) 14 presidentes del Gobierno de Canarias (de <strong>Alfonso Soriano<\/strong>, en la Junta Preauton\u00f3mica, a <strong>Fernando Clavijo<\/strong>) nada menos que 21 capitanes generales (de <strong>Jes\u00fas Gonz\u00e1lez del Yerro<\/strong> al actual, <strong>Julio Salom Herrera<\/strong>) y por terminar, muchos (no s\u00e9 cu\u00e1ntos) gerentes del Hospital Universitario de Canarias (desde <strong>Felipe Gonz\u00e1lez<\/strong> hasta <strong>Mercedes Cueto<\/strong>) Como siempre recuerda <strong>Jos\u00e9 Arturo Navarro<\/strong>, \u00abellos pasan y nosotros nos quedamos\u00bb. En este \u00faltimo caso, ella, la gerente <strong>Mercedes Cueto Serrano<\/strong>, ya ha pasado. Ahora ya es nuevo gerente <strong>Adasat Goya Gonz\u00e1lez<\/strong>, a quien hay que darle la venia de los 100 d\u00edas y desearle suerte, valor y al toro. Tiene en sus manos un reto dif\u00edcil, complicado, complejo, pero me consta que muy buenos profesionales. \u00a1Ojal\u00e1 logre un cambio a mejor!<\/li>\n<\/ul>\n<p><img loading=\"lazy\" decoding=\"async\" class=\"size-full wp-image-6620 aligncenter\" src=\"https:\/\/canariasenpositivo.com\/wp-content\/uploads\/2023\/09\/13.-ADASAT-GOYA.jpg\" alt=\"\" width=\"299\" height=\"215\" \/><\/p>\n<p style=\"text-align: center\"><em>Adasat Goya Gonz\u00e1lez, en una foto siendo concejal del ayuntamiento de El Sauzal.<\/em><\/p>\n<p>&nbsp;<\/p>\n<p><span style=\"color: #0000ff\"><strong>EL TOBOG\u00c1N ACU\u00c1TICO M\u00c1S GRANDE DEL MUNDO<\/strong><\/span><\/p>\n<ul>\n<li>Remato <strong><em>El Cotarro<\/em><\/strong> de hoy haci\u00e9ndome eco de que un \u201crayo\u201d ha llegado a Siam Park. El Reino del Agua ha presentado oficialmente <em>Saifa<\/em>, su nuevo tobog\u00e1n acu\u00e1tico o, mejor dicho, la monta\u00f1a rusa acu\u00e1tica m\u00e1s grande del mundo. Saifa, rayo en tailand\u00e9s, es una atracci\u00f3n el\u00e9ctrica, donde a lo largo de 307 metros de constante frenes\u00ed, los visitantes se baten en una aut\u00e9ntica carrera acu\u00e1tica. En la tarde del pasado viernes, el presidente del Grupo Loro Parque, <strong>Wolfgang Kiessling<\/strong> y su hijo <strong>Christoph Kiessling<\/strong>, vicepresidente de la compa\u00f1\u00eda y \u201calma mater\u201d de Siam Park recibieron a numerosas personalidades de diversos \u00e1mbitos que tuvieron la oportunidad de experimentar las sensaciones \u00fanicas que ofrece la monta\u00f1a rusa acu\u00e1tica definitiva (Watercoaster). <em>Saifa<\/em> ofrece una experiencia incomparable y sobrecogedora. Como tobog\u00e1n doble, permite un emocionante duelo en el que los deslizadores compiten entre s\u00ed en una emocionante persecuci\u00f3n cuesta abajo. Pero eso no es todo: los <em>saucers<\/em>, r\u00e1pidas curvas abiertas en picado, a\u00f1aden una dimensi\u00f3n extra a la aventura.<\/li>\n<\/ul>\n<p><img loading=\"lazy\" decoding=\"async\" class=\"size-full wp-image-6621 aligncenter\" src=\"https:\/\/canariasenpositivo.com\/wp-content\/uploads\/2023\/09\/14.-INAUGURACION-SIAF.jpg\" alt=\"\" width=\"824\" height=\"865\" \/><\/p>\n<p style=\"text-align: center\"><em>Delante de \u201ctorre de lanzamiento\u201d de Siaf, de Izda. a Dcha.: Christoph Kiessling (vicepresidente de Loro Parque) Patricia Paulsen (concejala <\/em><em>de Destino Tur\u00edstico y Sostenibilidad de Adeje) Wolfgang Kiessling (presidente) y su esposa Brigitte (FOTO: Mois\u00e9s P\u00e9rez)<\/em><\/p>\n<p>&nbsp;<\/p>\n<p><span style=\"color: #0000ff\"><strong>\u201cSIAF\u201d \u2026 UNA AUT\u00c9NTICA MONTA\u00d1A RUSA ACU\u00c1TICA<\/strong><\/span><\/p>\n<ul>\n<li>Durante el recorrido, los participantes pueden observar a sus oponentes en el carril adyacente, lo que no s\u00f3lo aumenta el atractivo visual, sino que tambi\u00e9n refuerza la naturaleza competitiva del duelo. Otro momento destacado es la secci\u00f3n \u00abcara a cara\u00bb, en la que los deslizadores corren hacia sus competidores pr\u00e1cticamente de frente, \u00a1un aut\u00e9ntico duelo al m\u00e1s alto nivel! Pero eso no es todo: el dise\u00f1o topogr\u00e1fico de la pista es innovador y \u00fanico. <em>Saifa <\/em>no s\u00f3lo conduce espectacularmente por las pendientes, las cuales son superadas sin esfuerzo con la ayuda de potentes propulsores (<em>boosters<\/em>). Estos <em>boosters<\/em> a\u00f1aden velocidad a la atracci\u00f3n y catapultan los deslizadores hacia arriba. \u00bfEl resultado? Una atracci\u00f3n que no s\u00f3lo es m\u00e1s larga de lo esperado, sino que tambi\u00e9n sorprende a los visitantes. Vista desde abajo, la atracci\u00f3n no es visible en su totalidad, y el verdadero recorrido s\u00f3lo queda claro cuando los visitantes afrontan los pronunciados descensos y las sinuosas secciones a una velocidad vertiginosa. El gran final de la atracci\u00f3n hace que los corazones se aceleren cuando los participantes salen disparados hacia el horizonte a toda velocidad para un final fascinante antes de precipitarse finalmente sobre la piscina. Hay que ir a Siam Park y disfrutar de <em>Saifa<\/em>.<\/li>\n<\/ul>\n<p><img loading=\"lazy\" decoding=\"async\" class=\"size-full wp-image-6622 aligncenter\" src=\"https:\/\/canariasenpositivo.com\/wp-content\/uploads\/2023\/09\/15.-SIAF-EN-SIAM-PARK.jpg\" alt=\"\" width=\"749\" height=\"848\" \/><\/p>\n<p style=\"text-align: center\"><em>Espectacular vista de Siaf el mayor tobog\u00e1n acu\u00e1tico del mundo en Siam Park (FOTO: Mois\u00e9s P\u00e9rez)<\/em><\/p>\n<p>&nbsp;<\/p>\n<p><span style=\"color: #0000ff\"><strong>LA FAMILIA KIESSLING Y SIAM PARK, A LA VANGUARDIA<\/strong><\/span><\/p>\n<ul>\n<li>El incombustible <strong>Wolfgang Kiessling<\/strong> (que son sus casi 86 a\u00f1os ya prob\u00f3 la experiencia de lanzarse personalmente por las pendientes y curvas de <em>Siaf<\/em>) se congratul\u00f3 de que una empresa peque\u00f1a y familiar como la Compa\u00f1\u00eda Loro Parque, en Tenerife, haya competido con grandes empresas del sector como Universal y Disney, o grandes familias y empresas en Arabia Saud\u00ed o China y haya ganado el pulso, situ\u00e1ndose, por noveno a\u00f1o consecutivo como \u201cel mejor parque acu\u00e1tico del mundo\u201d. La compa\u00f1\u00eda, dise\u00f1adora de la atracci\u00f3n <em>Saifa<\/em> y l\u00edder en su sector, ha sido capaz de aprovechar plenamente la orograf\u00eda del parque, capitalizando el paisaje rocoso que presenta la isla de Tenerife para conseguir pendientes muy pronunciadas en el recorrido, que llevan la adrenalina y el v\u00e9rtigo a su m\u00e1xima expresi\u00f3n. Precisamente, manifest\u00f3 <strong>Christoph Kiessling<\/strong> que <em>\u201ccon <\/em><em>Saifa<\/em><em> seguimos afianzando nuestra apuesta por la innovaci\u00f3n y la calidad, creando una atracci\u00f3n que ofrecer\u00e1 una experiencia inigualable a nuestros visitantes, y que fortalecer\u00e1 nuestra posici\u00f3n como el mejor parque tem\u00e1tico del mundo\u201d<\/em>,<\/li>\n<\/ul>\n<p><img loading=\"lazy\" decoding=\"async\" class=\"size-large wp-image-6623 aligncenter\" src=\"https:\/\/canariasenpositivo.com\/wp-content\/uploads\/2023\/09\/16.-CHRISTOPH-1024x683.jpg\" alt=\"\" width=\"660\" height=\"440\" \/><\/p>\n<p style=\"text-align: center\"><em>Christoph Kiessling explicando el recorrido de Siaf en sus 32 metros de desnivel, el m\u00e1s grande del mundo y \u00fanico en su nivel (FOTO: Mois\u00e9s P\u00e9rez)<\/em><\/p>\n<p>&nbsp;<\/p>\n<p><span style=\"color: #0000ff\"><strong>* Jos\u00e9 Carlos MARRERO GONZ\u00c1LEZ<\/strong><\/span><\/p>\n<p>Periodista y analista de la actualidad.<\/p>\n<p>Director de <strong><em>El Cotarro<\/em><\/strong> (www.elcotarro.com)<\/p>\n<p>Director de <strong><em>Canarias en Positivo<\/em><\/strong> (www.canariasenpositivo.com)<\/p>\n<p>Director de <strong><em>GastroCanarias<\/em><\/strong> (www.gastrocanarias.com)<\/p>\n<p>&nbsp;<\/p>\n<p>Islas Canarias, 3 de septiembre de 2023<\/p>\n<p><img loading=\"lazy\" decoding=\"async\" class=\"size-full wp-image-6469 aligncenter\" src=\"https:\/\/canariasenpositivo.com\/wp-content\/uploads\/2023\/07\/A-CARECA-INSULA-3.jpg\" alt=\"\" width=\"750\" height=\"153\" \/><\/p>\n<p>&nbsp;<\/p>\n","protected":false},"excerpt":{"rendered":"<p>N\u00ba469 DEL 3 DE SEPTIEMBRE DE 2023 &nbsp; \u00a0 Por Jos\u00e9 Carlos Marrero * &nbsp; &nbsp; ADI\u00d3S A ENRIQUE ARRIAGA, HOLA A D\u00c1MASO ARTEAGA Comienzo hoy El Cotarro entendiendo que, a pesar de la tristeza por el incendio y sus coletazos a medio y largo plazo, la vida ha continuado y continuar\u00e1. No s\u00e9 si &#8230; <a class=\"read-more\" href=\"https:\/\/elcotarro.com\/?p=10634\">Read more<\/a><\/p>\n","protected":false},"author":2,"featured_media":0,"comment_status":"open","ping_status":"open","sticky":false,"template":"","format":"standard","meta":{"_jetpack_memberships_contains_paid_content":false,"footnotes":""},"categories":[4],"tags":[],"class_list":["post-10634","post","type-post","status-publish","format-standard","hentry","category-el-cotarro"],"yoast_head":"<!-- This site is optimized with the Yoast SEO plugin v27.0 - https:\/\/yoast.com\/product\/yoast-seo-wordpress\/ -->\n<title>EL COTARRO \/ 469, DEL DOMINGO, 03\/09\/2023 - El Cotarro<\/title>\n<meta name=\"robots\" content=\"index, follow, max-snippet:-1, max-image-preview:large, max-video-preview:-1\" \/>\n<link rel=\"canonical\" href=\"https:\/\/elcotarro.com\/?p=10634\" \/>\n<meta property=\"og:locale\" content=\"es_ES\" \/>\n<meta property=\"og:type\" content=\"article\" \/>\n<meta property=\"og:title\" content=\"EL COTARRO \/ 469, DEL DOMINGO, 03\/09\/2023 - El Cotarro\" \/>\n<meta property=\"og:description\" content=\"N\u00ba469 DEL 3 DE SEPTIEMBRE DE 2023 &nbsp; \u00a0 Por Jos\u00e9 Carlos Marrero * &nbsp; &nbsp; ADI\u00d3S A ENRIQUE ARRIAGA, HOLA A D\u00c1MASO ARTEAGA Comienzo hoy El Cotarro entendiendo que, a pesar de la tristeza por el incendio y sus coletazos a medio y largo plazo, la vida ha continuado y continuar\u00e1. No s\u00e9 si ... Read more\" \/>\n<meta property=\"og:url\" content=\"https:\/\/elcotarro.com\/?p=10634\" \/>\n<meta property=\"og:site_name\" content=\"El Cotarro\" \/>\n<meta property=\"article:publisher\" content=\"https:\/\/www.facebook.com\/ElCotarro.Tenerife\" \/>\n<meta property=\"article:published_time\" content=\"2023-09-02T23:20:57+00:00\" \/>\n<meta property=\"article:modified_time\" content=\"2023-09-03T09:57:59+00:00\" \/>\n<meta property=\"og:image\" content=\"https:\/\/canariasenpositivo.com\/wp-content\/uploads\/2023\/08\/EL-COTARRO-CABECERA-1024x122.jpg\" \/>\n<meta name=\"author\" content=\"Jos\u00e9 Carlos Marrero Gonz\u00e1lez\" \/>\n<meta name=\"twitter:label1\" content=\"Escrito por\" \/>\n\t<meta name=\"twitter:data1\" content=\"Jos\u00e9 Carlos Marrero Gonz\u00e1lez\" \/>\n\t<meta name=\"twitter:label2\" content=\"Tiempo de lectura\" \/>\n\t<meta name=\"twitter:data2\" content=\"20 minutos\" \/>\n<script type=\"application\/ld+json\" class=\"yoast-schema-graph\">{\"@context\":\"https:\/\/schema.org\",\"@graph\":[{\"@type\":\"Article\",\"@id\":\"https:\/\/elcotarro.com\/?p=10634#article\",\"isPartOf\":{\"@id\":\"https:\/\/elcotarro.com\/?p=10634\"},\"author\":{\"name\":\"Jos\u00e9 Carlos Marrero Gonz\u00e1lez\",\"@id\":\"https:\/\/elcotarro.com\/#\/schema\/person\/af537ee7d60d15984c7e0affcd8a918b\"},\"headline\":\"EL COTARRO \/ 469, DEL DOMINGO, 03\/09\/2023\",\"datePublished\":\"2023-09-02T23:20:57+00:00\",\"dateModified\":\"2023-09-03T09:57:59+00:00\",\"mainEntityOfPage\":{\"@id\":\"https:\/\/elcotarro.com\/?p=10634\"},\"wordCount\":3780,\"commentCount\":0,\"publisher\":{\"@id\":\"https:\/\/elcotarro.com\/#organization\"},\"image\":{\"@id\":\"https:\/\/elcotarro.com\/?p=10634#primaryimage\"},\"thumbnailUrl\":\"https:\/\/canariasenpositivo.com\/wp-content\/uploads\/2023\/08\/EL-COTARRO-CABECERA-1024x122.jpg\",\"articleSection\":[\"El Cotarro\"],\"inLanguage\":\"es\",\"potentialAction\":[{\"@type\":\"CommentAction\",\"name\":\"Comment\",\"target\":[\"https:\/\/elcotarro.com\/?p=10634#respond\"]}]},{\"@type\":\"WebPage\",\"@id\":\"https:\/\/elcotarro.com\/?p=10634\",\"url\":\"https:\/\/elcotarro.com\/?p=10634\",\"name\":\"EL COTARRO \/ 469, DEL DOMINGO, 03\/09\/2023 - El Cotarro\",\"isPartOf\":{\"@id\":\"https:\/\/elcotarro.com\/#website\"},\"primaryImageOfPage\":{\"@id\":\"https:\/\/elcotarro.com\/?p=10634#primaryimage\"},\"image\":{\"@id\":\"https:\/\/elcotarro.com\/?p=10634#primaryimage\"},\"thumbnailUrl\":\"https:\/\/canariasenpositivo.com\/wp-content\/uploads\/2023\/08\/EL-COTARRO-CABECERA-1024x122.jpg\",\"datePublished\":\"2023-09-02T23:20:57+00:00\",\"dateModified\":\"2023-09-03T09:57:59+00:00\",\"breadcrumb\":{\"@id\":\"https:\/\/elcotarro.com\/?p=10634#breadcrumb\"},\"inLanguage\":\"es\",\"potentialAction\":[{\"@type\":\"ReadAction\",\"target\":[\"https:\/\/elcotarro.com\/?p=10634\"]}]},{\"@type\":\"ImageObject\",\"inLanguage\":\"es\",\"@id\":\"https:\/\/elcotarro.com\/?p=10634#primaryimage\",\"url\":\"https:\/\/canariasenpositivo.com\/wp-content\/uploads\/2023\/08\/EL-COTARRO-CABECERA-1024x122.jpg\",\"contentUrl\":\"https:\/\/canariasenpositivo.com\/wp-content\/uploads\/2023\/08\/EL-COTARRO-CABECERA-1024x122.jpg\"},{\"@type\":\"BreadcrumbList\",\"@id\":\"https:\/\/elcotarro.com\/?p=10634#breadcrumb\",\"itemListElement\":[{\"@type\":\"ListItem\",\"position\":1,\"name\":\"Portada\",\"item\":\"https:\/\/elcotarro.com\/\"},{\"@type\":\"ListItem\",\"position\":2,\"name\":\"EL COTARRO \/ 469, DEL DOMINGO, 03\/09\/2023\"}]},{\"@type\":\"WebSite\",\"@id\":\"https:\/\/elcotarro.com\/#website\",\"url\":\"https:\/\/elcotarro.com\/\",\"name\":\"El Cotarro\",\"description\":\"Peri\u00f3dico Digital Independiente dirigido por Jos\u00e9 Carlos Marrero\",\"publisher\":{\"@id\":\"https:\/\/elcotarro.com\/#organization\"},\"potentialAction\":[{\"@type\":\"SearchAction\",\"target\":{\"@type\":\"EntryPoint\",\"urlTemplate\":\"https:\/\/elcotarro.com\/?s={search_term_string}\"},\"query-input\":{\"@type\":\"PropertyValueSpecification\",\"valueRequired\":true,\"valueName\":\"search_term_string\"}}],\"inLanguage\":\"es\"},{\"@type\":\"Organization\",\"@id\":\"https:\/\/elcotarro.com\/#organization\",\"name\":\"El Cotarro\",\"url\":\"https:\/\/elcotarro.com\/\",\"logo\":{\"@type\":\"ImageObject\",\"inLanguage\":\"es\",\"@id\":\"https:\/\/elcotarro.com\/#\/schema\/logo\/image\/\",\"url\":\"https:\/\/elcotarro.com\/wp-content\/uploads\/2014\/09\/Cabecera_El_Cotarro_v2.jpg\",\"contentUrl\":\"https:\/\/elcotarro.com\/wp-content\/uploads\/2014\/09\/Cabecera_El_Cotarro_v2.jpg\",\"width\":3540,\"height\":441,\"caption\":\"El Cotarro\"},\"image\":{\"@id\":\"https:\/\/elcotarro.com\/#\/schema\/logo\/image\/\"},\"sameAs\":[\"https:\/\/www.facebook.com\/ElCotarro.Tenerife\"]},{\"@type\":\"Person\",\"@id\":\"https:\/\/elcotarro.com\/#\/schema\/person\/af537ee7d60d15984c7e0affcd8a918b\",\"name\":\"Jos\u00e9 Carlos Marrero Gonz\u00e1lez\",\"image\":{\"@type\":\"ImageObject\",\"inLanguage\":\"es\",\"@id\":\"https:\/\/elcotarro.com\/#\/schema\/person\/image\/\",\"url\":\"https:\/\/secure.gravatar.com\/avatar\/def4da036efb5d32c74d49c351f6dccc064dd69ad9f3aadc295c5a9a5391ca01?s=96&d=mm&r=g\",\"contentUrl\":\"https:\/\/secure.gravatar.com\/avatar\/def4da036efb5d32c74d49c351f6dccc064dd69ad9f3aadc295c5a9a5391ca01?s=96&d=mm&r=g\",\"caption\":\"Jos\u00e9 Carlos Marrero Gonz\u00e1lez\"},\"sameAs\":[\"https:\/\/elcotarro.com\"],\"url\":\"https:\/\/elcotarro.com\/?author=2\"}]}<\/script>\n<!-- \/ Yoast SEO plugin. -->","yoast_head_json":{"title":"EL COTARRO \/ 469, DEL DOMINGO, 03\/09\/2023 - El Cotarro","robots":{"index":"index","follow":"follow","max-snippet":"max-snippet:-1","max-image-preview":"max-image-preview:large","max-video-preview":"max-video-preview:-1"},"canonical":"https:\/\/elcotarro.com\/?p=10634","og_locale":"es_ES","og_type":"article","og_title":"EL COTARRO \/ 469, DEL DOMINGO, 03\/09\/2023 - El Cotarro","og_description":"N\u00ba469 DEL 3 DE SEPTIEMBRE DE 2023 &nbsp; \u00a0 Por Jos\u00e9 Carlos Marrero * &nbsp; &nbsp; ADI\u00d3S A ENRIQUE ARRIAGA, HOLA A D\u00c1MASO ARTEAGA Comienzo hoy El Cotarro entendiendo que, a pesar de la tristeza por el incendio y sus coletazos a medio y largo plazo, la vida ha continuado y continuar\u00e1. No s\u00e9 si ... Read more","og_url":"https:\/\/elcotarro.com\/?p=10634","og_site_name":"El Cotarro","article_publisher":"https:\/\/www.facebook.com\/ElCotarro.Tenerife","article_published_time":"2023-09-02T23:20:57+00:00","article_modified_time":"2023-09-03T09:57:59+00:00","og_image":[{"url":"https:\/\/canariasenpositivo.com\/wp-content\/uploads\/2023\/08\/EL-COTARRO-CABECERA-1024x122.jpg","type":"","width":"","height":""}],"author":"Jos\u00e9 Carlos Marrero Gonz\u00e1lez","twitter_misc":{"Escrito por":"Jos\u00e9 Carlos Marrero Gonz\u00e1lez","Tiempo de lectura":"20 minutos"},"schema":{"@context":"https:\/\/schema.org","@graph":[{"@type":"Article","@id":"https:\/\/elcotarro.com\/?p=10634#article","isPartOf":{"@id":"https:\/\/elcotarro.com\/?p=10634"},"author":{"name":"Jos\u00e9 Carlos Marrero Gonz\u00e1lez","@id":"https:\/\/elcotarro.com\/#\/schema\/person\/af537ee7d60d15984c7e0affcd8a918b"},"headline":"EL COTARRO \/ 469, DEL DOMINGO, 03\/09\/2023","datePublished":"2023-09-02T23:20:57+00:00","dateModified":"2023-09-03T09:57:59+00:00","mainEntityOfPage":{"@id":"https:\/\/elcotarro.com\/?p=10634"},"wordCount":3780,"commentCount":0,"publisher":{"@id":"https:\/\/elcotarro.com\/#organization"},"image":{"@id":"https:\/\/elcotarro.com\/?p=10634#primaryimage"},"thumbnailUrl":"https:\/\/canariasenpositivo.com\/wp-content\/uploads\/2023\/08\/EL-COTARRO-CABECERA-1024x122.jpg","articleSection":["El Cotarro"],"inLanguage":"es","potentialAction":[{"@type":"CommentAction","name":"Comment","target":["https:\/\/elcotarro.com\/?p=10634#respond"]}]},{"@type":"WebPage","@id":"https:\/\/elcotarro.com\/?p=10634","url":"https:\/\/elcotarro.com\/?p=10634","name":"EL COTARRO \/ 469, DEL DOMINGO, 03\/09\/2023 - El Cotarro","isPartOf":{"@id":"https:\/\/elcotarro.com\/#website"},"primaryImageOfPage":{"@id":"https:\/\/elcotarro.com\/?p=10634#primaryimage"},"image":{"@id":"https:\/\/elcotarro.com\/?p=10634#primaryimage"},"thumbnailUrl":"https:\/\/canariasenpositivo.com\/wp-content\/uploads\/2023\/08\/EL-COTARRO-CABECERA-1024x122.jpg","datePublished":"2023-09-02T23:20:57+00:00","dateModified":"2023-09-03T09:57:59+00:00","breadcrumb":{"@id":"https:\/\/elcotarro.com\/?p=10634#breadcrumb"},"inLanguage":"es","potentialAction":[{"@type":"ReadAction","target":["https:\/\/elcotarro.com\/?p=10634"]}]},{"@type":"ImageObject","inLanguage":"es","@id":"https:\/\/elcotarro.com\/?p=10634#primaryimage","url":"https:\/\/canariasenpositivo.com\/wp-content\/uploads\/2023\/08\/EL-COTARRO-CABECERA-1024x122.jpg","contentUrl":"https:\/\/canariasenpositivo.com\/wp-content\/uploads\/2023\/08\/EL-COTARRO-CABECERA-1024x122.jpg"},{"@type":"BreadcrumbList","@id":"https:\/\/elcotarro.com\/?p=10634#breadcrumb","itemListElement":[{"@type":"ListItem","position":1,"name":"Portada","item":"https:\/\/elcotarro.com\/"},{"@type":"ListItem","position":2,"name":"EL COTARRO \/ 469, DEL DOMINGO, 03\/09\/2023"}]},{"@type":"WebSite","@id":"https:\/\/elcotarro.com\/#website","url":"https:\/\/elcotarro.com\/","name":"El Cotarro","description":"Peri\u00f3dico Digital Independiente dirigido por Jos\u00e9 Carlos Marrero","publisher":{"@id":"https:\/\/elcotarro.com\/#organization"},"potentialAction":[{"@type":"SearchAction","target":{"@type":"EntryPoint","urlTemplate":"https:\/\/elcotarro.com\/?s={search_term_string}"},"query-input":{"@type":"PropertyValueSpecification","valueRequired":true,"valueName":"search_term_string"}}],"inLanguage":"es"},{"@type":"Organization","@id":"https:\/\/elcotarro.com\/#organization","name":"El Cotarro","url":"https:\/\/elcotarro.com\/","logo":{"@type":"ImageObject","inLanguage":"es","@id":"https:\/\/elcotarro.com\/#\/schema\/logo\/image\/","url":"https:\/\/elcotarro.com\/wp-content\/uploads\/2014\/09\/Cabecera_El_Cotarro_v2.jpg","contentUrl":"https:\/\/elcotarro.com\/wp-content\/uploads\/2014\/09\/Cabecera_El_Cotarro_v2.jpg","width":3540,"height":441,"caption":"El Cotarro"},"image":{"@id":"https:\/\/elcotarro.com\/#\/schema\/logo\/image\/"},"sameAs":["https:\/\/www.facebook.com\/ElCotarro.Tenerife"]},{"@type":"Person","@id":"https:\/\/elcotarro.com\/#\/schema\/person\/af537ee7d60d15984c7e0affcd8a918b","name":"Jos\u00e9 Carlos Marrero Gonz\u00e1lez","image":{"@type":"ImageObject","inLanguage":"es","@id":"https:\/\/elcotarro.com\/#\/schema\/person\/image\/","url":"https:\/\/secure.gravatar.com\/avatar\/def4da036efb5d32c74d49c351f6dccc064dd69ad9f3aadc295c5a9a5391ca01?s=96&d=mm&r=g","contentUrl":"https:\/\/secure.gravatar.com\/avatar\/def4da036efb5d32c74d49c351f6dccc064dd69ad9f3aadc295c5a9a5391ca01?s=96&d=mm&r=g","caption":"Jos\u00e9 Carlos Marrero Gonz\u00e1lez"},"sameAs":["https:\/\/elcotarro.com"],"url":"https:\/\/elcotarro.com\/?author=2"}]}},"jetpack_featured_media_url":"","jetpack_sharing_enabled":true,"_links":{"self":[{"href":"https:\/\/elcotarro.com\/index.php?rest_route=\/wp\/v2\/posts\/10634","targetHints":{"allow":["GET"]}}],"collection":[{"href":"https:\/\/elcotarro.com\/index.php?rest_route=\/wp\/v2\/posts"}],"about":[{"href":"https:\/\/elcotarro.com\/index.php?rest_route=\/wp\/v2\/types\/post"}],"author":[{"embeddable":true,"href":"https:\/\/elcotarro.com\/index.php?rest_route=\/wp\/v2\/users\/2"}],"replies":[{"embeddable":true,"href":"https:\/\/elcotarro.com\/index.php?rest_route=%2Fwp%2Fv2%2Fcomments&post=10634"}],"version-history":[{"count":2,"href":"https:\/\/elcotarro.com\/index.php?rest_route=\/wp\/v2\/posts\/10634\/revisions"}],"predecessor-version":[{"id":10637,"href":"https:\/\/elcotarro.com\/index.php?rest_route=\/wp\/v2\/posts\/10634\/revisions\/10637"}],"wp:attachment":[{"href":"https:\/\/elcotarro.com\/index.php?rest_route=%2Fwp%2Fv2%2Fmedia&parent=10634"}],"wp:term":[{"taxonomy":"category","embeddable":true,"href":"https:\/\/elcotarro.com\/index.php?rest_route=%2Fwp%2Fv2%2Fcategories&post=10634"},{"taxonomy":"post_tag","embeddable":true,"href":"https:\/\/elcotarro.com\/index.php?rest_route=%2Fwp%2Fv2%2Ftags&post=10634"}],"curies":[{"name":"wp","href":"https:\/\/api.w.org\/{rel}","templated":true}]}}