{"id":10647,"date":"2023-09-24T08:53:26","date_gmt":"2023-09-24T07:53:26","guid":{"rendered":"https:\/\/elcotarro.com\/?p=10647"},"modified":"2023-09-24T14:22:50","modified_gmt":"2023-09-24T13:22:50","slug":"el-cotarro-472-del-domingo-24-09-2023","status":"publish","type":"post","link":"https:\/\/elcotarro.com\/?p=10647","title":{"rendered":"EL COTARRO \/ 472, DEL DOMINGO, 24\/09\/2023"},"content":{"rendered":"<p style=\"text-align: center\"><strong><img loading=\"lazy\" decoding=\"async\" class=\"alignnone size-large wp-image-6721 aligncenter\" src=\"https:\/\/canariasenpositivo.com\/wp-content\/uploads\/2023\/09\/EL-COTARRO-CABECERA-1024x122.jpg\" alt=\"\" width=\"660\" height=\"79\" \/><span style=\"color: #ff0000\">N\u00ba472 DEL 24 DE SEPTIEMBRE DE 2023<\/span><\/strong><\/p>\n<p>&nbsp;<\/p>\n<p><em>\u00a0<\/em><\/p>\n<p><span style=\"color: #0000ff\"><em>Por <strong>Jos\u00e9 Carlos Marrero *<\/strong><\/em><\/span><\/p>\n<p>&nbsp;<\/p>\n<p>&nbsp;<\/p>\n<p><span style=\"color: #0000ff\"><strong>INCERTIDUMBRE Y PREOCUPACI\u00d3N ANTE EL FUTURO<\/strong><\/span><\/p>\n<ul>\n<li>Comienzo <strong><em>El Cotarro<\/em><\/strong> de este domingo titulando el primer p\u00e1rrafo exactamente igual que la pasada semana. En ella, <strong>Felipe Gonz\u00e1lez<\/strong> y <strong>Alfonso Guerra<\/strong> han presentado el libro \u201cLas Rosas y las espinas\u201d, \u00faltima obra de Alfonso Guerra en conversaci\u00f3n con el cineasta <strong>Manuel Lamarca<\/strong>. Durante la presentaci\u00f3n en un Ateneo de Madrid a reventar, el veterano <strong>Alfonso Guerra<\/strong>, refiri\u00e9ndose a la pol\u00e9mica sobre la posible aprobaci\u00f3n de una amnist\u00eda por parte del Gobierno de <strong>Pedro S\u00e1nchez<\/strong>, afirm\u00f3: <em>\u201cEsta amnist\u00eda es la condena de la Transici\u00f3n, pido que no la hagan porque\u00a0es\u00a0muy\u00a0grave\u201d<\/em>. En nuestra tierra y al hilo del preocupante asunto, <strong>Eligio Hern\u00e1ndez<\/strong> ha vuelto a escribir uno de sus documentados y oportun\u00edsimos art\u00edculos de profundo calado que, bajo el t\u00edtulo <em>\u201cLa inconstitucionalidad de la amnist\u00eda\u201d<\/em> se ha publicado en la plataforma de pensamiento y debate <strong><em>Canarias en Positivo<\/em><\/strong> ( <a href=\"http:\/\/www.canariaeenpositivo.com\">canariaeenpositivo.com<\/a> ) y que pueden leer en el enlace: <a href=\"https:\/\/canariasenpositivo.com\/la-inconstitucionalidad-de-la-amnistia\/\">https:\/\/canariasenpositivo.com\/la-inconstitucionalidad-de-la-amnistia\/<\/a> Les animo a leer el oportun\u00edsimo art\u00edculo y, de forma especial, los comentarios que, sobre el mismo, est\u00e1n llegando y pueden leer en la misma plataforma. No tienen desperdicio.<\/li>\n<\/ul>\n<p><em> <img loading=\"lazy\" decoding=\"async\" class=\"size-large wp-image-6722 aligncenter\" src=\"https:\/\/canariasenpositivo.com\/wp-content\/uploads\/2023\/09\/1.-FELIPE-ALFONSO-Y-ELIGIO-1024x397.jpg\" alt=\"\" width=\"660\" height=\"256\" \/><\/em><\/p>\n<p style=\"text-align: center\"><em>Felipe Gonz\u00e1lez (i) con Alfonso Guerra (c), en la presentaci\u00f3n. Eligio Hern\u00e1ndez (d)<\/em><\/p>\n<p><strong>\u00a0<\/strong><\/p>\n<p><span style=\"color: #0000ff\"><strong>LAS FORMAS Y EL RESULTADO VAN A PASAR FACTURA<\/strong><\/span><\/p>\n<ul>\n<li>Leyendo y oyendo todo lo que se dice, creo y me temo que la forma en que se est\u00e1 desarrollando todo este sensible, preocupante y peligroso asunto de la amnist\u00eda (no les digo ya nada sobre asunto del tambi\u00e9n reclamado y exigido refer\u00e9ndum de autodeterminaci\u00f3n por parte de los catalanes) va a pasar factura a muchos, empezando por la propia Espa\u00f1a. Hasta tal punto llega la sensibilidad de la ciudadan\u00eda por estos temas y su repercusi\u00f3n en el futuro de nuestro pa\u00eds y de todos nosotros, que hace unos d\u00edas, en una animada tertulia y hablando del aniversario de la erupci\u00f3n del volc\u00e1n Tajogaite en La Palma, sus secuelas y promesas incumplidas y pendientes a d\u00eda de hoy, uno de los contertulios no dud\u00f3 en afirmar que <em>\u201cni las promesas incumplidas con el pueblo palmero, ni las posibles nuevas promesas para Canarias y el gobierno de <strong>Fernando Clavijo<\/strong>, justificar\u00edan el voto de Coalici\u00f3n Canaria a la potencial investidura de <strong>Pedro S\u00e1nchez<\/strong><\/em>, <em>si se utilizara la aceptaci\u00f3n de la amnist\u00eda como moneda de cambio\u201d<\/em>. Vamos, que ser\u00eda algo as\u00ed como pan (duro) para hoy y hambre (mucha hambre) para ma\u00f1ana. Cuatro a\u00f1os pasan muy pronto.<\/li>\n<\/ul>\n<p><em> <img loading=\"lazy\" decoding=\"async\" class=\"size-large wp-image-6723 aligncenter\" src=\"https:\/\/canariasenpositivo.com\/wp-content\/uploads\/2023\/09\/2.-IDIGORAS-Y-PACHI-1024x556.jpeg\" alt=\"\" width=\"660\" height=\"358\" \/><\/em><\/p>\n<p style=\"text-align: center\"><em>Tremenda e ilustrativa vi\u00f1eta de Id\u00edgoras y Pachi en el peri\u00f3dico El Mundo, recordando el segundo aniversario de la erupci\u00f3n del volc\u00e1n Tajogaite y las promesas incumplidas. Felicidades por ella.<\/em><\/p>\n<p><em>\u00a0<\/em><\/p>\n<p><span style=\"color: #0000ff\"><strong>UN GOBIERNO EN MINOR\u00cdA QUE BUSCA OX\u00cdGENO<\/strong><\/span><\/p>\n<ul>\n<li>En medio de todo esto, la vida ha seguido y en San Crist\u00f3bal de La Laguna hemos vivido su tradicional \u201cFiesta Mayor\u201d en honor del Stmo. Cristo lagunero. Siempre se ha comentado que, tras las vacaciones de verano, el verdadero \u201ccurso pol\u00edtico\u201d comienza tras la solemne procesi\u00f3n del Cristo el 14 de septiembre, donde pol\u00edticos de casi todas las ideolog\u00edas, partidos y pelajes acuden a la cita lagunera. Este a\u00f1o se ha vuelto a repetir la escena, teniendo al alcalde de La Laguna, <strong>Luis Yeray Guti\u00e9rrez P\u00e9rez<\/strong> como representante de <strong>M. El Rey<\/strong>. Un <strong>Luis Yeray Guti\u00e9rrez<\/strong> al que la experiencia en el cargo de alcalde va dando tranquilidad y solvencia, pero que gobierna con una minor\u00eda de concejales (solo 10 de 27) que est\u00e1n desbordados y reventados. Durante todas las fiestas no ha parado el rumor de que se est\u00e1 cociendo un posible gobierno de coalici\u00f3n (precisamente con Coalici\u00f3n Canaria) que le dar\u00eda una holgada mayor\u00eda de 18 concejales (10 del PSOE y los 8 de CC). Hay quien habla de otros posibles pactos puntuales, mientras que todos se citan para despu\u00e9s de la investidura de <strong>Pedro S\u00e1nchez<\/strong>, si al final la misma cuaja.<\/li>\n<\/ul>\n<p><em> <img loading=\"lazy\" decoding=\"async\" class=\"size-large wp-image-6724 aligncenter\" src=\"https:\/\/canariasenpositivo.com\/wp-content\/uploads\/2023\/09\/3.-LUIS-YERAY-1024x681.jpg\" alt=\"\" width=\"660\" height=\"439\" \/><\/em><\/p>\n<p style=\"text-align: center\"><em>El tiempo ha ense\u00f1ado a Luis Yeray y ya sabe lo que supone gobernar en minor\u00eda.<\/em><\/p>\n<p><em>\u00a0<\/em><\/p>\n<p><span style=\"color: #0000ff\"><strong>CONCEJALES HASTA CON SIETE \u00c1REAS DE TRABAJO<\/strong><\/span><\/p>\n<ul>\n<li>La cosa est\u00e1 tan complicada que varios concejales del grupo de Gobierno lagunero son responsables y tienen que ocuparse, ellos solos paralela y simult\u00e1neamente, de m\u00e1s de 5 \u00e1reas de responsabilidad y trabajo. <strong>Alfonso Cordob\u00e9s S\u00e1nchez<\/strong> es el responsable de Ordenaci\u00f3n del Territorio, Obras, Infraestructuras, Vivienda, Patrimonio Hist\u00f3rico y Gerencia de Urbanismo. <strong>Cristina Ledesma P\u00e9rez<\/strong> es concejala de Seguridad Ciudadana, planificaci\u00f3n, control y tramitaci\u00f3n, transporte, movilidad y Protecci\u00f3n Civil. Y la palma en n\u00famero se la lleva el joven <strong>Dailos Gonz\u00e1lez Ferrera<\/strong>, que se ocupa de siete \u00e1reas: Igualdad, Cultura, Fiestas, Educaci\u00f3n, Juventud, Transversalidad y LGBTI. Es mental, material y f\u00edsicamente imposible de atender todo y, mucho menos atenderlo como La Laguna y su ciudadan\u00eda merecen. Para el pacto con CC, parece que ya muchos dan por hecho y aceptado que <strong>Jonathan Dom\u00ednguez<\/strong> dejar\u00eda su acta de concejal. En fin, habr\u00e1 que esperar a que La Laguna valga m\u00e1s que los intereses personales o partidistas.<\/li>\n<\/ul>\n<p><em> <img loading=\"lazy\" decoding=\"async\" class=\"size-full wp-image-6725 aligncenter\" src=\"https:\/\/canariasenpositivo.com\/wp-content\/uploads\/2023\/09\/4.-DAILOS-GONZALEZ.jpg\" alt=\"\" width=\"186\" height=\"163\" \/><\/em><\/p>\n<p style=\"text-align: center\"><em>Dailos Gonz\u00e1lez Ferrera un nuevo concejal con hasta siete \u00e1reas de responsabilidad<\/em><\/p>\n<p><em>\u00a0<\/em><\/p>\n<p><span style=\"color: #0000ff\"><strong>\u00bfY QU\u00c9 PASA SI EL GERENTE DEL HUC FUE ESTIBADOR?<\/strong><\/span><\/p>\n<ul>\n<li>Cambio de tercio confes\u00e1ndoles que unas cr\u00edticas presuntamente interesadas me tienen descompuesto. Me refiero a las que est\u00e1n circulando para poner en entredicho al presidente del Gobierno de Canarias, <strong>Fernando Clavijo<\/strong> (que tendr\u00e1 sus fallos) y a la consejera de Sanidad, <strong>Esther Monz\u00f3n<\/strong> (que tambi\u00e9n tendr\u00e1 los suyos) utilizando para ello el nombramiento de <strong>Adasat Goya Gonz\u00e1lez<\/strong>, como nuevo gerente del Hospital Universitario de Canarias (HUC) ech\u00e1ndoles en cara el solo hecho de ser o haber sido estibador portuario en el Puerto de Tenerife. Y me pregunto yo: \u00bfqu\u00e9 pasa si lo es o lo ha sido hasta su nombramiento como gerente? Siempre he tenido un respeto absoluto por el trabajo de la estiba y sus profesionales. Me parece una torpe, innecesaria y absoluta mezquindad. No conozco personalmente a <strong>Adasat Goya<\/strong>, pero s\u00e9 que, naci\u00f3 en El Sauzal, que tiene ahora 42 a\u00f1os, y que es licenciado en\u00a0<strong>Econom\u00eda\u00a0<\/strong>por la\u00a0<strong>Universidad de La Laguna<\/strong><strong> (ULL).<\/strong> Seguramente <strong>Adasat<\/strong> utiliz\u00f3 el trabajo para costearse la carrera y obtener la licenciatura. Por ello me merece a\u00fan m\u00e1s respeto y consideraci\u00f3n\u2026 y, por supuesto, el derecho a darle un margen de confianza, junto con su nuevo director m\u00e9dico, Dr. <strong>Jos\u00e9 Antonio Garc\u00eda Dopico<\/strong>. Suerte a los dos<\/li>\n<\/ul>\n<p><img loading=\"lazy\" decoding=\"async\" class=\"size-large wp-image-6726 aligncenter\" src=\"https:\/\/canariasenpositivo.com\/wp-content\/uploads\/2023\/09\/5.-HUC-2021-2-1024x593.jpg\" alt=\"\" width=\"660\" height=\"382\" \/><\/p>\n<p style=\"text-align: center\"><em>Nuestro Hospital Universitario de Canarias necesita apoyo, inversi\u00f3n y paz social.<\/em><\/p>\n<p>&nbsp;<\/p>\n<p><span style=\"color: #0000ff\"><strong>ADASAT GOYA SE MERECE LOS 100 D\u00cdAS DE \u201cGRACIA\u201d<\/strong><\/span><\/p>\n<ul>\n<li>Aparte de que, por cierto, recibi\u00f3 un reconocimiento de la ULL por estar entre los 10 mejores alumnos de su promoci\u00f3n, s\u00e9 que el estibador <strong>Adasat Goya<\/strong> ha sido uno de los puntales de la compa\u00f1\u00eda Sestife S.A. \u2013 Centro Portuario de Empleo (CPE) de Estibadores Portuarios de los Puertos de Santa Cruz de Tenerife, ocupando el puesto de responsable de la coordinaci\u00f3n de la Terminal de Contenedores del Puerto de Tenerife, puesto que no es precisamente una co\u00f1a. Pero es que, adem\u00e1s, <strong>Adasat Goya<\/strong> ha sido 16 a\u00f1os concejal de El Sauzal y \u201cmano derecha\u201d de su alcalde, <strong>Mariano P\u00e9rez<\/strong>, llevando la concejal\u00eda de Econom\u00eda y Hacienda, as\u00ed como consejero delegado en la empresa de servicios p\u00fablicos en El Sauzal. Por si fuera poco, <strong>Adasat<\/strong> fue de opositor a la escala de habilitados nacionales de Interventores-Tesoreros en Administraciones P\u00fablicas Locales y estudiante de Segundo ciclo de la Licenciatura de Administraci\u00f3n y Direcci\u00f3n de Empresas (actualmente Grado) Por ello reitero que, lo m\u00e1s educado, justo y correcto, es darle al menos los 100 primeros d\u00edas de \u201cgracia\u201d para que demuestre (o no) su val\u00eda, conocimientos y experiencia gerencial. Por lo pronto, me llegan comentarios de que <strong>Adasat<\/strong> es una persona lista, que sabe escuchar y con un talante dialogante y conciliador. Dej\u00e9mosle trabajar.<\/li>\n<\/ul>\n<p><em> <img loading=\"lazy\" decoding=\"async\" class=\"size-full wp-image-6727 aligncenter\" src=\"https:\/\/canariasenpositivo.com\/wp-content\/uploads\/2023\/09\/6.-ADASAT-GOYA.webp\" alt=\"\" width=\"1000\" height=\"563\" \/><\/em><\/p>\n<p style=\"text-align: center\"><em>Adasat Goya Gonz\u00e1lez, nuevo gerente del Hospital Universitario de Canarias (HUC)<\/em><\/p>\n<p>&nbsp;<\/p>\n<p><strong><span style=\"color: #0000ff\">BIENVENIDA AL NUEVO JEFE DE ESTADO MAYOR<\/span> <\/strong><\/p>\n<ul>\n<li>Toca rematar <strong><em>El Cotarro<\/em><\/strong> de hoy dando la bienvenida al general de divisi\u00f3n <strong>Luis Cort\u00e9s Delgado<\/strong>, que el pasado viernes ha tomado posesi\u00f3n de la Jefatura de Estado Mayor del Mando de Canarias (MCANA), en una ceremonia que fue presidida por nuestro \u201cCapit\u00e1n General\u201d, el teniente general <strong>Julio Salom Herrera<\/strong>, jefe del MCANA. Durante el acto de toma d posesi\u00f3n, celebrado en el Palacio de Capitan\u00eda el general <strong>Luis Cort\u00e9s Delgado <\/strong>dirigi\u00f3 unas palabras a los asistentes, en las que, entre otras cosas, su satisfacci\u00f3n por el mando y la gran responsabilidad que supone, dispuesto a abordar la misi\u00f3n de ser Jefe del Estado Mayor del MCANA, a\u00fan en tiempos dif\u00edciles y complejos, afrontando los retos pendientes. Adem\u00e1s, quiso resaltar la \u00e9poca de cambios sociales que estamos viviendo y, en consecuencia, el progreso que, a la par, debe realizar en el Ej\u00e9rcito, suponiendo una <em>\u201cabsoluta renovaci\u00f3n de capacidades, de forma de empleo de los medios, de resiliencia y un modelo de disponibilidad que har\u00e1 romper con los patrones establecidos\u201d<\/em>.<\/li>\n<\/ul>\n<p><img loading=\"lazy\" decoding=\"async\" class=\"size-large wp-image-6728 aligncenter\" src=\"https:\/\/canariasenpositivo.com\/wp-content\/uploads\/2023\/09\/7.-NUEVO-JEM-DEL-MCANA-1024x683.jpg\" alt=\"\" width=\"660\" height=\"440\" \/><\/p>\n<p style=\"text-align: center\"><em>El teniente general Julio Salom, jefe del Mando de Canarias (c) y, a la izquierda, el general Luis Cort\u00e9s Delgado, nuevo Jefe del Estado Mayor del MCANA.<\/em><\/p>\n<p>&nbsp;<\/p>\n<p><span style=\"color: #0000ff\"><strong>LUIS CORT\u00c9S DELGADO RELEVA A FERNANDO MAT\u00c9<\/strong><\/span><\/p>\n<ul>\n<li>El general<strong> Luis Cort\u00e9s<\/strong> acentu\u00f3 sus puntos cardinales fundamentales: la preparaci\u00f3n, la planificaci\u00f3n, el cuidado del medio ambiente, los valores propios del Ej\u00e9rcito y la seguridad, conociendo todos los an\u00e1lisis de riesgo y evaluando las acciones futuras. El <strong>Luis<\/strong> <strong>Cort\u00e9s<\/strong> quiso destacar que <em>\u201cel Archipi\u00e9lago canario pasa por ser un enclave estrat\u00e9gico decisivo como puente para Espa\u00f1a y Europa cuando se mira hacia el Sahel Africano y hacia Iberoam\u00e9rica, realzando m\u00e1s si cabe, el valor de Espa\u00f1a como aliado fiable y seguro en nuestro entorno de seguridad globalizado\u201d<\/em>. Rese\u00f1ar que para asistir al acto se desplaz\u00f3 desde Madrid y estuvo presente el general de brigada <strong>Fernando Mat\u00e9 S\u00e1nchez<\/strong>, quien, en estos \u00faltimos a\u00f1os y hasta su pase a la reserva, estuvo al mando de la Jefatura del Estado Mayor del MCANA que, a partir de ahora, ostenta el general <strong>Luis Cort\u00e9s Delgado<\/strong>. Desde aqu\u00ed nuestra m\u00e1s sincera bienvenida al nuevo Jefe de Estado Mayor y toda la suerte del mundo para el general Luis Cort\u00e9s en su nuevo cargo y responsabilidades.<\/li>\n<\/ul>\n<p><img loading=\"lazy\" decoding=\"async\" class=\"size-large wp-image-6729 aligncenter\" src=\"https:\/\/canariasenpositivo.com\/wp-content\/uploads\/2023\/09\/8.-JEM-CON-EMBAJADORES-1024x683.jpg\" alt=\"\" width=\"660\" height=\"440\" \/><\/p>\n<p style=\"text-align: center\"><em>El nuevo Jefe del Estado Mayor del MCANA con los embajadores de la Marca Ej\u00e9rcito en Canarias. De izquierda a derecha: Jos\u00e9 Carlos Marrero, Eligio Hern\u00e1ndez, Luis Cort\u00e9s, Eva Cervera, Jos\u00e9 S\u00e1nchez Tinoco y Valeriano Weyler.<\/em><\/p>\n<p><em>\u00a0<\/em><\/p>\n<p><span style=\"color: #0000ff\"><strong>* Jos\u00e9 Carlos MARRERO GONZ\u00c1LEZ<\/strong><\/span><\/p>\n<p>Periodista y analista de la actualidad.<\/p>\n<p>Director de <strong><em>El Cotarro<\/em><\/strong> (www.elcotarro.com)<\/p>\n<p>Director de <strong><em>Canarias en Positivo<\/em><\/strong> (www.canariasenpositivo.com)<\/p>\n<p>Director de <strong><em>GastroCanarias<\/em><\/strong> )<\/p>\n<p>&nbsp;<\/p>\n<p><em>info@elcotarro.com<\/em><\/p>\n<p>&nbsp;<\/p>\n<p>Islas Canarias, 24 de septiembre de 2023<\/p>\n<p><img loading=\"lazy\" decoding=\"async\" class=\"size-full wp-image-6683 aligncenter\" src=\"https:\/\/canariasenpositivo.com\/wp-content\/uploads\/2023\/09\/A-CARECA-INSULA.jpg\" alt=\"\" width=\"750\" height=\"153\" \/><\/p>\n<p>&nbsp;<\/p>\n","protected":false},"excerpt":{"rendered":"<p>N\u00ba472 DEL 24 DE SEPTIEMBRE DE 2023 &nbsp; \u00a0 Por Jos\u00e9 Carlos Marrero * &nbsp; &nbsp; INCERTIDUMBRE Y PREOCUPACI\u00d3N ANTE EL FUTURO Comienzo El Cotarro de este domingo titulando el primer p\u00e1rrafo exactamente igual que la pasada semana. En ella, Felipe Gonz\u00e1lez y Alfonso Guerra han presentado el libro \u201cLas Rosas y las espinas\u201d, \u00faltima &#8230; <a class=\"read-more\" href=\"https:\/\/elcotarro.com\/?p=10647\">Read more<\/a><\/p>\n","protected":false},"author":2,"featured_media":0,"comment_status":"open","ping_status":"open","sticky":false,"template":"","format":"standard","meta":{"_jetpack_memberships_contains_paid_content":false,"footnotes":""},"categories":[4],"tags":[],"class_list":["post-10647","post","type-post","status-publish","format-standard","hentry","category-el-cotarro"],"yoast_head":"<!-- This site is optimized with the Yoast SEO plugin v27.0 - https:\/\/yoast.com\/product\/yoast-seo-wordpress\/ -->\n<title>EL COTARRO \/ 472, DEL DOMINGO, 24\/09\/2023 - El Cotarro<\/title>\n<meta name=\"robots\" content=\"index, follow, max-snippet:-1, max-image-preview:large, max-video-preview:-1\" \/>\n<link rel=\"canonical\" href=\"https:\/\/elcotarro.com\/?p=10647\" \/>\n<meta property=\"og:locale\" content=\"es_ES\" \/>\n<meta property=\"og:type\" content=\"article\" \/>\n<meta property=\"og:title\" content=\"EL COTARRO \/ 472, DEL DOMINGO, 24\/09\/2023 - El Cotarro\" \/>\n<meta property=\"og:description\" content=\"N\u00ba472 DEL 24 DE SEPTIEMBRE DE 2023 &nbsp; \u00a0 Por Jos\u00e9 Carlos Marrero * &nbsp; &nbsp; INCERTIDUMBRE Y PREOCUPACI\u00d3N ANTE EL FUTURO Comienzo El Cotarro de este domingo titulando el primer p\u00e1rrafo exactamente igual que la pasada semana. En ella, Felipe Gonz\u00e1lez y Alfonso Guerra han presentado el libro \u201cLas Rosas y las espinas\u201d, \u00faltima ... Read more\" \/>\n<meta property=\"og:url\" content=\"https:\/\/elcotarro.com\/?p=10647\" \/>\n<meta property=\"og:site_name\" content=\"El Cotarro\" \/>\n<meta property=\"article:publisher\" content=\"https:\/\/www.facebook.com\/ElCotarro.Tenerife\" \/>\n<meta property=\"article:published_time\" content=\"2023-09-24T07:53:26+00:00\" \/>\n<meta property=\"article:modified_time\" content=\"2023-09-24T13:22:50+00:00\" \/>\n<meta property=\"og:image\" content=\"https:\/\/canariasenpositivo.com\/wp-content\/uploads\/2023\/09\/EL-COTARRO-CABECERA-1024x122.jpg\" \/>\n<meta name=\"author\" content=\"Jos\u00e9 Carlos Marrero Gonz\u00e1lez\" \/>\n<meta name=\"twitter:label1\" content=\"Escrito por\" \/>\n\t<meta name=\"twitter:data1\" content=\"Jos\u00e9 Carlos Marrero Gonz\u00e1lez\" \/>\n\t<meta name=\"twitter:label2\" content=\"Tiempo de lectura\" \/>\n\t<meta name=\"twitter:data2\" content=\"10 minutos\" \/>\n<script type=\"application\/ld+json\" class=\"yoast-schema-graph\">{\"@context\":\"https:\/\/schema.org\",\"@graph\":[{\"@type\":\"Article\",\"@id\":\"https:\/\/elcotarro.com\/?p=10647#article\",\"isPartOf\":{\"@id\":\"https:\/\/elcotarro.com\/?p=10647\"},\"author\":{\"name\":\"Jos\u00e9 Carlos Marrero Gonz\u00e1lez\",\"@id\":\"https:\/\/elcotarro.com\/#\/schema\/person\/af537ee7d60d15984c7e0affcd8a918b\"},\"headline\":\"EL COTARRO \/ 472, DEL DOMINGO, 24\/09\/2023\",\"datePublished\":\"2023-09-24T07:53:26+00:00\",\"dateModified\":\"2023-09-24T13:22:50+00:00\",\"mainEntityOfPage\":{\"@id\":\"https:\/\/elcotarro.com\/?p=10647\"},\"wordCount\":1909,\"commentCount\":0,\"publisher\":{\"@id\":\"https:\/\/elcotarro.com\/#organization\"},\"image\":{\"@id\":\"https:\/\/elcotarro.com\/?p=10647#primaryimage\"},\"thumbnailUrl\":\"https:\/\/canariasenpositivo.com\/wp-content\/uploads\/2023\/09\/EL-COTARRO-CABECERA-1024x122.jpg\",\"articleSection\":[\"El Cotarro\"],\"inLanguage\":\"es\",\"potentialAction\":[{\"@type\":\"CommentAction\",\"name\":\"Comment\",\"target\":[\"https:\/\/elcotarro.com\/?p=10647#respond\"]}]},{\"@type\":\"WebPage\",\"@id\":\"https:\/\/elcotarro.com\/?p=10647\",\"url\":\"https:\/\/elcotarro.com\/?p=10647\",\"name\":\"EL COTARRO \/ 472, DEL DOMINGO, 24\/09\/2023 - El Cotarro\",\"isPartOf\":{\"@id\":\"https:\/\/elcotarro.com\/#website\"},\"primaryImageOfPage\":{\"@id\":\"https:\/\/elcotarro.com\/?p=10647#primaryimage\"},\"image\":{\"@id\":\"https:\/\/elcotarro.com\/?p=10647#primaryimage\"},\"thumbnailUrl\":\"https:\/\/canariasenpositivo.com\/wp-content\/uploads\/2023\/09\/EL-COTARRO-CABECERA-1024x122.jpg\",\"datePublished\":\"2023-09-24T07:53:26+00:00\",\"dateModified\":\"2023-09-24T13:22:50+00:00\",\"breadcrumb\":{\"@id\":\"https:\/\/elcotarro.com\/?p=10647#breadcrumb\"},\"inLanguage\":\"es\",\"potentialAction\":[{\"@type\":\"ReadAction\",\"target\":[\"https:\/\/elcotarro.com\/?p=10647\"]}]},{\"@type\":\"ImageObject\",\"inLanguage\":\"es\",\"@id\":\"https:\/\/elcotarro.com\/?p=10647#primaryimage\",\"url\":\"https:\/\/canariasenpositivo.com\/wp-content\/uploads\/2023\/09\/EL-COTARRO-CABECERA-1024x122.jpg\",\"contentUrl\":\"https:\/\/canariasenpositivo.com\/wp-content\/uploads\/2023\/09\/EL-COTARRO-CABECERA-1024x122.jpg\"},{\"@type\":\"BreadcrumbList\",\"@id\":\"https:\/\/elcotarro.com\/?p=10647#breadcrumb\",\"itemListElement\":[{\"@type\":\"ListItem\",\"position\":1,\"name\":\"Portada\",\"item\":\"https:\/\/elcotarro.com\/\"},{\"@type\":\"ListItem\",\"position\":2,\"name\":\"EL COTARRO \/ 472, DEL DOMINGO, 24\/09\/2023\"}]},{\"@type\":\"WebSite\",\"@id\":\"https:\/\/elcotarro.com\/#website\",\"url\":\"https:\/\/elcotarro.com\/\",\"name\":\"El Cotarro\",\"description\":\"Peri\u00f3dico Digital Independiente dirigido por Jos\u00e9 Carlos Marrero\",\"publisher\":{\"@id\":\"https:\/\/elcotarro.com\/#organization\"},\"potentialAction\":[{\"@type\":\"SearchAction\",\"target\":{\"@type\":\"EntryPoint\",\"urlTemplate\":\"https:\/\/elcotarro.com\/?s={search_term_string}\"},\"query-input\":{\"@type\":\"PropertyValueSpecification\",\"valueRequired\":true,\"valueName\":\"search_term_string\"}}],\"inLanguage\":\"es\"},{\"@type\":\"Organization\",\"@id\":\"https:\/\/elcotarro.com\/#organization\",\"name\":\"El Cotarro\",\"url\":\"https:\/\/elcotarro.com\/\",\"logo\":{\"@type\":\"ImageObject\",\"inLanguage\":\"es\",\"@id\":\"https:\/\/elcotarro.com\/#\/schema\/logo\/image\/\",\"url\":\"https:\/\/elcotarro.com\/wp-content\/uploads\/2014\/09\/Cabecera_El_Cotarro_v2.jpg\",\"contentUrl\":\"https:\/\/elcotarro.com\/wp-content\/uploads\/2014\/09\/Cabecera_El_Cotarro_v2.jpg\",\"width\":3540,\"height\":441,\"caption\":\"El Cotarro\"},\"image\":{\"@id\":\"https:\/\/elcotarro.com\/#\/schema\/logo\/image\/\"},\"sameAs\":[\"https:\/\/www.facebook.com\/ElCotarro.Tenerife\"]},{\"@type\":\"Person\",\"@id\":\"https:\/\/elcotarro.com\/#\/schema\/person\/af537ee7d60d15984c7e0affcd8a918b\",\"name\":\"Jos\u00e9 Carlos Marrero Gonz\u00e1lez\",\"image\":{\"@type\":\"ImageObject\",\"inLanguage\":\"es\",\"@id\":\"https:\/\/elcotarro.com\/#\/schema\/person\/image\/\",\"url\":\"https:\/\/secure.gravatar.com\/avatar\/def4da036efb5d32c74d49c351f6dccc064dd69ad9f3aadc295c5a9a5391ca01?s=96&d=mm&r=g\",\"contentUrl\":\"https:\/\/secure.gravatar.com\/avatar\/def4da036efb5d32c74d49c351f6dccc064dd69ad9f3aadc295c5a9a5391ca01?s=96&d=mm&r=g\",\"caption\":\"Jos\u00e9 Carlos Marrero Gonz\u00e1lez\"},\"sameAs\":[\"https:\/\/elcotarro.com\"],\"url\":\"https:\/\/elcotarro.com\/?author=2\"}]}<\/script>\n<!-- \/ Yoast SEO plugin. -->","yoast_head_json":{"title":"EL COTARRO \/ 472, DEL DOMINGO, 24\/09\/2023 - El Cotarro","robots":{"index":"index","follow":"follow","max-snippet":"max-snippet:-1","max-image-preview":"max-image-preview:large","max-video-preview":"max-video-preview:-1"},"canonical":"https:\/\/elcotarro.com\/?p=10647","og_locale":"es_ES","og_type":"article","og_title":"EL COTARRO \/ 472, DEL DOMINGO, 24\/09\/2023 - El Cotarro","og_description":"N\u00ba472 DEL 24 DE SEPTIEMBRE DE 2023 &nbsp; \u00a0 Por Jos\u00e9 Carlos Marrero * &nbsp; &nbsp; INCERTIDUMBRE Y PREOCUPACI\u00d3N ANTE EL FUTURO Comienzo El Cotarro de este domingo titulando el primer p\u00e1rrafo exactamente igual que la pasada semana. En ella, Felipe Gonz\u00e1lez y Alfonso Guerra han presentado el libro \u201cLas Rosas y las espinas\u201d, \u00faltima ... Read more","og_url":"https:\/\/elcotarro.com\/?p=10647","og_site_name":"El Cotarro","article_publisher":"https:\/\/www.facebook.com\/ElCotarro.Tenerife","article_published_time":"2023-09-24T07:53:26+00:00","article_modified_time":"2023-09-24T13:22:50+00:00","og_image":[{"url":"https:\/\/canariasenpositivo.com\/wp-content\/uploads\/2023\/09\/EL-COTARRO-CABECERA-1024x122.jpg","type":"","width":"","height":""}],"author":"Jos\u00e9 Carlos Marrero Gonz\u00e1lez","twitter_misc":{"Escrito por":"Jos\u00e9 Carlos Marrero Gonz\u00e1lez","Tiempo de lectura":"10 minutos"},"schema":{"@context":"https:\/\/schema.org","@graph":[{"@type":"Article","@id":"https:\/\/elcotarro.com\/?p=10647#article","isPartOf":{"@id":"https:\/\/elcotarro.com\/?p=10647"},"author":{"name":"Jos\u00e9 Carlos Marrero Gonz\u00e1lez","@id":"https:\/\/elcotarro.com\/#\/schema\/person\/af537ee7d60d15984c7e0affcd8a918b"},"headline":"EL COTARRO \/ 472, DEL DOMINGO, 24\/09\/2023","datePublished":"2023-09-24T07:53:26+00:00","dateModified":"2023-09-24T13:22:50+00:00","mainEntityOfPage":{"@id":"https:\/\/elcotarro.com\/?p=10647"},"wordCount":1909,"commentCount":0,"publisher":{"@id":"https:\/\/elcotarro.com\/#organization"},"image":{"@id":"https:\/\/elcotarro.com\/?p=10647#primaryimage"},"thumbnailUrl":"https:\/\/canariasenpositivo.com\/wp-content\/uploads\/2023\/09\/EL-COTARRO-CABECERA-1024x122.jpg","articleSection":["El Cotarro"],"inLanguage":"es","potentialAction":[{"@type":"CommentAction","name":"Comment","target":["https:\/\/elcotarro.com\/?p=10647#respond"]}]},{"@type":"WebPage","@id":"https:\/\/elcotarro.com\/?p=10647","url":"https:\/\/elcotarro.com\/?p=10647","name":"EL COTARRO \/ 472, DEL DOMINGO, 24\/09\/2023 - El Cotarro","isPartOf":{"@id":"https:\/\/elcotarro.com\/#website"},"primaryImageOfPage":{"@id":"https:\/\/elcotarro.com\/?p=10647#primaryimage"},"image":{"@id":"https:\/\/elcotarro.com\/?p=10647#primaryimage"},"thumbnailUrl":"https:\/\/canariasenpositivo.com\/wp-content\/uploads\/2023\/09\/EL-COTARRO-CABECERA-1024x122.jpg","datePublished":"2023-09-24T07:53:26+00:00","dateModified":"2023-09-24T13:22:50+00:00","breadcrumb":{"@id":"https:\/\/elcotarro.com\/?p=10647#breadcrumb"},"inLanguage":"es","potentialAction":[{"@type":"ReadAction","target":["https:\/\/elcotarro.com\/?p=10647"]}]},{"@type":"ImageObject","inLanguage":"es","@id":"https:\/\/elcotarro.com\/?p=10647#primaryimage","url":"https:\/\/canariasenpositivo.com\/wp-content\/uploads\/2023\/09\/EL-COTARRO-CABECERA-1024x122.jpg","contentUrl":"https:\/\/canariasenpositivo.com\/wp-content\/uploads\/2023\/09\/EL-COTARRO-CABECERA-1024x122.jpg"},{"@type":"BreadcrumbList","@id":"https:\/\/elcotarro.com\/?p=10647#breadcrumb","itemListElement":[{"@type":"ListItem","position":1,"name":"Portada","item":"https:\/\/elcotarro.com\/"},{"@type":"ListItem","position":2,"name":"EL COTARRO \/ 472, DEL DOMINGO, 24\/09\/2023"}]},{"@type":"WebSite","@id":"https:\/\/elcotarro.com\/#website","url":"https:\/\/elcotarro.com\/","name":"El Cotarro","description":"Peri\u00f3dico Digital Independiente dirigido por Jos\u00e9 Carlos Marrero","publisher":{"@id":"https:\/\/elcotarro.com\/#organization"},"potentialAction":[{"@type":"SearchAction","target":{"@type":"EntryPoint","urlTemplate":"https:\/\/elcotarro.com\/?s={search_term_string}"},"query-input":{"@type":"PropertyValueSpecification","valueRequired":true,"valueName":"search_term_string"}}],"inLanguage":"es"},{"@type":"Organization","@id":"https:\/\/elcotarro.com\/#organization","name":"El Cotarro","url":"https:\/\/elcotarro.com\/","logo":{"@type":"ImageObject","inLanguage":"es","@id":"https:\/\/elcotarro.com\/#\/schema\/logo\/image\/","url":"https:\/\/elcotarro.com\/wp-content\/uploads\/2014\/09\/Cabecera_El_Cotarro_v2.jpg","contentUrl":"https:\/\/elcotarro.com\/wp-content\/uploads\/2014\/09\/Cabecera_El_Cotarro_v2.jpg","width":3540,"height":441,"caption":"El Cotarro"},"image":{"@id":"https:\/\/elcotarro.com\/#\/schema\/logo\/image\/"},"sameAs":["https:\/\/www.facebook.com\/ElCotarro.Tenerife"]},{"@type":"Person","@id":"https:\/\/elcotarro.com\/#\/schema\/person\/af537ee7d60d15984c7e0affcd8a918b","name":"Jos\u00e9 Carlos Marrero Gonz\u00e1lez","image":{"@type":"ImageObject","inLanguage":"es","@id":"https:\/\/elcotarro.com\/#\/schema\/person\/image\/","url":"https:\/\/secure.gravatar.com\/avatar\/def4da036efb5d32c74d49c351f6dccc064dd69ad9f3aadc295c5a9a5391ca01?s=96&d=mm&r=g","contentUrl":"https:\/\/secure.gravatar.com\/avatar\/def4da036efb5d32c74d49c351f6dccc064dd69ad9f3aadc295c5a9a5391ca01?s=96&d=mm&r=g","caption":"Jos\u00e9 Carlos Marrero Gonz\u00e1lez"},"sameAs":["https:\/\/elcotarro.com"],"url":"https:\/\/elcotarro.com\/?author=2"}]}},"jetpack_featured_media_url":"","jetpack_sharing_enabled":true,"_links":{"self":[{"href":"https:\/\/elcotarro.com\/index.php?rest_route=\/wp\/v2\/posts\/10647","targetHints":{"allow":["GET"]}}],"collection":[{"href":"https:\/\/elcotarro.com\/index.php?rest_route=\/wp\/v2\/posts"}],"about":[{"href":"https:\/\/elcotarro.com\/index.php?rest_route=\/wp\/v2\/types\/post"}],"author":[{"embeddable":true,"href":"https:\/\/elcotarro.com\/index.php?rest_route=\/wp\/v2\/users\/2"}],"replies":[{"embeddable":true,"href":"https:\/\/elcotarro.com\/index.php?rest_route=%2Fwp%2Fv2%2Fcomments&post=10647"}],"version-history":[{"count":2,"href":"https:\/\/elcotarro.com\/index.php?rest_route=\/wp\/v2\/posts\/10647\/revisions"}],"predecessor-version":[{"id":10649,"href":"https:\/\/elcotarro.com\/index.php?rest_route=\/wp\/v2\/posts\/10647\/revisions\/10649"}],"wp:attachment":[{"href":"https:\/\/elcotarro.com\/index.php?rest_route=%2Fwp%2Fv2%2Fmedia&parent=10647"}],"wp:term":[{"taxonomy":"category","embeddable":true,"href":"https:\/\/elcotarro.com\/index.php?rest_route=%2Fwp%2Fv2%2Fcategories&post=10647"},{"taxonomy":"post_tag","embeddable":true,"href":"https:\/\/elcotarro.com\/index.php?rest_route=%2Fwp%2Fv2%2Ftags&post=10647"}],"curies":[{"name":"wp","href":"https:\/\/api.w.org\/{rel}","templated":true}]}}