{"id":10653,"date":"2023-10-01T00:07:17","date_gmt":"2023-09-30T23:07:17","guid":{"rendered":"https:\/\/elcotarro.com\/?p=10653"},"modified":"2023-10-01T21:16:02","modified_gmt":"2023-10-01T20:16:02","slug":"el-cotarro-473-del-domingo-1-10-2023","status":"publish","type":"post","link":"https:\/\/elcotarro.com\/?p=10653","title":{"rendered":"EL COTARRO \/ 473, DEL DOMINGO, 1\/10\/2023"},"content":{"rendered":"<p><img loading=\"lazy\" decoding=\"async\" class=\"size-large wp-image-6721 aligncenter\" src=\"https:\/\/canariasenpositivo.com\/wp-content\/uploads\/2023\/09\/EL-COTARRO-CABECERA-1024x122.jpg\" alt=\"\" width=\"660\" height=\"79\" \/><\/p>\n<p style=\"text-align: center\"><span style=\"color: #ff0000\"><strong>N\u00ba473 DEL 1 DE OCTUBRE DE 2023<\/strong><\/span><\/p>\n<p>&nbsp;<\/p>\n<p><em>\u00a0<\/em><\/p>\n<p><span style=\"color: #0000ff\"><em>Por <strong>Jos\u00e9 Carlos Marrero *<\/strong><\/em><\/span><\/p>\n<p>&nbsp;<\/p>\n<p>&nbsp;<\/p>\n<p><span style=\"color: #0000ff\"><strong>EN MEDIO DEL COVID Y DE UNA INVESTIDURA FALLIDA<\/strong><\/span><\/p>\n<ul>\n<li>Ya me lo ven\u00edan diciendo y yo no hac\u00eda mucho caso, apelando al hecho real de que ya me han vacunado hasta tres veces\u2026 Pero ni por esas. Efectivamente, el COVID sigue rodando y parece que en este comienzo del oto\u00f1o est\u00e1 dando quebraderos de cabeza a muchos. Total, que el pasado domingo me toc\u00f3 de nuevo lidiar con el pu\u00f1etero COVID (de forma leve, gracias a Dios) y lo he lidiado toda esta pasada semana compatibiliz\u00e1ndolo con el debate de la fallida investidura de <strong>Alberto N\u00fa\u00f1ez Feij\u00f3o<\/strong> (PP) quien, por cierto (me mojo) creo que estuvo de lo m\u00e1s correcto y acertado, por no decir brillante. Como creo que, asimismo, se estren\u00f3 m\u00e1s que dignamente la diputada de Coalici\u00f3n Canaria, <strong>Cristina Valido<\/strong>, estando a la altura. Ahora, a esperar dos meses m\u00e1s, con la incertidumbre de qu\u00e9 pasar\u00e1 con el siguiente paso, que ser\u00e1 la investidura (o no) del segundo candidato en la lista, <strong>Pedro S\u00e1nchez<\/strong>, que parece que va a la suya tan seguro como cuestionado. Mientras tanto, aqu\u00ed, en el mundo real, el personal est\u00e1 con otras prioridades, otras necesidades, otros sentires otros quereres\u2026 Y yo voy a hablar de ellos.<\/li>\n<\/ul>\n<p><img loading=\"lazy\" decoding=\"async\" class=\"size-large wp-image-6762 aligncenter\" src=\"https:\/\/canariasenpositivo.com\/wp-content\/uploads\/2023\/09\/1.-CRISTINA-VALIDO-1024x768.jpg\" alt=\"\" width=\"660\" height=\"495\" \/><\/p>\n<p style=\"text-align: center\"><em>Cristina Valido en la tribuna del Congreso durante la sesi\u00f3n de investidura de Feij\u00f3o.<\/em><\/p>\n<p>&nbsp;<\/p>\n<p><span style=\"color: #0000ff\"><strong>DETERMINACI\u00d3N\u2026 ANTES QUE AUTODETERMINACI\u00d3N<\/strong><\/span><\/p>\n<ul>\n<li>Sus se\u00f1or\u00edas se han pegado tres d\u00edas hablando mucho de lo divino, pero me temo que poco de lo humano. Creo que la \u201cpel\u00edcula\u201d ha sido casi monotem\u00e1tica y que su t\u00edtulo podr\u00eda haber sido mismamente <strong>\u201cInvestidura: amnist\u00eda y autodeterminaci\u00f3n\u201d<\/strong>. Pero, con todos mis respetos para la querida gente de Catalu\u00f1a (bueno, mejor dicho: para una determinada gente de Catalunya) lo de la amnist\u00eda y lo de la autodeterminaci\u00f3n, creo que nos queda lejos y, sobre todo, no entra en las necesidades y mucho menos prioridades, de la inmensa mayor\u00eda de los canarios y espa\u00f1oles. Yo cambiar\u00eda y pedir\u00eda, tanto a <strong>Pedro S\u00e1nchez<\/strong> como a <strong>Alberto N\u00fa\u00f1ez Feij\u00f3o<\/strong> que cambiaran lo de la autodeterminaci\u00f3n, por la determinaci\u00f3n, a secas. Determinaci\u00f3n para ocuparse de las cuestiones y problemas que, de verdad y prioritariamente, preocupan a la ciudadan\u00eda canaria y espa\u00f1ola, a la que ambos se deben. Solo en lo que respecta a Canarias, me atrevo a poner, una de tras de otra, una serie de asuntos: Inmigraci\u00f3n desbocada, sanidad desbordada, vivienda p\u00fablica, incendios forestales, dependencia energ\u00e9tica, agua y sequ\u00eda, agricultura y ganader\u00eda, paro estructural, juventud desmotivada\u2026 \u00bfQuieren m\u00e1s?<\/li>\n<\/ul>\n<p><img loading=\"lazy\" decoding=\"async\" class=\"size-large wp-image-6763 aligncenter\" src=\"https:\/\/canariasenpositivo.com\/wp-content\/uploads\/2023\/09\/2.-SANCHEZ-Y-FEIJOO-1024x576.webp\" alt=\"\" width=\"660\" height=\"371\" \/><\/p>\n<p style=\"text-align: center\"><em>Pedro S\u00e1nchez y Alberto N\u00fa\u00f1ez Feij\u00f3o. Podr\u00edan llevarse as\u00ed de bien m\u00e1s a menudo<\/em><\/p>\n<p>&nbsp;<\/p>\n<p><span style=\"color: #0000ff\"><strong>SEGURIDAD, EMERGENCIAS Y COORDINACI\u00d3N<\/strong><\/span><\/p>\n<ul>\n<li>La idea de separar las competencias de Seguridad y de Emergencias y otorgarlas a dos consejer\u00edas diferentes del Gobierno de Canarias, no sent\u00f3 bien y, por lo que me comentan, no terminan de encajar. Todo lo de \u201cseguridad\u201d, incluido el Cuerpo General de la Polic\u00eda Canaria (CGPC) m\u00e1s conocido como la Polic\u00eda Canaria o, antes popularmente, como <em>\u201cLa Guanchancha\u201d,<\/em> ha ido a parar a la consejer\u00eda de Administraciones P\u00fablicas, Justicia y Seguridad, que lidera la palmera <strong>Nieves Lady Barreto Hern\u00e1ndez<\/strong>, de Coalici\u00f3n Canaria. Por otro lado, todo lo relativo a \u201cemergencias\u201d ha ido a parar a la consejer\u00eda de Pol\u00edtica Territorial, Cohesi\u00f3n Territorial y Aguas, que lidera el majorero <strong>Manuel Miranda Medina<\/strong>, tambi\u00e9n de CC. Como ver\u00e1n, la palabra \u201cemergencias\u201d no est\u00e1 en el nombre de dicha consejer\u00eda, pero si cuenta ella con una Direcci\u00f3n General de Emergencias, que comanda <strong>Jos\u00e9 Marr\u00f3n Herrera<\/strong>. Parece que ya durante el pasado incendio forestal se palp\u00f3 la necesidad de que Seguridad y Emergencias estuvieran bajo el paraguas de una sola consejer\u00eda, bien regentada por CC o por el PP, pero una sola consejer\u00eda.<\/li>\n<\/ul>\n<p><em> <img loading=\"lazy\" decoding=\"async\" class=\"size-full wp-image-6764 aligncenter\" src=\"https:\/\/canariasenpositivo.com\/wp-content\/uploads\/2023\/09\/3.-NIEVES-LADY-Y-MANUEL.jpg\" alt=\"\" width=\"789\" height=\"576\" \/><\/em><\/p>\n<p style=\"text-align: center\"><em>Nieves Lady Barreto y Manuel Miranda, durante el pasado incendio de Tenerife.<\/em><\/p>\n<p><em>\u00a0<\/em><\/p>\n<p><span style=\"color: #0000ff\"><strong>AGUAS TURBULENTAS EN NUESTRA POLIC\u00cdA CANARIA<\/strong><\/span><\/p>\n<ul>\n<li>Por su parte, <strong>Nieves Lady Barreto<\/strong> cuenta en su consejer\u00eda con la Direcci\u00f3n General de Seguridad, que comanda, <strong>David Del Pino Franquet<\/strong>, que hasta su nombramiento formaba parte de la Polic\u00eda Canaria. Pero, por si fuera poco, ahora se ha sumado una tercera direcci\u00f3n general que, bajo la denominaci\u00f3n de Direcci\u00f3n General de Estudios, Formaci\u00f3n e Investigaci\u00f3n en Seguridad P\u00fablica, ya ocupa otro palmero de CC, <strong>Juan Ram\u00f3n Rodr\u00edguez Mar\u00edn<\/strong>, que fuera en su d\u00eda alcalde de Los Llanos de Aridane. A partir de ahora y entre otras cosas, <strong>Juan Ram\u00f3n Rodr\u00edguez<\/strong> ser\u00e1 el responsable pol\u00edtico del que va a depender la Academia Canaria de Seguridad, centro en el que se preparar\u00e1n las personas que quieran ser agentes de nuestra Polic\u00eda Canaria o de las polic\u00edas locales de los 88 municipios canarios. Tres direcciones generales en torno a un mismo tema. De nuevo se ha comentado la conveniencia de que, quiz\u00e1, ser\u00eda oportuno tener un viceconsejero de Seguridad y Emergencias, del que dependieran, coordinadamente, las tres direcciones generales. Todo esto y alguna an\u00e9cdota m\u00e1s hace que hayan \u201caguas turbulentas\u201d en el sector.<\/li>\n<\/ul>\n<p><em> <img loading=\"lazy\" decoding=\"async\" class=\"size-full wp-image-6765 aligncenter\" src=\"https:\/\/canariasenpositivo.com\/wp-content\/uploads\/2023\/09\/4.-JUAN-RAMON-RODRIGUEZ.jpg\" alt=\"\" width=\"900\" height=\"729\" \/><\/em><\/p>\n<p style=\"text-align: center\"><em>El palmero\u00a0 Juan Ram\u00f3n Rodr\u00edguez, nuevo director general de Estudios, Formaci\u00f3n e Investigaci\u00f3n en Seguridad P\u00fablica.<\/em><\/p>\n<p><em>\u00a0<\/em><\/p>\n<p><span style=\"color: #0000ff\"><strong>EL SUBORDINADO, AHORA JEFE\u2026 Y A LA VICEVERSA<\/strong><\/span><\/p>\n<ul>\n<li>En el territorio de <strong>Nieves Lady Barreto<\/strong> las \u201caguas turbulentas\u201d se traducen ya en algunos en momentos inc\u00f3modos y situaciones desagradables. Resulta que, como ya he dicho y con todo el derecho del mundo, ojo, han nombrado director general de Seguridad a un buen profesional en la persona de <strong>David Del Pino Franquet<\/strong>, quien, hasta su nombramiento, ha sido un miembro del CGPC, bajo las \u00f3rdenes de su comisario <strong>Luis Santos Jara<\/strong>, jefe de la Polic\u00eda Canaria. Tras las elecciones locales y la conformaci\u00f3n del nuevo Gobierno canario, se han vuelto las tornas y ahora <strong>David Del Pino<\/strong>, desde su nuevo cargo y como pol\u00edtico, est\u00e1 por encima de <strong>Luis Santos Jara<\/strong>. El subordinado ahora es que m\u00e1s manda y (como dice el mago) \u201ca la viceversa\u201d. Como podr\u00e1n imaginar, esta realidad ya est\u00e1 llevando, como he dicho, a momentos inc\u00f3modos y situaciones desagradables. Salva la situaci\u00f3n (en parte) que tanto <strong>David Del Pino<\/strong> como <strong>Luis Santos<\/strong>, son personas serias y educadas, as\u00ed como buenos profesionales. No hay conflicto, pero, de todos modos, pronostican pr\u00f3ximas rachas de \u201cturbulencias\u201d en el camino. Ojal\u00e1 no sea as\u00ed<\/li>\n<\/ul>\n<p><em> <img loading=\"lazy\" decoding=\"async\" class=\"size-full wp-image-6766 aligncenter\" src=\"https:\/\/canariasenpositivo.com\/wp-content\/uploads\/2023\/09\/5.-DAVID-DEL-PINO.jpg\" alt=\"\" width=\"150\" height=\"150\" \/><\/em><\/p>\n<p style=\"text-align: center\"><em>David Del Pino Franquet, nuevo director general de Seguridad del Gobierno canario<\/em><\/p>\n<p><em>\u00a0<\/em><\/p>\n<p><span style=\"color: #0000ff\"><strong>\u00bfDESFILAR\u00c1 LA POLIC\u00cdA CANARIA EL 12-O EN MADRID?<\/strong><\/span><\/p>\n<ul>\n<li>Una de las cosas que logr\u00f3 <strong>Julio P\u00e9rez Hern\u00e1ndez<\/strong> (PSOE) cuando estaba en el cargo que hoy ocupa <strong>Nieves Lady Barreto<\/strong>, fue que, por primera vez en la historia, nuestra Polic\u00eda Canaria asistiera y participara activamente en el Desfile del D\u00eda de la Fiesta Nacional, que cada a\u00f1o se celebra en Madrid. En aquel hecho, tuvo mucho que ver el buen trabajo de <strong>Gustavo Armas G\u00f3mez<\/strong>, anterior director general de Seguridad y Emergencias del Gobierno canario (como ven, las dos cosas juntas, seguridad y emergencias). Trabajaron durante semanas duro y bien, y fue un honor verles desfilar en Madrid con la bandera de Canarias y con \u201cacento\u201d canario. El entonces presidente del Gobierno canario, <strong>\u00c1ngel V\u00edctor Torres<\/strong> estuvo all\u00ed presente y, muy orgulloso, se puso en pie al paso de nuestra Polic\u00eda Auton\u00f3mica. Hasta donde yo s\u00e9, mucha gente (de aqu\u00ed y de all\u00e1) desea y espera que este pr\u00f3ximo 12 de octubre nuestra Polic\u00eda Canaria vuelva a desfilar en Madrid y protagonizar una parte del Desfile del D\u00eda de la Fiesta Nacional, pero, \u00bflo har\u00e1? Quiz\u00e1 vaya <strong>Fernando Clavijo<\/strong>, pero hasta donde yo s\u00e9 a d\u00eda de hoy, nuestra Polic\u00eda Canaria va a ser que no. No s\u00e9 los motivos, pero, al menos este a\u00f1o, nanai de la China. Y creo que ver desfilar a nuestra Polic\u00eda en Madrid llenar\u00eda de orgullo a mucha gente en Canarias.<\/li>\n<\/ul>\n<p><em> <img loading=\"lazy\" decoding=\"async\" class=\"size-full wp-image-6767 aligncenter\" src=\"https:\/\/canariasenpositivo.com\/wp-content\/uploads\/2023\/09\/6.-POLICIA-CANARIA-DESFILA.jpg\" alt=\"\" width=\"736\" height=\"552\" \/><\/em><\/p>\n<p style=\"text-align: center\"><em>La Polic\u00eda Canaria desfilando en Madrid. En el fondo, de pie, \u00c1ngel V\u00edctor Torres.<\/em><\/p>\n<p><em>\u00a0<\/em><\/p>\n<p><span style=\"color: #0000ff\"><strong>PLACA AL M\u00c9RITO POLICIAL PARA JOS\u00c9 MARR\u00d3N<\/strong><\/span><\/p>\n<ul>\n<li>Hablando precisamente de polic\u00edas, seguridad y coordinaci\u00f3n, es justo y necesario que me haga eco de la entrega a <strong>Jos\u00e9 Marr\u00f3n Herrera<\/strong>, hoy director general de Emergencias del Gobierno de Canarias, de la Placa al M\u00e9rito Policial que, este pasado viernes, <strong>Marco Antonio Gonz\u00e1lez Mesa<\/strong>, alcalde del Ayuntamiento del Puerto de la Cruz entreg\u00f3 a <strong>Pepe Marr\u00f3n<\/strong>, con motivo de la festividad de <strong>San Miguel Arc\u00e1ngel<\/strong>, patr\u00f3n de la Polic\u00eda Local portuense. Hay que recordar que, hasta hace poco, <strong>Jos\u00e9 Marr\u00f3n<\/strong> era el director de Seguridad y Emergencias del Ayuntamiento de Los Realejos y, esta merecida distinci\u00f3n entregada ahora a <strong>Pepe Marr\u00f3n<\/strong>, responde al reconocimiento y agradecimiento por la labor de eficaz coordinaci\u00f3n entre las polic\u00edas locales de Los Realejos y el Puerto. Y eso que el ayuntamiento portuense est\u00e1 gobernado por el PSOE y el realejero por el PP, pero el alcalde <strong>Marco Antonio Gonz\u00e1lez<\/strong> es un caballero y sabe que, por encima de ideolog\u00edas y partidos, est\u00e1 el bien com\u00fan y el mejor servicio a la ciudadan\u00eda. Por ello <strong>Pepe Marr\u00f3n<\/strong> se merece esa placa al m\u00e9rito policial. Felicidades y suerte ahora en su nuevo cargo en el Gobierno.<\/li>\n<\/ul>\n<p><em> <img loading=\"lazy\" decoding=\"async\" class=\"size-full wp-image-6769 aligncenter\" src=\"https:\/\/canariasenpositivo.com\/wp-content\/uploads\/2023\/09\/7.-PLACA-A-PEPE-MARRON.jpeg\" alt=\"\" width=\"1024\" height=\"682\" \/><\/em><\/p>\n<p style=\"text-align: center\"><em>De izquierda a derecha: Francisco Jos\u00e9 Cruz Casa\u00f1as (subcomisario jefe de la Polic\u00eda Local del Puerto), Jos\u00e9 Marr\u00f3n Herrera, Marco Antonio Gonz\u00e1lez Mesa (alcalde del Puerto de la Cruz) y Javier Plata Vera (sub delegado del Gobierno en Santa Cruz de Tenerife)<\/em><\/p>\n<p>&nbsp;<\/p>\n<p><span style=\"color: #0000ff\"><strong>PEPE ARENAS Y CAPEL SIEMPRE ELIGEN \u2018CASA TOM\u00c1S\u2019<\/strong><\/span><\/p>\n<ul>\n<li>Cambio de tercio para rematar <strong><em>El Cotarro<\/em><\/strong> dici\u00e9ndoles que, hoy en d\u00eda sigue teniendo valor y vigencia el antiguo proverbio espa\u00f1ol dice que <em>\u201calgo tendr\u00e1 el agua cuando la bendicen\u201d<\/em>, yo en versi\u00f3n canaria me atreva de decir que <em>\u201calgo debe tener el <strong>Casa Tom\u00e1s<\/strong> cuando tantas personas van en peregrinaci\u00f3n\u201d<\/em>. Tengo dos grandes amigos que dan fe de ello. Cada vez que llega a Tenerife mi amigo, el prestigioso periodista y escritor <strong>Jos\u00e9 Carlos Capel<\/strong>, presidente de MadridFusi\u00f3n y el cr\u00edtico gastron\u00f3mico m\u00e1s influyente de Espa\u00f1a, me pide ir a tres restaurantes: el primero, uno que sea novedad destacable; el segundo, otro que lo fue en su anterior viaje y que quiere ver c\u00f3mo evoluciona; y el tercero, el restaurante <strong>Casa Tom\u00e1s,<\/strong> en El Portezuelo (Tegueste). Siempre tres y siempre <strong>Casa Tom\u00e1s<\/strong>. Hace unos d\u00edas, otro gran amigo, el sacerdote <strong>Fray Jos\u00e9 Arenas Sab\u00e1n<\/strong>, quien como ya les dije en la pasada edici\u00f3n de <strong><em>El Cotarro<\/em><\/strong>, vino a predicar en el Real Santuario del <strong>Cristo de La Laguna<\/strong> con motivo de sus fiestas mayores de septiembre, iba a ser agasajado por un grupo de amigos que, le propusieron que fuera \u00e9l mismo quien eligiera el restaurante. <strong>Pepe Arenas<\/strong> no lo dud\u00f3 ni un minuto y eligi\u00f3 su recordada <strong>Casa Tom\u00e1s<\/strong>. Por supuesto, nos falt\u00f3 tiempo para plantarnos all\u00ed.<\/li>\n<\/ul>\n<p><img loading=\"lazy\" decoding=\"async\" class=\"size-full wp-image-6768 aligncenter\" src=\"https:\/\/canariasenpositivo.com\/wp-content\/uploads\/2023\/09\/8.-PEPE-EN-CASA-TOMAS.jpg\" alt=\"\" width=\"495\" height=\"367\" \/><\/p>\n<p style=\"text-align: center\"><em>Fray Jos\u00e9 \u201cPepe\u201d Arenas Sab\u00e1n, Tom\u00e1s Galv\u00e1n y Ver\u00edsima Garc\u00eda, en Casa Tom\u00e1s<\/em><\/p>\n<p>&nbsp;<\/p>\n<p><strong>PERSEVERANCIA DE TOM\u00c1S CON VER\u00cdSIMA Y V\u00cdCTOR<\/strong><\/p>\n<ul>\n<li>Debo decirles como an\u00e9cdota que <strong>Pepe Arenas<\/strong>, que lleva unos siete a\u00f1os destinado a parroquias peninsulares (en estos momentos est\u00e1 en la de <strong>Nuestra Se\u00f1ora de Regla<\/strong>, en Chipiona) y que ha olvidado un poco el \u201chabla canario\u201d ten\u00eda nostalgia de las \u201cmazorcas de ma\u00edz cocidas con patatas y costillar de cerdo\u201d de <strong>Casa Tom\u00e1s<\/strong> y le hicimos recordar que, de eso nada, que se trataba de las famosas \u201ccostillas guisadas con papas y pi\u00f1as de millo\u201d, aparte de las garbanzas, la fabada y el buen vino de Tegueste que nunca falta. Est\u00e1 claro que lo del restaurante Bodeg\u00f3n <strong>Casa Tom\u00e1s<\/strong> es como para hacer una tesis doctoral. Con sus casi 80 a\u00f1os, <strong>Tom\u00e1s Galv\u00e1n<\/strong> sigue al pie de los fogones al lado de esposa, <strong>Ver\u00edsima Garc\u00eda<\/strong>, leal y fiel compa\u00f1era. Junto a ellos la siguiente generaci\u00f3n representada por su hijo, <strong>V\u00edctor Galv\u00e1n Garc\u00eda,<\/strong> que ya ejerce de director del restaurante que cuenta con unos 20 empleados (que tambi\u00e9n son como de la familia) y que garantiza la permanencia en el tiempo de este templo de la gastronom\u00eda popular canaria en Tenerife. No es de extra\u00f1ar que venga gente de las otras siete islas y hasta de la pen\u00ednsula, con el objetivo exclusivo de comer en <strong>Casa Tom\u00e1s<\/strong>. Y no es de extra\u00f1ar que <strong>Pepe Arenas<\/strong> saliera encantado y deseando volver. Y, Dios mediante, volver\u00e1.<\/li>\n<\/ul>\n<p><img loading=\"lazy\" decoding=\"async\" class=\"size-large wp-image-6770 aligncenter\" src=\"https:\/\/canariasenpositivo.com\/wp-content\/uploads\/2023\/09\/9.-FAMILIA-GALVAN-GARCIA-1024x768.jpg\" alt=\"\" width=\"660\" height=\"495\" \/><\/p>\n<p style=\"text-align: center\"><em>V\u00edctor Galv\u00e1n Garc\u00eda, Ver\u00edsima Garc\u00eda y Tom\u00e1s Galv\u00e1n, el trio de ases de Casa Tom\u00e1s<\/em><\/p>\n<p><em>\u00a0<\/em><\/p>\n<p><span style=\"color: #0000ff\"><strong>* Jos\u00e9 Carlos MARRERO GONZ\u00c1LEZ<\/strong><\/span><\/p>\n<p>Periodista y analista de la actualidad.<\/p>\n<p>Director de <strong><em>El Cotarro<\/em><\/strong> (www.elcotarro.com)<\/p>\n<p>Director de <strong><em>Canarias en Positivo<\/em><\/strong> (www.canariasenpositivo.com)<\/p>\n<p>Director de <strong><em>GastroCanarias<\/em><\/strong> (www.gastrocanarias.com)<\/p>\n<p>&nbsp;<\/p>\n<p><em>info@elcotarro.com<\/em><\/p>\n<p>&nbsp;<\/p>\n<p>Islas Canarias, 1 de octubre de 2023<\/p>\n<p><img loading=\"lazy\" decoding=\"async\" class=\"size-full wp-image-6683 aligncenter\" src=\"https:\/\/canariasenpositivo.com\/wp-content\/uploads\/2023\/09\/A-CARECA-INSULA.jpg\" alt=\"\" width=\"750\" height=\"153\" \/><\/p>\n","protected":false},"excerpt":{"rendered":"<p>N\u00ba473 DEL 1 DE OCTUBRE DE 2023 &nbsp; \u00a0 Por Jos\u00e9 Carlos Marrero * &nbsp; &nbsp; EN MEDIO DEL COVID Y DE UNA INVESTIDURA FALLIDA Ya me lo ven\u00edan diciendo y yo no hac\u00eda mucho caso, apelando al hecho real de que ya me han vacunado hasta tres veces\u2026 Pero ni por esas. Efectivamente, el &#8230; <a class=\"read-more\" href=\"https:\/\/elcotarro.com\/?p=10653\">Read more<\/a><\/p>\n","protected":false},"author":2,"featured_media":0,"comment_status":"open","ping_status":"open","sticky":false,"template":"","format":"standard","meta":{"_jetpack_memberships_contains_paid_content":false,"footnotes":""},"categories":[4],"tags":[],"class_list":["post-10653","post","type-post","status-publish","format-standard","hentry","category-el-cotarro"],"yoast_head":"<!-- This site is optimized with the Yoast SEO plugin v27.0 - https:\/\/yoast.com\/product\/yoast-seo-wordpress\/ -->\n<title>EL COTARRO \/ 473, DEL DOMINGO, 1\/10\/2023 - El Cotarro<\/title>\n<meta name=\"robots\" content=\"index, follow, max-snippet:-1, max-image-preview:large, max-video-preview:-1\" \/>\n<link rel=\"canonical\" href=\"https:\/\/elcotarro.com\/?p=10653\" \/>\n<meta property=\"og:locale\" content=\"es_ES\" \/>\n<meta property=\"og:type\" content=\"article\" \/>\n<meta property=\"og:title\" content=\"EL COTARRO \/ 473, DEL DOMINGO, 1\/10\/2023 - El Cotarro\" \/>\n<meta property=\"og:description\" content=\"N\u00ba473 DEL 1 DE OCTUBRE DE 2023 &nbsp; \u00a0 Por Jos\u00e9 Carlos Marrero * &nbsp; &nbsp; EN MEDIO DEL COVID Y DE UNA INVESTIDURA FALLIDA Ya me lo ven\u00edan diciendo y yo no hac\u00eda mucho caso, apelando al hecho real de que ya me han vacunado hasta tres veces\u2026 Pero ni por esas. Efectivamente, el ... Read more\" \/>\n<meta property=\"og:url\" content=\"https:\/\/elcotarro.com\/?p=10653\" \/>\n<meta property=\"og:site_name\" content=\"El Cotarro\" \/>\n<meta property=\"article:publisher\" content=\"https:\/\/www.facebook.com\/ElCotarro.Tenerife\" \/>\n<meta property=\"article:published_time\" content=\"2023-09-30T23:07:17+00:00\" \/>\n<meta property=\"article:modified_time\" content=\"2023-10-01T20:16:02+00:00\" \/>\n<meta property=\"og:image\" content=\"https:\/\/canariasenpositivo.com\/wp-content\/uploads\/2023\/09\/EL-COTARRO-CABECERA-1024x122.jpg\" \/>\n<meta name=\"author\" content=\"Jos\u00e9 Carlos Marrero Gonz\u00e1lez\" \/>\n<meta name=\"twitter:label1\" content=\"Escrito por\" \/>\n\t<meta name=\"twitter:data1\" content=\"Jos\u00e9 Carlos Marrero Gonz\u00e1lez\" \/>\n\t<meta name=\"twitter:label2\" content=\"Tiempo de lectura\" \/>\n\t<meta name=\"twitter:data2\" content=\"12 minutos\" \/>\n<script type=\"application\/ld+json\" class=\"yoast-schema-graph\">{\"@context\":\"https:\/\/schema.org\",\"@graph\":[{\"@type\":\"Article\",\"@id\":\"https:\/\/elcotarro.com\/?p=10653#article\",\"isPartOf\":{\"@id\":\"https:\/\/elcotarro.com\/?p=10653\"},\"author\":{\"name\":\"Jos\u00e9 Carlos Marrero Gonz\u00e1lez\",\"@id\":\"https:\/\/elcotarro.com\/#\/schema\/person\/af537ee7d60d15984c7e0affcd8a918b\"},\"headline\":\"EL COTARRO \/ 473, DEL DOMINGO, 1\/10\/2023\",\"datePublished\":\"2023-09-30T23:07:17+00:00\",\"dateModified\":\"2023-10-01T20:16:02+00:00\",\"mainEntityOfPage\":{\"@id\":\"https:\/\/elcotarro.com\/?p=10653\"},\"wordCount\":2276,\"commentCount\":0,\"publisher\":{\"@id\":\"https:\/\/elcotarro.com\/#organization\"},\"image\":{\"@id\":\"https:\/\/elcotarro.com\/?p=10653#primaryimage\"},\"thumbnailUrl\":\"https:\/\/canariasenpositivo.com\/wp-content\/uploads\/2023\/09\/EL-COTARRO-CABECERA-1024x122.jpg\",\"articleSection\":[\"El Cotarro\"],\"inLanguage\":\"es\",\"potentialAction\":[{\"@type\":\"CommentAction\",\"name\":\"Comment\",\"target\":[\"https:\/\/elcotarro.com\/?p=10653#respond\"]}]},{\"@type\":\"WebPage\",\"@id\":\"https:\/\/elcotarro.com\/?p=10653\",\"url\":\"https:\/\/elcotarro.com\/?p=10653\",\"name\":\"EL COTARRO \/ 473, DEL DOMINGO, 1\/10\/2023 - El Cotarro\",\"isPartOf\":{\"@id\":\"https:\/\/elcotarro.com\/#website\"},\"primaryImageOfPage\":{\"@id\":\"https:\/\/elcotarro.com\/?p=10653#primaryimage\"},\"image\":{\"@id\":\"https:\/\/elcotarro.com\/?p=10653#primaryimage\"},\"thumbnailUrl\":\"https:\/\/canariasenpositivo.com\/wp-content\/uploads\/2023\/09\/EL-COTARRO-CABECERA-1024x122.jpg\",\"datePublished\":\"2023-09-30T23:07:17+00:00\",\"dateModified\":\"2023-10-01T20:16:02+00:00\",\"breadcrumb\":{\"@id\":\"https:\/\/elcotarro.com\/?p=10653#breadcrumb\"},\"inLanguage\":\"es\",\"potentialAction\":[{\"@type\":\"ReadAction\",\"target\":[\"https:\/\/elcotarro.com\/?p=10653\"]}]},{\"@type\":\"ImageObject\",\"inLanguage\":\"es\",\"@id\":\"https:\/\/elcotarro.com\/?p=10653#primaryimage\",\"url\":\"https:\/\/canariasenpositivo.com\/wp-content\/uploads\/2023\/09\/EL-COTARRO-CABECERA-1024x122.jpg\",\"contentUrl\":\"https:\/\/canariasenpositivo.com\/wp-content\/uploads\/2023\/09\/EL-COTARRO-CABECERA-1024x122.jpg\"},{\"@type\":\"BreadcrumbList\",\"@id\":\"https:\/\/elcotarro.com\/?p=10653#breadcrumb\",\"itemListElement\":[{\"@type\":\"ListItem\",\"position\":1,\"name\":\"Portada\",\"item\":\"https:\/\/elcotarro.com\/\"},{\"@type\":\"ListItem\",\"position\":2,\"name\":\"EL COTARRO \/ 473, DEL DOMINGO, 1\/10\/2023\"}]},{\"@type\":\"WebSite\",\"@id\":\"https:\/\/elcotarro.com\/#website\",\"url\":\"https:\/\/elcotarro.com\/\",\"name\":\"El Cotarro\",\"description\":\"Peri\u00f3dico Digital Independiente dirigido por Jos\u00e9 Carlos Marrero\",\"publisher\":{\"@id\":\"https:\/\/elcotarro.com\/#organization\"},\"potentialAction\":[{\"@type\":\"SearchAction\",\"target\":{\"@type\":\"EntryPoint\",\"urlTemplate\":\"https:\/\/elcotarro.com\/?s={search_term_string}\"},\"query-input\":{\"@type\":\"PropertyValueSpecification\",\"valueRequired\":true,\"valueName\":\"search_term_string\"}}],\"inLanguage\":\"es\"},{\"@type\":\"Organization\",\"@id\":\"https:\/\/elcotarro.com\/#organization\",\"name\":\"El Cotarro\",\"url\":\"https:\/\/elcotarro.com\/\",\"logo\":{\"@type\":\"ImageObject\",\"inLanguage\":\"es\",\"@id\":\"https:\/\/elcotarro.com\/#\/schema\/logo\/image\/\",\"url\":\"https:\/\/elcotarro.com\/wp-content\/uploads\/2014\/09\/Cabecera_El_Cotarro_v2.jpg\",\"contentUrl\":\"https:\/\/elcotarro.com\/wp-content\/uploads\/2014\/09\/Cabecera_El_Cotarro_v2.jpg\",\"width\":3540,\"height\":441,\"caption\":\"El Cotarro\"},\"image\":{\"@id\":\"https:\/\/elcotarro.com\/#\/schema\/logo\/image\/\"},\"sameAs\":[\"https:\/\/www.facebook.com\/ElCotarro.Tenerife\"]},{\"@type\":\"Person\",\"@id\":\"https:\/\/elcotarro.com\/#\/schema\/person\/af537ee7d60d15984c7e0affcd8a918b\",\"name\":\"Jos\u00e9 Carlos Marrero Gonz\u00e1lez\",\"image\":{\"@type\":\"ImageObject\",\"inLanguage\":\"es\",\"@id\":\"https:\/\/elcotarro.com\/#\/schema\/person\/image\/\",\"url\":\"https:\/\/secure.gravatar.com\/avatar\/def4da036efb5d32c74d49c351f6dccc064dd69ad9f3aadc295c5a9a5391ca01?s=96&d=mm&r=g\",\"contentUrl\":\"https:\/\/secure.gravatar.com\/avatar\/def4da036efb5d32c74d49c351f6dccc064dd69ad9f3aadc295c5a9a5391ca01?s=96&d=mm&r=g\",\"caption\":\"Jos\u00e9 Carlos Marrero Gonz\u00e1lez\"},\"sameAs\":[\"https:\/\/elcotarro.com\"],\"url\":\"https:\/\/elcotarro.com\/?author=2\"}]}<\/script>\n<!-- \/ Yoast SEO plugin. -->","yoast_head_json":{"title":"EL COTARRO \/ 473, DEL DOMINGO, 1\/10\/2023 - El Cotarro","robots":{"index":"index","follow":"follow","max-snippet":"max-snippet:-1","max-image-preview":"max-image-preview:large","max-video-preview":"max-video-preview:-1"},"canonical":"https:\/\/elcotarro.com\/?p=10653","og_locale":"es_ES","og_type":"article","og_title":"EL COTARRO \/ 473, DEL DOMINGO, 1\/10\/2023 - El Cotarro","og_description":"N\u00ba473 DEL 1 DE OCTUBRE DE 2023 &nbsp; \u00a0 Por Jos\u00e9 Carlos Marrero * &nbsp; &nbsp; EN MEDIO DEL COVID Y DE UNA INVESTIDURA FALLIDA Ya me lo ven\u00edan diciendo y yo no hac\u00eda mucho caso, apelando al hecho real de que ya me han vacunado hasta tres veces\u2026 Pero ni por esas. Efectivamente, el ... Read more","og_url":"https:\/\/elcotarro.com\/?p=10653","og_site_name":"El Cotarro","article_publisher":"https:\/\/www.facebook.com\/ElCotarro.Tenerife","article_published_time":"2023-09-30T23:07:17+00:00","article_modified_time":"2023-10-01T20:16:02+00:00","og_image":[{"url":"https:\/\/canariasenpositivo.com\/wp-content\/uploads\/2023\/09\/EL-COTARRO-CABECERA-1024x122.jpg","type":"","width":"","height":""}],"author":"Jos\u00e9 Carlos Marrero Gonz\u00e1lez","twitter_misc":{"Escrito por":"Jos\u00e9 Carlos Marrero Gonz\u00e1lez","Tiempo de lectura":"12 minutos"},"schema":{"@context":"https:\/\/schema.org","@graph":[{"@type":"Article","@id":"https:\/\/elcotarro.com\/?p=10653#article","isPartOf":{"@id":"https:\/\/elcotarro.com\/?p=10653"},"author":{"name":"Jos\u00e9 Carlos Marrero Gonz\u00e1lez","@id":"https:\/\/elcotarro.com\/#\/schema\/person\/af537ee7d60d15984c7e0affcd8a918b"},"headline":"EL COTARRO \/ 473, DEL DOMINGO, 1\/10\/2023","datePublished":"2023-09-30T23:07:17+00:00","dateModified":"2023-10-01T20:16:02+00:00","mainEntityOfPage":{"@id":"https:\/\/elcotarro.com\/?p=10653"},"wordCount":2276,"commentCount":0,"publisher":{"@id":"https:\/\/elcotarro.com\/#organization"},"image":{"@id":"https:\/\/elcotarro.com\/?p=10653#primaryimage"},"thumbnailUrl":"https:\/\/canariasenpositivo.com\/wp-content\/uploads\/2023\/09\/EL-COTARRO-CABECERA-1024x122.jpg","articleSection":["El Cotarro"],"inLanguage":"es","potentialAction":[{"@type":"CommentAction","name":"Comment","target":["https:\/\/elcotarro.com\/?p=10653#respond"]}]},{"@type":"WebPage","@id":"https:\/\/elcotarro.com\/?p=10653","url":"https:\/\/elcotarro.com\/?p=10653","name":"EL COTARRO \/ 473, DEL DOMINGO, 1\/10\/2023 - El Cotarro","isPartOf":{"@id":"https:\/\/elcotarro.com\/#website"},"primaryImageOfPage":{"@id":"https:\/\/elcotarro.com\/?p=10653#primaryimage"},"image":{"@id":"https:\/\/elcotarro.com\/?p=10653#primaryimage"},"thumbnailUrl":"https:\/\/canariasenpositivo.com\/wp-content\/uploads\/2023\/09\/EL-COTARRO-CABECERA-1024x122.jpg","datePublished":"2023-09-30T23:07:17+00:00","dateModified":"2023-10-01T20:16:02+00:00","breadcrumb":{"@id":"https:\/\/elcotarro.com\/?p=10653#breadcrumb"},"inLanguage":"es","potentialAction":[{"@type":"ReadAction","target":["https:\/\/elcotarro.com\/?p=10653"]}]},{"@type":"ImageObject","inLanguage":"es","@id":"https:\/\/elcotarro.com\/?p=10653#primaryimage","url":"https:\/\/canariasenpositivo.com\/wp-content\/uploads\/2023\/09\/EL-COTARRO-CABECERA-1024x122.jpg","contentUrl":"https:\/\/canariasenpositivo.com\/wp-content\/uploads\/2023\/09\/EL-COTARRO-CABECERA-1024x122.jpg"},{"@type":"BreadcrumbList","@id":"https:\/\/elcotarro.com\/?p=10653#breadcrumb","itemListElement":[{"@type":"ListItem","position":1,"name":"Portada","item":"https:\/\/elcotarro.com\/"},{"@type":"ListItem","position":2,"name":"EL COTARRO \/ 473, DEL DOMINGO, 1\/10\/2023"}]},{"@type":"WebSite","@id":"https:\/\/elcotarro.com\/#website","url":"https:\/\/elcotarro.com\/","name":"El Cotarro","description":"Peri\u00f3dico Digital Independiente dirigido por Jos\u00e9 Carlos Marrero","publisher":{"@id":"https:\/\/elcotarro.com\/#organization"},"potentialAction":[{"@type":"SearchAction","target":{"@type":"EntryPoint","urlTemplate":"https:\/\/elcotarro.com\/?s={search_term_string}"},"query-input":{"@type":"PropertyValueSpecification","valueRequired":true,"valueName":"search_term_string"}}],"inLanguage":"es"},{"@type":"Organization","@id":"https:\/\/elcotarro.com\/#organization","name":"El Cotarro","url":"https:\/\/elcotarro.com\/","logo":{"@type":"ImageObject","inLanguage":"es","@id":"https:\/\/elcotarro.com\/#\/schema\/logo\/image\/","url":"https:\/\/elcotarro.com\/wp-content\/uploads\/2014\/09\/Cabecera_El_Cotarro_v2.jpg","contentUrl":"https:\/\/elcotarro.com\/wp-content\/uploads\/2014\/09\/Cabecera_El_Cotarro_v2.jpg","width":3540,"height":441,"caption":"El Cotarro"},"image":{"@id":"https:\/\/elcotarro.com\/#\/schema\/logo\/image\/"},"sameAs":["https:\/\/www.facebook.com\/ElCotarro.Tenerife"]},{"@type":"Person","@id":"https:\/\/elcotarro.com\/#\/schema\/person\/af537ee7d60d15984c7e0affcd8a918b","name":"Jos\u00e9 Carlos Marrero Gonz\u00e1lez","image":{"@type":"ImageObject","inLanguage":"es","@id":"https:\/\/elcotarro.com\/#\/schema\/person\/image\/","url":"https:\/\/secure.gravatar.com\/avatar\/def4da036efb5d32c74d49c351f6dccc064dd69ad9f3aadc295c5a9a5391ca01?s=96&d=mm&r=g","contentUrl":"https:\/\/secure.gravatar.com\/avatar\/def4da036efb5d32c74d49c351f6dccc064dd69ad9f3aadc295c5a9a5391ca01?s=96&d=mm&r=g","caption":"Jos\u00e9 Carlos Marrero Gonz\u00e1lez"},"sameAs":["https:\/\/elcotarro.com"],"url":"https:\/\/elcotarro.com\/?author=2"}]}},"jetpack_featured_media_url":"","jetpack_sharing_enabled":true,"_links":{"self":[{"href":"https:\/\/elcotarro.com\/index.php?rest_route=\/wp\/v2\/posts\/10653","targetHints":{"allow":["GET"]}}],"collection":[{"href":"https:\/\/elcotarro.com\/index.php?rest_route=\/wp\/v2\/posts"}],"about":[{"href":"https:\/\/elcotarro.com\/index.php?rest_route=\/wp\/v2\/types\/post"}],"author":[{"embeddable":true,"href":"https:\/\/elcotarro.com\/index.php?rest_route=\/wp\/v2\/users\/2"}],"replies":[{"embeddable":true,"href":"https:\/\/elcotarro.com\/index.php?rest_route=%2Fwp%2Fv2%2Fcomments&post=10653"}],"version-history":[{"count":4,"href":"https:\/\/elcotarro.com\/index.php?rest_route=\/wp\/v2\/posts\/10653\/revisions"}],"predecessor-version":[{"id":10657,"href":"https:\/\/elcotarro.com\/index.php?rest_route=\/wp\/v2\/posts\/10653\/revisions\/10657"}],"wp:attachment":[{"href":"https:\/\/elcotarro.com\/index.php?rest_route=%2Fwp%2Fv2%2Fmedia&parent=10653"}],"wp:term":[{"taxonomy":"category","embeddable":true,"href":"https:\/\/elcotarro.com\/index.php?rest_route=%2Fwp%2Fv2%2Fcategories&post=10653"},{"taxonomy":"post_tag","embeddable":true,"href":"https:\/\/elcotarro.com\/index.php?rest_route=%2Fwp%2Fv2%2Ftags&post=10653"}],"curies":[{"name":"wp","href":"https:\/\/api.w.org\/{rel}","templated":true}]}}