{"id":10684,"date":"2023-11-19T08:40:07","date_gmt":"2023-11-19T08:40:07","guid":{"rendered":"https:\/\/elcotarro.com\/?p=10684"},"modified":"2023-11-19T08:40:07","modified_gmt":"2023-11-19T08:40:07","slug":"el-cotarro-480-del-domingo-19-11-2023","status":"publish","type":"post","link":"https:\/\/elcotarro.com\/?p=10684","title":{"rendered":"EL COTARRO \/ 480, DEL DOMINGO, 19\/11\/2023"},"content":{"rendered":"<p><img loading=\"lazy\" decoding=\"async\" class=\"size-large wp-image-6721 aligncenter\" src=\"https:\/\/canariasenpositivo.com\/wp-content\/uploads\/2023\/09\/EL-COTARRO-CABECERA-1024x122.jpg\" alt=\"\" width=\"660\" height=\"79\" \/><\/p>\n<p style=\"text-align: center\"><span style=\"color: #ff0000\"><strong>N\u00ba480 DEL 19 DE NOVIEMBRE DE 2023<\/strong><\/span><\/p>\n<p>&nbsp;<\/p>\n<p><em>\u00a0<\/em><\/p>\n<p><span style=\"color: #0000ff\"><em>Por <strong>Jos\u00e9 Carlos Marrero *<\/strong><\/em><\/span><\/p>\n<p>&nbsp;<\/p>\n<p>&nbsp;<\/p>\n<p><span style=\"color: #0000ff\"><strong>SIGUE SIN GUSTARME EL CAMINAR DE LA PERRITA<\/strong><\/span><\/p>\n<ul>\n<li>Comienzo <strong><em>El Cotarro<\/em><\/strong> de hoy reiterando que sigue sin gustarme \u201cel caminar de la perrita\u201d \u2026 La diferencia con respecto al pasado domingo radica en que este ya tenemos de nuevo a <strong>Pedro S\u00e1nchez P\u00e9rez-Castej\u00f3n<\/strong> con el contrato de inquilinato del palacio de La Moncloa renovado para otros cuatro a\u00f1os (en principio) con la fianza que le han dado 179 votos en el pasado proceso de investidura y la promesa ante <strong>Su Majestad El Rey<\/strong>, un muy serio <strong>Felipe VI<\/strong> al que <strong>Pedro S\u00e1nchez<\/strong> le dijo (a \u00e9l y a toda Espa\u00f1a) textualmente lo de <em>\u201cprometo, por mi conciencia y honor, cumplir fielmente con las obligaciones del cargo, con lealtad al Rey, y guardar y hacer guardar la Constituci\u00f3n como norma fundamental del Estado<\/em>\u201d. Deseemos y esperemos que, como en ocasiones anteriores, no mienta y no cambie de opini\u00f3n o criterio. Para mucha gente de esta tierra la pol\u00e9mica ha venido a partir del a partir del \u201cs\u00ed\u201d de Coalici\u00f3n Canaria a la investidura de <strong>Pedro S\u00e1nchez<\/strong>, el voto positivo de CC al PSOE. El desconcierto de unos, el mosqueo de otros, la comprensi\u00f3n de unos y la aceptaci\u00f3n, o no, de otros, ha protagonizado la semana. Un \u201cs\u00ed\u201d de <strong>Cristina Valido<\/strong> que hay que explicar con mucha pedagog\u00eda para que la gente pueda entenderlo.<\/li>\n<\/ul>\n<p><em> <img loading=\"lazy\" decoding=\"async\" class=\"size-large wp-image-6992 aligncenter\" src=\"https:\/\/canariasenpositivo.com\/wp-content\/uploads\/2023\/11\/1.-EL-REY-CON-PEDRO-1024x682.jpg\" alt=\"\" width=\"660\" height=\"440\" \/><\/em><\/p>\n<p style=\"text-align: center\"><em>Su Majestad El Rey Felipe VI (serio y con cara de pocos amigos) y Pedro S\u00e1nchez (Foto: Casa Real)<\/em><\/p>\n<p><em>\u00a0<\/em><\/p>\n<p><span style=\"color: #0000ff\"><strong>AN\u00c1LISIS DEL VALOR DE UN VOTO ENTRE PEPE Y JAIME<\/strong><\/span><\/p>\n<ul>\n<li>El mencionado voto de CC a <strong>Pedro S\u00e1nchez<\/strong> ejecutado por Cristina Valido ha generado toda clase de opiniones y sentimientos, aceptando (o no) que con dicho voto o sin \u00e9l, <strong>Pedro<\/strong> iba a seguir en La Moncloa. As\u00ed las cosas, un voto \u201cnegativo\u201d podr\u00eda haber supuesto que, mosqueado como se suele mosquear Pedro S\u00e1nchez, \u00e9l y su Gobierno estar\u00edan cuatro a\u00f1os \u201cpenalizando\u201d a Canarias sin \u201cmandar perritas para abajo\u00bb. Otros, en cambio, piensan que el voto \u201cpositivo\u201d (aunque Cristina vote \u201cno\u201d a la amnist\u00eda) supondr\u00e1 una lluvia de millones y atenciones (inmigraci\u00f3n, transportes, etc.) Y los hay que piensan que, votado <strong>Pedro S\u00e1nchez<\/strong>, impl\u00edcitamente se ha votado a la amnist\u00eda y que ni todos los millones que quieran darnos, justifica el apoyo a un S\u00e1nchez aliado con los independentistas. Una visi\u00f3n desde la \u00f3ptica de dos magn\u00edficos periodistas y analistas pol\u00edticos puede ayudar a entender mejor el dilema y crearse uno su propio criterio y opini\u00f3n. Me refiero a las visiones de <strong>Pepe Moreno <\/strong>en la plataforma <strong>Canarias en Positivo<\/strong> y la de <strong>Jaime P\u00e9rez-Llombet<\/strong> en el digital <strong>El Confidencial.<\/strong> A continuaci\u00f3n, les comento algo y les facilito el enlace.<\/li>\n<\/ul>\n<p><em> <img loading=\"lazy\" decoding=\"async\" class=\"size-full wp-image-6993 aligncenter\" src=\"https:\/\/canariasenpositivo.com\/wp-content\/uploads\/2023\/11\/2.-PEDRO-Y-CRISTINA.jpeg\" alt=\"\" width=\"940\" height=\"528\" \/><\/em><\/p>\n<p style=\"text-align: center\"><em>Pedro S\u00e1nchez P\u00e9rez-Castej\u00f3n (PSOE) junto a Cristina Valido Garc\u00eda (CC)<\/em><\/p>\n<p><em>\u00a0<\/em><\/p>\n<p><span style=\"color: #0000ff\"><strong>LA VISI\u00d3N DE PEPE MORENO DESDE \u2018EL MON\u00d3LOGO\u2019<\/strong><\/span><\/p>\n<ul>\n<li>En estas dos visiones de un mismo asunto, <strong>Pepe Moreno<\/strong>, desde su secci\u00f3n semanal <strong>\u2018El Mon\u00f3logo\u2019<\/strong> publica el art\u00edculo titulado <em>\u201cRetos pol\u00edticos sin amnist\u00eda\u201d<\/em> y en \u00e9l expone una serie de datos y circunstancias a las que, desde su punto de vista, est\u00e1 contribuyendo Coalici\u00f3n Canaria con su voto positivo a <strong>Pedro S\u00e1nchez<\/strong>. Comenta <strong>Pepe<\/strong> que \u201c<em>Si rechazan la amnist\u00eda no haber investido a <strong>Pedro S\u00e1nchez<\/strong> y si lo hicieron apechuguen con las consecuencias, pero recuerden que as\u00ed comenz\u00f3 Teruel Existe y hoy ya no est\u00e1n en el Congreso de los Diputados. Nuestro presidente, <strong>Fernando Clavijo<\/strong>, dice que era esto, el voto a favor, o el ostracismo econ\u00f3mico. \u00bfY su Gobierno har\u00e1 m\u00e1s viviendas, m\u00e1s carreteras y est\u00e1 de acuerdo en que vivamos mejor y que la Sanidad nos atienda en tiempo y forma?<\/em> El art\u00edculo de <strong>Pepe Moreno<\/strong>, que les recomiendo leer lo pueden buscar en la plataforma Canarias en Positivo (<a href=\"http:\/\/www.canariasenpositivo.com\">canariasenpositivo.com<\/a>) o encontrar directamente en el enlace: <a href=\"https:\/\/canariasenpositivo.com\/el-monologo-189-retos-politicos-sin-amnistia\/\">https:\/\/canariasenpositivo.com\/el-monologo-189-retos-politicos-sin-amnistia\/<\/a><\/li>\n<\/ul>\n<p><em> <img loading=\"lazy\" decoding=\"async\" class=\"size-full wp-image-6994 aligncenter\" src=\"https:\/\/canariasenpositivo.com\/wp-content\/uploads\/2023\/11\/3.-PEPE-MORENO.jpg\" alt=\"\" width=\"336\" height=\"260\" \/><\/em><\/p>\n<p style=\"text-align: center\"><em>Pepe Moreno escribe cada s\u00e1bado \u2018El Mon\u00f3logo\u2019 dentro de Canarias en Positivo.<\/em><\/p>\n<p><em>\u00a0<\/em><\/p>\n<p><strong><span style=\"color: #0000ff\">Y LA DE P\u00c9REZ-LLOMBET DESDE \u2018CON SIETE PUERTAS\u2019<\/span> <\/strong><\/p>\n<ul>\n<li>Por su parte, <strong>Jaime P\u00e9rez-Llombet<\/strong>, en su blog \u201cCon siete Puertas\u201d publica el art\u00edculo titulado <em>\u201cCoalici\u00f3n Canaria sale de la investidura con una triangulaci\u00f3n bajo el brazo\u201d<\/em> donde comenta que <em>\u201c<\/em><em>Quienes trabajan en investigaciones cualitativas y los que deciden la estrategia deCoalici\u00f3n Canaria\u00a0tienen en com\u00fan el uso de la<strong>\u00a0<\/strong>triangulaci\u00f3n\u00a0para multiplicar la validez y credibilidad de los resultados.\u00a0El s\u00ed de CC a<strong> Pedro S\u00e1nchez\u00a0<\/strong>no solo trae bajo el brazo presupuestario (y competencial) una\u00a0<\/em><a href=\"https:\/\/www.elconfidencial.com\/espana\/islas-canarias\/2023-11-16\/coalicion-canaria-investidura-sanchez-cesiones_3775169\/\"><em>bater\u00eda de compromisos<\/em><\/a><em>. El acuerdo de coalici\u00f3n con el PSOE en el \u00e1mbito del Estado permite a los nacionalistas canarios la cuadratura del c\u00edrculo, la f\u00f3rmula m\u00e1gica que cualquier partido querr\u00eda para s\u00ed: una triangulaci\u00f3n que les permitir\u00e1 multiplicar su visibilidad en Madrid,<strong>\u00a0<\/strong>neutralizar en grand\u00edsima medida a la oposici\u00f3n\u00a0socialista en la C\u00e1mara auton\u00f3mica, y, tres de tres, hacerlo sin perder ni arriesgar su convivencia con el PP, socios de coalici\u00f3n en el Gobierno regional, cabildos y en un buen pu\u00f1ado de ayuntamientos del archipi\u00e9lago<\/em>. El art\u00edculo completo de <strong>Jaime P\u00e9rez-Llombet<\/strong> lo pueden encontrar en el siguiente enlace:<\/li>\n<\/ul>\n<p><a href=\"https:\/\/blogs.elconfidencial.com\/espana\/islas-canarias\/con-siete-puertas\/2023-11-17\/coalicion-canaria-investidura-triangulacion-brazo_3775580\/\">https:\/\/blogs.elconfidencial.com\/espana\/islas-canarias\/con-siete-puertas\/2023-11-17\/coalicion-canaria-investidura-triangulacion-brazo_3775580\/<\/a><\/p>\n<p><em> <img loading=\"lazy\" decoding=\"async\" class=\"size-full wp-image-6995 aligncenter\" src=\"https:\/\/canariasenpositivo.com\/wp-content\/uploads\/2023\/11\/4.-JAIME-PEREZ-LLOMBET.jpg\" alt=\"\" width=\"800\" height=\"507\" \/><\/em><\/p>\n<p style=\"text-align: center\"><em>Jaime P\u00e9rez-Llombet escribe su blog \u201cCon siete puertas\u201d en el digital El Confidencial<\/em><\/p>\n<p>&nbsp;<\/p>\n<p><span style=\"color: #0000ff\">A LA COLA EN LAS LISTAS DE ESPERA PARA CIRUG\u00cdA<\/span><\/p>\n<ul>\n<li>Cambio de tercio coment\u00e1ndoles que, aunque tenga problemas y fallos (como casi todo en la vida) sabemos y debemos reconocer de entrada que la Sanidad Espa\u00f1ola es muy buena y hasta, en muchos casos, ejemplar. Quienes hemos tenido que hacer uso de ella lo sabemos. Eso no quita, sin embargo, que haya que mejorar muchas puntuales deficiencias y determinados problemas estructurales. En estos momentos, por ejemplo, estamos teniendo un verdadero r\u00e9cord hist\u00f3rico de pacientes en las listas de espera para operarse. He le\u00eddo con mucho inter\u00e9s el documentado art\u00edculo escrito por <strong>Emiliano Cascos<\/strong> y <strong>Sergio Alonso<\/strong>, publicado el pasado viernes en el peri\u00f3dico <strong>La Raz\u00f3n<\/strong>. El resumen en la entradilla del art\u00edculo afirmaba que las personas que necesitan una cirug\u00eda en la Sanidad p\u00fablica alcanzan la cifra de 819.964, esto es, 77.446 m\u00e1s en un solo a\u00f1o. En n\u00fameros redondos podr\u00edamos decir que casi un mill\u00f3n de espa\u00f1olitos y espa\u00f1olitas est\u00e1n esperando una intervenci\u00f3n quir\u00fargica. Nuestra comunidad aut\u00f3noma es la peor parada en esta problem\u00e1tica y me consta que <strong>Esther Monz\u00f3n Monz\u00f3n<\/strong>, nuestra consejera regional de Sanidad, y <strong>Carlos Gustavo D\u00edaz Perera<\/strong>, nuestro director del Servicio Canario de la Salud (SCS) lo saben perfectamente.<\/li>\n<\/ul>\n<p><img loading=\"lazy\" decoding=\"async\" class=\"size-full wp-image-6996 aligncenter\" src=\"https:\/\/canariasenpositivo.com\/wp-content\/uploads\/2023\/11\/5.-MONZON-Y-DIAZ.jpg\" alt=\"\" width=\"761\" height=\"519\" \/><\/p>\n<p style=\"text-align: center\"><em>Esther Monz\u00f3n Monz\u00f3n (consejera) y Carlos Gustavo D\u00edaz Perera (director del SCS)<\/em><\/p>\n<p>&nbsp;<\/p>\n<p><span style=\"color: #0000ff\"><strong>DEMOLEDORES DATOS EN EL ART\u00cdCULO DE \u2018LA RAZ\u00d3N\u2019<\/strong><\/span><\/p>\n<ul>\n<li>En el interesante y documentado art\u00edculo del peri\u00f3dico <strong>La Raz\u00f3n<\/strong>, se dice textualmente: <em>\u201cA la cabeza de este negativo ranking se encontraban en junio de 2022 las comunidades de Arag\u00f3n, bajo gobierno socialista, y Catalu\u00f1a, bajo gobierno nacionalista. En ambos territorios la demora media para una cirug\u00eda alcanzaba los 151 d\u00edas: ahora Catalu\u00f1a ha bajado a 131 y Arag\u00f3n a 126. Las que se han disparado a peor son Canarias con 153, Extremadura con 147 y Cantabria, con 142. La criticada Madrid de <strong>Isabel D\u00edaz Ayuso<\/strong>, en donde apenas se contabilizaban de espera media 65 d\u00edas, ha logrado bajar en este \u00faltimo informe del Ministerio a solo 45 d\u00edas. Dicho de otra forma: los pacientes canarios tardan de media 108 d\u00edas m\u00e1s en ser operados en un hospital p\u00fablico que los enfermos madrile\u00f1os, mientras que en la misma comparativa los extreme\u00f1os se van a 102 y los c\u00e1ntabros, a 97. Otro apartado importante para comprender el estado de la sanidad p\u00fablica espa\u00f1ola es el tiempo de demora para consultas externas en atenci\u00f3n especializada, que era de 57 d\u00edas en junio de 2018, cantidad que se elev\u00f3 en junio de 2022 a los 79 d\u00edas. Pues bien, ahora ya es de 87 d\u00edas de media, con Canarias en primer lugar con 90\u201d.<\/em><\/li>\n<\/ul>\n<p><strong> <img loading=\"lazy\" decoding=\"async\" class=\"size-large wp-image-6997 aligncenter\" src=\"https:\/\/canariasenpositivo.com\/wp-content\/uploads\/2023\/11\/6.-LISTAS-DE-ESPERA-SNS-1024x576.webp\" alt=\"\" width=\"660\" height=\"371\" \/><\/strong><\/p>\n<p style=\"text-align: center\"><em>\u00a0<\/em><em>Mapa de las listas de espera en Espa\u00f1a por autonom\u00edas a 30 de junio de 2023<\/em><\/p>\n<p><strong>\u00a0<\/strong><\/p>\n<p><span style=\"color: #0000ff\"><strong>LAS LISTAS, LOS SOCIOSANITARIOS, Y LAS URGENCIAS<\/strong><\/span><\/p>\n<ul>\n<li>Todo esto nos lleva a un endemoniado c\u00edrculo vicioso que, a su vez, tiene relaci\u00f3n directa con cruda realidad de que necesitamos, de forma urgente, una buena y eficaz red canaria de centros sociosanitarios (hospitales de c\u00f3nicos o de larga estancia) en los que atender, de la mejor manera y m\u00e1s cerca de su entorno familiar a cientos de pacientes. Me refiero a pacientes mayores y no tan mayores que, por sus patolog\u00edas, no demandan ni requieren los servicios de un gran hospital, sino atenciones y cuidados muy concretos y relativamente rutinarios pero que, por sus caracter\u00edsticas, su complejidad, su especializaci\u00f3n, sus requerimientos f\u00edsicos o su aparataje, no pueden ser facilitados por los familiares de los pacientes en sus viviendas. Eso sin olvidar que muchos de los familiares (con o sin hijos) de los pacientes ingresados tienen que compatibilizar sus vidas cumpliendo con sus respectivos trabajos profesionales y atender la log\u00edstica habitual de una casa familiar. Sin centros sociosanitarios cientos de pacientes bloquean camas en los hospitales que, a su vez, inciden en el bloqueo del Servicio de Urgencias y las necesarias para bajar las listas de espera quir\u00fargicas.<\/li>\n<\/ul>\n<p><img loading=\"lazy\" decoding=\"async\" class=\"size-large wp-image-6998 aligncenter\" src=\"https:\/\/canariasenpositivo.com\/wp-content\/uploads\/2023\/11\/7.-SOCIOSANITARIO-1024x683.jpg\" alt=\"\" width=\"660\" height=\"440\" \/><\/p>\n<p style=\"text-align: center\"><em>Necesitamos hospitales de larga estancia, de cr\u00f3nicos o centros sociosanitarios \u00a1YA!<\/em><\/p>\n<p>&nbsp;<\/p>\n<p><span style=\"color: #0000ff\"><strong>CENTROS DE 100 PLAZAS REPARTIDOS POR CANARIAS<\/strong><\/span><\/p>\n<ul>\n<li>Por lo que me dicen los expertos, de lo que se tratar\u00eda es de hacer realidad, siempre lo m\u00e1s pronto posible, una red de centros sociosanitarios, hospitales de larga estancia u centros sociosanitarios como el nuevo Hospital de <strong>Nuestra Se\u00f1ora de Los Dolores<\/strong>, en La Laguna, actualmente en un moderno edificio (dise\u00f1ado por los arquitectos tinerfe\u00f1os <strong>Federico Garc\u00eda Barba<\/strong> y <strong>Cristina Gonz\u00e1lez V\u00e1zquez<\/strong>) situado en un lateral de la autov\u00eda de enlace TF-2, que une Las Chumberas con Santa Mar\u00eda del Mar. El mencionado equipamiento sanitario, destinado a la atenci\u00f3n de personas de edad avanzada o con enfermedades cr\u00f3nicas, tiene una superficie construida total de 7.500 m2, as\u00ed como una capacidad para 99 residentes y 20 usuarios externos. Ya no se trata de hacer grandes macrocentros como el Hogar <strong>Santa Rita<\/strong>, con m\u00e1s de 400 usuarios. Ahora de lo que se trata es de hacer realidad centros m\u00e1s peque\u00f1os, manejables y llevaderos repartidos por todas las islas y ubicados en sitios cercanos al entorno habitual de la ciudadan\u00eda que los utiliza.<\/li>\n<\/ul>\n<p><em> <img loading=\"lazy\" decoding=\"async\" class=\"size-large wp-image-6999 aligncenter\" src=\"https:\/\/canariasenpositivo.com\/wp-content\/uploads\/2023\/11\/8.-HOSPITAL-DE-DOLORES-1024x744.webp\" alt=\"\" width=\"660\" height=\"480\" \/><\/em><\/p>\n<p style=\"text-align: center\"><em>Panor\u00e1mica a\u00e9rea del Hospital Nuestra Se\u00f1ora de los Dolores, en La Laguna<\/em><\/p>\n<p><em>\u00a0<\/em><\/p>\n<p><span style=\"color: #0000ff\"><strong>COMPETICI\u00d3N EN LOS HOSPITALES POR LAS CAMAS<\/strong><\/span><\/p>\n<ul>\n<li>Remato la faena dici\u00e9ndoles que puede sonar muy fuerte o muy escandaloso, pero, al fin y al cabo, es lo que hay. En Urgencias se tratan al d\u00eda un mont\u00f3n de casos (en las del HUC unas 250) de los que la mayor\u00eda (unos 200) se diagnostican, se medican y se resuelven. Los 50 pacientes restantes deben ingresar (en el HUC o cualquier otro centro concertado) o se quedan \u201cengangados\u201d en Urgencias, incluyendo sus pasillos. Por su parte, los pacientes de las listas de espera para intervenciones quir\u00fargicas saben que, tras la operaci\u00f3n necesitan unas camas en planta. Para que nos entendamos y a lo bestia (con perd\u00f3n) Urgencias necesita del HUC unas 50 camas al d\u00eda y las listas de espera otras 50. En n\u00fameros redondos, 100 camas al d\u00eda deber\u00edan quedar libres con enfermos dados de alta o derivados a otros centros. Sociosanitarios, hospitales de cr\u00f3nicos o los de larga estancia. Es lo que hay, groso modo, y mal que les pese a los pol\u00edticos, sean del partido que sean. O buscamos una salida para los pacientes que con un \u201calta administrativa\u201d siguen ocupando una cama en nuestros hospitales de referencia, o la bajada de la lista de espera para intervenciones quir\u00fargicas va a ser absolutamente imposible. No cabe otra. Y todos los saben. Pongan mano a la obra.<\/li>\n<\/ul>\n<p><em> <img loading=\"lazy\" decoding=\"async\" class=\"size-large wp-image-7000 aligncenter\" src=\"https:\/\/canariasenpositivo.com\/wp-content\/uploads\/2023\/11\/9.-URGENCIAS-HUC-1024x438.jpg\" alt=\"\" width=\"660\" height=\"282\" \/><\/em><\/p>\n<p style=\"text-align: center\"><em>El bloqueo en los servicios de Urgencias (con camas por los pasillos) tiene relaci\u00f3n con la lista de espera quir\u00fargica y la necesidad de contar con muchas m\u00e1s camas en las planta de los hospitales.<\/em><\/p>\n<p>&nbsp;<\/p>\n<p><span style=\"color: #0000ff\"><strong>* Jos\u00e9 Carlos MARRERO GONZ\u00c1LEZ<\/strong><\/span><\/p>\n<p>Periodista y analista de la actualidad.<\/p>\n<p>Director de <strong><em>El Cotarro<\/em><\/strong> (www.elcotarro.com)<\/p>\n<p>Director de <strong><em>Canarias en Positivo<\/em><\/strong> (www.canariasenpositivo.com)<\/p>\n<p>Director de <strong><em>GastroCanarias<\/em><\/strong> (www.gastrocanarias.com)<\/p>\n<p>&nbsp;<\/p>\n<p><em>info@elcotarro.com<\/em><\/p>\n<p>&nbsp;<\/p>\n<p>Islas Canarias, 19 de noviembre de 2023.<\/p>\n<p><img loading=\"lazy\" decoding=\"async\" class=\"size-full wp-image-6683 aligncenter\" src=\"https:\/\/canariasenpositivo.com\/wp-content\/uploads\/2023\/09\/A-CARECA-INSULA.jpg\" alt=\"\" width=\"750\" height=\"153\" \/><\/p>\n","protected":false},"excerpt":{"rendered":"<p>N\u00ba480 DEL 19 DE NOVIEMBRE DE 2023 &nbsp; \u00a0 Por Jos\u00e9 Carlos Marrero * &nbsp; &nbsp; SIGUE SIN GUSTARME EL CAMINAR DE LA PERRITA Comienzo El Cotarro de hoy reiterando que sigue sin gustarme \u201cel caminar de la perrita\u201d \u2026 La diferencia con respecto al pasado domingo radica en que este ya tenemos de nuevo &#8230; <a class=\"read-more\" href=\"https:\/\/elcotarro.com\/?p=10684\">Read more<\/a><\/p>\n","protected":false},"author":2,"featured_media":0,"comment_status":"open","ping_status":"open","sticky":false,"template":"","format":"standard","meta":{"_jetpack_memberships_contains_paid_content":false,"footnotes":""},"categories":[4],"tags":[],"class_list":["post-10684","post","type-post","status-publish","format-standard","hentry","category-el-cotarro"],"yoast_head":"<!-- This site is optimized with the Yoast SEO plugin v27.0 - https:\/\/yoast.com\/product\/yoast-seo-wordpress\/ -->\n<title>EL COTARRO \/ 480, DEL DOMINGO, 19\/11\/2023 - El Cotarro<\/title>\n<meta name=\"robots\" content=\"index, follow, max-snippet:-1, max-image-preview:large, max-video-preview:-1\" \/>\n<link rel=\"canonical\" href=\"https:\/\/elcotarro.com\/?p=10684\" \/>\n<meta property=\"og:locale\" content=\"es_ES\" \/>\n<meta property=\"og:type\" content=\"article\" \/>\n<meta property=\"og:title\" content=\"EL COTARRO \/ 480, DEL DOMINGO, 19\/11\/2023 - El Cotarro\" \/>\n<meta property=\"og:description\" content=\"N\u00ba480 DEL 19 DE NOVIEMBRE DE 2023 &nbsp; \u00a0 Por Jos\u00e9 Carlos Marrero * &nbsp; &nbsp; SIGUE SIN GUSTARME EL CAMINAR DE LA PERRITA Comienzo El Cotarro de hoy reiterando que sigue sin gustarme \u201cel caminar de la perrita\u201d \u2026 La diferencia con respecto al pasado domingo radica en que este ya tenemos de nuevo ... Read more\" \/>\n<meta property=\"og:url\" content=\"https:\/\/elcotarro.com\/?p=10684\" \/>\n<meta property=\"og:site_name\" content=\"El Cotarro\" \/>\n<meta property=\"article:publisher\" content=\"https:\/\/www.facebook.com\/ElCotarro.Tenerife\" \/>\n<meta property=\"article:published_time\" content=\"2023-11-19T08:40:07+00:00\" \/>\n<meta property=\"og:image\" content=\"https:\/\/canariasenpositivo.com\/wp-content\/uploads\/2023\/09\/EL-COTARRO-CABECERA-1024x122.jpg\" \/>\n<meta name=\"author\" content=\"Jos\u00e9 Carlos Marrero Gonz\u00e1lez\" \/>\n<meta name=\"twitter:label1\" content=\"Escrito por\" \/>\n\t<meta name=\"twitter:data1\" content=\"Jos\u00e9 Carlos Marrero Gonz\u00e1lez\" \/>\n\t<meta name=\"twitter:label2\" content=\"Tiempo de lectura\" \/>\n\t<meta name=\"twitter:data2\" content=\"12 minutos\" \/>\n<script type=\"application\/ld+json\" class=\"yoast-schema-graph\">{\"@context\":\"https:\/\/schema.org\",\"@graph\":[{\"@type\":\"Article\",\"@id\":\"https:\/\/elcotarro.com\/?p=10684#article\",\"isPartOf\":{\"@id\":\"https:\/\/elcotarro.com\/?p=10684\"},\"author\":{\"name\":\"Jos\u00e9 Carlos Marrero Gonz\u00e1lez\",\"@id\":\"https:\/\/elcotarro.com\/#\/schema\/person\/af537ee7d60d15984c7e0affcd8a918b\"},\"headline\":\"EL COTARRO \/ 480, DEL DOMINGO, 19\/11\/2023\",\"datePublished\":\"2023-11-19T08:40:07+00:00\",\"mainEntityOfPage\":{\"@id\":\"https:\/\/elcotarro.com\/?p=10684\"},\"wordCount\":2170,\"commentCount\":0,\"publisher\":{\"@id\":\"https:\/\/elcotarro.com\/#organization\"},\"image\":{\"@id\":\"https:\/\/elcotarro.com\/?p=10684#primaryimage\"},\"thumbnailUrl\":\"https:\/\/canariasenpositivo.com\/wp-content\/uploads\/2023\/09\/EL-COTARRO-CABECERA-1024x122.jpg\",\"articleSection\":[\"El Cotarro\"],\"inLanguage\":\"es\",\"potentialAction\":[{\"@type\":\"CommentAction\",\"name\":\"Comment\",\"target\":[\"https:\/\/elcotarro.com\/?p=10684#respond\"]}]},{\"@type\":\"WebPage\",\"@id\":\"https:\/\/elcotarro.com\/?p=10684\",\"url\":\"https:\/\/elcotarro.com\/?p=10684\",\"name\":\"EL COTARRO \/ 480, DEL DOMINGO, 19\/11\/2023 - El Cotarro\",\"isPartOf\":{\"@id\":\"https:\/\/elcotarro.com\/#website\"},\"primaryImageOfPage\":{\"@id\":\"https:\/\/elcotarro.com\/?p=10684#primaryimage\"},\"image\":{\"@id\":\"https:\/\/elcotarro.com\/?p=10684#primaryimage\"},\"thumbnailUrl\":\"https:\/\/canariasenpositivo.com\/wp-content\/uploads\/2023\/09\/EL-COTARRO-CABECERA-1024x122.jpg\",\"datePublished\":\"2023-11-19T08:40:07+00:00\",\"breadcrumb\":{\"@id\":\"https:\/\/elcotarro.com\/?p=10684#breadcrumb\"},\"inLanguage\":\"es\",\"potentialAction\":[{\"@type\":\"ReadAction\",\"target\":[\"https:\/\/elcotarro.com\/?p=10684\"]}]},{\"@type\":\"ImageObject\",\"inLanguage\":\"es\",\"@id\":\"https:\/\/elcotarro.com\/?p=10684#primaryimage\",\"url\":\"https:\/\/canariasenpositivo.com\/wp-content\/uploads\/2023\/09\/EL-COTARRO-CABECERA-1024x122.jpg\",\"contentUrl\":\"https:\/\/canariasenpositivo.com\/wp-content\/uploads\/2023\/09\/EL-COTARRO-CABECERA-1024x122.jpg\"},{\"@type\":\"BreadcrumbList\",\"@id\":\"https:\/\/elcotarro.com\/?p=10684#breadcrumb\",\"itemListElement\":[{\"@type\":\"ListItem\",\"position\":1,\"name\":\"Portada\",\"item\":\"https:\/\/elcotarro.com\/\"},{\"@type\":\"ListItem\",\"position\":2,\"name\":\"EL COTARRO \/ 480, DEL DOMINGO, 19\/11\/2023\"}]},{\"@type\":\"WebSite\",\"@id\":\"https:\/\/elcotarro.com\/#website\",\"url\":\"https:\/\/elcotarro.com\/\",\"name\":\"El Cotarro\",\"description\":\"Peri\u00f3dico Digital Independiente dirigido por Jos\u00e9 Carlos Marrero\",\"publisher\":{\"@id\":\"https:\/\/elcotarro.com\/#organization\"},\"potentialAction\":[{\"@type\":\"SearchAction\",\"target\":{\"@type\":\"EntryPoint\",\"urlTemplate\":\"https:\/\/elcotarro.com\/?s={search_term_string}\"},\"query-input\":{\"@type\":\"PropertyValueSpecification\",\"valueRequired\":true,\"valueName\":\"search_term_string\"}}],\"inLanguage\":\"es\"},{\"@type\":\"Organization\",\"@id\":\"https:\/\/elcotarro.com\/#organization\",\"name\":\"El Cotarro\",\"url\":\"https:\/\/elcotarro.com\/\",\"logo\":{\"@type\":\"ImageObject\",\"inLanguage\":\"es\",\"@id\":\"https:\/\/elcotarro.com\/#\/schema\/logo\/image\/\",\"url\":\"https:\/\/elcotarro.com\/wp-content\/uploads\/2014\/09\/Cabecera_El_Cotarro_v2.jpg\",\"contentUrl\":\"https:\/\/elcotarro.com\/wp-content\/uploads\/2014\/09\/Cabecera_El_Cotarro_v2.jpg\",\"width\":3540,\"height\":441,\"caption\":\"El Cotarro\"},\"image\":{\"@id\":\"https:\/\/elcotarro.com\/#\/schema\/logo\/image\/\"},\"sameAs\":[\"https:\/\/www.facebook.com\/ElCotarro.Tenerife\"]},{\"@type\":\"Person\",\"@id\":\"https:\/\/elcotarro.com\/#\/schema\/person\/af537ee7d60d15984c7e0affcd8a918b\",\"name\":\"Jos\u00e9 Carlos Marrero Gonz\u00e1lez\",\"image\":{\"@type\":\"ImageObject\",\"inLanguage\":\"es\",\"@id\":\"https:\/\/elcotarro.com\/#\/schema\/person\/image\/\",\"url\":\"https:\/\/secure.gravatar.com\/avatar\/def4da036efb5d32c74d49c351f6dccc064dd69ad9f3aadc295c5a9a5391ca01?s=96&d=mm&r=g\",\"contentUrl\":\"https:\/\/secure.gravatar.com\/avatar\/def4da036efb5d32c74d49c351f6dccc064dd69ad9f3aadc295c5a9a5391ca01?s=96&d=mm&r=g\",\"caption\":\"Jos\u00e9 Carlos Marrero Gonz\u00e1lez\"},\"sameAs\":[\"https:\/\/elcotarro.com\"],\"url\":\"https:\/\/elcotarro.com\/?author=2\"}]}<\/script>\n<!-- \/ Yoast SEO plugin. -->","yoast_head_json":{"title":"EL COTARRO \/ 480, DEL DOMINGO, 19\/11\/2023 - El Cotarro","robots":{"index":"index","follow":"follow","max-snippet":"max-snippet:-1","max-image-preview":"max-image-preview:large","max-video-preview":"max-video-preview:-1"},"canonical":"https:\/\/elcotarro.com\/?p=10684","og_locale":"es_ES","og_type":"article","og_title":"EL COTARRO \/ 480, DEL DOMINGO, 19\/11\/2023 - El Cotarro","og_description":"N\u00ba480 DEL 19 DE NOVIEMBRE DE 2023 &nbsp; \u00a0 Por Jos\u00e9 Carlos Marrero * &nbsp; &nbsp; SIGUE SIN GUSTARME EL CAMINAR DE LA PERRITA Comienzo El Cotarro de hoy reiterando que sigue sin gustarme \u201cel caminar de la perrita\u201d \u2026 La diferencia con respecto al pasado domingo radica en que este ya tenemos de nuevo ... Read more","og_url":"https:\/\/elcotarro.com\/?p=10684","og_site_name":"El Cotarro","article_publisher":"https:\/\/www.facebook.com\/ElCotarro.Tenerife","article_published_time":"2023-11-19T08:40:07+00:00","og_image":[{"url":"https:\/\/canariasenpositivo.com\/wp-content\/uploads\/2023\/09\/EL-COTARRO-CABECERA-1024x122.jpg","type":"","width":"","height":""}],"author":"Jos\u00e9 Carlos Marrero Gonz\u00e1lez","twitter_misc":{"Escrito por":"Jos\u00e9 Carlos Marrero Gonz\u00e1lez","Tiempo de lectura":"12 minutos"},"schema":{"@context":"https:\/\/schema.org","@graph":[{"@type":"Article","@id":"https:\/\/elcotarro.com\/?p=10684#article","isPartOf":{"@id":"https:\/\/elcotarro.com\/?p=10684"},"author":{"name":"Jos\u00e9 Carlos Marrero Gonz\u00e1lez","@id":"https:\/\/elcotarro.com\/#\/schema\/person\/af537ee7d60d15984c7e0affcd8a918b"},"headline":"EL COTARRO \/ 480, DEL DOMINGO, 19\/11\/2023","datePublished":"2023-11-19T08:40:07+00:00","mainEntityOfPage":{"@id":"https:\/\/elcotarro.com\/?p=10684"},"wordCount":2170,"commentCount":0,"publisher":{"@id":"https:\/\/elcotarro.com\/#organization"},"image":{"@id":"https:\/\/elcotarro.com\/?p=10684#primaryimage"},"thumbnailUrl":"https:\/\/canariasenpositivo.com\/wp-content\/uploads\/2023\/09\/EL-COTARRO-CABECERA-1024x122.jpg","articleSection":["El Cotarro"],"inLanguage":"es","potentialAction":[{"@type":"CommentAction","name":"Comment","target":["https:\/\/elcotarro.com\/?p=10684#respond"]}]},{"@type":"WebPage","@id":"https:\/\/elcotarro.com\/?p=10684","url":"https:\/\/elcotarro.com\/?p=10684","name":"EL COTARRO \/ 480, DEL DOMINGO, 19\/11\/2023 - El Cotarro","isPartOf":{"@id":"https:\/\/elcotarro.com\/#website"},"primaryImageOfPage":{"@id":"https:\/\/elcotarro.com\/?p=10684#primaryimage"},"image":{"@id":"https:\/\/elcotarro.com\/?p=10684#primaryimage"},"thumbnailUrl":"https:\/\/canariasenpositivo.com\/wp-content\/uploads\/2023\/09\/EL-COTARRO-CABECERA-1024x122.jpg","datePublished":"2023-11-19T08:40:07+00:00","breadcrumb":{"@id":"https:\/\/elcotarro.com\/?p=10684#breadcrumb"},"inLanguage":"es","potentialAction":[{"@type":"ReadAction","target":["https:\/\/elcotarro.com\/?p=10684"]}]},{"@type":"ImageObject","inLanguage":"es","@id":"https:\/\/elcotarro.com\/?p=10684#primaryimage","url":"https:\/\/canariasenpositivo.com\/wp-content\/uploads\/2023\/09\/EL-COTARRO-CABECERA-1024x122.jpg","contentUrl":"https:\/\/canariasenpositivo.com\/wp-content\/uploads\/2023\/09\/EL-COTARRO-CABECERA-1024x122.jpg"},{"@type":"BreadcrumbList","@id":"https:\/\/elcotarro.com\/?p=10684#breadcrumb","itemListElement":[{"@type":"ListItem","position":1,"name":"Portada","item":"https:\/\/elcotarro.com\/"},{"@type":"ListItem","position":2,"name":"EL COTARRO \/ 480, DEL DOMINGO, 19\/11\/2023"}]},{"@type":"WebSite","@id":"https:\/\/elcotarro.com\/#website","url":"https:\/\/elcotarro.com\/","name":"El Cotarro","description":"Peri\u00f3dico Digital Independiente dirigido por Jos\u00e9 Carlos Marrero","publisher":{"@id":"https:\/\/elcotarro.com\/#organization"},"potentialAction":[{"@type":"SearchAction","target":{"@type":"EntryPoint","urlTemplate":"https:\/\/elcotarro.com\/?s={search_term_string}"},"query-input":{"@type":"PropertyValueSpecification","valueRequired":true,"valueName":"search_term_string"}}],"inLanguage":"es"},{"@type":"Organization","@id":"https:\/\/elcotarro.com\/#organization","name":"El Cotarro","url":"https:\/\/elcotarro.com\/","logo":{"@type":"ImageObject","inLanguage":"es","@id":"https:\/\/elcotarro.com\/#\/schema\/logo\/image\/","url":"https:\/\/elcotarro.com\/wp-content\/uploads\/2014\/09\/Cabecera_El_Cotarro_v2.jpg","contentUrl":"https:\/\/elcotarro.com\/wp-content\/uploads\/2014\/09\/Cabecera_El_Cotarro_v2.jpg","width":3540,"height":441,"caption":"El Cotarro"},"image":{"@id":"https:\/\/elcotarro.com\/#\/schema\/logo\/image\/"},"sameAs":["https:\/\/www.facebook.com\/ElCotarro.Tenerife"]},{"@type":"Person","@id":"https:\/\/elcotarro.com\/#\/schema\/person\/af537ee7d60d15984c7e0affcd8a918b","name":"Jos\u00e9 Carlos Marrero Gonz\u00e1lez","image":{"@type":"ImageObject","inLanguage":"es","@id":"https:\/\/elcotarro.com\/#\/schema\/person\/image\/","url":"https:\/\/secure.gravatar.com\/avatar\/def4da036efb5d32c74d49c351f6dccc064dd69ad9f3aadc295c5a9a5391ca01?s=96&d=mm&r=g","contentUrl":"https:\/\/secure.gravatar.com\/avatar\/def4da036efb5d32c74d49c351f6dccc064dd69ad9f3aadc295c5a9a5391ca01?s=96&d=mm&r=g","caption":"Jos\u00e9 Carlos Marrero Gonz\u00e1lez"},"sameAs":["https:\/\/elcotarro.com"],"url":"https:\/\/elcotarro.com\/?author=2"}]}},"jetpack_featured_media_url":"","jetpack_sharing_enabled":true,"_links":{"self":[{"href":"https:\/\/elcotarro.com\/index.php?rest_route=\/wp\/v2\/posts\/10684","targetHints":{"allow":["GET"]}}],"collection":[{"href":"https:\/\/elcotarro.com\/index.php?rest_route=\/wp\/v2\/posts"}],"about":[{"href":"https:\/\/elcotarro.com\/index.php?rest_route=\/wp\/v2\/types\/post"}],"author":[{"embeddable":true,"href":"https:\/\/elcotarro.com\/index.php?rest_route=\/wp\/v2\/users\/2"}],"replies":[{"embeddable":true,"href":"https:\/\/elcotarro.com\/index.php?rest_route=%2Fwp%2Fv2%2Fcomments&post=10684"}],"version-history":[{"count":1,"href":"https:\/\/elcotarro.com\/index.php?rest_route=\/wp\/v2\/posts\/10684\/revisions"}],"predecessor-version":[{"id":10685,"href":"https:\/\/elcotarro.com\/index.php?rest_route=\/wp\/v2\/posts\/10684\/revisions\/10685"}],"wp:attachment":[{"href":"https:\/\/elcotarro.com\/index.php?rest_route=%2Fwp%2Fv2%2Fmedia&parent=10684"}],"wp:term":[{"taxonomy":"category","embeddable":true,"href":"https:\/\/elcotarro.com\/index.php?rest_route=%2Fwp%2Fv2%2Fcategories&post=10684"},{"taxonomy":"post_tag","embeddable":true,"href":"https:\/\/elcotarro.com\/index.php?rest_route=%2Fwp%2Fv2%2Ftags&post=10684"}],"curies":[{"name":"wp","href":"https:\/\/api.w.org\/{rel}","templated":true}]}}