{"id":10704,"date":"2023-12-24T00:24:07","date_gmt":"2023-12-24T00:24:07","guid":{"rendered":"https:\/\/elcotarro.com\/?p=10704"},"modified":"2023-12-24T00:53:29","modified_gmt":"2023-12-24T00:53:29","slug":"10704","status":"publish","type":"post","link":"https:\/\/elcotarro.com\/?p=10704","title":{"rendered":"EL COTARRO \/ 485, DEL DOMINGO, 24\/12\/2023"},"content":{"rendered":"<p><img loading=\"lazy\" decoding=\"async\" class=\"size-large wp-image-6721 aligncenter\" src=\"https:\/\/canariasenpositivo.com\/wp-content\/uploads\/2023\/09\/EL-COTARRO-CABECERA-1024x122.jpg\" alt=\"\" width=\"660\" height=\"79\" \/><\/p>\n<p style=\"text-align: center\"><span style=\"color: #ff0000\"><strong>N\u00ba485 DEL 24 DE DICIEMBRE DE 2023<\/strong><\/span><\/p>\n<p>&nbsp;<\/p>\n<p><em>\u00a0<\/em><\/p>\n<p><span style=\"color: #0000ff\"><em>Por <strong>Jos\u00e9 Carlos Marrero *<\/strong><\/em><\/span><\/p>\n<p>&nbsp;<\/p>\n<p><span style=\"color: #0000ff\"><strong>ESTA NOCHE ES NOCHEBUENA Y MA\u00d1ANA, NAVIDAD<\/strong><\/span><\/p>\n<ul>\n<li>Comienzo <strong><em>El Cotarro<\/em><\/strong> de hoy con este titular, que es tan cierto como obvio. Y lo comienzo as\u00ed porque mucha gente est\u00e1 felicit\u00e1ndonos por \u201cestas fiestas\u201d, parece que avergonzadas por no querer admitir lo obvio de que, en todo el mundo, por encima de creencias o ideolog\u00edas determinadas, lo que se celebra tradicionalmente es que, seg\u00fan la historia, tal d\u00eda como esta noche, naci\u00f3 un ni\u00f1o al que llamaron <strong>Jes\u00fas<\/strong>. Desde el siglo XX\u00a0hasta la actualidad, la mayor\u00eda de los historiadores que estudiaron la Edad Antigua afirman la existencia hist\u00f3rica de <strong>Jes\u00fas<\/strong>.\u200b Seg\u00fan la opini\u00f3n mayoritariamente aceptada en medios acad\u00e9micos, basada en una lectura cr\u00edtica de los textos sobre su persona, <strong>Jes\u00fas de Nazaret<\/strong> fue un predicador jud\u00edo\u200b que vivi\u00f3 a comienzos del\u00a0siglo I en las regiones de Galilea y Judea, y muri\u00f3 crucificado en Jerusal\u00e9n\u00a0en torno al a\u00f1o 30, bajo el gobierno de <strong>Poncio Pilato<\/strong>. La figura de <strong>Jes\u00fas<\/strong> est\u00e1 presente en varias religiones. En el cristianismo es considerado el \u201cHijo de Dios\u201d y, para la mayor\u00eda de las denominaciones cristianas,\u00a0es la encarnaci\u00f3n de Dios. La importancia estriba en la creencia de que, con su muerte y posterior resurrecci\u00f3n, redimi\u00f3\u00a0al g\u00e9nero humano. Su nacimiento es lo que vamos a celebrar.<\/li>\n<\/ul>\n<p><img loading=\"lazy\" decoding=\"async\" class=\"size-large wp-image-7139 aligncenter\" src=\"https:\/\/canariasenpositivo.com\/wp-content\/uploads\/2023\/12\/1.-ADORACION-DE-MURILLO-1024x843.jpg\" alt=\"\" width=\"660\" height=\"543\" \/><\/p>\n<p style=\"text-align: center\"><em>\u201cLa adoraci\u00f3n de los pastores\u201d, cuadro de Murillo que est\u00e1 en el Museo del Prado<\/em><\/p>\n<p><strong>\u00a0<\/strong><\/p>\n<p><span style=\"color: #0000ff\"><strong>TRADICI\u00d3N DE NUESTRA SOCIEDAD PARA RESPETAR<\/strong><\/span><\/p>\n<ul>\n<li>Desde siempre he sido respetuoso con las creencias de todo el mundo y activista defensor de las tradiciones. En nuestra sociedad y en nuestro archipi\u00e9lago, creo que nadie duda de la hist\u00f3rica tradici\u00f3n de celebrar la Navidad y que, desde la inteligencia y el respeto, dejar que la celebren libremente quienes la sientan y lo deseen. Por ello, vuelvo a lamentar que el Ayuntamiento de La Laguna, que ahora tiene renovado equipo de Gobierno, no hayan sabido respetar la tradici\u00f3n de poner bajo la araucaria de la Plaza de la Concepci\u00f3n (que en su d\u00eda fue el \u00e1rbol de Navidad del Orfe\u00f3n \u201cLa Paz\u201d) se volviera a poner este a\u00f1o (incluso junto a la figura del respetable <strong>Pap\u00e1 No\u00ebl<\/strong>, si se quiere) la representaci\u00f3n del Bel\u00e9n. Lamento que la Asociaci\u00f3n de Vecinos del Casco de La Laguna, que preside mi amigo <strong>Pablo Reyes N\u00fa\u00f1ez<\/strong>, ni la Asociaci\u00f3n de Belenistas de La Laguna, que preside el bueno de <strong>Alfonso Castilla Garc\u00eda<\/strong>, desde su influencia y representaci\u00f3n, no hayan sabido o podido lograr que el concejal de Cultura y Fiestas, <strong>Dailos Gonz\u00e1lez Ferrera,<\/strong> ordenara la puesta del mencionado nacimiento, que mucha buena gente lagunera echa tristemente en falta. Todav\u00eda, hasta las 12:00 de esta noche tienen tiempo.<\/li>\n<\/ul>\n<p><em> <img loading=\"lazy\" decoding=\"async\" class=\"size-large wp-image-7140 aligncenter\" src=\"https:\/\/canariasenpositivo.com\/wp-content\/uploads\/2023\/12\/2.-BELEN-BAJO-EL-ARBOL-1024x575.jpg\" alt=\"\" width=\"660\" height=\"371\" \/><\/em><\/p>\n<p style=\"text-align: center\"><em>El Bel\u00e9n que brill\u00f3 durante a\u00f1os bajo el \u00e1rbol, hoy brilla, pero por su ausencia. Aunque el nuevo Gobierno municipal est\u00e1 a tiempo de que brille esta Nochebuena.<\/em><\/p>\n<p><em>\u00a0<\/em><\/p>\n<p><span style=\"color: #0000ff\"><strong>EL \u2018GRAN CAPIT\u00c1N\u2019 <\/strong><strong>PARA NUESTRO<\/strong><strong> \u2018CAPIT\u00c1N GENERAL\u2019<\/strong><\/span><\/p>\n<ul>\n<li>Saben que otra tradici\u00f3n, esta vez m\u00eda en El Cotarro, es hacerme eco del triunfo de \u201clos nuestros\u201d en cualquier \u00e1mbito. En esta ocasi\u00f3n me voy a referir a nuestro \u201cCapit\u00e1n General de Canarias\u201d, el teniente general <strong>Julio Salom Herrera<\/strong>, jefe del Mando de Canarias quien, por su actitud personal de involucrarse y \u201cempaparse\u201d en todo lo canario, acercarse a nuestro pueblo y nuestras gentes, a nuestras costumbres y tradiciones, se hace merecedor que ya lo consideremos como \u201cuno de los nuestros\u201d. La noticia relevante que honra al propio Julio Salom y a todo el estamento militar de Canarias es que, hace unos d\u00edas, el jefe de Estado Mayor del Ej\u00e9rcito de Tierra (JEME), general de ej\u00e9rcito <strong>Amador Ense\u00f1at y Berea<\/strong>, presidi\u00f3 el pasado 18 de diciembre la entrega del premio \u201cGran Capit\u00e1n\u201d, en su octava edici\u00f3n, al teniente general <strong>Julio Salom Herrera<\/strong>, por consider\u00e1rsele <em>\u201cun referente y ejemplo permanente a seguir por todos los infantes del Ej\u00e9rcito de Tierra\u201d<\/em>. El acto tuvo lugar en la Plaza de Armas de la Academia de Infanter\u00eda, en Toledo, donde se dieron cita numerosos oficiales de Infanter\u00eda.<\/li>\n<\/ul>\n<p><em> <img loading=\"lazy\" decoding=\"async\" class=\"size-full wp-image-7141 aligncenter\" src=\"https:\/\/canariasenpositivo.com\/wp-content\/uploads\/2023\/12\/3.-PREMIO-GRAN-CAPITAN.jpeg\" alt=\"\" width=\"640\" height=\"426\" \/><\/em><\/p>\n<p style=\"text-align: center\"><em>Amador Ense\u00f1at (i) entrega el Premio \u201cGran Capit\u00e1n\u201d al general Julio Salom Herrera<\/em><\/p>\n<p><em>\u00a0<\/em><\/p>\n<p><span style=\"color: #0000ff\"><strong>UNA GRAN ESPADA PARA EL GENERAL JULIO SALOM<\/strong><\/span><\/p>\n<ul>\n<li>En el transcurso del acto, el teniente general <strong>Julio<\/strong> <strong>Salom<\/strong> recibi\u00f3 de manos del JEME, <strong>Amador Ense\u00f1at<\/strong>, una espada de honor, reproducci\u00f3n de la original de <strong>Gonzalo Fern\u00e1ndez de C\u00f3rdoba<\/strong>. El premio \u201cGran Capit\u00e1n\u201d se instituy\u00f3 para premiar a los oficiales generales, oficiales, suboficiales y militares profesionales de tropa con una relaci\u00f3n de servicios permanente de Infanter\u00eda que sobresalgan de forma excepcional por sus virtudes militares y capacidad profesional acreditadas por su prestigio, constante disponibilidad, dedicaci\u00f3n y eficacia en el servicio. El general <strong>Gonzalo Fern\u00e1ndez de C\u00f3rdoba y Enr\u00edquez de Aguilar<\/strong>, conocido como el \u201cGran Capit\u00e1n\u201d, fue un noble y militar espa\u00f1ol que alcanz\u00f3 el rango de capit\u00e1n general de los ej\u00e9rcitos de Castilla y Arag\u00f3n, por sus batallas durante la Guerra de Granada\u00a0y especialmente, por la Primera Guerra Italiana y la Guerra de N\u00e1poles, cuyos m\u00e9ritos le convirtieron en virrey de N\u00e1poles\u00a0entre 1504 y 1507. Sin duda alguna, nuestro \u201cCapit\u00e1n General\u201d, <strong>Julio Salom Herrera<\/strong> ha conseguido este premio \u201cGran Capit\u00e1n\u201d por m\u00e9ritos propios, cosechados durante toda una larga y brillante carrera militar, que a\u00fan no ha culminado. Desde aqu\u00ed nuestra felicitaci\u00f3n m\u00e1s sincera.<\/li>\n<\/ul>\n<p><img loading=\"lazy\" decoding=\"async\" class=\"size-full wp-image-7142 aligncenter\" src=\"https:\/\/canariasenpositivo.com\/wp-content\/uploads\/2023\/12\/4.-ESPADA-GRAN-CAPITAN.jpg\" alt=\"\" width=\"1000\" height=\"657\" \/><\/p>\n<p style=\"text-align: center\"><em>Entrega de la reproducci\u00f3n de la original espada de Gonzalo Fern\u00e1ndez de C\u00f3rdoba<\/em><\/p>\n<p><strong>\u00a0<\/strong><\/p>\n<p><span style=\"color: #0000ff\"><strong>MULTICENTENARIA CELEBRACI\u00d3N FRANCISCANA<\/strong><\/span><\/p>\n<ul>\n<li>Este d\u00eda tan se\u00f1alado, deseo compartir con ustedes una doble celebraci\u00f3n. Para empezar, les cuento que el monasterio de clausura franciscano de <strong>Santa Clara de As\u00eds<\/strong> y <strong>San Juan Bautista<\/strong>, de las Hermanas Clarisas de La Laguna, acoge hoy a 12 monjas (10 monjas solemnes y 2 profesas temporales) con edades comprendidas entre los 22 y los 91 a\u00f1os de edad. Con 39 a\u00f1os de edad, nuestra paisana tinerfe\u00f1a <strong>Sor Mar\u00eda del Pilar Climent Lorenzo<\/strong>, una de las religiosas m\u00e1s j\u00f3venes del monasterio, ocupa actualmente el cargo de Abadesa. La verdad es que <strong>Sor Mar\u00eda del Pilar<\/strong>, una peque\u00f1a gran mujer que desborda tanta vitalidad como espiritualidad, nos ha contado que, este a\u00f1o 2023 que va a terminar, la comunidad franciscana de todo el mundo recuerda y celebra dos acontecimientos excepcionales que han hecho historia. Por un lado, el VIII Centenario del primer Bel\u00e9n viviente de la historia, ideado y realizado por <strong>San Francisco de As\u00eds<\/strong> en Greccio (Italia) en la Navidad del a\u00f1o1223 para disuadir a los posibles peregrinos de ir a Bel\u00e9n, entonces bajo control de los turcos. Por otro lado, recuerdan el VIII Centenario de la Regla Franciscana (forma de vida) escrita por <strong>San Francisco <\/strong>para sus hermanos y aprobada por el <strong>Papa Honorio III<\/strong>, el 29 de noviembre 1223.<\/li>\n<\/ul>\n<p><em> <img loading=\"lazy\" decoding=\"async\" class=\"size-large wp-image-7143 aligncenter\" src=\"https:\/\/canariasenpositivo.com\/wp-content\/uploads\/2023\/12\/5.-CLARISAS-DE-LA-LAGUNA-1024x682.webp\" alt=\"\" width=\"660\" height=\"440\" \/><\/em><\/p>\n<p style=\"text-align: center\"><em>Comunidad de Hermanas Clarisas de La Laguna. Delante en el centro, la tinerfe\u00f1a Sor Mar\u00eda del Pilar Climent, actual Madre Abadesa.<\/em><\/p>\n<p><em>\u00a0<\/em><\/p>\n<p><span style=\"color: #0000ff\"><strong>CURIOSO BEL\u00c9N DONDE LOS DETALLES SON S\u00cdMBOLOS<\/strong><\/span><\/p>\n<ul>\n<li>Para celebrar ambos acontecimientos, <strong>Sor Mar\u00eda del Pilar Climent<\/strong> y sus compa\u00f1eras Clarisas de La Laguna han elaborado un Bel\u00e9n muy especial, en la iglesia del propio monasterio, en la lagunera calle <strong>Ernesto Ascanio y Le\u00f3n Huerta<\/strong> (conocido como el Callej\u00f3n de las Monjas Claras) Un curioso Bel\u00e9n en el que casi todos los detalles son un s\u00edmbolo, transmiten un mensaje e invitan a una reflexi\u00f3n. Nos comenta la madre abadesa <strong>Sor Mar\u00eda del Pilar<\/strong> que <em>\u201cel Esp\u00edritu Santo, representado en el Bel\u00e9n por una paloma, la Palabra de Dios se hizo carne en el seno de la <strong>Virgen Mar\u00eda<\/strong>. <strong>Jes\u00fas<\/strong>, hecho ni\u00f1o en Bel\u00e9n, es la Palabra del Padre hecha hombre, para que nosotros conozcamos al Padre y vayamos <\/em><em>a \u00c9l, pues nadie puede ir al Padre si no es por <strong>Jes\u00fas<\/strong>, como nadie puede conocer al Hijo (representado en el Bel\u00e9n por el <strong>Ni\u00f1o Jes\u00fas<\/strong>) si el Padre no se lo revela<\/em>\u201d. Rese\u00f1ar que la paloma de papel ha sido elaborada artesanalmente por las profesas temporales <strong>Sor Mar\u00eda<\/strong> y <strong>Sor Cristina<\/strong> (ambas de 22 a\u00f1os) que har\u00e1n la profesi\u00f3n solemne dentro de 4 a\u00f1os. Sigue coment\u00e1ndonos <strong>Sor Mar\u00eda del Pilar<\/strong> que, <em>\u201cpor obra del mismo Esp\u00edritu, la Vida del Padre fluye (representada en el Bel\u00e9n por el agua que corre) y, a trav\u00e9s del Hijo encarnado, llega a <strong>Francisco<\/strong> y le inspira vivir seg\u00fan la forma del Santo Evangelio, viviendo en pobreza, obediencia y castidad\u201d.<\/em><\/li>\n<\/ul>\n<p style=\"text-align: center\"><em><img loading=\"lazy\" decoding=\"async\" class=\"size-large wp-image-7144 aligncenter\" src=\"https:\/\/canariasenpositivo.com\/wp-content\/uploads\/2023\/12\/6.-BELEN-CLARISAS-FRENTE-1024x680.jpg\" alt=\"\" width=\"660\" height=\"438\" \/>\u00a0<\/em><em>Vista del Bel\u00e9n de las Clarisas de La Laguna, que se puede ver en su iglesia.<\/em><\/p>\n<p><em>\u00a0<\/em><\/p>\n<p><span style=\"color: #0000ff\"><strong>EL ESTILO DE VIDA DE LAS HERMANAS POBRES<\/strong><\/span><\/p>\n<ul>\n<li>La madre abadesa nos dice que <em>\u201cen este Bel\u00e9n tratamos de recoger los dos grandes acontecimientos que la familia franciscana del todo el mundo recuerda y celebra en este a\u00f1o 2023\u201d<\/em> y nos dice que <em>\u201c<\/em><strong><em>Francisco<\/em><\/strong><em>, que amaba a la Iglesia, escribi\u00f3 esta forma de vida (la Regla Franciscana) y la present\u00f3 al <strong>Papa Honorio III<\/strong>, quien la aprob\u00f3 oficialmente en nombre de la Iglesia, mediante bula, el 29 de noviembre de 1223. Este nuevo estilo de vida es una gracia para la Iglesia universal que en el Bel\u00e9n est\u00e1 representado en el c\u00e1ntaro de barro (expresi\u00f3n de la condici\u00f3n fr\u00e1gil -por su naturaleza- y santa -por la gracia de Dios que lo llena-)<\/em> Y nos dice Sor <strong>Mar\u00eda del Pilar<\/strong> que <em>\u201cesta forma de vida (Regla) es el modelo que <strong>Clara<\/strong> tomar\u00e1 como proyecto de vida para ella y sus hermanas de <strong>San Dami\u00e1n<\/strong>. Es cuando <strong>Clara<\/strong>, tomando como base la Regla de <strong>Francisco<\/strong> redacta lo que ser\u00e1 el proyecto de vida de las Hermanas Pobres de <strong>San Dami\u00e1n<\/strong><\/em>\u201d. Termina <strong>Sor Mar\u00eda del Pilar<\/strong> dici\u00e9ndonos re <em>\u201c<strong>Clara<\/strong>, por inspiraci\u00f3n divina, transforma la Regla apost\u00f3lica de Francisco en una Regla contemplativa aprobada el 10 de agosto de 1253 por el <strong>Papa Inocencio IV<\/strong>, dando lugar a la Segunda Orden Franciscana: Orden de las Hermanas Pobres.<\/em> Por todo esto, les recomiendo no dejen de visitar el Bel\u00e9n de las Clarisas de La Laguna.<\/li>\n<\/ul>\n<p><img loading=\"lazy\" decoding=\"async\" class=\"size-large wp-image-7145 aligncenter\" src=\"https:\/\/canariasenpositivo.com\/wp-content\/uploads\/2023\/12\/7.-BELEN-CLARISAS-LATERAL-1024x680.jpg\" alt=\"\" width=\"660\" height=\"438\" \/><\/p>\n<p style=\"text-align: center\"><em>Vista lateral del Bel\u00e9n, con el detalle de la paloma de papel hecha por las novicias.<\/em><\/p>\n<p><strong>\u00a0<\/strong><\/p>\n<p><span style=\"color: #0000ff\"><strong>100.000 \u20ac DE \u2018LORO PARQUE\u2019 PARA NUESTROS MONTES<\/strong><\/span><\/p>\n<ul>\n<li>Remato la faena de este domingo especial para, acabando un a\u00f1o aciago y para olvidar, por culpa de los incendios forestales que han asolado Tenerife y Canarias. Y lo hago para reconocer que, ante la adversidad y el desastre sufrido, todav\u00eda hay gestos para la esperanza de cara al futuro. Y lo digo porque \u2018Loro Parque\u2019, la compa\u00f1\u00eda que preside el empresario <strong>Wolfgang Kiessling<\/strong>, ha tenido el inestimable gesto de donar la friolera de 100.000 euros para impulsar la regeneraci\u00f3n de los montes incendiados y devastados en Tenerife. Esta aportaci\u00f3n fue entregada por <strong>Wolfgang Kiessling<\/strong>, al proyecto Tenerife Renace, que surge de la iniciativa de la Fundaci\u00f3n Foresta, con el fin de llevar a cabo la reforestaci\u00f3n y conservaci\u00f3n de las masas forestales de Canarias. Con ella se ayudar\u00e1 de forma decisiva al <strong>proyecto creado con el fin de reforestar y conservar la masa forestal afectada por el fuego en agosto de este 2023 que ya termina. <\/strong>Esta iniciativa tiene tambi\u00e9n como objetivo canalizar todas las aportaciones tanto de personas f\u00edsicas como jur\u00eddicas, que quieran colaborar en este tema, de manera que se consiga una mayor coordinaci\u00f3n y eficacia en las labores que se emprendan. \u00a1Enhorabuena!<\/li>\n<\/ul>\n<p><img loading=\"lazy\" decoding=\"async\" class=\"size-large wp-image-7146 aligncenter\" src=\"https:\/\/canariasenpositivo.com\/wp-content\/uploads\/2023\/12\/8.-DONACION-LORO-PARQUE-1024x683.jpg\" alt=\"\" width=\"660\" height=\"440\" \/><\/p>\n<p style=\"text-align: center\"><em>Wolfang Kiessling entrega el \u201ccheque\u201d a los representantes de la Fundaci\u00f3n Foresta<\/em><\/p>\n<p>&nbsp;<\/p>\n<p><span style=\"color: #0000ff\"><strong>DEFENSA Y PROTECCI\u00d3N DEL TERRITORIO CANARIO<\/strong><\/span><\/p>\n<ul>\n<li>Otro de los retos que respalda y apoya <strong>Wolfgang Kiessling<\/strong>, su familia y todo el equipo de \u201cLoro Parque\u201d, es sensibilizar y generar conocimiento t\u00e9cnico sobre los incendios y las t\u00e9cnicas de restauraci\u00f3n en ecosistemas da\u00f1ados por los mismos. Canarias es una de las 15 regiones del planeta con mayor biodiversidad y cuenta con m\u00e1s del 50% de endemismos vegetales del territorio nacional. La regeneraci\u00f3n de estos ecosistemas tiene una notable importancia para el medio ambiente y la supervivencia de especies. Loro Parque es, por esencia, una compa\u00f1\u00eda que trabaja directamente en el compromiso con el planeta y su cuidado, mediante estrategias de sostenibilidad y respeto ambiental. Esta donaci\u00f3n se engloba dentro de sus fines, para la defensa y protecci\u00f3n del territorio canario, de sus ecosistemas y especies, adem\u00e1s de promover la calidad de vida de su poblaci\u00f3n. Loro Parque, la embajada animal que con m\u00e1s 50 a\u00f1os de historia preside <strong>Wolfgang Kiessling<\/strong>, teniendo a su hijo <strong>Christoph Kiessling<\/strong> como vicepresidente y ya a su nieta <strong>Cybell Kiessling<\/strong> en su Consejo de Administraci\u00f3n, cuenta con la reserva de papagayos m\u00e1s grande y diversa del mundo, as\u00ed como con especies y ecosistemas de los cinco continentes.<\/li>\n<\/ul>\n<p><img loading=\"lazy\" decoding=\"async\" class=\"size-full wp-image-7147 aligncenter\" src=\"https:\/\/canariasenpositivo.com\/wp-content\/uploads\/2023\/12\/9.-CYBELL-WOLFGANG-Y-CHRISTOPH.jpg\" alt=\"\" width=\"714\" height=\"474\" \/><\/p>\n<p style=\"text-align: center\"><em>Tres generaciones: Wolfgang Kiessling (c), Christoph Kiessling (d) y Cybell Kiessling<\/em><\/p>\n<p>&nbsp;<\/p>\n<p><span style=\"color: #0000ff\"><strong>EJEMPLO SOLIDARIO DEL COMEDOR \u2018LA MILAGROSA\u2019<\/strong><\/span><\/p>\n<ul>\n<li>Lo dije la semana pasada y, dada la importancia y la urgencia, lo repito hoy.\u00a0 Aporto de nuevo mi\u00a0mi humilde granito de arena desde <strong><em>El Cotarro<\/em><\/strong> a la obra social de las Hijas de la Caridad de <strong>San Vicente de Paul<\/strong> que, desde 1987, tienen funcionando de maravilla el comedor social \u201cLa Milagrosa\u201d, en la santacrucera calle La Noria. De la mano de Sor <strong>Mar\u00eda del Carmen Hern\u00e1ndez<\/strong>, Sor <strong>Clotilde Del Pino<\/strong> y algunas otras monjas de la congregaci\u00f3n Hijas de la Caridad, la obra social \u201cLa Milagrosa\u201d es mucho m\u00e1s que un comedor que alimenta diariamente a m\u00e1s de cien personas en riesgo de exclusi\u00f3n social. Es comedor, pero tambi\u00e9n ducha, ropero y lavander\u00eda, es un economato para distribuir alimentos a familias, es centro de actividades de desarrollo y capacitaci\u00f3n personal, es un servicio de peluquer\u00eda y es un servicio de psicolog\u00eda, acompa\u00f1amiento y trabajo social. Pero esta ejemplar obra social tiene un problema que requiere de la colaboraci\u00f3n de todos. El inmueble requer\u00eda de una remodelaci\u00f3n y reparaci\u00f3n de sus instalaciones que comenzaron hace poco, para cumplir con la Ley de Calidad. El presupuesto previsto para las obras se ha visto desbordado por la aparici\u00f3n de los pu\u00f1eteros \u201cvicios ocultos\u201d en casas de tantos a\u00f1os. Tuber\u00edas rotas, cables obsoletos, etc. que hay que arreglar<\/li>\n<\/ul>\n<p><em> <img loading=\"lazy\" decoding=\"async\" class=\"size-full wp-image-7111 aligncenter\" src=\"https:\/\/canariasenpositivo.com\/wp-content\/uploads\/2023\/12\/2.-FACHADA-LA-MILAGROSA.jpg\" alt=\"\" width=\"1024\" height=\"683\" \/><\/em><\/p>\n<p style=\"text-align: center\"><em>Fachada del comedor \u201cLa Milagrosa\u201d que cada d\u00eda atiende a m\u00e1s de 100 personas<\/em><\/p>\n<p>&nbsp;<\/p>\n<p><span style=\"color: #0000ff\"><strong>AYUDA URGENTE ANTES DE QUE ACABE ESTE A\u00d1O<\/strong><\/span><\/p>\n<ul>\n<li>Una incansable pero desbordada <strong>Sor Clotilde Del Pino<\/strong>, est\u00e1 pidiendo colaboraci\u00f3n econ\u00f3mica para poder afrontar esos gastos imprevistos. Cuando el comedor abri\u00f3 sus puertas en 1987, atend\u00eda inicialmente a 12 comensales, que han ido increment\u00e1ndose hasta llegar a los m\u00e1s 100 actuales. El perfil de las personas que acuden es, en un 80% hombres y un 20% mujeres, con edades entre los 42 y 65 a\u00f1os y, casi en la misma proporci\u00f3n, son espa\u00f1oles e inmigrantes, de los que casi el 50% son personas sin hogar. La propia Sor <strong>Clotilde <\/strong>nos confiesa que reciben subvenciones, pero el dinero es siempre el mismo, mientras que los precios han subido y ya no les da para seguir con su labor social. Amigos, esta obra social de <strong>Sor Clotilde<\/strong> y restantes monjas Hijas de la Caridad necesita urgentemente de la generosidad de todos, aunque sean peque\u00f1os donativos. Y deben hacerlo antes de fin de a\u00f1o porque hay que pagar puntualmente a las empresas que est\u00e1n haciendo la obra para poder cobrar las subvenciones que tienen previsto recibir. Si usted puede ayudar y quiere colaborar, puede contactar directamente con Sor <strong>Clotilde <\/strong>en los tel\u00e9fonos: <strong>922 246 104<\/strong> y en el m\u00f3vil <strong>662 386 189<\/strong>. Y si quiere ingresar alg\u00fan donativo por <em>Bizum<\/em> puede hacerlo al: <strong>609 416 989. <\/strong>Dios se lo pagar\u00e1 con creces.<\/li>\n<\/ul>\n<p><img loading=\"lazy\" decoding=\"async\" class=\"size-full wp-image-7112 aligncenter\" src=\"https:\/\/canariasenpositivo.com\/wp-content\/uploads\/2023\/12\/3.-COMEDOR-LA-MILAGROSA.jpg\" alt=\"\" width=\"1024\" height=\"768\" \/><\/p>\n<p>&nbsp;<\/p>\n<p><span style=\"color: #0000ff\"><strong>* Jos\u00e9 Carlos MARRERO GONZ\u00c1LEZ<\/strong><\/span><\/p>\n<p>Periodista y analista de la actualidad.<\/p>\n<p>Director de <strong><em>El Cotarro<\/em><\/strong> (www.elcotarro.com)<\/p>\n<p>Director de <strong><em>Canarias en Positivo<\/em><\/strong> (www.canariasenpositivo.com)<\/p>\n<p>Director de <strong><em>GastroCanarias<\/em><\/strong> (www.gastrocanarias.com)<\/p>\n<p>&nbsp;<\/p>\n<p><em>info@elcotarro.com<\/em><\/p>\n<p>&nbsp;<\/p>\n<p>Islas Canarias, 24 de diciembre de 2023.<\/p>\n<p><img loading=\"lazy\" decoding=\"async\" class=\"alignnone size-full wp-image-6683\" src=\"https:\/\/canariasenpositivo.com\/wp-content\/uploads\/2023\/09\/A-CARECA-INSULA.jpg\" alt=\"\" width=\"750\" height=\"153\" \/><\/p>\n","protected":false},"excerpt":{"rendered":"<p>N\u00ba485 DEL 24 DE DICIEMBRE DE 2023 &nbsp; \u00a0 Por Jos\u00e9 Carlos Marrero * &nbsp; ESTA NOCHE ES NOCHEBUENA Y MA\u00d1ANA, NAVIDAD Comienzo El Cotarro de hoy con este titular, que es tan cierto como obvio. Y lo comienzo as\u00ed porque mucha gente est\u00e1 felicit\u00e1ndonos por \u201cestas fiestas\u201d, parece que avergonzadas por no querer admitir &#8230; <a class=\"read-more\" href=\"https:\/\/elcotarro.com\/?p=10704\">Read more<\/a><\/p>\n","protected":false},"author":2,"featured_media":0,"comment_status":"open","ping_status":"open","sticky":false,"template":"","format":"standard","meta":{"_jetpack_memberships_contains_paid_content":false,"footnotes":""},"categories":[4],"tags":[],"class_list":["post-10704","post","type-post","status-publish","format-standard","hentry","category-el-cotarro"],"yoast_head":"<!-- This site is optimized with the Yoast SEO plugin v27.0 - https:\/\/yoast.com\/product\/yoast-seo-wordpress\/ -->\n<title>EL COTARRO \/ 485, DEL DOMINGO, 24\/12\/2023 - El Cotarro<\/title>\n<meta name=\"robots\" content=\"index, follow, max-snippet:-1, max-image-preview:large, max-video-preview:-1\" \/>\n<link rel=\"canonical\" href=\"https:\/\/elcotarro.com\/?p=10704\" \/>\n<meta property=\"og:locale\" content=\"es_ES\" \/>\n<meta property=\"og:type\" content=\"article\" \/>\n<meta property=\"og:title\" content=\"EL COTARRO \/ 485, DEL DOMINGO, 24\/12\/2023 - El Cotarro\" \/>\n<meta property=\"og:description\" content=\"N\u00ba485 DEL 24 DE DICIEMBRE DE 2023 &nbsp; \u00a0 Por Jos\u00e9 Carlos Marrero * &nbsp; ESTA NOCHE ES NOCHEBUENA Y MA\u00d1ANA, NAVIDAD Comienzo El Cotarro de hoy con este titular, que es tan cierto como obvio. Y lo comienzo as\u00ed porque mucha gente est\u00e1 felicit\u00e1ndonos por \u201cestas fiestas\u201d, parece que avergonzadas por no querer admitir ... Read more\" \/>\n<meta property=\"og:url\" content=\"https:\/\/elcotarro.com\/?p=10704\" \/>\n<meta property=\"og:site_name\" content=\"El Cotarro\" \/>\n<meta property=\"article:publisher\" content=\"https:\/\/www.facebook.com\/ElCotarro.Tenerife\" \/>\n<meta property=\"article:published_time\" content=\"2023-12-24T00:24:07+00:00\" \/>\n<meta property=\"article:modified_time\" content=\"2023-12-24T00:53:29+00:00\" \/>\n<meta property=\"og:image\" content=\"https:\/\/canariasenpositivo.com\/wp-content\/uploads\/2023\/09\/EL-COTARRO-CABECERA-1024x122.jpg\" \/>\n<meta name=\"author\" content=\"Jos\u00e9 Carlos Marrero Gonz\u00e1lez\" \/>\n<meta name=\"twitter:label1\" content=\"Escrito por\" \/>\n\t<meta name=\"twitter:data1\" content=\"Jos\u00e9 Carlos Marrero Gonz\u00e1lez\" \/>\n\t<meta name=\"twitter:label2\" content=\"Tiempo de lectura\" \/>\n\t<meta name=\"twitter:data2\" content=\"15 minutos\" \/>\n<script type=\"application\/ld+json\" class=\"yoast-schema-graph\">{\"@context\":\"https:\/\/schema.org\",\"@graph\":[{\"@type\":\"Article\",\"@id\":\"https:\/\/elcotarro.com\/?p=10704#article\",\"isPartOf\":{\"@id\":\"https:\/\/elcotarro.com\/?p=10704\"},\"author\":{\"name\":\"Jos\u00e9 Carlos Marrero Gonz\u00e1lez\",\"@id\":\"https:\/\/elcotarro.com\/#\/schema\/person\/af537ee7d60d15984c7e0affcd8a918b\"},\"headline\":\"EL COTARRO \/ 485, DEL DOMINGO, 24\/12\/2023\",\"datePublished\":\"2023-12-24T00:24:07+00:00\",\"dateModified\":\"2023-12-24T00:53:29+00:00\",\"mainEntityOfPage\":{\"@id\":\"https:\/\/elcotarro.com\/?p=10704\"},\"wordCount\":2765,\"commentCount\":0,\"publisher\":{\"@id\":\"https:\/\/elcotarro.com\/#organization\"},\"image\":{\"@id\":\"https:\/\/elcotarro.com\/?p=10704#primaryimage\"},\"thumbnailUrl\":\"https:\/\/canariasenpositivo.com\/wp-content\/uploads\/2023\/09\/EL-COTARRO-CABECERA-1024x122.jpg\",\"articleSection\":[\"El Cotarro\"],\"inLanguage\":\"es\",\"potentialAction\":[{\"@type\":\"CommentAction\",\"name\":\"Comment\",\"target\":[\"https:\/\/elcotarro.com\/?p=10704#respond\"]}]},{\"@type\":\"WebPage\",\"@id\":\"https:\/\/elcotarro.com\/?p=10704\",\"url\":\"https:\/\/elcotarro.com\/?p=10704\",\"name\":\"EL COTARRO \/ 485, DEL DOMINGO, 24\/12\/2023 - El Cotarro\",\"isPartOf\":{\"@id\":\"https:\/\/elcotarro.com\/#website\"},\"primaryImageOfPage\":{\"@id\":\"https:\/\/elcotarro.com\/?p=10704#primaryimage\"},\"image\":{\"@id\":\"https:\/\/elcotarro.com\/?p=10704#primaryimage\"},\"thumbnailUrl\":\"https:\/\/canariasenpositivo.com\/wp-content\/uploads\/2023\/09\/EL-COTARRO-CABECERA-1024x122.jpg\",\"datePublished\":\"2023-12-24T00:24:07+00:00\",\"dateModified\":\"2023-12-24T00:53:29+00:00\",\"breadcrumb\":{\"@id\":\"https:\/\/elcotarro.com\/?p=10704#breadcrumb\"},\"inLanguage\":\"es\",\"potentialAction\":[{\"@type\":\"ReadAction\",\"target\":[\"https:\/\/elcotarro.com\/?p=10704\"]}]},{\"@type\":\"ImageObject\",\"inLanguage\":\"es\",\"@id\":\"https:\/\/elcotarro.com\/?p=10704#primaryimage\",\"url\":\"https:\/\/canariasenpositivo.com\/wp-content\/uploads\/2023\/09\/EL-COTARRO-CABECERA-1024x122.jpg\",\"contentUrl\":\"https:\/\/canariasenpositivo.com\/wp-content\/uploads\/2023\/09\/EL-COTARRO-CABECERA-1024x122.jpg\"},{\"@type\":\"BreadcrumbList\",\"@id\":\"https:\/\/elcotarro.com\/?p=10704#breadcrumb\",\"itemListElement\":[{\"@type\":\"ListItem\",\"position\":1,\"name\":\"Portada\",\"item\":\"https:\/\/elcotarro.com\/\"},{\"@type\":\"ListItem\",\"position\":2,\"name\":\"EL COTARRO \/ 485, DEL DOMINGO, 24\/12\/2023\"}]},{\"@type\":\"WebSite\",\"@id\":\"https:\/\/elcotarro.com\/#website\",\"url\":\"https:\/\/elcotarro.com\/\",\"name\":\"El Cotarro\",\"description\":\"Peri\u00f3dico Digital Independiente dirigido por Jos\u00e9 Carlos Marrero\",\"publisher\":{\"@id\":\"https:\/\/elcotarro.com\/#organization\"},\"potentialAction\":[{\"@type\":\"SearchAction\",\"target\":{\"@type\":\"EntryPoint\",\"urlTemplate\":\"https:\/\/elcotarro.com\/?s={search_term_string}\"},\"query-input\":{\"@type\":\"PropertyValueSpecification\",\"valueRequired\":true,\"valueName\":\"search_term_string\"}}],\"inLanguage\":\"es\"},{\"@type\":\"Organization\",\"@id\":\"https:\/\/elcotarro.com\/#organization\",\"name\":\"El Cotarro\",\"url\":\"https:\/\/elcotarro.com\/\",\"logo\":{\"@type\":\"ImageObject\",\"inLanguage\":\"es\",\"@id\":\"https:\/\/elcotarro.com\/#\/schema\/logo\/image\/\",\"url\":\"https:\/\/elcotarro.com\/wp-content\/uploads\/2014\/09\/Cabecera_El_Cotarro_v2.jpg\",\"contentUrl\":\"https:\/\/elcotarro.com\/wp-content\/uploads\/2014\/09\/Cabecera_El_Cotarro_v2.jpg\",\"width\":3540,\"height\":441,\"caption\":\"El Cotarro\"},\"image\":{\"@id\":\"https:\/\/elcotarro.com\/#\/schema\/logo\/image\/\"},\"sameAs\":[\"https:\/\/www.facebook.com\/ElCotarro.Tenerife\"]},{\"@type\":\"Person\",\"@id\":\"https:\/\/elcotarro.com\/#\/schema\/person\/af537ee7d60d15984c7e0affcd8a918b\",\"name\":\"Jos\u00e9 Carlos Marrero Gonz\u00e1lez\",\"image\":{\"@type\":\"ImageObject\",\"inLanguage\":\"es\",\"@id\":\"https:\/\/elcotarro.com\/#\/schema\/person\/image\/\",\"url\":\"https:\/\/secure.gravatar.com\/avatar\/def4da036efb5d32c74d49c351f6dccc064dd69ad9f3aadc295c5a9a5391ca01?s=96&d=mm&r=g\",\"contentUrl\":\"https:\/\/secure.gravatar.com\/avatar\/def4da036efb5d32c74d49c351f6dccc064dd69ad9f3aadc295c5a9a5391ca01?s=96&d=mm&r=g\",\"caption\":\"Jos\u00e9 Carlos Marrero Gonz\u00e1lez\"},\"sameAs\":[\"https:\/\/elcotarro.com\"],\"url\":\"https:\/\/elcotarro.com\/?author=2\"}]}<\/script>\n<!-- \/ Yoast SEO plugin. -->","yoast_head_json":{"title":"EL COTARRO \/ 485, DEL DOMINGO, 24\/12\/2023 - El Cotarro","robots":{"index":"index","follow":"follow","max-snippet":"max-snippet:-1","max-image-preview":"max-image-preview:large","max-video-preview":"max-video-preview:-1"},"canonical":"https:\/\/elcotarro.com\/?p=10704","og_locale":"es_ES","og_type":"article","og_title":"EL COTARRO \/ 485, DEL DOMINGO, 24\/12\/2023 - El Cotarro","og_description":"N\u00ba485 DEL 24 DE DICIEMBRE DE 2023 &nbsp; \u00a0 Por Jos\u00e9 Carlos Marrero * &nbsp; ESTA NOCHE ES NOCHEBUENA Y MA\u00d1ANA, NAVIDAD Comienzo El Cotarro de hoy con este titular, que es tan cierto como obvio. Y lo comienzo as\u00ed porque mucha gente est\u00e1 felicit\u00e1ndonos por \u201cestas fiestas\u201d, parece que avergonzadas por no querer admitir ... Read more","og_url":"https:\/\/elcotarro.com\/?p=10704","og_site_name":"El Cotarro","article_publisher":"https:\/\/www.facebook.com\/ElCotarro.Tenerife","article_published_time":"2023-12-24T00:24:07+00:00","article_modified_time":"2023-12-24T00:53:29+00:00","og_image":[{"url":"https:\/\/canariasenpositivo.com\/wp-content\/uploads\/2023\/09\/EL-COTARRO-CABECERA-1024x122.jpg","type":"","width":"","height":""}],"author":"Jos\u00e9 Carlos Marrero Gonz\u00e1lez","twitter_misc":{"Escrito por":"Jos\u00e9 Carlos Marrero Gonz\u00e1lez","Tiempo de lectura":"15 minutos"},"schema":{"@context":"https:\/\/schema.org","@graph":[{"@type":"Article","@id":"https:\/\/elcotarro.com\/?p=10704#article","isPartOf":{"@id":"https:\/\/elcotarro.com\/?p=10704"},"author":{"name":"Jos\u00e9 Carlos Marrero Gonz\u00e1lez","@id":"https:\/\/elcotarro.com\/#\/schema\/person\/af537ee7d60d15984c7e0affcd8a918b"},"headline":"EL COTARRO \/ 485, DEL DOMINGO, 24\/12\/2023","datePublished":"2023-12-24T00:24:07+00:00","dateModified":"2023-12-24T00:53:29+00:00","mainEntityOfPage":{"@id":"https:\/\/elcotarro.com\/?p=10704"},"wordCount":2765,"commentCount":0,"publisher":{"@id":"https:\/\/elcotarro.com\/#organization"},"image":{"@id":"https:\/\/elcotarro.com\/?p=10704#primaryimage"},"thumbnailUrl":"https:\/\/canariasenpositivo.com\/wp-content\/uploads\/2023\/09\/EL-COTARRO-CABECERA-1024x122.jpg","articleSection":["El Cotarro"],"inLanguage":"es","potentialAction":[{"@type":"CommentAction","name":"Comment","target":["https:\/\/elcotarro.com\/?p=10704#respond"]}]},{"@type":"WebPage","@id":"https:\/\/elcotarro.com\/?p=10704","url":"https:\/\/elcotarro.com\/?p=10704","name":"EL COTARRO \/ 485, DEL DOMINGO, 24\/12\/2023 - El Cotarro","isPartOf":{"@id":"https:\/\/elcotarro.com\/#website"},"primaryImageOfPage":{"@id":"https:\/\/elcotarro.com\/?p=10704#primaryimage"},"image":{"@id":"https:\/\/elcotarro.com\/?p=10704#primaryimage"},"thumbnailUrl":"https:\/\/canariasenpositivo.com\/wp-content\/uploads\/2023\/09\/EL-COTARRO-CABECERA-1024x122.jpg","datePublished":"2023-12-24T00:24:07+00:00","dateModified":"2023-12-24T00:53:29+00:00","breadcrumb":{"@id":"https:\/\/elcotarro.com\/?p=10704#breadcrumb"},"inLanguage":"es","potentialAction":[{"@type":"ReadAction","target":["https:\/\/elcotarro.com\/?p=10704"]}]},{"@type":"ImageObject","inLanguage":"es","@id":"https:\/\/elcotarro.com\/?p=10704#primaryimage","url":"https:\/\/canariasenpositivo.com\/wp-content\/uploads\/2023\/09\/EL-COTARRO-CABECERA-1024x122.jpg","contentUrl":"https:\/\/canariasenpositivo.com\/wp-content\/uploads\/2023\/09\/EL-COTARRO-CABECERA-1024x122.jpg"},{"@type":"BreadcrumbList","@id":"https:\/\/elcotarro.com\/?p=10704#breadcrumb","itemListElement":[{"@type":"ListItem","position":1,"name":"Portada","item":"https:\/\/elcotarro.com\/"},{"@type":"ListItem","position":2,"name":"EL COTARRO \/ 485, DEL DOMINGO, 24\/12\/2023"}]},{"@type":"WebSite","@id":"https:\/\/elcotarro.com\/#website","url":"https:\/\/elcotarro.com\/","name":"El Cotarro","description":"Peri\u00f3dico Digital Independiente dirigido por Jos\u00e9 Carlos Marrero","publisher":{"@id":"https:\/\/elcotarro.com\/#organization"},"potentialAction":[{"@type":"SearchAction","target":{"@type":"EntryPoint","urlTemplate":"https:\/\/elcotarro.com\/?s={search_term_string}"},"query-input":{"@type":"PropertyValueSpecification","valueRequired":true,"valueName":"search_term_string"}}],"inLanguage":"es"},{"@type":"Organization","@id":"https:\/\/elcotarro.com\/#organization","name":"El Cotarro","url":"https:\/\/elcotarro.com\/","logo":{"@type":"ImageObject","inLanguage":"es","@id":"https:\/\/elcotarro.com\/#\/schema\/logo\/image\/","url":"https:\/\/elcotarro.com\/wp-content\/uploads\/2014\/09\/Cabecera_El_Cotarro_v2.jpg","contentUrl":"https:\/\/elcotarro.com\/wp-content\/uploads\/2014\/09\/Cabecera_El_Cotarro_v2.jpg","width":3540,"height":441,"caption":"El Cotarro"},"image":{"@id":"https:\/\/elcotarro.com\/#\/schema\/logo\/image\/"},"sameAs":["https:\/\/www.facebook.com\/ElCotarro.Tenerife"]},{"@type":"Person","@id":"https:\/\/elcotarro.com\/#\/schema\/person\/af537ee7d60d15984c7e0affcd8a918b","name":"Jos\u00e9 Carlos Marrero Gonz\u00e1lez","image":{"@type":"ImageObject","inLanguage":"es","@id":"https:\/\/elcotarro.com\/#\/schema\/person\/image\/","url":"https:\/\/secure.gravatar.com\/avatar\/def4da036efb5d32c74d49c351f6dccc064dd69ad9f3aadc295c5a9a5391ca01?s=96&d=mm&r=g","contentUrl":"https:\/\/secure.gravatar.com\/avatar\/def4da036efb5d32c74d49c351f6dccc064dd69ad9f3aadc295c5a9a5391ca01?s=96&d=mm&r=g","caption":"Jos\u00e9 Carlos Marrero Gonz\u00e1lez"},"sameAs":["https:\/\/elcotarro.com"],"url":"https:\/\/elcotarro.com\/?author=2"}]}},"jetpack_featured_media_url":"","jetpack_sharing_enabled":true,"_links":{"self":[{"href":"https:\/\/elcotarro.com\/index.php?rest_route=\/wp\/v2\/posts\/10704","targetHints":{"allow":["GET"]}}],"collection":[{"href":"https:\/\/elcotarro.com\/index.php?rest_route=\/wp\/v2\/posts"}],"about":[{"href":"https:\/\/elcotarro.com\/index.php?rest_route=\/wp\/v2\/types\/post"}],"author":[{"embeddable":true,"href":"https:\/\/elcotarro.com\/index.php?rest_route=\/wp\/v2\/users\/2"}],"replies":[{"embeddable":true,"href":"https:\/\/elcotarro.com\/index.php?rest_route=%2Fwp%2Fv2%2Fcomments&post=10704"}],"version-history":[{"count":6,"href":"https:\/\/elcotarro.com\/index.php?rest_route=\/wp\/v2\/posts\/10704\/revisions"}],"predecessor-version":[{"id":10710,"href":"https:\/\/elcotarro.com\/index.php?rest_route=\/wp\/v2\/posts\/10704\/revisions\/10710"}],"wp:attachment":[{"href":"https:\/\/elcotarro.com\/index.php?rest_route=%2Fwp%2Fv2%2Fmedia&parent=10704"}],"wp:term":[{"taxonomy":"category","embeddable":true,"href":"https:\/\/elcotarro.com\/index.php?rest_route=%2Fwp%2Fv2%2Fcategories&post=10704"},{"taxonomy":"post_tag","embeddable":true,"href":"https:\/\/elcotarro.com\/index.php?rest_route=%2Fwp%2Fv2%2Ftags&post=10704"}],"curies":[{"name":"wp","href":"https:\/\/api.w.org\/{rel}","templated":true}]}}