{"id":10780,"date":"2024-03-24T11:05:18","date_gmt":"2024-03-24T11:05:18","guid":{"rendered":"https:\/\/elcotarro.com\/?p=10780"},"modified":"2024-03-24T12:03:44","modified_gmt":"2024-03-24T12:03:44","slug":"el-cotarro-498-del-domingo-24-03-2024","status":"publish","type":"post","link":"https:\/\/elcotarro.com\/?p=10780","title":{"rendered":"EL COTARRO \/ 498, DEL DOMINGO, 24\/03\/2024"},"content":{"rendered":"<p><img loading=\"lazy\" decoding=\"async\" class=\"size-large wp-image-6721 aligncenter\" src=\"https:\/\/canariasenpositivo.com\/wp-content\/uploads\/2023\/09\/EL-COTARRO-CABECERA-1024x122.jpg\" alt=\"\" width=\"660\" height=\"79\" \/><\/p>\n<p style=\"text-align: center\"><span style=\"color: #ff0000\"><strong>N\u00ba498 DEL 24 DE MARZO DE 2024<\/strong><\/span><\/p>\n<p>&nbsp;<\/p>\n<p><em>\u00a0<\/em><\/p>\n<p><span style=\"color: #0000ff\"><em>Por <strong>Jos\u00e9 Carlos Marrero *<\/strong><\/em><\/span><\/p>\n<p>&nbsp;<\/p>\n<p>&nbsp;<\/p>\n<p><span style=\"color: #0000ff\"><strong>INTENTEN LEER \u2018EL COTARRO\u2019 DE HOY HASTA EL FINAL<\/strong><\/span><\/p>\n<ul>\n<li>Es absolutamente natural que cualquier lector o lectora de <strong><em>El Cotarro<\/em><\/strong> no lea lo que cuento cada semana de cabo a rabo, por muy fiel que sea. Entiendo que hay temas que interesan y gustan m\u00e1s que otros. Pero tambi\u00e9n s\u00e9 que muchas veces algunas materias, asuntos o temas concretos \u201cespantan\u201d a la audiencia. Me permitir\u00e1n que, con total y absoluto respeto, les diga que muchas veces para esto por la desinformaci\u00f3n o la ignorancia que se tiene sobre dichas materias o asuntos. Hoy tengo y quiero hablarles de una materia que tiene directamente que ver con nuestra seguridad, nuestra tranquilidad. El pol\u00edtico espa\u00f1ol <strong>Antonio Maura<\/strong>, presidente del Consejo de Ministros durante el reinado de <strong>Alfonso XIII<\/strong>, dijo que <em>\u201cla naci\u00f3n\u00a0que conf\u00eda a otra el cuidado\u00a0de su defensa, renuncia a su personalidad, abdica de su independencia.\u201d <\/em>Y el militar prusiano, <strong>Carl Von Clausewitz<\/strong>, uno de los m\u00e1s influyentes historiadores y te\u00f3ricos de la ciencia militar moderna, afirm\u00f3<em>: \u201c\u00bfCu\u00e1l es la idea fundamental de la defensa? Es la de parar un golpe. \u00bfPor qu\u00e9 se\u00f1al se distingue? Se distingue porque en ella se espera el golpe que se debe parar.\u201d<\/em> Por ello creo que debemos estar m\u00e1s y mejor informados sobre la \u201cCultura de Defensa\u201d<\/li>\n<\/ul>\n<p><img loading=\"lazy\" decoding=\"async\" class=\"size-large wp-image-7573 aligncenter\" src=\"https:\/\/canariasenpositivo.com\/wp-content\/uploads\/2024\/03\/1.-MAURA-Y-VON-CLAUSEWITZ-1024x604.jpg\" alt=\"\" width=\"660\" height=\"389\" \/><\/p>\n<p style=\"text-align: center\"><em>Antonio Maura y Montaner (1853-1925) (i) y Carl Von Clausewitz (1870-1811)<\/em><\/p>\n<p>&nbsp;<\/p>\n<p><span style=\"color: #0000ff\"><strong>LO QUE NOS INTERESA PARA VIVIR SEGUROS Y EN PAZ<\/strong><\/span><\/p>\n<ul>\n<li>Me siento canario, espa\u00f1ol, europeo y europe\u00edsta. Como no podr\u00eda ser de otra manera, respeto profundamente a nuestros vecinos africanos de enfrente, con su cultura, su religi\u00f3n, sus tradiciones y la forma de Gobierno (m\u00e1s o menos democr\u00e1tica) que se hayan querido dar y la vida que llevan en paz (con m\u00e1s o menos libertades) Pero me permitir\u00e1n que, igualmente y en justa correspondencia, espero que ellos respeten que yo me sienta europe\u00edsta y todo lo que ello conlleva. Me gusta mi cultura europea, nuestra Constituci\u00f3n, mi democracia (con sus fallos) y con sus pol\u00edticos (aunque \u00faltimamente muchos de ellos con su falta de educaci\u00f3n, respeto y crispaci\u00f3n, me den verg\u00fcenza). Me gusta el total y absoluto respeto a la mujer y el rechazo a la violencia de g\u00e9nero. Me gusta el respeto a la libertad de credos religiosos y la libertad de culto (confieso que soy cat\u00f3lico). Me gusta la autonom\u00eda de nuestra Comunidad Aut\u00f3noma y que se nos entendiera mejor. En definitiva, me gusta la democracia y la libertad. Y creo que tenemos derecho de preservarla y el derecho a defenderla. Y por ello creo que hay que saber mucho m\u00e1s de la llamada \u201cCultura de Defensa\u201d. A partir de aqu\u00ed va mi humilde aportaci\u00f3n a ella.<\/li>\n<\/ul>\n<p><img loading=\"lazy\" decoding=\"async\" class=\"size-full wp-image-7574 aligncenter\" src=\"https:\/\/canariasenpositivo.com\/wp-content\/uploads\/2024\/03\/2.-MAFALDA.jpg\" alt=\"\" width=\"658\" height=\"775\" \/><\/p>\n<p style=\"text-align: center\"><em>Como hac\u00eda Mafalda, esa democracia, esa justicia, esa libertad, hay que defenderlas.<\/em><\/p>\n<p>&nbsp;<\/p>\n<p><span style=\"color: #0000ff\"><strong>LAS PREGUNTAS DE JUAN-MANUEL GARC\u00cdA RAMOS<\/strong><\/span><\/p>\n<ul>\n<li>Hace un par de semanas, el escritor, profesor y pol\u00edtico tinerfe\u00f1o, <strong>Juan-Manuel Garc\u00eda Ramos<\/strong>, catedr\u00e1tico em\u00e9rito de nuestra Universidad de La Laguna, escrib\u00eda en su perfil de <em>Facebook<\/em> un comentario que comenzaba con el t\u00edtulo <em>\u201cDespliegan a soldados del Ej\u00e9rcito de Tierra en barrios y playas de Canarias\u201d<\/em>. Seguidamente, el que fuera presidente del Partido Nacionalista Canario (PNC) y ex diputado en el Parlamento de Canarias preguntaba: <em>\u201c\u00bfCu\u00e1les son las razones para ese despliegue teniendo Canarias a la Guardia Civil, a la Polic\u00eda Nacional, a la Polic\u00eda Auton\u00f3mica y a las polic\u00edas locales para esos menesteres?, \u00bfQu\u00e9 peligros exteriores nos ocultan? Que alguien explique estas iniciativas inesperadas.\u201d<\/em> El profesor y amigo <strong>Juan-Manuel Garc\u00eda Ramos<\/strong> ha hecho unas preguntas que, seguramente, se habr\u00e1n planteado m\u00e1s personas. He preguntado por la cuesti\u00f3n y, sin problema alguno, desde el Mando de Canarias me han informado de que el despliegue forma parte de unas maniobras rutinarias que, desde hace a\u00f1os, se vienen realizando peri\u00f3dicamente por parte de nuestras Fuerzas Armadas en su objetivo ofrecer \u201cpresencia, vigilancia y disuasi\u00f3n\u201d. Y me lo explican todo\u2026<\/li>\n<\/ul>\n<p><img loading=\"lazy\" decoding=\"async\" class=\"size-large wp-image-7575 aligncenter\" src=\"https:\/\/canariasenpositivo.com\/wp-content\/uploads\/2024\/03\/3.-GARCIA-RAMOS-JUAN-MANUEL-1024x768.jpg\" alt=\"\" width=\"660\" height=\"495\" \/><\/p>\n<p style=\"text-align: center\"><em>Juan-Manuel Garc\u00eda Ramos, presidente de honor del Partido Nacionalista Canario y tambi\u00e9n ex consejero de Educaci\u00f3n, Cultura y Deportes del Gobierno de Canarias.<\/em><\/p>\n<p>&nbsp;<\/p>\n<p><span style=\"color: #0000ff\"><strong>QUE NOS VEAN Y\u2026 QUE SEPAN QUE AQU\u00cd ESTAMOS<\/strong><\/span><\/p>\n<ul>\n<li>Hablando directamente con nuestro popularmente llamado <em>\u201cCapit\u00e1n General\u201d<\/em>, el teniente general <strong>Julio Salom Herrera<\/strong>, jefe del Mando de Canarias, me comenta de manera sencilla y cercana que el objetivo para el que se desarrollan estas maniobras y despliegues no es otro que el <em>\u201cque nos vean y sepan que aqu\u00ed estamos\u201d<\/em>. Como dir\u00eda el otro: clarito, meridiano y cristalino. Que todos veamos (nosotros y los de m\u00e1s all\u00e1) que las Fuerzas Armadas de Espa\u00f1a est\u00e1n aqu\u00ed, y que sepamos que est\u00e1n preparadas. Pero, es m\u00e1s, no hay nada secreto, no hay nada oculto. Todo lo contrario. Si usted entra en la web oficial del Ministerio de Defensa de Espa\u00f1a y siguen la informaci\u00f3n abierta a todos, podr\u00e1n llegar a: <a href=\"https:\/\/emad.defensa.gob.es\/operaciones\/operaciones-nacionales\/70-OP-PRESENCIA-VIGILANCIA-DISUASION\/noticias\/listado\/240305_ni_canarias.html\">https:\/\/emad.defensa.gob.es\/operaciones\/operaciones-nacionales\/70-OP-PRESENCIA-VIGILANCIA-DISUASION\/noticias\/listado\/240305_ni_canarias.html<\/a> y podr\u00e1n leer la noticia publicada con el t\u00edtulo \u201cEl Grupo T\u00e1ctico \u201cCanarias\u201d se activa en las operaciones de presencia, vigilancia y disuasi\u00f3n\u201d y en la que se informa a la ciudadan\u00eda de que <em>\u201cpersonal de la Brigada \u2018Canarias XVI\u2019 conforma el Grupo T\u00e1ctico que durante estos d\u00edas llevar\u00e1 a cabo patrullas de presencia, vigilancia y disuasi\u00f3n en todas las Islas Canarias\u201d<\/em><\/li>\n<\/ul>\n<p><img loading=\"lazy\" decoding=\"async\" class=\"size-full wp-image-7577 aligncenter\" src=\"https:\/\/canariasenpositivo.com\/wp-content\/uploads\/2024\/03\/4.-JULIO-SALOM-HERRERA-01-1.jpg\" alt=\"\" width=\"774\" height=\"781\" \/><\/p>\n<p style=\"text-align: center\"><em>Teniente general Julio Salom Herrera, jefe del Mando de Canarias del E.T.<\/em><\/p>\n<p><em>\u00a0<\/em><\/p>\n<p><span style=\"color: #0000ff\"><strong>RESPUESTAS A LAS PREGUNTAS DE JUAN-MANUEL<\/strong><\/span><\/p>\n<ul>\n<li>Desde nuestras propias Fuerzas Armadas (en este caso desde el Ej\u00e9rcito de Tierra) que no solo anuncian la puesta en marcha de las operaciones y su desarrollo, sino que nos informan y explican que <em>\u201csu misi\u00f3n es la de garantizar la seguridad de los espacios terrestres de soberan\u00eda nacional y reaccionar ante cualquier incidente, detectando con anticipaci\u00f3n la posible evoluci\u00f3n a una situaci\u00f3n de crisis\u201d.<\/em> En lo que se refiere concretamente a las pasadas operaciones, la informaci\u00f3n nos dice que \u201ce<em>n este caso,\u00a0estar\u00e1n activados en el Mando Operativo Terrestre \u2013bajo control operativo del Mando de Operaciones-. Esta misi\u00f3n se encuentra integrada en las denominadas Operaciones de Presencia, Vigilancia y Disuasi\u00f3n que constituyen una de las contribuciones m\u00e1s destacadas de las Fuerzas Armadas a la seguridad nacional, especialmente en tiempos de paz.\u201d<\/em> Y nos que cuerda que estas operaciones \u201cs<em>on un pilar b\u00e1sico de la estrategia de disuasi\u00f3n del pa\u00eds, subrayando la importancia de las Fuerzas Armadas como una herramienta indispensable del Estado para garantizar la seguridad.<\/em> Creo que esta informaci\u00f3n ya se puede responder, en todo o en parte, a las preguntas de <strong>Juan-Manuel Garc\u00eda Ramos<\/strong> y de la ciudadan\u00eda interesada.<\/li>\n<\/ul>\n<p><img loading=\"lazy\" decoding=\"async\" class=\"size-large wp-image-7578 aligncenter\" src=\"https:\/\/canariasenpositivo.com\/wp-content\/uploads\/2024\/03\/5.-PUESTO-OBSERVACION-1024x763.jpg\" alt=\"\" width=\"660\" height=\"492\" \/><\/p>\n<p style=\"text-align: center\"><em>Durante las maniobras realizadas, puesto de observaci\u00f3n en el Puerto de las Nieves.<\/em><\/p>\n<p>&nbsp;<\/p>\n<p><span style=\"color: #0000ff\"><strong>MANIOBRAS PARA REFORZAR NUESTRA SEGURIDAD<\/strong><\/span><\/p>\n<ul>\n<li>Quiz\u00e1 falte la aclaraci\u00f3n a <strong>Juan-Manuel Garc\u00eda Ramos<\/strong> y a cuantas personas se hagan las mismas preguntas que, una cosa son nuestras Fuerzas Armadas (FAS) y m\u00e1s concretamente nuestro Ej\u00e9rcito de Tierra (ET) y el Mando Operativo Terrestre (MOT) y otra cosa, paralela y simult\u00e1neamente, nuestros otros Cuerpos y Fuerzas de Seguridad del Estado. En el caso de las operaciones llevada a cabo por la Brigada Canarias, como sigue diciendo textualmente la informaci\u00f3n publicada por el propio Ministerio de Defensa, <em>\u201cse realizaron actividades de presencia en todo el archipi\u00e9lago canario, que permiten tener un perfecto conocimiento de las distintas poblaciones y municipios de todas sus islas. A su vez, se pretende que las unidades militares, durante este tipo de misiones, est\u00e9n perfectamente integradas e interact\u00faen lo m\u00e1ximo posible con la sociedad civil canaria, reforzando la imagen de las Fuerzas Armadas ante la ciudadan\u00eda, como instrumento del Estado que act\u00faa permanentemente en beneficio de la seguridad y protecci\u00f3n de la misma\u201d<\/em>. Nuestra Guardia Civil, nuestro Cuerpo Nacional de Polic\u00eda y nuestras polic\u00edas locales, tienen a su vez otras important\u00edsimas y claves misiones y competencias. Pero son otras.<\/li>\n<\/ul>\n<p><img loading=\"lazy\" decoding=\"async\" class=\"size-large wp-image-7579 aligncenter\" src=\"https:\/\/canariasenpositivo.com\/wp-content\/uploads\/2024\/03\/6.-PATRULLA-TAMARACEITE-2-1024x768.jpg\" alt=\"\" width=\"660\" height=\"495\" \/><\/p>\n<p style=\"text-align: center\"><em>Una soldado patrulla cerca de un barrio de Canarias dentro de las operaciones del \u201cGrupo T\u00e1ctico Canarias\u201d en su objetivo de ofrecer presencia, vigilancia y disuasi\u00f3n.<\/em><\/p>\n<p>&nbsp;<\/p>\n<p><span style=\"color: #0000ff\"><strong>LOS OTROS CUERPOS Y FUERZAS TIENEN OTRA MISI\u00d3N<\/strong><\/span><\/p>\n<ul>\n<li>Nuestra Constituci\u00f3n establece en su art\u00edculo 104 que es misi\u00f3n de los Cuerpos y Fuerzas de Seguridad del Estado\u00a0<strong><em>\u00abproteger el libre ejercicio de los derechos y libertades y garantizar la seguridad ciudadana\u201d<\/em><\/strong>. La Guardia Civil (GC) que en Canarias tiene como m\u00e1s alto mando al general <strong>Juan Hern\u00e1ndez Mosquera<\/strong>, tiene como misi\u00f3n, en resumen y entre otras muchas, la vigilancia del tr\u00e1fico, tr\u00e1nsito y transporte en las v\u00edas p\u00fablicas interurbanas. Tambi\u00e9n tiene como misi\u00f3n velar por el control de armas y explosivos y el Resguardo Fiscal del Estado, as\u00ed como la custodia de v\u00edas de comunicaci\u00f3n terrestre, costas, fronteras, puertos y aeropuertos, y centros e instalaciones que por su inter\u00e9s lo requieran. Sin olvidar la vigilancia del tr\u00e1fico en v\u00edas interurbanas y, muy importante, la protecci\u00f3n de la naturaleza. Por su parte, el Cuerpo Nacional de Polic\u00eda (CNP) que tiene como jefe superior de Canarias a <strong>Jes\u00fas Mar\u00eda G\u00f3mez Mart\u00edn<\/strong>, tiene como misi\u00f3n y fin primordial defender el ordenamiento constitucional, proteger el libre ejercicio de los derechos y libertades y garantizar la seguridad ciudadana, contribuyendo al mantenimiento de la convivencia como condici\u00f3n necesaria, para el ejercicio de los mencionados derechos y libertades p\u00fablicas y para aportar a la construcci\u00f3n de paz<\/li>\n<\/ul>\n<p><img loading=\"lazy\" decoding=\"async\" class=\"size-full wp-image-7580 aligncenter\" src=\"https:\/\/canariasenpositivo.com\/wp-content\/uploads\/2024\/03\/7.-JUAN-HDEZ.-Y-JOSE-MARIA-GOMEZ.jpg\" alt=\"\" width=\"466\" height=\"342\" \/><\/p>\n<p style=\"text-align: center\"><em>El general Juan Hern\u00e1ndez Mosquera (i) y el jefe superior, Jos\u00e9 Mar\u00eda G\u00f3mez Mart\u00edn<\/em><\/p>\n<p>&nbsp;<\/p>\n<p><span style=\"color: #0000ff\"><strong>TAMBI\u00c9N LA \u2018POLIC\u00cdA CANARIA\u2019 Y TODAS LAS LOCALES<\/strong><\/span><\/p>\n<ul>\n<li>A cada cual lo suyo, que es tambi\u00e9n muy importante y no poco. El llamado Cuerpo General de la Polic\u00eda Canaria (CGPC) generalmente llamada simplemente Polic\u00eda Canaria (y de co\u00f1a, pero con respeto, <em>\u201cLa Guanchancha\u201d<\/em>) es el cuerpo policial oficial de nuestra Comunidad Aut\u00f3noma, que depende del Gobierno canario y del que ahora es m\u00e1ximo responsable pol\u00edticamente <strong>David del Pino<\/strong> <strong>Franquet<\/strong> (director general de Seguridad) y tiene como jefe a <strong>Luis Santos Jara<\/strong>. En la web del Gobierno (porque hasta donde yo s\u00e9, todav\u00eda nuestra Polic\u00eda Canaria no tiene propia) puede leerse que su misi\u00f3n no es otra que <em>\u201cproteger a las personas y bienes, garantizar el libre ejercicio de los derechos y libertades, velar por la seguridad ciudadana y contribuir a la consecuci\u00f3n del bienestar social\u201d<\/em>, en el \u00e1mbito de nuestras ocho Islas, entiendo. Y finalmente est\u00e1n nuestras polic\u00edas locales, presentes en cada uno de los 88 municipios que tenemos en nuestra comunidad aut\u00f3noma y cuyos agentes, hombres y mujeres a los que llamamos guardias o polic\u00edas municipales (y a veces, tambi\u00e9n con cari\u00f1o y respeto, \u201cguindillas\u201d) tienen casi la misma misi\u00f3n, pero centrada en el \u00e1mbito territorial de cada municipio canario. A cada uno lo suyo.<\/li>\n<\/ul>\n<p><img loading=\"lazy\" decoding=\"async\" class=\"size-full wp-image-7581 aligncenter\" src=\"https:\/\/canariasenpositivo.com\/wp-content\/uploads\/2024\/03\/8.-DAVID-DEL-PINO-Y-LUIS-SANTOS.jpg\" alt=\"\" width=\"1018\" height=\"390\" \/><\/p>\n<p style=\"text-align: center\"><em>David del Pino Franquet (i) y Luis Santos Jara, responsables de la Polic\u00eda Canaria<\/em><\/p>\n<p>&nbsp;<\/p>\n<p><span style=\"color: #0000ff\"><strong>EMBAJADORES DE LA \u2018MARCA EJ\u00c9RCITO\u2019 EN CANARIAS<\/strong><\/span><\/p>\n<ul>\n<li>Para ayudar a explicar todo esto y que nadie se quede con dudas o con preguntas, como las de <strong>Juan-Manuel Garc\u00eda Ramos<\/strong>, el Ministerio de Defensa y nuestro Ej\u00e9rcito de Tierra han creado la \u201cMarca Ej\u00e9rcito\u201d con sus embajadores y embajadoras. Tal como recoge el manual de la marca, \u201d<em>una embajadora o embajador de la <\/em><em>\u00abMarca Ej\u00e9rcito\u00bb <\/em><em>es una persona <\/em><em>reconocida como exponente de una instituci\u00f3n ante la sociedad en el desarrollo de una determinada actividad y que, para el caso concreto del Ej\u00e9rcito de Tierra, supone asumir voluntariamente el compromiso de contribuir, de modo significativo, a la difusi\u00f3n y fortalecimiento de una imagen positiva de la \u00abMarca Ej\u00e9rcito\u00bb en el \u00e1mbito en el que, por su actividad o capacidad de influencia, tal Embajador pueda poner su imagen, prestigio y popularidad al servicio de dicha marca<\/em>. Los embajadores de la \u201cMarca Ej\u00e9rcito\u201d en Canarias son: <strong>Jos<\/strong><strong>\u00e9<\/strong><strong> Antonio Hern\u00e1ndez Reja<\/strong><strong>,<\/strong><strong> Jos<\/strong><strong>\u00e9<\/strong><strong> Juan S\u00e1nchez Tinoco<\/strong><strong>, <\/strong><strong>Juan Jos\u00e9 Laforet Hern\u00e1ndez<\/strong><strong>, <\/strong><strong>Eva Mar\u00eda Cervera Arteaga<\/strong><strong>, <\/strong><strong>Eligio Hern\u00e1ndez Guti\u00e9rrez<\/strong><strong>, <\/strong><strong>Valeriano Weyler<\/strong><strong> Gonz\u00e1lez <\/strong>y <strong>Jos<\/strong><strong>\u00e9<\/strong><strong> Carlos Marrero Gonz\u00e1lez <\/strong>(un servidor). Para mi es un privilegio y un honor ser embajador de la \u201cMarca Ej\u00e9rcito\u201d<\/li>\n<\/ul>\n<p><img loading=\"lazy\" decoding=\"async\" class=\"size-large wp-image-7582 aligncenter\" src=\"https:\/\/canariasenpositivo.com\/wp-content\/uploads\/2024\/03\/9.-EMBAJADORES-1024x683.jpg\" alt=\"\" width=\"660\" height=\"440\" \/><\/p>\n<p style=\"text-align: center\"><em>De izquierda a derecha: Ignacio Jos\u00e9 Boudet Mar\u00edn (coronel jefe de la 5\u00aa SUIGE), Valeriano Weyler, Jos\u00e9 Juan S\u00e1nchez Tinoco, Jos\u00e9 Antonio Hern\u00e1ndez Reja, Julio Salom Herrera (teniente general jefe del Mando de Canarias), Eva Mar\u00eda Cervera Arteaga, Jos\u00e9 Carlos Marrero, Ricardo Esteban Cabrejos (general jefe de la Brigada \u201cCanarias\u201d XVI) y Javier Taibo Arias (embajador en Baleares)<\/em><\/p>\n<p>&nbsp;<\/p>\n<p><span style=\"color: #0000ff\"><strong>EMBAJADORES ASISTEN A UN \u2018PUNTO DE SITUACI\u00d3N\u2019<\/strong><\/span><\/p>\n<ul>\n<li>Los embajadores nos reunimos varias veces al a\u00f1o en jornadas informativas y, hace unos d\u00edas, mantuvimos la \u00faltima en la sede del Palacio de la Capitan\u00eda General de Canarias, en la santacrucera Plaza de Weyler. All\u00ed, y gracias a la amable atenci\u00f3n del teniente general <strong>Julio Salom<\/strong>, jefe del Mando de Canarias, tuvimos ocasi\u00f3n de presenciar y ser testigos de la habitual reuni\u00f3n semanal que el general <strong>Salom<\/strong> mantiene con los m\u00e1ximos responsables del Mando de Canarias y en la que desarrollan lo que denominan <em>\u201cPunto de Situaci\u00f3n\u201d<\/em>. En esta ocasi\u00f3n estuvieron presentes el general de brigada <strong>Ricardo Esteban Cabrejos<\/strong> (jefe de la Brigada \u201cCanarias\u201d XVI) y coronel <strong>Jos\u00e9 Boudet Mar\u00edn<\/strong> (jefe de la 5\u00aa Subinspecci\u00f3n General del Ej\u00e9rcito \u2013 SUIGE) En dos horas, los diferentes jefes de las \u00e1reas del Cuartel General, dieron cuenta exacta de la situaci\u00f3n actual de todos y cada una de sus unidades y, lo que me pareci\u00f3 m\u00e1s importante, la informaci\u00f3n de la situaci\u00f3n en aquel momento, real y actualizada, de todos los aspectos que interesan o afectan a nuestras Islas Canarias en el marco y escenario internacional en el que nos encontramos. Fue una reuni\u00f3n tan interesante, como fruct\u00edfera y enriquecedora.<\/li>\n<\/ul>\n<p><img loading=\"lazy\" decoding=\"async\" class=\"size-large wp-image-7585 aligncenter\" src=\"https:\/\/canariasenpositivo.com\/wp-content\/uploads\/2024\/03\/10-REUNION-EMBAJADORES-2-1-1024x683.jpg\" alt=\"\" width=\"660\" height=\"440\" \/><\/p>\n<p style=\"text-align: center\"><em>Reuni\u00f3n de los embajadores de la \u201cMarca Ej\u00e9rcito\u201d en Canarias, en el Palacio de la Capitan\u00eda General, con el jefe del Mando de Canarias y sus oficiales colaboradores.<\/em><\/p>\n<p>&nbsp;<\/p>\n<p><span style=\"color: #0000ff\"><strong>ESTAMOS SEGUROS Y PODEMOS ESTAR TRANQUILOS<\/strong><\/span><\/p>\n<ul>\n<li>Me impresion\u00f3 el nivel de informaci\u00f3n y conocimiento de nuestras Fuerzas Armadas y en concreto que nuestro Ej\u00e9rcito de Tierra tiene de nuestras Islas Canarias, bajo el mando de <strong>Julio Salom<\/strong>. De nuestra realidad insular fragmentada, de la geograf\u00eda de cada isla, de los potenciales peligros, carencias y necesidades en momentos de cat\u00e1strofes medioambientales y hasta de la idiosincrasia de nuestra gente que cuando ve las patrullas y les saluda, les felicita y les muestra su agradecimiento. Gracias a todo ello, el Ej\u00e9rcito tambi\u00e9n traslada y pone en menos de 24 horas grupos electr\u00f3genos cuando La Gomera sufre un cero energ\u00e9tico o puentes en el barrio santacrucero de San Andr\u00e9s o ayuda a quitar la ceniza volc\u00e1nica de los tejados en la isla de La Palma. Por ello la Unidad Militar de Emergencias (UME) se conoce casi palmo a palmo los montes de nuestras islas. Por ello colaboran a rastrear el COVID y a colaborar en la vacunaci\u00f3n. Y, sobre todo, siguen estando con su presencia, vigilancia y disuasi\u00f3n, para que todos les veamos y sepamos que est\u00e1n aqu\u00ed (los de aqu\u00ed y los de all\u00e1). Y el que me entiende me entiende. Y p\u2019alante siempre con salud.<\/li>\n<\/ul>\n<p>&nbsp;<\/p>\n<p><img loading=\"lazy\" decoding=\"async\" class=\"size-large wp-image-7589 aligncenter\" src=\"https:\/\/canariasenpositivo.com\/wp-content\/uploads\/2024\/03\/ISLAS-CANARIAS-Y-AFRICA-1024x576.jpg\" alt=\"\" width=\"660\" height=\"371\" \/><\/p>\n<p style=\"text-align: center\"><em>Cada uno en su sitio (nosotros en el nuestro y ellos en el suyo) y Dios en el de todos.<\/em><\/p>\n<p>&nbsp;<\/p>\n<p>&nbsp;<\/p>\n<p><span style=\"color: #0000ff\"><strong>* Jos\u00e9 Carlos MARRERO GONZ\u00c1LEZ<\/strong><\/span><\/p>\n<p>Periodista y analista de la actualidad.<\/p>\n<p>Director de <strong><em>El Cotarro<\/em><\/strong> (www.elcotarro.com)<\/p>\n<p>Director de <strong><em>Canarias en Positivo<\/em><\/strong> (www.canariasenpositivo.com)<\/p>\n<p>Director de <strong><em>GastroCanarias<\/em><\/strong> (www.gastrocanarias.com)<\/p>\n<p>&nbsp;<\/p>\n<p><em>info@elcotarro.com<\/em><\/p>\n<p>&nbsp;<\/p>\n<p>Islas Canarias, 24 de marzo de 2024.<\/p>\n<p><img loading=\"lazy\" decoding=\"async\" class=\"size-full wp-image-6683 aligncenter\" src=\"https:\/\/canariasenpositivo.com\/wp-content\/uploads\/2023\/09\/A-CARECA-INSULA.jpg\" alt=\"\" width=\"750\" height=\"153\" \/><\/p>\n<p>&nbsp;<\/p>\n","protected":false},"excerpt":{"rendered":"<p>N\u00ba498 DEL 24 DE MARZO DE 2024 &nbsp; \u00a0 Por Jos\u00e9 Carlos Marrero * &nbsp; &nbsp; INTENTEN LEER \u2018EL COTARRO\u2019 DE HOY HASTA EL FINAL Es absolutamente natural que cualquier lector o lectora de El Cotarro no lea lo que cuento cada semana de cabo a rabo, por muy fiel que sea. Entiendo que hay &#8230; <a class=\"read-more\" href=\"https:\/\/elcotarro.com\/?p=10780\">Read more<\/a><\/p>\n","protected":false},"author":2,"featured_media":0,"comment_status":"open","ping_status":"open","sticky":false,"template":"","format":"standard","meta":{"_jetpack_memberships_contains_paid_content":false,"footnotes":""},"categories":[4],"tags":[],"class_list":["post-10780","post","type-post","status-publish","format-standard","hentry","category-el-cotarro"],"yoast_head":"<!-- This site is optimized with the Yoast SEO plugin v27.0 - https:\/\/yoast.com\/product\/yoast-seo-wordpress\/ -->\n<title>EL COTARRO \/ 498, DEL DOMINGO, 24\/03\/2024 - El Cotarro<\/title>\n<meta name=\"robots\" content=\"index, follow, max-snippet:-1, max-image-preview:large, max-video-preview:-1\" \/>\n<link rel=\"canonical\" href=\"https:\/\/elcotarro.com\/?p=10780\" \/>\n<meta property=\"og:locale\" content=\"es_ES\" \/>\n<meta property=\"og:type\" content=\"article\" \/>\n<meta property=\"og:title\" content=\"EL COTARRO \/ 498, DEL DOMINGO, 24\/03\/2024 - El Cotarro\" \/>\n<meta property=\"og:description\" content=\"N\u00ba498 DEL 24 DE MARZO DE 2024 &nbsp; \u00a0 Por Jos\u00e9 Carlos Marrero * &nbsp; &nbsp; INTENTEN LEER \u2018EL COTARRO\u2019 DE HOY HASTA EL FINAL Es absolutamente natural que cualquier lector o lectora de El Cotarro no lea lo que cuento cada semana de cabo a rabo, por muy fiel que sea. Entiendo que hay ... Read more\" \/>\n<meta property=\"og:url\" content=\"https:\/\/elcotarro.com\/?p=10780\" \/>\n<meta property=\"og:site_name\" content=\"El Cotarro\" \/>\n<meta property=\"article:publisher\" content=\"https:\/\/www.facebook.com\/ElCotarro.Tenerife\" \/>\n<meta property=\"article:published_time\" content=\"2024-03-24T11:05:18+00:00\" \/>\n<meta property=\"article:modified_time\" content=\"2024-03-24T12:03:44+00:00\" \/>\n<meta property=\"og:image\" content=\"https:\/\/canariasenpositivo.com\/wp-content\/uploads\/2023\/09\/EL-COTARRO-CABECERA-1024x122.jpg\" \/>\n<meta name=\"author\" content=\"Jos\u00e9 Carlos Marrero Gonz\u00e1lez\" \/>\n<meta name=\"twitter:label1\" content=\"Escrito por\" \/>\n\t<meta name=\"twitter:data1\" content=\"Jos\u00e9 Carlos Marrero Gonz\u00e1lez\" \/>\n\t<meta name=\"twitter:label2\" content=\"Tiempo de lectura\" \/>\n\t<meta name=\"twitter:data2\" content=\"15 minutos\" \/>\n<script type=\"application\/ld+json\" class=\"yoast-schema-graph\">{\"@context\":\"https:\/\/schema.org\",\"@graph\":[{\"@type\":\"Article\",\"@id\":\"https:\/\/elcotarro.com\/?p=10780#article\",\"isPartOf\":{\"@id\":\"https:\/\/elcotarro.com\/?p=10780\"},\"author\":{\"name\":\"Jos\u00e9 Carlos Marrero Gonz\u00e1lez\",\"@id\":\"https:\/\/elcotarro.com\/#\/schema\/person\/af537ee7d60d15984c7e0affcd8a918b\"},\"headline\":\"EL COTARRO \/ 498, DEL DOMINGO, 24\/03\/2024\",\"datePublished\":\"2024-03-24T11:05:18+00:00\",\"dateModified\":\"2024-03-24T12:03:44+00:00\",\"mainEntityOfPage\":{\"@id\":\"https:\/\/elcotarro.com\/?p=10780\"},\"wordCount\":2752,\"commentCount\":4,\"publisher\":{\"@id\":\"https:\/\/elcotarro.com\/#organization\"},\"image\":{\"@id\":\"https:\/\/elcotarro.com\/?p=10780#primaryimage\"},\"thumbnailUrl\":\"https:\/\/canariasenpositivo.com\/wp-content\/uploads\/2023\/09\/EL-COTARRO-CABECERA-1024x122.jpg\",\"articleSection\":[\"El Cotarro\"],\"inLanguage\":\"es\",\"potentialAction\":[{\"@type\":\"CommentAction\",\"name\":\"Comment\",\"target\":[\"https:\/\/elcotarro.com\/?p=10780#respond\"]}]},{\"@type\":\"WebPage\",\"@id\":\"https:\/\/elcotarro.com\/?p=10780\",\"url\":\"https:\/\/elcotarro.com\/?p=10780\",\"name\":\"EL COTARRO \/ 498, DEL DOMINGO, 24\/03\/2024 - El Cotarro\",\"isPartOf\":{\"@id\":\"https:\/\/elcotarro.com\/#website\"},\"primaryImageOfPage\":{\"@id\":\"https:\/\/elcotarro.com\/?p=10780#primaryimage\"},\"image\":{\"@id\":\"https:\/\/elcotarro.com\/?p=10780#primaryimage\"},\"thumbnailUrl\":\"https:\/\/canariasenpositivo.com\/wp-content\/uploads\/2023\/09\/EL-COTARRO-CABECERA-1024x122.jpg\",\"datePublished\":\"2024-03-24T11:05:18+00:00\",\"dateModified\":\"2024-03-24T12:03:44+00:00\",\"breadcrumb\":{\"@id\":\"https:\/\/elcotarro.com\/?p=10780#breadcrumb\"},\"inLanguage\":\"es\",\"potentialAction\":[{\"@type\":\"ReadAction\",\"target\":[\"https:\/\/elcotarro.com\/?p=10780\"]}]},{\"@type\":\"ImageObject\",\"inLanguage\":\"es\",\"@id\":\"https:\/\/elcotarro.com\/?p=10780#primaryimage\",\"url\":\"https:\/\/canariasenpositivo.com\/wp-content\/uploads\/2023\/09\/EL-COTARRO-CABECERA-1024x122.jpg\",\"contentUrl\":\"https:\/\/canariasenpositivo.com\/wp-content\/uploads\/2023\/09\/EL-COTARRO-CABECERA-1024x122.jpg\"},{\"@type\":\"BreadcrumbList\",\"@id\":\"https:\/\/elcotarro.com\/?p=10780#breadcrumb\",\"itemListElement\":[{\"@type\":\"ListItem\",\"position\":1,\"name\":\"Portada\",\"item\":\"https:\/\/elcotarro.com\/\"},{\"@type\":\"ListItem\",\"position\":2,\"name\":\"EL COTARRO \/ 498, DEL DOMINGO, 24\/03\/2024\"}]},{\"@type\":\"WebSite\",\"@id\":\"https:\/\/elcotarro.com\/#website\",\"url\":\"https:\/\/elcotarro.com\/\",\"name\":\"El Cotarro\",\"description\":\"Peri\u00f3dico Digital Independiente dirigido por Jos\u00e9 Carlos Marrero\",\"publisher\":{\"@id\":\"https:\/\/elcotarro.com\/#organization\"},\"potentialAction\":[{\"@type\":\"SearchAction\",\"target\":{\"@type\":\"EntryPoint\",\"urlTemplate\":\"https:\/\/elcotarro.com\/?s={search_term_string}\"},\"query-input\":{\"@type\":\"PropertyValueSpecification\",\"valueRequired\":true,\"valueName\":\"search_term_string\"}}],\"inLanguage\":\"es\"},{\"@type\":\"Organization\",\"@id\":\"https:\/\/elcotarro.com\/#organization\",\"name\":\"El Cotarro\",\"url\":\"https:\/\/elcotarro.com\/\",\"logo\":{\"@type\":\"ImageObject\",\"inLanguage\":\"es\",\"@id\":\"https:\/\/elcotarro.com\/#\/schema\/logo\/image\/\",\"url\":\"https:\/\/elcotarro.com\/wp-content\/uploads\/2014\/09\/Cabecera_El_Cotarro_v2.jpg\",\"contentUrl\":\"https:\/\/elcotarro.com\/wp-content\/uploads\/2014\/09\/Cabecera_El_Cotarro_v2.jpg\",\"width\":3540,\"height\":441,\"caption\":\"El Cotarro\"},\"image\":{\"@id\":\"https:\/\/elcotarro.com\/#\/schema\/logo\/image\/\"},\"sameAs\":[\"https:\/\/www.facebook.com\/ElCotarro.Tenerife\"]},{\"@type\":\"Person\",\"@id\":\"https:\/\/elcotarro.com\/#\/schema\/person\/af537ee7d60d15984c7e0affcd8a918b\",\"name\":\"Jos\u00e9 Carlos Marrero Gonz\u00e1lez\",\"image\":{\"@type\":\"ImageObject\",\"inLanguage\":\"es\",\"@id\":\"https:\/\/elcotarro.com\/#\/schema\/person\/image\/\",\"url\":\"https:\/\/secure.gravatar.com\/avatar\/def4da036efb5d32c74d49c351f6dccc064dd69ad9f3aadc295c5a9a5391ca01?s=96&d=mm&r=g\",\"contentUrl\":\"https:\/\/secure.gravatar.com\/avatar\/def4da036efb5d32c74d49c351f6dccc064dd69ad9f3aadc295c5a9a5391ca01?s=96&d=mm&r=g\",\"caption\":\"Jos\u00e9 Carlos Marrero Gonz\u00e1lez\"},\"sameAs\":[\"https:\/\/elcotarro.com\"],\"url\":\"https:\/\/elcotarro.com\/?author=2\"}]}<\/script>\n<!-- \/ Yoast SEO plugin. -->","yoast_head_json":{"title":"EL COTARRO \/ 498, DEL DOMINGO, 24\/03\/2024 - El Cotarro","robots":{"index":"index","follow":"follow","max-snippet":"max-snippet:-1","max-image-preview":"max-image-preview:large","max-video-preview":"max-video-preview:-1"},"canonical":"https:\/\/elcotarro.com\/?p=10780","og_locale":"es_ES","og_type":"article","og_title":"EL COTARRO \/ 498, DEL DOMINGO, 24\/03\/2024 - El Cotarro","og_description":"N\u00ba498 DEL 24 DE MARZO DE 2024 &nbsp; \u00a0 Por Jos\u00e9 Carlos Marrero * &nbsp; &nbsp; INTENTEN LEER \u2018EL COTARRO\u2019 DE HOY HASTA EL FINAL Es absolutamente natural que cualquier lector o lectora de El Cotarro no lea lo que cuento cada semana de cabo a rabo, por muy fiel que sea. Entiendo que hay ... Read more","og_url":"https:\/\/elcotarro.com\/?p=10780","og_site_name":"El Cotarro","article_publisher":"https:\/\/www.facebook.com\/ElCotarro.Tenerife","article_published_time":"2024-03-24T11:05:18+00:00","article_modified_time":"2024-03-24T12:03:44+00:00","og_image":[{"url":"https:\/\/canariasenpositivo.com\/wp-content\/uploads\/2023\/09\/EL-COTARRO-CABECERA-1024x122.jpg","type":"","width":"","height":""}],"author":"Jos\u00e9 Carlos Marrero Gonz\u00e1lez","twitter_misc":{"Escrito por":"Jos\u00e9 Carlos Marrero Gonz\u00e1lez","Tiempo de lectura":"15 minutos"},"schema":{"@context":"https:\/\/schema.org","@graph":[{"@type":"Article","@id":"https:\/\/elcotarro.com\/?p=10780#article","isPartOf":{"@id":"https:\/\/elcotarro.com\/?p=10780"},"author":{"name":"Jos\u00e9 Carlos Marrero Gonz\u00e1lez","@id":"https:\/\/elcotarro.com\/#\/schema\/person\/af537ee7d60d15984c7e0affcd8a918b"},"headline":"EL COTARRO \/ 498, DEL DOMINGO, 24\/03\/2024","datePublished":"2024-03-24T11:05:18+00:00","dateModified":"2024-03-24T12:03:44+00:00","mainEntityOfPage":{"@id":"https:\/\/elcotarro.com\/?p=10780"},"wordCount":2752,"commentCount":4,"publisher":{"@id":"https:\/\/elcotarro.com\/#organization"},"image":{"@id":"https:\/\/elcotarro.com\/?p=10780#primaryimage"},"thumbnailUrl":"https:\/\/canariasenpositivo.com\/wp-content\/uploads\/2023\/09\/EL-COTARRO-CABECERA-1024x122.jpg","articleSection":["El Cotarro"],"inLanguage":"es","potentialAction":[{"@type":"CommentAction","name":"Comment","target":["https:\/\/elcotarro.com\/?p=10780#respond"]}]},{"@type":"WebPage","@id":"https:\/\/elcotarro.com\/?p=10780","url":"https:\/\/elcotarro.com\/?p=10780","name":"EL COTARRO \/ 498, DEL DOMINGO, 24\/03\/2024 - El Cotarro","isPartOf":{"@id":"https:\/\/elcotarro.com\/#website"},"primaryImageOfPage":{"@id":"https:\/\/elcotarro.com\/?p=10780#primaryimage"},"image":{"@id":"https:\/\/elcotarro.com\/?p=10780#primaryimage"},"thumbnailUrl":"https:\/\/canariasenpositivo.com\/wp-content\/uploads\/2023\/09\/EL-COTARRO-CABECERA-1024x122.jpg","datePublished":"2024-03-24T11:05:18+00:00","dateModified":"2024-03-24T12:03:44+00:00","breadcrumb":{"@id":"https:\/\/elcotarro.com\/?p=10780#breadcrumb"},"inLanguage":"es","potentialAction":[{"@type":"ReadAction","target":["https:\/\/elcotarro.com\/?p=10780"]}]},{"@type":"ImageObject","inLanguage":"es","@id":"https:\/\/elcotarro.com\/?p=10780#primaryimage","url":"https:\/\/canariasenpositivo.com\/wp-content\/uploads\/2023\/09\/EL-COTARRO-CABECERA-1024x122.jpg","contentUrl":"https:\/\/canariasenpositivo.com\/wp-content\/uploads\/2023\/09\/EL-COTARRO-CABECERA-1024x122.jpg"},{"@type":"BreadcrumbList","@id":"https:\/\/elcotarro.com\/?p=10780#breadcrumb","itemListElement":[{"@type":"ListItem","position":1,"name":"Portada","item":"https:\/\/elcotarro.com\/"},{"@type":"ListItem","position":2,"name":"EL COTARRO \/ 498, DEL DOMINGO, 24\/03\/2024"}]},{"@type":"WebSite","@id":"https:\/\/elcotarro.com\/#website","url":"https:\/\/elcotarro.com\/","name":"El Cotarro","description":"Peri\u00f3dico Digital Independiente dirigido por Jos\u00e9 Carlos Marrero","publisher":{"@id":"https:\/\/elcotarro.com\/#organization"},"potentialAction":[{"@type":"SearchAction","target":{"@type":"EntryPoint","urlTemplate":"https:\/\/elcotarro.com\/?s={search_term_string}"},"query-input":{"@type":"PropertyValueSpecification","valueRequired":true,"valueName":"search_term_string"}}],"inLanguage":"es"},{"@type":"Organization","@id":"https:\/\/elcotarro.com\/#organization","name":"El Cotarro","url":"https:\/\/elcotarro.com\/","logo":{"@type":"ImageObject","inLanguage":"es","@id":"https:\/\/elcotarro.com\/#\/schema\/logo\/image\/","url":"https:\/\/elcotarro.com\/wp-content\/uploads\/2014\/09\/Cabecera_El_Cotarro_v2.jpg","contentUrl":"https:\/\/elcotarro.com\/wp-content\/uploads\/2014\/09\/Cabecera_El_Cotarro_v2.jpg","width":3540,"height":441,"caption":"El Cotarro"},"image":{"@id":"https:\/\/elcotarro.com\/#\/schema\/logo\/image\/"},"sameAs":["https:\/\/www.facebook.com\/ElCotarro.Tenerife"]},{"@type":"Person","@id":"https:\/\/elcotarro.com\/#\/schema\/person\/af537ee7d60d15984c7e0affcd8a918b","name":"Jos\u00e9 Carlos Marrero Gonz\u00e1lez","image":{"@type":"ImageObject","inLanguage":"es","@id":"https:\/\/elcotarro.com\/#\/schema\/person\/image\/","url":"https:\/\/secure.gravatar.com\/avatar\/def4da036efb5d32c74d49c351f6dccc064dd69ad9f3aadc295c5a9a5391ca01?s=96&d=mm&r=g","contentUrl":"https:\/\/secure.gravatar.com\/avatar\/def4da036efb5d32c74d49c351f6dccc064dd69ad9f3aadc295c5a9a5391ca01?s=96&d=mm&r=g","caption":"Jos\u00e9 Carlos Marrero Gonz\u00e1lez"},"sameAs":["https:\/\/elcotarro.com"],"url":"https:\/\/elcotarro.com\/?author=2"}]}},"jetpack_featured_media_url":"","jetpack_sharing_enabled":true,"_links":{"self":[{"href":"https:\/\/elcotarro.com\/index.php?rest_route=\/wp\/v2\/posts\/10780","targetHints":{"allow":["GET"]}}],"collection":[{"href":"https:\/\/elcotarro.com\/index.php?rest_route=\/wp\/v2\/posts"}],"about":[{"href":"https:\/\/elcotarro.com\/index.php?rest_route=\/wp\/v2\/types\/post"}],"author":[{"embeddable":true,"href":"https:\/\/elcotarro.com\/index.php?rest_route=\/wp\/v2\/users\/2"}],"replies":[{"embeddable":true,"href":"https:\/\/elcotarro.com\/index.php?rest_route=%2Fwp%2Fv2%2Fcomments&post=10780"}],"version-history":[{"count":4,"href":"https:\/\/elcotarro.com\/index.php?rest_route=\/wp\/v2\/posts\/10780\/revisions"}],"predecessor-version":[{"id":10784,"href":"https:\/\/elcotarro.com\/index.php?rest_route=\/wp\/v2\/posts\/10780\/revisions\/10784"}],"wp:attachment":[{"href":"https:\/\/elcotarro.com\/index.php?rest_route=%2Fwp%2Fv2%2Fmedia&parent=10780"}],"wp:term":[{"taxonomy":"category","embeddable":true,"href":"https:\/\/elcotarro.com\/index.php?rest_route=%2Fwp%2Fv2%2Fcategories&post=10780"},{"taxonomy":"post_tag","embeddable":true,"href":"https:\/\/elcotarro.com\/index.php?rest_route=%2Fwp%2Fv2%2Ftags&post=10780"}],"curies":[{"name":"wp","href":"https:\/\/api.w.org\/{rel}","templated":true}]}}