{"id":10798,"date":"2024-04-21T00:44:44","date_gmt":"2024-04-20T23:44:44","guid":{"rendered":"https:\/\/elcotarro.com\/?p=10798"},"modified":"2024-04-21T11:06:16","modified_gmt":"2024-04-21T10:06:16","slug":"el-cotarro-502-del-domingo-21-04-2024","status":"publish","type":"post","link":"https:\/\/elcotarro.com\/?p=10798","title":{"rendered":"EL COTARRO \/ 502, DEL DOMINGO, 21\/04\/2024"},"content":{"rendered":"<p><img loading=\"lazy\" decoding=\"async\" class=\"size-large wp-image-7639 aligncenter\" src=\"https:\/\/canariasenpositivo.com\/wp-content\/uploads\/2024\/04\/EL-COTARRO-CABECERA-1024x122.jpg\" alt=\"\" width=\"660\" height=\"79\" \/><\/p>\n<p style=\"text-align: center\"><span style=\"color: #ff0000\"><strong>N\u00ba502 DEL 21 DE ABRIL DE 2024<\/strong><\/span><\/p>\n<p>&nbsp;<\/p>\n<p><em>\u00a0<\/em><\/p>\n<p><span style=\"color: #0000ff\"><em>Por <strong>Jos\u00e9 Carlos Marrero *<\/strong><\/em><\/span><\/p>\n<p>&nbsp;<\/p>\n<p>&nbsp;<\/p>\n<p><span style=\"color: #0000ff\"><strong>CANARIAS TIENE UN L\u00cdMITE\u2026 PERO DESDE HACE A\u00d1OS<\/strong><\/span><\/p>\n<ul>\n<li>La sagrada libertad de expresi\u00f3n, la independencia editorial, la necesaria neutralidad y la imparcialidad profesional, son los cuatro pilares de un medio de comunicaci\u00f3n y, obviamente, de un periodista que quiera ser honesto y serio. Yo lo intento conseguir humildemente y con no pocas trabas en el camino. Pero, en ello estamos. Y con ese objetivo comienzo esta edici\u00f3n de <strong><em>El Cotarro<\/em><\/strong> confes\u00e1ndoles que, mientras los estoy escribiendo, muchos miles de personas est\u00e1n manifest\u00e1ndose bajo el lema <em>\u201cCanarias tiene un l\u00edmite\u201d,<\/em> con el que estoy total y absolutamente de acuerdo. Pero, aun est\u00e1ndolo, debo ser coherente con mi pensamiento y trayectoria, para manifestarme, en mi caso desde esta tribuna de <strong>Canarias en Positivo<\/strong>, y decir que <em>\u201cCanarias tiene un l\u00edmite\u2026 pero lo est\u00e1 teniendo desde hace muchos a\u00f1os\u201d<\/em>. Muchos a\u00f1os en los que dirigentes de partidos de distintos colores e ideolog\u00edas nos han estado gobernando porque nosotros mismos les hemos votado. Hemos sido y somo c\u00f3mplices (por acci\u00f3n u omisi\u00f3n) de lo que hemos sembrado y, por tanto, de la cosecha que estamos recogiendo. Hemos comido (y seguimos comiendo) con la cuchara que hemos cogido. Es lo que hay.<\/li>\n<\/ul>\n<p><img loading=\"lazy\" decoding=\"async\" class=\"size-large wp-image-7710 aligncenter\" src=\"https:\/\/canariasenpositivo.com\/wp-content\/uploads\/2024\/04\/1.-CANARIAS-TIENE-UN-LIMITE-1024x576.jpg\" alt=\"\" width=\"660\" height=\"371\" \/><\/p>\n<p style=\"text-align: center\"><em>Imagen de los manifestantes reunidos ayer en La Graciosa, nuestra \u201coctava isla\u201d \u2026<\/em><\/p>\n<p>&nbsp;<\/p>\n<p><span style=\"color: #0000ff\"><strong>CON LA CUCHARA QUE COGES&#8230;, CON ESA COMES<\/strong><\/span><\/p>\n<ul>\n<li>Reitero de nuevo esta semana lo dec\u00eda <strong>Lolita Gonz\u00e1lez<\/strong>, mi madre. <em>\u201cCon la cuchara que coges, con esa comes\u201d<\/em>. Y lo que dec\u00eda <strong>Inocencio Marrero<\/strong>, mi padre: \u201c<em>No pongas todos los huevos en la misma cesta, por si tropiezas y se te caen al suelo\u201d<\/em> \u2026 Nuestras benditas Islas, podr\u00edan haberse convertido en una especie de \u201cSilicon Valley\u201d tecnol\u00f3gico, o plataforma log\u00edstica aeroportuaria, aprovechando nuestra situaci\u00f3n geogr\u00e1fica entre tres continentes. Incluso he llegado a o\u00edr que podr\u00edamos haber sido centro de investigaci\u00f3n cient\u00edfica, y hasta plataforma sanitaria y hospitalaria de referencia para toda \u00e1frica. Desde la preautonom\u00eda en la primera Junta de Canarias presidida en 1978 por <strong>Alfonso Soriano<\/strong> (UCD), desde el primer presidente del Gobierno de Canarias, <strong>Jer\u00f3nimo Saavedra Acevedo<\/strong> (PSOE), en 1983, cuando ya disfrutamos de plena autonom\u00eda, hasta hoy con <strong>Fernando Clavijo Batlle<\/strong> (CC) todos los gobiernos que hemos tenido, con sus diferentes colores pol\u00edticos, sus dispares pactos y sus distintos presidentes, han querido y decidido apostar casi exclusivamente por la \u201cindustria del Turismo\u201d y han tenido la oportunidad de dise\u00f1ar y redise\u00f1ar el \u201cmodelo tur\u00edstico\u201d. Con la cuchara que hemos cogido durante 45 a\u00f1os\u2026 con esa hemos comido. Para bien o para mal.<\/li>\n<\/ul>\n<p><img loading=\"lazy\" decoding=\"async\" class=\"size-large wp-image-7711 aligncenter\" src=\"https:\/\/canariasenpositivo.com\/wp-content\/uploads\/2024\/04\/2.-MANIFESTACION-TENERIFE-1024x576.jpg\" alt=\"\" width=\"660\" height=\"371\" \/><\/p>\n<p style=\"text-align: center\"><em>Todas las manifestaciones, especialmente la de Tenerife, han sido un rotundo \u00e9xito.<\/em><\/p>\n<p>&nbsp;<\/p>\n<p><span style=\"color: #0000ff\"><strong>EN MANOS DE CLAVIJO Y TAMBI\u00c9N DE LOS ANTERIORES<\/strong><\/span><\/p>\n<ul>\n<li>Me he pasado varios d\u00edas por la acampada que se ha desarrollado junto a la parroquia de <strong>Nuestra Se\u00f1ora de la Concepci\u00f3n<\/strong> de La Laguna y he tenido la oportunidad de leer alguna de las pancartas y carteles que all\u00ed han elaborado y colgado. En una de ellas pon\u00eda \u201c\u00a1\u00a1\u00a1<strong>Clavijo<\/strong>, reacciona, est\u00e1 muriendo Canarias en tus manos!!!&#8230; Siendo justos habr\u00eda que decir que, si es verdad que Canarias est\u00e1 muriendo, deber\u00edamos reconocer que est\u00e1 agonizando desde mucho tiempo atr\u00e1s, desde los primeros a\u00f1os de nuestra autonom\u00eda y siendo gobernados por <strong>Jer\u00f3nimo Saavedra<\/strong> (PSOE), <strong>Fernando Fern\u00e1ndez<\/strong> (CDS) <strong>Lorenzo Olarte<\/strong> (CDS) <strong>Manuel Hermoso<\/strong> (CC) <strong>Rom\u00e1n Rodr\u00edguez<\/strong> (CC) <strong>Ad\u00e1n Mart\u00edn<\/strong> (CC) <strong>Paulino Rivero<\/strong> (CC) <strong>Fernando Clavijo<\/strong> (CC) <strong>\u00c1ngel V\u00edctor Torres<\/strong> (PSOE y ahora, de nuevo, <strong>Clavijo<\/strong>. Ojo: les hemos votado porque son ellos los que se han presentado y no otros. Y tambi\u00e9n les recuerdo de nuevo lo que dec\u00eda el pol\u00edtico ruso <strong>Vladimir Ilich Lenin<\/strong>, m\u00e1s conocido simplemente como <strong>Lenin<\/strong>: <em>\u201cSi no eres parte de la soluci\u00f3n, eres parte del problema, act\u00faa!\u201d.<\/em> Respeto la acampada y a los acampados, pero, sinceramente, creo que ha llegado la hora de responder de otra manera y\u2026 m\u00e1s activamente.<\/li>\n<\/ul>\n<p>&nbsp;<\/p>\n<p><img loading=\"lazy\" decoding=\"async\" class=\"size-large wp-image-7723 aligncenter\" src=\"https:\/\/canariasenpositivo.com\/wp-content\/uploads\/2024\/04\/IMG_1099-1024x768.jpeg\" alt=\"\" width=\"660\" height=\"495\" \/><\/p>\n<p style=\"text-align: center\"><em>Zona de la acampada con el cartel de \u201c\u00a1Clavijo, reacciona, est\u00e1 muriendo Canarias en tus manos!\u201d<\/em><\/p>\n<p>&nbsp;<\/p>\n<p><span style=\"color: #0000ff\"><strong>DE LA SEDE DE PRESIDENCIA A LA CASA DE CLAVIJO<\/strong><\/span><\/p>\n<ul>\n<li>Como les cuento, estuve un rato por los alrededores de la \u201cacampada\u201d y, precisamente, coincid\u00ed en el momento en el que los manifestantes que est\u00e1n en huelga de hambre, eran tra\u00eddos en silla de ruedas y eran ovacionados casi como \u201ch\u00e9roes\u201d, cuando ven\u00edan de la lagunera vivienda particular, donde reside el ciudadano <strong>Fernando Clavijo Batlle<\/strong>, con su esposa y sus hijas, a cuyas puertas hab\u00edan ido para manifestar sus protestas. Tremendo error. Si ten\u00edan sus razones, las perdieron en ese momento. Reitero que all\u00ed vive y es el hogar familiar del \u201cciudadano\u201d <strong>Fernando Clavijo<\/strong>. El otro, el \u201cpresidente\u201d <strong>Clavijo<\/strong> reside en Santa Cruz de Tenerife, en la denominada sede de la \u201cpresidencia\u201d del Gobierno, en la calle <strong>Jos\u00e9 Manuel Guimer\u00e1<\/strong>, N\u00ba3. Aguantar esta protesta en su casa familiar, no va en el cargo ni en el sueldo. Confundir esto es un completo error, es una \u201cmala jugada\u201d, es una \u201cruindad\u201d y hasta (con perd\u00f3n) \u201cuna putada\u201d \u2026 Es una ofensa para el ciudadano <strong>Clavijo<\/strong> quien, \u201cprofesionalmente\u201d y hasta que no sea elegida otra persona, representa a toda Canarias y es el presidente de todas y todos los canarios. Errores como este hacen que mucha gente buena y preparada (joven y no tan joven) se resista a entrar y participar en el noble oficio de la pol\u00edtica en Canarias. Con lo que nos hace falta.<\/li>\n<\/ul>\n<p><img loading=\"lazy\" decoding=\"async\" class=\"size-full wp-image-7713 aligncenter\" src=\"https:\/\/canariasenpositivo.com\/wp-content\/uploads\/2024\/04\/4.-PRESIDENCIA-DEL-GOBIERNO.webp\" alt=\"\" width=\"948\" height=\"606\" \/><\/p>\n<p style=\"text-align: center\"><em>Presidencia del Gobierno de Canarias, en Santa Cruz de Tenerife, donde ahora reside Fernando Clavijo como en presidente del Gobierno. Quien reside en La Laguna es el ciudadano particular Fernando Clavijo, en su vivienda y con su familia.<\/em><\/p>\n<p>&nbsp;<\/p>\n<p><span style=\"color: #0000ff\"><strong>\u00a1LOS GUIRIS NO SE COMEN, LOS GUIRIS NO SE COMEN!<\/strong><\/span><\/p>\n<ul>\n<li>Como les cuento, estuve un rato en la acampada y, en reiterados momentos, se escuchaba corear a las personas all\u00ed presentes la consigna, dedicada no s\u00e9 si a los \u201cguiris\u201d o a nosotros mismos, que dec\u00eda <em>\u201c\u00a1los guiris no se comen!&#8230; \u00a1los guiris no se comen!&#8230;<\/em> Efectivamente, es una verdad absoluta que los guiris no se comen, pero no es menos cierto que los guiris \u201cno nos comen\u201d. En todo caso, comen nuestros productos agroalimentarios, nuestros vinos, nuestros quesos, van a nuestros restaurantes y a los pocos \u201cguachinches\u201d (de verdad) que nos quedan abiertos. Reitero que debemos tener cuidado con el Turismo (bien entendido) para no cortar la mano de quien hoy (nos guste m\u00e1s o menos) nos da de comer, al menos hasta que tengamos otra mano, tan segura como \u00e9sta o m\u00e1s, para seguir aliment\u00e1ndonos. Cuidado con lo de \u00a1Tourist, go home!, con lo de \u00a1Turista, vete a tu casa!&#8230; Porque igual terminan y\u00e9ndose a dejar sus buenas perritas en \u201cotra casa\u201d. Y pudiera ser que, entonces, para entendernos, podr\u00edamos acabar comi\u00e9ndonos nosotros (los canarios) \u201ccomi\u00e9ndonos\u201d los unos a los otros. El escritor espa\u00f1ol <strong>Fernando Gamboa Gonz\u00e1lez<\/strong> suele decir que: <em>\u201cM\u00e1s valen cien porsiacaso, que un yopensequ\u00e9\u201d<\/em><\/li>\n<\/ul>\n<p><img loading=\"lazy\" decoding=\"async\" class=\"size-large wp-image-7714 aligncenter\" src=\"https:\/\/canariasenpositivo.com\/wp-content\/uploads\/2024\/04\/5.-PADYLLA.COM_-1024x696.jpeg\" alt=\"\" width=\"660\" height=\"449\" \/><\/p>\n<p style=\"text-align: center\"><em>Una vez m\u00e1s, un magn\u00edfico y claro resumen de la problem\u00e1tica actual, en una vi\u00f1eta del gran Padylla, publicada en el peri\u00f3dico La Provincia y que corre por las redes.<\/em><\/p>\n<p>&nbsp;<\/p>\n<p><span style=\"color: #0000ff\"><strong>HO <\/strong><strong>HAGAMOS LA <\/strong><strong>CAMA A<\/strong> <strong>OTROS DESTINOS TUR\u00cdSTICOS<\/strong><\/span><\/p>\n<ul>\n<li>No voy a entrar en el absurdo debate de las cifras de asistentes a las manifestaciones. Si los organizadores hablan de 100.000, yo dir\u00e9 que m\u00e1s de 100.000. Pero, dejado eso aparte, no olvidemos que, nos guste m\u00e1s o menos, esta movida se puede confundir y utilizar (como ya los est\u00e1n haciendo algunos medios y destinos extranjeros) para hablar de \u201cturismofobia\u201d. Seamos sensatos, recordemos y aceptemos que, hoy por hoy, el Turismo supone el 35% del Producto Interior Bruto (PIB) de nuestra Comunidad Aut\u00f3noma, cosa que ha recordado <strong>Fernando Clavijo<\/strong> (CC) y casi todo el resto de partidos pol\u00edticos serios y conscientes. NO olvidemos lo que pas\u00f3 cuando durante la pandemia del Covid-19 nuestros hoteles, nuestros pueblos, ciudades y playas quedaron sin gente y nuestros hoteles, comercios y restaurantes dejaron de comprar nuestros productos agroalimentarios y los de nuestras pocas y peque\u00f1as industrias. Es verdad que muchos inteligentes y razonables promotores de las manifestaciones han dejado claro que esto no es \u201ccontra los turistas\u201d sino \u201ccontra el modelo tur\u00edstico\u201d, pero hay que ser muy sensible y cuidadoso con este extremo de la problem\u00e1tica. No nos \u201csuicidemos\u201d tur\u00edsticamente.<\/li>\n<\/ul>\n<p><em> <img loading=\"lazy\" decoding=\"async\" class=\"size-full wp-image-7715 aligncenter\" src=\"https:\/\/canariasenpositivo.com\/wp-content\/uploads\/2024\/04\/6.-TURISMO-PIB-Y-EMPLEO.jpg\" alt=\"\" width=\"770\" height=\"597\" \/><\/em><\/p>\n<p style=\"text-align: center\"><em>Impacto del Turismo en el PIB y el Empleo elaborado en 2021 por ElEconomista.es<\/em><\/p>\n<p><em>\u00a0<\/em><\/p>\n<p><span style=\"color: #0000ff\"><strong>PAN PARA HOY, Y AHORA\u2026 \u00bfHAMBRE PARA MA\u00d1ANA?<\/strong><\/span><\/p>\n<ul>\n<li>Les reitero, una vez m\u00e1s, la frase que repet\u00eda el periodista <strong>Manuel Iglesias<\/strong>: <em>\u201caqu\u00ed no hay monumento al soldado desconocido, porque nos conocemos todos\u201d<\/em>. Lo de ayer fue un \u00e9xito, hoy estamos de resaca y reflexi\u00f3n y \u00bfma\u00f1ana? Lo de las torres de electricidad por Vilaflor, termin\u00f3 como el rosario de la aurora. La \u201cv\u00eda cornisa\u201d de Santa Cruz para aligerar la ida y venida desde San Andr\u00e9s, tan defendida por el alcalde <strong>Jos\u00e9 Emilio Garc\u00eda G\u00f3mez<\/strong> (Q.e.p.d.) fallecido el viernes y que despedimos ayer, duerme el sue\u00f1o de los justos. El soterramiento de la Autopista del Norte (TF-5) a su paso por La Laguna sigue esperando desde 1995, con <strong>Elfidio Alonso<\/strong> de alcalde, y ahora la herida duele mucho m\u00e1s con la traici\u00f3n en forma de \u201cpasarela peatonal a\u00e9rea\u201d. La prolongaci\u00f3n de la Avenida Pr\u00edncipes de Espa\u00f1a en Santa Cruz, para desahogar la salida de coches hacia el sur, sigue sin terminarse (y el puente al lado de la Residencia no s\u00e9 si habr\u00e1 que reconstruirlo). \u00bfY el cierre del anillo insular para que los trabajadores del norte que trabajan en el sur no tengan que quedarse a dormir?&#8230; As\u00ed podr\u00eda seguir tres p\u00e1ginas m\u00e1s. \u00bfLograremos que las manifestaciones de ayer hagan cambiar (de verdad) a TODOS nuestros pol\u00edticos y sus partidos?<\/li>\n<\/ul>\n<p><img loading=\"lazy\" decoding=\"async\" class=\"size-full wp-image-7716 aligncenter\" src=\"https:\/\/canariasenpositivo.com\/wp-content\/uploads\/2024\/04\/7.-TRAMO-OFRA-CHORRILLO.jpg\" alt=\"\" width=\"610\" height=\"380\" \/><\/p>\n<p style=\"text-align: center\"><em>Santa Cruz de Tenerife lleva (creo que m\u00e1s de 40 a\u00f1os) deseando y esperando que esta infograf\u00eda del puente y tramo inacabado Ofra-Chorrillo, se convierta en realidad.<\/em><\/p>\n<p>&nbsp;<\/p>\n<p><span style=\"color: #0000ff\"><strong>MEJOR POL\u00cdTICA Y QUE EL RESULTADO \u201cCOMPENSE\u201d<\/strong><\/span><\/p>\n<ul>\n<li>Hoy estoy reiterativo, pero estoy convencido de que en esto radica \u201cla victoria final\u201d de cara al futuro. Necesitamos regenerar la pol\u00edtica en Canarias. Mejorar (a\u00fan m\u00e1s) la clase pol\u00edtica y mejorar (mucho m\u00e1s) la forma de hacer pol\u00edtica. Dec\u00eda el historiador y pol\u00edtico brit\u00e1nico <strong>Thomas Macauly que <\/strong><em>\u201cel mejor Gobierno es el que desea hacer feliz al pueblo y sabe c\u00f3mo logarlo\u201d<\/em>. Si logramos tener mejores pol\u00edticos en los gobiernos, mejor gobernados estaremos. Necesitamos que m\u00e1s canarias y canarios se formen integralmente y participen, con toda la honestidad y ganas del mundo, en el noble oficio de la Pol\u00edtica al servicio de su ciudadan\u00eda. Y luego, hace falta poner en su justa medida el verbo \u201ccompensar\u201d. No podemos casi exigir y ordenar que nuestra Juventud atienda los campos y las median\u00edas, convirti\u00e9ndose en agricultores o ganaderos, si no logramos que eso les \u201ccompense\u201d en tiempo y forma como Dios manda (dignidad, sueldo, conciliaci\u00f3n familiar, vacaciones, jubilaci\u00f3n, etc.) Y lo mismo para otros oficios y profesiones. Y lo mismo con el dichoso problema de la vivienda y la atenci\u00f3n social a los dependientes. Y para lograr todo eso tendremos que seguir contando con el Turismo, de la mejor manera.<\/li>\n<\/ul>\n<p><img loading=\"lazy\" decoding=\"async\" class=\"size-large wp-image-7717 aligncenter\" src=\"https:\/\/canariasenpositivo.com\/wp-content\/uploads\/2024\/04\/8.-PROMOCION-EN-MADRID-1024x695.jpg\" alt=\"\" width=\"660\" height=\"448\" \/><\/p>\n<p style=\"text-align: center\"><em>Valla s\u00faper-gigante colocada en Madrid, para promocionar Tenerife como destino tur\u00edstico.<\/em><\/p>\n<p>&nbsp;<\/p>\n<p><span style=\"color: #0000ff\"><strong>SEGURIDAD, CLIMA, PAISAJE, CULTURA, GASTRONOM\u00cdA<\/strong><\/span><\/p>\n<ul>\n<li>Voy acabando este tema recordando lo que muchas veces le he o\u00eddo decir al gran cocinero y amigo <strong>Ferran Adri\u00e0<\/strong>: el viajero elige actualmente el destino tur\u00edstico para su tiempo de descanso y vacaciones, en funci\u00f3n de cinco principales razones y par\u00e1metros: seguridad, clima, paisaje, cultura y gastronom\u00eda. Cada uno de ellos, como se pueden imaginar tienen mucha enjundia y encierran mucho. En este mundo convulso, el que Tenerife y Canarias gocen de una seguridad integral efectiva, que se vea, se sienta y se note, es absolutamente fundamental y prioritario. El clima, gracias a Dios, con sus agradable temperatura y horitas de sol, creo que lo tenemos garantizado. El paisaje, incluida nuestra naturaleza y playas lo tenemos, pero debemos cuidarlo y protegerlo m\u00e1s y mejor apostando por la sostenibilidad. La cultura es clave y, sobre todo, un modelo de cultura europeo basado en el respeto a las personas, a su dignidad, libertad y derechos fundamentales; el respeto a la mujer y la igualdad de g\u00e9neros, a la democracia en el m\u00e1s amplio sentido de la palabra, al respeto a las creencias religiosas y libertad de culto de cada persona. Y tambi\u00e9n, recuerda <strong>Ferran Adri\u00e0<\/strong>, a la gastronom\u00eda, con respeto, en este caso, a los productos, recetas y sabores de nuestras islas. Pero, ojo, la seguridad en primer lugar de todos.<\/li>\n<\/ul>\n<p><img loading=\"lazy\" decoding=\"async\" class=\"size-full wp-image-7718 aligncenter\" src=\"https:\/\/canariasenpositivo.com\/wp-content\/uploads\/2024\/04\/9.-TURISMO-SEGURO.jpg\" alt=\"\" width=\"975\" height=\"620\" \/><\/p>\n<p style=\"text-align: center\"><em>La tranquilidad que ofrecen y transmiten nuestra Fuerzas y Cuerpos de Seguridad del Estado es clave para posicionar y consolidar a nuestras Islas Canarias como un destino tur\u00edstico seguro.<\/em><\/p>\n<p>&nbsp;<\/p>\n<p><strong><span style=\"color: #0000ff\">SEGURIDAD ANTE POSIBLES\u2026 \u201cTENSIONES EXTERNAS\u201d<\/span> <\/strong><\/p>\n<ul>\n<li>Normalmente, esa sensaci\u00f3n de seguridad ya la ofrecen d\u00eda a d\u00eda los profesionales de nuestra Guardia Civil (GC), el Cuerpo Nacional de Polic\u00eda (CNP), el Cuerpo General de la Polic\u00eda Canarias (CGPC)y los efectivos de la Polic\u00eda Local (PL) de todos y cada uno de los 88 municipios de Canarias. Pero, simult\u00e1nea y paralelamente a ellos, no podemos olvidar la inestimable e impagable labor de presencia, vigilancia y disuasi\u00f3n que nos ofrecen nuestras Fuerzas Armadas (Ej\u00e9rcito de Tierra, Armada y Ej\u00e9rcito del Aire y del Espacio) con guarniciones y efectivos en todas nuestras islas. Como embajador de la Marca Ej\u00e9rcito, me gustar\u00eda y creo justo destacar la permanente labor de entrenamiento y preparaci\u00f3n que est\u00e1n llevando los profesionales del Ej\u00e9rcito de Tierra enmarcados en el Mando de Canarias (MCANA) que tienen como jefe y m\u00e1ximo responsable a nuestro <em>Capit\u00e1n General<\/em>, el teniente general <strong>Julio Salom Herrera<\/strong>. Hace unos d\u00edas, por cierto, el Cuartel General del Mando de Canarias realiz\u00f3 una ascensi\u00f3n al Pico del Teide, como parte de Ejercicio de Instrucci\u00f3n y Adiestramiento Weyler III\/24 en el que las y los soldados, junto con sus mandos y llegaron a lo m\u00e1s alto de la mism\u00edsima cima de nuestro \u201cpadre\u201d Teide, con el objetivo de fortalecer la cohesi\u00f3n de la Unidad, adem\u00e1s de alentar el esp\u00edritu de superaci\u00f3n y reforzar el compromiso con la Instituci\u00f3n.<\/li>\n<\/ul>\n<p><img loading=\"lazy\" decoding=\"async\" class=\"size-large wp-image-7719 aligncenter\" src=\"https:\/\/canariasenpositivo.com\/wp-content\/uploads\/2024\/04\/10.-SOLDADOS-EN-EL-TEIDE-1024x768.jpg\" alt=\"\" width=\"660\" height=\"495\" \/><\/p>\n<p style=\"text-align: center\"><em>Foto de familia de parte de los soldados, suboficiales y oficiales en la cima del Teide. En el centro, con la bandera, el general, Julio Salom, jefe del Mando de Canarias.<\/em><\/p>\n<p>&nbsp;<\/p>\n<p><span style=\"color: #0000ff\"><strong>EL GENERAL SALOM SUBI\u00d3 COMO UNO M\u00c1S A LA CIMA<\/strong><\/span><\/p>\n<ul>\n<li>El propio jefe del Mando de Canarias, el teniente general <strong>Julio Salom Herrera<\/strong>, encabez\u00f3 el primer escal\u00f3n de la marcha desde el d\u00eda anterior acompa\u00f1ado de un peque\u00f1o equipo. En el segundo escal\u00f3n iniciado en la madrugada del mi\u00e9rcoles, se unieron m\u00e1s de 80 militares pertenecientes al Cuartel General. Creo que es justo destacar p\u00fablicamente el ejemplar gesto de nuestro <em>Capit\u00e1n General<\/em>, <strong>Julio Salom<\/strong>, quien, como todos, tambi\u00e9n con esfuerzo, subi\u00f3 caminando desde la base hasta el punto geod\u00e9sico del Instituto Geogr\u00e1fico Nacional (IGN) que marca los 3.718 m. de altura del \u201cPadre\u201d Teide, altitud que lo hacen el pico m\u00e1s alto de Espa\u00f1a, as\u00ed como en el volc\u00e1n m\u00e1s alto de Europa y el tercero del planeta Tierra. Cabe recordar (como dije en <strong><em>El Cotarro \/ 498<\/em><\/strong>) lo que me coment\u00f3 el general <strong>Julio<\/strong> <strong>Salom Herrera<\/strong> cuando el pasado mes de marzo se activ\u00f3 el personal de la Brigada \u2018Canarias XVI\u2019 conformando el Grupo T\u00e1ctico que, durante varios d\u00edas, llevaron a cabo patrullas de presencia, vigilancia y disuasi\u00f3n en todas las Islas Canarias. <strong>Julio<\/strong> <strong>Salom<\/strong>, como jefe del Mando de Canarias me coment\u00f3 de manera sencilla y cercana que el objetivo para el que se desarrollaban aquellas maniobras y despliegues (supongo que como este Ejercicio Weyler) no es otro que el <em>\u201cque nos vean y sepan que aqu\u00ed estamos\u201d<\/em>. Una vez m\u00e1s, como dir\u00eda el otro: clarito, meridiano y cristalino. Que todos veamos, nosotros y (sobre todo) los de m\u00e1s all\u00e1, que las Fuerzas Armadas de Espa\u00f1a est\u00e1n aqu\u00ed, y que sepamos todos que est\u00e1n preparadas.<\/li>\n<\/ul>\n<p><img loading=\"lazy\" decoding=\"async\" class=\"size-large wp-image-7720 aligncenter\" src=\"https:\/\/canariasenpositivo.com\/wp-content\/uploads\/2024\/04\/11.-SALOM-EN-PICO-TEIDE-1024x677.jpg\" alt=\"\" width=\"660\" height=\"436\" \/><\/p>\n<p style=\"text-align: center\"><em>El teniente general Julio Salom Herrera, jefe del Mando de Canarias, posando con su \u201cbandera de mochila\u201d en la cima del Teide y junto al punto geod\u00e9sico del IGN.<\/em><\/p>\n<p>&nbsp;<\/p>\n<p><span style=\"color: #0000ff\"><strong>FALTAN SOLO 30 D\u00cdAS PARA \u2018GASTROCANARIAS 2024\u2019<\/strong><\/span><\/p>\n<ul>\n<li>Como una de las cinco razones que toma en cuenta un potencial viajero o turista para elegir destino es la Gastronom\u00eda, remato <strong>El Cotarro<\/strong> de este domingo record\u00e1ndoles que, tal d\u00eda como hoy, faltan exactamente 30 d\u00edas naturales para que abra sus puertas el <strong>9\u00ba Sal\u00f3n Gastron\u00f3mico de Canarias \u2013 GastroCanarias 2024<\/strong>, que en \u00e9sta, su novena edici\u00f3n, parece que va a batir todos los r\u00e9cords que ya le convierten en el mayor evento ferial de toda Canarias en valores absolutos. La inauguraci\u00f3n oficial se celebrar\u00e1, Dios mediante, a las 10:30 horas el d\u00eda 21 de mayo (martes), en el Recinto Ferial de Tenerife y, en los tres d\u00edas que durar\u00e1 el certamen (21,22 y 23 de mayo), est\u00e1 previsto que, entre las m\u00e1s de 300 actividades que se espera celebrar, se desarrollen 7 campeonatos regionales de Cocina y 5 de Bartenders\/Cocteler\u00eda. El pasado jueves ya se reunieron los miembros del Comit\u00e9 de Selecci\u00f3n, conformado por cocineros y cocineras representativos de las dos provincias de Canarias, para elegir a los finalistas de los distintos campeonatos de cocina y est\u00e1 previsto que, a partir de ma\u00f1ana lunes se comience a hacer p\u00fablicos los nombre de cada uno de ellos. Toda la informaci\u00f3n la tendr\u00e1n en: <a href=\"http:\/\/www.salongastronomicodecanarias.com\">salongastronomicodecanarias.com<\/a><\/li>\n<\/ul>\n<p><img loading=\"lazy\" decoding=\"async\" class=\"size-large wp-image-7721 aligncenter\" src=\"https:\/\/canariasenpositivo.com\/wp-content\/uploads\/2024\/04\/12.-GASTROCANARIAS-30-1024x1024.jpg\" alt=\"\" width=\"660\" height=\"660\" \/><\/p>\n<p>&nbsp;<\/p>\n<p><strong>* Jos\u00e9 Carlos MARRERO GONZ\u00c1LEZ<\/strong><\/p>\n<p>Periodista y analista de la actualidad.<\/p>\n<p>Director de <strong><em>El Cotarro<\/em><\/strong> (www.elcotarro.com)<\/p>\n<p>Director de <strong><em>Canarias en Positivo<\/em><\/strong> (www.canariasenpositivo.com)<\/p>\n<p>Director de <strong><em>GastroCanarias<\/em><\/strong> (www.gastrocanarias.com)<\/p>\n<p>&nbsp;<\/p>\n<p><em>info@elcotarro.com<\/em><\/p>\n<p>&nbsp;<\/p>\n<p>Islas Canarias, 21 de abril de 2024.<\/p>\n<p><img loading=\"lazy\" decoding=\"async\" class=\"size-full wp-image-7656 aligncenter\" src=\"https:\/\/canariasenpositivo.com\/wp-content\/uploads\/2024\/04\/A-CARECA-INSULA.jpg\" alt=\"\" width=\"750\" height=\"153\" \/><\/p>\n","protected":false},"excerpt":{"rendered":"<p>N\u00ba502 DEL 21 DE ABRIL DE 2024 &nbsp; \u00a0 Por Jos\u00e9 Carlos Marrero * &nbsp; &nbsp; CANARIAS TIENE UN L\u00cdMITE\u2026 PERO DESDE HACE A\u00d1OS La sagrada libertad de expresi\u00f3n, la independencia editorial, la necesaria neutralidad y la imparcialidad profesional, son los cuatro pilares de un medio de comunicaci\u00f3n y, obviamente, de un periodista que quiera &#8230; <a class=\"read-more\" href=\"https:\/\/elcotarro.com\/?p=10798\">Read more<\/a><\/p>\n","protected":false},"author":2,"featured_media":0,"comment_status":"open","ping_status":"open","sticky":false,"template":"","format":"standard","meta":{"_jetpack_memberships_contains_paid_content":false,"footnotes":""},"categories":[4],"tags":[],"class_list":["post-10798","post","type-post","status-publish","format-standard","hentry","category-el-cotarro"],"yoast_head":"<!-- This site is optimized with the Yoast SEO plugin v27.0 - https:\/\/yoast.com\/product\/yoast-seo-wordpress\/ -->\n<title>EL COTARRO \/ 502, DEL DOMINGO, 21\/04\/2024 - El Cotarro<\/title>\n<meta name=\"robots\" content=\"index, follow, max-snippet:-1, max-image-preview:large, max-video-preview:-1\" \/>\n<link rel=\"canonical\" href=\"https:\/\/elcotarro.com\/?p=10798\" \/>\n<meta property=\"og:locale\" content=\"es_ES\" \/>\n<meta property=\"og:type\" content=\"article\" \/>\n<meta property=\"og:title\" content=\"EL COTARRO \/ 502, DEL DOMINGO, 21\/04\/2024 - El Cotarro\" \/>\n<meta property=\"og:description\" content=\"N\u00ba502 DEL 21 DE ABRIL DE 2024 &nbsp; \u00a0 Por Jos\u00e9 Carlos Marrero * &nbsp; &nbsp; CANARIAS TIENE UN L\u00cdMITE\u2026 PERO DESDE HACE A\u00d1OS La sagrada libertad de expresi\u00f3n, la independencia editorial, la necesaria neutralidad y la imparcialidad profesional, son los cuatro pilares de un medio de comunicaci\u00f3n y, obviamente, de un periodista que quiera ... Read more\" \/>\n<meta property=\"og:url\" content=\"https:\/\/elcotarro.com\/?p=10798\" \/>\n<meta property=\"og:site_name\" content=\"El Cotarro\" \/>\n<meta property=\"article:publisher\" content=\"https:\/\/www.facebook.com\/ElCotarro.Tenerife\" \/>\n<meta property=\"article:published_time\" content=\"2024-04-20T23:44:44+00:00\" \/>\n<meta property=\"article:modified_time\" content=\"2024-04-21T10:06:16+00:00\" \/>\n<meta property=\"og:image\" content=\"https:\/\/canariasenpositivo.com\/wp-content\/uploads\/2024\/04\/EL-COTARRO-CABECERA-1024x122.jpg\" \/>\n<meta name=\"author\" content=\"Jos\u00e9 Carlos Marrero Gonz\u00e1lez\" \/>\n<meta name=\"twitter:label1\" content=\"Escrito por\" \/>\n\t<meta name=\"twitter:data1\" content=\"Jos\u00e9 Carlos Marrero Gonz\u00e1lez\" \/>\n\t<meta name=\"twitter:label2\" content=\"Tiempo de lectura\" \/>\n\t<meta name=\"twitter:data2\" content=\"17 minutos\" \/>\n<script type=\"application\/ld+json\" class=\"yoast-schema-graph\">{\"@context\":\"https:\/\/schema.org\",\"@graph\":[{\"@type\":\"Article\",\"@id\":\"https:\/\/elcotarro.com\/?p=10798#article\",\"isPartOf\":{\"@id\":\"https:\/\/elcotarro.com\/?p=10798\"},\"author\":{\"name\":\"Jos\u00e9 Carlos Marrero Gonz\u00e1lez\",\"@id\":\"https:\/\/elcotarro.com\/#\/schema\/person\/af537ee7d60d15984c7e0affcd8a918b\"},\"headline\":\"EL COTARRO \/ 502, DEL DOMINGO, 21\/04\/2024\",\"datePublished\":\"2024-04-20T23:44:44+00:00\",\"dateModified\":\"2024-04-21T10:06:16+00:00\",\"mainEntityOfPage\":{\"@id\":\"https:\/\/elcotarro.com\/?p=10798\"},\"wordCount\":3124,\"commentCount\":1,\"publisher\":{\"@id\":\"https:\/\/elcotarro.com\/#organization\"},\"image\":{\"@id\":\"https:\/\/elcotarro.com\/?p=10798#primaryimage\"},\"thumbnailUrl\":\"https:\/\/canariasenpositivo.com\/wp-content\/uploads\/2024\/04\/EL-COTARRO-CABECERA-1024x122.jpg\",\"articleSection\":[\"El Cotarro\"],\"inLanguage\":\"es\",\"potentialAction\":[{\"@type\":\"CommentAction\",\"name\":\"Comment\",\"target\":[\"https:\/\/elcotarro.com\/?p=10798#respond\"]}]},{\"@type\":\"WebPage\",\"@id\":\"https:\/\/elcotarro.com\/?p=10798\",\"url\":\"https:\/\/elcotarro.com\/?p=10798\",\"name\":\"EL COTARRO \/ 502, DEL DOMINGO, 21\/04\/2024 - El Cotarro\",\"isPartOf\":{\"@id\":\"https:\/\/elcotarro.com\/#website\"},\"primaryImageOfPage\":{\"@id\":\"https:\/\/elcotarro.com\/?p=10798#primaryimage\"},\"image\":{\"@id\":\"https:\/\/elcotarro.com\/?p=10798#primaryimage\"},\"thumbnailUrl\":\"https:\/\/canariasenpositivo.com\/wp-content\/uploads\/2024\/04\/EL-COTARRO-CABECERA-1024x122.jpg\",\"datePublished\":\"2024-04-20T23:44:44+00:00\",\"dateModified\":\"2024-04-21T10:06:16+00:00\",\"breadcrumb\":{\"@id\":\"https:\/\/elcotarro.com\/?p=10798#breadcrumb\"},\"inLanguage\":\"es\",\"potentialAction\":[{\"@type\":\"ReadAction\",\"target\":[\"https:\/\/elcotarro.com\/?p=10798\"]}]},{\"@type\":\"ImageObject\",\"inLanguage\":\"es\",\"@id\":\"https:\/\/elcotarro.com\/?p=10798#primaryimage\",\"url\":\"https:\/\/canariasenpositivo.com\/wp-content\/uploads\/2024\/04\/EL-COTARRO-CABECERA-1024x122.jpg\",\"contentUrl\":\"https:\/\/canariasenpositivo.com\/wp-content\/uploads\/2024\/04\/EL-COTARRO-CABECERA-1024x122.jpg\"},{\"@type\":\"BreadcrumbList\",\"@id\":\"https:\/\/elcotarro.com\/?p=10798#breadcrumb\",\"itemListElement\":[{\"@type\":\"ListItem\",\"position\":1,\"name\":\"Portada\",\"item\":\"https:\/\/elcotarro.com\/\"},{\"@type\":\"ListItem\",\"position\":2,\"name\":\"EL COTARRO \/ 502, DEL DOMINGO, 21\/04\/2024\"}]},{\"@type\":\"WebSite\",\"@id\":\"https:\/\/elcotarro.com\/#website\",\"url\":\"https:\/\/elcotarro.com\/\",\"name\":\"El Cotarro\",\"description\":\"Peri\u00f3dico Digital Independiente dirigido por Jos\u00e9 Carlos Marrero\",\"publisher\":{\"@id\":\"https:\/\/elcotarro.com\/#organization\"},\"potentialAction\":[{\"@type\":\"SearchAction\",\"target\":{\"@type\":\"EntryPoint\",\"urlTemplate\":\"https:\/\/elcotarro.com\/?s={search_term_string}\"},\"query-input\":{\"@type\":\"PropertyValueSpecification\",\"valueRequired\":true,\"valueName\":\"search_term_string\"}}],\"inLanguage\":\"es\"},{\"@type\":\"Organization\",\"@id\":\"https:\/\/elcotarro.com\/#organization\",\"name\":\"El Cotarro\",\"url\":\"https:\/\/elcotarro.com\/\",\"logo\":{\"@type\":\"ImageObject\",\"inLanguage\":\"es\",\"@id\":\"https:\/\/elcotarro.com\/#\/schema\/logo\/image\/\",\"url\":\"https:\/\/elcotarro.com\/wp-content\/uploads\/2014\/09\/Cabecera_El_Cotarro_v2.jpg\",\"contentUrl\":\"https:\/\/elcotarro.com\/wp-content\/uploads\/2014\/09\/Cabecera_El_Cotarro_v2.jpg\",\"width\":3540,\"height\":441,\"caption\":\"El Cotarro\"},\"image\":{\"@id\":\"https:\/\/elcotarro.com\/#\/schema\/logo\/image\/\"},\"sameAs\":[\"https:\/\/www.facebook.com\/ElCotarro.Tenerife\"]},{\"@type\":\"Person\",\"@id\":\"https:\/\/elcotarro.com\/#\/schema\/person\/af537ee7d60d15984c7e0affcd8a918b\",\"name\":\"Jos\u00e9 Carlos Marrero Gonz\u00e1lez\",\"image\":{\"@type\":\"ImageObject\",\"inLanguage\":\"es\",\"@id\":\"https:\/\/elcotarro.com\/#\/schema\/person\/image\/\",\"url\":\"https:\/\/secure.gravatar.com\/avatar\/def4da036efb5d32c74d49c351f6dccc064dd69ad9f3aadc295c5a9a5391ca01?s=96&d=mm&r=g\",\"contentUrl\":\"https:\/\/secure.gravatar.com\/avatar\/def4da036efb5d32c74d49c351f6dccc064dd69ad9f3aadc295c5a9a5391ca01?s=96&d=mm&r=g\",\"caption\":\"Jos\u00e9 Carlos Marrero Gonz\u00e1lez\"},\"sameAs\":[\"https:\/\/elcotarro.com\"],\"url\":\"https:\/\/elcotarro.com\/?author=2\"}]}<\/script>\n<!-- \/ Yoast SEO plugin. -->","yoast_head_json":{"title":"EL COTARRO \/ 502, DEL DOMINGO, 21\/04\/2024 - El Cotarro","robots":{"index":"index","follow":"follow","max-snippet":"max-snippet:-1","max-image-preview":"max-image-preview:large","max-video-preview":"max-video-preview:-1"},"canonical":"https:\/\/elcotarro.com\/?p=10798","og_locale":"es_ES","og_type":"article","og_title":"EL COTARRO \/ 502, DEL DOMINGO, 21\/04\/2024 - El Cotarro","og_description":"N\u00ba502 DEL 21 DE ABRIL DE 2024 &nbsp; \u00a0 Por Jos\u00e9 Carlos Marrero * &nbsp; &nbsp; CANARIAS TIENE UN L\u00cdMITE\u2026 PERO DESDE HACE A\u00d1OS La sagrada libertad de expresi\u00f3n, la independencia editorial, la necesaria neutralidad y la imparcialidad profesional, son los cuatro pilares de un medio de comunicaci\u00f3n y, obviamente, de un periodista que quiera ... Read more","og_url":"https:\/\/elcotarro.com\/?p=10798","og_site_name":"El Cotarro","article_publisher":"https:\/\/www.facebook.com\/ElCotarro.Tenerife","article_published_time":"2024-04-20T23:44:44+00:00","article_modified_time":"2024-04-21T10:06:16+00:00","og_image":[{"url":"https:\/\/canariasenpositivo.com\/wp-content\/uploads\/2024\/04\/EL-COTARRO-CABECERA-1024x122.jpg","type":"","width":"","height":""}],"author":"Jos\u00e9 Carlos Marrero Gonz\u00e1lez","twitter_misc":{"Escrito por":"Jos\u00e9 Carlos Marrero Gonz\u00e1lez","Tiempo de lectura":"17 minutos"},"schema":{"@context":"https:\/\/schema.org","@graph":[{"@type":"Article","@id":"https:\/\/elcotarro.com\/?p=10798#article","isPartOf":{"@id":"https:\/\/elcotarro.com\/?p=10798"},"author":{"name":"Jos\u00e9 Carlos Marrero Gonz\u00e1lez","@id":"https:\/\/elcotarro.com\/#\/schema\/person\/af537ee7d60d15984c7e0affcd8a918b"},"headline":"EL COTARRO \/ 502, DEL DOMINGO, 21\/04\/2024","datePublished":"2024-04-20T23:44:44+00:00","dateModified":"2024-04-21T10:06:16+00:00","mainEntityOfPage":{"@id":"https:\/\/elcotarro.com\/?p=10798"},"wordCount":3124,"commentCount":1,"publisher":{"@id":"https:\/\/elcotarro.com\/#organization"},"image":{"@id":"https:\/\/elcotarro.com\/?p=10798#primaryimage"},"thumbnailUrl":"https:\/\/canariasenpositivo.com\/wp-content\/uploads\/2024\/04\/EL-COTARRO-CABECERA-1024x122.jpg","articleSection":["El Cotarro"],"inLanguage":"es","potentialAction":[{"@type":"CommentAction","name":"Comment","target":["https:\/\/elcotarro.com\/?p=10798#respond"]}]},{"@type":"WebPage","@id":"https:\/\/elcotarro.com\/?p=10798","url":"https:\/\/elcotarro.com\/?p=10798","name":"EL COTARRO \/ 502, DEL DOMINGO, 21\/04\/2024 - El Cotarro","isPartOf":{"@id":"https:\/\/elcotarro.com\/#website"},"primaryImageOfPage":{"@id":"https:\/\/elcotarro.com\/?p=10798#primaryimage"},"image":{"@id":"https:\/\/elcotarro.com\/?p=10798#primaryimage"},"thumbnailUrl":"https:\/\/canariasenpositivo.com\/wp-content\/uploads\/2024\/04\/EL-COTARRO-CABECERA-1024x122.jpg","datePublished":"2024-04-20T23:44:44+00:00","dateModified":"2024-04-21T10:06:16+00:00","breadcrumb":{"@id":"https:\/\/elcotarro.com\/?p=10798#breadcrumb"},"inLanguage":"es","potentialAction":[{"@type":"ReadAction","target":["https:\/\/elcotarro.com\/?p=10798"]}]},{"@type":"ImageObject","inLanguage":"es","@id":"https:\/\/elcotarro.com\/?p=10798#primaryimage","url":"https:\/\/canariasenpositivo.com\/wp-content\/uploads\/2024\/04\/EL-COTARRO-CABECERA-1024x122.jpg","contentUrl":"https:\/\/canariasenpositivo.com\/wp-content\/uploads\/2024\/04\/EL-COTARRO-CABECERA-1024x122.jpg"},{"@type":"BreadcrumbList","@id":"https:\/\/elcotarro.com\/?p=10798#breadcrumb","itemListElement":[{"@type":"ListItem","position":1,"name":"Portada","item":"https:\/\/elcotarro.com\/"},{"@type":"ListItem","position":2,"name":"EL COTARRO \/ 502, DEL DOMINGO, 21\/04\/2024"}]},{"@type":"WebSite","@id":"https:\/\/elcotarro.com\/#website","url":"https:\/\/elcotarro.com\/","name":"El Cotarro","description":"Peri\u00f3dico Digital Independiente dirigido por Jos\u00e9 Carlos Marrero","publisher":{"@id":"https:\/\/elcotarro.com\/#organization"},"potentialAction":[{"@type":"SearchAction","target":{"@type":"EntryPoint","urlTemplate":"https:\/\/elcotarro.com\/?s={search_term_string}"},"query-input":{"@type":"PropertyValueSpecification","valueRequired":true,"valueName":"search_term_string"}}],"inLanguage":"es"},{"@type":"Organization","@id":"https:\/\/elcotarro.com\/#organization","name":"El Cotarro","url":"https:\/\/elcotarro.com\/","logo":{"@type":"ImageObject","inLanguage":"es","@id":"https:\/\/elcotarro.com\/#\/schema\/logo\/image\/","url":"https:\/\/elcotarro.com\/wp-content\/uploads\/2014\/09\/Cabecera_El_Cotarro_v2.jpg","contentUrl":"https:\/\/elcotarro.com\/wp-content\/uploads\/2014\/09\/Cabecera_El_Cotarro_v2.jpg","width":3540,"height":441,"caption":"El Cotarro"},"image":{"@id":"https:\/\/elcotarro.com\/#\/schema\/logo\/image\/"},"sameAs":["https:\/\/www.facebook.com\/ElCotarro.Tenerife"]},{"@type":"Person","@id":"https:\/\/elcotarro.com\/#\/schema\/person\/af537ee7d60d15984c7e0affcd8a918b","name":"Jos\u00e9 Carlos Marrero Gonz\u00e1lez","image":{"@type":"ImageObject","inLanguage":"es","@id":"https:\/\/elcotarro.com\/#\/schema\/person\/image\/","url":"https:\/\/secure.gravatar.com\/avatar\/def4da036efb5d32c74d49c351f6dccc064dd69ad9f3aadc295c5a9a5391ca01?s=96&d=mm&r=g","contentUrl":"https:\/\/secure.gravatar.com\/avatar\/def4da036efb5d32c74d49c351f6dccc064dd69ad9f3aadc295c5a9a5391ca01?s=96&d=mm&r=g","caption":"Jos\u00e9 Carlos Marrero Gonz\u00e1lez"},"sameAs":["https:\/\/elcotarro.com"],"url":"https:\/\/elcotarro.com\/?author=2"}]}},"jetpack_featured_media_url":"","jetpack_sharing_enabled":true,"_links":{"self":[{"href":"https:\/\/elcotarro.com\/index.php?rest_route=\/wp\/v2\/posts\/10798","targetHints":{"allow":["GET"]}}],"collection":[{"href":"https:\/\/elcotarro.com\/index.php?rest_route=\/wp\/v2\/posts"}],"about":[{"href":"https:\/\/elcotarro.com\/index.php?rest_route=\/wp\/v2\/types\/post"}],"author":[{"embeddable":true,"href":"https:\/\/elcotarro.com\/index.php?rest_route=\/wp\/v2\/users\/2"}],"replies":[{"embeddable":true,"href":"https:\/\/elcotarro.com\/index.php?rest_route=%2Fwp%2Fv2%2Fcomments&post=10798"}],"version-history":[{"count":6,"href":"https:\/\/elcotarro.com\/index.php?rest_route=\/wp\/v2\/posts\/10798\/revisions"}],"predecessor-version":[{"id":10804,"href":"https:\/\/elcotarro.com\/index.php?rest_route=\/wp\/v2\/posts\/10798\/revisions\/10804"}],"wp:attachment":[{"href":"https:\/\/elcotarro.com\/index.php?rest_route=%2Fwp%2Fv2%2Fmedia&parent=10798"}],"wp:term":[{"taxonomy":"category","embeddable":true,"href":"https:\/\/elcotarro.com\/index.php?rest_route=%2Fwp%2Fv2%2Fcategories&post=10798"},{"taxonomy":"post_tag","embeddable":true,"href":"https:\/\/elcotarro.com\/index.php?rest_route=%2Fwp%2Fv2%2Ftags&post=10798"}],"curies":[{"name":"wp","href":"https:\/\/api.w.org\/{rel}","templated":true}]}}