{"id":10873,"date":"2024-07-07T11:03:06","date_gmt":"2024-07-07T10:03:06","guid":{"rendered":"https:\/\/elcotarro.com\/?p=10873"},"modified":"2024-07-07T12:31:28","modified_gmt":"2024-07-07T11:31:28","slug":"el-cotarro-513-del-domingo-07-07-2024","status":"publish","type":"post","link":"https:\/\/elcotarro.com\/?p=10873","title":{"rendered":"EL COTARRO \/ 513, DEL DOMINGO, 07\/07\/2024"},"content":{"rendered":"<p><img loading=\"lazy\" decoding=\"async\" class=\"size-large wp-image-7639 aligncenter\" src=\"https:\/\/canariasenpositivo.com\/wp-content\/uploads\/2024\/04\/EL-COTARRO-CABECERA-1024x122.jpg\" alt=\"\" width=\"660\" height=\"79\" \/><\/p>\n<p style=\"text-align: center\"><span style=\"color: #ff0000\"><strong>N\u00ba513 DEL 07 DE JULIO DE 2024<\/strong><\/span><\/p>\n<p>&nbsp;<\/p>\n<p><em>\u00a0<\/em><\/p>\n<p><span style=\"color: #0000ff\"><em>Por <strong>Jos\u00e9 Carlos Marrero *<\/strong><\/em><\/span><\/p>\n<p>&nbsp;<\/p>\n<p>&nbsp;<\/p>\n<p><span style=\"color: #0000ff\"><strong>LA DESINFORMACI\u00d3N Y LA \u201cFALTA DE IGNORANCIA\u201d<\/strong><\/span><\/p>\n<ul>\n<li>M\u00e1s de una persona no terminar\u00e1 de leer <strong><em>El Cotarro<\/em><\/strong> de hoy. Muchas de esas personas (como dir\u00eda el mago) se \u201cenronchan\u201d tan solo de o\u00edr hablar o leer algo que tenga que ver con las Fuerzas Armadas. Pero sepan que, por mi parte, est\u00e1n todas disculpadas. No es un tema gen\u00e9tico, de ADN o un efecto postraum\u00e1tico. Es m\u00e1s simple. Suele ser fruto de la desinformaci\u00f3n y de la ignorancia (o bien, como dir\u00eda mago lagunero, de la \u201cfalta de ignorancia\u201d). En todo el mundo, pese a las guerras y conflictos armados que todos detestamos y esperamos que terminen lo antes posible (yo el primero) quienes primero los rechazan son las propias Fuerzas Armadas (porque, aunque son profesionales de lo suyo, a nadie le gusta que morir, y menos que le maten). Actualmente impera desinformaci\u00f3n sobre la denominada \u201cCultura de Defensa\u201d. El objetivo est\u00e1 en que, desde la presencia, vigilancia y disuasi\u00f3n, las Fuerzas Armadas y la Sociedad, a la que se deben y sirven, se muevan conjunta y coordinadamente (cada uno en su papel) para mantener la paz y no llegar a la guerra. El militar, estadista y pol\u00edtico estadounidense <strong>George Catlett Marhal Jr.<\/strong> en tiempos de los presidentes <strong>Franklin D. Roosevelt<\/strong> y <strong>Harry S. Truman<\/strong>, afirm\u00f3 que <em>\u201cel \u00fanico medio de vencer en una guerra es evitarla\u201d. <\/em>Pero que no se confundan ellos, ni confundan a nadie.<\/li>\n<\/ul>\n<p><img loading=\"lazy\" decoding=\"async\" class=\"size-large wp-image-8028 aligncenter\" src=\"https:\/\/canariasenpositivo.com\/wp-content\/uploads\/2024\/07\/1.-LIMPIANDO-TEJADOS-1-1024x683.jpg\" alt=\"\" width=\"660\" height=\"440\" \/><\/p>\n<p style=\"text-align: center\"><em>Militares de nuestro Ej\u00e9rcito de Tierra (no solo de la UME) pasaron meses sacando ceniza de los tejados palmeros y ayudando en lo que hiciera falta.<\/em><\/p>\n<p>&nbsp;<\/p>\n<p><span style=\"color: #0000ff\"><strong>NO QUIEREN ENTENDER LA \u2018CULTURA DE DEFENSA\u2019<\/strong><\/span><\/p>\n<ul>\n<li>Esto no es nada nuevo ni exclusivo de nadie. Las Fuerzas Armadas se deben y sirven a todo el pueblo espa\u00f1ol y se despliegan, act\u00faan y colaboran en cualquier punto de Espa\u00f1a donde, siguiendo los protocolos existentes, se les requiere. Y no me refiero solo a la m\u00e1s conocida Unidad Militar de Emergencias (UME) que actualmente es la m\u00e1s visible en incendios o temporales. Nuestro Ej\u00e9rcito ha colaborado y colabora cada vez que hace falta. Precisamente, la pasada semana, en el rescate de dos espele\u00f3logos perdidos en una peligrosa gruta Cantabria. Debemos tener memoria y no olvidar que, hace ahora tres a\u00f1os, en julio de 2021, el alcalde de Santa Cruz de Tenerife, <strong>Jos\u00e9 Manuel Berm\u00fadez<\/strong>, y el pueblo chicharrero pudieron comprobar que, en momentos de emergencia o necesidad, las Fuerzas Armadas est\u00e1n a la orden para ayudar en todo lo que se pueda. Lo vieron y sintieron con el acuerdo de colaboraci\u00f3n del Ministerio de Defensa con el Ayuntamiento chicharrero, que\u00a0<strong>Berm\u00fadez<\/strong>firm\u00f3 con el teniente general\u00a0<strong>Carlos Palacios Zaforteza<\/strong>, entonces jefe del Mando de Canarias, quien, a su vez, lo hac\u00eda en representaci\u00f3n de la ministra,\u00a0<strong>Margarita Robles. <\/strong><strong>Lo dicho,<\/strong> <strong>hay que tener memoria, por agradecimiento y porque es de justicia.<\/strong><\/li>\n<\/ul>\n<p><img loading=\"lazy\" decoding=\"async\" class=\"size-large wp-image-8029 aligncenter\" src=\"https:\/\/canariasenpositivo.com\/wp-content\/uploads\/2024\/07\/2.-FIRMA-DE-ACUERDO-1024x715.jpg\" alt=\"\" width=\"660\" height=\"461\" \/><\/p>\n<p style=\"text-align: center\"><em>Firma del convenio el montaje del puente Bailey, el teniente general Carlos Palacios Zaforteza (en aquel momento jefe del Mando de Canarias) y el alcalde Jos\u00e9 Manuel Berm\u00fadez.<\/em><\/p>\n<p>&nbsp;<\/p>\n<p><span style=\"color: #0000ff\"><strong>PUENTE BAILEY PARA SAN ANDR\u00c9S Y TODO ANAGA<\/strong><\/span><\/p>\n<ul>\n<li>Por si hubiera alguna persona desmemoriada (por la edad o por malsano inter\u00e9s), les refresco la memoria diciendo que aquel acuerdo se hizo realidad de forma r\u00e1pida y efectiva, en forma de un puente \u201cBailey\u201d, que se instal\u00f3 el barrio santacrucero de San Andr\u00e9s, y del que se beneficiaron todos los n\u00facleos poblacionales del Macizo de Anaga. Se hab\u00edan desprendieron unos cascotes del original puente viejo de San Andr\u00e9s, que hicieron saltar las alarmas. Tras una primera inspecci\u00f3n se restringi\u00f3 en paso de determinados veh\u00edculos de alto tonelaje, pero, cuando se empez\u00f3 a reparar la estructura, se vio que la cosa era m\u00e1s grave. El puente necesitaba de una actuaci\u00f3n en profundidad y tuvo que cerrarse todo el paso de veh\u00edculo por el mismo, con los que los vecinos y vecinas de Anaga se han visto obligados a tener que subir a sus casas por La Laguna, utilizando la carretera de Las Mercedes. El alcalde\u00a0<strong>Jos\u00e9 Manuel Berm\u00fadez\u00a0<\/strong>supo reaccionar de inmediato, declar\u00f3 la emergencia de la obra y, precisamente, dicha declaraci\u00f3n, fue la que posibilit\u00f3 la actuaci\u00f3n de nuestro \u201cCapit\u00e1n General\u201d, <strong>Carlos Palacios Zaforteza<\/strong> para gestionar la colaboraci\u00f3n del Ministerio de Defensa y lograr un acuerdo para la construcci\u00f3n del puente \u201cBailey\u201d provisional hasta que el original estuviera reparado.<\/li>\n<\/ul>\n<p><img loading=\"lazy\" decoding=\"async\" class=\"size-large wp-image-8030 aligncenter\" src=\"https:\/\/canariasenpositivo.com\/wp-content\/uploads\/2024\/07\/3.-PUENTE-BAILEY-1024x768.jpeg\" alt=\"\" width=\"660\" height=\"495\" \/><\/p>\n<p style=\"text-align: center\"><em>\u201cPuente Bailey\u201d montado por el Ej\u00e9rcito de Tierra en el tinerfe\u00f1o barranco de San Andr\u00e9s<\/em><\/p>\n<p>&nbsp;<\/p>\n<p><span style=\"color: #0000ff\"><strong>ALGO M\u00c1S QUE EL MONTAJE DE UN SIMPLE PUENTE<\/strong><\/span><\/p>\n<ul>\n<li>Como les digo no fue en este caso la querida UME. Los trabajos de montaje se realizaron en tiempo r\u00e9cord por parte del Batall\u00f3n de Zapadores de la Brigada \u00abCanarias\u00bb XVI, que mandaba en aquel momento el teniente coronel\u00a0<strong>Jos\u00e9 Antonio Prieto Palma<\/strong>, con la inestimable colaboraci\u00f3n de la Agrupaci\u00f3n de Apoyo Log\u00edstico 81. Hubo una magn\u00edfica coordinaci\u00f3n entre los profesionales del Ej\u00e9rcito y los servicios del Ayuntamiento chicharrero, as\u00ed como destacar que 25 militares, al mando del capit\u00e1n\u00a0<strong>Jos\u00e9 Mar\u00eda Morelo<\/strong>, trabajaron ininterrumpidamente en dos turnos de doce horas. En solo cinco d\u00edas el \u201cpuente Bailey\u201d fue montado y estuvo abierto el paso para veh\u00edculos de hasta 10 toneladas. Con aquel puente provisional, adem\u00e1s de garantizar el paso a personas y veh\u00edculos, se transmiti\u00f3 una mayor tranquilidad ante la posibilidad de alcanzar altas temperaturas en los meses de verano, teniendo en cuenta que la estructura actual se encuentra en un espacio natural protegido, incluido en la Reserva de la Biosfera del Macizo de Anaga, y se garantiza una v\u00eda r\u00e1pida de acceso a la zona, fundamental en caso de incendios.<\/li>\n<\/ul>\n<p><img loading=\"lazy\" decoding=\"async\" class=\"size-large wp-image-8031 aligncenter\" src=\"https:\/\/canariasenpositivo.com\/wp-content\/uploads\/2024\/07\/4.-EQUIPO-DE-MONTAJE-1024x583.jpg\" alt=\"\" width=\"660\" height=\"376\" \/><\/p>\n<p style=\"text-align: center\"><em>Parte del equipo de profesionales del Ej\u00e9rcito de Tierra que montaron el puente<\/em><\/p>\n<p>&nbsp;<\/p>\n<p><strong><span style=\"color: #0000ff\">LA \u2018UME\u2019, PERO SIN OLVIDAR EL RESTO DE LAS \u2018FAS\u2019<\/span> <\/strong><\/p>\n<ul>\n<li>Nadie pone en duda el acierto de la creaci\u00f3n de la Unidad Militar de Emergencias (UME), creada el a\u00f1o 2005, siendo presidente del Gobierno de Espa\u00f1a <strong>Jos\u00e9 Luis Rodr\u00edguez Zapatero<\/strong> (PSOE) y ministro de Defensa <strong>Jos\u00e9 Bono Mart\u00ednez<\/strong>. Como se puede ver y leer en la propia p\u00e1gina web de la UME, la unidad, con su lema \u201cperseverando para servir\u201d, se cre\u00f3 para aumentar la fortaleza de la acci\u00f3n del Estado Espa\u00f1ol, como primera unidad militar de intervenci\u00f3n en emergencias, como aporte militar al sistema nacional de Protecci\u00f3n Civil y como elemento de cohesi\u00f3n nacional y de solidaridad entre espa\u00f1oles, siempre bajo el compromiso de las Fuerzas Armadas con la ciudadan\u00eda. Como deja muy claro en dicha web el teniente general <strong>Francisco Javier Marcos Izquierdo<\/strong>, actual general jefe de la UME, <em>\u201csomos un gran equipo de profesionales formado por oficiales, suboficiales, militares de tropa y mariner\u00eda procedentes del Ej\u00e9rcito de Tierra, la Armada, el Ej\u00e9rcito del Aire y del Espacio y los Cuerpos Comunes, as\u00ed como personal civil\u201d.<\/em> Cuando reconocemos, valoramos, premiamos y agradecemos la labor de la UME, lo estamos haciendo tambi\u00e9n al resto de nuestras Fuerzas Armadas, que la apoyan desde diferentes unidades y desde muy distintas y variadas formas.<\/li>\n<\/ul>\n<p><img loading=\"lazy\" decoding=\"async\" class=\"size-full wp-image-8052 aligncenter\" src=\"https:\/\/canariasenpositivo.com\/wp-content\/uploads\/2024\/07\/LANCHA-DESEMBARCO.png\" alt=\"\" width=\"1020\" height=\"567\" \/><\/p>\n<p style=\"text-align: center\"><em>Una embarcaci\u00f3n de la Armada Espa\u00f1ola, traslada desde el Puerto de Tazacorte a los agricultores palmeros y les ayuda a desembarcar para acercarse a sus plantaciones de plataneras y otros cultivos. que el volc\u00e1n dej\u00f3 incomunicadas por tierra.<\/em><\/p>\n<p><img loading=\"lazy\" decoding=\"async\" class=\"size-full wp-image-8032 aligncenter\" src=\"https:\/\/canariasenpositivo.com\/wp-content\/uploads\/2024\/07\/5.-ARMADA-CON-LA-PALMA.jpg\" alt=\"\" width=\"800\" height=\"445\" \/><\/p>\n<p>&nbsp;<\/p>\n<p><strong><span style=\"color: #0000ff\">EJEMPLOS PARA MUCHAS PERSONAS DESMEMORIADAS<\/span> <\/strong><\/p>\n<ul>\n<li>Podr\u00edamos preguntar a la vecindad de Anaga lo que supuso para ellos contar con el Puente Bailey durante meses. A la ciudadan\u00eda de La Gomera lo que les supuso que, en menos de 48 horas, grupos electr\u00f3genos de la Agrupaci\u00f3n de Apoyo Log\u00edstico (AALOG) estuvieran a disposici\u00f3n del Cabildo para minorar los efectos del \u201ccero energ\u00e9tico\u201d en instalaciones esenciales. Podr\u00edamos preguntar a la ciudadan\u00eda palmera afectada por la erupci\u00f3n del volc\u00e1n Tajogaite, lo que signific\u00f3 que el cuartel de \u201cEl Fuerte\u201d se abriera para acoger a los vecinos afectados que hab\u00edan perdido su casa y casi todo. Que muchos soldados (no solo de la UME) estuvieran semanas y semanas quitando arena y ceniza volc\u00e1nica de sus azoteas. Y para los agricultores plataneros de La Palma, que embarcaciones de la Armada les acercaran durante d\u00edas, del puerto de Tazacorte a sus afectadas plataneras. Podr\u00edamos preguntar a mucha gente afectada por el COVID qu\u00e9 le pareci\u00f3 la colaboraci\u00f3n de nuestro ej\u00e9rcito en el rastreo de posibles contagiados y su colaboraci\u00f3n en la vacunaci\u00f3n. Por no recordar la predisposici\u00f3n que, cuando han necesidad urgente de sangre, siempre desde los cuarteles salen muchos voluntarios y voluntarias. Y hasta, si me apuran, el detalle de que un helic\u00f3ptero nos trajera durante muchos a\u00f1os a los <strong>Reyes Magos,<\/strong> cada 5 de enero, al <strong>Heliodoro Rodr\u00edguez L\u00f3pez<\/strong>. \u00bfLo recuerdan?<\/li>\n<\/ul>\n<p><img loading=\"lazy\" decoding=\"async\" class=\"size-full wp-image-8033 aligncenter\" src=\"https:\/\/canariasenpositivo.com\/wp-content\/uploads\/2024\/07\/6.-UME-Y-EJERCITO-DEL-AIRE.jpg\" alt=\"\" width=\"640\" height=\"480\" \/><\/p>\n<p style=\"text-align: center\"><em>Tras ser transportado para actuar en una de sus misiones, un cami\u00f3n de la UME baja de un avi\u00f3n A400M del Ala 31 del Ej\u00e9rcito del Aire y del Espacio.<\/em><\/p>\n<p>&nbsp;<\/p>\n<p><span style=\"color: #0000ff\"><strong>EL EJEMPLO DE GALICIA DESDE HACE UNOS 7 A\u00d1OS<\/strong><\/span><\/p>\n<ul>\n<li>Desde hace m\u00e1s de siete a\u00f1os, nuestras Fuerzas Armadas, concretamente nuestro Ej\u00e9rcito de Tierra, viene colaborando activa y eficazmente con el Gobierno de Galicia (a petici\u00f3n de la propia Xunta) en tareas de vigilancia y disuasi\u00f3n en torno a posibles incendios forestales, sobre todo en la \u00e9poca veraniega, Esta operaci\u00f3n de nuestras Fuerzas Armadas recibi\u00f3 el nombre de <em>\u201cOperaci\u00f3n Centinela\u201d<\/em> y, tras siete a\u00f1os de \u00e9xito en tierras gallegas, con la denominaci\u00f3n de <em>\u201cCentinela Gallego\u201d<\/em>, ahora se activa en nuestra isla de Tenerife con el nombre de <em>\u201cCentinela Tinerfe\u00f1o\u201d<\/em> gracias al convenio de colaboraci\u00f3n firmado por la presidenta del Cabildo Insular de Tenerife, <strong>Rosa D\u00e1vila Mamely<\/strong> (CC) y el director general de Pol\u00edtica de Defensa, <strong>Fernando L\u00f3pez del Pozo<\/strong>, en presencia de nuestro Capit\u00e1n General, el teniente general <strong>Julio Salom Herrera<\/strong>, jefe del Mando de Canarias, y del general <strong>Luis Cort\u00e9s Delgado<\/strong>, jefe del Estado Mayor del Mando de Canarias. El acuerdo, pionero en Canarias y segundo en el territorio nacional, permite el despliegue de patrullas militares para vigilar los espacios naturales de nuestra isla tinerfe\u00f1a. Pero, atenci\u00f3n, una cosa es la <em>\u201cOperaci\u00f3n Prometeo\u201d (del Cabildo)<\/em> y otra la <em>\u201cOperaci\u00f3n Centinela\u201d (del Ej\u00e9rcito)<\/em><\/li>\n<\/ul>\n<p><img loading=\"lazy\" decoding=\"async\" class=\"size-large wp-image-8034 aligncenter\" src=\"https:\/\/canariasenpositivo.com\/wp-content\/uploads\/2024\/07\/7.-PROMETEO-1024x682.jpeg\" alt=\"\" width=\"660\" height=\"440\" \/><\/p>\n<p style=\"text-align: center\"><em>Foto de familia tras la firma del acuerdo con el Ministerio de Defensa. Sosteniendo el mismo, Rosa D\u00e1vila Mamely y Fernando L\u00f3pez del Pozo, flanqueados por Blanca P\u00e9rez (i) y el general Julio Salom (d) respectivamente<\/em><\/p>\n<p>&nbsp;<\/p>\n<p><span style=\"color: #0000ff\"><strong>\u2018CENTINELA\u2019 BAJO LA BRIGADA \u2018CANARIAS\u2019 XVI<\/strong><\/span><\/p>\n<ul>\n<li>El pasado lunes la primera patrulla de vigilancia y disuasi\u00f3n contra incendios forestales en Tenerife inici\u00f3 con su salida desde el Acuartelamiento \u2018Hoya Fr\u00eda\u2019, en Santa Cruz de Tenerife, la operaci\u00f3n \u2018Centinela\u2019. Un amplio despliegue de patrullas en los montes de la isla de Tenerife, para la vigilancia y disuasi\u00f3n ante incendios forestales durante los tres meses de verano. La activaci\u00f3n de la misma se realiz\u00f3 tras su presentaci\u00f3n ante autoridades civiles y militares en un acto presidido por el jefe del Estado Mayor del Mando de Canarias, general <strong>Luis Cort\u00e9s Delgado<\/strong>, quien estuvo acompa\u00f1ado en la mesa por <strong>Rosa D\u00e1vila Mamely<\/strong>, presidenta del Cabildo de Tenerife, y del general jefe de la Fuerza, <strong>Ricardo Esteban Cabrejos<\/strong>, jefe de la Brigada \u2018Canarias\u2019 XVI. Los asistentes pudieron presenciar la salida la primera de las casi 1.000 patrullas militares que se llevar\u00e1n a cabo de julio a septiembre. La operaci\u00f3n \u2018Centinela\u2019 parte de un convenio firmado, el pasado 25 de junio, por el Cabildo de Tenerife y el Ministerio de Defensa en el que han acordado el despliegue operativo de patrullas terrestres en las zonas de mayor vulnerabilidad de la isla. Las patrullas desplegar\u00e1n inicialmente en tres \u00e1reas identificadas por su alto riesgo.<\/li>\n<\/ul>\n<p><img loading=\"lazy\" decoding=\"async\" class=\"size-large wp-image-8035 aligncenter\" src=\"https:\/\/canariasenpositivo.com\/wp-content\/uploads\/2024\/07\/8.-CENTINELA-TINERFENO-1024x682.jpeg\" alt=\"\" width=\"660\" height=\"440\" \/><\/p>\n<p style=\"text-align: center\"><em>Foto de familia en la presentaci\u00f3n de la \u201cOperaci\u00f3n Centinela Tinerfe\u00f1o\u201d, de izquierda a derecha: Pedro \u201cTito\u201d Mart\u00ednez Costa, Pedro Mill\u00e1n Del Rosario Blanca Delia P\u00e9rez Delgado<strong>, <\/strong>Luis Cort\u00e9s Delgado (general Jefe del Estado Mayor del Mando de Canarias), Rosa D\u00e1vila, Ricardo Esteban Cabrejos, (general jefe de la Brigada \u2018Canarias\u2019 XVI) e Iv\u00e1n Mart\u00edn Rodr\u00edguez.<\/em><\/p>\n<p>&nbsp;<\/p>\n<p><span style=\"color: #0000ff\"><strong>ES BUENO CONOCER PARA SABER Y LUEGO OPINAR<\/strong><\/span><\/p>\n<ul>\n<li>Este a\u00f1o, las \u00e1reas con especial riesgo son: Zona Noreste: (Macizo de Anaga), Zona Oeste: (Valle de La Orotava, Icod de los Vinos y \u00e1rea de Los Realejos hasta el l\u00edmite oeste en Charcos de Grejos) y la Zona Este (Valle de G\u00fc\u00edmar). Adem\u00e1s de Unidades de la Brigada \u2018Canarias\u2019 XVI, participar\u00e1n unidades directamente subordinadas al Cuartel General del Mando de Canarias, como su Unidad de Cuartel General (UCG) y miembros del Batall\u00f3n de Helic\u00f3pteros de Maniobra (BHELMA) VI. Asimismo, contar\u00e1 (porque se suman a ellos) con m\u00e1s de 600 efectivos del Cabildo, que estar\u00e1n activos durante las 24 horas del d\u00eda bajo el control operativo del Mando de Operaciones. Como ya dije, el jefe de la Brigada \u2018Canarias\u2019 XVI, general <strong>Ricardo Esteban Cabrejos<\/strong>, ha sido designado como comandante de la Fuerza desplegada y responsable militar en el terreno. Pero hay que recordar y rese\u00f1ar (sobre todo para los \u201clistillos\u201d) que el resto de la isla tinerfe\u00f1a seguir\u00e1 estando seguro y vigilado por efectivos de la Guardia Civil, contando con la inestimable labor de los profesionales del Servicio de Protecci\u00f3n de la Naturaleza (SEPRONA), dependientes de la Comandancia de Santa Cruz de Tenerife, que manda el coronel <strong>\u00c1ngel Sanz Coronado.<\/strong><\/li>\n<\/ul>\n<p><strong> <img loading=\"lazy\" decoding=\"async\" class=\"size-large wp-image-8036 aligncenter\" src=\"https:\/\/canariasenpositivo.com\/wp-content\/uploads\/2024\/07\/9.-ANGEL-SANZ-Y-SEPRONA-1024x450.jpg\" alt=\"\" width=\"660\" height=\"290\" \/><\/strong><\/p>\n<p style=\"text-align: center\"><em>El coronel \u00c1ngel Sanz Coronado (i) jefe de la Comandancia de la Guardia Civil de Santa Cruz de Tenerife,\u00a0 y a su lado unas patrullas del SEPRONA, en moto y veh\u00edculo todo terreno.<\/em><\/p>\n<p>&nbsp;<\/p>\n<p><strong><span style=\"color: #0000ff\">\u201cPROMETEO\u201d SE COMPLEMENTA CON \u201cCENTINELA\u201d<\/span> <\/strong><\/p>\n<ul>\n<li>Procede una oportuna y pertinente aclaraci\u00f3n, para evitar confusiones y malos entendidos. Es verdad que la uni\u00f3n hace la fuerza, pero tambi\u00e9n procede estar juntos, pero no revueltos. El Cabildo Insular de Tenerife, con su presidenta <strong>Rosa D\u00e1vila<\/strong> al frente, present\u00f3 en su momento y activ\u00f3 de forma independiente y aut\u00f3noma (como no podr\u00eda ser de otra manera) la denominada <em>\u201cOperaci\u00f3n Prometeo\u201d<\/em>, que depende de la consejer\u00eda del \u00c1rea de Medio Ambiente, Sostenibilidad, Seguridad y Emergencias que lidera la consejera insular <strong>Blanca P\u00e9rez Delgado<\/strong>. Al frente de ella, pol\u00edticamente y adem\u00e1s de <strong>Blanca<\/strong>, estar\u00e1n <strong>Pedro Mill\u00e1n Del Rosario<\/strong><strong> (director insular del Medio Natural del Cabildo) j<\/strong><strong>unto con <\/strong><strong>Iv\u00e1n Mart\u00edn<\/strong> <strong>Rodr\u00edguez<\/strong> (director insular de Seguridad y Emergencias del Cabildo), teniendo al frente y como t\u00e9cnico experto estar\u00e1 un a\u00f1o m\u00e1s <strong>Pedro Mart\u00ednez Costa<\/strong>, m\u00e1s popular y respetuosamente conocido por <strong>\u201cTito\u201d<\/strong>, que es el jefe del Servicio del esquipo de extinci\u00f3n de incendios del Cabildo. Por debajo de ellos, un amplio despliegue humano, t\u00e9cnico y material, de m\u00e1s de 600 efectivos, incluyendo a los mandos, directores t\u00e9cnicos y profesionales expertos, como las brigadas forestales (BRIFOR), agentes forestales, etc&#8230; Esa es la \u201ccabildista\u201d operaci\u00f3n \u201cPrometeo\u201d.<\/li>\n<\/ul>\n<p><img loading=\"lazy\" decoding=\"async\" class=\"size-large wp-image-8037 aligncenter\" src=\"https:\/\/canariasenpositivo.com\/wp-content\/uploads\/2024\/07\/10.-PRESENTACION-1024x682.jpeg\" alt=\"\" width=\"660\" height=\"440\" \/><\/p>\n<p style=\"text-align: center\"><em>Luis Cort\u00e9s (i), Rosa D\u00e1vila (c) y Ricardo Esteban en la presentaci\u00f3n de la activaci\u00f3n de la Operaci\u00f3n \u201cCentinela Tinerfe\u00f1o\u201d complementando a la Operaci\u00f3n \u201cPrometeo\u201d<\/em><\/p>\n<p>&nbsp;<\/p>\n<p><span style=\"color: #0000ff\"><strong>LOS MILITARES SE CONVIERTEN EN \u201cCENTINELAS\u201d<\/strong><\/span><\/p>\n<ul>\n<li>Por su parte, es importante aclarar que, tanto la operaci\u00f3n \u201cCentinela Gallego\u201d, como la operaci\u00f3n \u201cCentinela Tinerfe\u00f1o\u201d dependen y tienen su mando bajo la responsabilidad del Mando Operativo Terrestre (MOT), que depende del Mando de Operaciones del Ej\u00e9rcito de Tierra. No es directamente el Mando de Canarias aunque, curiosamente, en esta ocasi\u00f3n, como nuestro \u201cCapit\u00e1n General\u201d el teniente general <strong>Julio Salom Herrera<\/strong>, jefe del Mando de Canarias, ostenta asimismo, el puesto y cargo Comandante del Mando Operativo Terrestre, resulta que lidera, paralela y simult\u00e1neamente la operaci\u00f3n \u201cCentinela Tinerfe\u00f1o\u201d (desde el pasado 1 de julio) y liderar\u00e1 la operaci\u00f3n \u201cCentinela Gallego (que se activar\u00e1 en Galicia el 15 de agosto) O sea que, en lo que a la parte militar exclusivamente se refiere, la operaci\u00f3n gen\u00e9ricamente se denomina \u201cCentinela\u201d y, en nuestra isla, \u201cCentinela Tinerfe\u00f1o\u201d donde, est\u00e1n previstas 1\u00ba patrullas diarias, las 24 horas del d\u00eda, lo que har\u00e1n casi 1.000 patrullas (920, para ser exactos) en los pr\u00f3ximos tres meses.<\/li>\n<\/ul>\n<p><img loading=\"lazy\" decoding=\"async\" class=\"size-large wp-image-8038 aligncenter\" src=\"https:\/\/canariasenpositivo.com\/wp-content\/uploads\/2024\/07\/11.-ENTREGA-INSIGNIA-1024x479.jpg\" alt=\"\" width=\"660\" height=\"309\" \/><\/p>\n<p style=\"text-align: center\"><em>Rosa D\u00e1vila coloca la insignia de la \u201cOperaci\u00f3n Prometeo \u2013 Centinela Tinerfe\u00f1o\u201d al general Ricardo Esteban Cabrejos, (jefe de la Brigada \u2018Canarias\u2019 XVI y m\u00e1ximo responsable militar de la Operaci\u00f3n \u201cCentinela Tinerfe\u00f1o\u201d9<\/em><\/p>\n<p><strong>\u00a0<\/strong><\/p>\n<p><span style=\"color: #0000ff\"><strong>TODO ES POCO A LA HORA DE SALVAR LOS MONTES<\/strong><\/span><\/p>\n<ul>\n<li>Como muy bien explic\u00f3 el general <strong>Ricardo Esteban Cabrejos<\/strong>, jefe de la Brigada \u2018Canarias\u2019 XVI, adem\u00e1s de unidades de la BRICAN XVI, participar\u00e1n Unidades directamente subordinadas al Cuartel General del Mando de Canarias, como su Unidad de Cuartel General (UCG) y el Batall\u00f3n de Helic\u00f3pteros de Maniobra (BHELMA) VI. Asimismo, se contar\u00e1 con los m\u00e1s de 600 efectivos ya mencionados del Cabildo, que estar\u00e1n activos durante las 24 horas del d\u00eda bajo el control operativo del Mando de Operaciones. Cuando hablamos de la participaci\u00f3n del Batall\u00f3n de Helic\u00f3pteros (BHELMA VI), no hablamos propiamente de sus helic\u00f3pteros, sino que militares profesionales adscritos al BHELMA VI realizar\u00e1n sus patrullas en veh\u00edculos, como el resto del dispositivo, lo cual no impide que alg\u00fan vuelo de Instrucci\u00f3n de los pilotos de helic\u00f3pteros pueda servir al prop\u00f3sito de vigilancia. Pero no son lo helic\u00f3pteros los que est\u00e1n asignados a la \u201cOperaci\u00f3n Centinela Tinerfe\u00f1o\u201d, son patrullas con personal de BHELMA VI en veh\u00edculos ligeros. Pero no se extra\u00f1en (esto lo digo yo de mi propia cosecha) que en breve algunos drones se unan (de d\u00eda y de noche) a la importante tarea de vigilar y prevenir la posibilidad de que nuestros montes se vuelvan a quemar. Prevenir antes que apagar<\/li>\n<\/ul>\n<p><img loading=\"lazy\" decoding=\"async\" class=\"size-large wp-image-8039 aligncenter\" src=\"https:\/\/canariasenpositivo.com\/wp-content\/uploads\/2024\/07\/12.-DRONES-1024x436.jpg\" alt=\"\" width=\"660\" height=\"281\" \/><\/p>\n<p style=\"text-align: center\"><em>Ya hay drones como los presentados por la prestigiosa empresa SITEP, que son aliados para los departamentos de bomberos o servicios de emergencias como complemento a la vigilancia de sus servicios a\u00e9reos tripulados actuales.<\/em><\/p>\n<p>&nbsp;<\/p>\n<p><span style=\"color: #0000ff\"><strong>Y REMATO EXPLIC\u00c1NDOLES EL POR QU\u00c9 DE TODO ESTO<\/strong><\/span><\/p>\n<ul>\n<li>Pertenezco desde su fundaci\u00f3n, en enero del a\u00f1o 1994 (estamos en nuestro 30\u00ba Aniversario) a la lagunera Tertulia <em>\u201cPrimer Viernes\u201d<\/em> que conformamos una docena de laguneros (profundos) y alg\u00fan que otro adscrito, con el exclusivo objetivo de reunirnos y compartir, una vez al mes (los primeros viernes, obviamente) reivindicando las casi desaparecidas tertulias y hacer culto a la amistad, con el di\u00e1logo y el debate (a veces apasionado) acompa\u00f1ados de un picoteo y unos buenos vasos de vino de la acreditada bodega <strong>Se\u00f1or\u00edo de Mach\u00edn<\/strong>. Sabedores de que quien esto suscribe tiene el honor de ser Embajador de la Marca Ej\u00e9rcito, el pasado viernes me preguntaron por qu\u00e9 se ten\u00eda que meter nuestro Ej\u00e9rcito en tareas como las de ayudar a vigilar nuestros montes. Alguno, incluso, apunt\u00f3 a que eso deb\u00eda ser responsabilidad exclusiva del Cabildo y\/o Gobierno de Canarias y que habr\u00eda que exigirles contratar m\u00e1s agentes forestales y m\u00e1s efectivos para la BRIFOR no solo en verano sino durante todo el a\u00f1o. Les dije que, efectivamente, la corporaci\u00f3n o instituci\u00f3n p\u00fablica responsable en cada caso, deber\u00eda actuar contratar a cuantas personas procediese y durante el tiempo estimases oportuno, incluso todo el a\u00f1o. Creo que mis inteligentes amigos y compa\u00f1eros de tertulia lo entendieron, pero creo que hay mucha gente por ah\u00ed que, muchas veces, confunde el culo con las t\u00e9mporas (con perd\u00f3n del dicho)<\/li>\n<\/ul>\n<p><img loading=\"lazy\" decoding=\"async\" class=\"size-large wp-image-8040 aligncenter\" src=\"https:\/\/canariasenpositivo.com\/wp-content\/uploads\/2024\/07\/13.-BRIFOR-1024x683.jpg\" alt=\"\" width=\"660\" height=\"440\" \/><\/p>\n<p style=\"text-align: center\"><em>Presentaci\u00f3n de la campa\u00f1a 2024 de la BRIFOR del Cabildo Insular de Tenerife<\/em><\/p>\n<p>&nbsp;<\/p>\n<p><span style=\"color: #0000ff\"><strong>CREO QUE ES MEJOR MIRAR Y ACTUAR EN POSITIVO<\/strong><\/span><\/p>\n<ul>\n<li>Dentro de las misiones de un Embajador de la Marca Ej\u00e9rcito est\u00e1 el explicar el concepto de \u201cCultura de Defensa\u201d y transmitir la realidad actual de nuestras Fuerzas Armadas, y su raz\u00f3n de ser y actuar, en el marco de esta sociedad nuestra a la que, repito, se deben y sirven cada d\u00eda, estando permanentemente entrenados para lo que haga falta, siempre en defensa de nuestra Patria, de nuestra integridad territorial, de nuestra democr\u00e1tica Constituci\u00f3n y de todos de nuestros valores. Dicho lo anterior, nada m\u00e1s lejos de nuestras Fuerzas Armadas que ocuparse de asuntos que corresponden al \u00e1mbito civil, ni ocupar un puesto de trabajo quit\u00e1ndoselo a nadie. Ni se trata de \u201cmilitalizar nuestra isla\u201d ni much\u00edsimo menos. Quien no entienda esto creo que tiene un problema mental. No seamos mediocres ni retorcidos; no seamos ignorantes ni mezquinos; no seamos obtusos ni miopes. Nada de buscar problemas donde no los hay (que dir\u00eda el lagunero <strong>Juan R\u00edos Tejera<\/strong> \u2013 <strong><em>\u201cJuanito Cabeza\u201d<\/em><\/strong><em>)<\/em>. Se trata, simple y llanamente, de colaborar con quien lo necesite, donde se pueda y, \u00a1ojo! siempre donde se requiera y se les solicite debidamente de manera oficial. \u00bfQu\u00e9 problema hay en que, en tiempo de paz y dentro de su servicio a nuestra sociedad, nuestras Fuerzas Armadas (concretamente nuestro Ej\u00e9rcito de Tierra) pueda colaborar aportando su personal humano y material t\u00e9cnico en operaciones como \u201cCentinela Tinerfe\u00f1o\u201d, ayudando y complementando a la operaci\u00f3n \u201cPrometeo\u201d de nuestro Cabildo, todo ello en pro de una mayor y mejor seguridad en nuestra isla?&#8230; Disfruten siendo m\u00e1s inteligentes, sencillos y positivos.<\/li>\n<\/ul>\n<p><img loading=\"lazy\" decoding=\"async\" class=\"size-large wp-image-8041 aligncenter\" src=\"https:\/\/canariasenpositivo.com\/wp-content\/uploads\/2024\/07\/14.-TENERIFE-DESDE-EL-CIELO-1024x536.jpg\" alt=\"\" width=\"660\" height=\"345\" \/><\/p>\n<p style=\"text-align: center\"><em>Creo que toda ayuda es poca para colaborar en la conservaci\u00f3n de nuestra isla de Tenerife.<\/em><\/p>\n<p>&nbsp;<\/p>\n<p><span style=\"color: #0000ff\"><strong>ROSA D\u00c1VILA Y SU PANTAL\u00d3N DE CAMUFLAJE<\/strong><\/span><\/p>\n<ul>\n<li>Por cierto, no me resista a rematar <strong><em>El Cotarro<\/em><\/strong> de hoy sin darles cuenta del riguroso respeto y obediencia de la presidenta del Cabildo de Tenerife, <strong>Rosa D\u00e1vila,<\/strong> a la invitaci\u00f3n del general jefe del Estado Mayor <strong>Luis Cort\u00e9s Delgado<\/strong> que, en la invitaci\u00f3n cursada para asistir al acto de presentaci\u00f3n y activaci\u00f3n de la Operaci\u00f3n \u201cCentinela Tinerfe\u00f1o\u201d en el acuartelamiento de Hoya Fr\u00eda, debieron poner (dedicado obviamente a los militares exclusivamente) \u201cUniformidad: de Campa\u00f1a o Camuflaje\u201d. Parece que nuestra disciplinada presidenta lo cogi\u00f3 al pie de la letra y, ni corta ni perezosa, all\u00ed que se present\u00f3 con unos pantalones de camuflaje y unas botas tipo chirucas, que, virtualmente, se camufl\u00f3 entre tanto personal militar. Ni la mism\u00edsima <strong>Dora <em>\u201cLa Exploradora\u201d<\/em><\/strong> lo habr\u00eda hecho mejor ni con tanta naturalidad. Solo falta desear de coraz\u00f3n que durante estos tres pr\u00f3ximos meses veraniegos y durante todo el a\u00f1o no tengamos la fatalidad de sufrir ning\u00fan incendio forestal. Que en el peor de los casos la cosa acabe en conato y que en el resto de los posibles casos, tanto la <em>operaci\u00f3n \u201cPrometeo\u201d<\/em> como la operaci\u00f3n <em>\u201cCentinela Tinerfe\u00f1o\u201d<\/em> sean un \u00e9xito y ofrezcan a Tenerife su mejor resultado. Am\u00e9n.<\/li>\n<\/ul>\n<p><img loading=\"lazy\" decoding=\"async\" class=\"size-large wp-image-8042 aligncenter\" src=\"https:\/\/canariasenpositivo.com\/wp-content\/uploads\/2024\/07\/ROSA-CAMUFLAJE-1024x562.jpg\" alt=\"\" width=\"660\" height=\"362\" \/><\/p>\n<p style=\"text-align: center\"><em>Rosa D\u00e1vila Entre los generales Luis Cort\u00e9s (i) y Ricardo Esteban (d), la presidenta Rosa D\u00e1vila luciendo su particular \u00abuniformidad de campa\u00f1a\u00bb\u00a0<\/em><\/p>\n<p style=\"text-align: center\"><em>\u00a0<\/em><\/p>\n<p><span style=\"color: #0000ff\"><strong>* Jos\u00e9 Carlos MARRERO GONZ\u00c1LEZ<\/strong><\/span><\/p>\n<p>Periodista y analista de la actualidad.<\/p>\n<p>Director de <strong><em>El Cotarro<\/em><\/strong> (www.elcotarro.com)<\/p>\n<p>Director de <strong><em>Canarias en Positivo<\/em><\/strong> (www.canariasenpositivo.com)<\/p>\n<p>Director de <strong><em>GastroCanarias<\/em><\/strong> (www.gastrocanarias.com)<\/p>\n<p>&nbsp;<\/p>\n<p><em>info@elcotarro.com<\/em><\/p>\n<p>&nbsp;<\/p>\n<p>Islas Canarias, 7 de julio de 2024.<\/p>\n<p><img loading=\"lazy\" decoding=\"async\" class=\"size-full wp-image-7656 aligncenter\" src=\"https:\/\/canariasenpositivo.com\/wp-content\/uploads\/2024\/04\/A-CARECA-INSULA.jpg\" alt=\"\" width=\"750\" height=\"153\" \/><\/p>\n","protected":false},"excerpt":{"rendered":"<p>N\u00ba513 DEL 07 DE JULIO DE 2024 &nbsp; \u00a0 Por Jos\u00e9 Carlos Marrero * &nbsp; &nbsp; LA DESINFORMACI\u00d3N Y LA \u201cFALTA DE IGNORANCIA\u201d M\u00e1s de una persona no terminar\u00e1 de leer El Cotarro de hoy. Muchas de esas personas (como dir\u00eda el mago) se \u201cenronchan\u201d tan solo de o\u00edr hablar o leer algo que tenga &#8230; <a class=\"read-more\" href=\"https:\/\/elcotarro.com\/?p=10873\">Read more<\/a><\/p>\n","protected":false},"author":2,"featured_media":0,"comment_status":"open","ping_status":"open","sticky":false,"template":"","format":"standard","meta":{"_jetpack_memberships_contains_paid_content":false,"footnotes":""},"categories":[4],"tags":[],"class_list":["post-10873","post","type-post","status-publish","format-standard","hentry","category-el-cotarro"],"yoast_head":"<!-- This site is optimized with the Yoast SEO plugin v27.0 - https:\/\/yoast.com\/product\/yoast-seo-wordpress\/ -->\n<title>EL COTARRO \/ 513, DEL DOMINGO, 07\/07\/2024 - El Cotarro<\/title>\n<meta name=\"robots\" content=\"index, follow, max-snippet:-1, max-image-preview:large, max-video-preview:-1\" \/>\n<link rel=\"canonical\" href=\"https:\/\/elcotarro.com\/?p=10873\" \/>\n<meta property=\"og:locale\" content=\"es_ES\" \/>\n<meta property=\"og:type\" content=\"article\" \/>\n<meta property=\"og:title\" content=\"EL COTARRO \/ 513, DEL DOMINGO, 07\/07\/2024 - El Cotarro\" \/>\n<meta property=\"og:description\" content=\"N\u00ba513 DEL 07 DE JULIO DE 2024 &nbsp; \u00a0 Por Jos\u00e9 Carlos Marrero * &nbsp; &nbsp; LA DESINFORMACI\u00d3N Y LA \u201cFALTA DE IGNORANCIA\u201d M\u00e1s de una persona no terminar\u00e1 de leer El Cotarro de hoy. Muchas de esas personas (como dir\u00eda el mago) se \u201cenronchan\u201d tan solo de o\u00edr hablar o leer algo que tenga ... Read more\" \/>\n<meta property=\"og:url\" content=\"https:\/\/elcotarro.com\/?p=10873\" \/>\n<meta property=\"og:site_name\" content=\"El Cotarro\" \/>\n<meta property=\"article:publisher\" content=\"https:\/\/www.facebook.com\/ElCotarro.Tenerife\" \/>\n<meta property=\"article:published_time\" content=\"2024-07-07T10:03:06+00:00\" \/>\n<meta property=\"article:modified_time\" content=\"2024-07-07T11:31:28+00:00\" \/>\n<meta property=\"og:image\" content=\"https:\/\/canariasenpositivo.com\/wp-content\/uploads\/2024\/04\/EL-COTARRO-CABECERA-1024x122.jpg\" \/>\n<meta name=\"author\" content=\"Jos\u00e9 Carlos Marrero Gonz\u00e1lez\" \/>\n<meta name=\"twitter:label1\" content=\"Escrito por\" \/>\n\t<meta name=\"twitter:data1\" content=\"Jos\u00e9 Carlos Marrero Gonz\u00e1lez\" \/>\n\t<meta name=\"twitter:label2\" content=\"Tiempo de lectura\" \/>\n\t<meta name=\"twitter:data2\" content=\"21 minutos\" \/>\n<script type=\"application\/ld+json\" class=\"yoast-schema-graph\">{\"@context\":\"https:\/\/schema.org\",\"@graph\":[{\"@type\":\"Article\",\"@id\":\"https:\/\/elcotarro.com\/?p=10873#article\",\"isPartOf\":{\"@id\":\"https:\/\/elcotarro.com\/?p=10873\"},\"author\":{\"name\":\"Jos\u00e9 Carlos Marrero Gonz\u00e1lez\",\"@id\":\"https:\/\/elcotarro.com\/#\/schema\/person\/af537ee7d60d15984c7e0affcd8a918b\"},\"headline\":\"EL COTARRO \/ 513, DEL DOMINGO, 07\/07\/2024\",\"datePublished\":\"2024-07-07T10:03:06+00:00\",\"dateModified\":\"2024-07-07T11:31:28+00:00\",\"mainEntityOfPage\":{\"@id\":\"https:\/\/elcotarro.com\/?p=10873\"},\"wordCount\":3984,\"commentCount\":0,\"publisher\":{\"@id\":\"https:\/\/elcotarro.com\/#organization\"},\"image\":{\"@id\":\"https:\/\/elcotarro.com\/?p=10873#primaryimage\"},\"thumbnailUrl\":\"https:\/\/canariasenpositivo.com\/wp-content\/uploads\/2024\/04\/EL-COTARRO-CABECERA-1024x122.jpg\",\"articleSection\":[\"El Cotarro\"],\"inLanguage\":\"es\",\"potentialAction\":[{\"@type\":\"CommentAction\",\"name\":\"Comment\",\"target\":[\"https:\/\/elcotarro.com\/?p=10873#respond\"]}]},{\"@type\":\"WebPage\",\"@id\":\"https:\/\/elcotarro.com\/?p=10873\",\"url\":\"https:\/\/elcotarro.com\/?p=10873\",\"name\":\"EL COTARRO \/ 513, DEL DOMINGO, 07\/07\/2024 - El Cotarro\",\"isPartOf\":{\"@id\":\"https:\/\/elcotarro.com\/#website\"},\"primaryImageOfPage\":{\"@id\":\"https:\/\/elcotarro.com\/?p=10873#primaryimage\"},\"image\":{\"@id\":\"https:\/\/elcotarro.com\/?p=10873#primaryimage\"},\"thumbnailUrl\":\"https:\/\/canariasenpositivo.com\/wp-content\/uploads\/2024\/04\/EL-COTARRO-CABECERA-1024x122.jpg\",\"datePublished\":\"2024-07-07T10:03:06+00:00\",\"dateModified\":\"2024-07-07T11:31:28+00:00\",\"breadcrumb\":{\"@id\":\"https:\/\/elcotarro.com\/?p=10873#breadcrumb\"},\"inLanguage\":\"es\",\"potentialAction\":[{\"@type\":\"ReadAction\",\"target\":[\"https:\/\/elcotarro.com\/?p=10873\"]}]},{\"@type\":\"ImageObject\",\"inLanguage\":\"es\",\"@id\":\"https:\/\/elcotarro.com\/?p=10873#primaryimage\",\"url\":\"https:\/\/canariasenpositivo.com\/wp-content\/uploads\/2024\/04\/EL-COTARRO-CABECERA-1024x122.jpg\",\"contentUrl\":\"https:\/\/canariasenpositivo.com\/wp-content\/uploads\/2024\/04\/EL-COTARRO-CABECERA-1024x122.jpg\"},{\"@type\":\"BreadcrumbList\",\"@id\":\"https:\/\/elcotarro.com\/?p=10873#breadcrumb\",\"itemListElement\":[{\"@type\":\"ListItem\",\"position\":1,\"name\":\"Portada\",\"item\":\"https:\/\/elcotarro.com\/\"},{\"@type\":\"ListItem\",\"position\":2,\"name\":\"EL COTARRO \/ 513, DEL DOMINGO, 07\/07\/2024\"}]},{\"@type\":\"WebSite\",\"@id\":\"https:\/\/elcotarro.com\/#website\",\"url\":\"https:\/\/elcotarro.com\/\",\"name\":\"El Cotarro\",\"description\":\"Peri\u00f3dico Digital Independiente dirigido por Jos\u00e9 Carlos Marrero\",\"publisher\":{\"@id\":\"https:\/\/elcotarro.com\/#organization\"},\"potentialAction\":[{\"@type\":\"SearchAction\",\"target\":{\"@type\":\"EntryPoint\",\"urlTemplate\":\"https:\/\/elcotarro.com\/?s={search_term_string}\"},\"query-input\":{\"@type\":\"PropertyValueSpecification\",\"valueRequired\":true,\"valueName\":\"search_term_string\"}}],\"inLanguage\":\"es\"},{\"@type\":\"Organization\",\"@id\":\"https:\/\/elcotarro.com\/#organization\",\"name\":\"El Cotarro\",\"url\":\"https:\/\/elcotarro.com\/\",\"logo\":{\"@type\":\"ImageObject\",\"inLanguage\":\"es\",\"@id\":\"https:\/\/elcotarro.com\/#\/schema\/logo\/image\/\",\"url\":\"https:\/\/elcotarro.com\/wp-content\/uploads\/2014\/09\/Cabecera_El_Cotarro_v2.jpg\",\"contentUrl\":\"https:\/\/elcotarro.com\/wp-content\/uploads\/2014\/09\/Cabecera_El_Cotarro_v2.jpg\",\"width\":3540,\"height\":441,\"caption\":\"El Cotarro\"},\"image\":{\"@id\":\"https:\/\/elcotarro.com\/#\/schema\/logo\/image\/\"},\"sameAs\":[\"https:\/\/www.facebook.com\/ElCotarro.Tenerife\"]},{\"@type\":\"Person\",\"@id\":\"https:\/\/elcotarro.com\/#\/schema\/person\/af537ee7d60d15984c7e0affcd8a918b\",\"name\":\"Jos\u00e9 Carlos Marrero Gonz\u00e1lez\",\"image\":{\"@type\":\"ImageObject\",\"inLanguage\":\"es\",\"@id\":\"https:\/\/elcotarro.com\/#\/schema\/person\/image\/\",\"url\":\"https:\/\/secure.gravatar.com\/avatar\/def4da036efb5d32c74d49c351f6dccc064dd69ad9f3aadc295c5a9a5391ca01?s=96&d=mm&r=g\",\"contentUrl\":\"https:\/\/secure.gravatar.com\/avatar\/def4da036efb5d32c74d49c351f6dccc064dd69ad9f3aadc295c5a9a5391ca01?s=96&d=mm&r=g\",\"caption\":\"Jos\u00e9 Carlos Marrero Gonz\u00e1lez\"},\"sameAs\":[\"https:\/\/elcotarro.com\"],\"url\":\"https:\/\/elcotarro.com\/?author=2\"}]}<\/script>\n<!-- \/ Yoast SEO plugin. -->","yoast_head_json":{"title":"EL COTARRO \/ 513, DEL DOMINGO, 07\/07\/2024 - El Cotarro","robots":{"index":"index","follow":"follow","max-snippet":"max-snippet:-1","max-image-preview":"max-image-preview:large","max-video-preview":"max-video-preview:-1"},"canonical":"https:\/\/elcotarro.com\/?p=10873","og_locale":"es_ES","og_type":"article","og_title":"EL COTARRO \/ 513, DEL DOMINGO, 07\/07\/2024 - El Cotarro","og_description":"N\u00ba513 DEL 07 DE JULIO DE 2024 &nbsp; \u00a0 Por Jos\u00e9 Carlos Marrero * &nbsp; &nbsp; LA DESINFORMACI\u00d3N Y LA \u201cFALTA DE IGNORANCIA\u201d M\u00e1s de una persona no terminar\u00e1 de leer El Cotarro de hoy. Muchas de esas personas (como dir\u00eda el mago) se \u201cenronchan\u201d tan solo de o\u00edr hablar o leer algo que tenga ... Read more","og_url":"https:\/\/elcotarro.com\/?p=10873","og_site_name":"El Cotarro","article_publisher":"https:\/\/www.facebook.com\/ElCotarro.Tenerife","article_published_time":"2024-07-07T10:03:06+00:00","article_modified_time":"2024-07-07T11:31:28+00:00","og_image":[{"url":"https:\/\/canariasenpositivo.com\/wp-content\/uploads\/2024\/04\/EL-COTARRO-CABECERA-1024x122.jpg","type":"","width":"","height":""}],"author":"Jos\u00e9 Carlos Marrero Gonz\u00e1lez","twitter_misc":{"Escrito por":"Jos\u00e9 Carlos Marrero Gonz\u00e1lez","Tiempo de lectura":"21 minutos"},"schema":{"@context":"https:\/\/schema.org","@graph":[{"@type":"Article","@id":"https:\/\/elcotarro.com\/?p=10873#article","isPartOf":{"@id":"https:\/\/elcotarro.com\/?p=10873"},"author":{"name":"Jos\u00e9 Carlos Marrero Gonz\u00e1lez","@id":"https:\/\/elcotarro.com\/#\/schema\/person\/af537ee7d60d15984c7e0affcd8a918b"},"headline":"EL COTARRO \/ 513, DEL DOMINGO, 07\/07\/2024","datePublished":"2024-07-07T10:03:06+00:00","dateModified":"2024-07-07T11:31:28+00:00","mainEntityOfPage":{"@id":"https:\/\/elcotarro.com\/?p=10873"},"wordCount":3984,"commentCount":0,"publisher":{"@id":"https:\/\/elcotarro.com\/#organization"},"image":{"@id":"https:\/\/elcotarro.com\/?p=10873#primaryimage"},"thumbnailUrl":"https:\/\/canariasenpositivo.com\/wp-content\/uploads\/2024\/04\/EL-COTARRO-CABECERA-1024x122.jpg","articleSection":["El Cotarro"],"inLanguage":"es","potentialAction":[{"@type":"CommentAction","name":"Comment","target":["https:\/\/elcotarro.com\/?p=10873#respond"]}]},{"@type":"WebPage","@id":"https:\/\/elcotarro.com\/?p=10873","url":"https:\/\/elcotarro.com\/?p=10873","name":"EL COTARRO \/ 513, DEL DOMINGO, 07\/07\/2024 - El Cotarro","isPartOf":{"@id":"https:\/\/elcotarro.com\/#website"},"primaryImageOfPage":{"@id":"https:\/\/elcotarro.com\/?p=10873#primaryimage"},"image":{"@id":"https:\/\/elcotarro.com\/?p=10873#primaryimage"},"thumbnailUrl":"https:\/\/canariasenpositivo.com\/wp-content\/uploads\/2024\/04\/EL-COTARRO-CABECERA-1024x122.jpg","datePublished":"2024-07-07T10:03:06+00:00","dateModified":"2024-07-07T11:31:28+00:00","breadcrumb":{"@id":"https:\/\/elcotarro.com\/?p=10873#breadcrumb"},"inLanguage":"es","potentialAction":[{"@type":"ReadAction","target":["https:\/\/elcotarro.com\/?p=10873"]}]},{"@type":"ImageObject","inLanguage":"es","@id":"https:\/\/elcotarro.com\/?p=10873#primaryimage","url":"https:\/\/canariasenpositivo.com\/wp-content\/uploads\/2024\/04\/EL-COTARRO-CABECERA-1024x122.jpg","contentUrl":"https:\/\/canariasenpositivo.com\/wp-content\/uploads\/2024\/04\/EL-COTARRO-CABECERA-1024x122.jpg"},{"@type":"BreadcrumbList","@id":"https:\/\/elcotarro.com\/?p=10873#breadcrumb","itemListElement":[{"@type":"ListItem","position":1,"name":"Portada","item":"https:\/\/elcotarro.com\/"},{"@type":"ListItem","position":2,"name":"EL COTARRO \/ 513, DEL DOMINGO, 07\/07\/2024"}]},{"@type":"WebSite","@id":"https:\/\/elcotarro.com\/#website","url":"https:\/\/elcotarro.com\/","name":"El Cotarro","description":"Peri\u00f3dico Digital Independiente dirigido por Jos\u00e9 Carlos Marrero","publisher":{"@id":"https:\/\/elcotarro.com\/#organization"},"potentialAction":[{"@type":"SearchAction","target":{"@type":"EntryPoint","urlTemplate":"https:\/\/elcotarro.com\/?s={search_term_string}"},"query-input":{"@type":"PropertyValueSpecification","valueRequired":true,"valueName":"search_term_string"}}],"inLanguage":"es"},{"@type":"Organization","@id":"https:\/\/elcotarro.com\/#organization","name":"El Cotarro","url":"https:\/\/elcotarro.com\/","logo":{"@type":"ImageObject","inLanguage":"es","@id":"https:\/\/elcotarro.com\/#\/schema\/logo\/image\/","url":"https:\/\/elcotarro.com\/wp-content\/uploads\/2014\/09\/Cabecera_El_Cotarro_v2.jpg","contentUrl":"https:\/\/elcotarro.com\/wp-content\/uploads\/2014\/09\/Cabecera_El_Cotarro_v2.jpg","width":3540,"height":441,"caption":"El Cotarro"},"image":{"@id":"https:\/\/elcotarro.com\/#\/schema\/logo\/image\/"},"sameAs":["https:\/\/www.facebook.com\/ElCotarro.Tenerife"]},{"@type":"Person","@id":"https:\/\/elcotarro.com\/#\/schema\/person\/af537ee7d60d15984c7e0affcd8a918b","name":"Jos\u00e9 Carlos Marrero Gonz\u00e1lez","image":{"@type":"ImageObject","inLanguage":"es","@id":"https:\/\/elcotarro.com\/#\/schema\/person\/image\/","url":"https:\/\/secure.gravatar.com\/avatar\/def4da036efb5d32c74d49c351f6dccc064dd69ad9f3aadc295c5a9a5391ca01?s=96&d=mm&r=g","contentUrl":"https:\/\/secure.gravatar.com\/avatar\/def4da036efb5d32c74d49c351f6dccc064dd69ad9f3aadc295c5a9a5391ca01?s=96&d=mm&r=g","caption":"Jos\u00e9 Carlos Marrero Gonz\u00e1lez"},"sameAs":["https:\/\/elcotarro.com"],"url":"https:\/\/elcotarro.com\/?author=2"}]}},"jetpack_featured_media_url":"","jetpack_sharing_enabled":true,"_links":{"self":[{"href":"https:\/\/elcotarro.com\/index.php?rest_route=\/wp\/v2\/posts\/10873","targetHints":{"allow":["GET"]}}],"collection":[{"href":"https:\/\/elcotarro.com\/index.php?rest_route=\/wp\/v2\/posts"}],"about":[{"href":"https:\/\/elcotarro.com\/index.php?rest_route=\/wp\/v2\/types\/post"}],"author":[{"embeddable":true,"href":"https:\/\/elcotarro.com\/index.php?rest_route=\/wp\/v2\/users\/2"}],"replies":[{"embeddable":true,"href":"https:\/\/elcotarro.com\/index.php?rest_route=%2Fwp%2Fv2%2Fcomments&post=10873"}],"version-history":[{"count":5,"href":"https:\/\/elcotarro.com\/index.php?rest_route=\/wp\/v2\/posts\/10873\/revisions"}],"predecessor-version":[{"id":10878,"href":"https:\/\/elcotarro.com\/index.php?rest_route=\/wp\/v2\/posts\/10873\/revisions\/10878"}],"wp:attachment":[{"href":"https:\/\/elcotarro.com\/index.php?rest_route=%2Fwp%2Fv2%2Fmedia&parent=10873"}],"wp:term":[{"taxonomy":"category","embeddable":true,"href":"https:\/\/elcotarro.com\/index.php?rest_route=%2Fwp%2Fv2%2Fcategories&post=10873"},{"taxonomy":"post_tag","embeddable":true,"href":"https:\/\/elcotarro.com\/index.php?rest_route=%2Fwp%2Fv2%2Ftags&post=10873"}],"curies":[{"name":"wp","href":"https:\/\/api.w.org\/{rel}","templated":true}]}}