{"id":10883,"date":"2024-07-21T00:11:52","date_gmt":"2024-07-20T23:11:52","guid":{"rendered":"https:\/\/elcotarro.com\/?p=10883"},"modified":"2024-07-21T11:24:56","modified_gmt":"2024-07-21T10:24:56","slug":"el-cotarro-515-del-domingo-21-07-2024","status":"publish","type":"post","link":"https:\/\/elcotarro.com\/?p=10883","title":{"rendered":"EL COTARRO \/ 515, DEL DOMINGO, 21\/07\/2024"},"content":{"rendered":"<p><strong><img loading=\"lazy\" decoding=\"async\" class=\"size-large wp-image-7639 aligncenter\" src=\"https:\/\/canariasenpositivo.com\/wp-content\/uploads\/2024\/04\/EL-COTARRO-CABECERA-1024x122.jpg\" alt=\"\" width=\"660\" height=\"79\" \/><\/strong><\/p>\n<p style=\"text-align: center\"><span style=\"color: #ff0000\"><strong>N\u00ba515 DEL 21 DE JULIO DE 2024<\/strong><\/span><\/p>\n<p>&nbsp;<\/p>\n<p><em>\u00a0<\/em><\/p>\n<p><span style=\"color: #0000ff\"><em>Por <strong>Jos\u00e9 Carlos Marrero *<\/strong><\/em><\/span><\/p>\n<p>&nbsp;<\/p>\n<p>&nbsp;<\/p>\n<p><span style=\"color: #0000ff\"><strong>DOS AMIGOS, DOS CASOS DE \u00c9XITO\u2026, Y DOS IMPERIOS<\/strong><\/span><\/p>\n<ul>\n<li>Hoy comienzo <strong><em>El Cotarro<\/em><\/strong> dominical con un especial reconocimiento, no a uno, sino a \u201cdos de los nuestros\u201d, dos personas que me honran como amigos y que podemos calificar como ejemplares. Me refiero dos caballeros, dos emprendedores, dos profesionales, dos empresarios de \u00e9xito por su trabajo y m\u00e9ritos propios y por sus familias y los equipos de profesionales que llevan detr\u00e1s de cada uno de ellos desde hace casi 7 d\u00e9cadas. Me refiero al m\u00e9dico y empresario <strong>Pedro Luis Cobiella<\/strong> <strong>Su\u00e1rez<\/strong>, cofundador y presidente de honor del Grupo Hospiten y el empresario y tinerfe\u00f1o de adopci\u00f3n, <strong>Wolfgang Kiessling<\/strong>, presidente de la Compa\u00f1\u00eda Loro Parque. <strong>Pedro Luis Cobiella<\/strong> presume de tener 88 a\u00f1os y seguir en la brecha, seguido muy de cerca (solo les separan 6 meses) <strong>Wolfgang Kiessling<\/strong>, que presume de tener 87 y seguir trabajando cada d\u00eda y dando guerra. Se encontraron y yo me los encontr\u00e9 en el acto de preestreno de una pel\u00edcula-documental de la que les hablar\u00e9 dentro de unas l\u00edneas. Se abrazaron como dos grandes amigos que son y hasta hubo alguna l\u00e1grima al recordar que ambos van camino de los 90 a\u00f1os. Sus vidas, la historia personal y la trayectoria profesional y empresarial de cada uno de ellos s\u00ed son para hacer dos amplios reportajes, que, estoy seguro, ser\u00edan muy enriquecedores para nuestra juventud canaria.<\/li>\n<\/ul>\n<p><img loading=\"lazy\" decoding=\"async\" class=\"size-large wp-image-8098 aligncenter\" src=\"https:\/\/canariasenpositivo.com\/wp-content\/uploads\/2024\/07\/1.-WOLFGANG-Y-PEDRO-1024x768.jpeg\" alt=\"\" width=\"660\" height=\"495\" \/><\/p>\n<p style=\"text-align: center\"><em>Dos ejemplares empresarios: Wolfang Kiessling (i) y Pedro Luis Cobiella Su\u00e1rez.<\/em><\/p>\n<p>&nbsp;<\/p>\n<p><span style=\"color: #0000ff\"><strong>HOSPITEN CUENTA YA CON 21 HOSPITALES EN 5 PA\u00cdSES<\/strong><\/span><\/p>\n<ul>\n<li>Sus vidas, la historia personal y la trayectoria profesional y empresarial de cada uno de ellos s\u00ed son para hacer dos amplios reportajes, que, estoy seguro, ser\u00edan muy enriquecedores para nuestra juventud canaria. <strong>Pedro Luis Cobiella<\/strong> y sus hermanos siguieron los pasos de su padre, <strong>Celestino Cobiella Zaera<\/strong>. El recordado ginec\u00f3logo <strong>Celestino Cobiella Zaera<\/strong> lleg\u00f3 a ir en burro a asistir a enfermas y parturientas, a la vez que a pacientes repartidos por varios hoteles de un Puerto de la Cruz abri\u00e9ndose al mundo del turismo. Sus hijos, y <strong>Pedro Luis Cobiella<\/strong> <strong>Su\u00e1rez<\/strong> como hermano mayor, sigui\u00f3 los pasos de <strong>Don Celestino<\/strong> en el mundo de la Sanidad junto con sus hermanos, y fueron los primeros que transformaron un hotel en hospital, en lo que hoy denominamos Hospiten Bellevue, en el Puerto. Hoy el Grupo Hospiten cuenta con 21 hospitales en 5 pa\u00edses del mundo, generando haciendo realidad alrededor de un total de 4.700 empleos. Hoy <strong>Pedro Luis Cobiella Su\u00e1rez<\/strong> contin\u00faa como presidente del Honor, pero el Grupo Hospiten tiene en su consejo de administraci\u00f3n a <strong>Juan Jos\u00e9 Hern\u00e1ndez Rubio<\/strong>, como presidente ejecutivo, y a <strong>Pedro Luis Cobiella Beauvais<\/strong> (hijo de <strong>Pedro Luis<\/strong>) como vicepresidente y consejero delegado, otros miembros de la familia, como <strong>Diana Cobiella Beauvais, Francisco Javier Cobiella Carnicer<\/strong> y <strong>Carlos Cobiella Garc\u00eda Sanjuan<\/strong>, as\u00ed como <strong>Antonio Moya Oliver<\/strong> y <strong>Sonia Urquiza Royo.<\/strong><\/li>\n<\/ul>\n<p><img loading=\"lazy\" decoding=\"async\" class=\"size-large wp-image-8099 aligncenter\" src=\"https:\/\/canariasenpositivo.com\/wp-content\/uploads\/2024\/07\/2.-HOSPITEN-BOADILLA-1024x632.jpg\" alt=\"\" width=\"660\" height=\"407\" \/><\/p>\n<p style=\"text-align: center\"><em>Infograf\u00eda del futuro Hospital Universitario Hospiten Boadilla, que en un par de a\u00f1os ser\u00e1 una realidad en el municipio de Boadilla del Monte, en la Comunidad de Madrid.<\/em><\/p>\n<p>&nbsp;<\/p>\n<p><span style=\"color: #0000ff\"><strong>LORO PARQUE, M\u00c1S QUE UNA EMBAJADA ANIMAL<\/strong><\/span><\/p>\n<ul>\n<li>Por su parte, <strong>Wolfgang Kiessling<\/strong> siempre fue amante de los animales y su ilusi\u00f3n era montar un zool\u00f3gico ejemplar. Su padre termin\u00f3 dici\u00e9ndole finalmente que \u201csi lo montaba, que fuera de loros y papagayos, que comen poco y viven mucho\u201d. Hoy la Compa\u00f1\u00eda LORO PARQUE, genera actualmente solo en Tenerife y Gran Canaria, alrededor de 1.400 empleos directos y va mucho m\u00e1s all\u00e1 de ser una ejemplar \u201cEmbajada Animal\u201d calificado como \u201cel mejor zoo moderno del mundo\u201d y respetado por todos. La Compa\u00f1\u00eda cuenta, adem\u00e1s del Loro Parque, con el emblem\u00e1tico Hotel Bot\u00e1nico &amp; The Oriental Spa Garden y el restaurante Brunelli\u2019s Steakhouse, en el Puerto de la Cruz, el Siam Park (el mejor parque acu\u00e1tico del mundo) en el sur de Tenerife, y el Aquarium Poema del Mar, en Las Palmas de Gran Canaria. <strong>Wolfgang Kiessling<\/strong> sigue siendo fundador y presidente de la Compa\u00f1\u00eda, pero ya cuenta con su hijo <strong>Christoph Kiessling<\/strong> como vicepresidente y presidente de Loro Parque Fundaci\u00f3n, as\u00ed como con su nieta, <strong>Cybell Kiessling<\/strong> que ocupa el cargo de directora de Administraci\u00f3n, Comunicaci\u00f3n y Relaciones Institucionales. La saga familiar contin\u00faa y el futuro de la Compa\u00f1\u00eda se ve garantizado. Ambas compa\u00f1\u00edas (Loro Parque y Hospiten) no se atreven a calcular el n\u00famero de puestos de trabajo indirectos que generan, pero seguro que ustedes, que son muy inteligentes, se lo pueden imaginar. Muchos puestos de trabajo y m\u00e1s riqueza para Canarias.<\/li>\n<\/ul>\n<p>p<\/p>\n<p style=\"text-align: center\"><em>Wolfgang Kiessling (c) acompa\u00f1ado por su nieta Cybell (i) y su hijo Christoph<\/em><\/p>\n<p>&nbsp;<\/p>\n<p><strong><span style=\"color: #0000ff\">LORO PARQUE Y \u2018ESCAPE FROM EXTINTION REWILDING\u2019<\/span> <\/strong><\/p>\n<ul>\n<li>Gracias, precisamente, a la Compa\u00f1\u00eda Loro Parque y con su presidente <strong>Wolfgang Kiessling<\/strong> y familia como anfitriones, el pasado mi\u00e9rcoles en los multicines Yelmo del Centro Comercial \u201cLa Villa\u201d, en La Orotava, tuvo lugar el preestreno en Espa\u00f1a de la pel\u00edcula documental Escape From Extintion Rewilding (que podr\u00edamos traducir como escape o escapando de la extinci\u00f3n) una impresionante producci\u00f3n, que tiene como hilo conductor la voz de la actriz Meryl Streep (ganadora de dos Premios Oscar de la Academia). La pel\u00edcula contin\u00faa la saga y el inmenso trabajo de divulgaci\u00f3n del documental Escape From Extintion, que ya bati\u00f3 r\u00e9cords. La organizaci\u00f3n American Humane fue la responsable de la producci\u00f3n, que ser\u00e1 presentada a los Oscars de la Academia de Cine de Estados Unidos. El presidente de la Compa\u00f1\u00eda Loro Parque, <strong>Wolfgang Kiessling<\/strong> fue el encargado de dar la bienvenida y agradecer a todos su asistencia y permanente colaboraci\u00f3n, mientras que la presidenta y directora ejecutiva de American Humane, <strong>Robin Ganzert<\/strong> fue la encargada de realizar la presentaci\u00f3n de la pel\u00edcula. La compa\u00f1\u00eda Loro Parque participa en este proyecto impulsando el documental y organizando la <em>premiere<\/em> celebrada el pasado mi\u00e9rcoles.<\/li>\n<\/ul>\n<p><img loading=\"lazy\" decoding=\"async\" class=\"size-large wp-image-8101 aligncenter\" src=\"https:\/\/canariasenpositivo.com\/wp-content\/uploads\/2024\/07\/4.-WOLGFANG-1024x768.jpeg\" alt=\"\" width=\"660\" height=\"495\" \/><\/p>\n<p style=\"text-align: center\"><em>Wolfgang Kiessling (presidente de Compa\u00f1\u00eda Loro Parque) presentando la pel\u00edcula.<\/em><\/p>\n<p>&nbsp;<\/p>\n<p><span style=\"color: #0000ff\"><strong>EL BUEN TRABAJO DE TENERIFE POR TODO EL MUNDO<\/strong><\/span><\/p>\n<ul>\n<li>A partir de ahora, seg\u00fan inform\u00f3 la doctora <strong>Robin Ganzert<\/strong>, la pel\u00edcula-documental ser\u00e1 estrenada en Londres y en otros lugares del mundo y llevar\u00e1 el nombre de Tenerife. Escape from Extinction Rewilding presenta a expertos mundiales en vida silvestre que luchan por todo el planeta para salvar a los animales m\u00e1s queridos de la Tierra de la extinci\u00f3n masiva y el colapso ambiental. Los apasionantes proyectos que ya est\u00e1 dando sus magn\u00edficos frutos, van armados con un nuevo enfoque radical de la conservaci\u00f3n llamado &#8216;rewilding&#8217;, que tiene como objetivo restaurar ecosistemas enteros, desde los bosques nubosos de Ruanda hasta la costa de California. Durante el documental, el nombre y magn\u00edficas im\u00e1genes de Tenerife salen en pantalla porque los m\u00e1ximos responsables, t\u00e9cnicos y expertos de la compa\u00f1\u00eda Loro Parque aparecen explicando todo lo que se ha hecho, lo logrado y que ya se est\u00e1 haciendo de cara al futuro. Entre ellas y adem\u00e1s del propio <strong>Wolfgang Kiessling<\/strong>, aparecen, entre otros: <strong>Christoph Kiessling<\/strong> (vicepresidente de la compa\u00f1\u00eda y presidente de Loro Parque Fundaci\u00f3n) junto con <strong>Javier Almunia<\/strong> (director de la Fundaci\u00f3n) y <strong>Rafael Zamora<\/strong> (director cient\u00edfico)<\/li>\n<\/ul>\n<p><img loading=\"lazy\" decoding=\"async\" class=\"size-large wp-image-8102 aligncenter\" src=\"https:\/\/canariasenpositivo.com\/wp-content\/uploads\/2024\/07\/5.-GRABACION-1024x683.webp\" alt=\"\" width=\"660\" height=\"440\" \/><\/p>\n<p style=\"text-align: center\"><em>Imagen de un d\u00eda de grabaci\u00f3n de la pel\u00edcula-documental en aguas de Canarias.<\/em><\/p>\n<p>&nbsp;<\/p>\n<p><span style=\"color: #0000ff\"><strong>PARA PROYECTAR EN LOS COLEGIOS DE CANARIAS<\/strong><\/span><\/p>\n<ul>\n<li>Entre las personalidades presentes en el preestreno estuvieron <strong>Marco Antonio Gonz\u00e1lez<\/strong> (alcalde del Puerto) <strong>Bernardo \u00c1lvarez<\/strong> (obispo de Tenerife, que suele bendecir todos los proyectos de Loro Parque) el empresario <strong>Pedro Luis Cobiella Su\u00e1rez<\/strong> (cofundador y presidente de Honor del Grupo Hospiten), <strong>Jos\u00e9 Carlos Francisco D\u00edaz<\/strong> (presidente del Consejo Econ\u00f3mico y Social de Canarias y asesor de la Compa\u00f1\u00eda Loro Parque), entre otros, as\u00ed como representantes de la prensa local, nacional e internacional. La pel\u00edcula-documental se proyect\u00f3 en su versi\u00f3n original, en ingl\u00e9s, pero muy pronto se contar\u00e1 con una versi\u00f3n subtitulada. Me qued\u00e9 tan gratamente impresionado por el documental, que ya dije a <strong>Wolfgang Kiessling<\/strong> que ser\u00eda muy bueno que el mismo fuera proyectado en todos los centros formativos y universitarios de Canarias, o que todo el alumnado de Canarias pudiese verlo, disfrutarlo y, sobre todo y muy importante, aprender con su visionado. Ser\u00eda muy bueno que el presidente del Gobierno de Canarias, <strong>Fernando Clavijo<\/strong>, y su consejero de Educaci\u00f3n y Formaci\u00f3n Profesional, <strong>Hip\u00f3lito \u201cPoli\u201d Su\u00e1rez Nuez<\/strong>, vieran la pel\u00edcula y se preocuparan de que la juventud canaria tuviera acceso a ella.<\/li>\n<\/ul>\n<p><img loading=\"lazy\" decoding=\"async\" class=\"size-large wp-image-8103 aligncenter\" src=\"https:\/\/canariasenpositivo.com\/wp-content\/uploads\/2024\/07\/6.-FOTO-DE-FAMILIA-1024x601.jpg\" alt=\"\" width=\"660\" height=\"387\" \/><\/p>\n<p style=\"text-align: center\"><em>Foto de familia antes del preestreno. De izquierda a derecha: <strong>Jill Nizan<\/strong> (directora de Operaciones de Conservaci\u00f3n de American Humane) <strong>Cybell Kiessling<\/strong> (directora de Administraci\u00f3n, Comunicaci\u00f3n y Relaciones Institucionales de la Compa\u00f1\u00eda Loro Parque), <strong>Wolfgang Kiessling<\/strong> (presidente), <strong>Robin Ganzert<\/strong> (presidenta de American Humane), <strong>Brigitte Kiessling<\/strong> (esposa del Sr. Kiessling), <strong>Christoph Kiessling<\/strong> (vicepresidente de la Compa\u00f1\u00eda), <strong>Brad Andrews<\/strong> (director mundial de programa de certificaci\u00f3n de bienestar animal Humane Conservation) y <strong>Bosco Kiessling<\/strong> (nieto de Wolfgang, hermano de <strong>Cybell<\/strong> y que continua la saga familiar, junto con la peque\u00f1a hija de <strong>Christoph<\/strong>)<\/em><\/p>\n<p>&nbsp;<\/p>\n<p><span style=\"color: #0000ff\"><strong>GESTO AL TIO ABUELO DE JOS\u00c9 MANUEL BERM\u00daDEZ<\/strong><\/span><\/p>\n<ul>\n<li>Cambio de tercio para comentarles que hay gestos que honran a personas y gestos que, a su vez, honran a las personas que los promueven y realizan. Hace un par de semanas, se celebr\u00f3 un solemne Arriado de Bandera con motivo del 10\u00ba aniversario del reinado de <strong>M. El Rey Felipe VI<\/strong>, en la santacrucera Plaza del Pr\u00edncipe, que fue presidido por el general <strong>Luis Cort\u00e9s Delgado<\/strong>, jefe del Estado Mayor del Mando de Canarias y al que asisti\u00f3, entro otras autoridades, el alcalde chicharrero, <strong>Jos\u00e9 Manuel Berm\u00fadez Esparza<\/strong>. En el transcurso del Arriado, tuvo lugar la siempre emotiva ceremonia de homenaje a quienes, a lo largo de todos los tiempos, han dado su vida por Espa\u00f1a. En esta ocasi\u00f3n y de forma excepcional, en un determinado momento, el narrador del acto anunci\u00f3 al numeroso p\u00fablico asistente que el homenaje a los Ca\u00eddos por Espa\u00f1a, se hab\u00eda realizado en esta ocasi\u00f3n recordando de forma especial y en memoria y homenaje al capit\u00e1n <strong>Miguel Esparza Arteche<\/strong>, precisamente t\u00edo bisabuelo de <strong>Jos\u00e9 Manuel Berm\u00fadez Esparza<\/strong>, actual alcalde de Santa Cruz de Tenerife. Al final del acto, la bandera de Espa\u00f1a que hab\u00eda sido solemnemente arriada fue entregada por el general <strong>Luis Cort\u00e9s Delgado<\/strong> al propio alcalde, quien la recibi\u00f3 visiblemente emocionado, honrado y agradecido.<\/li>\n<\/ul>\n<p><img loading=\"lazy\" decoding=\"async\" class=\"size-large wp-image-8104 aligncenter\" src=\"https:\/\/canariasenpositivo.com\/wp-content\/uploads\/2024\/07\/7.-ENTREGA-BANDERA-1024x682.jpeg\" alt=\"\" width=\"660\" height=\"440\" \/><\/p>\n<p style=\"text-align: center\"><em>Jos\u00e9 Manuel Berm\u00fadez Esparza recibe la bandera arriada de manos de Luis Cort\u00e9s<\/em><\/p>\n<p>&nbsp;<\/p>\n<p><span style=\"color: #0000ff\"><strong>JOVEN CAPIT\u00c1N MIGUEL ESPARZA ARTECHE<\/strong><\/span><\/p>\n<ul>\n<li>El joven capit\u00e1n <strong>Miguel Esparza <\/strong>era hermano del bisabuelo de <strong>Jos\u00e9 Manuel Berm\u00fadez<\/strong>, que fue tambi\u00e9n militar y estuvo destinado en Agaete (Gran Canaria) donde conoci\u00f3 y se cas\u00f3 con una \u201ccanariona\u201d. De aquel matrimonio naci\u00f3 la madre de <strong>Jos\u00e9 Manuel Berm\u00fadez<\/strong> (tambi\u00e9n de Agaete) que se cas\u00f3 con un chicharrero que en aquellos momentos resid\u00eda en Gran Canaria, el padre de nuestro alcalde chicharrero. El teniente general <strong>Julio Salom Herrera<\/strong>, jefe del Mando de Canarias, se enter\u00f3 de todo esto de charla con el alcalde y, detallista como \u00e9l solo, quiso tener el gesto de recuerdo y homenaje que, finalmente, se hizo en el Arriado de Bandera y que, por estar el Capit\u00e1n General fuera de la isla, fue presidido por <strong>Luis Cort\u00e9s Delgado<\/strong>, jefe del Estado Mayor. Apuntar que, en el momento de su fallecimiento, el recordado <strong>Miguel Esparza<\/strong>, estaba sirviendo en el Kert, uno de los cinco territorios en que se dividi\u00f3 el Protectorado Espa\u00f1ol de Marruecos\u00a0en 1935 y perdur\u00f3 hasta su independencia, en 1956. El capit\u00e1n <strong>Esparza<\/strong> estaba destinado en la 6\u00aa M\u00eda y procede explicar que las \u201cm\u00edas\u201d eran, durante el protectorado, una unidad regular ind\u00edgena compuesta de unos 100 hombres m\u00e1s o menos. Sol\u00edan ser de infanter\u00eda o de caballer\u00eda. Hoy en d\u00eda, ser\u00eda un t\u00e9rmino equivalente al actual de \u00abCompa\u00f1\u00eda\u00bb.<\/li>\n<\/ul>\n<p><img loading=\"lazy\" decoding=\"async\" class=\"size-full wp-image-8105 aligncenter\" src=\"https:\/\/canariasenpositivo.com\/wp-content\/uploads\/2024\/07\/8.-OFRENDA-FLORAL.jpg\" alt=\"\" width=\"993\" height=\"793\" \/><\/p>\n<p style=\"text-align: center\"><em>Momento en el que el alcalde Jos\u00e9 Manuel Berm\u00fadez, el general Luis Cort\u00e9s Delgado (c) y la presidenta del Parlamento de Canarias, Astrid P\u00e9rez Batista, depositan una corona de laurel en el monolito de homenaje a los ca\u00eddos por Espa\u00f1a.<\/em><\/p>\n<p>&nbsp;<\/p>\n<p><span style=\"color: #0000ff\"><strong>ESQUELA Y CR\u00d3NICA DE UNA AGRESI\u00d3N Y EMBOSCADA<\/strong><\/span><\/p>\n<ul>\n<li>La esquela (con cr\u00f3nica incluida) dec\u00eda textualmente: <em>\u201cAyer ma\u00f1ana salieron de la posici\u00f3n de Dar Busuaarla (Metalza) el comandante de Estado Mayor don <strong>Jos\u00e9 Segu\u00ed<\/strong>, jefe del sector del Kert y el capit\u00e1n de la 6\u00ba Compa\u00f1\u00eda don <strong>Miguel Esparza<\/strong>, con objeto de revistar el servicio avanzado que all\u00ed presta la Polic\u00eda Ind\u00edgena. Transcurrida media hora, al adelantarse en un repliegue del terreno inmediato, el citado capit\u00e1n, sufr\u00eda una descarga que le hiri\u00f3 mortalmente. Los villanos agresores huyeron, sin que fuera posible darles alcance. El cad\u00e1ver de don <strong>Miguel Esparza<\/strong> fue trasladado a la posici\u00f3n y ayer a las siete de la tarde conducido al cementerio de Melilla, donde recibir\u00e1 sepultura a las doce de la ma\u00f1ana de hoy. Dar Busuaarla es el m\u00e1s avanzado de los puestos que \u00faltimamente se ocuparon en Metalza. Profunda pena e impresi\u00f3n produjo el triste suceso, por tratarse de un militar merit\u00edsimo, de extraordinario valor, muy querido por su jefes y compa\u00f1eros. Era uno de los m\u00e1s brillantes capitanes de compa\u00f1\u00eda. Entusiasta y culto, que se distingui\u00f3 siempre obteniendo grados y honores por m\u00e9ritos de guerra. <strong>Miguel Esparza<\/strong> contaba 28 a\u00f1os de edad. Dios habr\u00e1 acogido en su seno el alma del infortunado oficial. Reciba su distinguida familia nuestro m\u00e1s sentido p\u00e9same\u201d<\/em>. Termino la rese\u00f1a inform\u00e1ndoles de que los restos mortales del capit\u00e1n <strong>Miguel Esparza Arteche<\/strong> reposan en el Pante\u00f3n de H\u00e9roes del cementerio de Melilla.<\/li>\n<\/ul>\n<p><img loading=\"lazy\" decoding=\"async\" class=\"size-large wp-image-8106 aligncenter\" src=\"https:\/\/canariasenpositivo.com\/wp-content\/uploads\/2024\/07\/9.-MIGUEL-ESPARZA-640x1024.jpeg\" alt=\"\" width=\"640\" height=\"1024\" \/><\/p>\n<p style=\"text-align: center\"><em>Nota necrol\u00f3gica con cr\u00f3nica publicada en su momento en el peri\u00f3dico de Melilla.<\/em><\/p>\n<p>&nbsp;<\/p>\n<p><strong><span style=\"color: #0000ff\">JOS\u00c9 ARTURO NAVARRO Y \u201cSU\u201d VIRGEN DEL CARMEN<\/span> <\/strong><\/p>\n<ul>\n<li>Remato la faena de hoy, casi como la comenc\u00e9. O sea, tributando un homenaje de reconocimiento, afecto y agradecimiento a otro respetable \u201cjoven\u201d de 87 a\u00f1os llamado <strong>Jos\u00e9 Arturo Navarro Ria\u00f1o<\/strong> (Santa Cruz de Tenerife, 1937). El bueno de <strong>Jos\u00e9 Arturo Navarro<\/strong> es licenciado en Qu\u00edmicas por la Universidad de La Laguna, imparti\u00f3 clases en el colegio La Salle-San Ildefonso y est\u00e1 diplomado en Her\u00e1ldica, Nobiliario y Genealog\u00eda por el Instituto Salazar y Castro. Desempe\u00f1\u00f3 las jefaturas de protocolo del Ayuntamiento de Santa Cruz y del Parlamento de Canarias, siendo para todos el \u201cmaestro\u201d de todas las jefas y jefes de protocolo (de los verdaderos) que trabajan profesionalmente en Tenerife y Canarias. Como cada a\u00f1o, <strong>Jos\u00e9 Arturo Navarro<\/strong> no falt\u00f3 a la tradicional procesi\u00f3n y embarque, en el puerto de Santa Cruz de Tenerife, de la imagen de <strong> Sra. la Virgen del Carmen<\/strong>, Patrona de los pescadores y toda la gente del mar. Una vez m\u00e1s, <strong>Jos\u00e9 Arturo Navarro<\/strong> (yo dir\u00eda que \u201calma p\u00e1ter\u201d de la santacrucera Hermandad de Ntra. Sra. del Carmen) brill\u00f3 en su papel de maestro de ceremonia en la procesi\u00f3n. Como he dicho una y mil veces, como perdamos las tradiciones, apaga y v\u00e1monos. Y <strong>Jos\u00e9 Arturo<\/strong> no le fall\u00f3 a \u201csu\u201d <strong>Virgen del Carmen<\/strong> (\u00e9l no lo dice, pero yo creo que lo podr\u00eda decir con todo el derecho del mundo) Muchas gracias, <strong>Jos\u00e9 Arturo<\/strong>, y larga vida con salud.<\/li>\n<\/ul>\n<p><img loading=\"lazy\" decoding=\"async\" class=\"size-large wp-image-8107 aligncenter\" src=\"https:\/\/canariasenpositivo.com\/wp-content\/uploads\/2024\/07\/10.-JOSE-ARTURO-1024x576.jpeg\" alt=\"\" width=\"660\" height=\"371\" \/><\/p>\n<p style=\"text-align: center\"><em>Jos\u00e9 Arturo Navarro Ria\u00f1o, maestro, ejemplo y excelente persona. Genio y figura<\/em><\/p>\n<p>&nbsp;<\/p>\n<p><strong>* Jos\u00e9 Carlos MARRERO GONZ\u00c1LEZ<\/strong><\/p>\n<p>Periodista y analista de la actualidad.<\/p>\n<p>Director de <strong><em>El Cotarro<\/em><\/strong> (www.elcotarro.com)<\/p>\n<p>Director de <strong><em>Canarias en Positivo<\/em><\/strong> (www.canariasenpositivo.com)<\/p>\n<p>Director de <strong><em>GastroCanarias<\/em><\/strong> (www.gastrocanarias.com)<\/p>\n<p>&nbsp;<\/p>\n<p><em>info@elcotarro.com<\/em><\/p>\n<p>&nbsp;<\/p>\n<p>Islas Canarias, 21 de julio de 2024.<\/p>\n<p><img loading=\"lazy\" decoding=\"async\" class=\"size-full wp-image-6683 aligncenter\" src=\"https:\/\/canariasenpositivo.com\/wp-content\/uploads\/2023\/09\/A-CARECA-INSULA.jpg\" alt=\"\" width=\"750\" height=\"153\" \/><\/p>\n","protected":false},"excerpt":{"rendered":"<p>N\u00ba515 DEL 21 DE JULIO DE 2024 &nbsp; \u00a0 Por Jos\u00e9 Carlos Marrero * &nbsp; &nbsp; DOS AMIGOS, DOS CASOS DE \u00c9XITO\u2026, Y DOS IMPERIOS Hoy comienzo El Cotarro dominical con un especial reconocimiento, no a uno, sino a \u201cdos de los nuestros\u201d, dos personas que me honran como amigos y que podemos calificar como &#8230; <a class=\"read-more\" href=\"https:\/\/elcotarro.com\/?p=10883\">Read more<\/a><\/p>\n","protected":false},"author":2,"featured_media":0,"comment_status":"open","ping_status":"open","sticky":false,"template":"","format":"standard","meta":{"_jetpack_memberships_contains_paid_content":false,"footnotes":""},"categories":[4],"tags":[],"class_list":["post-10883","post","type-post","status-publish","format-standard","hentry","category-el-cotarro"],"yoast_head":"<!-- This site is optimized with the Yoast SEO plugin v27.0 - https:\/\/yoast.com\/product\/yoast-seo-wordpress\/ -->\n<title>EL COTARRO \/ 515, DEL DOMINGO, 21\/07\/2024 - El Cotarro<\/title>\n<meta name=\"robots\" content=\"index, follow, max-snippet:-1, max-image-preview:large, max-video-preview:-1\" \/>\n<link rel=\"canonical\" href=\"https:\/\/elcotarro.com\/?p=10883\" \/>\n<meta property=\"og:locale\" content=\"es_ES\" \/>\n<meta property=\"og:type\" content=\"article\" \/>\n<meta property=\"og:title\" content=\"EL COTARRO \/ 515, DEL DOMINGO, 21\/07\/2024 - El Cotarro\" \/>\n<meta property=\"og:description\" content=\"N\u00ba515 DEL 21 DE JULIO DE 2024 &nbsp; \u00a0 Por Jos\u00e9 Carlos Marrero * &nbsp; &nbsp; DOS AMIGOS, DOS CASOS DE \u00c9XITO\u2026, Y DOS IMPERIOS Hoy comienzo El Cotarro dominical con un especial reconocimiento, no a uno, sino a \u201cdos de los nuestros\u201d, dos personas que me honran como amigos y que podemos calificar como ... Read more\" \/>\n<meta property=\"og:url\" content=\"https:\/\/elcotarro.com\/?p=10883\" \/>\n<meta property=\"og:site_name\" content=\"El Cotarro\" \/>\n<meta property=\"article:publisher\" content=\"https:\/\/www.facebook.com\/ElCotarro.Tenerife\" \/>\n<meta property=\"article:published_time\" content=\"2024-07-20T23:11:52+00:00\" \/>\n<meta property=\"article:modified_time\" content=\"2024-07-21T10:24:56+00:00\" \/>\n<meta property=\"og:image\" content=\"https:\/\/canariasenpositivo.com\/wp-content\/uploads\/2024\/04\/EL-COTARRO-CABECERA-1024x122.jpg\" \/>\n<meta name=\"author\" content=\"Jos\u00e9 Carlos Marrero Gonz\u00e1lez\" \/>\n<meta name=\"twitter:label1\" content=\"Escrito por\" \/>\n\t<meta name=\"twitter:data1\" content=\"Jos\u00e9 Carlos Marrero Gonz\u00e1lez\" \/>\n\t<meta name=\"twitter:label2\" content=\"Tiempo de lectura\" \/>\n\t<meta name=\"twitter:data2\" content=\"14 minutos\" \/>\n<script type=\"application\/ld+json\" class=\"yoast-schema-graph\">{\"@context\":\"https:\/\/schema.org\",\"@graph\":[{\"@type\":\"Article\",\"@id\":\"https:\/\/elcotarro.com\/?p=10883#article\",\"isPartOf\":{\"@id\":\"https:\/\/elcotarro.com\/?p=10883\"},\"author\":{\"name\":\"Jos\u00e9 Carlos Marrero Gonz\u00e1lez\",\"@id\":\"https:\/\/elcotarro.com\/#\/schema\/person\/af537ee7d60d15984c7e0affcd8a918b\"},\"headline\":\"EL COTARRO \/ 515, DEL DOMINGO, 21\/07\/2024\",\"datePublished\":\"2024-07-20T23:11:52+00:00\",\"dateModified\":\"2024-07-21T10:24:56+00:00\",\"mainEntityOfPage\":{\"@id\":\"https:\/\/elcotarro.com\/?p=10883\"},\"wordCount\":2709,\"commentCount\":0,\"publisher\":{\"@id\":\"https:\/\/elcotarro.com\/#organization\"},\"image\":{\"@id\":\"https:\/\/elcotarro.com\/?p=10883#primaryimage\"},\"thumbnailUrl\":\"https:\/\/canariasenpositivo.com\/wp-content\/uploads\/2024\/04\/EL-COTARRO-CABECERA-1024x122.jpg\",\"articleSection\":[\"El Cotarro\"],\"inLanguage\":\"es\",\"potentialAction\":[{\"@type\":\"CommentAction\",\"name\":\"Comment\",\"target\":[\"https:\/\/elcotarro.com\/?p=10883#respond\"]}]},{\"@type\":\"WebPage\",\"@id\":\"https:\/\/elcotarro.com\/?p=10883\",\"url\":\"https:\/\/elcotarro.com\/?p=10883\",\"name\":\"EL COTARRO \/ 515, DEL DOMINGO, 21\/07\/2024 - El Cotarro\",\"isPartOf\":{\"@id\":\"https:\/\/elcotarro.com\/#website\"},\"primaryImageOfPage\":{\"@id\":\"https:\/\/elcotarro.com\/?p=10883#primaryimage\"},\"image\":{\"@id\":\"https:\/\/elcotarro.com\/?p=10883#primaryimage\"},\"thumbnailUrl\":\"https:\/\/canariasenpositivo.com\/wp-content\/uploads\/2024\/04\/EL-COTARRO-CABECERA-1024x122.jpg\",\"datePublished\":\"2024-07-20T23:11:52+00:00\",\"dateModified\":\"2024-07-21T10:24:56+00:00\",\"breadcrumb\":{\"@id\":\"https:\/\/elcotarro.com\/?p=10883#breadcrumb\"},\"inLanguage\":\"es\",\"potentialAction\":[{\"@type\":\"ReadAction\",\"target\":[\"https:\/\/elcotarro.com\/?p=10883\"]}]},{\"@type\":\"ImageObject\",\"inLanguage\":\"es\",\"@id\":\"https:\/\/elcotarro.com\/?p=10883#primaryimage\",\"url\":\"https:\/\/canariasenpositivo.com\/wp-content\/uploads\/2024\/04\/EL-COTARRO-CABECERA-1024x122.jpg\",\"contentUrl\":\"https:\/\/canariasenpositivo.com\/wp-content\/uploads\/2024\/04\/EL-COTARRO-CABECERA-1024x122.jpg\"},{\"@type\":\"BreadcrumbList\",\"@id\":\"https:\/\/elcotarro.com\/?p=10883#breadcrumb\",\"itemListElement\":[{\"@type\":\"ListItem\",\"position\":1,\"name\":\"Portada\",\"item\":\"https:\/\/elcotarro.com\/\"},{\"@type\":\"ListItem\",\"position\":2,\"name\":\"EL COTARRO \/ 515, DEL DOMINGO, 21\/07\/2024\"}]},{\"@type\":\"WebSite\",\"@id\":\"https:\/\/elcotarro.com\/#website\",\"url\":\"https:\/\/elcotarro.com\/\",\"name\":\"El Cotarro\",\"description\":\"Peri\u00f3dico Digital Independiente dirigido por Jos\u00e9 Carlos Marrero\",\"publisher\":{\"@id\":\"https:\/\/elcotarro.com\/#organization\"},\"potentialAction\":[{\"@type\":\"SearchAction\",\"target\":{\"@type\":\"EntryPoint\",\"urlTemplate\":\"https:\/\/elcotarro.com\/?s={search_term_string}\"},\"query-input\":{\"@type\":\"PropertyValueSpecification\",\"valueRequired\":true,\"valueName\":\"search_term_string\"}}],\"inLanguage\":\"es\"},{\"@type\":\"Organization\",\"@id\":\"https:\/\/elcotarro.com\/#organization\",\"name\":\"El Cotarro\",\"url\":\"https:\/\/elcotarro.com\/\",\"logo\":{\"@type\":\"ImageObject\",\"inLanguage\":\"es\",\"@id\":\"https:\/\/elcotarro.com\/#\/schema\/logo\/image\/\",\"url\":\"https:\/\/elcotarro.com\/wp-content\/uploads\/2014\/09\/Cabecera_El_Cotarro_v2.jpg\",\"contentUrl\":\"https:\/\/elcotarro.com\/wp-content\/uploads\/2014\/09\/Cabecera_El_Cotarro_v2.jpg\",\"width\":3540,\"height\":441,\"caption\":\"El Cotarro\"},\"image\":{\"@id\":\"https:\/\/elcotarro.com\/#\/schema\/logo\/image\/\"},\"sameAs\":[\"https:\/\/www.facebook.com\/ElCotarro.Tenerife\"]},{\"@type\":\"Person\",\"@id\":\"https:\/\/elcotarro.com\/#\/schema\/person\/af537ee7d60d15984c7e0affcd8a918b\",\"name\":\"Jos\u00e9 Carlos Marrero Gonz\u00e1lez\",\"image\":{\"@type\":\"ImageObject\",\"inLanguage\":\"es\",\"@id\":\"https:\/\/elcotarro.com\/#\/schema\/person\/image\/\",\"url\":\"https:\/\/secure.gravatar.com\/avatar\/def4da036efb5d32c74d49c351f6dccc064dd69ad9f3aadc295c5a9a5391ca01?s=96&d=mm&r=g\",\"contentUrl\":\"https:\/\/secure.gravatar.com\/avatar\/def4da036efb5d32c74d49c351f6dccc064dd69ad9f3aadc295c5a9a5391ca01?s=96&d=mm&r=g\",\"caption\":\"Jos\u00e9 Carlos Marrero Gonz\u00e1lez\"},\"sameAs\":[\"https:\/\/elcotarro.com\"],\"url\":\"https:\/\/elcotarro.com\/?author=2\"}]}<\/script>\n<!-- \/ Yoast SEO plugin. -->","yoast_head_json":{"title":"EL COTARRO \/ 515, DEL DOMINGO, 21\/07\/2024 - El Cotarro","robots":{"index":"index","follow":"follow","max-snippet":"max-snippet:-1","max-image-preview":"max-image-preview:large","max-video-preview":"max-video-preview:-1"},"canonical":"https:\/\/elcotarro.com\/?p=10883","og_locale":"es_ES","og_type":"article","og_title":"EL COTARRO \/ 515, DEL DOMINGO, 21\/07\/2024 - El Cotarro","og_description":"N\u00ba515 DEL 21 DE JULIO DE 2024 &nbsp; \u00a0 Por Jos\u00e9 Carlos Marrero * &nbsp; &nbsp; DOS AMIGOS, DOS CASOS DE \u00c9XITO\u2026, Y DOS IMPERIOS Hoy comienzo El Cotarro dominical con un especial reconocimiento, no a uno, sino a \u201cdos de los nuestros\u201d, dos personas que me honran como amigos y que podemos calificar como ... Read more","og_url":"https:\/\/elcotarro.com\/?p=10883","og_site_name":"El Cotarro","article_publisher":"https:\/\/www.facebook.com\/ElCotarro.Tenerife","article_published_time":"2024-07-20T23:11:52+00:00","article_modified_time":"2024-07-21T10:24:56+00:00","og_image":[{"url":"https:\/\/canariasenpositivo.com\/wp-content\/uploads\/2024\/04\/EL-COTARRO-CABECERA-1024x122.jpg","type":"","width":"","height":""}],"author":"Jos\u00e9 Carlos Marrero Gonz\u00e1lez","twitter_misc":{"Escrito por":"Jos\u00e9 Carlos Marrero Gonz\u00e1lez","Tiempo de lectura":"14 minutos"},"schema":{"@context":"https:\/\/schema.org","@graph":[{"@type":"Article","@id":"https:\/\/elcotarro.com\/?p=10883#article","isPartOf":{"@id":"https:\/\/elcotarro.com\/?p=10883"},"author":{"name":"Jos\u00e9 Carlos Marrero Gonz\u00e1lez","@id":"https:\/\/elcotarro.com\/#\/schema\/person\/af537ee7d60d15984c7e0affcd8a918b"},"headline":"EL COTARRO \/ 515, DEL DOMINGO, 21\/07\/2024","datePublished":"2024-07-20T23:11:52+00:00","dateModified":"2024-07-21T10:24:56+00:00","mainEntityOfPage":{"@id":"https:\/\/elcotarro.com\/?p=10883"},"wordCount":2709,"commentCount":0,"publisher":{"@id":"https:\/\/elcotarro.com\/#organization"},"image":{"@id":"https:\/\/elcotarro.com\/?p=10883#primaryimage"},"thumbnailUrl":"https:\/\/canariasenpositivo.com\/wp-content\/uploads\/2024\/04\/EL-COTARRO-CABECERA-1024x122.jpg","articleSection":["El Cotarro"],"inLanguage":"es","potentialAction":[{"@type":"CommentAction","name":"Comment","target":["https:\/\/elcotarro.com\/?p=10883#respond"]}]},{"@type":"WebPage","@id":"https:\/\/elcotarro.com\/?p=10883","url":"https:\/\/elcotarro.com\/?p=10883","name":"EL COTARRO \/ 515, DEL DOMINGO, 21\/07\/2024 - El Cotarro","isPartOf":{"@id":"https:\/\/elcotarro.com\/#website"},"primaryImageOfPage":{"@id":"https:\/\/elcotarro.com\/?p=10883#primaryimage"},"image":{"@id":"https:\/\/elcotarro.com\/?p=10883#primaryimage"},"thumbnailUrl":"https:\/\/canariasenpositivo.com\/wp-content\/uploads\/2024\/04\/EL-COTARRO-CABECERA-1024x122.jpg","datePublished":"2024-07-20T23:11:52+00:00","dateModified":"2024-07-21T10:24:56+00:00","breadcrumb":{"@id":"https:\/\/elcotarro.com\/?p=10883#breadcrumb"},"inLanguage":"es","potentialAction":[{"@type":"ReadAction","target":["https:\/\/elcotarro.com\/?p=10883"]}]},{"@type":"ImageObject","inLanguage":"es","@id":"https:\/\/elcotarro.com\/?p=10883#primaryimage","url":"https:\/\/canariasenpositivo.com\/wp-content\/uploads\/2024\/04\/EL-COTARRO-CABECERA-1024x122.jpg","contentUrl":"https:\/\/canariasenpositivo.com\/wp-content\/uploads\/2024\/04\/EL-COTARRO-CABECERA-1024x122.jpg"},{"@type":"BreadcrumbList","@id":"https:\/\/elcotarro.com\/?p=10883#breadcrumb","itemListElement":[{"@type":"ListItem","position":1,"name":"Portada","item":"https:\/\/elcotarro.com\/"},{"@type":"ListItem","position":2,"name":"EL COTARRO \/ 515, DEL DOMINGO, 21\/07\/2024"}]},{"@type":"WebSite","@id":"https:\/\/elcotarro.com\/#website","url":"https:\/\/elcotarro.com\/","name":"El Cotarro","description":"Peri\u00f3dico Digital Independiente dirigido por Jos\u00e9 Carlos Marrero","publisher":{"@id":"https:\/\/elcotarro.com\/#organization"},"potentialAction":[{"@type":"SearchAction","target":{"@type":"EntryPoint","urlTemplate":"https:\/\/elcotarro.com\/?s={search_term_string}"},"query-input":{"@type":"PropertyValueSpecification","valueRequired":true,"valueName":"search_term_string"}}],"inLanguage":"es"},{"@type":"Organization","@id":"https:\/\/elcotarro.com\/#organization","name":"El Cotarro","url":"https:\/\/elcotarro.com\/","logo":{"@type":"ImageObject","inLanguage":"es","@id":"https:\/\/elcotarro.com\/#\/schema\/logo\/image\/","url":"https:\/\/elcotarro.com\/wp-content\/uploads\/2014\/09\/Cabecera_El_Cotarro_v2.jpg","contentUrl":"https:\/\/elcotarro.com\/wp-content\/uploads\/2014\/09\/Cabecera_El_Cotarro_v2.jpg","width":3540,"height":441,"caption":"El Cotarro"},"image":{"@id":"https:\/\/elcotarro.com\/#\/schema\/logo\/image\/"},"sameAs":["https:\/\/www.facebook.com\/ElCotarro.Tenerife"]},{"@type":"Person","@id":"https:\/\/elcotarro.com\/#\/schema\/person\/af537ee7d60d15984c7e0affcd8a918b","name":"Jos\u00e9 Carlos Marrero Gonz\u00e1lez","image":{"@type":"ImageObject","inLanguage":"es","@id":"https:\/\/elcotarro.com\/#\/schema\/person\/image\/","url":"https:\/\/secure.gravatar.com\/avatar\/def4da036efb5d32c74d49c351f6dccc064dd69ad9f3aadc295c5a9a5391ca01?s=96&d=mm&r=g","contentUrl":"https:\/\/secure.gravatar.com\/avatar\/def4da036efb5d32c74d49c351f6dccc064dd69ad9f3aadc295c5a9a5391ca01?s=96&d=mm&r=g","caption":"Jos\u00e9 Carlos Marrero Gonz\u00e1lez"},"sameAs":["https:\/\/elcotarro.com"],"url":"https:\/\/elcotarro.com\/?author=2"}]}},"jetpack_featured_media_url":"","jetpack_sharing_enabled":true,"_links":{"self":[{"href":"https:\/\/elcotarro.com\/index.php?rest_route=\/wp\/v2\/posts\/10883","targetHints":{"allow":["GET"]}}],"collection":[{"href":"https:\/\/elcotarro.com\/index.php?rest_route=\/wp\/v2\/posts"}],"about":[{"href":"https:\/\/elcotarro.com\/index.php?rest_route=\/wp\/v2\/types\/post"}],"author":[{"embeddable":true,"href":"https:\/\/elcotarro.com\/index.php?rest_route=\/wp\/v2\/users\/2"}],"replies":[{"embeddable":true,"href":"https:\/\/elcotarro.com\/index.php?rest_route=%2Fwp%2Fv2%2Fcomments&post=10883"}],"version-history":[{"count":5,"href":"https:\/\/elcotarro.com\/index.php?rest_route=\/wp\/v2\/posts\/10883\/revisions"}],"predecessor-version":[{"id":10889,"href":"https:\/\/elcotarro.com\/index.php?rest_route=\/wp\/v2\/posts\/10883\/revisions\/10889"}],"wp:attachment":[{"href":"https:\/\/elcotarro.com\/index.php?rest_route=%2Fwp%2Fv2%2Fmedia&parent=10883"}],"wp:term":[{"taxonomy":"category","embeddable":true,"href":"https:\/\/elcotarro.com\/index.php?rest_route=%2Fwp%2Fv2%2Fcategories&post=10883"},{"taxonomy":"post_tag","embeddable":true,"href":"https:\/\/elcotarro.com\/index.php?rest_route=%2Fwp%2Fv2%2Ftags&post=10883"}],"curies":[{"name":"wp","href":"https:\/\/api.w.org\/{rel}","templated":true}]}}