{"id":10890,"date":"2024-07-28T01:33:50","date_gmt":"2024-07-28T00:33:50","guid":{"rendered":"https:\/\/elcotarro.com\/?p=10890"},"modified":"2024-07-28T08:25:23","modified_gmt":"2024-07-28T07:25:23","slug":"el-cotarro-516-del-domingo-28-07-2024","status":"publish","type":"post","link":"https:\/\/elcotarro.com\/?p=10890","title":{"rendered":"EL COTARRO \/ 516, DEL DOMINGO, 28\/07\/2024"},"content":{"rendered":"<p><strong><img loading=\"lazy\" decoding=\"async\" class=\"size-large wp-image-7639 aligncenter\" src=\"https:\/\/canariasenpositivo.com\/wp-content\/uploads\/2024\/04\/EL-COTARRO-CABECERA-1024x122.jpg\" alt=\"\" width=\"660\" height=\"79\" \/><\/strong><\/p>\n<p style=\"text-align: center\"><span style=\"color: #ff0000\"><strong>N\u00ba516 DEL 28 DE JULIO DE 2024<\/strong><\/span><\/p>\n<p>&nbsp;<\/p>\n<p><em>\u00a0<\/em><\/p>\n<p><span style=\"color: #0000ff\"><em>Por <strong>Jos\u00e9 Carlos Marrero *<\/strong><\/em><\/span><\/p>\n<p>&nbsp;<\/p>\n<p>&nbsp;<\/p>\n<p><span style=\"color: #0000ff\"><strong>POPURR\u00cd DE COMENTARIOS ANTES DE VACACIONES<\/strong><\/span><\/p>\n<ul>\n<li>Aunque <strong><em>El Cotarro<\/em><\/strong> no coge vacaciones desde hace casi diez a\u00f1os, terminamos el presente mes de julio y vamos a entrar en el mes de agosto, vacacional por antonomasia. Tenemos mucho trabajo acumulado y nos faltan domingos para comentarles toda la informaci\u00f3n, chismes y cuitas que tenemos en cartera. Si me lo permiten, en este \u00faltimo domingo de julio voy a dejarles con popurr\u00ed de temas que en pr\u00f3ximos domingos les comentar\u00e9 con m\u00e1s detenimiento. Si creo justo reconocer los movimientos de todo tipo que el presidente canario, <strong>Fernando Clavijo Batlle<\/strong>, est\u00e1 desarrollando a diestro y siniestro para intentar paliar la tr\u00e1gica realidad de la inmigraci\u00f3n y, m\u00e1s concretamente, la impresentable y vergonzosa problem\u00e1tica de los menores no acompa\u00f1ados. En medio de esta cruda y triste realidad aflora la hipocres\u00eda y el cinismo de todos los partidos pol\u00edticos, desde la ultra izquierda a la ultra derecha, y de, pr\u00e1cticamente, todas las autonom\u00edas de nuestro, supuestamente, humanista y solidario pa\u00eds. La vi\u00f1eta de mi admirado <strong>Padylla<\/strong> de hace unos d\u00edas en el peri\u00f3dico La Provincia y que se ha hecho viral en las principales redes sociales lo dice todo.<\/li>\n<\/ul>\n<p><img loading=\"lazy\" decoding=\"async\" class=\"size-large wp-image-8135 aligncenter\" src=\"https:\/\/canariasenpositivo.com\/wp-content\/uploads\/2024\/07\/1.-CLAVIJO-1024x696.jpg\" alt=\"\" width=\"660\" height=\"449\" \/><\/p>\n<p style=\"text-align: center\"><em>Por la izquierda el PSOE y otros, que no negocian; y por la derecha el PP y otros. En medio, Fernando Clavijo, un \u201cpresidente espa\u00f1ol no acompa\u00f1ado\u201d (P.E.N.A.)<\/em><\/p>\n<p>&nbsp;<\/p>\n<p><span style=\"color: #0000ff\"><strong>LA CRUDA REALIDAD DE MENORES NO ACOMPA\u00d1ADOS<\/strong><\/span><\/p>\n<ul>\n<li>Reitero que nuestro actual presidente auton\u00f3mico, <strong>Fernando Clavijo<\/strong> (CC), creo que est\u00e1 sabiendo transmitir la cruda realidad y la problem\u00e1tica emergencia que vivimos en Canarias con la realidad de la inmigraci\u00f3n y, m\u00e1s concretamente, con los menores no acompa\u00f1ados. Para ser justo y honesto, el exvicepresidente canario y hoy ministro <strong>Angel V\u00edctor Torres<\/strong> (PSOE) tambi\u00e9n ha colaborado en ello a veces, porque el problema lo ha vivido y sufrido en sus propias carnes. El tercero en discordia <strong>Manuel Dom\u00ednguez<\/strong> (PP) actual vicepresidente del Gobierno canario, hace lo que puede porque, en m\u00e1s de una ocasi\u00f3n est\u00e1 entre la espada y la pared (El Gobierno, que vicepreside, y su partido, el PP), y a veces parece que con una <em>\u201cespada de <strong>Damocles<\/strong>\u201d<\/em> No quiero meter en la siguiente reflexi\u00f3n a las queridas ciudades aut\u00f3nomas de Ceuta y Melilla, que ya tienen suficiente con toda la problem\u00e1tica que tienen. Pero si les comento que, no s\u00e9 si ustedes han caido en la cuenta de que, de las 17 comunidades aut\u00f3nomas que conforman actualmente este pa\u00eds llamado Espa\u00f1a, solo 7 de ellas no lindan con el mar. Son, por orden alfab\u00e9tico: Arag\u00f3n, Castilla-La Mancha, Castilla y Le\u00f3n, Extremadura, La Rioja, Madrid y Navarra.<\/li>\n<\/ul>\n<p><img loading=\"lazy\" decoding=\"async\" class=\"size-full wp-image-8136 aligncenter\" src=\"https:\/\/canariasenpositivo.com\/wp-content\/uploads\/2024\/07\/2.-MAPA-DE-ESPANA.gif\" alt=\"\" width=\"500\" height=\"386\" \/><\/p>\n<p style=\"text-align: center\"><em>El reparto humanitario y solidario de los menores no acompa\u00f1ados, tan demandado justamente por Canarias, brilla por su ausencia.<\/em><\/p>\n<p>&nbsp;<\/p>\n<p><span style=\"color: #0000ff\"><strong>SI TUVIERAN <\/strong><strong>COSTA Y LES<\/strong> <strong>LLEGARAN <\/strong><strong>CAYUCOS A ELLOS<\/strong><\/span><\/p>\n<ul>\n<li>Las autonom\u00edas anteriormente nombradas no tienen costa y, por tanto, no tienen espacio donde puedan llegar pateras o cayucos. Pero las otras 9 restantes (quitando la nuestra) todas tienen litoral costero. Supongamos ahora que tuvieramos no solo cayucos flotantes, sino pateras voladoras\u2026 \u00bfQu\u00e9 pasar\u00eda si cientos de pateras y cayucos Arribaran o \u201caterrizaran\u201d a las costas o espacios de todas esas comunidades, llevando a bordo a los 4.000 menores que exceden del n\u00famero que en justicia y solidariamente le corresponde acoger a Canarias? <strong>Fernando Clavijo<\/strong> lo ha explicado al PSOE de <strong>Pedro S\u00e1nchez<\/strong>, al PP de <strong>N\u00fa\u00f1ez Feij\u00f3o<\/strong> y no s\u00e9 si hasta los de Sumar de <strong>Yolanda D\u00edaz<\/strong>, pero repito que la ceguera y el interesado egoismo, unido a la insolidaridad, junto con la hipocres\u00eda y el cinismo, hacen que Canarias siga \u201ctragando\u201d aunque, al mismo tiempo, dando un ejemplo que ni reconocen. El caso de Catalu\u00f1a y Esquerra Republicana de Catalunya, con <strong>Pere Aragon\u00e8s<\/strong> al frente de la Generalitat y <strong>Miriam Nogueras<\/strong> en el Congreso de los Diputados, as\u00ed como los de Junts de <strong>Carles Puigdemont<\/strong> es ya \u201cde collons\u201d (con perd\u00f3n)<\/li>\n<\/ul>\n<p><img loading=\"lazy\" decoding=\"async\" class=\"size-large wp-image-8137 aligncenter\" src=\"https:\/\/canariasenpositivo.com\/wp-content\/uploads\/2024\/07\/3.-ERC-Y-JUNTS-1024x576.jpeg\" alt=\"\" width=\"660\" height=\"371\" \/><\/p>\n<p style=\"text-align: center\"><em>Tanto a Pere Aragon\u00e8s (i) de ERC, como a Laura Borr\u00e1s, de Junts, los inmigrantes de \u201cEspa\u00f1a\u201d les resbala. Ellos a lo solo suyo y al resto que nos den. Te los regalo a los dos.<\/em><\/p>\n<p>&nbsp;<\/p>\n<p><span style=\"color: #0000ff\"><strong>SI SE UNIERAN EN MADRID LOS DIPUTADOS CANARIOS<\/strong><\/span><\/p>\n<ul>\n<li>Esto que voy a poner ahora es una solemne utop\u00eda, pero, se imaginan ustedes que 14 de los 15 diputadas y diputados canarios que tenemos en el Congreso de los Diputados, o sea: los 6 del PSOE, los 6 del PP, <strong>Cristina Valido<\/strong> (CC), <strong>Noem\u00ed Santana<\/strong> (Podemos) y hasta me olvido del 15\u00ba, <strong>Andr\u00e9s Rodr\u00edguez Almeida<\/strong> (VOX), se unieran y plantaran diciendo que no se mueve nada, ni se aprueba nada, hasta que se modifique la Ley de Extranjer\u00eda y se consiga un reparto justo y equitativo de los menores inmigrantes no acompa\u00f1ados. D\u00edganme que soy un ut\u00f3pico y hasta un iluso, pero\u2026 \u00bfQu\u00e9 pasar\u00eda?&#8230; O si se unieran y dijeran, (juntos, pero no revueltos) que, si Catalu\u00f1a quiere una \u201cfinanciaci\u00f3n singular\u201d, nosotros los canarios somos \u201cm\u00e1s singulares que ellos\u201d y, adem\u00e1s, m\u00e1s alejados y fragmentados. El Grupo Parlamentario Republicano (ERC) tiene 7 diputados en el Congreso, el Grupo Vasco (PNV) tiene 5 diputados, el de EH Bildu tiene otros 5\u2026 \u00a0Una vez m\u00e1s pienso y me veo obligado a cuestionar\u2026 \u00bfQu\u00e9 nos podr\u00eda pasar y hasta cu\u00e1ntas y qu\u00e9 cosas podr\u00edamos conseguir para nuestra tierra, si volvi\u00e9ramos a tener un Grupo Parlamentario Canario (propio) en el Congreso de los Diputados? Temblar\u00eda <strong>S\u00e1nchez<\/strong>, <strong>N\u00fa\u00f1ez Feij\u00f3o<\/strong> y hasta el perrito de San Roque. Pero no caer\u00e1 esa breva.<\/li>\n<\/ul>\n<p><img loading=\"lazy\" decoding=\"async\" class=\"size-large wp-image-8138 aligncenter\" src=\"https:\/\/canariasenpositivo.com\/wp-content\/uploads\/2024\/07\/4.-PADRE-ANGEL-1024x711.jpeg\" alt=\"\" width=\"660\" height=\"458\" \/><\/p>\n<p style=\"text-align: center\"><em>Fernando Clavijo (d) se ha reunido hasta con el Padre \u00c1ngel (mensajeros de la Paz) para informarle y compartir con \u00e9l la realidad de la inmigraci\u00f3n y los menores no acompa\u00f1ados.<\/em><\/p>\n<p>&nbsp;<\/p>\n<p><span style=\"color: #0000ff\"><strong>LA FELICIDAD NO SE CONSIGUE <\/strong><strong>SI NO<\/strong><strong> HAY CONVIVENCIA<\/strong><\/span><\/p>\n<ul>\n<li>Es tan cierto que la felicidad plena casi nunca se llega a conseguir, como que gran parte de esa felicidad que se busca se consigue si una persona tiene la suerte o la dicha de convivir en paz consigo mismo y con la comunidad en la que se desarrolla y con la que comparte la vida. Una de las mujeres m\u00e1s tenaces y m\u00e1s fuertes en la Casa Blanca, <strong>Eleanor Roosevelt<\/strong>, nieta del presidente <strong>Theodore Roosevelt<\/strong> y esposa del tambi\u00e9n presidente <strong>Franklin D. Roosevelt<\/strong>,\u00a0dijo una vez que <em>\u201cTenemos que afrontar el hecho de que o vamos a morir\u00a0juntos o vamos a aprender a vivir\u00a0juntos. Y si vivimos juntos, tenemos que hablar.\u201d<\/em> En La Laguna, al concejal de Vox, <strong>Manuel Alejandro Rodr\u00edguez Pardo<\/strong> le han quitado la presidencia de la Comisi\u00f3n Ciudadana de Convivencia por sus (para m\u00ed y creo que para todos) desacertadas opiniones en torno a los menores emigrantes no acompa\u00f1ados (MENAs). Tras unos meses presidi\u00e9ndola (y cobrando unos 3.000 euros al mes por ello) <strong>Manuel Rodr\u00edguez Pardo<\/strong> deja la Comisi\u00f3n de Convivencia sin que \u00e9sta se haya constituido en realidad y, por tanto, sin haberse reunido ni una sola vez. Pero ahora, parece que, a cambio, le han dado la presidencia de la comisi\u00f3n de Transparencia y Buen Gobierno, por lo que el hombre seguir\u00e1 cobrando sus 3.000 euritos mensuales. Es, como dir\u00eda <strong>Pepe Moreno<\/strong>, para mear y no echar gota.<\/li>\n<\/ul>\n<p><img loading=\"lazy\" decoding=\"async\" class=\"size-large wp-image-8139 aligncenter\" src=\"https:\/\/canariasenpositivo.com\/wp-content\/uploads\/2024\/07\/5.-MANUEL-RGUEZ.-PARDO-1024x479.jpg\" alt=\"\" width=\"660\" height=\"309\" \/><\/p>\n<p style=\"text-align: center\"><em>No me esperaba yo la radicalidad de Manuel Rodr\u00edguez Pardo (VOX) con el tema de la inmigraci\u00f3n. Sus manifestaciones son incompatibles con la convivencia en paz.<\/em><\/p>\n<p>&nbsp;<\/p>\n<p><span style=\"color: #0000ff\"><strong>SE OLVIDAN DE QUE LA CONVICENCIA ES LO PRIMERO<\/strong><\/span><\/p>\n<ul>\n<li>Como he dicho, creo que lo primero y m\u00e1s importante es la convivencia. Pedro la Ordenanza de Convivencia lagunera, creada de ejemplarmente de forma participativa, nunca ha terminado de aplicarse como Dios manda. La misma se basa en tres principios: \u201cel di\u00e1logo, el arbitraje y la conciliaci\u00f3n\u201d y, para aplicarla hace falta reactivar la mencionada Comisi\u00f3n de Convivencia, que nunca se ha vuelto a constituir desde que se aprob\u00f3 la Ordenanza el a\u00f1o 2016, siendo alcalde <strong>Jos\u00e9 Alberto D\u00edaz Dom\u00ednguez<\/strong> (CC). Ni el propio <strong>Jos\u00e9 Alberto<\/strong>, ni el actual alcalde lagunero, <strong>Luis Yeray Guti\u00e9rrez<\/strong>, con sus respectivos concejales delegados han podido, querido o sabido, reactivar la Comisi\u00f3n de Convivencia y, a trav\u00e9s de ella, aplicar en toda su extensi\u00f3n la tan importante como demandada y necesaria Ordenanza. Han cobrado y cobran por presidirla, pero no existe, no tiene miembros y, por tanto, no puede reunirse. Ahora le han dado la presidencia a la concejala <strong>Eva C\u00f3logan Ruiz Ben\u00edtez de Lugo<\/strong> (PP) quien tiene en sus manos un reto tan apasionante como complicado, pero con el que se puede lucir y hacer mucho y bien. Depender\u00e1 de ella y del mejor o peor hacer del Partido Popular. Veremos qu\u00e9 pasa.<\/li>\n<\/ul>\n<p><img loading=\"lazy\" decoding=\"async\" class=\"size-large wp-image-8140 aligncenter\" src=\"https:\/\/canariasenpositivo.com\/wp-content\/uploads\/2024\/07\/6.-EVA-COLOGAN-RUIZ-1024x565.jpg\" alt=\"\" width=\"660\" height=\"364\" \/><\/p>\n<p style=\"text-align: center\"><em>Eva C\u00f3logan Ruiz Ben\u00edtez de Lugo (PP) responsable de la Comisi\u00f3n de Convivencia<\/em><\/p>\n<p>&nbsp;<\/p>\n<p><span style=\"color: #0000ff\"><strong>NO A LA DE \u2018CONVIVENCIA\u2019<\/strong><strong>, PERO S\u00cd A<\/strong><strong> \u2018MESA DE LA BICI\u2019<\/strong><\/span><\/p>\n<ul>\n<li>Lo que verdaderamente \u201ctiene timbales\u201d es que vayamos camino del 2026, en el que se cumplir\u00e1n diez a\u00f1os de la aprobaci\u00f3n de la Ordenanza de Convivencia lagunera y \u00e9sta siga sin aplicarse en tiempo y forma. Pero tiene \u201ca\u00fan m\u00e1s timbales\u201d que no hayan reactivado la b\u00e1sica y fundamental \u201cComisi\u00f3n de Convivencia\u201d pero, en cambio, si hayan tenido tiempo, decisi\u00f3n y prisa. para constituir la \u201cMesa de la Bici\u201d que coordinar\u00e1 el concejal <strong>Domingo Galv\u00e1n<\/strong> (CC) para, supuestamente, impulsar la movilidad sostenible. No ser\u00e9 yo quien dude ni cuestione que se fomente la vida sana, el deporte y el uso de la bicicleta, pero me permitir\u00e1n que me parezca incomprensible que se pongan de acuerdo, haya dinero y monten una \u201cMesa de la Bici\u201d cuando, reitero una vez m\u00e1s, el equipo de Gobierno del ayuntamiento lagunero, formado actualmente por el PSOE y Coalici\u00f3n Canaria, no hayan sabido, podido o querido montar la Comisi\u00f3n de Convivencia. Felicito a <strong>Domingo Galv\u00e1n<\/strong> (CC) por su \u201cMesa de la Bici\u201d y deseo y espero que a <strong>Eva C\u00f3logan<\/strong> (PP) la dejen y pueda montar la de Convivencia.<\/li>\n<\/ul>\n<p><img loading=\"lazy\" decoding=\"async\" class=\"size-large wp-image-8141 aligncenter\" src=\"https:\/\/canariasenpositivo.com\/wp-content\/uploads\/2024\/07\/7.-MESA-DE-LA-BICI-1024x768.jpeg\" alt=\"\" width=\"660\" height=\"495\" \/><\/p>\n<p style=\"text-align: center\"><em>Domingo Galv\u00e1n (al fondo con camisa azul) y los miembros de la \u201cMesa de la Bici\u201d<\/em><\/p>\n<p>&nbsp;<\/p>\n<p><span style=\"color: #0000ff\"><strong>MA\u00d1ANA CUMPLE 75 A\u00d1OS EL OBISPO\u2026 Y RENUNCIA<\/strong><\/span><\/p>\n<ul>\n<li>Ma\u00f1ana lunes y Dios mediante (y nunca mejor dicho en este caso) nuestro obispo diocesano, Monse\u00f1or <strong>Bernardo \u00c1lvarez Afonso<\/strong>, cumplir\u00e1 75 a\u00f1os de edad y, como marcan las reglas de la Iglesia Cat\u00f3lica, le llegar\u00e1 su tambi\u00e9n merecida jubilaci\u00f3n su Su Santidad, el <strong>Papa Francisco<\/strong>, le acepta la renuncia, que Bernardo \u00c1lvarez (me consta) ha solicitado por carta a <strong>Papa Francisco<\/strong> desde hace ya un tiempito. El palmero <strong>Bernardo \u00c1lvarez<\/strong> (naci\u00f3 en Bre\u00f1a Alta el 29 de julio del a\u00f1o 1949) fue nombrado y lleva siendo Obispo de la Di\u00f3cesis de San Crist\u00f3bal de La Laguna (Di\u00f3cesis Nivariense o Di\u00f3cesis de Tenerife) desde septiembre del a\u00f1o 2005. A partir de ma\u00f1ana (sin o lo ha hecho ya) comenzar\u00e1 todo un ritual que comenzar\u00e1, cuando <strong>Francisco<\/strong> lo estime oportuno, con la aceptaci\u00f3n de la renuncia que <strong>Bernardo<\/strong> ya le ha solicitado. Pero los tiempos en nuestra Iglesia Cat\u00f3lica van a otra velocidad y seguramente el <strong>Papa Francisco<\/strong> no le aceptar\u00e1 la renuncia hasta que pase un tiempito (para no dar la sensaci\u00f3n que estaba esperando a que cumpliera los 75, para cambiarlo de la noche a la ma\u00f1ana). O sea que, <strong>Bernardo<\/strong> <strong>\u00c1lvarez<\/strong> seguir\u00e1 siendo nuestro Obispo con renuncia presentada y ya veremos en septiembre<\/li>\n<\/ul>\n<p><img loading=\"lazy\" decoding=\"async\" class=\"size-full wp-image-8142 aligncenter\" src=\"https:\/\/canariasenpositivo.com\/wp-content\/uploads\/2024\/07\/8.-BERNARDO-ALVAREZ.jpg\" alt=\"\" width=\"976\" height=\"549\" \/><\/p>\n<p style=\"text-align: center\"><em>Bernardo \u00c1lvarez el a\u00f1o 2022 en la tumba de San Pedro, donde celebr\u00f3 la Eucarist\u00eda, en medio de su visita \u201cad l\u00edmina apostolorum\u201d al Papa Francisco.<\/em><\/p>\n<p>&nbsp;<\/p>\n<p><span style=\"color: #0000ff\"><strong>ACEPTACI\u00d3N DE LA RENUNCIA Y ENV\u00cdO DE DOS TERNAS<\/strong><\/span><\/p>\n<ul>\n<li>Todo un meticuloso pero reglado proceso, que lleva en medio varios posibles pasos, se pondr\u00e1 en marcha ma\u00f1ana. Si no estoy mal informado, a partir de este lunes, d\u00eda en que <strong>Bernardo \u00c1lvarez<\/strong> sople las 75 velas de su tarta de cumplea\u00f1os, se dar\u00e1 por presentada oficialmente su carta de renuncia (aunque la haya enviado algunos meses antes). Pero <strong>Bernardo<\/strong> seguir\u00e1 siendo nuestro Obispo como si nada hubiera pasado, hasta que esa carta de renuncia sea oficialmente admitida y oficialmente aceptada su renuncia por parte de <strong>Papa Francisco<\/strong>. Ser\u00e1 el d\u00eda en que le admitan oficialmente dicha renuncia, cuando, simult\u00e1neamente, se conocer\u00e1 el nombramiento de su sucesor y <strong>Bernardo \u00c1lvarez<\/strong> pasar\u00e1 a ser Obispo Em\u00e9rito &#8211; Administrador Apost\u00f3lico, hasta que el nuevo obispo electo tome posesi\u00f3n. Por otro lado, a partir de ma\u00f1ana y en un tiempo razonable, la Santa Sede recibir\u00e1 dos \u201cternas\u201d, cada una de ellas con los nombres de tres posibles personas (sacerdotes no obispos o ya obispos consagrados) que sean adecuados para relevar a <strong>Bernardo \u00c1lvarez<\/strong> en la direcci\u00f3n de nuestra Di\u00f3cesis Nivariense.<\/li>\n<\/ul>\n<p><img loading=\"lazy\" decoding=\"async\" class=\"size-full wp-image-8143 aligncenter\" src=\"https:\/\/canariasenpositivo.com\/wp-content\/uploads\/2024\/07\/9.-BERNARDO-Y-FRANCISCO.jpg\" alt=\"\" width=\"976\" height=\"649\" \/><\/p>\n<p style=\"text-align: center\"><em>El obispo Bernardo \u00c1lvarez (i) saluda al Papa Francisco durante su visita \u201cad l\u00edmina\u201d<\/em><\/p>\n<p>&nbsp;<\/p>\n<p><span style=\"color: #0000ff\"><strong>BERNARDITO SUGERIR\u00c1 QUI\u00c9N RELEVAR\u00c1 A BERNARDO<\/strong><\/span><\/p>\n<ul>\n<li>Una de las ternas, la enviar\u00e1 (si as\u00ed lo desea) el propio obispo saliente, o sea, <strong>Bernardo \u00c1lvarez<\/strong>. La otra, la enviar\u00e1 el actual nuncio apost\u00f3lico de la Santa Sede en Espa\u00f1a y el Principado de Andorra, el arzobispo filipino diplom\u00e1tico de la Santa Sede que, curiosamente, se llama <strong>Bernardito Cleopas Auza<\/strong>. Estas dos posibles ternas llegar\u00e1n a Roma y con ellas trabajar\u00e1 en la Santa Sede la llamada Sagrada Congregaci\u00f3n para los Nombramientos de los Obispos, ente que ser\u00e1 quien, finalmente, pase a Su Santidad el <strong>Papa Francisco<\/strong> la tercera y definitiva terna. De ella saldr\u00e1 el sucesor de <strong>Bernardo \u00c1lvarez<\/strong> y nuevo obispo de Tenerife o Nivariense. Y todo esto no se resolver\u00e1 (creo yo) de ma\u00f1ana para pasado. Por aqu\u00ed comenta mucha gente y hasta se habla de posibles nombres, pero no hay nada cierto. Creo que ahora toca respetar a la persona de <strong>Bernardo \u00c1lvarez<\/strong> y el trabajo por \u00e9l realizado durante su episcopado. Con sus luces y sus sombras, como le sucede a cualquier otra persona y cargo, a cualquiera de ustedes y a m\u00ed mismo. Ya hablar\u00e9 m\u00e1s adelante de <strong>Bernardo \u00c1lvarez<\/strong>, a quien conozco desde hace muchos a\u00f1os y con quien he tenido que relacionarme y colaborar siendo director de COPE Tenerife. Entre tanto, muy feliz 75 cumplea\u00f1os, cu\u00eddese mucho y larga vida con salud.<\/li>\n<\/ul>\n<p><img loading=\"lazy\" decoding=\"async\" class=\"size-full wp-image-8145 aligncenter\" src=\"https:\/\/canariasenpositivo.com\/wp-content\/uploads\/2024\/07\/10.-BERNARDITO-Y-BERNARDO.jpg\" alt=\"\" width=\"461\" height=\"371\" \/><\/p>\n<p style=\"text-align: center\"><em>El nuncio apost\u00f3lico de la Santa Sede en Espa\u00f1a, Bernardito Cleopas Auza (I) junto a nuestro obispo Bernardo \u00c1lvarez,<\/em><\/p>\n<p>&nbsp;<\/p>\n<p><span style=\"color: #0000ff\"><strong>LO QUE NO SE CONOCE DE LA ESCLAVITUD DEL CRISTO<\/strong><\/span><\/p>\n<ul>\n<li>Para muchos de ustedes, la Pontificia, Real y Venerable Esclavitud del Sant\u00edsimo Cristo de la Laguna, que actualmente dirige como Esclavo Mayor <strong>Francisco T\u00fabal Morales<\/strong>, es una asociaci\u00f3n religiosa (la m\u00e1s antigua de Canarias, por cierto) cuyos miembros se limitan a procesionar vestidos de negro cuatro veces al a\u00f1o: dos durante la Semana Santa en la llamada Procesi\u00f3n de Madrugada del Cristo y la Procesi\u00f3n Magna, y otras dos el mes de septiembre: una el d\u00eda 9, en su Procesi\u00f3n del Traslado a la Catedral, y otra en su solemne Procesi\u00f3n del Retorno, del 14 de septiembre a mediod\u00eda (sobre todo en esta \u00faltima, para lucirse y ostentar su condici\u00f3n de esclavos). Pero eso no es del todo cierto, ni much\u00edsimo menos. Los miembros de la Esclavitud del Sant\u00edsimo Cristo de la Laguna desarrollan a lo largo de todo el a\u00f1o unas actividades y acciones sociales y caritativas que coordina el vocal de la Junta de Gobierno <strong>Francisco Doblas Gonz\u00e1lez Aledo<\/strong> (tambi\u00e9n ex Esclavo Mayor). Entre estas actividades, la m\u00e1s conocida es la celebraci\u00f3n, cada mes, del cumplea\u00f1os de los ancianos y ancianas residentes en el Hogar Sant\u00edsimo Cristo (antiguo Asilo de La Laguna) que cumplen a\u00f1os dicho mes.<\/li>\n<\/ul>\n<p style=\"text-align: center\"><img loading=\"lazy\" decoding=\"async\" class=\"size-large wp-image-8146 aligncenter\" src=\"https:\/\/canariasenpositivo.com\/wp-content\/uploads\/2024\/07\/ANCIANOS-EN-MISA-1024x768.jpeg\" alt=\"\" width=\"660\" height=\"495\" \/><em>Las ancianas y ancianos (muchos en sillas de ruedas) acompa\u00f1ados por su asistentes y familiares, asistieron a la misa celebrada en el Real Santuario del Cristo.<\/em><\/p>\n<p>&nbsp;<\/p>\n<p><span style=\"color: #0000ff\"><strong>FIESTA DEL D\u00cdA DE LOS ABUELOS Y ABUELAS DEL 2024<\/strong><\/span><\/p>\n<ul>\n<li>Entre lo dicho y otras muchas cosas m\u00e1s, destaca la celebraci\u00f3n del \u201cDia de los abuelos y abuelas\u201d que, precisamente, se celebr\u00f3 este a\u00f1o durante la ma\u00f1ana del d\u00eda de ayer, s\u00e1bado. Casi un total de 120 ancianas y ancianos alojados y atendidos, unos en la residencia-hogar Virgen Poderosa, que regentan las monjas Hijas de la Caridad, con sor <strong>Francisca Tous<\/strong> como madre superiora al frente, y otros en la residencia-hogar Sant\u00edsimo Cristo de La laguna, que regentan las Hermanitas de los Ancianos Desamparados, con sor <strong>Clarisa P\u00e9rez<\/strong> como madre superiora, fueron invitados a pasar un d\u00eda muy especial. Salieron de sus respectivos centros (acompa\u00f1ados cada uno de ellos por un voluntario o voluntaria) para visitar el Real Santuario del Cristo de La Laguna, celebrar all\u00ed la Santa Misa (que presidi\u00f3 el obispo <strong>Bernardo \u00c1lvarez<\/strong>) y, posteriormente, disfrutar de un animado almuerzo de confraternidad, que hizo las delicias de los ancianitos y ancianitas presentes. Hoy no tengo m\u00e1s espacio para contarles detenidamente, pero sepan que la acci\u00f3n social y caritativa de los miembros de la Esclavitud, es inestimable e impagable. Felicitando y agradeciendo su acci\u00f3n a la Esclavitud del Cristo, les digo que, en pr\u00f3ximos domingos, les contar\u00e9 mucho m\u00e1s y mejor lo vivido en un domingo muy especial<\/li>\n<\/ul>\n<p><img loading=\"lazy\" decoding=\"async\" class=\"size-large wp-image-8147 aligncenter\" src=\"https:\/\/canariasenpositivo.com\/wp-content\/uploads\/2024\/07\/FOTO-DE-FAMILIA-1024x768.jpeg\" alt=\"\" width=\"660\" height=\"495\" \/><\/p>\n<p style=\"text-align: center\"><em>Foto de familia en la puerta del Real Santuario del Cristo de La Laguna, con los m\u00e1s de 100 ancianos y ancianas homenajeados y agasajados por la Esclavitud del Cristo.<\/em><\/p>\n<p>&nbsp;<\/p>\n<p><span style=\"color: #0000ff\"><strong>SE VA LUIS CORT\u00c9S Y REGRESA RAM\u00d3N ARMADA<\/strong><\/span><\/p>\n<ul>\n<li>Remato <strong><em>El Cotarro<\/em><\/strong> de hoy coment\u00e1ndoles que perdemos a un excelente militar y mejor persona, pero que ocupar\u00e1 su cargo otro magn\u00edfico militar y gran persona. El jefe del Estado Mayor del Cuartel General del Mando de Canarias, general de divisi\u00f3n <strong>Luis Cort\u00e9s Delgado<\/strong>, deja su jefatura al general de divisi\u00f3n <strong>Ram\u00f3n Armada V\u00e1zquez<\/strong>. El general <strong>Cort\u00e9s<\/strong> <strong>Delgado<\/strong> ha sido nombrado como comandante general de Melilla, tras casi un a\u00f1o en Canarias. As\u00ed lo ha publicado el Ministerio de Defensa en su Bolet\u00edn Oficial del 24 de julio de 2024, a propuesta del general de Ej\u00e9rcito, <strong>Amador Ense\u00f1at y Berea<\/strong>, jefe de Estado Mayor del Ej\u00e9rcito de Tierra, y el general de divisi\u00f3n <strong>Armada V\u00e1zquez<\/strong> ha sido nombrado en el mismo bolet\u00edn. El general de divisi\u00f3n <strong>Luis Cort\u00e9s Delgado<\/strong> afronta su nuevo mando avalado por su experiencia en la jefatura del Estado Mayor del Mando de Canarias (Canarias, Baleares, Ceuta y Melilla). Por su parte, el general de divisi\u00f3n <strong>Ram\u00f3n Armada<\/strong> cuenta con una amplia experiencia en el archipi\u00e9lago canario por su anterior mandato como general jefe de la Brigada Canarias XVI durante tres a\u00f1os desde su toma de mando en 2020, adem\u00e1s de ser jefe del Batall\u00f3n \u201cAlbuera\u201d del Regimiento de Infanter\u00eda \u201cTenerife\u201d N\u00ba49 otros tres a\u00f1os desde el 2011. Procede agradecer a ambos su ejemplar trayectoria y desearles todo lo mejor en el pr\u00f3ximo futuro.<\/li>\n<\/ul>\n<p><img loading=\"lazy\" decoding=\"async\" class=\"size-large wp-image-8148 aligncenter\" src=\"https:\/\/canariasenpositivo.com\/wp-content\/uploads\/2024\/07\/11.-ARMADA-Y-CORTES-1024x591.jpg\" alt=\"\" width=\"660\" height=\"381\" \/><\/p>\n<p style=\"text-align: center\"><em>Ram\u00f3n Armada V\u00e1zquez (i) y Luis Cort\u00e9s Delgado, ambos generales de divisi\u00f3n.<\/em><\/p>\n<p>&nbsp;<\/p>\n<p>&nbsp;<\/p>\n<p><span style=\"color: #0000ff\"><strong>* Jos\u00e9 Carlos MARRERO GONZ\u00c1LEZ<\/strong><\/span><\/p>\n<p>Periodista y analista de la actualidad.<\/p>\n<p>Director de <strong><em>El Cotarro<\/em><\/strong> (www.elcotarro.com)<\/p>\n<p>Director de <strong><em>Canarias en Positivo<\/em><\/strong> (www.canariasenpositivo.com)<\/p>\n<p>Director de <strong><em>GastroCanarias<\/em><\/strong> (www.gastrocanarias.com)<\/p>\n<p>&nbsp;<\/p>\n<p><em>info@elcotarro.com<\/em><\/p>\n<p>&nbsp;<\/p>\n<p>Islas Canarias, 28 de julio de 2024.<\/p>\n<p><img loading=\"lazy\" decoding=\"async\" class=\"size-full wp-image-7956 aligncenter\" src=\"https:\/\/canariasenpositivo.com\/wp-content\/uploads\/2024\/06\/A-CARECA-INSULA.jpg\" alt=\"\" width=\"750\" height=\"153\" \/><\/p>\n<p>&nbsp;<\/p>\n<p><strong>\u00a0<\/strong><\/p>\n<p>&nbsp;<\/p>\n<p>&nbsp;<\/p>\n","protected":false},"excerpt":{"rendered":"<p>N\u00ba516 DEL 28 DE JULIO DE 2024 &nbsp; \u00a0 Por Jos\u00e9 Carlos Marrero * &nbsp; &nbsp; POPURR\u00cd DE COMENTARIOS ANTES DE VACACIONES Aunque El Cotarro no coge vacaciones desde hace casi diez a\u00f1os, terminamos el presente mes de julio y vamos a entrar en el mes de agosto, vacacional por antonomasia. Tenemos mucho trabajo acumulado &#8230; <a class=\"read-more\" href=\"https:\/\/elcotarro.com\/?p=10890\">Read more<\/a><\/p>\n","protected":false},"author":2,"featured_media":0,"comment_status":"open","ping_status":"open","sticky":false,"template":"","format":"standard","meta":{"_jetpack_memberships_contains_paid_content":false,"footnotes":""},"categories":[4],"tags":[],"class_list":["post-10890","post","type-post","status-publish","format-standard","hentry","category-el-cotarro"],"yoast_head":"<!-- This site is optimized with the Yoast SEO plugin v27.0 - https:\/\/yoast.com\/product\/yoast-seo-wordpress\/ -->\n<title>EL COTARRO \/ 516, DEL DOMINGO, 28\/07\/2024 - El Cotarro<\/title>\n<meta name=\"robots\" content=\"index, follow, max-snippet:-1, max-image-preview:large, max-video-preview:-1\" \/>\n<link rel=\"canonical\" href=\"https:\/\/elcotarro.com\/?p=10890\" \/>\n<meta property=\"og:locale\" content=\"es_ES\" \/>\n<meta property=\"og:type\" content=\"article\" \/>\n<meta property=\"og:title\" content=\"EL COTARRO \/ 516, DEL DOMINGO, 28\/07\/2024 - El Cotarro\" \/>\n<meta property=\"og:description\" content=\"N\u00ba516 DEL 28 DE JULIO DE 2024 &nbsp; \u00a0 Por Jos\u00e9 Carlos Marrero * &nbsp; &nbsp; POPURR\u00cd DE COMENTARIOS ANTES DE VACACIONES Aunque El Cotarro no coge vacaciones desde hace casi diez a\u00f1os, terminamos el presente mes de julio y vamos a entrar en el mes de agosto, vacacional por antonomasia. Tenemos mucho trabajo acumulado ... Read more\" \/>\n<meta property=\"og:url\" content=\"https:\/\/elcotarro.com\/?p=10890\" \/>\n<meta property=\"og:site_name\" content=\"El Cotarro\" \/>\n<meta property=\"article:publisher\" content=\"https:\/\/www.facebook.com\/ElCotarro.Tenerife\" \/>\n<meta property=\"article:published_time\" content=\"2024-07-28T00:33:50+00:00\" \/>\n<meta property=\"article:modified_time\" content=\"2024-07-28T07:25:23+00:00\" \/>\n<meta property=\"og:image\" content=\"https:\/\/canariasenpositivo.com\/wp-content\/uploads\/2024\/04\/EL-COTARRO-CABECERA-1024x122.jpg\" \/>\n<meta name=\"author\" content=\"Jos\u00e9 Carlos Marrero Gonz\u00e1lez\" \/>\n<meta name=\"twitter:label1\" content=\"Escrito por\" \/>\n\t<meta name=\"twitter:data1\" content=\"Jos\u00e9 Carlos Marrero Gonz\u00e1lez\" \/>\n\t<meta name=\"twitter:label2\" content=\"Tiempo de lectura\" \/>\n\t<meta name=\"twitter:data2\" content=\"18 minutos\" \/>\n<script type=\"application\/ld+json\" class=\"yoast-schema-graph\">{\"@context\":\"https:\/\/schema.org\",\"@graph\":[{\"@type\":\"Article\",\"@id\":\"https:\/\/elcotarro.com\/?p=10890#article\",\"isPartOf\":{\"@id\":\"https:\/\/elcotarro.com\/?p=10890\"},\"author\":{\"name\":\"Jos\u00e9 Carlos Marrero Gonz\u00e1lez\",\"@id\":\"https:\/\/elcotarro.com\/#\/schema\/person\/af537ee7d60d15984c7e0affcd8a918b\"},\"headline\":\"EL COTARRO \/ 516, DEL DOMINGO, 28\/07\/2024\",\"datePublished\":\"2024-07-28T00:33:50+00:00\",\"dateModified\":\"2024-07-28T07:25:23+00:00\",\"mainEntityOfPage\":{\"@id\":\"https:\/\/elcotarro.com\/?p=10890\"},\"wordCount\":3342,\"commentCount\":0,\"publisher\":{\"@id\":\"https:\/\/elcotarro.com\/#organization\"},\"image\":{\"@id\":\"https:\/\/elcotarro.com\/?p=10890#primaryimage\"},\"thumbnailUrl\":\"https:\/\/canariasenpositivo.com\/wp-content\/uploads\/2024\/04\/EL-COTARRO-CABECERA-1024x122.jpg\",\"articleSection\":[\"El Cotarro\"],\"inLanguage\":\"es\",\"potentialAction\":[{\"@type\":\"CommentAction\",\"name\":\"Comment\",\"target\":[\"https:\/\/elcotarro.com\/?p=10890#respond\"]}]},{\"@type\":\"WebPage\",\"@id\":\"https:\/\/elcotarro.com\/?p=10890\",\"url\":\"https:\/\/elcotarro.com\/?p=10890\",\"name\":\"EL COTARRO \/ 516, DEL DOMINGO, 28\/07\/2024 - El Cotarro\",\"isPartOf\":{\"@id\":\"https:\/\/elcotarro.com\/#website\"},\"primaryImageOfPage\":{\"@id\":\"https:\/\/elcotarro.com\/?p=10890#primaryimage\"},\"image\":{\"@id\":\"https:\/\/elcotarro.com\/?p=10890#primaryimage\"},\"thumbnailUrl\":\"https:\/\/canariasenpositivo.com\/wp-content\/uploads\/2024\/04\/EL-COTARRO-CABECERA-1024x122.jpg\",\"datePublished\":\"2024-07-28T00:33:50+00:00\",\"dateModified\":\"2024-07-28T07:25:23+00:00\",\"breadcrumb\":{\"@id\":\"https:\/\/elcotarro.com\/?p=10890#breadcrumb\"},\"inLanguage\":\"es\",\"potentialAction\":[{\"@type\":\"ReadAction\",\"target\":[\"https:\/\/elcotarro.com\/?p=10890\"]}]},{\"@type\":\"ImageObject\",\"inLanguage\":\"es\",\"@id\":\"https:\/\/elcotarro.com\/?p=10890#primaryimage\",\"url\":\"https:\/\/canariasenpositivo.com\/wp-content\/uploads\/2024\/04\/EL-COTARRO-CABECERA-1024x122.jpg\",\"contentUrl\":\"https:\/\/canariasenpositivo.com\/wp-content\/uploads\/2024\/04\/EL-COTARRO-CABECERA-1024x122.jpg\"},{\"@type\":\"BreadcrumbList\",\"@id\":\"https:\/\/elcotarro.com\/?p=10890#breadcrumb\",\"itemListElement\":[{\"@type\":\"ListItem\",\"position\":1,\"name\":\"Portada\",\"item\":\"https:\/\/elcotarro.com\/\"},{\"@type\":\"ListItem\",\"position\":2,\"name\":\"EL COTARRO \/ 516, DEL DOMINGO, 28\/07\/2024\"}]},{\"@type\":\"WebSite\",\"@id\":\"https:\/\/elcotarro.com\/#website\",\"url\":\"https:\/\/elcotarro.com\/\",\"name\":\"El Cotarro\",\"description\":\"Peri\u00f3dico Digital Independiente dirigido por Jos\u00e9 Carlos Marrero\",\"publisher\":{\"@id\":\"https:\/\/elcotarro.com\/#organization\"},\"potentialAction\":[{\"@type\":\"SearchAction\",\"target\":{\"@type\":\"EntryPoint\",\"urlTemplate\":\"https:\/\/elcotarro.com\/?s={search_term_string}\"},\"query-input\":{\"@type\":\"PropertyValueSpecification\",\"valueRequired\":true,\"valueName\":\"search_term_string\"}}],\"inLanguage\":\"es\"},{\"@type\":\"Organization\",\"@id\":\"https:\/\/elcotarro.com\/#organization\",\"name\":\"El Cotarro\",\"url\":\"https:\/\/elcotarro.com\/\",\"logo\":{\"@type\":\"ImageObject\",\"inLanguage\":\"es\",\"@id\":\"https:\/\/elcotarro.com\/#\/schema\/logo\/image\/\",\"url\":\"https:\/\/elcotarro.com\/wp-content\/uploads\/2014\/09\/Cabecera_El_Cotarro_v2.jpg\",\"contentUrl\":\"https:\/\/elcotarro.com\/wp-content\/uploads\/2014\/09\/Cabecera_El_Cotarro_v2.jpg\",\"width\":3540,\"height\":441,\"caption\":\"El Cotarro\"},\"image\":{\"@id\":\"https:\/\/elcotarro.com\/#\/schema\/logo\/image\/\"},\"sameAs\":[\"https:\/\/www.facebook.com\/ElCotarro.Tenerife\"]},{\"@type\":\"Person\",\"@id\":\"https:\/\/elcotarro.com\/#\/schema\/person\/af537ee7d60d15984c7e0affcd8a918b\",\"name\":\"Jos\u00e9 Carlos Marrero Gonz\u00e1lez\",\"image\":{\"@type\":\"ImageObject\",\"inLanguage\":\"es\",\"@id\":\"https:\/\/elcotarro.com\/#\/schema\/person\/image\/\",\"url\":\"https:\/\/secure.gravatar.com\/avatar\/def4da036efb5d32c74d49c351f6dccc064dd69ad9f3aadc295c5a9a5391ca01?s=96&d=mm&r=g\",\"contentUrl\":\"https:\/\/secure.gravatar.com\/avatar\/def4da036efb5d32c74d49c351f6dccc064dd69ad9f3aadc295c5a9a5391ca01?s=96&d=mm&r=g\",\"caption\":\"Jos\u00e9 Carlos Marrero Gonz\u00e1lez\"},\"sameAs\":[\"https:\/\/elcotarro.com\"],\"url\":\"https:\/\/elcotarro.com\/?author=2\"}]}<\/script>\n<!-- \/ Yoast SEO plugin. -->","yoast_head_json":{"title":"EL COTARRO \/ 516, DEL DOMINGO, 28\/07\/2024 - El Cotarro","robots":{"index":"index","follow":"follow","max-snippet":"max-snippet:-1","max-image-preview":"max-image-preview:large","max-video-preview":"max-video-preview:-1"},"canonical":"https:\/\/elcotarro.com\/?p=10890","og_locale":"es_ES","og_type":"article","og_title":"EL COTARRO \/ 516, DEL DOMINGO, 28\/07\/2024 - El Cotarro","og_description":"N\u00ba516 DEL 28 DE JULIO DE 2024 &nbsp; \u00a0 Por Jos\u00e9 Carlos Marrero * &nbsp; &nbsp; POPURR\u00cd DE COMENTARIOS ANTES DE VACACIONES Aunque El Cotarro no coge vacaciones desde hace casi diez a\u00f1os, terminamos el presente mes de julio y vamos a entrar en el mes de agosto, vacacional por antonomasia. Tenemos mucho trabajo acumulado ... Read more","og_url":"https:\/\/elcotarro.com\/?p=10890","og_site_name":"El Cotarro","article_publisher":"https:\/\/www.facebook.com\/ElCotarro.Tenerife","article_published_time":"2024-07-28T00:33:50+00:00","article_modified_time":"2024-07-28T07:25:23+00:00","og_image":[{"url":"https:\/\/canariasenpositivo.com\/wp-content\/uploads\/2024\/04\/EL-COTARRO-CABECERA-1024x122.jpg","type":"","width":"","height":""}],"author":"Jos\u00e9 Carlos Marrero Gonz\u00e1lez","twitter_misc":{"Escrito por":"Jos\u00e9 Carlos Marrero Gonz\u00e1lez","Tiempo de lectura":"18 minutos"},"schema":{"@context":"https:\/\/schema.org","@graph":[{"@type":"Article","@id":"https:\/\/elcotarro.com\/?p=10890#article","isPartOf":{"@id":"https:\/\/elcotarro.com\/?p=10890"},"author":{"name":"Jos\u00e9 Carlos Marrero Gonz\u00e1lez","@id":"https:\/\/elcotarro.com\/#\/schema\/person\/af537ee7d60d15984c7e0affcd8a918b"},"headline":"EL COTARRO \/ 516, DEL DOMINGO, 28\/07\/2024","datePublished":"2024-07-28T00:33:50+00:00","dateModified":"2024-07-28T07:25:23+00:00","mainEntityOfPage":{"@id":"https:\/\/elcotarro.com\/?p=10890"},"wordCount":3342,"commentCount":0,"publisher":{"@id":"https:\/\/elcotarro.com\/#organization"},"image":{"@id":"https:\/\/elcotarro.com\/?p=10890#primaryimage"},"thumbnailUrl":"https:\/\/canariasenpositivo.com\/wp-content\/uploads\/2024\/04\/EL-COTARRO-CABECERA-1024x122.jpg","articleSection":["El Cotarro"],"inLanguage":"es","potentialAction":[{"@type":"CommentAction","name":"Comment","target":["https:\/\/elcotarro.com\/?p=10890#respond"]}]},{"@type":"WebPage","@id":"https:\/\/elcotarro.com\/?p=10890","url":"https:\/\/elcotarro.com\/?p=10890","name":"EL COTARRO \/ 516, DEL DOMINGO, 28\/07\/2024 - El Cotarro","isPartOf":{"@id":"https:\/\/elcotarro.com\/#website"},"primaryImageOfPage":{"@id":"https:\/\/elcotarro.com\/?p=10890#primaryimage"},"image":{"@id":"https:\/\/elcotarro.com\/?p=10890#primaryimage"},"thumbnailUrl":"https:\/\/canariasenpositivo.com\/wp-content\/uploads\/2024\/04\/EL-COTARRO-CABECERA-1024x122.jpg","datePublished":"2024-07-28T00:33:50+00:00","dateModified":"2024-07-28T07:25:23+00:00","breadcrumb":{"@id":"https:\/\/elcotarro.com\/?p=10890#breadcrumb"},"inLanguage":"es","potentialAction":[{"@type":"ReadAction","target":["https:\/\/elcotarro.com\/?p=10890"]}]},{"@type":"ImageObject","inLanguage":"es","@id":"https:\/\/elcotarro.com\/?p=10890#primaryimage","url":"https:\/\/canariasenpositivo.com\/wp-content\/uploads\/2024\/04\/EL-COTARRO-CABECERA-1024x122.jpg","contentUrl":"https:\/\/canariasenpositivo.com\/wp-content\/uploads\/2024\/04\/EL-COTARRO-CABECERA-1024x122.jpg"},{"@type":"BreadcrumbList","@id":"https:\/\/elcotarro.com\/?p=10890#breadcrumb","itemListElement":[{"@type":"ListItem","position":1,"name":"Portada","item":"https:\/\/elcotarro.com\/"},{"@type":"ListItem","position":2,"name":"EL COTARRO \/ 516, DEL DOMINGO, 28\/07\/2024"}]},{"@type":"WebSite","@id":"https:\/\/elcotarro.com\/#website","url":"https:\/\/elcotarro.com\/","name":"El Cotarro","description":"Peri\u00f3dico Digital Independiente dirigido por Jos\u00e9 Carlos Marrero","publisher":{"@id":"https:\/\/elcotarro.com\/#organization"},"potentialAction":[{"@type":"SearchAction","target":{"@type":"EntryPoint","urlTemplate":"https:\/\/elcotarro.com\/?s={search_term_string}"},"query-input":{"@type":"PropertyValueSpecification","valueRequired":true,"valueName":"search_term_string"}}],"inLanguage":"es"},{"@type":"Organization","@id":"https:\/\/elcotarro.com\/#organization","name":"El Cotarro","url":"https:\/\/elcotarro.com\/","logo":{"@type":"ImageObject","inLanguage":"es","@id":"https:\/\/elcotarro.com\/#\/schema\/logo\/image\/","url":"https:\/\/elcotarro.com\/wp-content\/uploads\/2014\/09\/Cabecera_El_Cotarro_v2.jpg","contentUrl":"https:\/\/elcotarro.com\/wp-content\/uploads\/2014\/09\/Cabecera_El_Cotarro_v2.jpg","width":3540,"height":441,"caption":"El Cotarro"},"image":{"@id":"https:\/\/elcotarro.com\/#\/schema\/logo\/image\/"},"sameAs":["https:\/\/www.facebook.com\/ElCotarro.Tenerife"]},{"@type":"Person","@id":"https:\/\/elcotarro.com\/#\/schema\/person\/af537ee7d60d15984c7e0affcd8a918b","name":"Jos\u00e9 Carlos Marrero Gonz\u00e1lez","image":{"@type":"ImageObject","inLanguage":"es","@id":"https:\/\/elcotarro.com\/#\/schema\/person\/image\/","url":"https:\/\/secure.gravatar.com\/avatar\/def4da036efb5d32c74d49c351f6dccc064dd69ad9f3aadc295c5a9a5391ca01?s=96&d=mm&r=g","contentUrl":"https:\/\/secure.gravatar.com\/avatar\/def4da036efb5d32c74d49c351f6dccc064dd69ad9f3aadc295c5a9a5391ca01?s=96&d=mm&r=g","caption":"Jos\u00e9 Carlos Marrero Gonz\u00e1lez"},"sameAs":["https:\/\/elcotarro.com"],"url":"https:\/\/elcotarro.com\/?author=2"}]}},"jetpack_featured_media_url":"","jetpack_sharing_enabled":true,"_links":{"self":[{"href":"https:\/\/elcotarro.com\/index.php?rest_route=\/wp\/v2\/posts\/10890","targetHints":{"allow":["GET"]}}],"collection":[{"href":"https:\/\/elcotarro.com\/index.php?rest_route=\/wp\/v2\/posts"}],"about":[{"href":"https:\/\/elcotarro.com\/index.php?rest_route=\/wp\/v2\/types\/post"}],"author":[{"embeddable":true,"href":"https:\/\/elcotarro.com\/index.php?rest_route=\/wp\/v2\/users\/2"}],"replies":[{"embeddable":true,"href":"https:\/\/elcotarro.com\/index.php?rest_route=%2Fwp%2Fv2%2Fcomments&post=10890"}],"version-history":[{"count":4,"href":"https:\/\/elcotarro.com\/index.php?rest_route=\/wp\/v2\/posts\/10890\/revisions"}],"predecessor-version":[{"id":10894,"href":"https:\/\/elcotarro.com\/index.php?rest_route=\/wp\/v2\/posts\/10890\/revisions\/10894"}],"wp:attachment":[{"href":"https:\/\/elcotarro.com\/index.php?rest_route=%2Fwp%2Fv2%2Fmedia&parent=10890"}],"wp:term":[{"taxonomy":"category","embeddable":true,"href":"https:\/\/elcotarro.com\/index.php?rest_route=%2Fwp%2Fv2%2Fcategories&post=10890"},{"taxonomy":"post_tag","embeddable":true,"href":"https:\/\/elcotarro.com\/index.php?rest_route=%2Fwp%2Fv2%2Ftags&post=10890"}],"curies":[{"name":"wp","href":"https:\/\/api.w.org\/{rel}","templated":true}]}}