{"id":10907,"date":"2024-09-08T00:43:50","date_gmt":"2024-09-07T23:43:50","guid":{"rendered":"https:\/\/elcotarro.com\/?p=10907"},"modified":"2024-09-08T11:42:14","modified_gmt":"2024-09-08T10:42:14","slug":"el-cotarro-522-del-domingo-08-09-2024","status":"publish","type":"post","link":"https:\/\/elcotarro.com\/?p=10907","title":{"rendered":"EL COTARRO \/ 522, DEL DOMINGO, 08\/09\/2024"},"content":{"rendered":"<p><img loading=\"lazy\" decoding=\"async\" class=\"size-large wp-image-7639 aligncenter\" src=\"https:\/\/canariasenpositivo.com\/wp-content\/uploads\/2024\/04\/EL-COTARRO-CABECERA-1024x122.jpg\" alt=\"\" width=\"660\" height=\"79\" \/><\/p>\n<p style=\"text-align: center\"><span style=\"color: #ff0000\"><strong>N\u00ba522 DEL 8 DE SEPTIEMBRE DE 2024<\/strong><\/span><\/p>\n<p>&nbsp;<\/p>\n<p><em>\u00a0<\/em><\/p>\n<p><span style=\"color: #0000ff\"><em>Por <strong>Jos\u00e9 Carlos Marrero *<\/strong><\/em><\/span><\/p>\n<p><strong><em>\u00a0<\/em><\/strong><\/p>\n<p><strong><em>\u00a0<\/em><\/strong><\/p>\n<p><span style=\"color: #0000ff\"><strong>GRITO DE <\/strong><strong>CLAVIJO: \u00a1ESTAMOS SOLOS<\/strong><strong> Y ABANDONADOS!<\/strong><\/span><\/p>\n<ul>\n<li>Comienzo <strong><em>El Cotarro<\/em><\/strong> de este domingo con el mismo titulillo de la pasada semana. Y lo empiezo condes\u00e1ndoles que, por lo que veo y siento, cada d\u00eda es m\u00e1s dif\u00edcil, complicado y delicado escribir y hablar del triste y sangrante tema de la inmigraci\u00f3n. Reconozco una vez m\u00e1s que el presidente canario, <strong>Fernando Clavijo<\/strong>, est\u00e1 movi\u00e9ndose creo que todo lo que puede, aunque creo que puede y debe seguir luchando y poni\u00e9ndose en su sitio, por la Presidencia que ostenta, por el Gobierno que preside y por toda la ciudadan\u00eda de Canarias a la que representa. Pero creo que la cosa est\u00e1 cada d\u00eda m\u00e1s complicada (tambi\u00e9n para nosotros los periodistas) porque, a poco que no te expliques bien o que, por el contrario, te entiendan mal, nos tachan de racistas, fachas, xen\u00f3fobos y otras lindezas. Hay mucho desconocimiento, incultura, ineptitud, mucha ruindad y, sobre todo, mucha \u201cfalta de ignorancia\u201d en personas que se molestan y critican cuando intentamos transmitir que lo que est\u00e1 pasando no se puede (ni se debe) solventar abriendo las puertas de nuestra tierra (solidaria y de acogida) de par en par y sin alg\u00fan tipo de controles. Dijo <strong>Fernando Clavijo<\/strong> que\u2026 \u201cCanarias est\u00e1 sola y abandonada\u201d y cuentan que <strong>Jesucristo<\/strong> dijo que\u2026 <em>\u201chermanos, s\u00ed; pero primos, no\u201d<\/em>. Por tanto, seamos serios.<\/li>\n<\/ul>\n<p><img loading=\"lazy\" decoding=\"async\" class=\"size-large wp-image-8325 aligncenter\" src=\"https:\/\/canariasenpositivo.com\/wp-content\/uploads\/2024\/09\/1.-INMIGRANTES-1024x768.jpeg\" alt=\"\" width=\"660\" height=\"495\" \/><\/p>\n<p style=\"text-align: center\"><em>Esta foto, sacada en la calle Catedral de La Laguna, se repite casa semana en \u00e9sta y otras calles de La Laguna. Lo que hay detr\u00e1s de ella es otra tr\u00e1gica realidad. De la que hablaremos en Canarias en Positivo, en pr\u00f3ximas ediciones de El Cotarro<\/em><\/p>\n<p><em>\u00a0<\/em><\/p>\n<p><span style=\"color: #0000ff\"><strong>EL CONCILIADOR LENGUAJE DE FERNANDO CLAVIJO<\/strong><\/span><\/p>\n<ul>\n<li>Con todo el ruido medi\u00e1tico que est\u00e1 produciendo esta situaci\u00f3n, se ha agradecido el lenguaje conciliador del presidente canario, <strong>Fernando Clavijo<\/strong>, que se ha despachado hablando clarito y muy bien en los principales medios de comunicaci\u00f3n a nivel nacional. Con lenguaje educado y conciliador, Fernando ha transmitido a la vez el mensaje de una Canarias solidaria y acogedora, con la de una autonom\u00eda desbordada injustamente. Especialmente claro estuvo el pasado mi\u00e9rcoles en el programa informativo \u201cEspejo P\u00fablico\u201d, de Antena 3 TV, que a nivel nacional que presenta <strong>Susanna Griso<\/strong> y es l\u00edder de la programaci\u00f3n matinal. Tan ejemplar fue el discurso de Clavijo, en el fondo y las formas, que los periodistas de la tertulia del programa, firmas tan reconocidas como <strong>Toni Bola\u00f1o<\/strong> (peri\u00f3dico La Raz\u00f3n), <strong>Pilar Rodr\u00edguez Losantos<\/strong> (OK Diario), <strong>Nacho Cardero<\/strong> (El Confidencial) y <strong>Marta G\u00f3mez Montero<\/strong> (freelance) elogiaron por unanimidad el talante de nuestro presidente y, valoraron que, pudiendo \u201cmeterse y atacar\u201d a su antecesor en la presidencia del Gobierno de Canarias, <strong>\u00c1ngel V\u00edctor Torres<\/strong>, hoy ministro de <strong>Pedro S\u00e1nchez<\/strong>, no lo hiciera, sino que antes y al contrario, llam\u00f3 al di\u00e1logo y el consenso en este crucial, tr\u00e1gico y sangrante tema a los dos grandes partidos, PSOE y PP. Ellos y todos ustedes deber\u00edan leer <em><strong>El Mon\u00f3logo \/ 231<\/strong><\/em> de <strong>Pepe Moreno<\/strong>, publicado ayer en Canarias en Positivo bajo el t\u00edtulo <em>\u00abHacer pol\u00edtica con los MENAS\u00bb, <\/em>que pueden leer en el siguiente enlace:\u00a0 https:\/\/canariasenpositivo.com\/el-monologo-231-hacer-politica-con-los-menas\/<\/li>\n<\/ul>\n<p><img loading=\"lazy\" decoding=\"async\" class=\"size-large wp-image-8326 aligncenter\" src=\"https:\/\/canariasenpositivo.com\/wp-content\/uploads\/2024\/09\/2.-ESPEJO-PUBLICO-1024x768.jpeg\" alt=\"\" width=\"660\" height=\"495\" \/><\/p>\n<p style=\"text-align: center\"><em>Fernando Clavijo en directo para toda Espa\u00f1a con Susanna Griso desde Antena 3<\/em><\/p>\n<p>&nbsp;<\/p>\n<p><strong><span style=\"color: #0000ff\">LO QUE TIENEN QUE HACER ALGUNOS SACERDOTES<\/span> <\/strong><\/p>\n<ul>\n<li>En medio de toda la problem\u00e1tica y las muchas historias que se han vivido, est\u00e1 la de los sacerdotes cat\u00f3licos de El Hierro, que han querido sumarse para colaborar en lo que buenamente hiciera falta, prestando asistencia espiritual a quien voluntariamente lo requiriera o ayudando en lo que fuese necesario y se lo negaron inicialmente por no s\u00e9 qu\u00e9 razones legales o de peso. Me refiero a <strong>Jos\u00e9 Manuel Urbina M\u00e9rida<\/strong> (arcipreste de El Hierro y p\u00e1rroco de Ntra. Sra. de Candelaria, en La Frontera) <strong>Gabriel Hern\u00e1ndez Abreu<\/strong> (vice arcipreste y p\u00e1rroco de Ntra. Sra. de la Concepci\u00f3n, en Valverde) y <strong>Yan Darwin Rivas Dugarte<\/strong> (p\u00e1rroco de San Antonio Abad, en El Pinar) a los que les dijeron que, para acceder a los centros de recepci\u00f3n de inmigrantes, en el puerto de La Restinga (El Pinar), o al Centro de Atenci\u00f3n Temporal de Extranjeros (CATE), ubicado en San Andr\u00e9s (Valverde) ten\u00edan que ser voluntarios de Cruz Roja. Sorprendidos. pero sin dudarlo, <strong>Jos\u00e9 Manuel<\/strong>, <strong>Gabriel <\/strong>y <strong>Yan Darwin<\/strong> se hicieron voluntarios, pero, seguidamente, les dijeron que, ten\u00edan que tener el curso de Primeros Auxilios, que, obviamente, tambi\u00e9n realizaron y aprobaron. Fue desde entonces cuando les dejaron entrar\u2026, como voluntarios.<\/li>\n<\/ul>\n<p><img loading=\"lazy\" decoding=\"async\" class=\"size-full wp-image-8327 aligncenter\" src=\"https:\/\/canariasenpositivo.com\/wp-content\/uploads\/2024\/09\/3.-LOS-CURAS-HERRENOS.jpg\" alt=\"\" width=\"548\" height=\"273\" \/><\/p>\n<p style=\"text-align: center\"><em>De izquierda a derecha, los sacerdotes herre\u00f1os y voluntarios de Cruz Roja: Jos\u00e9 Manuel Urbina M\u00e9rida, Gabriel Hern\u00e1ndez Abreu y Yan Darwin Rivas Dugarte.<\/em><\/p>\n<p>&nbsp;<\/p>\n<p><span style=\"color: #0000ff\"><strong>INJUSTO, LAMENTABLE Y TRISTE BOICOT A C\u00c1RITAS<\/strong><\/span><\/p>\n<ul>\n<li>Desde el principio, los tres sacerdotes pretend\u00edan colaborar en lo que hiciera falta y, obviamente, prestar asistencia espiritual (desde la fe cat\u00f3lica, claro) a quienes libre y voluntariamente lo solicitaran. \u00bfTiene eso algo de malo o supone alg\u00fan problema?&#8230; Por su parte, el obispo de la hermana Di\u00f3cesis Canariense (Gran Canaria, Fuerteventura y Lanzarote), monse\u00f1or <strong>Jos\u00e9 Mazuelos P\u00e9rez<\/strong> ha criticado que la Administraci\u00f3n no deje actuar a C\u00e1ritas en la primera acogida a los migrantes que llegan a las costas. Ha manifestado <strong>Jos\u00e9 Mazuelos<\/strong> que \u00ab<em>no puede ser, por ejemplo, que C\u00e1ritas sea eliminada de la mesa de migraci\u00f3n, que no tenga ni voz ni voto y que los curas de El Hierro tengan que ir a hacerse voluntarios de Cruz Roja para poder entrar los campos de refugiados porque el nombre de C\u00e1ritas no se deja, porque no interesa. <\/em>El obispo <strong>Jos\u00e9 Mazuelos<\/strong> pregunta\u2026<em> \u00bfQu\u00e9 se quiere esconder cuando no se deja a C\u00e1ritas entrar en esos campos de refugiados?\u201d<\/em><\/li>\n<\/ul>\n<p><img loading=\"lazy\" decoding=\"async\" class=\"size-large wp-image-8328 aligncenter\" src=\"https:\/\/canariasenpositivo.com\/wp-content\/uploads\/2024\/09\/4.-JOSE-MAZUELOS-1024x576.jpeg\" alt=\"\" width=\"660\" height=\"371\" \/><\/p>\n<p style=\"text-align: center\"><em>El obispo de la Di\u00f3cesis de Canarias (Di\u00f3cesis Canariensis), Jos\u00e9 Mazuelos P\u00e9rez<\/em><\/p>\n<p>&nbsp;<\/p>\n<p><span style=\"color: #0000ff\"><strong>BAUTIZANDO A HIJOS DE POLIC\u00cdAS Y GUARDIAS CIVILES<\/strong><\/span><\/p>\n<ul>\n<li>Lo que no sabe la mayor\u00eda de la gente es que, adem\u00e1s de realizar una impresionante labor asistencial, como tambi\u00e9n la hacen el resto de voluntarios de Cruz Roja, los tres sacerdotes titulares de las parroquias de El Hierro, <strong>Jos\u00e9 Manuel Urbina M\u00e9rida, Gabriel Hern\u00e1ndez Abreu<\/strong> y <strong>Yan Darwin Rivas Dugarte<\/strong> est\u00e1n desarrollando un trabajo de asistencia social y en muchos casos espiritual (a quien libre y voluntariamente lo desea) que muchos funcionarios de Extranjer\u00eda, polic\u00edas nacionales y guardias civiles, as\u00ed como voluntarios de otras ONGs, se han quedado impresionados. En el caso la gente inmigrante, ayudan a la hora de explicarles sus derechos como personas, el l\u00f3gico papeleo oficial, muchas veces dif\u00edcil de entender y tramitar por ellos, etc. El trabajo de <strong>Jos\u00e9 Manuel, Gabriel <\/strong>y <strong>Yan Darwin <\/strong>ha sido tan ejemplar y edificante, que alg\u00fan polic\u00eda nacional y guardia civil destacado en El Hierro ha pedido a los p\u00e1rrocos que bautizaran a sus hijos o hijas. Sin duda alguna, nadie puede decir que la gente de Canarias no es solidaria y hospitalaria con las personas inmigrantes y, muy especialmente, con los menores no acompa\u00f1ados. Pero la emergencia humanitaria que denuncia <strong>Fernando Clavijo<\/strong> por la saturaci\u00f3n y el desbordamiento requiere \u00a1ya! una urgente soluci\u00f3n por parte de Espa\u00f1a y Europa.<\/li>\n<\/ul>\n<p><img loading=\"lazy\" decoding=\"async\" class=\"size-large wp-image-8329 aligncenter\" src=\"https:\/\/canariasenpositivo.com\/wp-content\/uploads\/2024\/09\/5.-MENAS-ACOGIDOS-1024x576.jpg\" alt=\"\" width=\"660\" height=\"371\" \/><\/p>\n<p style=\"text-align: center\"><em>Los curas de El Hierro se han unido a Cruz Roja y otras ONGs ayudando especialmente a menores<\/em><\/p>\n<p>&nbsp;<\/p>\n<p><span style=\"color: #0000ff\"><strong>DESEMBARCO DE \u201cLAS SIRENAS\u201d DE LA PALMA 2024<\/strong><\/span><\/p>\n<ul>\n<li>Un a\u00f1o m\u00e1s (y creo que ya me acerco a la decena) he tenido la oportunidad, el privilegio y el sumo honor de participar en el ya tradicional \u201cDesembarco 2024\u201d de Las Sirenas de La Palma, celebrado el pasado s\u00e1bado, 31 de agosto, en la playa de La Salemera. De nuevo, la \u201cComisi\u00f3n de Desorganizaci\u00f3n\u201d, conformada este a\u00f1o por <strong>Jos\u00e9 Luis Perdig\u00f3n, Francisco Sosvilla, Neil Spindler<\/strong> y <strong>Eugenio D\u00edaz<\/strong>, ejecut\u00f3 su cometido eficazmente y todo se desarroll\u00f3 conforme al programa previsto, incluido algunos \u201cpedos\u201d magistrales protagonizados por ilustres \u201csirenas\u201d. Tras el encuentro en las instalaciones mar\u00edtimas del Real Club N\u00e1utico de Santa Cruz de La Palma, hizo su entrada la famosa sirena <strong><em>Sosohnova<\/em><\/strong>, personaje marino encarnado, un a\u00f1o m\u00e1s, por el incombustible y desinquieto <strong>V\u00edctor D\u00edaz Lorenzo<\/strong>, el querido y popular palmero reconocido por todos como <strong><em>La Negra Tomasa<\/em><\/strong> y del que les hablar\u00e9 m\u00e1s adelante. La \u201cbanda sonora\u201d fue \u201cinspirada\u201d un a\u00f1o m\u00e1s por el veterano e incansable <strong>Isidoro Rem\u00f3n<\/strong> (tradicional encargado de la megafon\u00eda, aunque ya \u201cjubilado\u201d) m\u00e1s conocido como <strong><em>\u00abEl Checheno\u00bb<\/em><\/strong>, dado que es el idioma que habla a partir de las siete de la tarde. Un a\u00f1o m\u00e1s no falt\u00f3 la m\u00fasica de circo y marchas deportivas y militares, sin olvidar a <strong><em>Paquito<\/em><\/strong><em> \u201cEl Chocolatero\u201d<\/em>. El d\u00eda se presentaba grande\u2026 y no defraud\u00f3.<\/li>\n<\/ul>\n<p><img loading=\"lazy\" decoding=\"async\" class=\"size-large wp-image-8330 aligncenter\" src=\"https:\/\/canariasenpositivo.com\/wp-content\/uploads\/2024\/09\/6.-SIRENAS-2024-1024x513.jpg\" alt=\"\" width=\"660\" height=\"331\" \/><\/p>\n<p style=\"text-align: center\"><em>Foto de familia oficial del \u201cDesembarco 2024\u201d de \u201cLas Sirenas\u201d de La Palma<\/em><\/p>\n<p><strong>\u00a0<\/strong><\/p>\n<p><span style=\"color: #0000ff\"><strong>DE LOS ALFAQUES AL DESEMBARCO DE \u201cLAS SIRENAS\u201d<\/strong><\/span><\/p>\n<ul>\n<li>Por si no conocen o no recuerdan la historia, les refrescar\u00e9 la memoria dici\u00e9ndoles que, el a\u00f1o 1983, un grupo de amigos palmeros se reun\u00edan en una zona del Real Club N\u00e1utico de Santa Cruz de La Palma que llamaban \u201cLos Alfaques\u201d, y que cada s\u00e1bado se un\u00edan al gran maestro <strong>Francisco <em>\u201cQuico\u201d<\/em> Concepci\u00f3n<\/strong> para ir con el grupo de \u201cLa Sabatina\u201d a pintar paisajes palmeros\u2026 Entre ellos estaban <strong>Miguel Perdig\u00f3n Ben\u00edtez<\/strong> (el que fuera gran alcalde de la capital palmera), el fallecido <strong>Tito Ayut <\/strong>(gran delantero del C.D. Mensajero que jug\u00f3 en el Canarias de la primera divisi\u00f3n venezolana), <strong>Roberto Amador<\/strong> (ilustre empresario) y <strong>V\u00edctor Lorenzo D\u00edaz Molina<\/strong> (el gran <strong>Sos\u00f3<\/strong>, para los amigos) Un s\u00e1bado se fueron de comida y vacil\u00f3n para Fuencaliente y, metidos en \u201csimones\u201d (l\u00e9ase buenos vasos de vino) desembarcaron en la playa \u201cpintones\u201d con sana alegr\u00eda y unas algas por la cabeza a modo de corona\u2026 Los ba\u00f1istas que por all\u00ed estaban les vieron con tan buena pinta, que comentaron\u2026 <em>\u201c\u00a1tremendo desembarco de sirenas!\u201d<\/em> \u2026 Y como son los palmeros para poner nombres a personas y cosas, \u201cSirenas\u201d les llamaron y \u201cSirenas\u201d se quedaron, repitiendo el \u201cdesembarco\u201d cada a\u00f1o en la playa de La Salemera.<\/li>\n<\/ul>\n<p><img loading=\"lazy\" decoding=\"async\" class=\"size-full wp-image-8331 aligncenter\" src=\"https:\/\/canariasenpositivo.com\/wp-content\/uploads\/2024\/09\/7.-SIRENAS-ORIGINALES.jpg\" alt=\"\" width=\"701\" height=\"470\" \/><\/p>\n<p style=\"text-align: center\"><em>Hist\u00f3rica foto de Las Sirenas, en uno de sus primeros cinco a\u00f1os de \u201cdesembarco\u201d, con algunos de sus fundadores originales.<\/em><\/p>\n<p>&nbsp;<\/p>\n<p><span style=\"color: #0000ff\"><strong>HOMENAJE P\u00d3STUMO CON FLORES Y GINEBRA<\/strong><\/span><\/p>\n<ul>\n<li>Como cada a\u00f1o, la primera \u201cestaci\u00f3n\u201d fue en el cementerio de Santa Cruz de La Palma donde, bajo la perfecta desorganizaci\u00f3n comandada por el ilustre veterinario <strong>Juan Francisco Capote<\/strong>, empedernido tenisquista, se procedi\u00f3 al tradicional homenaje a Las Sirenas ca\u00eddas en el combate de la vida, delante de sus respectivas sepulturas. En cada una de ellas se pusieron flores (rojas para los del Mensajero y blancas para los del Tenisca) que fueron regadas, como siempre, con agua y unas gotas de ginebra (siempre <em>Beefeater<\/em>) con la que seguidamente se brind\u00f3 por la memoria de cada uno. Comenzando siempre por la sepultura de <strong>Quico Concepci\u00f3n<\/strong> (maestro y pintor de La Caldera) siguiendo por las de <strong>Tom\u00e1s <em>\u201cPintito\u201d <\/em>Cabrera<\/strong>, (trabajador del aeropuerto y gran purero) <strong>Miguel Perdig\u00f3n Cabrera<\/strong> (respetado pol\u00edtico palmero) <strong>M\u00edster Sabas,<\/strong> (famoso director de circo) <strong>Volter Mart\u00edn Gonz\u00e1lez<\/strong> (ilustre pensador palmero y gran palomero) <strong>Antonio M\u00e9ndez P\u00e9rez<\/strong> (nuestro querido y recordado \u201cEnano Uno con Punto\u201d) <strong>Eugenio Carballo<\/strong> (gran forofo del Tenisca) <strong>Chach\u00edn<\/strong> (jefe de correos) y <strong>Jos\u00e9 Sosvilla <\/strong>(ilustre abogado), con especial recuerdo al bueno de <strong>Adolfo Morera <em>\u201cEl Che\u201d <\/em><\/strong>(empresario del motor)\u00a0recientemente fallecido.<\/li>\n<\/ul>\n<p><img loading=\"lazy\" decoding=\"async\" class=\"size-large wp-image-8332 aligncenter\" src=\"https:\/\/canariasenpositivo.com\/wp-content\/uploads\/2024\/09\/8.-FAMILIA-MORERA-768x1024.jpeg\" alt=\"\" width=\"660\" height=\"880\" \/><\/p>\n<p style=\"text-align: center\"><em>Omar Morera Umbert delante de la fotograf\u00eda de su padre, Adolfo Morera P\u00e9rez \u201cEl Ch\u00e9\u201d (Qepd) que estuvo presente en la mente de todos durante el desembarco 2024<\/em><\/p>\n<p>&nbsp;<\/p>\n<p><span style=\"color: #0000ff\"><strong>OFRENDA FLORAL EN LA PLAYA DE LA SALEMERA<\/strong><\/span><\/p>\n<ul>\n<li>Ya m\u00e1s tarde, antes de almorzar, en la playa de La Salemera y con el lanzamiento de ramos de flores al mar, se realizar\u00eda otro homenaje de recuerdo a <strong>Antonio Churruca<\/strong> (pr\u00e1ctico de La Palma) y a <strong>Juan Barreda<\/strong> quien, seg\u00fan dec\u00eda \u00e9l mismo, era el \u00fanico canario que emigr\u00f3 en avi\u00f3n a Venezuela y volvi\u00f3 en barco (l\u00e9ase yate de vela). Este a\u00f1o la ofrenda floral fue realizada una vez m\u00e1s, pero de forma muy especial, emotiva y entra\u00f1able por <strong>Omar Morera Umbert<\/strong>, hijo de <strong>Adolfo Morena P\u00e9rez <em>\u201cEl Che\u201d<\/em>, <\/strong>gran empresario del motor<strong>, <\/strong>fallecido hace escasamente tres meses. Luego se remat\u00f3 el \u201cdesembarco\u201d con un sabroso almuerzo en el recinto gentilmente cedido por el prestigioso psiquiatra palmero <strong>F\u00e9lix Mart\u00edn<\/strong>. Rese\u00f1ar por \u00faltimo que se ech\u00f3 en falta la presencia de quien ahora es la sirena m\u00e1s veterana en activo. Me refiero al respetado <strong>Miguel Perdig\u00f3n Ben\u00edtez<\/strong>, ilustre abogado palmero, que fue durante a\u00f1os el alcalde de Santa Cruz de La Palma. Una infortunada ca\u00edda hace pocas semanas, impidi\u00f3 a <strong>Don Miguel<\/strong> asistir al desembarco 2024, como seguro deseaba con ganas. Todas las Sirenas le deseamos una total y pronta recuperaci\u00f3n y esperamos verle con nosotros en el desembarco del pr\u00f3ximo a\u00f1o.<\/li>\n<\/ul>\n<p><img loading=\"lazy\" decoding=\"async\" class=\"size-large wp-image-8333 aligncenter\" src=\"https:\/\/canariasenpositivo.com\/wp-content\/uploads\/2024\/09\/9.-OFRENDA-EN-EL-MAR-1024x576.jpg\" alt=\"\" width=\"660\" height=\"371\" \/><\/p>\n<p style=\"text-align: center\"><em>Ofrenda floral en la Playa de La Salemera, con un especial recuerdo este a\u00f1o para Adolfo Morera \u201cEl Che\u201d, mientras Sos\u00f3 (de espalda) pronuncia unas palabras.<\/em><\/p>\n<p>&nbsp;<\/p>\n<p><span style=\"color: #0000ff\"><strong>EL GRAN \u2018SOS\u00d3\u2019 ATAVIADO DE SIRENA \u2018SOSOHNOVA\u2019<\/strong><\/span><\/p>\n<ul>\n<li>Termino dando cuenta y resaltando de manera especial la presencia estelar de quien no pod\u00eda faltar. Me refiero, por supuesto, al gran <strong>Sos\u00f3<\/strong>\u2026 Un a\u00f1o m\u00e1s, el palmero m\u00e1s conocido popularmente, <strong>V\u00edctor Lorenzo D\u00edaz Molina<\/strong>, protagoniz\u00f3 el personaje central de Las Sirenas, encarnado en el papel de la internacionalmente conocida artista ucraniana <strong><em>\u201cSosohnova\u201d<\/em><\/strong>, experta por caminar en la cuerda floja\u2026 <strong>Sos\u00f3<\/strong> estuvo este a\u00f1o durante todo el \u201ctour\u201d de Las Sirenas y protagoniz\u00f3 el toque colorista del encuentro, con su triunfal aparici\u00f3n ataviado de sirena, con dise\u00f1o exclusivo elaborado para \u00e9l, incluyendo una vistosa diadema y collares con \u201clujosos\u201d abalorios alusivos al mar.<\/li>\n<\/ul>\n<p><img loading=\"lazy\" decoding=\"async\" class=\"size-large wp-image-8335 aligncenter\" src=\"https:\/\/canariasenpositivo.com\/wp-content\/uploads\/2024\/09\/10.-CAPOTE-Y-SOSO-1024x768.jpeg\" alt=\"\" width=\"660\" height=\"495\" \/><\/p>\n<p style=\"text-align: center\"><em>V\u00edctor Lorenzo D\u00edaz, el gran Sos\u00f3 (d) ataviado con el traje que eligi\u00f3 este a\u00f1o para la sirena Sosohnova, acompa\u00f1ado de Juan Capote (i), dos grandes \u2018cuadros\u2019 palmeros.<\/em><\/p>\n<p><em>\u00a0<\/em><\/p>\n<p><span style=\"color: #0000ff\"><strong>SER 5 VECES FAMOSO POR 5 PERSONAJES DISTINTOS<\/strong><\/span><\/p>\n<ul>\n<li>Yo creo que no hay nadie en La Palma (ni fuera de ella) que no conozca a <strong>V\u00edctor Lorenzo D\u00edaz Molina<\/strong>, m\u00e1s conocido popularmente por todos como el gran <strong>Sos\u00f3<\/strong>, en sus hasta ahora 5 versiones: 1.- En su versi\u00f3n de <strong><em>\u201cEnano N\u00ba5\u201d<\/em><\/strong> cuando bailaba la tradicional \u201cDanza de Enanos\u201d de cada lustral Bajada de La <strong>Virgen de Las Nieves<\/strong> (bail\u00f3 Los Enanos 9 veces: en siete bajadas y en dos ediciones especiales: cuando vinieron los Reyes de Espa\u00f1a y con motivo del 5\u00ba Centenario) 2.- Su versi\u00f3n de <strong>\u201cCargador del Trono\u201d<\/strong>, con el traje t\u00edpico palmero, portando el primer gran trozo de trono del retablo de la <strong>Virgen Las Nieves<\/strong> en la tradicional romer\u00eda lustral de <em>\u201cLa Bajada del Trono\u201d<\/em> hacia la Parroquia Matriz de El Salvador. 3.- En su faceta de artesano para <em>\u201cLa Pandorga\u201d<\/em> y su versi\u00f3n de los mascarones, convertido en <strong><em>\u201cLa Luna de Valencia\u201d<\/em><\/strong> durante las cabalgatas. 4.- En su versi\u00f3n carnavalera encarnando a la <strong><em>\u201cLa Negra Tomasa<\/em><\/strong>\u201d en la llegada de \u201cLos Indianos\u201d de La Palma. 5.- Y en su versi\u00f3n de la artista ucraniana <strong><em>\u201cSosohnova\u201d<\/em><\/strong>, en el desembarco de \u201cLas Sirenas\u201d de La Palma. \u00bfQu\u00e9 ciudadano que usted conozca es, como <strong>Sos\u00f3<\/strong>, hasta 5 veces famoso, por encarnar en su tierra natal 5 personajes populares distintos?<\/li>\n<\/ul>\n<p><img loading=\"lazy\" decoding=\"async\" class=\"size-large wp-image-8336 aligncenter\" src=\"https:\/\/canariasenpositivo.com\/wp-content\/uploads\/2024\/09\/11.-SOSO-EN-VERSIONES-1-1024x468.jpg\" alt=\"\" width=\"660\" height=\"302\" \/><\/p>\n<p style=\"text-align: center\"><em>V\u00edctor Lorenzo D\u00edaz, el gran Sos\u00f3, recibiendo el t\u00edtulo de ciudadano de honor (i) vestido de sirena Sosohnova (c) y con el traje t\u00edpico cargando un trozo de trono de Virgen en la Bajada.<\/em><\/p>\n<p>&nbsp;<\/p>\n<p><span style=\"color: #0000ff\"><strong>UN TEMA PENDIENTE: EL HOMENAJE A \u2018SOS\u00d3\u2019, EN VIDA<\/strong><\/span><\/p>\n<ul>\n<li>El clamor de este a\u00f1o entre Las Sirenas fue el de hacer ver al presidente del Cabildo de La Palma, <strong>Sergio Rodr\u00edguez Fern\u00e1ndez <\/strong>(CC), as\u00ed como al alcalde de la capital palmera, <strong>Asier Antona G\u00f3mez<\/strong> (Partido Popular) para que se muevan pronto y, sobre todo, bien y eficazmente, de cara a tributar a <strong>V\u00edctor Lorenzo D\u00edaz Molina<\/strong> un gran y merecido homenaje \u00a1\u00a1en vida!! que nuestro gran <strong>Sos\u00f3<\/strong> se merece como nadie en la isla de La Palma. Para hacerlo realidad, nada mejor que el pr\u00f3ximo \u201ca\u00f1o lustral\u201d 2025, no s\u00e9 si en el marco de la pr\u00f3xima Bajada de la <strong>Virgen de Las Nieves<\/strong>. Hay que hacerlo \u00a1ya!&#8230; Y si recogemos las acertadas opiniones de muchas \u201csirenas\u201d el gran monumento a <strong>V\u00edctor Lorenzo D\u00edaz <\/strong>deber\u00eda incorporar un gui\u00f1o o una alegor\u00eda a cada una de esos aspectos y personajes que, todos juntos, conforman la irrepetible figura de <strong>Sos\u00f3<\/strong> (el portador del trono, el enano, el mascar\u00f3n Luna de Valencia, el artesano de La Pandorga, la Negra Tomasa y la sirena Sosohnova) \u00bfalguien puede dar m\u00e1s y tan altruistamente su vida y su tiempo de ocio por su tierra palmera, como lo dado por <strong>Sos\u00f3<\/strong>?&#8230; Termino como el a\u00f1o pasado: El d\u00eda que perdamos estos buenos ratos de culto a la amistad\u2026 apaga y v\u00e1monos\u2026<\/li>\n<\/ul>\n<p><img loading=\"lazy\" decoding=\"async\" class=\"size-large wp-image-8337 aligncenter\" src=\"https:\/\/canariasenpositivo.com\/wp-content\/uploads\/2024\/09\/12.-SOSO-EN-VERSIONES-2-1024x537.jpg\" alt=\"\" width=\"660\" height=\"346\" \/><\/p>\n<p style=\"text-align: center\"><em>V\u00edctor Lorenzo D\u00edaz, el gran Sos\u00f3, como de Enano N\u00ba5 en una Bajada (I), vestido de La Negra Tomasa en unos carnavales y disfrazado de La Luna de Valencia en los mascarones.\u00a0\u00a0 <\/em><\/p>\n<p>&nbsp;<\/p>\n<p><strong><span style=\"color: #0000ff\">RAM\u00d3N ARMADA, NUEVO JEFE DEL ESTADO MAYOR<\/span> <\/strong><\/p>\n<ul>\n<li>En mi condici\u00f3n de embajador de la Marca Ej\u00e9rcito, me complace comentarles que el general de divisi\u00f3n <strong>Ram\u00f3n Armada V\u00e1zquez<\/strong> ha regresado de nuevo a Canarias para tomar posesi\u00f3n y ocupar desde el pasado viernes la Jefatura del Estado Mayor del Mando de Canarias del Ej\u00e9rcito de Tierra, en una ceremonia, presidida por el teniente general <strong>Julio Salom Herrera<\/strong>, jefe del Mando de Canarias. En su discurso de toma de posesi\u00f3n, el general <strong>Armada<\/strong> destac\u00f3 que servir a Espa\u00f1a en la Jefatura del Estado Mayor del Mando de Canarias era un honor, tanto por la relevancia de la misi\u00f3n que tiene el Mando en la defensa de los espacios de soberan\u00eda nacional desde Canarias, Ceuta, Melilla y Baleares, como por estar a las \u00f3rdenes del teniente general <strong>Salom<\/strong> y trabajar con un personal excelente. Manifest\u00f3 que volv\u00eda ilusionado a Canarias, donde estuvo destinado m\u00e1s de seis a\u00f1os repartidos en las dos provincias, recibiendo siempre el cari\u00f1o de su poblaci\u00f3n. Agradeci\u00f3 a la ministra de Defensa, <strong>Margarita Robles<\/strong>, al jefe del Estado Mayor del Ej\u00e9rcito, en general de ej\u00e9rcito <strong>Amador Ense\u00f1at<\/strong> y al general jefe del Mando de Canarias, <strong>Julio Salom<\/strong>, la confianza que hab\u00edan depositado en \u00e9l y se comprometi\u00f3 a servir con ejemplo y lealtad.<\/li>\n<\/ul>\n<p><img loading=\"lazy\" decoding=\"async\" class=\"size-large wp-image-8338 aligncenter\" src=\"https:\/\/canariasenpositivo.com\/wp-content\/uploads\/2024\/09\/13.-TOMA-DE-POSESION-1024x772.jpg\" alt=\"\" width=\"660\" height=\"498\" \/><\/p>\n<p><em>El general Ram\u00f3n Armada V\u00e1zquez (a la izquierda con faj\u00edn rojo) junto al teniente general Julio Salom (en el centro sobre la tarima) jefe del Mando de Canarias<\/em><\/p>\n<p>&nbsp;<\/p>\n<p><span style=\"color: #0000ff\"><strong>EL GENERAL ARMADA RETORNA A LAS ISLAS CANARIAS<\/strong><\/span><\/p>\n<ul>\n<li>El nuevo jefe del Estado Mayor del Mando de Canarias, es ya un \u201chijo adoptivo\u201d de nuestra tierra, porque <strong>Ram\u00f3n Armada V\u00e1zquez<\/strong>, siendo teniente coronel, estuvo destinado de septiembre de 2011 a septiembre de 2014 en el Regimiento de Infanter\u00eda \u2018Tenerife\u2019 49, en Santa Cruz de Tenerife, como jefe del Batall\u00f3n \u201cAlbuera\u201d. De abril a octubre de 2013 despleg\u00f3 con parte de su unidad en Afganist\u00e1n, al mando de un equipo de asesoramiento y enlace de la Brigada afgana que estaba ubicada en la provincia de Badghis. En marzo de 2020, coincidiendo con el inicio del estado de alarma por la pandemia del COVID-19, ascendi\u00f3 a general de brigada y asumi\u00f3 el mando de la Brigada \u201cCanarias\u201d XVI y la Comandancia Militar de la provincia de Las Palmas. Dirigi\u00f3 el despliegue de la Brigada en el archipi\u00e9lago canario de la Operaci\u00f3n \u201cBalmis\u201d y de la posterior Operaci\u00f3n \u201cBaluarte\u201d. De diciembre 2021 a mayo 2022 despleg\u00f3 con la Brigada en la misi\u00f3n de Naciones Unidas en el L\u00edbano al mando del Sector Este. El despliegue territorial de la Brigada le ha permitido conocer las ocho islas y entablar relaci\u00f3n con la sociedad y sus autoridades. En julio 2023 asciende a general de divisi\u00f3n y hasta julio 2024, forma parte de la secretaria general de Pol\u00edtica de Defensa del Ministerio de Defensa. Desde aqu\u00ed deseamos a <strong>Ram\u00f3n Armada<\/strong> todos los \u00e9xitos que se merece en este nuevo e importante puesto.<\/li>\n<\/ul>\n<p><img loading=\"lazy\" decoding=\"async\" class=\"size-large wp-image-8339 aligncenter\" src=\"https:\/\/canariasenpositivo.com\/wp-content\/uploads\/2024\/09\/14.-JURA-DE-ARMADA-1024x683.jpg\" alt=\"\" width=\"660\" height=\"440\" \/><\/p>\n<p style=\"text-align: center\"><em>El general de divisi\u00f3n Ram\u00f3n Armada V\u00e1zquez, en el momento de jurar su nuevo cargo como jefe del Estado Mayor del Mando de Canarias del Ej\u00e9rcito de Tierra.<\/em><\/p>\n<p><em>\u00a0<\/em><\/p>\n<p><span style=\"color: #0000ff\"><strong>BRILLANTE PREG\u00d3N DE FRANCISCO GONZ\u00c1LEZ DE ALEDO<\/strong><\/span><\/p>\n<ul>\n<li>Remato <strong><em>El Cotarro<\/em><\/strong> de hoy felicitando a mi buen amigo y prestigioso abogado <strong>Francisco Gonz\u00e1lez de Aledo y Buergo<\/strong>. El pasado domingo me atrev\u00ed a pronosticar que iba a ser un pregonero \u201cde lujo\u201d para las Fiestas del <strong>Sant\u00edsimo Cristo de La Laguna<\/strong> 2024, y as\u00ed fue. Un brillante preg\u00f3n, documentado, costumbrista y muy ameno, donde <strong>Francisco Gonz\u00e1lez Aledo<\/strong>, record\u00f3 vivencias de su infancia y juventud, personajes de la vida lagunera y mucha informaci\u00f3n y an\u00e9cdotas que hizo las delicias del p\u00fablico asistente. Igualmente, brillante fueros las actuaciones del magn\u00edfico timplista <strong>V\u00edctor Est\u00e1rico<\/strong>, acompa\u00f1ado en dos ocasiones por la voz del gran <strong>Chago Meli\u00e1n<\/strong>. En la mesa presidencial estuvieron el alcalde de la Ciudad, <strong>Luis Yeray Guti\u00e9rrez P\u00e9rez<\/strong>; el obispo de nuestra Di\u00f3cesis Nivariense, <strong>Bernardo \u00c1lvarez Afonso<\/strong>; y el actual Esclavo Mayor, <strong>Francisco T\u00fabal Morales Gonz\u00e1lez<\/strong>. El preg\u00f3n fue transmitido en directo en <em>streaming<\/em> por la plataforma YouTube, y quien lo desee, puede disfrutar del mismo todas las veces que quieran, a trav\u00e9s del siguiente enlace: <a href=\"https:\/\/www.youtube.com\/watch?v=XIOpQxbZ89M\">https:\/\/www.youtube.com\/watch?v=XIOpQxbZ89M<\/a> Felicidades de nuevo a <strong>Francisco Gonz\u00e1lez Aledo<\/strong> y que nunca las ma\u00f1as pierda.<\/li>\n<\/ul>\n<p><img loading=\"lazy\" decoding=\"async\" class=\"size-large wp-image-8344 aligncenter\" src=\"https:\/\/canariasenpositivo.com\/wp-content\/uploads\/2024\/09\/15.-PREGON-PACO-ALEDO-1024x459.jpg\" alt=\"\" width=\"660\" height=\"296\" \/><\/p>\n<p style=\"text-align: center\"><em>Francisco Gonz\u00e1lez de Aledo y Buergo durante la lectura de su preg\u00f3n (i) y recibiendo al final un detalle de agradecimiento por parte del alcalde y en presencia del obispo.<\/em><\/p>\n<p>&nbsp;<\/p>\n<p><span style=\"color: #0000ff\"><strong>* Jos\u00e9 Carlos MARRERO GONZ\u00c1LEZ<\/strong><\/span><\/p>\n<p>Periodista y analista de la actualidad.<\/p>\n<p>Director de <strong><em>El Cotarro<\/em><\/strong> (www.elcotarro.com)<\/p>\n<p>Director de <strong><em>Canarias en Positivo<\/em><\/strong> (www.canariasenpositivo.com)<\/p>\n<p>Director de <strong><em>GastroCanarias<\/em><\/strong> (www.gastrocanarias.com)<\/p>\n<p>&nbsp;<\/p>\n<p>Islas Canarias, 8 de septiembre de 2024<\/p>\n<p><img loading=\"lazy\" decoding=\"async\" class=\"size-full wp-image-7956 aligncenter\" src=\"https:\/\/canariasenpositivo.com\/wp-content\/uploads\/2024\/06\/A-CARECA-INSULA.jpg\" alt=\"\" width=\"750\" height=\"153\" \/><\/p>\n","protected":false},"excerpt":{"rendered":"<p>N\u00ba522 DEL 8 DE SEPTIEMBRE DE 2024 &nbsp; \u00a0 Por Jos\u00e9 Carlos Marrero * \u00a0 \u00a0 GRITO DE CLAVIJO: \u00a1ESTAMOS SOLOS Y ABANDONADOS! Comienzo El Cotarro de este domingo con el mismo titulillo de la pasada semana. Y lo empiezo condes\u00e1ndoles que, por lo que veo y siento, cada d\u00eda es m\u00e1s dif\u00edcil, complicado y &#8230; <a class=\"read-more\" href=\"https:\/\/elcotarro.com\/?p=10907\">Read more<\/a><\/p>\n","protected":false},"author":2,"featured_media":0,"comment_status":"open","ping_status":"open","sticky":false,"template":"","format":"standard","meta":{"_jetpack_memberships_contains_paid_content":false,"footnotes":""},"categories":[4],"tags":[],"class_list":["post-10907","post","type-post","status-publish","format-standard","hentry","category-el-cotarro"],"yoast_head":"<!-- This site is optimized with the Yoast SEO plugin v27.0 - https:\/\/yoast.com\/product\/yoast-seo-wordpress\/ -->\n<title>EL COTARRO \/ 522, DEL DOMINGO, 08\/09\/2024 - El Cotarro<\/title>\n<meta name=\"robots\" content=\"index, follow, max-snippet:-1, max-image-preview:large, max-video-preview:-1\" \/>\n<link rel=\"canonical\" href=\"https:\/\/elcotarro.com\/?p=10907\" \/>\n<meta property=\"og:locale\" content=\"es_ES\" \/>\n<meta property=\"og:type\" content=\"article\" \/>\n<meta property=\"og:title\" content=\"EL COTARRO \/ 522, DEL DOMINGO, 08\/09\/2024 - El Cotarro\" \/>\n<meta property=\"og:description\" content=\"N\u00ba522 DEL 8 DE SEPTIEMBRE DE 2024 &nbsp; \u00a0 Por Jos\u00e9 Carlos Marrero * \u00a0 \u00a0 GRITO DE CLAVIJO: \u00a1ESTAMOS SOLOS Y ABANDONADOS! Comienzo El Cotarro de este domingo con el mismo titulillo de la pasada semana. Y lo empiezo condes\u00e1ndoles que, por lo que veo y siento, cada d\u00eda es m\u00e1s dif\u00edcil, complicado y ... Read more\" \/>\n<meta property=\"og:url\" content=\"https:\/\/elcotarro.com\/?p=10907\" \/>\n<meta property=\"og:site_name\" content=\"El Cotarro\" \/>\n<meta property=\"article:publisher\" content=\"https:\/\/www.facebook.com\/ElCotarro.Tenerife\" \/>\n<meta property=\"article:published_time\" content=\"2024-09-07T23:43:50+00:00\" \/>\n<meta property=\"article:modified_time\" content=\"2024-09-08T10:42:14+00:00\" \/>\n<meta property=\"og:image\" content=\"https:\/\/canariasenpositivo.com\/wp-content\/uploads\/2024\/04\/EL-COTARRO-CABECERA-1024x122.jpg\" \/>\n<meta name=\"author\" content=\"Jos\u00e9 Carlos Marrero Gonz\u00e1lez\" \/>\n<meta name=\"twitter:label1\" content=\"Escrito por\" \/>\n\t<meta name=\"twitter:data1\" content=\"Jos\u00e9 Carlos Marrero Gonz\u00e1lez\" \/>\n\t<meta name=\"twitter:label2\" content=\"Tiempo de lectura\" \/>\n\t<meta name=\"twitter:data2\" content=\"20 minutos\" \/>\n<script type=\"application\/ld+json\" class=\"yoast-schema-graph\">{\"@context\":\"https:\/\/schema.org\",\"@graph\":[{\"@type\":\"Article\",\"@id\":\"https:\/\/elcotarro.com\/?p=10907#article\",\"isPartOf\":{\"@id\":\"https:\/\/elcotarro.com\/?p=10907\"},\"author\":{\"name\":\"Jos\u00e9 Carlos Marrero Gonz\u00e1lez\",\"@id\":\"https:\/\/elcotarro.com\/#\/schema\/person\/af537ee7d60d15984c7e0affcd8a918b\"},\"headline\":\"EL COTARRO \/ 522, DEL DOMINGO, 08\/09\/2024\",\"datePublished\":\"2024-09-07T23:43:50+00:00\",\"dateModified\":\"2024-09-08T10:42:14+00:00\",\"mainEntityOfPage\":{\"@id\":\"https:\/\/elcotarro.com\/?p=10907\"},\"wordCount\":3811,\"commentCount\":0,\"publisher\":{\"@id\":\"https:\/\/elcotarro.com\/#organization\"},\"image\":{\"@id\":\"https:\/\/elcotarro.com\/?p=10907#primaryimage\"},\"thumbnailUrl\":\"https:\/\/canariasenpositivo.com\/wp-content\/uploads\/2024\/04\/EL-COTARRO-CABECERA-1024x122.jpg\",\"articleSection\":[\"El Cotarro\"],\"inLanguage\":\"es\",\"potentialAction\":[{\"@type\":\"CommentAction\",\"name\":\"Comment\",\"target\":[\"https:\/\/elcotarro.com\/?p=10907#respond\"]}]},{\"@type\":\"WebPage\",\"@id\":\"https:\/\/elcotarro.com\/?p=10907\",\"url\":\"https:\/\/elcotarro.com\/?p=10907\",\"name\":\"EL COTARRO \/ 522, DEL DOMINGO, 08\/09\/2024 - El Cotarro\",\"isPartOf\":{\"@id\":\"https:\/\/elcotarro.com\/#website\"},\"primaryImageOfPage\":{\"@id\":\"https:\/\/elcotarro.com\/?p=10907#primaryimage\"},\"image\":{\"@id\":\"https:\/\/elcotarro.com\/?p=10907#primaryimage\"},\"thumbnailUrl\":\"https:\/\/canariasenpositivo.com\/wp-content\/uploads\/2024\/04\/EL-COTARRO-CABECERA-1024x122.jpg\",\"datePublished\":\"2024-09-07T23:43:50+00:00\",\"dateModified\":\"2024-09-08T10:42:14+00:00\",\"breadcrumb\":{\"@id\":\"https:\/\/elcotarro.com\/?p=10907#breadcrumb\"},\"inLanguage\":\"es\",\"potentialAction\":[{\"@type\":\"ReadAction\",\"target\":[\"https:\/\/elcotarro.com\/?p=10907\"]}]},{\"@type\":\"ImageObject\",\"inLanguage\":\"es\",\"@id\":\"https:\/\/elcotarro.com\/?p=10907#primaryimage\",\"url\":\"https:\/\/canariasenpositivo.com\/wp-content\/uploads\/2024\/04\/EL-COTARRO-CABECERA-1024x122.jpg\",\"contentUrl\":\"https:\/\/canariasenpositivo.com\/wp-content\/uploads\/2024\/04\/EL-COTARRO-CABECERA-1024x122.jpg\"},{\"@type\":\"BreadcrumbList\",\"@id\":\"https:\/\/elcotarro.com\/?p=10907#breadcrumb\",\"itemListElement\":[{\"@type\":\"ListItem\",\"position\":1,\"name\":\"Portada\",\"item\":\"https:\/\/elcotarro.com\/\"},{\"@type\":\"ListItem\",\"position\":2,\"name\":\"EL COTARRO \/ 522, DEL DOMINGO, 08\/09\/2024\"}]},{\"@type\":\"WebSite\",\"@id\":\"https:\/\/elcotarro.com\/#website\",\"url\":\"https:\/\/elcotarro.com\/\",\"name\":\"El Cotarro\",\"description\":\"Peri\u00f3dico Digital Independiente dirigido por Jos\u00e9 Carlos Marrero\",\"publisher\":{\"@id\":\"https:\/\/elcotarro.com\/#organization\"},\"potentialAction\":[{\"@type\":\"SearchAction\",\"target\":{\"@type\":\"EntryPoint\",\"urlTemplate\":\"https:\/\/elcotarro.com\/?s={search_term_string}\"},\"query-input\":{\"@type\":\"PropertyValueSpecification\",\"valueRequired\":true,\"valueName\":\"search_term_string\"}}],\"inLanguage\":\"es\"},{\"@type\":\"Organization\",\"@id\":\"https:\/\/elcotarro.com\/#organization\",\"name\":\"El Cotarro\",\"url\":\"https:\/\/elcotarro.com\/\",\"logo\":{\"@type\":\"ImageObject\",\"inLanguage\":\"es\",\"@id\":\"https:\/\/elcotarro.com\/#\/schema\/logo\/image\/\",\"url\":\"https:\/\/elcotarro.com\/wp-content\/uploads\/2014\/09\/Cabecera_El_Cotarro_v2.jpg\",\"contentUrl\":\"https:\/\/elcotarro.com\/wp-content\/uploads\/2014\/09\/Cabecera_El_Cotarro_v2.jpg\",\"width\":3540,\"height\":441,\"caption\":\"El Cotarro\"},\"image\":{\"@id\":\"https:\/\/elcotarro.com\/#\/schema\/logo\/image\/\"},\"sameAs\":[\"https:\/\/www.facebook.com\/ElCotarro.Tenerife\"]},{\"@type\":\"Person\",\"@id\":\"https:\/\/elcotarro.com\/#\/schema\/person\/af537ee7d60d15984c7e0affcd8a918b\",\"name\":\"Jos\u00e9 Carlos Marrero Gonz\u00e1lez\",\"image\":{\"@type\":\"ImageObject\",\"inLanguage\":\"es\",\"@id\":\"https:\/\/elcotarro.com\/#\/schema\/person\/image\/\",\"url\":\"https:\/\/secure.gravatar.com\/avatar\/def4da036efb5d32c74d49c351f6dccc064dd69ad9f3aadc295c5a9a5391ca01?s=96&d=mm&r=g\",\"contentUrl\":\"https:\/\/secure.gravatar.com\/avatar\/def4da036efb5d32c74d49c351f6dccc064dd69ad9f3aadc295c5a9a5391ca01?s=96&d=mm&r=g\",\"caption\":\"Jos\u00e9 Carlos Marrero Gonz\u00e1lez\"},\"sameAs\":[\"https:\/\/elcotarro.com\"],\"url\":\"https:\/\/elcotarro.com\/?author=2\"}]}<\/script>\n<!-- \/ Yoast SEO plugin. -->","yoast_head_json":{"title":"EL COTARRO \/ 522, DEL DOMINGO, 08\/09\/2024 - El Cotarro","robots":{"index":"index","follow":"follow","max-snippet":"max-snippet:-1","max-image-preview":"max-image-preview:large","max-video-preview":"max-video-preview:-1"},"canonical":"https:\/\/elcotarro.com\/?p=10907","og_locale":"es_ES","og_type":"article","og_title":"EL COTARRO \/ 522, DEL DOMINGO, 08\/09\/2024 - El Cotarro","og_description":"N\u00ba522 DEL 8 DE SEPTIEMBRE DE 2024 &nbsp; \u00a0 Por Jos\u00e9 Carlos Marrero * \u00a0 \u00a0 GRITO DE CLAVIJO: \u00a1ESTAMOS SOLOS Y ABANDONADOS! Comienzo El Cotarro de este domingo con el mismo titulillo de la pasada semana. Y lo empiezo condes\u00e1ndoles que, por lo que veo y siento, cada d\u00eda es m\u00e1s dif\u00edcil, complicado y ... Read more","og_url":"https:\/\/elcotarro.com\/?p=10907","og_site_name":"El Cotarro","article_publisher":"https:\/\/www.facebook.com\/ElCotarro.Tenerife","article_published_time":"2024-09-07T23:43:50+00:00","article_modified_time":"2024-09-08T10:42:14+00:00","og_image":[{"url":"https:\/\/canariasenpositivo.com\/wp-content\/uploads\/2024\/04\/EL-COTARRO-CABECERA-1024x122.jpg","type":"","width":"","height":""}],"author":"Jos\u00e9 Carlos Marrero Gonz\u00e1lez","twitter_misc":{"Escrito por":"Jos\u00e9 Carlos Marrero Gonz\u00e1lez","Tiempo de lectura":"20 minutos"},"schema":{"@context":"https:\/\/schema.org","@graph":[{"@type":"Article","@id":"https:\/\/elcotarro.com\/?p=10907#article","isPartOf":{"@id":"https:\/\/elcotarro.com\/?p=10907"},"author":{"name":"Jos\u00e9 Carlos Marrero Gonz\u00e1lez","@id":"https:\/\/elcotarro.com\/#\/schema\/person\/af537ee7d60d15984c7e0affcd8a918b"},"headline":"EL COTARRO \/ 522, DEL DOMINGO, 08\/09\/2024","datePublished":"2024-09-07T23:43:50+00:00","dateModified":"2024-09-08T10:42:14+00:00","mainEntityOfPage":{"@id":"https:\/\/elcotarro.com\/?p=10907"},"wordCount":3811,"commentCount":0,"publisher":{"@id":"https:\/\/elcotarro.com\/#organization"},"image":{"@id":"https:\/\/elcotarro.com\/?p=10907#primaryimage"},"thumbnailUrl":"https:\/\/canariasenpositivo.com\/wp-content\/uploads\/2024\/04\/EL-COTARRO-CABECERA-1024x122.jpg","articleSection":["El Cotarro"],"inLanguage":"es","potentialAction":[{"@type":"CommentAction","name":"Comment","target":["https:\/\/elcotarro.com\/?p=10907#respond"]}]},{"@type":"WebPage","@id":"https:\/\/elcotarro.com\/?p=10907","url":"https:\/\/elcotarro.com\/?p=10907","name":"EL COTARRO \/ 522, DEL DOMINGO, 08\/09\/2024 - El Cotarro","isPartOf":{"@id":"https:\/\/elcotarro.com\/#website"},"primaryImageOfPage":{"@id":"https:\/\/elcotarro.com\/?p=10907#primaryimage"},"image":{"@id":"https:\/\/elcotarro.com\/?p=10907#primaryimage"},"thumbnailUrl":"https:\/\/canariasenpositivo.com\/wp-content\/uploads\/2024\/04\/EL-COTARRO-CABECERA-1024x122.jpg","datePublished":"2024-09-07T23:43:50+00:00","dateModified":"2024-09-08T10:42:14+00:00","breadcrumb":{"@id":"https:\/\/elcotarro.com\/?p=10907#breadcrumb"},"inLanguage":"es","potentialAction":[{"@type":"ReadAction","target":["https:\/\/elcotarro.com\/?p=10907"]}]},{"@type":"ImageObject","inLanguage":"es","@id":"https:\/\/elcotarro.com\/?p=10907#primaryimage","url":"https:\/\/canariasenpositivo.com\/wp-content\/uploads\/2024\/04\/EL-COTARRO-CABECERA-1024x122.jpg","contentUrl":"https:\/\/canariasenpositivo.com\/wp-content\/uploads\/2024\/04\/EL-COTARRO-CABECERA-1024x122.jpg"},{"@type":"BreadcrumbList","@id":"https:\/\/elcotarro.com\/?p=10907#breadcrumb","itemListElement":[{"@type":"ListItem","position":1,"name":"Portada","item":"https:\/\/elcotarro.com\/"},{"@type":"ListItem","position":2,"name":"EL COTARRO \/ 522, DEL DOMINGO, 08\/09\/2024"}]},{"@type":"WebSite","@id":"https:\/\/elcotarro.com\/#website","url":"https:\/\/elcotarro.com\/","name":"El Cotarro","description":"Peri\u00f3dico Digital Independiente dirigido por Jos\u00e9 Carlos Marrero","publisher":{"@id":"https:\/\/elcotarro.com\/#organization"},"potentialAction":[{"@type":"SearchAction","target":{"@type":"EntryPoint","urlTemplate":"https:\/\/elcotarro.com\/?s={search_term_string}"},"query-input":{"@type":"PropertyValueSpecification","valueRequired":true,"valueName":"search_term_string"}}],"inLanguage":"es"},{"@type":"Organization","@id":"https:\/\/elcotarro.com\/#organization","name":"El Cotarro","url":"https:\/\/elcotarro.com\/","logo":{"@type":"ImageObject","inLanguage":"es","@id":"https:\/\/elcotarro.com\/#\/schema\/logo\/image\/","url":"https:\/\/elcotarro.com\/wp-content\/uploads\/2014\/09\/Cabecera_El_Cotarro_v2.jpg","contentUrl":"https:\/\/elcotarro.com\/wp-content\/uploads\/2014\/09\/Cabecera_El_Cotarro_v2.jpg","width":3540,"height":441,"caption":"El Cotarro"},"image":{"@id":"https:\/\/elcotarro.com\/#\/schema\/logo\/image\/"},"sameAs":["https:\/\/www.facebook.com\/ElCotarro.Tenerife"]},{"@type":"Person","@id":"https:\/\/elcotarro.com\/#\/schema\/person\/af537ee7d60d15984c7e0affcd8a918b","name":"Jos\u00e9 Carlos Marrero Gonz\u00e1lez","image":{"@type":"ImageObject","inLanguage":"es","@id":"https:\/\/elcotarro.com\/#\/schema\/person\/image\/","url":"https:\/\/secure.gravatar.com\/avatar\/def4da036efb5d32c74d49c351f6dccc064dd69ad9f3aadc295c5a9a5391ca01?s=96&d=mm&r=g","contentUrl":"https:\/\/secure.gravatar.com\/avatar\/def4da036efb5d32c74d49c351f6dccc064dd69ad9f3aadc295c5a9a5391ca01?s=96&d=mm&r=g","caption":"Jos\u00e9 Carlos Marrero Gonz\u00e1lez"},"sameAs":["https:\/\/elcotarro.com"],"url":"https:\/\/elcotarro.com\/?author=2"}]}},"jetpack_featured_media_url":"","jetpack_sharing_enabled":true,"_links":{"self":[{"href":"https:\/\/elcotarro.com\/index.php?rest_route=\/wp\/v2\/posts\/10907","targetHints":{"allow":["GET"]}}],"collection":[{"href":"https:\/\/elcotarro.com\/index.php?rest_route=\/wp\/v2\/posts"}],"about":[{"href":"https:\/\/elcotarro.com\/index.php?rest_route=\/wp\/v2\/types\/post"}],"author":[{"embeddable":true,"href":"https:\/\/elcotarro.com\/index.php?rest_route=\/wp\/v2\/users\/2"}],"replies":[{"embeddable":true,"href":"https:\/\/elcotarro.com\/index.php?rest_route=%2Fwp%2Fv2%2Fcomments&post=10907"}],"version-history":[{"count":3,"href":"https:\/\/elcotarro.com\/index.php?rest_route=\/wp\/v2\/posts\/10907\/revisions"}],"predecessor-version":[{"id":10910,"href":"https:\/\/elcotarro.com\/index.php?rest_route=\/wp\/v2\/posts\/10907\/revisions\/10910"}],"wp:attachment":[{"href":"https:\/\/elcotarro.com\/index.php?rest_route=%2Fwp%2Fv2%2Fmedia&parent=10907"}],"wp:term":[{"taxonomy":"category","embeddable":true,"href":"https:\/\/elcotarro.com\/index.php?rest_route=%2Fwp%2Fv2%2Fcategories&post=10907"},{"taxonomy":"post_tag","embeddable":true,"href":"https:\/\/elcotarro.com\/index.php?rest_route=%2Fwp%2Fv2%2Ftags&post=10907"}],"curies":[{"name":"wp","href":"https:\/\/api.w.org\/{rel}","templated":true}]}}