{"id":10930,"date":"2024-10-13T00:15:25","date_gmt":"2024-10-12T23:15:25","guid":{"rendered":"https:\/\/elcotarro.com\/?p=10930"},"modified":"2024-10-12T23:17:00","modified_gmt":"2024-10-12T22:17:00","slug":"el-cotarro-527-del-domingo-13-10-2024","status":"publish","type":"post","link":"https:\/\/elcotarro.com\/?p=10930","title":{"rendered":"EL COTARRO \/ 527, DEL DOMINGO, 13\/10\/2024"},"content":{"rendered":"<p><img loading=\"lazy\" decoding=\"async\" class=\"size-large wp-image-7639 aligncenter\" src=\"https:\/\/canariasenpositivo.com\/wp-content\/uploads\/2024\/04\/EL-COTARRO-CABECERA-1024x122.jpg\" alt=\"\" width=\"660\" height=\"79\" \/><\/p>\n<p style=\"text-align: center\"><span style=\"color: #ff0000\"><strong>N\u00ba527 DEL 13 DE OCTUBRE DE 2024<\/strong><\/span><\/p>\n<p>&nbsp;<\/p>\n<p><em>\u00a0<\/em><\/p>\n<p><span style=\"color: #0000ff\"><em>Por <strong>Jos\u00e9 Carlos Marrero *<\/strong><\/em><\/span><\/p>\n<p><strong>\u00a0<\/strong><\/p>\n<p><strong>\u00a0<\/strong><\/p>\n<p><span style=\"color: #0000ff\"><strong>BUSCANDO SOLUCIONES PARA UN PERVERSO DILEMA<\/strong><\/span><\/p>\n<ul>\n<li>Nadie puede dudar de mi ya vieja opini\u00f3n (manifestada aqu\u00ed muchas veces) en el sentido de que, para resolver la triste problem\u00e1tica del bloqueo de camas en nuestros hospitales, cuando muchos de los pacientes que las ocupan est\u00e1n en situaci\u00f3n oficial de \u201calta administrativa\u201d. O sea, lo que popularmente decimos, est\u00e1n \u201cdados de alta\u201d, pero no se van porque no tienen familia que les acoja, o porque sus familiares no pueden (o no quieren) hacerse cargo de ellos (con mayor, menor o ninguna raz\u00f3n). Esta tan cruda y triste como real y situaci\u00f3n, hace que un gerente de hospital, como le ocurre a <strong>Adasat Goya Gonz\u00e1lez<\/strong> en el Hospital Universitario de Canarias (HUC) tenga que lidiar con una problem\u00e1tica dif\u00edcilmente solucionable a corto plazo. Y esa situaci\u00f3n, a su vez, pone a <strong>Adasat<\/strong> en una perversa tesitura, en un cruel dilema: O las pocas camas que quedan libres las utilizamos para bajar las listas de espera de intervenciones quir\u00fargicas, o las utilizamos para sacar pacientes de Urgencia, que est\u00e1n muchas veces por los pasillos y colapsando el Servicio en camas que ya no les corresponden (porque ya est\u00e1n diagnosticados y tratados debidamente, quedando a la espera de pasar a la planta que en verdad le corresponde por su patolog\u00eda). Pu\u00f1etero dilema para <strong>Adasat<\/strong> y cualquier gerente.<\/li>\n<\/ul>\n<p><img loading=\"lazy\" decoding=\"async\" class=\"size-full wp-image-8464 aligncenter\" src=\"https:\/\/canariasenpositivo.com\/wp-content\/uploads\/2024\/10\/1.-ADASAT-FERNANDO-Y-ESTHER.jpg\" alt=\"\" width=\"759\" height=\"742\" \/><\/p>\n<p style=\"text-align: center\"><em>El gerente, Adasat Goya Gonz\u00e1lez (i) junto a la consejera Esther Monz\u00f3n (d) oyendo a Fernando Clavijo (c) tras abrir la secci\u00f3n de Urgencias pedi\u00e1tricas en el HUC.<\/em><\/p>\n<p>&nbsp;<\/p>\n<p><span style=\"color: #0000ff\"><strong>CRUDA REALIDAD, TRISTE DILEMA Y ALGUNA SOLUCI\u00d3N<\/strong><\/span><\/p>\n<ul>\n<li>Esta triste y cruda realidad, este doloroso \u201cv\u00eda crucis\u201d que apechuga <strong>Adasat Goya<\/strong> <strong>Gonz\u00e1lez<\/strong> en el HUC, no es menor que el que puede estar acarreando el doctor <strong>Roberto G\u00f3mez Pescoso<\/strong>, como gerente de nuestro otro centro hospitalario de referencia, el Hospital Universitario Nuestra Se\u00f1ora de la Candelaria (HUNSC) de Canarias, o como el que, en Gran Canaria, est\u00e1 sufriendo el doctor <strong>Miguel \u00c1ngel Ponce Gonz\u00e1lez<\/strong> como gerente del Hospital Doctor Negr\u00edn. Pero es que, adem\u00e1s y aparte de la cruda realidad que viene de la atenci\u00f3n a los pacientes y el dilema entre camas en planta para operaciones y bajar las listas de espera, o camas en planta para aligerar la presi\u00f3n en los servicios de Urgencia, est\u00e1 la otra \u201ccruz\u201d, que pone a los gerentes entre la espada y la pared. Me refiero a la pared de la realidad que soportan en sus respectivos hospitales, y la espada de la doctora <strong>Esther Mar\u00eda Monz\u00f3n Monz\u00f3n<\/strong>, actual consejera de Sanidad del Gobierno de Canarias, que en definitiva representa a todo el Gobierno de Canarias que preside Fernando Clavijo y que, como a anteriores consejeros de Sanidad, parece que les importa m\u00e1s bajar las listas de espera, que aligerar la presi\u00f3n en los servicios de Urgencia. Ante estas realidades y dilemas\u2026 \u00bfQu\u00e9 se puede hacer?<\/li>\n<\/ul>\n<p><img loading=\"lazy\" decoding=\"async\" class=\"size-large wp-image-8465 aligncenter\" src=\"https:\/\/canariasenpositivo.com\/wp-content\/uploads\/2024\/10\/2.-PASILLOS-DR.-NEGRIN-2-1024x717.jpg\" alt=\"\" width=\"660\" height=\"462\" \/><\/p>\n<p style=\"text-align: center\"><em>Momento de saturaci\u00f3n en el Servicio de Urgencias del Hospital Universitario Dr. Negr\u00edn, en Las Palmas de Gran Canaria, con pacientes en camillas por los pasillos.<\/em><\/p>\n<p>&nbsp;<\/p>\n<p><span style=\"color: #0000ff\"><strong>TODOS MUCHO \u201cJABLA, JABLA\u201d Y POCO \u201cJACE, JACE\u201d<\/strong><\/span><\/p>\n<ul>\n<li>Mucha m\u00e1s gente conocedora del tema y much\u00edsimo m\u00e1s preparada que yo ha dicho que la soluci\u00f3n est\u00e1 en la urgente creaci\u00f3n y puesta en marcha de centros sociosanitarios que puedan acoger y atender debidamente a enfermos de larga estancia o dependientes totales, que no deben estar ocupando y bloqueando camas en los hospitales de tercer nivel y referencia en Canarias. Mucho antes de que la doctora <strong>Marisol Pastor Santove\u00f1a<\/strong> ostentara la gerencia del HUC, ya se hablaba de la urgencia de contar con m\u00e1s centros sociosanitarios. Se coment\u00f3 que deber\u00edan ser centros relativamente peque\u00f1os, f\u00e1cilmente manejables, gestionables y muy efectivos, con capacidad para unas 100 camas y otros tantos pacientes. Centros que deber\u00edan estar repartidos por todas las islas, para que, adem\u00e1s, las personas ingresadas en ellos, estuvieran cerca de sus habituales lugares de residencia y, por tanto, de sus familiares y amigos. En la isla de Tenerife se habl\u00f3 de unos 10 centros debidamente repartidos, que, a 100 camas cada uno, podr\u00edan desbloquear 1000 camas hospitalarios, hoy indebidamente ocupadas. Pero han pasado por la presidencia del Gobierno y por la consejer\u00eda de Sanidad pol\u00edticos de varios partidos y la problem\u00e1tica sigue no igual, sino peor. Mucho \u201cjabla, jabla\u201d y poco \u201cjace, jace\u201d<\/li>\n<\/ul>\n<p><img loading=\"lazy\" decoding=\"async\" class=\"size-large wp-image-8466 aligncenter\" src=\"https:\/\/canariasenpositivo.com\/wp-content\/uploads\/2024\/10\/3.-HUC-1024x593.jpg\" alt=\"\" width=\"660\" height=\"382\" \/><\/p>\n<p style=\"text-align: center\"><em>El desahogo de los hospitales canarios de referencia (como el HUC, en la foto) pasa por la urgente creaci\u00f3n o habilitaci\u00f3n de centros de atenci\u00f3n sociosanitaria.<\/em><\/p>\n<p>&nbsp;<\/p>\n<p><span style=\"color: #0000ff\"><strong>UNA DISCREPANCIA CON ROSA D\u00c1VILA\u2026 EN POSITIVO<\/strong><\/span><\/p>\n<ul>\n<li>Todo esto viene a cuento porque, esta pasada semana, medio de toda esta problem\u00e1tica realidad, <strong>Rosa D\u00e1vila Mamely <\/strong>(CC), la actual presidenta del Cabildo Insular de Tenerife, ha anunciado que en los terrenos que hoy ocupa el emblem\u00e1tico y hoy casi abandonado acuartelamiento de Artiller\u00eda, junto a la Plaza del Cristo de La Laguna, que pr\u00f3ximamente va a ser desafectado por el ministerio de Defensa y comprado por el Cabildo tinerfe\u00f1o, podr\u00eda construirse uno de esos mencionados centros sociosanitarios que tanta falta hacen. No s\u00e9 qu\u00e9 puede, debe o tiene que decir al respecto el alcalde de La Laguna, <strong>Luis Yeray Guti\u00e9rrez P\u00e9rez<\/strong> (PSOE) y la corporaci\u00f3n lagunera que preside. Pero me atrevo a discrepar con <strong>Rosa D\u00e1vila<\/strong>\u2026 en positivo. Varias han sido en los \u00faltimos 40 a\u00f1os las propuestas planteadas hacer realidad en el espacio que hoy ocupan las instalaciones del acuartelamiento (un Parador Nacional, la Facultad de Ciencias de la Educaci\u00f3n, viviendas sociales y, ahora, por \u00faltimo, un centro sociosanitario). Esa soluci\u00f3n, sea dicho con todo respeto, podr\u00eda ser un grave, equivocado e irreversible error para La Laguna, que, dicho sea de paso, tiene otras posibles ubicaciones para el necesario centro sociosanitario, incluso m\u00e1s r\u00e1pidas y mejores.<\/li>\n<\/ul>\n<p><img loading=\"lazy\" decoding=\"async\" class=\"size-large wp-image-8467 aligncenter\" src=\"https:\/\/canariasenpositivo.com\/wp-content\/uploads\/2024\/10\/4.-ROSA-DAVILA-1024x683.jpg\" alt=\"\" width=\"660\" height=\"440\" \/><\/p>\n<p style=\"text-align: center\"><em>Rosa D\u00e1vila Mamely, actual presidenta del Cabildo Insular de Tenerife, est\u00e1 curr\u00e1ndoselo y lo quiere hacer bien, pero, en alg\u00fan caso, puede faltarle informaci\u00f3n.<\/em><\/p>\n<p><em>\u00a0<\/em><\/p>\n<p><span style=\"color: #0000ff\"><strong>DISCREPANDO, S\u00cd\u2026 PERO APORTANDO SOLUCIONES<\/strong><\/span><\/p>\n<ul>\n<li>Les puedo adelantar que un grupo de ciudadanas y ciudadanos laguneros independientes, lleva varios a\u00f1os estudiando y trabajando (siempre en positivo) sobre una innovadora y audaz idea para La Laguna, que, seguramente, podr\u00eda ser presentada antes de este pr\u00f3ximo fin de a\u00f1o. Habr\u00e1 que ver hasta qu\u00e9 punto son receptivos <strong>Rosa D\u00e1vila<\/strong> desde la Presidencia del Cabildo y <strong>Luis Yeray Guti\u00e9rrez<\/strong>, desde la Alcald\u00eda lagunera, para abrirse (tambi\u00e9n en positivo) y analizar la mencionada propuesta, en el marco de la actual problem\u00e1tica lagunera desde varios prismas y puntos de vista al mismo tiempo, pero, sobre todo, con amplia visi\u00f3n de futuro. Y tambi\u00e9n (todo hay que decirlo) habr\u00e1 que ver lo que piensan, opinan y c\u00f3mo act\u00faan los portavoces de las restantes formaciones pol\u00edticas presentes en la corporaci\u00f3n lagunera: <strong>Juan Antonio Molina<\/strong> (PP), <strong>Rubens Ascanio<\/strong> (USP) <strong>Manuel Rodr\u00edguez<\/strong> (Vox) y <strong>Alberto Rodr\u00edguez<\/strong> (DVC). Siempre he penado que la mejor manera de hacer oposici\u00f3n constructiva es planteando y aportando soluciones o posibles soluciones a cada problem\u00e1tica, por encima de ideolog\u00edas y partidos.<\/li>\n<\/ul>\n<p><img loading=\"lazy\" decoding=\"async\" class=\"size-large wp-image-8468 aligncenter\" src=\"https:\/\/canariasenpositivo.com\/wp-content\/uploads\/2024\/10\/5.-MESA-MOTA-AEREA-1024x655.jpg\" alt=\"\" width=\"660\" height=\"422\" \/><\/p>\n<p style=\"text-align: center\"><em>Una oportunidad casi \u00fanica. El gran espacio ocupado actualmente por las ruinas vandalizadas de lo que fue el Club de Tiro de la Mesa Mota, en La Laguna. Vistas panor\u00e1micas, tranquilidad a tope, grandes espacios para crecer en posibles ampliaciones, terrenos para pasear o hacer deporte, etc.<\/em><\/p>\n<p>&nbsp;<\/p>\n<p><span style=\"color: #0000ff\"><strong>MUCHO M\u00c1S ALL\u00c1 DE CREENCIAS Y \u201cPRACTICANCIAS\u201d<\/strong><\/span><\/p>\n<ul>\n<li>Por encima de las creencias religiosas de cada cual y de su mayor o menor \u201cpracticancia\u201d est\u00e1 la educaci\u00f3n y el debido respeto que toda la ciudadan\u00eda debe tener a quien, libre y voluntariamente, se sienta cristiano, cat\u00f3lico, protestante, jud\u00edo, hinduista, musulm\u00e1n, budista, o cualquier otra fe, religi\u00f3n o incluso a quien se declare ateo. Esa educaci\u00f3n y respeto debe extenderse a los rituales y las expresiones externas de cada una de estas religiones. El pasado viernes (una vez m\u00e1s) un espect\u00e1culo c\u00f3mico se desarrollaba en la lagunera Plaza del Cristo, justo a la misma hora en que el en Real Santuario del <strong>Cristo de La Laguna<\/strong> se celebraba la habitual misa de las 8:00 de la noche, que la conocen y respetan hasta los ateos laguneros. El espect\u00e1culo y los actores (a los que reconozco y respeto) se celebraba en el marco del programa de actividades de la Feria del Libro en La Laguna, que no s\u00e9 de qu\u00e9 concejal\u00eda depende. S\u00e9 que all\u00ed estaba (porque lo vi y salud\u00e9) el concejal de Fiestas, <strong>Dailos Gonz\u00e1lez Ferrera<\/strong>. Pero lo cierto y verdad, es que los responsables pol\u00edticos y t\u00e9cnicos de la concejal\u00eda responsable del evento, se pasaron por el arco del triunfo el m\u00ednimo respeto que deb\u00edan haber tenido con la iglesia (cat\u00f3lica, en este caso), la habitual celebraci\u00f3n religiosa y los fieles presentes.<\/li>\n<\/ul>\n<p><img loading=\"lazy\" decoding=\"async\" class=\"size-full wp-image-8469 aligncenter\" src=\"https:\/\/canariasenpositivo.com\/wp-content\/uploads\/2024\/10\/6.-MISA-EN-EL-CRISTO.jpeg\" alt=\"\" width=\"1000\" height=\"563\" \/><\/p>\n<p style=\"text-align: center\"><em>El Santuario del Cristo de La Laguna, durante la celebraci\u00f3n de la misa de las 20:00<\/em><\/p>\n<p>&nbsp;<\/p>\n<p><span style=\"color: #0000ff\"><strong>UNA SENCILLA CUESTI\u00d3N DE EDUCACI\u00d3N Y RESPETO<\/strong><\/span><\/p>\n<ul>\n<li>En medio de la paciencia del sacerdote <strong>V\u00edctor \u00c1lvarez<\/strong> rector del santuario que celebraba la misa y dada la manifiesta incomodidad y l\u00f3gica indignaci\u00f3n de los fieles presentes en la celebraci\u00f3n, me consta que se envi\u00f3 mensajes de reclamaci\u00f3n y solicitando respeto y silencio a, entre otros, los concejales <strong>Badel Albelo<\/strong> (PSOE) responsable de la Polic\u00eda; <strong>Fran Hern\u00e1ndez<\/strong> (CC) concejal de Participaci\u00f3n Ciudadana y <strong>Eva C\u00f3logan<\/strong> (PP) concejala de la Oposici\u00f3n pero presidenta y responsable de la Comisi\u00f3n Ciudadana de Convivencia. Me consta (y hay que reconocerlo p\u00fablicamente) que quien \u00fanico actu\u00f3 de verdad, con rapidez y diligencia fue <strong>Badel Albelo<\/strong>, aunque, en verdad, poco caso le hicieron o de poco sirvi\u00f3, porque termin\u00f3 la misa y el nivel de sonido segu\u00eda igual. Terminada ya la celebraci\u00f3n religiosa, el que m\u00e1s y el que menos de los concejales nombrados y alguno m\u00e1s, estaban preocupados y alguno rasg\u00e1ndose las vestiduras. Pero el mal ya estaba hecho. Deseo y espero que esta rese\u00f1a que hago, sirva para que en mi querida La Laguna y en todos los municipios de Tenerife se tenga un m\u00ednimo de sensibilidad con estas cuestiones y estos detalles que simplemente tienen que ver, nada m\u00e1s y nada menos, que con la educaci\u00f3n y el respeto que todos nos debemos tener.<\/li>\n<\/ul>\n<p><img loading=\"lazy\" decoding=\"async\" class=\"size-full wp-image-8470 aligncenter\" src=\"https:\/\/canariasenpositivo.com\/wp-content\/uploads\/2024\/10\/7.-BADEL-ALBELO.jpg\" alt=\"\" width=\"880\" height=\"495\" \/><\/p>\n<p style=\"text-align: center\"><em>El concejal Badel Albelo fue el \u00fanico que se movi\u00f3 y actu\u00f3 con rapidez y diligencia, avisando a los gestores culturales para que tomen nota de cara a pr\u00f3ximos eventos (Foto de Carsten W. Lauritsen tomada de redes sociales)<\/em><\/p>\n<p>&nbsp;<\/p>\n<p><strong>\u00a0<\/strong><\/p>\n<p><span style=\"color: #0000ff\"><strong>VICKY FARI\u00d1A VUELVE Y YA ES JEFA DE PROTOCOLO<\/strong><\/span><\/p>\n<ul>\n<li>Una de las mejores profesionales que conozco en el dif\u00edcil pero imprescindible mundo del Protocolo es <strong>Mar\u00eda Victoria Fari\u00f1a Guill\u00e9n<\/strong>, una persona excepcional a la que todos conocen como <strong>Vicky Fari\u00f1a<\/strong>. La diligente y eficaz Vicky Fari\u00f1a ha estado desde hace muchos a\u00f1os prestando su labor profesional adscrita al departamento de Protocolo del Ayuntamiento de Santa Cruz de Tenerife. No s\u00e9 si lleg\u00f3 a estar siendo jefe del mismo el maestro <strong>Jos\u00e9 Arturo Navarro Ria\u00f1o<\/strong>, pero s\u00ed s\u00e9 que estuvo a las \u00f3rdenes del gran <strong>Manuel P\u00edo Guti\u00e9rrez<\/strong>. Nuestra <strong>Vicky<\/strong> es funcionaria de la Corporaci\u00f3n Municipal desde hace mucho tiempo, pero no ten\u00eda su plaza fija en Protocolo porque no se hab\u00eda convocado en tiempo y forma el necesario concurso oposici\u00f3n. Por ello <strong>Vicky<\/strong> ha estado un par de a\u00f1os en otro departamento, pero estudiando a conciencia (a\u00fan m\u00e1s si cabe) todo lo relacionado con Protocolo y Ceremonial. Y la buena y gran noticia es que do\u00f1a <strong>Mar\u00eda Victoria Fari\u00f1a Guill\u00e9n<\/strong> ha aprobado merecidamente su trabajada oposici\u00f3n y, desde hace unas semanas <strong>Vicky Fari\u00f1a<\/strong> es ya (con puesto en propiedad) la nueva jefa de Protocolo de la Corporaci\u00f3n Santacrucera, para alegr\u00eda de todos, comenzando por la del propio alcalde, <strong>Jos\u00e9 Manuel Berm\u00fadez<\/strong>, que siempre crey\u00f3 en ella, en sus conocimientos, preparaci\u00f3n y experiencia. \u00a1Felicidades, <strong>Vicky<\/strong> y p\u2019alante siempre con salud!<\/li>\n<\/ul>\n<p><img loading=\"lazy\" decoding=\"async\" class=\"size-full wp-image-8471 aligncenter\" src=\"https:\/\/canariasenpositivo.com\/wp-content\/uploads\/2024\/10\/8.-VICKY-FARINA-GUILLEN.jpg\" alt=\"\" width=\"333\" height=\"500\" \/><\/p>\n<p style=\"text-align: center\"><em>Mar\u00eda Victoria \u201cVicky\u201d Fari\u00f1a Guill\u00e9n, ya es oficialmente la jefa de Protocolo del Ayuntamiento de Santa Cruz de Tenerife y miembro de la Asociaci\u00f3n Espa\u00f1ola de Protocolo (AEP)<\/em><\/p>\n<p>&nbsp;<\/p>\n<p><span style=\"color: #0000ff\"><strong>EJEMPLO DE EDUCACI\u00d3N Y RESPETO A LA PATRIA<\/strong><\/span><\/p>\n<ul>\n<li>Cambio de tercio para comentarles que, el pasado jueves, 10 de octubre, tuvo lugar la celebraci\u00f3n anticipada del D\u00eda de la Fiesta Nacional y el D\u00eda de las Fuerzas Armadas 2024, en la localidad del Puerto de la Cruz, en el norte de Tenerife. La celebraci\u00f3n se desarroll\u00f3 con el siempre solemne acto de izado de nuestra bandera nacional. Presidi\u00f3 el acto el teniente general <strong>Julio Salom Herrera<\/strong>, acompa\u00f1ado por el nuevo alcalde portuense, <strong>Leopoldo Afonso Hern\u00e1ndez<\/strong> (PP), quien (hay que reconocerlo p\u00fablicamente) se volc\u00f3 con la celebraci\u00f3n y puso todo lo que estuvo en su mano para que resultara todo lo brillante que fue. Pero me gustar\u00eda destacar, porque mi impact\u00f3 especialmente (y me consta que a mucha gente) fue el civismo, la educaci\u00f3n y respeto que los miles de asistentes al acto mostraron durante toda su celebraci\u00f3n. Un reconocimiento que hay que tributar de forma destacada a los cientos (o miles) de turistas que, seguramente sin tener muy claro lo que all\u00ed estaba pasando, aplaudieron a las Fuerzas Armadas como si de las suyas propias se tratara. Al final del acto, el Capit\u00e1n General, <strong>Julio Salom<\/strong>, y el alcalde <strong>Leopoldo Hern\u00e1ndez<\/strong>, se dirigieron a la ciudadan\u00eda presente y les mostraron p\u00fablicamente su sincero agradecimiento. Eso es tener cultura de Defensa y sentimiento de Patria.<\/li>\n<\/ul>\n<p><img loading=\"lazy\" decoding=\"async\" class=\"size-large wp-image-8472 aligncenter\" src=\"https:\/\/canariasenpositivo.com\/wp-content\/uploads\/2024\/10\/9.-DISFAS-PUERTO-DE-LA-CRUZ-1024x371.jpg\" alt=\"\" width=\"660\" height=\"239\" \/><\/p>\n<p style=\"text-align: center\"><em>El teniente general Julio Salom y el alcalde, Leopoldo Hern\u00e1ndez, en la tribuna de honor (I). A la derecha, el gent\u00edo que llen\u00f3 el espacio del acto previsto para el p\u00fablico y que particip\u00f3 del mismo con un ejemplo de patriotismo, educaci\u00f3n y respeto.<\/em><\/p>\n<p>&nbsp;<\/p>\n<p><span style=\"color: #0000ff\"><strong>GUSTAVO ARMAS, MERECIDA CRUZ AL M\u00c9RITO MILITAR<\/strong><\/span><\/p>\n<ul>\n<li>Tambi\u00e9n en el entorno del D\u00eda de la Fiesta Nacional y D\u00eda de las Fuerzas Armadas, que celebramos ayer, 12 de octubre, perm\u00edtanme felicitar tambi\u00e9n al compa\u00f1ero fotoperiodista y amigo, <strong>Gustavo Armas G\u00f3mez<\/strong>, quien los \u00faltimos a\u00f1os antes de su jubilaci\u00f3n ocup\u00f3 con total \u00e9xito el cargo de director general de Seguridad y Emergencias del Gobierno de Canarias, teniendo que lidiar con grav\u00edsimos incendios y la recordada erupci\u00f3n del volc\u00e1n Tajogaite en La Palma. El amigo <strong>Gustavo Armas<\/strong>, g\u00fcimarero de pro, recibi\u00f3 en su momento la gorra mostaza de la UME, que le otorg\u00f3 la Unidad Militar de Emergencias por su colaboraci\u00f3n con dicha unidad. Tambi\u00e9n recibi\u00f3 <strong>Gustavo<\/strong> la medalla al M\u00e9rito de Protecci\u00f3n Civil y, como dicen que no hay dos sin tres, el Ej\u00e9rcito de Tierra, a petici\u00f3n de la UME ha condecorado a <strong>Gustavo Armas<\/strong> con la Cruz al M\u00e9rito Militar con Distintivo Blanco, en reconocimiento a su extraordinaria labor durante\u00a0la erupci\u00f3n volc\u00e1nica en la isla de La Palma. Le entreg\u00f3 la oportuna medalla el general jefe del Mando A\u00e9reo de Canarias, <strong>Francisco Javier Vidal Fern\u00e1ndez<\/strong>, en el acto de celebraci\u00f3n del 19\u00ba aniversario de la UME, en su acuartelamiento de Los Rodeos, en Tenerife. \u00a1Felicidades, <strong>Gustavo<\/strong> y siempre a tus ordenes!<\/li>\n<\/ul>\n<p><img loading=\"lazy\" decoding=\"async\" class=\"size-large wp-image-8473 aligncenter\" src=\"https:\/\/canariasenpositivo.com\/wp-content\/uploads\/2024\/10\/10.-CRUZ-PARA-GUSTAVO-1024x388.jpg\" alt=\"\" width=\"660\" height=\"250\" \/><\/p>\n<p style=\"text-align: center\"><em>Gustavo en el momento en que el general Vidal Fern\u00e1ndez le impone la Cruz al M\u00e9rito Militar (i) y, tras dicha imposici\u00f3n, con sus grandes amigos, Julio P\u00e9rez Hern\u00e1ndez (i) hoy miembro del Consejo Consultivo de Canarias y Miguel \u00c1ngel Morcuende (d), actual director general de Espacios Naturales y Biodiversidad.<\/em><\/p>\n<p>&nbsp;<\/p>\n<p><span style=\"color: #0000ff\"><strong>DISFAS PASADO POR AGUA Y SALUDO A S.M. EL REY<\/strong><\/span><\/p>\n<ul>\n<li>Remato <strong><em>El Cotarro<\/em><\/strong> de hoy con una foto que me lleg\u00f3 ayer a \u00faltima hora y coment\u00e1ndoles que mucha gente me ha preguntado por la ausencia del presidente de Canarias, <strong>Fernando Clavijo Batlle<\/strong> en el acto central de celebraci\u00f3n del D\u00eda de la Fiesta Nacional y D\u00eda de las Fuerzas Armadas en Madrid, que presidi\u00f3 <strong>M. el Rey Felipe VI<\/strong>. De todos es sabido que, tradicionalmente, nuestro presidente no suele fallar a este acto y que, en este caso, ya hab\u00eda avisado hace unos d\u00edas que no podr\u00eda estar presente por razones estrictamente personales. Est\u00e1 claro que, sin quererlo ni estar previsto, <strong>Fernando Clavijo<\/strong> se salv\u00f3 del tremendo aguacero que enchumb\u00f3 a todos los presentes, comenzando por el propio <strong>Felipe VI<\/strong>, junto a la <strong>Reina Leticia<\/strong> y la joven <strong>Leonor<\/strong> <strong>de Borb\u00f3n<\/strong>, nuestra Princesas de Asturias. Y otros de los que no se salv\u00f3 del \u201cmadrile\u00f1o diluvio\u201d fue nuestro teniente general, <strong>Julio Salom<\/strong>, jefe del Mando de Canarias y quien, durante varios a\u00f1os, estuvo destinado y sirvi\u00f3 en la Casa Real, tanto junto al Rey Em\u00e9rito, <strong>Juan Carlos I<\/strong>, como el primer a\u00f1o de <strong>Felipe VI<\/strong> como Jefe del Estado y Jefe de los Ej\u00e9rcitos, asumiendo el grado de Capit\u00e1n General del Ej\u00e9rcito de Tierra, de la Armada y del Ej\u00e9rcito del Aire y del Espacio. En el posterior besamanos celebrado en el Palacio Real, se vio que <strong>S.M. Felipe VI<\/strong> salud\u00f3 de forma especialmente cari\u00f1osa a nuestro Capit\u00e1n General.<\/li>\n<\/ul>\n<p><img loading=\"lazy\" decoding=\"async\" class=\"size-large wp-image-8474 aligncenter\" src=\"https:\/\/canariasenpositivo.com\/wp-content\/uploads\/2024\/10\/11.-BESAMANO-DIFAS-1024x682.jpeg\" alt=\"\" width=\"660\" height=\"440\" \/><\/p>\n<p style=\"text-align: center\"><em>Su Majestad El Rey Felipe VI saludando ayer a nuestro Capit\u00e1n General, Julio Salom Herrera<\/em><\/p>\n<p><strong>\u00a0<\/strong><\/p>\n<p><span style=\"color: #0000ff\"><strong>* Jos\u00e9 Carlos MARRERO GONZ\u00c1LEZ<\/strong><\/span><\/p>\n<p>Periodista y analista de la actualidad.<\/p>\n<p>Director de <strong><em>El Cotarro<\/em><\/strong> (www.elcotarro.com)<\/p>\n<p>Director de <strong><em>Canarias en Positivo<\/em><\/strong> (www.canariasenpositivo.com)<\/p>\n<p>Director de <strong><em>GastroCanarias<\/em><\/strong> (www.gastrocanarias.com)<\/p>\n<p>&nbsp;<\/p>\n<p>Islas Canarias, 13 de octubre de 2024<\/p>\n<p><img loading=\"lazy\" decoding=\"async\" class=\"size-full wp-image-7656 aligncenter\" src=\"https:\/\/canariasenpositivo.com\/wp-content\/uploads\/2024\/04\/A-CARECA-INSULA.jpg\" alt=\"\" width=\"750\" height=\"153\" \/><\/p>\n","protected":false},"excerpt":{"rendered":"<p>N\u00ba527 DEL 13 DE OCTUBRE DE 2024 &nbsp; \u00a0 Por Jos\u00e9 Carlos Marrero * \u00a0 \u00a0 BUSCANDO SOLUCIONES PARA UN PERVERSO DILEMA Nadie puede dudar de mi ya vieja opini\u00f3n (manifestada aqu\u00ed muchas veces) en el sentido de que, para resolver la triste problem\u00e1tica del bloqueo de camas en nuestros hospitales, cuando muchos de los &#8230; <a class=\"read-more\" href=\"https:\/\/elcotarro.com\/?p=10930\">Read more<\/a><\/p>\n","protected":false},"author":2,"featured_media":0,"comment_status":"open","ping_status":"open","sticky":false,"template":"","format":"standard","meta":{"_jetpack_memberships_contains_paid_content":false,"footnotes":""},"categories":[4],"tags":[],"class_list":["post-10930","post","type-post","status-publish","format-standard","hentry","category-el-cotarro"],"yoast_head":"<!-- This site is optimized with the Yoast SEO plugin v27.0 - https:\/\/yoast.com\/product\/yoast-seo-wordpress\/ -->\n<title>EL COTARRO \/ 527, DEL DOMINGO, 13\/10\/2024 - El Cotarro<\/title>\n<meta name=\"robots\" content=\"index, follow, max-snippet:-1, max-image-preview:large, max-video-preview:-1\" \/>\n<link rel=\"canonical\" href=\"https:\/\/elcotarro.com\/?p=10930\" \/>\n<meta property=\"og:locale\" content=\"es_ES\" \/>\n<meta property=\"og:type\" content=\"article\" \/>\n<meta property=\"og:title\" content=\"EL COTARRO \/ 527, DEL DOMINGO, 13\/10\/2024 - El Cotarro\" \/>\n<meta property=\"og:description\" content=\"N\u00ba527 DEL 13 DE OCTUBRE DE 2024 &nbsp; \u00a0 Por Jos\u00e9 Carlos Marrero * \u00a0 \u00a0 BUSCANDO SOLUCIONES PARA UN PERVERSO DILEMA Nadie puede dudar de mi ya vieja opini\u00f3n (manifestada aqu\u00ed muchas veces) en el sentido de que, para resolver la triste problem\u00e1tica del bloqueo de camas en nuestros hospitales, cuando muchos de los ... Read more\" \/>\n<meta property=\"og:url\" content=\"https:\/\/elcotarro.com\/?p=10930\" \/>\n<meta property=\"og:site_name\" content=\"El Cotarro\" \/>\n<meta property=\"article:publisher\" content=\"https:\/\/www.facebook.com\/ElCotarro.Tenerife\" \/>\n<meta property=\"article:published_time\" content=\"2024-10-12T23:15:25+00:00\" \/>\n<meta property=\"og:image\" content=\"https:\/\/canariasenpositivo.com\/wp-content\/uploads\/2024\/04\/EL-COTARRO-CABECERA-1024x122.jpg\" \/>\n<meta name=\"author\" content=\"Jos\u00e9 Carlos Marrero Gonz\u00e1lez\" \/>\n<meta name=\"twitter:label1\" content=\"Escrito por\" \/>\n\t<meta name=\"twitter:data1\" content=\"Jos\u00e9 Carlos Marrero Gonz\u00e1lez\" \/>\n\t<meta name=\"twitter:label2\" content=\"Tiempo de lectura\" \/>\n\t<meta name=\"twitter:data2\" content=\"16 minutos\" \/>\n<script type=\"application\/ld+json\" class=\"yoast-schema-graph\">{\"@context\":\"https:\/\/schema.org\",\"@graph\":[{\"@type\":\"Article\",\"@id\":\"https:\/\/elcotarro.com\/?p=10930#article\",\"isPartOf\":{\"@id\":\"https:\/\/elcotarro.com\/?p=10930\"},\"author\":{\"name\":\"Jos\u00e9 Carlos Marrero Gonz\u00e1lez\",\"@id\":\"https:\/\/elcotarro.com\/#\/schema\/person\/af537ee7d60d15984c7e0affcd8a918b\"},\"headline\":\"EL COTARRO \/ 527, DEL DOMINGO, 13\/10\/2024\",\"datePublished\":\"2024-10-12T23:15:25+00:00\",\"mainEntityOfPage\":{\"@id\":\"https:\/\/elcotarro.com\/?p=10930\"},\"wordCount\":3049,\"commentCount\":0,\"publisher\":{\"@id\":\"https:\/\/elcotarro.com\/#organization\"},\"image\":{\"@id\":\"https:\/\/elcotarro.com\/?p=10930#primaryimage\"},\"thumbnailUrl\":\"https:\/\/canariasenpositivo.com\/wp-content\/uploads\/2024\/04\/EL-COTARRO-CABECERA-1024x122.jpg\",\"articleSection\":[\"El Cotarro\"],\"inLanguage\":\"es\",\"potentialAction\":[{\"@type\":\"CommentAction\",\"name\":\"Comment\",\"target\":[\"https:\/\/elcotarro.com\/?p=10930#respond\"]}]},{\"@type\":\"WebPage\",\"@id\":\"https:\/\/elcotarro.com\/?p=10930\",\"url\":\"https:\/\/elcotarro.com\/?p=10930\",\"name\":\"EL COTARRO \/ 527, DEL DOMINGO, 13\/10\/2024 - El Cotarro\",\"isPartOf\":{\"@id\":\"https:\/\/elcotarro.com\/#website\"},\"primaryImageOfPage\":{\"@id\":\"https:\/\/elcotarro.com\/?p=10930#primaryimage\"},\"image\":{\"@id\":\"https:\/\/elcotarro.com\/?p=10930#primaryimage\"},\"thumbnailUrl\":\"https:\/\/canariasenpositivo.com\/wp-content\/uploads\/2024\/04\/EL-COTARRO-CABECERA-1024x122.jpg\",\"datePublished\":\"2024-10-12T23:15:25+00:00\",\"breadcrumb\":{\"@id\":\"https:\/\/elcotarro.com\/?p=10930#breadcrumb\"},\"inLanguage\":\"es\",\"potentialAction\":[{\"@type\":\"ReadAction\",\"target\":[\"https:\/\/elcotarro.com\/?p=10930\"]}]},{\"@type\":\"ImageObject\",\"inLanguage\":\"es\",\"@id\":\"https:\/\/elcotarro.com\/?p=10930#primaryimage\",\"url\":\"https:\/\/canariasenpositivo.com\/wp-content\/uploads\/2024\/04\/EL-COTARRO-CABECERA-1024x122.jpg\",\"contentUrl\":\"https:\/\/canariasenpositivo.com\/wp-content\/uploads\/2024\/04\/EL-COTARRO-CABECERA-1024x122.jpg\"},{\"@type\":\"BreadcrumbList\",\"@id\":\"https:\/\/elcotarro.com\/?p=10930#breadcrumb\",\"itemListElement\":[{\"@type\":\"ListItem\",\"position\":1,\"name\":\"Portada\",\"item\":\"https:\/\/elcotarro.com\/\"},{\"@type\":\"ListItem\",\"position\":2,\"name\":\"EL COTARRO \/ 527, DEL DOMINGO, 13\/10\/2024\"}]},{\"@type\":\"WebSite\",\"@id\":\"https:\/\/elcotarro.com\/#website\",\"url\":\"https:\/\/elcotarro.com\/\",\"name\":\"El Cotarro\",\"description\":\"Peri\u00f3dico Digital Independiente dirigido por Jos\u00e9 Carlos Marrero\",\"publisher\":{\"@id\":\"https:\/\/elcotarro.com\/#organization\"},\"potentialAction\":[{\"@type\":\"SearchAction\",\"target\":{\"@type\":\"EntryPoint\",\"urlTemplate\":\"https:\/\/elcotarro.com\/?s={search_term_string}\"},\"query-input\":{\"@type\":\"PropertyValueSpecification\",\"valueRequired\":true,\"valueName\":\"search_term_string\"}}],\"inLanguage\":\"es\"},{\"@type\":\"Organization\",\"@id\":\"https:\/\/elcotarro.com\/#organization\",\"name\":\"El Cotarro\",\"url\":\"https:\/\/elcotarro.com\/\",\"logo\":{\"@type\":\"ImageObject\",\"inLanguage\":\"es\",\"@id\":\"https:\/\/elcotarro.com\/#\/schema\/logo\/image\/\",\"url\":\"https:\/\/elcotarro.com\/wp-content\/uploads\/2014\/09\/Cabecera_El_Cotarro_v2.jpg\",\"contentUrl\":\"https:\/\/elcotarro.com\/wp-content\/uploads\/2014\/09\/Cabecera_El_Cotarro_v2.jpg\",\"width\":3540,\"height\":441,\"caption\":\"El Cotarro\"},\"image\":{\"@id\":\"https:\/\/elcotarro.com\/#\/schema\/logo\/image\/\"},\"sameAs\":[\"https:\/\/www.facebook.com\/ElCotarro.Tenerife\"]},{\"@type\":\"Person\",\"@id\":\"https:\/\/elcotarro.com\/#\/schema\/person\/af537ee7d60d15984c7e0affcd8a918b\",\"name\":\"Jos\u00e9 Carlos Marrero Gonz\u00e1lez\",\"image\":{\"@type\":\"ImageObject\",\"inLanguage\":\"es\",\"@id\":\"https:\/\/elcotarro.com\/#\/schema\/person\/image\/\",\"url\":\"https:\/\/secure.gravatar.com\/avatar\/def4da036efb5d32c74d49c351f6dccc064dd69ad9f3aadc295c5a9a5391ca01?s=96&d=mm&r=g\",\"contentUrl\":\"https:\/\/secure.gravatar.com\/avatar\/def4da036efb5d32c74d49c351f6dccc064dd69ad9f3aadc295c5a9a5391ca01?s=96&d=mm&r=g\",\"caption\":\"Jos\u00e9 Carlos Marrero Gonz\u00e1lez\"},\"sameAs\":[\"https:\/\/elcotarro.com\"],\"url\":\"https:\/\/elcotarro.com\/?author=2\"}]}<\/script>\n<!-- \/ Yoast SEO plugin. -->","yoast_head_json":{"title":"EL COTARRO \/ 527, DEL DOMINGO, 13\/10\/2024 - El Cotarro","robots":{"index":"index","follow":"follow","max-snippet":"max-snippet:-1","max-image-preview":"max-image-preview:large","max-video-preview":"max-video-preview:-1"},"canonical":"https:\/\/elcotarro.com\/?p=10930","og_locale":"es_ES","og_type":"article","og_title":"EL COTARRO \/ 527, DEL DOMINGO, 13\/10\/2024 - El Cotarro","og_description":"N\u00ba527 DEL 13 DE OCTUBRE DE 2024 &nbsp; \u00a0 Por Jos\u00e9 Carlos Marrero * \u00a0 \u00a0 BUSCANDO SOLUCIONES PARA UN PERVERSO DILEMA Nadie puede dudar de mi ya vieja opini\u00f3n (manifestada aqu\u00ed muchas veces) en el sentido de que, para resolver la triste problem\u00e1tica del bloqueo de camas en nuestros hospitales, cuando muchos de los ... Read more","og_url":"https:\/\/elcotarro.com\/?p=10930","og_site_name":"El Cotarro","article_publisher":"https:\/\/www.facebook.com\/ElCotarro.Tenerife","article_published_time":"2024-10-12T23:15:25+00:00","og_image":[{"url":"https:\/\/canariasenpositivo.com\/wp-content\/uploads\/2024\/04\/EL-COTARRO-CABECERA-1024x122.jpg","type":"","width":"","height":""}],"author":"Jos\u00e9 Carlos Marrero Gonz\u00e1lez","twitter_misc":{"Escrito por":"Jos\u00e9 Carlos Marrero Gonz\u00e1lez","Tiempo de lectura":"16 minutos"},"schema":{"@context":"https:\/\/schema.org","@graph":[{"@type":"Article","@id":"https:\/\/elcotarro.com\/?p=10930#article","isPartOf":{"@id":"https:\/\/elcotarro.com\/?p=10930"},"author":{"name":"Jos\u00e9 Carlos Marrero Gonz\u00e1lez","@id":"https:\/\/elcotarro.com\/#\/schema\/person\/af537ee7d60d15984c7e0affcd8a918b"},"headline":"EL COTARRO \/ 527, DEL DOMINGO, 13\/10\/2024","datePublished":"2024-10-12T23:15:25+00:00","mainEntityOfPage":{"@id":"https:\/\/elcotarro.com\/?p=10930"},"wordCount":3049,"commentCount":0,"publisher":{"@id":"https:\/\/elcotarro.com\/#organization"},"image":{"@id":"https:\/\/elcotarro.com\/?p=10930#primaryimage"},"thumbnailUrl":"https:\/\/canariasenpositivo.com\/wp-content\/uploads\/2024\/04\/EL-COTARRO-CABECERA-1024x122.jpg","articleSection":["El Cotarro"],"inLanguage":"es","potentialAction":[{"@type":"CommentAction","name":"Comment","target":["https:\/\/elcotarro.com\/?p=10930#respond"]}]},{"@type":"WebPage","@id":"https:\/\/elcotarro.com\/?p=10930","url":"https:\/\/elcotarro.com\/?p=10930","name":"EL COTARRO \/ 527, DEL DOMINGO, 13\/10\/2024 - El Cotarro","isPartOf":{"@id":"https:\/\/elcotarro.com\/#website"},"primaryImageOfPage":{"@id":"https:\/\/elcotarro.com\/?p=10930#primaryimage"},"image":{"@id":"https:\/\/elcotarro.com\/?p=10930#primaryimage"},"thumbnailUrl":"https:\/\/canariasenpositivo.com\/wp-content\/uploads\/2024\/04\/EL-COTARRO-CABECERA-1024x122.jpg","datePublished":"2024-10-12T23:15:25+00:00","breadcrumb":{"@id":"https:\/\/elcotarro.com\/?p=10930#breadcrumb"},"inLanguage":"es","potentialAction":[{"@type":"ReadAction","target":["https:\/\/elcotarro.com\/?p=10930"]}]},{"@type":"ImageObject","inLanguage":"es","@id":"https:\/\/elcotarro.com\/?p=10930#primaryimage","url":"https:\/\/canariasenpositivo.com\/wp-content\/uploads\/2024\/04\/EL-COTARRO-CABECERA-1024x122.jpg","contentUrl":"https:\/\/canariasenpositivo.com\/wp-content\/uploads\/2024\/04\/EL-COTARRO-CABECERA-1024x122.jpg"},{"@type":"BreadcrumbList","@id":"https:\/\/elcotarro.com\/?p=10930#breadcrumb","itemListElement":[{"@type":"ListItem","position":1,"name":"Portada","item":"https:\/\/elcotarro.com\/"},{"@type":"ListItem","position":2,"name":"EL COTARRO \/ 527, DEL DOMINGO, 13\/10\/2024"}]},{"@type":"WebSite","@id":"https:\/\/elcotarro.com\/#website","url":"https:\/\/elcotarro.com\/","name":"El Cotarro","description":"Peri\u00f3dico Digital Independiente dirigido por Jos\u00e9 Carlos Marrero","publisher":{"@id":"https:\/\/elcotarro.com\/#organization"},"potentialAction":[{"@type":"SearchAction","target":{"@type":"EntryPoint","urlTemplate":"https:\/\/elcotarro.com\/?s={search_term_string}"},"query-input":{"@type":"PropertyValueSpecification","valueRequired":true,"valueName":"search_term_string"}}],"inLanguage":"es"},{"@type":"Organization","@id":"https:\/\/elcotarro.com\/#organization","name":"El Cotarro","url":"https:\/\/elcotarro.com\/","logo":{"@type":"ImageObject","inLanguage":"es","@id":"https:\/\/elcotarro.com\/#\/schema\/logo\/image\/","url":"https:\/\/elcotarro.com\/wp-content\/uploads\/2014\/09\/Cabecera_El_Cotarro_v2.jpg","contentUrl":"https:\/\/elcotarro.com\/wp-content\/uploads\/2014\/09\/Cabecera_El_Cotarro_v2.jpg","width":3540,"height":441,"caption":"El Cotarro"},"image":{"@id":"https:\/\/elcotarro.com\/#\/schema\/logo\/image\/"},"sameAs":["https:\/\/www.facebook.com\/ElCotarro.Tenerife"]},{"@type":"Person","@id":"https:\/\/elcotarro.com\/#\/schema\/person\/af537ee7d60d15984c7e0affcd8a918b","name":"Jos\u00e9 Carlos Marrero Gonz\u00e1lez","image":{"@type":"ImageObject","inLanguage":"es","@id":"https:\/\/elcotarro.com\/#\/schema\/person\/image\/","url":"https:\/\/secure.gravatar.com\/avatar\/def4da036efb5d32c74d49c351f6dccc064dd69ad9f3aadc295c5a9a5391ca01?s=96&d=mm&r=g","contentUrl":"https:\/\/secure.gravatar.com\/avatar\/def4da036efb5d32c74d49c351f6dccc064dd69ad9f3aadc295c5a9a5391ca01?s=96&d=mm&r=g","caption":"Jos\u00e9 Carlos Marrero Gonz\u00e1lez"},"sameAs":["https:\/\/elcotarro.com"],"url":"https:\/\/elcotarro.com\/?author=2"}]}},"jetpack_featured_media_url":"","jetpack_sharing_enabled":true,"_links":{"self":[{"href":"https:\/\/elcotarro.com\/index.php?rest_route=\/wp\/v2\/posts\/10930","targetHints":{"allow":["GET"]}}],"collection":[{"href":"https:\/\/elcotarro.com\/index.php?rest_route=\/wp\/v2\/posts"}],"about":[{"href":"https:\/\/elcotarro.com\/index.php?rest_route=\/wp\/v2\/types\/post"}],"author":[{"embeddable":true,"href":"https:\/\/elcotarro.com\/index.php?rest_route=\/wp\/v2\/users\/2"}],"replies":[{"embeddable":true,"href":"https:\/\/elcotarro.com\/index.php?rest_route=%2Fwp%2Fv2%2Fcomments&post=10930"}],"version-history":[{"count":3,"href":"https:\/\/elcotarro.com\/index.php?rest_route=\/wp\/v2\/posts\/10930\/revisions"}],"predecessor-version":[{"id":10933,"href":"https:\/\/elcotarro.com\/index.php?rest_route=\/wp\/v2\/posts\/10930\/revisions\/10933"}],"wp:attachment":[{"href":"https:\/\/elcotarro.com\/index.php?rest_route=%2Fwp%2Fv2%2Fmedia&parent=10930"}],"wp:term":[{"taxonomy":"category","embeddable":true,"href":"https:\/\/elcotarro.com\/index.php?rest_route=%2Fwp%2Fv2%2Fcategories&post=10930"},{"taxonomy":"post_tag","embeddable":true,"href":"https:\/\/elcotarro.com\/index.php?rest_route=%2Fwp%2Fv2%2Ftags&post=10930"}],"curies":[{"name":"wp","href":"https:\/\/api.w.org\/{rel}","templated":true}]}}