{"id":10941,"date":"2024-10-27T10:56:01","date_gmt":"2024-10-27T10:56:01","guid":{"rendered":"https:\/\/elcotarro.com\/?p=10941"},"modified":"2024-10-27T10:56:01","modified_gmt":"2024-10-27T10:56:01","slug":"el-cotarro-529-del-domingo-27-10-2024","status":"publish","type":"post","link":"https:\/\/elcotarro.com\/?p=10941","title":{"rendered":"EL COTARRO \/ 529, DEL DOMINGO, 27\/10\/2024"},"content":{"rendered":"<p><img loading=\"lazy\" decoding=\"async\" class=\"size-large wp-image-8485 aligncenter\" src=\"https:\/\/canariasenpositivo.com\/wp-content\/uploads\/2024\/10\/Cabecera_El_Cotarro_v2-1024x128.jpg\" alt=\"\" width=\"660\" height=\"83\" \/><\/p>\n<p style=\"text-align: center\"><span style=\"color: #ff0000\"><strong>N\u00ba529 DEL 27 DE OCTUBRE DE 2024<\/strong><\/span><\/p>\n<p>&nbsp;<\/p>\n<p><em>\u00a0<\/em><\/p>\n<p><span style=\"color: #0000ff\"><em>Por <strong>Jos\u00e9 Carlos Marrero *<\/strong><\/em><\/span><\/p>\n<p><strong>\u00a0<\/strong><\/p>\n<p><strong>\u00a0<\/strong><\/p>\n<p><span style=\"color: #0000ff\"><strong>LAS \u201cPAPAS CALIENTES\u201d DEL GOBIERNO DE CANARIAS<\/strong><\/span><\/p>\n<ul>\n<li>Seguramente, leyendo <strong><em>El Cotarro<\/em><\/strong> de hoy sentir\u00e1n que puedo estar tan triste como \u201cmosqueado\u201d y tan preocupado como \u201cmosqueado\u201d. El pasado domingo, d\u00eda 20 de octubre, creo que, de alguna manera, me sum\u00e9 humildemente desde <strong><em>El Cotarro<\/em><\/strong> a las manifestaciones con las que una cansada ciudadan\u00eda planteaba unas \u00a0justas reivindicaciones que, con el discurso de que nuestra Canarias \u201ctiene un l\u00edmite\u201d y que nuestras islas \u201cse agotan\u201d fueron el \u201chilo editorial\u201d de las citadas manifestaciones. El Gobierno de Canarias que preside actualmente <strong>Fernando Clavijo<\/strong> (CC) y su consejera de Turismo y Empleo, <strong>Jesica De Le\u00f3n Verdugo<\/strong> (PP) junto con el consejero de Obras P\u00fablicas, Vivienda y Movilidad, <strong>Pablo Rodr\u00edguez Valido<\/strong> (CC), los m\u00e1s directamente relacionados con el tema del Turismo, y el resto de componentes del Ejecutivo canario, creo que tienen una \u201ccruda realidad\u201d transformada en \u201cpapa caliente\u201d que les tiene a tan \u201cmal vivir\u201d, como el sangrante problema de la inmigraci\u00f3n y, m\u00e1s concretamente, la de los menores no acompa\u00f1ados. Pero siendo verdad todo lo dicho, nunca debemos olvidar que, con las cosas de comer, no se puede ni se debe jugar. Es muy, pero que muy peligroso y el futuro nos va en ello.<\/li>\n<\/ul>\n<p><img loading=\"lazy\" decoding=\"async\" class=\"size-full wp-image-8512 aligncenter\" src=\"https:\/\/canariasenpositivo.com\/wp-content\/uploads\/2024\/10\/1.-JESSICA-Y-PABLO.jpg\" alt=\"\" width=\"938\" height=\"556\" \/><\/p>\n<p><em>Jessica De Le\u00f3n (PP) y Pablo Rodr\u00edguez (CC) consejeros del Gobierno de Canarias<\/em><\/p>\n<p>&nbsp;<\/p>\n<p><span style=\"color: #0000ff\"><strong>NUNCA SE DEBE JUGAR CON LAS COSAS DE COMER<\/strong><\/span><\/p>\n<ul>\n<li>Que las islas tienen un l\u00edmite y que Canarias se agota, son dos verdades tan ciertas, como que actualmente el Turismo es nuestra principal fuente de riqueza y el sector m\u00e1s creador de empleo. Si lo meditamos tranquila y sosegadamente, de forma inteligente y reflexiva, creo que podemos llegar a estar de acuerdo que, actualmente, tanto el Medioambiente (con may\u00fasculas) como el Turismo (tambi\u00e9n con may\u00fasculas) son para Canarias dos \u201ccosas de comer\u201d con las que no se puede ni debe jugar. El reconocido experto nacido en Jordania, <strong>Taleb Rifai<\/strong>, que en 2009 fue secretario General de la Organizaci\u00f3n Mundial del Turismo (OMT) manifest\u00f3 en uno de sus importantes discursos que \u201c<em>el turismo es un sector horizontal e interconectado; nuestro \u00e9xito depende de la colaboraci\u00f3n, es decir, darnos la mano unos a otros, compartir inteligencia y compartir experiencias\u201d.<\/em> Esto no quita para que analicemos nuestra situaci\u00f3n, de d\u00f3nde venimos, c\u00f3mo estamos y hacia d\u00f3nde vamos o, mejor, hacia donde queremos ir. Pero, como dice <strong>Taleb Rifai<\/strong>, d\u00e1ndonos la mano unos a otro. Y, sobre todo, no cortar la mano de quien en todo o en parte nos da de comer, sin que, previamente, tengamos otra u otras manos que nos den comida, en tiempo y forma, de forma segura. Y el que me entiende, me entiende.<\/li>\n<\/ul>\n<p><img loading=\"lazy\" decoding=\"async\" class=\"size-full wp-image-8513 aligncenter\" src=\"https:\/\/canariasenpositivo.com\/wp-content\/uploads\/2024\/10\/2.-TALIB-RIFAI.jpeg\" alt=\"\" width=\"300\" height=\"168\" \/><\/p>\n<p style=\"text-align: center\"><em>Taleb Rifai, quien fue secretario general de la Organizaci\u00f3n Mundial del Turismo (OMT)<\/em><\/p>\n<p><strong>\u00a0<\/strong><\/p>\n<p><span style=\"color: #0000ff\"><strong>GRAVE, INNECESARIA Y ABSURDA METEDURA DE PATA<\/strong><\/span><\/p>\n<ul>\n<li>Lo que pas\u00f3 el pasado domingo en algunas manifestaciones, cuando algunas personas participantes en ellas acosaron a una serie de turistas que estaban tranquilamente de nuestras islas, de nuestro sol, de nuestras playas y de los servicios de nuestros profesionales del Turismo y la Hosteler\u00eda, creo, sinceramente, que fue una grave, innecesaria y absurda metedura de pata. Y que no me vengan algunos diciendo que \u201cno presionaron\u201d sin que \u201cestaban informando\u201d\u2026 Vean sencillamente la foto de aqu\u00ed debajo con una se\u00f1ora pitando (parece que con muchas ganas) justo al ladito de la oreja del \u201csufrido y paciente\u201d turista, con una \u201ceducada\u201d pancarta en la que directamente se les llama \u201cjediondos\u201d (escrito en \u201ccanario\u201d) y no \u201chediondos\u201d como aconseja la Real Academia, que s\u00ed servir\u00eda para traducirlo y lo entendieran a su idioma \u201cstinky\u201d (en ingl\u00e9s), stinkend (en alem\u00e1n), o puzzolente (en italiano). Pero, yo pregunto, \u00bfllamar a un turista \u201cjediondo\u201d en todas sus narices mientras le est\u00e1n pit\u00e1ndole en la oreja, es informarle de la situaci\u00f3n que est\u00e1 viviendo Canarias y la preocupaci\u00f3n de su ciudadan\u00eda de cara al futuro de estas islas? Me temo que no.<\/li>\n<\/ul>\n<p><img loading=\"lazy\" decoding=\"async\" class=\"size-large wp-image-8514 aligncenter\" src=\"https:\/\/canariasenpositivo.com\/wp-content\/uploads\/2024\/10\/3.-TURISTAS-ACOSADOS-1024x707.jpg\" alt=\"\" width=\"660\" height=\"456\" \/><\/p>\n<p style=\"text-align: center\"><em>Momento de la acci\u00f3n \u201cinformativa\u201d con la pitada y el cartel de \u201cjediondos\u201d<\/em><\/p>\n<p><strong>\u00a0<\/strong><\/p>\n<p><span style=\"color: #0000ff\"><strong>PERDER LA RAZ\u00d3N Y CREDIBILIDAD QUE DEBEN TENER<\/strong><\/span><\/p>\n<ul>\n<li>En el programa <em>\u201cM\u00e1s de uno Canarias\u201d<\/em>, que cada d\u00eda muy bien dirige y presenta el compa\u00f1ero periodista <strong>Sergio Mir\u00f3 <\/strong>en la emisora Onda Cero Canarias, estuve oyendo el pasado mi\u00e9rcoles las respetables manifestaciones del sindicalista <strong>Borja Su\u00e1rez<\/strong>, secretario general de la Federaci\u00f3n de Servicios de Comisiones Obreras en Canarias (CC.OO. Canarias). Con todo respeto, no estoy de acuerdo con su manera de justificar las acciones de acoso o \u201cescraches\u201d producidos en algunas de las manifestaciones. Sosten\u00eda <strong>Borja Su\u00e1rez<\/strong> que fueron acciones \u201cinformativas\u201d y, para contrarrestar las fotos como las de arriba, el echaba mano de esta otra que les pongo aqu\u00ed debajo, en la que se ve a una manifestante salud\u00e1ndoles. <strong>Sergio Mir\u00f3<\/strong> apunt\u00f3 a <strong>Borja Su\u00e1rez<\/strong>, con una profesional delicadeza digna de menci\u00f3n, que quiz\u00e1 el movimiento y el colectivo manifestante pec\u00f3 de torpeza regalando esa imagen que, queramos o no, hace da\u00f1o, porque siempre habr\u00e1 alguien que la utilice a su favor y, por tanto, en contra de nosotros\u2026 en primer lugar los diarios brit\u00e1nicos. Yo creo que, por mucho que <strong>Borja Su\u00e1rez<\/strong> y la gente de CC.OO. quiera justificarlo, lo cierto y verdad es que, lo que s\u00ed han logrado, es \u201cdar ox\u00edgeno\u201d a otros destinos tur\u00edsticos competidores, en detrimento de Canarias como destino tur\u00edstico de calidad.<\/li>\n<\/ul>\n<p><img loading=\"lazy\" decoding=\"async\" class=\"size-full wp-image-8515 aligncenter\" src=\"https:\/\/canariasenpositivo.com\/wp-content\/uploads\/2024\/10\/4.-TURISTAS-SALUDADOS.jpg\" alt=\"\" width=\"575\" height=\"432\" \/><\/p>\n<p style=\"text-align: center\"><em>Imagen de la \u201cfoto alternativa\u201d en la que una manifestante saluda a los mismos turistas de la fotograf\u00eda anterior, tras, seg\u00fan dicen, informarles sobre la reivindicaci\u00f3n<\/em><\/p>\n<p><strong>\u00a0<\/strong><\/p>\n<p><span style=\"color: #0000ff\"><strong>BIENVENIDA A MIGRANTES Y TAMBI\u00c9N A LOS TURISTAS<\/strong><\/span><\/p>\n<ul>\n<li>Y aunque intenten suavizarlo poniendo esa foto \u201calternativa\u201d donde parece que se dialoga con los mismos turistas, cosa que me parece muy bien, he tenido acceso a otras en las que se no solo se acosa, sino que \u201ccasi se agrede\u201d a otro pas\u00e1ndole la bandera canaria por sus narices mientras tambi\u00e9n se le pita. Pero quiz\u00e1 una de las que m\u00e1s me ha impactado. Es la que les pongo aqu\u00ed abajo y donde en un cartel se ve escrito en ingl\u00e9s <em>\u201cTurist go home and return the properties you\u2019re plundering lands\u201d <\/em>o, lo que es lo mismo \u201cen cristiano\u201d viene a significar<em> \u201cTuristas vuelvan a casa y devuelvan las propiedades que est\u00e1n saqueando las tierras \u2013 Migrantes bienvenidos\u201d.<\/em> \u00bfEstamos tontos (con perd\u00f3n) o qu\u00e9?&#8230; \u00bfNos hemos olvidado de la historia y de nuestra tradicional hospitalidad?&#8230; \u00bfHemos perdido la inteligencia y la raz\u00f3n? El pol\u00edtico y escritor brit\u00e1nico, <strong>Benjam\u00edn Disraeli<\/strong> (1804-1881) afirm\u00f3 que <em>\u201clos viajes y el Turismo ense\u00f1an la tolerancia\u201d.<\/em> Y el escritor y guionista espa\u00f1ol, <strong>Noel Claras\u00f3 i Serrat<\/strong> (1899-1985)\u200b recordaba que: \u201chacer Turismo y viajar s\u00f3lo sirve para amar m\u00e1s nuestro rinc\u00f3n natal\u201d. Sea tan bienvenido el Turismo como la Migraci\u00f3n, ambos fen\u00f3menos en su justa y l\u00f3gica medida.<\/li>\n<\/ul>\n<p><strong> <img loading=\"lazy\" decoding=\"async\" class=\"size-full wp-image-8516 aligncenter\" src=\"https:\/\/canariasenpositivo.com\/wp-content\/uploads\/2024\/10\/5.-MIGRANTS-WELCOME.jpg\" alt=\"\" width=\"803\" height=\"859\" \/><\/strong><\/p>\n<p style=\"text-align: center\"><em>\u201cTurist go home and return the properties you\u2019re plundering lands\u201d o, lo que es lo mismo \u201cen cristiano\u201d viene a significar \u201cTuristas vuelvan a casa y devuelvan las propiedades que est\u00e1n saqueando las tierras \u2013 Migrantes bienvenidos\u201d.<\/em><\/p>\n<p><strong>\u00a0<\/strong><\/p>\n<p><span style=\"color: #0000ff\"><strong>TRANQUILIDAD HASTA TENER MODELO ALTERNATIVO<\/strong><\/span><\/p>\n<ul>\n<li>Reitero que estoy de acuerdo en que en nuestra Comunidad Aut\u00f3noma (como en otras) hay que cambiar el modelo tur\u00edstico y, ya puestos, muchas cosas m\u00e1s; pero, mientras tanto, en tanto no haya un modelo alternativo claramente testado y consolidado, cuidemos y defendamos lo que tenemos. Reitero que no se debe ni se puede jugar con las cosas de comer. Y afirmar tambi\u00e9n que, mientras tanto, cada palo debe aguantar su vela: el Gobierno, los empresarios, los sindicatos y las personas trabajadoras, todos proporcionalmente y en su justa medida. No podemos olvidar que, hoy por hoy y pese a quien le pese, lo cierto es que tal es la importancia del turismo para la nuestra econom\u00eda regional en Canarias, que el sector ha llegado a generar cerca del 40% del empleo y el\u00a035,5%\u00a0del PIB canario. <strong>Borja Su\u00e1rez<\/strong>, secretario general de la Federaci\u00f3n de Servicios de CC.OO. Canarias, lo sabe perfectamente. Tampoco hay que olvidar el fen\u00f3meno de la migraci\u00f3n de canarios hacia Venezuela en una \u00e9poca dif\u00edcil para Canarias y Espa\u00f1a y recordar c\u00f3mo nos acogieron. Y para terminar este tema (por hoy), por si alguien pudiera tener alguna duda sobre mi cr\u00edtica, recordarles que en 1990 comenc\u00e9 en Antena 3 de Radio un apasionante proyecto de comunicaci\u00f3n que se denomin\u00f3 <strong><em>\u201cApostando por lo nuestro\u201d<\/em><\/strong> y que sigue estando vigente.<\/li>\n<\/ul>\n<p><strong> <img loading=\"lazy\" decoding=\"async\" class=\"size-large wp-image-8517 aligncenter\" src=\"https:\/\/canariasenpositivo.com\/wp-content\/uploads\/2024\/10\/6.-SERGIO-MIRO-Y-BORJA-SUAREZ-1024x468.jpg\" alt=\"\" width=\"660\" height=\"302\" \/><\/strong><\/p>\n<p style=\"text-align: center\"><em>El periodista de Onda Cero, Sergio Mir\u00f3 (i) y el sindicalista de CC.OO., Borja Su\u00e1rez.<\/em><\/p>\n<p><strong>\u00a0<\/strong><\/p>\n<p><span style=\"color: #0000ff\"><strong>MIENTRAS UNOS PROTESTAN, OTROS SE PREPARAN<\/strong><\/span><\/p>\n<ul>\n<li>Cambio de tercio para comentarles que, aunque pueda parecer parad\u00f3jico, mientras estas manifestaciones (m\u00e1s que mermadas con respecto a las del pasado 20 de abril) se produc\u00edan el pasado domingo en distintos puntos de nuestras islas, otras personas (quiz\u00e1 en u n\u00famero mayor a las que se hab\u00edan manifestado) estaban entren\u00e1ndose y prepar\u00e1ndose a fondo. Me refiero a miles de profesionales de nuestras Fuerzas Armadas, m\u00e1s concretamente de nuestro Ej\u00e9rcito de Tierra, que desarrollaban en nuestras ocho islas el mayor ejercicio de entrenamiento del a\u00f1o. Se trata de la operaci\u00f3n \u201cToro 24\u201d el m\u00e1s importante que realiza el Ej\u00e9rcito de Tierra a nivel nacional y que el propio teniente general, <strong>Julio Salom Herrera<\/strong>, jefe del Mando de Canarias, visit\u00f3 el pasado lunes. Durante la visita, estuvo acompa\u00f1ado por el general de divisi\u00f3n <strong>Ram\u00f3n Armada V\u00e1zquez<\/strong> jefe de Estado Mayor del Mando de Canarias, y fueron recibidos por el general de brigada <strong>Ricardo Esteban Cabrejos<\/strong>, jefe de la Brigada Canarias XVI, quien les guio en un recorrido por el Puesto de Mando, donde se lleva a cabo este ejercicio de alta exigencia t\u00e1ctica.<\/li>\n<\/ul>\n<p><img loading=\"lazy\" decoding=\"async\" class=\"size-large wp-image-8518 aligncenter\" src=\"https:\/\/canariasenpositivo.com\/wp-content\/uploads\/2024\/10\/TG-1-1024x683.jpg\" alt=\"\" width=\"660\" height=\"440\" \/><\/p>\n<p style=\"text-align: center\"><em>El teniente general Julio Salom, visita el puesto de mando de la operaci\u00f3n \u201cToro 24\u201d<\/em><\/p>\n<p>&nbsp;<\/p>\n<p><span style=\"color: #0000ff\"><strong>EL MACROEJERCICIO M\u00c1S IMPORTANTE DEL A\u00d1O<\/strong><\/span><\/p>\n<ul>\n<li>Me ha preguntado m\u00e1s de un amigo del por qu\u00e9 hab\u00eda visto los \u00faltimos d\u00edas en m\u00e1s de una de nuestras islas un especial movimiento de mujeres y hombres, soldados del Ej\u00e9rcito de Tierra. La raz\u00f3n no era otra que dicha operaci\u00f3n Toro 24, que es el principal entrenamiento militar del Ej\u00e9rcito de Tierra espa\u00f1ol en este a\u00f1o y cuenta con la participaci\u00f3n de m\u00e1s de 1000 militares provenientes de distintas unidades, entre ellas, la Brigada Canarias XVI, que manda el general <strong>Esteban Cabrejos<\/strong>. Desarrollado durante la segunda quincena de octubre, este ejercicio se distingue por la implementaci\u00f3n de un nuevo concepto de puestos de mando, alineado con el proyecto \u00abFuerza 2035\u00bb, lo cual representa un gran reto tanto a nivel de mando como de control. Adem\u00e1s de los desaf\u00edos t\u00e1cticos, el ejercicio tambi\u00e9n pone a prueba la capacidad log\u00edstica y de comunicaciones de las fuerzas desplegadas. El Ejercicio Toro 24 continuar\u00e1 hasta finales de octubre y sirve como demostraci\u00f3n de la preparaci\u00f3n, disponibilidad y operatividad para adaptarse a todo tipo de escenarios y proporcionar las capacidades decisivas para defender los intereses de Espa\u00f1a y nuestros aliados.<\/li>\n<\/ul>\n<p><img loading=\"lazy\" decoding=\"async\" class=\"size-large wp-image-8519 aligncenter\" src=\"https:\/\/canariasenpositivo.com\/wp-content\/uploads\/2024\/10\/tg-5-EJERCICIO-I-24-MANDO-DE-CANARIAS-1024x577.jpg\" alt=\"\" width=\"660\" height=\"372\" \/><\/p>\n<p style=\"text-align: center\"><em>Sala de control del Ejercicio I.2024 que desde ma\u00f1ana se desarrollar\u00e1 en Canarias.<\/em><\/p>\n<p>&nbsp;<\/p>\n<p><span style=\"color: #0000ff\"><strong>PREPARACI\u00d3N PARA LA DISUASI\u00d3N DESDE MA\u00d1ANA<\/strong><\/span><\/p>\n<ul>\n<li>Remato <em><strong>El Cotarro<\/strong><\/em> de hoy coment\u00e1ndoles que, por si todo lo anteriormente dicho fuera poco, desde ma\u00f1ana lunes (d\u00eda28) y hasta el pr\u00f3ximo mi\u00e9rcoles d\u00eda 30) las unidades del Mando de Canarias participar\u00e1n en el Ejercicio I\/2024 del Mando de Canarias del Ej\u00e9rcito de Tierra, que tiene tambi\u00e9n car\u00e1cter anual y pertenece al \u00e1mbito de la preparaci\u00f3n de las unidades en su pac\u00edfica, imprescindible y eficaz misi\u00f3n de <strong>Presencia, Vigilancia y Disuasi\u00f3n<\/strong>. Se trata de un ejercicio bajo mando y control del Cuartel General del Mando de Canarias, ubicado en Santa Cruz de Tenerife y que manda el teniente general <strong>Julio Salom Herrera<\/strong>, con el objetivo de preparar a los Cuarteles Generales de sus Unidades org\u00e1nicas de Canarias, Ceuta, Melilla y Baleares en el mando y coordinaci\u00f3n de la ejecuci\u00f3n de las mencionadas misiones de <strong>Presencia, Vigilancia y Disuasi\u00f3n<\/strong> en sus respectivas \u00e1reas. El ejercicio de tipo CPX (Puestos de Mando sobre medios inform\u00e1ticos) supone un entrenamiento de coordinaci\u00f3n, mando y control con las Comandancias Generales de Ceuta, Melilla y Baleares y la Brigada Canarias XVI para mantener y mejorar el grado de preparaci\u00f3n y la interoperabilidad de todas las unidades participantes.<\/li>\n<\/ul>\n<p><img loading=\"lazy\" decoding=\"async\" class=\"size-large wp-image-8520 aligncenter\" src=\"https:\/\/canariasenpositivo.com\/wp-content\/uploads\/2024\/10\/TG-4-JULIO-SALOM-EN-UN-PUESTO-DE-MANDO-1024x683.jpg\" alt=\"\" width=\"660\" height=\"440\" \/><\/p>\n<p style=\"text-align: center\"><em>En el centro de la imagen, en un puesto de mando y recibiendo informaci\u00f3n, el teniente general Julio Salom Herrera, jefe del Mando de Canarias (i) el general de divisi\u00f3n Ram\u00f3n Armada, jefe del Estado Mayor del Mando de Canarias (c) y el general de brigada, Ricardo Esteban Cabrejas jefe de la Brigada \u201cCanarias\u201d XVI.<\/em><\/p>\n<p><strong>\u00a0<\/strong><\/p>\n<p><strong>\u00a0<\/strong><span style=\"color: #0000ff\"><strong>* Jos\u00e9 Carlos MARRERO GONZ\u00c1LEZ<\/strong><\/span><\/p>\n<p>Periodista y analista de la actualidad.<\/p>\n<p>Director de <strong><em>El Cotarro<\/em><\/strong> (www.elcotarro.com)<\/p>\n<p>Director de <strong><em>Canarias en Positivo<\/em><\/strong> (www.canariasenpositivo.com)<\/p>\n<p>Director de <strong><em>GastroCanarias<\/em><\/strong> (www.gastrocanarias.com)<\/p>\n<p>&nbsp;<\/p>\n<p>Islas Canarias, 27 de octubre de 2024<\/p>\n<p><img loading=\"lazy\" decoding=\"async\" class=\"size-full wp-image-7956 aligncenter\" src=\"https:\/\/canariasenpositivo.com\/wp-content\/uploads\/2024\/06\/A-CARECA-INSULA.jpg\" alt=\"\" width=\"750\" height=\"153\" \/><\/p>\n","protected":false},"excerpt":{"rendered":"<p>N\u00ba529 DEL 27 DE OCTUBRE DE 2024 &nbsp; \u00a0 Por Jos\u00e9 Carlos Marrero * \u00a0 \u00a0 LAS \u201cPAPAS CALIENTES\u201d DEL GOBIERNO DE CANARIAS Seguramente, leyendo El Cotarro de hoy sentir\u00e1n que puedo estar tan triste como \u201cmosqueado\u201d y tan preocupado como \u201cmosqueado\u201d. El pasado domingo, d\u00eda 20 de octubre, creo que, de alguna manera, me &#8230; <a class=\"read-more\" href=\"https:\/\/elcotarro.com\/?p=10941\">Read more<\/a><\/p>\n","protected":false},"author":2,"featured_media":0,"comment_status":"open","ping_status":"open","sticky":false,"template":"","format":"standard","meta":{"_jetpack_memberships_contains_paid_content":false,"footnotes":""},"categories":[4],"tags":[],"class_list":["post-10941","post","type-post","status-publish","format-standard","hentry","category-el-cotarro"],"yoast_head":"<!-- This site is optimized with the Yoast SEO plugin v27.0 - https:\/\/yoast.com\/product\/yoast-seo-wordpress\/ -->\n<title>EL COTARRO \/ 529, DEL DOMINGO, 27\/10\/2024 - El Cotarro<\/title>\n<meta name=\"robots\" content=\"index, follow, max-snippet:-1, max-image-preview:large, max-video-preview:-1\" \/>\n<link rel=\"canonical\" href=\"https:\/\/elcotarro.com\/?p=10941\" \/>\n<meta property=\"og:locale\" content=\"es_ES\" \/>\n<meta property=\"og:type\" content=\"article\" \/>\n<meta property=\"og:title\" content=\"EL COTARRO \/ 529, DEL DOMINGO, 27\/10\/2024 - El Cotarro\" \/>\n<meta property=\"og:description\" content=\"N\u00ba529 DEL 27 DE OCTUBRE DE 2024 &nbsp; \u00a0 Por Jos\u00e9 Carlos Marrero * \u00a0 \u00a0 LAS \u201cPAPAS CALIENTES\u201d DEL GOBIERNO DE CANARIAS Seguramente, leyendo El Cotarro de hoy sentir\u00e1n que puedo estar tan triste como \u201cmosqueado\u201d y tan preocupado como \u201cmosqueado\u201d. El pasado domingo, d\u00eda 20 de octubre, creo que, de alguna manera, me ... Read more\" \/>\n<meta property=\"og:url\" content=\"https:\/\/elcotarro.com\/?p=10941\" \/>\n<meta property=\"og:site_name\" content=\"El Cotarro\" \/>\n<meta property=\"article:publisher\" content=\"https:\/\/www.facebook.com\/ElCotarro.Tenerife\" \/>\n<meta property=\"article:published_time\" content=\"2024-10-27T10:56:01+00:00\" \/>\n<meta property=\"og:image\" content=\"https:\/\/canariasenpositivo.com\/wp-content\/uploads\/2024\/10\/Cabecera_El_Cotarro_v2-1024x128.jpg\" \/>\n<meta name=\"author\" content=\"Jos\u00e9 Carlos Marrero Gonz\u00e1lez\" \/>\n<meta name=\"twitter:label1\" content=\"Escrito por\" \/>\n\t<meta name=\"twitter:data1\" content=\"Jos\u00e9 Carlos Marrero Gonz\u00e1lez\" \/>\n\t<meta name=\"twitter:label2\" content=\"Tiempo de lectura\" \/>\n\t<meta name=\"twitter:data2\" content=\"12 minutos\" \/>\n<script type=\"application\/ld+json\" class=\"yoast-schema-graph\">{\"@context\":\"https:\/\/schema.org\",\"@graph\":[{\"@type\":\"Article\",\"@id\":\"https:\/\/elcotarro.com\/?p=10941#article\",\"isPartOf\":{\"@id\":\"https:\/\/elcotarro.com\/?p=10941\"},\"author\":{\"name\":\"Jos\u00e9 Carlos Marrero Gonz\u00e1lez\",\"@id\":\"https:\/\/elcotarro.com\/#\/schema\/person\/af537ee7d60d15984c7e0affcd8a918b\"},\"headline\":\"EL COTARRO \/ 529, DEL DOMINGO, 27\/10\/2024\",\"datePublished\":\"2024-10-27T10:56:01+00:00\",\"mainEntityOfPage\":{\"@id\":\"https:\/\/elcotarro.com\/?p=10941\"},\"wordCount\":2265,\"commentCount\":0,\"publisher\":{\"@id\":\"https:\/\/elcotarro.com\/#organization\"},\"image\":{\"@id\":\"https:\/\/elcotarro.com\/?p=10941#primaryimage\"},\"thumbnailUrl\":\"https:\/\/canariasenpositivo.com\/wp-content\/uploads\/2024\/10\/Cabecera_El_Cotarro_v2-1024x128.jpg\",\"articleSection\":[\"El Cotarro\"],\"inLanguage\":\"es\",\"potentialAction\":[{\"@type\":\"CommentAction\",\"name\":\"Comment\",\"target\":[\"https:\/\/elcotarro.com\/?p=10941#respond\"]}]},{\"@type\":\"WebPage\",\"@id\":\"https:\/\/elcotarro.com\/?p=10941\",\"url\":\"https:\/\/elcotarro.com\/?p=10941\",\"name\":\"EL COTARRO \/ 529, DEL DOMINGO, 27\/10\/2024 - El Cotarro\",\"isPartOf\":{\"@id\":\"https:\/\/elcotarro.com\/#website\"},\"primaryImageOfPage\":{\"@id\":\"https:\/\/elcotarro.com\/?p=10941#primaryimage\"},\"image\":{\"@id\":\"https:\/\/elcotarro.com\/?p=10941#primaryimage\"},\"thumbnailUrl\":\"https:\/\/canariasenpositivo.com\/wp-content\/uploads\/2024\/10\/Cabecera_El_Cotarro_v2-1024x128.jpg\",\"datePublished\":\"2024-10-27T10:56:01+00:00\",\"breadcrumb\":{\"@id\":\"https:\/\/elcotarro.com\/?p=10941#breadcrumb\"},\"inLanguage\":\"es\",\"potentialAction\":[{\"@type\":\"ReadAction\",\"target\":[\"https:\/\/elcotarro.com\/?p=10941\"]}]},{\"@type\":\"ImageObject\",\"inLanguage\":\"es\",\"@id\":\"https:\/\/elcotarro.com\/?p=10941#primaryimage\",\"url\":\"https:\/\/canariasenpositivo.com\/wp-content\/uploads\/2024\/10\/Cabecera_El_Cotarro_v2-1024x128.jpg\",\"contentUrl\":\"https:\/\/canariasenpositivo.com\/wp-content\/uploads\/2024\/10\/Cabecera_El_Cotarro_v2-1024x128.jpg\"},{\"@type\":\"BreadcrumbList\",\"@id\":\"https:\/\/elcotarro.com\/?p=10941#breadcrumb\",\"itemListElement\":[{\"@type\":\"ListItem\",\"position\":1,\"name\":\"Portada\",\"item\":\"https:\/\/elcotarro.com\/\"},{\"@type\":\"ListItem\",\"position\":2,\"name\":\"EL COTARRO \/ 529, DEL DOMINGO, 27\/10\/2024\"}]},{\"@type\":\"WebSite\",\"@id\":\"https:\/\/elcotarro.com\/#website\",\"url\":\"https:\/\/elcotarro.com\/\",\"name\":\"El Cotarro\",\"description\":\"Peri\u00f3dico Digital Independiente dirigido por Jos\u00e9 Carlos Marrero\",\"publisher\":{\"@id\":\"https:\/\/elcotarro.com\/#organization\"},\"potentialAction\":[{\"@type\":\"SearchAction\",\"target\":{\"@type\":\"EntryPoint\",\"urlTemplate\":\"https:\/\/elcotarro.com\/?s={search_term_string}\"},\"query-input\":{\"@type\":\"PropertyValueSpecification\",\"valueRequired\":true,\"valueName\":\"search_term_string\"}}],\"inLanguage\":\"es\"},{\"@type\":\"Organization\",\"@id\":\"https:\/\/elcotarro.com\/#organization\",\"name\":\"El Cotarro\",\"url\":\"https:\/\/elcotarro.com\/\",\"logo\":{\"@type\":\"ImageObject\",\"inLanguage\":\"es\",\"@id\":\"https:\/\/elcotarro.com\/#\/schema\/logo\/image\/\",\"url\":\"https:\/\/elcotarro.com\/wp-content\/uploads\/2014\/09\/Cabecera_El_Cotarro_v2.jpg\",\"contentUrl\":\"https:\/\/elcotarro.com\/wp-content\/uploads\/2014\/09\/Cabecera_El_Cotarro_v2.jpg\",\"width\":3540,\"height\":441,\"caption\":\"El Cotarro\"},\"image\":{\"@id\":\"https:\/\/elcotarro.com\/#\/schema\/logo\/image\/\"},\"sameAs\":[\"https:\/\/www.facebook.com\/ElCotarro.Tenerife\"]},{\"@type\":\"Person\",\"@id\":\"https:\/\/elcotarro.com\/#\/schema\/person\/af537ee7d60d15984c7e0affcd8a918b\",\"name\":\"Jos\u00e9 Carlos Marrero Gonz\u00e1lez\",\"image\":{\"@type\":\"ImageObject\",\"inLanguage\":\"es\",\"@id\":\"https:\/\/elcotarro.com\/#\/schema\/person\/image\/\",\"url\":\"https:\/\/secure.gravatar.com\/avatar\/def4da036efb5d32c74d49c351f6dccc064dd69ad9f3aadc295c5a9a5391ca01?s=96&d=mm&r=g\",\"contentUrl\":\"https:\/\/secure.gravatar.com\/avatar\/def4da036efb5d32c74d49c351f6dccc064dd69ad9f3aadc295c5a9a5391ca01?s=96&d=mm&r=g\",\"caption\":\"Jos\u00e9 Carlos Marrero Gonz\u00e1lez\"},\"sameAs\":[\"https:\/\/elcotarro.com\"],\"url\":\"https:\/\/elcotarro.com\/?author=2\"}]}<\/script>\n<!-- \/ Yoast SEO plugin. -->","yoast_head_json":{"title":"EL COTARRO \/ 529, DEL DOMINGO, 27\/10\/2024 - El Cotarro","robots":{"index":"index","follow":"follow","max-snippet":"max-snippet:-1","max-image-preview":"max-image-preview:large","max-video-preview":"max-video-preview:-1"},"canonical":"https:\/\/elcotarro.com\/?p=10941","og_locale":"es_ES","og_type":"article","og_title":"EL COTARRO \/ 529, DEL DOMINGO, 27\/10\/2024 - El Cotarro","og_description":"N\u00ba529 DEL 27 DE OCTUBRE DE 2024 &nbsp; \u00a0 Por Jos\u00e9 Carlos Marrero * \u00a0 \u00a0 LAS \u201cPAPAS CALIENTES\u201d DEL GOBIERNO DE CANARIAS Seguramente, leyendo El Cotarro de hoy sentir\u00e1n que puedo estar tan triste como \u201cmosqueado\u201d y tan preocupado como \u201cmosqueado\u201d. El pasado domingo, d\u00eda 20 de octubre, creo que, de alguna manera, me ... Read more","og_url":"https:\/\/elcotarro.com\/?p=10941","og_site_name":"El Cotarro","article_publisher":"https:\/\/www.facebook.com\/ElCotarro.Tenerife","article_published_time":"2024-10-27T10:56:01+00:00","og_image":[{"url":"https:\/\/canariasenpositivo.com\/wp-content\/uploads\/2024\/10\/Cabecera_El_Cotarro_v2-1024x128.jpg","type":"","width":"","height":""}],"author":"Jos\u00e9 Carlos Marrero Gonz\u00e1lez","twitter_misc":{"Escrito por":"Jos\u00e9 Carlos Marrero Gonz\u00e1lez","Tiempo de lectura":"12 minutos"},"schema":{"@context":"https:\/\/schema.org","@graph":[{"@type":"Article","@id":"https:\/\/elcotarro.com\/?p=10941#article","isPartOf":{"@id":"https:\/\/elcotarro.com\/?p=10941"},"author":{"name":"Jos\u00e9 Carlos Marrero Gonz\u00e1lez","@id":"https:\/\/elcotarro.com\/#\/schema\/person\/af537ee7d60d15984c7e0affcd8a918b"},"headline":"EL COTARRO \/ 529, DEL DOMINGO, 27\/10\/2024","datePublished":"2024-10-27T10:56:01+00:00","mainEntityOfPage":{"@id":"https:\/\/elcotarro.com\/?p=10941"},"wordCount":2265,"commentCount":0,"publisher":{"@id":"https:\/\/elcotarro.com\/#organization"},"image":{"@id":"https:\/\/elcotarro.com\/?p=10941#primaryimage"},"thumbnailUrl":"https:\/\/canariasenpositivo.com\/wp-content\/uploads\/2024\/10\/Cabecera_El_Cotarro_v2-1024x128.jpg","articleSection":["El Cotarro"],"inLanguage":"es","potentialAction":[{"@type":"CommentAction","name":"Comment","target":["https:\/\/elcotarro.com\/?p=10941#respond"]}]},{"@type":"WebPage","@id":"https:\/\/elcotarro.com\/?p=10941","url":"https:\/\/elcotarro.com\/?p=10941","name":"EL COTARRO \/ 529, DEL DOMINGO, 27\/10\/2024 - El Cotarro","isPartOf":{"@id":"https:\/\/elcotarro.com\/#website"},"primaryImageOfPage":{"@id":"https:\/\/elcotarro.com\/?p=10941#primaryimage"},"image":{"@id":"https:\/\/elcotarro.com\/?p=10941#primaryimage"},"thumbnailUrl":"https:\/\/canariasenpositivo.com\/wp-content\/uploads\/2024\/10\/Cabecera_El_Cotarro_v2-1024x128.jpg","datePublished":"2024-10-27T10:56:01+00:00","breadcrumb":{"@id":"https:\/\/elcotarro.com\/?p=10941#breadcrumb"},"inLanguage":"es","potentialAction":[{"@type":"ReadAction","target":["https:\/\/elcotarro.com\/?p=10941"]}]},{"@type":"ImageObject","inLanguage":"es","@id":"https:\/\/elcotarro.com\/?p=10941#primaryimage","url":"https:\/\/canariasenpositivo.com\/wp-content\/uploads\/2024\/10\/Cabecera_El_Cotarro_v2-1024x128.jpg","contentUrl":"https:\/\/canariasenpositivo.com\/wp-content\/uploads\/2024\/10\/Cabecera_El_Cotarro_v2-1024x128.jpg"},{"@type":"BreadcrumbList","@id":"https:\/\/elcotarro.com\/?p=10941#breadcrumb","itemListElement":[{"@type":"ListItem","position":1,"name":"Portada","item":"https:\/\/elcotarro.com\/"},{"@type":"ListItem","position":2,"name":"EL COTARRO \/ 529, DEL DOMINGO, 27\/10\/2024"}]},{"@type":"WebSite","@id":"https:\/\/elcotarro.com\/#website","url":"https:\/\/elcotarro.com\/","name":"El Cotarro","description":"Peri\u00f3dico Digital Independiente dirigido por Jos\u00e9 Carlos Marrero","publisher":{"@id":"https:\/\/elcotarro.com\/#organization"},"potentialAction":[{"@type":"SearchAction","target":{"@type":"EntryPoint","urlTemplate":"https:\/\/elcotarro.com\/?s={search_term_string}"},"query-input":{"@type":"PropertyValueSpecification","valueRequired":true,"valueName":"search_term_string"}}],"inLanguage":"es"},{"@type":"Organization","@id":"https:\/\/elcotarro.com\/#organization","name":"El Cotarro","url":"https:\/\/elcotarro.com\/","logo":{"@type":"ImageObject","inLanguage":"es","@id":"https:\/\/elcotarro.com\/#\/schema\/logo\/image\/","url":"https:\/\/elcotarro.com\/wp-content\/uploads\/2014\/09\/Cabecera_El_Cotarro_v2.jpg","contentUrl":"https:\/\/elcotarro.com\/wp-content\/uploads\/2014\/09\/Cabecera_El_Cotarro_v2.jpg","width":3540,"height":441,"caption":"El Cotarro"},"image":{"@id":"https:\/\/elcotarro.com\/#\/schema\/logo\/image\/"},"sameAs":["https:\/\/www.facebook.com\/ElCotarro.Tenerife"]},{"@type":"Person","@id":"https:\/\/elcotarro.com\/#\/schema\/person\/af537ee7d60d15984c7e0affcd8a918b","name":"Jos\u00e9 Carlos Marrero Gonz\u00e1lez","image":{"@type":"ImageObject","inLanguage":"es","@id":"https:\/\/elcotarro.com\/#\/schema\/person\/image\/","url":"https:\/\/secure.gravatar.com\/avatar\/def4da036efb5d32c74d49c351f6dccc064dd69ad9f3aadc295c5a9a5391ca01?s=96&d=mm&r=g","contentUrl":"https:\/\/secure.gravatar.com\/avatar\/def4da036efb5d32c74d49c351f6dccc064dd69ad9f3aadc295c5a9a5391ca01?s=96&d=mm&r=g","caption":"Jos\u00e9 Carlos Marrero Gonz\u00e1lez"},"sameAs":["https:\/\/elcotarro.com"],"url":"https:\/\/elcotarro.com\/?author=2"}]}},"jetpack_featured_media_url":"","jetpack_sharing_enabled":true,"_links":{"self":[{"href":"https:\/\/elcotarro.com\/index.php?rest_route=\/wp\/v2\/posts\/10941","targetHints":{"allow":["GET"]}}],"collection":[{"href":"https:\/\/elcotarro.com\/index.php?rest_route=\/wp\/v2\/posts"}],"about":[{"href":"https:\/\/elcotarro.com\/index.php?rest_route=\/wp\/v2\/types\/post"}],"author":[{"embeddable":true,"href":"https:\/\/elcotarro.com\/index.php?rest_route=\/wp\/v2\/users\/2"}],"replies":[{"embeddable":true,"href":"https:\/\/elcotarro.com\/index.php?rest_route=%2Fwp%2Fv2%2Fcomments&post=10941"}],"version-history":[{"count":1,"href":"https:\/\/elcotarro.com\/index.php?rest_route=\/wp\/v2\/posts\/10941\/revisions"}],"predecessor-version":[{"id":10942,"href":"https:\/\/elcotarro.com\/index.php?rest_route=\/wp\/v2\/posts\/10941\/revisions\/10942"}],"wp:attachment":[{"href":"https:\/\/elcotarro.com\/index.php?rest_route=%2Fwp%2Fv2%2Fmedia&parent=10941"}],"wp:term":[{"taxonomy":"category","embeddable":true,"href":"https:\/\/elcotarro.com\/index.php?rest_route=%2Fwp%2Fv2%2Fcategories&post=10941"},{"taxonomy":"post_tag","embeddable":true,"href":"https:\/\/elcotarro.com\/index.php?rest_route=%2Fwp%2Fv2%2Ftags&post=10941"}],"curies":[{"name":"wp","href":"https:\/\/api.w.org\/{rel}","templated":true}]}}