{"id":10950,"date":"2024-11-17T00:45:49","date_gmt":"2024-11-17T00:45:49","guid":{"rendered":"https:\/\/elcotarro.com\/?p=10950"},"modified":"2024-11-17T09:45:07","modified_gmt":"2024-11-17T09:45:07","slug":"el-cotarro-532-del-domingo-17-11-2024","status":"publish","type":"post","link":"https:\/\/elcotarro.com\/?p=10950","title":{"rendered":"EL COTARRO \/ 532, DEL DOMINGO, 17\/11\/2024"},"content":{"rendered":"<p><img loading=\"lazy\" decoding=\"async\" class=\"size-large wp-image-8485 aligncenter\" src=\"https:\/\/canariasenpositivo.com\/wp-content\/uploads\/2024\/10\/Cabecera_El_Cotarro_v2-1024x128.jpg\" alt=\"\" width=\"660\" height=\"83\" \/><\/p>\n<p style=\"text-align: center\"><span style=\"color: #ff0000\"><strong>N\u00ba532 DEL 17 DE NOVIEMBRE DE 2024<\/strong><\/span><\/p>\n<p>&nbsp;<\/p>\n<p><em>\u00a0<\/em><\/p>\n<p><span style=\"color: #0000ff\"><em>Por <strong>Jos\u00e9 Carlos Marrero *<\/strong><\/em><\/span><\/p>\n<p><strong>\u00a0<\/strong><\/p>\n<p><strong>\u00a0<\/strong><\/p>\n<p><span style=\"color: #0000ff\"><strong>46 A\u00d1OS DE PROFESI\u00d3N PARA ESCRIBIR EN LIBERTAD<\/strong><\/span><\/p>\n<ul>\n<li>Algunas personas no lo entender\u00e1n (otras muchas, s\u00ed) pero debo comenzar esta edici\u00f3n de <strong><em>El Cotarro<\/em><\/strong> recordando, una vez m\u00e1s, que comenc\u00e9 en este oficio el a\u00f1o 1979, haciendo periodismo radiof\u00f3nico en la recordada Radio Club Tenerife (cuando ten\u00eda sus estudios en la calle Suarez Guerra) bajo la direcci\u00f3n de <strong>Francisco <em>\u201cPaco\u201d<\/em> Padr\u00f3n<\/strong>. Desde aquellos comienzos al d\u00eda de hoy ha pasado la friolera de 46 a\u00f1os trabajando en prensa escrita, radio y televisi\u00f3n, de los que, 23 a\u00f1os, he tenido la oportunidad, la responsabilidad y el honor de ser director de una emisora de radio (4 de ellos en Antena 3 de radio y 19 en COPE Tenerife) Recuerdo esto porque, en esta querida tierra nuestra (como reza el dicho: <em>\u201cpueblo chico, infierno grande\u201d<\/em>) seguir ejerciendo el oficio 46 a\u00f1os despu\u00e9s, quiere decir que, en principio, muy mal no lo habr\u00e9 hecho (perd\u00f3n de nuevo por la inmodestia). En todo este tiempo, la m\u00e1xima que ha regido mi trayectoria ha sido la frase del Evangelio de <strong>San Juan<\/strong> dice <em>\u201cLa verdad, os har\u00e1 libres\u201d<\/em>. Cre\u00eda que era bueno recordar esto de entrada, para que posibles personas desmemoriadas o ignorantes, puedan entender en su justa medida gran parte de <strong><em>El Cotarro<\/em><\/strong> de este domingo.<\/li>\n<\/ul>\n<p><img loading=\"lazy\" decoding=\"async\" class=\"size-full wp-image-8597 aligncenter\" src=\"https:\/\/canariasenpositivo.com\/wp-content\/uploads\/2024\/11\/1.-RADIO-CLUB-SUAREZ-GUERRA.jpg\" alt=\"\" width=\"764\" height=\"1024\" \/><\/p>\n<p style=\"text-align: center\"><em>Comenc\u00e9 a trabajar como periodista en este edificio de la santacrucera calle Su\u00e1rez Guerra N\u00ba43, donde estaban los antiguos estudios de Radio Club Tenerife (EAJ-43)<\/em><\/p>\n<p>&nbsp;<\/p>\n<p><span style=\"color: #0000ff\"><strong>LA LAGUNA Y NUESTRO HOSPITAL UNIVERSITARIO<\/strong><\/span><\/p>\n<ul>\n<li>Como se podr\u00e1n imaginar, durante esos 46 a\u00f1os he tenido la oportunidad de trabajar en infinidad de temas de lo m\u00e1s variado, en los que he tenido que tratar con personas (p\u00fablicas o no) muchas de ellas pol\u00edticos de profesi\u00f3n del m\u00e1s variado \u201cpelaje\u201d, en una importante variedad de instituciones, entidades y empresas p\u00fablicas y privadas de todo tipo. De todas he aprendido algo para bien (casi siempre) y tambi\u00e9n para mal (en algunas ocasiones). Una de las primeras personas, por ejemplo, que recuerdo me ense\u00f1\u00f3 algo importante en las responsabilidades de un periodista y comunicador, fue el recordado <strong>Jos\u00e9 Miguel Galv\u00e1n Bello<\/strong> <em>(cari\u00f1osamente \u201cLord Chasna\u201d)<\/em> Y tras 46 a\u00f1os de profesi\u00f3n, solo me he permitido presumir (desde la humildad, repito) de conocer y controlar (que no dominar) la informaci\u00f3n relativa a mi querido municipio de La Laguna, y la relativa a nuestro Hospital Universitario de Canarias (HUC), casi desde cuanto todav\u00eda se llamaba Hospital General y Cl\u00ednico de Tenerife, y depend\u00eda exclusivamente de nuestro Cabildo tinerfe\u00f1o. La actualidad en torno a la realidad del HUC me hace volver\u2026<\/li>\n<\/ul>\n<p><img loading=\"lazy\" decoding=\"async\" class=\"size-full wp-image-8598 aligncenter\" src=\"https:\/\/canariasenpositivo.com\/wp-content\/uploads\/2024\/11\/2.-HOSPITAL-GENERAL.jpg\" alt=\"\" width=\"880\" height=\"495\" \/><\/p>\n<p style=\"text-align: center\"><em>Fachada principal del hoy HUC, cuando a\u00fan se llamaba y el cartel pon\u00eda Hospital General y Cl\u00ednico.<\/em><\/p>\n<p>&nbsp;<\/p>\n<p><span style=\"color: #0000ff\"><strong>HE TENIDO QUE TRATAR CON 12 GERENTES DEL HUC<\/strong><\/span><\/p>\n<ul>\n<li>Lo he estado mirando durante esta pasada semana y, aunque parezca mentira, durante los mencionados casi 47 a\u00f1os de trayectoria como periodista, he tenido la oportunidad de tratar hasta con 12 gerentes de lo que hoy es nuestro Hospital Universitario de Canarias. El primero de ellos, el casi \u201ctodopoderoso\u201d <strong>Felipe Gonz\u00e1lez<\/strong>, cuyo cargo en verdad no llamaban gerente, sino director administrativo de Hospitales del Cabildo Insular de Tenerife (HECIT). Luego siguieron ocupando el puesto, ya como gerentes, <strong>Emilio Rico Sevillano, Jos\u00e9 Antonio Moreno Ruiz, Ricardo Sanch\u00eds Cienfuegos-Jovellanos, Antonio Tosco Hern\u00e1ndez <\/strong>y<strong> Encarnaci\u00f3n Campelo Barcia<\/strong>, luego lleg\u00f3 <strong>Ignacio L\u00f3pez Puech<\/strong> (2005 &#8211; 2015), <strong>Eduardo De Bonis Redondo<\/strong> (2015 &#8211; 2017), <strong>Marisol Pastor Santove\u00f1a<\/strong> (2017 &#8211; 2019) y <strong>Mercedes Cueto Serrano <\/strong>(2019 &#8211; 2023) hasta llegar al actual gerente, <strong>Adasat Goya Gonz\u00e1lez<\/strong>, que ocupa el puesto desde el mes de agosto de 2023. Todos han tenido que pasar durante la gerencia por su particular <em>\u201cv\u00eda crucis\u201d<\/em> profesional en el cargo. Todos han tenido en sus respectivos momentos de mando su problem\u00e1tica m\u00e1s o menos compleja. Seguro que todos han querido hacerlo lo mejor posible. Otra cosa es el balance final de lo que finalmente cada uno ha hecho en su mandato.<\/li>\n<\/ul>\n<p><img loading=\"lazy\" decoding=\"async\" class=\"size-full wp-image-8599 aligncenter\" src=\"https:\/\/canariasenpositivo.com\/wp-content\/uploads\/2024\/11\/3.-FELIPE-GONZALEZ-DGUEZ.jpg\" alt=\"\" width=\"162\" height=\"174\" \/><\/p>\n<p style=\"text-align: center\"><em>Felipe Gonz\u00e1lez Dom\u00ednguez, el primer \u201cgerente\u201d con el que tuve que tratar<\/em><\/p>\n<p>&nbsp;<\/p>\n<p><span style=\"color: #0000ff\"><strong>UN RESPETUOSO SILENCIO Y LA MIRADA EN POSITIVO<\/strong><\/span><\/p>\n<ul>\n<li>Durante los \u00faltimos meses (casi un a\u00f1o) he estado callado y observando los acontecimientos que se han ido sucediendo en el entorno de nuestro Hospital Universitario de Canarias. Creo que solo he escrito algo (y siempre en positivo) a cuenta de la informaci\u00f3n recibida del <strong> Miguel Serrano<\/strong> sobre el 50 aniversario de la primera promoci\u00f3n de m\u00e9dicos egresados de nuestra Facultad de Medicina de la Universidad de La Laguna (ULL), a cuenta de la alegr\u00eda del <strong>Dr. Tato V\u00e1zquez<\/strong> <strong>Lima<\/strong>, presidente de SEMES, por el reconocimiento y creaci\u00f3n de la especialidad de Medicina de Urgencias y Emergencias a nivel nacional, y a cuenta de los \u00e9xitos internacionales conseguidos por proyectos de investigaci\u00f3n realizados en el entorno del HUC. Como no pod\u00eda ser de otra manera, he querido guardar no los tradicionales \u201c100 d\u00edas de gracia\u201d al nuevo gerente, <strong>Adasat Goya Gonz\u00e1lez<\/strong>. En todo caso, si me refer\u00ed colateralmente a <strong>Adasat Goya<\/strong>, cuando en <strong><em>El Cotarro<\/em><\/strong> del pasado 13 de octubre reiteraba la necesidad urgente de la creaci\u00f3n de centros sociales y sociosanitarios para aliviar la presi\u00f3n de pacientes cr\u00f3nicos y de larga estancia en los hospitales de referencia y Tercer Nivel del Servicio Canario de la Salud (SCS)<\/li>\n<\/ul>\n<p><img loading=\"lazy\" decoding=\"async\" class=\"size-large wp-image-8600 aligncenter\" src=\"https:\/\/canariasenpositivo.com\/wp-content\/uploads\/2024\/11\/4.-HUC-PANORAMICA-1024x593.jpg\" alt=\"\" width=\"660\" height=\"382\" \/><\/p>\n<p style=\"text-align: center\"><em>Panor\u00e1mica actual de los exteriores del Hospital Universitario de Canarias (HUC)<\/em><\/p>\n<p>&nbsp;<\/p>\n<p><span style=\"color: #0000ff\"><strong>LOS \u00daLTIMOS ACONTECIMIENTOS ME HACEN VOLVER<\/strong><\/span><\/p>\n<ul>\n<li>Pero, de nuevo, dif\u00edcil y complicada realidad de la mayor\u00eda de los hospitales de tercer nivel y referencia de Canarias, todos tensionados por la necesidad de camas hospitalarias en planta, ha vuelto a llevar a las portadas de los medios de comunicaci\u00f3n al HUC. Nuevamente, por desgracia, con la realidad de su Servicio de Urgencias y, una vez m\u00e1s, con su jefe de servicio, el <strong> Guillermo Burillo Putze<\/strong>, en el ojo del hurac\u00e1n, no s\u00e9 si como chivo expiatorio. Palabrita del <strong>Ni\u00f1o Jes\u00fas<\/strong> que estaba callado esperando que el tiempo, con acciones pol\u00edticas m\u00e1s inteligentes y pr\u00e1cticas, a la vez que, con m\u00e1s medios t\u00e9cnicos y humanos para los profesionales, redundara en una mejor soluci\u00f3n para un problema que, como he dicho muchas veces, trasciende de un determinado hospital y mucho m\u00e1s de su servicio de Urgencias. Pero resulta que el pasado lunes cesan de nuevo al <strong>Guillermo Burillo Putze<\/strong> como jefe del Servicio de Urgencias del HUC. Como titul\u00f3 <strong>Ver\u00f3nica Pav\u00e9s<\/strong> en el peri\u00f3dico El D\u00eda, <em>\u201cEl HUC cesa a <strong>Guillermo Burillo<\/strong> como jefe de Urgencias por tercera vez en cuatro a\u00f1os\u201d<\/em>. Entender\u00e1n que, despu\u00e9s de todo lo que he escrito y opinado sobre el tema, por honestidad, profesionalidad y coherencia informativa, no me puedo mantener en silencio y al margen. Algo debo decir y lo voy a hacer.<\/li>\n<\/ul>\n<p><img loading=\"lazy\" decoding=\"async\" class=\"size-full wp-image-8601 aligncenter\" src=\"https:\/\/canariasenpositivo.com\/wp-content\/uploads\/2024\/11\/5.-GUILLERMO-BURILLO.jpg\" alt=\"\" width=\"1024\" height=\"683\" \/><\/p>\n<p style=\"text-align: center\"><em>El Dr. Guillermo Burillo Putze vuelve a ser cesado como jefe de Urgencias del HUC<\/em><\/p>\n<p>&nbsp;<\/p>\n<p><span style=\"color: #0000ff\"><strong>NUEVO (Y CREO QUE INJUSTO) CESE DEL DR. BURILLO<\/strong><\/span><\/p>\n<ul>\n<li>Como suele pasar siempre en un conflicto m\u00e1s o menos grave, siempre suele haber dos versiones y maneras de ver y analizar el mismo. En mi l\u00ednea de hablar con las dos partes de un tema (siempre que ambas quieran, claro) debo decir que, tambi\u00e9n en esta ocasi\u00f3n, he podido comentar este \u00faltimo cese, tanto con <strong>Guillermo Burillo<\/strong>, como con <strong>Adasat Goya<\/strong>, el actual gerente del HUC. Quiero dejar claro dos cosas de antemano, para que nadie se lleve a enga\u00f1o. Por un lado, les recuerdo que (como casi todos saben) tengo una larga relaci\u00f3n de amistad con <strong>Guillermo <\/strong>desde hace a\u00f1os. Nunca lo he ocultado y, en cualquier caso, esa amistad no es \u00f3bice, cortapisa ni valladar, para que <strong>Guillermo Burillo<\/strong> act\u00fae libre y responsablemente como estime oportuno en su profesi\u00f3n de m\u00e9dico urgenci\u00f3logo, y <strong>Jos\u00e9 Carlos Marrero<\/strong> (o sea, yo) lo haga, tambi\u00e9n libre y responsablemente como periodista. No hay que mezclar las cosas. Por cierto, hasta donde yo s\u00e9, ning\u00fan sindicado ni nadie ha solicitado el cese o dimisi\u00f3n de <strong>Burillo<\/strong>. Por otro lado, quiero manifestar aqu\u00ed p\u00fablicamente mi reconocimiento y agradecimiento al gerente, <strong>Adasat Goya<\/strong>, por dedicarme un buen tiempo (una hora y tres minutos de charla telef\u00f3nica) para darme su versi\u00f3n de los \u00faltimos acontecimientos que, finalmente, le llevaron a optar por cesar a Respeto la decisi\u00f3n de <strong>Adasat<\/strong>, aunque, hoy por hoy, la creo injusta.<\/li>\n<\/ul>\n<p><img loading=\"lazy\" decoding=\"async\" class=\"size-large wp-image-8602 aligncenter\" src=\"https:\/\/canariasenpositivo.com\/wp-content\/uploads\/2024\/11\/6.-PROTESTA-5-DE-NOVIEMBRE-1024x576.webp\" alt=\"\" width=\"660\" height=\"371\" \/><\/p>\n<p style=\"text-align: center\"><em>Mucho antes del cese, el Sindicato de T\u00e9cnicos de Enfermer\u00eda (SATSE) se manifestaba en el HUC pro de la mejora de Urgencias, pero en ning\u00fan momento pidieron el cese de Burillo.<\/em><\/p>\n<p>&nbsp;<\/p>\n<p><strong><span style=\"color: #0000ff\">EL TIEMPO DIR\u00c1 QUI\u00c9N DE VERDAD TIENE LA RAZ\u00d3N<\/span> <\/strong><\/p>\n<ul>\n<li>Tengo muy claro y doy por hecho que <strong>Adasat Goya<\/strong>, como cualquier otro gerente del HUC (o de cualquier otro hospital del SCS) tiene el derecho y la legitima potestad de cesar a un cargo de confianza cuando libremente lo estime oportuno (se supone que con motivadas razones). Del mismo modo, <strong>Guillermo Burillo<\/strong> sabe (lo ha sabido siempre) que, siendo un cargo de confianza (lo es y seguir\u00e1 siendo en tanto que el puesto no sea otorgado por concurso) su cese est\u00e1 en manos del gerente de turno. Otra cosa (que nos choca a todos) es que, si bien es cierto que a <strong>Guillermo Burillo<\/strong> lo han cesado tres veces en cuatro a\u00f1os, no es menos cierto que, antes, lo han nombrado tambi\u00e9n tres veces como jefe de Urgencias. Es m\u00e1s, esta \u00faltima vez, fue nombrado por el propio <strong>Adasat Goya<\/strong>, tras presentarse al concurso oficial de m\u00e9ritos para ocupar la plaza y el tribunal haberlo declarado desierto. Est\u00e1 claro que, si lo nombr\u00f3, tendr\u00eda sus motivos y razones, lo mismo que ahora las habr\u00e1 tenido para cesarlo. Lo puede hacer y lo ha hecho en menos de un a\u00f1o. Y <strong>Guillermo Burillo<\/strong> vuelve a ser en el HUC un veterano m\u00e9dico urgenci\u00f3logo de base. El tiempo (creo que m\u00e1s pronto que tarde) dir\u00e1 qui\u00e9n ha estado m\u00e1s o menos acertado en esta cruda realidad del HUC y la problem\u00e1tica de su Servicio de Urgencias.<\/li>\n<\/ul>\n<p><img loading=\"lazy\" decoding=\"async\" class=\"size-large wp-image-8603 aligncenter\" src=\"https:\/\/canariasenpositivo.com\/wp-content\/uploads\/2024\/11\/7.-BURILLO-EN-DINAMARCA-1024x543.jpg\" alt=\"\" width=\"660\" height=\"350\" \/><\/p>\n<p style=\"text-align: center\"><em>Guillermo Burillo en su \u00faltima participaci\u00f3n en Dinamarca, presentando uno de sus proyectos de investigaci\u00f3n en el Congreso Europeo de Medicina de Emergencias.<\/em><\/p>\n<p>&nbsp;<\/p>\n<p><span style=\"color: #0000ff\"><strong>LA PROBLEM\u00c1TICA NO ACABAR\u00c1 CON ESTE CESE<\/strong><\/span><\/p>\n<ul>\n<li>Me consta que <strong>Guillermo Burillo<\/strong> ha pedido a toda la gente de su equipo (que sigue estando con \u00e9l) que no haya m\u00e1s pol\u00e9mica y menos p\u00fablicamente. Hasta donde s\u00e9, <strong>Guillermo<\/strong> seguir\u00e1 como un m\u00e9dico de Urgencias, aportando al HUC sus conocimientos y experiencia, en sus clases y en sus proyectos de investigaci\u00f3n. Por su parte, <strong>Adasat Goya<\/strong> seguir\u00e1 como gerente, intentando implantar lo que denomina \u201cun nuevo modelo\u201d para el HUC y su servicio de Urgencias. Ojal\u00e1 le salga bien. Pero ambos saben que la problem\u00e1tica no acabar\u00e1 con un cese, hoy de <strong>Burillo<\/strong> y ma\u00f1ana veremos de qui\u00e9n. <strong>Adasat Goya<\/strong>, la consejera de Sanidad, <strong>Esther Monz\u00f3n<\/strong>, el propio presidente <strong>Fernando Clavijo<\/strong>, y todo el mundo que conoce el tema, sabe que el problema est\u00e1 enquistado en un c\u00edrculo infernal de falta de camas hospitalarias en los centros de referencia. Y mientras tanto el dilema de que las camas que queden libres sean para pacientes que las esperan en Urgencias, o para pacientes que en sus casas esperan una intervenci\u00f3n quir\u00fargica. Mientras el Gobierno de Canarias y los Cabildos no hagan realidad una efectiva red de centros sociosanitarios para pacientes cr\u00f3nicos, de larga estancia y personas mayores, repartidos por todas las islas, el Dr.\u00a0<strong> Burillo<\/strong> habr\u00e1 sido, esta vez, el chivo expiatorio de turno.<\/li>\n<\/ul>\n<p><img loading=\"lazy\" decoding=\"async\" class=\"size-large wp-image-8604 aligncenter\" src=\"https:\/\/canariasenpositivo.com\/wp-content\/uploads\/2024\/11\/8.-ADASAT-Y-JESUS-DELGADO-1024x576.jpg\" alt=\"\" width=\"660\" height=\"371\" \/><\/p>\n<p style=\"text-align: center\"><em>Adasat Gota (i) con Jes\u00fas Delgado, gerente de Atenci\u00f3n Primaria de Tenerife del SCS (quien, en estos \u00faltimos acontecimientos, ha optado por ponerse \u201cde perfil\u201d)<\/em><\/p>\n<p><em>\u00a0<\/em><\/p>\n<p><span style=\"color: #0000ff\"><strong>MALO, SI LA POL\u00cdTICA ENTRA EN LA GESTI\u00d3N DEL HUC<\/strong><\/span><\/p>\n<ul>\n<li>Termino este tema m\u00e1s o menos por donde lo comenc\u00e9. Creo que conozco y tengo buena informaci\u00f3n de nuestro Hospital Universitario de Canarias, desde que era Hospital General y Cl\u00ednico de Tenerife. Recuerdo que el a\u00f1o 1989 hice un programa especial en la desaparecida Antena 3 de Radio cuando nuestro HUC, creado en 1971 cumpl\u00eda 18 a\u00f1os y entraba en su \u201cmayor\u00eda de edad\u201d. En el mismo entrevist\u00e9 a varios de sus m\u00e9dicos fundadores, como <strong>Arturo M\u00e9ndez, Victoriano R\u00edos, Jos\u00e9 Carlos Alberto, Fernando Fern\u00e1ndez, Pepe Santos, Luis Gonz\u00e1lez Feria, Javier Parache<\/strong>\u2026 (cuando a\u00fan funcionaba la recordada <em>\u201cJunta Facultativa\u201d<\/em>) Todos ped\u00edan que les dejaran trabajar y que la pol\u00edtica ni interfiriese en la profesional gesti\u00f3n del centro hospitalario. Pero, desde aquella fecha y antes, me consta que el HUC ha sido objeto de presiones, moneda de cambio y de manipulaciones desde la Pol\u00edtica. Presiones, tanto para dar puestos y cargos, como, incluso, para afianzar pactos municipales. Presiones protagonizadas por gente externa al HUC, pero tambi\u00e9n de personas con puestos de trabajo y cargos de relevancia dentro del propio HUC. Ojal\u00e1 que \u201csaquen sus manos\u201d y a <strong>Adasat Goya<\/strong> hoy (o al gerente que est\u00e9 en cada momento) le dejen trabajar profesionalmente, libre y responsablemente. Voy a parar aqu\u00ed para que el \u201cenfermo\u201d HUC descanse y ya seguir\u00e9 cont\u00e1ndoles.<\/li>\n<\/ul>\n<p><img loading=\"lazy\" decoding=\"async\" class=\"size-full wp-image-8605 aligncenter\" src=\"https:\/\/canariasenpositivo.com\/wp-content\/uploads\/2024\/11\/9.-FUNDADORES-HUC.jpeg\" alt=\"\" width=\"1024\" height=\"720\" \/><\/p>\n<p style=\"text-align: center\"><em>Algunos de los \u201cpadres y madres\u201d fundadoras del Hospital Universitario de Canarias<\/em><\/p>\n<p>&nbsp;<\/p>\n<p><span style=\"color: #0000ff\"><strong>EL \u201cD\u00cdA DE LAS FUERZAS ARMADAS 2025\u201d EN TENERIFE<\/strong><\/span><\/p>\n<ul>\n<li>Cambio de tercio para rematar <strong><em>El Cotarro<\/em><\/strong> de hoy, felicit\u00e1ndome y felicitando a todos por la nominaci\u00f3n de la ciudad de Santa Cruz de Tenerife, ciudad co-capital de Canarias, como sede nacional oficial para la celebraci\u00f3n de los actos centrales conmemorativos del D\u00eda de las Fuerzas Armadas 2025. Como coment\u00f3 en redes sociales, m\u00e1s alegre que unas casta\u00f1ueles y claramente emocionado el propio alcalde chicharrero, Jos\u00e9 Manuel Berm\u00fadez Esparza, la ministra de Defensa, <strong>Margarita Robles<\/strong>, y el jefe del Estado Mayor de la Defensa, <strong>Teodoro E. L\u00f3pez Calder\u00f3n<\/strong>, hab\u00edan aceptado la invitaci\u00f3n que el propio Jos\u00e9 Manuel Berm\u00fadez hab\u00eda hecho el pasado mes de septiembre para que Santa Cruz fuera la sede del DIFAS 2025. Esta claro que es un honor que nuestra capital albergue un evento de esta magnitud y que simboliza la entrega, el esfuerzo y la labor de los integrantes de las Fuerzas Armadas. En un gesto que le honra, <strong>Jos\u00e9 Manuel Berm\u00fadez<\/strong> agradeci\u00f3 al teniente general <strong>Julio Salom Herrera<\/strong>, jefe del Mando de Canarias del Ej\u00e9rcito de Tierra, el apoyo y la complicidad en este empe\u00f1o que, sin lugar a dudas, dar\u00e1 gran cobertura medi\u00e1tica e institucional a nuestra ciudad. \u00a1Enhorabuena a todos!<\/li>\n<\/ul>\n<p><img loading=\"lazy\" decoding=\"async\" class=\"size-large wp-image-8606 aligncenter\" src=\"https:\/\/canariasenpositivo.com\/wp-content\/uploads\/2024\/11\/10.-PASANDO-REVISTA-1024x683.jpg\" alt=\"\" width=\"660\" height=\"440\" \/><\/p>\n<p style=\"text-align: center\"><em>Jos\u00e9 Manuel Berm\u00fadez (i) con Julio Salom, pasando revista a una formaci\u00f3n militar.<\/em><\/p>\n<p>&nbsp;<\/p>\n<p><span style=\"color: #0000ff\"><strong>JOS\u00c9 MANUEL BERM\u00daDEZ JUG\u00d3 MUY BIEN SUS BAZAS<\/strong><\/span><\/p>\n<ul>\n<li>El alcalde chicharrero ha jugado muy bien sus bazas y en la carta dirigida a Margarita Robles ya le dec\u00eda que \u201c<em>me permito recordarle que, desde 1986, el Archipi\u00e9lago no ha tenido celebraci\u00f3n similar alguna en su suelo. En aquella ocasi\u00f3n, Santa Cruz de Tenerife vivi\u00f3 una celebraci\u00f3n muy especial que a\u00fan se recuerda de manera muy especial, pues contamos con el entonces Pr\u00edncipe de Asturias desfilando con la Academia General de Zaragoza<\/em>\u201d para seguir coment\u00e1ndole que <em>\u201cser\u00eda un honor recibir a S. M. El Rey, esta vez como Jefe Supremo de las Fuerzas Armadas y a S.A.R. la Princesa de Asturias, si el desarrollo de su formaci\u00f3n militar lo permitiera\u201d<\/em> y rematar asegur\u00e1ndole que <em>\u201cel apoyo popular e institucional est\u00e1 garantizado\u201d<\/em>. Adem\u00e1s, <strong>Jos\u00e9 Berm\u00fadez<\/strong> da a entender que ha hablado con el presidente canario, <strong>Fernando Clavijo,<\/strong> y con la presidenta del Cabildo, <strong>Rosa D\u00e1vila<\/strong>, cuando en la carta le comenta a <strong>Margarita Robles<\/strong> que <em>\u201csu Ministerio contar\u00eda, por supuesto, con la total colaboraci\u00f3n de esta Ciudad y, tambi\u00e9n, con la del Cabildo lnsular de Tenerife y la del Gobierno de Canarias\u201d<\/em>. Asimismo, nuestra relaci\u00f3n con el Mando de Canarias del Ej\u00e9rcito de Tierra y resto de mandos de las Fuerzas Armadas es tan estrecha, que estar\u00e1, igualmente, garantizada la colaboraci\u00f3n<\/li>\n<\/ul>\n<p><img loading=\"lazy\" decoding=\"async\" class=\"size-large wp-image-8607 aligncenter\" src=\"https:\/\/canariasenpositivo.com\/wp-content\/uploads\/2024\/11\/11.-DIFAS-2024-OVIEDO-1024x682.jpg\" alt=\"\" width=\"660\" height=\"440\" \/><\/p>\n<p><em>Imagen del acto central del D\u00eda de las Fuerzas Armadas 2024 celebrado en Oviedo. El pr\u00f3ximo a\u00f1o se podr\u00e1 repetir una foto similar, pero en Santa Cruz de Tenerife, en el DIFAS 2025.<\/em><\/p>\n<p>&nbsp;<\/p>\n<p><span style=\"color: #0000ff\"><strong>BENDIDA MI TIERRA GUANCHE, ORGULLO DE ESPA\u00d1A<\/strong><\/span><\/p>\n<ul>\n<li>Por si fuera poco, y para rematar la faena, <strong>Jos\u00e9 Manuel Berm\u00fadez<\/strong> apela al coraz\u00f3n y al sentimiento de tener a Espa\u00f1a como Patria, cuando termina su carta diciendo <em>\u201ca pesar de nuestra lejan\u00eda geogr\u00e1fica, la ciudadan\u00eda canaria se siente espa\u00f1ola y un acto de esta relevancia y significado ayudar\u00e1 a acercarnos y redundar\u00e1 en aumentar nuestro compromiso y orgullo de pertenencia<\/em>\u201d. Es tan cierto lo que comenta el alcalde chicharrero, que, en las redes sociales, alguien le ha recordado que, aunque ahora algunos la terminan cantando <em>\u201c\u00a1Vivan mis Islas Canarias!\u201d<\/em>, en verdad la letra original de la popular canci\u00f3n de <em>Los Huaracheros<\/em>, compuesta la m\u00fasica por <strong>Diego Garc\u00eda Cabrera<\/strong> y la letra por <strong>Antonio Gonz\u00e1lez Santamar\u00eda<\/strong>, <em>\u201cBendita mi tierra guanche\u201d<\/em> en su estribillo dice: <em>\u201cPor el azul de tu cielo, y por el mar que te ba\u00f1a<\/em>, \u00a1bendita mi tierra guanche, eres orgullo de Espa\u00f1a\u201d. Como tinerfe\u00f1o, canario y espa\u00f1ol, adem\u00e1s de como embajador de la Marca Ej\u00e9rcito, creo que esta celebraci\u00f3n va a ser muy buena para dejar m\u00e1s clarito en el complicado equilibrio del mapa geoestrat\u00e9gico actual, que Canarias es Espa\u00f1a y, por tanto, es Europa. Y la celebraci\u00f3n aportar\u00e1 su granito de arena en los objetivos de presencia y disuasi\u00f3n. De nuevo felicidades y gracias, tanto al alcalde <strong>Jos\u00e9 Manuel Berm\u00fadez<\/strong>, como al teniente general <strong>Julio Salom Herrera<\/strong>, Jefe del Mando de Canarias. Seguro que el DIFAS 2015 ser\u00e1 todo un \u00e9xito.<\/li>\n<\/ul>\n<p><img loading=\"lazy\" decoding=\"async\" class=\"size-full wp-image-8608 aligncenter\" src=\"https:\/\/canariasenpositivo.com\/wp-content\/uploads\/2024\/11\/11.-LOS-HUARACHEROS-ORIGINALES.webp\" alt=\"\" width=\"600\" height=\"380\" \/><\/p>\n<p style=\"text-align: center\"><em>Los Huaracheros en su formaci\u00f3n original de 1946. De izquierda a derecha: Antonio Hern\u00e1ndez Exp\u00f3sito, Antonio Gonz\u00e1lez Santamar\u00eda, Diego Garc\u00eda Soto y Mario Garc\u00eda P\u00e9rez.<\/em><\/p>\n<p>&nbsp;<\/p>\n<p><span style=\"color: #0000ff\"><strong>* Jos\u00e9 Carlos MARRERO GONZ\u00c1LEZ<\/strong><\/span><\/p>\n<p>Periodista y analista de la actualidad.<\/p>\n<p>Director de <strong><em>El Cotarro<\/em><\/strong> (www.elcotarro.com)<\/p>\n<p>Director de <strong><em>Canarias en Positivo<\/em><\/strong> (www.canariasenpositivo.com)<\/p>\n<p>Director de <strong><em>GastroCanarias<\/em><\/strong> (www.gastrocanarias.com)<\/p>\n<p>&nbsp;<\/p>\n<p>Islas Canarias, 17 de noviembre de 2024<\/p>\n<p><img loading=\"lazy\" decoding=\"async\" class=\"size-full wp-image-7956 aligncenter\" src=\"https:\/\/canariasenpositivo.com\/wp-content\/uploads\/2024\/06\/A-CARECA-INSULA.jpg\" alt=\"\" width=\"750\" height=\"153\" \/><\/p>\n","protected":false},"excerpt":{"rendered":"<p>N\u00ba532 DEL 17 DE NOVIEMBRE DE 2024 &nbsp; \u00a0 Por Jos\u00e9 Carlos Marrero * \u00a0 \u00a0 46 A\u00d1OS DE PROFESI\u00d3N PARA ESCRIBIR EN LIBERTAD Algunas personas no lo entender\u00e1n (otras muchas, s\u00ed) pero debo comenzar esta edici\u00f3n de El Cotarro recordando, una vez m\u00e1s, que comenc\u00e9 en este oficio el a\u00f1o 1979, haciendo periodismo radiof\u00f3nico &#8230; <a class=\"read-more\" href=\"https:\/\/elcotarro.com\/?p=10950\">Read more<\/a><\/p>\n","protected":false},"author":2,"featured_media":0,"comment_status":"open","ping_status":"open","sticky":false,"template":"","format":"standard","meta":{"_jetpack_memberships_contains_paid_content":false,"footnotes":""},"categories":[4],"tags":[],"class_list":["post-10950","post","type-post","status-publish","format-standard","hentry","category-el-cotarro"],"yoast_head":"<!-- This site is optimized with the Yoast SEO plugin v27.0 - https:\/\/yoast.com\/product\/yoast-seo-wordpress\/ -->\n<title>EL COTARRO \/ 532, DEL DOMINGO, 17\/11\/2024 - El Cotarro<\/title>\n<meta name=\"robots\" content=\"index, follow, max-snippet:-1, max-image-preview:large, max-video-preview:-1\" \/>\n<link rel=\"canonical\" href=\"https:\/\/elcotarro.com\/?p=10950\" \/>\n<meta property=\"og:locale\" content=\"es_ES\" \/>\n<meta property=\"og:type\" content=\"article\" \/>\n<meta property=\"og:title\" content=\"EL COTARRO \/ 532, DEL DOMINGO, 17\/11\/2024 - El Cotarro\" \/>\n<meta property=\"og:description\" content=\"N\u00ba532 DEL 17 DE NOVIEMBRE DE 2024 &nbsp; \u00a0 Por Jos\u00e9 Carlos Marrero * \u00a0 \u00a0 46 A\u00d1OS DE PROFESI\u00d3N PARA ESCRIBIR EN LIBERTAD Algunas personas no lo entender\u00e1n (otras muchas, s\u00ed) pero debo comenzar esta edici\u00f3n de El Cotarro recordando, una vez m\u00e1s, que comenc\u00e9 en este oficio el a\u00f1o 1979, haciendo periodismo radiof\u00f3nico ... Read more\" \/>\n<meta property=\"og:url\" content=\"https:\/\/elcotarro.com\/?p=10950\" \/>\n<meta property=\"og:site_name\" content=\"El Cotarro\" \/>\n<meta property=\"article:publisher\" content=\"https:\/\/www.facebook.com\/ElCotarro.Tenerife\" \/>\n<meta property=\"article:published_time\" content=\"2024-11-17T00:45:49+00:00\" \/>\n<meta property=\"article:modified_time\" content=\"2024-11-17T09:45:07+00:00\" \/>\n<meta property=\"og:image\" content=\"https:\/\/canariasenpositivo.com\/wp-content\/uploads\/2024\/10\/Cabecera_El_Cotarro_v2-1024x128.jpg\" \/>\n<meta name=\"author\" content=\"Jos\u00e9 Carlos Marrero Gonz\u00e1lez\" \/>\n<meta name=\"twitter:label1\" content=\"Escrito por\" \/>\n\t<meta name=\"twitter:data1\" content=\"Jos\u00e9 Carlos Marrero Gonz\u00e1lez\" \/>\n\t<meta name=\"twitter:label2\" content=\"Tiempo de lectura\" \/>\n\t<meta name=\"twitter:data2\" content=\"17 minutos\" \/>\n<script type=\"application\/ld+json\" class=\"yoast-schema-graph\">{\"@context\":\"https:\/\/schema.org\",\"@graph\":[{\"@type\":\"Article\",\"@id\":\"https:\/\/elcotarro.com\/?p=10950#article\",\"isPartOf\":{\"@id\":\"https:\/\/elcotarro.com\/?p=10950\"},\"author\":{\"name\":\"Jos\u00e9 Carlos Marrero Gonz\u00e1lez\",\"@id\":\"https:\/\/elcotarro.com\/#\/schema\/person\/af537ee7d60d15984c7e0affcd8a918b\"},\"headline\":\"EL COTARRO \/ 532, DEL DOMINGO, 17\/11\/2024\",\"datePublished\":\"2024-11-17T00:45:49+00:00\",\"dateModified\":\"2024-11-17T09:45:07+00:00\",\"mainEntityOfPage\":{\"@id\":\"https:\/\/elcotarro.com\/?p=10950\"},\"wordCount\":3150,\"commentCount\":0,\"publisher\":{\"@id\":\"https:\/\/elcotarro.com\/#organization\"},\"image\":{\"@id\":\"https:\/\/elcotarro.com\/?p=10950#primaryimage\"},\"thumbnailUrl\":\"https:\/\/canariasenpositivo.com\/wp-content\/uploads\/2024\/10\/Cabecera_El_Cotarro_v2-1024x128.jpg\",\"articleSection\":[\"El Cotarro\"],\"inLanguage\":\"es\",\"potentialAction\":[{\"@type\":\"CommentAction\",\"name\":\"Comment\",\"target\":[\"https:\/\/elcotarro.com\/?p=10950#respond\"]}]},{\"@type\":\"WebPage\",\"@id\":\"https:\/\/elcotarro.com\/?p=10950\",\"url\":\"https:\/\/elcotarro.com\/?p=10950\",\"name\":\"EL COTARRO \/ 532, DEL DOMINGO, 17\/11\/2024 - El Cotarro\",\"isPartOf\":{\"@id\":\"https:\/\/elcotarro.com\/#website\"},\"primaryImageOfPage\":{\"@id\":\"https:\/\/elcotarro.com\/?p=10950#primaryimage\"},\"image\":{\"@id\":\"https:\/\/elcotarro.com\/?p=10950#primaryimage\"},\"thumbnailUrl\":\"https:\/\/canariasenpositivo.com\/wp-content\/uploads\/2024\/10\/Cabecera_El_Cotarro_v2-1024x128.jpg\",\"datePublished\":\"2024-11-17T00:45:49+00:00\",\"dateModified\":\"2024-11-17T09:45:07+00:00\",\"breadcrumb\":{\"@id\":\"https:\/\/elcotarro.com\/?p=10950#breadcrumb\"},\"inLanguage\":\"es\",\"potentialAction\":[{\"@type\":\"ReadAction\",\"target\":[\"https:\/\/elcotarro.com\/?p=10950\"]}]},{\"@type\":\"ImageObject\",\"inLanguage\":\"es\",\"@id\":\"https:\/\/elcotarro.com\/?p=10950#primaryimage\",\"url\":\"https:\/\/canariasenpositivo.com\/wp-content\/uploads\/2024\/10\/Cabecera_El_Cotarro_v2-1024x128.jpg\",\"contentUrl\":\"https:\/\/canariasenpositivo.com\/wp-content\/uploads\/2024\/10\/Cabecera_El_Cotarro_v2-1024x128.jpg\"},{\"@type\":\"BreadcrumbList\",\"@id\":\"https:\/\/elcotarro.com\/?p=10950#breadcrumb\",\"itemListElement\":[{\"@type\":\"ListItem\",\"position\":1,\"name\":\"Portada\",\"item\":\"https:\/\/elcotarro.com\/\"},{\"@type\":\"ListItem\",\"position\":2,\"name\":\"EL COTARRO \/ 532, DEL DOMINGO, 17\/11\/2024\"}]},{\"@type\":\"WebSite\",\"@id\":\"https:\/\/elcotarro.com\/#website\",\"url\":\"https:\/\/elcotarro.com\/\",\"name\":\"El Cotarro\",\"description\":\"Peri\u00f3dico Digital Independiente dirigido por Jos\u00e9 Carlos Marrero\",\"publisher\":{\"@id\":\"https:\/\/elcotarro.com\/#organization\"},\"potentialAction\":[{\"@type\":\"SearchAction\",\"target\":{\"@type\":\"EntryPoint\",\"urlTemplate\":\"https:\/\/elcotarro.com\/?s={search_term_string}\"},\"query-input\":{\"@type\":\"PropertyValueSpecification\",\"valueRequired\":true,\"valueName\":\"search_term_string\"}}],\"inLanguage\":\"es\"},{\"@type\":\"Organization\",\"@id\":\"https:\/\/elcotarro.com\/#organization\",\"name\":\"El Cotarro\",\"url\":\"https:\/\/elcotarro.com\/\",\"logo\":{\"@type\":\"ImageObject\",\"inLanguage\":\"es\",\"@id\":\"https:\/\/elcotarro.com\/#\/schema\/logo\/image\/\",\"url\":\"https:\/\/elcotarro.com\/wp-content\/uploads\/2014\/09\/Cabecera_El_Cotarro_v2.jpg\",\"contentUrl\":\"https:\/\/elcotarro.com\/wp-content\/uploads\/2014\/09\/Cabecera_El_Cotarro_v2.jpg\",\"width\":3540,\"height\":441,\"caption\":\"El Cotarro\"},\"image\":{\"@id\":\"https:\/\/elcotarro.com\/#\/schema\/logo\/image\/\"},\"sameAs\":[\"https:\/\/www.facebook.com\/ElCotarro.Tenerife\"]},{\"@type\":\"Person\",\"@id\":\"https:\/\/elcotarro.com\/#\/schema\/person\/af537ee7d60d15984c7e0affcd8a918b\",\"name\":\"Jos\u00e9 Carlos Marrero Gonz\u00e1lez\",\"image\":{\"@type\":\"ImageObject\",\"inLanguage\":\"es\",\"@id\":\"https:\/\/elcotarro.com\/#\/schema\/person\/image\/\",\"url\":\"https:\/\/secure.gravatar.com\/avatar\/def4da036efb5d32c74d49c351f6dccc064dd69ad9f3aadc295c5a9a5391ca01?s=96&d=mm&r=g\",\"contentUrl\":\"https:\/\/secure.gravatar.com\/avatar\/def4da036efb5d32c74d49c351f6dccc064dd69ad9f3aadc295c5a9a5391ca01?s=96&d=mm&r=g\",\"caption\":\"Jos\u00e9 Carlos Marrero Gonz\u00e1lez\"},\"sameAs\":[\"https:\/\/elcotarro.com\"],\"url\":\"https:\/\/elcotarro.com\/?author=2\"}]}<\/script>\n<!-- \/ Yoast SEO plugin. -->","yoast_head_json":{"title":"EL COTARRO \/ 532, DEL DOMINGO, 17\/11\/2024 - El Cotarro","robots":{"index":"index","follow":"follow","max-snippet":"max-snippet:-1","max-image-preview":"max-image-preview:large","max-video-preview":"max-video-preview:-1"},"canonical":"https:\/\/elcotarro.com\/?p=10950","og_locale":"es_ES","og_type":"article","og_title":"EL COTARRO \/ 532, DEL DOMINGO, 17\/11\/2024 - El Cotarro","og_description":"N\u00ba532 DEL 17 DE NOVIEMBRE DE 2024 &nbsp; \u00a0 Por Jos\u00e9 Carlos Marrero * \u00a0 \u00a0 46 A\u00d1OS DE PROFESI\u00d3N PARA ESCRIBIR EN LIBERTAD Algunas personas no lo entender\u00e1n (otras muchas, s\u00ed) pero debo comenzar esta edici\u00f3n de El Cotarro recordando, una vez m\u00e1s, que comenc\u00e9 en este oficio el a\u00f1o 1979, haciendo periodismo radiof\u00f3nico ... Read more","og_url":"https:\/\/elcotarro.com\/?p=10950","og_site_name":"El Cotarro","article_publisher":"https:\/\/www.facebook.com\/ElCotarro.Tenerife","article_published_time":"2024-11-17T00:45:49+00:00","article_modified_time":"2024-11-17T09:45:07+00:00","og_image":[{"url":"https:\/\/canariasenpositivo.com\/wp-content\/uploads\/2024\/10\/Cabecera_El_Cotarro_v2-1024x128.jpg","type":"","width":"","height":""}],"author":"Jos\u00e9 Carlos Marrero Gonz\u00e1lez","twitter_misc":{"Escrito por":"Jos\u00e9 Carlos Marrero Gonz\u00e1lez","Tiempo de lectura":"17 minutos"},"schema":{"@context":"https:\/\/schema.org","@graph":[{"@type":"Article","@id":"https:\/\/elcotarro.com\/?p=10950#article","isPartOf":{"@id":"https:\/\/elcotarro.com\/?p=10950"},"author":{"name":"Jos\u00e9 Carlos Marrero Gonz\u00e1lez","@id":"https:\/\/elcotarro.com\/#\/schema\/person\/af537ee7d60d15984c7e0affcd8a918b"},"headline":"EL COTARRO \/ 532, DEL DOMINGO, 17\/11\/2024","datePublished":"2024-11-17T00:45:49+00:00","dateModified":"2024-11-17T09:45:07+00:00","mainEntityOfPage":{"@id":"https:\/\/elcotarro.com\/?p=10950"},"wordCount":3150,"commentCount":0,"publisher":{"@id":"https:\/\/elcotarro.com\/#organization"},"image":{"@id":"https:\/\/elcotarro.com\/?p=10950#primaryimage"},"thumbnailUrl":"https:\/\/canariasenpositivo.com\/wp-content\/uploads\/2024\/10\/Cabecera_El_Cotarro_v2-1024x128.jpg","articleSection":["El Cotarro"],"inLanguage":"es","potentialAction":[{"@type":"CommentAction","name":"Comment","target":["https:\/\/elcotarro.com\/?p=10950#respond"]}]},{"@type":"WebPage","@id":"https:\/\/elcotarro.com\/?p=10950","url":"https:\/\/elcotarro.com\/?p=10950","name":"EL COTARRO \/ 532, DEL DOMINGO, 17\/11\/2024 - El Cotarro","isPartOf":{"@id":"https:\/\/elcotarro.com\/#website"},"primaryImageOfPage":{"@id":"https:\/\/elcotarro.com\/?p=10950#primaryimage"},"image":{"@id":"https:\/\/elcotarro.com\/?p=10950#primaryimage"},"thumbnailUrl":"https:\/\/canariasenpositivo.com\/wp-content\/uploads\/2024\/10\/Cabecera_El_Cotarro_v2-1024x128.jpg","datePublished":"2024-11-17T00:45:49+00:00","dateModified":"2024-11-17T09:45:07+00:00","breadcrumb":{"@id":"https:\/\/elcotarro.com\/?p=10950#breadcrumb"},"inLanguage":"es","potentialAction":[{"@type":"ReadAction","target":["https:\/\/elcotarro.com\/?p=10950"]}]},{"@type":"ImageObject","inLanguage":"es","@id":"https:\/\/elcotarro.com\/?p=10950#primaryimage","url":"https:\/\/canariasenpositivo.com\/wp-content\/uploads\/2024\/10\/Cabecera_El_Cotarro_v2-1024x128.jpg","contentUrl":"https:\/\/canariasenpositivo.com\/wp-content\/uploads\/2024\/10\/Cabecera_El_Cotarro_v2-1024x128.jpg"},{"@type":"BreadcrumbList","@id":"https:\/\/elcotarro.com\/?p=10950#breadcrumb","itemListElement":[{"@type":"ListItem","position":1,"name":"Portada","item":"https:\/\/elcotarro.com\/"},{"@type":"ListItem","position":2,"name":"EL COTARRO \/ 532, DEL DOMINGO, 17\/11\/2024"}]},{"@type":"WebSite","@id":"https:\/\/elcotarro.com\/#website","url":"https:\/\/elcotarro.com\/","name":"El Cotarro","description":"Peri\u00f3dico Digital Independiente dirigido por Jos\u00e9 Carlos Marrero","publisher":{"@id":"https:\/\/elcotarro.com\/#organization"},"potentialAction":[{"@type":"SearchAction","target":{"@type":"EntryPoint","urlTemplate":"https:\/\/elcotarro.com\/?s={search_term_string}"},"query-input":{"@type":"PropertyValueSpecification","valueRequired":true,"valueName":"search_term_string"}}],"inLanguage":"es"},{"@type":"Organization","@id":"https:\/\/elcotarro.com\/#organization","name":"El Cotarro","url":"https:\/\/elcotarro.com\/","logo":{"@type":"ImageObject","inLanguage":"es","@id":"https:\/\/elcotarro.com\/#\/schema\/logo\/image\/","url":"https:\/\/elcotarro.com\/wp-content\/uploads\/2014\/09\/Cabecera_El_Cotarro_v2.jpg","contentUrl":"https:\/\/elcotarro.com\/wp-content\/uploads\/2014\/09\/Cabecera_El_Cotarro_v2.jpg","width":3540,"height":441,"caption":"El Cotarro"},"image":{"@id":"https:\/\/elcotarro.com\/#\/schema\/logo\/image\/"},"sameAs":["https:\/\/www.facebook.com\/ElCotarro.Tenerife"]},{"@type":"Person","@id":"https:\/\/elcotarro.com\/#\/schema\/person\/af537ee7d60d15984c7e0affcd8a918b","name":"Jos\u00e9 Carlos Marrero Gonz\u00e1lez","image":{"@type":"ImageObject","inLanguage":"es","@id":"https:\/\/elcotarro.com\/#\/schema\/person\/image\/","url":"https:\/\/secure.gravatar.com\/avatar\/def4da036efb5d32c74d49c351f6dccc064dd69ad9f3aadc295c5a9a5391ca01?s=96&d=mm&r=g","contentUrl":"https:\/\/secure.gravatar.com\/avatar\/def4da036efb5d32c74d49c351f6dccc064dd69ad9f3aadc295c5a9a5391ca01?s=96&d=mm&r=g","caption":"Jos\u00e9 Carlos Marrero Gonz\u00e1lez"},"sameAs":["https:\/\/elcotarro.com"],"url":"https:\/\/elcotarro.com\/?author=2"}]}},"jetpack_featured_media_url":"","jetpack_sharing_enabled":true,"_links":{"self":[{"href":"https:\/\/elcotarro.com\/index.php?rest_route=\/wp\/v2\/posts\/10950","targetHints":{"allow":["GET"]}}],"collection":[{"href":"https:\/\/elcotarro.com\/index.php?rest_route=\/wp\/v2\/posts"}],"about":[{"href":"https:\/\/elcotarro.com\/index.php?rest_route=\/wp\/v2\/types\/post"}],"author":[{"embeddable":true,"href":"https:\/\/elcotarro.com\/index.php?rest_route=\/wp\/v2\/users\/2"}],"replies":[{"embeddable":true,"href":"https:\/\/elcotarro.com\/index.php?rest_route=%2Fwp%2Fv2%2Fcomments&post=10950"}],"version-history":[{"count":4,"href":"https:\/\/elcotarro.com\/index.php?rest_route=\/wp\/v2\/posts\/10950\/revisions"}],"predecessor-version":[{"id":10954,"href":"https:\/\/elcotarro.com\/index.php?rest_route=\/wp\/v2\/posts\/10950\/revisions\/10954"}],"wp:attachment":[{"href":"https:\/\/elcotarro.com\/index.php?rest_route=%2Fwp%2Fv2%2Fmedia&parent=10950"}],"wp:term":[{"taxonomy":"category","embeddable":true,"href":"https:\/\/elcotarro.com\/index.php?rest_route=%2Fwp%2Fv2%2Fcategories&post=10950"},{"taxonomy":"post_tag","embeddable":true,"href":"https:\/\/elcotarro.com\/index.php?rest_route=%2Fwp%2Fv2%2Ftags&post=10950"}],"curies":[{"name":"wp","href":"https:\/\/api.w.org\/{rel}","templated":true}]}}