{"id":10961,"date":"2024-12-08T00:06:09","date_gmt":"2024-12-08T00:06:09","guid":{"rendered":"https:\/\/elcotarro.com\/?p=10961"},"modified":"2024-12-08T22:11:09","modified_gmt":"2024-12-08T22:11:09","slug":"el-cotarro-535-del-domingo-08-12-2024","status":"publish","type":"post","link":"https:\/\/elcotarro.com\/?p=10961","title":{"rendered":"EL COTARRO \/ 535, del domingo, 08\/12\/2024"},"content":{"rendered":"<p>&nbsp;<\/p>\n<p><img loading=\"lazy\" decoding=\"async\" class=\"size-large wp-image-8485 aligncenter\" src=\"https:\/\/canariasenpositivo.com\/wp-content\/uploads\/2024\/10\/Cabecera_El_Cotarro_v2-1024x128.jpg\" alt=\"\" width=\"660\" height=\"83\" \/><\/p>\n<p style=\"text-align: center\"><span style=\"color: #ff0000\"><strong>N\u00ba535 DEL 8 DE DICIEMBRE DE 2024<\/strong><\/span><\/p>\n<p>&nbsp;<\/p>\n<p><span style=\"color: #0000ff\"><em>Por <strong>Jos\u00e9 Carlos Marrero *<\/strong><\/em><\/span><\/p>\n<p><strong>\u00a0<\/strong><\/p>\n<p><span style=\"color: #0000ff\"><strong>EL TRISTE Y VERGONZOSO BOICOT DEL PP A CANARIAS<\/strong><\/span><\/p>\n<ul>\n<li>Comienzo <strong><em>El Cotarro<\/em><\/strong> confes\u00e1ndoles que comparto mi tristeza y cabreo con gran parte de la ciudadan\u00eda canaria, que se ha desencantado (una vez M\u00e1s) con la clase pol\u00edtica que nos dirige. En esta ocasi\u00f3n, m\u00e1s intensamente, con las personas que est\u00e1n detr\u00e1s de las siglas del PSOE, que sigue liderando <strong>Pedro S\u00e1nchez<\/strong>, y tambi\u00e9n del PP, que sigue liderando <strong>Alberto N\u00fa\u00f1ez Feij\u00f3o<\/strong>. Es impresentable, triste y vergonzoso que, una vez m\u00e1s, no hayan llegado a un acuerdo para desbloquear la tan demandada reforma de la Ley de Extranjer\u00eda, que, a su vez, es tan necesaria para Canarias y para la cruda realidad de la inmigraci\u00f3n ilegal. El peri\u00f3dico <strong><em>Diario de Avisos<\/em><\/strong> lo resumi\u00f3 de forma clara en su portada del pasado viernes: <em>\u201cEl PP boicotea un acuerdo para los 6.000 menores migrantes acogidos en Canarias\u201d<\/em>, y lo hizo de forma a\u00fan m\u00e1s rotunda en su p\u00e1gina 4 titulando: <em>\u201cEl PP alarga su boicot a distribuir a los menores y deja solas a Canarias y Ceuta\u201d<\/em>. La puntilla la pone el diario cuando pone: <em>\u201cel vicepresidente regional, <strong>Manuel Dom\u00ednguez<\/strong>, deja en la estacada a su socio <strong>Clavijo<\/strong> (CC) y no logra que G\u00e9nova acepte renovar la Ley de Extranjer\u00eda\u201d<\/em>. Y remata diciendo <em>\u201cEl \u2018popular&#8217; <strong>Miguel Tellado<\/strong> anula cualquier posibilidad de avance y <strong>Feij\u00f3o <\/strong>\u2018sacrifica\u2019 a <strong>Dom\u00ednguez<\/strong> para satisfacer al resto de sus l\u00edderes auton\u00f3micos\u201d. <\/em><\/li>\n<\/ul>\n<p><img loading=\"lazy\" decoding=\"async\" class=\"size-full wp-image-8665 aligncenter\" src=\"https:\/\/canariasenpositivo.com\/wp-content\/uploads\/2024\/12\/1.-DOMINGUEZ-Y-TELLADO.jpg\" alt=\"\" width=\"1024\" height=\"597\" \/><\/p>\n<p style=\"text-align: center\"><em>Foto de la portada del Diario de Avisos del pasado viernes, donde se ve detr\u00e1s de Miguel Tellado al vicepresidente Manuel Dom\u00ednguez, con cara de circunstancia.<\/em><\/p>\n<p>&nbsp;<\/p>\n<p><span style=\"color: #0000ff\"><strong>CON LA CUCHARA QUE COGEN\u2026 CON ESA COMEN<\/strong><\/span><\/p>\n<ul>\n<li>Les puedo decir y les digo (por que me consta) que hay un mont\u00f3n de cargos p\u00fablicos del Partido Popular en Canarias (y no les cuento la de afiliados) que est\u00e1n muy mosqueados (por no decir m\u00e1s que cabreados) con la actitud del presidente del partido en nuestras islas, <strong>Manuel Dom\u00ednguez<\/strong>, qui\u00e9n, adem\u00e1s, es el vicepresidente del Gobierno canario. Esa actitud de sumisi\u00f3n y sometimiento a lo que diga (l\u00e9ase \u201cmande\u201d) Madrid por boca de <strong>Feij\u00f3o <\/strong>o de <strong>Miguel Tellado<\/strong>, es, asimismo, triste y lamentable. Lo refleja muy bien el colega <strong>Tinerfe Fumero<\/strong> en su cr\u00f3nica del <strong><em>Diario de Avisos<\/em><\/strong> cuando escribe: <em>\u201ccomo se preve\u00eda, la debilidad pol\u00edtica del presidente del PP, <strong>Alberto N\u00fa\u00f1ez Feij\u00f3o<\/strong>, ante la creciente pujanza de alguno de sus barones regionales, sigue oblig\u00e1ndole a boicotear un acuerdo de Estado\u201d.<\/em> Est\u00e1 claro (se supone) que <strong>Manuel Dom\u00ednguez<\/strong> tambi\u00e9n es un bar\u00f3n regional del PP, pero pesa menos que la luz del sol. El malestar en el seno del PP canario (sobre todo en los cargos que hoy est\u00e1n en el Gobierno, o cobrando unas perritas por estar en sus alrededores) radica en que se vislumbra una bajada de la intenci\u00f3n del voto para el PP en Canarias de cara a las generales y locales, porque <strong>Manuel Dom\u00ednguez<\/strong> no se pone en su sitio. Y eso duele. Y m\u00e1s que va a doler.<\/li>\n<\/ul>\n<p><img loading=\"lazy\" decoding=\"async\" class=\"size-large wp-image-8666 aligncenter\" src=\"https:\/\/canariasenpositivo.com\/wp-content\/uploads\/2024\/12\/2.-MANUEL-DOMINGUEZ-1024x536.webp\" alt=\"\" width=\"660\" height=\"345\" \/><\/p>\n<p style=\"text-align: center\"><em>Un cabizbajo y pensativo Manuel Dom\u00ednguez (PP), no termina de ponerse en su sitio y actuar.<\/em><\/p>\n<p>&nbsp;<\/p>\n<p><span style=\"color: #0000ff\"><strong>FERNANDO CLAVIJO EST\u00c1 MOLESTO, PERO C\u00d3MODO<\/strong><\/span><\/p>\n<ul>\n<li>Mientras tanto y por su parte, el presidente canario, <strong>Fernando Clavijo<\/strong>, est\u00e1 hartito de la situaci\u00f3n, de la realidad del problema de la inmigraci\u00f3n y de la <em>\u201cflojetud\u201d<\/em> de su vicepresidente <strong>Manuel Dom\u00ednguez<\/strong> en el seno del PP. Pero, al mismo tiempo, <strong>Clavijo<\/strong> est\u00e1 m\u00e1s que tranquilo y relativamente c\u00f3modo en la Presidencia del Gobierno de Canarias, porque puede gobernar con una cierta tranquilidad, toda vez que <strong>Manuel Dom\u00ednguez<\/strong> es (con perd\u00f3n) una mosquita muerta y el resto de consejeros y cargos del PP asumen disciplinadamente el papel que su direcci\u00f3n nacional les manda desde Madrid. Y, por otro lado, por mucho que el ahora m\u00e1s que cuestionado <strong>\u00c1ngel V\u00edctor Torres<\/strong> y el PSOE canario le ofrezcan a <strong>Fernando<\/strong> <strong>Clavijo<\/strong>, un d\u00eda s\u00ed y otro tambi\u00e9n, la posibilidad de dar la espalda el PP y que CC gobierne Canarias en minor\u00eda, es comprensible que <strong>Fernando<\/strong> no se fie de lo que los socialistas podr\u00edan hacer a <em>posteriori<\/em>. Y entre una cosa y otra, la inmigraci\u00f3n ilegal contin\u00faa, la cifra de menores no acompa\u00f1ados que se quedan \u201ccolgados\u201d en Canarias, sigue subiendo cada d\u00eda y en Los Rodeos se sigue construyendo a toda prisa un nuevo recinto (que ser\u00e1 un centro \u201cabierto\u201d para inmigrantes ilegales) con capacidad para m\u00e1s de 6.000 personas. Un panorama para reflexionar. Y mucho.<\/li>\n<\/ul>\n<p><img loading=\"lazy\" decoding=\"async\" class=\"size-full wp-image-8667 aligncenter\" src=\"https:\/\/canariasenpositivo.com\/wp-content\/uploads\/2024\/12\/3.-DOMINGUEZ-Y-CLAVIJO.jpeg\" alt=\"\" width=\"766\" height=\"440\" \/><\/p>\n<p style=\"text-align: center\"><em>Perece que Clavijo (CC) oye a Dom\u00ednguez (PP), pero que no le hace mucho caso&#8230; y cada vez menos.<\/em><\/p>\n<p>&nbsp;<\/p>\n<p><span style=\"color: #0000ff\"><strong>PERVERSOS DILEMAS POR LOS ENDIABLADOS PACTOS<\/strong><\/span><\/p>\n<ul>\n<li>Ese \u201cpotaje pol\u00edtico\u201d del que muchas veces he hablado, est\u00e1 coci\u00e9ndose de forma particular en el seno del PP tinerfe\u00f1o. El actual presidente insular, <strong>Emilio Jos\u00e9 Navarro Castanedo<\/strong>, que parece que tiene el don de la ubicuidad y pretende ser omnipresente. Al mismo tiempo es senador electo por Tenerife y sigue siendo alcalde de Santiago del Teide. Muchos creen, l\u00f3gicamente, que no se pueden tener tantos cargos y rendir debidamente como Dios manda en los tres. \u00a0conduce a los perversos dilemas que tienen muchos pol\u00edticos de Canarias en este momento y que incidir\u00e1 tarde o temprano (m\u00e1s pronto que tarde) para bien o para mal (me temo que para mal). Por su parte, el PP de La Laguna sigue con algunos de sus pseudo l\u00edderes debatiendo si son 13, 15 o 17 los a\u00f1os que llevan con una comisi\u00f3n gestora (que si sigue presidiendo <strong>Manolo G\u00f3mez <\/strong>desde hace a\u00f1os) y no terminan de fijar su candidato (o candidata) para las pr\u00f3ximas elecciones locales. Por su parte, en Santa Cruz de Tenerife y aunque el hombre no para, parece que no terminan de contar con <strong>Carlos Tarife<\/strong> para volver a optar a la alcald\u00eda. Ya les contar\u00e9 despu\u00e9s de Reyes por d\u00f3nde parece que van esos tiros municipales chicharreros. Mientras tanto, todos conf\u00edan en que, de una vez por todas, el vicepresidente del Cabildo tinerfe\u00f1o, <strong>Lope Afonso<\/strong>, salte al frente y coja las riendas y el liderazgo ejecutivo de forma inmediata.<\/li>\n<\/ul>\n<p><img loading=\"lazy\" decoding=\"async\" class=\"size-large wp-image-8668 aligncenter\" src=\"https:\/\/canariasenpositivo.com\/wp-content\/uploads\/2024\/12\/4.-LOPE-AFONSO-1024x681.jpg\" alt=\"\" width=\"660\" height=\"439\" \/><\/p>\n<p style=\"text-align: center\"><em>Perece que hay consenso en que Lope Afonso tiene que liderar ya el PP tinerfe\u00f1o&#8230; Pero si lo hace ya.<\/em><\/p>\n<p>&nbsp;<\/p>\n<p><span style=\"color: #0000ff\"><strong>LA CASA REAL ELIGE TENERIFE PARA EL CONCIERTO<\/strong><\/span><\/p>\n<ul>\n<li>Cambio de tercio para decirles que estamos de enhorabuena y en racha. A la buena noticia que nos dio hace unos d\u00edas el teniente general <strong>Julio Salom Herrera<\/strong>, jefe del Mando de Canarias, anunciando que la celebraci\u00f3n nacional del D\u00eda de las Fuerzas Armadas 2025 (DIFAS\u201925) se desarrollar\u00e1 en Santa Cruz de Tenerife, se suma ahora que la Casa Real ha elegido nuestra isla de Tenerife para acoger uno de los diez conciertos con los que se conmemora el\u00a0d\u00e9cimo aniversario de la proclamaci\u00f3n de <strong>Su Majestad el Rey Felipe VI<\/strong>. Ser\u00e1 el pr\u00f3ximo 14 de diciembre cuando el\u00a0Auditorio de Tenerife <strong>Ad\u00e1n Mart\u00edn<\/strong>, a las 19:00 horas, se convierta en el escenario del tercer concierto de la gira nacional organizada por la Guardia Real, que manda el coronel <strong>Pablo Mateo \u00c1lvarez de Toledo,<\/strong> y que gira bajo el lema <em>\u201cDiez a\u00f1os, diez conciertos\u201d.<\/em> El evento, con\u00a0entrada gratuita\u00a0y abierto a toda la ciudadan\u00eda, ser\u00e1 protagonizado por la Unidad de M\u00fasica de la Guardia Real, una de las formaciones m\u00e1s antiguas y prestigiosas de Europa. A partir de ma\u00f1ana lunes, las entradas estar\u00e1n disponibles de manera gratuita en la recepci\u00f3n del Auditorio de Tenerife, en horario de taquilla. La gira aterriza en Tenerife, siendo la primera vez que est\u00e1 Unidad de M\u00fasica, con m\u00e1s de un siglo de historia, act\u00faa en Canarias.<\/li>\n<\/ul>\n<p>&nbsp;<\/p>\n<p><img loading=\"lazy\" decoding=\"async\" class=\"size-large wp-image-8670 aligncenter\" src=\"https:\/\/canariasenpositivo.com\/wp-content\/uploads\/2024\/12\/5.-MUSICA-DE-LA-GUARDIA-REAL-1024x573.jpg\" alt=\"\" width=\"660\" height=\"369\" \/><\/p>\n<p style=\"text-align: center\"><em>La prestigiosa e internacionalmente famosa Unidad de M\u00fasica de la Guardia Real, que en el pr\u00f3ximo concierto ofrecer\u00e1 alguna sorpresa y har\u00e1 un gui\u00f1o a la m\u00fasica de las Islas Canarias<\/em><\/p>\n<p>&nbsp;<\/p>\n<p><span style=\"color: #0000ff\"><strong>UN CONCIERTO HIST\u00d3RICO QUE NO SE PUEDEN PERDER<\/strong><\/span><\/p>\n<ul>\n<li>La Unidad de M\u00fasica de la Guardia Real ha ofrecido actuaciones en numerosas ciudades de Espa\u00f1a y en importantes escenarios de Europa, incluyendo Inglaterra, Francia, Suecia, Portugal, B\u00e9lgica, Chequia, Alemania, Ruman\u00eda, Rusia y Suiza. Este importante evento fue presentado el jueves en una rueda de prensa celebrada en el Sal\u00f3n Noble del Cabildo a la que asistieron el vicepresidente y consejero de Presidencia,<strong>Jos\u00e9 Miguel Ruano<\/strong>; el consejero de Cultura,\u00a0<strong>Jos\u00e9 Carlos Acha<\/strong>; el General de Divisi\u00f3n, <strong>Ram\u00f3n Armada V\u00e1zquez<\/strong>, Jefe del Estado Mayor del Mando de Canarias del Ej\u00e9rcito de Tierra,\u00a0el Coronel Jefe de la Guardia Real,\u00a0<strong>Pablo Mateo \u00c1lvarez de Toledo<\/strong>, y el director de la Unidad de M\u00fasica del Mando de Canarias (MCANA) del Ej\u00e9rcito de Tierra,\u00a0<strong>Manuel Castrej\u00f3n Navarro<\/strong>. El propio coronel <strong>Pablo Mateo \u00c1lvarez de Toledo<\/strong>\u00a0se\u00f1al\u00f3 que \u201cestamos desando llegar a ese para\u00edso de Espa\u00f1a que son las Islas Canarias para compartir con ustedes una jornada inolvidable en la que adem\u00e1s de acercarles nuestra m\u00fasica, les llevaremos todo nuestro afecto. Creemos que es la mejor manera de demostrarles que los valores de servicio, compromiso y deber que son el lema de nuestro <strong>Rey Felipe VI,<\/strong> son los que nos motivan a nosotros para trabajar por la Corona y por Espa\u00f1a\u201d.<\/li>\n<\/ul>\n<p><img loading=\"lazy\" decoding=\"async\" class=\"size-large wp-image-8671 aligncenter\" src=\"https:\/\/canariasenpositivo.com\/wp-content\/uploads\/2024\/12\/6.-CONCIERTO-GUARDIA-REAL-1024x768.jpg\" alt=\"\" width=\"660\" height=\"495\" \/><\/p>\n<p style=\"text-align: center\"><em>De izquierda a derecha: el consejero de Cultura del Cabildo, Jos\u00e9 Carlos Acha; el consejero de Presidencia, Jos\u00e9 Miguel Ruano, el general jede del Estado Mayor del MCANA, Ram\u00f3n Armada V\u00e1zquez: y el teniente m\u00fasico director de la Unida de M\u00fasica del Mando de Canarias, Manuel Castrej\u00f3n Navarro.<\/em><\/p>\n<p>&nbsp;<\/p>\n<p><span style=\"color: #0000ff\"><strong>LA FAMOSA UNIDAD DE M\u00daSICA DE LA GUARDIA REAL<\/strong><\/span><\/p>\n<ul>\n<li>La\u00a0famosa Unidad de M\u00fasica de la Guardia Real,\u00a0que dirige el coronel <strong>Fernando Lizana Lozano, <\/strong>es conocida por su capacidad para combinar la m\u00fasica cl\u00e1sica con interpretaciones de gran relevancia cultural, siendo una embajadora musical de las Fuerzas Armadas espa\u00f1olas. Est\u00e1 compuesta por m\u00e1s de130 m\u00fasicos \u00a0Estos m\u00fasicos son seleccionados entre los mejores suboficiales del Cuerpo de M\u00fasicas Militares, lo que garantiza un alto nivel de excelencia en sus interpretaciones. La Unidad de M\u00fasica de la Guardia Real desempe\u00f1a un papel fundamental en actos ceremoniales, rindiendo honores a <strong>Sus Majestades los Reyes<\/strong> en eventos oficiales, recepciones y desfiles, adem\u00e1s de acompa\u00f1ar visitas de jefes de Estado extranjeros en ceremonias protocolarias. El coronel <strong>Pablo Mateo \u00c1lvarez de Toledo<\/strong>\u00a0se\u00f1al\u00f3 que <em>\u201cestamos deseando llegar a ese para\u00edso de Espa\u00f1a que son las Islas Canarias para compartir con ustedes una jornada inolvidable en la que adem\u00e1s de acercarles nuestra m\u00fasica, les llevaremos todo nuestro afecto. Creemos que es la mejor manera de demostrar los valores de servicio, compromiso y deber, que son el lema de nuestro <strong>Rey Felipe VI.<\/strong> <\/em>Sin duda alguna, este es uno de los grandes conciertos que ser\u00eda un pecado perd\u00e9rselo.<\/li>\n<\/ul>\n<p><img loading=\"lazy\" decoding=\"async\" class=\"size-large wp-image-8672 aligncenter\" src=\"https:\/\/canariasenpositivo.com\/wp-content\/uploads\/2024\/12\/7.-FERNANDO-LIZANA-PABLO-MATEO-1024x557.jpg\" alt=\"\" width=\"660\" height=\"359\" \/><\/p>\n<p style=\"text-align: center\"><em>El coronel director de la Unidad de M\u00fasica de la Guardia Real, Fernando Lizana Lozano (i) y el coronel jefe de la Guardia Real, Pablo Mateo \u00c1lvarez de Toledo.<\/em><\/p>\n<p>&nbsp;<\/p>\n<p><span style=\"color: #0000ff\"><strong>ESPECIAL REGALO AL RACA-93 EL D\u00cdA DE SU PATRONA<\/strong><\/span><\/p>\n<ul>\n<li>Hago un inciso para rese\u00f1ar un acto que honra a la Pontificia, Real y Venerable Esclavitud del Sant\u00edsimo<strong> Cristo de La Laguna<\/strong>, con su Esclavo Mayor, <strong>Francisco T\u00fabal Morales<\/strong>, y no menos a la artista <strong>Lola Carbajosa<\/strong>, andaluza de nacimiento y canaria de adopci\u00f3n, que pint\u00f3 el cartel de las fiestas en honor <strong>Cristo<\/strong> lagunero de este 2024 que ya est\u00e1 acabando. Recordar que el Cristo fue reconocido este a\u00f1o como <em>\u201cEspecial Protector del Regimiento de Artiller\u00eda\u201d.<\/em> En la tradicional celebraci\u00f3n en honor de <strong>Santa B\u00e1rbara<\/strong>, patrona del Arma de Artiller\u00eda, celebrada el pasado d\u00eda 4 en el acuartelamiento de Los Rodeos, sede del Regimiento de Artiller\u00eda de Campa\u00f1a N\u00ba93 (RACA-93) que hasta dentro de muy poco tiempo (porque se va a realizar el curso de oficial general) sigue mandando el coronel <strong>Jos\u00e9 Luis Heredero Guaza<\/strong>, la Esclavitud y la autora del cartel tuvieron el gesto de regalar al RACA-93 una r\u00e9plica exacta del cuadro que, por cierto, tienes varios detalles pintados por <strong>Lola<\/strong> que, en s\u00ed mismos, son todo un homenaje al Arma de Artiller\u00eda. El regalo lo entreg\u00f3 el Teniente de Esclavo Mayor, <strong>Alexis D\u00edaz Marrero <\/strong>y lo recibi\u00f3 agradecido el general de brigada, <strong>Ricardo Esteban Cabrejos<\/strong>, jefe de la Brigada \u2018Canarias\u2019 XVI (BRICAN-XVI), a la que pertenece el RACA-93. Ha sido un gesto que honra a todos.<\/li>\n<\/ul>\n<p><img loading=\"lazy\" decoding=\"async\" class=\"size-large wp-image-8673 aligncenter\" src=\"https:\/\/canariasenpositivo.com\/wp-content\/uploads\/2024\/12\/8.-ENTREGA-DE-CUADRO-1024x768.jpg\" alt=\"\" width=\"660\" height=\"495\" \/><\/p>\n<p style=\"text-align: center\"><em>De izquierda a derecha: Ricardo Esteban Cabrejos, Jos\u00e9 Luis Heredero Guaza, Alexis D\u00edaz Marrero, el cuadro regalado y su autora, la artista Lola Carbajosa.<\/em><\/p>\n<p>&nbsp;<\/p>\n<p><span style=\"color: #0000ff\"><strong>EL GRAN JUAN CAPOTE VUELVE A TRIUNFAR EN CHINA<\/strong><\/span><\/p>\n<ul>\n<li>Remato <strong><em>El Cotarro<\/em><\/strong> de haci\u00e9ndome eco nuevamente del \u00e9xito de <em>\u201cuno de los nuestros\u201d<\/em> en China. Fue a finales del pasado mes de noviembre y el protagonista ha sido, una vez m\u00e1s, el ilustre bi\u00f3logo, veterinario y cient\u00edfico palmero, <strong>Juan Francisco Capote \u00c1lvarez<\/strong> quien viaj\u00f3 a China para participar en dos congresos internacionales relacionados con la productividad y optimizaci\u00f3n de las explotaciones caprinas, que es una de las especialidades que ha dado trascendencia a su labor de investigaci\u00f3n durante a\u00f1os. Por un lado, <strong>Juan Capote<\/strong> ha asistido a la 4\u00aa Conferencia Mundial del Foro de Revitalizaci\u00f3n Rural y Desarrollo de la Industria Lechera de Cabras y Ovejas (The 4th World Conference of Dairy Goat and Sheep Industry Development &amp; Rural Revitalization Forum) as\u00ed como a la 6.\u00aa Conferencia Asia-Australasia sobre cabras lecheras (The 6th Asian- Australasian Dairy Goats Conference) Los dos eventos se celebraron en Yanglin, localidad de la provincia de Shaanxi y al amparo de la Universidad Northwest A&amp;F. <strong>Juan Capote<\/strong> dice que hay que rese\u00f1ar y destacar que esta regi\u00f3n china cuenta con el mayor n\u00famero de cabras lecheras en el pa\u00eds, cuyo producto se dedica en su mayor\u00eda a la elaboraci\u00f3n de preparados para la lactancia infantil, de enorme proyecci\u00f3n social.<\/li>\n<\/ul>\n<p><img loading=\"lazy\" decoding=\"async\" class=\"size-large wp-image-8674 aligncenter\" src=\"https:\/\/canariasenpositivo.com\/wp-content\/uploads\/2024\/12\/9.-JUAN-CAPOTE-EN-CHINA-1024x365.jpg\" alt=\"\" width=\"660\" height=\"235\" \/><\/p>\n<p style=\"text-align: center\"><em>Juan Capote con la presidenta y expresidentes de la Asociaci\u00f3n Mundial del Caprino<\/em><\/p>\n<p>&nbsp;<\/p>\n<p><span style=\"color: #0000ff\"><strong>REUNI\u00d3N DE PRESIDENTES Y OVACIONES DE ALUMNOS<\/strong><\/span><\/p>\n<ul>\n<li>Esta vez <strong>Juan Capote<\/strong>, que ha visitado China en diez ocasiones y que ha impartido diecisiete conferencias, entre otras actividades, recibi\u00f3 un merecido reconocimiento p\u00fablico por parte de los organizadores del primero de los congresos, que son los que representan a la sociedad que engloba las industrias l\u00e1cteas. Para que vean el nivelazo de nuestro paisano en China, decirles que <strong>Juan Capote<\/strong> particip\u00f3 en un encuentro entre los tres \u00faltimos presidentes de la Asociaci\u00f3n Internacional del Caprino (International Goat Association &#8211; IGA). Los dos ex presidentes (former presidents) <strong> Christopher Lu<\/strong> (20004- 2008) y el propio <strong>Dr. Juan Capote<\/strong> (2012-2016) junto con la <strong>Dra. Noemi Castro,<\/strong> actual presidenta. El amigo <strong>Capote<\/strong>, que levanta pasiones en China, se reuni\u00f3 con cientos de estudiantes, pero no llev\u00f3 la camiseta de la S.D. Tenisca, su equipo del alma (todos los grandes cient\u00edficos tienen alg\u00fan fallo) porque ya la exhibi\u00f3 el a\u00f1o 2016 en la mism\u00edsima Gran Muralla China. En esta ocasi\u00f3n, <strong>Juan Capote<\/strong> hizo un gui\u00f1o al lagunero Club H\u00edpico <em>\u201cLa Atalaya\u201d<\/em> luciendo la sudadera del equipo h\u00edpico <strong>Ofe&#8217;s Team<\/strong>, que lidera la veterana amazona <strong>Ofelia Gonz\u00e1lez Navarro<\/strong>. Y es que ni en el lejano oriente, <strong>Juan<\/strong> se olvida de su tierra. Enhorabuena de parte de un incondicional del C.D. Mensajero<\/li>\n<\/ul>\n<p><img loading=\"lazy\" decoding=\"async\" class=\"size-large wp-image-8675 aligncenter\" src=\"https:\/\/canariasenpositivo.com\/wp-content\/uploads\/2024\/12\/10.-CAPOTE-CON-ESTUDIANTES-1024x371.jpg\" alt=\"\" width=\"660\" height=\"239\" \/><\/p>\n<p style=\"text-align: center\"><em>Imagen de Juan Capote con la sudadera del Ofe\u2019s Team junto a los estudiantes de doctorado de la North West A&amp;F University y, en la derecha, junto con el profesor Arg\u00fcello, catedr\u00e1tico de la Universidad de Las Palmas de Gran Canaria (ULPGC)<\/em><\/p>\n<p>&nbsp;<\/p>\n<p><span style=\"color: #0000ff\"><strong>* Jos\u00e9 Carlos MARRERO GONZ\u00c1LEZ<\/strong><\/span><\/p>\n<p>Periodista y analista de la actualidad.<\/p>\n<p>Director de <strong><em>El Cotarro<\/em><\/strong> (www.elcotarro.com)<\/p>\n<p>Director de <strong><em>Canarias en Positivo<\/em><\/strong> (www.canariasenpositivo.com)<\/p>\n<p>Director de <strong><em>GastroCanarias<\/em><\/strong> (www.gastrocanarias.com)<\/p>\n<p>&nbsp;<\/p>\n<p>Islas Canarias, 8 de diciembre de 2024<\/p>\n<p><img loading=\"lazy\" decoding=\"async\" class=\"size-full wp-image-7956 aligncenter\" src=\"https:\/\/canariasenpositivo.com\/wp-content\/uploads\/2024\/06\/A-CARECA-INSULA.jpg\" alt=\"\" width=\"750\" height=\"153\" \/><\/p>\n<p>&nbsp;<\/p>\n","protected":false},"excerpt":{"rendered":"<p>&nbsp; N\u00ba535 DEL 8 DE DICIEMBRE DE 2024 &nbsp; Por Jos\u00e9 Carlos Marrero * \u00a0 EL TRISTE Y VERGONZOSO BOICOT DEL PP A CANARIAS Comienzo El Cotarro confes\u00e1ndoles que comparto mi tristeza y cabreo con gran parte de la ciudadan\u00eda canaria, que se ha desencantado (una vez M\u00e1s) con la clase pol\u00edtica que nos dirige. &#8230; <a class=\"read-more\" href=\"https:\/\/elcotarro.com\/?p=10961\">Read more<\/a><\/p>\n","protected":false},"author":2,"featured_media":0,"comment_status":"open","ping_status":"open","sticky":false,"template":"","format":"standard","meta":{"_jetpack_memberships_contains_paid_content":false,"footnotes":""},"categories":[4],"tags":[],"class_list":["post-10961","post","type-post","status-publish","format-standard","hentry","category-el-cotarro"],"yoast_head":"<!-- This site is optimized with the Yoast SEO plugin v27.0 - https:\/\/yoast.com\/product\/yoast-seo-wordpress\/ -->\n<title>EL COTARRO \/ 535, del domingo, 08\/12\/2024 - El Cotarro<\/title>\n<meta name=\"robots\" content=\"index, follow, max-snippet:-1, max-image-preview:large, max-video-preview:-1\" \/>\n<link rel=\"canonical\" href=\"https:\/\/elcotarro.com\/?p=10961\" \/>\n<meta property=\"og:locale\" content=\"es_ES\" \/>\n<meta property=\"og:type\" content=\"article\" \/>\n<meta property=\"og:title\" content=\"EL COTARRO \/ 535, del domingo, 08\/12\/2024 - El Cotarro\" \/>\n<meta property=\"og:description\" content=\"&nbsp; N\u00ba535 DEL 8 DE DICIEMBRE DE 2024 &nbsp; Por Jos\u00e9 Carlos Marrero * \u00a0 EL TRISTE Y VERGONZOSO BOICOT DEL PP A CANARIAS Comienzo El Cotarro confes\u00e1ndoles que comparto mi tristeza y cabreo con gran parte de la ciudadan\u00eda canaria, que se ha desencantado (una vez M\u00e1s) con la clase pol\u00edtica que nos dirige. ... Read more\" \/>\n<meta property=\"og:url\" content=\"https:\/\/elcotarro.com\/?p=10961\" \/>\n<meta property=\"og:site_name\" content=\"El Cotarro\" \/>\n<meta property=\"article:publisher\" content=\"https:\/\/www.facebook.com\/ElCotarro.Tenerife\" \/>\n<meta property=\"article:published_time\" content=\"2024-12-08T00:06:09+00:00\" \/>\n<meta property=\"article:modified_time\" content=\"2024-12-08T22:11:09+00:00\" \/>\n<meta property=\"og:image\" content=\"https:\/\/canariasenpositivo.com\/wp-content\/uploads\/2024\/10\/Cabecera_El_Cotarro_v2-1024x128.jpg\" \/>\n<meta name=\"author\" content=\"Jos\u00e9 Carlos Marrero Gonz\u00e1lez\" \/>\n<meta name=\"twitter:label1\" content=\"Escrito por\" \/>\n\t<meta name=\"twitter:data1\" content=\"Jos\u00e9 Carlos Marrero Gonz\u00e1lez\" \/>\n\t<meta name=\"twitter:label2\" content=\"Tiempo de lectura\" \/>\n\t<meta name=\"twitter:data2\" content=\"15 minutos\" \/>\n<script type=\"application\/ld+json\" class=\"yoast-schema-graph\">{\"@context\":\"https:\/\/schema.org\",\"@graph\":[{\"@type\":\"Article\",\"@id\":\"https:\/\/elcotarro.com\/?p=10961#article\",\"isPartOf\":{\"@id\":\"https:\/\/elcotarro.com\/?p=10961\"},\"author\":{\"name\":\"Jos\u00e9 Carlos Marrero Gonz\u00e1lez\",\"@id\":\"https:\/\/elcotarro.com\/#\/schema\/person\/af537ee7d60d15984c7e0affcd8a918b\"},\"headline\":\"EL COTARRO \/ 535, del domingo, 08\/12\/2024\",\"datePublished\":\"2024-12-08T00:06:09+00:00\",\"dateModified\":\"2024-12-08T22:11:09+00:00\",\"mainEntityOfPage\":{\"@id\":\"https:\/\/elcotarro.com\/?p=10961\"},\"wordCount\":2769,\"commentCount\":0,\"publisher\":{\"@id\":\"https:\/\/elcotarro.com\/#organization\"},\"image\":{\"@id\":\"https:\/\/elcotarro.com\/?p=10961#primaryimage\"},\"thumbnailUrl\":\"https:\/\/canariasenpositivo.com\/wp-content\/uploads\/2024\/10\/Cabecera_El_Cotarro_v2-1024x128.jpg\",\"articleSection\":[\"El Cotarro\"],\"inLanguage\":\"es\",\"potentialAction\":[{\"@type\":\"CommentAction\",\"name\":\"Comment\",\"target\":[\"https:\/\/elcotarro.com\/?p=10961#respond\"]}]},{\"@type\":\"WebPage\",\"@id\":\"https:\/\/elcotarro.com\/?p=10961\",\"url\":\"https:\/\/elcotarro.com\/?p=10961\",\"name\":\"EL COTARRO \/ 535, del domingo, 08\/12\/2024 - El Cotarro\",\"isPartOf\":{\"@id\":\"https:\/\/elcotarro.com\/#website\"},\"primaryImageOfPage\":{\"@id\":\"https:\/\/elcotarro.com\/?p=10961#primaryimage\"},\"image\":{\"@id\":\"https:\/\/elcotarro.com\/?p=10961#primaryimage\"},\"thumbnailUrl\":\"https:\/\/canariasenpositivo.com\/wp-content\/uploads\/2024\/10\/Cabecera_El_Cotarro_v2-1024x128.jpg\",\"datePublished\":\"2024-12-08T00:06:09+00:00\",\"dateModified\":\"2024-12-08T22:11:09+00:00\",\"breadcrumb\":{\"@id\":\"https:\/\/elcotarro.com\/?p=10961#breadcrumb\"},\"inLanguage\":\"es\",\"potentialAction\":[{\"@type\":\"ReadAction\",\"target\":[\"https:\/\/elcotarro.com\/?p=10961\"]}]},{\"@type\":\"ImageObject\",\"inLanguage\":\"es\",\"@id\":\"https:\/\/elcotarro.com\/?p=10961#primaryimage\",\"url\":\"https:\/\/canariasenpositivo.com\/wp-content\/uploads\/2024\/10\/Cabecera_El_Cotarro_v2-1024x128.jpg\",\"contentUrl\":\"https:\/\/canariasenpositivo.com\/wp-content\/uploads\/2024\/10\/Cabecera_El_Cotarro_v2-1024x128.jpg\"},{\"@type\":\"BreadcrumbList\",\"@id\":\"https:\/\/elcotarro.com\/?p=10961#breadcrumb\",\"itemListElement\":[{\"@type\":\"ListItem\",\"position\":1,\"name\":\"Portada\",\"item\":\"https:\/\/elcotarro.com\/\"},{\"@type\":\"ListItem\",\"position\":2,\"name\":\"EL COTARRO \/ 535, del domingo, 08\/12\/2024\"}]},{\"@type\":\"WebSite\",\"@id\":\"https:\/\/elcotarro.com\/#website\",\"url\":\"https:\/\/elcotarro.com\/\",\"name\":\"El Cotarro\",\"description\":\"Peri\u00f3dico Digital Independiente dirigido por Jos\u00e9 Carlos Marrero\",\"publisher\":{\"@id\":\"https:\/\/elcotarro.com\/#organization\"},\"potentialAction\":[{\"@type\":\"SearchAction\",\"target\":{\"@type\":\"EntryPoint\",\"urlTemplate\":\"https:\/\/elcotarro.com\/?s={search_term_string}\"},\"query-input\":{\"@type\":\"PropertyValueSpecification\",\"valueRequired\":true,\"valueName\":\"search_term_string\"}}],\"inLanguage\":\"es\"},{\"@type\":\"Organization\",\"@id\":\"https:\/\/elcotarro.com\/#organization\",\"name\":\"El Cotarro\",\"url\":\"https:\/\/elcotarro.com\/\",\"logo\":{\"@type\":\"ImageObject\",\"inLanguage\":\"es\",\"@id\":\"https:\/\/elcotarro.com\/#\/schema\/logo\/image\/\",\"url\":\"https:\/\/elcotarro.com\/wp-content\/uploads\/2014\/09\/Cabecera_El_Cotarro_v2.jpg\",\"contentUrl\":\"https:\/\/elcotarro.com\/wp-content\/uploads\/2014\/09\/Cabecera_El_Cotarro_v2.jpg\",\"width\":3540,\"height\":441,\"caption\":\"El Cotarro\"},\"image\":{\"@id\":\"https:\/\/elcotarro.com\/#\/schema\/logo\/image\/\"},\"sameAs\":[\"https:\/\/www.facebook.com\/ElCotarro.Tenerife\"]},{\"@type\":\"Person\",\"@id\":\"https:\/\/elcotarro.com\/#\/schema\/person\/af537ee7d60d15984c7e0affcd8a918b\",\"name\":\"Jos\u00e9 Carlos Marrero Gonz\u00e1lez\",\"image\":{\"@type\":\"ImageObject\",\"inLanguage\":\"es\",\"@id\":\"https:\/\/elcotarro.com\/#\/schema\/person\/image\/\",\"url\":\"https:\/\/secure.gravatar.com\/avatar\/def4da036efb5d32c74d49c351f6dccc064dd69ad9f3aadc295c5a9a5391ca01?s=96&d=mm&r=g\",\"contentUrl\":\"https:\/\/secure.gravatar.com\/avatar\/def4da036efb5d32c74d49c351f6dccc064dd69ad9f3aadc295c5a9a5391ca01?s=96&d=mm&r=g\",\"caption\":\"Jos\u00e9 Carlos Marrero Gonz\u00e1lez\"},\"sameAs\":[\"https:\/\/elcotarro.com\"],\"url\":\"https:\/\/elcotarro.com\/?author=2\"}]}<\/script>\n<!-- \/ Yoast SEO plugin. -->","yoast_head_json":{"title":"EL COTARRO \/ 535, del domingo, 08\/12\/2024 - El Cotarro","robots":{"index":"index","follow":"follow","max-snippet":"max-snippet:-1","max-image-preview":"max-image-preview:large","max-video-preview":"max-video-preview:-1"},"canonical":"https:\/\/elcotarro.com\/?p=10961","og_locale":"es_ES","og_type":"article","og_title":"EL COTARRO \/ 535, del domingo, 08\/12\/2024 - El Cotarro","og_description":"&nbsp; N\u00ba535 DEL 8 DE DICIEMBRE DE 2024 &nbsp; Por Jos\u00e9 Carlos Marrero * \u00a0 EL TRISTE Y VERGONZOSO BOICOT DEL PP A CANARIAS Comienzo El Cotarro confes\u00e1ndoles que comparto mi tristeza y cabreo con gran parte de la ciudadan\u00eda canaria, que se ha desencantado (una vez M\u00e1s) con la clase pol\u00edtica que nos dirige. ... Read more","og_url":"https:\/\/elcotarro.com\/?p=10961","og_site_name":"El Cotarro","article_publisher":"https:\/\/www.facebook.com\/ElCotarro.Tenerife","article_published_time":"2024-12-08T00:06:09+00:00","article_modified_time":"2024-12-08T22:11:09+00:00","og_image":[{"url":"https:\/\/canariasenpositivo.com\/wp-content\/uploads\/2024\/10\/Cabecera_El_Cotarro_v2-1024x128.jpg","type":"","width":"","height":""}],"author":"Jos\u00e9 Carlos Marrero Gonz\u00e1lez","twitter_misc":{"Escrito por":"Jos\u00e9 Carlos Marrero Gonz\u00e1lez","Tiempo de lectura":"15 minutos"},"schema":{"@context":"https:\/\/schema.org","@graph":[{"@type":"Article","@id":"https:\/\/elcotarro.com\/?p=10961#article","isPartOf":{"@id":"https:\/\/elcotarro.com\/?p=10961"},"author":{"name":"Jos\u00e9 Carlos Marrero Gonz\u00e1lez","@id":"https:\/\/elcotarro.com\/#\/schema\/person\/af537ee7d60d15984c7e0affcd8a918b"},"headline":"EL COTARRO \/ 535, del domingo, 08\/12\/2024","datePublished":"2024-12-08T00:06:09+00:00","dateModified":"2024-12-08T22:11:09+00:00","mainEntityOfPage":{"@id":"https:\/\/elcotarro.com\/?p=10961"},"wordCount":2769,"commentCount":0,"publisher":{"@id":"https:\/\/elcotarro.com\/#organization"},"image":{"@id":"https:\/\/elcotarro.com\/?p=10961#primaryimage"},"thumbnailUrl":"https:\/\/canariasenpositivo.com\/wp-content\/uploads\/2024\/10\/Cabecera_El_Cotarro_v2-1024x128.jpg","articleSection":["El Cotarro"],"inLanguage":"es","potentialAction":[{"@type":"CommentAction","name":"Comment","target":["https:\/\/elcotarro.com\/?p=10961#respond"]}]},{"@type":"WebPage","@id":"https:\/\/elcotarro.com\/?p=10961","url":"https:\/\/elcotarro.com\/?p=10961","name":"EL COTARRO \/ 535, del domingo, 08\/12\/2024 - El Cotarro","isPartOf":{"@id":"https:\/\/elcotarro.com\/#website"},"primaryImageOfPage":{"@id":"https:\/\/elcotarro.com\/?p=10961#primaryimage"},"image":{"@id":"https:\/\/elcotarro.com\/?p=10961#primaryimage"},"thumbnailUrl":"https:\/\/canariasenpositivo.com\/wp-content\/uploads\/2024\/10\/Cabecera_El_Cotarro_v2-1024x128.jpg","datePublished":"2024-12-08T00:06:09+00:00","dateModified":"2024-12-08T22:11:09+00:00","breadcrumb":{"@id":"https:\/\/elcotarro.com\/?p=10961#breadcrumb"},"inLanguage":"es","potentialAction":[{"@type":"ReadAction","target":["https:\/\/elcotarro.com\/?p=10961"]}]},{"@type":"ImageObject","inLanguage":"es","@id":"https:\/\/elcotarro.com\/?p=10961#primaryimage","url":"https:\/\/canariasenpositivo.com\/wp-content\/uploads\/2024\/10\/Cabecera_El_Cotarro_v2-1024x128.jpg","contentUrl":"https:\/\/canariasenpositivo.com\/wp-content\/uploads\/2024\/10\/Cabecera_El_Cotarro_v2-1024x128.jpg"},{"@type":"BreadcrumbList","@id":"https:\/\/elcotarro.com\/?p=10961#breadcrumb","itemListElement":[{"@type":"ListItem","position":1,"name":"Portada","item":"https:\/\/elcotarro.com\/"},{"@type":"ListItem","position":2,"name":"EL COTARRO \/ 535, del domingo, 08\/12\/2024"}]},{"@type":"WebSite","@id":"https:\/\/elcotarro.com\/#website","url":"https:\/\/elcotarro.com\/","name":"El Cotarro","description":"Peri\u00f3dico Digital Independiente dirigido por Jos\u00e9 Carlos Marrero","publisher":{"@id":"https:\/\/elcotarro.com\/#organization"},"potentialAction":[{"@type":"SearchAction","target":{"@type":"EntryPoint","urlTemplate":"https:\/\/elcotarro.com\/?s={search_term_string}"},"query-input":{"@type":"PropertyValueSpecification","valueRequired":true,"valueName":"search_term_string"}}],"inLanguage":"es"},{"@type":"Organization","@id":"https:\/\/elcotarro.com\/#organization","name":"El Cotarro","url":"https:\/\/elcotarro.com\/","logo":{"@type":"ImageObject","inLanguage":"es","@id":"https:\/\/elcotarro.com\/#\/schema\/logo\/image\/","url":"https:\/\/elcotarro.com\/wp-content\/uploads\/2014\/09\/Cabecera_El_Cotarro_v2.jpg","contentUrl":"https:\/\/elcotarro.com\/wp-content\/uploads\/2014\/09\/Cabecera_El_Cotarro_v2.jpg","width":3540,"height":441,"caption":"El Cotarro"},"image":{"@id":"https:\/\/elcotarro.com\/#\/schema\/logo\/image\/"},"sameAs":["https:\/\/www.facebook.com\/ElCotarro.Tenerife"]},{"@type":"Person","@id":"https:\/\/elcotarro.com\/#\/schema\/person\/af537ee7d60d15984c7e0affcd8a918b","name":"Jos\u00e9 Carlos Marrero Gonz\u00e1lez","image":{"@type":"ImageObject","inLanguage":"es","@id":"https:\/\/elcotarro.com\/#\/schema\/person\/image\/","url":"https:\/\/secure.gravatar.com\/avatar\/def4da036efb5d32c74d49c351f6dccc064dd69ad9f3aadc295c5a9a5391ca01?s=96&d=mm&r=g","contentUrl":"https:\/\/secure.gravatar.com\/avatar\/def4da036efb5d32c74d49c351f6dccc064dd69ad9f3aadc295c5a9a5391ca01?s=96&d=mm&r=g","caption":"Jos\u00e9 Carlos Marrero Gonz\u00e1lez"},"sameAs":["https:\/\/elcotarro.com"],"url":"https:\/\/elcotarro.com\/?author=2"}]}},"jetpack_featured_media_url":"","jetpack_sharing_enabled":true,"_links":{"self":[{"href":"https:\/\/elcotarro.com\/index.php?rest_route=\/wp\/v2\/posts\/10961","targetHints":{"allow":["GET"]}}],"collection":[{"href":"https:\/\/elcotarro.com\/index.php?rest_route=\/wp\/v2\/posts"}],"about":[{"href":"https:\/\/elcotarro.com\/index.php?rest_route=\/wp\/v2\/types\/post"}],"author":[{"embeddable":true,"href":"https:\/\/elcotarro.com\/index.php?rest_route=\/wp\/v2\/users\/2"}],"replies":[{"embeddable":true,"href":"https:\/\/elcotarro.com\/index.php?rest_route=%2Fwp%2Fv2%2Fcomments&post=10961"}],"version-history":[{"count":3,"href":"https:\/\/elcotarro.com\/index.php?rest_route=\/wp\/v2\/posts\/10961\/revisions"}],"predecessor-version":[{"id":10965,"href":"https:\/\/elcotarro.com\/index.php?rest_route=\/wp\/v2\/posts\/10961\/revisions\/10965"}],"wp:attachment":[{"href":"https:\/\/elcotarro.com\/index.php?rest_route=%2Fwp%2Fv2%2Fmedia&parent=10961"}],"wp:term":[{"taxonomy":"category","embeddable":true,"href":"https:\/\/elcotarro.com\/index.php?rest_route=%2Fwp%2Fv2%2Fcategories&post=10961"},{"taxonomy":"post_tag","embeddable":true,"href":"https:\/\/elcotarro.com\/index.php?rest_route=%2Fwp%2Fv2%2Ftags&post=10961"}],"curies":[{"name":"wp","href":"https:\/\/api.w.org\/{rel}","templated":true}]}}