{"id":10970,"date":"2024-12-22T00:54:13","date_gmt":"2024-12-22T00:54:13","guid":{"rendered":"https:\/\/elcotarro.com\/?p=10970"},"modified":"2024-12-22T00:59:25","modified_gmt":"2024-12-22T00:59:25","slug":"10970","status":"publish","type":"post","link":"https:\/\/elcotarro.com\/?p=10970","title":{"rendered":"EL COTARRO \/ 537, DEL DOMINGO, 22\/12\/2024"},"content":{"rendered":"<p style=\"text-align: center\"><span style=\"color: #ff0000\"><strong><img loading=\"lazy\" decoding=\"async\" class=\"size-large wp-image-8485 aligncenter\" src=\"https:\/\/canariasenpositivo.com\/wp-content\/uploads\/2024\/10\/Cabecera_El_Cotarro_v2-1024x128.jpg\" alt=\"\" width=\"660\" height=\"83\" \/>N\u00ba537 DEL 22 DE DICIEMBRE DE 2024<\/strong><\/span><\/p>\n<p>&nbsp;<\/p>\n<p><span style=\"color: #0000ff\"><em>Por <strong>Jos\u00e9 Carlos Marrero *<\/strong><\/em><\/span><\/p>\n<p><strong>\u00a0<\/strong><\/p>\n<p><span style=\"color: #0000ff\"><strong>DE NUESTRO \u2018REF\u2019 A LA REAL FEDERACI\u00d3N DE F\u00daTBOL<\/strong><\/span><\/p>\n<ul>\n<li>Hace unos cuantos a\u00f1os (tampoco muchos) hice en la radio una encuesta callejera preguntando a la ciudadan\u00eda si sab\u00edan lo que significaban las siglas REF. La mayor\u00eda de las personas encuestadas no dud\u00f3 en responder que <em>\u201ceran las siglas de la Real Federaci\u00f3n Espa\u00f1ola de F\u00fatbol\u201d<\/em>. Y todas se quedaban tan panchas, mondas y lirondas. El pasado martes, nuestra compa\u00f1era y amiga, la reconocida periodista <strong>Laura Docampo Del Conte<\/strong>, que hoy ocupa diligentemente el cargo de directora del Gabinete de Comisionado del R\u00e9gimen Econ\u00f3mico y Fiscal de Canarias, nuestro tan importante como todav\u00eda desconocido REF a nivel popular, me invit\u00f3 a un debate sobre el mismo, celebrado en el Hotel Mencey de la capital tinerfe\u00f1a, bajo la organizaci\u00f3n del Grupo de Comunicaci\u00f3n Prensa Ib\u00e9rica y, m\u00e1s concretamente, del peri\u00f3dico <em>EL D\u00cdA<\/em>, que dirige el colega <strong>Joaqu\u00edn Catal\u00e1n<\/strong>. El protagonista del mismo fue el propio Comisionado del REF, <strong>Jos\u00e9 Ram\u00f3n Barrera Hern\u00e1ndez<\/strong>, que dentro del Gobierno de Canarias tiene rango de consejero y que depende de la consejer\u00eda de Hacienda y Relaciones con la Uni\u00f3n Europea, que (por el momento) lidera <strong>Matilde Asi\u00e1n Gonz\u00e1lez<\/strong> (PP), al parecer muy cuestionada en los \u00faltimos tiempos, por muchos millones del Presupuesto regional que no se ejecutan.<\/li>\n<\/ul>\n<p style=\"text-align: center\"><em><img loading=\"lazy\" decoding=\"async\" class=\"size-large wp-image-8750 alignnone aligncenter\" src=\"https:\/\/canariasenpositivo.com\/wp-content\/uploads\/2024\/12\/1.-JOSE-RAMON-BARRERA-1024x683.jpeg\" alt=\"\" width=\"660\" height=\"440\" \/>\u00a0<\/em><em>Jos\u00e9 Ram\u00f3n Barrera Hern\u00e1ndez, Comisionado del REF Canarias<\/em><\/p>\n<p>&nbsp;<\/p>\n<p><span style=\"color: #0000ff\"><strong>COMPLICADO FUTURO PARA EL CASI OBSOLETO REF<\/strong><\/span><\/p>\n<ul>\n<li>Ante un acreditada audiencia (mayoritariamente compuesta por empresarios, pol\u00edticos, economistas y periodistas) <strong>Jos\u00e9 Ram\u00f3n Barrera<\/strong> dio su actual visi\u00f3n del REF y luego se desarroll\u00f3 una \u201cmesa redonda\u201d moderada por el economista <strong>Jos\u00e9 Miguel Gonz\u00e1lez<\/strong> (director de Corporaci\u00f3n 5) y compuesta por <strong>Jos\u00e9 Carlos Francisco D\u00edaz<\/strong> (presidente del Consejo Econ\u00f3mico y Social de Canarias \u2013 CES Canarias) <strong>Jos\u00e9 Luis Rivero Ceballos<\/strong> (catedr\u00e1tico de Econom\u00eda Aplicada de nuestra ULL), <strong>Manuel Navarro<\/strong> (secretario general de la Uni\u00f3n General de Trabajadores \u2013 UGT Canarias), <strong>Inocencio Gonz\u00e1lez<\/strong> (secretario general de Comisiones Obreras \u2013 CC.OO. Canarias) <strong>Pedro Alfonso Mart\u00edn<\/strong> (presidente de Confederaci\u00f3n de Empresario &#8211; CEOE Tenerife), as\u00ed como el propio <strong>Jos\u00e9 Ram\u00f3n Barrera<\/strong> (Comisionado del REF Canarias). Aparte de la interesante y clara explicaci\u00f3n de la actual situaci\u00f3n de nuestro REF y su visi\u00f3n de cara al futuro que realiz\u00f3 <strong>Jos\u00e9 Ram\u00f3n Barrera<\/strong>, muchos de los presentes (como yo mismo) sacamos en conclusi\u00f3n de que la cosa est\u00e1 cruda\u2026 y m\u00e1s que va a estar. Alguno lleg\u00f3 a decir que, de aqu\u00ed al 2030 y ante las amenazas, lo mejor que le podr\u00eda pasar al REF es que se quedara como est\u00e1. Yo sal\u00ed de all\u00ed m\u00e1s triste que una noche chicharrera.<\/li>\n<\/ul>\n<p><img loading=\"lazy\" decoding=\"async\" class=\"size-large wp-image-8751 aligncenter\" src=\"https:\/\/canariasenpositivo.com\/wp-content\/uploads\/2024\/12\/2.-FORO-PRENSA-IBERICA-1024x683.jpeg\" alt=\"\" width=\"660\" height=\"440\" \/><\/p>\n<p style=\"text-align: center\"><em>De izquierda a derecha Jos\u00e9 Miguel Gonz\u00e1lez, Jos\u00e9 Luis Rivero, Manuel Navarro, Jos\u00e9 Carlos Francisco, Inocencio Gonz\u00e1lez, Jos\u00e9 Miguel Barrera y Pedro Alfonso.<\/em><\/p>\n<p>&nbsp;<\/p>\n<p><span style=\"color: #0000ff\"><strong>TAXIS Y TRANV\u00cdAS SIN NECESIDAD DE CONDUCTORES<\/strong><\/span><\/p>\n<ul>\n<li>Para la mayor\u00eda de los miembros de la mesa el REF est\u00e1 desfasado, casi obsoleto y hay que actualizarlo pensando, sobre todo en el futuro que ya est\u00e1 aqu\u00ed (dicho por <strong>Jos\u00e9 Carlos Francisco<\/strong>) con realidades como la Inteligencia Artificial y la Biotecnolog\u00eda Sint\u00e9tica. Hay que ponerse las pilas. No podemos estar en el presente, porque el futuro que viene nos puede arrastrar como un tsunami. <strong>Jos\u00e9 Carlos Francisco<\/strong> cont\u00f3 la an\u00e9cdota reciente de un familiar o amigo, que le mand\u00f3 al m\u00f3vil un mensaje de v\u00eddeo desde <strong>San Francisco<\/strong>. En el mismo, grabado desde dentro de un taxi, se ve\u00edan las calles empinadas de San Francisco, sus famosos tranv\u00edas y, en un momento, el amigo dijo en el v\u00eddeo\u2026 <em>\u201cy \u00a1aqu\u00ed te presento a nuestro taxista conductor!\u201d \u2026 <\/em>Pero, en las im\u00e1genes se detecta que al volante del autom\u00f3vil no hab\u00eda ni taxista, ni nada. El taxi era aut\u00f3nomo y sin necesidad de conductor. Record\u00f3 el propio <strong>Jos\u00e9 Carlos<\/strong> que aqu\u00ed el personal del Tranv\u00eda de Tenerife lleva unos 5 o 7 meses de huelga y avanz\u00f3 que, quiz\u00e1, en menos de 5 a\u00f1os, nuestro popular tranv\u00eda ser\u00e1 tambi\u00e9n aut\u00f3nomo y no necesitar\u00e1 de conductores presenciales. De hecho, el tranv\u00eda subterr\u00e1neo que une la madrile\u00f1a Terminal 4 de Barajas con su terminal \u201cT4 Sat\u00e9lite\u201d, lleva muchos a\u00f1os trabajando sin conductor, 24 horas al d\u00eda.<\/li>\n<\/ul>\n<p><img loading=\"lazy\" decoding=\"async\" class=\"size-large wp-image-8752 aligncenter\" src=\"https:\/\/canariasenpositivo.com\/wp-content\/uploads\/2024\/12\/3.-TAXI-AUTONOMO-1024x734.jpeg\" alt=\"\" width=\"660\" height=\"473\" \/><\/p>\n<p style=\"text-align: center\"><em>Un taxi aut\u00f3nomo Jaguar, de la empresa Waymo, rodando ya en San Francisco<\/em><\/p>\n<p>&nbsp;<\/p>\n<p><span style=\"color: #0000ff\"><strong>Y AQU\u00cd SEGUIMOS CON EL CONFLICTO DEL REINA SOF\u00cdA<\/strong><\/span><\/p>\n<ul>\n<li>Mientras la cruda realidad futuro est\u00e1 ya presente en ciudades como San Francisco y muy pronto en Barcelona y creo que tambi\u00e9n en Madrid, en nuestra isla los pasajeros que llegan al aeropuerto Reina Sof\u00eda-Tenerife Sur (y muchas veces tambi\u00e9n en Los Rodeos) sean residentes o extranjeros se ven obligados a sufrir un aut\u00e9ntico <em>\u201cv\u00eda crucis\u201d<\/em> con largas colas y a veces hasta horas de espera. El \u201ccoto privado\u201d de los taxistas de Granadilla de Abona y poco m\u00e1s, choca frontalmente con la pu\u00f1etera realidad y las necesidades del momento. Muchas veces creo que la cortedad de miras, la poca inteligencia o en muchos casos la ignorancia, el ego\u00edsmo mal entendido y la falta de solidaridad insular est\u00e1 haciendo que (sin darnos cuenta, o s\u00ed) estemos cavando nuestra propia tumba. Sin querer meter en el asunto al presidente <strong>Fernando Clavijo<\/strong> o a su consejera de Turismo y Empleo, <strong>J\u00e9ssica De Le\u00f3n Verdugo<\/strong>, porque no s\u00e9 si tienen competencia en el asunto insular tinerfe\u00f1o, creo que la presidenta de nuestro Cabildo, <strong>Rosa D\u00e1vila Mamely<\/strong>, y su vicepresidente y consejero del \u00c1rea de Turismo, <strong>Lope Afonso Hern\u00e1ndez<\/strong>, as\u00ed como la consejera del \u00c1rea de Movilidad, <strong>Mar\u00eda Eulalia Garc\u00eda<\/strong> <strong>Silva<\/strong>, tendr\u00edan que hacer algo de inmediato. La ciudadan\u00eda usuaria se lo agradecer\u00eda, ahora\u2026 y en las urnas.<\/li>\n<\/ul>\n<p><img loading=\"lazy\" decoding=\"async\" class=\"size-full wp-image-8753 aligncenter\" src=\"https:\/\/canariasenpositivo.com\/wp-content\/uploads\/2024\/12\/4.-TRANVIA-SUBTERRANEO-T4.jpeg\" alt=\"\" width=\"750\" height=\"562\" \/><\/p>\n<p style=\"text-align: center\"><em>El tranv\u00eda aut\u00f3nomo subterr\u00e1neo de AENA, que en el aeropuerto Madrid-Barajas, une las terminal T4 con la TA Sat\u00e9lite, todo el a\u00f1o, 24 horas al d\u00eda\u2026 \u00a1sin conductor!<\/em><\/p>\n<p>&nbsp;<\/p>\n<p><span style=\"color: #0000ff\"><strong>EL \u2018\u00c1RBOL DE NAVIDAD\u2019 VIVO M\u00c1S ALTO DE EUROPA<\/strong><\/span><\/p>\n<ul>\n<li>He contado varias veces que, hace ya m\u00e1s de 50 a\u00f1os, a una serie de socios del Orfe\u00f3n La Paz de La Laguna se le ocurri\u00f3 adornar la araucaria que estaba (y est\u00e1) en la Plaza de la Concepci\u00f3n, frente a la sede del propio Orfe\u00f3n, en la lagunera calle de La Carrera, que estaba donde hoy est\u00e1 la sede central de CaixaBank. La idea era hacer en un \u00c1rbol de Navidad natural que, en principio, era un invento y s\u00edmbolo pagano, aunque se estaba poniendo de moda en Espa\u00f1a y todo el mundo. Entre aquellos grandes y recordados laguneros estaban <strong>Domingo Reyes Su\u00e1rez<\/strong> <em>\u201cEl Practicante\u201d <\/em>y m\u00e1s tarde gran concejal socialista de La Laguna, <strong>Antonio Ram\u00edrez<\/strong> <em>\u201cEl Ca\u00f1izo\u201d<\/em>, <strong>Chacho<\/strong> <em>\u201cEl Latonero\u201d<\/em>, <strong>Isaac Santana<\/strong> <em>\u201cEl Carpintero\u201d<\/em>, <strong>Lorenzo Gonz\u00e1lez<\/strong> <em>\u201cEl Manecas\u201d<\/em>, <strong>Evelio<\/strong> <em>\u201cEl Conserje\u201d<\/em>, <strong>Trino<\/strong> <em>\u201cEl Lagarto\u201d<\/em> y tantos otros\u2026 Aquel \u201c\u00c1rbol del Orfe\u00f3n\u201d, se convirti\u00f3, seg\u00fan la gente aseguraba, en el \u00c1rbol de Navidad, natural y vivo, m\u00e1s alto que se adornaba cada a\u00f1o en toda Europa. Debajo del mismo, los orfeonistas pusieron una figura de \u201c<strong>Pap\u00e1 No\u00ebl<\/strong>\u201d con la boca abierta para que la gente por ella metiera monedas a modo de donativos. Por un ingenioso y artesano mecanismo, en el momento que las monedas ca\u00edan al fondo de una caja, se le encend\u00edan los ojos a la figura del barbudo <strong>Pap\u00e1 No\u00ebl<\/strong>.<\/li>\n<\/ul>\n<p><img loading=\"lazy\" decoding=\"async\" class=\"size-full wp-image-8754 aligncenter\" src=\"https:\/\/canariasenpositivo.com\/wp-content\/uploads\/2024\/12\/5.-ARBOL-DEL-ORFEON-LA-PAZ.jpg\" alt=\"\" width=\"720\" height=\"691\" \/><\/p>\n<p style=\"text-align: center\"><em>El \u00c1rbol de Navidad del Orfe\u00f3n, cuando se engalanaba y se encend\u00eda totalmente. <\/em><\/p>\n<p>&nbsp;<\/p>\n<p><span style=\"color: #0000ff\"><strong>\u2018PAP\u00c1 NO\u00cbL\u2019, EL \u2018BEL\u00c9N\u2019 Y EL OBISPO P\u00c9REZ C\u00c1CERES<\/strong><\/span><\/p>\n<ul>\n<li>No s\u00e9 si alguien se quej\u00f3 de ver al barbudo solo debajo de la araucaria, pero lo cierto es que <strong>Domingo Reyes<\/strong> y los dem\u00e1s, preguntaron al querido y recordado obispo, <strong>Don Domingo P\u00e9rez C\u00e1ceres<\/strong>, que si hab\u00eda alg\u00fan problema en adornar el \u00e1rbol y poner debajo a la figura de <strong>Pap\u00e1 No\u00ebl<\/strong>. Un dialogante conciliador <strong>Don Domingo<\/strong> les dijo que no hab\u00eda ning\u00fan problema pero que, si no ten\u00edan inconveniente, le gustar\u00eda que, junto al barbudo gordinfl\u00f3n, pusieron una recreaci\u00f3n del \u201cMisterio de Bel\u00e9n\u201d. Dicho y hecho. Durante muchos a\u00f1os (hasta que dej\u00f3 de adornarse el \u00e1rbol porque sus ramas estaban enfermas) <strong>Pap\u00e1 No\u00ebl<\/strong>, el <strong>Ni\u00f1o Jes\u00fas<\/strong>, la <strong>Virgen Mar\u00eda<\/strong>, el padre <strong>San Jos\u00e9<\/strong>, la burra y la vaca, convivieron en paz y concordia cada Navidad bajo el \u00e1rbol. Cuando hace unos a\u00f1os retorn\u00f3 el Pap\u00e1 No\u00ebl (aunque no se hiciera el \u00c1rbol de Navidad) la representaci\u00f3n del Bel\u00e9n brill\u00f3 por su ausencia. La consensuada tradici\u00f3n dej\u00f3 de respetarse y la imagen m\u00e1s clara de lo que es y representa la Navidad en nuestra cultura, m\u00e1s all\u00e1 incluso de creencias y <em>\u201cpracticancias\u201d<\/em> fue postergada, cuando no olvidada. Hace a\u00f1os que una amplia cantidad de laguneras y laguneros reclamaba que volvieran las figuras del Bel\u00e9n.<\/li>\n<\/ul>\n<p><img loading=\"lazy\" decoding=\"async\" class=\"size-full wp-image-8755 aligncenter\" src=\"https:\/\/canariasenpositivo.com\/wp-content\/uploads\/2024\/12\/6.-ORIGINAL-PAPA-NOEL.jpg\" alt=\"\" width=\"804\" height=\"676\" \/><\/p>\n<p style=\"text-align: center\"><em>El original Pap\u00e1 No\u00ebl al que se le encend\u00edan los ojos al recibir un donativo.<\/em><\/p>\n<p>&nbsp;<\/p>\n<p><span style=\"color: #0000ff\"><strong>UNA METEDURA DE PATA<\/strong><\/span><strong><span style=\"color: #0000ff\"> FELIZMENTE CORREGIDA<\/span> <\/strong><\/p>\n<ul>\n<li>Este a\u00f1o, la historia comenz\u00f3 de la misma manera. El <strong>Pap\u00e1 No\u00ebl<\/strong> fue puesto bajo el \u00e1rbol y el Bel\u00e9n volvi\u00f3 a brillar por su ausencia. Dijeron que porque no cab\u00edan las dos representaciones en aquel espacio. La pol\u00e9mica no se hizo esperar y mucha gente y colectivos laguneros comenzaron a pedir al Ayuntamiento que la concejal\u00eda responsable de ello corrigiera la, sin duda alguna, metedura de pata. Ven\u00eda a ser la concejal\u00eda de Fiestas, que regenta el concejal <strong>Dailos Gonz\u00e1lez Ferrera <\/strong>(PSOE). La metedura de pata fue a m\u00e1s cuando, alguna persona \u201cfalta de ignorancia\u201d (y sin saberlo <strong>Dailos<\/strong>, me consta) plant\u00f3 la representaci\u00f3n del Bel\u00e9n detr\u00e1s del \u00e1rbol, a espaldas de la figura del <strong>Pap\u00e1 No\u00ebl<\/strong> y dando a la calle trasera. La figura pagana daba hacia la calle principal, mientras que el s\u00edmbolo hist\u00f3rico y cultural de nuestra Navidad, daba para la calle trasera. Por si fuera poco, y aunque dijeron que no hab\u00eda espacio, junto a la figura de <strong>Pap\u00e1 No\u00ebl<\/strong>, se puso un puesto de ventas de papas asadas. El cabreo fue may\u00fasculo y (tambi\u00e9n me consta) m\u00e1s de un partido pol\u00edtico mostr\u00f3 su disconformidad con el hecho. Debo reconocer que, unos de los concejales m\u00e1s activos en solicitar que se arreglara la cosa fueron <strong>Fran Hern\u00e1ndez<\/strong> y su compa\u00f1era <strong>Estefan\u00eda D\u00edaz<\/strong> (ambos de CC), as\u00ed como <strong>Juan Antonio Molina<\/strong> y <strong>Eva C\u00f3logan<\/strong> (ambos del PP). Gracias a los cuatro por ello. El cabreo lleg\u00f3 hasta <strong>Dailos<\/strong>.<\/li>\n<\/ul>\n<p><img loading=\"lazy\" decoding=\"async\" class=\"size-large wp-image-8756 aligncenter\" src=\"https:\/\/canariasenpositivo.com\/wp-content\/uploads\/2024\/12\/6.-PAPA-NOEL-Y-LA-PAPONA-1024x768.jpeg\" alt=\"\" width=\"660\" height=\"495\" \/><\/p>\n<p style=\"text-align: center\"><em>El Pap\u00e1 No\u00ebl con el puesto de papas para adelante y el Bel\u00e9n postergado para atr\u00e1s<\/em><\/p>\n<p>&nbsp;<\/p>\n<p><span style=\"color: #0000ff\"><strong>DAILOS CORRIGI\u00d3 EL TEMA\u2026RECTIFICAR ES DE SABIOS<\/strong><\/span><\/p>\n<ul>\n<li>Y, como no me duelen prendas, digo que quien al parecer no estaba al tanto del caso, <strong>Dailos Gonz\u00e1lez Ferrera<\/strong>, cogi\u00f3 <em>\u201cel toro por los cuernos\u201d<\/em> y, con la inestimable ayuda de <strong>Manuel De La Rosa<\/strong> (con todo afecto y respeto <strong>Manolo <em>\u201cPatapalo\u201d,<\/em><\/strong> para los amigos) se movi\u00f3 todo en 24 horas y se coloc\u00f3 como desde el principio deb\u00eda haberse dispuesto sin problema. La representaci\u00f3n del <em>\u201cMisterio de Bel\u00e9n con el <strong>Ni\u00f1o Jes\u00fas<\/strong>\u201d<\/em> junto a la representaci\u00f3n de <strong>Pap\u00e1 No\u00ebl<\/strong>, ambos dando hacia la principal calle de La Carrera, y el puesto de papas asadas, sin problema alguno, a su espalda, dando hacia la calle trasera. Alguna persona me dir\u00e1 que, con la que est\u00e1 cayendo, porqu\u00e9 nos fijamos (porqu\u00e9 me fijo) en estos detalles. Y la respuesta es bien sencilla. Si en estos complicados momentos no cuidamos nuestros principios, nuestros valores, nuestra historia, nuestras tradiciones, nuestra cultura, nuestra idiosincrasia\u2026, creo que nos espera un futuro bastante triste y oscuro. Yo respeto a todo el mundo. Hasta felicito a los hind\u00faes en su A\u00f1o Nuevo o Diwali, como respeto y saludo a los musulmanes en el Ramad\u00e1n. Y cuando he ido a la tierra de ambos, he actuado conforme a sus tradiciones, ritos y normas (me he descalzado al entrar en una mezquita, por ejemplo). Pero, en nuestra tierra, no puedo por menos que solicitar y esperar que ellos respeten nuestras normas. \u00a1Gracias a <strong>Dailos Gonz\u00e1lez<\/strong>! Porque, sin lugar a dudas, rectificar es de sabios.<\/li>\n<\/ul>\n<p><img loading=\"lazy\" decoding=\"async\" class=\"size-large wp-image-8757 aligncenter\" src=\"https:\/\/canariasenpositivo.com\/wp-content\/uploads\/2024\/12\/7.-PAPA-NOEL-Y-EL-BELEN-1024x768.jpeg\" alt=\"\" width=\"660\" height=\"495\" \/><\/p>\n<p style=\"text-align: center\"><em>Ambas representaciones dando hacia adelante, a la calle principal. Lo justo.\u00a0<\/em><\/p>\n<p><img loading=\"lazy\" decoding=\"async\" class=\"size-large wp-image-8758 aligncenter\" src=\"https:\/\/canariasenpositivo.com\/wp-content\/uploads\/2024\/12\/IMG_1513-1024x768.jpeg\" alt=\"\" width=\"660\" height=\"495\" \/><\/p>\n<p style=\"text-align: center\"><em> Luciendo de maravilla, tanto de d\u00eda como de noche. Vean las dos im\u00e1genes.<\/em><\/p>\n<p>&nbsp;<\/p>\n<p><span style=\"color: #0000ff\"><strong>PARA EL GRAN FRAN <em>\u201cEL MARGARITO\u201d<\/em> \u2026 <em>IN MEMORIAM<\/em><\/strong><\/span><\/p>\n<ul>\n<li>Remato <strong><em>El Cotarro<\/em><\/strong> de hoy con una tristeza en el alma. Con tan solo 56 a\u00f1os de edad, se nos ha ido para siempre <strong>Francisco Andr\u00e9s Gonz\u00e1lez Fern\u00e1ndez<\/strong>. Dicho as\u00ed, sin m\u00e1s, puede que muchas personas no sepan quien era <strong>Francisco Andr\u00e9s<\/strong>, pero, si les digo que les estoy hablando de <strong>Fran <em>\u201cEl Margarito\u201d<\/em><\/strong>, mucha, pero que mucha buena gente llorar\u00e1 conmigo por su prematura partida. No se puede resumir en unas pocas l\u00edneas lo que era y representaba el \u00fanico e irrepetible <strong>Fran <em>\u201cEl Margarito\u201d<\/em><\/strong>, quien, tras ganar la oportuna oposici\u00f3n, trabaj\u00f3 profesionalmente como funcionario de carrera del Gobierno de Trabajo. Pero m\u00e1s all\u00e1 y por encima de su vida profesional, <strong>Fran <em>\u201cEl Margarito\u201d<\/em><\/strong> lo dio todo para alegrar, animar y hacer re\u00edr a su familia y a todas las personas que, como yo, tuvieron la oportunidad, el privilegio y el honor de conocerle y compartir ratos de vida. Miembro destacado de mi querida y decana Tuna de Medicina de La Laguna, <strong>Fran <em>\u201cEl Margarito\u201d<\/em><\/strong> llev\u00f3 el Carnaval en su sangre. Fue director de la murga Trasnochados (1992), puntal de la murga Singuangos, fundador de Son 21, incondicional de \u201cLa Canci\u00f3n de la Risa\u201d con Los Hijos de Buda y con Los Leg\u00edas, director de la habanera Esencia Guajira y director musical de la Ni F\u00fa-Ni F\u00e1. Todo esto y mucho m\u00e1s, siempre con la alegr\u00eda en el cuerpo y la sonrisa en la boca.<\/li>\n<\/ul>\n<p><em> <img loading=\"lazy\" decoding=\"async\" class=\"size-large wp-image-8759 aligncenter\" src=\"https:\/\/canariasenpositivo.com\/wp-content\/uploads\/2024\/12\/8.-FRAN-EL-MARGARITO-1024x540.jpg\" alt=\"\" width=\"660\" height=\"348\" \/><\/em><\/p>\n<p style=\"text-align: center\"><em>Francisco Andr\u00e9s Gonz\u00e1lez Fern\u00e1ndez. Para todos, con cari\u00f1o, Fran \u201cEl Margarito\u201d<\/em><\/p>\n<p><em>\u00a0<\/em><\/p>\n<p><span style=\"color: #0000ff\"><strong>EL MUNDO DEBER\u00cdA TENER MILES DE<em> \u201cMARGARITOS\u201d<\/em><\/strong><\/span><\/p>\n<ul>\n<li>Por si todo esto fuera poco, sepan que <strong>Fran <em>\u201cEl Margarito\u201d<\/em><\/strong> fue en un tiempo jugador y \u00e1rbitro de baloncesto, y hasta tuvo tiempo para disfrutar haciendo radio, colaborando en Radio Marca y en Onda Cero\u2026 Todo eso y muchas m\u00e1s cosas hizo <strong>Fran <em>\u201cEl Margarito\u201d<\/em><\/strong> en su intensa y fruct\u00edfera, aunque demasiado corta vida. Busquen en internet y en las redes y vean los entra\u00f1ables escritos que ya se han publicado en su memoria. Quiz\u00e1 (o sin quiz\u00e1) <strong>Fran<\/strong> ha sido una de las personas m\u00e1s optimistas, positivas y risue\u00f1as que me he tropezado en toda mi vida. Si todos los pol\u00edticos que nos gobiernan, desde la izquierda a la derecha, se plantearan su trabajo de servicio a la sociedad como lo hizo <strong>Fran<\/strong>, siempre desde la generosidad y el positivismo, estoy convencido que la Pol\u00edtica (con may\u00fascula) estar\u00eda mucho m\u00e1s y mejor considerada. Pero, como dije al principio <strong>Fran<\/strong> ha sido \u00fanico e irrepetible. Como decimos en los scouts, <strong>Fran <em>\u201cEl Margarito\u201d<\/em><\/strong> descansa ya junto a <strong>Padre Dios<\/strong> en <em>\u201cel gran campamento eterno\u201d<\/em> que, con toda seguridad, a partir de ahora, ser\u00e1 mucho m\u00e1s alegre y divertido. Mis condolencias y total afecto a su esposa, <strong>Nieves<\/strong> y a sus hijos, <strong>Andr\u00e9s<\/strong> y <strong>David<\/strong>. Qu\u00e9dense con el orgullo de saber que este complicado mundo que nos ha tocado vivir, necesitar\u00eda miles de <strong><em>\u201cMargaritos\u201d <\/em><\/strong>Si los tuvi\u00e9ramos, sin duda alguna que otro gallo nos cantar\u00eda<em>. <\/em>Descansa en paz, amigo.<\/li>\n<\/ul>\n<p><em> <img loading=\"lazy\" decoding=\"async\" class=\"size-large wp-image-8760 aligncenter\" src=\"https:\/\/canariasenpositivo.com\/wp-content\/uploads\/2024\/12\/9.-FRAN-EL-MARGARITO-2-1024x657.jpg\" alt=\"\" width=\"660\" height=\"423\" \/><\/em><\/p>\n<p style=\"text-align: center\"><em>Fran \u201cEl Margarito\u201d dirigiendo musicalmente a nuestra Afilarm\u00f3nica Ni F\u00fa-Ni F\u00e1<\/em><\/p>\n<p>&nbsp;<\/p>\n<p><span style=\"color: #0000ff\"><strong>* Jos\u00e9 Carlos MARRERO GONZ\u00c1LEZ<\/strong><\/span><\/p>\n<p>Periodista y analista de la actualidad.<\/p>\n<p>Director de <strong><em>El Cotarro<\/em><\/strong> (www.elcotarro.com)<\/p>\n<p>Director de <strong><em>Canarias en Positivo<\/em><\/strong> (www.canariasenpositivo.com)<\/p>\n<p>Director de <strong><em>GastroCanarias<\/em><\/strong> (www.gastrocanarias.com)<\/p>\n<p>&nbsp;<\/p>\n<p>Islas Canarias, 22 de diciembre de 2024<\/p>\n<p><img loading=\"lazy\" decoding=\"async\" class=\"size-full wp-image-7956 aligncenter\" src=\"https:\/\/canariasenpositivo.com\/wp-content\/uploads\/2024\/06\/A-CARECA-INSULA.jpg\" alt=\"\" width=\"750\" height=\"153\" \/><\/p>\n","protected":false},"excerpt":{"rendered":"<p>N\u00ba537 DEL 22 DE DICIEMBRE DE 2024 &nbsp; Por Jos\u00e9 Carlos Marrero * \u00a0 DE NUESTRO \u2018REF\u2019 A LA REAL FEDERACI\u00d3N DE F\u00daTBOL Hace unos cuantos a\u00f1os (tampoco muchos) hice en la radio una encuesta callejera preguntando a la ciudadan\u00eda si sab\u00edan lo que significaban las siglas REF. La mayor\u00eda de las personas encuestadas no &#8230; <a class=\"read-more\" href=\"https:\/\/elcotarro.com\/?p=10970\">Read more<\/a><\/p>\n","protected":false},"author":2,"featured_media":0,"comment_status":"open","ping_status":"open","sticky":false,"template":"","format":"standard","meta":{"_jetpack_memberships_contains_paid_content":false,"footnotes":""},"categories":[4],"tags":[],"class_list":["post-10970","post","type-post","status-publish","format-standard","hentry","category-el-cotarro"],"yoast_head":"<!-- This site is optimized with the Yoast SEO plugin v27.0 - https:\/\/yoast.com\/product\/yoast-seo-wordpress\/ -->\n<title>EL COTARRO \/ 537, DEL DOMINGO, 22\/12\/2024 - El Cotarro<\/title>\n<meta name=\"robots\" content=\"index, follow, max-snippet:-1, max-image-preview:large, max-video-preview:-1\" \/>\n<link rel=\"canonical\" href=\"https:\/\/elcotarro.com\/?p=10970\" \/>\n<meta property=\"og:locale\" content=\"es_ES\" \/>\n<meta property=\"og:type\" content=\"article\" \/>\n<meta property=\"og:title\" content=\"EL COTARRO \/ 537, DEL DOMINGO, 22\/12\/2024 - El Cotarro\" \/>\n<meta property=\"og:description\" content=\"N\u00ba537 DEL 22 DE DICIEMBRE DE 2024 &nbsp; Por Jos\u00e9 Carlos Marrero * \u00a0 DE NUESTRO \u2018REF\u2019 A LA REAL FEDERACI\u00d3N DE F\u00daTBOL Hace unos cuantos a\u00f1os (tampoco muchos) hice en la radio una encuesta callejera preguntando a la ciudadan\u00eda si sab\u00edan lo que significaban las siglas REF. La mayor\u00eda de las personas encuestadas no ... Read more\" \/>\n<meta property=\"og:url\" content=\"https:\/\/elcotarro.com\/?p=10970\" \/>\n<meta property=\"og:site_name\" content=\"El Cotarro\" \/>\n<meta property=\"article:publisher\" content=\"https:\/\/www.facebook.com\/ElCotarro.Tenerife\" \/>\n<meta property=\"article:published_time\" content=\"2024-12-22T00:54:13+00:00\" \/>\n<meta property=\"article:modified_time\" content=\"2024-12-22T00:59:25+00:00\" \/>\n<meta property=\"og:image\" content=\"https:\/\/canariasenpositivo.com\/wp-content\/uploads\/2024\/10\/Cabecera_El_Cotarro_v2-1024x128.jpg\" \/>\n<meta name=\"author\" content=\"Jos\u00e9 Carlos Marrero Gonz\u00e1lez\" \/>\n<meta name=\"twitter:label1\" content=\"Escrito por\" \/>\n\t<meta name=\"twitter:data1\" content=\"Jos\u00e9 Carlos Marrero Gonz\u00e1lez\" \/>\n\t<meta name=\"twitter:label2\" content=\"Tiempo de lectura\" \/>\n\t<meta name=\"twitter:data2\" content=\"15 minutos\" \/>\n<script type=\"application\/ld+json\" class=\"yoast-schema-graph\">{\"@context\":\"https:\/\/schema.org\",\"@graph\":[{\"@type\":\"Article\",\"@id\":\"https:\/\/elcotarro.com\/?p=10970#article\",\"isPartOf\":{\"@id\":\"https:\/\/elcotarro.com\/?p=10970\"},\"author\":{\"name\":\"Jos\u00e9 Carlos Marrero Gonz\u00e1lez\",\"@id\":\"https:\/\/elcotarro.com\/#\/schema\/person\/af537ee7d60d15984c7e0affcd8a918b\"},\"headline\":\"EL COTARRO \/ 537, DEL DOMINGO, 22\/12\/2024\",\"datePublished\":\"2024-12-22T00:54:13+00:00\",\"dateModified\":\"2024-12-22T00:59:25+00:00\",\"mainEntityOfPage\":{\"@id\":\"https:\/\/elcotarro.com\/?p=10970\"},\"wordCount\":2761,\"commentCount\":0,\"publisher\":{\"@id\":\"https:\/\/elcotarro.com\/#organization\"},\"image\":{\"@id\":\"https:\/\/elcotarro.com\/?p=10970#primaryimage\"},\"thumbnailUrl\":\"https:\/\/canariasenpositivo.com\/wp-content\/uploads\/2024\/10\/Cabecera_El_Cotarro_v2-1024x128.jpg\",\"articleSection\":[\"El Cotarro\"],\"inLanguage\":\"es\",\"potentialAction\":[{\"@type\":\"CommentAction\",\"name\":\"Comment\",\"target\":[\"https:\/\/elcotarro.com\/?p=10970#respond\"]}]},{\"@type\":\"WebPage\",\"@id\":\"https:\/\/elcotarro.com\/?p=10970\",\"url\":\"https:\/\/elcotarro.com\/?p=10970\",\"name\":\"EL COTARRO \/ 537, DEL DOMINGO, 22\/12\/2024 - El Cotarro\",\"isPartOf\":{\"@id\":\"https:\/\/elcotarro.com\/#website\"},\"primaryImageOfPage\":{\"@id\":\"https:\/\/elcotarro.com\/?p=10970#primaryimage\"},\"image\":{\"@id\":\"https:\/\/elcotarro.com\/?p=10970#primaryimage\"},\"thumbnailUrl\":\"https:\/\/canariasenpositivo.com\/wp-content\/uploads\/2024\/10\/Cabecera_El_Cotarro_v2-1024x128.jpg\",\"datePublished\":\"2024-12-22T00:54:13+00:00\",\"dateModified\":\"2024-12-22T00:59:25+00:00\",\"breadcrumb\":{\"@id\":\"https:\/\/elcotarro.com\/?p=10970#breadcrumb\"},\"inLanguage\":\"es\",\"potentialAction\":[{\"@type\":\"ReadAction\",\"target\":[\"https:\/\/elcotarro.com\/?p=10970\"]}]},{\"@type\":\"ImageObject\",\"inLanguage\":\"es\",\"@id\":\"https:\/\/elcotarro.com\/?p=10970#primaryimage\",\"url\":\"https:\/\/canariasenpositivo.com\/wp-content\/uploads\/2024\/10\/Cabecera_El_Cotarro_v2-1024x128.jpg\",\"contentUrl\":\"https:\/\/canariasenpositivo.com\/wp-content\/uploads\/2024\/10\/Cabecera_El_Cotarro_v2-1024x128.jpg\"},{\"@type\":\"BreadcrumbList\",\"@id\":\"https:\/\/elcotarro.com\/?p=10970#breadcrumb\",\"itemListElement\":[{\"@type\":\"ListItem\",\"position\":1,\"name\":\"Portada\",\"item\":\"https:\/\/elcotarro.com\/\"},{\"@type\":\"ListItem\",\"position\":2,\"name\":\"EL COTARRO \/ 537, DEL DOMINGO, 22\/12\/2024\"}]},{\"@type\":\"WebSite\",\"@id\":\"https:\/\/elcotarro.com\/#website\",\"url\":\"https:\/\/elcotarro.com\/\",\"name\":\"El Cotarro\",\"description\":\"Peri\u00f3dico Digital Independiente dirigido por Jos\u00e9 Carlos Marrero\",\"publisher\":{\"@id\":\"https:\/\/elcotarro.com\/#organization\"},\"potentialAction\":[{\"@type\":\"SearchAction\",\"target\":{\"@type\":\"EntryPoint\",\"urlTemplate\":\"https:\/\/elcotarro.com\/?s={search_term_string}\"},\"query-input\":{\"@type\":\"PropertyValueSpecification\",\"valueRequired\":true,\"valueName\":\"search_term_string\"}}],\"inLanguage\":\"es\"},{\"@type\":\"Organization\",\"@id\":\"https:\/\/elcotarro.com\/#organization\",\"name\":\"El Cotarro\",\"url\":\"https:\/\/elcotarro.com\/\",\"logo\":{\"@type\":\"ImageObject\",\"inLanguage\":\"es\",\"@id\":\"https:\/\/elcotarro.com\/#\/schema\/logo\/image\/\",\"url\":\"https:\/\/elcotarro.com\/wp-content\/uploads\/2014\/09\/Cabecera_El_Cotarro_v2.jpg\",\"contentUrl\":\"https:\/\/elcotarro.com\/wp-content\/uploads\/2014\/09\/Cabecera_El_Cotarro_v2.jpg\",\"width\":3540,\"height\":441,\"caption\":\"El Cotarro\"},\"image\":{\"@id\":\"https:\/\/elcotarro.com\/#\/schema\/logo\/image\/\"},\"sameAs\":[\"https:\/\/www.facebook.com\/ElCotarro.Tenerife\"]},{\"@type\":\"Person\",\"@id\":\"https:\/\/elcotarro.com\/#\/schema\/person\/af537ee7d60d15984c7e0affcd8a918b\",\"name\":\"Jos\u00e9 Carlos Marrero Gonz\u00e1lez\",\"image\":{\"@type\":\"ImageObject\",\"inLanguage\":\"es\",\"@id\":\"https:\/\/elcotarro.com\/#\/schema\/person\/image\/\",\"url\":\"https:\/\/secure.gravatar.com\/avatar\/def4da036efb5d32c74d49c351f6dccc064dd69ad9f3aadc295c5a9a5391ca01?s=96&d=mm&r=g\",\"contentUrl\":\"https:\/\/secure.gravatar.com\/avatar\/def4da036efb5d32c74d49c351f6dccc064dd69ad9f3aadc295c5a9a5391ca01?s=96&d=mm&r=g\",\"caption\":\"Jos\u00e9 Carlos Marrero Gonz\u00e1lez\"},\"sameAs\":[\"https:\/\/elcotarro.com\"],\"url\":\"https:\/\/elcotarro.com\/?author=2\"}]}<\/script>\n<!-- \/ Yoast SEO plugin. -->","yoast_head_json":{"title":"EL COTARRO \/ 537, DEL DOMINGO, 22\/12\/2024 - El Cotarro","robots":{"index":"index","follow":"follow","max-snippet":"max-snippet:-1","max-image-preview":"max-image-preview:large","max-video-preview":"max-video-preview:-1"},"canonical":"https:\/\/elcotarro.com\/?p=10970","og_locale":"es_ES","og_type":"article","og_title":"EL COTARRO \/ 537, DEL DOMINGO, 22\/12\/2024 - El Cotarro","og_description":"N\u00ba537 DEL 22 DE DICIEMBRE DE 2024 &nbsp; Por Jos\u00e9 Carlos Marrero * \u00a0 DE NUESTRO \u2018REF\u2019 A LA REAL FEDERACI\u00d3N DE F\u00daTBOL Hace unos cuantos a\u00f1os (tampoco muchos) hice en la radio una encuesta callejera preguntando a la ciudadan\u00eda si sab\u00edan lo que significaban las siglas REF. La mayor\u00eda de las personas encuestadas no ... Read more","og_url":"https:\/\/elcotarro.com\/?p=10970","og_site_name":"El Cotarro","article_publisher":"https:\/\/www.facebook.com\/ElCotarro.Tenerife","article_published_time":"2024-12-22T00:54:13+00:00","article_modified_time":"2024-12-22T00:59:25+00:00","og_image":[{"url":"https:\/\/canariasenpositivo.com\/wp-content\/uploads\/2024\/10\/Cabecera_El_Cotarro_v2-1024x128.jpg","type":"","width":"","height":""}],"author":"Jos\u00e9 Carlos Marrero Gonz\u00e1lez","twitter_misc":{"Escrito por":"Jos\u00e9 Carlos Marrero Gonz\u00e1lez","Tiempo de lectura":"15 minutos"},"schema":{"@context":"https:\/\/schema.org","@graph":[{"@type":"Article","@id":"https:\/\/elcotarro.com\/?p=10970#article","isPartOf":{"@id":"https:\/\/elcotarro.com\/?p=10970"},"author":{"name":"Jos\u00e9 Carlos Marrero Gonz\u00e1lez","@id":"https:\/\/elcotarro.com\/#\/schema\/person\/af537ee7d60d15984c7e0affcd8a918b"},"headline":"EL COTARRO \/ 537, DEL DOMINGO, 22\/12\/2024","datePublished":"2024-12-22T00:54:13+00:00","dateModified":"2024-12-22T00:59:25+00:00","mainEntityOfPage":{"@id":"https:\/\/elcotarro.com\/?p=10970"},"wordCount":2761,"commentCount":0,"publisher":{"@id":"https:\/\/elcotarro.com\/#organization"},"image":{"@id":"https:\/\/elcotarro.com\/?p=10970#primaryimage"},"thumbnailUrl":"https:\/\/canariasenpositivo.com\/wp-content\/uploads\/2024\/10\/Cabecera_El_Cotarro_v2-1024x128.jpg","articleSection":["El Cotarro"],"inLanguage":"es","potentialAction":[{"@type":"CommentAction","name":"Comment","target":["https:\/\/elcotarro.com\/?p=10970#respond"]}]},{"@type":"WebPage","@id":"https:\/\/elcotarro.com\/?p=10970","url":"https:\/\/elcotarro.com\/?p=10970","name":"EL COTARRO \/ 537, DEL DOMINGO, 22\/12\/2024 - El Cotarro","isPartOf":{"@id":"https:\/\/elcotarro.com\/#website"},"primaryImageOfPage":{"@id":"https:\/\/elcotarro.com\/?p=10970#primaryimage"},"image":{"@id":"https:\/\/elcotarro.com\/?p=10970#primaryimage"},"thumbnailUrl":"https:\/\/canariasenpositivo.com\/wp-content\/uploads\/2024\/10\/Cabecera_El_Cotarro_v2-1024x128.jpg","datePublished":"2024-12-22T00:54:13+00:00","dateModified":"2024-12-22T00:59:25+00:00","breadcrumb":{"@id":"https:\/\/elcotarro.com\/?p=10970#breadcrumb"},"inLanguage":"es","potentialAction":[{"@type":"ReadAction","target":["https:\/\/elcotarro.com\/?p=10970"]}]},{"@type":"ImageObject","inLanguage":"es","@id":"https:\/\/elcotarro.com\/?p=10970#primaryimage","url":"https:\/\/canariasenpositivo.com\/wp-content\/uploads\/2024\/10\/Cabecera_El_Cotarro_v2-1024x128.jpg","contentUrl":"https:\/\/canariasenpositivo.com\/wp-content\/uploads\/2024\/10\/Cabecera_El_Cotarro_v2-1024x128.jpg"},{"@type":"BreadcrumbList","@id":"https:\/\/elcotarro.com\/?p=10970#breadcrumb","itemListElement":[{"@type":"ListItem","position":1,"name":"Portada","item":"https:\/\/elcotarro.com\/"},{"@type":"ListItem","position":2,"name":"EL COTARRO \/ 537, DEL DOMINGO, 22\/12\/2024"}]},{"@type":"WebSite","@id":"https:\/\/elcotarro.com\/#website","url":"https:\/\/elcotarro.com\/","name":"El Cotarro","description":"Peri\u00f3dico Digital Independiente dirigido por Jos\u00e9 Carlos Marrero","publisher":{"@id":"https:\/\/elcotarro.com\/#organization"},"potentialAction":[{"@type":"SearchAction","target":{"@type":"EntryPoint","urlTemplate":"https:\/\/elcotarro.com\/?s={search_term_string}"},"query-input":{"@type":"PropertyValueSpecification","valueRequired":true,"valueName":"search_term_string"}}],"inLanguage":"es"},{"@type":"Organization","@id":"https:\/\/elcotarro.com\/#organization","name":"El Cotarro","url":"https:\/\/elcotarro.com\/","logo":{"@type":"ImageObject","inLanguage":"es","@id":"https:\/\/elcotarro.com\/#\/schema\/logo\/image\/","url":"https:\/\/elcotarro.com\/wp-content\/uploads\/2014\/09\/Cabecera_El_Cotarro_v2.jpg","contentUrl":"https:\/\/elcotarro.com\/wp-content\/uploads\/2014\/09\/Cabecera_El_Cotarro_v2.jpg","width":3540,"height":441,"caption":"El Cotarro"},"image":{"@id":"https:\/\/elcotarro.com\/#\/schema\/logo\/image\/"},"sameAs":["https:\/\/www.facebook.com\/ElCotarro.Tenerife"]},{"@type":"Person","@id":"https:\/\/elcotarro.com\/#\/schema\/person\/af537ee7d60d15984c7e0affcd8a918b","name":"Jos\u00e9 Carlos Marrero Gonz\u00e1lez","image":{"@type":"ImageObject","inLanguage":"es","@id":"https:\/\/elcotarro.com\/#\/schema\/person\/image\/","url":"https:\/\/secure.gravatar.com\/avatar\/def4da036efb5d32c74d49c351f6dccc064dd69ad9f3aadc295c5a9a5391ca01?s=96&d=mm&r=g","contentUrl":"https:\/\/secure.gravatar.com\/avatar\/def4da036efb5d32c74d49c351f6dccc064dd69ad9f3aadc295c5a9a5391ca01?s=96&d=mm&r=g","caption":"Jos\u00e9 Carlos Marrero Gonz\u00e1lez"},"sameAs":["https:\/\/elcotarro.com"],"url":"https:\/\/elcotarro.com\/?author=2"}]}},"jetpack_featured_media_url":"","jetpack_sharing_enabled":true,"_links":{"self":[{"href":"https:\/\/elcotarro.com\/index.php?rest_route=\/wp\/v2\/posts\/10970","targetHints":{"allow":["GET"]}}],"collection":[{"href":"https:\/\/elcotarro.com\/index.php?rest_route=\/wp\/v2\/posts"}],"about":[{"href":"https:\/\/elcotarro.com\/index.php?rest_route=\/wp\/v2\/types\/post"}],"author":[{"embeddable":true,"href":"https:\/\/elcotarro.com\/index.php?rest_route=\/wp\/v2\/users\/2"}],"replies":[{"embeddable":true,"href":"https:\/\/elcotarro.com\/index.php?rest_route=%2Fwp%2Fv2%2Fcomments&post=10970"}],"version-history":[{"count":5,"href":"https:\/\/elcotarro.com\/index.php?rest_route=\/wp\/v2\/posts\/10970\/revisions"}],"predecessor-version":[{"id":10975,"href":"https:\/\/elcotarro.com\/index.php?rest_route=\/wp\/v2\/posts\/10970\/revisions\/10975"}],"wp:attachment":[{"href":"https:\/\/elcotarro.com\/index.php?rest_route=%2Fwp%2Fv2%2Fmedia&parent=10970"}],"wp:term":[{"taxonomy":"category","embeddable":true,"href":"https:\/\/elcotarro.com\/index.php?rest_route=%2Fwp%2Fv2%2Fcategories&post=10970"},{"taxonomy":"post_tag","embeddable":true,"href":"https:\/\/elcotarro.com\/index.php?rest_route=%2Fwp%2Fv2%2Ftags&post=10970"}],"curies":[{"name":"wp","href":"https:\/\/api.w.org\/{rel}","templated":true}]}}