{"id":10977,"date":"2024-12-29T00:03:55","date_gmt":"2024-12-29T00:03:55","guid":{"rendered":"https:\/\/elcotarro.com\/?p=10977"},"modified":"2025-01-08T10:09:14","modified_gmt":"2025-01-08T10:09:14","slug":"10977","status":"publish","type":"post","link":"https:\/\/elcotarro.com\/?p=10977","title":{"rendered":"EL COTARRO \/ 538, DEL DOMINGO, 29\/12\/2024"},"content":{"rendered":"<p><img loading=\"lazy\" decoding=\"async\" class=\"size-large wp-image-8485 aligncenter\" src=\"https:\/\/canariasenpositivo.com\/wp-content\/uploads\/2024\/10\/Cabecera_El_Cotarro_v2-1024x128.jpg\" alt=\"\" width=\"660\" height=\"83\" \/><\/p>\n<p style=\"text-align: center\"><strong><span style=\"color: #ff0000\">N\u00ba538 DEL 29 DE DICIEMBRE DE 2024<\/span><\/strong><\/p>\n<p>&nbsp;<\/p>\n<p>&nbsp;<\/p>\n<p><span style=\"color: #0000ff\"><em>Por <strong>Jos\u00e9 Carlos Marrero *<\/strong><\/em><\/span><\/p>\n<p><strong>\u00a0<\/strong><\/p>\n<p>&nbsp;<\/p>\n<p><span style=\"color: #0000ff\"><strong>ADI\u00d3S A UN CATASTR\u00d3FICO Y CONVULSO A\u00d1O 2024<\/strong><\/span><\/p>\n<ul>\n<li>Se acaba un catastr\u00f3fico, convulso, problem\u00e1tico y, para m\u00ed, triste a\u00f1o 2024. Solo faltan dos d\u00edas para que acabe y, en su despedida, comienzo la \u00faltima edici\u00f3n de <strong><em>El Cotarro<\/em><\/strong> de este a\u00f1o haciendo votos para que el pr\u00f3ximo A\u00f1o Nuevo 2025 (y dos piedras) podamos cambiar a mejor. Aunque, a decir verdad, creo que, triste y lamentablemente, no nos caer\u00e1 esa breva. El escritor y periodista brit\u00e1nico <strong>GK Chesterton<\/strong> (1874-1936) afirmaba que <em>\u00abel objetivo de un nuevo a\u00f1o no es que deber\u00edamos tener un nuevo a\u00f1o, sino que deber\u00edamos tener una nueva alma\u00bb<\/em>. Por su parte, el tambi\u00e9n escritor y periodista colombiano <strong>Gabriel Garc\u00eda M\u00e1rquez<\/strong> (1927-2014) recordaba cada A\u00f1o Nuevo que \u201c<em>la vida no es sino una continua sucesi\u00f3n de oportunidades para sobrevivir. <\/em>Son sentencias que hacen reflexionar en estas fechas. Aunque yo me quedo con la famosa tira del genial historietista y humorista gr\u00e1fico argentino <strong>Joaqu\u00edn Salvador Lavado Tej\u00f3n<\/strong> (1932-2020) popularmente conocido por <strong>Quino<\/strong>, en la que su personaje principal, <strong>Mafalda<\/strong>, junto con todos sus amiguitos, nos preguntan: <em>\u201c\u00bfy por qu\u00e9 en este a\u00f1o que viene no iniciamos de una buena vez la tan postergada construcci\u00f3n de un mundo mejor, eh?\u201d<\/em> Reflexionemos y, como se dec\u00eda antes, comencemos el A\u00f1o Nuevo con prop\u00f3sitos de enmienda.<em><br \/>\n<\/em><\/li>\n<\/ul>\n<p><img loading=\"lazy\" decoding=\"async\" class=\"size-full wp-image-8799 aligncenter\" src=\"https:\/\/canariasenpositivo.com\/wp-content\/uploads\/2024\/12\/1.-MAFALDA.jpg\" alt=\"\" width=\"296\" height=\"170\" \/><\/p>\n<p style=\"text-align: center\"><em>La popular tira del gran Quino, en la que Mafalda nos pregunta y hace reflexionar.<\/em><\/p>\n<p>&nbsp;<\/p>\n<p><span style=\"color: #0000ff\"><strong>UN A\u00d1O QUE NOS DEJA M\u00c1S DESAFECCI\u00d3N POL\u00cdTICA<\/strong><\/span><\/p>\n<ul>\n<li>Con una triste cat\u00e1strofe natural como fue la dana que afecto a Valencia y alrededores, nos costar\u00e1 mucho olvidar, y una crisis humanitaria por la inmigraci\u00f3n que nos desborda, este 2024 que se va de forma agridulce. Sin duda alguna, tenemos que felicitarnos por el impresionante y dulce ejemplo de solidaridad que han dado los miles de personas voluntarias que han ido a las zonas afectadas. De igual modo el ejemplo de profesionalidad y servicio a la ciudadan\u00eda que han dado los bomberos junto con los cuerpos y fuerzas de seguridad del Estado y, si me lo permiten, m\u00e1s concretamente, nuestras Fuerzas Armadas con el Ej\u00e9rcito y la Unidad Militar de Emergencias (UME) de forma especialmente destacada. La parte agria, una vez m\u00e1s y tambi\u00e9n lamentablemente, la han dado nuestra clase pol\u00edtica (desde la extrema izquierda a la extrema derecha) que no han sabido estar a la altura de las circunstancias, ni en tiempo, ni en forma. Las disputas, piques, y pu\u00f1eteros enfrentamientos entre <strong>Pedro S\u00e1nchez<\/strong> (PSOE) y <strong>Alberto N\u00fa\u00f1ez Feij\u00f3o<\/strong> (PP) junto con el resto de formaciones, y desde ellos para abajo\u2026, entre todos est\u00e1n logrando que la desafecci\u00f3n de la ciudadan\u00eda por la Pol\u00edtica y los pol\u00edticos sea casi total. Creo que se salva Su Majestad <strong>El Rey Felipe VI<\/strong> y muy poquita gente m\u00e1s. Vergonzoso.<\/li>\n<\/ul>\n<p><em> <img loading=\"lazy\" decoding=\"async\" class=\"size-large wp-image-8800 aligncenter\" src=\"https:\/\/canariasenpositivo.com\/wp-content\/uploads\/2024\/12\/2.-CASA-REAL-1024x759.jpg\" alt=\"\" width=\"660\" height=\"489\" \/><\/em><\/p>\n<p style=\"text-align: center\"><em>Su Majestad El Rey Felipe VII durante su pasado y conciliador Mensaje de Navidad<\/em><\/p>\n<p>&nbsp;<\/p>\n<p><span style=\"color: #0000ff\"><strong>2024 NOS DEJA \u201cBODAS DE ORO\u201d Y \u201cRENACIMIENTOS\u201d<\/strong><\/span><\/p>\n<ul>\n<li>Pero tambi\u00e9n hay cosas \u201cdulces\u201d como la celebraci\u00f3n de los 200 a\u00f1os de la fundaci\u00f3n de la lagunera Farmacia Santos-Lecuona, que la convierten en la farmacia m\u00e1s antigua de Tenerife y Canarias. Hoy en d\u00eda, dos siglos despu\u00e9s, sigue funcionando en la Calle de La Carrera, regentada por la farmac\u00e9utica <strong>Raquel Lecuona M\u00e9ndez<\/strong>, acompa\u00f1ada por su hermano <strong>Guillermo<\/strong> y un gran equipo de profesionales. De igual modo, hemos celebrado las <em>\u201cBodas de Oro\u201d<\/em> del emblem\u00e1tico y prestigioso los 50 a\u00f1os del emblem\u00e1tico <em>Gran Hotel Bot\u00e1nico &amp; The Oriental Spa Garden <\/em>del Puerto de la Cruz, que lidera su actual propietario, el reconocido empresario <strong>Wolfgang Kiessling<\/strong>, alem\u00e1n de nacimiento y tinerfe\u00f1o y canario de adopci\u00f3n. Y, por otro lado, una joven, pero ya muy experimentada profesional de la podolog\u00eda, que ya lleva m\u00e1s de 15 a\u00f1os desarrollando un proyecto innovador, <strong>Marta P\u00e9rez Betancort<\/strong> comienza el A\u00f1o Nuevo con le renovaci\u00f3n de su consulta, convertida ahora en el CIP <strong>Marta P\u00e9rez<\/strong>, que viene a significar <em>\u201cCuidado Integral de Personas\u201d<\/em> una nueva forma de entender la atenci\u00f3n a sus pacientes. Frente a tanta \u201cfalta de ignorancia\u201d, mediocridad y mezquindad, me quedo con las noticias positivas que, gracias a Dios y a sus protagonistas, sigue dando nuestra tierra.<\/li>\n<\/ul>\n<p><em> <img loading=\"lazy\" decoding=\"async\" class=\"size-large wp-image-8801 aligncenter\" src=\"https:\/\/canariasenpositivo.com\/wp-content\/uploads\/2024\/12\/3.-SANTOS-LECUONA-1024x681.jpeg\" alt=\"\" width=\"660\" height=\"439\" \/><\/em><\/p>\n<p style=\"text-align: center\"><em>De izquierda a derecha: Raquel Lecuona M\u00e9ndez; su hermano, Guillermo; y la concejala de Turismo y Comercio de La Laguna, Estefan\u00eda D\u00edaz Arias.<\/em><\/p>\n<p>&nbsp;<\/p>\n<p><span style=\"color: #0000ff\">HOTEL BOT\u00c1NICO, 50 A\u00d1OS SIENDO UN REFERENTE<\/span><\/p>\n<ul>\n<li>El lujoso Hotel Bot\u00e1nico &amp; The Oriental Spa Garden, que forma parte de la compa\u00f1\u00eda Loro Parque, ha cumplido 50 a\u00f1os de excelencia en el sector del Turismo. Si no recuerdo mal, inicialmente el Bot\u00e1nico fue uno de los hoteles \u201cde bandera\u201d de la cadena Hoteles Agrupados, S.A. (HOTASA) empresa del desaparecido holding RUMASA, que lideraba el pol\u00e9mico <strong>Jos\u00e9 Mar\u00eda Ruiz Mateos. <\/strong>Luego explotado por la cadena Meli\u00e1, liderada por el gran empresario <strong>Gabriel Escarrer<\/strong>, recientemente fallecido. Recuerdo sus impresionantes galas de carnaval organizadas por la polifac\u00e9tica <strong>Cuca Garc\u00eda de Vinuesa<\/strong>, sus incre\u00edbles noches de bailoteo en la discoteca <em>\u201cEl Coto\u201d<\/em> que regentaba el presentador de televisi\u00f3n <strong>Jos\u00e9 Luis Fradejas<\/strong>. Recuerdo que hasta cant\u00e9 con la Tuna de Medicina de la Universidad de La Laguna en un homenaje que se le tribut\u00f3 al prestigioso ur\u00f3logo Dr. <strong>Antonio Puigvert<\/strong>., y tambi\u00e9n en otra ocasi\u00f3n, all\u00ed mismo, a la guap\u00edsima <strong>Alicia Navarro Cambronero<\/strong> (Miss Espa\u00f1a y Mis Europa 1935). Desde su inauguraci\u00f3n el 15 de noviembre de 1974, el Hotel Bot\u00e1nico ha sido tanto testigo como impulsor del crecimiento tur\u00edstico en la regi\u00f3n, distingui\u00e9ndose por su calidad y exclusividad y ha consolidado su reputaci\u00f3n como un referente en el sector hotelero de Canarias.<\/li>\n<\/ul>\n<p><img loading=\"lazy\" decoding=\"async\" class=\"size-full wp-image-8802 aligncenter\" src=\"https:\/\/canariasenpositivo.com\/wp-content\/uploads\/2024\/12\/4.-TUNA-CON-PIGVERT.jpg\" alt=\"\" width=\"771\" height=\"503\" \/><\/p>\n<p style=\"text-align: center\"><em>El Dr. Antonio Puigvert (en el centro, de smoking) rondado por los componentes de la decana Tuna de Medicina de la Universidad de La Laguna.<\/em><\/p>\n<p>&nbsp;<\/p>\n<p><span style=\"color: #0000ff\"><strong>UN HOTEL CON HISTORIA Y LLENO DE AN\u00c9CDOTAS<\/strong><\/span><\/p>\n<ul>\n<li>Hay que recordar y destacar que el Hotel Bot\u00e1nico, el a\u00f1o 1985, hosped\u00f3 en sus habitaciones a lo que se denomin\u00f3 <em>\u201cla mayor concentraci\u00f3n de cabezas coronadas de Europa\u201d<\/em>, comenzando por Sus Majestades los Reyes de Espa\u00f1a, <strong>Juan Carlos I<\/strong> y <strong>Sof\u00eda<\/strong>, con motivo de la inauguraci\u00f3n oficial de las instalaciones del Instituto de Astrof\u00edsica de Canarias (IAC), entre ellas las del Observatorio del Teide. No se puede olvidar tampoco el 25 de septiembre de 1993, cuando el recordado cantante <strong>Michel Jackson<\/strong> <em>\u201cEl Rey del Pop\u201d<\/em> se aloj\u00f3 en el Hotel Bot\u00e1nico cuando vino al concierto que ofreci\u00f3 en la capital tinerfe\u00f1a dentro de su recordada y exitosa gira mundial \u201cDangerous World Tour\u201d, siendo alcalde capitalino el recientemente fallecido <strong>Jos\u00e9 Emilio Garc\u00eda G\u00f3mez<\/strong>. El concierto en Tenerife fue \u201ccurioso\u201d porque no estuvo oficialmente en la gira europea, ni en la asi\u00e1tica, ni americana. Convirtieron a nuestra Isla en una escala entre el final de gira asi\u00e1tica y el inicio de la gira latinoamericana. <strong>Jackson<\/strong> pas\u00f3 de Estambul a Buenos Aires y, en medio, estuvo tres d\u00edas en Canarias, alojado en el Hotel Bot\u00e1nico. No podemos olvidar al expresidente estadounidense, <strong>Bill Clinton<\/strong>, o la <strong>Reina Sirikit<\/strong> de Tailandia. Todos ellos cuentan con suites exclusivas en su honor que llevan su nombre.<\/li>\n<\/ul>\n<p><img loading=\"lazy\" decoding=\"async\" class=\"size-large wp-image-8803 aligncenter\" src=\"https:\/\/canariasenpositivo.com\/wp-content\/uploads\/2024\/12\/5.-MICHAEL-JACKSON-1024x683.webp\" alt=\"\" width=\"660\" height=\"440\" \/><\/p>\n<p style=\"text-align: center\"><em>Michel Jackson en un balc\u00f3n del Hotel Bot\u00e1nico, ante un p\u00fablico enfervorizado<\/em><\/p>\n<p>&nbsp;<\/p>\n<p><span style=\"color: #0000ff\"><strong>PREMIOS Y RECONOCIMIENTOS INTERNACIONALES<\/strong><\/span><\/p>\n<ul>\n<li>Adquirido por el Grupo Loro Parque en 1995, el hotel ha sido premiado en m\u00faltiples ocasiones, incluyendo premios nacionales e internacionales que destacan su excelencia. Fue el primer hotel en Canarias en ingresar a la prestigiosa colecci\u00f3n \u201cThe Leading Hotels of the World\u201d y ha sido reconocido en siete ocasiones como el mejor Hotel Spa de Europa y del Mediterr\u00e1neo, por la renombrada publicaci\u00f3n Cond\u00e9 Nast Johansens. El Bot\u00e1nico tambi\u00e9n ha sido premiado por la satisfacci\u00f3n de sus hu\u00e9spedes, con reconocimientos como el Quality Award de Jet2 Holidays y el Customer Excellence Award de British Airways. Adem\u00e1s, en su compromiso con el turismo sostenible, el hotel cuenta con certificaciones en gesti\u00f3n medioambiental como ISO 9001, ISO 14001, EMAS III y Biosphere. Este compromiso ha sido reconocido por el turoperador TUI, que lo ha incluido varias veces entre los 100 hoteles m\u00e1s sostenibles. Su propietario, <strong>Wolfang Kiessling<\/strong> dice que <em>\u201clo que hace especial a este hotel es su car\u00e1cter familiar, una cualidad poco com\u00fan en el sector hotelero de nuestro archipi\u00e9lago, que est\u00e1 dominado por grandes multinacionales\u201d. <\/em>Todo un lujo, vamos.<\/li>\n<\/ul>\n<p><img loading=\"lazy\" decoding=\"async\" class=\"size-full wp-image-8804 aligncenter\" src=\"https:\/\/canariasenpositivo.com\/wp-content\/uploads\/2024\/12\/6.-BOTANICO-ENTRADA.jpg\" alt=\"\" width=\"640\" height=\"360\" \/><\/p>\n<p style=\"text-align: center\"><em>Entrada principal del Hotel Bot\u00e1nico &amp; The Oriental Spa Garden<\/em><\/p>\n<p>&nbsp;<\/p>\n<p><span style=\"color: #0000ff\"><strong>\u2018HOTEL PINACOTECA\u2019 CON TRATO PERSONALIZADO<\/strong><\/span><\/p>\n<ul>\n<li>El propio <strong>Wolfgang Kiessling<\/strong>, presidente del Grupo Loro Parque se siente muy orgulloso y explica que los valores de la familia <strong>Kiessling<\/strong>, como la atenci\u00f3n al detalle, el trato amable y el compromiso con la calidad, son visibles en cada aspecto del hotel. Un hotel que, de forma muy especial, cuida y mima su esposa <strong>Brigitte Kiessling<\/strong>, quien supervisa personalmente casi diariamente todos los detalles de un hotel-pinacoteca, que guarda, atesora y exhibe una impresionante colecci\u00f3n de obras de arte en forma de cuadros de infinidad de artistas y estilos. Por sus pasillos, los clientes pueden disfrutar de la mayor colecci\u00f3n privada de arte en Canarias. No en balde, <strong>Wolfgang Kiessling<\/strong> es uno de los m\u00e1s importantes coleccionistas de arte de nuestra tierra y, quiz\u00e1, el m\u00e1s importante en lo que se refiera a artistas canarios. La incorporaci\u00f3n al Grupo Loro Parque en 1995 trajo consigo una transformaci\u00f3n que dio al hotel el ambiente cercano y familiar que hoy lo caracteriza. <strong>Wolfgang<\/strong> y <strong>Brigitte Kiessling<\/strong> recuerdan que <em>\u201cnos esforzamos para que nuestros hu\u00e9spedes sientan que han encontrado un hogar en el norte de Tenerife, ofreci\u00e9ndoles una experiencia de lujo y confort\u201d<\/em>.<\/li>\n<\/ul>\n<p><img loading=\"lazy\" decoding=\"async\" class=\"size-full wp-image-8805 aligncenter\" src=\"https:\/\/canariasenpositivo.com\/wp-content\/uploads\/2024\/12\/7.-FAMILIA-KIESSLING.jpg\" alt=\"\" width=\"1024\" height=\"732\" \/><\/p>\n<p style=\"text-align: center\"><em>De izquierda a derecha: Wolfgang y Brigitte Kiessling (fundador, presidente y \u201calma p\u00e1ter\u201d de la compa\u00f1\u00eda Loro Parque y del Hotel Bot\u00e1nico) Cybell Kiessling (nieta y directora de Administraci\u00f3n) Christoph Kiessling (hijo y vicepresidente de la compa\u00f1\u00eda) y Brigitte Kiessling (esposa de Wolfgang y \u00abalma mater\u00bb del Bot\u00e1nico)<\/em><\/p>\n<p>&nbsp;<\/p>\n<p><span style=\"color: #0000ff\"><strong>50 A\u00d1OS Y UNA DECIDIDA APUESTA POR EL FUTURO<\/strong><\/span><\/p>\n<ul>\n<li>Con los a\u00f1os, el hotel ha ganado una clientela fiel que lo considera su casa en el mejor clima del mundo. Tras la pandemia, el hotel reabri\u00f3 en 2021 con una reforma integral, muy cuidada personalmente por la propia <strong>Brigitte Kiessling<\/strong>, para adaptarse a las necesidades del viajero moderno, logrando una fusi\u00f3n entre modernidad, lujo y sofisticaci\u00f3n, y reafirmando su compromiso con la excelencia y la innovaci\u00f3n. La experiencia de ser hu\u00e9sped en el Hotel Bot\u00e1nico &amp; The Oriental Spa Garden va m\u00e1s all\u00e1 de la calidad de sus 241 habitaciones, recientemente renovadas para cumplir los requisitos de los viajeros modernos m\u00e1s exigentes. Cuenta con un sinf\u00edn de atractivos que invitan a explorar toda su extensi\u00f3n. Adem\u00e1s, envuelto en sus 25.000 metros de jardines subtropicales se encuentra el <em>The Oriental Spa Garden<\/em>: un templo de salud y belleza inaugurado en 2003, y que ha sido distinguido en seis ocasiones como el <em>\u201cMejor Hotel Spa de Europa y el Mediterr\u00e1neo\u201d<\/em> por Cond\u00e9 Nast Johansens. La gastronom\u00eda tambi\u00e9n es un pilar en la propuesta del Hotel Bot\u00e1nico, que, bajo la direcci\u00f3n de la familia <strong>Kiessling,<\/strong> ha puesto en marcha tres restaurantes: <em>La Parrilla, Il Pappagallo <\/em>y<em> The Oriental<\/em>, este \u00faltimo inaugurado por la <strong>Reina Sirikit<\/strong> de Tailandia, evocando la atm\u00f3sfera de su pa\u00eds, sin olvidar el <em>Brunelli\u2019s Steakhouse<\/em>, frente al mism\u00edsimo Loro Parque, en el barrio de Punta Brava<\/li>\n<\/ul>\n<p><img loading=\"lazy\" decoding=\"async\" class=\"size-large wp-image-8806 aligncenter\" src=\"https:\/\/canariasenpositivo.com\/wp-content\/uploads\/2024\/12\/8.-50-ANIVERSARIO-1024x683.jpeg\" alt=\"\" width=\"660\" height=\"440\" \/><\/p>\n<p style=\"text-align: center\"><em>En la cena de celebraci\u00f3n del 50 Aniversario, de izquierda a derecha: C\u00e1ndido Figueroa (exdirector), Susana Alba (relaciones p\u00fablicas), Brigitte y Wolfgang Kiessling (propietarios), Susanne Leitinger (directora de Loro Parque) y Adolfo Hern\u00e1ndez (ex jefe de sala del Bot\u00e1nico)<\/em><\/p>\n<p>&nbsp;<\/p>\n<p><span style=\"color: #0000ff\"><strong>EL \u2018CIP MARTA P\u00c9REZ\u2019 ABRE EN LA CAPITAL TINERFE\u00d1A<\/strong><\/span><\/p>\n<ul>\n<li>Unos cumplen 50 a\u00f1os y otros comienzan una renovada y apasionante andadura. Para estar a la \u00faltima y lejos de ignorancias y cortedades de mira, nada mejor que ver c\u00f3mo tambi\u00e9n tenemos magn\u00edficos ejemplos de progreso en nuestra propia isla. Como saludable broche de oro a la \u00faltima edici\u00f3n de <strong><em>El Cotarro<\/em><\/strong> en este a\u00f1o que termina y como adelantado regalo de los <strong>Reyes Magos<\/strong>, llega el apasionante proyecto que ha hecho realidad la reconocida profesional tinerfe\u00f1a <strong>Marta P\u00e9rez Betancor<\/strong>, titulada en Podolog\u00eda, desde hace casi 20 a\u00f1os. Nuestra paisana y amiga abri\u00f3 su primer <strong>CIP Marta P\u00e9rez<\/strong> (en aquel momento, <em>\u201cCentro Integral de Podolog\u00eda\u201d<\/em>) hace 17 a\u00f1os en la santacrucera calle General Antequera. Ahora y, adelant\u00e1ndose ahora a todos, <strong>Marta P\u00e9rez<\/strong> cambia de ubicaci\u00f3n y se traslada a unas amplias y modern\u00edsimas instalaciones en la tambi\u00e9n santacrucera calle <strong>San Francisco Javier<\/strong> N\u00ba51. Lo m\u00e1s importante, a la vez que interesante y novedoso, es que el original nombre de <strong>CIP Marta P\u00e9rez<\/strong>, ahora hay que traducirlo por el nuevo de <em>\u201cCuidado Integral de Personas\u201d<\/em>, innovador concepto que <strong>Marta P\u00e9rez<\/strong> quiere desarrollar en Tenerife. Se inaugur\u00f3 hace unos d\u00edas con la presencia de la propia <strong>Marta<\/strong>, junto con sus familiares, amigos, personal del centro y algunos pacientes, as\u00ed como el sacerdote escolapio (y amigo) <strong>Antonio G\u00f3mez Santos<\/strong>, que acept\u00f3 bendecir el nuevo centro. Rese\u00f1ar que las obras de las nuevas instalaciones han sido dirigidas por el aparejador <strong>Manuel P\u00e9rez Megolla<\/strong> (amigo con el que coincid\u00ed hace a\u00f1os estudiando la carrera de Arquitectura T\u00e9cnica en la ULL) y que, como podr\u00e1n intuir, es el orgulloso padre de <strong>Marta P\u00e9rez Betancor.<\/strong><\/li>\n<\/ul>\n<p><img loading=\"lazy\" decoding=\"async\" class=\"size-large wp-image-8807 aligncenter\" src=\"https:\/\/canariasenpositivo.com\/wp-content\/uploads\/2024\/12\/9.-CIP-MARTA-PEREZ-1-1024x768.jpeg\" alt=\"\" width=\"660\" height=\"495\" \/><\/p>\n<p style=\"text-align: center\"><em>Marta P\u00e9rez Betancor, junto a su esposo e hijos, en el momento de la bendici\u00f3n del nuevo centro realizada por el amigo sacerdote escolapio Antonio G\u00f3mez Santos. <\/em><\/p>\n<p>&nbsp;<\/p>\n<p><span style=\"color: #0000ff\"><strong>\u2018CIP\u2019 SIGNIFICA \u201cCUIDADO INTEGRAL DE PERSONAS\u201d<\/strong><\/span><\/p>\n<ul>\n<li>Como manifiesta la propia directora del centro, el CIP Marta P\u00e9rez es una entidad especializada en ofrecer servicios integrales en el cuidado de personas, destac\u00e1ndose por su enfoque personalizado y profesional en el bienestar y asistencia de individuos. A trav\u00e9s de su unidad Cuidado Integral de Personal, se centra en proporcionar soluciones de calidad, tanto para personas que requieren cuidados especiales, como para aquellas que buscan mejorar su calidad de vida mediante la atenci\u00f3n integral. No seccionando el cuerpo, dice <strong>Marta P\u00e9rez<\/strong>, sino entendiendo el cuerpo como una unidad en la que influyen e interact\u00faan todas las partes del mismo. Para ello han conformado un grupo de profesionales sanitarios capaces de ver patolog\u00edas como las que trata el CIP<strong> Marta P\u00e9rez<\/strong>, desde un punto de vista integrativo. Los profesionales del nuevo CIP <strong>Marta P\u00e9rez<\/strong> est\u00e1n dedicadas a la gesti\u00f3n y prestaci\u00f3n de servicios de cuidado de personas, con un enfoque centrado en la prevenci\u00f3n, personalizaci\u00f3n y longevidad de sus pacientes. Su actividad principal abarca una amplia gama de servicios que cubren las necesidades de los pacientes, tanto en el \u00e1mbito dom\u00e9stico como en entornos de trabajo y atenci\u00f3n especializada (patolog\u00edas cr\u00f3nicas, oncol\u00f3gicas y de longevidad)<\/li>\n<\/ul>\n<p><img loading=\"lazy\" decoding=\"async\" class=\"size-large wp-image-8808 aligncenter\" src=\"https:\/\/canariasenpositivo.com\/wp-content\/uploads\/2024\/12\/10.-CIP-MARTA-PEREZ-2-1024x768.jpeg\" alt=\"\" width=\"660\" height=\"495\" \/><\/p>\n<p style=\"text-align: center\"><em>Una de las salas de cuidado integral de personas en el CIP Marta P\u00e9rez<\/em><\/p>\n<p><em>\u00a0<\/em><\/p>\n<p><span style=\"color: #0000ff\"><strong>UN CENTRO MULTIDISCIPLINAR, MODERNO Y PUNTERO<\/strong><\/span><\/p>\n<ul>\n<li>Para ello, el nuevo CIP <strong>Marta P\u00e9rez<\/strong> ofrece una serie de servicios a cu\u00e1l m\u00e1s interesante y atractivo: 1<strong>.- Planificaci\u00f3n personalizada de cuidados de patolog\u00edas<\/strong> cr\u00f3nicas y de prevenci\u00f3n con elaboraci\u00f3n de planes de atenci\u00f3n a medida, seg\u00fan las necesidades espec\u00edficas de cada paciente. <strong>&#8211; Acompa\u00f1amiento psicol\u00f3gico y emocional<\/strong>, ofreciendo, adem\u00e1s del cuidado f\u00edsico, un acompa\u00f1amiento emocional y psicol\u00f3gico a personas que atraviesan momentos dif\u00edciles. <strong>3.- Acompa\u00f1amiento de patolog\u00eda oncol\u00f3gica<\/strong> con medicina que combina el tratamiento oncol\u00f3gico convencional con terapias complementarias y novedosas para mejorar los resultados y reducir los efectos secundarios de la quimioterapia, radioterapia o inmunoterapia. <strong>4.- Servicios de fisioterapia para las personas que requieren rehabilitaci\u00f3n<\/strong> tras una cirug\u00eda o lesi\u00f3n, ofreciendo un servicio especializado para ayudar a la recuperaci\u00f3n de la movilidad y la independencia del paciente. <strong>5.- Servicio especializado de podolog\u00eda<\/strong> (la especialidad de <strong>Marta P\u00e9rez<\/strong>) porque la podolog\u00eda es esencial, no solo para tratar problemas directos en los pies, sino tambi\u00e9n para prevenir enfermedades m\u00e1s graves que pueden afectar la movilidad y la salud general.<\/li>\n<\/ul>\n<p><img loading=\"lazy\" decoding=\"async\" class=\"size-large wp-image-8810 aligncenter\" src=\"https:\/\/canariasenpositivo.com\/wp-content\/uploads\/2024\/12\/12.-CIP-MARTA-PEREZ-4-1024x768.jpeg\" alt=\"\" width=\"660\" height=\"495\" \/><\/p>\n<p style=\"text-align: center\"><em>Otra de las salas multidisciplinares disponibles para convertirse en quir\u00f3fano. <\/em><\/p>\n<p>&nbsp;<\/p>\n<p><span style=\"color: #0000ff\"><strong>ESPECIAL TRATO A LA REALIDAD DE LA LONGEVIDAD<\/strong><\/span><\/p>\n<ul>\n<li>Una realidad que est\u00e1 clara y que cada d\u00eda m\u00e1s evidente con los avances de la investigaci\u00f3n y las nuevas tecnolog\u00edas, la esperanza de vida es cada vez m\u00e1s grande. Nos haremos cada vez m\u00e1s mayores de edad y el reto (y el deseo de todos) es llegar a esa edad en las mejores condiciones de autonom\u00eda y calidad de vida. Por ello, el CIP <strong>Marta P\u00e9rez<\/strong> incorpora una nueva oferta, la <strong>&#8211; Servicio de longevidad de calidad: <\/strong>Aunque vivir m\u00e1s tiempo es generalmente considerado un logro, la longevidad acompa\u00f1ada de una mala calidad de vida puede resultar en una existencia de sufrimiento y limitaciones. Todos estos servicios del <strong>CIP Marta P\u00e9rez<\/strong> proporcionan una serie de beneficios como la atenci\u00f3n personalizada y adaptada a las necesidades individuales, la mejor\u00eda en la salud f\u00edsica y emocional, y el acompa\u00f1amiento profesional. Para lograr todo lo anteriormente expuesto, Marta P\u00e9rez Betancor de ha rodeado de un excelente equipo multidisciplinar de profesionales que, a su vez, cuentan con un equipamiento y aparataje de \u00faltima generaci\u00f3n y m\u00e1s moderna tecnolog\u00eda. Desde aqu\u00ed enviarle nuestra felicitaci\u00f3n a <strong>Marta P\u00e9rez <\/strong>por hacer realidad este nuevo centro puntero en Tenerife y desear al <strong>CIP Marta P\u00e9rez<\/strong> y toda la suerte del mundo y el \u00e9xito que de verdad se merecen. Aahh.., por cierto, el nuevo <strong>CIP Parta P\u00e9rez<\/strong> est\u00e1 ubicado en la calle <strong>San Francisco Javier, N\u00ba51 Bajo<\/strong>, en Santa Cruz de Tenerife, y el tel\u00e9fono de cita previa para solicitar consulta es el <strong>922 278 648<\/strong>.<\/li>\n<\/ul>\n<p><img loading=\"lazy\" decoding=\"async\" class=\"size-large wp-image-8811 aligncenter\" src=\"https:\/\/canariasenpositivo.com\/wp-content\/uploads\/2024\/12\/11.-CIP-MARTA-PEREZ-3-1024x768.jpeg\" alt=\"\" width=\"660\" height=\"495\" \/><\/p>\n<p style=\"text-align: center\"><em>Otra de las salas disponibles para tratamientos de fisioterapia en el CIP Marta P\u00e9rez<\/em><\/p>\n<p>&nbsp;<\/p>\n<p>&nbsp;<\/p>\n<p><span style=\"color: #0000ff\"><strong>* Jos\u00e9 Carlos MARRERO GONZ\u00c1LEZ<\/strong><\/span><\/p>\n<p>Periodista y analista de la actualidad.<\/p>\n<p>Director de <strong><em>El Cotarro<\/em><\/strong> (www.elcotarro.com)<\/p>\n<p>Director de <strong><em>Canarias en Positivo<\/em><\/strong> (www.canariasenpositivo.com)<\/p>\n<p>Director de <strong><em>GastroCanarias<\/em><\/strong> (www.gastrocanarias.com)<\/p>\n<p>&nbsp;<\/p>\n<p>Islas Canarias, 29 de diciembre de 2024<\/p>\n<p><img loading=\"lazy\" decoding=\"async\" class=\"size-full wp-image-7956 aligncenter\" src=\"https:\/\/canariasenpositivo.com\/wp-content\/uploads\/2024\/06\/A-CARECA-INSULA.jpg\" alt=\"\" width=\"750\" height=\"153\" \/><\/p>\n<p>&nbsp;<\/p>\n","protected":false},"excerpt":{"rendered":"<p>N\u00ba538 DEL 29 DE DICIEMBRE DE 2024 &nbsp; &nbsp; Por Jos\u00e9 Carlos Marrero * \u00a0 &nbsp; ADI\u00d3S A UN CATASTR\u00d3FICO Y CONVULSO A\u00d1O 2024 Se acaba un catastr\u00f3fico, convulso, problem\u00e1tico y, para m\u00ed, triste a\u00f1o 2024. Solo faltan dos d\u00edas para que acabe y, en su despedida, comienzo la \u00faltima edici\u00f3n de El Cotarro de &#8230; <a class=\"read-more\" href=\"https:\/\/elcotarro.com\/?p=10977\">Read more<\/a><\/p>\n","protected":false},"author":2,"featured_media":0,"comment_status":"open","ping_status":"open","sticky":false,"template":"","format":"standard","meta":{"_jetpack_memberships_contains_paid_content":false,"footnotes":""},"categories":[4],"tags":[],"class_list":["post-10977","post","type-post","status-publish","format-standard","hentry","category-el-cotarro"],"yoast_head":"<!-- This site is optimized with the Yoast SEO plugin v27.0 - https:\/\/yoast.com\/product\/yoast-seo-wordpress\/ -->\n<title>EL COTARRO \/ 538, DEL DOMINGO, 29\/12\/2024 - El Cotarro<\/title>\n<meta name=\"robots\" content=\"index, follow, max-snippet:-1, max-image-preview:large, max-video-preview:-1\" \/>\n<link rel=\"canonical\" href=\"https:\/\/elcotarro.com\/?p=10977\" \/>\n<meta property=\"og:locale\" content=\"es_ES\" \/>\n<meta property=\"og:type\" content=\"article\" \/>\n<meta property=\"og:title\" content=\"EL COTARRO \/ 538, DEL DOMINGO, 29\/12\/2024 - El Cotarro\" \/>\n<meta property=\"og:description\" content=\"N\u00ba538 DEL 29 DE DICIEMBRE DE 2024 &nbsp; &nbsp; Por Jos\u00e9 Carlos Marrero * \u00a0 &nbsp; ADI\u00d3S A UN CATASTR\u00d3FICO Y CONVULSO A\u00d1O 2024 Se acaba un catastr\u00f3fico, convulso, problem\u00e1tico y, para m\u00ed, triste a\u00f1o 2024. Solo faltan dos d\u00edas para que acabe y, en su despedida, comienzo la \u00faltima edici\u00f3n de El Cotarro de ... Read more\" \/>\n<meta property=\"og:url\" content=\"https:\/\/elcotarro.com\/?p=10977\" \/>\n<meta property=\"og:site_name\" content=\"El Cotarro\" \/>\n<meta property=\"article:publisher\" content=\"https:\/\/www.facebook.com\/ElCotarro.Tenerife\" \/>\n<meta property=\"article:published_time\" content=\"2024-12-29T00:03:55+00:00\" \/>\n<meta property=\"article:modified_time\" content=\"2025-01-08T10:09:14+00:00\" \/>\n<meta property=\"og:image\" content=\"https:\/\/canariasenpositivo.com\/wp-content\/uploads\/2024\/10\/Cabecera_El_Cotarro_v2-1024x128.jpg\" \/>\n<meta name=\"author\" content=\"Jos\u00e9 Carlos Marrero Gonz\u00e1lez\" \/>\n<meta name=\"twitter:label1\" content=\"Escrito por\" \/>\n\t<meta name=\"twitter:data1\" content=\"Jos\u00e9 Carlos Marrero Gonz\u00e1lez\" \/>\n\t<meta name=\"twitter:label2\" content=\"Tiempo de lectura\" \/>\n\t<meta name=\"twitter:data2\" content=\"17 minutos\" \/>\n<script type=\"application\/ld+json\" class=\"yoast-schema-graph\">{\"@context\":\"https:\/\/schema.org\",\"@graph\":[{\"@type\":\"Article\",\"@id\":\"https:\/\/elcotarro.com\/?p=10977#article\",\"isPartOf\":{\"@id\":\"https:\/\/elcotarro.com\/?p=10977\"},\"author\":{\"name\":\"Jos\u00e9 Carlos Marrero Gonz\u00e1lez\",\"@id\":\"https:\/\/elcotarro.com\/#\/schema\/person\/af537ee7d60d15984c7e0affcd8a918b\"},\"headline\":\"EL COTARRO \/ 538, DEL DOMINGO, 29\/12\/2024\",\"datePublished\":\"2024-12-29T00:03:55+00:00\",\"dateModified\":\"2025-01-08T10:09:14+00:00\",\"mainEntityOfPage\":{\"@id\":\"https:\/\/elcotarro.com\/?p=10977\"},\"wordCount\":3180,\"commentCount\":0,\"publisher\":{\"@id\":\"https:\/\/elcotarro.com\/#organization\"},\"image\":{\"@id\":\"https:\/\/elcotarro.com\/?p=10977#primaryimage\"},\"thumbnailUrl\":\"https:\/\/canariasenpositivo.com\/wp-content\/uploads\/2024\/10\/Cabecera_El_Cotarro_v2-1024x128.jpg\",\"articleSection\":[\"El Cotarro\"],\"inLanguage\":\"es\",\"potentialAction\":[{\"@type\":\"CommentAction\",\"name\":\"Comment\",\"target\":[\"https:\/\/elcotarro.com\/?p=10977#respond\"]}]},{\"@type\":\"WebPage\",\"@id\":\"https:\/\/elcotarro.com\/?p=10977\",\"url\":\"https:\/\/elcotarro.com\/?p=10977\",\"name\":\"EL COTARRO \/ 538, DEL DOMINGO, 29\/12\/2024 - El Cotarro\",\"isPartOf\":{\"@id\":\"https:\/\/elcotarro.com\/#website\"},\"primaryImageOfPage\":{\"@id\":\"https:\/\/elcotarro.com\/?p=10977#primaryimage\"},\"image\":{\"@id\":\"https:\/\/elcotarro.com\/?p=10977#primaryimage\"},\"thumbnailUrl\":\"https:\/\/canariasenpositivo.com\/wp-content\/uploads\/2024\/10\/Cabecera_El_Cotarro_v2-1024x128.jpg\",\"datePublished\":\"2024-12-29T00:03:55+00:00\",\"dateModified\":\"2025-01-08T10:09:14+00:00\",\"breadcrumb\":{\"@id\":\"https:\/\/elcotarro.com\/?p=10977#breadcrumb\"},\"inLanguage\":\"es\",\"potentialAction\":[{\"@type\":\"ReadAction\",\"target\":[\"https:\/\/elcotarro.com\/?p=10977\"]}]},{\"@type\":\"ImageObject\",\"inLanguage\":\"es\",\"@id\":\"https:\/\/elcotarro.com\/?p=10977#primaryimage\",\"url\":\"https:\/\/canariasenpositivo.com\/wp-content\/uploads\/2024\/10\/Cabecera_El_Cotarro_v2-1024x128.jpg\",\"contentUrl\":\"https:\/\/canariasenpositivo.com\/wp-content\/uploads\/2024\/10\/Cabecera_El_Cotarro_v2-1024x128.jpg\"},{\"@type\":\"BreadcrumbList\",\"@id\":\"https:\/\/elcotarro.com\/?p=10977#breadcrumb\",\"itemListElement\":[{\"@type\":\"ListItem\",\"position\":1,\"name\":\"Portada\",\"item\":\"https:\/\/elcotarro.com\/\"},{\"@type\":\"ListItem\",\"position\":2,\"name\":\"EL COTARRO \/ 538, DEL DOMINGO, 29\/12\/2024\"}]},{\"@type\":\"WebSite\",\"@id\":\"https:\/\/elcotarro.com\/#website\",\"url\":\"https:\/\/elcotarro.com\/\",\"name\":\"El Cotarro\",\"description\":\"Peri\u00f3dico Digital Independiente dirigido por Jos\u00e9 Carlos Marrero\",\"publisher\":{\"@id\":\"https:\/\/elcotarro.com\/#organization\"},\"potentialAction\":[{\"@type\":\"SearchAction\",\"target\":{\"@type\":\"EntryPoint\",\"urlTemplate\":\"https:\/\/elcotarro.com\/?s={search_term_string}\"},\"query-input\":{\"@type\":\"PropertyValueSpecification\",\"valueRequired\":true,\"valueName\":\"search_term_string\"}}],\"inLanguage\":\"es\"},{\"@type\":\"Organization\",\"@id\":\"https:\/\/elcotarro.com\/#organization\",\"name\":\"El Cotarro\",\"url\":\"https:\/\/elcotarro.com\/\",\"logo\":{\"@type\":\"ImageObject\",\"inLanguage\":\"es\",\"@id\":\"https:\/\/elcotarro.com\/#\/schema\/logo\/image\/\",\"url\":\"https:\/\/elcotarro.com\/wp-content\/uploads\/2014\/09\/Cabecera_El_Cotarro_v2.jpg\",\"contentUrl\":\"https:\/\/elcotarro.com\/wp-content\/uploads\/2014\/09\/Cabecera_El_Cotarro_v2.jpg\",\"width\":3540,\"height\":441,\"caption\":\"El Cotarro\"},\"image\":{\"@id\":\"https:\/\/elcotarro.com\/#\/schema\/logo\/image\/\"},\"sameAs\":[\"https:\/\/www.facebook.com\/ElCotarro.Tenerife\"]},{\"@type\":\"Person\",\"@id\":\"https:\/\/elcotarro.com\/#\/schema\/person\/af537ee7d60d15984c7e0affcd8a918b\",\"name\":\"Jos\u00e9 Carlos Marrero Gonz\u00e1lez\",\"image\":{\"@type\":\"ImageObject\",\"inLanguage\":\"es\",\"@id\":\"https:\/\/elcotarro.com\/#\/schema\/person\/image\/\",\"url\":\"https:\/\/secure.gravatar.com\/avatar\/def4da036efb5d32c74d49c351f6dccc064dd69ad9f3aadc295c5a9a5391ca01?s=96&d=mm&r=g\",\"contentUrl\":\"https:\/\/secure.gravatar.com\/avatar\/def4da036efb5d32c74d49c351f6dccc064dd69ad9f3aadc295c5a9a5391ca01?s=96&d=mm&r=g\",\"caption\":\"Jos\u00e9 Carlos Marrero Gonz\u00e1lez\"},\"sameAs\":[\"https:\/\/elcotarro.com\"],\"url\":\"https:\/\/elcotarro.com\/?author=2\"}]}<\/script>\n<!-- \/ Yoast SEO plugin. -->","yoast_head_json":{"title":"EL COTARRO \/ 538, DEL DOMINGO, 29\/12\/2024 - El Cotarro","robots":{"index":"index","follow":"follow","max-snippet":"max-snippet:-1","max-image-preview":"max-image-preview:large","max-video-preview":"max-video-preview:-1"},"canonical":"https:\/\/elcotarro.com\/?p=10977","og_locale":"es_ES","og_type":"article","og_title":"EL COTARRO \/ 538, DEL DOMINGO, 29\/12\/2024 - El Cotarro","og_description":"N\u00ba538 DEL 29 DE DICIEMBRE DE 2024 &nbsp; &nbsp; Por Jos\u00e9 Carlos Marrero * \u00a0 &nbsp; ADI\u00d3S A UN CATASTR\u00d3FICO Y CONVULSO A\u00d1O 2024 Se acaba un catastr\u00f3fico, convulso, problem\u00e1tico y, para m\u00ed, triste a\u00f1o 2024. Solo faltan dos d\u00edas para que acabe y, en su despedida, comienzo la \u00faltima edici\u00f3n de El Cotarro de ... Read more","og_url":"https:\/\/elcotarro.com\/?p=10977","og_site_name":"El Cotarro","article_publisher":"https:\/\/www.facebook.com\/ElCotarro.Tenerife","article_published_time":"2024-12-29T00:03:55+00:00","article_modified_time":"2025-01-08T10:09:14+00:00","og_image":[{"url":"https:\/\/canariasenpositivo.com\/wp-content\/uploads\/2024\/10\/Cabecera_El_Cotarro_v2-1024x128.jpg","type":"","width":"","height":""}],"author":"Jos\u00e9 Carlos Marrero Gonz\u00e1lez","twitter_misc":{"Escrito por":"Jos\u00e9 Carlos Marrero Gonz\u00e1lez","Tiempo de lectura":"17 minutos"},"schema":{"@context":"https:\/\/schema.org","@graph":[{"@type":"Article","@id":"https:\/\/elcotarro.com\/?p=10977#article","isPartOf":{"@id":"https:\/\/elcotarro.com\/?p=10977"},"author":{"name":"Jos\u00e9 Carlos Marrero Gonz\u00e1lez","@id":"https:\/\/elcotarro.com\/#\/schema\/person\/af537ee7d60d15984c7e0affcd8a918b"},"headline":"EL COTARRO \/ 538, DEL DOMINGO, 29\/12\/2024","datePublished":"2024-12-29T00:03:55+00:00","dateModified":"2025-01-08T10:09:14+00:00","mainEntityOfPage":{"@id":"https:\/\/elcotarro.com\/?p=10977"},"wordCount":3180,"commentCount":0,"publisher":{"@id":"https:\/\/elcotarro.com\/#organization"},"image":{"@id":"https:\/\/elcotarro.com\/?p=10977#primaryimage"},"thumbnailUrl":"https:\/\/canariasenpositivo.com\/wp-content\/uploads\/2024\/10\/Cabecera_El_Cotarro_v2-1024x128.jpg","articleSection":["El Cotarro"],"inLanguage":"es","potentialAction":[{"@type":"CommentAction","name":"Comment","target":["https:\/\/elcotarro.com\/?p=10977#respond"]}]},{"@type":"WebPage","@id":"https:\/\/elcotarro.com\/?p=10977","url":"https:\/\/elcotarro.com\/?p=10977","name":"EL COTARRO \/ 538, DEL DOMINGO, 29\/12\/2024 - El Cotarro","isPartOf":{"@id":"https:\/\/elcotarro.com\/#website"},"primaryImageOfPage":{"@id":"https:\/\/elcotarro.com\/?p=10977#primaryimage"},"image":{"@id":"https:\/\/elcotarro.com\/?p=10977#primaryimage"},"thumbnailUrl":"https:\/\/canariasenpositivo.com\/wp-content\/uploads\/2024\/10\/Cabecera_El_Cotarro_v2-1024x128.jpg","datePublished":"2024-12-29T00:03:55+00:00","dateModified":"2025-01-08T10:09:14+00:00","breadcrumb":{"@id":"https:\/\/elcotarro.com\/?p=10977#breadcrumb"},"inLanguage":"es","potentialAction":[{"@type":"ReadAction","target":["https:\/\/elcotarro.com\/?p=10977"]}]},{"@type":"ImageObject","inLanguage":"es","@id":"https:\/\/elcotarro.com\/?p=10977#primaryimage","url":"https:\/\/canariasenpositivo.com\/wp-content\/uploads\/2024\/10\/Cabecera_El_Cotarro_v2-1024x128.jpg","contentUrl":"https:\/\/canariasenpositivo.com\/wp-content\/uploads\/2024\/10\/Cabecera_El_Cotarro_v2-1024x128.jpg"},{"@type":"BreadcrumbList","@id":"https:\/\/elcotarro.com\/?p=10977#breadcrumb","itemListElement":[{"@type":"ListItem","position":1,"name":"Portada","item":"https:\/\/elcotarro.com\/"},{"@type":"ListItem","position":2,"name":"EL COTARRO \/ 538, DEL DOMINGO, 29\/12\/2024"}]},{"@type":"WebSite","@id":"https:\/\/elcotarro.com\/#website","url":"https:\/\/elcotarro.com\/","name":"El Cotarro","description":"Peri\u00f3dico Digital Independiente dirigido por Jos\u00e9 Carlos Marrero","publisher":{"@id":"https:\/\/elcotarro.com\/#organization"},"potentialAction":[{"@type":"SearchAction","target":{"@type":"EntryPoint","urlTemplate":"https:\/\/elcotarro.com\/?s={search_term_string}"},"query-input":{"@type":"PropertyValueSpecification","valueRequired":true,"valueName":"search_term_string"}}],"inLanguage":"es"},{"@type":"Organization","@id":"https:\/\/elcotarro.com\/#organization","name":"El Cotarro","url":"https:\/\/elcotarro.com\/","logo":{"@type":"ImageObject","inLanguage":"es","@id":"https:\/\/elcotarro.com\/#\/schema\/logo\/image\/","url":"https:\/\/elcotarro.com\/wp-content\/uploads\/2014\/09\/Cabecera_El_Cotarro_v2.jpg","contentUrl":"https:\/\/elcotarro.com\/wp-content\/uploads\/2014\/09\/Cabecera_El_Cotarro_v2.jpg","width":3540,"height":441,"caption":"El Cotarro"},"image":{"@id":"https:\/\/elcotarro.com\/#\/schema\/logo\/image\/"},"sameAs":["https:\/\/www.facebook.com\/ElCotarro.Tenerife"]},{"@type":"Person","@id":"https:\/\/elcotarro.com\/#\/schema\/person\/af537ee7d60d15984c7e0affcd8a918b","name":"Jos\u00e9 Carlos Marrero Gonz\u00e1lez","image":{"@type":"ImageObject","inLanguage":"es","@id":"https:\/\/elcotarro.com\/#\/schema\/person\/image\/","url":"https:\/\/secure.gravatar.com\/avatar\/def4da036efb5d32c74d49c351f6dccc064dd69ad9f3aadc295c5a9a5391ca01?s=96&d=mm&r=g","contentUrl":"https:\/\/secure.gravatar.com\/avatar\/def4da036efb5d32c74d49c351f6dccc064dd69ad9f3aadc295c5a9a5391ca01?s=96&d=mm&r=g","caption":"Jos\u00e9 Carlos Marrero Gonz\u00e1lez"},"sameAs":["https:\/\/elcotarro.com"],"url":"https:\/\/elcotarro.com\/?author=2"}]}},"jetpack_featured_media_url":"","jetpack_sharing_enabled":true,"_links":{"self":[{"href":"https:\/\/elcotarro.com\/index.php?rest_route=\/wp\/v2\/posts\/10977","targetHints":{"allow":["GET"]}}],"collection":[{"href":"https:\/\/elcotarro.com\/index.php?rest_route=\/wp\/v2\/posts"}],"about":[{"href":"https:\/\/elcotarro.com\/index.php?rest_route=\/wp\/v2\/types\/post"}],"author":[{"embeddable":true,"href":"https:\/\/elcotarro.com\/index.php?rest_route=\/wp\/v2\/users\/2"}],"replies":[{"embeddable":true,"href":"https:\/\/elcotarro.com\/index.php?rest_route=%2Fwp%2Fv2%2Fcomments&post=10977"}],"version-history":[{"count":6,"href":"https:\/\/elcotarro.com\/index.php?rest_route=\/wp\/v2\/posts\/10977\/revisions"}],"predecessor-version":[{"id":10988,"href":"https:\/\/elcotarro.com\/index.php?rest_route=\/wp\/v2\/posts\/10977\/revisions\/10988"}],"wp:attachment":[{"href":"https:\/\/elcotarro.com\/index.php?rest_route=%2Fwp%2Fv2%2Fmedia&parent=10977"}],"wp:term":[{"taxonomy":"category","embeddable":true,"href":"https:\/\/elcotarro.com\/index.php?rest_route=%2Fwp%2Fv2%2Fcategories&post=10977"},{"taxonomy":"post_tag","embeddable":true,"href":"https:\/\/elcotarro.com\/index.php?rest_route=%2Fwp%2Fv2%2Ftags&post=10977"}],"curies":[{"name":"wp","href":"https:\/\/api.w.org\/{rel}","templated":true}]}}