{"id":10984,"date":"2025-01-05T00:41:43","date_gmt":"2025-01-05T00:41:43","guid":{"rendered":"https:\/\/elcotarro.com\/?p=10984"},"modified":"2025-01-05T11:32:17","modified_gmt":"2025-01-05T11:32:17","slug":"el-cotarro-539-del-domingo-05-01-2025","status":"publish","type":"post","link":"https:\/\/elcotarro.com\/?p=10984","title":{"rendered":"EL COTARRO \/ 539, DEL DOMINGO, 05\/01\/2025"},"content":{"rendered":"<p><img loading=\"lazy\" decoding=\"async\" class=\"size-large wp-image-8485 aligncenter\" src=\"https:\/\/canariasenpositivo.com\/wp-content\/uploads\/2024\/10\/Cabecera_El_Cotarro_v2-1024x128.jpg\" alt=\"\" width=\"660\" height=\"83\" \/><\/p>\n<p style=\"text-align: center\"><span style=\"color: #ff0000\"><strong>N\u00ba539 DEL 5 DE ENERO DE 2025<\/strong><\/span><\/p>\n<p>&nbsp;<\/p>\n<p>&nbsp;<\/p>\n<p><span style=\"color: #0000ff\"><em>Por <strong>Jos\u00e9 Carlos Marrero *<\/strong><\/em><\/span><\/p>\n<p>&nbsp;<\/p>\n<p><strong>\u00a0<\/strong><\/p>\n<p><strong><span style=\"color: #0000ff\">COMENZAMOS 2025 CON ESPERANZA Y MUCHO AHINCO<\/span> <\/strong><\/p>\n<ul>\n<li>Comienzo la primera edici\u00f3n de <strong><em>El Cotarro<\/em><\/strong> de este a\u00f1o nuevo con esperanza y optimismo. Tengo que hacerlo as\u00ed, no queda otra. Se fue un catastr\u00f3fico, convulso, problem\u00e1tico y, para m\u00ed, triste a\u00f1o 2024. Ha llegado y estrenamos un apasionante a\u00f1o nuevo 2025, cuyo n\u00famero rima con carpintero. Nadie mejor que el genio de <strong>Anoniman<\/strong> para darle la bienvenida, con mucha imaginaci\u00f3n y el punto de humor que todos necesitamos, demandamos y merecemos. Nada m\u00e1s abrir la p\u00e1gina web de <strong>Anoniman<\/strong> (<a href=\"http:\/\/www.frasesanonimas.blogspot.com\">frasesanonimas.blogspot.com<\/a>) puedes leer el sugerente texto que dice: <em>\u201cAutopista del Norte de Tenerife. Eterna e interminable caravana matinal. Una frase de 20 metros escrita en la ladera de una monta\u00f1a cambia cada cierto tiempo. Son mensajes que te invitan a sonre\u00edr, a so\u00f1ar. Ideas que te colocan en el lado positivo. Objetivo: Propagar el optimismo. Responsable: <strong>Anoniman<\/strong>, un hombre an\u00f3nimo\u201d.<\/em> Hemos perdido el sano sentido del humor y ese punto de cachondeo que nos alegra la vida. Sobre todo, creo que se ha perdido ese tan necesario humor en la Pol\u00edtica y en las personas que desarrollan tan importante oficio, se supone de servicio p\u00fablico en bien de la ciudadan\u00eda. A ver si logramos que cambien en el 2025.<\/li>\n<\/ul>\n<p><img loading=\"lazy\" decoding=\"async\" class=\"size-large wp-image-8830 aligncenter\" src=\"https:\/\/canariasenpositivo.com\/wp-content\/uploads\/2025\/01\/1.-FELIZ-202HINCO-1024x594.jpg\" alt=\"\" width=\"660\" height=\"383\" \/><\/p>\n<p style=\"text-align: center\"><em>Imaginativo, sugerente y cachondo cartel de Anoniman, dando la bienvenida al 2025<\/em><\/p>\n<p><strong>\u00a0<\/strong><\/p>\n<p><span style=\"color: #0000ff\"><strong>COTARRO EN FORMA DE CARTA A LOS REYES MAGOS<\/strong><\/span><\/p>\n<ul>\n<li>Siempre he confesado que soy optimista por naturaleza y, en esta ocasi\u00f3n, no lo voy a ser menos. Aunque debo confesarles que, entre todos los grupos parlamentarios del Congreso de los Diputados, con sus l\u00edderes al frente, <strong>Pedro S\u00e1nchez<\/strong> (PSOE), <strong>Alberto N\u00fa\u00f1ez Feij\u00f3o<\/strong> (PP), <strong>Santiago Abascal<\/strong> (Vox), <strong>Yolanda D\u00edaz<\/strong> (Sumar), y el resto de la \u201cpedrea\u201d con ERC, Junts, ERC, EH Bildu, PNV y el Grupo Mixto, donde, entre ocho miembros, nuestra <strong>Cristina Valido<\/strong> (CC) navega solitaria, me lo est\u00e1n poniendo cada vez m\u00e1s dif\u00edcil. Si miro al Gobierno, no es que el optimismo salga tampoco muy bien parado. <strong>Fernando Clavijo<\/strong> (CC) sigue demandando m\u00e1s solidaridad con la realidad canaria, mientras su vicepresidente <strong>Manuel Dom\u00ednguez<\/strong> (PP) contin\u00faa entre la espada y la pared (no s\u00e9 si entre lo que a \u00e9l le gustar\u00eda hacer y lo que le manda <strong>Feij\u00f3o<\/strong> o <strong>Miguel Tellado<\/strong> desde Madrid, o lo que le manda <strong>Jos\u00e9 Manuel Soria<\/strong> desde Gran Canaria). Pero con estos bueyes tenemos que arar y, como dir\u00eda mi recordada madre, <strong>Lolita<\/strong>, con estas cucharas que obligatoriamente tendremos que coger, porque son las que salieron de las urnas, con ellas tendremos comer otro a\u00f1ito. Mientras, y a modo de \u201ccarta a los <strong><em>Reyes Magos<\/em><\/strong> de Oriente, yo les pedir\u00eda, con todo respeto, lo siguiente\u2026.<\/li>\n<\/ul>\n<p><img loading=\"lazy\" decoding=\"async\" class=\"size-full wp-image-8831 aligncenter\" src=\"https:\/\/canariasenpositivo.com\/wp-content\/uploads\/2025\/01\/2.-REYES-MAGOS.jpeg\" alt=\"\" width=\"900\" height=\"507\" \/><\/p>\n<p style=\"text-align: center\"><em>Los Reyes Magos a su paso por Madrid, donde viven Pedro S\u00e1nchez y Alberto N\u00fa\u00f1ez Feij\u00f3o<\/em><\/p>\n<p>&nbsp;<\/p>\n<p><span style=\"color: #0000ff\"><strong>QUE CC LOGRE PONER DE ACUERDO AL PSOE Y AL PP<\/strong><\/span><\/p>\n<ul>\n<li>Da aut\u00e9ntica tristeza leer algunas noticias con las que hemos comenzado este 2025, como la que firma la periodista <strong>Mar\u00eda Alc\u00e1ntara<\/strong> en la primera p\u00e1gina del peri\u00f3dico <strong><em>El Mundo<\/em><\/strong>, titulando: <em>\u201cCanarias colapsa mientras <strong>Meloni<\/strong> reduce un 58% la llegada de inmigrantes\u201d recordando que, mientras tanto, \u201clas islas tocan techo con m\u00e1s de 46,500 irregulares\u201d<\/em>. En el editorial de <strong><em>ABC<\/em><\/strong>, que dirige <strong>Juli\u00e1n Quir\u00f3s<\/strong>, se pudo leer: <em>\u201cLa inmigraci\u00f3n tambi\u00e9n es un asunto pendiente. Las cifras r\u00e9cords confirman el fracaso de las giras del presidente por \u00c1frica\u201d<\/em>. En el peri\u00f3dico <strong><em>La Vanguardia<\/em><\/strong>, que dirige <strong>Jordi Juan<\/strong>, pudimos leer: <em>\u201cEspecialmente dolorosa es la situaci\u00f3n de 5.812 migrantes menores que se est\u00e1n atendiendo en los servicios de emergencias canarios, cuando solo tienen plazas para 2.000 ni\u00f1os\u201d<\/em>. Resulta curioso que los mism\u00edsimos Reyes Magos, <strong>Melchor, Gaspar<\/strong> y <strong>Baltasar<\/strong> eran migrantes, personas que, por lo que cuenta la historia, migraron en busca del <strong>Ni\u00f1o Jes\u00fas<\/strong> guiados por <em>\u201cOlanda\u201d,<\/em> la estrella de Oriente. Lo que menos que les podemos pedir es que <strong>Pedro S\u00e1nchez<\/strong> (PSOE) y <strong>Alberto N\u00fa\u00f1ez<\/strong> (PP) se pongan de acuerdo para aprobar la tan necesaria reforma de la Ley de Extranjer\u00eda. Un presidente lleno de raz\u00f3n como <strong>Fernando Clavijo<\/strong> (CC) se lo agradecer\u00edan. Y toda Canarias, tambi\u00e9n.<\/li>\n<\/ul>\n<p><img loading=\"lazy\" decoding=\"async\" class=\"size-full wp-image-8832 aligncenter\" src=\"https:\/\/canariasenpositivo.com\/wp-content\/uploads\/2025\/01\/3.-SANCHEZ-Y-FEIJOO.jpeg\" alt=\"\" width=\"300\" height=\"168\" \/><\/p>\n<p style=\"text-align: center\"><em>El pueblo pide a los Reyes Magos que Pedro S\u00e1nchez (i) y Alberto N\u00fa\u00f1ez Feij\u00f3o se entiendan, pasen de insultos y de enfrentamientos y dejen de crispar a Espa\u00f1a.<\/em><\/p>\n<p>&nbsp;<\/p>\n<p><span style=\"color: #0000ff\"><strong>QUE EL PSOE Y PP VEAN QUE EST\u00c1N EQUIVOC\u00c1NDOSE<\/strong><\/span><\/p>\n<ul>\n<li>Haciendo la misma petici\u00f3n, pero desde otro punto de vista, le podr\u00edamos pedir a los <strong>Reyes Magos<\/strong> que el ministro canario, <strong>\u00c1ngel V\u00edctor Torres<\/strong> (PSOE), en un rato que pueda pensar con tranquilidad sin estar agobiado por las cosas malas por las que le acusan) recuerde que, antes de ser ministro, fue presidente del Gobierno canario y que, si\u00e9ndolo, tambi\u00e9n tuvo que capear con el \u201cv\u00eda crucis\u201d de la inmigraci\u00f3n irregular. Simult\u00e1nea y paralelamente <strong>Manuel Dom\u00ednguez<\/strong> (PP) debe recordar que hay vida m\u00e1s all\u00e1 de <strong>Alberto N\u00fa\u00f1ez Feij\u00f3o<\/strong> (y de <strong>Jos\u00e9 Manuel Soria<\/strong>) y, si Dios quiere, tambi\u00e9n hay vida m\u00e1s all\u00e1 del a\u00f1o 2027. Puede ser que, con la que est\u00e1 cayendo en el tema de la inmigraci\u00f3n irregular y con la no aprobaci\u00f3n de la modificaci\u00f3n de la Ley de Extranjer\u00eda, se est\u00e9n equivocando rotundamente ambos partidos de cara a ese cada vez m\u00e1s pr\u00f3ximo 2027. Por su lado, no estar\u00eda mal que los <strong>Reyes Magos<\/strong> lograran de una vez por todas que <strong>Rom\u00e1n Rodr\u00edguez<\/strong> (Nueva Canarias) vuelva a pensar en positivo de cara al futuro, y termine reencontr\u00e1ndose nuevamente con <strong>Fernando Clavijo<\/strong> (CC). Pongo esto, lo confieso, sabedor que <strong>Melchor, Gaspar<\/strong> y <strong>Baltasar<\/strong> son <em>Magos<\/em>, pero que dif\u00edcilmente hacen milagros.<\/li>\n<\/ul>\n<p><img loading=\"lazy\" decoding=\"async\" class=\"size-large wp-image-8833 aligncenter\" src=\"https:\/\/canariasenpositivo.com\/wp-content\/uploads\/2025\/01\/4.-FEIJOO-CLAVIJO-Y-DOMINGUEZ-1024x683.jpg\" alt=\"\" width=\"660\" height=\"440\" \/><\/p>\n<p style=\"text-align: center\"><em>Los que est\u00e1n a los lados de Fernando Clavijo (c), o sea, Alberto N\u00fa\u00f1ez Feij\u00f3o (i) y Manuel Dom\u00ednguez (d), deber\u00edan lograr que lo que pactan aqu\u00ed, se ratifique en Madrid.<\/em><\/p>\n<p>&nbsp;<\/p>\n<p><span style=\"color: #0000ff\"><strong>QUE NC ENTIENDA QUE EL FUTURO PASA POR LA UNI\u00d3N<\/strong><\/span><\/p>\n<ul>\n<li>Con total y absoluto respeto a los importantes y necesarios partidos nacionales, me permitir\u00e1n que sugiera lo que creo es una necesaria presencia de partido nacionalista moderado canario en las Cortes Generales (Congreso y Senado) Sobre todo, pensando (ego\u00edstamente, si se quiere) en nuestra alejada y fragmentada regi\u00f3n. Entiendo que los partidos nacionales, el PSOE de <strong>Pedro S\u00e1nchez <\/strong>y el PP <strong>de Alberto N\u00fa\u00f1ez Feij\u00f3o<\/strong> no lo vean as\u00ed. Pero la realidad del d\u00eda a d\u00eda es tozuda y en ella vemos que, un d\u00eda s\u00ed y otro tambi\u00e9n, la disciplina de partido obliga a los diputados canarios de esos partidos a votar lo que se les ordene y mande, m\u00e1s all\u00e1 y por encima de lo que interesa, reclama y demanda Canarias. Frente o en medio de esa realidad est\u00e1 la de Coalici\u00f3n Canaria, con una \u00fanica diputada, la solitaria <strong>Cristina Valido<\/strong>, quien hace lo que buenamente puede, y que, para lo solita que est\u00e1, no es poco. Para cambiar esta realidad, por mucho que le pese a PSOE y PP (mientras no cambien, d\u00e1ndose cuenta de la realidad y necesidades de Canarias) cada d\u00eda se echa m\u00e1s de menos que recordado Grupo Parlamentario Canario en Madrid. Pero, para que vuelva, Coalici\u00f3n y Nueva Canarias tienen que hacer realidad la rota unidad del nacionalismo canario moderado. \u00bfCaer\u00e1 esa breva?<\/li>\n<\/ul>\n<p><img loading=\"lazy\" decoding=\"async\" class=\"size-large wp-image-8834 aligncenter\" src=\"https:\/\/canariasenpositivo.com\/wp-content\/uploads\/2025\/01\/5.-FERNANDO-Y-ROMAN-1024x576.jpg\" alt=\"\" width=\"660\" height=\"371\" \/><\/p>\n<p style=\"text-align: center\"><em>Creo que dif\u00edcilmente se vuelva a sacar una foto como \u00e9sta, con sonrisas y apegos entre Fernando Clavijo (Coalici\u00f3n Canaria) y Rom\u00e1n Rodr\u00edguez (Nueva Canarias)<\/em><\/p>\n<p>&nbsp;<\/p>\n<p><span style=\"color: #0000ff\"><strong>QUE DEJEN A ROM\u00c1N M\u00c1S HUMILDAD Y GENEROSIDAD<\/strong><\/span><\/p>\n<ul>\n<li>Siempre he dicho que la Pol\u00edtica en Canarias es una mezcla de tres juegos de mesa: ajedrez, p\u00f3ker y, claro est\u00e1, envite canario. Hay que esperar poder dar jaque-mate, a tener un p\u00f3ker o una escalera superior al del contrincante o, en el caso del envite canario, a ganar dos de los tres \u201cchicos\u201d en juego. Y para eso hay que tener fichas, y cartas debidamente dispuestas. Y cuando la cosa sale mal, como le sucedi\u00f3 a Nueva Canarias con <strong>Rom\u00e1n Rodr\u00edguez<\/strong>, <em>\u201cajo y agua\u201d<\/em>, por mucho que eso fastidie. La divisi\u00f3n y malestar en Nueva Canarias es p\u00fablica, notoria y manifiesta. Frente a <strong>Rom\u00e1n<\/strong> est\u00e1n los llamados \u201cdisidentes\u201d cuyo portavoz y alcalde de Ag\u00fcimes<strong>, \u00d3scar Hern\u00e1ndez<\/strong>, ha manifestado que <em>\u201cel objetivo es constituir un proyecto que les permita seguir manteniendo sus identidades locales, por lo que entiende que una f\u00f3rmula viable ser\u00eda la de una federaci\u00f3n\u201d.<\/em> M\u00e1s partidos y m\u00e1s divisiones. Creo que, si los <strong><em>Reyes Magos<\/em><\/strong> dejaran a <strong>Rom\u00e1n Rodr\u00edguez<\/strong> un poco m\u00e1s de generosidad y humildad, el hombre podr\u00eda dar un paso a un lado, en beneficio de Canarias y de todos. Si fuera as\u00ed y, adem\u00e1s, los <strong><em>Reyes Magos<\/em><\/strong> repartieran tambi\u00e9n esa humildad y generosidad entre NC y CC otro gallo cantar\u00eda a la Pol\u00edtica canaria. Y, posiblemente, podr\u00eda volver el Grupo Parlamentario Canario en Madrid. Pero\u2026 \u00bfcaer\u00e1 esa breva?<\/li>\n<\/ul>\n<p><img loading=\"lazy\" decoding=\"async\" class=\"size-large wp-image-8835 aligncenter\" src=\"https:\/\/canariasenpositivo.com\/wp-content\/uploads\/2025\/01\/6.-ROMAN-ANTES-Y-AHORA-1024x612.jpg\" alt=\"\" width=\"660\" height=\"394\" \/><\/p>\n<p style=\"text-align: center\"><em>Entre estas dos fotos de Rom\u00e1n Rodr\u00edguez hay el suficiente n\u00famero de a\u00f1os de distancia, como para que el l\u00edder de Nueva Canarias d\u00e9 ya un pasito a un lado.<\/em><\/p>\n<p>&nbsp;<\/p>\n<p><span style=\"color: #0000ff\"><strong>QUE ACABEN LA PASARELA SIN \u201cJUGADAS\u201d POL\u00cdTICAS<\/strong><\/span><\/p>\n<ul>\n<li>Tal y como me tem\u00eda, la construcci\u00f3n de la pu\u00f1etera pasarela peatonal a\u00e9rea de la lagunera rotonda del <strong>Padre Anchieta<\/strong>, sigue tan ralentizada (por no decir parada) como las obras de la TF-1 a la altura de Las Chafiras y Oroteanda. En el caso de la pasarela, termin\u00f3 el 2024 sin, al menos, acabarse el aro peatonal cuyas piezas se fabrican en Andaluc\u00eda y vienen a trozos en barco. Procede pedirle a los <strong><em>Reyes Magos<\/em><\/strong> que la dichosa pasarela se acaba antes de que termine este 2025 que acabamos de estrenar. Y procede pedirles que acabe sin las posibles \u201cjugaditas pol\u00edticas\u201d como las que se ciernen sobre la cabeza de <strong>D\u00e1maso Arteaga Su\u00e1rez<\/strong> (CC) el consejero Delegado de Carreteras del Cabildo tinerfe\u00f1o. Hoy no voy a explicar mucho m\u00e1s, pero sepan que la obra, para su legal puesta en marcha, requiere la obligatoria instalaci\u00f3n de dos ascensores en perfecto estado de funcionamiento las 24 horas el d\u00eda. La cosa puede ser responsabilidad de hasta tres consejer\u00edas del Cabildo. La propia de <strong>D\u00e1maso<\/strong>, la de <strong>\u00c1gueda Fumero<\/strong> (Acci\u00f3n Social de Inclusi\u00f3n, de la que depende Sinpromi) y la de <strong>Mar\u00eda Eulalia Garc\u00eda<\/strong> (\u00c1rea de Movilidad). Pero <em>\u201ca lo zorro\u201d<\/em> quieren endosarle el tema exclusivamente a <strong>D\u00e1maso Arteaga<\/strong>, para dejarle con aquello al aire. Veremos c\u00f3mo termina el delicado asunto.<\/li>\n<\/ul>\n<p><img loading=\"lazy\" decoding=\"async\" class=\"size-large wp-image-8836 aligncenter\" src=\"https:\/\/canariasenpositivo.com\/wp-content\/uploads\/2025\/01\/7.-PASARELA-PEATONALJPG-1024x682.jpg\" alt=\"\" width=\"660\" height=\"440\" \/><\/p>\n<p style=\"text-align: center\"><em>Ni trabajando de noche con la presencia de D\u00e1maso Arteaga (i) han terminado de cerrar el anillo peatonal en el a\u00f1o 2024. Veremos c\u00f3mo termina la obra en 2025.<\/em><\/p>\n<p>&nbsp;<\/p>\n<p><span style=\"color: #0000ff\"><strong>QUE SIGAMOS CON LAS TRADICIONES COMO BASTERRA<\/strong><\/span><\/p>\n<ul>\n<li>Termino <strong><em>El Cotarro<\/em><\/strong> de hoy pidi\u00e9ndole a los <strong><em>Reyes Magos<\/em><\/strong> que sigamos cuidando y respetando nuestras tradiciones, porque en ello nos va parte de nuestra vida y nuestra historia. Y lo hago tributando un homenaje al gran <strong>Javier Basterra<\/strong> <strong>Reyes<\/strong>, uno de los laguneros m\u00e1s entra\u00f1ables, queridos y respetados, defensor de las tradiciones laguneras y tinerfe\u00f1as, a la vez que forofo N\u00ba1 del C.B. Canarias y embajador de Pamplona y los Sanfermines en Tenerife. El bueno de <strong>Javier Basterra<\/strong>, con sus 76 a\u00f1os de intensa vida, lleva trabajando con sus populares ventorrillos la friolera de 53 a\u00f1os. Inicialmente, Javier Basterra regent\u00f3 durante muchos a\u00f1os la original y popular Tasca La Artiller\u00eda y, en los \u00faltimos 53 a\u00f1os (casi nada) lo hemos podido ver con su popular ventorrillo en el entorno de la Romer\u00eda de <strong>San Benito<\/strong> (en julio), en la Plaza del <strong>Cristo<\/strong> (en septiembre) y all\u00e1 donde haya una buena fiesta lagunera. En el mismo ventorrillo es raro no ver al propio <strong>Javier Basterra<\/strong> ensartando los pinchos de carne, preparando sus reconocidas garbanzas compuestas o preparando un tremendo rancho canario. En estos momentos <strong>Javier<\/strong> est\u00e1 un poco pachuchillo, pero estoy seguro de que, con los cuidados de la Sanidad canaria, junto con el cari\u00f1o y compa\u00f1\u00eda de su gran esposa, <strong>Yaya Gonz\u00e1lez,<\/strong> y de su hijo <strong>Carlos<\/strong> (que sigue ocup\u00e1ndose de los ventorrillos junto con <strong>Carla<\/strong>, su pareja) seguro que <strong>Javier<\/strong> va recuperarse muy pronto y salir de \u00e9sta. Mucho \u00e1nimo querido amigo <strong>Javier<\/strong>, p\u2019alante siempre, un gran abrazo y larga vida con salud<\/li>\n<\/ul>\n<p><img loading=\"lazy\" decoding=\"async\" class=\"size-large wp-image-8837 aligncenter\" src=\"https:\/\/canariasenpositivo.com\/wp-content\/uploads\/2025\/01\/8.-JAVIER-BASTERRA-1024x768.jpeg\" alt=\"\" width=\"660\" height=\"495\" \/><\/p>\n<p style=\"text-align: center\"><em>El original, \u00fanico e irrepetible Javier Basterra Reyes, siempre trabajando en su ventorrillo.<\/em><\/p>\n<p><img loading=\"lazy\" decoding=\"async\" class=\"size-large wp-image-8838 aligncenter\" src=\"https:\/\/canariasenpositivo.com\/wp-content\/uploads\/2025\/01\/9.-CARLOS-BASTERRA-1024x768.jpeg\" alt=\"\" width=\"660\" height=\"495\" \/><\/p>\n<p style=\"text-align: center\"><em>Carlos Basterra Gonz\u00e1lez (hijo de Javier y Yaya) junto con\u00a0 Carla, su simp\u00e1tica y trabajadora pareja.<\/em><\/p>\n<p>&nbsp;<\/p>\n<p>&nbsp;<\/p>\n<p><span style=\"color: #0000ff\"><strong>* Jos\u00e9 Carlos MARRERO GONZ\u00c1LEZ<\/strong><\/span><\/p>\n<p>Periodista y analista de la actualidad.<\/p>\n<p>Director de <strong><em>El Cotarro<\/em><\/strong> (www.elcotarro.com)<\/p>\n<p>Director de <strong><em>Canarias en Positivo<\/em><\/strong> (www.canariasenpositivo.com)<\/p>\n<p>Director de <strong><em>GastroCanarias<\/em><\/strong> (www.gastrocanarias.com)<\/p>\n<p>&nbsp;<\/p>\n<p>Islas Canarias, 5 de enero de 2025<\/p>\n<p><img loading=\"lazy\" decoding=\"async\" class=\"size-full wp-image-7956 aligncenter\" src=\"https:\/\/canariasenpositivo.com\/wp-content\/uploads\/2024\/06\/A-CARECA-INSULA.jpg\" alt=\"\" width=\"750\" height=\"153\" \/><\/p>\n","protected":false},"excerpt":{"rendered":"<p>N\u00ba539 DEL 5 DE ENERO DE 2025 &nbsp; &nbsp; Por Jos\u00e9 Carlos Marrero * &nbsp; \u00a0 COMENZAMOS 2025 CON ESPERANZA Y MUCHO AHINCO Comienzo la primera edici\u00f3n de El Cotarro de este a\u00f1o nuevo con esperanza y optimismo. Tengo que hacerlo as\u00ed, no queda otra. Se fue un catastr\u00f3fico, convulso, problem\u00e1tico y, para m\u00ed, triste &#8230; <a class=\"read-more\" href=\"https:\/\/elcotarro.com\/?p=10984\">Read more<\/a><\/p>\n","protected":false},"author":2,"featured_media":0,"comment_status":"open","ping_status":"open","sticky":false,"template":"","format":"standard","meta":{"_jetpack_memberships_contains_paid_content":false,"footnotes":""},"categories":[4],"tags":[],"class_list":["post-10984","post","type-post","status-publish","format-standard","hentry","category-el-cotarro"],"yoast_head":"<!-- This site is optimized with the Yoast SEO plugin v27.0 - https:\/\/yoast.com\/product\/yoast-seo-wordpress\/ -->\n<title>EL COTARRO \/ 539, DEL DOMINGO, 05\/01\/2025 - El Cotarro<\/title>\n<meta name=\"robots\" content=\"index, follow, max-snippet:-1, max-image-preview:large, max-video-preview:-1\" \/>\n<link rel=\"canonical\" href=\"https:\/\/elcotarro.com\/?p=10984\" \/>\n<meta property=\"og:locale\" content=\"es_ES\" \/>\n<meta property=\"og:type\" content=\"article\" \/>\n<meta property=\"og:title\" content=\"EL COTARRO \/ 539, DEL DOMINGO, 05\/01\/2025 - El Cotarro\" \/>\n<meta property=\"og:description\" content=\"N\u00ba539 DEL 5 DE ENERO DE 2025 &nbsp; &nbsp; Por Jos\u00e9 Carlos Marrero * &nbsp; \u00a0 COMENZAMOS 2025 CON ESPERANZA Y MUCHO AHINCO Comienzo la primera edici\u00f3n de El Cotarro de este a\u00f1o nuevo con esperanza y optimismo. Tengo que hacerlo as\u00ed, no queda otra. Se fue un catastr\u00f3fico, convulso, problem\u00e1tico y, para m\u00ed, triste ... Read more\" \/>\n<meta property=\"og:url\" content=\"https:\/\/elcotarro.com\/?p=10984\" \/>\n<meta property=\"og:site_name\" content=\"El Cotarro\" \/>\n<meta property=\"article:publisher\" content=\"https:\/\/www.facebook.com\/ElCotarro.Tenerife\" \/>\n<meta property=\"article:published_time\" content=\"2025-01-05T00:41:43+00:00\" \/>\n<meta property=\"article:modified_time\" content=\"2025-01-05T11:32:17+00:00\" \/>\n<meta property=\"og:image\" content=\"https:\/\/canariasenpositivo.com\/wp-content\/uploads\/2024\/10\/Cabecera_El_Cotarro_v2-1024x128.jpg\" \/>\n<meta name=\"author\" content=\"Jos\u00e9 Carlos Marrero Gonz\u00e1lez\" \/>\n<meta name=\"twitter:label1\" content=\"Escrito por\" \/>\n\t<meta name=\"twitter:data1\" content=\"Jos\u00e9 Carlos Marrero Gonz\u00e1lez\" \/>\n\t<meta name=\"twitter:label2\" content=\"Tiempo de lectura\" \/>\n\t<meta name=\"twitter:data2\" content=\"12 minutos\" \/>\n<script type=\"application\/ld+json\" class=\"yoast-schema-graph\">{\"@context\":\"https:\/\/schema.org\",\"@graph\":[{\"@type\":\"Article\",\"@id\":\"https:\/\/elcotarro.com\/?p=10984#article\",\"isPartOf\":{\"@id\":\"https:\/\/elcotarro.com\/?p=10984\"},\"author\":{\"name\":\"Jos\u00e9 Carlos Marrero Gonz\u00e1lez\",\"@id\":\"https:\/\/elcotarro.com\/#\/schema\/person\/af537ee7d60d15984c7e0affcd8a918b\"},\"headline\":\"EL COTARRO \/ 539, DEL DOMINGO, 05\/01\/2025\",\"datePublished\":\"2025-01-05T00:41:43+00:00\",\"dateModified\":\"2025-01-05T11:32:17+00:00\",\"mainEntityOfPage\":{\"@id\":\"https:\/\/elcotarro.com\/?p=10984\"},\"wordCount\":2242,\"commentCount\":0,\"publisher\":{\"@id\":\"https:\/\/elcotarro.com\/#organization\"},\"image\":{\"@id\":\"https:\/\/elcotarro.com\/?p=10984#primaryimage\"},\"thumbnailUrl\":\"https:\/\/canariasenpositivo.com\/wp-content\/uploads\/2024\/10\/Cabecera_El_Cotarro_v2-1024x128.jpg\",\"articleSection\":[\"El Cotarro\"],\"inLanguage\":\"es\",\"potentialAction\":[{\"@type\":\"CommentAction\",\"name\":\"Comment\",\"target\":[\"https:\/\/elcotarro.com\/?p=10984#respond\"]}]},{\"@type\":\"WebPage\",\"@id\":\"https:\/\/elcotarro.com\/?p=10984\",\"url\":\"https:\/\/elcotarro.com\/?p=10984\",\"name\":\"EL COTARRO \/ 539, DEL DOMINGO, 05\/01\/2025 - El Cotarro\",\"isPartOf\":{\"@id\":\"https:\/\/elcotarro.com\/#website\"},\"primaryImageOfPage\":{\"@id\":\"https:\/\/elcotarro.com\/?p=10984#primaryimage\"},\"image\":{\"@id\":\"https:\/\/elcotarro.com\/?p=10984#primaryimage\"},\"thumbnailUrl\":\"https:\/\/canariasenpositivo.com\/wp-content\/uploads\/2024\/10\/Cabecera_El_Cotarro_v2-1024x128.jpg\",\"datePublished\":\"2025-01-05T00:41:43+00:00\",\"dateModified\":\"2025-01-05T11:32:17+00:00\",\"breadcrumb\":{\"@id\":\"https:\/\/elcotarro.com\/?p=10984#breadcrumb\"},\"inLanguage\":\"es\",\"potentialAction\":[{\"@type\":\"ReadAction\",\"target\":[\"https:\/\/elcotarro.com\/?p=10984\"]}]},{\"@type\":\"ImageObject\",\"inLanguage\":\"es\",\"@id\":\"https:\/\/elcotarro.com\/?p=10984#primaryimage\",\"url\":\"https:\/\/canariasenpositivo.com\/wp-content\/uploads\/2024\/10\/Cabecera_El_Cotarro_v2-1024x128.jpg\",\"contentUrl\":\"https:\/\/canariasenpositivo.com\/wp-content\/uploads\/2024\/10\/Cabecera_El_Cotarro_v2-1024x128.jpg\"},{\"@type\":\"BreadcrumbList\",\"@id\":\"https:\/\/elcotarro.com\/?p=10984#breadcrumb\",\"itemListElement\":[{\"@type\":\"ListItem\",\"position\":1,\"name\":\"Portada\",\"item\":\"https:\/\/elcotarro.com\/\"},{\"@type\":\"ListItem\",\"position\":2,\"name\":\"EL COTARRO \/ 539, DEL DOMINGO, 05\/01\/2025\"}]},{\"@type\":\"WebSite\",\"@id\":\"https:\/\/elcotarro.com\/#website\",\"url\":\"https:\/\/elcotarro.com\/\",\"name\":\"El Cotarro\",\"description\":\"Peri\u00f3dico Digital Independiente dirigido por Jos\u00e9 Carlos Marrero\",\"publisher\":{\"@id\":\"https:\/\/elcotarro.com\/#organization\"},\"potentialAction\":[{\"@type\":\"SearchAction\",\"target\":{\"@type\":\"EntryPoint\",\"urlTemplate\":\"https:\/\/elcotarro.com\/?s={search_term_string}\"},\"query-input\":{\"@type\":\"PropertyValueSpecification\",\"valueRequired\":true,\"valueName\":\"search_term_string\"}}],\"inLanguage\":\"es\"},{\"@type\":\"Organization\",\"@id\":\"https:\/\/elcotarro.com\/#organization\",\"name\":\"El Cotarro\",\"url\":\"https:\/\/elcotarro.com\/\",\"logo\":{\"@type\":\"ImageObject\",\"inLanguage\":\"es\",\"@id\":\"https:\/\/elcotarro.com\/#\/schema\/logo\/image\/\",\"url\":\"https:\/\/elcotarro.com\/wp-content\/uploads\/2014\/09\/Cabecera_El_Cotarro_v2.jpg\",\"contentUrl\":\"https:\/\/elcotarro.com\/wp-content\/uploads\/2014\/09\/Cabecera_El_Cotarro_v2.jpg\",\"width\":3540,\"height\":441,\"caption\":\"El Cotarro\"},\"image\":{\"@id\":\"https:\/\/elcotarro.com\/#\/schema\/logo\/image\/\"},\"sameAs\":[\"https:\/\/www.facebook.com\/ElCotarro.Tenerife\"]},{\"@type\":\"Person\",\"@id\":\"https:\/\/elcotarro.com\/#\/schema\/person\/af537ee7d60d15984c7e0affcd8a918b\",\"name\":\"Jos\u00e9 Carlos Marrero Gonz\u00e1lez\",\"image\":{\"@type\":\"ImageObject\",\"inLanguage\":\"es\",\"@id\":\"https:\/\/elcotarro.com\/#\/schema\/person\/image\/\",\"url\":\"https:\/\/secure.gravatar.com\/avatar\/def4da036efb5d32c74d49c351f6dccc064dd69ad9f3aadc295c5a9a5391ca01?s=96&d=mm&r=g\",\"contentUrl\":\"https:\/\/secure.gravatar.com\/avatar\/def4da036efb5d32c74d49c351f6dccc064dd69ad9f3aadc295c5a9a5391ca01?s=96&d=mm&r=g\",\"caption\":\"Jos\u00e9 Carlos Marrero Gonz\u00e1lez\"},\"sameAs\":[\"https:\/\/elcotarro.com\"],\"url\":\"https:\/\/elcotarro.com\/?author=2\"}]}<\/script>\n<!-- \/ Yoast SEO plugin. -->","yoast_head_json":{"title":"EL COTARRO \/ 539, DEL DOMINGO, 05\/01\/2025 - El Cotarro","robots":{"index":"index","follow":"follow","max-snippet":"max-snippet:-1","max-image-preview":"max-image-preview:large","max-video-preview":"max-video-preview:-1"},"canonical":"https:\/\/elcotarro.com\/?p=10984","og_locale":"es_ES","og_type":"article","og_title":"EL COTARRO \/ 539, DEL DOMINGO, 05\/01\/2025 - El Cotarro","og_description":"N\u00ba539 DEL 5 DE ENERO DE 2025 &nbsp; &nbsp; Por Jos\u00e9 Carlos Marrero * &nbsp; \u00a0 COMENZAMOS 2025 CON ESPERANZA Y MUCHO AHINCO Comienzo la primera edici\u00f3n de El Cotarro de este a\u00f1o nuevo con esperanza y optimismo. Tengo que hacerlo as\u00ed, no queda otra. Se fue un catastr\u00f3fico, convulso, problem\u00e1tico y, para m\u00ed, triste ... Read more","og_url":"https:\/\/elcotarro.com\/?p=10984","og_site_name":"El Cotarro","article_publisher":"https:\/\/www.facebook.com\/ElCotarro.Tenerife","article_published_time":"2025-01-05T00:41:43+00:00","article_modified_time":"2025-01-05T11:32:17+00:00","og_image":[{"url":"https:\/\/canariasenpositivo.com\/wp-content\/uploads\/2024\/10\/Cabecera_El_Cotarro_v2-1024x128.jpg","type":"","width":"","height":""}],"author":"Jos\u00e9 Carlos Marrero Gonz\u00e1lez","twitter_misc":{"Escrito por":"Jos\u00e9 Carlos Marrero Gonz\u00e1lez","Tiempo de lectura":"12 minutos"},"schema":{"@context":"https:\/\/schema.org","@graph":[{"@type":"Article","@id":"https:\/\/elcotarro.com\/?p=10984#article","isPartOf":{"@id":"https:\/\/elcotarro.com\/?p=10984"},"author":{"name":"Jos\u00e9 Carlos Marrero Gonz\u00e1lez","@id":"https:\/\/elcotarro.com\/#\/schema\/person\/af537ee7d60d15984c7e0affcd8a918b"},"headline":"EL COTARRO \/ 539, DEL DOMINGO, 05\/01\/2025","datePublished":"2025-01-05T00:41:43+00:00","dateModified":"2025-01-05T11:32:17+00:00","mainEntityOfPage":{"@id":"https:\/\/elcotarro.com\/?p=10984"},"wordCount":2242,"commentCount":0,"publisher":{"@id":"https:\/\/elcotarro.com\/#organization"},"image":{"@id":"https:\/\/elcotarro.com\/?p=10984#primaryimage"},"thumbnailUrl":"https:\/\/canariasenpositivo.com\/wp-content\/uploads\/2024\/10\/Cabecera_El_Cotarro_v2-1024x128.jpg","articleSection":["El Cotarro"],"inLanguage":"es","potentialAction":[{"@type":"CommentAction","name":"Comment","target":["https:\/\/elcotarro.com\/?p=10984#respond"]}]},{"@type":"WebPage","@id":"https:\/\/elcotarro.com\/?p=10984","url":"https:\/\/elcotarro.com\/?p=10984","name":"EL COTARRO \/ 539, DEL DOMINGO, 05\/01\/2025 - El Cotarro","isPartOf":{"@id":"https:\/\/elcotarro.com\/#website"},"primaryImageOfPage":{"@id":"https:\/\/elcotarro.com\/?p=10984#primaryimage"},"image":{"@id":"https:\/\/elcotarro.com\/?p=10984#primaryimage"},"thumbnailUrl":"https:\/\/canariasenpositivo.com\/wp-content\/uploads\/2024\/10\/Cabecera_El_Cotarro_v2-1024x128.jpg","datePublished":"2025-01-05T00:41:43+00:00","dateModified":"2025-01-05T11:32:17+00:00","breadcrumb":{"@id":"https:\/\/elcotarro.com\/?p=10984#breadcrumb"},"inLanguage":"es","potentialAction":[{"@type":"ReadAction","target":["https:\/\/elcotarro.com\/?p=10984"]}]},{"@type":"ImageObject","inLanguage":"es","@id":"https:\/\/elcotarro.com\/?p=10984#primaryimage","url":"https:\/\/canariasenpositivo.com\/wp-content\/uploads\/2024\/10\/Cabecera_El_Cotarro_v2-1024x128.jpg","contentUrl":"https:\/\/canariasenpositivo.com\/wp-content\/uploads\/2024\/10\/Cabecera_El_Cotarro_v2-1024x128.jpg"},{"@type":"BreadcrumbList","@id":"https:\/\/elcotarro.com\/?p=10984#breadcrumb","itemListElement":[{"@type":"ListItem","position":1,"name":"Portada","item":"https:\/\/elcotarro.com\/"},{"@type":"ListItem","position":2,"name":"EL COTARRO \/ 539, DEL DOMINGO, 05\/01\/2025"}]},{"@type":"WebSite","@id":"https:\/\/elcotarro.com\/#website","url":"https:\/\/elcotarro.com\/","name":"El Cotarro","description":"Peri\u00f3dico Digital Independiente dirigido por Jos\u00e9 Carlos Marrero","publisher":{"@id":"https:\/\/elcotarro.com\/#organization"},"potentialAction":[{"@type":"SearchAction","target":{"@type":"EntryPoint","urlTemplate":"https:\/\/elcotarro.com\/?s={search_term_string}"},"query-input":{"@type":"PropertyValueSpecification","valueRequired":true,"valueName":"search_term_string"}}],"inLanguage":"es"},{"@type":"Organization","@id":"https:\/\/elcotarro.com\/#organization","name":"El Cotarro","url":"https:\/\/elcotarro.com\/","logo":{"@type":"ImageObject","inLanguage":"es","@id":"https:\/\/elcotarro.com\/#\/schema\/logo\/image\/","url":"https:\/\/elcotarro.com\/wp-content\/uploads\/2014\/09\/Cabecera_El_Cotarro_v2.jpg","contentUrl":"https:\/\/elcotarro.com\/wp-content\/uploads\/2014\/09\/Cabecera_El_Cotarro_v2.jpg","width":3540,"height":441,"caption":"El Cotarro"},"image":{"@id":"https:\/\/elcotarro.com\/#\/schema\/logo\/image\/"},"sameAs":["https:\/\/www.facebook.com\/ElCotarro.Tenerife"]},{"@type":"Person","@id":"https:\/\/elcotarro.com\/#\/schema\/person\/af537ee7d60d15984c7e0affcd8a918b","name":"Jos\u00e9 Carlos Marrero Gonz\u00e1lez","image":{"@type":"ImageObject","inLanguage":"es","@id":"https:\/\/elcotarro.com\/#\/schema\/person\/image\/","url":"https:\/\/secure.gravatar.com\/avatar\/def4da036efb5d32c74d49c351f6dccc064dd69ad9f3aadc295c5a9a5391ca01?s=96&d=mm&r=g","contentUrl":"https:\/\/secure.gravatar.com\/avatar\/def4da036efb5d32c74d49c351f6dccc064dd69ad9f3aadc295c5a9a5391ca01?s=96&d=mm&r=g","caption":"Jos\u00e9 Carlos Marrero Gonz\u00e1lez"},"sameAs":["https:\/\/elcotarro.com"],"url":"https:\/\/elcotarro.com\/?author=2"}]}},"jetpack_featured_media_url":"","jetpack_sharing_enabled":true,"_links":{"self":[{"href":"https:\/\/elcotarro.com\/index.php?rest_route=\/wp\/v2\/posts\/10984","targetHints":{"allow":["GET"]}}],"collection":[{"href":"https:\/\/elcotarro.com\/index.php?rest_route=\/wp\/v2\/posts"}],"about":[{"href":"https:\/\/elcotarro.com\/index.php?rest_route=\/wp\/v2\/types\/post"}],"author":[{"embeddable":true,"href":"https:\/\/elcotarro.com\/index.php?rest_route=\/wp\/v2\/users\/2"}],"replies":[{"embeddable":true,"href":"https:\/\/elcotarro.com\/index.php?rest_route=%2Fwp%2Fv2%2Fcomments&post=10984"}],"version-history":[{"count":3,"href":"https:\/\/elcotarro.com\/index.php?rest_route=\/wp\/v2\/posts\/10984\/revisions"}],"predecessor-version":[{"id":10987,"href":"https:\/\/elcotarro.com\/index.php?rest_route=\/wp\/v2\/posts\/10984\/revisions\/10987"}],"wp:attachment":[{"href":"https:\/\/elcotarro.com\/index.php?rest_route=%2Fwp%2Fv2%2Fmedia&parent=10984"}],"wp:term":[{"taxonomy":"category","embeddable":true,"href":"https:\/\/elcotarro.com\/index.php?rest_route=%2Fwp%2Fv2%2Fcategories&post=10984"},{"taxonomy":"post_tag","embeddable":true,"href":"https:\/\/elcotarro.com\/index.php?rest_route=%2Fwp%2Fv2%2Ftags&post=10984"}],"curies":[{"name":"wp","href":"https:\/\/api.w.org\/{rel}","templated":true}]}}