{"id":11006,"date":"2025-02-09T00:12:08","date_gmt":"2025-02-09T00:12:08","guid":{"rendered":"https:\/\/elcotarro.com\/?p=11006"},"modified":"2025-02-08T21:13:15","modified_gmt":"2025-02-08T21:13:15","slug":"el-cotarro-544-del-domingo-09-02-2025","status":"publish","type":"post","link":"https:\/\/elcotarro.com\/?p=11006","title":{"rendered":"EL COTARRO \/ 544, DEL DOMINGO, 09\/02\/2025"},"content":{"rendered":"<p><img loading=\"lazy\" decoding=\"async\" class=\"size-full wp-image-8932 aligncenter\" src=\"https:\/\/canariasenpositivo.com\/wp-content\/uploads\/2025\/02\/1.-EL-COTARRO-DA.jpg\" alt=\"\" width=\"894\" height=\"145\" \/><\/p>\n<p style=\"text-align: center\"><span style=\"color: #ff0000\"><strong>N\u00ba 544 DEL 9 DE FEBRERO DE 2025<\/strong><\/span><\/p>\n<p>&nbsp;<\/p>\n<p><strong><span style=\"color: #0000ff\">La pasarela del Padre Anchieta est\u00e1 naciendo \u201ccoja\u201d<\/span> <\/strong><\/p>\n<ul>\n<li>La, controvertida, pol\u00e9mica y para m\u00ed maldita pasarela peatonal a\u00e9rea del Padre Anchieta me pega que sigue naciendo \u201ccoja\u201d. Y con esa \u201ccojera\u201d pretenden dejar al consejero de Carreteras del Cabildo de Tenerife, <strong>D\u00e1maso Arteaga<\/strong> (CC) a los pies de los caballos. La pasarela, que en si misma ya representa el triunfo de la m\u00e1quina sobre las personas, del coche frente a los peatones, se est\u00e1 olvidando de la llamada \u201caccesibilidad universal\u201d, tema en el que el Cabildo deber\u00eda ser ejemplo. En principio iban a poner solo unas rampas (bastante empinadas, por cierto) para que la usaran las personas (incluidas las discapacitadas o con movilidad reducida). Luego decidieron poner un ascensor por el lado de la Avenida de la Trinidad) y no por el lago de <strong>San Miguel<\/strong> de Geneto. Ante la impresentable y obvia metedura de pata, <strong>D\u00e1maso <\/strong>asegur\u00f3 que iban a rectificar. Pero, por el momento, la pasarela est\u00e1 naciendo \u201ccoja\u201d, al menos por la parte lagunera del otro lado, la de la ciudadan\u00eda de \u201clos Genetos\u201d, quienes, por cierto, tambi\u00e9n son personas hijitas de Dios.<\/li>\n<\/ul>\n<p><img loading=\"lazy\" decoding=\"async\" class=\"size-full wp-image-8970 aligncenter\" src=\"https:\/\/canariasenpositivo.com\/wp-content\/uploads\/2025\/02\/1.-ROSA-CON-DAMASO.jpg\" alt=\"\" width=\"621\" height=\"371\" \/><\/p>\n<p style=\"text-align: center\"><em>Rosa D\u00e1vila y D\u00e1maso Arteaga, testigos de la colocaci\u00f3n de un tramo de la pasarela.<\/em><\/p>\n<p>&nbsp;<\/p>\n<p><strong><span style=\"color: #0000ff\">De nada vale un ascensor cerrado o sin funcionar<\/span> <\/strong><\/p>\n<ul>\n<li>Este asunto de la pu\u00f1etera pasarela peatonal y el tema de su accesibilidad total creo que afecta no solo a <strong>D\u00e1maso Arteaga<\/strong>, sino tambi\u00e9n a la consejera insular de Inclusi\u00f3n, <strong>\u00c1gueda Fumero Roque<\/strong> (PP) y de la que depende Sinpromi, sino, adem\u00e1s, a la delegada de Atenci\u00f3n Ciudadana y Calidad de los Servicios, <strong>Mar\u00eda Candelaria Padr\u00f3n<\/strong> (CC) y a la del \u00c1rea de Movilidad, <strong>Mar\u00eda Eulalia Garc\u00eda Silva<\/strong> (CC). Y, por cierto, de nada vale poner dos o dos docenas de ascensores, si est\u00e1n cerrados o fuera de funcionamiento. Un par de claros ejemplos, por los que no s\u00e9 c\u00f3mo no se les cae la cara de verg\u00fcenza, es el de los ascensores instalados en la pasarela peatonal de \u201cLlano Alegre\u201d en la autopista TF-5, a la altura Hospital Nuestra Se\u00f1ora de <strong>La Candelaria<\/strong> y justito junto a dos paradas de guaguas. Que yo sepa, desde que se inaugur\u00f3 la pasarela (hace un mont\u00f3n de a\u00f1os) han estado cerrados y siguen sin funcionar. Es la atenci\u00f3n a la Discapacidad \u201cde boca p\u2019afuera\u201d<\/li>\n<\/ul>\n<p><img loading=\"lazy\" decoding=\"async\" class=\"size-large wp-image-8971 aligncenter\" src=\"https:\/\/canariasenpositivo.com\/wp-content\/uploads\/2025\/02\/2.-ASCENSORES-1024x677.jpg\" alt=\"\" width=\"660\" height=\"436\" \/><\/p>\n<p style=\"text-align: center\"><em>Ascensores cerrados en la pasarela peatonal de \u201cLlano Alegre\u201d en la TF-5 tanto en sentido hacia La Laguna, como hacia Santa Cruz.<\/em><\/p>\n<p>&nbsp;<\/p>\n<p><span style=\"color: #0000ff\"><strong>La \u201csurrealista\u201d Asamblea General del Real Casino<\/strong><\/span><\/p>\n<ul>\n<li>Hace unos d\u00edas se celebr\u00f3 una \u201canimada\u201d Asamblea General del Real Casino de Tenerife, que todav\u00eda preside <strong>Miguel Cabrera P\u00e9rez-Camacho<\/strong> y que \u00e9l mismo calific\u00f3 de \u201csurrealista\u201d. En medio de la misma, <strong>Miguel Cabrera<\/strong> se levant\u00f3 y abandon\u00f3 el sal\u00f3n, como decimos en Canarias, \u201cse mand\u00f3 a mudar\u201d dejando a los socios absolutamente desconcertados, a la vez que indignados. En un comunicado firmado por el presidente el pasado jueves, d\u00eda 6, <strong>Miguel Cabrera<\/strong> se dirigi\u00f3 a los socios manifestando textualmente lo siguiente: <em>\u201cdebo disculparme por haber abandonado el Casino el pasado d\u00eda 30 antes de que terminara la Asamblea General, pero mi m\u00e9dico, <strong> Horacio P\u00e9rez<\/strong>, me ha prohibido las discusiones bochornosas y los acontecimientos nocivos y peligrosos para mi coraz\u00f3n. Por ello, sal\u00ed a tomar el fresco y a tomarme un gintonic que me supo a gloria. Espero que comprendan mi decisi\u00f3n\u201d.<\/em> No es nada nuevo y nadie duda del car\u00e1cter y el genio que siempre ha caracterizado a <strong>Miguel Cabrera P\u00e9rez-Camacho<\/strong>, pero hay que reconocerle, adem\u00e1s, otras dos cosas indudables.<\/li>\n<\/ul>\n<p><img loading=\"lazy\" decoding=\"async\" class=\"size-large wp-image-8972 aligncenter\" src=\"https:\/\/canariasenpositivo.com\/wp-content\/uploads\/2025\/02\/3.-CASINO-DE-TENERIFE-06-1024x683.jpg\" alt=\"\" width=\"660\" height=\"440\" \/><\/p>\n<p style=\"text-align: center\"><em>Edificio sede del Real Casino de Tenerife, en la santacrucera Plaza de La Candelaria<\/em><\/p>\n<p>&nbsp;<\/p>\n<p><span style=\"color: #0000ff\"><strong>Un gran cardi\u00f3logo y un disciplinado paciente<\/strong><\/span><\/p>\n<ul>\n<li>Por un lado, que tiene un gran m\u00e9dico en la persona del reconocido cardi\u00f3logo Dr. <strong>Horacio P\u00e9rez Hern\u00e1ndez<\/strong>, gran experto donde los haya en infartos y otras patolog\u00edas card\u00edacas. Pero, por otro lado, hay que reconocer lo buen y disciplinado paciente que es <strong>Miguel Cabrera<\/strong>, quien, con tal de preservar su salud y la buena marcha de su coraz\u00f3n, no duda en dejar \u201ccolgados\u201d a los socios de la emblem\u00e1tica sociedad santacrucera. Ya quisiera yo ser tan disciplinado paciente con mis m\u00e9dicos, como lo es <strong>Miguel Cabrera<\/strong> con el amigo <strong>Horacio P\u00e9rez<\/strong>. Por cierto, no s\u00e9 si <strong>Horacio<\/strong> recetar\u00e1 muchos gin-tonics para preservar el buen funcionamiento del m\u00fasculo card\u00edaco, pero todos los expertos me dicen que, ya puestos, la mejor ginebra para el gin-tonic es la veterana <em>Gordon\u2019s<\/em> de toda la vida. Menos mal que se han convocado nuevas elecciones y, Dios mediante, el pr\u00f3ximo 15 de octubre en el Real Casino se elegir\u00e1 a una nueva Junta Directiva. Y esperemos que sea una gran Junta, porque la emblem\u00e1tica sociedad se la merece.<\/li>\n<\/ul>\n<p><img loading=\"lazy\" decoding=\"async\" class=\"size-large wp-image-8973 aligncenter\" src=\"https:\/\/canariasenpositivo.com\/wp-content\/uploads\/2025\/02\/4.-MIGUEL-CABRERA-1024x683.jpg\" alt=\"\" width=\"660\" height=\"440\" \/><\/p>\n<p style=\"text-align: center\"><em>Miguel Cabrera P\u00e9rez-Camacho, genio y figura, parece que en esta foto est\u00e1 queriendo decir \u201cmis manitas llenas de rosquetes\u201d<\/em><\/p>\n<p>&nbsp;<\/p>\n<p><span style=\"color: #0000ff\"><strong>Llegan los contenedores que Iv\u00e1n pidi\u00f3 hace 10 a\u00f1os<\/strong><\/span><\/p>\n<ul>\n<li>Remato la faena felicitando a un lagunero de pro, <strong>Iv\u00e1n Manuel Gonz\u00e1lez Riverol<\/strong>, quien, hace ahora diez a\u00f1os era un gran concejal del Partido Popular en La Laguna. El 4 de junio de 2026, <strong>Iv\u00e1n Gonz\u00e1lez<\/strong> present\u00f3 una moci\u00f3n en cuya motivaci\u00f3n dec\u00eda: <em>\u201c<\/em><em>Uno de los principales problemas con los que nos encontramos en estos d\u00edas es el tratamiento de los residuos generados, m\u00e1s a\u00fan en un territorio insular como el nuestro. La materia org\u00e1nica supone el 40% del total de nuestros residuos y pr\u00e1cticamente no se recicla nada\u201d.<\/em> Y el hombre solicitaba <em>\u201cIniciar los tr\u00e1mites necesarios para que en un tiempo prudencial se vayan instalando en este t\u00e9rmino municipal los contenedores para la recogida selectiva de biorresiduos o materia org\u00e1nica\u201d<\/em>. Casi 10 a\u00f1os despu\u00e9s, los contenedores marrones pedidos por <strong>Iv\u00e1n Gonz\u00e1lez<\/strong> (PP) han llegado hace unos d\u00edas, de la mano del concejal de Coalici\u00f3n Canaria, <strong>Fran Hern\u00e1ndez<\/strong>. Hay que felicitarles a los dos. Est\u00e1 claro que m\u00e1s vale tarde que nunca y que nunca es tarde, si el contenedor es bueno.<\/li>\n<\/ul>\n<p><img loading=\"lazy\" decoding=\"async\" class=\"size-large wp-image-8974 aligncenter\" src=\"https:\/\/canariasenpositivo.com\/wp-content\/uploads\/2025\/02\/5.-CONTENEDOR-1024x768.jpeg\" alt=\"\" width=\"660\" height=\"495\" \/><\/p>\n<p style=\"text-align: center\"><em>Uno de los contenedores marrones, que, por cierto, mucha gente no sabe c\u00f3mo se abren.<\/em><\/p>\n<p><em>\u00a0<\/em><\/p>\n<p><span style=\"color: #0000ff\"><strong>Es momento de que Tenerife ayude a Venezuela<\/strong><\/span><\/p>\n<ul>\n<li>La popularmente llamada \u201cOctava Isla\u201d, nuestra querida Venezuela, que ahora con el renacimiento de La Graciosa deberemos llamar \u201cNovena Isla\u201d est\u00e1 pasando por unos momentos en los que hay que recordar m\u00e1s que nunca que fue receptora de miles y miles de emigrantes tinerfe\u00f1os, palmeros y canarios en general, que buscaban una mejor vida al otro lado del Atl\u00e1ntico. Nadie duda que la hospitalidad de Venezuela y el pueblo venezolano en la d\u00e9cada de los 50 y 60 fue crucial para la econom\u00eda de nuestras Islas Canarias. En este momento en que todos deseamos y esperamos que se reconozca que el verdadero presidente democr\u00e1ticamente elegido es <strong>Edmundo Gonz\u00e1lez<\/strong> y que el dictador <strong>Nicol\u00e1s Maduro<\/strong> debe abandonar el poder que no le pertenece, Venezuela sufre una peligrosa inestabilidad pol\u00edtica y econ\u00f3mica que se traduce en que el pueblo venezolano lo est\u00e1 pasando muy mal y ya casi con falta de las necesidades b\u00e1sicas. Este es el momento en que la solidaridad de Tenerife y Canarias debe llegar a Venezuela.<\/li>\n<\/ul>\n<p><img loading=\"lazy\" decoding=\"async\" class=\"size-large wp-image-8975 aligncenter\" src=\"https:\/\/canariasenpositivo.com\/wp-content\/uploads\/2025\/02\/6.-MONAGAS-1024x683.webp\" alt=\"\" width=\"660\" height=\"440\" \/><\/p>\n<p style=\"text-align: center\"><em>Parroquia de San Juan Bautista, Matur\u00edn, Estado Monagas (Venezuela)<\/em><\/p>\n<p>&nbsp;<\/p>\n<p><span style=\"color: #0000ff\"><strong>Cena ben\u00e9fica solidaria para ayudar a Matur\u00edn<\/strong><\/span><\/p>\n<ul>\n<li>En medio de esa realidad y queriendo aportar un solidario granito de arena, un sacerdote tinerfe\u00f1o <strong>Macario Manuel L\u00f3pez Garc\u00eda<\/strong>, que tiene magn\u00edficas relaciones de amistad y hermandad sacerdotal con la parroquia de San Juan Bautista, en la di\u00f3cesis de Matur\u00edn, en el Estado Monagas, en la regi\u00f3n nororiental de Venezuela. El <em>desinquieto<\/em> <strong>Macario L\u00f3pez<\/strong> es Delegado Diocesano de Ecumenismo y fue durante varios a\u00f1os p\u00e1rroco en El M\u00e9dano y cuid\u00f3 con dedicaci\u00f3n del espacio religioso de la Cueva del <strong>Santo Hermano Pedro<\/strong>, ambos en Granadilla de Abona. Pero <strong>Macario<\/strong> siempre mantuvo una especial relaci\u00f3n con nuestra \u201cNovena Isla\u201d, la Di\u00f3cesis de Matur\u00edn y, en concreto, con la mencionada parroquia de <strong>San Juan Bautista<\/strong>, cuya feligres\u00eda est\u00e1 tambi\u00e9n muy necesitada. Por ello, el padre <strong>Macario L\u00f3pez<\/strong> ha promovido la celebraci\u00f3n de una \u201cCena Ben\u00e9fica Solidaria\u201d que se celebrar\u00e1 el pr\u00f3ximo s\u00e1bado, 15 de febrero, en el popular restaurante San Mart\u00edn de Porres, en Cabo Blanco (Arona), a partir de las 20:00 horas. Antes, para quien tambi\u00e9n desee asistir, se celebrar\u00e1 una misa dominical, a las 19:00 horas, en la parroquia de <strong>San Mart\u00edn de Porres<\/strong>, de Cabo Blanco<\/li>\n<\/ul>\n<p><img loading=\"lazy\" decoding=\"async\" class=\"size-full wp-image-8976 aligncenter\" src=\"https:\/\/canariasenpositivo.com\/wp-content\/uploads\/2025\/02\/7.-MACARIO-LOPEZ.jpg\" alt=\"\" width=\"492\" height=\"631\" \/><\/p>\n<p style=\"text-align: center\"><em>Macario L\u00f3pez Garc\u00eda, cuando estaba a cargo de la Cueva del Santo Hermano Pedro<\/em><\/p>\n<p>&nbsp;<\/p>\n<p><span style=\"color: #0000ff\"><strong>Gastronom\u00eda canaria, regalos y una solidaria Fila 0<\/strong><\/span><\/p>\n<ul>\n<li>Quien desee colaborar, puede hacerlo asistiendo y disfrutando de la gastronom\u00eda canaria en la propia cena (aportando 23 \u20ac por cubierto) y participando en el sorteo de variados regalos que ha conseguido el propio padre <strong>Macario L\u00f3pez<\/strong> y que han sido donados por generosas empresas colaboradoras. Pero tambi\u00e9n, para quien no pueda asistir, pero quiera ayudar solidariamente con Venezuela, puede colaborar comprar una o varias entradas de la llamada \u201cFila 0\u201d al m\u00f3dico precio de 10 \u20ac. Para colaborar con esta noble y solidaria iniciativa, el padre <strong>Macario L\u00f3pez<\/strong> y sus colaboradores han dispuesto un \u00fanico tel\u00e9fono solidario, el <strong>699 008 017<\/strong> en donde se puede recabar toda la informaci\u00f3n que se requiera para asistir a la cena o para realizar las aportaciones que deseen. Con lo recaudado, <strong>Macario L\u00f3pez<\/strong> har\u00e1 llegar a Matur\u00edn un mont\u00f3n de material que ya se sabe necesario y que llegar\u00e1 directamente a los responsables de la acci\u00f3n social en la parroquia de <strong>San Juan Bautista<\/strong>. Como hemos dicho y todos sabemos, es ahora el momento de ayudar a Venezuela y su pueblo. An\u00edmense y colaboren. Am\u00e9n<\/li>\n<\/ul>\n<p><img loading=\"lazy\" decoding=\"async\" class=\"size-large wp-image-8977 aligncenter\" src=\"https:\/\/canariasenpositivo.com\/wp-content\/uploads\/2025\/02\/8.-CARTEL-CENA-721x1024.jpeg\" alt=\"\" width=\"660\" height=\"937\" \/><\/p>\n<p style=\"text-align: center\"><em>Cartel anunciador de la cena ben\u00e9fica promovida por el padre Macario L\u00f3pez.<\/em><\/p>\n<p><em>\u00a0<\/em><\/p>\n<p><span style=\"color: #0000ff\"><em>\u00a0<\/em><strong>* Jos\u00e9 Carlos MARRERO GONZ\u00c1LEZ<\/strong><\/span><\/p>\n<p>Periodista y analista de la actualidad.<\/p>\n<p>Director de <strong><em>El Cotarro<\/em><\/strong> (www.elcotarro.com)<\/p>\n<p>Director de <strong><em>Canarias en Positivo<\/em><\/strong> (www.canariasenpositivo.com)<\/p>\n<p>Director de <strong><em>GastroCanarias<\/em><\/strong> (www.gastrocanarias.com)<\/p>\n<p><span style=\"color: #0000ff\">info@canariasenpositivo.com\u00a0<\/span><\/p>\n<p>Islas Canarias, 9 de febrero de 2025.<\/p>\n<p><em><img loading=\"lazy\" decoding=\"async\" class=\"size-full wp-image-8878 aligncenter\" src=\"https:\/\/canariasenpositivo.com\/wp-content\/uploads\/2025\/01\/3.-CARECA-INSULA.jpg\" alt=\"\" width=\"750\" height=\"153\" \/><\/em><\/p>\n<p>&nbsp;<\/p>\n","protected":false},"excerpt":{"rendered":"<p>N\u00ba 544 DEL 9 DE FEBRERO DE 2025 &nbsp; La pasarela del Padre Anchieta est\u00e1 naciendo \u201ccoja\u201d La, controvertida, pol\u00e9mica y para m\u00ed maldita pasarela peatonal a\u00e9rea del Padre Anchieta me pega que sigue naciendo \u201ccoja\u201d. Y con esa \u201ccojera\u201d pretenden dejar al consejero de Carreteras del Cabildo de Tenerife, D\u00e1maso Arteaga (CC) a los &#8230; <a class=\"read-more\" href=\"https:\/\/elcotarro.com\/?p=11006\">Read more<\/a><\/p>\n","protected":false},"author":2,"featured_media":0,"comment_status":"open","ping_status":"open","sticky":false,"template":"","format":"standard","meta":{"_jetpack_memberships_contains_paid_content":false,"footnotes":""},"categories":[4],"tags":[],"class_list":["post-11006","post","type-post","status-publish","format-standard","hentry","category-el-cotarro"],"yoast_head":"<!-- This site is optimized with the Yoast SEO plugin v27.0 - https:\/\/yoast.com\/product\/yoast-seo-wordpress\/ -->\n<title>EL COTARRO \/ 544, DEL DOMINGO, 09\/02\/2025 - El Cotarro<\/title>\n<meta name=\"robots\" content=\"index, follow, max-snippet:-1, max-image-preview:large, max-video-preview:-1\" \/>\n<link rel=\"canonical\" href=\"https:\/\/elcotarro.com\/?p=11006\" \/>\n<meta property=\"og:locale\" content=\"es_ES\" \/>\n<meta property=\"og:type\" content=\"article\" \/>\n<meta property=\"og:title\" content=\"EL COTARRO \/ 544, DEL DOMINGO, 09\/02\/2025 - El Cotarro\" \/>\n<meta property=\"og:description\" content=\"N\u00ba 544 DEL 9 DE FEBRERO DE 2025 &nbsp; La pasarela del Padre Anchieta est\u00e1 naciendo \u201ccoja\u201d La, controvertida, pol\u00e9mica y para m\u00ed maldita pasarela peatonal a\u00e9rea del Padre Anchieta me pega que sigue naciendo \u201ccoja\u201d. Y con esa \u201ccojera\u201d pretenden dejar al consejero de Carreteras del Cabildo de Tenerife, D\u00e1maso Arteaga (CC) a los ... Read more\" \/>\n<meta property=\"og:url\" content=\"https:\/\/elcotarro.com\/?p=11006\" \/>\n<meta property=\"og:site_name\" content=\"El Cotarro\" \/>\n<meta property=\"article:publisher\" content=\"https:\/\/www.facebook.com\/ElCotarro.Tenerife\" \/>\n<meta property=\"article:published_time\" content=\"2025-02-09T00:12:08+00:00\" \/>\n<meta property=\"og:image\" content=\"https:\/\/canariasenpositivo.com\/wp-content\/uploads\/2025\/02\/1.-EL-COTARRO-DA.jpg\" \/>\n<meta name=\"author\" content=\"Jos\u00e9 Carlos Marrero Gonz\u00e1lez\" \/>\n<meta name=\"twitter:label1\" content=\"Escrito por\" \/>\n\t<meta name=\"twitter:data1\" content=\"Jos\u00e9 Carlos Marrero Gonz\u00e1lez\" \/>\n\t<meta name=\"twitter:label2\" content=\"Tiempo de lectura\" \/>\n\t<meta name=\"twitter:data2\" content=\"10 minutos\" \/>\n<script type=\"application\/ld+json\" class=\"yoast-schema-graph\">{\"@context\":\"https:\/\/schema.org\",\"@graph\":[{\"@type\":\"Article\",\"@id\":\"https:\/\/elcotarro.com\/?p=11006#article\",\"isPartOf\":{\"@id\":\"https:\/\/elcotarro.com\/?p=11006\"},\"author\":{\"name\":\"Jos\u00e9 Carlos Marrero Gonz\u00e1lez\",\"@id\":\"https:\/\/elcotarro.com\/#\/schema\/person\/af537ee7d60d15984c7e0affcd8a918b\"},\"headline\":\"EL COTARRO \/ 544, DEL DOMINGO, 09\/02\/2025\",\"datePublished\":\"2025-02-09T00:12:08+00:00\",\"mainEntityOfPage\":{\"@id\":\"https:\/\/elcotarro.com\/?p=11006\"},\"wordCount\":1765,\"commentCount\":0,\"publisher\":{\"@id\":\"https:\/\/elcotarro.com\/#organization\"},\"image\":{\"@id\":\"https:\/\/elcotarro.com\/?p=11006#primaryimage\"},\"thumbnailUrl\":\"https:\/\/canariasenpositivo.com\/wp-content\/uploads\/2025\/02\/1.-EL-COTARRO-DA.jpg\",\"articleSection\":[\"El Cotarro\"],\"inLanguage\":\"es\",\"potentialAction\":[{\"@type\":\"CommentAction\",\"name\":\"Comment\",\"target\":[\"https:\/\/elcotarro.com\/?p=11006#respond\"]}]},{\"@type\":\"WebPage\",\"@id\":\"https:\/\/elcotarro.com\/?p=11006\",\"url\":\"https:\/\/elcotarro.com\/?p=11006\",\"name\":\"EL COTARRO \/ 544, DEL DOMINGO, 09\/02\/2025 - El Cotarro\",\"isPartOf\":{\"@id\":\"https:\/\/elcotarro.com\/#website\"},\"primaryImageOfPage\":{\"@id\":\"https:\/\/elcotarro.com\/?p=11006#primaryimage\"},\"image\":{\"@id\":\"https:\/\/elcotarro.com\/?p=11006#primaryimage\"},\"thumbnailUrl\":\"https:\/\/canariasenpositivo.com\/wp-content\/uploads\/2025\/02\/1.-EL-COTARRO-DA.jpg\",\"datePublished\":\"2025-02-09T00:12:08+00:00\",\"breadcrumb\":{\"@id\":\"https:\/\/elcotarro.com\/?p=11006#breadcrumb\"},\"inLanguage\":\"es\",\"potentialAction\":[{\"@type\":\"ReadAction\",\"target\":[\"https:\/\/elcotarro.com\/?p=11006\"]}]},{\"@type\":\"ImageObject\",\"inLanguage\":\"es\",\"@id\":\"https:\/\/elcotarro.com\/?p=11006#primaryimage\",\"url\":\"https:\/\/canariasenpositivo.com\/wp-content\/uploads\/2025\/02\/1.-EL-COTARRO-DA.jpg\",\"contentUrl\":\"https:\/\/canariasenpositivo.com\/wp-content\/uploads\/2025\/02\/1.-EL-COTARRO-DA.jpg\"},{\"@type\":\"BreadcrumbList\",\"@id\":\"https:\/\/elcotarro.com\/?p=11006#breadcrumb\",\"itemListElement\":[{\"@type\":\"ListItem\",\"position\":1,\"name\":\"Portada\",\"item\":\"https:\/\/elcotarro.com\/\"},{\"@type\":\"ListItem\",\"position\":2,\"name\":\"EL COTARRO \/ 544, DEL DOMINGO, 09\/02\/2025\"}]},{\"@type\":\"WebSite\",\"@id\":\"https:\/\/elcotarro.com\/#website\",\"url\":\"https:\/\/elcotarro.com\/\",\"name\":\"El Cotarro\",\"description\":\"Peri\u00f3dico Digital Independiente dirigido por Jos\u00e9 Carlos Marrero\",\"publisher\":{\"@id\":\"https:\/\/elcotarro.com\/#organization\"},\"potentialAction\":[{\"@type\":\"SearchAction\",\"target\":{\"@type\":\"EntryPoint\",\"urlTemplate\":\"https:\/\/elcotarro.com\/?s={search_term_string}\"},\"query-input\":{\"@type\":\"PropertyValueSpecification\",\"valueRequired\":true,\"valueName\":\"search_term_string\"}}],\"inLanguage\":\"es\"},{\"@type\":\"Organization\",\"@id\":\"https:\/\/elcotarro.com\/#organization\",\"name\":\"El Cotarro\",\"url\":\"https:\/\/elcotarro.com\/\",\"logo\":{\"@type\":\"ImageObject\",\"inLanguage\":\"es\",\"@id\":\"https:\/\/elcotarro.com\/#\/schema\/logo\/image\/\",\"url\":\"https:\/\/elcotarro.com\/wp-content\/uploads\/2014\/09\/Cabecera_El_Cotarro_v2.jpg\",\"contentUrl\":\"https:\/\/elcotarro.com\/wp-content\/uploads\/2014\/09\/Cabecera_El_Cotarro_v2.jpg\",\"width\":3540,\"height\":441,\"caption\":\"El Cotarro\"},\"image\":{\"@id\":\"https:\/\/elcotarro.com\/#\/schema\/logo\/image\/\"},\"sameAs\":[\"https:\/\/www.facebook.com\/ElCotarro.Tenerife\"]},{\"@type\":\"Person\",\"@id\":\"https:\/\/elcotarro.com\/#\/schema\/person\/af537ee7d60d15984c7e0affcd8a918b\",\"name\":\"Jos\u00e9 Carlos Marrero Gonz\u00e1lez\",\"image\":{\"@type\":\"ImageObject\",\"inLanguage\":\"es\",\"@id\":\"https:\/\/elcotarro.com\/#\/schema\/person\/image\/\",\"url\":\"https:\/\/secure.gravatar.com\/avatar\/def4da036efb5d32c74d49c351f6dccc064dd69ad9f3aadc295c5a9a5391ca01?s=96&d=mm&r=g\",\"contentUrl\":\"https:\/\/secure.gravatar.com\/avatar\/def4da036efb5d32c74d49c351f6dccc064dd69ad9f3aadc295c5a9a5391ca01?s=96&d=mm&r=g\",\"caption\":\"Jos\u00e9 Carlos Marrero Gonz\u00e1lez\"},\"sameAs\":[\"https:\/\/elcotarro.com\"],\"url\":\"https:\/\/elcotarro.com\/?author=2\"}]}<\/script>\n<!-- \/ Yoast SEO plugin. -->","yoast_head_json":{"title":"EL COTARRO \/ 544, DEL DOMINGO, 09\/02\/2025 - El Cotarro","robots":{"index":"index","follow":"follow","max-snippet":"max-snippet:-1","max-image-preview":"max-image-preview:large","max-video-preview":"max-video-preview:-1"},"canonical":"https:\/\/elcotarro.com\/?p=11006","og_locale":"es_ES","og_type":"article","og_title":"EL COTARRO \/ 544, DEL DOMINGO, 09\/02\/2025 - El Cotarro","og_description":"N\u00ba 544 DEL 9 DE FEBRERO DE 2025 &nbsp; La pasarela del Padre Anchieta est\u00e1 naciendo \u201ccoja\u201d La, controvertida, pol\u00e9mica y para m\u00ed maldita pasarela peatonal a\u00e9rea del Padre Anchieta me pega que sigue naciendo \u201ccoja\u201d. Y con esa \u201ccojera\u201d pretenden dejar al consejero de Carreteras del Cabildo de Tenerife, D\u00e1maso Arteaga (CC) a los ... Read more","og_url":"https:\/\/elcotarro.com\/?p=11006","og_site_name":"El Cotarro","article_publisher":"https:\/\/www.facebook.com\/ElCotarro.Tenerife","article_published_time":"2025-02-09T00:12:08+00:00","og_image":[{"url":"https:\/\/canariasenpositivo.com\/wp-content\/uploads\/2025\/02\/1.-EL-COTARRO-DA.jpg","type":"","width":"","height":""}],"author":"Jos\u00e9 Carlos Marrero Gonz\u00e1lez","twitter_misc":{"Escrito por":"Jos\u00e9 Carlos Marrero Gonz\u00e1lez","Tiempo de lectura":"10 minutos"},"schema":{"@context":"https:\/\/schema.org","@graph":[{"@type":"Article","@id":"https:\/\/elcotarro.com\/?p=11006#article","isPartOf":{"@id":"https:\/\/elcotarro.com\/?p=11006"},"author":{"name":"Jos\u00e9 Carlos Marrero Gonz\u00e1lez","@id":"https:\/\/elcotarro.com\/#\/schema\/person\/af537ee7d60d15984c7e0affcd8a918b"},"headline":"EL COTARRO \/ 544, DEL DOMINGO, 09\/02\/2025","datePublished":"2025-02-09T00:12:08+00:00","mainEntityOfPage":{"@id":"https:\/\/elcotarro.com\/?p=11006"},"wordCount":1765,"commentCount":0,"publisher":{"@id":"https:\/\/elcotarro.com\/#organization"},"image":{"@id":"https:\/\/elcotarro.com\/?p=11006#primaryimage"},"thumbnailUrl":"https:\/\/canariasenpositivo.com\/wp-content\/uploads\/2025\/02\/1.-EL-COTARRO-DA.jpg","articleSection":["El Cotarro"],"inLanguage":"es","potentialAction":[{"@type":"CommentAction","name":"Comment","target":["https:\/\/elcotarro.com\/?p=11006#respond"]}]},{"@type":"WebPage","@id":"https:\/\/elcotarro.com\/?p=11006","url":"https:\/\/elcotarro.com\/?p=11006","name":"EL COTARRO \/ 544, DEL DOMINGO, 09\/02\/2025 - El Cotarro","isPartOf":{"@id":"https:\/\/elcotarro.com\/#website"},"primaryImageOfPage":{"@id":"https:\/\/elcotarro.com\/?p=11006#primaryimage"},"image":{"@id":"https:\/\/elcotarro.com\/?p=11006#primaryimage"},"thumbnailUrl":"https:\/\/canariasenpositivo.com\/wp-content\/uploads\/2025\/02\/1.-EL-COTARRO-DA.jpg","datePublished":"2025-02-09T00:12:08+00:00","breadcrumb":{"@id":"https:\/\/elcotarro.com\/?p=11006#breadcrumb"},"inLanguage":"es","potentialAction":[{"@type":"ReadAction","target":["https:\/\/elcotarro.com\/?p=11006"]}]},{"@type":"ImageObject","inLanguage":"es","@id":"https:\/\/elcotarro.com\/?p=11006#primaryimage","url":"https:\/\/canariasenpositivo.com\/wp-content\/uploads\/2025\/02\/1.-EL-COTARRO-DA.jpg","contentUrl":"https:\/\/canariasenpositivo.com\/wp-content\/uploads\/2025\/02\/1.-EL-COTARRO-DA.jpg"},{"@type":"BreadcrumbList","@id":"https:\/\/elcotarro.com\/?p=11006#breadcrumb","itemListElement":[{"@type":"ListItem","position":1,"name":"Portada","item":"https:\/\/elcotarro.com\/"},{"@type":"ListItem","position":2,"name":"EL COTARRO \/ 544, DEL DOMINGO, 09\/02\/2025"}]},{"@type":"WebSite","@id":"https:\/\/elcotarro.com\/#website","url":"https:\/\/elcotarro.com\/","name":"El Cotarro","description":"Peri\u00f3dico Digital Independiente dirigido por Jos\u00e9 Carlos Marrero","publisher":{"@id":"https:\/\/elcotarro.com\/#organization"},"potentialAction":[{"@type":"SearchAction","target":{"@type":"EntryPoint","urlTemplate":"https:\/\/elcotarro.com\/?s={search_term_string}"},"query-input":{"@type":"PropertyValueSpecification","valueRequired":true,"valueName":"search_term_string"}}],"inLanguage":"es"},{"@type":"Organization","@id":"https:\/\/elcotarro.com\/#organization","name":"El Cotarro","url":"https:\/\/elcotarro.com\/","logo":{"@type":"ImageObject","inLanguage":"es","@id":"https:\/\/elcotarro.com\/#\/schema\/logo\/image\/","url":"https:\/\/elcotarro.com\/wp-content\/uploads\/2014\/09\/Cabecera_El_Cotarro_v2.jpg","contentUrl":"https:\/\/elcotarro.com\/wp-content\/uploads\/2014\/09\/Cabecera_El_Cotarro_v2.jpg","width":3540,"height":441,"caption":"El Cotarro"},"image":{"@id":"https:\/\/elcotarro.com\/#\/schema\/logo\/image\/"},"sameAs":["https:\/\/www.facebook.com\/ElCotarro.Tenerife"]},{"@type":"Person","@id":"https:\/\/elcotarro.com\/#\/schema\/person\/af537ee7d60d15984c7e0affcd8a918b","name":"Jos\u00e9 Carlos Marrero Gonz\u00e1lez","image":{"@type":"ImageObject","inLanguage":"es","@id":"https:\/\/elcotarro.com\/#\/schema\/person\/image\/","url":"https:\/\/secure.gravatar.com\/avatar\/def4da036efb5d32c74d49c351f6dccc064dd69ad9f3aadc295c5a9a5391ca01?s=96&d=mm&r=g","contentUrl":"https:\/\/secure.gravatar.com\/avatar\/def4da036efb5d32c74d49c351f6dccc064dd69ad9f3aadc295c5a9a5391ca01?s=96&d=mm&r=g","caption":"Jos\u00e9 Carlos Marrero Gonz\u00e1lez"},"sameAs":["https:\/\/elcotarro.com"],"url":"https:\/\/elcotarro.com\/?author=2"}]}},"jetpack_featured_media_url":"","jetpack_sharing_enabled":true,"_links":{"self":[{"href":"https:\/\/elcotarro.com\/index.php?rest_route=\/wp\/v2\/posts\/11006","targetHints":{"allow":["GET"]}}],"collection":[{"href":"https:\/\/elcotarro.com\/index.php?rest_route=\/wp\/v2\/posts"}],"about":[{"href":"https:\/\/elcotarro.com\/index.php?rest_route=\/wp\/v2\/types\/post"}],"author":[{"embeddable":true,"href":"https:\/\/elcotarro.com\/index.php?rest_route=\/wp\/v2\/users\/2"}],"replies":[{"embeddable":true,"href":"https:\/\/elcotarro.com\/index.php?rest_route=%2Fwp%2Fv2%2Fcomments&post=11006"}],"version-history":[{"count":2,"href":"https:\/\/elcotarro.com\/index.php?rest_route=\/wp\/v2\/posts\/11006\/revisions"}],"predecessor-version":[{"id":11008,"href":"https:\/\/elcotarro.com\/index.php?rest_route=\/wp\/v2\/posts\/11006\/revisions\/11008"}],"wp:attachment":[{"href":"https:\/\/elcotarro.com\/index.php?rest_route=%2Fwp%2Fv2%2Fmedia&parent=11006"}],"wp:term":[{"taxonomy":"category","embeddable":true,"href":"https:\/\/elcotarro.com\/index.php?rest_route=%2Fwp%2Fv2%2Fcategories&post=11006"},{"taxonomy":"post_tag","embeddable":true,"href":"https:\/\/elcotarro.com\/index.php?rest_route=%2Fwp%2Fv2%2Ftags&post=11006"}],"curies":[{"name":"wp","href":"https:\/\/api.w.org\/{rel}","templated":true}]}}