{"id":11009,"date":"2025-02-16T00:08:26","date_gmt":"2025-02-16T00:08:26","guid":{"rendered":"https:\/\/elcotarro.com\/?p=11009"},"modified":"2025-02-15T12:09:57","modified_gmt":"2025-02-15T12:09:57","slug":"el-cotarro-545-del-domingo-16-02-2025","status":"publish","type":"post","link":"https:\/\/elcotarro.com\/?p=11009","title":{"rendered":"EL COTARRO \/ 545, DEL DOMINGO, 16\/02\/2025"},"content":{"rendered":"<p><img loading=\"lazy\" decoding=\"async\" class=\"size-full wp-image-8932 aligncenter\" src=\"https:\/\/canariasenpositivo.com\/wp-content\/uploads\/2025\/02\/1.-EL-COTARRO-DA.jpg\" alt=\"\" width=\"894\" height=\"145\" \/><\/p>\n<p style=\"text-align: center\"><span style=\"color: #ff0000\"><strong>N\u00ba545 DEL 16 DE FEBRERO DE 2025<\/strong><\/span><\/p>\n<p>&nbsp;<\/p>\n<p><span style=\"color: #0000ff\"><strong>El \u201cTete\u201d y el \u201capartado gastron\u00f3mico\u201d del f\u00fatbol<\/strong><\/span><\/p>\n<ul>\n<li>Creo que ustedes ya saben que a m\u00ed lo \u00fanico que me interesa del f\u00fatbol es su apartado gastron\u00f3mico. Donde haya un partido (bueno o malo) acompa\u00f1ado por una buena tertulia de amigos y un sabroso picoteo, una buena \u201carepada\u201d, o un \u201casalto\u201d de \u201cbistelines\u201d vuelta y vuelta, el juego y los goles importan poco, siempre que el resultado final, claro est\u00e1, sea bueno para nuestro equipo. Y ya puestos a hablar de f\u00fatbol, hablemos del C.D. Tenerife, nuestro querido \u201cTete\u201d, que actualmente nos trae por la calle de la amargura. En medio de la desastrosa temporada que viene sufriendo nuestro \u201cTete\u201d, tenemos que aguantar con la que le est\u00e1 cayendo al exjugador y empresario local, <strong>Rayco Garc\u00eda<\/strong> (que quiere ser presidente), al m\u00e1ximo accionista de la entidad, <strong>Jos\u00e9 Miguel Garrido<\/strong> (que est\u00e1 \u201ccontento\u201d con los \u00faltimos movimientos) y a otros socios y parientes, que est\u00e1n hasta la coronilla. Las oscuras y hasta tristes historias que se cuentan, las dejo para otros espacios period\u00edsticos.<\/li>\n<\/ul>\n<p><img loading=\"lazy\" decoding=\"async\" class=\"size-large wp-image-8994 aligncenter\" src=\"https:\/\/canariasenpositivo.com\/wp-content\/uploads\/2025\/02\/1.-RAYCO-Y-JOSE-MIGUEL-1024x509.jpg\" alt=\"\" width=\"660\" height=\"328\" \/><\/p>\n<p style=\"text-align: center\"><em>Rayco Garc\u00eda (i) y Jos\u00e9 Miguel Garrido, quiz\u00e1 dos maneras distintas de ver al \u201cTete\u201d<\/em><\/p>\n<p>&nbsp;<\/p>\n<p><span style=\"color: #0000ff\"><strong>Narvay Quintero y Sergio Batista\u2026 \u00bfpresidentes?<\/strong><\/span><\/p>\n<ul>\n<li>Lo que s\u00ed puedo contarles es que, no ahora, sino desde hace tiempo, se reconoce la buena trayectoria que viene realizando ya hist\u00f3ricamente el equipo de f\u00fatbol femenino Uni\u00f3n Deportiva Tenerife CostaAdeje Egatesa, con el <em>desinquieto<\/em> y gran abogado <strong>Sergio Batista D\u00edaz<\/strong>, como presidente, junto al no menos <em>desinquieto<\/em> vicepresidente, <strong>Julio Luis P\u00e9rez Alonso<\/strong>. Hace unas semanas, en la feria FITUR 2025, el Gobierno de Canarias, a trav\u00e9s de su consejero de Agricultura, el herre\u00f1o <strong>Narvay Quintero Casta\u00f1eda<\/strong>, entreg\u00f3 unos tremendos quesos de Canarias a <strong>Beatriz \u00c1lvarez<\/strong>, la joven presidenta de la Liga F, en presencia de <strong>Sergio Batista<\/strong>. M\u00e1s de uno (yo entre ellos) dije al ver la foto que la misma podr\u00eda ser una premonici\u00f3n. Tres presidentes alrededor de un buen queso. M\u00e1s de uno (yo entre ellos) siempre he dicho que <strong>Narvay Quintero<\/strong> podr\u00eda ser un magn\u00edfico relevo (cuando toque) para la Presidencia del Gobierno de Canarias. Y siempre he dicho que a esta isla le vendr\u00eda de maravilla la uni\u00f3n del f\u00fatbol isle\u00f1o (masculino y femenino) en una entidad \u00fanica que muy bien podr\u00eda presidir <strong>Sergio Batista<\/strong>, un hombre dialogante, aglutinador y de consensos. Amen.<\/li>\n<\/ul>\n<p><img loading=\"lazy\" decoding=\"async\" class=\"size-full wp-image-8995 aligncenter\" src=\"https:\/\/canariasenpositivo.com\/wp-content\/uploads\/2025\/02\/2.-PRESIDENTES.jpg\" alt=\"\" width=\"808\" height=\"540\" \/><\/p>\n<p style=\"text-align: center\"><em>Narvay Quintero (i), Beatriz \u00c1lvarez y Sergio Batista. Creo que muy buenos presidentes<\/em><\/p>\n<p>&nbsp;<\/p>\n<p><span style=\"color: #0000ff\"><strong>Cuando la cosa se plantea mal y se informa peor<\/strong><\/span><\/p>\n<ul>\n<li>Es cierto que las principales ciudades de Espa\u00f1a y Europa disponen de un \u201ccarril bici-pat\u00edn\u201d y que en muchas de ellas funciona bien. Hay que decir que Santa Cruz de Tenerife tiene derecho a tenerlo, si quiere, y esperar que funcione. El tema depende de la concejal\u00eda del \u00c1rea de Planificaci\u00f3n Estrat\u00e9gica, Sostenibilidad Ambiental y Servicios P\u00fablicos que regenta <strong>Carlos Tarife Hern\u00e1ndez<\/strong> (PP) y que se ha empe\u00f1ado en instalar el mencionado \u201ccarril bici-pat\u00edn\u201d que se ha convertido en un pol\u00e9mico y controvertido asunto. Me dijo hace unos d\u00edas el alcalde santacrucero, <strong>Jos\u00e9 Manuel Berm\u00fadez <\/strong>(CC) que \u201cno podemos comenzar de nuevo con el no por delante\u201d. Tiene raz\u00f3n. Cuando el presidente del cabildo <strong>Ricardo Melchior<\/strong> (CC) comenz\u00f3 el proyecto del tranv\u00eda, pareci\u00f3 que todos \u00e9ramos ingenieros en trenes y nos \u201cjartamos\u201d en ponerle pegas y trabas. Hoy en d\u00eda nadie pone en duda su utilidad.<\/li>\n<\/ul>\n<p><img loading=\"lazy\" decoding=\"async\" class=\"size-large wp-image-8996 aligncenter\" src=\"https:\/\/canariasenpositivo.com\/wp-content\/uploads\/2025\/02\/3.-BERMUDEZ-Y-TARIFE-1024x596.jpg\" alt=\"\" width=\"660\" height=\"384\" \/><\/p>\n<p style=\"text-align: center\"><em>Jos\u00e9 Manuel Berm\u00fadez (i) y Carlos Tarife. Quiz\u00e1 dos puntos de vista distintos de ver la cosa.<\/em><\/p>\n<p>&nbsp;<\/p>\n<p><span style=\"color: #0000ff\"><strong>El carril \u201cbici-pat\u00edn\u201d mosquea a Berm\u00fadez y Tarife<\/strong><\/span><\/p>\n<ul>\n<li>Buena parte de la ciudadan\u00eda est\u00e1 m\u00e1s que molesta y los empresarios de la zona ni les digo. El alcalde <strong>Jos\u00e9 Manuel Berm\u00fadez<\/strong> (CC), que cogobierna con el PP, es leal al pacto de gobierno y deja hacer a <strong>Carlos Tarife<\/strong> (PP), pero me consta que tiene un tremendo \u201cmosqueo\u201d con \u00e9l por su nefasta estrategia de implantaci\u00f3n del \u201cbici-pat\u00edn\u201d. Seguramente, <strong>Carlos Tarife<\/strong> podr\u00eda y deber\u00eda haber comenzado explicando de forma mucho m\u00e1s clara y mejor el \u201cciclista\u201d proyecto, el porqu\u00e9 de su trazado, las zonas alternativas de carga y descarga que se iban a instalar, ponerlas y publicitarlas debidamente antes de quitar plazas de aparcamiento, etc. El alcalde <strong>Berm\u00fadez<\/strong> lo piensa y lleva \u201cla procesi\u00f3n\u201d por dentro del carril y capea la pol\u00e9mica como puede, pero creo que tiene la raz\u00f3n. Imagino que <strong>Carlos Tarife<\/strong> tambi\u00e9n lleva su \u201ccruz\u201d, incluyendo las cr\u00edticas de las murgas. Es cierto que, ya puestos, se puede dejar un tiempo de prueba y si la cosa no funciona volver a quitar el dichoso carrilito.<\/li>\n<\/ul>\n<p><em> <img loading=\"lazy\" decoding=\"async\" class=\"size-large wp-image-8997 aligncenter\" src=\"https:\/\/canariasenpositivo.com\/wp-content\/uploads\/2025\/02\/4.-CALLE-EL-PILAR-1024x768.jpeg\" alt=\"\" width=\"660\" height=\"495\" \/><\/em><\/p>\n<p style=\"text-align: center\"><em>La calle El Pilar con el futuro carril \u201cbici-pat\u00edn\u201d convertido en \u201ccarga y descarga\u201d. Algunos carteles critican ya que \u201cla calle El Pilar parece la TF-5\u201d y a\u00fan sin el carril.<\/em><\/p>\n<p><em>\u00a0<\/em><\/p>\n<p><span style=\"color: #0000ff\"><strong>La pel\u00edcula \u201cAcoso\u201d y el Servicio Canario de la Salud<\/strong><\/span><\/p>\n<ul>\n<li>La Sanidad es el asunto que m\u00e1s interesa a la ciudadan\u00eda de Canarias, junto con la vivienda y la inmigraci\u00f3n. La sinopsis de la pel\u00edcula \u201cAcoso\u201d, cuenta que \u201c<strong><em>Tom Sanders<\/em><\/strong><em> (papel que encarna <strong>Michael Douglas<\/strong>), un maduro y atractivo ejecutivo que trabaja en una empresa de alta tecnolog\u00eda, est\u00e1 a punto de ser ascendido. Sin embargo, en una semana crucial para su vida, ver\u00e1 sus aspiraciones rotas cuando, en su lugar, sea nombrada <strong>Meredith Jonson<\/strong> (papel que encarna <strong>Demi Moore<\/strong>), una antigua novia suya que ahora es una ambiciosa ejecutiva\u201d<\/em>. En medio de la trama, el protagonista recibe reiteradamente en su ordenador personal unos correos electr\u00f3nicos con un misterioso mensaje que reza: <em>\u201cNada es lo que parece\u2026 sigue jugando\u201d<\/em>. Al hilo de la trama de la pel\u00edcula y sin entrar \u201cen harina\u201d (por el momento) la frase me viene al pelo para comentar algo que est\u00e1 afectando al Servicio Canario de la Salud (SCS), que dirige <strong>Carlos Gustavo D\u00edaz Perera<\/strong>.<\/li>\n<\/ul>\n<p><img loading=\"lazy\" decoding=\"async\" class=\"size-full wp-image-8998 aligncenter\" src=\"https:\/\/canariasenpositivo.com\/wp-content\/uploads\/2025\/02\/5.-DEMI-MOORE-Y-MICHAEL-DOUGLAS.jpg\" alt=\"\" width=\"600\" height=\"400\" \/><\/p>\n<p style=\"text-align: center\"><em>Como en la pel\u00edcula de Demi Moore y Michael Douglas, \u201cCasi nada es lo que parece\u201d<\/em><\/p>\n<p>&nbsp;<\/p>\n<p><span style=\"color: #0000ff\"><strong>Lola Padr\u00f3n y Antonio Alarc\u00f3 investigan de oficio<\/strong><\/span><\/p>\n<ul>\n<li>Miren ustedes por d\u00f3nde, hace un par se semanas que la Diputada del Com\u00fan, <strong>Lola Padr\u00f3n<\/strong>, ha abierto una investigaci\u00f3n de oficio sobre la situaci\u00f3n del \u00e1rea de Urgencias en los hospitales canarios, en concreto, del Hospital Universitario de Canarias (HUC) en Tenerife y del <strong>Doctor Negr\u00edn<\/strong> de Gran Canaria, asunto que llevar\u00e1 directamente el adjunto primero de la Diputaci\u00f3n, el reconocido m\u00e9dico <strong>Antonio Alarc\u00f3,<\/strong> gran conocedor del tema y que, con mucha raz\u00f3n, dicho sea de paso, est\u00e1 indignado con el tema. Nuestro presidente del Gobierno canario, <strong>Fernando Clavijo<\/strong>, ha dicho (cosa que le honra) que <em>\u201cle parece bien\u201d<\/em> que <strong>Lola Padr\u00f3n<\/strong>, haya iniciado una investigaci\u00f3n porque \u201c<em>es importante todo lo que arroje transparencia\u201d<\/em> y que <em>\u201cla ciudadan\u00eda tenga claro lo que est\u00e1 ocurriendo\u201d <\/em>ya que <em>\u201cno siempre parece lo que es\u201d <\/em>(o sea, ha dicho lo mismo que dice en la pel\u00edcula \u201cAcoso\u201d)<\/li>\n<\/ul>\n<p><img loading=\"lazy\" decoding=\"async\" class=\"size-full wp-image-8999 aligncenter\" src=\"https:\/\/canariasenpositivo.com\/wp-content\/uploads\/2025\/02\/6.-ANTONIO-Y-LOLA.jpg\" alt=\"\" width=\"562\" height=\"345\" \/><\/p>\n<p style=\"text-align: center\"><em>Lola Padr\u00f3n (i) y Antonio Alarc\u00f3, trabajando en la Diputaci\u00f3n del Com\u00fan de Canarias.<\/em><\/p>\n<p>&nbsp;<\/p>\n<p><span style=\"color: #0000ff\"><strong>De Michel Douglas a Carlos Gustavo D\u00edaz (SCS)<\/strong><\/span><\/p>\n<ul>\n<li>El director del SCS, <strong>Carlos Gustavo D\u00edaz Perera<\/strong>, y su inmediata superiora, la consejera de Sanidad, <strong>Esther Monz\u00f3n Monz\u00f3n<\/strong> (y no s\u00e9 si m\u00e1s gente por encima o por debajo de ellos) creo que tienen una \u201cpapa caliente\u201d en m\u00e1s de un injusto asunto, porque, como dice <strong>Clavijo<\/strong> y sucede en la pel\u00edcula, <em>\u201cnada es lo que parece\u201d<\/em> (o casi nada) Al terminar \u201cAcoso\u201d, la realidad pone a cada uno en su sitio y <strong>Michael Douglas<\/strong> protagoniza una secuencia final muy gratificante, porque se premia la honestidad y el buen trabajo. No voy a contar nada m\u00e1s (por el momento, repito) por respeto a muchas buenas personas injustamente tratadas. Deseo y espero que la verdad y el correcto proceder premien la lealtad, la honestidad y el buen trabajo. Por cierto: el director y los guionistas de una pel\u00edcula pueden cambiar hasta el \u00faltimo momento el final de la misma, y mejorarla haciendo justicia.<\/li>\n<\/ul>\n<p><img loading=\"lazy\" decoding=\"async\" class=\"size-full wp-image-9000 aligncenter\" src=\"https:\/\/canariasenpositivo.com\/wp-content\/uploads\/2025\/02\/7.-ESTHER-Y-CARLOS-GUSTAVO.jpg\" alt=\"\" width=\"761\" height=\"519\" \/><\/p>\n<p style=\"text-align: center\"><em>Esther Monz\u00f3n y Carlos Gustavo D\u00edaz. En sus manos est\u00e1 gran parte de la soluci\u00f3n.<\/em><\/p>\n<p>&nbsp;<\/p>\n<p><span style=\"color: #0000ff\"><strong>San Andr\u00e9s lindo y pesquero\u2026 y patriota.<\/strong><\/span><\/p>\n<ul>\n<li>Dice la letra de la popular canci\u00f3n del grupo <em>Los Huaracheros<\/em>, que compusieran <strong>Diego Garc\u00eda Cabrera<\/strong> y <strong>Antonio Gonz\u00e1lez Santamar\u00eda<\/strong> \u201c<em>San Andr\u00e9s lindo y pesquero \/ el de las blancas casitas, \/ que se miran luminosas \/<\/em> <em>all\u00e1 por las Teresitas. \/ Si las sirenas supieran \/ donde se esconde un lucero, \/ quedar\u00edan para siempre \/<\/em> <em>en mi barrio marinero.<\/em> Hoy podr\u00edamos y deber\u00edamos poner <em>\u201cSan Andr\u00e9s, lindo y patriota\u201d<\/em>, a partir del solemne y emotivo acto de especial Izado de Bandera, realizado el pasado viernes por el Mando de Canarias en la Avenida Mar\u00edtima de <strong>San Andr\u00e9s<\/strong>, el querido barrio chicharrero. Para los que se ronchan al o\u00edr hablar de \u201cPatria\u201d, recordarles que el escritor franc\u00e9s <strong>Gustave Flaubert<\/strong> dijo en m\u00e1s de una ocasi\u00f3n que \u201cla patria, posiblemente, es como la familia, s\u00f3lo sentimos su valor cuando la perdemos\u201d. Y, por otro lado, recordar que, seg\u00fan el Diccionario de la Real Academia Espa\u00f1ola, el t\u00e9rmino \u201cpatriota\u201d significa textualmente <em>\u201cpersona o pueblo que tiene amor a su patria y procura todo su bien\u201d<\/em>. Creo que con esto queda todo dicho y encantado de ser patriota.<\/li>\n<\/ul>\n<p><img loading=\"lazy\" decoding=\"async\" class=\"size-large wp-image-9001 aligncenter\" src=\"https:\/\/canariasenpositivo.com\/wp-content\/uploads\/2025\/02\/8.-BANDERA-1024x683.jpg\" alt=\"\" width=\"660\" height=\"440\" \/><\/p>\n<p style=\"text-align: center\"><em>Nuestra bandera nacional en el momento de su solemne izado en San Andr\u00e9s.<\/em><\/p>\n<p>&nbsp;<\/p>\n<p><span style=\"color: #0000ff\"><strong>Izado de bandera en homenaje a los \u201ccabos mayores\u201d<\/strong><\/span><\/p>\n<ul>\n<li>El Mando de Canarias, que tiene actualmente como jefe al teniente general <strong>Julio Salom Herrera<\/strong>, en su \u00e1nimo y deseo de acercar a la ciudadan\u00eda de Canarias la realidad de nuestras cercanas y modernas Fuerzas Armadas, ha establecido una serie de \u201cizados especiales\u201d de nuestra Bandera Nacional, que se vienen realizando por pueblos y ciudades de nuestra Comunidad Aut\u00f3noma. En esta ocasi\u00f3n ha sido el barrio santacrucero de <strong>San Andr\u00e9s<\/strong>, con motivo del 25\u00ba aniversario de la creaci\u00f3n del empleo de Cabo Mayor. El acto estuvo presidido por el comandante Militar de la provincia de Santa Cruz de Tenerife, general de brigada <strong>Ignacio Boudet Mar\u00edn<\/strong> y reuni\u00f3 a todos los cabos mayores de todas las Unidades de Tenerife, tanto en activo como en reserva. El Izado cont\u00f3 con la presencia de un Piquete de Honores perteneciente al Regimiento de Infanter\u00eda \u2018Tenerife\u2019 49 y la Unidad de M\u00fasica del Mando de Canarias, quienes, adem\u00e1s, interpretaron diferentes piezas musicales para el p\u00fablico asistente.<\/li>\n<\/ul>\n<p><img loading=\"lazy\" decoding=\"async\" class=\"size-large wp-image-9002 aligncenter\" src=\"https:\/\/canariasenpositivo.com\/wp-content\/uploads\/2025\/02\/9.-SALUDO-BOUDET-1024x683.jpg\" alt=\"\" width=\"660\" height=\"440\" \/><\/p>\n<p style=\"text-align: center\"><em>El comandante Militar de Santa Cruz de Tenerife, Ignacio Boudet, saluda a su llegada al acto.<\/em><\/p>\n<p><em>\u00a0<\/em><\/p>\n<p><span style=\"color: #0000ff\"><strong><em>25\u00ba aniversario de la creaci\u00f3n del empleo de Cabo Mayor<\/em><\/strong><\/span><\/p>\n<ul>\n<li>El comandante Militar, <strong>Ignacio Boudet Mar\u00edn<\/strong>, agradeci\u00f3 en su discurso a todos los cabos mayores por su presencia en el acto y recalc\u00f3 la importancia de dicho empleo, resaltando la labor que realizan desde hace 25 a\u00f1os. Hay que rese\u00f1ar y destacar que el 18 de mayo de 1999 se cre\u00f3 el empleo de Cabo Mayor con el objetivo de completar la trayectoria de la escala de Tropa y Mariner\u00eda. Fue creado por la Ley de R\u00e9gimen de Personal Militar y posteriormente confirmado en la Ley de la Carrera Militar. El empleo militar de Cabo Mayor es el m\u00e1s alto de las Escalas de Tropa y Mariner\u00eda. El personal militar que ostente este empleo debe ser un referente permanente para el personal de la escala de tropa de la unidad, centro u organismo donde presta sus servicios mediante su ejemplo, sentido de la responsabilidad, competencia profesional, disciplina, dedicaci\u00f3n y disponibilidad para el servicio, cumpliendo con sus cometidos con entrega, precisi\u00f3n y eficacia. Como reconocimiento a los que ostentan u ostentaron este empleo militar y para reforzar las virtudes militares de sus componentes, se est\u00e1 celebrando este XXV Aniversario.<\/li>\n<\/ul>\n<p><img loading=\"lazy\" decoding=\"async\" class=\"size-large wp-image-9003 aligncenter\" src=\"https:\/\/canariasenpositivo.com\/wp-content\/uploads\/2025\/02\/10.-IZADO-1024x683.jpg\" alt=\"\" width=\"660\" height=\"440\" \/><\/p>\n<p style=\"text-align: center\"><em>Momento del izado en un d\u00eda espl\u00e9ndido y con la playa de Las Teresitas al fondo.<\/em><\/p>\n<p>&nbsp;<\/p>\n<p><span style=\"color: #0000ff\"><strong>* Jos\u00e9 Carlos MARRERO GONZ\u00c1LEZ<\/strong><\/span><\/p>\n<p>Periodista y analista de la actualidad.<\/p>\n<p>Director de <strong><em>El Cotarro<\/em><\/strong> (www.elcotarro.com)<\/p>\n<p>Director de <strong><em>Canarias en Positivo<\/em><\/strong> (www.canariasenpositivo.com)<\/p>\n<p>Director de <strong><em>GastroCanarias<\/em><\/strong> (www.gastrocanarias.com)<\/p>\n<p>&nbsp;<\/p>\n<p>Islas Canarias, 16 de febrero de 2025.<\/p>\n<p><img loading=\"lazy\" decoding=\"async\" class=\"size-full wp-image-8878 aligncenter\" src=\"https:\/\/canariasenpositivo.com\/wp-content\/uploads\/2025\/01\/3.-CARECA-INSULA.jpg\" alt=\"\" width=\"750\" height=\"153\" \/><\/p>\n<p style=\"text-align: center\"><a href=\"http:\/\/www.canariasenpositivo.com\/el-cotarro\"><strong><em>www.canariasenpositivo.com\/el-cotarro<\/em><\/strong><\/a><\/p>\n","protected":false},"excerpt":{"rendered":"<p>N\u00ba545 DEL 16 DE FEBRERO DE 2025 &nbsp; El \u201cTete\u201d y el \u201capartado gastron\u00f3mico\u201d del f\u00fatbol Creo que ustedes ya saben que a m\u00ed lo \u00fanico que me interesa del f\u00fatbol es su apartado gastron\u00f3mico. Donde haya un partido (bueno o malo) acompa\u00f1ado por una buena tertulia de amigos y un sabroso picoteo, una buena &#8230; <a class=\"read-more\" href=\"https:\/\/elcotarro.com\/?p=11009\">Read more<\/a><\/p>\n","protected":false},"author":2,"featured_media":0,"comment_status":"open","ping_status":"open","sticky":false,"template":"","format":"standard","meta":{"_jetpack_memberships_contains_paid_content":false,"footnotes":""},"categories":[4],"tags":[],"class_list":["post-11009","post","type-post","status-publish","format-standard","hentry","category-el-cotarro"],"yoast_head":"<!-- This site is optimized with the Yoast SEO plugin v27.0 - https:\/\/yoast.com\/product\/yoast-seo-wordpress\/ -->\n<title>EL COTARRO \/ 545, DEL DOMINGO, 16\/02\/2025 - El Cotarro<\/title>\n<meta name=\"robots\" content=\"index, follow, max-snippet:-1, max-image-preview:large, max-video-preview:-1\" \/>\n<link rel=\"canonical\" href=\"https:\/\/elcotarro.com\/?p=11009\" \/>\n<meta property=\"og:locale\" content=\"es_ES\" \/>\n<meta property=\"og:type\" content=\"article\" \/>\n<meta property=\"og:title\" content=\"EL COTARRO \/ 545, DEL DOMINGO, 16\/02\/2025 - El Cotarro\" \/>\n<meta property=\"og:description\" content=\"N\u00ba545 DEL 16 DE FEBRERO DE 2025 &nbsp; El \u201cTete\u201d y el \u201capartado gastron\u00f3mico\u201d del f\u00fatbol Creo que ustedes ya saben que a m\u00ed lo \u00fanico que me interesa del f\u00fatbol es su apartado gastron\u00f3mico. Donde haya un partido (bueno o malo) acompa\u00f1ado por una buena tertulia de amigos y un sabroso picoteo, una buena ... Read more\" \/>\n<meta property=\"og:url\" content=\"https:\/\/elcotarro.com\/?p=11009\" \/>\n<meta property=\"og:site_name\" content=\"El Cotarro\" \/>\n<meta property=\"article:publisher\" content=\"https:\/\/www.facebook.com\/ElCotarro.Tenerife\" \/>\n<meta property=\"article:published_time\" content=\"2025-02-16T00:08:26+00:00\" \/>\n<meta property=\"og:image\" content=\"https:\/\/canariasenpositivo.com\/wp-content\/uploads\/2025\/02\/1.-EL-COTARRO-DA.jpg\" \/>\n<meta name=\"author\" content=\"Jos\u00e9 Carlos Marrero Gonz\u00e1lez\" \/>\n<meta name=\"twitter:label1\" content=\"Escrito por\" \/>\n\t<meta name=\"twitter:data1\" content=\"Jos\u00e9 Carlos Marrero Gonz\u00e1lez\" \/>\n\t<meta name=\"twitter:label2\" content=\"Tiempo de lectura\" \/>\n\t<meta name=\"twitter:data2\" content=\"12 minutos\" \/>\n<script type=\"application\/ld+json\" class=\"yoast-schema-graph\">{\"@context\":\"https:\/\/schema.org\",\"@graph\":[{\"@type\":\"Article\",\"@id\":\"https:\/\/elcotarro.com\/?p=11009#article\",\"isPartOf\":{\"@id\":\"https:\/\/elcotarro.com\/?p=11009\"},\"author\":{\"name\":\"Jos\u00e9 Carlos Marrero Gonz\u00e1lez\",\"@id\":\"https:\/\/elcotarro.com\/#\/schema\/person\/af537ee7d60d15984c7e0affcd8a918b\"},\"headline\":\"EL COTARRO \/ 545, DEL DOMINGO, 16\/02\/2025\",\"datePublished\":\"2025-02-16T00:08:26+00:00\",\"mainEntityOfPage\":{\"@id\":\"https:\/\/elcotarro.com\/?p=11009\"},\"wordCount\":2105,\"commentCount\":0,\"publisher\":{\"@id\":\"https:\/\/elcotarro.com\/#organization\"},\"image\":{\"@id\":\"https:\/\/elcotarro.com\/?p=11009#primaryimage\"},\"thumbnailUrl\":\"https:\/\/canariasenpositivo.com\/wp-content\/uploads\/2025\/02\/1.-EL-COTARRO-DA.jpg\",\"articleSection\":[\"El Cotarro\"],\"inLanguage\":\"es\",\"potentialAction\":[{\"@type\":\"CommentAction\",\"name\":\"Comment\",\"target\":[\"https:\/\/elcotarro.com\/?p=11009#respond\"]}]},{\"@type\":\"WebPage\",\"@id\":\"https:\/\/elcotarro.com\/?p=11009\",\"url\":\"https:\/\/elcotarro.com\/?p=11009\",\"name\":\"EL COTARRO \/ 545, DEL DOMINGO, 16\/02\/2025 - El Cotarro\",\"isPartOf\":{\"@id\":\"https:\/\/elcotarro.com\/#website\"},\"primaryImageOfPage\":{\"@id\":\"https:\/\/elcotarro.com\/?p=11009#primaryimage\"},\"image\":{\"@id\":\"https:\/\/elcotarro.com\/?p=11009#primaryimage\"},\"thumbnailUrl\":\"https:\/\/canariasenpositivo.com\/wp-content\/uploads\/2025\/02\/1.-EL-COTARRO-DA.jpg\",\"datePublished\":\"2025-02-16T00:08:26+00:00\",\"breadcrumb\":{\"@id\":\"https:\/\/elcotarro.com\/?p=11009#breadcrumb\"},\"inLanguage\":\"es\",\"potentialAction\":[{\"@type\":\"ReadAction\",\"target\":[\"https:\/\/elcotarro.com\/?p=11009\"]}]},{\"@type\":\"ImageObject\",\"inLanguage\":\"es\",\"@id\":\"https:\/\/elcotarro.com\/?p=11009#primaryimage\",\"url\":\"https:\/\/canariasenpositivo.com\/wp-content\/uploads\/2025\/02\/1.-EL-COTARRO-DA.jpg\",\"contentUrl\":\"https:\/\/canariasenpositivo.com\/wp-content\/uploads\/2025\/02\/1.-EL-COTARRO-DA.jpg\"},{\"@type\":\"BreadcrumbList\",\"@id\":\"https:\/\/elcotarro.com\/?p=11009#breadcrumb\",\"itemListElement\":[{\"@type\":\"ListItem\",\"position\":1,\"name\":\"Portada\",\"item\":\"https:\/\/elcotarro.com\/\"},{\"@type\":\"ListItem\",\"position\":2,\"name\":\"EL COTARRO \/ 545, DEL DOMINGO, 16\/02\/2025\"}]},{\"@type\":\"WebSite\",\"@id\":\"https:\/\/elcotarro.com\/#website\",\"url\":\"https:\/\/elcotarro.com\/\",\"name\":\"El Cotarro\",\"description\":\"Peri\u00f3dico Digital Independiente dirigido por Jos\u00e9 Carlos Marrero\",\"publisher\":{\"@id\":\"https:\/\/elcotarro.com\/#organization\"},\"potentialAction\":[{\"@type\":\"SearchAction\",\"target\":{\"@type\":\"EntryPoint\",\"urlTemplate\":\"https:\/\/elcotarro.com\/?s={search_term_string}\"},\"query-input\":{\"@type\":\"PropertyValueSpecification\",\"valueRequired\":true,\"valueName\":\"search_term_string\"}}],\"inLanguage\":\"es\"},{\"@type\":\"Organization\",\"@id\":\"https:\/\/elcotarro.com\/#organization\",\"name\":\"El Cotarro\",\"url\":\"https:\/\/elcotarro.com\/\",\"logo\":{\"@type\":\"ImageObject\",\"inLanguage\":\"es\",\"@id\":\"https:\/\/elcotarro.com\/#\/schema\/logo\/image\/\",\"url\":\"https:\/\/elcotarro.com\/wp-content\/uploads\/2014\/09\/Cabecera_El_Cotarro_v2.jpg\",\"contentUrl\":\"https:\/\/elcotarro.com\/wp-content\/uploads\/2014\/09\/Cabecera_El_Cotarro_v2.jpg\",\"width\":3540,\"height\":441,\"caption\":\"El Cotarro\"},\"image\":{\"@id\":\"https:\/\/elcotarro.com\/#\/schema\/logo\/image\/\"},\"sameAs\":[\"https:\/\/www.facebook.com\/ElCotarro.Tenerife\"]},{\"@type\":\"Person\",\"@id\":\"https:\/\/elcotarro.com\/#\/schema\/person\/af537ee7d60d15984c7e0affcd8a918b\",\"name\":\"Jos\u00e9 Carlos Marrero Gonz\u00e1lez\",\"image\":{\"@type\":\"ImageObject\",\"inLanguage\":\"es\",\"@id\":\"https:\/\/elcotarro.com\/#\/schema\/person\/image\/\",\"url\":\"https:\/\/secure.gravatar.com\/avatar\/def4da036efb5d32c74d49c351f6dccc064dd69ad9f3aadc295c5a9a5391ca01?s=96&d=mm&r=g\",\"contentUrl\":\"https:\/\/secure.gravatar.com\/avatar\/def4da036efb5d32c74d49c351f6dccc064dd69ad9f3aadc295c5a9a5391ca01?s=96&d=mm&r=g\",\"caption\":\"Jos\u00e9 Carlos Marrero Gonz\u00e1lez\"},\"sameAs\":[\"https:\/\/elcotarro.com\"],\"url\":\"https:\/\/elcotarro.com\/?author=2\"}]}<\/script>\n<!-- \/ Yoast SEO plugin. -->","yoast_head_json":{"title":"EL COTARRO \/ 545, DEL DOMINGO, 16\/02\/2025 - El Cotarro","robots":{"index":"index","follow":"follow","max-snippet":"max-snippet:-1","max-image-preview":"max-image-preview:large","max-video-preview":"max-video-preview:-1"},"canonical":"https:\/\/elcotarro.com\/?p=11009","og_locale":"es_ES","og_type":"article","og_title":"EL COTARRO \/ 545, DEL DOMINGO, 16\/02\/2025 - El Cotarro","og_description":"N\u00ba545 DEL 16 DE FEBRERO DE 2025 &nbsp; El \u201cTete\u201d y el \u201capartado gastron\u00f3mico\u201d del f\u00fatbol Creo que ustedes ya saben que a m\u00ed lo \u00fanico que me interesa del f\u00fatbol es su apartado gastron\u00f3mico. Donde haya un partido (bueno o malo) acompa\u00f1ado por una buena tertulia de amigos y un sabroso picoteo, una buena ... Read more","og_url":"https:\/\/elcotarro.com\/?p=11009","og_site_name":"El Cotarro","article_publisher":"https:\/\/www.facebook.com\/ElCotarro.Tenerife","article_published_time":"2025-02-16T00:08:26+00:00","og_image":[{"url":"https:\/\/canariasenpositivo.com\/wp-content\/uploads\/2025\/02\/1.-EL-COTARRO-DA.jpg","type":"","width":"","height":""}],"author":"Jos\u00e9 Carlos Marrero Gonz\u00e1lez","twitter_misc":{"Escrito por":"Jos\u00e9 Carlos Marrero Gonz\u00e1lez","Tiempo de lectura":"12 minutos"},"schema":{"@context":"https:\/\/schema.org","@graph":[{"@type":"Article","@id":"https:\/\/elcotarro.com\/?p=11009#article","isPartOf":{"@id":"https:\/\/elcotarro.com\/?p=11009"},"author":{"name":"Jos\u00e9 Carlos Marrero Gonz\u00e1lez","@id":"https:\/\/elcotarro.com\/#\/schema\/person\/af537ee7d60d15984c7e0affcd8a918b"},"headline":"EL COTARRO \/ 545, DEL DOMINGO, 16\/02\/2025","datePublished":"2025-02-16T00:08:26+00:00","mainEntityOfPage":{"@id":"https:\/\/elcotarro.com\/?p=11009"},"wordCount":2105,"commentCount":0,"publisher":{"@id":"https:\/\/elcotarro.com\/#organization"},"image":{"@id":"https:\/\/elcotarro.com\/?p=11009#primaryimage"},"thumbnailUrl":"https:\/\/canariasenpositivo.com\/wp-content\/uploads\/2025\/02\/1.-EL-COTARRO-DA.jpg","articleSection":["El Cotarro"],"inLanguage":"es","potentialAction":[{"@type":"CommentAction","name":"Comment","target":["https:\/\/elcotarro.com\/?p=11009#respond"]}]},{"@type":"WebPage","@id":"https:\/\/elcotarro.com\/?p=11009","url":"https:\/\/elcotarro.com\/?p=11009","name":"EL COTARRO \/ 545, DEL DOMINGO, 16\/02\/2025 - El Cotarro","isPartOf":{"@id":"https:\/\/elcotarro.com\/#website"},"primaryImageOfPage":{"@id":"https:\/\/elcotarro.com\/?p=11009#primaryimage"},"image":{"@id":"https:\/\/elcotarro.com\/?p=11009#primaryimage"},"thumbnailUrl":"https:\/\/canariasenpositivo.com\/wp-content\/uploads\/2025\/02\/1.-EL-COTARRO-DA.jpg","datePublished":"2025-02-16T00:08:26+00:00","breadcrumb":{"@id":"https:\/\/elcotarro.com\/?p=11009#breadcrumb"},"inLanguage":"es","potentialAction":[{"@type":"ReadAction","target":["https:\/\/elcotarro.com\/?p=11009"]}]},{"@type":"ImageObject","inLanguage":"es","@id":"https:\/\/elcotarro.com\/?p=11009#primaryimage","url":"https:\/\/canariasenpositivo.com\/wp-content\/uploads\/2025\/02\/1.-EL-COTARRO-DA.jpg","contentUrl":"https:\/\/canariasenpositivo.com\/wp-content\/uploads\/2025\/02\/1.-EL-COTARRO-DA.jpg"},{"@type":"BreadcrumbList","@id":"https:\/\/elcotarro.com\/?p=11009#breadcrumb","itemListElement":[{"@type":"ListItem","position":1,"name":"Portada","item":"https:\/\/elcotarro.com\/"},{"@type":"ListItem","position":2,"name":"EL COTARRO \/ 545, DEL DOMINGO, 16\/02\/2025"}]},{"@type":"WebSite","@id":"https:\/\/elcotarro.com\/#website","url":"https:\/\/elcotarro.com\/","name":"El Cotarro","description":"Peri\u00f3dico Digital Independiente dirigido por Jos\u00e9 Carlos Marrero","publisher":{"@id":"https:\/\/elcotarro.com\/#organization"},"potentialAction":[{"@type":"SearchAction","target":{"@type":"EntryPoint","urlTemplate":"https:\/\/elcotarro.com\/?s={search_term_string}"},"query-input":{"@type":"PropertyValueSpecification","valueRequired":true,"valueName":"search_term_string"}}],"inLanguage":"es"},{"@type":"Organization","@id":"https:\/\/elcotarro.com\/#organization","name":"El Cotarro","url":"https:\/\/elcotarro.com\/","logo":{"@type":"ImageObject","inLanguage":"es","@id":"https:\/\/elcotarro.com\/#\/schema\/logo\/image\/","url":"https:\/\/elcotarro.com\/wp-content\/uploads\/2014\/09\/Cabecera_El_Cotarro_v2.jpg","contentUrl":"https:\/\/elcotarro.com\/wp-content\/uploads\/2014\/09\/Cabecera_El_Cotarro_v2.jpg","width":3540,"height":441,"caption":"El Cotarro"},"image":{"@id":"https:\/\/elcotarro.com\/#\/schema\/logo\/image\/"},"sameAs":["https:\/\/www.facebook.com\/ElCotarro.Tenerife"]},{"@type":"Person","@id":"https:\/\/elcotarro.com\/#\/schema\/person\/af537ee7d60d15984c7e0affcd8a918b","name":"Jos\u00e9 Carlos Marrero Gonz\u00e1lez","image":{"@type":"ImageObject","inLanguage":"es","@id":"https:\/\/elcotarro.com\/#\/schema\/person\/image\/","url":"https:\/\/secure.gravatar.com\/avatar\/def4da036efb5d32c74d49c351f6dccc064dd69ad9f3aadc295c5a9a5391ca01?s=96&d=mm&r=g","contentUrl":"https:\/\/secure.gravatar.com\/avatar\/def4da036efb5d32c74d49c351f6dccc064dd69ad9f3aadc295c5a9a5391ca01?s=96&d=mm&r=g","caption":"Jos\u00e9 Carlos Marrero Gonz\u00e1lez"},"sameAs":["https:\/\/elcotarro.com"],"url":"https:\/\/elcotarro.com\/?author=2"}]}},"jetpack_featured_media_url":"","jetpack_sharing_enabled":true,"_links":{"self":[{"href":"https:\/\/elcotarro.com\/index.php?rest_route=\/wp\/v2\/posts\/11009","targetHints":{"allow":["GET"]}}],"collection":[{"href":"https:\/\/elcotarro.com\/index.php?rest_route=\/wp\/v2\/posts"}],"about":[{"href":"https:\/\/elcotarro.com\/index.php?rest_route=\/wp\/v2\/types\/post"}],"author":[{"embeddable":true,"href":"https:\/\/elcotarro.com\/index.php?rest_route=\/wp\/v2\/users\/2"}],"replies":[{"embeddable":true,"href":"https:\/\/elcotarro.com\/index.php?rest_route=%2Fwp%2Fv2%2Fcomments&post=11009"}],"version-history":[{"count":1,"href":"https:\/\/elcotarro.com\/index.php?rest_route=\/wp\/v2\/posts\/11009\/revisions"}],"predecessor-version":[{"id":11010,"href":"https:\/\/elcotarro.com\/index.php?rest_route=\/wp\/v2\/posts\/11009\/revisions\/11010"}],"wp:attachment":[{"href":"https:\/\/elcotarro.com\/index.php?rest_route=%2Fwp%2Fv2%2Fmedia&parent=11009"}],"wp:term":[{"taxonomy":"category","embeddable":true,"href":"https:\/\/elcotarro.com\/index.php?rest_route=%2Fwp%2Fv2%2Fcategories&post=11009"},{"taxonomy":"post_tag","embeddable":true,"href":"https:\/\/elcotarro.com\/index.php?rest_route=%2Fwp%2Fv2%2Ftags&post=11009"}],"curies":[{"name":"wp","href":"https:\/\/api.w.org\/{rel}","templated":true}]}}