{"id":11028,"date":"2025-03-16T00:27:07","date_gmt":"2025-03-16T00:27:07","guid":{"rendered":"https:\/\/elcotarro.com\/?p=11028"},"modified":"2025-03-16T10:57:30","modified_gmt":"2025-03-16T10:57:30","slug":"el-cotarro-549-del-domingo-16-03-2025","status":"publish","type":"post","link":"https:\/\/elcotarro.com\/?p=11028","title":{"rendered":"EL COTARRO \/ 549, DEL DOMINGO, 16\/03\/2025"},"content":{"rendered":"<p><img loading=\"lazy\" decoding=\"async\" class=\"size-full wp-image-9057 aligncenter\" src=\"https:\/\/canariasenpositivo.com\/wp-content\/uploads\/2025\/02\/1.-EL-COTARRO-DA-1.jpg\" alt=\"\" width=\"894\" height=\"145\" \/><\/p>\n<p style=\"text-align: center\"><span style=\"color: #ff0000\"><strong>N\u00ba549 DEL 16 DE MARZO DE 2025<\/strong><\/span><\/p>\n<p><em>\u00a0<\/em><\/p>\n<p><span style=\"color: #0000ff\"><strong>Envidia al ver una obra a velocidad de crucero<\/strong><\/span><\/p>\n<ul>\n<li>Hace unos d\u00edas estuve en el pol\u00edgono La Campana (municipio de El Rosario) cuyas obras de rehabilitaci\u00f3n y modernizaci\u00f3n van por fin a muy buen ritmo, gracias al tes\u00f3n del alcalde rosariero, <strong>Escol\u00e1stico Gil Hern\u00e1ndez<\/strong>, que cuando se empe\u00f1a es como un martillo pil\u00f3n y no hay quien lo pare, y que est\u00e1 contando con el decidido apoyo de <strong>Manuel Fern\u00e1ndez Vega <\/strong>(PP), consejero insular del \u00c1rea de Industria, Comercio del Cabildo. De regreso hacia La Laguna, casi se me caen los palos del sombrajo al ver a un mont\u00f3n de trabajadores en la obra de un nuevo supermercado Lidl, que se est\u00e1 ejecutando a una velocidad de v\u00e9rtigo en la Carretera General del Sur, a la altura del campo de f\u00fatbol de El Chorrillo. Tan impresionado me qued\u00e9, que di la vuelta, aparqu\u00e9 y saqu\u00e9, entre otras, la foto que pongo. No creer\u00e1n, pero tuve la paciencia de contar el n\u00famero de obreros que estaban en el exterior trabajando a destajo, y llegu\u00e9 a contar 43 personas, \u00a1solo por fuera! Por las cristaleras del edificio llegu\u00e9 a intuir que, dentro del mismo, no habr\u00eda menos. Ver aquellos profesionales y su velocidad en el trabajo me asombr\u00f3, me dio envidia sana y medio me entristeci\u00f3.<\/li>\n<\/ul>\n<p><img loading=\"lazy\" decoding=\"async\" class=\"size-large wp-image-9106 aligncenter\" src=\"https:\/\/canariasenpositivo.com\/wp-content\/uploads\/2025\/03\/1.-VISITA-A-LA-CAMPANA-1024x666.jpg\" alt=\"\" width=\"660\" height=\"429\" \/><\/p>\n<p style=\"text-align: center\"><em>Escol\u00e1stico Gil, Manuel Fern\u00e1ndez (c) y el empresario Facundo Garc\u00eda, visitando las obras de La Campana acompa\u00f1ados por los t\u00e9cnicos.<\/em><\/p>\n<p>&nbsp;<\/p>\n<p><span style=\"color: #0000ff\"><strong>El ejemplo de Lidl, Mercadona, Makro o Leroy Merlin<\/strong><\/span><\/p>\n<ul>\n<li>Si me apuran, dir\u00eda que aquel nuevo Lidl ser\u00e1 inaugurado antes de fin de mes, reluciente y completamente terminado. Y lo habr\u00e1n hecho realidad, seguramente, en menos de un a\u00f1o. El supermercado Mercadona del puntal <strong>Juan Roig<\/strong>, que con unas cuatro plantas se hizo en La Laguna, en el solar de las antiguas cocheras de Transportes de Tenerife, cuando eran propiedad de la familia de <strong>Ana Oramas<\/strong>, se ejecut\u00f3 en poco m\u00e1s de un a\u00f1o. La reciente obra de remodelaci\u00f3n de Makro La Laguna, con una inversi\u00f3n de casi \u00a1diez millones de euros! se realiz\u00f3 en 10 meses. Y si van ahora por aquella zona, ver\u00e1n el enjambre de gr\u00faas levantando a toda mecha el nuevo centro de Leroy Merlin en La Laguna, que (me juego una comida) como se descuiden, igual lo abren antes de fin de a\u00f1o. Me dir\u00e1n que son empresas privadas y que hacen con su dinero lo que quieren, que pagan bien, exigen cumplimientos de tiempo y, si fallan, penalizan a las constructoras. En las obras p\u00fablicas, juegan tambi\u00e9n con dinero, pero me cabrea que, en este caso, sea el de nuestros impuestos<\/li>\n<\/ul>\n<p><img loading=\"lazy\" decoding=\"async\" class=\"size-large wp-image-9107 aligncenter\" src=\"https:\/\/canariasenpositivo.com\/wp-content\/uploads\/2025\/03\/2.-TRABAJO-EN-LIDL-1024x768.jpeg\" alt=\"\" width=\"660\" height=\"495\" \/><\/p>\n<p style=\"text-align: center\"><em>Si ampl\u00edan esta foto y la miran con lupa, podr\u00e1n contar m\u00e1s de 30 obreros trabajando a una velocidad que para s\u00ed quisieran las obras p\u00fablicas.<\/em><\/p>\n<p>&nbsp;<\/p>\n<p><strong><span style=\"color: #0000ff\">Nuestra isla y nuestra salud merecen m\u00e1s respeto<\/span> <\/strong><\/p>\n<ul>\n<li>Las grandes empresas anteriormente citadas son un ejemplo de seriedad, profesionalidad, eficacia y eficiencia, a la hora de desarrollar sus obras. En cambio, me perdonar\u00e1 nuestra presidenta del Cabildo de Tenerife, <strong>Rosa D\u00e1vila <\/strong>(CC) y su consejero de Carreteras, <strong>D\u00e1maso Arteaga <\/strong>(CC) que le diga que la lentitud de las obras p\u00fablicas que actualmente se ejecutan en Tenerife, clama al cielo y afecta cada d\u00eda al coraz\u00f3n, tensi\u00f3n y la paciencia de miles y miles de conductores y conductoras cada d\u00eda y a miles de peatones. Perdonen que barra para casa, pero la pasarela peatonal a\u00e9rea que se ejecuta en la rotonda del Padre Anchieta, en La Laguna, vuelve a ser un ejemplo de lo contrario a la eficacia y eficiencia. S\u00e9 que <strong>Rosa<\/strong> y <strong>D\u00e1maso<\/strong> van a decir que la Ley de Contratos del Estado es antigua y perversa, y que hay que asumir y sufrir esa antig\u00fcedad. Y dir\u00e1n que, mientras haya media docena de obreros trabajando, se considera que la obra no est\u00e1 parada, y que la empresa de turno \u201ccubre el expediente\u201d y, de paso, se \u201ccubre las espaldas\u201d. Pero la ciudadan\u00eda no aguanta m\u00e1s y se queja a sus pol\u00edticos, exigiendo soluciones inmediatas.<\/li>\n<\/ul>\n<p><img loading=\"lazy\" decoding=\"async\" class=\"size-full wp-image-9108 aligncenter\" src=\"https:\/\/canariasenpositivo.com\/wp-content\/uploads\/2025\/03\/3.-DAMASO-INDICANDO-A-ROSA.jpg\" alt=\"\" width=\"821\" height=\"530\" \/><\/p>\n<p style=\"text-align: center\"><em>D\u00e1maso Arteaga parece que le est\u00e1 indicando a Rosa D\u00e1vila que \u201caquello que ves all\u00ed en la obra es un obrero trabajando\u201d<\/em><\/p>\n<p>&nbsp;<\/p>\n<p><span style=\"color: #0000ff\"><strong>Una peatonal y a\u00e9rea tomadura de pelo en La Laguna<\/strong><\/span><\/p>\n<ul>\n<li>Perd\u00f3n que barra para casa, pero lo de la pasarela peatonal a\u00e9rea que se ejecuta en la rotonda del <strong>Padre Anchieta<\/strong>, en La Laguna, est\u00e1 volviendo a ser un ejemplo de todo lo contrario a la eficacia y eficiencia de Lidl, Mercadona o Makro. Esta pasada semana, de nuevo, mientras en las obras del Lidl de El Chorrillo trabajaban a una velocidad trepidante casi 100 personas, en la pu\u00f1etera obra de la \u201canchietana\u201d pasarela a\u00e9rea, no llegaban a diez. La mayor parte soldadores poniendo barandas. Creo que la paciencia de nuestro <strong>Santo Padre Anchieta<\/strong>, supera ya la del <strong>Santo Job<\/strong>. Me consta (y espero que sea para bien) \u00faltimamente la han visitado t\u00e9cnicos de Sinpromi (Sociedad para la Promoci\u00f3n con Discapacidad, S.L.) empresa p\u00fablica que depende del \u00c1rea de Acci\u00f3n Social e Inclusi\u00f3n del Cabildo de Tenerife, cuya responsable es la consejera <strong>\u00c1gueda Fumero Roque<\/strong> (PP). Supongo que habr\u00e1n ido por lo del ascensor que debe ir en la parte de la pasarela que da a <strong>San Miguel<\/strong> de Geneto y donde, hasta hoy, brilla por su ausencia. Muchas miradas y algo m\u00e1s que miradas est\u00e1n siguiendo su correcta evoluci\u00f3n.<\/li>\n<\/ul>\n<p><img loading=\"lazy\" decoding=\"async\" class=\"size-large wp-image-9109 aligncenter\" src=\"https:\/\/canariasenpositivo.com\/wp-content\/uploads\/2025\/03\/4.-PASARELA-PADRE-ANCHIETA-1024x683.jpg\" alt=\"\" width=\"660\" height=\"440\" \/><\/p>\n<p style=\"text-align: center\"><em>El Santo Padre Anchieta mira con paciencia las obras de la pasarela peatonal a\u00e9rea.<\/em><\/p>\n<p>&nbsp;<\/p>\n<p><span style=\"color: #0000ff\"><strong>El ejemplo del restaurante \u201cEl Rinconcito de Hilario\u201d<\/strong><\/span><\/p>\n<p>Se est\u00e1n produciendo cabreos gordos en muchos de nuestros restaurantes. Que te \u201ccanten\u201d de viva voz las \u201csugerencias del d\u00eda\u201d o el llamado \u201cfuera de carta\u201d es bonito, profesional y hasta agradable. Pero deja de serlo cuando, paralelamente, no te dicen tambi\u00e9n seguidamente el precio que tiene cada una de esas sugerencias del d\u00eda, o los platos incluidos en el \u201cfuera de carta\u201d. Y la cosa est\u00e1 llevando a inc\u00f3modos y desagradables momentos por esas \u201csorpresas\u201d que la comensal clientela se est\u00e1 llevando al recibir la cuenta final. Alguien tendr\u00eda que controlar la cosa. O tomar buena nota del magn\u00edfico ejemplo de un popular restaurante ubicado en la Calle Pil\u00f3n, 86, de Las Zocas (municipio de San Miguel). Me refiero a <em>\u201cEl Rinconcito de <strong>Hilario<\/strong>\u201d<\/em>, un restaurante familiar, donde sus propietarios\u00a0<strong>Hilario<\/strong> y <strong>Mar\u00eda Laura<\/strong>, <strong>\u201cMary\u201d<\/strong>, tienen el placer de cocinar y atender a su clientela. El bueno de <strong>Hilario<\/strong> se ha molestado en elaborar una \u201cmini- cartita\u201d en un peque\u00f1ito bloc de anillas donde, cada d\u00eda, pone peque\u00f1as hijitas plastificadas con las \u201csugerencias del d\u00eda\u201d, hasta en seis idiomas y sus precios clarito, clarito. Todo un ejemplo de profesionalidad y honestidad por el que hay que reconocer, valorar y felicitar p\u00fablicamente a <strong>Hilario<\/strong>.<\/p>\n<p><img loading=\"lazy\" decoding=\"async\" class=\"size-large wp-image-9110 aligncenter\" src=\"https:\/\/canariasenpositivo.com\/wp-content\/uploads\/2025\/03\/5.-RINCONCITO-DE-HILARIO-1024x447.jpg\" alt=\"\" width=\"660\" height=\"288\" \/><\/p>\n<p style=\"text-align: center\"><em>Hilario (d) y su \u201cmini-carta\u201d con las \u201csugerencias del d\u00eda\u201d en seis idiomas y el precio.<\/em><\/p>\n<p>&nbsp;<\/p>\n<p><span style=\"color: #0000ff\"><strong>En estos complicados momentos\u2026, \u2018presencia reforzada\u2019<\/strong><\/span><\/p>\n<ul>\n<li>Cambio de tercio para comentarles que esta curiosa gente, los <strong>Donald Trump<\/strong>, los <strong>Vladimir Putin<\/strong> y el tercero en discordia, <strong>Volodomir Zelenski<\/strong>, parece que est\u00e1n \u00faltimamente poniendo en jaque el orden mundial y la seguridad de todos nosotros, sin, por supuesto, contar con nosotros. Aqu\u00ed enfrente, en el llamado Sahel, el terrorismo internacional y el yihadismo radical y el profundo desprecio a los derechos humanos preocupa al que tenga dos dedos de frente. Y m\u00e1s que el propio Sahel, la realidad de casi toda \u00c1frica, en mayor o menor estado de conflictos, quita el sue\u00f1o. Nuestra ministra de Defensa, <strong>Margarita Robles<\/strong>, ha afirmado que <em>\u201cgastar en defensa es invertir en paz\u201d<\/em>. Se trata de una afirmaci\u00f3n dif\u00edcil de entender, pero que, lamentablemente, cada d\u00eda se demuestra que es una cruda realidad. En nuestro caso y en nuestra posici\u00f3n geoestrat\u00e9gica, las Islas Canarias y su gente necesitan m\u00e1s que nunca unas Fuerzas Armadas &#8211; las de Espa\u00f1a, \u00bfcu\u00e1les, si no? &#8211; desde la Cultura de Defensa y con su presencia, vigilancia y disuasi\u00f3n, protejan nuestra realidad. Por ello se agradece que el comandante del Mando de Operaciones haya visitado Canarias.<\/li>\n<\/ul>\n<p><img loading=\"lazy\" decoding=\"async\" class=\"size-large wp-image-9111 aligncenter\" src=\"https:\/\/canariasenpositivo.com\/wp-content\/uploads\/2025\/03\/6.-Los-tres-Ejercitos-se-integran-en-el-Mando-de-Operaciones--1024x683.jpg\" alt=\"\" width=\"660\" height=\"440\" \/><\/p>\n<p style=\"text-align: center\"><em>Los tres ej\u00e9rcitos se integran en el Mando de Operaciones. Por sus uniformes y gorras se distingue al Ej\u00e9rcito de Tierra, la Armada y el ej\u00e9rcito del Aire y del Espacio.<\/em><\/p>\n<p>&nbsp;<\/p>\n<p><span style=\"color: #0000ff\"><strong>El comandante del Mando de Operaciones visita Canarias<\/strong><\/span><\/p>\n<ul>\n<li>Por ello hay que destacar y agradecer que, esta pasada semana, una delegaci\u00f3n del Mando de Operaciones (MOPS), encabezada por el teniente general <strong>Jos\u00e9 Antonio Ag\u00fcero Mart\u00ednez<\/strong> (comandante del MOPS) acompa\u00f1ado por el general adjunto de operaciones, el general de brigada <strong>Fernando Mart\u00edn Pascual<\/strong>, haya realizado una visita de inspecci\u00f3n al Mando Operativo Terrestre. Durante su estancia oficial, el teniente general <strong>Ag\u00fcero<\/strong> estuvo con las unidades desplegadas en Canarias, en la activaci\u00f3n operativa \u2018Presencia Reforzada\u2019. La visita del teniente general <strong>Ag\u00fcero<\/strong> comenz\u00f3 el d\u00eda 11 en las instalaciones del Centro Operativo Terrestre (COTER), en la ciudad de Santa Cruz de Tenerife. All\u00ed, se entrevist\u00f3 con el teniente general <strong>Julio Salom Herrera<\/strong>, jefe del Mando de Canarias y comandante del Mando Operativo Terrestre (MOT). Luego, asisti\u00f3 a una videoconferencia con todos los mandos dependientes del MOT, las Islas y Pe\u00f1ones de soberan\u00eda. A continuaci\u00f3n, los tenientes generales <strong>Ag\u00fcero<\/strong> y <strong>Salom<\/strong> se trasladaron a la Base \u2018General <strong>Alem\u00e1n Ram\u00edrez\u2019<\/strong>, en Gran Canaria, donde fueron recibidos por el general <strong>Ricardo Esteban Cabrejos<\/strong>, jefe de la Brigada \u201cCanarias\u201d XVI.<\/li>\n<\/ul>\n<p><img loading=\"lazy\" decoding=\"async\" class=\"size-large wp-image-9112 aligncenter\" src=\"https:\/\/canariasenpositivo.com\/wp-content\/uploads\/2025\/03\/7.-El-general-Aguero-inspecciono-personalmente-a-las-unidades-sobre-el-terreno-1024x683.jpg\" alt=\"\" width=\"660\" height=\"440\" \/><\/p>\n<p style=\"text-align: center\"><em>El general Ag\u00fcero (i) inspeccion\u00f3 las unidades sobre el terreno (en la foto hablando con una soldado) acompa\u00f1ado por el teniente general Julio Salom (d) jefe del Mando de Canarias.<\/em><\/p>\n<p>&nbsp;<\/p>\n<p><span style=\"color: #0000ff\"><strong>Una intensa visita que redundar\u00e1 en nuestra seguridad<\/strong><\/span><\/p>\n<ul>\n<li>En el Cuartel General de la Brigada \u2018Canarias\u2019 XVI, se realiz\u00f3 una presentaci\u00f3n del Centro de Operaciones T\u00e1cticas Canarias (COT CAN). A su finalizaci\u00f3n, realizaron un recorrido por las instalaciones, que incluy\u00f3 una visita al Batall\u00f3n de Guerra Electr\u00f3nica III\/32. Posteriormente, se desplazaron a la localidad de Firgas, para observar el despliegue del Subgrupo T\u00e1ctico C del Grupo T\u00e1ctico \u2018Canarias\u2019 (GT CAN) y, desde all\u00ed, se trasladaron a la Unidad de Apoyo a la Proyecci\u00f3n (UAPRO) \u201cMarqu\u00e9s de <strong>Herrera<\/strong>\u201d, en la isla de Lanzarote, donde les recibi\u00f3 la Unidad de Reconocimiento (URECO) del GT CAN. Estas instalaciones de las UAPRO son apoyos fundamentales para la proyecci\u00f3n de las unidades. El 12 de marzo la visita continu\u00f3 en la UAPRO \u201cGeneral <strong>Anatolio Fuentes<\/strong>\u201d de la isla de El Hierro, desde donde partieron hacia La Restinga para llevar a cabo un \u201cPunto de situaci\u00f3n\u201d, que viene a ser un informe estandarizado que proporciona una actualizaci\u00f3n concisa y clara de la situaci\u00f3n actual de nuestras Fuerzas Armadas (en este caso en nuestro Archipi\u00e9lago). En la localidad de <strong>San Andr\u00e9s<\/strong>, tambi\u00e9n en El Hierro, conocieron las instalaciones del Centro de Atenci\u00f3n Temporal de Extranjeros (CATE) y el despliegue de la Unidad de Artiller\u00eda de Campa\u00f1a (UACA) del GT CAN, antes de regresar a Tenerife, donde concluy\u00f3 \u2014en el Cuartel General del Mando Operativo Terrestre\u2014 la visita oficial del comandante del Mando de Operaciones.<\/li>\n<\/ul>\n<p><img loading=\"lazy\" decoding=\"async\" class=\"size-large wp-image-9113 aligncenter\" src=\"https:\/\/canariasenpositivo.com\/wp-content\/uploads\/2025\/03\/8.-Instalaciones-del-CATE-de-San-Andres-1024x683.jpg\" alt=\"\" width=\"660\" height=\"440\" \/><\/p>\n<p style=\"text-align: center\"><em>Visita a las instalaciones del Centro de Atenci\u00f3n Temporal de Extranjeros (CATE) en la localidad de San Andr\u00e9s (El Hierro)<\/em><\/p>\n<p>&nbsp;<\/p>\n<p><span style=\"color: #0000ff\"><strong>\u201cMando Operativo Terrestre\u201d y \u201cMando de Operaciones\u201d<\/strong><\/span><\/p>\n<ul>\n<li>Para poder opinar con conocimiento de causa y tomar posiciones desde la informaci\u00f3n y no desde la ignorancia, la desinformaci\u00f3n y el sectarismo, es oportuno y conveniente conocer algunos t\u00e9rminos y lo que encierran para nuestra defensa. El denominado Mando Operativo Terrestre (MOT), que est\u00e1 bajo el mando del teniente general <strong>Julio Salom Herrera<\/strong> (a su vez jefe de Mando de Canarias) es el \u00f3rgano de las Fuerzas Armadas encargado del planeamiento, conducci\u00f3n y seguimiento de todas estas operaciones bajo control operativo del Mando de Operaciones. Las Operaciones de Presencia, Vigilancia y Disuasi\u00f3n son una herramienta eficaz para mantener una vigilancia de los espacios de soberan\u00eda nacional, lo que permite detectar anticipadamente amenazas y facilitar una respuesta inmediata y viable ante una potencial crisis. Por su parte el llamado Mando de Operaciones, dependiente del Estado Mayor de la Defensa, y bajo el mando del teniente general <strong>Jos\u00e9 Antonio Ag\u00fcero Mart\u00ednez<\/strong>, es el encargado de planear y dirigir las operaciones permanentes en Territorio Nacional dise\u00f1adas para dar Presencia, mantener la Vigilancia y crear Disuasi\u00f3n tanto en el espacio terrestre como en el mar\u00edtimo, el a\u00e9reo, el espacio y el ciberespacio. Para cumplir con estos objetivos, tiene subordinados los Mandos Operativos Terrestre (MOT), Mar\u00edtimo (MOM), A\u00e9reo (MOA), Espacial (CEMOESPA) y Ciberespacial (CMOC). Con esta informaci\u00f3n, ahora piensen y opinen libremente.<\/li>\n<\/ul>\n<p><img loading=\"lazy\" decoding=\"async\" class=\"size-large wp-image-9114 aligncenter\" src=\"https:\/\/canariasenpositivo.com\/wp-content\/uploads\/2025\/03\/9.-Punto-de-situacion-en-el-puerto-de-La-Restinga-1024x683.jpg\" alt=\"\" width=\"660\" height=\"440\" \/><\/p>\n<p style=\"text-align: center\"><em>Momento del \u201cpunto de situaci\u00f3n\u201d en el puerto de La Restinga (El Hierro). El general Juan Hern\u00e1ndez Mosquera, jefe de la Guardia Civil en Canarias (c) explica la realidad al general Ag\u00fcero (d) en presencia del general Salom (i) de espalda.<\/em><\/p>\n<p>&nbsp;<\/p>\n<p><span style=\"color: #0000ff\"><strong>* Jos\u00e9 Carlos MARRERO GONZ\u00c1LEZ<\/strong><\/span><\/p>\n<p>Periodista y analista de la actualidad.<\/p>\n<p>Director de <strong><em>El Cotarro<\/em><\/strong> (www.elcotarro.com)<\/p>\n<p>Director de <strong><em>Canarias en Positivo<\/em><\/strong> (www.canariasenpositivo.com)<\/p>\n<p>Director de <strong><em>GastroCanarias<\/em><\/strong> (www.gastrocanarias.com)<\/p>\n<p>&nbsp;<\/p>\n<p>Islas Canarias, 16 de marzo de 2025<\/p>\n<p><img loading=\"lazy\" decoding=\"async\" class=\"size-full wp-image-9058 aligncenter\" src=\"https:\/\/canariasenpositivo.com\/wp-content\/uploads\/2025\/02\/4.-CARECA-INSULA.jpg\" alt=\"\" width=\"750\" height=\"153\" \/><\/p>\n<p>&nbsp;<\/p>\n","protected":false},"excerpt":{"rendered":"<p>N\u00ba549 DEL 16 DE MARZO DE 2025 \u00a0 Envidia al ver una obra a velocidad de crucero Hace unos d\u00edas estuve en el pol\u00edgono La Campana (municipio de El Rosario) cuyas obras de rehabilitaci\u00f3n y modernizaci\u00f3n van por fin a muy buen ritmo, gracias al tes\u00f3n del alcalde rosariero, Escol\u00e1stico Gil Hern\u00e1ndez, que cuando se &#8230; <a class=\"read-more\" href=\"https:\/\/elcotarro.com\/?p=11028\">Read more<\/a><\/p>\n","protected":false},"author":2,"featured_media":0,"comment_status":"open","ping_status":"open","sticky":false,"template":"","format":"standard","meta":{"_jetpack_memberships_contains_paid_content":false,"footnotes":""},"categories":[4],"tags":[],"class_list":["post-11028","post","type-post","status-publish","format-standard","hentry","category-el-cotarro"],"yoast_head":"<!-- This site is optimized with the Yoast SEO plugin v27.0 - https:\/\/yoast.com\/product\/yoast-seo-wordpress\/ -->\n<title>EL COTARRO \/ 549, DEL DOMINGO, 16\/03\/2025 - El Cotarro<\/title>\n<meta name=\"robots\" content=\"index, follow, max-snippet:-1, max-image-preview:large, max-video-preview:-1\" \/>\n<link rel=\"canonical\" href=\"https:\/\/elcotarro.com\/?p=11028\" \/>\n<meta property=\"og:locale\" content=\"es_ES\" \/>\n<meta property=\"og:type\" content=\"article\" \/>\n<meta property=\"og:title\" content=\"EL COTARRO \/ 549, DEL DOMINGO, 16\/03\/2025 - El Cotarro\" \/>\n<meta property=\"og:description\" content=\"N\u00ba549 DEL 16 DE MARZO DE 2025 \u00a0 Envidia al ver una obra a velocidad de crucero Hace unos d\u00edas estuve en el pol\u00edgono La Campana (municipio de El Rosario) cuyas obras de rehabilitaci\u00f3n y modernizaci\u00f3n van por fin a muy buen ritmo, gracias al tes\u00f3n del alcalde rosariero, Escol\u00e1stico Gil Hern\u00e1ndez, que cuando se ... Read more\" \/>\n<meta property=\"og:url\" content=\"https:\/\/elcotarro.com\/?p=11028\" \/>\n<meta property=\"og:site_name\" content=\"El Cotarro\" \/>\n<meta property=\"article:publisher\" content=\"https:\/\/www.facebook.com\/ElCotarro.Tenerife\" \/>\n<meta property=\"article:published_time\" content=\"2025-03-16T00:27:07+00:00\" \/>\n<meta property=\"article:modified_time\" content=\"2025-03-16T10:57:30+00:00\" \/>\n<meta property=\"og:image\" content=\"https:\/\/canariasenpositivo.com\/wp-content\/uploads\/2025\/02\/1.-EL-COTARRO-DA-1.jpg\" \/>\n<meta name=\"author\" content=\"Jos\u00e9 Carlos Marrero Gonz\u00e1lez\" \/>\n<meta name=\"twitter:label1\" content=\"Escrito por\" \/>\n\t<meta name=\"twitter:data1\" content=\"Jos\u00e9 Carlos Marrero Gonz\u00e1lez\" \/>\n\t<meta name=\"twitter:label2\" content=\"Tiempo de lectura\" \/>\n\t<meta name=\"twitter:data2\" content=\"12 minutos\" \/>\n<script type=\"application\/ld+json\" class=\"yoast-schema-graph\">{\"@context\":\"https:\/\/schema.org\",\"@graph\":[{\"@type\":\"Article\",\"@id\":\"https:\/\/elcotarro.com\/?p=11028#article\",\"isPartOf\":{\"@id\":\"https:\/\/elcotarro.com\/?p=11028\"},\"author\":{\"name\":\"Jos\u00e9 Carlos Marrero Gonz\u00e1lez\",\"@id\":\"https:\/\/elcotarro.com\/#\/schema\/person\/af537ee7d60d15984c7e0affcd8a918b\"},\"headline\":\"EL COTARRO \/ 549, DEL DOMINGO, 16\/03\/2025\",\"datePublished\":\"2025-03-16T00:27:07+00:00\",\"dateModified\":\"2025-03-16T10:57:30+00:00\",\"mainEntityOfPage\":{\"@id\":\"https:\/\/elcotarro.com\/?p=11028\"},\"wordCount\":2297,\"commentCount\":0,\"publisher\":{\"@id\":\"https:\/\/elcotarro.com\/#organization\"},\"image\":{\"@id\":\"https:\/\/elcotarro.com\/?p=11028#primaryimage\"},\"thumbnailUrl\":\"https:\/\/canariasenpositivo.com\/wp-content\/uploads\/2025\/02\/1.-EL-COTARRO-DA-1.jpg\",\"articleSection\":[\"El Cotarro\"],\"inLanguage\":\"es\",\"potentialAction\":[{\"@type\":\"CommentAction\",\"name\":\"Comment\",\"target\":[\"https:\/\/elcotarro.com\/?p=11028#respond\"]}]},{\"@type\":\"WebPage\",\"@id\":\"https:\/\/elcotarro.com\/?p=11028\",\"url\":\"https:\/\/elcotarro.com\/?p=11028\",\"name\":\"EL COTARRO \/ 549, DEL DOMINGO, 16\/03\/2025 - El Cotarro\",\"isPartOf\":{\"@id\":\"https:\/\/elcotarro.com\/#website\"},\"primaryImageOfPage\":{\"@id\":\"https:\/\/elcotarro.com\/?p=11028#primaryimage\"},\"image\":{\"@id\":\"https:\/\/elcotarro.com\/?p=11028#primaryimage\"},\"thumbnailUrl\":\"https:\/\/canariasenpositivo.com\/wp-content\/uploads\/2025\/02\/1.-EL-COTARRO-DA-1.jpg\",\"datePublished\":\"2025-03-16T00:27:07+00:00\",\"dateModified\":\"2025-03-16T10:57:30+00:00\",\"breadcrumb\":{\"@id\":\"https:\/\/elcotarro.com\/?p=11028#breadcrumb\"},\"inLanguage\":\"es\",\"potentialAction\":[{\"@type\":\"ReadAction\",\"target\":[\"https:\/\/elcotarro.com\/?p=11028\"]}]},{\"@type\":\"ImageObject\",\"inLanguage\":\"es\",\"@id\":\"https:\/\/elcotarro.com\/?p=11028#primaryimage\",\"url\":\"https:\/\/canariasenpositivo.com\/wp-content\/uploads\/2025\/02\/1.-EL-COTARRO-DA-1.jpg\",\"contentUrl\":\"https:\/\/canariasenpositivo.com\/wp-content\/uploads\/2025\/02\/1.-EL-COTARRO-DA-1.jpg\"},{\"@type\":\"BreadcrumbList\",\"@id\":\"https:\/\/elcotarro.com\/?p=11028#breadcrumb\",\"itemListElement\":[{\"@type\":\"ListItem\",\"position\":1,\"name\":\"Portada\",\"item\":\"https:\/\/elcotarro.com\/\"},{\"@type\":\"ListItem\",\"position\":2,\"name\":\"EL COTARRO \/ 549, DEL DOMINGO, 16\/03\/2025\"}]},{\"@type\":\"WebSite\",\"@id\":\"https:\/\/elcotarro.com\/#website\",\"url\":\"https:\/\/elcotarro.com\/\",\"name\":\"El Cotarro\",\"description\":\"Peri\u00f3dico Digital Independiente dirigido por Jos\u00e9 Carlos Marrero\",\"publisher\":{\"@id\":\"https:\/\/elcotarro.com\/#organization\"},\"potentialAction\":[{\"@type\":\"SearchAction\",\"target\":{\"@type\":\"EntryPoint\",\"urlTemplate\":\"https:\/\/elcotarro.com\/?s={search_term_string}\"},\"query-input\":{\"@type\":\"PropertyValueSpecification\",\"valueRequired\":true,\"valueName\":\"search_term_string\"}}],\"inLanguage\":\"es\"},{\"@type\":\"Organization\",\"@id\":\"https:\/\/elcotarro.com\/#organization\",\"name\":\"El Cotarro\",\"url\":\"https:\/\/elcotarro.com\/\",\"logo\":{\"@type\":\"ImageObject\",\"inLanguage\":\"es\",\"@id\":\"https:\/\/elcotarro.com\/#\/schema\/logo\/image\/\",\"url\":\"https:\/\/elcotarro.com\/wp-content\/uploads\/2014\/09\/Cabecera_El_Cotarro_v2.jpg\",\"contentUrl\":\"https:\/\/elcotarro.com\/wp-content\/uploads\/2014\/09\/Cabecera_El_Cotarro_v2.jpg\",\"width\":3540,\"height\":441,\"caption\":\"El Cotarro\"},\"image\":{\"@id\":\"https:\/\/elcotarro.com\/#\/schema\/logo\/image\/\"},\"sameAs\":[\"https:\/\/www.facebook.com\/ElCotarro.Tenerife\"]},{\"@type\":\"Person\",\"@id\":\"https:\/\/elcotarro.com\/#\/schema\/person\/af537ee7d60d15984c7e0affcd8a918b\",\"name\":\"Jos\u00e9 Carlos Marrero Gonz\u00e1lez\",\"image\":{\"@type\":\"ImageObject\",\"inLanguage\":\"es\",\"@id\":\"https:\/\/elcotarro.com\/#\/schema\/person\/image\/\",\"url\":\"https:\/\/secure.gravatar.com\/avatar\/def4da036efb5d32c74d49c351f6dccc064dd69ad9f3aadc295c5a9a5391ca01?s=96&d=mm&r=g\",\"contentUrl\":\"https:\/\/secure.gravatar.com\/avatar\/def4da036efb5d32c74d49c351f6dccc064dd69ad9f3aadc295c5a9a5391ca01?s=96&d=mm&r=g\",\"caption\":\"Jos\u00e9 Carlos Marrero Gonz\u00e1lez\"},\"sameAs\":[\"https:\/\/elcotarro.com\"],\"url\":\"https:\/\/elcotarro.com\/?author=2\"}]}<\/script>\n<!-- \/ Yoast SEO plugin. -->","yoast_head_json":{"title":"EL COTARRO \/ 549, DEL DOMINGO, 16\/03\/2025 - El Cotarro","robots":{"index":"index","follow":"follow","max-snippet":"max-snippet:-1","max-image-preview":"max-image-preview:large","max-video-preview":"max-video-preview:-1"},"canonical":"https:\/\/elcotarro.com\/?p=11028","og_locale":"es_ES","og_type":"article","og_title":"EL COTARRO \/ 549, DEL DOMINGO, 16\/03\/2025 - El Cotarro","og_description":"N\u00ba549 DEL 16 DE MARZO DE 2025 \u00a0 Envidia al ver una obra a velocidad de crucero Hace unos d\u00edas estuve en el pol\u00edgono La Campana (municipio de El Rosario) cuyas obras de rehabilitaci\u00f3n y modernizaci\u00f3n van por fin a muy buen ritmo, gracias al tes\u00f3n del alcalde rosariero, Escol\u00e1stico Gil Hern\u00e1ndez, que cuando se ... Read more","og_url":"https:\/\/elcotarro.com\/?p=11028","og_site_name":"El Cotarro","article_publisher":"https:\/\/www.facebook.com\/ElCotarro.Tenerife","article_published_time":"2025-03-16T00:27:07+00:00","article_modified_time":"2025-03-16T10:57:30+00:00","og_image":[{"url":"https:\/\/canariasenpositivo.com\/wp-content\/uploads\/2025\/02\/1.-EL-COTARRO-DA-1.jpg","type":"","width":"","height":""}],"author":"Jos\u00e9 Carlos Marrero Gonz\u00e1lez","twitter_misc":{"Escrito por":"Jos\u00e9 Carlos Marrero Gonz\u00e1lez","Tiempo de lectura":"12 minutos"},"schema":{"@context":"https:\/\/schema.org","@graph":[{"@type":"Article","@id":"https:\/\/elcotarro.com\/?p=11028#article","isPartOf":{"@id":"https:\/\/elcotarro.com\/?p=11028"},"author":{"name":"Jos\u00e9 Carlos Marrero Gonz\u00e1lez","@id":"https:\/\/elcotarro.com\/#\/schema\/person\/af537ee7d60d15984c7e0affcd8a918b"},"headline":"EL COTARRO \/ 549, DEL DOMINGO, 16\/03\/2025","datePublished":"2025-03-16T00:27:07+00:00","dateModified":"2025-03-16T10:57:30+00:00","mainEntityOfPage":{"@id":"https:\/\/elcotarro.com\/?p=11028"},"wordCount":2297,"commentCount":0,"publisher":{"@id":"https:\/\/elcotarro.com\/#organization"},"image":{"@id":"https:\/\/elcotarro.com\/?p=11028#primaryimage"},"thumbnailUrl":"https:\/\/canariasenpositivo.com\/wp-content\/uploads\/2025\/02\/1.-EL-COTARRO-DA-1.jpg","articleSection":["El Cotarro"],"inLanguage":"es","potentialAction":[{"@type":"CommentAction","name":"Comment","target":["https:\/\/elcotarro.com\/?p=11028#respond"]}]},{"@type":"WebPage","@id":"https:\/\/elcotarro.com\/?p=11028","url":"https:\/\/elcotarro.com\/?p=11028","name":"EL COTARRO \/ 549, DEL DOMINGO, 16\/03\/2025 - El Cotarro","isPartOf":{"@id":"https:\/\/elcotarro.com\/#website"},"primaryImageOfPage":{"@id":"https:\/\/elcotarro.com\/?p=11028#primaryimage"},"image":{"@id":"https:\/\/elcotarro.com\/?p=11028#primaryimage"},"thumbnailUrl":"https:\/\/canariasenpositivo.com\/wp-content\/uploads\/2025\/02\/1.-EL-COTARRO-DA-1.jpg","datePublished":"2025-03-16T00:27:07+00:00","dateModified":"2025-03-16T10:57:30+00:00","breadcrumb":{"@id":"https:\/\/elcotarro.com\/?p=11028#breadcrumb"},"inLanguage":"es","potentialAction":[{"@type":"ReadAction","target":["https:\/\/elcotarro.com\/?p=11028"]}]},{"@type":"ImageObject","inLanguage":"es","@id":"https:\/\/elcotarro.com\/?p=11028#primaryimage","url":"https:\/\/canariasenpositivo.com\/wp-content\/uploads\/2025\/02\/1.-EL-COTARRO-DA-1.jpg","contentUrl":"https:\/\/canariasenpositivo.com\/wp-content\/uploads\/2025\/02\/1.-EL-COTARRO-DA-1.jpg"},{"@type":"BreadcrumbList","@id":"https:\/\/elcotarro.com\/?p=11028#breadcrumb","itemListElement":[{"@type":"ListItem","position":1,"name":"Portada","item":"https:\/\/elcotarro.com\/"},{"@type":"ListItem","position":2,"name":"EL COTARRO \/ 549, DEL DOMINGO, 16\/03\/2025"}]},{"@type":"WebSite","@id":"https:\/\/elcotarro.com\/#website","url":"https:\/\/elcotarro.com\/","name":"El Cotarro","description":"Peri\u00f3dico Digital Independiente dirigido por Jos\u00e9 Carlos Marrero","publisher":{"@id":"https:\/\/elcotarro.com\/#organization"},"potentialAction":[{"@type":"SearchAction","target":{"@type":"EntryPoint","urlTemplate":"https:\/\/elcotarro.com\/?s={search_term_string}"},"query-input":{"@type":"PropertyValueSpecification","valueRequired":true,"valueName":"search_term_string"}}],"inLanguage":"es"},{"@type":"Organization","@id":"https:\/\/elcotarro.com\/#organization","name":"El Cotarro","url":"https:\/\/elcotarro.com\/","logo":{"@type":"ImageObject","inLanguage":"es","@id":"https:\/\/elcotarro.com\/#\/schema\/logo\/image\/","url":"https:\/\/elcotarro.com\/wp-content\/uploads\/2014\/09\/Cabecera_El_Cotarro_v2.jpg","contentUrl":"https:\/\/elcotarro.com\/wp-content\/uploads\/2014\/09\/Cabecera_El_Cotarro_v2.jpg","width":3540,"height":441,"caption":"El Cotarro"},"image":{"@id":"https:\/\/elcotarro.com\/#\/schema\/logo\/image\/"},"sameAs":["https:\/\/www.facebook.com\/ElCotarro.Tenerife"]},{"@type":"Person","@id":"https:\/\/elcotarro.com\/#\/schema\/person\/af537ee7d60d15984c7e0affcd8a918b","name":"Jos\u00e9 Carlos Marrero Gonz\u00e1lez","image":{"@type":"ImageObject","inLanguage":"es","@id":"https:\/\/elcotarro.com\/#\/schema\/person\/image\/","url":"https:\/\/secure.gravatar.com\/avatar\/def4da036efb5d32c74d49c351f6dccc064dd69ad9f3aadc295c5a9a5391ca01?s=96&d=mm&r=g","contentUrl":"https:\/\/secure.gravatar.com\/avatar\/def4da036efb5d32c74d49c351f6dccc064dd69ad9f3aadc295c5a9a5391ca01?s=96&d=mm&r=g","caption":"Jos\u00e9 Carlos Marrero Gonz\u00e1lez"},"sameAs":["https:\/\/elcotarro.com"],"url":"https:\/\/elcotarro.com\/?author=2"}]}},"jetpack_featured_media_url":"","jetpack_sharing_enabled":true,"_links":{"self":[{"href":"https:\/\/elcotarro.com\/index.php?rest_route=\/wp\/v2\/posts\/11028","targetHints":{"allow":["GET"]}}],"collection":[{"href":"https:\/\/elcotarro.com\/index.php?rest_route=\/wp\/v2\/posts"}],"about":[{"href":"https:\/\/elcotarro.com\/index.php?rest_route=\/wp\/v2\/types\/post"}],"author":[{"embeddable":true,"href":"https:\/\/elcotarro.com\/index.php?rest_route=\/wp\/v2\/users\/2"}],"replies":[{"embeddable":true,"href":"https:\/\/elcotarro.com\/index.php?rest_route=%2Fwp%2Fv2%2Fcomments&post=11028"}],"version-history":[{"count":3,"href":"https:\/\/elcotarro.com\/index.php?rest_route=\/wp\/v2\/posts\/11028\/revisions"}],"predecessor-version":[{"id":11031,"href":"https:\/\/elcotarro.com\/index.php?rest_route=\/wp\/v2\/posts\/11028\/revisions\/11031"}],"wp:attachment":[{"href":"https:\/\/elcotarro.com\/index.php?rest_route=%2Fwp%2Fv2%2Fmedia&parent=11028"}],"wp:term":[{"taxonomy":"category","embeddable":true,"href":"https:\/\/elcotarro.com\/index.php?rest_route=%2Fwp%2Fv2%2Fcategories&post=11028"},{"taxonomy":"post_tag","embeddable":true,"href":"https:\/\/elcotarro.com\/index.php?rest_route=%2Fwp%2Fv2%2Ftags&post=11028"}],"curies":[{"name":"wp","href":"https:\/\/api.w.org\/{rel}","templated":true}]}}