{"id":11040,"date":"2025-04-06T00:05:37","date_gmt":"2025-04-05T23:05:37","guid":{"rendered":"https:\/\/elcotarro.com\/?p=11040"},"modified":"2025-04-06T00:06:28","modified_gmt":"2025-04-05T23:06:28","slug":"el-cotarro-552-del-domingo-06-04-2025","status":"publish","type":"post","link":"https:\/\/elcotarro.com\/?p=11040","title":{"rendered":"EL COTARRO \/ 552, DEL DOMINGO, 06\/04\/2025"},"content":{"rendered":"<p><img loading=\"lazy\" decoding=\"async\" class=\"size-full wp-image-9057 aligncenter\" src=\"https:\/\/canariasenpositivo.com\/wp-content\/uploads\/2025\/02\/1.-EL-COTARRO-DA-1.jpg\" alt=\"\" width=\"894\" height=\"145\" \/><\/p>\n<p style=\"text-align: center\"><span style=\"color: #ff0000\"><strong>N\u00ba552 DEL 6 DE ABRIL DE 2025<\/strong><\/span><\/p>\n<p>&nbsp;<\/p>\n<p><span style=\"color: #0000ff\"><strong>Rom\u00e1n Rodr\u00edguez, el \u201cDonald Trump\u201d de Gran Canaria<\/strong><\/span><\/p>\n<ul>\n<li>Hace unas semanas, en el retorno de <strong><em>El Cotarro<\/em><\/strong> a la edici\u00f3n en papel de <strong>Diario de Avisos<\/strong>, les dije que, al alcalde lagunero, <strong>Luis Yeray Guti\u00e9rrez<\/strong> le llamaban <em>\u201cel nuevo <strong>Ana Oramas<\/strong> de La laguna\u201d<\/em>. Much\u00edsima gente lo entendi\u00f3 (y a alguna persona de Coalici\u00f3n Canaria no le hizo mucha gracia). Hoy les cuento que, al expresidente del Gobierno canario, <strong>Rom\u00e1n Rodr\u00edguez Rodr\u00edguez<\/strong>, le llaman ahora <em>\u201cel nuevo <strong>Donald Trump<\/strong> de Gran Canaria\u201d<\/em>. El hombre est\u00e1 m\u00e1s radicalizado que nunca con lo del proteccionismo a todo <em>\u201clo canari\u00f3n\u201d<\/em>, incluso por encima del proteccionismo a todo <em>\u201clo canario\u201d<\/em> (a secas), que ser\u00eda lo suyo. Del \u00ednclito <strong>Rom\u00e1n Rodr\u00edguez<\/strong> dicen ahora que <em>\u201cva de victoria en victoria, hasta la derrota final\u201d<\/em>. Mientras tanto, la gente canaria de a pie, sigue desafect\u00e1ndose cada d\u00eda m\u00e1s de la pol\u00edtica y distanci\u00e1ndose de \u201cestos\u201d pol\u00edticos, cada vez m\u00e1s alejados de la realidad. En el VIII Congreso de Coalici\u00f3n Canaria este fin de semana (que se est\u00e1 celebrando \u201cprecisamente\u201d en Gran Canaria) con el lema de \u201cCanarias unida\u201d se va a hablar de <strong>Rom\u00e1n <\/strong>(y mucho) aunque el hombre no est\u00e9, ni se le espere. El lema del mismo es todo un mensaje al \u201cDonald Trump\u201d de Gran Canaria y no s\u00e9 si tambi\u00e9n una premonici\u00f3n.<\/li>\n<\/ul>\n<p><img loading=\"lazy\" decoding=\"async\" class=\"size-large wp-image-9172 aligncenter\" src=\"https:\/\/canariasenpositivo.com\/wp-content\/uploads\/2025\/04\/1.-ROMAN-ANTES-Y-AHORA-1024x541.jpg\" alt=\"\" width=\"660\" height=\"349\" \/><\/p>\n<p style=\"text-align: center\"><em>Rom\u00e1n Rodr\u00edguez de pibito, casi reci\u00e9n entrado en pol\u00edtica (i) y ahora, m\u00e1s talludito.<\/em><\/p>\n<p>&nbsp;<\/p>\n<p><span style=\"color: #0000ff\"><strong>Tras seis meses, en Urgencias\u2026 \u201ca peor la mejor\u00eda\u201d<\/strong><\/span><\/p>\n<ul>\n<li>El pasado mi\u00e9rcoles el <strong>Diario de Avisos<\/strong> abri\u00f3 con una portada tan real como triste. El titular rezaba <em>\u201cun centenar de m\u00e9dicos denuncian la situaci\u00f3n \u2018insostenible\u2019 de las Urgencias\u201d<\/em>. Me promet\u00ed que estar\u00eda tranquilito y callado durante un tiempo, tras el cese (creo que tan injusto y equivocado, como improcedente en tiempo y forma) de quien fue durante mucho tiempo jefe del servicio de Urgencias del HUC y al que ni voy a nombrar, para que no sigan ech\u00e1ndole la culpa de todo. Han pasado seis meses de aquel cese, ejecutado por el gerente del HUC, <strong>Adasat Goya<\/strong>, creo que, con la complicidad del director m\u00e9dico del centro, el doctor <strong>Jos\u00e9 Antonio Garc\u00eda Dopico<\/strong>. Han pasado seis meses y, a peor la mejor\u00eda. El propio <strong>Adasat Goya<\/strong>, con el respaldo (al menos de boquilla) de la consejera de Sanidad, <strong>Esther Monz\u00f3n<\/strong> (CC) afirma que la cosa va mejorando. Pero la verdad es que, como dice el mago, parece que va <em>\u201ca peor la mejor\u00eda\u201d<\/em>. Y lo que te rondar\u00e9, morena.<\/li>\n<\/ul>\n<p><img loading=\"lazy\" decoding=\"async\" class=\"size-full wp-image-9173 aligncenter\" src=\"https:\/\/canariasenpositivo.com\/wp-content\/uploads\/2025\/04\/2.-ADASAT-CON-DOPICO.jpg\" alt=\"\" width=\"752\" height=\"423\" \/><\/p>\n<p><em>Adasat Goya Gonz\u00e1lez (i) y Jos\u00e9 Antonio Garc\u00eda Dopico, mirando cada uno para el otro lado.<\/em><\/p>\n<p>&nbsp;<\/p>\n<p><span style=\"color: #0000ff\"><strong>Recuerden lo que la Inspecci\u00f3n ya exigi\u00f3 en 2013<\/strong><\/span><\/p>\n<ul>\n<li>Por cierto\u2026 La historia se repite y seguimos sin aprender\u2026 hasta que haya una desgracia, que Dios no lo quiera. En octubre de 2013 (hace ya \u00a112 a\u00f1os!) la Inspecci\u00f3n Provincial de Trabajo de Santa Cruz de Tenerife, mand\u00f3 un requerimiento a la Consejer\u00eda de Sanidad del Gobierno de Canarias, a cuenta de unas irregularidades en el HUC. En el mismo se instaba (textualmente) a <em>\u201cejecutar determinadas medidas necesarias para subsanar las deficiencias de seguridad y salud existentes, en algunos casos de relevancia considerable\u201d<\/em>. Hablando en relaci\u00f3n a la \u201cTorre Sur de Evacuaci\u00f3n\u201d se instaba a <em>\u201cmantener despejado el recorrido de evacuaci\u00f3n previsto, dado que con ocasi\u00f3n de la visita (de inspecci\u00f3n) se observa que el pasillo del Servicio de Urgencias, se encuentra ocupado con un importante n\u00famero de camas con pacientes\u201d.<\/em> Aquel a\u00f1o era jefe de Urgencias el Dr. <strong>Jos\u00e9 Casa\u00f1as C\u00fallen <\/strong>y se arregl\u00f3. En este momento no s\u00e9 exactamente quien ocupa la Jefatura\u2026 Pero s\u00ed s\u00e9 que el pasillo de marras, el que denunci\u00f3 la Inspecci\u00f3n, vuelve a estar ocupado, como pueden ver en la foto.<\/li>\n<\/ul>\n<p><img loading=\"lazy\" decoding=\"async\" class=\"size-large wp-image-9174 aligncenter\" src=\"https:\/\/canariasenpositivo.com\/wp-content\/uploads\/2025\/04\/3.-PASILLO-URGENCIAS-2025-04-04-1024x768.jpg\" alt=\"\" width=\"660\" height=\"495\" \/><\/p>\n<p style=\"text-align: center\"><em>Una de varias fotograf\u00edas del pasillo de evacuaci\u00f3n en Urgencias del HUC, el pasado viernes. Es el mismo pasillo del requerimiento de la Inspecci\u00f3n del a\u00f1o 2013 y, como se puede ver, de nuevo ocupado por camas y personas enfermas.<\/em><\/p>\n<p>&nbsp;<\/p>\n<p><span style=\"color: #0000ff\"><strong>\u201cConsume local, o nos vamos a la mierda\u201d \u2026 Un error<\/strong><\/span><\/p>\n<ul>\n<li>Respeto la libertad de expresi\u00f3n de todo el mundo, pero, desde la m\u00eda, les dir\u00e9 que no me gusta el t\u00edtulo de la nueva que el Gobierno de Canarias present\u00f3 el jueves para promocionar y apoyar al consumo de productos canarios y que, bajo el impactante lema <strong><em>\u2018Consume local o nos vamos a la mierda\u2019<\/em><\/strong>, busca concienciar a la poblaci\u00f3n sobre la importancia de apostar por los productos canarios y la defensa de nuestro sector primario. Estuvieron: <strong>Narvay Quintero <\/strong>(consejero de Agricultura del Gobierno), <strong>Luis Arr\u00e1ez <\/strong>(director del Instituto Canario de Calidad Agroalimentaria \u2013 ICCA) y <strong>Juan Antonio Alonso <\/strong>(consejero delegado de Gesti\u00f3n del Medio Rural de Canarias \u2013 GMR, que paga la campa\u00f1a) as\u00ed como los miembros de <strong>Abubukaka<\/strong>, la compa\u00f1\u00eda de teatro encargada de dar vida a esta acci\u00f3n con su particular estilo irreverente y provocador. La compa\u00f1\u00eda <strong>Abubukaka<\/strong> (a la que respeto enormemente) expres\u00f3 su entusiasmo por formar parte de esta producci\u00f3n, que calificaron como \u201crompedora\u201d. Su portavoz, <strong>Carlos Pedr\u00f3s,<\/strong> afirm\u00f3 que <em>\u201cnos encant\u00f3 llevarla a cabo y creemos que va a generar debate, que es lo que realmente se necesita\u201d<\/em>.<\/li>\n<\/ul>\n<p><img loading=\"lazy\" decoding=\"async\" class=\"size-large wp-image-9175 aligncenter\" src=\"https:\/\/canariasenpositivo.com\/wp-content\/uploads\/2025\/04\/4.-PRESENTACION-CAMPANA-1024x575.jpeg\" alt=\"\" width=\"660\" height=\"371\" \/><\/p>\n<p style=\"text-align: center\"><em>Los 4 componentes de Abubukaka (i) con Narvay Quintero, Luis Arr\u00e1ez y Juan Antonio Alonso.<\/em><\/p>\n<p>&nbsp;<\/p>\n<p><span style=\"color: #0000ff\"><strong>Con todo respeto a la compa\u00f1\u00eda teatral Abubukaka<\/strong><\/span><\/p>\n<ul>\n<li>Seguro que la campa\u00f1a va a generar debate y me atrevo a comenzarlo yo, criticando el uso de la palabra \u201cmierda\u201d como su base y punto de partida. Me atrevo a decir que \u00e9sta debe ser (por lo menos) la d\u00e9cima campa\u00f1a que el Gobierno Canario contrata con el mismo objetivo y que, por lo que se ve, ninguna lo ha logrado. Quiz\u00e1 porque esa conciencia de la necesidad de \u201capostar por lo nuestro\u201d, por lo canario, se tiene que llevar en el ADN, en los genes, en el coraz\u00f3n, en el alma. Y eso no se hace desde hace a\u00f1os. Le dir\u00eda a mi estimado consejero <strong>Narvay Quintero<\/strong>, que la expresi\u00f3n \u00ab<em>nos vamos a la mierda\u00bb<\/em> es vulgar y pesimista, y reduce la complejidad de la producci\u00f3n y consumo de productos agroalimentarios de nuestra tierra a una frase simplista y despectiva. Le dir\u00eda a <strong>Luis Arr\u00e1ez Guadalupe<\/strong> que, utilizarla como una forma de comunicar frustraci\u00f3n o desesperanza, no aporta soluciones ni fomenta el di\u00e1logo constructivo para la necesaria mentalizaci\u00f3n desde la educaci\u00f3n temprana, partiendo de la familia y continuando por la escuela, el instituto y hasta la mism\u00edsima universidad. Y le dir\u00eda a <strong>Juan Antonio Alonso<\/strong> que, adem\u00e1s, su tono agresivo y negativo puede contribuir a generar un ambiente de desconfianza y desesperaci\u00f3n, en lugar de promover una reflexi\u00f3n cr\u00edtica y serena sobre los problemas que podamos tener.<\/li>\n<\/ul>\n<p><img loading=\"lazy\" decoding=\"async\" class=\"size-large wp-image-9176 aligncenter\" src=\"https:\/\/canariasenpositivo.com\/wp-content\/uploads\/2025\/04\/5.-CONSUME-LOCAL-1024x494.jpg\" alt=\"\" width=\"660\" height=\"318\" \/><\/p>\n<p style=\"text-align: center\"><em>Cartel de la impactante campa\u00f1a contratada y pagada por el Gobierno de Canarias.\u00a0<\/em><\/p>\n<p>&nbsp;<\/p>\n<p><span style=\"color: #0000ff\"><strong>Ya puestos, nos vamos \u201cp\u2019al carajo\u201d, antes \u201ca la mierda\u201d<\/strong><\/span><\/p>\n<ul>\n<li>La Academia Canaria de la Lengua, fundaci\u00f3n p\u00fablica dependiente del Gobierno de Canarias y que actualmente preside <strong>Gonzalo Ortega Ojeda <\/strong>tiene como objetivos el estudio y descripci\u00f3n de la variedad canaria de la lengua espa\u00f1ola y de la producci\u00f3n literaria desarrollada en las Islas. Si buscamos la palabra \u201cmierda\u201d en el Diccionario B\u00e1sico de Canarismos (DBC) que publica dicha Academia, dice que <em>&lt;&lt;no se ha encontrado ninguna palabra buscando por \u201cmierda\u201d&gt;&gt;<\/em> Le dir\u00eda a <strong>Carlos Pedr\u00f3s<\/strong> y restantes componentes de <strong><em>Abubukaka<\/em><\/strong>, los grandes c\u00f3micos <strong>Amanhuy Cala, V\u00edctor Hubara<\/strong> y <strong>Diego Lupi\u00e1\u00f1ez<\/strong>, que debemos y podemos decir lo mismo, sin chabacaner\u00eda, sin molestar a los o\u00eddos, sin recurrir a f\u00e1ciles expresiones que nuestra juventud y toda la ciudadan\u00eda canaria deber\u00eda no utilizar. Porque es feo, no conducen a nada, no hace falta, ni merece la pena. Como dicen los maestros canarios&#8230; \u201ctenemos que hablar bonito\u201d \u2026 o nos vamos <em>p\u2019al carajo<\/em>, que tambi\u00e9n choca, pero, ya puestos, es m\u00e1s canario. \u00a1Hablemos bonito, contra!<\/li>\n<\/ul>\n<p><img loading=\"lazy\" decoding=\"async\" class=\"size-full wp-image-9177 aligncenter\" src=\"https:\/\/canariasenpositivo.com\/wp-content\/uploads\/2025\/04\/6.-NOS-VAMOS-A-LA-MIERDA.jpeg\" alt=\"\" width=\"294\" height=\"171\" \/><\/p>\n<p style=\"text-align: center\"><em>Fotograma del spot publicitario con sus protagonistas yendo a la mierda. Unir los t\u00e9rminos y conceptos \u00abconsumo\u00bb y \u00abmierda\u00bb&#8230; como que no.<\/em><\/p>\n<p>&nbsp;<\/p>\n<p><span style=\"color: #0000ff\"><strong>Morgan da a luz una cr\u00eda (macho) de orca en Loro Parque<\/strong><\/span><\/p>\n<ul>\n<li>El pasado lunes, Loro Parque, la gran \u201cembajada animal que fundara el empresario <strong>Wolfgang Kiessling<\/strong> en 1972 en el Puerto de la Cruz, ha celebrado con entusiasmo el nacimiento de una nueva cr\u00eda de orca, hijo de <strong>Morgan<\/strong>, una de las orcas que habita en sus instalaciones, lo que refuerza el compromiso de la instituci\u00f3n con el bienestar y la conservaci\u00f3n de estos mam\u00edferos marinos. El parto tuvo lugar con la presencia del personal necesario, para garantizar el bienestar de la madre y la cr\u00eda. Tras el nacimiento, ambos, madre e hijo, se encuentran en buen estado de salud, y <strong>Morgan<\/strong> ha demostrado un fuerte instinto materno, cuidando de su cr\u00eda con dedicaci\u00f3n. En estos momentos se encuentran en una instalaci\u00f3n especial, separada de las dem\u00e1s orcas, dise\u00f1ada para maximizar la seguridad de madre y cr\u00eda. El equipo de Loro Parque es plenamente consciente de los desaf\u00edos que pueden surgir tras el nacimiento de cualquier animal. Por ello, <strong>Wolfgang Kiessling<\/strong> ha comentado que se mantendr\u00e1 una vigilancia constante sobre la evoluci\u00f3n de la cr\u00eda, especialmente durante los primeros meses de vida. Las cr\u00edas de orca nacen con un sistema inmunol\u00f3gico inmaduro y dependen de los anticuerpos transmitidos a trav\u00e9s de la leche materna (saben que son mam\u00edferos marinos) lo que hace que la tasa de mortalidad de los cet\u00e1ceos en la naturaleza ronde el 50%.<\/li>\n<\/ul>\n<p><img loading=\"lazy\" decoding=\"async\" class=\"size-large wp-image-9178 aligncenter\" src=\"https:\/\/canariasenpositivo.com\/wp-content\/uploads\/2025\/04\/7.-MORGAN-CON-SU-CRIA-1024x717.webp\" alt=\"\" width=\"660\" height=\"462\" \/><\/p>\n<p style=\"text-align: center\"><em>Morgan y su cr\u00eda ya nadan en las aguas de Loro Parque cuidadas con mimo las 24 horas del d\u00eda.<\/em><\/p>\n<p>&nbsp;<\/p>\n<p><span style=\"color: #0000ff\"><strong>Un s\u00edmbolo de la labor de conservaci\u00f3n de Loro Parque<\/strong><\/span><\/p>\n<ul>\n<li>La emblem\u00e1tica orca <strong>Morgan<\/strong>, la madre de la cr\u00eda, es un s\u00edmbolo de la labor de conservaci\u00f3n de Loro Parque. Rescatada en 2010 tras quedar varada en la costa de los Pa\u00edses Bajos en estado cr\u00edtico, fue trasladada a Loro Parque tras una exhaustiva evaluaci\u00f3n de expertos, que determinaron que este era el mejor lugar para garantizar su bienestar a largo plazo. <strong>Wolfgang Kiessling<\/strong> y todos los cient\u00edficos tienen claro que, si Morgan no hubiera venido, habr\u00eda fallecido aquel a\u00f1o 2010. La llegada de <strong>Morgan<\/strong> a Loro Parque en 2011 le salv\u00f3 la vida. Gracias a los cuidados intensivos del equipo de Loro Parque, <strong>Morgan<\/strong> ha logrado recuperarse completamente e integrarse en la comunidad de orcas del parque. Se descubri\u00f3 que era sorda, lo que supuso un reto \u00fanico para su adaptaci\u00f3n. En respuesta, los entrenadores desarrollaron un innovador sistema de comunicaci\u00f3n basado en se\u00f1ales luminosas, permiti\u00e9ndole interactuar eficazmente con sus cuidadores. Sumamente contento, Wolfgang Kiessling ha dicho que todo el equipo de Loro Parque lleva meses proporcionando el apoyo necesario a <strong>Morgan<\/strong> para garantizar un parto seguro. Todos los nacimientos en Loro Parque son especiales, pero el de una orca es particularmente significativo y es testimonio de la dedicaci\u00f3n y la experiencia del equipo que lidera <strong>Wolfgang Kiessling<\/strong> y su familia. Como se suele decir en Canarias, \u00a1que Dios la bendiga!<\/li>\n<\/ul>\n<p><img loading=\"lazy\" decoding=\"async\" class=\"size-large wp-image-9179 aligncenter\" src=\"https:\/\/canariasenpositivo.com\/wp-content\/uploads\/2025\/04\/8.-MADRE-E-HIJO-1024x683.jpg\" alt=\"\" width=\"660\" height=\"440\" \/><\/p>\n<p style=\"text-align: center\"><em>Morgan, delante, seguida de su cr\u00eda. Los machos son llamados com\u00fanmente \u00abtoros\u00bb, t\u00e9rmino utilizado en zoolog\u00eda para los machos de varias especies de mam\u00edferos, incluyendo a las orcas.<\/em><\/p>\n<p>&nbsp;<\/p>\n<p><strong><span style=\"color: #0000ff\">Embajadores \u201cMarca Ej\u00e9rcito\u201d en la Brigada \u201cCanarias\u201d XVI<\/span> <\/strong><\/p>\n<ul>\n<li>Remato <strong><em>El Cotarro<\/em><\/strong> de hoy haci\u00e9ndome eco de que los embajadores de la \u201cMarca Ej\u00e9rcito\u201d han realizado una visita a la Brigada \u201cCanarias\u201d XVI (BRICAN XVI), generadora de la Brigada L\u00edbano XLIII (BRILIB XLIII), con el objeto de fortalecer los lazos entre la sociedad civil y las Fuerzas Armadas, as\u00ed como para conocer de cerca las actividades y misiones que esta unidad desarrolla. Los embajadores fueron recibidos en la Base General <strong>Alem\u00e1n Ram\u00edrez<\/strong> de Las Palmas de Gran Canaria, por el teniente general <strong>Julio Salom<\/strong> <strong>Herrera<\/strong>, jefe del Mando de Canarias (MCANA) y por el general de brigada <strong>Ricardo Esteban<\/strong> <strong>Cabrejos<\/strong> jefe de la BRICAN XVI. Pueden ver en la foto de debajo a los embajadores isle\u00f1os en la fila de delante: De izquierda a derecha: <strong>Francisco Javier Taibo, Valeriano Weyler, Jos\u00e9 Antonio Hern\u00e1ndez Reja, Eva Cervera, Eligio Hern\u00e1ndez, Jos\u00e9 S\u00e1nchez Tinoco<\/strong> y <strong>Juan Jos\u00e9 Laforet. <\/strong>Excus\u00f3 su presencia por motivos de trabajo el embajador tinerfe\u00f1o <strong>Jos\u00e9 Carlos Marrero<\/strong>.<\/li>\n<\/ul>\n<p><img loading=\"lazy\" decoding=\"async\" class=\"size-large wp-image-9180 aligncenter\" src=\"https:\/\/canariasenpositivo.com\/wp-content\/uploads\/2025\/04\/9.-EMBAJADORES-EN-LA-BRICAN-1024x576.webp\" alt=\"\" width=\"660\" height=\"371\" \/><\/p>\n<p style=\"text-align: center\"><em>Delante, en la primera fila, los embajadores de la Marca Ej\u00e9rcito en Canarias, con el teniente general Julio Salom, jefe del Mando de Canarias, en el centro.<\/em><\/p>\n<p>&nbsp;<\/p>\n<p><span style=\"color: #0000ff\"><strong>Para fortalecer la conexi\u00f3n entre el Ej\u00e9rcito y la sociedad<\/strong><\/span><\/p>\n<ul>\n<li>Durante la jornada, se llev\u00f3 a cabo una exposici\u00f3n informativa en la que el general Esteban expuso una breve rese\u00f1a con la historia y valores de la Brigada \u201cCanarias\u201d XVI, sus misiones, organizaci\u00f3n y despliegue en el archipi\u00e9lago. Adem\u00e1s, durante la explicaci\u00f3n, con motivo del despliegue el pr\u00f3ximo mayo del contingente BRILIB XLIII en L\u00edbano, se enfatiz\u00f3 la labor desarrollada por el Ej\u00e9rcito de Tierra bajo mandato del Consejo de Seguridad de las Naciones Unidas en el L\u00edbano. Posteriormente, los embajadores recorrieron las instalaciones de instrucci\u00f3n y adiestramiento. Esta visita refleja el compromiso de la Brigada \u201cCanarias\u201d XVI (BRICAN XVI) del Mando de Canarias (MCANA), que manda el general de brigada <strong>Ricardo Esteban<\/strong> <strong>Cabrejos,<\/strong> por fortalecer la conexi\u00f3n entre el Ej\u00e9rcito de Tierra y la sociedad. Este encuentro ha permitido que representantes de diferentes sectores de la ciudadan\u00eda canaria conozcan de primera mano las capacidades, el entrenamiento y las misiones que lleva a cabo el Ej\u00e9rcito en Espa\u00f1a y en el extranjero.<\/li>\n<\/ul>\n<p><img loading=\"lazy\" decoding=\"async\" class=\"size-large wp-image-9181 aligncenter\" src=\"https:\/\/canariasenpositivo.com\/wp-content\/uploads\/2025\/04\/10.-EMBAJADORES-CON-MANDOS-1024x683.jpg\" alt=\"\" width=\"660\" height=\"440\" \/><\/p>\n<p style=\"text-align: center\"><em>Los embajadores de la Marca Ej\u00e9rcito en Canarias departiendo con los altos jefes militares.<\/em><\/p>\n<p>&nbsp;<\/p>\n<p><span style=\"color: #0000ff\"><strong>* Jos\u00e9 Carlos MARRERO GONZ\u00c1LEZ<\/strong><\/span><\/p>\n<p>Periodista y analista de la actualidad.<\/p>\n<p>Director de <strong><em>El Cotarro<\/em><\/strong> (www.elcotarro.com)<\/p>\n<p>Director de <strong><em>Canarias en Positivo<\/em><\/strong> (www.canariasenpositivo.com)<\/p>\n<p>Director de <strong><em>GastroCanarias<\/em><\/strong> (www.gastrocanarias.com)<\/p>\n<p>&nbsp;<\/p>\n<p>Islas Canarias, 6 de abril de 2025<\/p>\n<p><img loading=\"lazy\" decoding=\"async\" class=\"size-full wp-image-9058 aligncenter\" src=\"https:\/\/canariasenpositivo.com\/wp-content\/uploads\/2025\/02\/4.-CARECA-INSULA.jpg\" alt=\"\" width=\"750\" height=\"153\" \/><\/p>\n<p>&nbsp;<\/p>\n","protected":false},"excerpt":{"rendered":"<p>N\u00ba552 DEL 6 DE ABRIL DE 2025 &nbsp; Rom\u00e1n Rodr\u00edguez, el \u201cDonald Trump\u201d de Gran Canaria Hace unas semanas, en el retorno de El Cotarro a la edici\u00f3n en papel de Diario de Avisos, les dije que, al alcalde lagunero, Luis Yeray Guti\u00e9rrez le llamaban \u201cel nuevo Ana Oramas de La laguna\u201d. Much\u00edsima gente lo &#8230; <a class=\"read-more\" href=\"https:\/\/elcotarro.com\/?p=11040\">Read more<\/a><\/p>\n","protected":false},"author":2,"featured_media":0,"comment_status":"open","ping_status":"open","sticky":false,"template":"","format":"standard","meta":{"_jetpack_memberships_contains_paid_content":false,"footnotes":""},"categories":[4],"tags":[],"class_list":["post-11040","post","type-post","status-publish","format-standard","hentry","category-el-cotarro"],"yoast_head":"<!-- This site is optimized with the Yoast SEO plugin v27.0 - https:\/\/yoast.com\/product\/yoast-seo-wordpress\/ -->\n<title>EL COTARRO \/ 552, DEL DOMINGO, 06\/04\/2025 - El Cotarro<\/title>\n<meta name=\"robots\" content=\"index, follow, max-snippet:-1, max-image-preview:large, max-video-preview:-1\" \/>\n<link rel=\"canonical\" href=\"https:\/\/elcotarro.com\/?p=11040\" \/>\n<meta property=\"og:locale\" content=\"es_ES\" \/>\n<meta property=\"og:type\" content=\"article\" \/>\n<meta property=\"og:title\" content=\"EL COTARRO \/ 552, DEL DOMINGO, 06\/04\/2025 - El Cotarro\" \/>\n<meta property=\"og:description\" content=\"N\u00ba552 DEL 6 DE ABRIL DE 2025 &nbsp; Rom\u00e1n Rodr\u00edguez, el \u201cDonald Trump\u201d de Gran Canaria Hace unas semanas, en el retorno de El Cotarro a la edici\u00f3n en papel de Diario de Avisos, les dije que, al alcalde lagunero, Luis Yeray Guti\u00e9rrez le llamaban \u201cel nuevo Ana Oramas de La laguna\u201d. Much\u00edsima gente lo ... Read more\" \/>\n<meta property=\"og:url\" content=\"https:\/\/elcotarro.com\/?p=11040\" \/>\n<meta property=\"og:site_name\" content=\"El Cotarro\" \/>\n<meta property=\"article:publisher\" content=\"https:\/\/www.facebook.com\/ElCotarro.Tenerife\" \/>\n<meta property=\"article:published_time\" content=\"2025-04-05T23:05:37+00:00\" \/>\n<meta property=\"article:modified_time\" content=\"2025-04-05T23:06:28+00:00\" \/>\n<meta property=\"og:image\" content=\"https:\/\/canariasenpositivo.com\/wp-content\/uploads\/2025\/02\/1.-EL-COTARRO-DA-1.jpg\" \/>\n<meta name=\"author\" content=\"Jos\u00e9 Carlos Marrero Gonz\u00e1lez\" \/>\n<meta name=\"twitter:label1\" content=\"Escrito por\" \/>\n\t<meta name=\"twitter:data1\" content=\"Jos\u00e9 Carlos Marrero Gonz\u00e1lez\" \/>\n\t<meta name=\"twitter:label2\" content=\"Tiempo de lectura\" \/>\n\t<meta name=\"twitter:data2\" content=\"13 minutos\" \/>\n<script type=\"application\/ld+json\" class=\"yoast-schema-graph\">{\"@context\":\"https:\/\/schema.org\",\"@graph\":[{\"@type\":\"Article\",\"@id\":\"https:\/\/elcotarro.com\/?p=11040#article\",\"isPartOf\":{\"@id\":\"https:\/\/elcotarro.com\/?p=11040\"},\"author\":{\"name\":\"Jos\u00e9 Carlos Marrero Gonz\u00e1lez\",\"@id\":\"https:\/\/elcotarro.com\/#\/schema\/person\/af537ee7d60d15984c7e0affcd8a918b\"},\"headline\":\"EL COTARRO \/ 552, DEL DOMINGO, 06\/04\/2025\",\"datePublished\":\"2025-04-05T23:05:37+00:00\",\"dateModified\":\"2025-04-05T23:06:28+00:00\",\"mainEntityOfPage\":{\"@id\":\"https:\/\/elcotarro.com\/?p=11040\"},\"wordCount\":2447,\"commentCount\":0,\"publisher\":{\"@id\":\"https:\/\/elcotarro.com\/#organization\"},\"image\":{\"@id\":\"https:\/\/elcotarro.com\/?p=11040#primaryimage\"},\"thumbnailUrl\":\"https:\/\/canariasenpositivo.com\/wp-content\/uploads\/2025\/02\/1.-EL-COTARRO-DA-1.jpg\",\"articleSection\":[\"El Cotarro\"],\"inLanguage\":\"es\",\"potentialAction\":[{\"@type\":\"CommentAction\",\"name\":\"Comment\",\"target\":[\"https:\/\/elcotarro.com\/?p=11040#respond\"]}]},{\"@type\":\"WebPage\",\"@id\":\"https:\/\/elcotarro.com\/?p=11040\",\"url\":\"https:\/\/elcotarro.com\/?p=11040\",\"name\":\"EL COTARRO \/ 552, DEL DOMINGO, 06\/04\/2025 - El Cotarro\",\"isPartOf\":{\"@id\":\"https:\/\/elcotarro.com\/#website\"},\"primaryImageOfPage\":{\"@id\":\"https:\/\/elcotarro.com\/?p=11040#primaryimage\"},\"image\":{\"@id\":\"https:\/\/elcotarro.com\/?p=11040#primaryimage\"},\"thumbnailUrl\":\"https:\/\/canariasenpositivo.com\/wp-content\/uploads\/2025\/02\/1.-EL-COTARRO-DA-1.jpg\",\"datePublished\":\"2025-04-05T23:05:37+00:00\",\"dateModified\":\"2025-04-05T23:06:28+00:00\",\"breadcrumb\":{\"@id\":\"https:\/\/elcotarro.com\/?p=11040#breadcrumb\"},\"inLanguage\":\"es\",\"potentialAction\":[{\"@type\":\"ReadAction\",\"target\":[\"https:\/\/elcotarro.com\/?p=11040\"]}]},{\"@type\":\"ImageObject\",\"inLanguage\":\"es\",\"@id\":\"https:\/\/elcotarro.com\/?p=11040#primaryimage\",\"url\":\"https:\/\/canariasenpositivo.com\/wp-content\/uploads\/2025\/02\/1.-EL-COTARRO-DA-1.jpg\",\"contentUrl\":\"https:\/\/canariasenpositivo.com\/wp-content\/uploads\/2025\/02\/1.-EL-COTARRO-DA-1.jpg\"},{\"@type\":\"BreadcrumbList\",\"@id\":\"https:\/\/elcotarro.com\/?p=11040#breadcrumb\",\"itemListElement\":[{\"@type\":\"ListItem\",\"position\":1,\"name\":\"Portada\",\"item\":\"https:\/\/elcotarro.com\/\"},{\"@type\":\"ListItem\",\"position\":2,\"name\":\"EL COTARRO \/ 552, DEL DOMINGO, 06\/04\/2025\"}]},{\"@type\":\"WebSite\",\"@id\":\"https:\/\/elcotarro.com\/#website\",\"url\":\"https:\/\/elcotarro.com\/\",\"name\":\"El Cotarro\",\"description\":\"Peri\u00f3dico Digital Independiente dirigido por Jos\u00e9 Carlos Marrero\",\"publisher\":{\"@id\":\"https:\/\/elcotarro.com\/#organization\"},\"potentialAction\":[{\"@type\":\"SearchAction\",\"target\":{\"@type\":\"EntryPoint\",\"urlTemplate\":\"https:\/\/elcotarro.com\/?s={search_term_string}\"},\"query-input\":{\"@type\":\"PropertyValueSpecification\",\"valueRequired\":true,\"valueName\":\"search_term_string\"}}],\"inLanguage\":\"es\"},{\"@type\":\"Organization\",\"@id\":\"https:\/\/elcotarro.com\/#organization\",\"name\":\"El Cotarro\",\"url\":\"https:\/\/elcotarro.com\/\",\"logo\":{\"@type\":\"ImageObject\",\"inLanguage\":\"es\",\"@id\":\"https:\/\/elcotarro.com\/#\/schema\/logo\/image\/\",\"url\":\"https:\/\/elcotarro.com\/wp-content\/uploads\/2014\/09\/Cabecera_El_Cotarro_v2.jpg\",\"contentUrl\":\"https:\/\/elcotarro.com\/wp-content\/uploads\/2014\/09\/Cabecera_El_Cotarro_v2.jpg\",\"width\":3540,\"height\":441,\"caption\":\"El Cotarro\"},\"image\":{\"@id\":\"https:\/\/elcotarro.com\/#\/schema\/logo\/image\/\"},\"sameAs\":[\"https:\/\/www.facebook.com\/ElCotarro.Tenerife\"]},{\"@type\":\"Person\",\"@id\":\"https:\/\/elcotarro.com\/#\/schema\/person\/af537ee7d60d15984c7e0affcd8a918b\",\"name\":\"Jos\u00e9 Carlos Marrero Gonz\u00e1lez\",\"image\":{\"@type\":\"ImageObject\",\"inLanguage\":\"es\",\"@id\":\"https:\/\/elcotarro.com\/#\/schema\/person\/image\/\",\"url\":\"https:\/\/secure.gravatar.com\/avatar\/def4da036efb5d32c74d49c351f6dccc064dd69ad9f3aadc295c5a9a5391ca01?s=96&d=mm&r=g\",\"contentUrl\":\"https:\/\/secure.gravatar.com\/avatar\/def4da036efb5d32c74d49c351f6dccc064dd69ad9f3aadc295c5a9a5391ca01?s=96&d=mm&r=g\",\"caption\":\"Jos\u00e9 Carlos Marrero Gonz\u00e1lez\"},\"sameAs\":[\"https:\/\/elcotarro.com\"],\"url\":\"https:\/\/elcotarro.com\/?author=2\"}]}<\/script>\n<!-- \/ Yoast SEO plugin. -->","yoast_head_json":{"title":"EL COTARRO \/ 552, DEL DOMINGO, 06\/04\/2025 - El Cotarro","robots":{"index":"index","follow":"follow","max-snippet":"max-snippet:-1","max-image-preview":"max-image-preview:large","max-video-preview":"max-video-preview:-1"},"canonical":"https:\/\/elcotarro.com\/?p=11040","og_locale":"es_ES","og_type":"article","og_title":"EL COTARRO \/ 552, DEL DOMINGO, 06\/04\/2025 - El Cotarro","og_description":"N\u00ba552 DEL 6 DE ABRIL DE 2025 &nbsp; Rom\u00e1n Rodr\u00edguez, el \u201cDonald Trump\u201d de Gran Canaria Hace unas semanas, en el retorno de El Cotarro a la edici\u00f3n en papel de Diario de Avisos, les dije que, al alcalde lagunero, Luis Yeray Guti\u00e9rrez le llamaban \u201cel nuevo Ana Oramas de La laguna\u201d. Much\u00edsima gente lo ... Read more","og_url":"https:\/\/elcotarro.com\/?p=11040","og_site_name":"El Cotarro","article_publisher":"https:\/\/www.facebook.com\/ElCotarro.Tenerife","article_published_time":"2025-04-05T23:05:37+00:00","article_modified_time":"2025-04-05T23:06:28+00:00","og_image":[{"url":"https:\/\/canariasenpositivo.com\/wp-content\/uploads\/2025\/02\/1.-EL-COTARRO-DA-1.jpg","type":"","width":"","height":""}],"author":"Jos\u00e9 Carlos Marrero Gonz\u00e1lez","twitter_misc":{"Escrito por":"Jos\u00e9 Carlos Marrero Gonz\u00e1lez","Tiempo de lectura":"13 minutos"},"schema":{"@context":"https:\/\/schema.org","@graph":[{"@type":"Article","@id":"https:\/\/elcotarro.com\/?p=11040#article","isPartOf":{"@id":"https:\/\/elcotarro.com\/?p=11040"},"author":{"name":"Jos\u00e9 Carlos Marrero Gonz\u00e1lez","@id":"https:\/\/elcotarro.com\/#\/schema\/person\/af537ee7d60d15984c7e0affcd8a918b"},"headline":"EL COTARRO \/ 552, DEL DOMINGO, 06\/04\/2025","datePublished":"2025-04-05T23:05:37+00:00","dateModified":"2025-04-05T23:06:28+00:00","mainEntityOfPage":{"@id":"https:\/\/elcotarro.com\/?p=11040"},"wordCount":2447,"commentCount":0,"publisher":{"@id":"https:\/\/elcotarro.com\/#organization"},"image":{"@id":"https:\/\/elcotarro.com\/?p=11040#primaryimage"},"thumbnailUrl":"https:\/\/canariasenpositivo.com\/wp-content\/uploads\/2025\/02\/1.-EL-COTARRO-DA-1.jpg","articleSection":["El Cotarro"],"inLanguage":"es","potentialAction":[{"@type":"CommentAction","name":"Comment","target":["https:\/\/elcotarro.com\/?p=11040#respond"]}]},{"@type":"WebPage","@id":"https:\/\/elcotarro.com\/?p=11040","url":"https:\/\/elcotarro.com\/?p=11040","name":"EL COTARRO \/ 552, DEL DOMINGO, 06\/04\/2025 - El Cotarro","isPartOf":{"@id":"https:\/\/elcotarro.com\/#website"},"primaryImageOfPage":{"@id":"https:\/\/elcotarro.com\/?p=11040#primaryimage"},"image":{"@id":"https:\/\/elcotarro.com\/?p=11040#primaryimage"},"thumbnailUrl":"https:\/\/canariasenpositivo.com\/wp-content\/uploads\/2025\/02\/1.-EL-COTARRO-DA-1.jpg","datePublished":"2025-04-05T23:05:37+00:00","dateModified":"2025-04-05T23:06:28+00:00","breadcrumb":{"@id":"https:\/\/elcotarro.com\/?p=11040#breadcrumb"},"inLanguage":"es","potentialAction":[{"@type":"ReadAction","target":["https:\/\/elcotarro.com\/?p=11040"]}]},{"@type":"ImageObject","inLanguage":"es","@id":"https:\/\/elcotarro.com\/?p=11040#primaryimage","url":"https:\/\/canariasenpositivo.com\/wp-content\/uploads\/2025\/02\/1.-EL-COTARRO-DA-1.jpg","contentUrl":"https:\/\/canariasenpositivo.com\/wp-content\/uploads\/2025\/02\/1.-EL-COTARRO-DA-1.jpg"},{"@type":"BreadcrumbList","@id":"https:\/\/elcotarro.com\/?p=11040#breadcrumb","itemListElement":[{"@type":"ListItem","position":1,"name":"Portada","item":"https:\/\/elcotarro.com\/"},{"@type":"ListItem","position":2,"name":"EL COTARRO \/ 552, DEL DOMINGO, 06\/04\/2025"}]},{"@type":"WebSite","@id":"https:\/\/elcotarro.com\/#website","url":"https:\/\/elcotarro.com\/","name":"El Cotarro","description":"Peri\u00f3dico Digital Independiente dirigido por Jos\u00e9 Carlos Marrero","publisher":{"@id":"https:\/\/elcotarro.com\/#organization"},"potentialAction":[{"@type":"SearchAction","target":{"@type":"EntryPoint","urlTemplate":"https:\/\/elcotarro.com\/?s={search_term_string}"},"query-input":{"@type":"PropertyValueSpecification","valueRequired":true,"valueName":"search_term_string"}}],"inLanguage":"es"},{"@type":"Organization","@id":"https:\/\/elcotarro.com\/#organization","name":"El Cotarro","url":"https:\/\/elcotarro.com\/","logo":{"@type":"ImageObject","inLanguage":"es","@id":"https:\/\/elcotarro.com\/#\/schema\/logo\/image\/","url":"https:\/\/elcotarro.com\/wp-content\/uploads\/2014\/09\/Cabecera_El_Cotarro_v2.jpg","contentUrl":"https:\/\/elcotarro.com\/wp-content\/uploads\/2014\/09\/Cabecera_El_Cotarro_v2.jpg","width":3540,"height":441,"caption":"El Cotarro"},"image":{"@id":"https:\/\/elcotarro.com\/#\/schema\/logo\/image\/"},"sameAs":["https:\/\/www.facebook.com\/ElCotarro.Tenerife"]},{"@type":"Person","@id":"https:\/\/elcotarro.com\/#\/schema\/person\/af537ee7d60d15984c7e0affcd8a918b","name":"Jos\u00e9 Carlos Marrero Gonz\u00e1lez","image":{"@type":"ImageObject","inLanguage":"es","@id":"https:\/\/elcotarro.com\/#\/schema\/person\/image\/","url":"https:\/\/secure.gravatar.com\/avatar\/def4da036efb5d32c74d49c351f6dccc064dd69ad9f3aadc295c5a9a5391ca01?s=96&d=mm&r=g","contentUrl":"https:\/\/secure.gravatar.com\/avatar\/def4da036efb5d32c74d49c351f6dccc064dd69ad9f3aadc295c5a9a5391ca01?s=96&d=mm&r=g","caption":"Jos\u00e9 Carlos Marrero Gonz\u00e1lez"},"sameAs":["https:\/\/elcotarro.com"],"url":"https:\/\/elcotarro.com\/?author=2"}]}},"jetpack_featured_media_url":"","jetpack_sharing_enabled":true,"_links":{"self":[{"href":"https:\/\/elcotarro.com\/index.php?rest_route=\/wp\/v2\/posts\/11040","targetHints":{"allow":["GET"]}}],"collection":[{"href":"https:\/\/elcotarro.com\/index.php?rest_route=\/wp\/v2\/posts"}],"about":[{"href":"https:\/\/elcotarro.com\/index.php?rest_route=\/wp\/v2\/types\/post"}],"author":[{"embeddable":true,"href":"https:\/\/elcotarro.com\/index.php?rest_route=\/wp\/v2\/users\/2"}],"replies":[{"embeddable":true,"href":"https:\/\/elcotarro.com\/index.php?rest_route=%2Fwp%2Fv2%2Fcomments&post=11040"}],"version-history":[{"count":2,"href":"https:\/\/elcotarro.com\/index.php?rest_route=\/wp\/v2\/posts\/11040\/revisions"}],"predecessor-version":[{"id":11042,"href":"https:\/\/elcotarro.com\/index.php?rest_route=\/wp\/v2\/posts\/11040\/revisions\/11042"}],"wp:attachment":[{"href":"https:\/\/elcotarro.com\/index.php?rest_route=%2Fwp%2Fv2%2Fmedia&parent=11040"}],"wp:term":[{"taxonomy":"category","embeddable":true,"href":"https:\/\/elcotarro.com\/index.php?rest_route=%2Fwp%2Fv2%2Fcategories&post=11040"},{"taxonomy":"post_tag","embeddable":true,"href":"https:\/\/elcotarro.com\/index.php?rest_route=%2Fwp%2Fv2%2Ftags&post=11040"}],"curies":[{"name":"wp","href":"https:\/\/api.w.org\/{rel}","templated":true}]}}