{"id":11052,"date":"2025-04-27T00:06:59","date_gmt":"2025-04-26T23:06:59","guid":{"rendered":"https:\/\/elcotarro.com\/?p=11052"},"modified":"2025-04-27T00:06:59","modified_gmt":"2025-04-26T23:06:59","slug":"el-cotarro-555-del-domingo-27-04-2025","status":"publish","type":"post","link":"https:\/\/elcotarro.com\/?p=11052","title":{"rendered":"EL COTARRO \/ 555, DEL DOMINGO, 27\/04\/2025"},"content":{"rendered":"<p><img loading=\"lazy\" decoding=\"async\" class=\"size-full wp-image-9057 aligncenter\" src=\"https:\/\/canariasenpositivo.com\/wp-content\/uploads\/2025\/02\/1.-EL-COTARRO-DA-1.jpg\" alt=\"\" width=\"894\" height=\"145\" \/><\/p>\n<p style=\"text-align: center\"><span style=\"color: #ff0000\"><strong>N\u00ba555 DEL 27 DE ABRIL DE 2025<\/strong><\/span><\/p>\n<p>&nbsp;<\/p>\n<p><span style=\"color: #0000ff\"><strong>Recuperar el molino, es recuperar parte de la historia<\/strong><\/span><\/p>\n<ul>\n<li>Comienzo con tres citas para reflexionar. El fil\u00f3sofo chino <strong>Confucio<\/strong> manifest\u00f3 que <em>\u201cestudiar el pasado puede definir el futuro\u201d<\/em>; el dramaturgo y novelista irland\u00e9s <strong>Oscar Wilde<\/strong> quien dijo que <em>\u201cel \u00fanico deber que tenemos con la historia es reescribirla\u201d<\/em> y, finalmente, el arquitecto <strong>Antoni Gaud\u00ed<\/strong> afirm\u00f3 que <em>\u201cLa originalidad consiste en volver al origen: as\u00ed pues, original es aquel que vuelve a encontrar el origen<\/em>\u201d. Desde hace un pu\u00f1ado de a\u00f1os, la buena gente del pago santacrucero de Llano del Moro lleva luchando por volver al origen, rescatar, restaurar y rehabilitar su querido, hist\u00f3rico y emblem\u00e1tico molino de viento, junto con la casa del molinero. Parece que la sensibilidad del actual ayuntamiento presidido por <strong>Jos\u00e9 Manuel Berm\u00fadez<\/strong> ha dado un paso importante, que ha sembrado esperanza entre los vecinos que, \u00faltimamente, estaban un poco de bajona.<\/li>\n<\/ul>\n<p><img loading=\"lazy\" decoding=\"async\" class=\"size-large wp-image-9258 aligncenter\" src=\"https:\/\/canariasenpositivo.com\/wp-content\/uploads\/2025\/04\/1.-MOLINO-LLANO-DEL-MORO-1024x683.jpeg\" alt=\"\" width=\"660\" height=\"440\" \/><\/p>\n<p style=\"text-align: center\"><em>El popular molino de Llano del Moro que, pronto (esperemos) ser\u00e1 restaurado.<\/em><\/p>\n<p>&nbsp;<\/p>\n<p><span style=\"color: #0000ff\"><strong>El molino de Llano del Moro ser\u00e1 patrimonio p\u00fablico<\/strong><\/span><\/p>\n<ul>\n<li>Ha asegurado <strong>Berm\u00fadez<\/strong> (esperemos que sea verdad) que el molino de Llano del Moro es un s\u00edmbolo de nuestra identidad y que ser\u00e1 restaurado y convertido en patrimonio p\u00fablico. Afirma el alcalde chicharrero que el de Llano del Moro ser\u00e1 el primero en beneficiarse al tratarse, por el momento, de la \u00fanica intervenci\u00f3n viable entre los tres catalogados como \u201cBien de Inter\u00e9s Cultural\u201d (BIC). <strong>Jos\u00e9 Manuel<\/strong> <strong>Berm\u00fadez<\/strong> afirm\u00f3 en las redes que <em>\u201cmuy pronto contaremos con un proyecto integral que, adem\u00e1s de restaurar el molino y la casa del molinero, transformar\u00e1 su entorno en una plaza nueva\u201d.<\/em> La palabra de <strong>Berm\u00fadez<\/strong> est\u00e1 dada y ahora solo falta saber cu\u00e1ndo esa se convertir\u00e1 en una verdadera realidad. Una realidad por la que, entre otros muchos, viene luchando desde hace a\u00f1os <strong>Francisco Zamora<\/strong> (delegado de SAMMIC en Canarias) gran defensor de los molinos de viento y promotor de su recuperaci\u00f3n y rehabilitaci\u00f3n. La expresi\u00f3n \u201ccomulgar con ruedas de molino\u201d significa algo as\u00ed como <em>\u201ccreer o aceptar algo dif\u00edcil o improbable\u201d,<\/em> implica una ingenuidad o facilidad para creer cosas que son, en realidad, muy poco cre\u00edbles. Esperemos que, en este caso, no sea as\u00ed y que pronto veamos moverse las aspas y las ruedas del molino de Llano del Moro.<\/li>\n<\/ul>\n<p><img loading=\"lazy\" decoding=\"async\" class=\"size-full wp-image-9259 aligncenter\" src=\"https:\/\/canariasenpositivo.com\/wp-content\/uploads\/2025\/04\/2.-FRANCISCO-ZAMORA.jpg\" alt=\"\" width=\"645\" height=\"527\" \/><\/p>\n<p style=\"text-align: center\"><em>Francisco Zamora, uno de los grandes defensores de los molinos de viento canarios.<\/em><\/p>\n<p>&nbsp;<\/p>\n<p><span style=\"color: #0000ff\"><strong>Loro Parque: la cr\u00eda de Morgan y Keto se llamar\u00e1 Teno<\/strong><\/span><\/p>\n<ul>\n<li>En pleno proceso de feliz crecimiento de la reci\u00e9n nacida cr\u00eda de la famosa orca <strong>Morgan<\/strong>, la Fundaci\u00f3n Loro Parque, que preside <strong>Christoph Kiessling<\/strong> y que dirige el bi\u00f3logo <strong>Javier Almunia<\/strong>, organiz\u00f3 la pasada semana una visita especial para los medios de comunicaci\u00f3n. El objetivo era ense\u00f1ar, con total y absoluta transparencia, lo que se hace en el espacio <em>Orca Ocean<\/em>, el cuidado recinto donde se desarrollan y viven felices las orcas custodiadas por Loro Parque y, concretamente, del estado de la reci\u00e9n nacida cr\u00eda, hijo de la orca <strong>Morgan<\/strong> y su pareja <strong>Keto<\/strong>. La visita fue magn\u00edficamente coordinada por el nuevo director de Comunicaci\u00f3n de la compa\u00f1\u00eda Loro Parque, el colega y amigo <strong>Ra\u00fal D\u00edaz Alom<\/strong>, que se ocup\u00f3 de todos los detalles. En la misma recibimos informaci\u00f3n detallada, de todo lo relacionado con el nacimiento y cr\u00eda del nuevo v\u00e1stago de <strong>Morgan<\/strong> que, por deseo de miles de internautas ser\u00e1 \u201cbautizado\u201d con el nombre de <strong>Teno<\/strong>. Mientras tanto, a los dos, madre e hijo, se les vio felices en un recinto restringido, donde a <strong>Morgan<\/strong> y a <strong>Teno<\/strong>, se les vigila y controla las 24 horas del d\u00eda, porque los primeros tres meses de vida de una orca son muy delicados.<\/li>\n<\/ul>\n<p><img loading=\"lazy\" decoding=\"async\" class=\"size-large wp-image-9260 aligncenter\" src=\"https:\/\/canariasenpositivo.com\/wp-content\/uploads\/2025\/04\/3.-MORGAN-Y-TENO-898x1024.jpeg\" alt=\"\" width=\"660\" height=\"753\" \/><\/p>\n<p style=\"text-align: center\"><em>Morgan junto Teno, en el espacio restringido que ahora disfrutan en Loro Parque.<\/em><\/p>\n<p>&nbsp;<\/p>\n<p><strong><span style=\"color: #0000ff\">7.000 internautas eligen el nombre para la cr\u00eda de Morgan<\/span> <\/strong><\/p>\n<ul>\n<li><strong>El presidente del Grupo Loro Parque, Wolfgang Kiessling, ha destacado la gran participaci\u00f3n en redes sociales \u201clo que implica la gran conexi\u00f3n que ha creado Morgan y su cr\u00eda, especialmente entre la gente joven\u201d<\/strong>. La iniciativa, desarrollada en dos fases a trav\u00e9s del perfil oficial de Instagram del parque, ha evidenciado el enorme inter\u00e9s y el v\u00ednculo emocional que el nacimiento de la cr\u00eda ha despertado entre el p\u00fablico. En la primera fase, los seguidores fueron invitados a sugerir nombres, generando miles de propuestas que reflejaban la creatividad y el afecto de los participantes. Posteriormente, en una votaci\u00f3n abierta, los usuarios eligieron entre varias opciones, resultando Teno como el nombre m\u00e1s votado. <strong>Wolfang Kiessling<\/strong> afirm\u00f3 que el nombre rinde homenaje al emblem\u00e1tico Macizo de Teno, un espacio natural de gran valor ecol\u00f3gico y paisaj\u00edstico ubicado en el noroeste de Tenerife. Con esta elecci\u00f3n, se establece un v\u00ednculo simb\u00f3lico entre la cr\u00eda de orca y la riqueza natural de Canarias.<\/li>\n<\/ul>\n<p><img loading=\"lazy\" decoding=\"async\" class=\"size-large wp-image-9261 aligncenter\" src=\"https:\/\/canariasenpositivo.com\/wp-content\/uploads\/2025\/04\/4.-TENO-MAMANDO-1024x576.jpeg\" alt=\"\" width=\"660\" height=\"371\" \/><\/p>\n<p style=\"text-align: center\"><em>Exclusiva foto de EL COTARRO y muy curiosa, donde se ve al peque\u00f1o Teno pegado a su madre Morgan, y mamando de ella.<\/em><\/p>\n<p>&nbsp;<\/p>\n<p><span style=\"color: #0000ff\"><strong>Kiessling valora la gran participaci\u00f3n de la gente joven<\/strong><\/span><\/p>\n<ul>\n<li>El presidente de la compa\u00f1\u00eda Loro Parque, <strong>Wolfgang Kiessling<\/strong>, destac\u00f3 el impacto positivo de esta campa\u00f1a participativa \u201cya que estamos profundamente agradecidos por la extraordinaria respuesta del p\u00fablico, especialmente entre la gente joven. Esta cr\u00eda representa una nueva esperanza para la conservaci\u00f3n y la educaci\u00f3n sobre los cet\u00e1ceos, y ahora lleva un nombre que une su historia con la identidad de su tierra\u201d. La cr\u00eda de <strong>Morgan<\/strong> se ha convertido en un fen\u00f3meno de atenci\u00f3n y afecto por parte de los visitantes y seguidores del parque. Desde su nacimiento, ha generado una corriente de entusiasmo que refuerza el papel de Loro Parque como referente en conservaci\u00f3n marina, bienestar animal y educaci\u00f3n ambiental. Desde que naciera <strong>Teno<\/strong>, el pasado 31 de marzo, el equipo de Loro Parque est\u00e1 realizando una vigilancia constante sobre la evoluci\u00f3n de Teno junto a su madre <strong>Morgan<\/strong>, especialmente durante los primeros meses de vida. Como les dije, ambas orcas permanecen en espacios controlados, hasta que est\u00e9n listas para integrarse con el resto de la familia que residen en Loro Parque.<\/li>\n<\/ul>\n<p><img loading=\"lazy\" decoding=\"async\" class=\"size-large wp-image-9262 aligncenter\" src=\"https:\/\/canariasenpositivo.com\/wp-content\/uploads\/2025\/04\/5.-TENO-Y-MORGAN-1024x1024.jpeg\" alt=\"\" width=\"660\" height=\"660\" \/><\/p>\n<p style=\"text-align: center\"><em>Morgan (i) junto al peque\u00f1o Teno, que cuando naci\u00f3 pes\u00f3 unos 150 kilos. <\/em><\/p>\n<p><span style=\"color: #0000ff\"><strong>Actos del DIFAS 2025, de Tenerife para toda Espa\u00f1a<\/strong><\/span><\/p>\n<ul>\n<li>Es cierto que el pr\u00f3ximo D\u00eda de las Fuerzas Armadas se celebrar\u00e1n actos en Santa Cruz de Tenerife y en Las Palmas de Gran Canaria, pero no es menos cierto que el acto central y principal, el gran desfile del DIFAS 2025, que presidir\u00e1n Sus Majestades los Reyes de Espa\u00f1a, <strong>Felipe VI<\/strong> y <strong>Leticia<\/strong>, tendr\u00e1 como sede nuestra santacrucera Avenida Mar\u00edtima. Lo anunci\u00f3 oficialmente en rueda de prensa el almirante general <strong>Teodoro Esteban L\u00f3pez Calder\u00f3n<\/strong>, jefe del Estado Mayor de la Defensa (JEMAD) acompa\u00f1ado por el teniente general <strong>Julio Salom Herrera<\/strong>, jefe del Mando de Canarias del Ej\u00e9rcito de Tierra (MCANA) y comandante del Mando Operativo Terrestre (MOT) junto con el alcalde chicharrero, <strong>Jos\u00e9 Manuel Berm\u00fadez Esparza<\/strong>, que fue quien, el mes de septiembre de 2024, envi\u00f3 una carta a la Casa Real ofreciendo la ciudad de Santa Cruz de Tenerife, capital de la isla y co-capital de Canarias, como sitio adecuado para la celebraci\u00f3n nacional del DIFAS 2025.<\/li>\n<\/ul>\n<p><img loading=\"lazy\" decoding=\"async\" class=\"size-large wp-image-9263 aligncenter\" src=\"https:\/\/canariasenpositivo.com\/wp-content\/uploads\/2025\/04\/6.-TRIO-DE-AUTORIDADES-1024x684.jpg\" alt=\"\" width=\"660\" height=\"441\" \/><\/p>\n<p style=\"text-align: center\"><em>Julio Salom Herrera (i), Jos\u00e9 Manuel Berm\u00fadez Esparza (c) y Teodoro E. L\u00f3pez Calder\u00f3n<\/em><\/p>\n<p>&nbsp;<\/p>\n<p><span style=\"color: #0000ff\"><strong>Demostraci\u00f3n de nuestra capacidad de organizaci\u00f3n<\/strong><\/span><\/p>\n<ul>\n<li>Record\u00f3 <strong>Berm\u00fadez<\/strong> que ya Santa Cruz fue la sede en 1986, hace ahora casi 40 a\u00f1os, con un desfile militar en el que, el entonces <strong>Felipe de Borb\u00f3n<\/strong>, Pr\u00edncipe de Asturias y hoy Rey de Espa\u00f1a, march\u00f3 como cadete de la Academia General Militar de Zaragoza. Los actos del DIFAS 2025 se desarrollar\u00e1n del 3 al 8 de junio, y el acto central el s\u00e1bado 7 de junio, a las 11:30 de la ma\u00f1ana. Tendremos tiempo de hablar de todos ellos con m\u00e1s detenimiento, pero me quedo con el hecho de que, en esta ocasi\u00f3n, seg\u00fan anunci\u00f3 el JEMAD, <strong>Teodoro Esteban L\u00f3pez Calder\u00f3n<\/strong>, el desfile a pie contar\u00e1 con alrededor de 3.300 militares y guardias civiles, m\u00e1s 34 aviones y 21 helic\u00f3pteros, adem\u00e1s de 5 veh\u00edculos acorazado-mecanizados, 81 veh\u00edculos y 31 motos, as\u00ed como buques de la Armada en nuestros muelles. Como dijo <strong>Berm\u00fadez,<\/strong> es una oportunidad de promoci\u00f3n, y para mostrar al resto del Estado nuestra capacidad de organizaci\u00f3n y coordinaci\u00f3n para acoger grandes eventos y para <em>\u201cpoder expresar nuestro reconocimiento, gratitud y respeto por el compromiso constante de nuestras Fuerzas Armadas con la defensa, la paz y la seguridad\u201d<\/em>.<\/li>\n<\/ul>\n<p><img loading=\"lazy\" decoding=\"async\" class=\"size-large wp-image-9264 aligncenter\" src=\"https:\/\/canariasenpositivo.com\/wp-content\/uploads\/2025\/04\/7.-EQUIPO-MUNICIPAL-1024x768.jpg\" alt=\"\" width=\"660\" height=\"495\" \/><\/p>\n<p style=\"text-align: center\"><em>Las m\u00e1ximas autoridades (en el centro) con varios de los concejales que ya est\u00e1n trabajando desde distintas \u00e1reas del Ayuntamiento. De izquierda a derecha: Zaida Gonz\u00e1lez, Carlos Tarife, Julio Salom, Jos\u00e9 Manuel Berm\u00fadez, Teodoro L\u00f3pez, Gladis De Le\u00f3n, Purificaci\u00f3n D\u00e1vila y Javier Caraballero.<\/em><\/p>\n<p>&nbsp;<\/p>\n<p><span style=\"color: #0000ff\"><strong>Todo un \u201cmensajito\u201d para nuestros vecinos de enfrente<\/strong><\/span><\/p>\n<ul>\n<li>Pero me quedo, sobre todo, con la reflexi\u00f3n de que, dentro de la tan demandada \u201cCultura de Defensa\u201d y pensando en los objetivos de nuestras Fuerzas Armadas, centrados en la \u201cpresencia, vigilancia y disuasi\u00f3n\u201d, esta celebraci\u00f3n nacional del DIFAS 2025 viene que ni pintada para recordar a nuestros \u201cvecinos de enfrente\u201d (me refiero a los pa\u00edses cercanos del continente hermano de \u00c1frica) que Tenerife y todas las Islas Canarias son territorio de Espa\u00f1a y, por tanto, de la Uni\u00f3n Europea. Una cosa que es conocida por todos, pero que nunca est\u00e1 de m\u00e1s recordar. Por ello es de agradecer que nuestro Capit\u00e1n General, <strong>Julio Salom<\/strong>, se haya preocupado de transmitir en los \u201cmadriles\u201d la conveniencia de que, los actos a celebrar en nuestra isla, tengan el mismo nivel y no desmerezcan de los celebrados en a\u00f1os anteriores en otras capitales provinciales.<\/li>\n<\/ul>\n<p><img loading=\"lazy\" decoding=\"async\" class=\"size-large wp-image-9265 aligncenter\" src=\"https:\/\/canariasenpositivo.com\/wp-content\/uploads\/2025\/04\/8.-PRESENTACION-DIFAS-2025-1024x684.jpg\" alt=\"\" width=\"660\" height=\"441\" \/><\/p>\n<p style=\"text-align: center\"><em>Mesa presidencial de la presentaci\u00f3n oficial de los actos del DIFAS 2025: Jos\u00e9 Manuel Berm\u00fadez (i) Teodoro L\u00f3pez Calder\u00f3n (c) y Julio Salom Herrera.<\/em><\/p>\n<p>&nbsp;<\/p>\n<p><span style=\"color: #0000ff\"><strong>* Jos\u00e9 Carlos MARRERO GONZ\u00c1LEZ<\/strong><\/span><\/p>\n<p>Periodista y analista de la actualidad.<\/p>\n<p>Director de <strong><em>El Cotarro<\/em><\/strong> (www.elcotarro.com)<\/p>\n<p>Director de <strong><em>Canarias en Positivo<\/em><\/strong> (www.canariasenpositivo.com)<\/p>\n<p>Director de <strong><em>GastroCanarias<\/em><\/strong> (www.gastrocanarias.com)<\/p>\n<p>&nbsp;<\/p>\n<p>Islas Canarias, 27 de abril de 2025<\/p>\n<p><img loading=\"lazy\" decoding=\"async\" class=\"size-full wp-image-9058 aligncenter\" src=\"https:\/\/canariasenpositivo.com\/wp-content\/uploads\/2025\/02\/4.-CARECA-INSULA.jpg\" alt=\"\" width=\"750\" height=\"153\" \/><\/p>\n<p>&nbsp;<\/p>\n","protected":false},"excerpt":{"rendered":"<p>N\u00ba555 DEL 27 DE ABRIL DE 2025 &nbsp; Recuperar el molino, es recuperar parte de la historia Comienzo con tres citas para reflexionar. El fil\u00f3sofo chino Confucio manifest\u00f3 que \u201cestudiar el pasado puede definir el futuro\u201d; el dramaturgo y novelista irland\u00e9s Oscar Wilde quien dijo que \u201cel \u00fanico deber que tenemos con la historia es &#8230; <a class=\"read-more\" href=\"https:\/\/elcotarro.com\/?p=11052\">Read more<\/a><\/p>\n","protected":false},"author":2,"featured_media":0,"comment_status":"open","ping_status":"open","sticky":false,"template":"","format":"standard","meta":{"_jetpack_memberships_contains_paid_content":false,"footnotes":""},"categories":[4],"tags":[],"class_list":["post-11052","post","type-post","status-publish","format-standard","hentry","category-el-cotarro"],"yoast_head":"<!-- This site is optimized with the Yoast SEO plugin v27.0 - https:\/\/yoast.com\/product\/yoast-seo-wordpress\/ -->\n<title>EL COTARRO \/ 555, DEL DOMINGO, 27\/04\/2025 - El Cotarro<\/title>\n<meta name=\"robots\" content=\"index, follow, max-snippet:-1, max-image-preview:large, max-video-preview:-1\" \/>\n<link rel=\"canonical\" href=\"https:\/\/elcotarro.com\/?p=11052\" \/>\n<meta property=\"og:locale\" content=\"es_ES\" \/>\n<meta property=\"og:type\" content=\"article\" \/>\n<meta property=\"og:title\" content=\"EL COTARRO \/ 555, DEL DOMINGO, 27\/04\/2025 - El Cotarro\" \/>\n<meta property=\"og:description\" content=\"N\u00ba555 DEL 27 DE ABRIL DE 2025 &nbsp; Recuperar el molino, es recuperar parte de la historia Comienzo con tres citas para reflexionar. El fil\u00f3sofo chino Confucio manifest\u00f3 que \u201cestudiar el pasado puede definir el futuro\u201d; el dramaturgo y novelista irland\u00e9s Oscar Wilde quien dijo que \u201cel \u00fanico deber que tenemos con la historia es ... Read more\" \/>\n<meta property=\"og:url\" content=\"https:\/\/elcotarro.com\/?p=11052\" \/>\n<meta property=\"og:site_name\" content=\"El Cotarro\" \/>\n<meta property=\"article:publisher\" content=\"https:\/\/www.facebook.com\/ElCotarro.Tenerife\" \/>\n<meta property=\"article:published_time\" content=\"2025-04-26T23:06:59+00:00\" \/>\n<meta property=\"og:image\" content=\"https:\/\/canariasenpositivo.com\/wp-content\/uploads\/2025\/02\/1.-EL-COTARRO-DA-1.jpg\" \/>\n<meta name=\"author\" content=\"Jos\u00e9 Carlos Marrero Gonz\u00e1lez\" \/>\n<meta name=\"twitter:label1\" content=\"Escrito por\" \/>\n\t<meta name=\"twitter:data1\" content=\"Jos\u00e9 Carlos Marrero Gonz\u00e1lez\" \/>\n\t<meta name=\"twitter:label2\" content=\"Tiempo de lectura\" \/>\n\t<meta name=\"twitter:data2\" content=\"10 minutos\" \/>\n<script type=\"application\/ld+json\" class=\"yoast-schema-graph\">{\"@context\":\"https:\/\/schema.org\",\"@graph\":[{\"@type\":\"Article\",\"@id\":\"https:\/\/elcotarro.com\/?p=11052#article\",\"isPartOf\":{\"@id\":\"https:\/\/elcotarro.com\/?p=11052\"},\"author\":{\"name\":\"Jos\u00e9 Carlos Marrero Gonz\u00e1lez\",\"@id\":\"https:\/\/elcotarro.com\/#\/schema\/person\/af537ee7d60d15984c7e0affcd8a918b\"},\"headline\":\"EL COTARRO \/ 555, DEL DOMINGO, 27\/04\/2025\",\"datePublished\":\"2025-04-26T23:06:59+00:00\",\"mainEntityOfPage\":{\"@id\":\"https:\/\/elcotarro.com\/?p=11052\"},\"wordCount\":1766,\"commentCount\":0,\"publisher\":{\"@id\":\"https:\/\/elcotarro.com\/#organization\"},\"image\":{\"@id\":\"https:\/\/elcotarro.com\/?p=11052#primaryimage\"},\"thumbnailUrl\":\"https:\/\/canariasenpositivo.com\/wp-content\/uploads\/2025\/02\/1.-EL-COTARRO-DA-1.jpg\",\"articleSection\":[\"El Cotarro\"],\"inLanguage\":\"es\",\"potentialAction\":[{\"@type\":\"CommentAction\",\"name\":\"Comment\",\"target\":[\"https:\/\/elcotarro.com\/?p=11052#respond\"]}]},{\"@type\":\"WebPage\",\"@id\":\"https:\/\/elcotarro.com\/?p=11052\",\"url\":\"https:\/\/elcotarro.com\/?p=11052\",\"name\":\"EL COTARRO \/ 555, DEL DOMINGO, 27\/04\/2025 - El Cotarro\",\"isPartOf\":{\"@id\":\"https:\/\/elcotarro.com\/#website\"},\"primaryImageOfPage\":{\"@id\":\"https:\/\/elcotarro.com\/?p=11052#primaryimage\"},\"image\":{\"@id\":\"https:\/\/elcotarro.com\/?p=11052#primaryimage\"},\"thumbnailUrl\":\"https:\/\/canariasenpositivo.com\/wp-content\/uploads\/2025\/02\/1.-EL-COTARRO-DA-1.jpg\",\"datePublished\":\"2025-04-26T23:06:59+00:00\",\"breadcrumb\":{\"@id\":\"https:\/\/elcotarro.com\/?p=11052#breadcrumb\"},\"inLanguage\":\"es\",\"potentialAction\":[{\"@type\":\"ReadAction\",\"target\":[\"https:\/\/elcotarro.com\/?p=11052\"]}]},{\"@type\":\"ImageObject\",\"inLanguage\":\"es\",\"@id\":\"https:\/\/elcotarro.com\/?p=11052#primaryimage\",\"url\":\"https:\/\/canariasenpositivo.com\/wp-content\/uploads\/2025\/02\/1.-EL-COTARRO-DA-1.jpg\",\"contentUrl\":\"https:\/\/canariasenpositivo.com\/wp-content\/uploads\/2025\/02\/1.-EL-COTARRO-DA-1.jpg\"},{\"@type\":\"BreadcrumbList\",\"@id\":\"https:\/\/elcotarro.com\/?p=11052#breadcrumb\",\"itemListElement\":[{\"@type\":\"ListItem\",\"position\":1,\"name\":\"Portada\",\"item\":\"https:\/\/elcotarro.com\/\"},{\"@type\":\"ListItem\",\"position\":2,\"name\":\"EL COTARRO \/ 555, DEL DOMINGO, 27\/04\/2025\"}]},{\"@type\":\"WebSite\",\"@id\":\"https:\/\/elcotarro.com\/#website\",\"url\":\"https:\/\/elcotarro.com\/\",\"name\":\"El Cotarro\",\"description\":\"Peri\u00f3dico Digital Independiente dirigido por Jos\u00e9 Carlos Marrero\",\"publisher\":{\"@id\":\"https:\/\/elcotarro.com\/#organization\"},\"potentialAction\":[{\"@type\":\"SearchAction\",\"target\":{\"@type\":\"EntryPoint\",\"urlTemplate\":\"https:\/\/elcotarro.com\/?s={search_term_string}\"},\"query-input\":{\"@type\":\"PropertyValueSpecification\",\"valueRequired\":true,\"valueName\":\"search_term_string\"}}],\"inLanguage\":\"es\"},{\"@type\":\"Organization\",\"@id\":\"https:\/\/elcotarro.com\/#organization\",\"name\":\"El Cotarro\",\"url\":\"https:\/\/elcotarro.com\/\",\"logo\":{\"@type\":\"ImageObject\",\"inLanguage\":\"es\",\"@id\":\"https:\/\/elcotarro.com\/#\/schema\/logo\/image\/\",\"url\":\"https:\/\/elcotarro.com\/wp-content\/uploads\/2014\/09\/Cabecera_El_Cotarro_v2.jpg\",\"contentUrl\":\"https:\/\/elcotarro.com\/wp-content\/uploads\/2014\/09\/Cabecera_El_Cotarro_v2.jpg\",\"width\":3540,\"height\":441,\"caption\":\"El Cotarro\"},\"image\":{\"@id\":\"https:\/\/elcotarro.com\/#\/schema\/logo\/image\/\"},\"sameAs\":[\"https:\/\/www.facebook.com\/ElCotarro.Tenerife\"]},{\"@type\":\"Person\",\"@id\":\"https:\/\/elcotarro.com\/#\/schema\/person\/af537ee7d60d15984c7e0affcd8a918b\",\"name\":\"Jos\u00e9 Carlos Marrero Gonz\u00e1lez\",\"image\":{\"@type\":\"ImageObject\",\"inLanguage\":\"es\",\"@id\":\"https:\/\/elcotarro.com\/#\/schema\/person\/image\/\",\"url\":\"https:\/\/secure.gravatar.com\/avatar\/def4da036efb5d32c74d49c351f6dccc064dd69ad9f3aadc295c5a9a5391ca01?s=96&d=mm&r=g\",\"contentUrl\":\"https:\/\/secure.gravatar.com\/avatar\/def4da036efb5d32c74d49c351f6dccc064dd69ad9f3aadc295c5a9a5391ca01?s=96&d=mm&r=g\",\"caption\":\"Jos\u00e9 Carlos Marrero Gonz\u00e1lez\"},\"sameAs\":[\"https:\/\/elcotarro.com\"],\"url\":\"https:\/\/elcotarro.com\/?author=2\"}]}<\/script>\n<!-- \/ Yoast SEO plugin. -->","yoast_head_json":{"title":"EL COTARRO \/ 555, DEL DOMINGO, 27\/04\/2025 - El Cotarro","robots":{"index":"index","follow":"follow","max-snippet":"max-snippet:-1","max-image-preview":"max-image-preview:large","max-video-preview":"max-video-preview:-1"},"canonical":"https:\/\/elcotarro.com\/?p=11052","og_locale":"es_ES","og_type":"article","og_title":"EL COTARRO \/ 555, DEL DOMINGO, 27\/04\/2025 - El Cotarro","og_description":"N\u00ba555 DEL 27 DE ABRIL DE 2025 &nbsp; Recuperar el molino, es recuperar parte de la historia Comienzo con tres citas para reflexionar. El fil\u00f3sofo chino Confucio manifest\u00f3 que \u201cestudiar el pasado puede definir el futuro\u201d; el dramaturgo y novelista irland\u00e9s Oscar Wilde quien dijo que \u201cel \u00fanico deber que tenemos con la historia es ... Read more","og_url":"https:\/\/elcotarro.com\/?p=11052","og_site_name":"El Cotarro","article_publisher":"https:\/\/www.facebook.com\/ElCotarro.Tenerife","article_published_time":"2025-04-26T23:06:59+00:00","og_image":[{"url":"https:\/\/canariasenpositivo.com\/wp-content\/uploads\/2025\/02\/1.-EL-COTARRO-DA-1.jpg","type":"","width":"","height":""}],"author":"Jos\u00e9 Carlos Marrero Gonz\u00e1lez","twitter_misc":{"Escrito por":"Jos\u00e9 Carlos Marrero Gonz\u00e1lez","Tiempo de lectura":"10 minutos"},"schema":{"@context":"https:\/\/schema.org","@graph":[{"@type":"Article","@id":"https:\/\/elcotarro.com\/?p=11052#article","isPartOf":{"@id":"https:\/\/elcotarro.com\/?p=11052"},"author":{"name":"Jos\u00e9 Carlos Marrero Gonz\u00e1lez","@id":"https:\/\/elcotarro.com\/#\/schema\/person\/af537ee7d60d15984c7e0affcd8a918b"},"headline":"EL COTARRO \/ 555, DEL DOMINGO, 27\/04\/2025","datePublished":"2025-04-26T23:06:59+00:00","mainEntityOfPage":{"@id":"https:\/\/elcotarro.com\/?p=11052"},"wordCount":1766,"commentCount":0,"publisher":{"@id":"https:\/\/elcotarro.com\/#organization"},"image":{"@id":"https:\/\/elcotarro.com\/?p=11052#primaryimage"},"thumbnailUrl":"https:\/\/canariasenpositivo.com\/wp-content\/uploads\/2025\/02\/1.-EL-COTARRO-DA-1.jpg","articleSection":["El Cotarro"],"inLanguage":"es","potentialAction":[{"@type":"CommentAction","name":"Comment","target":["https:\/\/elcotarro.com\/?p=11052#respond"]}]},{"@type":"WebPage","@id":"https:\/\/elcotarro.com\/?p=11052","url":"https:\/\/elcotarro.com\/?p=11052","name":"EL COTARRO \/ 555, DEL DOMINGO, 27\/04\/2025 - El Cotarro","isPartOf":{"@id":"https:\/\/elcotarro.com\/#website"},"primaryImageOfPage":{"@id":"https:\/\/elcotarro.com\/?p=11052#primaryimage"},"image":{"@id":"https:\/\/elcotarro.com\/?p=11052#primaryimage"},"thumbnailUrl":"https:\/\/canariasenpositivo.com\/wp-content\/uploads\/2025\/02\/1.-EL-COTARRO-DA-1.jpg","datePublished":"2025-04-26T23:06:59+00:00","breadcrumb":{"@id":"https:\/\/elcotarro.com\/?p=11052#breadcrumb"},"inLanguage":"es","potentialAction":[{"@type":"ReadAction","target":["https:\/\/elcotarro.com\/?p=11052"]}]},{"@type":"ImageObject","inLanguage":"es","@id":"https:\/\/elcotarro.com\/?p=11052#primaryimage","url":"https:\/\/canariasenpositivo.com\/wp-content\/uploads\/2025\/02\/1.-EL-COTARRO-DA-1.jpg","contentUrl":"https:\/\/canariasenpositivo.com\/wp-content\/uploads\/2025\/02\/1.-EL-COTARRO-DA-1.jpg"},{"@type":"BreadcrumbList","@id":"https:\/\/elcotarro.com\/?p=11052#breadcrumb","itemListElement":[{"@type":"ListItem","position":1,"name":"Portada","item":"https:\/\/elcotarro.com\/"},{"@type":"ListItem","position":2,"name":"EL COTARRO \/ 555, DEL DOMINGO, 27\/04\/2025"}]},{"@type":"WebSite","@id":"https:\/\/elcotarro.com\/#website","url":"https:\/\/elcotarro.com\/","name":"El Cotarro","description":"Peri\u00f3dico Digital Independiente dirigido por Jos\u00e9 Carlos Marrero","publisher":{"@id":"https:\/\/elcotarro.com\/#organization"},"potentialAction":[{"@type":"SearchAction","target":{"@type":"EntryPoint","urlTemplate":"https:\/\/elcotarro.com\/?s={search_term_string}"},"query-input":{"@type":"PropertyValueSpecification","valueRequired":true,"valueName":"search_term_string"}}],"inLanguage":"es"},{"@type":"Organization","@id":"https:\/\/elcotarro.com\/#organization","name":"El Cotarro","url":"https:\/\/elcotarro.com\/","logo":{"@type":"ImageObject","inLanguage":"es","@id":"https:\/\/elcotarro.com\/#\/schema\/logo\/image\/","url":"https:\/\/elcotarro.com\/wp-content\/uploads\/2014\/09\/Cabecera_El_Cotarro_v2.jpg","contentUrl":"https:\/\/elcotarro.com\/wp-content\/uploads\/2014\/09\/Cabecera_El_Cotarro_v2.jpg","width":3540,"height":441,"caption":"El Cotarro"},"image":{"@id":"https:\/\/elcotarro.com\/#\/schema\/logo\/image\/"},"sameAs":["https:\/\/www.facebook.com\/ElCotarro.Tenerife"]},{"@type":"Person","@id":"https:\/\/elcotarro.com\/#\/schema\/person\/af537ee7d60d15984c7e0affcd8a918b","name":"Jos\u00e9 Carlos Marrero Gonz\u00e1lez","image":{"@type":"ImageObject","inLanguage":"es","@id":"https:\/\/elcotarro.com\/#\/schema\/person\/image\/","url":"https:\/\/secure.gravatar.com\/avatar\/def4da036efb5d32c74d49c351f6dccc064dd69ad9f3aadc295c5a9a5391ca01?s=96&d=mm&r=g","contentUrl":"https:\/\/secure.gravatar.com\/avatar\/def4da036efb5d32c74d49c351f6dccc064dd69ad9f3aadc295c5a9a5391ca01?s=96&d=mm&r=g","caption":"Jos\u00e9 Carlos Marrero Gonz\u00e1lez"},"sameAs":["https:\/\/elcotarro.com"],"url":"https:\/\/elcotarro.com\/?author=2"}]}},"jetpack_featured_media_url":"","jetpack_sharing_enabled":true,"_links":{"self":[{"href":"https:\/\/elcotarro.com\/index.php?rest_route=\/wp\/v2\/posts\/11052","targetHints":{"allow":["GET"]}}],"collection":[{"href":"https:\/\/elcotarro.com\/index.php?rest_route=\/wp\/v2\/posts"}],"about":[{"href":"https:\/\/elcotarro.com\/index.php?rest_route=\/wp\/v2\/types\/post"}],"author":[{"embeddable":true,"href":"https:\/\/elcotarro.com\/index.php?rest_route=\/wp\/v2\/users\/2"}],"replies":[{"embeddable":true,"href":"https:\/\/elcotarro.com\/index.php?rest_route=%2Fwp%2Fv2%2Fcomments&post=11052"}],"version-history":[{"count":1,"href":"https:\/\/elcotarro.com\/index.php?rest_route=\/wp\/v2\/posts\/11052\/revisions"}],"predecessor-version":[{"id":11053,"href":"https:\/\/elcotarro.com\/index.php?rest_route=\/wp\/v2\/posts\/11052\/revisions\/11053"}],"wp:attachment":[{"href":"https:\/\/elcotarro.com\/index.php?rest_route=%2Fwp%2Fv2%2Fmedia&parent=11052"}],"wp:term":[{"taxonomy":"category","embeddable":true,"href":"https:\/\/elcotarro.com\/index.php?rest_route=%2Fwp%2Fv2%2Fcategories&post=11052"},{"taxonomy":"post_tag","embeddable":true,"href":"https:\/\/elcotarro.com\/index.php?rest_route=%2Fwp%2Fv2%2Ftags&post=11052"}],"curies":[{"name":"wp","href":"https:\/\/api.w.org\/{rel}","templated":true}]}}