{"id":11075,"date":"2025-06-01T00:57:55","date_gmt":"2025-05-31T23:57:55","guid":{"rendered":"https:\/\/elcotarro.com\/?p=11075"},"modified":"2025-06-01T20:32:21","modified_gmt":"2025-06-01T19:32:21","slug":"el-cotarro-560-del-domingo-01-06-2025","status":"publish","type":"post","link":"https:\/\/elcotarro.com\/?p=11075","title":{"rendered":"EL COTARRO \/ 560, DEL DOMINGO, 01\/06\/2025"},"content":{"rendered":"<p><img loading=\"lazy\" decoding=\"async\" class=\"size-full wp-image-9057 aligncenter\" src=\"https:\/\/canariasenpositivo.com\/wp-content\/uploads\/2025\/02\/1.-EL-COTARRO-DA-1.jpg\" alt=\"\" width=\"894\" height=\"145\" \/><\/p>\n<p style=\"text-align: center\"><span style=\"color: #ff0000\"><strong>N\u00ba560 DEL 1 DE JUNIO DE 2025<\/strong><\/span><\/p>\n<p>&nbsp;<\/p>\n<p><span style=\"color: #0000ff\"><strong>Entre indignaci\u00f3n cabreante y tristeza frustrante<\/strong><\/span><\/p>\n<ul>\n<li>Comienzo esta semana entre la indignaci\u00f3n m\u00e1s cabreante y una tristeza frustrante por la tragedia vivida en la querida isla de El Hierro. Llevamos a\u00f1os y a\u00f1os con la cruda realidad de la inmigraci\u00f3n irregular ante nuestros ojos y no aprendemos, ni somos capaces de hacer algo efectivo para que pare esta tragedia humana. Y me da pena que esta realidad y las desgarradoras im\u00e1genes que nos est\u00e1 ofreciendo las estemos viendo y asimilando como un hecho habitual que, aunque estalla ante nuestros ojos, miramos para otro lado. Recuerdo, una vez m\u00e1s, lo que me respondi\u00f3 el \u00fanico obispo cat\u00f3lico de Mauritania, monse\u00f1or <strong>Bischof Martin Happe<\/strong>, cuando hace a\u00f1os, en Nuakchot, le pregunt\u00e9 qu\u00e9 podr\u00edamos hacer para que esa buena gente no viniera hacia ac\u00e1 jug\u00e1ndose la vida en una patera, y me respondi\u00f3 lac\u00f3nicamente: <em>\u201cmuy sencillo: hagan ustedes que esta gente tenga algo que perder aqu\u00ed\u201d<\/em><\/li>\n<\/ul>\n<p><img loading=\"lazy\" decoding=\"async\" class=\"size-full wp-image-9378 aligncenter\" src=\"https:\/\/canariasenpositivo.com\/wp-content\/uploads\/2025\/05\/1.-MONS.-ALBERT-HAPPE-1.jpg\" alt=\"\" width=\"911\" height=\"683\" \/><\/p>\n<p style=\"text-align: center\"><em>Monse\u00f1or Bischof Martin Happe fotografiado por mi junto a un cayuco en la playa de Nuakchot<\/em><\/p>\n<p>&nbsp;<\/p>\n<p><span style=\"color: #0000ff\"><strong>No olvidemos que nosotros \u00e9ramos los emigrantes<\/strong><\/span><\/p>\n<ul>\n<li>Pero parece, por lo se ve y lo que se siente, que nuestras autoridades (de todos los partidos) no terminan de ponerse de acuerdo para encarrilar de alguna manera lo que est\u00e1 pasando hacia una soluci\u00f3n (que no ser\u00e1 f\u00e1cil) pero que debemos buscar entre todos. Nuestro Atl\u00e1ntico no puede seguir siendo un cementerio de inmigrantes y Canarias no puede seguir siendo, de hecho, una \u201cc\u00e1rcel no querida\u201d de menores y no tan menores migrantes, que lo \u00fanico que quieren es salir de una muerte casi segura para buscar y encontrar una vida digna. Veo la realidad de la pol\u00edtica en Espa\u00f1a y la realidad de la inmigraci\u00f3n, y me da pena de la sociedad que entre todos estamos construyendo y nos estamos dando. El fil\u00f3sofo espa\u00f1ol, <strong>Juli\u00e1n Mar\u00edas<\/strong> dijo que \u201c<em>lo que m\u00e1s me inquieta es que en Espa\u00f1a todos se preguntan \u00bfQu\u00e9 va a pasar\u201d y casi nadie pregunta \u00bfQu\u00e9 vamos a hacer?<\/em>\u201d Hagamos algo entre todos y recordemos que, durante muchos a\u00f1os, nosotros, los canarios y canarias, fuimos los que emigramos. Y que fuimos acogidos.<\/li>\n<\/ul>\n<p><img loading=\"lazy\" decoding=\"async\" class=\"size-large wp-image-9380 aligncenter\" src=\"https:\/\/canariasenpositivo.com\/wp-content\/uploads\/2025\/05\/2.-PATERA-VOLCADA-1024x609.jpeg\" alt=\"\" width=\"660\" height=\"393\" \/><\/p>\n<p style=\"text-align: center\"><em>El cayuco vuelca en El Hierro. Unas personas se aferran a la vida, mientras, lamentable y tristemente, otras siete la terminan perdiendo.<\/em><\/p>\n<p>&nbsp;<\/p>\n<p><span style=\"color: #0000ff\"><strong>Movimientos \u201calcaldables\u201d en La Guancha y La Laguna<\/strong><\/span><\/p>\n<ul>\n<li>Llover\u00e1 mucho hasta llegar al 23 o el 30 de mayo de 2027, fechas en las que, presumiblemente volveremos a tener Elecciones Locales. Pero, palabrita del <strong>Ni\u00f1o Jes\u00fas<\/strong>, que ya se est\u00e1n produciendo <em>\u201cmaniobras orquestales en la oscuridad\u201d<\/em> en m\u00e1s de un par de municipios. El reci\u00e9n elegido nuevo presidente del Partido Popular en Tenerife, <strong>Lope Afonso Hern\u00e1ndez<\/strong>, se ha encontrado de sopet\u00f3n con la renuncia de <strong>Antonio Hern\u00e1ndez<\/strong> (PP) a la alcald\u00eda de La Guancha y tiene que lograr que la misma siga estando en manos del PP. Pero <strong>Lope Afonso<\/strong> sabe tambi\u00e9n que, de cara al futuro, tiene al menos tres ayuntamientos m\u00e1s, a los que debe atender con inteligencia y rapidez de cara al 2027, y que dos de ellos son Santa Cruz de Tenerife y La Laguna. En La Laguna, por cierto, ma\u00f1ana lunes, Coalici\u00f3n Canaria vuelve a elegir a su secretario general. Parece que todo apunta a que ser\u00e1 reelegido <strong>Fran Hern\u00e1ndez<\/strong>, pero, detr\u00e1s de esa elecci\u00f3n, hay m\u00e1s tela que cortar. Mientras tanto, el alcalde <strong>Luis Yeray Guti\u00e9rrez,<\/strong> tranquilito y vi\u00e9ndolas venir.<\/li>\n<\/ul>\n<p><em> <img loading=\"lazy\" decoding=\"async\" class=\"size-large wp-image-9381 aligncenter\" src=\"https:\/\/canariasenpositivo.com\/wp-content\/uploads\/2025\/05\/3.-LOPE-AFONSO-Y-COMPANIA-1024x264.jpg\" alt=\"\" width=\"660\" height=\"170\" \/><\/em><\/p>\n<p style=\"text-align: center\"><em>De izquierda a derecha: Lope Afonso (Nuevo presidente insular del PP en Tenerife), Carlos Tarife (PP Santa Cruz), Antonio Hern\u00e1ndez (PP La Guancha), Juan Antonio Molina (PP La Laguna) y Fran Hern\u00e1ndez (CC La Laguna)<\/em><\/p>\n<p style=\"text-align: center\"><em>\u00a0<\/em><\/p>\n<p><span style=\"color: #0000ff\"><strong>Unas Fuerzas Armadas modernas y \u201cCultura de Defensa\u201d<\/strong><\/span><\/p>\n<ul>\n<li>Cambio de tercio y, antes de nada, como suelo hacer cuando me meto en este militar terreno, un recordatorio explicativo para quienes, por ignorancia o falta de informaci\u00f3n, no terminan de entender el verdadero papel que, en la actualidad, protagonizan nuestras Fuerzas Armadas. Estoy hablando de unas Fuerzas Armadas modernas, totalmente fieles a nuestra democr\u00e1tica Constituci\u00f3n Espa\u00f1ola, y leales al Gobierno elegido democr\u00e1ticamente en las urnas, sea de la ideolog\u00eda que sea y conformado por las formaciones pol\u00edticas que sean. Unas Fuerzas Armadas que, bajo el mando supremo del Jefe del Estado, <strong>Su Majestad El Rey Felipe VI<\/strong>, est\u00e1n totalmente entrenadas y permanentemente preparadas para la defensa y seguridad de Espa\u00f1a, desde el nuevo concepto de la <em>\u201cCultura de Defensa\u201d<\/em> (en los aspectos de presencia, vigilancia y disuasi\u00f3n) y estar cada d\u00eda al servicio de Espa\u00f1a y de toda la ciudadan\u00eda espa\u00f1ola, hayan votado en las urnas lo que hayan votado. A partir de esta aclaraci\u00f3n, que creo siempre conveniente, seguimos con nuestro relato de hoy.<\/li>\n<\/ul>\n<p><img loading=\"lazy\" decoding=\"async\" class=\"size-large wp-image-9382 aligncenter\" src=\"https:\/\/canariasenpositivo.com\/wp-content\/uploads\/2025\/05\/4.-TRIBUNA-REAL-1024x686.jpg\" alt=\"\" width=\"660\" height=\"442\" \/><\/p>\n<p style=\"text-align: center\"><em>Sus Majestades Los Reyes, no se sabe todav\u00eda sin con la presencia de la Princesa de Asturias, presidir\u00e1n el desfile del DIFAS 2025 el pr\u00f3ximo s\u00e1bado en Santa Cruz.<\/em><\/p>\n<p>&nbsp;<\/p>\n<p><span style=\"color: #0000ff\"><strong>Todo ya en marcha para el gran DIFAS 2025 en Tenerife<\/strong><\/span><\/p>\n<ul>\n<li>Hay que recordar que cada a\u00f1o por estas fechas se celebra en toda Espa\u00f1a el D\u00eda de las Fuerzas Armadas (DIFAS), que se desarrolla durante casi una semana, con actos de todo tipo. Cada a\u00f1o, el \u201cacto central\u201d consiste en un gran desfile militar que, desde la ciudad que lo acoge, se transmite para toda Espa\u00f1a y el mundo, a trav\u00e9s de la \u201cse\u00f1al institucional\u201d que ofrece Radio Televisi\u00f3n Espa\u00f1ola (RTVE). La \u00faltima celebraci\u00f3n del DIFAS en Santa Cruz de Tenerife fue exactamente en 1986, en cuyo desfile, el hoy <strong>Rey Felipe VI,<\/strong> particip\u00f3 en calidad de <strong>Pr\u00edncipe de Asturias<\/strong> como Caballero Cadete de la Academia General Militar. El pasado septiembre, el alcalde chicharrero, <strong>Jos\u00e9 Manuel Berm\u00fadez<\/strong>, curs\u00f3 una invitaci\u00f3n a la ministra de Defensa, <strong>Margarita Robles<\/strong>, ofreciendo la ciudad de Santa Cruz de Tenerife para la celebraci\u00f3n del DIFAS 2025. Un par de meses despu\u00e9s, recibi\u00f3 la respuesta positiva y ya est\u00e1 todo en marcha para la celebraci\u00f3n, que, tras una serie de actos, culminar\u00e1 el s\u00e1bado 7 con el gran desfile en la Avenida Mar\u00edtima, al que animo a asistir en vivo.<\/li>\n<\/ul>\n<p><em> <img loading=\"lazy\" decoding=\"async\" class=\"size-large wp-image-9383 aligncenter\" src=\"https:\/\/canariasenpositivo.com\/wp-content\/uploads\/2025\/05\/5.-EXTERIOR-RECINTO-1024x768.jpeg\" alt=\"\" width=\"660\" height=\"495\" \/><\/em><\/p>\n<p style=\"text-align: center\"><em>En el Recinto Ferial de Tenerife ya se prepara un gran operativo log\u00edstico, con cocinas, lavander\u00edas y duchas camufladas en el exterior, mientras en la avenida mar\u00edtima se prueba la megafon\u00eda con la m\u00fasica que se utilizar\u00e1 durante el desfile.<\/em><\/p>\n<p><em>\u00a0<\/em><\/p>\n<p><span style=\"color: #0000ff\"><strong>M\u00e1ximo nivel en organizaci\u00f3n, hospitalidad y agasajo<\/strong><\/span><\/p>\n<ul>\n<li>Cuando se adjudic\u00f3 la celebraci\u00f3n, nuestro Capit\u00e1n General, el teniente general <strong>Julio Salom<\/strong>, jefe del Mando de Canarias (MCANA) dej\u00f3 claro que la celebraci\u00f3n en Santa Cruz ten\u00eda que tener el mismo nivel que las anteriores en otras capitales de provincia de Espa\u00f1a. <strong>Jos\u00e9 Manuel Berm\u00fadez<\/strong> se sum\u00f3 a ese deseo y, juntos, con un operativo impresionante est\u00e1n haci\u00e9ndolo posible. El Recinto Ferial, con el consejero insular <strong>Manuel Fern\u00e1ndez<\/strong> al frente, est\u00e1 convirti\u00e9ndose en un improvisado \u201chotel\u201d que ya est\u00e1 derrochando hospitalidad en medio del complejo operativo necesario. Y he podido saber que se est\u00e1 preparando una denominada <em>\u201cOperaci\u00f3n Agasajo\u201d<\/em> con la colaboraci\u00f3n de los embajadores de la Marca Ej\u00e9rcito en Tenerife (de la que ya les contar\u00e9 todos los detalles cuando pueda) as\u00ed como una <em>\u201cOperaci\u00f3n Iluminaci\u00f3n\u201d<\/em> que va a propiciar la toma de miles de fotograf\u00edas que, sin duda, promocionar\u00e1n el coraz\u00f3n de Santa Cruz en medios de comunicaci\u00f3n y las redes sociales.<\/li>\n<\/ul>\n<p><img loading=\"lazy\" decoding=\"async\" class=\"size-large wp-image-9384 aligncenter\" src=\"https:\/\/canariasenpositivo.com\/wp-content\/uploads\/2025\/05\/6.-INTERIOR-RECINTO-FERIAL-1024x768.jpeg\" alt=\"\" width=\"660\" height=\"495\" \/><\/p>\n<p style=\"text-align: center\"><em>La \u201cgran nave\u201d del Recinto Ferial convertida en hotel para m\u00e1s de 500 militares venidos de la Pen\u00ednsula<\/em><\/p>\n<p>&nbsp;<\/p>\n<p><span style=\"color: #0000ff\"><strong>Izado de bandera con el pasado, presente y futuro unidos<\/strong><\/span><\/p>\n<ul>\n<li>Termino cont\u00e1ndoles que, para ir abriendo boca y ya en el en el marco del DIFAS 2025, la Subdelegaci\u00f3n de Defensa en Santa Cruz de Tenerife, que manda el coronel <strong>Juan Casiano Irizar Sig\u00fcenza<\/strong> celebr\u00f3 el pasado martes un especial izado de la bandera nacional, con un profundo simbolismo: la uni\u00f3n entre el pasado y el futuro. Por un lado, la \u201cAsociaci\u00f3n Hist\u00f3rico-Cultural la Gesta 25 de Julio de 1797\u201d, en representaci\u00f3n de los protagonistas de la defensa heroica de la ciudad ante el ataque del Almirante brit\u00e1nico <strong>Horacio<\/strong> <strong>Nelson<\/strong> el 25 de julio de 1797, que con orgullo mantienen viva la memoria colectiva, record\u00e1ndonos el valor, la resistencia y el esp\u00edritu de unidad de quienes defendieron nuestra ciudad. Por otro lado, el futuro representado por los alumnos del Colegio Escuelas P\u00edas de Tenerife, con su mirada hacia el ma\u00f1ana, que simbolizan el futuro de la ciudad, encarnan la esperanza, la innovaci\u00f3n y el desarrollo, son los herederos de ese legado hist\u00f3rico y tienen la responsabilidad de conocerlo y transmitirlo. Pasado y Futuro, en la Subdelegaci\u00f3n de Defensa en Santa Cruz y con sus componentes como testigos, se unieron para el solemne izado. Con este sencillo acto antes de iniciar la semana del DIFAS 2025, la Subdelegaci\u00f3n de Defensa en Santa Cruz ha honrado a quienes lucharon por Espa\u00f1a en la Gesta del 25 de julio de 1797 y se ha inspirado a en las nuevas generaciones para mantener vivos los valores de compromiso y amor a Espa\u00f1a.<\/li>\n<\/ul>\n<p><img loading=\"lazy\" decoding=\"async\" class=\"size-full wp-image-9385 aligncenter\" src=\"https:\/\/canariasenpositivo.com\/wp-content\/uploads\/2025\/05\/7.-IZADO-CON-ESCUELAS-PIAS.jpg\" alt=\"\" width=\"626\" height=\"787\" \/><\/p>\n<p style=\"text-align: center\"><em>Izado de bandera en la azotea de la Subdelegaci\u00f3n de Defensa en Santa Cruz de Tenerife, con los miembros de \u201cLa Gesta del 25 de Julio\u201d a la izquierda, y al fondo parte del alumnado del colegio Escuelas P\u00edas. Delante el coronel Juan Irizar Sig\u00fcenza.<\/em><\/p>\n<p>&nbsp;<\/p>\n<p><span style=\"color: #0000ff\"><strong>* Jos\u00e9 Carlos MARRERO GONZ\u00c1LEZ<\/strong><\/span><\/p>\n<p>Periodista y analista de la actualidad.<\/p>\n<p>Director de <strong><em>El Cotarro<\/em><\/strong> (www.elcotarro.com)<\/p>\n<p>Director de <strong><em>Canarias en Positivo<\/em><\/strong> (www.canariasenpositivo.com)<\/p>\n<p>Director de <strong><em>GastroCanarias<\/em><\/strong> (www.gastrocanarias.com)<\/p>\n<p>&nbsp;<\/p>\n<p>Islas Canarias, 1 de junio de 2025<\/p>\n<p><img loading=\"lazy\" decoding=\"async\" class=\"size-full wp-image-9058 aligncenter\" src=\"https:\/\/canariasenpositivo.com\/wp-content\/uploads\/2025\/02\/4.-CARECA-INSULA.jpg\" alt=\"\" width=\"750\" height=\"153\" \/><\/p>\n<p>&nbsp;<\/p>\n","protected":false},"excerpt":{"rendered":"<p>N\u00ba560 DEL 1 DE JUNIO DE 2025 &nbsp; Entre indignaci\u00f3n cabreante y tristeza frustrante Comienzo esta semana entre la indignaci\u00f3n m\u00e1s cabreante y una tristeza frustrante por la tragedia vivida en la querida isla de El Hierro. Llevamos a\u00f1os y a\u00f1os con la cruda realidad de la inmigraci\u00f3n irregular ante nuestros ojos y no aprendemos, &#8230; <a class=\"read-more\" href=\"https:\/\/elcotarro.com\/?p=11075\">Read more<\/a><\/p>\n","protected":false},"author":2,"featured_media":0,"comment_status":"open","ping_status":"open","sticky":false,"template":"","format":"standard","meta":{"_jetpack_memberships_contains_paid_content":false,"footnotes":""},"categories":[4],"tags":[],"class_list":["post-11075","post","type-post","status-publish","format-standard","hentry","category-el-cotarro"],"yoast_head":"<!-- This site is optimized with the Yoast SEO plugin v27.0 - https:\/\/yoast.com\/product\/yoast-seo-wordpress\/ -->\n<title>EL COTARRO \/ 560, DEL DOMINGO, 01\/06\/2025 - El Cotarro<\/title>\n<meta name=\"robots\" content=\"index, follow, max-snippet:-1, max-image-preview:large, max-video-preview:-1\" \/>\n<link rel=\"canonical\" href=\"https:\/\/elcotarro.com\/?p=11075\" \/>\n<meta property=\"og:locale\" content=\"es_ES\" \/>\n<meta property=\"og:type\" content=\"article\" \/>\n<meta property=\"og:title\" content=\"EL COTARRO \/ 560, DEL DOMINGO, 01\/06\/2025 - El Cotarro\" \/>\n<meta property=\"og:description\" content=\"N\u00ba560 DEL 1 DE JUNIO DE 2025 &nbsp; Entre indignaci\u00f3n cabreante y tristeza frustrante Comienzo esta semana entre la indignaci\u00f3n m\u00e1s cabreante y una tristeza frustrante por la tragedia vivida en la querida isla de El Hierro. Llevamos a\u00f1os y a\u00f1os con la cruda realidad de la inmigraci\u00f3n irregular ante nuestros ojos y no aprendemos, ... Read more\" \/>\n<meta property=\"og:url\" content=\"https:\/\/elcotarro.com\/?p=11075\" \/>\n<meta property=\"og:site_name\" content=\"El Cotarro\" \/>\n<meta property=\"article:publisher\" content=\"https:\/\/www.facebook.com\/ElCotarro.Tenerife\" \/>\n<meta property=\"article:published_time\" content=\"2025-05-31T23:57:55+00:00\" \/>\n<meta property=\"article:modified_time\" content=\"2025-06-01T19:32:21+00:00\" \/>\n<meta property=\"og:image\" content=\"https:\/\/canariasenpositivo.com\/wp-content\/uploads\/2025\/02\/1.-EL-COTARRO-DA-1.jpg\" \/>\n<meta name=\"author\" content=\"Jos\u00e9 Carlos Marrero Gonz\u00e1lez\" \/>\n<meta name=\"twitter:label1\" content=\"Escrito por\" \/>\n\t<meta name=\"twitter:data1\" content=\"Jos\u00e9 Carlos Marrero Gonz\u00e1lez\" \/>\n\t<meta name=\"twitter:label2\" content=\"Tiempo de lectura\" \/>\n\t<meta name=\"twitter:data2\" content=\"9 minutos\" \/>\n<script type=\"application\/ld+json\" class=\"yoast-schema-graph\">{\"@context\":\"https:\/\/schema.org\",\"@graph\":[{\"@type\":\"Article\",\"@id\":\"https:\/\/elcotarro.com\/?p=11075#article\",\"isPartOf\":{\"@id\":\"https:\/\/elcotarro.com\/?p=11075\"},\"author\":{\"name\":\"Jos\u00e9 Carlos Marrero Gonz\u00e1lez\",\"@id\":\"https:\/\/elcotarro.com\/#\/schema\/person\/af537ee7d60d15984c7e0affcd8a918b\"},\"headline\":\"EL COTARRO \/ 560, DEL DOMINGO, 01\/06\/2025\",\"datePublished\":\"2025-05-31T23:57:55+00:00\",\"dateModified\":\"2025-06-01T19:32:21+00:00\",\"mainEntityOfPage\":{\"@id\":\"https:\/\/elcotarro.com\/?p=11075\"},\"wordCount\":1689,\"commentCount\":0,\"publisher\":{\"@id\":\"https:\/\/elcotarro.com\/#organization\"},\"image\":{\"@id\":\"https:\/\/elcotarro.com\/?p=11075#primaryimage\"},\"thumbnailUrl\":\"https:\/\/canariasenpositivo.com\/wp-content\/uploads\/2025\/02\/1.-EL-COTARRO-DA-1.jpg\",\"articleSection\":[\"El Cotarro\"],\"inLanguage\":\"es\",\"potentialAction\":[{\"@type\":\"CommentAction\",\"name\":\"Comment\",\"target\":[\"https:\/\/elcotarro.com\/?p=11075#respond\"]}]},{\"@type\":\"WebPage\",\"@id\":\"https:\/\/elcotarro.com\/?p=11075\",\"url\":\"https:\/\/elcotarro.com\/?p=11075\",\"name\":\"EL COTARRO \/ 560, DEL DOMINGO, 01\/06\/2025 - El Cotarro\",\"isPartOf\":{\"@id\":\"https:\/\/elcotarro.com\/#website\"},\"primaryImageOfPage\":{\"@id\":\"https:\/\/elcotarro.com\/?p=11075#primaryimage\"},\"image\":{\"@id\":\"https:\/\/elcotarro.com\/?p=11075#primaryimage\"},\"thumbnailUrl\":\"https:\/\/canariasenpositivo.com\/wp-content\/uploads\/2025\/02\/1.-EL-COTARRO-DA-1.jpg\",\"datePublished\":\"2025-05-31T23:57:55+00:00\",\"dateModified\":\"2025-06-01T19:32:21+00:00\",\"breadcrumb\":{\"@id\":\"https:\/\/elcotarro.com\/?p=11075#breadcrumb\"},\"inLanguage\":\"es\",\"potentialAction\":[{\"@type\":\"ReadAction\",\"target\":[\"https:\/\/elcotarro.com\/?p=11075\"]}]},{\"@type\":\"ImageObject\",\"inLanguage\":\"es\",\"@id\":\"https:\/\/elcotarro.com\/?p=11075#primaryimage\",\"url\":\"https:\/\/canariasenpositivo.com\/wp-content\/uploads\/2025\/02\/1.-EL-COTARRO-DA-1.jpg\",\"contentUrl\":\"https:\/\/canariasenpositivo.com\/wp-content\/uploads\/2025\/02\/1.-EL-COTARRO-DA-1.jpg\"},{\"@type\":\"BreadcrumbList\",\"@id\":\"https:\/\/elcotarro.com\/?p=11075#breadcrumb\",\"itemListElement\":[{\"@type\":\"ListItem\",\"position\":1,\"name\":\"Portada\",\"item\":\"https:\/\/elcotarro.com\/\"},{\"@type\":\"ListItem\",\"position\":2,\"name\":\"EL COTARRO \/ 560, DEL DOMINGO, 01\/06\/2025\"}]},{\"@type\":\"WebSite\",\"@id\":\"https:\/\/elcotarro.com\/#website\",\"url\":\"https:\/\/elcotarro.com\/\",\"name\":\"El Cotarro\",\"description\":\"Peri\u00f3dico Digital Independiente dirigido por Jos\u00e9 Carlos Marrero\",\"publisher\":{\"@id\":\"https:\/\/elcotarro.com\/#organization\"},\"potentialAction\":[{\"@type\":\"SearchAction\",\"target\":{\"@type\":\"EntryPoint\",\"urlTemplate\":\"https:\/\/elcotarro.com\/?s={search_term_string}\"},\"query-input\":{\"@type\":\"PropertyValueSpecification\",\"valueRequired\":true,\"valueName\":\"search_term_string\"}}],\"inLanguage\":\"es\"},{\"@type\":\"Organization\",\"@id\":\"https:\/\/elcotarro.com\/#organization\",\"name\":\"El Cotarro\",\"url\":\"https:\/\/elcotarro.com\/\",\"logo\":{\"@type\":\"ImageObject\",\"inLanguage\":\"es\",\"@id\":\"https:\/\/elcotarro.com\/#\/schema\/logo\/image\/\",\"url\":\"https:\/\/elcotarro.com\/wp-content\/uploads\/2014\/09\/Cabecera_El_Cotarro_v2.jpg\",\"contentUrl\":\"https:\/\/elcotarro.com\/wp-content\/uploads\/2014\/09\/Cabecera_El_Cotarro_v2.jpg\",\"width\":3540,\"height\":441,\"caption\":\"El Cotarro\"},\"image\":{\"@id\":\"https:\/\/elcotarro.com\/#\/schema\/logo\/image\/\"},\"sameAs\":[\"https:\/\/www.facebook.com\/ElCotarro.Tenerife\"]},{\"@type\":\"Person\",\"@id\":\"https:\/\/elcotarro.com\/#\/schema\/person\/af537ee7d60d15984c7e0affcd8a918b\",\"name\":\"Jos\u00e9 Carlos Marrero Gonz\u00e1lez\",\"image\":{\"@type\":\"ImageObject\",\"inLanguage\":\"es\",\"@id\":\"https:\/\/elcotarro.com\/#\/schema\/person\/image\/\",\"url\":\"https:\/\/secure.gravatar.com\/avatar\/def4da036efb5d32c74d49c351f6dccc064dd69ad9f3aadc295c5a9a5391ca01?s=96&d=mm&r=g\",\"contentUrl\":\"https:\/\/secure.gravatar.com\/avatar\/def4da036efb5d32c74d49c351f6dccc064dd69ad9f3aadc295c5a9a5391ca01?s=96&d=mm&r=g\",\"caption\":\"Jos\u00e9 Carlos Marrero Gonz\u00e1lez\"},\"sameAs\":[\"https:\/\/elcotarro.com\"],\"url\":\"https:\/\/elcotarro.com\/?author=2\"}]}<\/script>\n<!-- \/ Yoast SEO plugin. -->","yoast_head_json":{"title":"EL COTARRO \/ 560, DEL DOMINGO, 01\/06\/2025 - El Cotarro","robots":{"index":"index","follow":"follow","max-snippet":"max-snippet:-1","max-image-preview":"max-image-preview:large","max-video-preview":"max-video-preview:-1"},"canonical":"https:\/\/elcotarro.com\/?p=11075","og_locale":"es_ES","og_type":"article","og_title":"EL COTARRO \/ 560, DEL DOMINGO, 01\/06\/2025 - El Cotarro","og_description":"N\u00ba560 DEL 1 DE JUNIO DE 2025 &nbsp; Entre indignaci\u00f3n cabreante y tristeza frustrante Comienzo esta semana entre la indignaci\u00f3n m\u00e1s cabreante y una tristeza frustrante por la tragedia vivida en la querida isla de El Hierro. Llevamos a\u00f1os y a\u00f1os con la cruda realidad de la inmigraci\u00f3n irregular ante nuestros ojos y no aprendemos, ... Read more","og_url":"https:\/\/elcotarro.com\/?p=11075","og_site_name":"El Cotarro","article_publisher":"https:\/\/www.facebook.com\/ElCotarro.Tenerife","article_published_time":"2025-05-31T23:57:55+00:00","article_modified_time":"2025-06-01T19:32:21+00:00","og_image":[{"url":"https:\/\/canariasenpositivo.com\/wp-content\/uploads\/2025\/02\/1.-EL-COTARRO-DA-1.jpg","type":"","width":"","height":""}],"author":"Jos\u00e9 Carlos Marrero Gonz\u00e1lez","twitter_misc":{"Escrito por":"Jos\u00e9 Carlos Marrero Gonz\u00e1lez","Tiempo de lectura":"9 minutos"},"schema":{"@context":"https:\/\/schema.org","@graph":[{"@type":"Article","@id":"https:\/\/elcotarro.com\/?p=11075#article","isPartOf":{"@id":"https:\/\/elcotarro.com\/?p=11075"},"author":{"name":"Jos\u00e9 Carlos Marrero Gonz\u00e1lez","@id":"https:\/\/elcotarro.com\/#\/schema\/person\/af537ee7d60d15984c7e0affcd8a918b"},"headline":"EL COTARRO \/ 560, DEL DOMINGO, 01\/06\/2025","datePublished":"2025-05-31T23:57:55+00:00","dateModified":"2025-06-01T19:32:21+00:00","mainEntityOfPage":{"@id":"https:\/\/elcotarro.com\/?p=11075"},"wordCount":1689,"commentCount":0,"publisher":{"@id":"https:\/\/elcotarro.com\/#organization"},"image":{"@id":"https:\/\/elcotarro.com\/?p=11075#primaryimage"},"thumbnailUrl":"https:\/\/canariasenpositivo.com\/wp-content\/uploads\/2025\/02\/1.-EL-COTARRO-DA-1.jpg","articleSection":["El Cotarro"],"inLanguage":"es","potentialAction":[{"@type":"CommentAction","name":"Comment","target":["https:\/\/elcotarro.com\/?p=11075#respond"]}]},{"@type":"WebPage","@id":"https:\/\/elcotarro.com\/?p=11075","url":"https:\/\/elcotarro.com\/?p=11075","name":"EL COTARRO \/ 560, DEL DOMINGO, 01\/06\/2025 - El Cotarro","isPartOf":{"@id":"https:\/\/elcotarro.com\/#website"},"primaryImageOfPage":{"@id":"https:\/\/elcotarro.com\/?p=11075#primaryimage"},"image":{"@id":"https:\/\/elcotarro.com\/?p=11075#primaryimage"},"thumbnailUrl":"https:\/\/canariasenpositivo.com\/wp-content\/uploads\/2025\/02\/1.-EL-COTARRO-DA-1.jpg","datePublished":"2025-05-31T23:57:55+00:00","dateModified":"2025-06-01T19:32:21+00:00","breadcrumb":{"@id":"https:\/\/elcotarro.com\/?p=11075#breadcrumb"},"inLanguage":"es","potentialAction":[{"@type":"ReadAction","target":["https:\/\/elcotarro.com\/?p=11075"]}]},{"@type":"ImageObject","inLanguage":"es","@id":"https:\/\/elcotarro.com\/?p=11075#primaryimage","url":"https:\/\/canariasenpositivo.com\/wp-content\/uploads\/2025\/02\/1.-EL-COTARRO-DA-1.jpg","contentUrl":"https:\/\/canariasenpositivo.com\/wp-content\/uploads\/2025\/02\/1.-EL-COTARRO-DA-1.jpg"},{"@type":"BreadcrumbList","@id":"https:\/\/elcotarro.com\/?p=11075#breadcrumb","itemListElement":[{"@type":"ListItem","position":1,"name":"Portada","item":"https:\/\/elcotarro.com\/"},{"@type":"ListItem","position":2,"name":"EL COTARRO \/ 560, DEL DOMINGO, 01\/06\/2025"}]},{"@type":"WebSite","@id":"https:\/\/elcotarro.com\/#website","url":"https:\/\/elcotarro.com\/","name":"El Cotarro","description":"Peri\u00f3dico Digital Independiente dirigido por Jos\u00e9 Carlos Marrero","publisher":{"@id":"https:\/\/elcotarro.com\/#organization"},"potentialAction":[{"@type":"SearchAction","target":{"@type":"EntryPoint","urlTemplate":"https:\/\/elcotarro.com\/?s={search_term_string}"},"query-input":{"@type":"PropertyValueSpecification","valueRequired":true,"valueName":"search_term_string"}}],"inLanguage":"es"},{"@type":"Organization","@id":"https:\/\/elcotarro.com\/#organization","name":"El Cotarro","url":"https:\/\/elcotarro.com\/","logo":{"@type":"ImageObject","inLanguage":"es","@id":"https:\/\/elcotarro.com\/#\/schema\/logo\/image\/","url":"https:\/\/elcotarro.com\/wp-content\/uploads\/2014\/09\/Cabecera_El_Cotarro_v2.jpg","contentUrl":"https:\/\/elcotarro.com\/wp-content\/uploads\/2014\/09\/Cabecera_El_Cotarro_v2.jpg","width":3540,"height":441,"caption":"El Cotarro"},"image":{"@id":"https:\/\/elcotarro.com\/#\/schema\/logo\/image\/"},"sameAs":["https:\/\/www.facebook.com\/ElCotarro.Tenerife"]},{"@type":"Person","@id":"https:\/\/elcotarro.com\/#\/schema\/person\/af537ee7d60d15984c7e0affcd8a918b","name":"Jos\u00e9 Carlos Marrero Gonz\u00e1lez","image":{"@type":"ImageObject","inLanguage":"es","@id":"https:\/\/elcotarro.com\/#\/schema\/person\/image\/","url":"https:\/\/secure.gravatar.com\/avatar\/def4da036efb5d32c74d49c351f6dccc064dd69ad9f3aadc295c5a9a5391ca01?s=96&d=mm&r=g","contentUrl":"https:\/\/secure.gravatar.com\/avatar\/def4da036efb5d32c74d49c351f6dccc064dd69ad9f3aadc295c5a9a5391ca01?s=96&d=mm&r=g","caption":"Jos\u00e9 Carlos Marrero Gonz\u00e1lez"},"sameAs":["https:\/\/elcotarro.com"],"url":"https:\/\/elcotarro.com\/?author=2"}]}},"jetpack_featured_media_url":"","jetpack_sharing_enabled":true,"_links":{"self":[{"href":"https:\/\/elcotarro.com\/index.php?rest_route=\/wp\/v2\/posts\/11075","targetHints":{"allow":["GET"]}}],"collection":[{"href":"https:\/\/elcotarro.com\/index.php?rest_route=\/wp\/v2\/posts"}],"about":[{"href":"https:\/\/elcotarro.com\/index.php?rest_route=\/wp\/v2\/types\/post"}],"author":[{"embeddable":true,"href":"https:\/\/elcotarro.com\/index.php?rest_route=\/wp\/v2\/users\/2"}],"replies":[{"embeddable":true,"href":"https:\/\/elcotarro.com\/index.php?rest_route=%2Fwp%2Fv2%2Fcomments&post=11075"}],"version-history":[{"count":3,"href":"https:\/\/elcotarro.com\/index.php?rest_route=\/wp\/v2\/posts\/11075\/revisions"}],"predecessor-version":[{"id":11078,"href":"https:\/\/elcotarro.com\/index.php?rest_route=\/wp\/v2\/posts\/11075\/revisions\/11078"}],"wp:attachment":[{"href":"https:\/\/elcotarro.com\/index.php?rest_route=%2Fwp%2Fv2%2Fmedia&parent=11075"}],"wp:term":[{"taxonomy":"category","embeddable":true,"href":"https:\/\/elcotarro.com\/index.php?rest_route=%2Fwp%2Fv2%2Fcategories&post=11075"},{"taxonomy":"post_tag","embeddable":true,"href":"https:\/\/elcotarro.com\/index.php?rest_route=%2Fwp%2Fv2%2Ftags&post=11075"}],"curies":[{"name":"wp","href":"https:\/\/api.w.org\/{rel}","templated":true}]}}