{"id":11098,"date":"2025-06-29T00:47:56","date_gmt":"2025-06-28T23:47:56","guid":{"rendered":"https:\/\/elcotarro.com\/?p=11098"},"modified":"2025-06-29T00:47:56","modified_gmt":"2025-06-28T23:47:56","slug":"el-cotarro-564-del-domingo-29-06-2025","status":"publish","type":"post","link":"https:\/\/elcotarro.com\/?p=11098","title":{"rendered":"EL COTARRO \/ 564, DEL DOMINGO, 29\/06\/2025"},"content":{"rendered":"<p><img loading=\"lazy\" decoding=\"async\" class=\"size-full wp-image-9057 aligncenter\" src=\"https:\/\/canariasenpositivo.com\/wp-content\/uploads\/2025\/02\/1.-EL-COTARRO-DA-1.jpg\" alt=\"\" width=\"894\" height=\"145\" \/><\/p>\n<p style=\"text-align: center\"><span style=\"color: #ff0000\"><strong>N\u00ba564 DEL 29 DE JUNIO DE 2025<\/strong><\/span><\/p>\n<p>&nbsp;<\/p>\n<p><span style=\"color: #0000ff\"><strong>Los Harry Potter\u2019s, dos obispos y un gran ejemplo<\/strong><\/span><\/p>\n<ul>\n<li>Tengo el honor de pertenecer a la tertulia a los Harry Potter\u2019s, una Pe\u00f1a, como le gustaba llamarla a su fundador, el querido y recordado empresario <strong>Pedro Garc\u00eda Sanju\u00e1n<\/strong>, que ahora preside el reconocido arquitecto <strong>Ramiro Cuende Tasc\u00f3n<\/strong> y que est\u00e1 formada por personas de bien de todos los sectores sociales, que solo practica el placer de la amistad, propiciando algo dif\u00edcil en los tiempos que vivimos: la concordia. Destaca <strong>Ramiro Cuende<\/strong> que es un colectivo sencillo, en el que es f\u00e1cil disfrutar porque impera el conocimiento, el respeto y la educaci\u00f3n. Los Harry Potter\u2019s se re\u00fanen peri\u00f3dicamente, cada uno o dos meses, en un distendido almuerzo de confraternidad donde, normalmente, se invita a alguna persona especial. En la \u00faltima reuni\u00f3n fue invitado por primera vez el nuevo obispo de la Di\u00f3cesis Nivariense, <strong>Eloy Alberto Santiago Santiago<\/strong>, quien, para alegr\u00eda de todos, fue acompa\u00f1ado por nuestro obispo em\u00e9rito, <strong>Bernardo \u00c1lvarez Afonso<\/strong>, asiduo de la pe\u00f1a, quien sigue luchando con la pu\u00f1etera enfermedad que le aqueja, con una ejemplar entereza y dignidad, dignas de menci\u00f3n.<\/li>\n<\/ul>\n<p><img loading=\"lazy\" decoding=\"async\" class=\"size-large wp-image-9505 aligncenter\" src=\"https:\/\/canariasenpositivo.com\/wp-content\/uploads\/2025\/06\/1.-LORENZO-BERNARDO-ELOY-RAMIRO-Y-JULIO-1024x602.jpg\" alt=\"\" width=\"660\" height=\"388\" \/><\/p>\n<p style=\"text-align: center\"><em>Mesa del invitado especial, en la \u00faltima comida de los Harry Potter\u2019s. De izquierda a derecha: Lorenzo Dorta (exalcalde de Garachico y decano honor\u00edfico de la Universidad de San Roquito), Bernardo \u00c1lvarez (obispo em\u00e9rito), Eloy Alberto Santiago (actual obispo Nivariense), Ramiro Cuende (presidente de la pe\u00f1a) y el teniente general, Julio Salom Herrera, jefe del Mando de Canarias (MCANA)<\/em><\/p>\n<p>&nbsp;<\/p>\n<p><span style=\"color: #0000ff\"><strong>Eloy Santiago cumple con su lema: <em>\u201cUt ministraret\u201d<\/em><\/strong><\/span><\/p>\n<ul>\n<li>Especialmente significativo y gratificante fue ver la actitud de nuestro nuevo obispo, <strong>Eloy Santiago<\/strong>, pendiente y atendiendo en todo momento a nuestro obispo em\u00e9rito, <strong>Bernardo \u00c1lvarez<\/strong>. Desde su llegada al restaurante <em>Los Limoneros<\/em> y hasta la despedida, <strong>Eloy Santiago<\/strong> protagoniz\u00f3 un enriquecedor ejemplo de atenci\u00f3n, sensibilidad y dedicaci\u00f3n, claramente explicable si recordamos el lema que nuestro nuevo obispo ha escogido para su episcopado, <em>\u201cut ministraret\u201d<\/em> que en <em>\u201ccristiano\u201d<\/em> viene a significar <em>\u201cpara servir\u201d<\/em>. Y es que, todas las limitaciones que la pu\u00f1etera ELA est\u00e1 produci\u00e9ndole a <strong>Bernardo \u00c1lvarez<\/strong>, fueron solventadas con esp\u00edritu de servicio por <strong>Eloy Santiago<\/strong>, de la manera m\u00e1s sencilla y natural. Lo dicho, todo un ejemplo. Por cierto: <strong>Bernardo \u00c1lvarez<\/strong> sigue haciendo gala de su \u201cMojo Rojo Episcopal\u201d a base de pimienta palmera, que, aunque quiz\u00e1 ya no elabore con sus propias manos, se ocupa personalmente de dirigir la elaboraci\u00f3n y lo sigue \u201ccuadrando\u201d en sabor.<\/li>\n<\/ul>\n<p><img loading=\"lazy\" decoding=\"async\" class=\"size-full wp-image-9506 aligncenter\" src=\"https:\/\/canariasenpositivo.com\/wp-content\/uploads\/2025\/06\/2.-BERNARDO-ALVAREZ-Y-ELOY-SANTIAGO.jpg\" alt=\"\" width=\"951\" height=\"785\" \/><\/p>\n<p style=\"text-align: center\"><em>Mons. Bernardo \u00c1lvarez Afonso (i) y Mons. Eloy Alberto Santiago Santiago, dos obispos nivarienses.<\/em><\/p>\n<p>&nbsp;<\/p>\n<p><span style=\"color: #0000ff\"><strong>Los extraterrestres comen costillas en Casa Tom\u00e1s<\/strong><\/span><\/p>\n<ul>\n<li>El lagunero Teatro Leal se llen\u00f3 hace unos d\u00edas en las primeras jornadas <em>\u201cLaguna del Misterio\u201d<\/em>, para ver en vivo y en directo, al colega gran amigo <strong>Miguel C\u00e9sar Blanco Medrano<\/strong>(Caracas, 29\/09\/1956), periodista espa\u00f1ol director y presentador del emblem\u00e1tico programa radiof\u00f3nico <em>\u201cEspacio en Blanco\u201d<\/em> que, dedicado a enigmas y misterios, parapsicolog\u00eda, ufolog\u00eda y esoterismo, comenz\u00f3 a emitirse el a\u00f1o 1987 y est\u00e1 considerado como el decano en su g\u00e9nero de la radio en Espa\u00f1a. Recordar\u00e1n que la convocatoria de <strong>Miguel Blanco<\/strong> para una alerta OVNI\u00a0en el Valle de Ucanca, en el coraz\u00f3n del Parque Nacional de Las Ca\u00f1adas del Teide, en 1989, retransmitida por RNE y Radio Exterior de Espa\u00f1a para todo el mundo, y que congreg\u00f3 a m\u00e1s de 40.000 personas, fue un hito en la historia del programa. <strong>Miguel Blanco<\/strong> ha vuelto a nuestra tierra, que sigue considerando atractiva y llena de misterios.<\/li>\n<\/ul>\n<p><img loading=\"lazy\" decoding=\"async\" class=\"size-large wp-image-9507 aligncenter\" src=\"https:\/\/canariasenpositivo.com\/wp-content\/uploads\/2025\/06\/3.-TOMAS-GALVAN-Y-MIGUEL-BLANCO-1024x768.jpeg\" alt=\"\" width=\"660\" height=\"495\" \/><\/p>\n<p style=\"text-align: center\"><em>Tom\u00e1s Galv\u00e1n (i) experto en costillas, con el periodista Miguel Blanco, experto en extraterrestres.<\/em><\/p>\n<p>&nbsp;<\/p>\n<p><span style=\"color: #0000ff\"><strong>Los extraterrestres comen costillas en Casa Tom\u00e1s<\/strong><\/span><\/p>\n<ul>\n<li>Tiene que ser as\u00ed porque, de no serlo, no s\u00e9 qu\u00e9 hac\u00eda all\u00ed hace unos d\u00edas mi buen amigo <strong>Miguel Blanco<\/strong> quien, rozando los 69 a\u00f1os de edad, lleva toda su vida (y sigue en el empe\u00f1o) buscando ovnis, extraterrestres y misterios. <strong>Miguel<\/strong> me confes\u00f3 que, cada vez que llega a Tenerife, lo primero que hace es ir al Bodeg\u00f3n Casa Tom\u00e1s, en El Portezuelo (Tegueste) para coger energ\u00eda y buenas vibraciones con unas costillas guisadas con papas y pi\u00f1as de millo que, como siempre, siguen cocinando con desvelo <strong>Tom\u00e1s Galv\u00e1n<\/strong> y su esposa, <strong>Ver\u00edsima Garc\u00eda<\/strong>, ahora ya con la ayuda de su hijo <strong>V\u00edctor Galv\u00e1n Garc\u00eda<\/strong>, timonel de la nave. No s\u00e9 si <strong>Miguel Blanco<\/strong> encontr\u00f3 extraterrestres, pero le vi personalmente y confieso que estaba alucinando con el sabor de las garbanzas, las costillas y el mojo de cilantro. Y estoy seguro de que alg\u00fan \u201cmarciano\u201d andaba por los alrededores.<\/li>\n<\/ul>\n<p><img loading=\"lazy\" decoding=\"async\" class=\"size-large wp-image-9508 aligncenter\" src=\"https:\/\/canariasenpositivo.com\/wp-content\/uploads\/2025\/06\/4.-JOSE-CARLOS.-TOMAS-Y-MIGUEL-1024x768.jpeg\" alt=\"\" width=\"660\" height=\"495\" \/><\/p>\n<p style=\"text-align: center\"><em>Jos\u00e9 Carlos Marrero, Tom\u00e1s Galv\u00e1n (c) y Miguel Blanco, casi tres extraterrestres, pero terr\u00edcolas.<\/em><\/p>\n<p>&nbsp;<\/p>\n<p><span style=\"color: #0000ff\"><strong>Cambios en Cajasiete para seguir creciendo con salud<\/strong><\/span><\/p>\n<ul>\n<li>Con 44 a\u00f1os de ejemplar y eficaz trayectoria profesional en Cajasiete (de ellos 24 como director general y los11 \u00faltimos como presidente) <strong>Fernando Berge Royo<\/strong> ha sido nombrado merecidamente presidente honor\u00edfico de la entidad y seguir\u00e1 vinculado a la misma como presidente de la Fundaci\u00f3n Cajasiete <strong>Pedro Modesto Campos<\/strong>. El nuevo presidente es ya el puntal <strong>Manuel Del Castillo Gonz\u00e1lez<\/strong>, quien estos \u00faltimos 11 a\u00f1os ha sido director general Cajasiete, cargo que ahora ha dejado en manos de otro puntal, <strong>Luis Alberto D\u00edaz Dorta<\/strong>. Cuando <strong>Fernando Berge<\/strong> fue nombrado director general, Cajasiete ten\u00eda un volumen de negocio de 115 millones de euros y ha abandonado la presidencia dej\u00e1ndola con un volumen de 6.800 millones de euros. Ah\u00ed es nada. El reto de <strong>Manuel Del Castillo<\/strong> y su equipo ser\u00e1 seguir creciendo con la solidez y garant\u00eda que siempre ha tenido Cajasiete y con el marchamo de seguir siendo la \u00fanica entidad financiera 100% canaria.<\/li>\n<\/ul>\n<p><img loading=\"lazy\" decoding=\"async\" class=\"size-large wp-image-9509 aligncenter\" src=\"https:\/\/canariasenpositivo.com\/wp-content\/uploads\/2025\/06\/5.-DIRECTIVA-CAJASIETE-2025-1024x500.jpg\" alt=\"\" width=\"660\" height=\"322\" \/><\/p>\n<p style=\"text-align: center\"><em>Manuel Del Castillo Gonz\u00e1lez (i) Fernando Berge Royo (c) y Luis Alberto D\u00edaz Dorta, puntales de Cajasiete<\/em><\/p>\n<p>&nbsp;<\/p>\n<p><strong><span style=\"color: #0000ff\">Detallazo de Cajasiete con los directores jubilados<\/span> <\/strong><\/p>\n<ul>\n<li>Dicen que cuando cesan a un pol\u00edtico (porque dimitir no dimite ninguno) da tristeza comprobar que su m\u00f3vil deja de recibir llamadas y mensajes. Cuando un profesional se jubila, como los directores de medios de comunicaci\u00f3n, sucede m\u00e1s o menos lo mismo, menos, precisamente, con Cajasiete. Desde hace a\u00f1os y por iniciativa de <strong>Fernando Berge<\/strong>, la entidad re\u00fane a los ex directores ya jubilados de los principales medios, en un almuerzo de \u00e1mbito regional donde se sigue trasegando informaci\u00f3n de la buena, en un ambiente distendido presidido por la amistad. Este a\u00f1o fue el pasado lunes, y en \u00e9l se sac\u00f3 la \u201cfoto de familia\u201d donde pueden ver detr\u00e1s, de izquierda a derecha, a: <strong>Jos\u00e9 Manuel Garrido<\/strong> (Relaciones Institucionales de Cajasiete), <strong>Julio Luis P\u00e9rez<\/strong> (Consultor de Comunicaci\u00f3n) <strong>Antonio D\u00edaz Ramos<\/strong> (ex COPE Las Palmas) <strong>Jos\u00e9 Carlos Marrero<\/strong> (ex COPE Tenerife), <strong>Chicha Arozarena<\/strong> (ex Radio Nacional en Canarias), <strong>Enrique Rey Pitti<\/strong> (ex La Gaceta de Canarias), <strong>Leopoldo Fern\u00e1ndez Cabeza de Vaca<\/strong> (ex Diario de Avisos), <strong>Almudena M\u00e9ndez<\/strong> (Comunicaci\u00f3n de Cajasiete) <strong>Joaqu\u00edn Catal\u00e1n<\/strong> (ex El D\u00eda) y sentados delante, <strong>\u00c1ngel Trist\u00e1n<\/strong> (ex La Provincia), <strong>Jos\u00e9 Moreno<\/strong> (Ex Radio El D\u00eda) <strong>Fernando Berge<\/strong> (Presidente Fundaci\u00f3n Cajasiete), <strong>Manuel Del Castillo<\/strong> (Presidente Cajasiete) y <strong>Luis Alberto D\u00edaz<\/strong> (Director General Cajasiete). Todos agradecidos por el detallazo que cada a\u00f1o honra a la c\u00fapula directiva y toda la gran familia de Cajasiete. Y que nuncan las ma\u00f1as pierdan. Am\u00e9n.<\/li>\n<\/ul>\n<p><img loading=\"lazy\" decoding=\"async\" class=\"size-large wp-image-9510 aligncenter\" src=\"https:\/\/canariasenpositivo.com\/wp-content\/uploads\/2025\/06\/6.-ALMUERZO-DE-CAJASIETE-1024x537.jpg\" alt=\"\" width=\"660\" height=\"346\" \/><\/p>\n<p style=\"text-align: center\"><em>Asistentes al almuerzo de Cajasiete con los exdirectores de medios de comunicaci\u00f3n<\/em><\/p>\n<p>&nbsp;<\/p>\n<p><span style=\"color: #0000ff\"><strong>Compromiso de Loro Parque Fundaci\u00f3n con los oc\u00e9anos<\/strong><\/span><\/p>\n<ul>\n<li>Es de bien nacidos el ser agradecido y, por ello, la compa\u00f1\u00eda Loro Parque que fundara el a\u00f1o 1972 el empresario <strong>Wolfgang Kiessling<\/strong>, alem\u00e1n de nacimiento y canario de adopci\u00f3n, no para de realizar acciones que, en s\u00ed mismas, son un agradecimiento a esta tierra. Actualmente, <strong>Wolfgang Kiessling<\/strong> sigue el presidente de la compa\u00f1\u00eda, teniendo como mano derecha y vicepresidente a su hijo <strong>Christoph Kiessling <\/strong>y como directora de administraci\u00f3n a su nieta, <strong>Cybell Kiessling<\/strong>. El a\u00f1o 1994 la <strong>Familia Kiessling<\/strong> promovi\u00f3 el nacimiento de Loro Parque Fundaci\u00f3n, entidad que preside <strong>Christoph Kiessling<\/strong> y que tiene como director al bi\u00f3logo <strong>Javier Almunia <\/strong>y como director cient\u00edfico al tambi\u00e9n bi\u00f3logo <strong>Rafael Zamora<\/strong>. Hay que rese\u00f1ar que Loro Parque Fundaci\u00f3n ha desarrollado m\u00e1s de 280 proyectos de conservaci\u00f3n en m\u00e1s de 36 pa\u00edses del mundo, habiendo invertido m\u00e1s de 29 millones de d\u00f3lares y el orgullo de haber salvado de la extinci\u00f3n a 12 especies. Pero, junto a los grandes proyectos, tambi\u00e9n colabora con peque\u00f1os proyectos y con acciones sencillas, enmarcadas en el proyecto \u201cPor un Oc\u00e9ano m\u00e1s sostenible\u201d.<\/li>\n<\/ul>\n<p><img loading=\"lazy\" decoding=\"async\" class=\"size-full wp-image-9511 aligncenter\" src=\"https:\/\/canariasenpositivo.com\/wp-content\/uploads\/2025\/06\/7.-CYBELL-WOLFGAN-Y-CHRISTOPH.jpg\" alt=\"\" width=\"714\" height=\"474\" \/><\/p>\n<p style=\"text-align: center\"><em>Wolfgang Kiessling (c) Cybell Kiessling (i) y Christoph Kiessling los tres pilares del Grupo Loro Parque\u00a0<\/em><\/p>\n<p>&nbsp;<\/p>\n<p><span style=\"color: #0000ff\"><strong>Gran limpieza terrestre en Punta Brava con voluntarios<\/strong><\/span><\/p>\n<ul>\n<li>El pasado mi\u00e9rcoles, por ejemplo, Loro Parque Fundaci\u00f3n, en colaboraci\u00f3n con Promemar y el ayuntamiento del Puerto de la Cruz, llev\u00f3 a cabo una jornada de limpieza en la playa de Punta Brava, dentro de su proyecto \u00abPor un Oc\u00e9ano m\u00e1s Sostenible\u00bb. Esta iniciativa no solo contempla la limpieza de costas, sino tambi\u00e9n acciones como limpiezas submarinas, charlas educativas y exposiciones sobre las basuras marinas. En esta ocasi\u00f3n, se lograron retirar 210 kilogramos de residuos, entre los que se encontraron principalmente colillas, micropl\u00e1sticos, bidones, juguetes, corchos, aparatos el\u00e9ctricos y medicinas. Una recolecci\u00f3n que refleja el nivel de contaminaci\u00f3n al que est\u00e1n expuestos nuestros ecosistemas marinos y costeros. La jornada cont\u00f3 con la participaci\u00f3n de la directora de Administraci\u00f3n del Grupo Loro Parque, <strong>Cybell Kiessling<\/strong>; el concejal de Playas del ayuntamiento portuense, <strong>Felipe Rodr\u00edguez<\/strong>; y de los ni\u00f1os directores de Loro Parque, quienes asistieron a p\u00edldoras formativas sobre la problem\u00e1tica de los micropl\u00e1sticos, el cuidado de los oc\u00e9anos y las buenas pr\u00e1cticas medioambientales, llevadas a cabo por miembros de Promemar. Afirm\u00f3 <strong>Cybell Kiessling<\/strong> que <em>\u201cel cuidado de nuestras costas no es una opci\u00f3n, es una responsabilidad. Esta recogida es parte de nuestro compromiso constante por proteger los oc\u00e9anos, y refleja el papel activo que debemos asumir como sociedad\u201d<\/em>. Un peque\u00f1o gran gesto de Loro Parque Fundaci\u00f3n.<\/li>\n<\/ul>\n<p><strong><em> <img loading=\"lazy\" decoding=\"async\" class=\"size-large wp-image-9512 aligncenter\" src=\"https:\/\/canariasenpositivo.com\/wp-content\/uploads\/2025\/06\/8.-LIMPIEZA-PLAYA-PUNTA-BRAVA-1024x683.jpg\" alt=\"\" width=\"660\" height=\"440\" \/><\/em><\/strong><\/p>\n<p style=\"text-align: center\"><em>Personas voluntarias afan\u00e1ndose en la limpieza terrestre de la Playa de Punta Brava.<\/em><\/p>\n<p>&nbsp;<\/p>\n<p>&nbsp;<\/p>\n<p><span style=\"color: #0000ff\"><strong>* Jos\u00e9 Carlos MARRERO GONZ\u00c1LEZ<\/strong><\/span><\/p>\n<p>Periodista y analista de la actualidad.<\/p>\n<p>Director de <strong><em>El Cotarro<\/em><\/strong> (www.elcotarro.com)<\/p>\n<p>Director de <strong><em>Canarias en Positivo<\/em><\/strong> (www.canariasenpositivo.com)<\/p>\n<p>Director de <strong><em>GastroCanarias<\/em><\/strong> (www.gastrocanarias.com)<\/p>\n<p>&nbsp;<\/p>\n<p>Islas Canarias, 29 de junio de 2025<\/p>\n<p><img loading=\"lazy\" decoding=\"async\" class=\"size-full wp-image-9058 aligncenter\" src=\"https:\/\/canariasenpositivo.com\/wp-content\/uploads\/2025\/02\/4.-CARECA-INSULA.jpg\" alt=\"\" width=\"750\" height=\"153\" \/><\/p>\n<p>&nbsp;<\/p>\n","protected":false},"excerpt":{"rendered":"<p>N\u00ba564 DEL 29 DE JUNIO DE 2025 &nbsp; Los Harry Potter\u2019s, dos obispos y un gran ejemplo Tengo el honor de pertenecer a la tertulia a los Harry Potter\u2019s, una Pe\u00f1a, como le gustaba llamarla a su fundador, el querido y recordado empresario Pedro Garc\u00eda Sanju\u00e1n, que ahora preside el reconocido arquitecto Ramiro Cuende Tasc\u00f3n &#8230; <a class=\"read-more\" href=\"https:\/\/elcotarro.com\/?p=11098\">Read more<\/a><\/p>\n","protected":false},"author":2,"featured_media":0,"comment_status":"open","ping_status":"open","sticky":false,"template":"","format":"standard","meta":{"_jetpack_memberships_contains_paid_content":false,"footnotes":""},"categories":[4],"tags":[],"class_list":["post-11098","post","type-post","status-publish","format-standard","hentry","category-el-cotarro"],"yoast_head":"<!-- This site is optimized with the Yoast SEO plugin v27.0 - https:\/\/yoast.com\/product\/yoast-seo-wordpress\/ -->\n<title>EL COTARRO \/ 564, DEL DOMINGO, 29\/06\/2025 - El Cotarro<\/title>\n<meta name=\"robots\" content=\"index, follow, max-snippet:-1, max-image-preview:large, max-video-preview:-1\" \/>\n<link rel=\"canonical\" href=\"https:\/\/elcotarro.com\/?p=11098\" \/>\n<meta property=\"og:locale\" content=\"es_ES\" \/>\n<meta property=\"og:type\" content=\"article\" \/>\n<meta property=\"og:title\" content=\"EL COTARRO \/ 564, DEL DOMINGO, 29\/06\/2025 - El Cotarro\" \/>\n<meta property=\"og:description\" content=\"N\u00ba564 DEL 29 DE JUNIO DE 2025 &nbsp; Los Harry Potter\u2019s, dos obispos y un gran ejemplo Tengo el honor de pertenecer a la tertulia a los Harry Potter\u2019s, una Pe\u00f1a, como le gustaba llamarla a su fundador, el querido y recordado empresario Pedro Garc\u00eda Sanju\u00e1n, que ahora preside el reconocido arquitecto Ramiro Cuende Tasc\u00f3n ... Read more\" \/>\n<meta property=\"og:url\" content=\"https:\/\/elcotarro.com\/?p=11098\" \/>\n<meta property=\"og:site_name\" content=\"El Cotarro\" \/>\n<meta property=\"article:publisher\" content=\"https:\/\/www.facebook.com\/ElCotarro.Tenerife\" \/>\n<meta property=\"article:published_time\" content=\"2025-06-28T23:47:56+00:00\" \/>\n<meta property=\"og:image\" content=\"https:\/\/canariasenpositivo.com\/wp-content\/uploads\/2025\/02\/1.-EL-COTARRO-DA-1.jpg\" \/>\n<meta name=\"author\" content=\"Jos\u00e9 Carlos Marrero Gonz\u00e1lez\" \/>\n<meta name=\"twitter:label1\" content=\"Escrito por\" \/>\n\t<meta name=\"twitter:data1\" content=\"Jos\u00e9 Carlos Marrero Gonz\u00e1lez\" \/>\n\t<meta name=\"twitter:label2\" content=\"Tiempo de lectura\" \/>\n\t<meta name=\"twitter:data2\" content=\"10 minutos\" \/>\n<script type=\"application\/ld+json\" class=\"yoast-schema-graph\">{\"@context\":\"https:\/\/schema.org\",\"@graph\":[{\"@type\":\"Article\",\"@id\":\"https:\/\/elcotarro.com\/?p=11098#article\",\"isPartOf\":{\"@id\":\"https:\/\/elcotarro.com\/?p=11098\"},\"author\":{\"name\":\"Jos\u00e9 Carlos Marrero Gonz\u00e1lez\",\"@id\":\"https:\/\/elcotarro.com\/#\/schema\/person\/af537ee7d60d15984c7e0affcd8a918b\"},\"headline\":\"EL COTARRO \/ 564, DEL DOMINGO, 29\/06\/2025\",\"datePublished\":\"2025-06-28T23:47:56+00:00\",\"mainEntityOfPage\":{\"@id\":\"https:\/\/elcotarro.com\/?p=11098\"},\"wordCount\":1821,\"commentCount\":0,\"publisher\":{\"@id\":\"https:\/\/elcotarro.com\/#organization\"},\"image\":{\"@id\":\"https:\/\/elcotarro.com\/?p=11098#primaryimage\"},\"thumbnailUrl\":\"https:\/\/canariasenpositivo.com\/wp-content\/uploads\/2025\/02\/1.-EL-COTARRO-DA-1.jpg\",\"articleSection\":[\"El Cotarro\"],\"inLanguage\":\"es\",\"potentialAction\":[{\"@type\":\"CommentAction\",\"name\":\"Comment\",\"target\":[\"https:\/\/elcotarro.com\/?p=11098#respond\"]}]},{\"@type\":\"WebPage\",\"@id\":\"https:\/\/elcotarro.com\/?p=11098\",\"url\":\"https:\/\/elcotarro.com\/?p=11098\",\"name\":\"EL COTARRO \/ 564, DEL DOMINGO, 29\/06\/2025 - El Cotarro\",\"isPartOf\":{\"@id\":\"https:\/\/elcotarro.com\/#website\"},\"primaryImageOfPage\":{\"@id\":\"https:\/\/elcotarro.com\/?p=11098#primaryimage\"},\"image\":{\"@id\":\"https:\/\/elcotarro.com\/?p=11098#primaryimage\"},\"thumbnailUrl\":\"https:\/\/canariasenpositivo.com\/wp-content\/uploads\/2025\/02\/1.-EL-COTARRO-DA-1.jpg\",\"datePublished\":\"2025-06-28T23:47:56+00:00\",\"breadcrumb\":{\"@id\":\"https:\/\/elcotarro.com\/?p=11098#breadcrumb\"},\"inLanguage\":\"es\",\"potentialAction\":[{\"@type\":\"ReadAction\",\"target\":[\"https:\/\/elcotarro.com\/?p=11098\"]}]},{\"@type\":\"ImageObject\",\"inLanguage\":\"es\",\"@id\":\"https:\/\/elcotarro.com\/?p=11098#primaryimage\",\"url\":\"https:\/\/canariasenpositivo.com\/wp-content\/uploads\/2025\/02\/1.-EL-COTARRO-DA-1.jpg\",\"contentUrl\":\"https:\/\/canariasenpositivo.com\/wp-content\/uploads\/2025\/02\/1.-EL-COTARRO-DA-1.jpg\"},{\"@type\":\"BreadcrumbList\",\"@id\":\"https:\/\/elcotarro.com\/?p=11098#breadcrumb\",\"itemListElement\":[{\"@type\":\"ListItem\",\"position\":1,\"name\":\"Portada\",\"item\":\"https:\/\/elcotarro.com\/\"},{\"@type\":\"ListItem\",\"position\":2,\"name\":\"EL COTARRO \/ 564, DEL DOMINGO, 29\/06\/2025\"}]},{\"@type\":\"WebSite\",\"@id\":\"https:\/\/elcotarro.com\/#website\",\"url\":\"https:\/\/elcotarro.com\/\",\"name\":\"El Cotarro\",\"description\":\"Peri\u00f3dico Digital Independiente dirigido por Jos\u00e9 Carlos Marrero\",\"publisher\":{\"@id\":\"https:\/\/elcotarro.com\/#organization\"},\"potentialAction\":[{\"@type\":\"SearchAction\",\"target\":{\"@type\":\"EntryPoint\",\"urlTemplate\":\"https:\/\/elcotarro.com\/?s={search_term_string}\"},\"query-input\":{\"@type\":\"PropertyValueSpecification\",\"valueRequired\":true,\"valueName\":\"search_term_string\"}}],\"inLanguage\":\"es\"},{\"@type\":\"Organization\",\"@id\":\"https:\/\/elcotarro.com\/#organization\",\"name\":\"El Cotarro\",\"url\":\"https:\/\/elcotarro.com\/\",\"logo\":{\"@type\":\"ImageObject\",\"inLanguage\":\"es\",\"@id\":\"https:\/\/elcotarro.com\/#\/schema\/logo\/image\/\",\"url\":\"https:\/\/elcotarro.com\/wp-content\/uploads\/2014\/09\/Cabecera_El_Cotarro_v2.jpg\",\"contentUrl\":\"https:\/\/elcotarro.com\/wp-content\/uploads\/2014\/09\/Cabecera_El_Cotarro_v2.jpg\",\"width\":3540,\"height\":441,\"caption\":\"El Cotarro\"},\"image\":{\"@id\":\"https:\/\/elcotarro.com\/#\/schema\/logo\/image\/\"},\"sameAs\":[\"https:\/\/www.facebook.com\/ElCotarro.Tenerife\"]},{\"@type\":\"Person\",\"@id\":\"https:\/\/elcotarro.com\/#\/schema\/person\/af537ee7d60d15984c7e0affcd8a918b\",\"name\":\"Jos\u00e9 Carlos Marrero Gonz\u00e1lez\",\"image\":{\"@type\":\"ImageObject\",\"inLanguage\":\"es\",\"@id\":\"https:\/\/elcotarro.com\/#\/schema\/person\/image\/\",\"url\":\"https:\/\/secure.gravatar.com\/avatar\/def4da036efb5d32c74d49c351f6dccc064dd69ad9f3aadc295c5a9a5391ca01?s=96&d=mm&r=g\",\"contentUrl\":\"https:\/\/secure.gravatar.com\/avatar\/def4da036efb5d32c74d49c351f6dccc064dd69ad9f3aadc295c5a9a5391ca01?s=96&d=mm&r=g\",\"caption\":\"Jos\u00e9 Carlos Marrero Gonz\u00e1lez\"},\"sameAs\":[\"https:\/\/elcotarro.com\"],\"url\":\"https:\/\/elcotarro.com\/?author=2\"}]}<\/script>\n<!-- \/ Yoast SEO plugin. -->","yoast_head_json":{"title":"EL COTARRO \/ 564, DEL DOMINGO, 29\/06\/2025 - El Cotarro","robots":{"index":"index","follow":"follow","max-snippet":"max-snippet:-1","max-image-preview":"max-image-preview:large","max-video-preview":"max-video-preview:-1"},"canonical":"https:\/\/elcotarro.com\/?p=11098","og_locale":"es_ES","og_type":"article","og_title":"EL COTARRO \/ 564, DEL DOMINGO, 29\/06\/2025 - El Cotarro","og_description":"N\u00ba564 DEL 29 DE JUNIO DE 2025 &nbsp; Los Harry Potter\u2019s, dos obispos y un gran ejemplo Tengo el honor de pertenecer a la tertulia a los Harry Potter\u2019s, una Pe\u00f1a, como le gustaba llamarla a su fundador, el querido y recordado empresario Pedro Garc\u00eda Sanju\u00e1n, que ahora preside el reconocido arquitecto Ramiro Cuende Tasc\u00f3n ... Read more","og_url":"https:\/\/elcotarro.com\/?p=11098","og_site_name":"El Cotarro","article_publisher":"https:\/\/www.facebook.com\/ElCotarro.Tenerife","article_published_time":"2025-06-28T23:47:56+00:00","og_image":[{"url":"https:\/\/canariasenpositivo.com\/wp-content\/uploads\/2025\/02\/1.-EL-COTARRO-DA-1.jpg","type":"","width":"","height":""}],"author":"Jos\u00e9 Carlos Marrero Gonz\u00e1lez","twitter_misc":{"Escrito por":"Jos\u00e9 Carlos Marrero Gonz\u00e1lez","Tiempo de lectura":"10 minutos"},"schema":{"@context":"https:\/\/schema.org","@graph":[{"@type":"Article","@id":"https:\/\/elcotarro.com\/?p=11098#article","isPartOf":{"@id":"https:\/\/elcotarro.com\/?p=11098"},"author":{"name":"Jos\u00e9 Carlos Marrero Gonz\u00e1lez","@id":"https:\/\/elcotarro.com\/#\/schema\/person\/af537ee7d60d15984c7e0affcd8a918b"},"headline":"EL COTARRO \/ 564, DEL DOMINGO, 29\/06\/2025","datePublished":"2025-06-28T23:47:56+00:00","mainEntityOfPage":{"@id":"https:\/\/elcotarro.com\/?p=11098"},"wordCount":1821,"commentCount":0,"publisher":{"@id":"https:\/\/elcotarro.com\/#organization"},"image":{"@id":"https:\/\/elcotarro.com\/?p=11098#primaryimage"},"thumbnailUrl":"https:\/\/canariasenpositivo.com\/wp-content\/uploads\/2025\/02\/1.-EL-COTARRO-DA-1.jpg","articleSection":["El Cotarro"],"inLanguage":"es","potentialAction":[{"@type":"CommentAction","name":"Comment","target":["https:\/\/elcotarro.com\/?p=11098#respond"]}]},{"@type":"WebPage","@id":"https:\/\/elcotarro.com\/?p=11098","url":"https:\/\/elcotarro.com\/?p=11098","name":"EL COTARRO \/ 564, DEL DOMINGO, 29\/06\/2025 - El Cotarro","isPartOf":{"@id":"https:\/\/elcotarro.com\/#website"},"primaryImageOfPage":{"@id":"https:\/\/elcotarro.com\/?p=11098#primaryimage"},"image":{"@id":"https:\/\/elcotarro.com\/?p=11098#primaryimage"},"thumbnailUrl":"https:\/\/canariasenpositivo.com\/wp-content\/uploads\/2025\/02\/1.-EL-COTARRO-DA-1.jpg","datePublished":"2025-06-28T23:47:56+00:00","breadcrumb":{"@id":"https:\/\/elcotarro.com\/?p=11098#breadcrumb"},"inLanguage":"es","potentialAction":[{"@type":"ReadAction","target":["https:\/\/elcotarro.com\/?p=11098"]}]},{"@type":"ImageObject","inLanguage":"es","@id":"https:\/\/elcotarro.com\/?p=11098#primaryimage","url":"https:\/\/canariasenpositivo.com\/wp-content\/uploads\/2025\/02\/1.-EL-COTARRO-DA-1.jpg","contentUrl":"https:\/\/canariasenpositivo.com\/wp-content\/uploads\/2025\/02\/1.-EL-COTARRO-DA-1.jpg"},{"@type":"BreadcrumbList","@id":"https:\/\/elcotarro.com\/?p=11098#breadcrumb","itemListElement":[{"@type":"ListItem","position":1,"name":"Portada","item":"https:\/\/elcotarro.com\/"},{"@type":"ListItem","position":2,"name":"EL COTARRO \/ 564, DEL DOMINGO, 29\/06\/2025"}]},{"@type":"WebSite","@id":"https:\/\/elcotarro.com\/#website","url":"https:\/\/elcotarro.com\/","name":"El Cotarro","description":"Peri\u00f3dico Digital Independiente dirigido por Jos\u00e9 Carlos Marrero","publisher":{"@id":"https:\/\/elcotarro.com\/#organization"},"potentialAction":[{"@type":"SearchAction","target":{"@type":"EntryPoint","urlTemplate":"https:\/\/elcotarro.com\/?s={search_term_string}"},"query-input":{"@type":"PropertyValueSpecification","valueRequired":true,"valueName":"search_term_string"}}],"inLanguage":"es"},{"@type":"Organization","@id":"https:\/\/elcotarro.com\/#organization","name":"El Cotarro","url":"https:\/\/elcotarro.com\/","logo":{"@type":"ImageObject","inLanguage":"es","@id":"https:\/\/elcotarro.com\/#\/schema\/logo\/image\/","url":"https:\/\/elcotarro.com\/wp-content\/uploads\/2014\/09\/Cabecera_El_Cotarro_v2.jpg","contentUrl":"https:\/\/elcotarro.com\/wp-content\/uploads\/2014\/09\/Cabecera_El_Cotarro_v2.jpg","width":3540,"height":441,"caption":"El Cotarro"},"image":{"@id":"https:\/\/elcotarro.com\/#\/schema\/logo\/image\/"},"sameAs":["https:\/\/www.facebook.com\/ElCotarro.Tenerife"]},{"@type":"Person","@id":"https:\/\/elcotarro.com\/#\/schema\/person\/af537ee7d60d15984c7e0affcd8a918b","name":"Jos\u00e9 Carlos Marrero Gonz\u00e1lez","image":{"@type":"ImageObject","inLanguage":"es","@id":"https:\/\/elcotarro.com\/#\/schema\/person\/image\/","url":"https:\/\/secure.gravatar.com\/avatar\/def4da036efb5d32c74d49c351f6dccc064dd69ad9f3aadc295c5a9a5391ca01?s=96&d=mm&r=g","contentUrl":"https:\/\/secure.gravatar.com\/avatar\/def4da036efb5d32c74d49c351f6dccc064dd69ad9f3aadc295c5a9a5391ca01?s=96&d=mm&r=g","caption":"Jos\u00e9 Carlos Marrero Gonz\u00e1lez"},"sameAs":["https:\/\/elcotarro.com"],"url":"https:\/\/elcotarro.com\/?author=2"}]}},"jetpack_featured_media_url":"","jetpack_sharing_enabled":true,"_links":{"self":[{"href":"https:\/\/elcotarro.com\/index.php?rest_route=\/wp\/v2\/posts\/11098","targetHints":{"allow":["GET"]}}],"collection":[{"href":"https:\/\/elcotarro.com\/index.php?rest_route=\/wp\/v2\/posts"}],"about":[{"href":"https:\/\/elcotarro.com\/index.php?rest_route=\/wp\/v2\/types\/post"}],"author":[{"embeddable":true,"href":"https:\/\/elcotarro.com\/index.php?rest_route=\/wp\/v2\/users\/2"}],"replies":[{"embeddable":true,"href":"https:\/\/elcotarro.com\/index.php?rest_route=%2Fwp%2Fv2%2Fcomments&post=11098"}],"version-history":[{"count":0,"href":"https:\/\/elcotarro.com\/index.php?rest_route=\/wp\/v2\/posts\/11098\/revisions"}],"wp:attachment":[{"href":"https:\/\/elcotarro.com\/index.php?rest_route=%2Fwp%2Fv2%2Fmedia&parent=11098"}],"wp:term":[{"taxonomy":"category","embeddable":true,"href":"https:\/\/elcotarro.com\/index.php?rest_route=%2Fwp%2Fv2%2Fcategories&post=11098"},{"taxonomy":"post_tag","embeddable":true,"href":"https:\/\/elcotarro.com\/index.php?rest_route=%2Fwp%2Fv2%2Ftags&post=11098"}],"curies":[{"name":"wp","href":"https:\/\/api.w.org\/{rel}","templated":true}]}}