{"id":11104,"date":"2025-07-13T09:26:58","date_gmt":"2025-07-13T08:26:58","guid":{"rendered":"https:\/\/elcotarro.com\/?p=11104"},"modified":"2025-07-13T09:26:58","modified_gmt":"2025-07-13T08:26:58","slug":"el-cotarro-566-del-domingo-13-07-2025","status":"publish","type":"post","link":"https:\/\/elcotarro.com\/?p=11104","title":{"rendered":"EL COTARRO \/ 566, DEL DOMINGO, 13\/07\/2025"},"content":{"rendered":"<p><img loading=\"lazy\" decoding=\"async\" class=\"size-full wp-image-9057 aligncenter\" src=\"https:\/\/canariasenpositivo.com\/wp-content\/uploads\/2025\/02\/1.-EL-COTARRO-DA-1.jpg\" alt=\"\" width=\"894\" height=\"145\" \/><\/p>\n<p style=\"text-align: center\"><span style=\"color: #ff0000\"><strong>N\u00ba566 DEL 13 DE JULIO DE 2025<\/strong><\/span><\/p>\n<p>&nbsp;<\/p>\n<p><span style=\"color: #0000ff\"><strong>Los leones de las Cortes bajo la calufa y el solajero<\/strong><\/span><\/p>\n<ul>\n<li>El pasado fin de semana me escap\u00e9 a los <em>madriles<\/em> unos d\u00edas. Los leones del Congreso segu\u00edan all\u00ed sentados, bajo un intenso <em>solajero<\/em> y una tremenda <em>calufa<\/em>. Dentro estaban <strong>Pedro S\u00e1nchez<\/strong> (PSOE) y <strong>Alberto N\u00fa\u00f1ez Feij\u00f3o<\/strong> (PP) dedic\u00e1ndose piropos y lindezas ante todos los diputados y diputadas presentes, incluida la solitaria diputada <strong>Cristina Valido<\/strong> (CC). Algo me record\u00f3 lo de la \u201csensaci\u00f3n clim\u00e1tica\u201d que en una ocasi\u00f3n me explic\u00f3 uno de mis profesores de f\u00edsica, no s\u00e9 don <strong>Maximino<\/strong> en el bachillerato, o si <strong>Jos\u00e9 Segura Clavell<\/strong> en la universidad. Me hicieron caer en la cuenta de que hay dos par\u00e1metros f\u00edsicos, muy concretos y conocidos, que se miden de forma exacta matem\u00e1ticamente. Uno de ellos es la temperatura, que se mide con un aparato llamado term\u00f3metro, que nos dice cu\u00e1ntos grados cent\u00edgrados tenemos en nuestro cuerpo o en el ambiente. Otro es la humedad, que la mide un higr\u00f3metro, y nos dice el tanto por ciento de humedad relativa que estamos aguantando.<\/li>\n<\/ul>\n<p><img loading=\"lazy\" decoding=\"async\" class=\"size-full wp-image-9546 aligncenter\" src=\"https:\/\/canariasenpositivo.com\/wp-content\/uploads\/2025\/07\/1.-PEDRO-Y-ALBERTO.jpg\" alt=\"\" width=\"300\" height=\"168\" \/><\/p>\n<p style=\"text-align: center\"><em>Imagen del \u201cabrazo imposible\u201d, hecho con I.A., que se hizo viral en Navidad<\/em><\/p>\n<p>&nbsp;<\/p>\n<p><span style=\"color: #0000ff\"><strong>\u201cSensaci\u00f3n clim\u00e1tica\u201d que apunta a elecciones<\/strong><\/span><\/p>\n<ul>\n<li>Pero, en cambio, tenemos otro sentimiento f\u00edsico, pero no matem\u00e1ticamente medible, que conocemos como \u201csensaci\u00f3n clim\u00e1tica\u201d. No hay un aparato concreto que la mida, ni una magnitud que la fije. Se rige por sensaciones y, para definirlas, tenemos expresiones como bochorno, frescor, sequedad, fr\u00edo seco, embotamiento, o un fr\u00edo que pela\u2026 Ni el brit\u00e1nico <strong>Luke Howard<\/strong>, considerado el \u201cpadre de la meteorolog\u00eda moderna\u201d, ni el noruego <strong>Vilhelm Bjerknes<\/strong>, impulsor de la predicci\u00f3n meteorol\u00f3gica, han sabido inventar aparatos para esto, ni fijar sus magnitudes. Para intentar captar c\u00f3mo est\u00e1 o de qu\u00e9 va a ir esto, en el caso de la pol\u00edtica, hay que o\u00edr y, a ser posible, hablar con muchos pol\u00edticos, taxistas o camareros, y trasegar sensaciones en la calle, con la gente de a pie. Y me, da por lo que pude o\u00edr y apreciar que, los leones de las Cortes (a\u00fan calladitos) y mucha m\u00e1s gente con la que habl\u00e9 en la capital del Reino, la \u201csensaci\u00f3n clim\u00e1tica\u201d se podr\u00eda traducir en un extendido deseo de que haya elecciones anticipadas y, con permiso de <strong>Pedro S\u00e1nchez<\/strong>, <strong>N\u00fa\u00f1ez Feij\u00f3o<\/strong>, la UCO, la Justicia, \u201cla m\u00e1quina del fango\u201d y otros par\u00e1metros adyacentes, se barrunta que vamos a tener urnas m\u00e1s pronto que tarde.<\/li>\n<\/ul>\n<p><img loading=\"lazy\" decoding=\"async\" class=\"size-full wp-image-9547 aligncenter\" src=\"https:\/\/canariasenpositivo.com\/wp-content\/uploads\/2025\/07\/2.-LEONES-DE-LAS-CORTES.jpg\" alt=\"\" width=\"800\" height=\"533\" \/><\/p>\n<p style=\"text-align: center\"><em>Los leones del Congreso, entre el solajero de fuera y la calufa de dentro<\/em><\/p>\n<p>&nbsp;<\/p>\n<p><span style=\"color: #0000ff\"><strong>Cristina presionada, indignada y los temas pendientes<\/strong><\/span><\/p>\n<ul>\n<li>En el avi\u00f3n de Binter de vuelta a casa (con un servicio a bordo excelente y muy profesional, a la vez que un men\u00fa gourmet m\u00e1s que correcto) coincid\u00ed con <strong>Cristina Valido<\/strong>, que ven\u00eda de aguantar estoicamente el pleno del Congreso, dedicado monogr\u00e1ficamente a la corrupci\u00f3n. Debo decir que encontr\u00e9 a <strong>Cristina<\/strong>, (la \u00fanica que solicit\u00f3 una cuesti\u00f3n de confianza o elecciones anticipadas) presionada y cansada, hartita de un pleno lleno de tensiones, con casi todo centrado en tirarse los trastos a la cabeza los dos principales \u201cgallos\u201d de la C\u00e1mara, <strong>Pedro S\u00e1nchez<\/strong> (PSOE) y <strong>N\u00fa\u00f1ez Feij\u00f3o<\/strong> (PP) rodeados por los cacareos de los restantes espec\u00edmenes que conforman el gallinero de las Cortes. Mientras ellos siguen con el pu\u00f1etero \u201cy t\u00fa, m\u00e1s\u201d, las cosas importantes que nos afectan: la inmigraci\u00f3n irregular, los menores no acompa\u00f1ados, la inseguridad para el turismo, la vivienda para todos, la financiaci\u00f3n equitativa para todas las comunidades aut\u00f3nomas (y no solo para Catalu\u00f1a y\/o el Pa\u00eds Vasco) y la mejora, otras cosas, de la Sanidad canaria, siguen dejadas de la mano de Dios, sin resolverse nada, o casi nada, y teni\u00e9ndonos a la ciudadan\u00eda isle\u00f1a vergonzosamente olvidada y cabreada. Veremos qu\u00e9 pasa pronto.<\/li>\n<\/ul>\n<p><img loading=\"lazy\" decoding=\"async\" class=\"size-large wp-image-9548 aligncenter\" src=\"https:\/\/canariasenpositivo.com\/wp-content\/uploads\/2025\/07\/3.-CRISTINA-VALIDO-1024x682.jpeg\" alt=\"\" width=\"660\" height=\"440\" \/><\/p>\n<p style=\"text-align: center\"><em>Cristina Valido (CC) reclamando en solitario una moci\u00f3n de confianza o elecciones <\/em><\/p>\n<p>&nbsp;<\/p>\n<p><span style=\"color: #0000ff\"><strong>El Mensajero gan\u00f3 al Tenisca en el \u201cpartido lustral\u201d<\/strong><\/span><\/p>\n<ul>\n<li>Hoy es el gran d\u00eda de la \u201cBajada de la Virgen 2025\u201d de <strong>Nuestra Se\u00f1ora la Virgen de las Nieves<\/strong>, en La Palma. Hemos vivido la \u201csemana chica\u201d y toda la semana grande\u201d. Hemos vuelto a sentirnos ni\u00f1os con la magia de los Enanos, hemos sentido la m\u00fasica y el baile del Minu\u00e9, el desfile de los Mascarones recordando a <strong>V\u00edctor D\u00edaz<\/strong>, el gran <strong>\u201cSos\u00f3\u201d<\/strong> encarnando a <em>\u201cLa Luna de Valencia\u201d, <\/em>viendo la fortaleza de los Acr\u00f3batas, la alegr\u00eda de la Pandorga, el Carro Aleg\u00f3rico y Triunfal\u2026 Y hasta el \u201cpartido lustral\u201d entre los veteranos del Mensajero y el Tenisca, los eternos rivales. En lo estrictamente deportivo, el encuentro concluy\u00f3 con un 0-0 en un exiguo empate. Seg\u00fan mi gran amigo palmero, el veterinario, investigador y gran gourmet, <strong>Juan Francisco Capote<\/strong> (lamentablemente, ac\u00e9rrimo y profundo tenisquista) convertido excepcionalmente en corresponsal deportivo, me apunta que los veteranos del Mensajero ganaron a los del Tenisca sin discusi\u00f3n alguna, por un contundente resultado de 3 esguinces a 1, 5 calambres a 3 y 2 arritmias a 0. Y es que, amigo <strong>Juan<\/strong>, los a\u00f1os no pasan en balde. \u00a1Viva el Mensajero, el Tenisca y\u2026 viva La Palma!<\/li>\n<\/ul>\n<p><img loading=\"lazy\" decoding=\"async\" class=\"size-large wp-image-9549 aligncenter\" src=\"https:\/\/canariasenpositivo.com\/wp-content\/uploads\/2025\/07\/4.-LESION-EN-EL-PARTIDO-1024x687.jpg\" alt=\"\" width=\"660\" height=\"443\" \/><\/p>\n<p style=\"text-align: center\"><em>Una de las lesiones del \u201cPartido lustral\u201d entre los veteranos del Mensajero y Tenisca.<\/em><\/p>\n<p>&nbsp;<\/p>\n<p><span style=\"color: #0000ff\"><strong>El Ej\u00e9rcito vigila y cuida La Palma con su Grupo T\u00e1ctico<\/strong><\/span><\/p>\n<ul>\n<li>Creo que merece la pena destacar que, en medio de las fiestas lustrales, el Mando de Canarias que lidera el teniente general <strong>Julio Salom<\/strong>, est\u00e1 desplegando un operativo que, una vez m\u00e1s, hay que agradecer. Durante estos d\u00edas, la BRICAN XVI, que manda el general <strong>Ricardo Esteban Cabrejos<\/strong>, y m\u00e1s concretamente el personal encuadrado en el Grupo T\u00e1ctico \u201cCanarias\u201d, estar\u00e1 llevando a cabo patrullas terrestres en distintos puntos de la Isla de La Palma. Estas patrullas tienen como finalidad reforzar la vigilancia, disuadir de posibles amenazas y garantizar la seguridad de la poblaci\u00f3n de la isla. Esta actividad se integra en el conjunto de las Operaciones Permanentes, una de las principales contribuciones de las Fuerzas Armadas (FAS) a la Seguridad Nacional en tiempos de paz. Estas misiones subrayan el compromiso de las FAS con la defensa integral del territorio y su capacidad para anticiparse a cualquier eventualidad que pudiera comprometer la estabilidad. El despliegue en La Palma no solo permite una vigilancia eficaz del entorno, sino que tambi\u00e9n facilita un mayor conocimiento del terreno y de la realidad social de la isla. Adem\u00e1s, fomenta la integraci\u00f3n de los militares en la comunidad local y fortalece el v\u00ednculo entre las Fuerzas Armadas y la ciudadan\u00eda.<\/li>\n<\/ul>\n<p><img loading=\"lazy\" decoding=\"async\" class=\"size-large wp-image-9550 aligncenter\" src=\"https:\/\/canariasenpositivo.com\/wp-content\/uploads\/2025\/07\/5.-EJERCITO-EN-LA-PALMA-1024x820.jpg\" alt=\"\" width=\"660\" height=\"529\" \/><\/p>\n<p style=\"text-align: center\"><em>Soldados del <\/em><em>Grupo T\u00e1ctico \u201cCanarias\u201d ya en labores de vigilancia en La Palma<\/em><\/p>\n<p>&nbsp;<\/p>\n<p><span style=\"color: #0000ff\"><strong>Aclaraci\u00f3n sobre Los Valles y la asociaci\u00f3n TAJICA<\/strong><\/span><\/p>\n<ul>\n<li>Doy las gracias a los amigos de la Asociaci\u00f3n de Vecinos del Valle Jim\u00e9nez y de la Asociaci\u00f3n TAJICA (que no Tajaica) defensora que guarda y custodia la tradici\u00f3n de los \u201cbarcos\u201d en los Valles y en Tejina, y les pido perd\u00f3n por un par de errores ajenos a mi voluntad. He recibido una carta de su presidente <strong>Jos\u00e9 Gregorio Mart\u00edn Galv\u00e1n<\/strong>, y se ha puesto en contacto conmigo <strong>\u00c1ngel \u201cQueco\u201d Cabrera<\/strong> directivo de la misma. Para ser exactos, la fiesta de Valle Jim\u00e9nez, en honor a la <strong>Virgen de F\u00e1tima<\/strong>, tiene lugar siempre el primer domingo de septiembre (este a\u00f1o el d\u00eda 7) y la de Valle Tabares, en honor de la <strong>Virgen del Rosario<\/strong>, tiene lugar el primer domingo de octubre (este a\u00f1o el d\u00eda 5). La Asociaci\u00f3n de los Barcos \u201cTAJICA\u201d lleva a\u00f1os esperando que la carrera de los Barcos T\u00edpicos sea declarada Bien de Inter\u00e9s Cultural (BIC) por parte del Cabildo y, en este caso, creo que habr\u00eda que echarle un ruego a mi tocayo, <strong>Jos\u00e9 Carlos Acha Dom\u00ednguez<\/strong>, consejero insular de Cultura, Museo y Deportes del Cabildo tinerfe\u00f1o. Y para colocar la escultura en el centro de la rotonda y no dejarla muerta de risa, apartada a un lado de la carretera, hay que seguir pidiendo que <strong>D\u00e1maso Arteaga<\/strong> se emplee a fondo. Querer es poder.<\/li>\n<\/ul>\n<p><img loading=\"lazy\" decoding=\"async\" class=\"size-large wp-image-9551 aligncenter\" src=\"https:\/\/canariasenpositivo.com\/wp-content\/uploads\/2025\/07\/6.-ROTONDA-EN-LOS-VALLES-1024x768.jpeg\" alt=\"\" width=\"660\" height=\"495\" \/><\/p>\n<p style=\"text-align: center\"><em>La rotonda actualmente, con un drago en el centro (que ya puestos, es un obst\u00e1culo) mientras la escultura de Ibrahim aparece al fondo, apartada a un lado de la carretera.<\/em><\/p>\n<p><img loading=\"lazy\" decoding=\"async\" class=\"size-large wp-image-9552 aligncenter\" src=\"https:\/\/canariasenpositivo.com\/wp-content\/uploads\/2025\/07\/7.-ROTONDA-CON-ESCULTURA-1024x768.jpg\" alt=\"\" width=\"660\" height=\"495\" \/><\/p>\n<p style=\"text-align: center\"><em>Fotomontaje artesanal (hecho por mi) con la escultura del barco en el centro de la rotonda de la carretera de Los Campitos. \u00bfCreen que pasar\u00eda algo por ponerla ah\u00ed?<\/em><\/p>\n<p>&nbsp;<\/p>\n<p><span style=\"color: #0000ff\"><strong>Los \u201cbarcos\u201d deber\u00edan ser \u201cBien de Inter\u00e9s Cultural\u201d<\/strong><\/span><\/p>\n<ul>\n<li>Me dicen los amigos de Los Valles y de TAJICA que <em>\u201cest\u00e1n hartos de la dejadez de los t\u00e9cnicos de Carreteras y su responsable en el Cabildo de Tenerife, que han utilizado el monumento y su simbolog\u00eda e importancia como arma de guerra contra el Ayuntamiento de La Laguna, jugando con un s\u00edmbolo que va m\u00e1s all\u00e1 de las ideolog\u00edas y las diferencias personalistas\u201d<\/em>. Afirman con todo el derecho del mundo que <em>\u201clos \u00abbarcos\u00bb en los Valles, as\u00ed como en Tejina, es una se\u00f1a cultural e identitaria arraigada en nuestra forma de ser desde hace m\u00e1s de 300 a\u00f1os, seg\u00fan la documentaci\u00f3n existente y las investigaciones realizadas<\/em>\u201d. Terminan diciendo que \u201c<em>no entienden el rechazo a la ubicaci\u00f3n de la escultura en el centro de la rotonda de la gasolinera, no siendo el primer caso donde un monumento de este tipo se ubica en un lugar as\u00ed\u201d<\/em> Los amigos de Los Valles y TAJICA rematan su escrito diciendo que nos env\u00edan el escrito porque <em>\u201csomos conscientes de que <strong>El Cotarro<\/strong> llega a un n\u00famero muy importante de lectores\u201d<\/em>. Les agradezco esa afirmaci\u00f3n, deseando y esperando que <strong>D\u00e1maso Arteaga, Jos\u00e9 Carlos Acha<\/strong> y todas las personas que tengan que ver, hagan su trabajo diligente y profesionalmente, y a ser posible antes de las fiestas. Si de verdad hay voluntad pol\u00edtica, en sus manos est\u00e1. Am\u00e9n.<\/li>\n<\/ul>\n<p><img loading=\"lazy\" decoding=\"async\" class=\"size-large wp-image-9553 aligncenter\" src=\"https:\/\/canariasenpositivo.com\/wp-content\/uploads\/2025\/07\/8.-ROTONDA-EN-MENORCA-1024x682.jpg\" alt=\"\" width=\"660\" height=\"440\" \/><\/p>\n<p style=\"text-align: center\"><em>Foto que me ha hecho llegar mi amigo Johnny, de una rotonda en Menorca, con tremenda escultura en su mismo centro. Y la han autorizado y no pasa nada.<\/em><\/p>\n<p style=\"text-align: center\"><img loading=\"lazy\" decoding=\"async\" class=\"size-large wp-image-9554 aligncenter\" src=\"https:\/\/canariasenpositivo.com\/wp-content\/uploads\/2025\/07\/9.-NINOS-CON-BARCOS-1024x683.jpg\" alt=\"\" width=\"660\" height=\"440\" \/> <em>Los barcos y las carreras de barcos de Los Valles deben ser declarados Bien de Inter\u00e9s Cultural. Hasta la infancia y la juventud viven una fiesta que no se puede perder.<\/em><\/p>\n<p>&nbsp;<\/p>\n<p><span style=\"color: #0000ff\"><strong>* Jos\u00e9 Carlos MARRERO GONZ\u00c1LEZ<\/strong><\/span><\/p>\n<p>Periodista y analista de la actualidad.<\/p>\n<p>Director de <strong><em>El Cotarro<\/em><\/strong> (www.elcotarro.com)<\/p>\n<p>Director de <strong><em>Canarias en Positivo<\/em><\/strong> (www.canariasenpositivo.com)<\/p>\n<p>Director de <strong><em>GastroCanarias<\/em><\/strong> (www.gastrocanarias.com)<\/p>\n<p>&nbsp;<\/p>\n<p>Islas Canarias, 13 de julio de 2025<\/p>\n<p><img loading=\"lazy\" decoding=\"async\" class=\"size-full wp-image-9058 aligncenter\" src=\"https:\/\/canariasenpositivo.com\/wp-content\/uploads\/2025\/02\/4.-CARECA-INSULA.jpg\" alt=\"\" width=\"750\" height=\"153\" \/><\/p>\n<p>&nbsp;<\/p>\n","protected":false},"excerpt":{"rendered":"<p>N\u00ba566 DEL 13 DE JULIO DE 2025 &nbsp; Los leones de las Cortes bajo la calufa y el solajero El pasado fin de semana me escap\u00e9 a los madriles unos d\u00edas. Los leones del Congreso segu\u00edan all\u00ed sentados, bajo un intenso solajero y una tremenda calufa. Dentro estaban Pedro S\u00e1nchez (PSOE) y Alberto N\u00fa\u00f1ez Feij\u00f3o &#8230; <a class=\"read-more\" href=\"https:\/\/elcotarro.com\/?p=11104\">Read more<\/a><\/p>\n","protected":false},"author":2,"featured_media":0,"comment_status":"open","ping_status":"open","sticky":false,"template":"","format":"standard","meta":{"_jetpack_memberships_contains_paid_content":false,"footnotes":""},"categories":[4],"tags":[],"class_list":["post-11104","post","type-post","status-publish","format-standard","hentry","category-el-cotarro"],"yoast_head":"<!-- This site is optimized with the Yoast SEO plugin v27.0 - https:\/\/yoast.com\/product\/yoast-seo-wordpress\/ -->\n<title>EL COTARRO \/ 566, DEL DOMINGO, 13\/07\/2025 - El Cotarro<\/title>\n<meta name=\"robots\" content=\"index, follow, max-snippet:-1, max-image-preview:large, max-video-preview:-1\" \/>\n<link rel=\"canonical\" href=\"https:\/\/elcotarro.com\/?p=11104\" \/>\n<meta property=\"og:locale\" content=\"es_ES\" \/>\n<meta property=\"og:type\" content=\"article\" \/>\n<meta property=\"og:title\" content=\"EL COTARRO \/ 566, DEL DOMINGO, 13\/07\/2025 - El Cotarro\" \/>\n<meta property=\"og:description\" content=\"N\u00ba566 DEL 13 DE JULIO DE 2025 &nbsp; Los leones de las Cortes bajo la calufa y el solajero El pasado fin de semana me escap\u00e9 a los madriles unos d\u00edas. Los leones del Congreso segu\u00edan all\u00ed sentados, bajo un intenso solajero y una tremenda calufa. Dentro estaban Pedro S\u00e1nchez (PSOE) y Alberto N\u00fa\u00f1ez Feij\u00f3o ... Read more\" \/>\n<meta property=\"og:url\" content=\"https:\/\/elcotarro.com\/?p=11104\" \/>\n<meta property=\"og:site_name\" content=\"El Cotarro\" \/>\n<meta property=\"article:publisher\" content=\"https:\/\/www.facebook.com\/ElCotarro.Tenerife\" \/>\n<meta property=\"article:published_time\" content=\"2025-07-13T08:26:58+00:00\" \/>\n<meta property=\"og:image\" content=\"https:\/\/canariasenpositivo.com\/wp-content\/uploads\/2025\/02\/1.-EL-COTARRO-DA-1.jpg\" \/>\n<meta name=\"author\" content=\"Jos\u00e9 Carlos Marrero Gonz\u00e1lez\" \/>\n<meta name=\"twitter:label1\" content=\"Escrito por\" \/>\n\t<meta name=\"twitter:data1\" content=\"Jos\u00e9 Carlos Marrero Gonz\u00e1lez\" \/>\n\t<meta name=\"twitter:label2\" content=\"Tiempo de lectura\" \/>\n\t<meta name=\"twitter:data2\" content=\"10 minutos\" \/>\n<script type=\"application\/ld+json\" class=\"yoast-schema-graph\">{\"@context\":\"https:\/\/schema.org\",\"@graph\":[{\"@type\":\"Article\",\"@id\":\"https:\/\/elcotarro.com\/?p=11104#article\",\"isPartOf\":{\"@id\":\"https:\/\/elcotarro.com\/?p=11104\"},\"author\":{\"name\":\"Jos\u00e9 Carlos Marrero Gonz\u00e1lez\",\"@id\":\"https:\/\/elcotarro.com\/#\/schema\/person\/af537ee7d60d15984c7e0affcd8a918b\"},\"headline\":\"EL COTARRO \/ 566, DEL DOMINGO, 13\/07\/2025\",\"datePublished\":\"2025-07-13T08:26:58+00:00\",\"mainEntityOfPage\":{\"@id\":\"https:\/\/elcotarro.com\/?p=11104\"},\"wordCount\":1839,\"commentCount\":0,\"publisher\":{\"@id\":\"https:\/\/elcotarro.com\/#organization\"},\"image\":{\"@id\":\"https:\/\/elcotarro.com\/?p=11104#primaryimage\"},\"thumbnailUrl\":\"https:\/\/canariasenpositivo.com\/wp-content\/uploads\/2025\/02\/1.-EL-COTARRO-DA-1.jpg\",\"articleSection\":[\"El Cotarro\"],\"inLanguage\":\"es\",\"potentialAction\":[{\"@type\":\"CommentAction\",\"name\":\"Comment\",\"target\":[\"https:\/\/elcotarro.com\/?p=11104#respond\"]}]},{\"@type\":\"WebPage\",\"@id\":\"https:\/\/elcotarro.com\/?p=11104\",\"url\":\"https:\/\/elcotarro.com\/?p=11104\",\"name\":\"EL COTARRO \/ 566, DEL DOMINGO, 13\/07\/2025 - El Cotarro\",\"isPartOf\":{\"@id\":\"https:\/\/elcotarro.com\/#website\"},\"primaryImageOfPage\":{\"@id\":\"https:\/\/elcotarro.com\/?p=11104#primaryimage\"},\"image\":{\"@id\":\"https:\/\/elcotarro.com\/?p=11104#primaryimage\"},\"thumbnailUrl\":\"https:\/\/canariasenpositivo.com\/wp-content\/uploads\/2025\/02\/1.-EL-COTARRO-DA-1.jpg\",\"datePublished\":\"2025-07-13T08:26:58+00:00\",\"breadcrumb\":{\"@id\":\"https:\/\/elcotarro.com\/?p=11104#breadcrumb\"},\"inLanguage\":\"es\",\"potentialAction\":[{\"@type\":\"ReadAction\",\"target\":[\"https:\/\/elcotarro.com\/?p=11104\"]}]},{\"@type\":\"ImageObject\",\"inLanguage\":\"es\",\"@id\":\"https:\/\/elcotarro.com\/?p=11104#primaryimage\",\"url\":\"https:\/\/canariasenpositivo.com\/wp-content\/uploads\/2025\/02\/1.-EL-COTARRO-DA-1.jpg\",\"contentUrl\":\"https:\/\/canariasenpositivo.com\/wp-content\/uploads\/2025\/02\/1.-EL-COTARRO-DA-1.jpg\"},{\"@type\":\"BreadcrumbList\",\"@id\":\"https:\/\/elcotarro.com\/?p=11104#breadcrumb\",\"itemListElement\":[{\"@type\":\"ListItem\",\"position\":1,\"name\":\"Portada\",\"item\":\"https:\/\/elcotarro.com\/\"},{\"@type\":\"ListItem\",\"position\":2,\"name\":\"EL COTARRO \/ 566, DEL DOMINGO, 13\/07\/2025\"}]},{\"@type\":\"WebSite\",\"@id\":\"https:\/\/elcotarro.com\/#website\",\"url\":\"https:\/\/elcotarro.com\/\",\"name\":\"El Cotarro\",\"description\":\"Peri\u00f3dico Digital Independiente dirigido por Jos\u00e9 Carlos Marrero\",\"publisher\":{\"@id\":\"https:\/\/elcotarro.com\/#organization\"},\"potentialAction\":[{\"@type\":\"SearchAction\",\"target\":{\"@type\":\"EntryPoint\",\"urlTemplate\":\"https:\/\/elcotarro.com\/?s={search_term_string}\"},\"query-input\":{\"@type\":\"PropertyValueSpecification\",\"valueRequired\":true,\"valueName\":\"search_term_string\"}}],\"inLanguage\":\"es\"},{\"@type\":\"Organization\",\"@id\":\"https:\/\/elcotarro.com\/#organization\",\"name\":\"El Cotarro\",\"url\":\"https:\/\/elcotarro.com\/\",\"logo\":{\"@type\":\"ImageObject\",\"inLanguage\":\"es\",\"@id\":\"https:\/\/elcotarro.com\/#\/schema\/logo\/image\/\",\"url\":\"https:\/\/elcotarro.com\/wp-content\/uploads\/2014\/09\/Cabecera_El_Cotarro_v2.jpg\",\"contentUrl\":\"https:\/\/elcotarro.com\/wp-content\/uploads\/2014\/09\/Cabecera_El_Cotarro_v2.jpg\",\"width\":3540,\"height\":441,\"caption\":\"El Cotarro\"},\"image\":{\"@id\":\"https:\/\/elcotarro.com\/#\/schema\/logo\/image\/\"},\"sameAs\":[\"https:\/\/www.facebook.com\/ElCotarro.Tenerife\"]},{\"@type\":\"Person\",\"@id\":\"https:\/\/elcotarro.com\/#\/schema\/person\/af537ee7d60d15984c7e0affcd8a918b\",\"name\":\"Jos\u00e9 Carlos Marrero Gonz\u00e1lez\",\"image\":{\"@type\":\"ImageObject\",\"inLanguage\":\"es\",\"@id\":\"https:\/\/elcotarro.com\/#\/schema\/person\/image\/\",\"url\":\"https:\/\/secure.gravatar.com\/avatar\/def4da036efb5d32c74d49c351f6dccc064dd69ad9f3aadc295c5a9a5391ca01?s=96&d=mm&r=g\",\"contentUrl\":\"https:\/\/secure.gravatar.com\/avatar\/def4da036efb5d32c74d49c351f6dccc064dd69ad9f3aadc295c5a9a5391ca01?s=96&d=mm&r=g\",\"caption\":\"Jos\u00e9 Carlos Marrero Gonz\u00e1lez\"},\"sameAs\":[\"https:\/\/elcotarro.com\"],\"url\":\"https:\/\/elcotarro.com\/?author=2\"}]}<\/script>\n<!-- \/ Yoast SEO plugin. -->","yoast_head_json":{"title":"EL COTARRO \/ 566, DEL DOMINGO, 13\/07\/2025 - El Cotarro","robots":{"index":"index","follow":"follow","max-snippet":"max-snippet:-1","max-image-preview":"max-image-preview:large","max-video-preview":"max-video-preview:-1"},"canonical":"https:\/\/elcotarro.com\/?p=11104","og_locale":"es_ES","og_type":"article","og_title":"EL COTARRO \/ 566, DEL DOMINGO, 13\/07\/2025 - El Cotarro","og_description":"N\u00ba566 DEL 13 DE JULIO DE 2025 &nbsp; Los leones de las Cortes bajo la calufa y el solajero El pasado fin de semana me escap\u00e9 a los madriles unos d\u00edas. Los leones del Congreso segu\u00edan all\u00ed sentados, bajo un intenso solajero y una tremenda calufa. Dentro estaban Pedro S\u00e1nchez (PSOE) y Alberto N\u00fa\u00f1ez Feij\u00f3o ... Read more","og_url":"https:\/\/elcotarro.com\/?p=11104","og_site_name":"El Cotarro","article_publisher":"https:\/\/www.facebook.com\/ElCotarro.Tenerife","article_published_time":"2025-07-13T08:26:58+00:00","og_image":[{"url":"https:\/\/canariasenpositivo.com\/wp-content\/uploads\/2025\/02\/1.-EL-COTARRO-DA-1.jpg","type":"","width":"","height":""}],"author":"Jos\u00e9 Carlos Marrero Gonz\u00e1lez","twitter_misc":{"Escrito por":"Jos\u00e9 Carlos Marrero Gonz\u00e1lez","Tiempo de lectura":"10 minutos"},"schema":{"@context":"https:\/\/schema.org","@graph":[{"@type":"Article","@id":"https:\/\/elcotarro.com\/?p=11104#article","isPartOf":{"@id":"https:\/\/elcotarro.com\/?p=11104"},"author":{"name":"Jos\u00e9 Carlos Marrero Gonz\u00e1lez","@id":"https:\/\/elcotarro.com\/#\/schema\/person\/af537ee7d60d15984c7e0affcd8a918b"},"headline":"EL COTARRO \/ 566, DEL DOMINGO, 13\/07\/2025","datePublished":"2025-07-13T08:26:58+00:00","mainEntityOfPage":{"@id":"https:\/\/elcotarro.com\/?p=11104"},"wordCount":1839,"commentCount":0,"publisher":{"@id":"https:\/\/elcotarro.com\/#organization"},"image":{"@id":"https:\/\/elcotarro.com\/?p=11104#primaryimage"},"thumbnailUrl":"https:\/\/canariasenpositivo.com\/wp-content\/uploads\/2025\/02\/1.-EL-COTARRO-DA-1.jpg","articleSection":["El Cotarro"],"inLanguage":"es","potentialAction":[{"@type":"CommentAction","name":"Comment","target":["https:\/\/elcotarro.com\/?p=11104#respond"]}]},{"@type":"WebPage","@id":"https:\/\/elcotarro.com\/?p=11104","url":"https:\/\/elcotarro.com\/?p=11104","name":"EL COTARRO \/ 566, DEL DOMINGO, 13\/07\/2025 - El Cotarro","isPartOf":{"@id":"https:\/\/elcotarro.com\/#website"},"primaryImageOfPage":{"@id":"https:\/\/elcotarro.com\/?p=11104#primaryimage"},"image":{"@id":"https:\/\/elcotarro.com\/?p=11104#primaryimage"},"thumbnailUrl":"https:\/\/canariasenpositivo.com\/wp-content\/uploads\/2025\/02\/1.-EL-COTARRO-DA-1.jpg","datePublished":"2025-07-13T08:26:58+00:00","breadcrumb":{"@id":"https:\/\/elcotarro.com\/?p=11104#breadcrumb"},"inLanguage":"es","potentialAction":[{"@type":"ReadAction","target":["https:\/\/elcotarro.com\/?p=11104"]}]},{"@type":"ImageObject","inLanguage":"es","@id":"https:\/\/elcotarro.com\/?p=11104#primaryimage","url":"https:\/\/canariasenpositivo.com\/wp-content\/uploads\/2025\/02\/1.-EL-COTARRO-DA-1.jpg","contentUrl":"https:\/\/canariasenpositivo.com\/wp-content\/uploads\/2025\/02\/1.-EL-COTARRO-DA-1.jpg"},{"@type":"BreadcrumbList","@id":"https:\/\/elcotarro.com\/?p=11104#breadcrumb","itemListElement":[{"@type":"ListItem","position":1,"name":"Portada","item":"https:\/\/elcotarro.com\/"},{"@type":"ListItem","position":2,"name":"EL COTARRO \/ 566, DEL DOMINGO, 13\/07\/2025"}]},{"@type":"WebSite","@id":"https:\/\/elcotarro.com\/#website","url":"https:\/\/elcotarro.com\/","name":"El Cotarro","description":"Peri\u00f3dico Digital Independiente dirigido por Jos\u00e9 Carlos Marrero","publisher":{"@id":"https:\/\/elcotarro.com\/#organization"},"potentialAction":[{"@type":"SearchAction","target":{"@type":"EntryPoint","urlTemplate":"https:\/\/elcotarro.com\/?s={search_term_string}"},"query-input":{"@type":"PropertyValueSpecification","valueRequired":true,"valueName":"search_term_string"}}],"inLanguage":"es"},{"@type":"Organization","@id":"https:\/\/elcotarro.com\/#organization","name":"El Cotarro","url":"https:\/\/elcotarro.com\/","logo":{"@type":"ImageObject","inLanguage":"es","@id":"https:\/\/elcotarro.com\/#\/schema\/logo\/image\/","url":"https:\/\/elcotarro.com\/wp-content\/uploads\/2014\/09\/Cabecera_El_Cotarro_v2.jpg","contentUrl":"https:\/\/elcotarro.com\/wp-content\/uploads\/2014\/09\/Cabecera_El_Cotarro_v2.jpg","width":3540,"height":441,"caption":"El Cotarro"},"image":{"@id":"https:\/\/elcotarro.com\/#\/schema\/logo\/image\/"},"sameAs":["https:\/\/www.facebook.com\/ElCotarro.Tenerife"]},{"@type":"Person","@id":"https:\/\/elcotarro.com\/#\/schema\/person\/af537ee7d60d15984c7e0affcd8a918b","name":"Jos\u00e9 Carlos Marrero Gonz\u00e1lez","image":{"@type":"ImageObject","inLanguage":"es","@id":"https:\/\/elcotarro.com\/#\/schema\/person\/image\/","url":"https:\/\/secure.gravatar.com\/avatar\/def4da036efb5d32c74d49c351f6dccc064dd69ad9f3aadc295c5a9a5391ca01?s=96&d=mm&r=g","contentUrl":"https:\/\/secure.gravatar.com\/avatar\/def4da036efb5d32c74d49c351f6dccc064dd69ad9f3aadc295c5a9a5391ca01?s=96&d=mm&r=g","caption":"Jos\u00e9 Carlos Marrero Gonz\u00e1lez"},"sameAs":["https:\/\/elcotarro.com"],"url":"https:\/\/elcotarro.com\/?author=2"}]}},"jetpack_featured_media_url":"","jetpack_sharing_enabled":true,"_links":{"self":[{"href":"https:\/\/elcotarro.com\/index.php?rest_route=\/wp\/v2\/posts\/11104","targetHints":{"allow":["GET"]}}],"collection":[{"href":"https:\/\/elcotarro.com\/index.php?rest_route=\/wp\/v2\/posts"}],"about":[{"href":"https:\/\/elcotarro.com\/index.php?rest_route=\/wp\/v2\/types\/post"}],"author":[{"embeddable":true,"href":"https:\/\/elcotarro.com\/index.php?rest_route=\/wp\/v2\/users\/2"}],"replies":[{"embeddable":true,"href":"https:\/\/elcotarro.com\/index.php?rest_route=%2Fwp%2Fv2%2Fcomments&post=11104"}],"version-history":[{"count":0,"href":"https:\/\/elcotarro.com\/index.php?rest_route=\/wp\/v2\/posts\/11104\/revisions"}],"wp:attachment":[{"href":"https:\/\/elcotarro.com\/index.php?rest_route=%2Fwp%2Fv2%2Fmedia&parent=11104"}],"wp:term":[{"taxonomy":"category","embeddable":true,"href":"https:\/\/elcotarro.com\/index.php?rest_route=%2Fwp%2Fv2%2Fcategories&post=11104"},{"taxonomy":"post_tag","embeddable":true,"href":"https:\/\/elcotarro.com\/index.php?rest_route=%2Fwp%2Fv2%2Ftags&post=11104"}],"curies":[{"name":"wp","href":"https:\/\/api.w.org\/{rel}","templated":true}]}}